{"id":34593,"date":"2012-12-17T14:03:04","date_gmt":"2012-12-17T19:03:04","guid":{"rendered":"https:\/\/latamjournalismreview.org\/?p=34593"},"modified":"2021-09-29T14:05:14","modified_gmt":"2021-09-29T19:05:14","slug":"jornalista-cubano-detido-descreve-prisao-em-havana-como-inabitavel","status":"publish","type":"post","link":"https:\/\/latamjournalismreview.org\/pt-br\/articles\/jornalista-cubano-detido-descreve-prisao-em-havana-como-inabitavel\/","title":{"rendered":"Jornalista cubano detido descreve pris\u00e3o em Havana como \"inabit\u00e1vel\""},"content":{"rendered":"<p><em>Por Alejandro Mart\u00ednez<\/em><\/p>\n<p>O site anticensura da Rep\u00f3rteres sem Fronteiras,\u00a0<a href=\"https:\/\/www.wefightcensorship.org\/index.html\" target=\"_blank\" rel=\"noopener\">We Fight Censorship<\/a>, recentemente deu destaque ao caso do jornalista cubano Calixto Ram\u00f3n Mart\u00ednez Arias, detido em setembro deste ano pelas autoridades de seu pa\u00eds ap\u00f3s publicar uma s\u00e9rie de artigos sobre uma crise de sa\u00fade na ilha. O site publicou as\u00a0<a href=\"https:\/\/www.wefightcensorship.org\/censored\/radio-silence-cholera-epidemichtml.html\" target=\"_blank\" rel=\"noopener\">mat\u00e9rias que levaram \u00e0 pris\u00e3o do jornalista e duas conversas telef\u00f4nicas<\/a>\u00a0que oferecem um cen\u00e1rio pouco comum das p\u00e9ssimas condi\u00e7\u00f5es da pris\u00e3o.<\/p>\n<p>Mart\u00ednez Arias, jornalista da publica\u00e7\u00e3o independente\u00a0<a href=\"http:\/\/www.cihpress.com\/\" target=\"_blank\" rel=\"noopener\">Hablemos Press<\/a>, foi detido em 16 de setembro deste ano ap\u00f3s publicar v\u00e1rios artigos sobre uma epidemia de dengue e c\u00f3lera que come\u00e7ou em junho deste ano na parte leste da ilha e que a imprensa oficial n\u00e3o cobriu. Mart\u00ednez Arias foi preso com abuso de for\u00e7a enquanto trabalhava em outra mat\u00e9ria e foi\u00a0<a href=\"http:\/\/knightcenter.utexas.edu\/blog\/00-11540-independent-journalist-cuba-faces-three-years-prison-insulting-president\" target=\"_blank\" rel=\"noopener\">acusado por faltar respeito a Fidel e Ra\u00fal Castro<\/a>.<\/p>\n<p>Segundo o We Fight Censorship, Mart\u00ednez Arias tentou se comunicar por telefone com o Hablemos Press dois meses antes de ser detido na pris\u00e3o de Combinado del Este, em La Habana. Na conversa, gravada pelo ve\u00edculo, Mart\u00ednez Arias, que come\u00e7ou uma greve de fome por ser for\u00e7ado a usar uniforme de preso antes do julgamento, descreveu a pris\u00e3o como \"inabit\u00e1vel\":<\/p>\n<p>\u201cDevo denunciar o estado de Debo denunciar el estado de superlota\u00e7\u00e3o desta pris\u00e3o, pois em um espa\u00e7o de 13 a 14 metros de largura por 6 de comprimento vivem cerca de 36 r\u00e9us\", disse Mart\u00ednez Arias. \u201cNo primeiro dia que cheguei, tive que dormir no ch\u00e3o por causa da superlota\u00e7\u00e3o penal. Um oficial me explicou que eu n\u00e3o era o \u00fanico que dormia no ch\u00e3o, que em quase todas as celas havia um ou dois r\u00e9us dormindo no ch\u00e3o\u201d.<\/p>\n<p>Dias depois, o prisioneiro pol\u00edtico Alexander Roberto Fern\u00e1ndez Rico entrou em contato com a Habana Press novamente para denunciar que Mart\u00ednez Arias estava em uma solit\u00e1ria.<\/p>\n<p>\u201cNeste momento, Calixto Ram\u00f3n est\u00e1 em greve de fome, repito, repito, est\u00e1 em greve de fome porque querem que ele use a roupa de detento, quando ele est\u00e1 neste momento em pris\u00e3o preventiva e est\u00e1 sendo torturado\", disse Fern\u00e1ndez Rico na conversa telef\u00f4nica. \"Tiraram sua mesa, seu colch\u00e3o, os dois len\u00e7\u00f3is para cobrir-se, toda sua roupa, toda sua roupa. E s\u00f3 lhe deram um pouco de \u00e1gua, num recipiente de 1,5 litro\u201d.<\/p>\n<p>Segundo a We Fight Censorship, as autoridades da pris\u00e3o amea\u00e7aram colocar os presos que faziam liga\u00e7\u00f5es telef\u00f4nicas em solit\u00e1rias desde 6 de dezembro, reportou o site.<\/p>\n<p><a href=\"https:\/\/www.wefightcensorship.org\/censored\/radio-silence-cholera-epidemichtml.html\" target=\"_blank\" rel=\"noopener\">Visite a p\u00e1gina do We Fight Censorship<\/a>\u00a0para ler os artigos de Mart\u00ednez Arias e ouvir as grava\u00e7\u00d5es completas das conversas telef\u00f4nicas.<\/p>\n<p>Mart\u00ednez Arias foi o\u00a0<a href=\"http:\/\/knightcenter.utexas.edu\/blog\/00-12372-cuba-returns-2012-list-countries-imprisoned-journalists-report-says\" target=\"_blank\" rel=\"noopener\">\u00fanico rep\u00f3rter da Am\u00e9rica Latina na lista<\/a>\u00a0de 2012 de jornalistas presos do Comit\u00e9 para Prote\u00e7\u00e3o de Jornalistas. Organiza\u00e7\u00f5es de ativistas como a Federa\u00e7\u00e3o Latino-americana de Mulheres Rurais\u00a0<a href=\"http:\/\/www.payolibre.com\/noticias\/noticias2.php?id=9403\" target=\"_blank\" rel=\"noopener\">exigiram a libera\u00e7\u00e3o de Mart\u00ednez Arias<\/a>, reportou o PayoLibre.com. O caso foi\u00a0<a href=\"http:\/\/www.ohchr.org\/EN\/Issues\/Detention\/Pages\/WGADIndex.aspx\" target=\"_blank\" rel=\"noopener\">apresentado ao Grupo de Trabalho para Deten\u00e7\u00e3o Arbitr\u00e1ria das Na\u00e7\u00f5es Unidas<\/a>, informou o jornal Diario de Cuba.<\/p>\n<p><em>Nota do editor: Essa hist\u00f3ria foi publicada originalmente no blog de jornalismo nas Am\u00e9ricas do Centro Knight, o predecessor do LatAm Journalism Review.<\/em><\/p>\n","protected":false},"excerpt":{"rendered":"<p>O site anticensura da Rep\u00f3rteres sem Fronteiras,\u00a0We Fight Censorship, recentemente deu destaque ao caso do jornalista cubano Calixto Ram\u00f3n Mart\u00ednez Arias, detido em setembro deste ano pelas autoridades de seu pa\u00eds ap\u00f3s publicar uma s\u00e9rie de artigos sobre uma crise de sa\u00fade na ilha. O site publicou as\u00a0mat\u00e9rias que levaram \u00e0 pris\u00e3o do jornalista e duas conversas telef\u00f4nicas\u00a0que oferecem um cen\u00e1rio pouco comum das p\u00e9ssimas condi\u00e7\u00f5es da pris\u00e3o.<\/p>\n","protected":false},"author":17,"featured_media":0,"comment_status":"closed","ping_status":"closed","sticky":false,"template":"","format":"standard","meta":{"inline_featured_image":false,"footnotes":""},"categories":[1221],"tags":[1397,1567,2051],"coauthors":[],"class_list":["post-34593","post","type-post","status-publish","format-standard","hentry","category-violencia-contra-jornalistas-pt-br","tag-cuba-pt-br-2","tag-detencoes-pt-br","tag-liberdade-de-expressao-pt-br"],"acf":[],"yoast_head":"<!-- This site is optimized with the Yoast SEO Premium plugin v22.6 (Yoast SEO v27.4) - https:\/\/yoast.com\/product\/yoast-seo-premium-wordpress\/ -->\n<title>Jornalista cubano detido descreve pris\u00e3o em Havana como &quot;inabit\u00e1vel&quot; - LatAm Journalism Review by the Knight Center<\/title>\n<meta name=\"description\" content=\"Jornalista cubano detido descreve pris\u00e3o em Havana como &quot;inabit\u00e1vel&quot; Viol\u00eancia contra jornalistas. Latin American Journalism Review by The Knight Center at The University of Texas at Austin.\" \/>\n<meta name=\"robots\" content=\"index, follow, max-snippet:-1, max-image-preview:large, max-video-preview:-1\" \/>\n<link rel=\"canonical\" href=\"https:\/\/latamjournalismreview.org\/pt-br\/articles\/jornalista-cubano-detido-descreve-prisao-em-havana-como-inabitavel\/\" \/>\n<meta property=\"og:locale\" content=\"pt_BR\" \/>\n<meta property=\"og:type\" content=\"article\" \/>\n<meta property=\"og:title\" content=\"Jornalista cubano detido descreve pris\u00e3o em Havana como &quot;inabit\u00e1vel&quot;\" \/>\n<meta property=\"og:description\" content=\"Jornalista cubano detido descreve pris\u00e3o em Havana como &quot;inabit\u00e1vel&quot; Viol\u00eancia contra jornalistas. Latin American Journalism Review by The Knight Center at The University of Texas at Austin.\" \/>\n<meta property=\"og:url\" content=\"https:\/\/latamjournalismreview.org\/pt-br\/articles\/jornalista-cubano-detido-descreve-prisao-em-havana-como-inabitavel\/\" \/>\n<meta property=\"og:site_name\" content=\"LatAm Journalism Review by the Knight Center\" \/>\n<meta property=\"article:published_time\" content=\"2012-12-17T19:03:04+00:00\" \/>\n<meta property=\"article:modified_time\" content=\"2021-09-29T19:05:14+00:00\" \/>\n<meta name=\"author\" content=\"Guest\" \/>\n<meta name=\"twitter:card\" content=\"summary_large_image\" \/>\n<meta name=\"twitter:creator\" content=\"@LatAmJournalism\" \/>\n<meta name=\"twitter:site\" content=\"@LatAmJournalism\" \/>\n<meta name=\"twitter:label1\" content=\"Written by\" \/>\n\t<meta name=\"twitter:data1\" content=\"Guest\" \/>\n\t<meta name=\"twitter:label2\" content=\"Est. reading time\" \/>\n\t<meta name=\"twitter:data2\" content=\"3 minutos\" \/>\n<script type=\"application\/ld+json\" class=\"yoast-schema-graph\">{\"@context\":\"https:\\\/\\\/schema.org\",\"@graph\":[{\"@type\":\"Article\",\"@id\":\"https:\\\/\\\/latamjournalismreview.org\\\/pt-br\\\/articles\\\/jornalista-cubano-detido-descreve-prisao-em-havana-como-inabitavel\\\/#article\",\"isPartOf\":{\"@id\":\"https:\\\/\\\/latamjournalismreview.org\\\/pt-br\\\/articles\\\/jornalista-cubano-detido-descreve-prisao-em-havana-como-inabitavel\\\/\"},\"author\":{\"name\":\"Guest\",\"@id\":\"https:\\\/\\\/latamjournalismreview.org\\\/pt-br\\\/#\\\/schema\\\/person\\\/0315202e0b3c0963a2440f1c3012c360\"},\"headline\":\"Jornalista cubano detido descreve pris\u00e3o em Havana como \\\"inabit\u00e1vel\\\"\",\"datePublished\":\"2012-12-17T19:03:04+00:00\",\"dateModified\":\"2021-09-29T19:05:14+00:00\",\"mainEntityOfPage\":{\"@id\":\"https:\\\/\\\/latamjournalismreview.org\\\/pt-br\\\/articles\\\/jornalista-cubano-detido-descreve-prisao-em-havana-como-inabitavel\\\/\"},\"wordCount\":592,\"publisher\":{\"@id\":\"https:\\\/\\\/latamjournalismreview.org\\\/pt-br\\\/#organization\"},\"keywords\":[\"Cuba\",\"Deten\u00e7\u00f5es\",\"Liberdade de express\u00e3o\"],\"articleSection\":[\"Viol\u00eancia contra jornalistas\"],\"inLanguage\":\"pt-BR\"},{\"@type\":\"WebPage\",\"@id\":\"https:\\\/\\\/latamjournalismreview.org\\\/pt-br\\\/articles\\\/jornalista-cubano-detido-descreve-prisao-em-havana-como-inabitavel\\\/\",\"url\":\"https:\\\/\\\/latamjournalismreview.org\\\/pt-br\\\/articles\\\/jornalista-cubano-detido-descreve-prisao-em-havana-como-inabitavel\\\/\",\"name\":\"Jornalista cubano detido descreve pris\u00e3o em Havana como \\\"inabit\u00e1vel\\\" - LatAm Journalism Review by the Knight Center\",\"isPartOf\":{\"@id\":\"https:\\\/\\\/latamjournalismreview.org\\\/pt-br\\\/#website\"},\"datePublished\":\"2012-12-17T19:03:04+00:00\",\"dateModified\":\"2021-09-29T19:05:14+00:00\",\"description\":\"Jornalista cubano detido descreve pris\u00e3o em Havana como \\\"inabit\u00e1vel\\\" Viol\u00eancia contra jornalistas. Latin American Journalism Review by The Knight Center at The University of Texas at Austin.\",\"breadcrumb\":{\"@id\":\"https:\\\/\\\/latamjournalismreview.org\\\/pt-br\\\/articles\\\/jornalista-cubano-detido-descreve-prisao-em-havana-como-inabitavel\\\/#breadcrumb\"},\"inLanguage\":\"pt-BR\",\"potentialAction\":[{\"@type\":\"ReadAction\",\"target\":[\"https:\\\/\\\/latamjournalismreview.org\\\/pt-br\\\/articles\\\/jornalista-cubano-detido-descreve-prisao-em-havana-como-inabitavel\\\/\"]}]},{\"@type\":\"BreadcrumbList\",\"@id\":\"https:\\\/\\\/latamjournalismreview.org\\\/pt-br\\\/articles\\\/jornalista-cubano-detido-descreve-prisao-em-havana-como-inabitavel\\\/#breadcrumb\",\"itemListElement\":[{\"@type\":\"ListItem\",\"position\":1,\"name\":\"Home\",\"item\":\"https:\\\/\\\/latamjournalismreview.org\\\/pt-br\\\/\"},{\"@type\":\"ListItem\",\"position\":2,\"name\":\"Jornalista cubano detido descreve pris\u00e3o em Havana como \\\"inabit\u00e1vel\\\"\"}]},{\"@type\":\"WebSite\",\"@id\":\"https:\\\/\\\/latamjournalismreview.org\\\/pt-br\\\/#website\",\"url\":\"https:\\\/\\\/latamjournalismreview.org\\\/pt-br\\\/\",\"name\":\"LatAm Journalism Review\",\"description\":\"Digital magazine on journalism in Latin America\",\"publisher\":{\"@id\":\"https:\\\/\\\/latamjournalismreview.org\\\/pt-br\\\/#organization\"},\"potentialAction\":[{\"@type\":\"SearchAction\",\"target\":{\"@type\":\"EntryPoint\",\"urlTemplate\":\"https:\\\/\\\/latamjournalismreview.org\\\/pt-br\\\/?s={search_term_string}\"},\"query-input\":{\"@type\":\"PropertyValueSpecification\",\"valueRequired\":true,\"valueName\":\"search_term_string\"}}],\"inLanguage\":\"pt-BR\"},{\"@type\":\"Organization\",\"@id\":\"https:\\\/\\\/latamjournalismreview.org\\\/pt-br\\\/#organization\",\"name\":\"LatAm Journalism Review\",\"url\":\"https:\\\/\\\/latamjournalismreview.org\\\/pt-br\\\/\",\"logo\":{\"@type\":\"ImageObject\",\"inLanguage\":\"pt-BR\",\"@id\":\"https:\\\/\\\/latamjournalismreview.org\\\/pt-br\\\/#\\\/schema\\\/logo\\\/image\\\/\",\"url\":\"https:\\\/\\\/latamjournalismreview.org\\\/wp-content\\\/uploads\\\/2020\\\/05\\\/knight-latAm-review-logo.svg\",\"contentUrl\":\"https:\\\/\\\/latamjournalismreview.org\\\/wp-content\\\/uploads\\\/2020\\\/05\\\/knight-latAm-review-logo.svg\",\"width\":\"1024\",\"height\":\"1024\",\"caption\":\"LatAm Journalism Review\"},\"image\":{\"@id\":\"https:\\\/\\\/latamjournalismreview.org\\\/pt-br\\\/#\\\/schema\\\/logo\\\/image\\\/\"},\"sameAs\":[\"https:\\\/\\\/x.com\\\/LatAmJournalism\"]},{\"@type\":\"Person\",\"@id\":\"https:\\\/\\\/latamjournalismreview.org\\\/pt-br\\\/#\\\/schema\\\/person\\\/0315202e0b3c0963a2440f1c3012c360\",\"name\":\"Guest\",\"url\":\"https:\\\/\\\/latamjournalismreview.org\\\/pt-br\\\/articles\\\/author\\\/guest\\\/\"}]}<\/script>\n<!-- \/ Yoast SEO Premium plugin. -->","yoast_head_json":{"title":"Jornalista cubano detido descreve pris\u00e3o em Havana como \"inabit\u00e1vel\" - LatAm Journalism Review by the Knight Center","description":"Jornalista cubano detido descreve pris\u00e3o em Havana como \"inabit\u00e1vel\" Viol\u00eancia contra jornalistas. Latin American Journalism Review by The Knight Center at The University of Texas at Austin.","robots":{"index":"index","follow":"follow","max-snippet":"max-snippet:-1","max-image-preview":"max-image-preview:large","max-video-preview":"max-video-preview:-1"},"canonical":"https:\/\/latamjournalismreview.org\/pt-br\/articles\/jornalista-cubano-detido-descreve-prisao-em-havana-como-inabitavel\/","og_locale":"pt_BR","og_type":"article","og_title":"Jornalista cubano detido descreve pris\u00e3o em Havana como \"inabit\u00e1vel\"","og_description":"Jornalista cubano detido descreve pris\u00e3o em Havana como \"inabit\u00e1vel\" Viol\u00eancia contra jornalistas. Latin American Journalism Review by The Knight Center at The University of Texas at Austin.","og_url":"https:\/\/latamjournalismreview.org\/pt-br\/articles\/jornalista-cubano-detido-descreve-prisao-em-havana-como-inabitavel\/","og_site_name":"LatAm Journalism Review by the Knight Center","article_published_time":"2012-12-17T19:03:04+00:00","article_modified_time":"2021-09-29T19:05:14+00:00","author":"Guest","twitter_card":"summary_large_image","twitter_creator":"@LatAmJournalism","twitter_site":"@LatAmJournalism","twitter_misc":{"Written by":"Guest","Est. reading time":"3 minutos"},"schema":{"@context":"https:\/\/schema.org","@graph":[{"@type":"Article","@id":"https:\/\/latamjournalismreview.org\/pt-br\/articles\/jornalista-cubano-detido-descreve-prisao-em-havana-como-inabitavel\/#article","isPartOf":{"@id":"https:\/\/latamjournalismreview.org\/pt-br\/articles\/jornalista-cubano-detido-descreve-prisao-em-havana-como-inabitavel\/"},"author":{"name":"Guest","@id":"https:\/\/latamjournalismreview.org\/pt-br\/#\/schema\/person\/0315202e0b3c0963a2440f1c3012c360"},"headline":"Jornalista cubano detido descreve pris\u00e3o em Havana como \"inabit\u00e1vel\"","datePublished":"2012-12-17T19:03:04+00:00","dateModified":"2021-09-29T19:05:14+00:00","mainEntityOfPage":{"@id":"https:\/\/latamjournalismreview.org\/pt-br\/articles\/jornalista-cubano-detido-descreve-prisao-em-havana-como-inabitavel\/"},"wordCount":592,"publisher":{"@id":"https:\/\/latamjournalismreview.org\/pt-br\/#organization"},"keywords":["Cuba","Deten\u00e7\u00f5es","Liberdade de express\u00e3o"],"articleSection":["Viol\u00eancia contra jornalistas"],"inLanguage":"pt-BR"},{"@type":"WebPage","@id":"https:\/\/latamjournalismreview.org\/pt-br\/articles\/jornalista-cubano-detido-descreve-prisao-em-havana-como-inabitavel\/","url":"https:\/\/latamjournalismreview.org\/pt-br\/articles\/jornalista-cubano-detido-descreve-prisao-em-havana-como-inabitavel\/","name":"Jornalista cubano detido descreve pris\u00e3o em Havana como \"inabit\u00e1vel\" - LatAm Journalism Review by the Knight Center","isPartOf":{"@id":"https:\/\/latamjournalismreview.org\/pt-br\/#website"},"datePublished":"2012-12-17T19:03:04+00:00","dateModified":"2021-09-29T19:05:14+00:00","description":"Jornalista cubano detido descreve pris\u00e3o em Havana como \"inabit\u00e1vel\" Viol\u00eancia contra jornalistas. Latin American Journalism Review by The Knight Center at The University of Texas at Austin.","breadcrumb":{"@id":"https:\/\/latamjournalismreview.org\/pt-br\/articles\/jornalista-cubano-detido-descreve-prisao-em-havana-como-inabitavel\/#breadcrumb"},"inLanguage":"pt-BR","potentialAction":[{"@type":"ReadAction","target":["https:\/\/latamjournalismreview.org\/pt-br\/articles\/jornalista-cubano-detido-descreve-prisao-em-havana-como-inabitavel\/"]}]},{"@type":"BreadcrumbList","@id":"https:\/\/latamjournalismreview.org\/pt-br\/articles\/jornalista-cubano-detido-descreve-prisao-em-havana-como-inabitavel\/#breadcrumb","itemListElement":[{"@type":"ListItem","position":1,"name":"Home","item":"https:\/\/latamjournalismreview.org\/pt-br\/"},{"@type":"ListItem","position":2,"name":"Jornalista cubano detido descreve pris\u00e3o em Havana como \"inabit\u00e1vel\""}]},{"@type":"WebSite","@id":"https:\/\/latamjournalismreview.org\/pt-br\/#website","url":"https:\/\/latamjournalismreview.org\/pt-br\/","name":"LatAm Journalism Review","description":"Digital magazine on journalism in Latin America","publisher":{"@id":"https:\/\/latamjournalismreview.org\/pt-br\/#organization"},"potentialAction":[{"@type":"SearchAction","target":{"@type":"EntryPoint","urlTemplate":"https:\/\/latamjournalismreview.org\/pt-br\/?s={search_term_string}"},"query-input":{"@type":"PropertyValueSpecification","valueRequired":true,"valueName":"search_term_string"}}],"inLanguage":"pt-BR"},{"@type":"Organization","@id":"https:\/\/latamjournalismreview.org\/pt-br\/#organization","name":"LatAm Journalism Review","url":"https:\/\/latamjournalismreview.org\/pt-br\/","logo":{"@type":"ImageObject","inLanguage":"pt-BR","@id":"https:\/\/latamjournalismreview.org\/pt-br\/#\/schema\/logo\/image\/","url":"https:\/\/latamjournalismreview.org\/wp-content\/uploads\/2020\/05\/knight-latAm-review-logo.svg","contentUrl":"https:\/\/latamjournalismreview.org\/wp-content\/uploads\/2020\/05\/knight-latAm-review-logo.svg","width":"1024","height":"1024","caption":"LatAm Journalism Review"},"image":{"@id":"https:\/\/latamjournalismreview.org\/pt-br\/#\/schema\/logo\/image\/"},"sameAs":["https:\/\/x.com\/LatAmJournalism"]},{"@type":"Person","@id":"https:\/\/latamjournalismreview.org\/pt-br\/#\/schema\/person\/0315202e0b3c0963a2440f1c3012c360","name":"Guest","url":"https:\/\/latamjournalismreview.org\/pt-br\/articles\/author\/guest\/"}]}},"_links":{"self":[{"href":"https:\/\/latamjournalismreview.org\/pt-br\/wp-json\/wp\/v2\/posts\/34593","targetHints":{"allow":["GET"]}}],"collection":[{"href":"https:\/\/latamjournalismreview.org\/pt-br\/wp-json\/wp\/v2\/posts"}],"about":[{"href":"https:\/\/latamjournalismreview.org\/pt-br\/wp-json\/wp\/v2\/types\/post"}],"author":[{"embeddable":true,"href":"https:\/\/latamjournalismreview.org\/pt-br\/wp-json\/wp\/v2\/users\/17"}],"replies":[{"embeddable":true,"href":"https:\/\/latamjournalismreview.org\/pt-br\/wp-json\/wp\/v2\/comments?post=34593"}],"version-history":[{"count":1,"href":"https:\/\/latamjournalismreview.org\/pt-br\/wp-json\/wp\/v2\/posts\/34593\/revisions"}],"predecessor-version":[{"id":34596,"href":"https:\/\/latamjournalismreview.org\/pt-br\/wp-json\/wp\/v2\/posts\/34593\/revisions\/34596"}],"wp:attachment":[{"href":"https:\/\/latamjournalismreview.org\/pt-br\/wp-json\/wp\/v2\/media?parent=34593"}],"wp:term":[{"taxonomy":"category","embeddable":true,"href":"https:\/\/latamjournalismreview.org\/pt-br\/wp-json\/wp\/v2\/categories?post=34593"},{"taxonomy":"post_tag","embeddable":true,"href":"https:\/\/latamjournalismreview.org\/pt-br\/wp-json\/wp\/v2\/tags?post=34593"},{"taxonomy":"author","embeddable":true,"href":"https:\/\/latamjournalismreview.org\/pt-br\/wp-json\/wp\/v2\/coauthors?post=34593"}],"curies":[{"name":"wp","href":"https:\/\/api.w.org\/{rel}","templated":true}]}}