{"id":34819,"date":"2012-12-10T12:51:40","date_gmt":"2012-12-10T17:51:40","guid":{"rendered":"https:\/\/latamjournalismreview.org\/?p=34819"},"modified":"2021-09-30T12:55:51","modified_gmt":"2021-09-30T17:55:51","slug":"quatro-jornalistas-recebem-ameacas-de-morte-em-puebla-no-mexico","status":"publish","type":"post","link":"https:\/\/latamjournalismreview.org\/pt-br\/articles\/quatro-jornalistas-recebem-ameacas-de-morte-em-puebla-no-mexico\/","title":{"rendered":"Quatro jornalistas recebem amea\u00e7as de morte em Puebla, no M\u00e9xico"},"content":{"rendered":"<p>A Casa dos Direitos dos Jornalistas do M\u00e9xico alertou sobre\u00a0<a href=\"http:\/\/heraldodepuebla.com.mx\/2012-12-10\/portada\/en-puebla-cuatro-casos-de-amenaza-de-muerte-contra-periodistas\" target=\"_blank\" rel=\"noopener\">quatro casos de amea\u00e7as de morte contra jornalistas<\/a>\u00a0no estado de\u00a0<a href=\"http:\/\/www.puebla.gob.mx\/index.php\" target=\"_blank\" rel=\"noopener\">Puebla<\/a>, de acordo com o di\u00e1rio El Heraldo de Puebla.<\/p>\n<p>A porta-voz da organiza\u00e7\u00e3o jornal\u00edstica, Claudia Mart\u00ednez, assegurou que os\u00a0<a href=\"http:\/\/www.lajornadadeoriente.com.mx\/noticia\/puebla\/en-puebla-hay-cuatro-amenazas-contra-comunicadores-casa-de-los-derechos-a-los-periodistas_id_17134.html\" target=\"_blank\" rel=\"noopener\">ataques mais violentos contra jornalistas s\u00e3o cometidos por chefes de seguran\u00e7a p\u00fablica<\/a>\u00a0e autoridades civis neste estado onde a inseguran\u00e7a tem aumentado, segundo o jornal La Jornada de Oriente.<\/p>\n<p>Mart\u00ednez denunciou que o chefe de seguran\u00e7a p\u00fablica do munic\u00edpio de\u00a0<a href=\"http:\/\/es.wikipedia.org\/wiki\/Teziutlan\" target=\"_blank\" rel=\"noopener\">Teziutl\u00e1n<\/a>\u00a0reteve na prefeitura um rep\u00f3rter por suas publica\u00e7\u00f5es sobre a seguran\u00e7a municipal enquanto outro jornalista se encontra amea\u00e7ado.<\/p>\n<p>O terceiro caso \u00e9 o do correspondente do di\u00e1rio Milenio, Pedro Alonso, que recebeu amea\u00e7as do diretor de seguran\u00e7a p\u00fablica da cidade de\u00a0<a href=\"http:\/\/es.wikipedia.org\/wiki\/Iz%C3%BAcar_de_Matamoros\" target=\"_blank\" rel=\"noopener\">Iz\u00facar de Matamoros<\/a>\u00a0durante a cobertura de um evento p\u00fablico. O quarto caso se trata de amea\u00e7as contra uma locutora de r\u00e1dio feitas pelas autoridades locais de\u00a0<a href=\"http:\/\/es.wikipedia.org\/wiki\/Ciudad_Serd%C3%A1n\" target=\"_blank\" rel=\"noopener\">Ciudad Serd\u00e1n<\/a>.<\/p>\n<p>A apresentadora do notici\u00e1rio da r\u00e1dio V\u00e9rtice,\u00a0<a href=\"https:\/\/twitter.com\/estradapaty\" target=\"_blank\" rel=\"noopener\">Patricia Estrada<\/a>, disse que a\u00a0<a href=\"http:\/\/heraldodepuebla.com.mx\/2012-11-29\/portada\/libertad-de-expresi%C3%B3n-sin-garant%C3%ADas-periodistas\" target=\"_blank\" rel=\"noopener\">censura e a autocensura em Puebla n\u00e3o provem do crime organizado, mas do governo<\/a>, informou El Heraldo de Puebla.<\/p>\n<p>Em novembro passado, este estado localizado no oriente do M\u00e9xico teve seu\u00a0<a href=\"http:\/\/knightcenter.utexas.edu\/es\/blog\/00-12087-matan-tiros-periodista-tras-cubrir-operativo-militar-en-el-centro-de-mexico\" target=\"_blank\" rel=\"noopener\">primeiro epis\u00f3dio de assassinato de jornalista no exerc\u00edcio de sua profiss\u00e3o<\/a>. Em 2005, a\u00a0<a href=\"http:\/\/www.eluniversal.com.mx\/notas\/322116.html\" target=\"_blank\" rel=\"noopener\">jornalista Lydia Cacho foi presa<\/a>\u00a0neste lugar pelos crimes de cal\u00fania e difama\u00e7\u00e3o e, recentemente, o\u00a0<a href=\"http:\/\/knightcenter.utexas.edu\/es\/blog\/00-11858-gobierno-estatal-en-mexico-demanda-dos-periodistas-por-dano-moral-pero-gremio-teme-19-\" target=\"_blank\" rel=\"noopener\">governador estadual processou dois jornalistas<\/a>\u00a0por \u201cabusos na liberdade de express\u00e3o\u201d.<\/p>\n<p><em>Nota do editor: Essa hist\u00f3ria foi publicada originalmente no blog de jornalismo nas Am\u00e9ricas do Centro Knight, o predecessor do LatAm Journalism Review.<\/em><\/p>\n","protected":false},"excerpt":{"rendered":"<p>A Casa dos Direitos dos Jornalistas do M\u00e9xico alertou sobre\u00a0quatro casos de amea\u00e7as de morte contra jornalistas\u00a0no estado de\u00a0Puebla, de acordo com o di\u00e1rio El Heraldo de Puebla.<\/p>\n","protected":false},"author":40,"featured_media":0,"comment_status":"closed","ping_status":"closed","sticky":false,"template":"","format":"standard","meta":{"inline_featured_image":false,"footnotes":""},"categories":[1221],"tags":[1613,1552,2051,1394],"coauthors":[],"class_list":["post-34819","post","type-post","status-publish","format-standard","hentry","category-violencia-contra-jornalistas-pt-br","tag-ameacas-a-jornalistas-pt-br","tag-assassinatos-de-jornalistas-pt-br","tag-liberdade-de-expressao-pt-br","tag-mexico-pt-br"],"acf":[],"yoast_head":"<!-- This site is optimized with the Yoast SEO Premium plugin v22.6 (Yoast SEO v27.4) - https:\/\/yoast.com\/product\/yoast-seo-premium-wordpress\/ -->\n<title>Quatro jornalistas recebem amea\u00e7as de morte em Puebla, no M\u00e9xico - LatAm Journalism Review by the Knight Center<\/title>\n<meta name=\"description\" content=\"Quatro jornalistas recebem amea\u00e7as de morte em Puebla, no M\u00e9xico Viol\u00eancia contra jornalistas. Latin American Journalism Review by The Knight Center at The University of Texas at Austin.\" \/>\n<meta name=\"robots\" content=\"index, follow, max-snippet:-1, max-image-preview:large, max-video-preview:-1\" \/>\n<link rel=\"canonical\" href=\"https:\/\/latamjournalismreview.org\/pt-br\/articles\/quatro-jornalistas-recebem-ameacas-de-morte-em-puebla-no-mexico\/\" \/>\n<meta property=\"og:locale\" content=\"pt_BR\" \/>\n<meta property=\"og:type\" content=\"article\" \/>\n<meta property=\"og:title\" content=\"Quatro jornalistas recebem amea\u00e7as de morte em Puebla, no M\u00e9xico\" \/>\n<meta property=\"og:description\" content=\"Quatro jornalistas recebem amea\u00e7as de morte em Puebla, no M\u00e9xico Viol\u00eancia contra jornalistas. Latin American Journalism Review by The Knight Center at The University of Texas at Austin.\" \/>\n<meta property=\"og:url\" content=\"https:\/\/latamjournalismreview.org\/pt-br\/articles\/quatro-jornalistas-recebem-ameacas-de-morte-em-puebla-no-mexico\/\" \/>\n<meta property=\"og:site_name\" content=\"LatAm Journalism Review by the Knight Center\" \/>\n<meta property=\"article:published_time\" content=\"2012-12-10T17:51:40+00:00\" \/>\n<meta property=\"article:modified_time\" content=\"2021-09-30T17:55:51+00:00\" \/>\n<meta name=\"author\" content=\"Tania Lara\" \/>\n<meta name=\"twitter:card\" content=\"summary_large_image\" \/>\n<meta name=\"twitter:creator\" content=\"@LatAmJournalism\" \/>\n<meta name=\"twitter:site\" content=\"@LatAmJournalism\" \/>\n<meta name=\"twitter:label1\" content=\"Written by\" \/>\n\t<meta name=\"twitter:data1\" content=\"Tania Lara\" \/>\n\t<meta name=\"twitter:label2\" content=\"Est. reading time\" \/>\n\t<meta name=\"twitter:data2\" content=\"1 minuto\" \/>\n<script type=\"application\/ld+json\" class=\"yoast-schema-graph\">{\"@context\":\"https:\\\/\\\/schema.org\",\"@graph\":[{\"@type\":\"Article\",\"@id\":\"https:\\\/\\\/latamjournalismreview.org\\\/pt-br\\\/articles\\\/quatro-jornalistas-recebem-ameacas-de-morte-em-puebla-no-mexico\\\/#article\",\"isPartOf\":{\"@id\":\"https:\\\/\\\/latamjournalismreview.org\\\/pt-br\\\/articles\\\/quatro-jornalistas-recebem-ameacas-de-morte-em-puebla-no-mexico\\\/\"},\"author\":{\"name\":\"Tania Lara\",\"@id\":\"https:\\\/\\\/latamjournalismreview.org\\\/pt-br\\\/#\\\/schema\\\/person\\\/51558925140f21242c6ed2d20b8260c5\"},\"headline\":\"Quatro jornalistas recebem amea\u00e7as de morte em Puebla, no M\u00e9xico\",\"datePublished\":\"2012-12-10T17:51:40+00:00\",\"dateModified\":\"2021-09-30T17:55:51+00:00\",\"mainEntityOfPage\":{\"@id\":\"https:\\\/\\\/latamjournalismreview.org\\\/pt-br\\\/articles\\\/quatro-jornalistas-recebem-ameacas-de-morte-em-puebla-no-mexico\\\/\"},\"wordCount\":310,\"publisher\":{\"@id\":\"https:\\\/\\\/latamjournalismreview.org\\\/pt-br\\\/#organization\"},\"keywords\":[\"Amea\u00e7as a jornalistas\",\"Assassinatos de jornalistas\",\"Liberdade de express\u00e3o\",\"M\u00e9xico\"],\"articleSection\":[\"Viol\u00eancia contra jornalistas\"],\"inLanguage\":\"pt-BR\"},{\"@type\":\"WebPage\",\"@id\":\"https:\\\/\\\/latamjournalismreview.org\\\/pt-br\\\/articles\\\/quatro-jornalistas-recebem-ameacas-de-morte-em-puebla-no-mexico\\\/\",\"url\":\"https:\\\/\\\/latamjournalismreview.org\\\/pt-br\\\/articles\\\/quatro-jornalistas-recebem-ameacas-de-morte-em-puebla-no-mexico\\\/\",\"name\":\"Quatro jornalistas recebem amea\u00e7as de morte em Puebla, no M\u00e9xico - LatAm Journalism Review by the Knight Center\",\"isPartOf\":{\"@id\":\"https:\\\/\\\/latamjournalismreview.org\\\/pt-br\\\/#website\"},\"datePublished\":\"2012-12-10T17:51:40+00:00\",\"dateModified\":\"2021-09-30T17:55:51+00:00\",\"description\":\"Quatro jornalistas recebem amea\u00e7as de morte em Puebla, no M\u00e9xico Viol\u00eancia contra jornalistas. Latin American Journalism Review by The Knight Center at The University of Texas at Austin.\",\"breadcrumb\":{\"@id\":\"https:\\\/\\\/latamjournalismreview.org\\\/pt-br\\\/articles\\\/quatro-jornalistas-recebem-ameacas-de-morte-em-puebla-no-mexico\\\/#breadcrumb\"},\"inLanguage\":\"pt-BR\",\"potentialAction\":[{\"@type\":\"ReadAction\",\"target\":[\"https:\\\/\\\/latamjournalismreview.org\\\/pt-br\\\/articles\\\/quatro-jornalistas-recebem-ameacas-de-morte-em-puebla-no-mexico\\\/\"]}]},{\"@type\":\"BreadcrumbList\",\"@id\":\"https:\\\/\\\/latamjournalismreview.org\\\/pt-br\\\/articles\\\/quatro-jornalistas-recebem-ameacas-de-morte-em-puebla-no-mexico\\\/#breadcrumb\",\"itemListElement\":[{\"@type\":\"ListItem\",\"position\":1,\"name\":\"Home\",\"item\":\"https:\\\/\\\/latamjournalismreview.org\\\/pt-br\\\/\"},{\"@type\":\"ListItem\",\"position\":2,\"name\":\"Quatro jornalistas recebem amea\u00e7as de morte em Puebla, no M\u00e9xico\"}]},{\"@type\":\"WebSite\",\"@id\":\"https:\\\/\\\/latamjournalismreview.org\\\/pt-br\\\/#website\",\"url\":\"https:\\\/\\\/latamjournalismreview.org\\\/pt-br\\\/\",\"name\":\"LatAm Journalism Review\",\"description\":\"Digital magazine on journalism in Latin America\",\"publisher\":{\"@id\":\"https:\\\/\\\/latamjournalismreview.org\\\/pt-br\\\/#organization\"},\"potentialAction\":[{\"@type\":\"SearchAction\",\"target\":{\"@type\":\"EntryPoint\",\"urlTemplate\":\"https:\\\/\\\/latamjournalismreview.org\\\/pt-br\\\/?s={search_term_string}\"},\"query-input\":{\"@type\":\"PropertyValueSpecification\",\"valueRequired\":true,\"valueName\":\"search_term_string\"}}],\"inLanguage\":\"pt-BR\"},{\"@type\":\"Organization\",\"@id\":\"https:\\\/\\\/latamjournalismreview.org\\\/pt-br\\\/#organization\",\"name\":\"LatAm Journalism Review\",\"url\":\"https:\\\/\\\/latamjournalismreview.org\\\/pt-br\\\/\",\"logo\":{\"@type\":\"ImageObject\",\"inLanguage\":\"pt-BR\",\"@id\":\"https:\\\/\\\/latamjournalismreview.org\\\/pt-br\\\/#\\\/schema\\\/logo\\\/image\\\/\",\"url\":\"https:\\\/\\\/latamjournalismreview.org\\\/wp-content\\\/uploads\\\/2020\\\/05\\\/knight-latAm-review-logo.svg\",\"contentUrl\":\"https:\\\/\\\/latamjournalismreview.org\\\/wp-content\\\/uploads\\\/2020\\\/05\\\/knight-latAm-review-logo.svg\",\"width\":\"1024\",\"height\":\"1024\",\"caption\":\"LatAm Journalism Review\"},\"image\":{\"@id\":\"https:\\\/\\\/latamjournalismreview.org\\\/pt-br\\\/#\\\/schema\\\/logo\\\/image\\\/\"},\"sameAs\":[\"https:\\\/\\\/x.com\\\/LatAmJournalism\"]},{\"@type\":\"Person\",\"@id\":\"https:\\\/\\\/latamjournalismreview.org\\\/pt-br\\\/#\\\/schema\\\/person\\\/51558925140f21242c6ed2d20b8260c5\",\"name\":\"Tania Lara\",\"url\":\"https:\\\/\\\/latamjournalismreview.org\\\/pt-br\\\/articles\\\/author\\\/tania-lara\\\/\"}]}<\/script>\n<!-- \/ Yoast SEO Premium plugin. -->","yoast_head_json":{"title":"Quatro jornalistas recebem amea\u00e7as de morte em Puebla, no M\u00e9xico - LatAm Journalism Review by the Knight Center","description":"Quatro jornalistas recebem amea\u00e7as de morte em Puebla, no M\u00e9xico Viol\u00eancia contra jornalistas. Latin American Journalism Review by The Knight Center at The University of Texas at Austin.","robots":{"index":"index","follow":"follow","max-snippet":"max-snippet:-1","max-image-preview":"max-image-preview:large","max-video-preview":"max-video-preview:-1"},"canonical":"https:\/\/latamjournalismreview.org\/pt-br\/articles\/quatro-jornalistas-recebem-ameacas-de-morte-em-puebla-no-mexico\/","og_locale":"pt_BR","og_type":"article","og_title":"Quatro jornalistas recebem amea\u00e7as de morte em Puebla, no M\u00e9xico","og_description":"Quatro jornalistas recebem amea\u00e7as de morte em Puebla, no M\u00e9xico Viol\u00eancia contra jornalistas. Latin American Journalism Review by The Knight Center at The University of Texas at Austin.","og_url":"https:\/\/latamjournalismreview.org\/pt-br\/articles\/quatro-jornalistas-recebem-ameacas-de-morte-em-puebla-no-mexico\/","og_site_name":"LatAm Journalism Review by the Knight Center","article_published_time":"2012-12-10T17:51:40+00:00","article_modified_time":"2021-09-30T17:55:51+00:00","author":"Tania Lara","twitter_card":"summary_large_image","twitter_creator":"@LatAmJournalism","twitter_site":"@LatAmJournalism","twitter_misc":{"Written by":"Tania Lara","Est. reading time":"1 minuto"},"schema":{"@context":"https:\/\/schema.org","@graph":[{"@type":"Article","@id":"https:\/\/latamjournalismreview.org\/pt-br\/articles\/quatro-jornalistas-recebem-ameacas-de-morte-em-puebla-no-mexico\/#article","isPartOf":{"@id":"https:\/\/latamjournalismreview.org\/pt-br\/articles\/quatro-jornalistas-recebem-ameacas-de-morte-em-puebla-no-mexico\/"},"author":{"name":"Tania Lara","@id":"https:\/\/latamjournalismreview.org\/pt-br\/#\/schema\/person\/51558925140f21242c6ed2d20b8260c5"},"headline":"Quatro jornalistas recebem amea\u00e7as de morte em Puebla, no M\u00e9xico","datePublished":"2012-12-10T17:51:40+00:00","dateModified":"2021-09-30T17:55:51+00:00","mainEntityOfPage":{"@id":"https:\/\/latamjournalismreview.org\/pt-br\/articles\/quatro-jornalistas-recebem-ameacas-de-morte-em-puebla-no-mexico\/"},"wordCount":310,"publisher":{"@id":"https:\/\/latamjournalismreview.org\/pt-br\/#organization"},"keywords":["Amea\u00e7as a jornalistas","Assassinatos de jornalistas","Liberdade de express\u00e3o","M\u00e9xico"],"articleSection":["Viol\u00eancia contra jornalistas"],"inLanguage":"pt-BR"},{"@type":"WebPage","@id":"https:\/\/latamjournalismreview.org\/pt-br\/articles\/quatro-jornalistas-recebem-ameacas-de-morte-em-puebla-no-mexico\/","url":"https:\/\/latamjournalismreview.org\/pt-br\/articles\/quatro-jornalistas-recebem-ameacas-de-morte-em-puebla-no-mexico\/","name":"Quatro jornalistas recebem amea\u00e7as de morte em Puebla, no M\u00e9xico - LatAm Journalism Review by the Knight Center","isPartOf":{"@id":"https:\/\/latamjournalismreview.org\/pt-br\/#website"},"datePublished":"2012-12-10T17:51:40+00:00","dateModified":"2021-09-30T17:55:51+00:00","description":"Quatro jornalistas recebem amea\u00e7as de morte em Puebla, no M\u00e9xico Viol\u00eancia contra jornalistas. Latin American Journalism Review by The Knight Center at The University of Texas at Austin.","breadcrumb":{"@id":"https:\/\/latamjournalismreview.org\/pt-br\/articles\/quatro-jornalistas-recebem-ameacas-de-morte-em-puebla-no-mexico\/#breadcrumb"},"inLanguage":"pt-BR","potentialAction":[{"@type":"ReadAction","target":["https:\/\/latamjournalismreview.org\/pt-br\/articles\/quatro-jornalistas-recebem-ameacas-de-morte-em-puebla-no-mexico\/"]}]},{"@type":"BreadcrumbList","@id":"https:\/\/latamjournalismreview.org\/pt-br\/articles\/quatro-jornalistas-recebem-ameacas-de-morte-em-puebla-no-mexico\/#breadcrumb","itemListElement":[{"@type":"ListItem","position":1,"name":"Home","item":"https:\/\/latamjournalismreview.org\/pt-br\/"},{"@type":"ListItem","position":2,"name":"Quatro jornalistas recebem amea\u00e7as de morte em Puebla, no M\u00e9xico"}]},{"@type":"WebSite","@id":"https:\/\/latamjournalismreview.org\/pt-br\/#website","url":"https:\/\/latamjournalismreview.org\/pt-br\/","name":"LatAm Journalism Review","description":"Digital magazine on journalism in Latin America","publisher":{"@id":"https:\/\/latamjournalismreview.org\/pt-br\/#organization"},"potentialAction":[{"@type":"SearchAction","target":{"@type":"EntryPoint","urlTemplate":"https:\/\/latamjournalismreview.org\/pt-br\/?s={search_term_string}"},"query-input":{"@type":"PropertyValueSpecification","valueRequired":true,"valueName":"search_term_string"}}],"inLanguage":"pt-BR"},{"@type":"Organization","@id":"https:\/\/latamjournalismreview.org\/pt-br\/#organization","name":"LatAm Journalism Review","url":"https:\/\/latamjournalismreview.org\/pt-br\/","logo":{"@type":"ImageObject","inLanguage":"pt-BR","@id":"https:\/\/latamjournalismreview.org\/pt-br\/#\/schema\/logo\/image\/","url":"https:\/\/latamjournalismreview.org\/wp-content\/uploads\/2020\/05\/knight-latAm-review-logo.svg","contentUrl":"https:\/\/latamjournalismreview.org\/wp-content\/uploads\/2020\/05\/knight-latAm-review-logo.svg","width":"1024","height":"1024","caption":"LatAm Journalism Review"},"image":{"@id":"https:\/\/latamjournalismreview.org\/pt-br\/#\/schema\/logo\/image\/"},"sameAs":["https:\/\/x.com\/LatAmJournalism"]},{"@type":"Person","@id":"https:\/\/latamjournalismreview.org\/pt-br\/#\/schema\/person\/51558925140f21242c6ed2d20b8260c5","name":"Tania Lara","url":"https:\/\/latamjournalismreview.org\/pt-br\/articles\/author\/tania-lara\/"}]}},"_links":{"self":[{"href":"https:\/\/latamjournalismreview.org\/pt-br\/wp-json\/wp\/v2\/posts\/34819","targetHints":{"allow":["GET"]}}],"collection":[{"href":"https:\/\/latamjournalismreview.org\/pt-br\/wp-json\/wp\/v2\/posts"}],"about":[{"href":"https:\/\/latamjournalismreview.org\/pt-br\/wp-json\/wp\/v2\/types\/post"}],"author":[{"embeddable":true,"href":"https:\/\/latamjournalismreview.org\/pt-br\/wp-json\/wp\/v2\/users\/40"}],"replies":[{"embeddable":true,"href":"https:\/\/latamjournalismreview.org\/pt-br\/wp-json\/wp\/v2\/comments?post=34819"}],"version-history":[{"count":1,"href":"https:\/\/latamjournalismreview.org\/pt-br\/wp-json\/wp\/v2\/posts\/34819\/revisions"}],"predecessor-version":[{"id":34822,"href":"https:\/\/latamjournalismreview.org\/pt-br\/wp-json\/wp\/v2\/posts\/34819\/revisions\/34822"}],"wp:attachment":[{"href":"https:\/\/latamjournalismreview.org\/pt-br\/wp-json\/wp\/v2\/media?parent=34819"}],"wp:term":[{"taxonomy":"category","embeddable":true,"href":"https:\/\/latamjournalismreview.org\/pt-br\/wp-json\/wp\/v2\/categories?post=34819"},{"taxonomy":"post_tag","embeddable":true,"href":"https:\/\/latamjournalismreview.org\/pt-br\/wp-json\/wp\/v2\/tags?post=34819"},{"taxonomy":"author","embeddable":true,"href":"https:\/\/latamjournalismreview.org\/pt-br\/wp-json\/wp\/v2\/coauthors?post=34819"}],"curies":[{"name":"wp","href":"https:\/\/api.w.org\/{rel}","templated":true}]}}