{"id":35794,"date":"2013-02-07T10:15:57","date_gmt":"2013-02-07T15:15:57","guid":{"rendered":"https:\/\/latamjournalismreview.org\/?p=35794"},"modified":"2021-10-05T10:35:03","modified_gmt":"2021-10-05T15:35:03","slug":"apos-expulsao-de-jornalistas-de-assembleia-nacional-na-venezuela-cnp-pede-protecao-a-imprensa-que-cobre-o-poder-legislativo","status":"publish","type":"post","link":"https:\/\/latamjournalismreview.org\/pt-br\/articles\/apos-expulsao-de-jornalistas-de-assembleia-nacional-na-venezuela-cnp-pede-protecao-a-imprensa-que-cobre-o-poder-legislativo\/","title":{"rendered":"Ap\u00f3s expuls\u00e3o de jornalistas de Assembleia Nacional na Venezuela, CNP pede prote\u00e7\u00e3o \u00e0 imprensa que cobre o poder legislativo"},"content":{"rendered":"<p><em>Por Isabela Fraga<\/em><\/p>\n<p>O presidente do Col\u00e9gio Nacional de Jornalistas da Venezuela, Tinedo Gu\u00eda, pediu\u00a0<a href=\"http:\/\/www.el-nacional.com\/sociedad\/CNP-pronunciamiento-Villegas-periodistas-AN_0_132588137.html\" target=\"_blank\" rel=\"noopener\">mais prote\u00e7\u00e3o aos jornalistas que cobrem o poder legislativo<\/a>\u00a0no pa\u00eds, informou o jornal El Universal. Na ter\u00e7a-feira, 5 de fevereiro,\u00a0<a href=\"http:\/\/knightcenter.utexas.edu\/pt-br\/blog\/00-12849-jornalistas-venezuelanos-sao-impedidos-de-cobrir-ato-na-assembleia-nacional\" target=\"_blank\" rel=\"noopener\">jornalistas de ve\u00edculos privados foram impedidos de realizar a cobertura<\/a>\u00a0de um evento na Assembleia Nacional, em Caracas.<\/p>\n<p>Segundo a Globovisi\u00f3n, Gu\u00eda exigiu ao Minist\u00e9rio de Comunica\u00e7\u00e3o e Informa\u00e7\u00e3o e ao parlamento venezuelano a\u00a0<a href=\"http:\/\/globovision.com\/articulo\/presidente-del-cnp-denuncia-agresion-a-periodistas-que-cubren-la-fuente-legislativa\" target=\"_blank\" rel=\"noopener\">garantia e o respeito ao trabalho dos jornalistas<\/a>\u00a0que cobrem assuntos relacionados \u00e0 legisla\u00e7\u00e3o.<\/p>\n<p>\"A agress\u00e3o \u00e9 cometida por meio de tu\u00edtes e informa\u00e7\u00e3o\", acrescentou o presidente do CNP, referindo-se \u00e0s\u00a0<a href=\"http:\/\/www.lapatilla.com\/site\/2013\/02\/07\/cnp-rechaza-agresion-a-periodistas-de-la-fuente-legislativa-y-pide-pronunciamiento-de-villegas\/\" target=\"_blank\" rel=\"noopener\">acusa\u00e7\u00f5es de conspiradores e manipuladores midi\u00e1ticos contra os jornalistas<\/a>. publicadas nas redes sociais, noticiou o site La Patilla.<\/p>\n<p>N\u00e3o \u00e9 incomum que jornalistas de ve\u00edculos privados venezuelanos enfrentem dificuldades para realizar seu trabalho jornal\u00edstico em eventos do poder p\u00fablico. Atos do presidente Hugo Ch\u00e1vez frequentemente\u00a0<a href=\"https:\/\/knightcenter.utexas.edu\/pt-br\/blog\/00-10995-jornalistas-de-veiculos-privados-na-venezuela-sao-impedidos-de-cobrir-ato-do-governo\" target=\"_blank\" rel=\"noopener\">d\u00e3o exclusividade \u00e0 cobertura do Sistema Nacional de Meios P\u00fablicos<\/a>, proibindo a participa\u00e7\u00e3o de outros meios.<\/p>\n<p><em>Nota do editor: Essa hist\u00f3ria foi publicada originalmente no blog de jornalismo nas Am\u00e9ricas do Centro Knight, o predecessor do LatAm Journalism Review.<\/em><\/p>\n","protected":false},"excerpt":{"rendered":"<p>O presidente do Col\u00e9gio Nacional de Jornalistas da Venezuela, Tinedo Gu\u00eda, pediu\u00a0mais prote\u00e7\u00e3o aos jornalistas que cobrem o poder legislativo\u00a0no pa\u00eds, informou o jornal El Universal. Na ter\u00e7a-feira, 5 de fevereiro,\u00a0jornalistas de ve\u00edculos privados foram impedidos de realizar a cobertura\u00a0de um evento na Assembleia Nacional, em Caracas.<\/p>\n","protected":false},"author":17,"featured_media":0,"comment_status":"closed","ping_status":"closed","sticky":false,"template":"","format":"standard","meta":{"inline_featured_image":false,"footnotes":""},"categories":[1219],"tags":[1555,1613,2051,1609,1402],"coauthors":[],"class_list":["post-35794","post","type-post","status-publish","format-standard","hentry","category-liberdade-de-imprensa-pt-br","tag-acesso-a-informacao-pt-br","tag-ameacas-a-jornalistas-pt-br","tag-liberdade-de-expressao-pt-br","tag-seguranca-e-protecao-pt-br","tag-venezuela-pt-br"],"acf":[],"yoast_head":"<!-- This site is optimized with the Yoast SEO Premium plugin v22.6 (Yoast SEO v27.4) - https:\/\/yoast.com\/product\/yoast-seo-premium-wordpress\/ -->\n<title>Ap\u00f3s expuls\u00e3o de jornalistas de Assembleia Nacional na Venezuela, CNP pede prote\u00e7\u00e3o \u00e0 imprensa que cobre o poder legislativo - LatAm Journalism Review by the Knight Center<\/title>\n<meta name=\"description\" content=\"Ap\u00f3s expuls\u00e3o de jornalistas de Assembleia Nacional na Venezuela, CNP pede prote\u00e7\u00e3o \u00e0 imprensa que cobre o poder legislativo Liberdade de imprensa. Latin American Journalism Review by The Knight Center at The University of Texas at Austin.\" \/>\n<meta name=\"robots\" content=\"index, follow, max-snippet:-1, max-image-preview:large, max-video-preview:-1\" \/>\n<link rel=\"canonical\" href=\"https:\/\/latamjournalismreview.org\/pt-br\/articles\/apos-expulsao-de-jornalistas-de-assembleia-nacional-na-venezuela-cnp-pede-protecao-a-imprensa-que-cobre-o-poder-legislativo\/\" \/>\n<meta property=\"og:locale\" content=\"pt_BR\" \/>\n<meta property=\"og:type\" content=\"article\" \/>\n<meta property=\"og:title\" content=\"Ap\u00f3s expuls\u00e3o de jornalistas de Assembleia Nacional na Venezuela, CNP pede prote\u00e7\u00e3o \u00e0 imprensa que cobre o poder legislativo\" \/>\n<meta property=\"og:description\" content=\"Ap\u00f3s expuls\u00e3o de jornalistas de Assembleia Nacional na Venezuela, CNP pede prote\u00e7\u00e3o \u00e0 imprensa que cobre o poder legislativo Liberdade de imprensa. Latin American Journalism Review by The Knight Center at The University of Texas at Austin.\" \/>\n<meta property=\"og:url\" content=\"https:\/\/latamjournalismreview.org\/pt-br\/articles\/apos-expulsao-de-jornalistas-de-assembleia-nacional-na-venezuela-cnp-pede-protecao-a-imprensa-que-cobre-o-poder-legislativo\/\" \/>\n<meta property=\"og:site_name\" content=\"LatAm Journalism Review by the Knight Center\" \/>\n<meta property=\"article:published_time\" content=\"2013-02-07T15:15:57+00:00\" \/>\n<meta property=\"article:modified_time\" content=\"2021-10-05T15:35:03+00:00\" \/>\n<meta name=\"author\" content=\"Guest\" \/>\n<meta name=\"twitter:card\" content=\"summary_large_image\" \/>\n<meta name=\"twitter:creator\" content=\"@LatAmJournalism\" \/>\n<meta name=\"twitter:site\" content=\"@LatAmJournalism\" \/>\n<meta name=\"twitter:label1\" content=\"Written by\" \/>\n\t<meta name=\"twitter:data1\" content=\"Guest\" \/>\n\t<meta name=\"twitter:label2\" content=\"Est. reading time\" \/>\n\t<meta name=\"twitter:data2\" content=\"1 minuto\" \/>\n<script type=\"application\/ld+json\" class=\"yoast-schema-graph\">{\"@context\":\"https:\\\/\\\/schema.org\",\"@graph\":[{\"@type\":\"Article\",\"@id\":\"https:\\\/\\\/latamjournalismreview.org\\\/pt-br\\\/articles\\\/apos-expulsao-de-jornalistas-de-assembleia-nacional-na-venezuela-cnp-pede-protecao-a-imprensa-que-cobre-o-poder-legislativo\\\/#article\",\"isPartOf\":{\"@id\":\"https:\\\/\\\/latamjournalismreview.org\\\/pt-br\\\/articles\\\/apos-expulsao-de-jornalistas-de-assembleia-nacional-na-venezuela-cnp-pede-protecao-a-imprensa-que-cobre-o-poder-legislativo\\\/\"},\"author\":{\"name\":\"Guest\",\"@id\":\"https:\\\/\\\/latamjournalismreview.org\\\/pt-br\\\/#\\\/schema\\\/person\\\/0315202e0b3c0963a2440f1c3012c360\"},\"headline\":\"Ap\u00f3s expuls\u00e3o de jornalistas de Assembleia Nacional na Venezuela, CNP pede prote\u00e7\u00e3o \u00e0 imprensa que cobre o poder legislativo\",\"datePublished\":\"2013-02-07T15:15:57+00:00\",\"dateModified\":\"2021-10-05T15:35:03+00:00\",\"mainEntityOfPage\":{\"@id\":\"https:\\\/\\\/latamjournalismreview.org\\\/pt-br\\\/articles\\\/apos-expulsao-de-jornalistas-de-assembleia-nacional-na-venezuela-cnp-pede-protecao-a-imprensa-que-cobre-o-poder-legislativo\\\/\"},\"wordCount\":228,\"publisher\":{\"@id\":\"https:\\\/\\\/latamjournalismreview.org\\\/pt-br\\\/#organization\"},\"keywords\":[\"Acesso a informa\u00e7\u00e3o\",\"Amea\u00e7as a jornalistas\",\"Liberdade de express\u00e3o\",\"Seguran\u00e7a e prote\u00e7\u00e3o\",\"Venezuela\"],\"articleSection\":[\"Liberdade de imprensa\"],\"inLanguage\":\"pt-BR\"},{\"@type\":\"WebPage\",\"@id\":\"https:\\\/\\\/latamjournalismreview.org\\\/pt-br\\\/articles\\\/apos-expulsao-de-jornalistas-de-assembleia-nacional-na-venezuela-cnp-pede-protecao-a-imprensa-que-cobre-o-poder-legislativo\\\/\",\"url\":\"https:\\\/\\\/latamjournalismreview.org\\\/pt-br\\\/articles\\\/apos-expulsao-de-jornalistas-de-assembleia-nacional-na-venezuela-cnp-pede-protecao-a-imprensa-que-cobre-o-poder-legislativo\\\/\",\"name\":\"Ap\u00f3s expuls\u00e3o de jornalistas de Assembleia Nacional na Venezuela, CNP pede prote\u00e7\u00e3o \u00e0 imprensa que cobre o poder legislativo - LatAm Journalism Review by the Knight Center\",\"isPartOf\":{\"@id\":\"https:\\\/\\\/latamjournalismreview.org\\\/pt-br\\\/#website\"},\"datePublished\":\"2013-02-07T15:15:57+00:00\",\"dateModified\":\"2021-10-05T15:35:03+00:00\",\"description\":\"Ap\u00f3s expuls\u00e3o de jornalistas de Assembleia Nacional na Venezuela, CNP pede prote\u00e7\u00e3o \u00e0 imprensa que cobre o poder legislativo Liberdade de imprensa. Latin American Journalism Review by The Knight Center at The University of Texas at Austin.\",\"breadcrumb\":{\"@id\":\"https:\\\/\\\/latamjournalismreview.org\\\/pt-br\\\/articles\\\/apos-expulsao-de-jornalistas-de-assembleia-nacional-na-venezuela-cnp-pede-protecao-a-imprensa-que-cobre-o-poder-legislativo\\\/#breadcrumb\"},\"inLanguage\":\"pt-BR\",\"potentialAction\":[{\"@type\":\"ReadAction\",\"target\":[\"https:\\\/\\\/latamjournalismreview.org\\\/pt-br\\\/articles\\\/apos-expulsao-de-jornalistas-de-assembleia-nacional-na-venezuela-cnp-pede-protecao-a-imprensa-que-cobre-o-poder-legislativo\\\/\"]}]},{\"@type\":\"BreadcrumbList\",\"@id\":\"https:\\\/\\\/latamjournalismreview.org\\\/pt-br\\\/articles\\\/apos-expulsao-de-jornalistas-de-assembleia-nacional-na-venezuela-cnp-pede-protecao-a-imprensa-que-cobre-o-poder-legislativo\\\/#breadcrumb\",\"itemListElement\":[{\"@type\":\"ListItem\",\"position\":1,\"name\":\"Home\",\"item\":\"https:\\\/\\\/latamjournalismreview.org\\\/pt-br\\\/\"},{\"@type\":\"ListItem\",\"position\":2,\"name\":\"Ap\u00f3s expuls\u00e3o de jornalistas de Assembleia Nacional na Venezuela, CNP pede prote\u00e7\u00e3o \u00e0 imprensa que cobre o poder legislativo\"}]},{\"@type\":\"WebSite\",\"@id\":\"https:\\\/\\\/latamjournalismreview.org\\\/pt-br\\\/#website\",\"url\":\"https:\\\/\\\/latamjournalismreview.org\\\/pt-br\\\/\",\"name\":\"LatAm Journalism Review\",\"description\":\"Digital magazine on journalism in Latin America\",\"publisher\":{\"@id\":\"https:\\\/\\\/latamjournalismreview.org\\\/pt-br\\\/#organization\"},\"potentialAction\":[{\"@type\":\"SearchAction\",\"target\":{\"@type\":\"EntryPoint\",\"urlTemplate\":\"https:\\\/\\\/latamjournalismreview.org\\\/pt-br\\\/?s={search_term_string}\"},\"query-input\":{\"@type\":\"PropertyValueSpecification\",\"valueRequired\":true,\"valueName\":\"search_term_string\"}}],\"inLanguage\":\"pt-BR\"},{\"@type\":\"Organization\",\"@id\":\"https:\\\/\\\/latamjournalismreview.org\\\/pt-br\\\/#organization\",\"name\":\"LatAm Journalism Review\",\"url\":\"https:\\\/\\\/latamjournalismreview.org\\\/pt-br\\\/\",\"logo\":{\"@type\":\"ImageObject\",\"inLanguage\":\"pt-BR\",\"@id\":\"https:\\\/\\\/latamjournalismreview.org\\\/pt-br\\\/#\\\/schema\\\/logo\\\/image\\\/\",\"url\":\"https:\\\/\\\/latamjournalismreview.org\\\/wp-content\\\/uploads\\\/2020\\\/05\\\/knight-latAm-review-logo.svg\",\"contentUrl\":\"https:\\\/\\\/latamjournalismreview.org\\\/wp-content\\\/uploads\\\/2020\\\/05\\\/knight-latAm-review-logo.svg\",\"width\":\"1024\",\"height\":\"1024\",\"caption\":\"LatAm Journalism Review\"},\"image\":{\"@id\":\"https:\\\/\\\/latamjournalismreview.org\\\/pt-br\\\/#\\\/schema\\\/logo\\\/image\\\/\"},\"sameAs\":[\"https:\\\/\\\/x.com\\\/LatAmJournalism\"]},{\"@type\":\"Person\",\"@id\":\"https:\\\/\\\/latamjournalismreview.org\\\/pt-br\\\/#\\\/schema\\\/person\\\/0315202e0b3c0963a2440f1c3012c360\",\"name\":\"Guest\",\"url\":\"https:\\\/\\\/latamjournalismreview.org\\\/pt-br\\\/articles\\\/author\\\/guest\\\/\"}]}<\/script>\n<!-- \/ Yoast SEO Premium plugin. -->","yoast_head_json":{"title":"Ap\u00f3s expuls\u00e3o de jornalistas de Assembleia Nacional na Venezuela, CNP pede prote\u00e7\u00e3o \u00e0 imprensa que cobre o poder legislativo - LatAm Journalism Review by the Knight Center","description":"Ap\u00f3s expuls\u00e3o de jornalistas de Assembleia Nacional na Venezuela, CNP pede prote\u00e7\u00e3o \u00e0 imprensa que cobre o poder legislativo Liberdade de imprensa. Latin American Journalism Review by The Knight Center at The University of Texas at Austin.","robots":{"index":"index","follow":"follow","max-snippet":"max-snippet:-1","max-image-preview":"max-image-preview:large","max-video-preview":"max-video-preview:-1"},"canonical":"https:\/\/latamjournalismreview.org\/pt-br\/articles\/apos-expulsao-de-jornalistas-de-assembleia-nacional-na-venezuela-cnp-pede-protecao-a-imprensa-que-cobre-o-poder-legislativo\/","og_locale":"pt_BR","og_type":"article","og_title":"Ap\u00f3s expuls\u00e3o de jornalistas de Assembleia Nacional na Venezuela, CNP pede prote\u00e7\u00e3o \u00e0 imprensa que cobre o poder legislativo","og_description":"Ap\u00f3s expuls\u00e3o de jornalistas de Assembleia Nacional na Venezuela, CNP pede prote\u00e7\u00e3o \u00e0 imprensa que cobre o poder legislativo Liberdade de imprensa. Latin American Journalism Review by The Knight Center at The University of Texas at Austin.","og_url":"https:\/\/latamjournalismreview.org\/pt-br\/articles\/apos-expulsao-de-jornalistas-de-assembleia-nacional-na-venezuela-cnp-pede-protecao-a-imprensa-que-cobre-o-poder-legislativo\/","og_site_name":"LatAm Journalism Review by the Knight Center","article_published_time":"2013-02-07T15:15:57+00:00","article_modified_time":"2021-10-05T15:35:03+00:00","author":"Guest","twitter_card":"summary_large_image","twitter_creator":"@LatAmJournalism","twitter_site":"@LatAmJournalism","twitter_misc":{"Written by":"Guest","Est. reading time":"1 minuto"},"schema":{"@context":"https:\/\/schema.org","@graph":[{"@type":"Article","@id":"https:\/\/latamjournalismreview.org\/pt-br\/articles\/apos-expulsao-de-jornalistas-de-assembleia-nacional-na-venezuela-cnp-pede-protecao-a-imprensa-que-cobre-o-poder-legislativo\/#article","isPartOf":{"@id":"https:\/\/latamjournalismreview.org\/pt-br\/articles\/apos-expulsao-de-jornalistas-de-assembleia-nacional-na-venezuela-cnp-pede-protecao-a-imprensa-que-cobre-o-poder-legislativo\/"},"author":{"name":"Guest","@id":"https:\/\/latamjournalismreview.org\/pt-br\/#\/schema\/person\/0315202e0b3c0963a2440f1c3012c360"},"headline":"Ap\u00f3s expuls\u00e3o de jornalistas de Assembleia Nacional na Venezuela, CNP pede prote\u00e7\u00e3o \u00e0 imprensa que cobre o poder legislativo","datePublished":"2013-02-07T15:15:57+00:00","dateModified":"2021-10-05T15:35:03+00:00","mainEntityOfPage":{"@id":"https:\/\/latamjournalismreview.org\/pt-br\/articles\/apos-expulsao-de-jornalistas-de-assembleia-nacional-na-venezuela-cnp-pede-protecao-a-imprensa-que-cobre-o-poder-legislativo\/"},"wordCount":228,"publisher":{"@id":"https:\/\/latamjournalismreview.org\/pt-br\/#organization"},"keywords":["Acesso a informa\u00e7\u00e3o","Amea\u00e7as a jornalistas","Liberdade de express\u00e3o","Seguran\u00e7a e prote\u00e7\u00e3o","Venezuela"],"articleSection":["Liberdade de imprensa"],"inLanguage":"pt-BR"},{"@type":"WebPage","@id":"https:\/\/latamjournalismreview.org\/pt-br\/articles\/apos-expulsao-de-jornalistas-de-assembleia-nacional-na-venezuela-cnp-pede-protecao-a-imprensa-que-cobre-o-poder-legislativo\/","url":"https:\/\/latamjournalismreview.org\/pt-br\/articles\/apos-expulsao-de-jornalistas-de-assembleia-nacional-na-venezuela-cnp-pede-protecao-a-imprensa-que-cobre-o-poder-legislativo\/","name":"Ap\u00f3s expuls\u00e3o de jornalistas de Assembleia Nacional na Venezuela, CNP pede prote\u00e7\u00e3o \u00e0 imprensa que cobre o poder legislativo - LatAm Journalism Review by the Knight Center","isPartOf":{"@id":"https:\/\/latamjournalismreview.org\/pt-br\/#website"},"datePublished":"2013-02-07T15:15:57+00:00","dateModified":"2021-10-05T15:35:03+00:00","description":"Ap\u00f3s expuls\u00e3o de jornalistas de Assembleia Nacional na Venezuela, CNP pede prote\u00e7\u00e3o \u00e0 imprensa que cobre o poder legislativo Liberdade de imprensa. Latin American Journalism Review by The Knight Center at The University of Texas at Austin.","breadcrumb":{"@id":"https:\/\/latamjournalismreview.org\/pt-br\/articles\/apos-expulsao-de-jornalistas-de-assembleia-nacional-na-venezuela-cnp-pede-protecao-a-imprensa-que-cobre-o-poder-legislativo\/#breadcrumb"},"inLanguage":"pt-BR","potentialAction":[{"@type":"ReadAction","target":["https:\/\/latamjournalismreview.org\/pt-br\/articles\/apos-expulsao-de-jornalistas-de-assembleia-nacional-na-venezuela-cnp-pede-protecao-a-imprensa-que-cobre-o-poder-legislativo\/"]}]},{"@type":"BreadcrumbList","@id":"https:\/\/latamjournalismreview.org\/pt-br\/articles\/apos-expulsao-de-jornalistas-de-assembleia-nacional-na-venezuela-cnp-pede-protecao-a-imprensa-que-cobre-o-poder-legislativo\/#breadcrumb","itemListElement":[{"@type":"ListItem","position":1,"name":"Home","item":"https:\/\/latamjournalismreview.org\/pt-br\/"},{"@type":"ListItem","position":2,"name":"Ap\u00f3s expuls\u00e3o de jornalistas de Assembleia Nacional na Venezuela, CNP pede prote\u00e7\u00e3o \u00e0 imprensa que cobre o poder legislativo"}]},{"@type":"WebSite","@id":"https:\/\/latamjournalismreview.org\/pt-br\/#website","url":"https:\/\/latamjournalismreview.org\/pt-br\/","name":"LatAm Journalism Review","description":"Digital magazine on journalism in Latin America","publisher":{"@id":"https:\/\/latamjournalismreview.org\/pt-br\/#organization"},"potentialAction":[{"@type":"SearchAction","target":{"@type":"EntryPoint","urlTemplate":"https:\/\/latamjournalismreview.org\/pt-br\/?s={search_term_string}"},"query-input":{"@type":"PropertyValueSpecification","valueRequired":true,"valueName":"search_term_string"}}],"inLanguage":"pt-BR"},{"@type":"Organization","@id":"https:\/\/latamjournalismreview.org\/pt-br\/#organization","name":"LatAm Journalism Review","url":"https:\/\/latamjournalismreview.org\/pt-br\/","logo":{"@type":"ImageObject","inLanguage":"pt-BR","@id":"https:\/\/latamjournalismreview.org\/pt-br\/#\/schema\/logo\/image\/","url":"https:\/\/latamjournalismreview.org\/wp-content\/uploads\/2020\/05\/knight-latAm-review-logo.svg","contentUrl":"https:\/\/latamjournalismreview.org\/wp-content\/uploads\/2020\/05\/knight-latAm-review-logo.svg","width":"1024","height":"1024","caption":"LatAm Journalism Review"},"image":{"@id":"https:\/\/latamjournalismreview.org\/pt-br\/#\/schema\/logo\/image\/"},"sameAs":["https:\/\/x.com\/LatAmJournalism"]},{"@type":"Person","@id":"https:\/\/latamjournalismreview.org\/pt-br\/#\/schema\/person\/0315202e0b3c0963a2440f1c3012c360","name":"Guest","url":"https:\/\/latamjournalismreview.org\/pt-br\/articles\/author\/guest\/"}]}},"_links":{"self":[{"href":"https:\/\/latamjournalismreview.org\/pt-br\/wp-json\/wp\/v2\/posts\/35794","targetHints":{"allow":["GET"]}}],"collection":[{"href":"https:\/\/latamjournalismreview.org\/pt-br\/wp-json\/wp\/v2\/posts"}],"about":[{"href":"https:\/\/latamjournalismreview.org\/pt-br\/wp-json\/wp\/v2\/types\/post"}],"author":[{"embeddable":true,"href":"https:\/\/latamjournalismreview.org\/pt-br\/wp-json\/wp\/v2\/users\/17"}],"replies":[{"embeddable":true,"href":"https:\/\/latamjournalismreview.org\/pt-br\/wp-json\/wp\/v2\/comments?post=35794"}],"version-history":[{"count":1,"href":"https:\/\/latamjournalismreview.org\/pt-br\/wp-json\/wp\/v2\/posts\/35794\/revisions"}],"predecessor-version":[{"id":35796,"href":"https:\/\/latamjournalismreview.org\/pt-br\/wp-json\/wp\/v2\/posts\/35794\/revisions\/35796"}],"wp:attachment":[{"href":"https:\/\/latamjournalismreview.org\/pt-br\/wp-json\/wp\/v2\/media?parent=35794"}],"wp:term":[{"taxonomy":"category","embeddable":true,"href":"https:\/\/latamjournalismreview.org\/pt-br\/wp-json\/wp\/v2\/categories?post=35794"},{"taxonomy":"post_tag","embeddable":true,"href":"https:\/\/latamjournalismreview.org\/pt-br\/wp-json\/wp\/v2\/tags?post=35794"},{"taxonomy":"author","embeddable":true,"href":"https:\/\/latamjournalismreview.org\/pt-br\/wp-json\/wp\/v2\/coauthors?post=35794"}],"curies":[{"name":"wp","href":"https:\/\/api.w.org\/{rel}","templated":true}]}}