{"id":36019,"date":"2013-01-27T19:56:06","date_gmt":"2013-01-28T00:56:06","guid":{"rendered":"https:\/\/latamjournalismreview.org\/?p=36019"},"modified":"2021-10-05T19:02:48","modified_gmt":"2021-10-06T00:02:48","slug":"apos-nove-anos-de-julgamento-suprema-corte-do-chile-absolve-jornalista-acusado-de-injuria","status":"publish","type":"post","link":"https:\/\/latamjournalismreview.org\/pt-br\/articles\/apos-nove-anos-de-julgamento-suprema-corte-do-chile-absolve-jornalista-acusado-de-injuria\/","title":{"rendered":"Ap\u00f3s nove anos de julgamento, Suprema Corte do Chile absolve jornalista acusado de inj\u00faria"},"content":{"rendered":"<p>Ap\u00f3s nove anos de julgamento, a <a href=\"http:\/\/www.cooperativa.cl\/noticias\/sociedad\/medios\/revistas\/suprema-absolvio-a-director-de-el-periodista-por-causa-de-injurias\/2013-01-24\/183237.html\" target=\"_blank\" rel=\"noopener\">Suprema Corte do Chile absolveu um jornalista acusado de inj\u00faria<\/a>, informaram o portal Cooperativa Chile e o portal do Poder Judici\u00e1rio do Chile.<\/p>\n<p><a href=\"https:\/\/twitter.com\/FMartorell\" target=\"_blank\" rel=\"noopener\">Francisco Martorell<\/a>, diretor da publica\u00e7\u00e3o quinzenal <a href=\"http:\/\/elperiodistaonline.cl\/\" target=\"_blank\" rel=\"noopener\">El Periodista<\/a>, foi acusado de inj\u00faria pelo empres\u00e1rio Jorge Rabi\u00e9 depois de um entrevistado de Martorell o associar a <a href=\"http:\/\/es.wikipedia.org\/wiki\/Caso_Spiniak\" target=\"_blank\" rel=\"noopener\">Claudio Spiniak, l\u00edder de uma rede de ped\u00f3filos<\/a> desmantelada em setembro de 2003, acrescentou o portal.<\/p>\n<p><a href=\"http:\/\/elperiodistaonline.cl\/locales\/2013\/01\/corte-suprema-hace-justicia-en-causa-contra-director-de-revista-el-periodista\/\" target=\"_blank\" rel=\"noopener\">Durante o processo, o jornalista ficou proibido de sair do pa\u00eds<\/a> e chegou a ser condenado em primeira e segunda inst\u00e2ncias a 61 dias de pris\u00e3o semiaberta, informou a pr\u00f3pria revista El Periodista.<\/p>\n<p>Para a Suprema Corte, o <a href=\"http:\/\/www.poderjudicial.cl\/modulos\/Home\/Noticias\/PRE_noticias.php?cod=4864&amp;opc_menu=0&amp;st=0\" target=\"_blank\" rel=\"noopener\">o jornalista n\u00e3o \u00e9 respons\u00e1vel pelas afirma\u00e7\u00f5es de seus entrevistados<\/a>, de acordo com o site da Justi\u00e7a chilena.<\/p>\n<p>A <a href=\"http:\/\/es.rsf.org\/\" target=\"_blank\" rel=\"noopener\">Rep\u00f3rteres Sem Fronteiras<\/a> (RSF) <a href=\"http:\/\/elperiodistaonline.cl\/locales\/2013\/01\/reporteros-sin-fronteras-celebra-fallo-que-favorecio-a-director-de-el-periodista\/\" target=\"_blank\" rel=\"noopener\">considerou a decis\u00e3o da Suprema Corte um \"precedente importante e necess\u00e1rio<\/a> na aplica\u00e7\u00e3o da Lei 19.733, sobre as liberdades de opini\u00e3o e informa\u00e7\u00e3o e o exerc\u00edcio do jornalismo\". A RSF pediu uma \"r\u00e1pida e total despenaliza\u00e7\u00e3o dos chamados 'delitos de imprensa' (inj\u00faria, cal\u00fania e difama\u00e7\u00e3o)\"no Chile.<\/p>\n<p><em>Nota do editor: Essa hist\u00f3ria foi publicada originalmente no blog Jornalismo nas Am\u00e9ricas do Centro Knight, o predecessor do LatAm Journalism Review.<\/em><\/p>\n","protected":false},"excerpt":{"rendered":"<p>Ap\u00f3s nove anos de julgamento, a Suprema Corte do Chile absolveu um jornalista acusado de inj\u00faria, informaram o portal Cooperativa Chile e o portal do Poder Judici\u00e1rio do Chile.<\/p>\n","protected":false},"author":13,"featured_media":0,"comment_status":"closed","ping_status":"closed","sticky":false,"template":"","format":"standard","meta":{"inline_featured_image":false,"footnotes":""},"categories":[1219],"tags":[1379,1396,1565,2051],"coauthors":[],"class_list":["post-36019","post","type-post","status-publish","format-standard","hentry","category-liberdade-de-imprensa-pt-br","tag-casos-judiciais-pt-br","tag-colombia-pt-br-2","tag-difamacao-pt-br","tag-liberdade-de-expressao-pt-br"],"acf":[],"yoast_head":"<!-- This site is optimized with the Yoast SEO Premium plugin v22.6 (Yoast SEO v27.4) - https:\/\/yoast.com\/product\/yoast-seo-premium-wordpress\/ -->\n<title>Ap\u00f3s nove anos de julgamento, Suprema Corte do Chile absolve jornalista acusado de inj\u00faria - LatAm Journalism Review by the Knight Center<\/title>\n<meta name=\"description\" content=\"Ap\u00f3s nove anos de julgamento, Suprema Corte do Chile absolve jornalista acusado de inj\u00faria Liberdade de imprensa. Latin American Journalism Review by The Knight Center at The University of Texas at Austin.\" \/>\n<meta name=\"robots\" content=\"index, follow, max-snippet:-1, max-image-preview:large, max-video-preview:-1\" \/>\n<link rel=\"canonical\" href=\"https:\/\/latamjournalismreview.org\/pt-br\/articles\/apos-nove-anos-de-julgamento-suprema-corte-do-chile-absolve-jornalista-acusado-de-injuria\/\" \/>\n<meta property=\"og:locale\" content=\"pt_BR\" \/>\n<meta property=\"og:type\" content=\"article\" \/>\n<meta property=\"og:title\" content=\"Ap\u00f3s nove anos de julgamento, Suprema Corte do Chile absolve jornalista acusado de inj\u00faria\" \/>\n<meta property=\"og:description\" content=\"Ap\u00f3s nove anos de julgamento, Suprema Corte do Chile absolve jornalista acusado de inj\u00faria Liberdade de imprensa. Latin American Journalism Review by The Knight Center at The University of Texas at Austin.\" \/>\n<meta property=\"og:url\" content=\"https:\/\/latamjournalismreview.org\/pt-br\/articles\/apos-nove-anos-de-julgamento-suprema-corte-do-chile-absolve-jornalista-acusado-de-injuria\/\" \/>\n<meta property=\"og:site_name\" content=\"LatAm Journalism Review by the Knight Center\" \/>\n<meta property=\"article:published_time\" content=\"2013-01-28T00:56:06+00:00\" \/>\n<meta property=\"article:modified_time\" content=\"2021-10-06T00:02:48+00:00\" \/>\n<meta name=\"author\" content=\"Silvia Higuera\" \/>\n<meta name=\"twitter:card\" content=\"summary_large_image\" \/>\n<meta name=\"twitter:creator\" content=\"@shiguerita\" \/>\n<meta name=\"twitter:site\" content=\"@LatAmJournalism\" \/>\n<meta name=\"twitter:label1\" content=\"Written by\" \/>\n\t<meta name=\"twitter:data1\" content=\"Silvia Higuera\" \/>\n\t<meta name=\"twitter:label2\" content=\"Est. reading time\" \/>\n\t<meta name=\"twitter:data2\" content=\"1 minuto\" \/>\n<script type=\"application\/ld+json\" class=\"yoast-schema-graph\">{\"@context\":\"https:\\\/\\\/schema.org\",\"@graph\":[{\"@type\":\"Article\",\"@id\":\"https:\\\/\\\/latamjournalismreview.org\\\/pt-br\\\/articles\\\/apos-nove-anos-de-julgamento-suprema-corte-do-chile-absolve-jornalista-acusado-de-injuria\\\/#article\",\"isPartOf\":{\"@id\":\"https:\\\/\\\/latamjournalismreview.org\\\/pt-br\\\/articles\\\/apos-nove-anos-de-julgamento-suprema-corte-do-chile-absolve-jornalista-acusado-de-injuria\\\/\"},\"author\":{\"name\":\"Silvia Higuera\",\"@id\":\"https:\\\/\\\/latamjournalismreview.org\\\/pt-br\\\/#\\\/schema\\\/person\\\/eac7baa6afada0957e047be9fc15703a\"},\"headline\":\"Ap\u00f3s nove anos de julgamento, Suprema Corte do Chile absolve jornalista acusado de inj\u00faria\",\"datePublished\":\"2013-01-28T00:56:06+00:00\",\"dateModified\":\"2021-10-06T00:02:48+00:00\",\"mainEntityOfPage\":{\"@id\":\"https:\\\/\\\/latamjournalismreview.org\\\/pt-br\\\/articles\\\/apos-nove-anos-de-julgamento-suprema-corte-do-chile-absolve-jornalista-acusado-de-injuria\\\/\"},\"wordCount\":242,\"publisher\":{\"@id\":\"https:\\\/\\\/latamjournalismreview.org\\\/pt-br\\\/#organization\"},\"keywords\":[\"Casos judiciais\",\"Col\u00f4mbia\",\"Difama\u00e7\u00e3o\",\"Liberdade de express\u00e3o\"],\"articleSection\":[\"Liberdade de imprensa\"],\"inLanguage\":\"pt-BR\"},{\"@type\":\"WebPage\",\"@id\":\"https:\\\/\\\/latamjournalismreview.org\\\/pt-br\\\/articles\\\/apos-nove-anos-de-julgamento-suprema-corte-do-chile-absolve-jornalista-acusado-de-injuria\\\/\",\"url\":\"https:\\\/\\\/latamjournalismreview.org\\\/pt-br\\\/articles\\\/apos-nove-anos-de-julgamento-suprema-corte-do-chile-absolve-jornalista-acusado-de-injuria\\\/\",\"name\":\"Ap\u00f3s nove anos de julgamento, Suprema Corte do Chile absolve jornalista acusado de inj\u00faria - LatAm Journalism Review by the Knight Center\",\"isPartOf\":{\"@id\":\"https:\\\/\\\/latamjournalismreview.org\\\/pt-br\\\/#website\"},\"datePublished\":\"2013-01-28T00:56:06+00:00\",\"dateModified\":\"2021-10-06T00:02:48+00:00\",\"description\":\"Ap\u00f3s nove anos de julgamento, Suprema Corte do Chile absolve jornalista acusado de inj\u00faria Liberdade de imprensa. Latin American Journalism Review by The Knight Center at The University of Texas at Austin.\",\"breadcrumb\":{\"@id\":\"https:\\\/\\\/latamjournalismreview.org\\\/pt-br\\\/articles\\\/apos-nove-anos-de-julgamento-suprema-corte-do-chile-absolve-jornalista-acusado-de-injuria\\\/#breadcrumb\"},\"inLanguage\":\"pt-BR\",\"potentialAction\":[{\"@type\":\"ReadAction\",\"target\":[\"https:\\\/\\\/latamjournalismreview.org\\\/pt-br\\\/articles\\\/apos-nove-anos-de-julgamento-suprema-corte-do-chile-absolve-jornalista-acusado-de-injuria\\\/\"]}]},{\"@type\":\"BreadcrumbList\",\"@id\":\"https:\\\/\\\/latamjournalismreview.org\\\/pt-br\\\/articles\\\/apos-nove-anos-de-julgamento-suprema-corte-do-chile-absolve-jornalista-acusado-de-injuria\\\/#breadcrumb\",\"itemListElement\":[{\"@type\":\"ListItem\",\"position\":1,\"name\":\"Home\",\"item\":\"https:\\\/\\\/latamjournalismreview.org\\\/pt-br\\\/\"},{\"@type\":\"ListItem\",\"position\":2,\"name\":\"Ap\u00f3s nove anos de julgamento, Suprema Corte do Chile absolve jornalista acusado de inj\u00faria\"}]},{\"@type\":\"WebSite\",\"@id\":\"https:\\\/\\\/latamjournalismreview.org\\\/pt-br\\\/#website\",\"url\":\"https:\\\/\\\/latamjournalismreview.org\\\/pt-br\\\/\",\"name\":\"LatAm Journalism Review\",\"description\":\"Digital magazine on journalism in Latin America\",\"publisher\":{\"@id\":\"https:\\\/\\\/latamjournalismreview.org\\\/pt-br\\\/#organization\"},\"potentialAction\":[{\"@type\":\"SearchAction\",\"target\":{\"@type\":\"EntryPoint\",\"urlTemplate\":\"https:\\\/\\\/latamjournalismreview.org\\\/pt-br\\\/?s={search_term_string}\"},\"query-input\":{\"@type\":\"PropertyValueSpecification\",\"valueRequired\":true,\"valueName\":\"search_term_string\"}}],\"inLanguage\":\"pt-BR\"},{\"@type\":\"Organization\",\"@id\":\"https:\\\/\\\/latamjournalismreview.org\\\/pt-br\\\/#organization\",\"name\":\"LatAm Journalism Review\",\"url\":\"https:\\\/\\\/latamjournalismreview.org\\\/pt-br\\\/\",\"logo\":{\"@type\":\"ImageObject\",\"inLanguage\":\"pt-BR\",\"@id\":\"https:\\\/\\\/latamjournalismreview.org\\\/pt-br\\\/#\\\/schema\\\/logo\\\/image\\\/\",\"url\":\"https:\\\/\\\/latamjournalismreview.org\\\/wp-content\\\/uploads\\\/2020\\\/05\\\/knight-latAm-review-logo.svg\",\"contentUrl\":\"https:\\\/\\\/latamjournalismreview.org\\\/wp-content\\\/uploads\\\/2020\\\/05\\\/knight-latAm-review-logo.svg\",\"width\":\"1024\",\"height\":\"1024\",\"caption\":\"LatAm Journalism Review\"},\"image\":{\"@id\":\"https:\\\/\\\/latamjournalismreview.org\\\/pt-br\\\/#\\\/schema\\\/logo\\\/image\\\/\"},\"sameAs\":[\"https:\\\/\\\/x.com\\\/LatAmJournalism\"]},{\"@type\":\"Person\",\"@id\":\"https:\\\/\\\/latamjournalismreview.org\\\/pt-br\\\/#\\\/schema\\\/person\\\/eac7baa6afada0957e047be9fc15703a\",\"name\":\"Silvia Higuera\",\"description\":\"Silvia A. Higuera Fl\u00f3rez is a Colombian journalist interested in covering Latin American issues and human rights, especially the right to freedom of expression, and investigative journalism. She studied Social Communication and Journalism at Universidad Pontificia Bolivariana in Bucaramanga (Colombia), and received her Master's of Arts in Journalism from the University of Texas at Austin in 2015. She worked with the Office of the Special Rapporteur for Freedom of Expression of the Inter-American Commission on Human Rights (IACHR) under the Orlando Sierra fellowship during 2014. She also worked for the Colombian newspaper Vanguardia Liberal and wrote for different magazines about local, economic and public order issues. Her work has also appeared in The Miami Herald and El Nuevo Herald of Miami. Email: silvia.knightcenter@gmail.com Silvia A. Higuera Fl\u00f3rez es una periodista colombiana con inter\u00e9s period\u00edstico es Am\u00e9rica Latina y los derechos humanos, particularmente el derecho a la libertad de expresi\u00f3n, as\u00ed como el periodismo de investigaci\u00f3n. Estudi\u00f3 Comunicaci\u00f3n Social \u2013 Periodismo en la Universidad Pontificia Bolivariana de Bucaramanga (Colombia), y recibi\u00f3 su maestr\u00eda en Periodismo en la Universidad de Texas, en Austin en 2015. Trabaj\u00f3 para la Relator\u00eda Especial para la Libertad de Expresi\u00f3n de la Comisi\u00f3n Interamericana de Derechos Humanos (CIDH) en el marco de la beca Orlando Sierra, durante 2014. Tambi\u00e9n hizo parte del diario Vanguardia Liberal y escribi\u00f3 para otras revistas colombianas cubriendo fuentes locales, econ\u00f3micas y judiciales. Algunos de sus trabajos han aparecido en The Miami Herald y El Nuevo Herald de Miami. Silvia A. Higuera Fl\u00f3rez \u00e9 uma jornalista colombiana e seu interesse jornal\u00edstico \u00e9 a Am\u00e9rica Latina e os direitos humanos, nomeadamente o direito \u00e0 liberdade de express\u00e3o. Estudou Comunica\u00e7\u00e3o Social \u2013 Jornalismo na Universidade Pontif\u00edcia Bolivariana de Bucaramanga, na Col\u00f4mbia e completou seu mestrado em jornalismo na Universidade do Texas em Austin. Silvia trabalhou na Relatoria para a Liberdade de Express\u00e3o da CIDH pela bolsa Orlando Sierra, em 2014. Trabalhou para o jornal Vanguardia Liberal e escreveu para outras revistas colombianas cobrindo temas locais, econ\u00f4micas e judici\u00e1rias. Alguns de seus trabalhos apareceram no The Miami Herald e no El Nuevo Herald de Miami.\",\"sameAs\":[\"https:\\\/\\\/x.com\\\/shiguerita\"],\"url\":\"https:\\\/\\\/latamjournalismreview.org\\\/pt-br\\\/articles\\\/author\\\/silvia-higuera\\\/\"}]}<\/script>\n<!-- \/ Yoast SEO Premium plugin. -->","yoast_head_json":{"title":"Ap\u00f3s nove anos de julgamento, Suprema Corte do Chile absolve jornalista acusado de inj\u00faria - LatAm Journalism Review by the Knight Center","description":"Ap\u00f3s nove anos de julgamento, Suprema Corte do Chile absolve jornalista acusado de inj\u00faria Liberdade de imprensa. Latin American Journalism Review by The Knight Center at The University of Texas at Austin.","robots":{"index":"index","follow":"follow","max-snippet":"max-snippet:-1","max-image-preview":"max-image-preview:large","max-video-preview":"max-video-preview:-1"},"canonical":"https:\/\/latamjournalismreview.org\/pt-br\/articles\/apos-nove-anos-de-julgamento-suprema-corte-do-chile-absolve-jornalista-acusado-de-injuria\/","og_locale":"pt_BR","og_type":"article","og_title":"Ap\u00f3s nove anos de julgamento, Suprema Corte do Chile absolve jornalista acusado de inj\u00faria","og_description":"Ap\u00f3s nove anos de julgamento, Suprema Corte do Chile absolve jornalista acusado de inj\u00faria Liberdade de imprensa. Latin American Journalism Review by The Knight Center at The University of Texas at Austin.","og_url":"https:\/\/latamjournalismreview.org\/pt-br\/articles\/apos-nove-anos-de-julgamento-suprema-corte-do-chile-absolve-jornalista-acusado-de-injuria\/","og_site_name":"LatAm Journalism Review by the Knight Center","article_published_time":"2013-01-28T00:56:06+00:00","article_modified_time":"2021-10-06T00:02:48+00:00","author":"Silvia Higuera","twitter_card":"summary_large_image","twitter_creator":"@shiguerita","twitter_site":"@LatAmJournalism","twitter_misc":{"Written by":"Silvia Higuera","Est. reading time":"1 minuto"},"schema":{"@context":"https:\/\/schema.org","@graph":[{"@type":"Article","@id":"https:\/\/latamjournalismreview.org\/pt-br\/articles\/apos-nove-anos-de-julgamento-suprema-corte-do-chile-absolve-jornalista-acusado-de-injuria\/#article","isPartOf":{"@id":"https:\/\/latamjournalismreview.org\/pt-br\/articles\/apos-nove-anos-de-julgamento-suprema-corte-do-chile-absolve-jornalista-acusado-de-injuria\/"},"author":{"name":"Silvia Higuera","@id":"https:\/\/latamjournalismreview.org\/pt-br\/#\/schema\/person\/eac7baa6afada0957e047be9fc15703a"},"headline":"Ap\u00f3s nove anos de julgamento, Suprema Corte do Chile absolve jornalista acusado de inj\u00faria","datePublished":"2013-01-28T00:56:06+00:00","dateModified":"2021-10-06T00:02:48+00:00","mainEntityOfPage":{"@id":"https:\/\/latamjournalismreview.org\/pt-br\/articles\/apos-nove-anos-de-julgamento-suprema-corte-do-chile-absolve-jornalista-acusado-de-injuria\/"},"wordCount":242,"publisher":{"@id":"https:\/\/latamjournalismreview.org\/pt-br\/#organization"},"keywords":["Casos judiciais","Col\u00f4mbia","Difama\u00e7\u00e3o","Liberdade de express\u00e3o"],"articleSection":["Liberdade de imprensa"],"inLanguage":"pt-BR"},{"@type":"WebPage","@id":"https:\/\/latamjournalismreview.org\/pt-br\/articles\/apos-nove-anos-de-julgamento-suprema-corte-do-chile-absolve-jornalista-acusado-de-injuria\/","url":"https:\/\/latamjournalismreview.org\/pt-br\/articles\/apos-nove-anos-de-julgamento-suprema-corte-do-chile-absolve-jornalista-acusado-de-injuria\/","name":"Ap\u00f3s nove anos de julgamento, Suprema Corte do Chile absolve jornalista acusado de inj\u00faria - LatAm Journalism Review by the Knight Center","isPartOf":{"@id":"https:\/\/latamjournalismreview.org\/pt-br\/#website"},"datePublished":"2013-01-28T00:56:06+00:00","dateModified":"2021-10-06T00:02:48+00:00","description":"Ap\u00f3s nove anos de julgamento, Suprema Corte do Chile absolve jornalista acusado de inj\u00faria Liberdade de imprensa. Latin American Journalism Review by The Knight Center at The University of Texas at Austin.","breadcrumb":{"@id":"https:\/\/latamjournalismreview.org\/pt-br\/articles\/apos-nove-anos-de-julgamento-suprema-corte-do-chile-absolve-jornalista-acusado-de-injuria\/#breadcrumb"},"inLanguage":"pt-BR","potentialAction":[{"@type":"ReadAction","target":["https:\/\/latamjournalismreview.org\/pt-br\/articles\/apos-nove-anos-de-julgamento-suprema-corte-do-chile-absolve-jornalista-acusado-de-injuria\/"]}]},{"@type":"BreadcrumbList","@id":"https:\/\/latamjournalismreview.org\/pt-br\/articles\/apos-nove-anos-de-julgamento-suprema-corte-do-chile-absolve-jornalista-acusado-de-injuria\/#breadcrumb","itemListElement":[{"@type":"ListItem","position":1,"name":"Home","item":"https:\/\/latamjournalismreview.org\/pt-br\/"},{"@type":"ListItem","position":2,"name":"Ap\u00f3s nove anos de julgamento, Suprema Corte do Chile absolve jornalista acusado de inj\u00faria"}]},{"@type":"WebSite","@id":"https:\/\/latamjournalismreview.org\/pt-br\/#website","url":"https:\/\/latamjournalismreview.org\/pt-br\/","name":"LatAm Journalism Review","description":"Digital magazine on journalism in Latin America","publisher":{"@id":"https:\/\/latamjournalismreview.org\/pt-br\/#organization"},"potentialAction":[{"@type":"SearchAction","target":{"@type":"EntryPoint","urlTemplate":"https:\/\/latamjournalismreview.org\/pt-br\/?s={search_term_string}"},"query-input":{"@type":"PropertyValueSpecification","valueRequired":true,"valueName":"search_term_string"}}],"inLanguage":"pt-BR"},{"@type":"Organization","@id":"https:\/\/latamjournalismreview.org\/pt-br\/#organization","name":"LatAm Journalism Review","url":"https:\/\/latamjournalismreview.org\/pt-br\/","logo":{"@type":"ImageObject","inLanguage":"pt-BR","@id":"https:\/\/latamjournalismreview.org\/pt-br\/#\/schema\/logo\/image\/","url":"https:\/\/latamjournalismreview.org\/wp-content\/uploads\/2020\/05\/knight-latAm-review-logo.svg","contentUrl":"https:\/\/latamjournalismreview.org\/wp-content\/uploads\/2020\/05\/knight-latAm-review-logo.svg","width":"1024","height":"1024","caption":"LatAm Journalism Review"},"image":{"@id":"https:\/\/latamjournalismreview.org\/pt-br\/#\/schema\/logo\/image\/"},"sameAs":["https:\/\/x.com\/LatAmJournalism"]},{"@type":"Person","@id":"https:\/\/latamjournalismreview.org\/pt-br\/#\/schema\/person\/eac7baa6afada0957e047be9fc15703a","name":"Silvia Higuera","description":"Silvia A. Higuera Fl\u00f3rez is a Colombian journalist interested in covering Latin American issues and human rights, especially the right to freedom of expression, and investigative journalism. She studied Social Communication and Journalism at Universidad Pontificia Bolivariana in Bucaramanga (Colombia), and received her Master's of Arts in Journalism from the University of Texas at Austin in 2015. She worked with the Office of the Special Rapporteur for Freedom of Expression of the Inter-American Commission on Human Rights (IACHR) under the Orlando Sierra fellowship during 2014. She also worked for the Colombian newspaper Vanguardia Liberal and wrote for different magazines about local, economic and public order issues. Her work has also appeared in The Miami Herald and El Nuevo Herald of Miami. Email: silvia.knightcenter@gmail.com Silvia A. Higuera Fl\u00f3rez es una periodista colombiana con inter\u00e9s period\u00edstico es Am\u00e9rica Latina y los derechos humanos, particularmente el derecho a la libertad de expresi\u00f3n, as\u00ed como el periodismo de investigaci\u00f3n. Estudi\u00f3 Comunicaci\u00f3n Social \u2013 Periodismo en la Universidad Pontificia Bolivariana de Bucaramanga (Colombia), y recibi\u00f3 su maestr\u00eda en Periodismo en la Universidad de Texas, en Austin en 2015. Trabaj\u00f3 para la Relator\u00eda Especial para la Libertad de Expresi\u00f3n de la Comisi\u00f3n Interamericana de Derechos Humanos (CIDH) en el marco de la beca Orlando Sierra, durante 2014. Tambi\u00e9n hizo parte del diario Vanguardia Liberal y escribi\u00f3 para otras revistas colombianas cubriendo fuentes locales, econ\u00f3micas y judiciales. Algunos de sus trabajos han aparecido en The Miami Herald y El Nuevo Herald de Miami. Silvia A. Higuera Fl\u00f3rez \u00e9 uma jornalista colombiana e seu interesse jornal\u00edstico \u00e9 a Am\u00e9rica Latina e os direitos humanos, nomeadamente o direito \u00e0 liberdade de express\u00e3o. Estudou Comunica\u00e7\u00e3o Social \u2013 Jornalismo na Universidade Pontif\u00edcia Bolivariana de Bucaramanga, na Col\u00f4mbia e completou seu mestrado em jornalismo na Universidade do Texas em Austin. Silvia trabalhou na Relatoria para a Liberdade de Express\u00e3o da CIDH pela bolsa Orlando Sierra, em 2014. Trabalhou para o jornal Vanguardia Liberal e escreveu para outras revistas colombianas cobrindo temas locais, econ\u00f4micas e judici\u00e1rias. Alguns de seus trabalhos apareceram no The Miami Herald e no El Nuevo Herald de Miami.","sameAs":["https:\/\/x.com\/shiguerita"],"url":"https:\/\/latamjournalismreview.org\/pt-br\/articles\/author\/silvia-higuera\/"}]}},"_links":{"self":[{"href":"https:\/\/latamjournalismreview.org\/pt-br\/wp-json\/wp\/v2\/posts\/36019","targetHints":{"allow":["GET"]}}],"collection":[{"href":"https:\/\/latamjournalismreview.org\/pt-br\/wp-json\/wp\/v2\/posts"}],"about":[{"href":"https:\/\/latamjournalismreview.org\/pt-br\/wp-json\/wp\/v2\/types\/post"}],"author":[{"embeddable":true,"href":"https:\/\/latamjournalismreview.org\/pt-br\/wp-json\/wp\/v2\/users\/13"}],"replies":[{"embeddable":true,"href":"https:\/\/latamjournalismreview.org\/pt-br\/wp-json\/wp\/v2\/comments?post=36019"}],"version-history":[{"count":1,"href":"https:\/\/latamjournalismreview.org\/pt-br\/wp-json\/wp\/v2\/posts\/36019\/revisions"}],"predecessor-version":[{"id":36020,"href":"https:\/\/latamjournalismreview.org\/pt-br\/wp-json\/wp\/v2\/posts\/36019\/revisions\/36020"}],"wp:attachment":[{"href":"https:\/\/latamjournalismreview.org\/pt-br\/wp-json\/wp\/v2\/media?parent=36019"}],"wp:term":[{"taxonomy":"category","embeddable":true,"href":"https:\/\/latamjournalismreview.org\/pt-br\/wp-json\/wp\/v2\/categories?post=36019"},{"taxonomy":"post_tag","embeddable":true,"href":"https:\/\/latamjournalismreview.org\/pt-br\/wp-json\/wp\/v2\/tags?post=36019"},{"taxonomy":"author","embeddable":true,"href":"https:\/\/latamjournalismreview.org\/pt-br\/wp-json\/wp\/v2\/coauthors?post=36019"}],"curies":[{"name":"wp","href":"https:\/\/api.w.org\/{rel}","templated":true}]}}