{"id":36057,"date":"2013-01-24T14:47:10","date_gmt":"2013-01-24T19:47:10","guid":{"rendered":"https:\/\/latamjournalismreview.org\/?p=36057"},"modified":"2021-10-05T19:30:23","modified_gmt":"2021-10-06T00:30:23","slug":"apos-a-operacao-de-hugo-chavez-governo-venezuelano-controla-informacoes-e-imagens-do-presidente-do-pais","status":"publish","type":"post","link":"https:\/\/latamjournalismreview.org\/pt-br\/articles\/apos-a-operacao-de-hugo-chavez-governo-venezuelano-controla-informacoes-e-imagens-do-presidente-do-pais\/","title":{"rendered":"Ap\u00f3s a opera\u00e7\u00e3o de Hugo Ch\u00e1vez, governo venezuelano controla informa\u00e7\u00f5es e imagens do presidente do pa\u00eds"},"content":{"rendered":"<p><em>Por Alejandro Mart\u00ednez<\/em><\/p>\n<p>Mais de 40 dias ap\u00f3s a viagem do presidente da Venezuela, Hugo Ch\u00e1vez, para Cuba, para uma cirurgia, uma foto come\u00e7ou a circular nas <a href=\"https:\/\/twitter.com\/search?q=%23chavez\" target=\"_blank\" rel=\"noopener\">redes sociais<\/a> na quarta-feira 23 de janeiro. Na imagem, <a href=\"http:\/\/actualidad.rt.com\/actualidad\/view\/84545-Fotografia-Hugo-Chavez-Cuba\" target=\"_blank\" rel=\"noopener\">o mandat\u00e1rio aparece caminhando com a ajuda de outra pessoas<\/a>. No entanto, o governo venezuelano n\u00e3o confirma quando a fotografia feita - e muitos usu\u00e1rios questionam se ela \u00e9 recente.<\/p>\n<p>Enquanto isso, <a href=\"http:\/\/www.abc.es\/medios-redes\/20130124\/abci-foto-falsa-hugo-chavez-201301240951.html\" target=\"_blank\" rel=\"noopener\">uma fotografia falsa<\/a>, que supostamente mostrava o presidente entubado em uma sala de opera\u00e7\u00e3o, chegou \u00e0 capa da edi\u00e7\u00e3o de 24 de janeiro do jornal espanhol El Pa\u00eds. o di\u00e1rio <a href=\"http:\/\/internacional.elpais.com\/internacional\/2013\/01\/24\/actualidad\/1359002703_817602.html\" target=\"_blank\" rel=\"noopener\">interrompeu a distribui\u00e7\u00e3o dos exemplares<\/a> e produziu uma nova edi\u00e7\u00e3o na madrugada, pedindo desculpas a aos leitores pelo \"preju\u00edzo causado\".<\/p>\n<p>Os dois casos ilustram a intensa especula\u00e7\u00e3o em torno do estado de sa\u00fade do presidente, por sua vez alimentada pela falta de informa\u00e7\u00f5es do governo. Os ve\u00edculos oficiais <a href=\"http:\/\/knightcenter.utexas.edu\/blog\/00-12530-venezuelan-state-television-broadcasts-videos-healthy-chavez-present-picture-stability\" target=\"_blank\" rel=\"noopener\">t\u00eam divulgado um v\u00eddeo com imagens de arquivo de um Ch\u00e1vez saud\u00e1vel<\/a>. Na semana passada, o governo tamb\u00e9m <a href=\"https:\/\/knightcenter.utexas.edu\/pt-br\/blog\/00-12542-sancao-globovision-apos-video-sobre-constituicao-venezuelana-e-classificada-como-assed\" target=\"_blank\" rel=\"noopener\">puniu a emissora de TV Globovisi\u00f3n<\/a> pela transmiss\u00e3o de uma s\u00e9rie curtos v\u00eddeos sobre o que diz a Constitui\u00e7\u00e3o venezuelana a respeito da aus\u00eancia do presidente.<\/p>\n<p>Para jornalistas e analistas, os poucos detalhes sobre a sa\u00fade de Ch\u00e1vez, os v\u00eddeos nos ve\u00edculos oficiais e recentes press\u00f5es contra meios opositores sugerem que o governo venezuelano est\u00e1 tentando exercer um controle maior sobre o fluxo de informa\u00e7\u00f5es e promover uma imagem de estabilidade em um momento cr\u00edtico para a administra\u00e7\u00e3o federal.<\/p>\n<p>Em 11 de dezembro, Ch\u00e1vez passou por uma opera\u00e7\u00e3o em Cuba, para tratar um c\u00e2ncer na regi\u00e3o p\u00e9lvica. O vice-presidente, Nicol\u00e1s Maduro, chamou a cirurgia de \"dif\u00edcil e complexa\". N\u00e3o foram divulgadas fotos ou imagens em v\u00eddeo do presidente desde ent\u00e3o.<\/p>\n<p>Como consequ\u00eancia, Ch\u00e1vez -- que foi eleito para um quarto mandato- n\u00e3o pode estar presente na cerim\u00f4nia de posse, que, segundo a Constitui\u00e7\u00e3o, deve ser realizada no dia 10 de janeiro. Sua aus\u00eancia provocou um debate sobre a capacidade do presidente de continuar comandando o pa\u00edses, com os opositores pedindo que <a href=\"http:\/\/www.excelsior.com.mx\/2013\/01\/08\/global\/878425\" target=\"_blank\" rel=\"noopener\">os poderes presidenciais sejam transferidas para o presidente da Assembleia Nacional<\/a>, Diosdado Cabello. A dois da cerim\u00f4nia, a Assembleia Nacional decidiu que Ch\u00e1vez <a href=\"http:\/\/www.avn.info.ve\/contenido\/acord%C3%B3-respetar-decisi%C3%B3n-que-tom%C3%B3-pueblo-7o-y-abogar-recuperaci%C3%B3n-del-presidente\">assumiria ao se recuperar<\/a>.<\/p>\n<p>O governo venezuelano tem compartilhado algumas informa\u00e7\u00f5es sobre o estado de sa\u00fade do presidente <a href=\"http:\/\/www.vtv.gob.ve\/articulos\/2013\/01\/23\/vicepdte.-maduro-201chugo-chavez-esta-en-su-mejor-momento-posoperatorio201d-5468.html\" target=\"_blank\" rel=\"noopener\">algumas informa\u00e7\u00f5es sobre o estado de sa\u00fade do presidente<\/a>.<\/p>\n<div><iframe src=\"http:\/\/www.youtube.com\/embed\/7OSgZAZsQOc?feature=player_embedded\" width=\"300\" frameborder=\"0\" allowfullscreen=\"allowfullscreen\" data-mce-fragment=\"1\"><\/iframe>&nbsp;<\/p>\n<p>Cronologia sobre a sa\u00fade de Hugo Ch\u00e1vez na emissora estatal VTV.<\/p>\n<\/div>\n<p>No entanto, apesar dos constantes comunicados do governo, o tema esteve, em geral, ausente no debate eleitoral, considerando que at\u00e9 hoje <a href=\"http:\/\/www.thedailybeast.com\/articles\/2012\/12\/11\/which-cancer-is-hugo-chavez-fighting.html\" target=\"_blank\" rel=\"noopener\">se ignora o tipo de c\u00e2ncer de que ele sofre<\/a>. A administra\u00e7\u00e3o chavista cada vez enfrenta <a href=\"http:\/\/www.elnuevoherald.com\/2013\/01\/22\/v-fullstory\/1389326\/presionan-al-gobierno-venezolano.html\" target=\"_blank\" rel=\"noopener\">mais perguntas<\/a> sobre a situa\u00e7\u00e3o do presidente.<\/p>\n<p>Carlos Correa, diretor executivo da <a href=\"http:\/\/www.espaciopublico.org\/\" target=\"_blank\" rel=\"noopener\">Espacio P\u00fablico<\/a>, uma organiza\u00e7\u00e3o civil dedicada \u00e0 defesa da liberdade de express\u00e3o na Venezuela, disse ao <strong>Centro Knight para o Jornalismo nas Am\u00e9ricas <\/strong>que muitas informa\u00e7\u00f5es sobre o governo venezuelano v\u00eam de fontes extraoficiais, mas, nos \u00faltimos meses, parece que menos pessoas t\u00eam acesso ao presidente e o controle da informa\u00e7\u00e3o sobre a sa\u00fade dele tem aumentado.<\/p>\n<p>O governo tem reagido com san\u00e7\u00f5es e desacredita\u00e7\u00f5es p\u00fablicas contra os ve\u00edculos que fazem perguntas sobre a capacidade de Ch\u00e1vez de exercer suas fun\u00e7\u00f5es<\/p>\n<div><iframe src=\"https:\/\/www.youtube.com\/embed\/ItTHSERvT-Y\" width=\"300\" frameborder=\"0\" allowfullscreen=\"allowfullscreen\" data-mce-fragment=\"1\"><\/iframe><\/div>\n<p>Em 9 de janeiro, a Comiss\u00e3o Nacional de Telecomunica\u00e7\u00f5es (Conatel) da Venezuela <a href=\"https:\/\/knightcenter.utexas.edu\/pt-br\/blog\/00-12542-sancao-globovision-apos-video-sobre-constituicao-venezuelana-e-classificada-como-assed\" target=\"_blank\" rel=\"noopener\">abriu um processo contra o canal Globovisi\u00f3n<\/a>, ap\u00f3s a divulga\u00e7\u00e3o de uma s\u00e9rie de v\u00eddeos sobre as normas constitucionais a respeito da posse do presidente.<\/p>\n<p>As san\u00e7\u00f5es contra a Globovisi\u00f3n tamb\u00e9m provocaram certa autocensura entre os ve\u00edculos.<\/p>\n<p>Para ler este texto na \u00edntegra, em espanhol, clique <a href=\"https:\/\/knightcenter.utexas.edu\/es\/blog\/00-12668-tras-operacion-de-chavez-gobierno-venezolano-cuida-imagen-y-flujo-de-informacion\" target=\"_blank\" rel=\"noopener\">aqui<\/a>.<\/p>\n<p><em>Nota do editor: Essa hist\u00f3ria foi publicada originalmente no blog Jornalismo nas Am\u00e9ricas do Centro Knight, o predecessor do LatAm Journalism Review.<\/em><\/p>\n","protected":false},"excerpt":{"rendered":"<p>Mais de 40 dias ap\u00f3s a viagem do presidente da Venezuela, Hugo Ch\u00e1vez, para Cuba, para uma cirurgia, uma foto come\u00e7ou a circular nas redes sociais na quarta-feira 23 de janeiro.<\/p>\n","protected":false},"author":22,"featured_media":0,"comment_status":"closed","ping_status":"closed","sticky":false,"template":"","format":"standard","meta":{"inline_featured_image":false,"footnotes":""},"categories":[1228],"tags":[1555,2051,1602,1402],"coauthors":[],"class_list":["post-36057","post","type-post","status-publish","format-standard","hentry","category-acesso-a-informacao-pt-br","tag-acesso-a-informacao-pt-br","tag-liberdade-de-expressao-pt-br","tag-midia-publica-pt-br","tag-venezuela-pt-br"],"acf":[],"yoast_head":"<!-- This site is optimized with the Yoast SEO Premium plugin v22.6 (Yoast SEO v27.4) - https:\/\/yoast.com\/product\/yoast-seo-premium-wordpress\/ -->\n<title>Ap\u00f3s a opera\u00e7\u00e3o de Hugo Ch\u00e1vez, governo venezuelano controla informa\u00e7\u00f5es e imagens do presidente do pa\u00eds - LatAm Journalism Review by the Knight Center<\/title>\n<meta name=\"description\" content=\"Ap\u00f3s a opera\u00e7\u00e3o de Hugo Ch\u00e1vez, governo venezuelano controla informa\u00e7\u00f5es e imagens do presidente do pa\u00eds Acesso a informa\u00e7\u00e3o. Latin American Journalism Review by The Knight Center at The University of Texas at Austin.\" \/>\n<meta name=\"robots\" content=\"index, follow, max-snippet:-1, max-image-preview:large, max-video-preview:-1\" \/>\n<link rel=\"canonical\" href=\"https:\/\/latamjournalismreview.org\/pt-br\/articles\/apos-a-operacao-de-hugo-chavez-governo-venezuelano-controla-informacoes-e-imagens-do-presidente-do-pais\/\" \/>\n<meta property=\"og:locale\" content=\"pt_BR\" \/>\n<meta property=\"og:type\" content=\"article\" \/>\n<meta property=\"og:title\" content=\"Ap\u00f3s a opera\u00e7\u00e3o de Hugo Ch\u00e1vez, governo venezuelano controla informa\u00e7\u00f5es e imagens do presidente do pa\u00eds\" \/>\n<meta property=\"og:description\" content=\"Ap\u00f3s a opera\u00e7\u00e3o de Hugo Ch\u00e1vez, governo venezuelano controla informa\u00e7\u00f5es e imagens do presidente do pa\u00eds Acesso a informa\u00e7\u00e3o. Latin American Journalism Review by The Knight Center at The University of Texas at Austin.\" \/>\n<meta property=\"og:url\" content=\"https:\/\/latamjournalismreview.org\/pt-br\/articles\/apos-a-operacao-de-hugo-chavez-governo-venezuelano-controla-informacoes-e-imagens-do-presidente-do-pais\/\" \/>\n<meta property=\"og:site_name\" content=\"LatAm Journalism Review by the Knight Center\" \/>\n<meta property=\"article:published_time\" content=\"2013-01-24T19:47:10+00:00\" \/>\n<meta property=\"article:modified_time\" content=\"2021-10-06T00:30:23+00:00\" \/>\n<meta name=\"author\" content=\"Knight Center\" \/>\n<meta name=\"twitter:card\" content=\"summary_large_image\" \/>\n<meta name=\"twitter:creator\" content=\"@LatAmJournalism\" \/>\n<meta name=\"twitter:site\" content=\"@LatAmJournalism\" \/>\n<meta name=\"twitter:label1\" content=\"Written by\" \/>\n\t<meta name=\"twitter:data1\" content=\"Knight Center\" \/>\n\t<meta name=\"twitter:label2\" content=\"Est. reading time\" \/>\n\t<meta name=\"twitter:data2\" content=\"3 minutos\" \/>\n<script type=\"application\/ld+json\" class=\"yoast-schema-graph\">{\"@context\":\"https:\\\/\\\/schema.org\",\"@graph\":[{\"@type\":\"Article\",\"@id\":\"https:\\\/\\\/latamjournalismreview.org\\\/pt-br\\\/articles\\\/apos-a-operacao-de-hugo-chavez-governo-venezuelano-controla-informacoes-e-imagens-do-presidente-do-pais\\\/#article\",\"isPartOf\":{\"@id\":\"https:\\\/\\\/latamjournalismreview.org\\\/pt-br\\\/articles\\\/apos-a-operacao-de-hugo-chavez-governo-venezuelano-controla-informacoes-e-imagens-do-presidente-do-pais\\\/\"},\"author\":{\"name\":\"Knight Center\",\"@id\":\"https:\\\/\\\/latamjournalismreview.org\\\/pt-br\\\/#\\\/schema\\\/person\\\/6c325fd0fef0cd167424c683e6577e19\"},\"headline\":\"Ap\u00f3s a opera\u00e7\u00e3o de Hugo Ch\u00e1vez, governo venezuelano controla informa\u00e7\u00f5es e imagens do presidente do pa\u00eds\",\"datePublished\":\"2013-01-24T19:47:10+00:00\",\"dateModified\":\"2021-10-06T00:30:23+00:00\",\"mainEntityOfPage\":{\"@id\":\"https:\\\/\\\/latamjournalismreview.org\\\/pt-br\\\/articles\\\/apos-a-operacao-de-hugo-chavez-governo-venezuelano-controla-informacoes-e-imagens-do-presidente-do-pais\\\/\"},\"wordCount\":713,\"publisher\":{\"@id\":\"https:\\\/\\\/latamjournalismreview.org\\\/pt-br\\\/#organization\"},\"keywords\":[\"Acesso a informa\u00e7\u00e3o\",\"Liberdade de express\u00e3o\",\"M\u00eddia p\u00fablica\",\"Venezuela\"],\"articleSection\":[\"Acesso a informa\u00e7\u00e3o\"],\"inLanguage\":\"pt-BR\"},{\"@type\":\"WebPage\",\"@id\":\"https:\\\/\\\/latamjournalismreview.org\\\/pt-br\\\/articles\\\/apos-a-operacao-de-hugo-chavez-governo-venezuelano-controla-informacoes-e-imagens-do-presidente-do-pais\\\/\",\"url\":\"https:\\\/\\\/latamjournalismreview.org\\\/pt-br\\\/articles\\\/apos-a-operacao-de-hugo-chavez-governo-venezuelano-controla-informacoes-e-imagens-do-presidente-do-pais\\\/\",\"name\":\"Ap\u00f3s a opera\u00e7\u00e3o de Hugo Ch\u00e1vez, governo venezuelano controla informa\u00e7\u00f5es e imagens do presidente do pa\u00eds - LatAm Journalism Review by the Knight Center\",\"isPartOf\":{\"@id\":\"https:\\\/\\\/latamjournalismreview.org\\\/pt-br\\\/#website\"},\"datePublished\":\"2013-01-24T19:47:10+00:00\",\"dateModified\":\"2021-10-06T00:30:23+00:00\",\"description\":\"Ap\u00f3s a opera\u00e7\u00e3o de Hugo Ch\u00e1vez, governo venezuelano controla informa\u00e7\u00f5es e imagens do presidente do pa\u00eds Acesso a informa\u00e7\u00e3o. Latin American Journalism Review by The Knight Center at The University of Texas at Austin.\",\"breadcrumb\":{\"@id\":\"https:\\\/\\\/latamjournalismreview.org\\\/pt-br\\\/articles\\\/apos-a-operacao-de-hugo-chavez-governo-venezuelano-controla-informacoes-e-imagens-do-presidente-do-pais\\\/#breadcrumb\"},\"inLanguage\":\"pt-BR\",\"potentialAction\":[{\"@type\":\"ReadAction\",\"target\":[\"https:\\\/\\\/latamjournalismreview.org\\\/pt-br\\\/articles\\\/apos-a-operacao-de-hugo-chavez-governo-venezuelano-controla-informacoes-e-imagens-do-presidente-do-pais\\\/\"]}]},{\"@type\":\"BreadcrumbList\",\"@id\":\"https:\\\/\\\/latamjournalismreview.org\\\/pt-br\\\/articles\\\/apos-a-operacao-de-hugo-chavez-governo-venezuelano-controla-informacoes-e-imagens-do-presidente-do-pais\\\/#breadcrumb\",\"itemListElement\":[{\"@type\":\"ListItem\",\"position\":1,\"name\":\"Home\",\"item\":\"https:\\\/\\\/latamjournalismreview.org\\\/pt-br\\\/\"},{\"@type\":\"ListItem\",\"position\":2,\"name\":\"Ap\u00f3s a opera\u00e7\u00e3o de Hugo Ch\u00e1vez, governo venezuelano controla informa\u00e7\u00f5es e imagens do presidente do pa\u00eds\"}]},{\"@type\":\"WebSite\",\"@id\":\"https:\\\/\\\/latamjournalismreview.org\\\/pt-br\\\/#website\",\"url\":\"https:\\\/\\\/latamjournalismreview.org\\\/pt-br\\\/\",\"name\":\"LatAm Journalism Review\",\"description\":\"Digital magazine on journalism in Latin America\",\"publisher\":{\"@id\":\"https:\\\/\\\/latamjournalismreview.org\\\/pt-br\\\/#organization\"},\"potentialAction\":[{\"@type\":\"SearchAction\",\"target\":{\"@type\":\"EntryPoint\",\"urlTemplate\":\"https:\\\/\\\/latamjournalismreview.org\\\/pt-br\\\/?s={search_term_string}\"},\"query-input\":{\"@type\":\"PropertyValueSpecification\",\"valueRequired\":true,\"valueName\":\"search_term_string\"}}],\"inLanguage\":\"pt-BR\"},{\"@type\":\"Organization\",\"@id\":\"https:\\\/\\\/latamjournalismreview.org\\\/pt-br\\\/#organization\",\"name\":\"LatAm Journalism Review\",\"url\":\"https:\\\/\\\/latamjournalismreview.org\\\/pt-br\\\/\",\"logo\":{\"@type\":\"ImageObject\",\"inLanguage\":\"pt-BR\",\"@id\":\"https:\\\/\\\/latamjournalismreview.org\\\/pt-br\\\/#\\\/schema\\\/logo\\\/image\\\/\",\"url\":\"https:\\\/\\\/latamjournalismreview.org\\\/wp-content\\\/uploads\\\/2020\\\/05\\\/knight-latAm-review-logo.svg\",\"contentUrl\":\"https:\\\/\\\/latamjournalismreview.org\\\/wp-content\\\/uploads\\\/2020\\\/05\\\/knight-latAm-review-logo.svg\",\"width\":\"1024\",\"height\":\"1024\",\"caption\":\"LatAm Journalism Review\"},\"image\":{\"@id\":\"https:\\\/\\\/latamjournalismreview.org\\\/pt-br\\\/#\\\/schema\\\/logo\\\/image\\\/\"},\"sameAs\":[\"https:\\\/\\\/x.com\\\/LatAmJournalism\"]},{\"@type\":\"Person\",\"@id\":\"https:\\\/\\\/latamjournalismreview.org\\\/pt-br\\\/#\\\/schema\\\/person\\\/6c325fd0fef0cd167424c683e6577e19\",\"name\":\"Knight Center\",\"url\":\"https:\\\/\\\/latamjournalismreview.org\\\/pt-br\\\/articles\\\/author\\\/knight-center\\\/\"}]}<\/script>\n<!-- \/ Yoast SEO Premium plugin. -->","yoast_head_json":{"title":"Ap\u00f3s a opera\u00e7\u00e3o de Hugo Ch\u00e1vez, governo venezuelano controla informa\u00e7\u00f5es e imagens do presidente do pa\u00eds - LatAm Journalism Review by the Knight Center","description":"Ap\u00f3s a opera\u00e7\u00e3o de Hugo Ch\u00e1vez, governo venezuelano controla informa\u00e7\u00f5es e imagens do presidente do pa\u00eds Acesso a informa\u00e7\u00e3o. Latin American Journalism Review by The Knight Center at The University of Texas at Austin.","robots":{"index":"index","follow":"follow","max-snippet":"max-snippet:-1","max-image-preview":"max-image-preview:large","max-video-preview":"max-video-preview:-1"},"canonical":"https:\/\/latamjournalismreview.org\/pt-br\/articles\/apos-a-operacao-de-hugo-chavez-governo-venezuelano-controla-informacoes-e-imagens-do-presidente-do-pais\/","og_locale":"pt_BR","og_type":"article","og_title":"Ap\u00f3s a opera\u00e7\u00e3o de Hugo Ch\u00e1vez, governo venezuelano controla informa\u00e7\u00f5es e imagens do presidente do pa\u00eds","og_description":"Ap\u00f3s a opera\u00e7\u00e3o de Hugo Ch\u00e1vez, governo venezuelano controla informa\u00e7\u00f5es e imagens do presidente do pa\u00eds Acesso a informa\u00e7\u00e3o. Latin American Journalism Review by The Knight Center at The University of Texas at Austin.","og_url":"https:\/\/latamjournalismreview.org\/pt-br\/articles\/apos-a-operacao-de-hugo-chavez-governo-venezuelano-controla-informacoes-e-imagens-do-presidente-do-pais\/","og_site_name":"LatAm Journalism Review by the Knight Center","article_published_time":"2013-01-24T19:47:10+00:00","article_modified_time":"2021-10-06T00:30:23+00:00","author":"Knight Center","twitter_card":"summary_large_image","twitter_creator":"@LatAmJournalism","twitter_site":"@LatAmJournalism","twitter_misc":{"Written by":"Knight Center","Est. reading time":"3 minutos"},"schema":{"@context":"https:\/\/schema.org","@graph":[{"@type":"Article","@id":"https:\/\/latamjournalismreview.org\/pt-br\/articles\/apos-a-operacao-de-hugo-chavez-governo-venezuelano-controla-informacoes-e-imagens-do-presidente-do-pais\/#article","isPartOf":{"@id":"https:\/\/latamjournalismreview.org\/pt-br\/articles\/apos-a-operacao-de-hugo-chavez-governo-venezuelano-controla-informacoes-e-imagens-do-presidente-do-pais\/"},"author":{"name":"Knight Center","@id":"https:\/\/latamjournalismreview.org\/pt-br\/#\/schema\/person\/6c325fd0fef0cd167424c683e6577e19"},"headline":"Ap\u00f3s a opera\u00e7\u00e3o de Hugo Ch\u00e1vez, governo venezuelano controla informa\u00e7\u00f5es e imagens do presidente do pa\u00eds","datePublished":"2013-01-24T19:47:10+00:00","dateModified":"2021-10-06T00:30:23+00:00","mainEntityOfPage":{"@id":"https:\/\/latamjournalismreview.org\/pt-br\/articles\/apos-a-operacao-de-hugo-chavez-governo-venezuelano-controla-informacoes-e-imagens-do-presidente-do-pais\/"},"wordCount":713,"publisher":{"@id":"https:\/\/latamjournalismreview.org\/pt-br\/#organization"},"keywords":["Acesso a informa\u00e7\u00e3o","Liberdade de express\u00e3o","M\u00eddia p\u00fablica","Venezuela"],"articleSection":["Acesso a informa\u00e7\u00e3o"],"inLanguage":"pt-BR"},{"@type":"WebPage","@id":"https:\/\/latamjournalismreview.org\/pt-br\/articles\/apos-a-operacao-de-hugo-chavez-governo-venezuelano-controla-informacoes-e-imagens-do-presidente-do-pais\/","url":"https:\/\/latamjournalismreview.org\/pt-br\/articles\/apos-a-operacao-de-hugo-chavez-governo-venezuelano-controla-informacoes-e-imagens-do-presidente-do-pais\/","name":"Ap\u00f3s a opera\u00e7\u00e3o de Hugo Ch\u00e1vez, governo venezuelano controla informa\u00e7\u00f5es e imagens do presidente do pa\u00eds - LatAm Journalism Review by the Knight Center","isPartOf":{"@id":"https:\/\/latamjournalismreview.org\/pt-br\/#website"},"datePublished":"2013-01-24T19:47:10+00:00","dateModified":"2021-10-06T00:30:23+00:00","description":"Ap\u00f3s a opera\u00e7\u00e3o de Hugo Ch\u00e1vez, governo venezuelano controla informa\u00e7\u00f5es e imagens do presidente do pa\u00eds Acesso a informa\u00e7\u00e3o. Latin American Journalism Review by The Knight Center at The University of Texas at Austin.","breadcrumb":{"@id":"https:\/\/latamjournalismreview.org\/pt-br\/articles\/apos-a-operacao-de-hugo-chavez-governo-venezuelano-controla-informacoes-e-imagens-do-presidente-do-pais\/#breadcrumb"},"inLanguage":"pt-BR","potentialAction":[{"@type":"ReadAction","target":["https:\/\/latamjournalismreview.org\/pt-br\/articles\/apos-a-operacao-de-hugo-chavez-governo-venezuelano-controla-informacoes-e-imagens-do-presidente-do-pais\/"]}]},{"@type":"BreadcrumbList","@id":"https:\/\/latamjournalismreview.org\/pt-br\/articles\/apos-a-operacao-de-hugo-chavez-governo-venezuelano-controla-informacoes-e-imagens-do-presidente-do-pais\/#breadcrumb","itemListElement":[{"@type":"ListItem","position":1,"name":"Home","item":"https:\/\/latamjournalismreview.org\/pt-br\/"},{"@type":"ListItem","position":2,"name":"Ap\u00f3s a opera\u00e7\u00e3o de Hugo Ch\u00e1vez, governo venezuelano controla informa\u00e7\u00f5es e imagens do presidente do pa\u00eds"}]},{"@type":"WebSite","@id":"https:\/\/latamjournalismreview.org\/pt-br\/#website","url":"https:\/\/latamjournalismreview.org\/pt-br\/","name":"LatAm Journalism Review","description":"Digital magazine on journalism in Latin America","publisher":{"@id":"https:\/\/latamjournalismreview.org\/pt-br\/#organization"},"potentialAction":[{"@type":"SearchAction","target":{"@type":"EntryPoint","urlTemplate":"https:\/\/latamjournalismreview.org\/pt-br\/?s={search_term_string}"},"query-input":{"@type":"PropertyValueSpecification","valueRequired":true,"valueName":"search_term_string"}}],"inLanguage":"pt-BR"},{"@type":"Organization","@id":"https:\/\/latamjournalismreview.org\/pt-br\/#organization","name":"LatAm Journalism Review","url":"https:\/\/latamjournalismreview.org\/pt-br\/","logo":{"@type":"ImageObject","inLanguage":"pt-BR","@id":"https:\/\/latamjournalismreview.org\/pt-br\/#\/schema\/logo\/image\/","url":"https:\/\/latamjournalismreview.org\/wp-content\/uploads\/2020\/05\/knight-latAm-review-logo.svg","contentUrl":"https:\/\/latamjournalismreview.org\/wp-content\/uploads\/2020\/05\/knight-latAm-review-logo.svg","width":"1024","height":"1024","caption":"LatAm Journalism Review"},"image":{"@id":"https:\/\/latamjournalismreview.org\/pt-br\/#\/schema\/logo\/image\/"},"sameAs":["https:\/\/x.com\/LatAmJournalism"]},{"@type":"Person","@id":"https:\/\/latamjournalismreview.org\/pt-br\/#\/schema\/person\/6c325fd0fef0cd167424c683e6577e19","name":"Knight Center","url":"https:\/\/latamjournalismreview.org\/pt-br\/articles\/author\/knight-center\/"}]}},"_links":{"self":[{"href":"https:\/\/latamjournalismreview.org\/pt-br\/wp-json\/wp\/v2\/posts\/36057","targetHints":{"allow":["GET"]}}],"collection":[{"href":"https:\/\/latamjournalismreview.org\/pt-br\/wp-json\/wp\/v2\/posts"}],"about":[{"href":"https:\/\/latamjournalismreview.org\/pt-br\/wp-json\/wp\/v2\/types\/post"}],"author":[{"embeddable":true,"href":"https:\/\/latamjournalismreview.org\/pt-br\/wp-json\/wp\/v2\/users\/22"}],"replies":[{"embeddable":true,"href":"https:\/\/latamjournalismreview.org\/pt-br\/wp-json\/wp\/v2\/comments?post=36057"}],"version-history":[{"count":1,"href":"https:\/\/latamjournalismreview.org\/pt-br\/wp-json\/wp\/v2\/posts\/36057\/revisions"}],"predecessor-version":[{"id":36058,"href":"https:\/\/latamjournalismreview.org\/pt-br\/wp-json\/wp\/v2\/posts\/36057\/revisions\/36058"}],"wp:attachment":[{"href":"https:\/\/latamjournalismreview.org\/pt-br\/wp-json\/wp\/v2\/media?parent=36057"}],"wp:term":[{"taxonomy":"category","embeddable":true,"href":"https:\/\/latamjournalismreview.org\/pt-br\/wp-json\/wp\/v2\/categories?post=36057"},{"taxonomy":"post_tag","embeddable":true,"href":"https:\/\/latamjournalismreview.org\/pt-br\/wp-json\/wp\/v2\/tags?post=36057"},{"taxonomy":"author","embeddable":true,"href":"https:\/\/latamjournalismreview.org\/pt-br\/wp-json\/wp\/v2\/coauthors?post=36057"}],"curies":[{"name":"wp","href":"https:\/\/api.w.org\/{rel}","templated":true}]}}