{"id":3661,"date":"2019-09-18T12:59:38","date_gmt":"2019-09-18T17:59:38","guid":{"rendered":"https:\/\/live-lajr.pantheonsite.io\/?p=3661"},"modified":"2020-06-04T10:36:50","modified_gmt":"2020-06-04T15:36:50","slug":"jornalista-cubana-usa-criatividade-para-garimpar-informacoes-e-manter-base-de-dados-para-outros-meios","status":"publish","type":"post","link":"https:\/\/latamjournalismreview.org\/pt-br\/articles\/jornalista-cubana-usa-criatividade-para-garimpar-informacoes-e-manter-base-de-dados-para-outros-meios\/","title":{"rendered":"Jornalista cubana usa criatividade para garimpar informa\u00e7\u00f5es e manter base de dados para outros meios"},"content":{"rendered":"<p class=\"p1\"><span class=\"s1\">Qualquer jornalista que alguma vez na vida fez uma reportagem usando a Lei de Acesso a Informa\u00e7\u00e3o do seu pa\u00eds tem v\u00e1rias queixas, com certeza, sobre os protocolos e as dificuldades impostas pelo Estado na divulga\u00e7\u00e3o de informa\u00e7\u00f5es p\u00fablicas.<\/span><\/p>\n<p class=\"p1\"><span class=\"s1\">Saiba, no entanto, que poderia ser pior. Em Cuba, nem mesmo as estat\u00edsticas mais b\u00e1sicas, como \u00edndices macroecon\u00f4micos, est\u00e3o dispon\u00edveis ou s\u00e3o confi\u00e1veis. E pouca qualidade e limita\u00e7\u00f5es da internet impedem pesquisas mais profundas. Mesmo assim, o jornalismo de dados prospera na ilha cujo governo censura informa\u00e7\u00f5es ao seu bel-prazer.<\/span><\/p>\n<div>\n<div style=\"width: 399px\" class=\"wp-caption alignleft\"><a href=\"https:\/\/knightcenter.utexas.edu\/pt-br\/blog\/00-21225-jornalista-cubana-usa-criatividade-para-garimpar-informacoes-e-manter-base-de-dados-pa\" target=\"_blank\" rel=\"noopener noreferrer\"><img loading=\"lazy\" decoding=\"async\" src=\"https:\/\/live.staticflickr.com\/65535\/48756174832_13ac1a5bd6_o.png\" alt=\"Barbara Maseda criou o Proyecto Inventario para servir de base de dados para jornalistas cubanos independentes (Foto: divulga\u00e7\u00e3o)\" width=\"389\" height=\"326\" \/><\/a><p class=\"wp-caption-text\">Barbara Maseda criou o Proyecto Inventario para servir de base de dados para jornalistas cubanos independentes (Foto: divulga\u00e7\u00e3o)<\/p><\/div>\n<p><span class=\"s1\">A jornalista cubana\u00a0<a href=\"https:\/\/twitter.com\/barbaramaseda\"><span class=\"s2\">Barbara Maseda<\/span><\/a>\u00a0mant\u00e9m h\u00e1 um ano no ar o\u00a0<a href=\"https:\/\/proyectoinventario.org\/\"><span class=\"s2\">Proyecto Inventario<\/span><\/a>, cuja miss\u00e3o \u00e9 publicar todos e quaisquer dados dispon\u00edveis sobre Cuba. Ela se prop\u00f5e a servir como uma base de dados para consulta e uso de outros jornalistas independentes que escrevem sobre a ilha.<\/span><\/p>\n<\/div>\n<p class=\"p1\"><span class=\"s1\">\u201cPoderia ter criado um novo meio, mas o projeto est\u00e1 desenhado n\u00e3o como um meio que cubra not\u00edcias. N\u00e3o fazemos reportagens acabadas. O projeto est\u00e1 desenhado como uma unidade de dados, mas n\u00e3o de um ve\u00edculo espec\u00edfico. [...] A ideia \u00e9 ser um servi\u00e7o para quem faz jornalismo\u201d, disse Maseda ao\u00a0<strong>Centro Knight<\/strong>, falando dos Estados Unidos, onde reside atualmente.<\/span><\/p>\n<p class=\"p1\"><span class=\"s1\">Segundo Maseda, os ve\u00edculos independentes n\u00e3o t\u00eam acesso a nenhuma fonte do governo, que simplesmente os ignoram. Nem mesmo empresas contratadas pelo governo t\u00eam autoriza\u00e7\u00e3o para fornecer informa\u00e7\u00f5es, o que prejudica mesmo apura\u00e7\u00f5es b\u00e1sicas de reportagens simples. Al\u00e9m de disponibilizar as bases de dados que consegue, o Proyecto Inventario tamb\u00e9m tem como miss\u00e3o desenvolver a cultura do uso de dados no jornalismo independente cubano, que \u00e9 uma forma de superar o bloqueio \u00e0s fontes oficiais.<\/span><\/p>\n<p class=\"p1\"><span class=\"s1\">\u201cComo ocorre nos Estados Unidos, no Brasil, na Inglaterra, no M\u00e9xico, [onde] j\u00e1 houve muita experi\u00eancia nos \u00faltimos anos na necessidade de se especializar no trabalho com dados, porque os pa\u00edses est\u00e3o gerando muitos dados e este \u00e9 um nova habilidade que [o jornalista] precisa interrogar sobre um novo tipo de fonte. [...] Em Cuba, isso n\u00e3o aconteceu espontaneamente. N\u00e3o experimentamos o processo em que o governo e as institui\u00e7\u00f5es se digitalizam e geram um enorme volume de informa\u00e7\u00f5es que precisamos cobrir [...] Cuba \u00e9 um lugar onde h\u00e1 muito sigilo de todos os tipos de informa\u00e7\u00f5es.\u201d, avaliou Maseda.<\/span><\/p>\n<p class=\"p1\"><span class=\"s1\">At\u00e9 mesmo as informa\u00e7\u00f5es mais b\u00e1sicas e aparentemente desimportantes para serem configuradas como segredos de Estado s\u00e3o de dif\u00edcil acesso. Como, por exemplo, a data de nascimento dos parlamentares que comp\u00f5em a Assembleia Nacional de Cuba. Inventario mant\u00e9m uma\u00a0<a href=\"https:\/\/proyectoinventario.org\/parlamento-cuba-ix-legislatura-anpp\/\"><span class=\"s2\">base de dados sobre os 603 parlamentares da atual legislatura<\/span><\/a>\u00a0(duas cadeiras est\u00e3o vagas). As idades foram publicadas na imprensa oficial na posse dos parlamentares e integram a base de dados, sendo atualizadas ano a ano.<\/span><\/p>\n<p class=\"p1\"><span class=\"s1\">\u201cEm Cuba n\u00e3o existe lei de acesso a informa\u00e7\u00e3o. E a n\u00edvel de publica\u00e7\u00e3o de dados, se publicam estat\u00edsticas, resumos de dados aos quais n\u00e3o temos acesso. [...] Isso \u00e9 pouco. Se o governo diz que h\u00e1 300 acidentes de tr\u00e2nsito em Havana ao ano, n\u00e3o tenho como desagregar esses dados por local, data. N\u00e3o h\u00e1 detalhes\u201d, afirmou a jornalista.<\/span><\/p>\n<p class=\"p1\"><span class=\"s1\">O site surgiu a partir da experi\u00eancia da jornalista na Universidade de Stanford como\u00a0<a href=\"https:\/\/jsk.stanford.edu\/fellows\/class-of-2018\/\"><span class=\"s2\">bolsista John S. Knight<\/span><\/a>\u00a0e, depois, ao ser selecionada para o programa\u00a0<a href=\"https:\/\/jsk.stanford.edu\/news-notes\/2018\/jsk-launches-impact-partnerships-to-amplify-reach\/\"><span class=\"s2\">JSK Impact Partnerships<\/span><\/a>. Al\u00e9m disso, o primeiro ano foi bancado ainda por economias pessoais, enquanto Maseda busca outras fontes de investimento para poder ampliar o alcance.<\/span><\/p>\n<p class=\"p1\"><span class=\"s1\">\u201cO projeto \u00e9 um prot\u00f3tipo, uma amostra do que pode ser. [...] Neste segundo ano de exist\u00eancia, tenho que mudar um pouco minha estrat\u00e9gia. Como n\u00e3o tenho financiamento, tenho que fazer tudo sozinha, fa\u00e7o isso nas m\u00eddias sociais, o site, que consome muito tempo e n\u00e3o posso me dedicar [apenas aos dados] \", afirmou.<\/span><\/p>\n<p><strong>Atendendo \u00e0s necessidades de jornalistas cubanos<\/strong><\/p>\n<p class=\"p1\"><span class=\"s1\">O Proyecto Inventario \u00e9 fruto de uma tentativa frustrada de Maseda em trabalhar com dados na ilha. Al\u00e9m da falta de bases p\u00fablicas, a conex\u00e3o com a internet era e ainda \u00e9 um grande empecilho para que jornalistas fa\u00e7am pesquisas e usem ferramentas que est\u00e3o dispon\u00edveis online. Segundo a jornalista, o acesso \u00e0 internet se d\u00e1 em redes p\u00fablicas e compartilhadas. Ela, ent\u00e3o, disponibiliza toda a sua base para download.<\/span><\/p>\n<p class=\"p1\"><span class=\"s1\">\u201cO jornalismo independente est\u00e1 muito desconectado da Internet. Conectar-se \u00e0 Internet \u00e9 um ato pontual, que \u00e9 realizado por uma hora, duas horas. Mas n\u00e3o ocorre todos os dias. O projeto foi projetado para este mundo. [...] Tudo \u00e9 postado para download porque sei que um jornalista cubano n\u00e3o usar\u00e1 uma planilha do Google. A pessoa levar\u00e1 os dados para casa e os analisar\u00e1 em um aplicativo offline\u201d, explicou Maseda.<\/span><\/p>\n<p class=\"p1\"><span class=\"s1\">Como Invent\u00e1rio n\u00e3o se prop\u00f5e a atuar como meio de comunica\u00e7\u00e3o, o site estimula o uso dos dados por outros ve\u00edculos independentes, com o devido cr\u00e9dito. Isso j\u00e1 ocorreu reportagens sobre a\u00a0<a href=\"https:\/\/eltoque.com\/tornado-y-constitucion\/\"><span class=\"s2\">nova constitui\u00e7\u00e3o cubana<\/span><\/a>, os protestos contra o alto pre\u00e7o da rec\u00e9m-inaugurada\u00a0<a href=\"https:\/\/oncubanews.com\/cuba\/bajen-los-precios-de-internet-exigen-los-cubanos-en-twitter\/\"><span class=\"s2\">internet m\u00f3vel na ilha<\/span><\/a>, e as\u00a0<a href=\"https:\/\/eltoque.com\/que-debes-saber-antes-de-viajar-de-compras-a-moscu\/\"><span class=\"s2\">viagens de cubanos ao exterior<\/span><\/a>. Em nenhuma delas, os dados s\u00e3o pe\u00e7a central, mas colaboram para o entendimento da informa\u00e7\u00e3o.<\/span><\/p>\n<p class=\"p3\"><span class=\"s1\">\u201cMe alegra estar criando essa refer\u00eancia. Em um ano, dois ou tr\u00eas anos, algu\u00e9m poder\u00e1 usar [nossos dados] e fazer compara\u00e7\u00f5es [...] Isso nos ajudar\u00e1 a melhorar, faz parte do processo de profissionaliza\u00e7\u00e3o do jornalismo cubano, de tirar aproveitar de ferramentas que talvez sejam normais em outros lugares.\u201d, disse Maseda.<\/span><\/p>\n<p class=\"p1\"><span class=\"s1\">O jornalista\u00a0<a href=\"https:\/\/eltoque.com\/author\/jose-raul-gallego\/\"><span class=\"s2\">Jos\u00e9 Ra\u00fal Gallego Ramos<\/span><\/a>, do site\u00a0<a href=\"https:\/\/eltoque.com\/\"><span class=\"s2\">El Toque<\/span><\/a>, \u00e9 um dos que v\u00eam utilizando dados levantados por Inventario em suas reportagens. Ele reconhece que, al\u00e9m da escassez de dados oficiais, h\u00e1 tamb\u00e9m uma dificuldade espec\u00edfica dos jornalistas cubanos em trabalhar com informa\u00e7\u00f5es estruturados.<\/span><\/p>\n<div>\n<div style=\"width: 333px\" class=\"wp-caption alignleft\"><a href=\"https:\/\/knightcenter.utexas.edu\/pt-br\/blog\/00-21225-jornalista-cubana-usa-criatividade-para-garimpar-informacoes-e-manter-base-de-dados-pa\" target=\"_blank\" rel=\"noopener noreferrer\"><img loading=\"lazy\" decoding=\"async\" src=\"https:\/\/live.staticflickr.com\/65535\/48756159422_f7262327ee_o.jpg\" alt=\"Jos\u00e9 Ra\u00fal colabora com El Toque e usa dados de Inventario em suas reportagens (Foto: divulga\u00e7\u00e3o)\" width=\"323\" height=\"645\" \/><\/a><p class=\"wp-caption-text\">Jos\u00e9 Ra\u00fal colabora com El Toque e usa dados de Inventario em suas reportagens (Foto: divulga\u00e7\u00e3o)<\/p><\/div>\n<p><span class=\"s1\">\u201cN\u00f3s jornalistas precisamos de dados confi\u00e1veis para construir e realizar nosso trabalho e an\u00e1lise. Infelizmente, nosso treinamento apresenta lacunas em quest\u00f5es relacionadas \u00e0 recupera\u00e7\u00e3o de informa\u00e7\u00f5es em tempos de big data, e a exist\u00eancia de um projeto como Inventario n\u00e3o apenas ajuda a superar algumas lacunas de informa\u00e7\u00e3o em Cuba, mas nossas pr\u00f3prias lacunas como jornalistas em mat\u00e9ria de recupera\u00e7\u00e3o de informa\u00e7\u00e3o\u201d, disse Gallego Ramos ao\u00a0<strong>Centro Knight.<\/strong><\/span><\/p>\n<\/div>\n<p class=\"p1\"><span class=\"s1\">Ele acredita que na medida em que mais jornalistas cubanos saibam como trabalhar com dados, mais este tipo de ferramenta ser\u00e1 incorporada nas reportagens produzidas na ilha, ainda que o Estado mantenha a sua pol\u00edtica de segredo. Isso porque ser\u00e1 poss\u00edvel buscar e analisar informa\u00e7\u00f5es sobre o pa\u00eds que sejam produzidas por outras institui\u00e7\u00f5es.<\/span><\/p>\n<p class=\"p1\"><span class=\"s1\">\u201cAcima de tudo, \u00e9 importante aprender n\u00e3o apenas o uso de dados, mas tamb\u00e9m saber para onde procurar, pois n\u00e3o \u00e9 muito prov\u00e1vel que, a curto prazo, exista uma pol\u00edtica expl\u00edcita de transpar\u00eancia em Cuba, mas [que] todos os dias haja mais informa\u00e7\u00f5es on-line de institui\u00e7\u00f5es cubanas, mas tamb\u00e9m de institui\u00e7\u00f5es estrangeiras relacionadas a institui\u00e7\u00f5es cubanas e essas s\u00e3o importantes fontes de informa\u00e7\u00e3o importante\u201d, disse.<\/span><\/p>\n<p><strong>Criatividade para obter dados<\/strong><\/p>\n<p class=\"p1\"><span class=\"s1\">O cen\u00e1rio imaginado por Gallego Ramos j\u00e1 \u00e9 uma realidade em Inventario. Para driblar a escassez e dificuldade de acesso a dados oficiais do governo de Cuba, a Maseda conta em larga escala com fontes secund\u00e1rias, como pesquisas de institui\u00e7\u00f5es estrangeiras, de outros jornalistas internacionais e de governos que possuem leis de transpar\u00eancia.<\/span><\/p>\n<p class=\"p1\"><span class=\"s1\">\u201cO com\u00e9rcio de Cuba com Brasil, por exemplo. Cuba n\u00e3o publica informa\u00e7\u00f5es comerciais. Se quero saber quanto frango Cuba compra do Brasil por ano e o governo n\u00e3o me vai dizer, uso a fonte brasileira. Nos beneficiamos de dados abertos de outros pa\u00edses para conseguir dados do nosso pa\u00eds. As dificuldades nos empurram a encontrar uma sa\u00edda. Ent\u00e3o, n\u00e3o \u00e9 que seja brilhante, apenas n\u00e3o temos outros m\u00e9todos\u201d, explicou a jornalista.<\/span><\/p>\n<p class=\"p1\"><span class=\"s1\">Atrav\u00e9s de dados oficiais p\u00fablicos, Maseda conseguiu, por exemplo, saber quantos cubanos viajam anualmente \u00e0 R\u00fassia. O dado fez parte de uma reportagem que contava que muitos\u00a0<a href=\"https:\/\/eltoque.com\/que-debes-saber-antes-de-viajar-de-compras-a-moscu\/\"><span class=\"s2\">comerciantes de Cuba compram mercadorias em Moscou<\/span><\/a>\u00a0para revender na ilha.<\/span><\/p>\n<p class=\"p1\"><span class=\"s1\">Mais recentemente, com a\u00a0<a href=\"https:\/\/www1.folha.uol.com.br\/mundo\/2018\/12\/internet-movel-comeca-a-funcionar-em-cuba-mas-precos-sao-pouco-acessiveis.shtml\"><span class=\"s2\">chegada da internet m\u00f3vel na ilha<\/span><\/a>, Maseda tem feito alguns experimentos com informa\u00e7\u00f5es obtidas do p\u00fablico. Um trabalho recente e que foi amplamente utilizado \u00e9 sobre interrup\u00e7\u00f5es no fornecimento de eletricidade.<\/span><\/p>\n<p class=\"p1\"><span class=\"s1\">\u201c<a href=\"https:\/\/proyectoinventario.org\/apagones-programados-cuba-reportes-ciudadanos\/\"><span class=\"s2\">Houve uma onda de apag\u00f5es<\/span><\/a>\u00a0e o governo prometera que n\u00e3o cortaria a eletricidade de maneira programada para economizar petr\u00f3leo no ver\u00e3o, porque \u00e9 cruel. O ver\u00e3o em Cuba \u00e9 muito quente. Ent\u00e3o, as pessoas come\u00e7am a perceber que ficavam horas sem luz. Houve muitas reclama\u00e7\u00f5es isoladas nas redes sociais e, em seguida, organizamos uma campanha para contabilizar apag\u00f5es no Twitter, onde pedimos \u00e0s pessoas que se faltasse luz, nos contassem em qual munic\u00edpio. [...] Recebemos mais de 400 respostas\"\u201d, lembra Maseda, que ressalta que resistiu inicialmente a este tipo de levantamento porque \u00e9 imposs\u00edvel, atrav\u00e9s dele, fazer afirma\u00e7\u00f5es mais precisas. \u201c\u00c9 para capitalizar a energia que as pessoas t\u00eam que denunciar algo e fazer as contas\".<\/span><\/p>\n<p class=\"p1\"><span class=\"s1\">Em alguns casos, as informa\u00e7\u00f5es s\u00e3o fornecidas pelo pr\u00f3prio governo atrav\u00e9s de seus canais oficiais.<\/span><\/p>\n<p class=\"p1\"><span class=\"s1\">Em novembro de 2018, quando come\u00e7aram a retornar os m\u00e9dicos cubanos que atuavam no Brasil atrav\u00e9s de um conv\u00eanio com a Organiza\u00e7\u00e3o Pan-Americana de Sa\u00fade, a imprensa oficial noticiou com destaque. Na ocasi\u00e3o, o\u00a0<a href=\"https:\/\/g1.globo.com\/mundo\/noticia\/2018\/11\/14\/cuba-decide-deixar-programa-mais-medicos-no-brasil.ghtml\"><span class=\"s2\">governo cubano decidiu encerrar a parceria<\/span><\/a>\u00a0depois de declara\u00e7\u00f5es do ent\u00e3o presidente eleito Jair Bolsonaro, que anunciou que exigiria a revalida\u00e7\u00e3o dos diplomas dos profissionais, que at\u00e9 ent\u00e3o estavam isentos.<\/span><\/p>\n<p class=\"p1\"><span class=\"s1\">Maseda notou que a cada voo, era informado o n\u00famero de m\u00e9dicos que retornavam e passou a registr\u00e1-los. \u201cFoi um dos levantamentos inesperados que fiz. Foram 32 voos de regresso. Quando ocorre o primeiro voo, que era um orgulho para a revolu\u00e7\u00e3o, vejo que um informe do jornal do Partido Comunista informa a quantidade de m\u00e9dicos que voltaram. E passaram a fazer isso em todos os voos, at\u00e9 que percebem que nem todos os m\u00e9dicos voltariam\u201d, lembra.<\/span><\/p>\n<p class=\"p1\"><span class=\"s1\">No voo 30, o Partido Comunista deixou de dizer quantos m\u00e9dicos haviam retornado. Maseda, ent\u00e3o, completou os dados com a m\u00e9dia dos presentes nos 29 voos anteriores. E concluiu que\u00a0<a href=\"https:\/\/proyectoinventario.org\/retorno-mais-medicos-cuba-brasil-vuelos-datos\/\"><span class=\"s2\">um quinto dos profissionais cubanos n\u00e3o retornaram<\/span><\/a>.<\/span><\/p>\n<p class=\"p3\"><span class=\"s1\">\u201c<\/span>Nunca aspiramos \u00e0 exaustividade.\u00a0<span class=\"s1\">Quase nunca temos a felicidade de ter todos os dados detalhados e completos, mas sentimos que chegamos bem perto, e isso \u00e9 um bom in\u00edcio\u201d, comemora.<\/span><\/p>\n","protected":false},"excerpt":{"rendered":"<p>Em Cuba, nem mesmo as estat\u00edsticas mais b\u00e1sicas, como \u00edndices macroecon\u00f4micos, est\u00e3o dispon\u00edveis ou s\u00e3o confi\u00e1veis. E pouca qualidade e limita\u00e7\u00f5es da internet impedem pesquisas mais profundas. Mesmo assim, o jornalismo de dados prospera na ilha.<\/p>\n","protected":false},"author":5,"featured_media":1039,"comment_status":"closed","ping_status":"closed","sticky":false,"template":"","format":"standard","meta":{"inline_featured_image":false,"footnotes":""},"categories":[1228],"tags":[1397,1564],"coauthors":[],"class_list":["post-3661","post","type-post","status-publish","format-standard","has-post-thumbnail","hentry","category-acesso-a-informacao-pt-br","tag-cuba-pt-br-2","tag-jornalismo-de-dados-pt-br"],"acf":[],"yoast_head":"<!-- This site is optimized with the Yoast SEO Premium plugin v22.6 (Yoast SEO v27.4) - https:\/\/yoast.com\/product\/yoast-seo-premium-wordpress\/ -->\n<title>Jornalista cubana usa criatividade para garimpar informa\u00e7\u00f5es e manter base de dados para outros meios - LatAm Journalism Review by the Knight Center<\/title>\n<meta name=\"description\" content=\"Jornalista cubana usa criatividade para garimpar informa\u00e7\u00f5es e manter base de dados para outros meios Acesso a informa\u00e7\u00e3o. Latin American Journalism Review by The Knight Center at The University of Texas at Austin.\" \/>\n<meta name=\"robots\" content=\"index, follow, max-snippet:-1, max-image-preview:large, max-video-preview:-1\" \/>\n<link rel=\"canonical\" href=\"https:\/\/latamjournalismreview.org\/pt-br\/articles\/jornalista-cubana-usa-criatividade-para-garimpar-informacoes-e-manter-base-de-dados-para-outros-meios\/\" \/>\n<meta property=\"og:locale\" content=\"pt_BR\" \/>\n<meta property=\"og:type\" content=\"article\" \/>\n<meta property=\"og:title\" content=\"Jornalista cubana usa criatividade para garimpar informa\u00e7\u00f5es e manter base de dados para outros meios\" \/>\n<meta property=\"og:description\" content=\"Jornalista cubana usa criatividade para garimpar informa\u00e7\u00f5es e manter base de dados para outros meios Acesso a informa\u00e7\u00e3o. Latin American Journalism Review by The Knight Center at The University of Texas at Austin.\" \/>\n<meta property=\"og:url\" content=\"https:\/\/latamjournalismreview.org\/pt-br\/articles\/jornalista-cubana-usa-criatividade-para-garimpar-informacoes-e-manter-base-de-dados-para-outros-meios\/\" \/>\n<meta property=\"og:site_name\" content=\"LatAm Journalism Review by the Knight Center\" \/>\n<meta property=\"article:published_time\" content=\"2019-09-18T17:59:38+00:00\" \/>\n<meta property=\"article:modified_time\" content=\"2020-06-04T15:36:50+00:00\" \/>\n<meta property=\"og:image\" content=\"https:\/\/latamjournalismreview.org\/wp-content\/uploads\/2020\/04\/48373627442_4fa8f42aa4_o-1-e1590775626106.jpg\" \/>\n\t<meta property=\"og:image:width\" content=\"507\" \/>\n\t<meta property=\"og:image:height\" content=\"330\" \/>\n\t<meta property=\"og:image:type\" content=\"image\/jpeg\" \/>\n<meta name=\"author\" content=\"J\u00falio Lubianco\" \/>\n<meta name=\"twitter:card\" content=\"summary_large_image\" \/>\n<meta name=\"twitter:creator\" content=\"@jlubianco\" \/>\n<meta name=\"twitter:site\" content=\"@LatAmJournalism\" \/>\n<meta name=\"twitter:label1\" content=\"Written by\" \/>\n\t<meta name=\"twitter:data1\" content=\"J\u00falio Lubianco\" \/>\n\t<meta name=\"twitter:label2\" content=\"Est. reading time\" \/>\n\t<meta name=\"twitter:data2\" content=\"9 minutos\" \/>\n<script type=\"application\/ld+json\" class=\"yoast-schema-graph\">{\"@context\":\"https:\\\/\\\/schema.org\",\"@graph\":[{\"@type\":\"Article\",\"@id\":\"https:\\\/\\\/latamjournalismreview.org\\\/pt-br\\\/articles\\\/jornalista-cubana-usa-criatividade-para-garimpar-informacoes-e-manter-base-de-dados-para-outros-meios\\\/#article\",\"isPartOf\":{\"@id\":\"https:\\\/\\\/latamjournalismreview.org\\\/pt-br\\\/articles\\\/jornalista-cubana-usa-criatividade-para-garimpar-informacoes-e-manter-base-de-dados-para-outros-meios\\\/\"},\"author\":{\"name\":\"J\u00falio Lubianco\",\"@id\":\"https:\\\/\\\/latamjournalismreview.org\\\/pt-br\\\/#\\\/schema\\\/person\\\/d9517de765982788cd8378b5a229e3dd\"},\"headline\":\"Jornalista cubana usa criatividade para garimpar informa\u00e7\u00f5es e manter base de dados para outros meios\",\"datePublished\":\"2019-09-18T17:59:38+00:00\",\"dateModified\":\"2020-06-04T15:36:50+00:00\",\"mainEntityOfPage\":{\"@id\":\"https:\\\/\\\/latamjournalismreview.org\\\/pt-br\\\/articles\\\/jornalista-cubana-usa-criatividade-para-garimpar-informacoes-e-manter-base-de-dados-para-outros-meios\\\/\"},\"wordCount\":1870,\"publisher\":{\"@id\":\"https:\\\/\\\/latamjournalismreview.org\\\/pt-br\\\/#organization\"},\"image\":{\"@id\":\"https:\\\/\\\/latamjournalismreview.org\\\/pt-br\\\/articles\\\/jornalista-cubana-usa-criatividade-para-garimpar-informacoes-e-manter-base-de-dados-para-outros-meios\\\/#primaryimage\"},\"thumbnailUrl\":\"https:\\\/\\\/latamjournalismreview.org\\\/wp-content\\\/uploads\\\/2020\\\/04\\\/48373627442_4fa8f42aa4_o-1-e1590775626106.jpg\",\"keywords\":[\"Cuba\",\"Jornalismo de dados\"],\"articleSection\":[\"Acesso a informa\u00e7\u00e3o\"],\"inLanguage\":\"pt-BR\"},{\"@type\":\"WebPage\",\"@id\":\"https:\\\/\\\/latamjournalismreview.org\\\/pt-br\\\/articles\\\/jornalista-cubana-usa-criatividade-para-garimpar-informacoes-e-manter-base-de-dados-para-outros-meios\\\/\",\"url\":\"https:\\\/\\\/latamjournalismreview.org\\\/pt-br\\\/articles\\\/jornalista-cubana-usa-criatividade-para-garimpar-informacoes-e-manter-base-de-dados-para-outros-meios\\\/\",\"name\":\"Jornalista cubana usa criatividade para garimpar informa\u00e7\u00f5es e manter base de dados para outros meios - LatAm Journalism Review by the Knight Center\",\"isPartOf\":{\"@id\":\"https:\\\/\\\/latamjournalismreview.org\\\/pt-br\\\/#website\"},\"primaryImageOfPage\":{\"@id\":\"https:\\\/\\\/latamjournalismreview.org\\\/pt-br\\\/articles\\\/jornalista-cubana-usa-criatividade-para-garimpar-informacoes-e-manter-base-de-dados-para-outros-meios\\\/#primaryimage\"},\"image\":{\"@id\":\"https:\\\/\\\/latamjournalismreview.org\\\/pt-br\\\/articles\\\/jornalista-cubana-usa-criatividade-para-garimpar-informacoes-e-manter-base-de-dados-para-outros-meios\\\/#primaryimage\"},\"thumbnailUrl\":\"https:\\\/\\\/latamjournalismreview.org\\\/wp-content\\\/uploads\\\/2020\\\/04\\\/48373627442_4fa8f42aa4_o-1-e1590775626106.jpg\",\"datePublished\":\"2019-09-18T17:59:38+00:00\",\"dateModified\":\"2020-06-04T15:36:50+00:00\",\"description\":\"Jornalista cubana usa criatividade para garimpar informa\u00e7\u00f5es e manter base de dados para outros meios Acesso a informa\u00e7\u00e3o. Latin American Journalism Review by The Knight Center at The University of Texas at Austin.\",\"breadcrumb\":{\"@id\":\"https:\\\/\\\/latamjournalismreview.org\\\/pt-br\\\/articles\\\/jornalista-cubana-usa-criatividade-para-garimpar-informacoes-e-manter-base-de-dados-para-outros-meios\\\/#breadcrumb\"},\"inLanguage\":\"pt-BR\",\"potentialAction\":[{\"@type\":\"ReadAction\",\"target\":[\"https:\\\/\\\/latamjournalismreview.org\\\/pt-br\\\/articles\\\/jornalista-cubana-usa-criatividade-para-garimpar-informacoes-e-manter-base-de-dados-para-outros-meios\\\/\"]}]},{\"@type\":\"ImageObject\",\"inLanguage\":\"pt-BR\",\"@id\":\"https:\\\/\\\/latamjournalismreview.org\\\/pt-br\\\/articles\\\/jornalista-cubana-usa-criatividade-para-garimpar-informacoes-e-manter-base-de-dados-para-outros-meios\\\/#primaryimage\",\"url\":\"https:\\\/\\\/latamjournalismreview.org\\\/wp-content\\\/uploads\\\/2020\\\/04\\\/48373627442_4fa8f42aa4_o-1-e1590775626106.jpg\",\"contentUrl\":\"https:\\\/\\\/latamjournalismreview.org\\\/wp-content\\\/uploads\\\/2020\\\/04\\\/48373627442_4fa8f42aa4_o-1-e1590775626106.jpg\",\"width\":507,\"height\":330,\"caption\":\"Wooden gavel and flag of Cuba\"},{\"@type\":\"BreadcrumbList\",\"@id\":\"https:\\\/\\\/latamjournalismreview.org\\\/pt-br\\\/articles\\\/jornalista-cubana-usa-criatividade-para-garimpar-informacoes-e-manter-base-de-dados-para-outros-meios\\\/#breadcrumb\",\"itemListElement\":[{\"@type\":\"ListItem\",\"position\":1,\"name\":\"Home\",\"item\":\"https:\\\/\\\/latamjournalismreview.org\\\/pt-br\\\/\"},{\"@type\":\"ListItem\",\"position\":2,\"name\":\"Jornalista cubana usa criatividade para garimpar informa\u00e7\u00f5es e manter base de dados para outros meios\"}]},{\"@type\":\"WebSite\",\"@id\":\"https:\\\/\\\/latamjournalismreview.org\\\/pt-br\\\/#website\",\"url\":\"https:\\\/\\\/latamjournalismreview.org\\\/pt-br\\\/\",\"name\":\"LatAm Journalism Review\",\"description\":\"Digital magazine on journalism in Latin America\",\"publisher\":{\"@id\":\"https:\\\/\\\/latamjournalismreview.org\\\/pt-br\\\/#organization\"},\"potentialAction\":[{\"@type\":\"SearchAction\",\"target\":{\"@type\":\"EntryPoint\",\"urlTemplate\":\"https:\\\/\\\/latamjournalismreview.org\\\/pt-br\\\/?s={search_term_string}\"},\"query-input\":{\"@type\":\"PropertyValueSpecification\",\"valueRequired\":true,\"valueName\":\"search_term_string\"}}],\"inLanguage\":\"pt-BR\"},{\"@type\":\"Organization\",\"@id\":\"https:\\\/\\\/latamjournalismreview.org\\\/pt-br\\\/#organization\",\"name\":\"LatAm Journalism Review\",\"url\":\"https:\\\/\\\/latamjournalismreview.org\\\/pt-br\\\/\",\"logo\":{\"@type\":\"ImageObject\",\"inLanguage\":\"pt-BR\",\"@id\":\"https:\\\/\\\/latamjournalismreview.org\\\/pt-br\\\/#\\\/schema\\\/logo\\\/image\\\/\",\"url\":\"https:\\\/\\\/latamjournalismreview.org\\\/wp-content\\\/uploads\\\/2020\\\/05\\\/knight-latAm-review-logo.svg\",\"contentUrl\":\"https:\\\/\\\/latamjournalismreview.org\\\/wp-content\\\/uploads\\\/2020\\\/05\\\/knight-latAm-review-logo.svg\",\"width\":\"1024\",\"height\":\"1024\",\"caption\":\"LatAm Journalism Review\"},\"image\":{\"@id\":\"https:\\\/\\\/latamjournalismreview.org\\\/pt-br\\\/#\\\/schema\\\/logo\\\/image\\\/\"},\"sameAs\":[\"https:\\\/\\\/x.com\\\/LatAmJournalism\"]},{\"@type\":\"Person\",\"@id\":\"https:\\\/\\\/latamjournalismreview.org\\\/pt-br\\\/#\\\/schema\\\/person\\\/d9517de765982788cd8378b5a229e3dd\",\"name\":\"J\u00falio Lubianco\",\"description\":\"J\u00falio Lubianco studied journalism at Universidade Federal Fluminense (UFF). He began his career on the local desk at Jornal do Brasil, in 2003. He was a reporter, assignment editor and managing editor at R\u00e1dio CBN. He has a Master\u2019s degree in media and communication from the London School of Economics (LSE), with a scholarship from the Journalists of Vision program. He is a professor of journalism at PUC-Rio. He won the Imprensa Embratel award in 2007, the Alexandre Adler award in 2008, and is a two-time winner of the Tim Lopes Award for Investigative Journalism, in 2009 and 2014. J\u00falio Lubianco estudi\u00f3 periodismo en la Universidad Federal Fluminense (UFF). Comenz\u00f3 la carrera en 2003, en el diario Jornal do Brasil. Fue reportero, editor y editor ejecutivo en R\u00e1dio CBN. Hizo su maestr\u00eda en medios de comunicaci\u00f3n en London School of Economics (LSE), becado por el programa Jornalistas de Vis\u00e3o. Es profesor del curso de periodismo de PUC-Rio y es presentador del podcast de BRIO, que trata sobre periodismo, carrera, mercado y tecnolog\u00eda. Gan\u00f3 los premios Imprensa Embratel (2007), Alexandre Adler (2008), y en dos oportunidades el Tim Lopes de Periodismo Investigativo (2009 y 2014). J\u00falio Lubianco estudou jornalismo na Universidade Federal Fluminense (UFF). Come\u00e7ou a carreira em 2003, no caderno Cidade do Jornal do Brasil. Foi rep\u00f3rter, chefe de reportagem e gerente de jornalismo na R\u00e1dio CBN. Fez mestrado em m\u00eddia e comunica\u00e7\u00e3o na London School of Economics (LSE), com bolsa do programa Jornalistas de Vis\u00e3o. \u00c9 professor do curso de jornalismo da PUC-Rio e apresenta o podcast do BRIO, que discute jornalismo, carreira, mercado e tecnologia. Venceu os pr\u00eamios Imprensa Embratel, em 2007, o Alexandre Adler, em 2008, e duas vezes o Tim Lopes de Jornalismo Investigativo, em 2009 e 2014.\",\"sameAs\":[\"https:\\\/\\\/www.linkedin.com\\\/in\\\/julio-lubianco\\\/\",\"https:\\\/\\\/x.com\\\/jlubianco\"],\"url\":\"https:\\\/\\\/latamjournalismreview.org\\\/pt-br\\\/articles\\\/author\\\/julio-lubianco\\\/\"}]}<\/script>\n<!-- \/ Yoast SEO Premium plugin. -->","yoast_head_json":{"title":"Jornalista cubana usa criatividade para garimpar informa\u00e7\u00f5es e manter base de dados para outros meios - LatAm Journalism Review by the Knight Center","description":"Jornalista cubana usa criatividade para garimpar informa\u00e7\u00f5es e manter base de dados para outros meios Acesso a informa\u00e7\u00e3o. Latin American Journalism Review by The Knight Center at The University of Texas at Austin.","robots":{"index":"index","follow":"follow","max-snippet":"max-snippet:-1","max-image-preview":"max-image-preview:large","max-video-preview":"max-video-preview:-1"},"canonical":"https:\/\/latamjournalismreview.org\/pt-br\/articles\/jornalista-cubana-usa-criatividade-para-garimpar-informacoes-e-manter-base-de-dados-para-outros-meios\/","og_locale":"pt_BR","og_type":"article","og_title":"Jornalista cubana usa criatividade para garimpar informa\u00e7\u00f5es e manter base de dados para outros meios","og_description":"Jornalista cubana usa criatividade para garimpar informa\u00e7\u00f5es e manter base de dados para outros meios Acesso a informa\u00e7\u00e3o. Latin American Journalism Review by The Knight Center at The University of Texas at Austin.","og_url":"https:\/\/latamjournalismreview.org\/pt-br\/articles\/jornalista-cubana-usa-criatividade-para-garimpar-informacoes-e-manter-base-de-dados-para-outros-meios\/","og_site_name":"LatAm Journalism Review by the Knight Center","article_published_time":"2019-09-18T17:59:38+00:00","article_modified_time":"2020-06-04T15:36:50+00:00","og_image":[{"width":507,"height":330,"url":"https:\/\/latamjournalismreview.org\/wp-content\/uploads\/2020\/04\/48373627442_4fa8f42aa4_o-1-e1590775626106.jpg","type":"image\/jpeg"}],"author":"J\u00falio Lubianco","twitter_card":"summary_large_image","twitter_creator":"@jlubianco","twitter_site":"@LatAmJournalism","twitter_misc":{"Written by":"J\u00falio Lubianco","Est. reading time":"9 minutos"},"schema":{"@context":"https:\/\/schema.org","@graph":[{"@type":"Article","@id":"https:\/\/latamjournalismreview.org\/pt-br\/articles\/jornalista-cubana-usa-criatividade-para-garimpar-informacoes-e-manter-base-de-dados-para-outros-meios\/#article","isPartOf":{"@id":"https:\/\/latamjournalismreview.org\/pt-br\/articles\/jornalista-cubana-usa-criatividade-para-garimpar-informacoes-e-manter-base-de-dados-para-outros-meios\/"},"author":{"name":"J\u00falio Lubianco","@id":"https:\/\/latamjournalismreview.org\/pt-br\/#\/schema\/person\/d9517de765982788cd8378b5a229e3dd"},"headline":"Jornalista cubana usa criatividade para garimpar informa\u00e7\u00f5es e manter base de dados para outros meios","datePublished":"2019-09-18T17:59:38+00:00","dateModified":"2020-06-04T15:36:50+00:00","mainEntityOfPage":{"@id":"https:\/\/latamjournalismreview.org\/pt-br\/articles\/jornalista-cubana-usa-criatividade-para-garimpar-informacoes-e-manter-base-de-dados-para-outros-meios\/"},"wordCount":1870,"publisher":{"@id":"https:\/\/latamjournalismreview.org\/pt-br\/#organization"},"image":{"@id":"https:\/\/latamjournalismreview.org\/pt-br\/articles\/jornalista-cubana-usa-criatividade-para-garimpar-informacoes-e-manter-base-de-dados-para-outros-meios\/#primaryimage"},"thumbnailUrl":"https:\/\/latamjournalismreview.org\/wp-content\/uploads\/2020\/04\/48373627442_4fa8f42aa4_o-1-e1590775626106.jpg","keywords":["Cuba","Jornalismo de dados"],"articleSection":["Acesso a informa\u00e7\u00e3o"],"inLanguage":"pt-BR"},{"@type":"WebPage","@id":"https:\/\/latamjournalismreview.org\/pt-br\/articles\/jornalista-cubana-usa-criatividade-para-garimpar-informacoes-e-manter-base-de-dados-para-outros-meios\/","url":"https:\/\/latamjournalismreview.org\/pt-br\/articles\/jornalista-cubana-usa-criatividade-para-garimpar-informacoes-e-manter-base-de-dados-para-outros-meios\/","name":"Jornalista cubana usa criatividade para garimpar informa\u00e7\u00f5es e manter base de dados para outros meios - LatAm Journalism Review by the Knight Center","isPartOf":{"@id":"https:\/\/latamjournalismreview.org\/pt-br\/#website"},"primaryImageOfPage":{"@id":"https:\/\/latamjournalismreview.org\/pt-br\/articles\/jornalista-cubana-usa-criatividade-para-garimpar-informacoes-e-manter-base-de-dados-para-outros-meios\/#primaryimage"},"image":{"@id":"https:\/\/latamjournalismreview.org\/pt-br\/articles\/jornalista-cubana-usa-criatividade-para-garimpar-informacoes-e-manter-base-de-dados-para-outros-meios\/#primaryimage"},"thumbnailUrl":"https:\/\/latamjournalismreview.org\/wp-content\/uploads\/2020\/04\/48373627442_4fa8f42aa4_o-1-e1590775626106.jpg","datePublished":"2019-09-18T17:59:38+00:00","dateModified":"2020-06-04T15:36:50+00:00","description":"Jornalista cubana usa criatividade para garimpar informa\u00e7\u00f5es e manter base de dados para outros meios Acesso a informa\u00e7\u00e3o. Latin American Journalism Review by The Knight Center at The University of Texas at Austin.","breadcrumb":{"@id":"https:\/\/latamjournalismreview.org\/pt-br\/articles\/jornalista-cubana-usa-criatividade-para-garimpar-informacoes-e-manter-base-de-dados-para-outros-meios\/#breadcrumb"},"inLanguage":"pt-BR","potentialAction":[{"@type":"ReadAction","target":["https:\/\/latamjournalismreview.org\/pt-br\/articles\/jornalista-cubana-usa-criatividade-para-garimpar-informacoes-e-manter-base-de-dados-para-outros-meios\/"]}]},{"@type":"ImageObject","inLanguage":"pt-BR","@id":"https:\/\/latamjournalismreview.org\/pt-br\/articles\/jornalista-cubana-usa-criatividade-para-garimpar-informacoes-e-manter-base-de-dados-para-outros-meios\/#primaryimage","url":"https:\/\/latamjournalismreview.org\/wp-content\/uploads\/2020\/04\/48373627442_4fa8f42aa4_o-1-e1590775626106.jpg","contentUrl":"https:\/\/latamjournalismreview.org\/wp-content\/uploads\/2020\/04\/48373627442_4fa8f42aa4_o-1-e1590775626106.jpg","width":507,"height":330,"caption":"Wooden gavel and flag of Cuba"},{"@type":"BreadcrumbList","@id":"https:\/\/latamjournalismreview.org\/pt-br\/articles\/jornalista-cubana-usa-criatividade-para-garimpar-informacoes-e-manter-base-de-dados-para-outros-meios\/#breadcrumb","itemListElement":[{"@type":"ListItem","position":1,"name":"Home","item":"https:\/\/latamjournalismreview.org\/pt-br\/"},{"@type":"ListItem","position":2,"name":"Jornalista cubana usa criatividade para garimpar informa\u00e7\u00f5es e manter base de dados para outros meios"}]},{"@type":"WebSite","@id":"https:\/\/latamjournalismreview.org\/pt-br\/#website","url":"https:\/\/latamjournalismreview.org\/pt-br\/","name":"LatAm Journalism Review","description":"Digital magazine on journalism in Latin America","publisher":{"@id":"https:\/\/latamjournalismreview.org\/pt-br\/#organization"},"potentialAction":[{"@type":"SearchAction","target":{"@type":"EntryPoint","urlTemplate":"https:\/\/latamjournalismreview.org\/pt-br\/?s={search_term_string}"},"query-input":{"@type":"PropertyValueSpecification","valueRequired":true,"valueName":"search_term_string"}}],"inLanguage":"pt-BR"},{"@type":"Organization","@id":"https:\/\/latamjournalismreview.org\/pt-br\/#organization","name":"LatAm Journalism Review","url":"https:\/\/latamjournalismreview.org\/pt-br\/","logo":{"@type":"ImageObject","inLanguage":"pt-BR","@id":"https:\/\/latamjournalismreview.org\/pt-br\/#\/schema\/logo\/image\/","url":"https:\/\/latamjournalismreview.org\/wp-content\/uploads\/2020\/05\/knight-latAm-review-logo.svg","contentUrl":"https:\/\/latamjournalismreview.org\/wp-content\/uploads\/2020\/05\/knight-latAm-review-logo.svg","width":"1024","height":"1024","caption":"LatAm Journalism Review"},"image":{"@id":"https:\/\/latamjournalismreview.org\/pt-br\/#\/schema\/logo\/image\/"},"sameAs":["https:\/\/x.com\/LatAmJournalism"]},{"@type":"Person","@id":"https:\/\/latamjournalismreview.org\/pt-br\/#\/schema\/person\/d9517de765982788cd8378b5a229e3dd","name":"J\u00falio Lubianco","description":"J\u00falio Lubianco studied journalism at Universidade Federal Fluminense (UFF). He began his career on the local desk at Jornal do Brasil, in 2003. He was a reporter, assignment editor and managing editor at R\u00e1dio CBN. He has a Master\u2019s degree in media and communication from the London School of Economics (LSE), with a scholarship from the Journalists of Vision program. He is a professor of journalism at PUC-Rio. He won the Imprensa Embratel award in 2007, the Alexandre Adler award in 2008, and is a two-time winner of the Tim Lopes Award for Investigative Journalism, in 2009 and 2014. J\u00falio Lubianco estudi\u00f3 periodismo en la Universidad Federal Fluminense (UFF). Comenz\u00f3 la carrera en 2003, en el diario Jornal do Brasil. Fue reportero, editor y editor ejecutivo en R\u00e1dio CBN. Hizo su maestr\u00eda en medios de comunicaci\u00f3n en London School of Economics (LSE), becado por el programa Jornalistas de Vis\u00e3o. Es profesor del curso de periodismo de PUC-Rio y es presentador del podcast de BRIO, que trata sobre periodismo, carrera, mercado y tecnolog\u00eda. Gan\u00f3 los premios Imprensa Embratel (2007), Alexandre Adler (2008), y en dos oportunidades el Tim Lopes de Periodismo Investigativo (2009 y 2014). J\u00falio Lubianco estudou jornalismo na Universidade Federal Fluminense (UFF). Come\u00e7ou a carreira em 2003, no caderno Cidade do Jornal do Brasil. Foi rep\u00f3rter, chefe de reportagem e gerente de jornalismo na R\u00e1dio CBN. Fez mestrado em m\u00eddia e comunica\u00e7\u00e3o na London School of Economics (LSE), com bolsa do programa Jornalistas de Vis\u00e3o. \u00c9 professor do curso de jornalismo da PUC-Rio e apresenta o podcast do BRIO, que discute jornalismo, carreira, mercado e tecnologia. Venceu os pr\u00eamios Imprensa Embratel, em 2007, o Alexandre Adler, em 2008, e duas vezes o Tim Lopes de Jornalismo Investigativo, em 2009 e 2014.","sameAs":["https:\/\/www.linkedin.com\/in\/julio-lubianco\/","https:\/\/x.com\/jlubianco"],"url":"https:\/\/latamjournalismreview.org\/pt-br\/articles\/author\/julio-lubianco\/"}]}},"_links":{"self":[{"href":"https:\/\/latamjournalismreview.org\/pt-br\/wp-json\/wp\/v2\/posts\/3661","targetHints":{"allow":["GET"]}}],"collection":[{"href":"https:\/\/latamjournalismreview.org\/pt-br\/wp-json\/wp\/v2\/posts"}],"about":[{"href":"https:\/\/latamjournalismreview.org\/pt-br\/wp-json\/wp\/v2\/types\/post"}],"author":[{"embeddable":true,"href":"https:\/\/latamjournalismreview.org\/pt-br\/wp-json\/wp\/v2\/users\/5"}],"replies":[{"embeddable":true,"href":"https:\/\/latamjournalismreview.org\/pt-br\/wp-json\/wp\/v2\/comments?post=3661"}],"version-history":[{"count":3,"href":"https:\/\/latamjournalismreview.org\/pt-br\/wp-json\/wp\/v2\/posts\/3661\/revisions"}],"predecessor-version":[{"id":3683,"href":"https:\/\/latamjournalismreview.org\/pt-br\/wp-json\/wp\/v2\/posts\/3661\/revisions\/3683"}],"wp:featuredmedia":[{"embeddable":true,"href":"https:\/\/latamjournalismreview.org\/pt-br\/wp-json\/wp\/v2\/media\/1039"}],"wp:attachment":[{"href":"https:\/\/latamjournalismreview.org\/pt-br\/wp-json\/wp\/v2\/media?parent=3661"}],"wp:term":[{"taxonomy":"category","embeddable":true,"href":"https:\/\/latamjournalismreview.org\/pt-br\/wp-json\/wp\/v2\/categories?post=3661"},{"taxonomy":"post_tag","embeddable":true,"href":"https:\/\/latamjournalismreview.org\/pt-br\/wp-json\/wp\/v2\/tags?post=3661"},{"taxonomy":"author","embeddable":true,"href":"https:\/\/latamjournalismreview.org\/pt-br\/wp-json\/wp\/v2\/coauthors?post=3661"}],"curies":[{"name":"wp","href":"https:\/\/api.w.org\/{rel}","templated":true}]}}