{"id":36632,"date":"2013-04-01T15:48:53","date_gmt":"2013-04-01T20:48:53","guid":{"rendered":"https:\/\/latamjournalismreview.org\/?p=36632"},"modified":"2021-10-09T11:01:45","modified_gmt":"2021-10-09T16:01:45","slug":"vitima-de-tres-ataques-jornalista-mexicana-vive-ha-tres-anos-na-redacao-do-jornal-para-o-qual-trabalha","status":"publish","type":"post","link":"https:\/\/latamjournalismreview.org\/pt-br\/articles\/vitima-de-tres-ataques-jornalista-mexicana-vive-ha-tres-anos-na-redacao-do-jornal-para-o-qual-trabalha\/","title":{"rendered":"V\u00edtima de tr\u00eas ataques, jornalista mexicana vive h\u00e1 tr\u00eas anos na reda\u00e7\u00e3o do jornal para o qual trabalha"},"content":{"rendered":"<p>Uma <a href=\"http:\/\/mexico.cnn.com\/nacional\/2013\/03\/28\/una-periodista-de-veracruz-vive-en-su-lugar-de-trabajo-tras-agresiones\" target=\"_blank\" rel=\"noopener\">jornalista mexicana est\u00e1 morando no local de trabalho para se proteger, ap\u00f3s ser v\u00edtima de tr\u00eas ataques<\/a>, informou o portal da CNN M\u00e9xico. Mar\u00eda Jos\u00e9 Gamboa est\u00e1 vivendo na reda\u00e7\u00e3o do di\u00e1rio <a href=\"http:\/\/www.notiver.com.mx\/index.php\/sucesos\/index.1.html\" target=\"_blank\" rel=\"noopener\">Notiver<\/a>, no estado de <a href=\"http:\/\/es.wikipedia.org\/wiki\/Veracruz_de_Ignacio_de_la_Llave\" target=\"_blank\" rel=\"noopener\">Veracruz<\/a>, h\u00e1 tr\u00eas anos, acrescentou o portal.<\/p>\n<p>Segundo a jornalista, nos dois primeiros ataques, o alvo foi seu carro. No \u00faltimo, por\u00e9m, desconhecidos invadiram a casa de seu ex-marido e espalharam os brinquedos da filha deles. Um deles foi enterrado com uma faca, segundo o portal da CNN. A profissional \u00e9 conhecida por criticar as autoridades, a quem culpa pelos ataques e duas demiss\u00f5es anteriores.<\/p>\n<p>O caso da jornalista se tornou p\u00fablico depois de ela <a href=\"http:\/\/www.frontenet.com\/notas\/20130327\/de_periodista_a_candidata____mentirosa__del_pan\" target=\"_blank\" rel=\"noopener\">se inscrever como pr\u00e9-candidata a deputada nas elei\u00e7\u00f5es deste ano<\/a>, pois precisou apresentar comprovante de endere\u00e7o, acrescentou o portal Frontenet.<\/p>\n<p><em>Nota do editor: Essa hist\u00f3ria foi publicada originalmente no blog Jornalismo nas Am\u00e9ricas do Centro Knight, o predecessor do LatAm Journalism Review.<\/em><\/p>\n","protected":false},"excerpt":{"rendered":"<p>Uma jornalista mexicana est\u00e1 morando no local de trabalho para se proteger, ap\u00f3s ser v\u00edtima de tr\u00eas ataques, informou o portal da CNN M\u00e9xico.<\/p>\n","protected":false},"author":13,"featured_media":0,"comment_status":"closed","ping_status":"closed","sticky":false,"template":"","format":"standard","meta":{"inline_featured_image":false,"footnotes":""},"categories":[1221],"tags":[1613,1534,1394,1615],"coauthors":[],"class_list":["post-36632","post","type-post","status-publish","format-standard","hentry","category-violencia-contra-jornalistas-pt-br","tag-ameacas-a-jornalistas-pt-br","tag-ataques-contra-jornalistas-pt-br","tag-mexico-pt-br","tag-violencia-contra-jornalistas-pt-br"],"acf":[],"yoast_head":"<!-- This site is optimized with the Yoast SEO Premium plugin v22.6 (Yoast SEO v27.4) - https:\/\/yoast.com\/product\/yoast-seo-premium-wordpress\/ -->\n<title>V\u00edtima de tr\u00eas ataques, jornalista mexicana vive h\u00e1 tr\u00eas anos na reda\u00e7\u00e3o do jornal para o qual trabalha - LatAm Journalism Review by the Knight Center<\/title>\n<meta name=\"description\" content=\"V\u00edtima de tr\u00eas ataques, jornalista mexicana vive h\u00e1 tr\u00eas anos na reda\u00e7\u00e3o do jornal para o qual trabalha Viol\u00eancia contra jornalistas. Latin American Journalism Review by The Knight Center at The University of Texas at Austin.\" \/>\n<meta name=\"robots\" content=\"index, follow, max-snippet:-1, max-image-preview:large, max-video-preview:-1\" \/>\n<link rel=\"canonical\" href=\"https:\/\/latamjournalismreview.org\/pt-br\/articles\/vitima-de-tres-ataques-jornalista-mexicana-vive-ha-tres-anos-na-redacao-do-jornal-para-o-qual-trabalha\/\" \/>\n<meta property=\"og:locale\" content=\"pt_BR\" \/>\n<meta property=\"og:type\" content=\"article\" \/>\n<meta property=\"og:title\" content=\"V\u00edtima de tr\u00eas ataques, jornalista mexicana vive h\u00e1 tr\u00eas anos na reda\u00e7\u00e3o do jornal para o qual trabalha\" \/>\n<meta property=\"og:description\" content=\"V\u00edtima de tr\u00eas ataques, jornalista mexicana vive h\u00e1 tr\u00eas anos na reda\u00e7\u00e3o do jornal para o qual trabalha Viol\u00eancia contra jornalistas. Latin American Journalism Review by The Knight Center at The University of Texas at Austin.\" \/>\n<meta property=\"og:url\" content=\"https:\/\/latamjournalismreview.org\/pt-br\/articles\/vitima-de-tres-ataques-jornalista-mexicana-vive-ha-tres-anos-na-redacao-do-jornal-para-o-qual-trabalha\/\" \/>\n<meta property=\"og:site_name\" content=\"LatAm Journalism Review by the Knight Center\" \/>\n<meta property=\"article:published_time\" content=\"2013-04-01T20:48:53+00:00\" \/>\n<meta property=\"article:modified_time\" content=\"2021-10-09T16:01:45+00:00\" \/>\n<meta name=\"author\" content=\"Silvia Higuera\" \/>\n<meta name=\"twitter:card\" content=\"summary_large_image\" \/>\n<meta name=\"twitter:creator\" content=\"@shiguerita\" \/>\n<meta name=\"twitter:site\" content=\"@LatAmJournalism\" \/>\n<meta name=\"twitter:label1\" content=\"Written by\" \/>\n\t<meta name=\"twitter:data1\" content=\"Silvia Higuera\" \/>\n\t<meta name=\"twitter:label2\" content=\"Est. reading time\" \/>\n\t<meta name=\"twitter:data2\" content=\"1 minuto\" \/>\n<script type=\"application\/ld+json\" class=\"yoast-schema-graph\">{\"@context\":\"https:\\\/\\\/schema.org\",\"@graph\":[{\"@type\":\"Article\",\"@id\":\"https:\\\/\\\/latamjournalismreview.org\\\/pt-br\\\/articles\\\/vitima-de-tres-ataques-jornalista-mexicana-vive-ha-tres-anos-na-redacao-do-jornal-para-o-qual-trabalha\\\/#article\",\"isPartOf\":{\"@id\":\"https:\\\/\\\/latamjournalismreview.org\\\/pt-br\\\/articles\\\/vitima-de-tres-ataques-jornalista-mexicana-vive-ha-tres-anos-na-redacao-do-jornal-para-o-qual-trabalha\\\/\"},\"author\":{\"name\":\"Silvia Higuera\",\"@id\":\"https:\\\/\\\/latamjournalismreview.org\\\/pt-br\\\/#\\\/schema\\\/person\\\/eac7baa6afada0957e047be9fc15703a\"},\"headline\":\"V\u00edtima de tr\u00eas ataques, jornalista mexicana vive h\u00e1 tr\u00eas anos na reda\u00e7\u00e3o do jornal para o qual trabalha\",\"datePublished\":\"2013-04-01T20:48:53+00:00\",\"dateModified\":\"2021-10-09T16:01:45+00:00\",\"mainEntityOfPage\":{\"@id\":\"https:\\\/\\\/latamjournalismreview.org\\\/pt-br\\\/articles\\\/vitima-de-tres-ataques-jornalista-mexicana-vive-ha-tres-anos-na-redacao-do-jornal-para-o-qual-trabalha\\\/\"},\"wordCount\":191,\"publisher\":{\"@id\":\"https:\\\/\\\/latamjournalismreview.org\\\/pt-br\\\/#organization\"},\"keywords\":[\"Amea\u00e7as a jornalistas\",\"Ataques contra jornalistas\",\"M\u00e9xico\",\"Viol\u00eancia contra jornalistas\"],\"articleSection\":[\"Viol\u00eancia contra jornalistas\"],\"inLanguage\":\"pt-BR\"},{\"@type\":\"WebPage\",\"@id\":\"https:\\\/\\\/latamjournalismreview.org\\\/pt-br\\\/articles\\\/vitima-de-tres-ataques-jornalista-mexicana-vive-ha-tres-anos-na-redacao-do-jornal-para-o-qual-trabalha\\\/\",\"url\":\"https:\\\/\\\/latamjournalismreview.org\\\/pt-br\\\/articles\\\/vitima-de-tres-ataques-jornalista-mexicana-vive-ha-tres-anos-na-redacao-do-jornal-para-o-qual-trabalha\\\/\",\"name\":\"V\u00edtima de tr\u00eas ataques, jornalista mexicana vive h\u00e1 tr\u00eas anos na reda\u00e7\u00e3o do jornal para o qual trabalha - LatAm Journalism Review by the Knight Center\",\"isPartOf\":{\"@id\":\"https:\\\/\\\/latamjournalismreview.org\\\/pt-br\\\/#website\"},\"datePublished\":\"2013-04-01T20:48:53+00:00\",\"dateModified\":\"2021-10-09T16:01:45+00:00\",\"description\":\"V\u00edtima de tr\u00eas ataques, jornalista mexicana vive h\u00e1 tr\u00eas anos na reda\u00e7\u00e3o do jornal para o qual trabalha Viol\u00eancia contra jornalistas. Latin American Journalism Review by The Knight Center at The University of Texas at Austin.\",\"breadcrumb\":{\"@id\":\"https:\\\/\\\/latamjournalismreview.org\\\/pt-br\\\/articles\\\/vitima-de-tres-ataques-jornalista-mexicana-vive-ha-tres-anos-na-redacao-do-jornal-para-o-qual-trabalha\\\/#breadcrumb\"},\"inLanguage\":\"pt-BR\",\"potentialAction\":[{\"@type\":\"ReadAction\",\"target\":[\"https:\\\/\\\/latamjournalismreview.org\\\/pt-br\\\/articles\\\/vitima-de-tres-ataques-jornalista-mexicana-vive-ha-tres-anos-na-redacao-do-jornal-para-o-qual-trabalha\\\/\"]}]},{\"@type\":\"BreadcrumbList\",\"@id\":\"https:\\\/\\\/latamjournalismreview.org\\\/pt-br\\\/articles\\\/vitima-de-tres-ataques-jornalista-mexicana-vive-ha-tres-anos-na-redacao-do-jornal-para-o-qual-trabalha\\\/#breadcrumb\",\"itemListElement\":[{\"@type\":\"ListItem\",\"position\":1,\"name\":\"Home\",\"item\":\"https:\\\/\\\/latamjournalismreview.org\\\/pt-br\\\/\"},{\"@type\":\"ListItem\",\"position\":2,\"name\":\"V\u00edtima de tr\u00eas ataques, jornalista mexicana vive h\u00e1 tr\u00eas anos na reda\u00e7\u00e3o do jornal para o qual trabalha\"}]},{\"@type\":\"WebSite\",\"@id\":\"https:\\\/\\\/latamjournalismreview.org\\\/pt-br\\\/#website\",\"url\":\"https:\\\/\\\/latamjournalismreview.org\\\/pt-br\\\/\",\"name\":\"LatAm Journalism Review\",\"description\":\"Digital magazine on journalism in Latin America\",\"publisher\":{\"@id\":\"https:\\\/\\\/latamjournalismreview.org\\\/pt-br\\\/#organization\"},\"potentialAction\":[{\"@type\":\"SearchAction\",\"target\":{\"@type\":\"EntryPoint\",\"urlTemplate\":\"https:\\\/\\\/latamjournalismreview.org\\\/pt-br\\\/?s={search_term_string}\"},\"query-input\":{\"@type\":\"PropertyValueSpecification\",\"valueRequired\":true,\"valueName\":\"search_term_string\"}}],\"inLanguage\":\"pt-BR\"},{\"@type\":\"Organization\",\"@id\":\"https:\\\/\\\/latamjournalismreview.org\\\/pt-br\\\/#organization\",\"name\":\"LatAm Journalism Review\",\"url\":\"https:\\\/\\\/latamjournalismreview.org\\\/pt-br\\\/\",\"logo\":{\"@type\":\"ImageObject\",\"inLanguage\":\"pt-BR\",\"@id\":\"https:\\\/\\\/latamjournalismreview.org\\\/pt-br\\\/#\\\/schema\\\/logo\\\/image\\\/\",\"url\":\"https:\\\/\\\/latamjournalismreview.org\\\/wp-content\\\/uploads\\\/2020\\\/05\\\/knight-latAm-review-logo.svg\",\"contentUrl\":\"https:\\\/\\\/latamjournalismreview.org\\\/wp-content\\\/uploads\\\/2020\\\/05\\\/knight-latAm-review-logo.svg\",\"width\":\"1024\",\"height\":\"1024\",\"caption\":\"LatAm Journalism Review\"},\"image\":{\"@id\":\"https:\\\/\\\/latamjournalismreview.org\\\/pt-br\\\/#\\\/schema\\\/logo\\\/image\\\/\"},\"sameAs\":[\"https:\\\/\\\/x.com\\\/LatAmJournalism\"]},{\"@type\":\"Person\",\"@id\":\"https:\\\/\\\/latamjournalismreview.org\\\/pt-br\\\/#\\\/schema\\\/person\\\/eac7baa6afada0957e047be9fc15703a\",\"name\":\"Silvia Higuera\",\"description\":\"Silvia A. Higuera Fl\u00f3rez is a Colombian journalist interested in covering Latin American issues and human rights, especially the right to freedom of expression, and investigative journalism. She studied Social Communication and Journalism at Universidad Pontificia Bolivariana in Bucaramanga (Colombia), and received her Master's of Arts in Journalism from the University of Texas at Austin in 2015. She worked with the Office of the Special Rapporteur for Freedom of Expression of the Inter-American Commission on Human Rights (IACHR) under the Orlando Sierra fellowship during 2014. She also worked for the Colombian newspaper Vanguardia Liberal and wrote for different magazines about local, economic and public order issues. Her work has also appeared in The Miami Herald and El Nuevo Herald of Miami. Email: silvia.knightcenter@gmail.com Silvia A. Higuera Fl\u00f3rez es una periodista colombiana con inter\u00e9s period\u00edstico es Am\u00e9rica Latina y los derechos humanos, particularmente el derecho a la libertad de expresi\u00f3n, as\u00ed como el periodismo de investigaci\u00f3n. Estudi\u00f3 Comunicaci\u00f3n Social \u2013 Periodismo en la Universidad Pontificia Bolivariana de Bucaramanga (Colombia), y recibi\u00f3 su maestr\u00eda en Periodismo en la Universidad de Texas, en Austin en 2015. Trabaj\u00f3 para la Relator\u00eda Especial para la Libertad de Expresi\u00f3n de la Comisi\u00f3n Interamericana de Derechos Humanos (CIDH) en el marco de la beca Orlando Sierra, durante 2014. Tambi\u00e9n hizo parte del diario Vanguardia Liberal y escribi\u00f3 para otras revistas colombianas cubriendo fuentes locales, econ\u00f3micas y judiciales. Algunos de sus trabajos han aparecido en The Miami Herald y El Nuevo Herald de Miami. Silvia A. Higuera Fl\u00f3rez \u00e9 uma jornalista colombiana e seu interesse jornal\u00edstico \u00e9 a Am\u00e9rica Latina e os direitos humanos, nomeadamente o direito \u00e0 liberdade de express\u00e3o. Estudou Comunica\u00e7\u00e3o Social \u2013 Jornalismo na Universidade Pontif\u00edcia Bolivariana de Bucaramanga, na Col\u00f4mbia e completou seu mestrado em jornalismo na Universidade do Texas em Austin. Silvia trabalhou na Relatoria para a Liberdade de Express\u00e3o da CIDH pela bolsa Orlando Sierra, em 2014. Trabalhou para o jornal Vanguardia Liberal e escreveu para outras revistas colombianas cobrindo temas locais, econ\u00f4micas e judici\u00e1rias. Alguns de seus trabalhos apareceram no The Miami Herald e no El Nuevo Herald de Miami.\",\"sameAs\":[\"https:\\\/\\\/x.com\\\/shiguerita\"],\"url\":\"https:\\\/\\\/latamjournalismreview.org\\\/pt-br\\\/articles\\\/author\\\/silvia-higuera\\\/\"}]}<\/script>\n<!-- \/ Yoast SEO Premium plugin. -->","yoast_head_json":{"title":"V\u00edtima de tr\u00eas ataques, jornalista mexicana vive h\u00e1 tr\u00eas anos na reda\u00e7\u00e3o do jornal para o qual trabalha - LatAm Journalism Review by the Knight Center","description":"V\u00edtima de tr\u00eas ataques, jornalista mexicana vive h\u00e1 tr\u00eas anos na reda\u00e7\u00e3o do jornal para o qual trabalha Viol\u00eancia contra jornalistas. Latin American Journalism Review by The Knight Center at The University of Texas at Austin.","robots":{"index":"index","follow":"follow","max-snippet":"max-snippet:-1","max-image-preview":"max-image-preview:large","max-video-preview":"max-video-preview:-1"},"canonical":"https:\/\/latamjournalismreview.org\/pt-br\/articles\/vitima-de-tres-ataques-jornalista-mexicana-vive-ha-tres-anos-na-redacao-do-jornal-para-o-qual-trabalha\/","og_locale":"pt_BR","og_type":"article","og_title":"V\u00edtima de tr\u00eas ataques, jornalista mexicana vive h\u00e1 tr\u00eas anos na reda\u00e7\u00e3o do jornal para o qual trabalha","og_description":"V\u00edtima de tr\u00eas ataques, jornalista mexicana vive h\u00e1 tr\u00eas anos na reda\u00e7\u00e3o do jornal para o qual trabalha Viol\u00eancia contra jornalistas. Latin American Journalism Review by The Knight Center at The University of Texas at Austin.","og_url":"https:\/\/latamjournalismreview.org\/pt-br\/articles\/vitima-de-tres-ataques-jornalista-mexicana-vive-ha-tres-anos-na-redacao-do-jornal-para-o-qual-trabalha\/","og_site_name":"LatAm Journalism Review by the Knight Center","article_published_time":"2013-04-01T20:48:53+00:00","article_modified_time":"2021-10-09T16:01:45+00:00","author":"Silvia Higuera","twitter_card":"summary_large_image","twitter_creator":"@shiguerita","twitter_site":"@LatAmJournalism","twitter_misc":{"Written by":"Silvia Higuera","Est. reading time":"1 minuto"},"schema":{"@context":"https:\/\/schema.org","@graph":[{"@type":"Article","@id":"https:\/\/latamjournalismreview.org\/pt-br\/articles\/vitima-de-tres-ataques-jornalista-mexicana-vive-ha-tres-anos-na-redacao-do-jornal-para-o-qual-trabalha\/#article","isPartOf":{"@id":"https:\/\/latamjournalismreview.org\/pt-br\/articles\/vitima-de-tres-ataques-jornalista-mexicana-vive-ha-tres-anos-na-redacao-do-jornal-para-o-qual-trabalha\/"},"author":{"name":"Silvia Higuera","@id":"https:\/\/latamjournalismreview.org\/pt-br\/#\/schema\/person\/eac7baa6afada0957e047be9fc15703a"},"headline":"V\u00edtima de tr\u00eas ataques, jornalista mexicana vive h\u00e1 tr\u00eas anos na reda\u00e7\u00e3o do jornal para o qual trabalha","datePublished":"2013-04-01T20:48:53+00:00","dateModified":"2021-10-09T16:01:45+00:00","mainEntityOfPage":{"@id":"https:\/\/latamjournalismreview.org\/pt-br\/articles\/vitima-de-tres-ataques-jornalista-mexicana-vive-ha-tres-anos-na-redacao-do-jornal-para-o-qual-trabalha\/"},"wordCount":191,"publisher":{"@id":"https:\/\/latamjournalismreview.org\/pt-br\/#organization"},"keywords":["Amea\u00e7as a jornalistas","Ataques contra jornalistas","M\u00e9xico","Viol\u00eancia contra jornalistas"],"articleSection":["Viol\u00eancia contra jornalistas"],"inLanguage":"pt-BR"},{"@type":"WebPage","@id":"https:\/\/latamjournalismreview.org\/pt-br\/articles\/vitima-de-tres-ataques-jornalista-mexicana-vive-ha-tres-anos-na-redacao-do-jornal-para-o-qual-trabalha\/","url":"https:\/\/latamjournalismreview.org\/pt-br\/articles\/vitima-de-tres-ataques-jornalista-mexicana-vive-ha-tres-anos-na-redacao-do-jornal-para-o-qual-trabalha\/","name":"V\u00edtima de tr\u00eas ataques, jornalista mexicana vive h\u00e1 tr\u00eas anos na reda\u00e7\u00e3o do jornal para o qual trabalha - LatAm Journalism Review by the Knight Center","isPartOf":{"@id":"https:\/\/latamjournalismreview.org\/pt-br\/#website"},"datePublished":"2013-04-01T20:48:53+00:00","dateModified":"2021-10-09T16:01:45+00:00","description":"V\u00edtima de tr\u00eas ataques, jornalista mexicana vive h\u00e1 tr\u00eas anos na reda\u00e7\u00e3o do jornal para o qual trabalha Viol\u00eancia contra jornalistas. Latin American Journalism Review by The Knight Center at The University of Texas at Austin.","breadcrumb":{"@id":"https:\/\/latamjournalismreview.org\/pt-br\/articles\/vitima-de-tres-ataques-jornalista-mexicana-vive-ha-tres-anos-na-redacao-do-jornal-para-o-qual-trabalha\/#breadcrumb"},"inLanguage":"pt-BR","potentialAction":[{"@type":"ReadAction","target":["https:\/\/latamjournalismreview.org\/pt-br\/articles\/vitima-de-tres-ataques-jornalista-mexicana-vive-ha-tres-anos-na-redacao-do-jornal-para-o-qual-trabalha\/"]}]},{"@type":"BreadcrumbList","@id":"https:\/\/latamjournalismreview.org\/pt-br\/articles\/vitima-de-tres-ataques-jornalista-mexicana-vive-ha-tres-anos-na-redacao-do-jornal-para-o-qual-trabalha\/#breadcrumb","itemListElement":[{"@type":"ListItem","position":1,"name":"Home","item":"https:\/\/latamjournalismreview.org\/pt-br\/"},{"@type":"ListItem","position":2,"name":"V\u00edtima de tr\u00eas ataques, jornalista mexicana vive h\u00e1 tr\u00eas anos na reda\u00e7\u00e3o do jornal para o qual trabalha"}]},{"@type":"WebSite","@id":"https:\/\/latamjournalismreview.org\/pt-br\/#website","url":"https:\/\/latamjournalismreview.org\/pt-br\/","name":"LatAm Journalism Review","description":"Digital magazine on journalism in Latin America","publisher":{"@id":"https:\/\/latamjournalismreview.org\/pt-br\/#organization"},"potentialAction":[{"@type":"SearchAction","target":{"@type":"EntryPoint","urlTemplate":"https:\/\/latamjournalismreview.org\/pt-br\/?s={search_term_string}"},"query-input":{"@type":"PropertyValueSpecification","valueRequired":true,"valueName":"search_term_string"}}],"inLanguage":"pt-BR"},{"@type":"Organization","@id":"https:\/\/latamjournalismreview.org\/pt-br\/#organization","name":"LatAm Journalism Review","url":"https:\/\/latamjournalismreview.org\/pt-br\/","logo":{"@type":"ImageObject","inLanguage":"pt-BR","@id":"https:\/\/latamjournalismreview.org\/pt-br\/#\/schema\/logo\/image\/","url":"https:\/\/latamjournalismreview.org\/wp-content\/uploads\/2020\/05\/knight-latAm-review-logo.svg","contentUrl":"https:\/\/latamjournalismreview.org\/wp-content\/uploads\/2020\/05\/knight-latAm-review-logo.svg","width":"1024","height":"1024","caption":"LatAm Journalism Review"},"image":{"@id":"https:\/\/latamjournalismreview.org\/pt-br\/#\/schema\/logo\/image\/"},"sameAs":["https:\/\/x.com\/LatAmJournalism"]},{"@type":"Person","@id":"https:\/\/latamjournalismreview.org\/pt-br\/#\/schema\/person\/eac7baa6afada0957e047be9fc15703a","name":"Silvia Higuera","description":"Silvia A. Higuera Fl\u00f3rez is a Colombian journalist interested in covering Latin American issues and human rights, especially the right to freedom of expression, and investigative journalism. She studied Social Communication and Journalism at Universidad Pontificia Bolivariana in Bucaramanga (Colombia), and received her Master's of Arts in Journalism from the University of Texas at Austin in 2015. She worked with the Office of the Special Rapporteur for Freedom of Expression of the Inter-American Commission on Human Rights (IACHR) under the Orlando Sierra fellowship during 2014. She also worked for the Colombian newspaper Vanguardia Liberal and wrote for different magazines about local, economic and public order issues. Her work has also appeared in The Miami Herald and El Nuevo Herald of Miami. Email: silvia.knightcenter@gmail.com Silvia A. Higuera Fl\u00f3rez es una periodista colombiana con inter\u00e9s period\u00edstico es Am\u00e9rica Latina y los derechos humanos, particularmente el derecho a la libertad de expresi\u00f3n, as\u00ed como el periodismo de investigaci\u00f3n. Estudi\u00f3 Comunicaci\u00f3n Social \u2013 Periodismo en la Universidad Pontificia Bolivariana de Bucaramanga (Colombia), y recibi\u00f3 su maestr\u00eda en Periodismo en la Universidad de Texas, en Austin en 2015. Trabaj\u00f3 para la Relator\u00eda Especial para la Libertad de Expresi\u00f3n de la Comisi\u00f3n Interamericana de Derechos Humanos (CIDH) en el marco de la beca Orlando Sierra, durante 2014. Tambi\u00e9n hizo parte del diario Vanguardia Liberal y escribi\u00f3 para otras revistas colombianas cubriendo fuentes locales, econ\u00f3micas y judiciales. Algunos de sus trabajos han aparecido en The Miami Herald y El Nuevo Herald de Miami. Silvia A. Higuera Fl\u00f3rez \u00e9 uma jornalista colombiana e seu interesse jornal\u00edstico \u00e9 a Am\u00e9rica Latina e os direitos humanos, nomeadamente o direito \u00e0 liberdade de express\u00e3o. Estudou Comunica\u00e7\u00e3o Social \u2013 Jornalismo na Universidade Pontif\u00edcia Bolivariana de Bucaramanga, na Col\u00f4mbia e completou seu mestrado em jornalismo na Universidade do Texas em Austin. Silvia trabalhou na Relatoria para a Liberdade de Express\u00e3o da CIDH pela bolsa Orlando Sierra, em 2014. Trabalhou para o jornal Vanguardia Liberal e escreveu para outras revistas colombianas cobrindo temas locais, econ\u00f4micas e judici\u00e1rias. Alguns de seus trabalhos apareceram no The Miami Herald e no El Nuevo Herald de Miami.","sameAs":["https:\/\/x.com\/shiguerita"],"url":"https:\/\/latamjournalismreview.org\/pt-br\/articles\/author\/silvia-higuera\/"}]}},"_links":{"self":[{"href":"https:\/\/latamjournalismreview.org\/pt-br\/wp-json\/wp\/v2\/posts\/36632","targetHints":{"allow":["GET"]}}],"collection":[{"href":"https:\/\/latamjournalismreview.org\/pt-br\/wp-json\/wp\/v2\/posts"}],"about":[{"href":"https:\/\/latamjournalismreview.org\/pt-br\/wp-json\/wp\/v2\/types\/post"}],"author":[{"embeddable":true,"href":"https:\/\/latamjournalismreview.org\/pt-br\/wp-json\/wp\/v2\/users\/13"}],"replies":[{"embeddable":true,"href":"https:\/\/latamjournalismreview.org\/pt-br\/wp-json\/wp\/v2\/comments?post=36632"}],"version-history":[{"count":1,"href":"https:\/\/latamjournalismreview.org\/pt-br\/wp-json\/wp\/v2\/posts\/36632\/revisions"}],"predecessor-version":[{"id":36633,"href":"https:\/\/latamjournalismreview.org\/pt-br\/wp-json\/wp\/v2\/posts\/36632\/revisions\/36633"}],"wp:attachment":[{"href":"https:\/\/latamjournalismreview.org\/pt-br\/wp-json\/wp\/v2\/media?parent=36632"}],"wp:term":[{"taxonomy":"category","embeddable":true,"href":"https:\/\/latamjournalismreview.org\/pt-br\/wp-json\/wp\/v2\/categories?post=36632"},{"taxonomy":"post_tag","embeddable":true,"href":"https:\/\/latamjournalismreview.org\/pt-br\/wp-json\/wp\/v2\/tags?post=36632"},{"taxonomy":"author","embeddable":true,"href":"https:\/\/latamjournalismreview.org\/pt-br\/wp-json\/wp\/v2\/coauthors?post=36632"}],"curies":[{"name":"wp","href":"https:\/\/api.w.org\/{rel}","templated":true}]}}