{"id":3735,"date":"2019-09-11T15:11:01","date_gmt":"2019-09-11T20:11:01","guid":{"rendered":"https:\/\/live-lajr.pantheonsite.io\/?p=3735"},"modified":"2020-06-04T10:13:17","modified_gmt":"2020-06-04T15:13:17","slug":"meios-latino-americanos-participam-de-iniciativa-global-para-reforcar-cobertura-sobre-a-crise-climatica","status":"publish","type":"post","link":"https:\/\/latamjournalismreview.org\/pt-br\/articles\/meios-latino-americanos-participam-de-iniciativa-global-para-reforcar-cobertura-sobre-a-crise-climatica\/","title":{"rendered":"Meios latino-americanos participam de iniciativa global para refor\u00e7ar cobertura sobre a crise clim\u00e1tica"},"content":{"rendered":"<p dir=\"ltr\">\u201cNossa pr\u00f3pria \u2018guerra de mentira\u2019 do aquecimento global acabou. A guerra quente est\u00e1 aqui\u201d, disse o\u00a0<a href=\"https:\/\/www.cjr.org\/watchdog\/bill-moyers-climate-change.php\">veterano jornalista norte-americano Bill Moyers em uma confer\u00eancia em abril<\/a>, quando ele comparou a import\u00e2ncia e a urg\u00eancia da cobertura jornal\u00edstica sobre a crise clim\u00e1tica com a cobertura da Segunda Guerra Mundial.<\/p>\n<p dir=\"ltr\">A<a href=\"https:\/\/www.thenation.com\/article\/covering-climate-change-cjr-live\/\">\u00a0confer\u00eancia realizada em Nova York<\/a>, nos Estados Unidos, reuniu jornalistas e representantes de meios de comunica\u00e7\u00e3o para debater como cobrir a \u201cmudan\u00e7a clim\u00e1tica em um mundo de 1,5o C\u201d.<\/p>\n<p dir=\"ltr\">Este \u00e9 o quanto a temperatura global deve subir entre 2030 e 2052 em rela\u00e7\u00e3o \u00e0quela registrada antes da era industrial, segundo um\u00a0<a href=\"https:\/\/www.ipcc.ch\/sr15\/\">relat\u00f3rio lan\u00e7ado em outubro de 2018 pelo Painel Intergovernamental sobre Mudan\u00e7as Clim\u00e1ticas das Na\u00e7\u00f5es Unidas<\/a>\u00a0(IPCC, na sigla em ingl\u00eas). Trata-se do aquecimento global provocado pela atividade humana, cujo impacto j\u00e1 tem sido sentido no aumento da frequ\u00eancia e da intensidade de eventos clim\u00e1ticos extremos ao redor do mundo, por exemplo, diz o relat\u00f3rio.<\/p>\n<p dir=\"ltr\">A partir dessa urg\u00eancia, uma alian\u00e7a global pretende colocar a crise clim\u00e1tica no centro da cobertura jornal\u00edstica de mais de 200 meios de comunica\u00e7\u00e3o, entre jornais, sites, r\u00e1dios, canais de TV e podcasts nas pr\u00f3ximas semanas e al\u00e9m.<\/p>\n<p dir=\"ltr\">A iniciativa\u00a0<a href=\"https:\/\/www.coveringclimatenow.org\/\" target=\"_blank\" rel=\"noopener noreferrer\">Covering Climate Now<\/a>, capitaneada pelas revistas norte-americanas\u00a0<a href=\"https:\/\/www.thenation.com\/\">The Nation<\/a>\u00a0e\u00a0<a href=\"https:\/\/www.cjr.org\/\">Columbia Journalism Review<\/a>\u00a0(CJR), conta at\u00e9 o momento com seis parceiros latino-americanos \u2013 e espera que outros meios da regi\u00e3o queiram se unir \u00e0 alian\u00e7a.<\/p>\n<div>\n<div style=\"width: 534px\" class=\"wp-caption alignright\"><a href=\"https:\/\/knightcenter.utexas.edu\/pt-br\/blog\/00-21209-meios-latino-americanos-participam-de-iniciativa-global-para-reforcar-cobertura-sobre-\" target=\"_blank\" rel=\"noopener noreferrer\"><img loading=\"lazy\" decoding=\"async\" src=\"https:\/\/live.staticflickr.com\/65535\/33869461068_d79aaa76fa_o.jpg\" alt=\"(Foto: Martin Snicer\/Flickr CC)\" width=\"524\" height=\"349\" \/><\/a><p class=\"wp-caption-text\">(Foto: Martin Snicer\/Flickr CC)<\/p><\/div>\n<p>\u201cQuando os cientistas do IPCC lan\u00e7aram seu alerta para os pr\u00f3ximos 12 anos, eles disseram que limitar o aumento da temperatura a 1,5o C demandaria transformar radicalmente a energia, a agricultura, o transporte, a constru\u00e7\u00e3o e outros setores essenciais da economia global\u201d, escreveram Mark Hertsgaard, correspondente ambiental da The Nation, e Kyle Pope, editor-chefe da CJR, em um artigo publicado em abril na The Nation. \u201cNosso projeto se baseia na convic\u00e7\u00e3o de que o setor de not\u00edcias deve ser transformado t\u00e3o radicalmente quanto.\u201d<\/p>\n<div>\n<p dir=\"ltr\">A alian\u00e7a que vem sendo forjada desde ent\u00e3o prev\u00ea que todos os meios parceiros se comprometam a publicar o equivalente a uma semana de conte\u00fado sobre mudan\u00e7a clim\u00e1tica no contexto da C\u00fapula de A\u00e7\u00e3o Clim\u00e1tica da ONU, que ser\u00e1 realizada em Nova York em 23 de setembro.<\/p>\n<p dir=\"ltr\">Hertsgaard, coordenador da iniciativa, contou ao <strong>Centro Knight<\/strong>\u00a0que, no in\u00edcio do projeto, o foco era a imprensa norte-americana. \u201cFoi uma surpresa boa quando tantos ve\u00edculos de outros pa\u00edses come\u00e7aram a entrar em contato conosco e a dizer \u2018ei, queremos fazer parte disso tamb\u00e9m\u2019.\u201d<\/p>\n<p dir=\"ltr\">At\u00e9 o momento, o projeto conta com cerca de 230 meios jornal\u00edsticos do mundo todo, mais parceiros institucionais e jornalistas independentes. Na Am\u00e9rica Latina, participam os jornais\u00a0<a href=\"https:\/\/www.lanacion.com.ar\/\">La Naci\u00f3n<\/a>\u00a0(Argentina) e\u00a0<a href=\"https:\/\/www.latercera.com\/\">La Tercera<\/a>\u00a0(Chile), os sites\u00a0<a href=\"https:\/\/ojoalclima.com\/\">Ojo al Clima<\/a>\u00a0(Costa Rica) e\u00a0<a href=\"https:\/\/www.redaccion.com.ar\/\">Red\/acci\u00f3n<\/a>\u00a0(Argentina), o canal\u00a0<a href=\"https:\/\/canalmynews.com.br\/\">My News<\/a>\u00a0(Brasil) e a institui\u00e7\u00e3o de ensino superior\u00a0<a href=\"https:\/\/www.insper.edu.br\/\">Insper<\/a>\u00a0(Brasil).<\/p>\n<p dir=\"ltr\">\u201cN\u00e3o \u00e9 tarde demais para que os meios participem\u201d, disse ele. Ve\u00edculos e profissionais interessados podem entrar em contato pelos emails\u00a0<a href=\"mailto:editors@cjr.org\">editors@cjr.org<\/a>\u00a0ou\u00a0<a href=\"mailto:coveringclimatenow@cjr.org\">coveringclimatenow@cjr.org<\/a>.<\/p>\n<p><strong>\u201cO tema da nossa era\u201d<\/strong><\/p>\n<p dir=\"ltr\">Tania Opazo, editora de narrativas interativas no jornal chileno La Tercera, disse ao\u00a0<strong>Centro Knight\u00a0<\/strong>que foi impactada pela\u00a0<a href=\"https:\/\/www.cjr.org\/watchdog\/bill-moyers-climate-change.php\">fala de Moyers<\/a>\u00a0e que logo entrou em contato com a organiza\u00e7\u00e3o do projeto.<\/p>\n<p dir=\"ltr\">Ela contou que j\u00e1 vinha pensando em refor\u00e7ar a cobertura do jornal sobre o clima tamb\u00e9m porque o Chile vai sediar a Confer\u00eancia das Partes da Conven\u00e7\u00e3o das Na\u00e7\u00f5es Unidas sobre as Mudan\u00e7as Clim\u00e1ticas, a COP 25, em dezembro deste ano \u2013 responsabilidade que o pa\u00eds tomou para si depois que\u00a0<a href=\"https:\/\/www1.folha.uol.com.br\/ambiente\/2018\/11\/brasil-desiste-de-sediar-conferencia-do-clima-da-onu-em-2019.shtml\">o Brasil abriu m\u00e3o de sediar o evento<\/a>, conforme\u00a0<a href=\"https:\/\/www.dw.com\/pt-br\/ap%C3%B3s-desist%C3%AAncia-do-brasil-chile-vai-sediar-cop-25\/a-46752231\">orienta\u00e7\u00e3o do atual presidente, Jair Bolsonaro<\/a>.<\/p>\n<p dir=\"ltr\">\u201c\u00c9 muito relevante, sobretudo nos tempos atuais, que os meios de comunica\u00e7\u00e3o sejamos capazes de trabalhar de maneira coordenada, sem importar em que lugar do mundo estejamos\u201d, disse Opazo sobre o projeto. \u201cE este \u00e9 o tema de nossa era. \u00c9 a not\u00edcia do nosso tempo e temos que fazer o melhor trabalho poss\u00edvel para lev\u00e1-la a nossas audi\u00eancias em nossos respectivos pa\u00edses. E creio que temos muito que aprender uns dos outros nisso.\u201d<\/p>\n<p dir=\"ltr\">Al\u00e9m de reportagens na revista online\u00a0<a href=\"https:\/\/www.latercera.com\/canal\/que-pasa\/\">Qu\u00e9 Pasa<\/a>, que cobre meio ambiente, ci\u00eancia e sociedade no site de La Tercera, o jornal pretende publicar nas pr\u00f3ximas semanas uma edi\u00e7\u00e3o completa do di\u00e1rio impresso dedicada \u00e0 crise clim\u00e1tica. Nesta edi\u00e7\u00e3o, todas as reportagens ser\u00e3o sobre o tema, a partir das perspectivas de cada se\u00e7\u00e3o do jornal.<\/p>\n<p dir=\"ltr\">\u201cAcho que vai ser um ponto de partida significativo tanto para os jornalistas como para os editores, uma tomada de consci\u00eancia de que cada um, desde suas pr\u00f3prias \u00e1reas, podem contribuir e fazer boas coberturas sobre o tema da crise clim\u00e1tica. Basta que o considerem, que pensem nele, porque est\u00e3o acontecendo muitas coisas, desde a economia, a pol\u00edtica, a educa\u00e7\u00e3o. Pode-se abord\u00e1-lo desde todas as arestas poss\u00edveis e a ideia \u00e9 um pouco instalar esta semente em toda a reda\u00e7\u00e3o\u201d, disse ela.<\/p>\n<p dir=\"ltr\">Outro parceiro da iniciativa, o costa-riquenho Ojo al Clima tem se dedicado a abordar a mudan\u00e7a clim\u00e1tica por v\u00e1rias perspectivas desde sua funda\u00e7\u00e3o em novembro de 2015, disse ao\u00a0<strong>Centro Knight<\/strong>\u00a0o jornalista e cofundador do site Diego Arguedas Ortiz.<\/p>\n<p dir=\"ltr\">\u201cJ\u00e1 em 2015 era evidente que este tema requeria mais aten\u00e7\u00e3o nos meios do que tinha ent\u00e3o\u201d, disse ele. \u201cEst\u00e1vamos na pr\u00e9via ao\u00a0<a href=\"https:\/\/nacoesunidas.org\/acordodeparis\/\">acordo de Paris<\/a>\u00a0e as pessoas cobriram muito o tema e eu perguntava \u2018o que acontece depois?\u2019 Ou seja, o que acontece quando essa cobertura diminui.\u201d<\/p>\n<p dir=\"ltr\">Ortiz prop\u00f4s ent\u00e3o para seus chefes no\u00a0<a href=\"https:\/\/semanariouniversidad.com\/universitarias\/universidad-lanza-novedoso-portal-sobre-cambio-climatico\/\">Semanario Universidad<\/a>, da Universidade de Costa Rica, criar um meio para concentrar e potencializar a cobertura clim\u00e1tica. \u201cSe voc\u00ea tem uma se\u00e7\u00e3o ou um meio ou um programa de r\u00e1dio sobre mudan\u00e7a clim\u00e1tica, vai ter que buscar conte\u00fado para isso, porque essa \u00e9 a estrutura dos meios de comunica\u00e7\u00e3o. Foi uma maneira de nos obrigar a criar mais conte\u00fado sobre mudan\u00e7a clim\u00e1tica.\u201d<\/p>\n<p dir=\"ltr\">Sobre a participa\u00e7\u00e3o de Ojo al Clima no projeto Covering Climate Now, Ortiz comentou que algu\u00e9m at\u00e9 poderia pensar que um meio que j\u00e1 cobre a mudan\u00e7a clim\u00e1tica n\u00e3o precisaria fazer parte de uma iniciativa cujo foco \u00e9 a cobertura sobre o tema. No entanto, \u201csomente o fato de saber que somos parte de uma rede global de meios de comunica\u00e7\u00e3o que est\u00e1 dando cobertura ao tema te faz sentir acompanhado, te faz sentir que voc\u00ea n\u00e3o est\u00e1 sozinho\u201d, afirmou.<\/p>\n<p dir=\"ltr\">Outro ponto positivo de fazer parte da rede \u00e9 que as pessoas que est\u00e3o \u201cno Brasil, nos Estados Unidos, na Europa, se d\u00e3o conta de que h\u00e1 um meio na Costa Rica que se interessa pelo tema, assim como eu me dou conta de que h\u00e1 um meio no Chile ou na Argentina\u201d, disse ele.<\/p>\n<p dir=\"ltr\">Na Argentina, um deles \u00e9 o jornal La Naci\u00f3n, onde o n\u00facleo de jornalismo de dados, liderado por Momi Peralta, tem abordado a crise clim\u00e1tica em conjunto com v\u00e1rias editorias do jornal.<\/p>\n<div>\n<div style=\"width: 541px\" class=\"wp-caption alignleft\"><a href=\"https:\/\/www.flickr.com\/photos\/un_photo\/15257223966\/in\/photolist-pfeg8C-mwATSo-aMUxFV-oZM51p-oZLXdg-bDWXTo-VkUr6m-VTq6a7-6AP9XW-UEsLjQ-5pV6m1-UMWxbo-3cBrvJ-231nRic-oZLiSC-24iF1CN-231nRdc-oZL4Sn-cPH8Jq-6UYBbJ-24nD61z-2dxr2YA-9WfkTi-24nD4Mn-hKxWT-GeNSwu-EHxpoD-VJppb-82wKc-2dxr395-8Y4GtC-PbqfqM-EHxpqH-8Y1Dz8-231nWdx-24nD5Zn-9ki2yZ-cjuFxY-23hNhqm-6GsZc1-23hNCeE-2cS8hdC-24nD9Ki-6GoCQz-6GowWx-6GoA52-EHxfsc-21BHadJ-7HrM6v-6GsiSG\" target=\"_blank\" rel=\"noopener noreferrer\"><img loading=\"lazy\" decoding=\"async\" class=\"\" src=\"https:\/\/live.staticflickr.com\/3842\/15257223966_06a30199b7_k.jpg\" alt=\"Icebergs in Ilulissat Icefjord, Greenland in 2014 (UN Photo\/Mark Garten)\" width=\"531\" height=\"354\" \/><\/a><p class=\"wp-caption-text\">Icebergs in Ilulissat Icefjord, Greenland in 2014 (UN Photo\/Mark Garten)<\/p><\/div>\n<p>\u201cCome\u00e7amos, desde a \u00e1rea de jornalismo de dados, a buscar quais s\u00e3o as m\u00e9tricas e a maneira de comunicar o sentido da urg\u00eancia da crise clim\u00e1tica, muito em linha com\u00a0<a href=\"https:\/\/www.theguardian.com\/environment\/2019\/may\/17\/why-the-guardian-is-changing-the-language-it-uses-about-the-environment\">a decis\u00e3o tomada pelo The Guardian de come\u00e7ar a falar de crise clim\u00e1tica e n\u00e3o em mudan\u00e7a clim\u00e1tica<\/a>\u201d, disse ela ao\u00a0<strong>Centro Knight.<\/strong>\u00a0\u201cNos demos conta de que estava muito sustentado em evid\u00eancias da comunidade cient\u00edfica e estavam todas as provas da urg\u00eancia em trabalharmos todos nesse sentido. Acho que temos a obriga\u00e7\u00e3o de colocar este tema na agenda.\u201d<\/p>\n<\/div>\n<p dir=\"ltr\"><a href=\"https:\/\/www.thenation.com\/article\/climate-change-media-aoc-gnd-propaganda\/\">H\u00e1 quem diga que a mudan\u00e7a clim\u00e1tica \u00e9 um tema que n\u00e3o cativa a audi\u00eancia dos meios de not\u00edcias<\/a>, como comentaram Hertsgaard e Pope no artigo publicado na The Nation. Para Peralta, por\u00e9m, este n\u00e3o deve ser o crit\u00e9rio de decis\u00e3o para a cobertura.<\/p>\n<p dir=\"ltr\">\u201cEstes s\u00e3o temas importantes e n\u00e3o vamos pela audi\u00eancia, pelos pageviews. O impacto que nos interessa \u00e9 que se aumente a participa\u00e7\u00e3o cidad\u00e3 e ter impacto \u00e9 a mudan\u00e7a\u201d, disse Peralta. \u201cOs meios precisam levantar [o tema da crise clim\u00e1tica]. E mais, o que queremos \u00e9 que outros meios se somem [\u00e0 iniciativa]. Nos interessa que se somem, que as coisas mudem. Este \u00e9 o resultado e o impacto.\u201d<\/p>\n<p><strong>Solu\u00e7\u00f5es contra o fim do mundo<\/strong><\/p>\n<p dir=\"ltr\">Um dos objetivos do projeto Covering Climate Now tamb\u00e9m \u00e9 fomentar a cria\u00e7\u00e3o de novas estrat\u00e9gias para a cobertura jornal\u00edstica sobre a crise clim\u00e1tica. Al\u00e9m da necessidade de se fundamentar em dados cient\u00edficos de organiza\u00e7\u00f5es com trabalhos s\u00f3lidos sobre o tema, a cobertura deve aproximar a quest\u00e3o do p\u00fablico consumidor de not\u00edcias e mover atores civis e pol\u00edticos para mitigar o aquecimento global e lidar com os efeitos da mudan\u00e7a clim\u00e1tica, segundo disseram os membros da iniciativa.<\/p>\n<p dir=\"ltr\">\u201cO n\u00edvel de transforma\u00e7\u00e3o que o mundo requer nos pr\u00f3ximos 10 anos para chegar a um caminho vi\u00e1vel [em rela\u00e7\u00e3o ao aquecimento global] n\u00e3o est\u00e1 de acordo com o n\u00edvel de prioridade pol\u00edtica que o tema tem hoje. E uma maneira para que os cidad\u00e3os fa\u00e7am mais press\u00e3o pol\u00edtica \u00e9 colocar o tema na agenda. Isso o jornalismo pode fazer: colocar o tema na agenda e pressionar as pessoas que est\u00e3o tomando decis\u00f5es, perguntar-lhes porque n\u00e3o o est\u00e3o fazendo\u201d, disse Ortiz.<\/p>\n<p dir=\"ltr\">Para isso, \u00e9 importante trazer as causas e as implica\u00e7\u00f5es da mudan\u00e7a clim\u00e1tica para o dia a dia de quem consome as not\u00edcias, tornando concreto um tema que muitas vezes parece abstrato, disse ele. \u201cA mudan\u00e7a clim\u00e1tica vai impactar a moradia, a sa\u00fade, os alimentos, j\u00e1 est\u00e1 impactando a migra\u00e7\u00e3o. \u00c9 algo super concreto. O problema \u00e9 que aos meios de comunica\u00e7\u00e3o nos tem custado muito, por v\u00e1rios motivos, fazer essa conex\u00e3o.\u201d<\/p>\n<p dir=\"ltr\">Quando esta conex\u00e3o \u00e9 feita, por\u00e9m, muitas vezes se apresenta um cen\u00e1rio catastr\u00f3fico e irrevers\u00edvel, pouco convidativo \u00e0s a\u00e7\u00f5es que podem transform\u00e1-lo, comentou Opazo.<\/p>\n<p dir=\"ltr\">\u201cO grande problema \u00e9 como convidar os leitores \u00e0 reflex\u00e3o, mostrar-lhes a situa\u00e7\u00e3o cr\u00edtica em que nos encontramos, mas tamb\u00e9m apresentar-lhes panoramas esperan\u00e7osos\u201d, disse ela, acrescentando que a edi\u00e7\u00e3o especial de La Tercera sobre a crise clim\u00e1tica n\u00e3o quer ser \u201co di\u00e1rio do fim do mundo, mas sim o di\u00e1rio de como este \u00e9 o momento em que temos que fazer alguma coisa\u201d.<\/p>\n<p dir=\"ltr\">Tornando concretos os problemas, \u00e9 imprescind\u00edvel apresentar solu\u00e7\u00f5es concretas para eles, ressaltou Hertsgaard, que h\u00e1 30 anos se dedica \u00e0 cobertura da mudan\u00e7a clim\u00e1tica. E as solu\u00e7\u00f5es abrangem mais do que as inova\u00e7\u00f5es tecnol\u00f3gicas para a efici\u00eancia energ\u00e9tica, por exemplo.<\/p>\n<p dir=\"ltr\">\u201cMeu conselho seria: cubra as solu\u00e7\u00f5es. E as solu\u00e7\u00f5es n\u00e3o s\u00e3o apenas as tecnologias, mas os movimentos pol\u00edticos e sociais que s\u00e3o necess\u00e1rios para fazer governos e empresas realizarem as a\u00e7\u00f5es necess\u00e1rias para promover estas tecnologias\u201d, disse ele. \u201cO que muitas vezes fica esquecido \u00e9 que a coisa mais importante n\u00e3o \u00e9 trocar a sua l\u00e2mpada, mas trocar seu presidente, seu governador, seus senadores, seus representantes na pol\u00edtica. \u00c9 isso que \u00e9 necess\u00e1rio para reverter essa crise.\u201d<\/p>\n<\/div>\n<\/div>\n","protected":false},"excerpt":{"rendered":"<p>\u201cNossa pr\u00f3pria \u2018guerra de mentira\u2019 do aquecimento global acabou. A guerra quente est\u00e1 aqui\u201d, disse o\u00a0veterano jornalista norte-americano Bill Moyers, quando ele comparou a cobertura jornal\u00edstica da crise clim\u00e1tica com a da Segunda Guerra Mundial.<\/p>\n","protected":false},"author":16,"featured_media":3736,"comment_status":"closed","ping_status":"closed","sticky":false,"template":"","format":"standard","meta":{"inline_featured_image":false,"footnotes":""},"categories":[1212],"tags":[1572],"coauthors":[],"class_list":["post-3735","post","type-post","status-publish","format-standard","has-post-thumbnail","hentry","category-colaboracao-pt-br","tag-jornalismo-ambiental-pt-br"],"acf":[],"yoast_head":"<!-- This site is optimized with the Yoast SEO Premium plugin v22.6 (Yoast SEO v27.4) - https:\/\/yoast.com\/product\/yoast-seo-premium-wordpress\/ -->\n<title>Meios latino-americanos participam de iniciativa global para refor\u00e7ar cobertura sobre a crise clim\u00e1tica - LatAm Journalism Review by the Knight Center<\/title>\n<meta name=\"description\" content=\"Meios latino-americanos participam de iniciativa global para refor\u00e7ar cobertura sobre a crise clim\u00e1tica Colabora\u00e7\u00e3o. Latin American Journalism Review by The Knight Center at The University of Texas at Austin.\" \/>\n<meta name=\"robots\" content=\"index, follow, max-snippet:-1, max-image-preview:large, max-video-preview:-1\" \/>\n<link rel=\"canonical\" href=\"https:\/\/latamjournalismreview.org\/pt-br\/articles\/meios-latino-americanos-participam-de-iniciativa-global-para-reforcar-cobertura-sobre-a-crise-climatica\/\" \/>\n<meta property=\"og:locale\" content=\"pt_BR\" \/>\n<meta property=\"og:type\" content=\"article\" \/>\n<meta property=\"og:title\" content=\"Meios latino-americanos participam de iniciativa global para refor\u00e7ar cobertura sobre a crise clim\u00e1tica\" \/>\n<meta property=\"og:description\" content=\"Meios latino-americanos participam de iniciativa global para refor\u00e7ar cobertura sobre a crise clim\u00e1tica Colabora\u00e7\u00e3o. Latin American Journalism Review by The Knight Center at The University of Texas at Austin.\" \/>\n<meta property=\"og:url\" content=\"https:\/\/latamjournalismreview.org\/pt-br\/articles\/meios-latino-americanos-participam-de-iniciativa-global-para-reforcar-cobertura-sobre-a-crise-climatica\/\" \/>\n<meta property=\"og:site_name\" content=\"LatAm Journalism Review by the Knight Center\" \/>\n<meta property=\"article:published_time\" content=\"2019-09-11T20:11:01+00:00\" \/>\n<meta property=\"article:modified_time\" content=\"2020-06-04T15:13:17+00:00\" \/>\n<meta property=\"og:image\" content=\"https:\/\/latamjournalismreview.org\/wp-content\/uploads\/2020\/05\/Icebergs-Featured-Image.jpg\" \/>\n\t<meta property=\"og:image:width\" content=\"507\" \/>\n\t<meta property=\"og:image:height\" content=\"338\" \/>\n\t<meta property=\"og:image:type\" content=\"image\/jpeg\" \/>\n<meta name=\"author\" content=\"Carolina de Assis\" \/>\n<meta name=\"twitter:card\" content=\"summary_large_image\" \/>\n<meta name=\"twitter:creator\" content=\"@LatAmJournalism\" \/>\n<meta name=\"twitter:site\" content=\"@LatAmJournalism\" \/>\n<meta name=\"twitter:label1\" content=\"Written by\" \/>\n\t<meta name=\"twitter:data1\" content=\"Carolina de Assis\" \/>\n\t<meta name=\"twitter:label2\" content=\"Est. reading time\" \/>\n\t<meta name=\"twitter:data2\" content=\"10 minutos\" \/>\n<script type=\"application\/ld+json\" class=\"yoast-schema-graph\">{\"@context\":\"https:\\\/\\\/schema.org\",\"@graph\":[{\"@type\":\"Article\",\"@id\":\"https:\\\/\\\/latamjournalismreview.org\\\/pt-br\\\/articles\\\/meios-latino-americanos-participam-de-iniciativa-global-para-reforcar-cobertura-sobre-a-crise-climatica\\\/#article\",\"isPartOf\":{\"@id\":\"https:\\\/\\\/latamjournalismreview.org\\\/pt-br\\\/articles\\\/meios-latino-americanos-participam-de-iniciativa-global-para-reforcar-cobertura-sobre-a-crise-climatica\\\/\"},\"author\":{\"name\":\"Carolina de Assis\",\"@id\":\"https:\\\/\\\/latamjournalismreview.org\\\/pt-br\\\/#\\\/schema\\\/person\\\/f98b544e2f231a237f39a56cc9a00a9a\"},\"headline\":\"Meios latino-americanos participam de iniciativa global para refor\u00e7ar cobertura sobre a crise clim\u00e1tica\",\"datePublished\":\"2019-09-11T20:11:01+00:00\",\"dateModified\":\"2020-06-04T15:13:17+00:00\",\"mainEntityOfPage\":{\"@id\":\"https:\\\/\\\/latamjournalismreview.org\\\/pt-br\\\/articles\\\/meios-latino-americanos-participam-de-iniciativa-global-para-reforcar-cobertura-sobre-a-crise-climatica\\\/\"},\"wordCount\":2003,\"publisher\":{\"@id\":\"https:\\\/\\\/latamjournalismreview.org\\\/pt-br\\\/#organization\"},\"image\":{\"@id\":\"https:\\\/\\\/latamjournalismreview.org\\\/pt-br\\\/articles\\\/meios-latino-americanos-participam-de-iniciativa-global-para-reforcar-cobertura-sobre-a-crise-climatica\\\/#primaryimage\"},\"thumbnailUrl\":\"https:\\\/\\\/latamjournalismreview.org\\\/wp-content\\\/uploads\\\/2020\\\/05\\\/Icebergs-Featured-Image.jpg\",\"keywords\":[\"Jornalismo ambiental\"],\"articleSection\":[\"Colabora\u00e7\u00e3o\"],\"inLanguage\":\"pt-BR\"},{\"@type\":\"WebPage\",\"@id\":\"https:\\\/\\\/latamjournalismreview.org\\\/pt-br\\\/articles\\\/meios-latino-americanos-participam-de-iniciativa-global-para-reforcar-cobertura-sobre-a-crise-climatica\\\/\",\"url\":\"https:\\\/\\\/latamjournalismreview.org\\\/pt-br\\\/articles\\\/meios-latino-americanos-participam-de-iniciativa-global-para-reforcar-cobertura-sobre-a-crise-climatica\\\/\",\"name\":\"Meios latino-americanos participam de iniciativa global para refor\u00e7ar cobertura sobre a crise clim\u00e1tica - LatAm Journalism Review by the Knight Center\",\"isPartOf\":{\"@id\":\"https:\\\/\\\/latamjournalismreview.org\\\/pt-br\\\/#website\"},\"primaryImageOfPage\":{\"@id\":\"https:\\\/\\\/latamjournalismreview.org\\\/pt-br\\\/articles\\\/meios-latino-americanos-participam-de-iniciativa-global-para-reforcar-cobertura-sobre-a-crise-climatica\\\/#primaryimage\"},\"image\":{\"@id\":\"https:\\\/\\\/latamjournalismreview.org\\\/pt-br\\\/articles\\\/meios-latino-americanos-participam-de-iniciativa-global-para-reforcar-cobertura-sobre-a-crise-climatica\\\/#primaryimage\"},\"thumbnailUrl\":\"https:\\\/\\\/latamjournalismreview.org\\\/wp-content\\\/uploads\\\/2020\\\/05\\\/Icebergs-Featured-Image.jpg\",\"datePublished\":\"2019-09-11T20:11:01+00:00\",\"dateModified\":\"2020-06-04T15:13:17+00:00\",\"description\":\"Meios latino-americanos participam de iniciativa global para refor\u00e7ar cobertura sobre a crise clim\u00e1tica Colabora\u00e7\u00e3o. Latin American Journalism Review by The Knight Center at The University of Texas at Austin.\",\"breadcrumb\":{\"@id\":\"https:\\\/\\\/latamjournalismreview.org\\\/pt-br\\\/articles\\\/meios-latino-americanos-participam-de-iniciativa-global-para-reforcar-cobertura-sobre-a-crise-climatica\\\/#breadcrumb\"},\"inLanguage\":\"pt-BR\",\"potentialAction\":[{\"@type\":\"ReadAction\",\"target\":[\"https:\\\/\\\/latamjournalismreview.org\\\/pt-br\\\/articles\\\/meios-latino-americanos-participam-de-iniciativa-global-para-reforcar-cobertura-sobre-a-crise-climatica\\\/\"]}]},{\"@type\":\"ImageObject\",\"inLanguage\":\"pt-BR\",\"@id\":\"https:\\\/\\\/latamjournalismreview.org\\\/pt-br\\\/articles\\\/meios-latino-americanos-participam-de-iniciativa-global-para-reforcar-cobertura-sobre-a-crise-climatica\\\/#primaryimage\",\"url\":\"https:\\\/\\\/latamjournalismreview.org\\\/wp-content\\\/uploads\\\/2020\\\/05\\\/Icebergs-Featured-Image.jpg\",\"contentUrl\":\"https:\\\/\\\/latamjournalismreview.org\\\/wp-content\\\/uploads\\\/2020\\\/05\\\/Icebergs-Featured-Image.jpg\",\"width\":507,\"height\":338,\"caption\":\"Icebergs in Ilulissat Icefjord, Greenland in 2014 (UN Photo\\\/Mark Garten)\"},{\"@type\":\"BreadcrumbList\",\"@id\":\"https:\\\/\\\/latamjournalismreview.org\\\/pt-br\\\/articles\\\/meios-latino-americanos-participam-de-iniciativa-global-para-reforcar-cobertura-sobre-a-crise-climatica\\\/#breadcrumb\",\"itemListElement\":[{\"@type\":\"ListItem\",\"position\":1,\"name\":\"Home\",\"item\":\"https:\\\/\\\/latamjournalismreview.org\\\/pt-br\\\/\"},{\"@type\":\"ListItem\",\"position\":2,\"name\":\"Meios latino-americanos participam de iniciativa global para refor\u00e7ar cobertura sobre a crise clim\u00e1tica\"}]},{\"@type\":\"WebSite\",\"@id\":\"https:\\\/\\\/latamjournalismreview.org\\\/pt-br\\\/#website\",\"url\":\"https:\\\/\\\/latamjournalismreview.org\\\/pt-br\\\/\",\"name\":\"LatAm Journalism Review\",\"description\":\"Digital magazine on journalism in Latin America\",\"publisher\":{\"@id\":\"https:\\\/\\\/latamjournalismreview.org\\\/pt-br\\\/#organization\"},\"potentialAction\":[{\"@type\":\"SearchAction\",\"target\":{\"@type\":\"EntryPoint\",\"urlTemplate\":\"https:\\\/\\\/latamjournalismreview.org\\\/pt-br\\\/?s={search_term_string}\"},\"query-input\":{\"@type\":\"PropertyValueSpecification\",\"valueRequired\":true,\"valueName\":\"search_term_string\"}}],\"inLanguage\":\"pt-BR\"},{\"@type\":\"Organization\",\"@id\":\"https:\\\/\\\/latamjournalismreview.org\\\/pt-br\\\/#organization\",\"name\":\"LatAm Journalism Review\",\"url\":\"https:\\\/\\\/latamjournalismreview.org\\\/pt-br\\\/\",\"logo\":{\"@type\":\"ImageObject\",\"inLanguage\":\"pt-BR\",\"@id\":\"https:\\\/\\\/latamjournalismreview.org\\\/pt-br\\\/#\\\/schema\\\/logo\\\/image\\\/\",\"url\":\"https:\\\/\\\/latamjournalismreview.org\\\/wp-content\\\/uploads\\\/2020\\\/05\\\/knight-latAm-review-logo.svg\",\"contentUrl\":\"https:\\\/\\\/latamjournalismreview.org\\\/wp-content\\\/uploads\\\/2020\\\/05\\\/knight-latAm-review-logo.svg\",\"width\":\"1024\",\"height\":\"1024\",\"caption\":\"LatAm Journalism Review\"},\"image\":{\"@id\":\"https:\\\/\\\/latamjournalismreview.org\\\/pt-br\\\/#\\\/schema\\\/logo\\\/image\\\/\"},\"sameAs\":[\"https:\\\/\\\/x.com\\\/LatAmJournalism\"]},{\"@type\":\"Person\",\"@id\":\"https:\\\/\\\/latamjournalismreview.org\\\/pt-br\\\/#\\\/schema\\\/person\\\/f98b544e2f231a237f39a56cc9a00a9a\",\"name\":\"Carolina de Assis\",\"description\":\"Carolina de Assis is a Brazilian journalist and researcher who lives in Juiz de Fora, MG, Brazil. She holds a master's degree in Women\u2019s and Gender Studies from the GEMMA Programme \u2013 Universit\u00e0 di Bologna (Italy) \\\/ Universiteit Utrecht (The Netherlands) and has worked as an editor at G\u00eanero e N\u00famero, a Brazilian digital magazine focused on data journalism and gender issues. She is especially interested in journalistic initiatives aimed at promoting human rights and gender justice. You can find her on Twitter: @caroldeassis _________ Carolina de Assis es una periodista e investigadora brasile\u00f1a que vive en Juiz de Fora, MG, Brasil . Tiene una maestr\u00eda en Estudios de las Mujeres y de G\u00e9nero del programa GEMMA \u2013 Universit\u00e0 di Bologna (Italia) \\\/ Universiteit Utrecht (Holanda). Trabaj\u00f3 como editora en la revista digital brasile\u00f1a G\u00eanero e N\u00famero. Le interesan especialmente iniciativas period\u00edsticas que tienen el objetivo de promover los derechos humanos y la justicia de g\u00e9nero. Puedes encontrarla en Twitter: @caroldeassis. _______ Carolina de Assis \u00e9 uma jornalista e pesquisadora brasileira que vive em Juiz de Fora (MG). \u00c9 mestra em Estudos da Mulher e de G\u00eanero pelo programa GEMMA \u2013 Universit\u00e0 di Bologna (It\u00e1lia) \\\/ Universiteit Utrecht (Holanda). Trabalhou como editora na revista digital G\u00eanero e N\u00famero e se interessa especialmente por iniciativas jornal\u00edsticas que promovam os direitos humanos e a justi\u00e7a de g\u00eanero. Voc\u00ea pode encontr\u00e1-la no Twitter em @caroldeassis.\",\"url\":\"https:\\\/\\\/latamjournalismreview.org\\\/pt-br\\\/articles\\\/author\\\/carolina-de-assis\\\/\"}]}<\/script>\n<!-- \/ Yoast SEO Premium plugin. -->","yoast_head_json":{"title":"Meios latino-americanos participam de iniciativa global para refor\u00e7ar cobertura sobre a crise clim\u00e1tica - LatAm Journalism Review by the Knight Center","description":"Meios latino-americanos participam de iniciativa global para refor\u00e7ar cobertura sobre a crise clim\u00e1tica Colabora\u00e7\u00e3o. Latin American Journalism Review by The Knight Center at The University of Texas at Austin.","robots":{"index":"index","follow":"follow","max-snippet":"max-snippet:-1","max-image-preview":"max-image-preview:large","max-video-preview":"max-video-preview:-1"},"canonical":"https:\/\/latamjournalismreview.org\/pt-br\/articles\/meios-latino-americanos-participam-de-iniciativa-global-para-reforcar-cobertura-sobre-a-crise-climatica\/","og_locale":"pt_BR","og_type":"article","og_title":"Meios latino-americanos participam de iniciativa global para refor\u00e7ar cobertura sobre a crise clim\u00e1tica","og_description":"Meios latino-americanos participam de iniciativa global para refor\u00e7ar cobertura sobre a crise clim\u00e1tica Colabora\u00e7\u00e3o. Latin American Journalism Review by The Knight Center at The University of Texas at Austin.","og_url":"https:\/\/latamjournalismreview.org\/pt-br\/articles\/meios-latino-americanos-participam-de-iniciativa-global-para-reforcar-cobertura-sobre-a-crise-climatica\/","og_site_name":"LatAm Journalism Review by the Knight Center","article_published_time":"2019-09-11T20:11:01+00:00","article_modified_time":"2020-06-04T15:13:17+00:00","og_image":[{"width":507,"height":338,"url":"https:\/\/latamjournalismreview.org\/wp-content\/uploads\/2020\/05\/Icebergs-Featured-Image.jpg","type":"image\/jpeg"}],"author":"Carolina de Assis","twitter_card":"summary_large_image","twitter_creator":"@LatAmJournalism","twitter_site":"@LatAmJournalism","twitter_misc":{"Written by":"Carolina de Assis","Est. reading time":"10 minutos"},"schema":{"@context":"https:\/\/schema.org","@graph":[{"@type":"Article","@id":"https:\/\/latamjournalismreview.org\/pt-br\/articles\/meios-latino-americanos-participam-de-iniciativa-global-para-reforcar-cobertura-sobre-a-crise-climatica\/#article","isPartOf":{"@id":"https:\/\/latamjournalismreview.org\/pt-br\/articles\/meios-latino-americanos-participam-de-iniciativa-global-para-reforcar-cobertura-sobre-a-crise-climatica\/"},"author":{"name":"Carolina de Assis","@id":"https:\/\/latamjournalismreview.org\/pt-br\/#\/schema\/person\/f98b544e2f231a237f39a56cc9a00a9a"},"headline":"Meios latino-americanos participam de iniciativa global para refor\u00e7ar cobertura sobre a crise clim\u00e1tica","datePublished":"2019-09-11T20:11:01+00:00","dateModified":"2020-06-04T15:13:17+00:00","mainEntityOfPage":{"@id":"https:\/\/latamjournalismreview.org\/pt-br\/articles\/meios-latino-americanos-participam-de-iniciativa-global-para-reforcar-cobertura-sobre-a-crise-climatica\/"},"wordCount":2003,"publisher":{"@id":"https:\/\/latamjournalismreview.org\/pt-br\/#organization"},"image":{"@id":"https:\/\/latamjournalismreview.org\/pt-br\/articles\/meios-latino-americanos-participam-de-iniciativa-global-para-reforcar-cobertura-sobre-a-crise-climatica\/#primaryimage"},"thumbnailUrl":"https:\/\/latamjournalismreview.org\/wp-content\/uploads\/2020\/05\/Icebergs-Featured-Image.jpg","keywords":["Jornalismo ambiental"],"articleSection":["Colabora\u00e7\u00e3o"],"inLanguage":"pt-BR"},{"@type":"WebPage","@id":"https:\/\/latamjournalismreview.org\/pt-br\/articles\/meios-latino-americanos-participam-de-iniciativa-global-para-reforcar-cobertura-sobre-a-crise-climatica\/","url":"https:\/\/latamjournalismreview.org\/pt-br\/articles\/meios-latino-americanos-participam-de-iniciativa-global-para-reforcar-cobertura-sobre-a-crise-climatica\/","name":"Meios latino-americanos participam de iniciativa global para refor\u00e7ar cobertura sobre a crise clim\u00e1tica - LatAm Journalism Review by the Knight Center","isPartOf":{"@id":"https:\/\/latamjournalismreview.org\/pt-br\/#website"},"primaryImageOfPage":{"@id":"https:\/\/latamjournalismreview.org\/pt-br\/articles\/meios-latino-americanos-participam-de-iniciativa-global-para-reforcar-cobertura-sobre-a-crise-climatica\/#primaryimage"},"image":{"@id":"https:\/\/latamjournalismreview.org\/pt-br\/articles\/meios-latino-americanos-participam-de-iniciativa-global-para-reforcar-cobertura-sobre-a-crise-climatica\/#primaryimage"},"thumbnailUrl":"https:\/\/latamjournalismreview.org\/wp-content\/uploads\/2020\/05\/Icebergs-Featured-Image.jpg","datePublished":"2019-09-11T20:11:01+00:00","dateModified":"2020-06-04T15:13:17+00:00","description":"Meios latino-americanos participam de iniciativa global para refor\u00e7ar cobertura sobre a crise clim\u00e1tica Colabora\u00e7\u00e3o. Latin American Journalism Review by The Knight Center at The University of Texas at Austin.","breadcrumb":{"@id":"https:\/\/latamjournalismreview.org\/pt-br\/articles\/meios-latino-americanos-participam-de-iniciativa-global-para-reforcar-cobertura-sobre-a-crise-climatica\/#breadcrumb"},"inLanguage":"pt-BR","potentialAction":[{"@type":"ReadAction","target":["https:\/\/latamjournalismreview.org\/pt-br\/articles\/meios-latino-americanos-participam-de-iniciativa-global-para-reforcar-cobertura-sobre-a-crise-climatica\/"]}]},{"@type":"ImageObject","inLanguage":"pt-BR","@id":"https:\/\/latamjournalismreview.org\/pt-br\/articles\/meios-latino-americanos-participam-de-iniciativa-global-para-reforcar-cobertura-sobre-a-crise-climatica\/#primaryimage","url":"https:\/\/latamjournalismreview.org\/wp-content\/uploads\/2020\/05\/Icebergs-Featured-Image.jpg","contentUrl":"https:\/\/latamjournalismreview.org\/wp-content\/uploads\/2020\/05\/Icebergs-Featured-Image.jpg","width":507,"height":338,"caption":"Icebergs in Ilulissat Icefjord, Greenland in 2014 (UN Photo\/Mark Garten)"},{"@type":"BreadcrumbList","@id":"https:\/\/latamjournalismreview.org\/pt-br\/articles\/meios-latino-americanos-participam-de-iniciativa-global-para-reforcar-cobertura-sobre-a-crise-climatica\/#breadcrumb","itemListElement":[{"@type":"ListItem","position":1,"name":"Home","item":"https:\/\/latamjournalismreview.org\/pt-br\/"},{"@type":"ListItem","position":2,"name":"Meios latino-americanos participam de iniciativa global para refor\u00e7ar cobertura sobre a crise clim\u00e1tica"}]},{"@type":"WebSite","@id":"https:\/\/latamjournalismreview.org\/pt-br\/#website","url":"https:\/\/latamjournalismreview.org\/pt-br\/","name":"LatAm Journalism Review","description":"Digital magazine on journalism in Latin America","publisher":{"@id":"https:\/\/latamjournalismreview.org\/pt-br\/#organization"},"potentialAction":[{"@type":"SearchAction","target":{"@type":"EntryPoint","urlTemplate":"https:\/\/latamjournalismreview.org\/pt-br\/?s={search_term_string}"},"query-input":{"@type":"PropertyValueSpecification","valueRequired":true,"valueName":"search_term_string"}}],"inLanguage":"pt-BR"},{"@type":"Organization","@id":"https:\/\/latamjournalismreview.org\/pt-br\/#organization","name":"LatAm Journalism Review","url":"https:\/\/latamjournalismreview.org\/pt-br\/","logo":{"@type":"ImageObject","inLanguage":"pt-BR","@id":"https:\/\/latamjournalismreview.org\/pt-br\/#\/schema\/logo\/image\/","url":"https:\/\/latamjournalismreview.org\/wp-content\/uploads\/2020\/05\/knight-latAm-review-logo.svg","contentUrl":"https:\/\/latamjournalismreview.org\/wp-content\/uploads\/2020\/05\/knight-latAm-review-logo.svg","width":"1024","height":"1024","caption":"LatAm Journalism Review"},"image":{"@id":"https:\/\/latamjournalismreview.org\/pt-br\/#\/schema\/logo\/image\/"},"sameAs":["https:\/\/x.com\/LatAmJournalism"]},{"@type":"Person","@id":"https:\/\/latamjournalismreview.org\/pt-br\/#\/schema\/person\/f98b544e2f231a237f39a56cc9a00a9a","name":"Carolina de Assis","description":"Carolina de Assis is a Brazilian journalist and researcher who lives in Juiz de Fora, MG, Brazil. She holds a master's degree in Women\u2019s and Gender Studies from the GEMMA Programme \u2013 Universit\u00e0 di Bologna (Italy) \/ Universiteit Utrecht (The Netherlands) and has worked as an editor at G\u00eanero e N\u00famero, a Brazilian digital magazine focused on data journalism and gender issues. She is especially interested in journalistic initiatives aimed at promoting human rights and gender justice. You can find her on Twitter: @caroldeassis _________ Carolina de Assis es una periodista e investigadora brasile\u00f1a que vive en Juiz de Fora, MG, Brasil . Tiene una maestr\u00eda en Estudios de las Mujeres y de G\u00e9nero del programa GEMMA \u2013 Universit\u00e0 di Bologna (Italia) \/ Universiteit Utrecht (Holanda). Trabaj\u00f3 como editora en la revista digital brasile\u00f1a G\u00eanero e N\u00famero. Le interesan especialmente iniciativas period\u00edsticas que tienen el objetivo de promover los derechos humanos y la justicia de g\u00e9nero. Puedes encontrarla en Twitter: @caroldeassis. _______ Carolina de Assis \u00e9 uma jornalista e pesquisadora brasileira que vive em Juiz de Fora (MG). \u00c9 mestra em Estudos da Mulher e de G\u00eanero pelo programa GEMMA \u2013 Universit\u00e0 di Bologna (It\u00e1lia) \/ Universiteit Utrecht (Holanda). Trabalhou como editora na revista digital G\u00eanero e N\u00famero e se interessa especialmente por iniciativas jornal\u00edsticas que promovam os direitos humanos e a justi\u00e7a de g\u00eanero. Voc\u00ea pode encontr\u00e1-la no Twitter em @caroldeassis.","url":"https:\/\/latamjournalismreview.org\/pt-br\/articles\/author\/carolina-de-assis\/"}]}},"_links":{"self":[{"href":"https:\/\/latamjournalismreview.org\/pt-br\/wp-json\/wp\/v2\/posts\/3735","targetHints":{"allow":["GET"]}}],"collection":[{"href":"https:\/\/latamjournalismreview.org\/pt-br\/wp-json\/wp\/v2\/posts"}],"about":[{"href":"https:\/\/latamjournalismreview.org\/pt-br\/wp-json\/wp\/v2\/types\/post"}],"author":[{"embeddable":true,"href":"https:\/\/latamjournalismreview.org\/pt-br\/wp-json\/wp\/v2\/users\/16"}],"replies":[{"embeddable":true,"href":"https:\/\/latamjournalismreview.org\/pt-br\/wp-json\/wp\/v2\/comments?post=3735"}],"version-history":[{"count":3,"href":"https:\/\/latamjournalismreview.org\/pt-br\/wp-json\/wp\/v2\/posts\/3735\/revisions"}],"predecessor-version":[{"id":3741,"href":"https:\/\/latamjournalismreview.org\/pt-br\/wp-json\/wp\/v2\/posts\/3735\/revisions\/3741"}],"wp:featuredmedia":[{"embeddable":true,"href":"https:\/\/latamjournalismreview.org\/pt-br\/wp-json\/wp\/v2\/media\/3736"}],"wp:attachment":[{"href":"https:\/\/latamjournalismreview.org\/pt-br\/wp-json\/wp\/v2\/media?parent=3735"}],"wp:term":[{"taxonomy":"category","embeddable":true,"href":"https:\/\/latamjournalismreview.org\/pt-br\/wp-json\/wp\/v2\/categories?post=3735"},{"taxonomy":"post_tag","embeddable":true,"href":"https:\/\/latamjournalismreview.org\/pt-br\/wp-json\/wp\/v2\/tags?post=3735"},{"taxonomy":"author","embeddable":true,"href":"https:\/\/latamjournalismreview.org\/pt-br\/wp-json\/wp\/v2\/coauthors?post=3735"}],"curies":[{"name":"wp","href":"https:\/\/api.w.org\/{rel}","templated":true}]}}