{"id":37856,"date":"2013-05-14T19:23:11","date_gmt":"2013-05-15T00:23:11","guid":{"rendered":"https:\/\/latamjournalismreview.org\/?p=37856"},"modified":"2021-10-15T20:59:33","modified_gmt":"2021-10-16T01:59:33","slug":"jornal-mexicano-el-manana-sofre-ataques-ciberneticos","status":"publish","type":"post","link":"https:\/\/latamjournalismreview.org\/pt-br\/articles\/jornal-mexicano-el-manana-sofre-ataques-ciberneticos\/","title":{"rendered":"Jornal mexicano El Ma\u00f1ana sofre ataques cibern\u00e9ticos"},"content":{"rendered":"<p>Por\u00a0Alejandro Mart\u00ednez<\/p>\n<p>O jornal mexicano El Ma\u00f1ana de Nuevo Laredo, um dos mais afetados no pa\u00eds por ataques armados\u00a0contra seus rep\u00f3rteres e instala\u00e7\u00f5es, agora foi alvo de dois ataques cibern\u00e9ticos no domingo, 12 de maio, que interromperam\u00a0por v\u00e1rios minutos o servi\u00e7o de seu site na internet, informou o peri\u00f3dico.<\/p>\n<p>Os ataques ocorreram ap\u00f3s a publica\u00e7\u00e3o de duas notas que questionavam o desempenho das autoridades municipais no caso de uma fam\u00edlia que foi presa pela \u00e1gua de um rio e morreu afogada,\u00a0<a href=\"http:\/\/articulo19.org\/alerta-mexico-atacan-la-pagina-de-internet-de-el-manana-de-nuevo-laredo\/\" target=\"_blank\" rel=\"noopener\">disse o editor-chefe do site, Daniel Rosas, \u00e0 organiza\u00e7\u00e3o Artigo 19<\/a>.<\/p>\n<p>Esta n\u00e3o \u00e9 a primeira vez que o jornal\u00a0sofre\u00a0um ataque deste tipo. Outros ocorreram em pelo menos\u00a0seis ocasi\u00f5es este ano\u00a0e usualmente depois da publica\u00e7\u00e3o de mat\u00e9rias sobre o desempenho das autoridades locais, informou o jornal\u00a0em um comunicado de imprensa.<\/p>\n<p>Em resposta, o di\u00e1rio interp\u00f4s uma den\u00fancia penal na Procuradoria Geral da Rep\u00fablica, disse o diretor geral do El Ma\u00f1ana Ramon Cant\u00fa De\u00e1ndar no comunicado. Funcion\u00e1rios da PGR, que j\u00e1 conta com duas\u00a0investiga\u00e7\u00f5es abertas sobre\u00a0outros ataques pr\u00e9vios contra o peri\u00f3dico,\u00a0<a href=\"http:\/\/www.elmanana.com.mx\/notas.asp?id=331310\" target=\"_blank\" rel=\"noopener\">disseram que iriam at\u00e9 as instala\u00e7\u00f5es do jornal<\/a>, noticiou o El Ma\u00f1ana.<\/p>\n<p>\u201cLevamos muito a s\u00e9rio este tipo de a\u00e7\u00e3o, por isso decidimos entrar com a den\u00fancia. N\u00e3o acreditamos em coincid\u00eancias, pois \u00e9 \u00f3bvio que s\u00e3o ataques sistem\u00e1ticos os que temos enfrentado\u201d, afirmou Cant\u00fa De\u00e1ndar.<\/p>\n<p>O di\u00e1rio, localizado na fronteira com os Estados Unidos, considerada a sede do perigoso grupo criminal Los Zetas,\u00a0<a href=\"https:\/\/knightcenter.utexas.edu\/es\/blog\/00-10718-en-menos-de-24-horas-tres-ataques-con-explosivos-contra-diarios-en-mexico\" target=\"_blank\" rel=\"noopener\">foi alvo de tr\u00eas ataques armados desde 2006<\/a>. A partir deste ano, e depois do assassinato de seu diretor editorial em 2004, o peri\u00f3dico\u00a0<a href=\"https:\/\/knightcenter.utexas.edu\/es\/blog\/00-10098-periodico-el-manana-refrenda-autocensura-en-mexico-y-legislador-propone-multar-medios-\" target=\"_blank\" rel=\"noopener\">deixou de publicar mat\u00e9rias sobre o narcotr\u00e1fico<\/a>.<\/p>\n<p>De 2011 at\u00e9 hoje, a organiza\u00e7\u00e3o Artigo 19 registrou\u00a0<a href=\"http:\/\/articulo19.org\/alerta-mexico-atacan-la-pagina-de-internet-de-el-manana-de-nuevo-laredo\/\" target=\"_blank\" rel=\"noopener\">15 ataques cibern\u00e9ticos<\/a>\u00a0a meios e jornalistas mexicanos.<\/p>\n<p>Leia a seguir (em espanhol) o comunicado de imprensa completo do El Ma\u00f1ana ap\u00f3s os ataques cibern\u00e9ticos de domingo.<\/p>\n<p>* * * * *<\/p>\n<p>NUEVO LAREDO, M\u00c9XICO.-\u00a0 El martes 7 de mayo, representantes legales del peri\u00f3dico El Ma\u00f1ana de Nuevo Laredo ratificaron una denuncia ante autoridades de Procuradur\u00eda General de la Rep\u00fablica, y la Fiscal\u00eda Especial para la Atenci\u00f3n de Delitos Cometidos contra la Libertad de Expresi\u00f3n por ataques cibern\u00e9ticos contra el portal informativo de este medio de comunicaci\u00f3n.<\/p>\n<p>Los ataques cibern\u00e9ticos ocurridos en al menos seis ocasiones en este a\u00f1o, han intentado saturar los servidores para que el servicio se interrumpa, o tambi\u00e9n da\u00f1ar las bases de datos de informaci\u00f3n, particularmente en notas period\u00edsticas en las que se cuestiona el desempe\u00f1o de las autoridades locales, reportaron directivos de El Ma\u00f1ana de Nuevo Laredo, quienes han tenido que invertir mayores recursos para proteger el portal y garantizar el acceso de la informaci\u00f3n a la comunidad.<\/p>\n<p>El Ma\u00f1ana de Nuevo Laredo, ubicado en la frontera entre M\u00e9xico y Estados Unidos, y su portal en internet\u00a0<a href=\"http:\/\/www.elmanana.com.mx\/\" target=\"_blank\" rel=\"noopener\">www.elmanana.com.mx<\/a>\u00a0es el medio de comunicaci\u00f3n con mayor tr\u00e1fico en Tamaulipas (en la frontera con Texas), informaci\u00f3n que puede comprobarse en buscadores independientes como Alexa.com.<\/p>\n<p>Nuevo Laredo se encuentra en una zona considerada como una de las ciudades m\u00e1s peligrosas para ejercer el periodismo. Despu\u00e9s de recibir ataques con armas de grueso calibre a sus instalaciones, el peri\u00f3dico El Ma\u00f1ana ha tenido que limitar la cobertura de su informaci\u00f3n.<\/p>\n<p>El 11 mayo de 2012, personas armadas dispararon contra las instalaciones del peri\u00f3dico, y arrojaron un objeto explosivo en una de las fachadas.<\/p>\n<p>El 10 de julio de 2012, desconocidos dispararon con un lanzagranadas contra la fachada principal del peri\u00f3dico.<\/p>\n<p>El 6 febrero de 2006, hombres armados ingresaron a las instalaciones del peri\u00f3dico y dispararon dentro de la redacci\u00f3n, adem\u00e1s de lanzar una granada de fragmentaci\u00f3n dentro de la redacci\u00f3n. Un reportero result\u00f3 severamente herido, y con da\u00f1o permanente en sus extremidades.<\/p>\n<p>La PGR tiene al menos dos averiguaciones por ataques ocurridos a las instalaciones del peri\u00f3dico, producto de los atentados f\u00edsicos contra este medio.<\/p>\n<p>El Ma\u00f1ana es un medio de mayor prestigio en la regi\u00f3n, y cuenta con 85 a\u00f1os de tradici\u00f3n period\u00edstica.<\/p>\n<p>El \u00faltimo incidente, ahora con la modalidad de ser un de ataque cibern\u00e9tico, ocurri\u00f3 este domingo 12 de mayo, cuando el servidor mostr\u00f3 ca\u00eddas del sistema que interrump\u00edan el servicio por espacio de 10 a 20 minutos, situaci\u00f3n que es an\u00f3mala, y que coincide con la publicaci\u00f3n de notas cr\u00edticas hacia el desempe\u00f1o de las autoridades locales.<\/p>\n<p>\u201cTomamos muy en serio este tipo de acciones, y por eso hemos decidido poner esta denuncia. No creemos en coincidencias, pues es obvio que son ataques sistem\u00e1ticos los que hemos enfrentado\u201d, dijo Ramon Cant\u00fa De\u00e1ndar director general de El Ma\u00f1ana.<\/p>\n<p>En la edici\u00f3n impresa de este lunes, el peri\u00f3dico publica una relaci\u00f3n de la denuncia y los ataques cibern\u00e9ticos sufridos en fechas recientes.<\/p>\n<p>\u201cHakean portal que contiene informaci\u00f3n inc\u00f3moda para las autoridades; el domingo lo sacaron de servicio en 2 ocasiones\u201d, public\u00f3 el peri\u00f3dico en su nota principal, as\u00ed como en su portal en l\u00ednea.<\/p>\n<p>El tr\u00e1fico mensual rebasa el mill\u00f3n de visitas en promedio, gracias a la confianza que le dan sus lectores en l\u00ednea adem\u00e1s de sus ediciones impresas.<\/p>\n<p>Hay portales informativos en los que pol\u00edticos y ex pol\u00edticos han invertido mucho dinero, y sin embargo, no han podido alcanzar ni la mitad del tr\u00e1fico que tiene El Ma\u00f1ana de Nuevo Laredo, un medio reconocido e independiente, a pesar de los ataques que han intentado afectarlo.<\/p>\n<p>El Ma\u00f1ana mantiene su compromiso con a la comunidad, y anunci\u00f3 que la informaci\u00f3n se difundir\u00e1 a organizaciones relacionadas con la libertad de expresi\u00f3n a nivel nacional e internacional.<\/p>\n<p>&nbsp;<\/p>\n<p>&nbsp;<\/p>\n<p><i><span style=\"font-weight: 400;\">Nota do editor: Essa hist\u00f3ria foi publicada originalmente no blog de jornalismo nas Am\u00e9ricas do Centro Knight, o predecessor do LatAm Journalism Review.<\/span><\/i><\/p>\n","protected":false},"excerpt":{"rendered":"<p>O jornal mexicano El Ma\u00f1ana de Nuevo Laredo, um dos mais afetados no pa\u00eds por ataques armados\u00a0contra seus rep\u00f3rteres e instala\u00e7\u00f5es, agora foi alvo de dois ataques cibern\u00e9ticos no domingo, 12 de maio, que interromperam\u00a0por v\u00e1rios minutos o servi\u00e7o de seu site na internet.<\/p>\n","protected":false},"author":17,"featured_media":0,"comment_status":"closed","ping_status":"closed","sticky":false,"template":"","format":"standard","meta":{"inline_featured_image":false,"footnotes":""},"categories":[1221],"tags":[1613,1579,1534,1394,1615],"coauthors":[],"class_list":["post-37856","post","type-post","status-publish","format-standard","hentry","category-violencia-contra-jornalistas-pt-br","tag-ameacas-a-jornalistas-pt-br","tag-assedio-pt-br","tag-ataques-contra-jornalistas-pt-br","tag-mexico-pt-br","tag-violencia-contra-jornalistas-pt-br"],"acf":[],"yoast_head":"<!-- This site is optimized with the Yoast SEO Premium plugin v22.6 (Yoast SEO v27.4) - https:\/\/yoast.com\/product\/yoast-seo-premium-wordpress\/ -->\n<title>Jornal mexicano El Ma\u00f1ana sofre ataques cibern\u00e9ticos - LatAm Journalism Review by the Knight Center<\/title>\n<meta name=\"description\" content=\"Jornal mexicano El Ma\u00f1ana sofre ataques cibern\u00e9ticos Viol\u00eancia contra jornalistas. Latin American Journalism Review by The Knight Center at The University of Texas at Austin.\" \/>\n<meta name=\"robots\" content=\"index, follow, max-snippet:-1, max-image-preview:large, max-video-preview:-1\" \/>\n<link rel=\"canonical\" href=\"https:\/\/latamjournalismreview.org\/pt-br\/articles\/jornal-mexicano-el-manana-sofre-ataques-ciberneticos\/\" \/>\n<meta property=\"og:locale\" content=\"pt_BR\" \/>\n<meta property=\"og:type\" content=\"article\" \/>\n<meta property=\"og:title\" content=\"Jornal mexicano El Ma\u00f1ana sofre ataques cibern\u00e9ticos\" \/>\n<meta property=\"og:description\" content=\"Jornal mexicano El Ma\u00f1ana sofre ataques cibern\u00e9ticos Viol\u00eancia contra jornalistas. Latin American Journalism Review by The Knight Center at The University of Texas at Austin.\" \/>\n<meta property=\"og:url\" content=\"https:\/\/latamjournalismreview.org\/pt-br\/articles\/jornal-mexicano-el-manana-sofre-ataques-ciberneticos\/\" \/>\n<meta property=\"og:site_name\" content=\"LatAm Journalism Review by the Knight Center\" \/>\n<meta property=\"article:published_time\" content=\"2013-05-15T00:23:11+00:00\" \/>\n<meta property=\"article:modified_time\" content=\"2021-10-16T01:59:33+00:00\" \/>\n<meta name=\"author\" content=\"Guest\" \/>\n<meta name=\"twitter:card\" content=\"summary_large_image\" \/>\n<meta name=\"twitter:creator\" content=\"@LatAmJournalism\" \/>\n<meta name=\"twitter:site\" content=\"@LatAmJournalism\" \/>\n<meta name=\"twitter:label1\" content=\"Written by\" \/>\n\t<meta name=\"twitter:data1\" content=\"Guest\" \/>\n\t<meta name=\"twitter:label2\" content=\"Est. reading time\" \/>\n\t<meta name=\"twitter:data2\" content=\"5 minutos\" \/>\n<script type=\"application\/ld+json\" class=\"yoast-schema-graph\">{\"@context\":\"https:\\\/\\\/schema.org\",\"@graph\":[{\"@type\":\"Article\",\"@id\":\"https:\\\/\\\/latamjournalismreview.org\\\/pt-br\\\/articles\\\/jornal-mexicano-el-manana-sofre-ataques-ciberneticos\\\/#article\",\"isPartOf\":{\"@id\":\"https:\\\/\\\/latamjournalismreview.org\\\/pt-br\\\/articles\\\/jornal-mexicano-el-manana-sofre-ataques-ciberneticos\\\/\"},\"author\":{\"name\":\"Guest\",\"@id\":\"https:\\\/\\\/latamjournalismreview.org\\\/pt-br\\\/#\\\/schema\\\/person\\\/0315202e0b3c0963a2440f1c3012c360\"},\"headline\":\"Jornal mexicano El Ma\u00f1ana sofre ataques cibern\u00e9ticos\",\"datePublished\":\"2013-05-15T00:23:11+00:00\",\"dateModified\":\"2021-10-16T01:59:33+00:00\",\"mainEntityOfPage\":{\"@id\":\"https:\\\/\\\/latamjournalismreview.org\\\/pt-br\\\/articles\\\/jornal-mexicano-el-manana-sofre-ataques-ciberneticos\\\/\"},\"wordCount\":1048,\"publisher\":{\"@id\":\"https:\\\/\\\/latamjournalismreview.org\\\/pt-br\\\/#organization\"},\"keywords\":[\"Amea\u00e7as a jornalistas\",\"Ass\u00e9dio\",\"Ataques contra jornalistas\",\"M\u00e9xico\",\"Viol\u00eancia contra jornalistas\"],\"articleSection\":[\"Viol\u00eancia contra jornalistas\"],\"inLanguage\":\"pt-BR\"},{\"@type\":\"WebPage\",\"@id\":\"https:\\\/\\\/latamjournalismreview.org\\\/pt-br\\\/articles\\\/jornal-mexicano-el-manana-sofre-ataques-ciberneticos\\\/\",\"url\":\"https:\\\/\\\/latamjournalismreview.org\\\/pt-br\\\/articles\\\/jornal-mexicano-el-manana-sofre-ataques-ciberneticos\\\/\",\"name\":\"Jornal mexicano El Ma\u00f1ana sofre ataques cibern\u00e9ticos - LatAm Journalism Review by the Knight Center\",\"isPartOf\":{\"@id\":\"https:\\\/\\\/latamjournalismreview.org\\\/pt-br\\\/#website\"},\"datePublished\":\"2013-05-15T00:23:11+00:00\",\"dateModified\":\"2021-10-16T01:59:33+00:00\",\"description\":\"Jornal mexicano El Ma\u00f1ana sofre ataques cibern\u00e9ticos Viol\u00eancia contra jornalistas. Latin American Journalism Review by The Knight Center at The University of Texas at Austin.\",\"breadcrumb\":{\"@id\":\"https:\\\/\\\/latamjournalismreview.org\\\/pt-br\\\/articles\\\/jornal-mexicano-el-manana-sofre-ataques-ciberneticos\\\/#breadcrumb\"},\"inLanguage\":\"pt-BR\",\"potentialAction\":[{\"@type\":\"ReadAction\",\"target\":[\"https:\\\/\\\/latamjournalismreview.org\\\/pt-br\\\/articles\\\/jornal-mexicano-el-manana-sofre-ataques-ciberneticos\\\/\"]}]},{\"@type\":\"BreadcrumbList\",\"@id\":\"https:\\\/\\\/latamjournalismreview.org\\\/pt-br\\\/articles\\\/jornal-mexicano-el-manana-sofre-ataques-ciberneticos\\\/#breadcrumb\",\"itemListElement\":[{\"@type\":\"ListItem\",\"position\":1,\"name\":\"Home\",\"item\":\"https:\\\/\\\/latamjournalismreview.org\\\/pt-br\\\/\"},{\"@type\":\"ListItem\",\"position\":2,\"name\":\"Jornal mexicano El Ma\u00f1ana sofre ataques cibern\u00e9ticos\"}]},{\"@type\":\"WebSite\",\"@id\":\"https:\\\/\\\/latamjournalismreview.org\\\/pt-br\\\/#website\",\"url\":\"https:\\\/\\\/latamjournalismreview.org\\\/pt-br\\\/\",\"name\":\"LatAm Journalism Review\",\"description\":\"Digital magazine on journalism in Latin America\",\"publisher\":{\"@id\":\"https:\\\/\\\/latamjournalismreview.org\\\/pt-br\\\/#organization\"},\"potentialAction\":[{\"@type\":\"SearchAction\",\"target\":{\"@type\":\"EntryPoint\",\"urlTemplate\":\"https:\\\/\\\/latamjournalismreview.org\\\/pt-br\\\/?s={search_term_string}\"},\"query-input\":{\"@type\":\"PropertyValueSpecification\",\"valueRequired\":true,\"valueName\":\"search_term_string\"}}],\"inLanguage\":\"pt-BR\"},{\"@type\":\"Organization\",\"@id\":\"https:\\\/\\\/latamjournalismreview.org\\\/pt-br\\\/#organization\",\"name\":\"LatAm Journalism Review\",\"url\":\"https:\\\/\\\/latamjournalismreview.org\\\/pt-br\\\/\",\"logo\":{\"@type\":\"ImageObject\",\"inLanguage\":\"pt-BR\",\"@id\":\"https:\\\/\\\/latamjournalismreview.org\\\/pt-br\\\/#\\\/schema\\\/logo\\\/image\\\/\",\"url\":\"https:\\\/\\\/latamjournalismreview.org\\\/wp-content\\\/uploads\\\/2020\\\/05\\\/knight-latAm-review-logo.svg\",\"contentUrl\":\"https:\\\/\\\/latamjournalismreview.org\\\/wp-content\\\/uploads\\\/2020\\\/05\\\/knight-latAm-review-logo.svg\",\"width\":\"1024\",\"height\":\"1024\",\"caption\":\"LatAm Journalism Review\"},\"image\":{\"@id\":\"https:\\\/\\\/latamjournalismreview.org\\\/pt-br\\\/#\\\/schema\\\/logo\\\/image\\\/\"},\"sameAs\":[\"https:\\\/\\\/x.com\\\/LatAmJournalism\"]},{\"@type\":\"Person\",\"@id\":\"https:\\\/\\\/latamjournalismreview.org\\\/pt-br\\\/#\\\/schema\\\/person\\\/0315202e0b3c0963a2440f1c3012c360\",\"name\":\"Guest\",\"url\":\"https:\\\/\\\/latamjournalismreview.org\\\/pt-br\\\/articles\\\/author\\\/guest\\\/\"}]}<\/script>\n<!-- \/ Yoast SEO Premium plugin. -->","yoast_head_json":{"title":"Jornal mexicano El Ma\u00f1ana sofre ataques cibern\u00e9ticos - LatAm Journalism Review by the Knight Center","description":"Jornal mexicano El Ma\u00f1ana sofre ataques cibern\u00e9ticos Viol\u00eancia contra jornalistas. Latin American Journalism Review by The Knight Center at The University of Texas at Austin.","robots":{"index":"index","follow":"follow","max-snippet":"max-snippet:-1","max-image-preview":"max-image-preview:large","max-video-preview":"max-video-preview:-1"},"canonical":"https:\/\/latamjournalismreview.org\/pt-br\/articles\/jornal-mexicano-el-manana-sofre-ataques-ciberneticos\/","og_locale":"pt_BR","og_type":"article","og_title":"Jornal mexicano El Ma\u00f1ana sofre ataques cibern\u00e9ticos","og_description":"Jornal mexicano El Ma\u00f1ana sofre ataques cibern\u00e9ticos Viol\u00eancia contra jornalistas. Latin American Journalism Review by The Knight Center at The University of Texas at Austin.","og_url":"https:\/\/latamjournalismreview.org\/pt-br\/articles\/jornal-mexicano-el-manana-sofre-ataques-ciberneticos\/","og_site_name":"LatAm Journalism Review by the Knight Center","article_published_time":"2013-05-15T00:23:11+00:00","article_modified_time":"2021-10-16T01:59:33+00:00","author":"Guest","twitter_card":"summary_large_image","twitter_creator":"@LatAmJournalism","twitter_site":"@LatAmJournalism","twitter_misc":{"Written by":"Guest","Est. reading time":"5 minutos"},"schema":{"@context":"https:\/\/schema.org","@graph":[{"@type":"Article","@id":"https:\/\/latamjournalismreview.org\/pt-br\/articles\/jornal-mexicano-el-manana-sofre-ataques-ciberneticos\/#article","isPartOf":{"@id":"https:\/\/latamjournalismreview.org\/pt-br\/articles\/jornal-mexicano-el-manana-sofre-ataques-ciberneticos\/"},"author":{"name":"Guest","@id":"https:\/\/latamjournalismreview.org\/pt-br\/#\/schema\/person\/0315202e0b3c0963a2440f1c3012c360"},"headline":"Jornal mexicano El Ma\u00f1ana sofre ataques cibern\u00e9ticos","datePublished":"2013-05-15T00:23:11+00:00","dateModified":"2021-10-16T01:59:33+00:00","mainEntityOfPage":{"@id":"https:\/\/latamjournalismreview.org\/pt-br\/articles\/jornal-mexicano-el-manana-sofre-ataques-ciberneticos\/"},"wordCount":1048,"publisher":{"@id":"https:\/\/latamjournalismreview.org\/pt-br\/#organization"},"keywords":["Amea\u00e7as a jornalistas","Ass\u00e9dio","Ataques contra jornalistas","M\u00e9xico","Viol\u00eancia contra jornalistas"],"articleSection":["Viol\u00eancia contra jornalistas"],"inLanguage":"pt-BR"},{"@type":"WebPage","@id":"https:\/\/latamjournalismreview.org\/pt-br\/articles\/jornal-mexicano-el-manana-sofre-ataques-ciberneticos\/","url":"https:\/\/latamjournalismreview.org\/pt-br\/articles\/jornal-mexicano-el-manana-sofre-ataques-ciberneticos\/","name":"Jornal mexicano El Ma\u00f1ana sofre ataques cibern\u00e9ticos - LatAm Journalism Review by the Knight Center","isPartOf":{"@id":"https:\/\/latamjournalismreview.org\/pt-br\/#website"},"datePublished":"2013-05-15T00:23:11+00:00","dateModified":"2021-10-16T01:59:33+00:00","description":"Jornal mexicano El Ma\u00f1ana sofre ataques cibern\u00e9ticos Viol\u00eancia contra jornalistas. Latin American Journalism Review by The Knight Center at The University of Texas at Austin.","breadcrumb":{"@id":"https:\/\/latamjournalismreview.org\/pt-br\/articles\/jornal-mexicano-el-manana-sofre-ataques-ciberneticos\/#breadcrumb"},"inLanguage":"pt-BR","potentialAction":[{"@type":"ReadAction","target":["https:\/\/latamjournalismreview.org\/pt-br\/articles\/jornal-mexicano-el-manana-sofre-ataques-ciberneticos\/"]}]},{"@type":"BreadcrumbList","@id":"https:\/\/latamjournalismreview.org\/pt-br\/articles\/jornal-mexicano-el-manana-sofre-ataques-ciberneticos\/#breadcrumb","itemListElement":[{"@type":"ListItem","position":1,"name":"Home","item":"https:\/\/latamjournalismreview.org\/pt-br\/"},{"@type":"ListItem","position":2,"name":"Jornal mexicano El Ma\u00f1ana sofre ataques cibern\u00e9ticos"}]},{"@type":"WebSite","@id":"https:\/\/latamjournalismreview.org\/pt-br\/#website","url":"https:\/\/latamjournalismreview.org\/pt-br\/","name":"LatAm Journalism Review","description":"Digital magazine on journalism in Latin America","publisher":{"@id":"https:\/\/latamjournalismreview.org\/pt-br\/#organization"},"potentialAction":[{"@type":"SearchAction","target":{"@type":"EntryPoint","urlTemplate":"https:\/\/latamjournalismreview.org\/pt-br\/?s={search_term_string}"},"query-input":{"@type":"PropertyValueSpecification","valueRequired":true,"valueName":"search_term_string"}}],"inLanguage":"pt-BR"},{"@type":"Organization","@id":"https:\/\/latamjournalismreview.org\/pt-br\/#organization","name":"LatAm Journalism Review","url":"https:\/\/latamjournalismreview.org\/pt-br\/","logo":{"@type":"ImageObject","inLanguage":"pt-BR","@id":"https:\/\/latamjournalismreview.org\/pt-br\/#\/schema\/logo\/image\/","url":"https:\/\/latamjournalismreview.org\/wp-content\/uploads\/2020\/05\/knight-latAm-review-logo.svg","contentUrl":"https:\/\/latamjournalismreview.org\/wp-content\/uploads\/2020\/05\/knight-latAm-review-logo.svg","width":"1024","height":"1024","caption":"LatAm Journalism Review"},"image":{"@id":"https:\/\/latamjournalismreview.org\/pt-br\/#\/schema\/logo\/image\/"},"sameAs":["https:\/\/x.com\/LatAmJournalism"]},{"@type":"Person","@id":"https:\/\/latamjournalismreview.org\/pt-br\/#\/schema\/person\/0315202e0b3c0963a2440f1c3012c360","name":"Guest","url":"https:\/\/latamjournalismreview.org\/pt-br\/articles\/author\/guest\/"}]}},"_links":{"self":[{"href":"https:\/\/latamjournalismreview.org\/pt-br\/wp-json\/wp\/v2\/posts\/37856","targetHints":{"allow":["GET"]}}],"collection":[{"href":"https:\/\/latamjournalismreview.org\/pt-br\/wp-json\/wp\/v2\/posts"}],"about":[{"href":"https:\/\/latamjournalismreview.org\/pt-br\/wp-json\/wp\/v2\/types\/post"}],"author":[{"embeddable":true,"href":"https:\/\/latamjournalismreview.org\/pt-br\/wp-json\/wp\/v2\/users\/17"}],"replies":[{"embeddable":true,"href":"https:\/\/latamjournalismreview.org\/pt-br\/wp-json\/wp\/v2\/comments?post=37856"}],"version-history":[{"count":3,"href":"https:\/\/latamjournalismreview.org\/pt-br\/wp-json\/wp\/v2\/posts\/37856\/revisions"}],"predecessor-version":[{"id":37859,"href":"https:\/\/latamjournalismreview.org\/pt-br\/wp-json\/wp\/v2\/posts\/37856\/revisions\/37859"}],"wp:attachment":[{"href":"https:\/\/latamjournalismreview.org\/pt-br\/wp-json\/wp\/v2\/media?parent=37856"}],"wp:term":[{"taxonomy":"category","embeddable":true,"href":"https:\/\/latamjournalismreview.org\/pt-br\/wp-json\/wp\/v2\/categories?post=37856"},{"taxonomy":"post_tag","embeddable":true,"href":"https:\/\/latamjournalismreview.org\/pt-br\/wp-json\/wp\/v2\/tags?post=37856"},{"taxonomy":"author","embeddable":true,"href":"https:\/\/latamjournalismreview.org\/pt-br\/wp-json\/wp\/v2\/coauthors?post=37856"}],"curies":[{"name":"wp","href":"https:\/\/api.w.org\/{rel}","templated":true}]}}