{"id":38047,"date":"2013-04-01T19:01:44","date_gmt":"2013-04-02T00:01:44","guid":{"rendered":"https:\/\/latamjournalismreview.org\/?p=38047"},"modified":"2021-10-17T19:03:04","modified_gmt":"2021-10-18T00:03:04","slug":"apesar-de-basear-reportagem-em-documentos-jornalista-argentino-e-condenado-a-indenizar-empresario-citado-em-materia","status":"publish","type":"post","link":"https:\/\/latamjournalismreview.org\/pt-br\/articles\/apesar-de-basear-reportagem-em-documentos-jornalista-argentino-e-condenado-a-indenizar-empresario-citado-em-materia\/","title":{"rendered":"Apesar de basear reportagem em documentos, jornalista argentino \u00e9 condenado a indenizar empres\u00e1rio citado em mat\u00e9ria"},"content":{"rendered":"<p><a href=\"http:\/\/www.lacapital.com.ar\/informacion-gral\/Condenan-a-un-periodista-a-pagarle-a-un-empresario-por-una-nota-sobre-la-evasion-20130401-0012.html\">Um jornalista argentino foi condenado a pagar uma indeniza\u00e7\u00e3o a um empres\u00e1rio pela publica\u00e7\u00e3o de uma mat\u00e9ria publicada em 2002<\/a>. Baseada em documentos oficiais, a reportagem dizia que o empres\u00e1rio era investigado por evas\u00e3o fiscal, informou o jornal La Capital. A decis\u00e3o contra\u00a0<a href=\"https:\/\/twitter.com\/adrianmurano\">Adri\u00e1n Murano<\/a>, atual chefe de reportagem da revista\u00a0<a href=\"https:\/\/twitter.com\/revista23\">Veintitr\u00e9s<\/a>, determina o pagamento de quase 10 mil d\u00f3lares ao empres\u00e1rio Enrique Estevans por perdas e danos, disse o jornal.<\/p>\n<p>Depois da publica\u00e7\u00e3o da mat\u00e9ria, Estevanez decidiu processar tanto \u00e0 revista La Primera, na qual o texto foi publicado, como o pr\u00f3prio rep\u00f3rter, acrescentou o jornal.<\/p>\n<p>Sergio Szpolski, editor do jornal Tiempo Argentino e vice-presidente do grupo que atualmente emprega Murano, disse atrav\u00e9s das redes sociais que a Veintitr\u00e9s\u00a0<a href=\"http:\/\/www.impulsobaires.com.ar\/nota.php?id=176284\">\u201cvai aceitar a responsabilidade do pagamento que a inescrupulosa ju\u00edza exige\u201d<\/a>\u00a0de Murano, publicou o portal Impulso Baires.<\/p>\n<p>A decis\u00e3o gerou discuss\u00e3o entre jornalistas e cidad\u00e3os atrav\u00e9s de\u00a0<a href=\"http:\/\/www.infonews.com\/2013\/03\/31\/politica-67992-caso-murano-un-grave-precedente.php\">colunas de opini\u00e3o<\/a>\u00a0ou das redes sociais. O Coletivo de Trabalhadores da Imprensa da Argentina (CPT) disse que a senten\u00e7a \u00e9\u00a0<a href=\"http:\/\/www.telam.com.ar\/notas\/201303\/11880-periodistas-cuestionan-un-fallo-judicial-que-condena-a-un-trabajador-de-prensa.html\">\u201cuma forma de censura indireta\u201d<\/a>\u00a0e \u201cuma morda\u00e7a econ\u00f4mica\u201d, informou o portal da ag\u00eancia p\u00fablica de not\u00edcias Telam.<\/p>\n<p>Outras\u00a0<a href=\"http:\/\/tiempo.infonews.com\/2013\/03\/29\/argentina-99137-crece-el-repudio-a-fallo-contra-periodista.php\">organiza\u00e7\u00f5es e jornalistas decidiram usar o Twitter para apoiar Murano<\/a>, segundo Tiempo Argentino. A grupo La Naranja de Prensa pediu \u201c uma a\u00e7\u00e3o do sindicato da imprensa em defesa do jornalista\u201d.<\/p>\n<p><em>Nota do editor: Essa hist\u00f3ria foi publicada originalmente no blog de jornalismo nas Am\u00e9ricas do Centro Knight, o predecessor do LatAm Journalism Review.<\/em><\/p>\n","protected":false},"excerpt":{"rendered":"<p>Um jornalista argentino foi condenado a pagar uma indeniza\u00e7\u00e3o a um empres\u00e1rio pela publica\u00e7\u00e3o de uma mat\u00e9ria publicada em 2002. Baseada em documentos oficiais, a reportagem dizia que o empres\u00e1rio era investigado por evas\u00e3o fiscal, informou o jornal La Capital. A decis\u00e3o contra\u00a0Adri\u00e1n Murano, atual chefe de reportagem da revista\u00a0Veintitr\u00e9s, determina o pagamento de quase 10 mil d\u00f3lares ao empres\u00e1rio Enrique Estevans por perdas e danos, disse o jornal.<\/p>\n","protected":false},"author":13,"featured_media":0,"comment_status":"closed","ping_status":"closed","sticky":false,"template":"","format":"standard","meta":{"inline_featured_image":false,"footnotes":""},"categories":[1219],"tags":[1425,2051],"coauthors":[],"class_list":["post-38047","post","type-post","status-publish","format-standard","hentry","category-liberdade-de-imprensa-pt-br","tag-argentina-pt-br","tag-liberdade-de-expressao-pt-br"],"acf":[],"yoast_head":"<!-- This site is optimized with the Yoast SEO Premium plugin v22.6 (Yoast SEO v27.4) - https:\/\/yoast.com\/product\/yoast-seo-premium-wordpress\/ -->\n<title>Apesar de basear reportagem em documentos, jornalista argentino \u00e9 condenado a indenizar empres\u00e1rio citado em mat\u00e9ria - LatAm Journalism Review by the Knight Center<\/title>\n<meta name=\"description\" content=\"Apesar de basear reportagem em documentos, jornalista argentino \u00e9 condenado a indenizar empres\u00e1rio citado em mat\u00e9ria Liberdade de imprensa. Latin American Journalism Review by The Knight Center at The University of Texas at Austin.\" \/>\n<meta name=\"robots\" content=\"index, follow, max-snippet:-1, max-image-preview:large, max-video-preview:-1\" \/>\n<link rel=\"canonical\" href=\"https:\/\/latamjournalismreview.org\/pt-br\/articles\/apesar-de-basear-reportagem-em-documentos-jornalista-argentino-e-condenado-a-indenizar-empresario-citado-em-materia\/\" \/>\n<meta property=\"og:locale\" content=\"pt_BR\" \/>\n<meta property=\"og:type\" content=\"article\" \/>\n<meta property=\"og:title\" content=\"Apesar de basear reportagem em documentos, jornalista argentino \u00e9 condenado a indenizar empres\u00e1rio citado em mat\u00e9ria\" \/>\n<meta property=\"og:description\" content=\"Apesar de basear reportagem em documentos, jornalista argentino \u00e9 condenado a indenizar empres\u00e1rio citado em mat\u00e9ria Liberdade de imprensa. Latin American Journalism Review by The Knight Center at The University of Texas at Austin.\" \/>\n<meta property=\"og:url\" content=\"https:\/\/latamjournalismreview.org\/pt-br\/articles\/apesar-de-basear-reportagem-em-documentos-jornalista-argentino-e-condenado-a-indenizar-empresario-citado-em-materia\/\" \/>\n<meta property=\"og:site_name\" content=\"LatAm Journalism Review by the Knight Center\" \/>\n<meta property=\"article:published_time\" content=\"2013-04-02T00:01:44+00:00\" \/>\n<meta property=\"article:modified_time\" content=\"2021-10-18T00:03:04+00:00\" \/>\n<meta name=\"author\" content=\"Silvia Higuera\" \/>\n<meta name=\"twitter:card\" content=\"summary_large_image\" \/>\n<meta name=\"twitter:creator\" content=\"@shiguerita\" \/>\n<meta name=\"twitter:site\" content=\"@LatAmJournalism\" \/>\n<meta name=\"twitter:label1\" content=\"Written by\" \/>\n\t<meta name=\"twitter:data1\" content=\"Silvia Higuera\" \/>\n\t<meta name=\"twitter:label2\" content=\"Est. reading time\" \/>\n\t<meta name=\"twitter:data2\" content=\"1 minuto\" \/>\n<script type=\"application\/ld+json\" class=\"yoast-schema-graph\">{\"@context\":\"https:\\\/\\\/schema.org\",\"@graph\":[{\"@type\":\"Article\",\"@id\":\"https:\\\/\\\/latamjournalismreview.org\\\/pt-br\\\/articles\\\/apesar-de-basear-reportagem-em-documentos-jornalista-argentino-e-condenado-a-indenizar-empresario-citado-em-materia\\\/#article\",\"isPartOf\":{\"@id\":\"https:\\\/\\\/latamjournalismreview.org\\\/pt-br\\\/articles\\\/apesar-de-basear-reportagem-em-documentos-jornalista-argentino-e-condenado-a-indenizar-empresario-citado-em-materia\\\/\"},\"author\":{\"name\":\"Silvia Higuera\",\"@id\":\"https:\\\/\\\/latamjournalismreview.org\\\/pt-br\\\/#\\\/schema\\\/person\\\/eac7baa6afada0957e047be9fc15703a\"},\"headline\":\"Apesar de basear reportagem em documentos, jornalista argentino \u00e9 condenado a indenizar empres\u00e1rio citado em mat\u00e9ria\",\"datePublished\":\"2013-04-02T00:01:44+00:00\",\"dateModified\":\"2021-10-18T00:03:04+00:00\",\"mainEntityOfPage\":{\"@id\":\"https:\\\/\\\/latamjournalismreview.org\\\/pt-br\\\/articles\\\/apesar-de-basear-reportagem-em-documentos-jornalista-argentino-e-condenado-a-indenizar-empresario-citado-em-materia\\\/\"},\"wordCount\":287,\"publisher\":{\"@id\":\"https:\\\/\\\/latamjournalismreview.org\\\/pt-br\\\/#organization\"},\"keywords\":[\"Argentina\",\"Liberdade de express\u00e3o\"],\"articleSection\":[\"Liberdade de imprensa\"],\"inLanguage\":\"pt-BR\"},{\"@type\":\"WebPage\",\"@id\":\"https:\\\/\\\/latamjournalismreview.org\\\/pt-br\\\/articles\\\/apesar-de-basear-reportagem-em-documentos-jornalista-argentino-e-condenado-a-indenizar-empresario-citado-em-materia\\\/\",\"url\":\"https:\\\/\\\/latamjournalismreview.org\\\/pt-br\\\/articles\\\/apesar-de-basear-reportagem-em-documentos-jornalista-argentino-e-condenado-a-indenizar-empresario-citado-em-materia\\\/\",\"name\":\"Apesar de basear reportagem em documentos, jornalista argentino \u00e9 condenado a indenizar empres\u00e1rio citado em mat\u00e9ria - LatAm Journalism Review by the Knight Center\",\"isPartOf\":{\"@id\":\"https:\\\/\\\/latamjournalismreview.org\\\/pt-br\\\/#website\"},\"datePublished\":\"2013-04-02T00:01:44+00:00\",\"dateModified\":\"2021-10-18T00:03:04+00:00\",\"description\":\"Apesar de basear reportagem em documentos, jornalista argentino \u00e9 condenado a indenizar empres\u00e1rio citado em mat\u00e9ria Liberdade de imprensa. Latin American Journalism Review by The Knight Center at The University of Texas at Austin.\",\"breadcrumb\":{\"@id\":\"https:\\\/\\\/latamjournalismreview.org\\\/pt-br\\\/articles\\\/apesar-de-basear-reportagem-em-documentos-jornalista-argentino-e-condenado-a-indenizar-empresario-citado-em-materia\\\/#breadcrumb\"},\"inLanguage\":\"pt-BR\",\"potentialAction\":[{\"@type\":\"ReadAction\",\"target\":[\"https:\\\/\\\/latamjournalismreview.org\\\/pt-br\\\/articles\\\/apesar-de-basear-reportagem-em-documentos-jornalista-argentino-e-condenado-a-indenizar-empresario-citado-em-materia\\\/\"]}]},{\"@type\":\"BreadcrumbList\",\"@id\":\"https:\\\/\\\/latamjournalismreview.org\\\/pt-br\\\/articles\\\/apesar-de-basear-reportagem-em-documentos-jornalista-argentino-e-condenado-a-indenizar-empresario-citado-em-materia\\\/#breadcrumb\",\"itemListElement\":[{\"@type\":\"ListItem\",\"position\":1,\"name\":\"Home\",\"item\":\"https:\\\/\\\/latamjournalismreview.org\\\/pt-br\\\/\"},{\"@type\":\"ListItem\",\"position\":2,\"name\":\"Apesar de basear reportagem em documentos, jornalista argentino \u00e9 condenado a indenizar empres\u00e1rio citado em mat\u00e9ria\"}]},{\"@type\":\"WebSite\",\"@id\":\"https:\\\/\\\/latamjournalismreview.org\\\/pt-br\\\/#website\",\"url\":\"https:\\\/\\\/latamjournalismreview.org\\\/pt-br\\\/\",\"name\":\"LatAm Journalism Review\",\"description\":\"Digital magazine on journalism in Latin America\",\"publisher\":{\"@id\":\"https:\\\/\\\/latamjournalismreview.org\\\/pt-br\\\/#organization\"},\"potentialAction\":[{\"@type\":\"SearchAction\",\"target\":{\"@type\":\"EntryPoint\",\"urlTemplate\":\"https:\\\/\\\/latamjournalismreview.org\\\/pt-br\\\/?s={search_term_string}\"},\"query-input\":{\"@type\":\"PropertyValueSpecification\",\"valueRequired\":true,\"valueName\":\"search_term_string\"}}],\"inLanguage\":\"pt-BR\"},{\"@type\":\"Organization\",\"@id\":\"https:\\\/\\\/latamjournalismreview.org\\\/pt-br\\\/#organization\",\"name\":\"LatAm Journalism Review\",\"url\":\"https:\\\/\\\/latamjournalismreview.org\\\/pt-br\\\/\",\"logo\":{\"@type\":\"ImageObject\",\"inLanguage\":\"pt-BR\",\"@id\":\"https:\\\/\\\/latamjournalismreview.org\\\/pt-br\\\/#\\\/schema\\\/logo\\\/image\\\/\",\"url\":\"https:\\\/\\\/latamjournalismreview.org\\\/wp-content\\\/uploads\\\/2020\\\/05\\\/knight-latAm-review-logo.svg\",\"contentUrl\":\"https:\\\/\\\/latamjournalismreview.org\\\/wp-content\\\/uploads\\\/2020\\\/05\\\/knight-latAm-review-logo.svg\",\"width\":\"1024\",\"height\":\"1024\",\"caption\":\"LatAm Journalism Review\"},\"image\":{\"@id\":\"https:\\\/\\\/latamjournalismreview.org\\\/pt-br\\\/#\\\/schema\\\/logo\\\/image\\\/\"},\"sameAs\":[\"https:\\\/\\\/x.com\\\/LatAmJournalism\"]},{\"@type\":\"Person\",\"@id\":\"https:\\\/\\\/latamjournalismreview.org\\\/pt-br\\\/#\\\/schema\\\/person\\\/eac7baa6afada0957e047be9fc15703a\",\"name\":\"Silvia Higuera\",\"description\":\"Silvia A. Higuera Fl\u00f3rez is a Colombian journalist interested in covering Latin American issues and human rights, especially the right to freedom of expression, and investigative journalism. She studied Social Communication and Journalism at Universidad Pontificia Bolivariana in Bucaramanga (Colombia), and received her Master's of Arts in Journalism from the University of Texas at Austin in 2015. She worked with the Office of the Special Rapporteur for Freedom of Expression of the Inter-American Commission on Human Rights (IACHR) under the Orlando Sierra fellowship during 2014. She also worked for the Colombian newspaper Vanguardia Liberal and wrote for different magazines about local, economic and public order issues. Her work has also appeared in The Miami Herald and El Nuevo Herald of Miami. Email: silvia.knightcenter@gmail.com Silvia A. Higuera Fl\u00f3rez es una periodista colombiana con inter\u00e9s period\u00edstico es Am\u00e9rica Latina y los derechos humanos, particularmente el derecho a la libertad de expresi\u00f3n, as\u00ed como el periodismo de investigaci\u00f3n. Estudi\u00f3 Comunicaci\u00f3n Social \u2013 Periodismo en la Universidad Pontificia Bolivariana de Bucaramanga (Colombia), y recibi\u00f3 su maestr\u00eda en Periodismo en la Universidad de Texas, en Austin en 2015. Trabaj\u00f3 para la Relator\u00eda Especial para la Libertad de Expresi\u00f3n de la Comisi\u00f3n Interamericana de Derechos Humanos (CIDH) en el marco de la beca Orlando Sierra, durante 2014. Tambi\u00e9n hizo parte del diario Vanguardia Liberal y escribi\u00f3 para otras revistas colombianas cubriendo fuentes locales, econ\u00f3micas y judiciales. Algunos de sus trabajos han aparecido en The Miami Herald y El Nuevo Herald de Miami. Silvia A. Higuera Fl\u00f3rez \u00e9 uma jornalista colombiana e seu interesse jornal\u00edstico \u00e9 a Am\u00e9rica Latina e os direitos humanos, nomeadamente o direito \u00e0 liberdade de express\u00e3o. Estudou Comunica\u00e7\u00e3o Social \u2013 Jornalismo na Universidade Pontif\u00edcia Bolivariana de Bucaramanga, na Col\u00f4mbia e completou seu mestrado em jornalismo na Universidade do Texas em Austin. Silvia trabalhou na Relatoria para a Liberdade de Express\u00e3o da CIDH pela bolsa Orlando Sierra, em 2014. Trabalhou para o jornal Vanguardia Liberal e escreveu para outras revistas colombianas cobrindo temas locais, econ\u00f4micas e judici\u00e1rias. Alguns de seus trabalhos apareceram no The Miami Herald e no El Nuevo Herald de Miami.\",\"sameAs\":[\"https:\\\/\\\/x.com\\\/shiguerita\"],\"url\":\"https:\\\/\\\/latamjournalismreview.org\\\/pt-br\\\/articles\\\/author\\\/silvia-higuera\\\/\"}]}<\/script>\n<!-- \/ Yoast SEO Premium plugin. -->","yoast_head_json":{"title":"Apesar de basear reportagem em documentos, jornalista argentino \u00e9 condenado a indenizar empres\u00e1rio citado em mat\u00e9ria - LatAm Journalism Review by the Knight Center","description":"Apesar de basear reportagem em documentos, jornalista argentino \u00e9 condenado a indenizar empres\u00e1rio citado em mat\u00e9ria Liberdade de imprensa. Latin American Journalism Review by The Knight Center at The University of Texas at Austin.","robots":{"index":"index","follow":"follow","max-snippet":"max-snippet:-1","max-image-preview":"max-image-preview:large","max-video-preview":"max-video-preview:-1"},"canonical":"https:\/\/latamjournalismreview.org\/pt-br\/articles\/apesar-de-basear-reportagem-em-documentos-jornalista-argentino-e-condenado-a-indenizar-empresario-citado-em-materia\/","og_locale":"pt_BR","og_type":"article","og_title":"Apesar de basear reportagem em documentos, jornalista argentino \u00e9 condenado a indenizar empres\u00e1rio citado em mat\u00e9ria","og_description":"Apesar de basear reportagem em documentos, jornalista argentino \u00e9 condenado a indenizar empres\u00e1rio citado em mat\u00e9ria Liberdade de imprensa. Latin American Journalism Review by The Knight Center at The University of Texas at Austin.","og_url":"https:\/\/latamjournalismreview.org\/pt-br\/articles\/apesar-de-basear-reportagem-em-documentos-jornalista-argentino-e-condenado-a-indenizar-empresario-citado-em-materia\/","og_site_name":"LatAm Journalism Review by the Knight Center","article_published_time":"2013-04-02T00:01:44+00:00","article_modified_time":"2021-10-18T00:03:04+00:00","author":"Silvia Higuera","twitter_card":"summary_large_image","twitter_creator":"@shiguerita","twitter_site":"@LatAmJournalism","twitter_misc":{"Written by":"Silvia Higuera","Est. reading time":"1 minuto"},"schema":{"@context":"https:\/\/schema.org","@graph":[{"@type":"Article","@id":"https:\/\/latamjournalismreview.org\/pt-br\/articles\/apesar-de-basear-reportagem-em-documentos-jornalista-argentino-e-condenado-a-indenizar-empresario-citado-em-materia\/#article","isPartOf":{"@id":"https:\/\/latamjournalismreview.org\/pt-br\/articles\/apesar-de-basear-reportagem-em-documentos-jornalista-argentino-e-condenado-a-indenizar-empresario-citado-em-materia\/"},"author":{"name":"Silvia Higuera","@id":"https:\/\/latamjournalismreview.org\/pt-br\/#\/schema\/person\/eac7baa6afada0957e047be9fc15703a"},"headline":"Apesar de basear reportagem em documentos, jornalista argentino \u00e9 condenado a indenizar empres\u00e1rio citado em mat\u00e9ria","datePublished":"2013-04-02T00:01:44+00:00","dateModified":"2021-10-18T00:03:04+00:00","mainEntityOfPage":{"@id":"https:\/\/latamjournalismreview.org\/pt-br\/articles\/apesar-de-basear-reportagem-em-documentos-jornalista-argentino-e-condenado-a-indenizar-empresario-citado-em-materia\/"},"wordCount":287,"publisher":{"@id":"https:\/\/latamjournalismreview.org\/pt-br\/#organization"},"keywords":["Argentina","Liberdade de express\u00e3o"],"articleSection":["Liberdade de imprensa"],"inLanguage":"pt-BR"},{"@type":"WebPage","@id":"https:\/\/latamjournalismreview.org\/pt-br\/articles\/apesar-de-basear-reportagem-em-documentos-jornalista-argentino-e-condenado-a-indenizar-empresario-citado-em-materia\/","url":"https:\/\/latamjournalismreview.org\/pt-br\/articles\/apesar-de-basear-reportagem-em-documentos-jornalista-argentino-e-condenado-a-indenizar-empresario-citado-em-materia\/","name":"Apesar de basear reportagem em documentos, jornalista argentino \u00e9 condenado a indenizar empres\u00e1rio citado em mat\u00e9ria - LatAm Journalism Review by the Knight Center","isPartOf":{"@id":"https:\/\/latamjournalismreview.org\/pt-br\/#website"},"datePublished":"2013-04-02T00:01:44+00:00","dateModified":"2021-10-18T00:03:04+00:00","description":"Apesar de basear reportagem em documentos, jornalista argentino \u00e9 condenado a indenizar empres\u00e1rio citado em mat\u00e9ria Liberdade de imprensa. Latin American Journalism Review by The Knight Center at The University of Texas at Austin.","breadcrumb":{"@id":"https:\/\/latamjournalismreview.org\/pt-br\/articles\/apesar-de-basear-reportagem-em-documentos-jornalista-argentino-e-condenado-a-indenizar-empresario-citado-em-materia\/#breadcrumb"},"inLanguage":"pt-BR","potentialAction":[{"@type":"ReadAction","target":["https:\/\/latamjournalismreview.org\/pt-br\/articles\/apesar-de-basear-reportagem-em-documentos-jornalista-argentino-e-condenado-a-indenizar-empresario-citado-em-materia\/"]}]},{"@type":"BreadcrumbList","@id":"https:\/\/latamjournalismreview.org\/pt-br\/articles\/apesar-de-basear-reportagem-em-documentos-jornalista-argentino-e-condenado-a-indenizar-empresario-citado-em-materia\/#breadcrumb","itemListElement":[{"@type":"ListItem","position":1,"name":"Home","item":"https:\/\/latamjournalismreview.org\/pt-br\/"},{"@type":"ListItem","position":2,"name":"Apesar de basear reportagem em documentos, jornalista argentino \u00e9 condenado a indenizar empres\u00e1rio citado em mat\u00e9ria"}]},{"@type":"WebSite","@id":"https:\/\/latamjournalismreview.org\/pt-br\/#website","url":"https:\/\/latamjournalismreview.org\/pt-br\/","name":"LatAm Journalism Review","description":"Digital magazine on journalism in Latin America","publisher":{"@id":"https:\/\/latamjournalismreview.org\/pt-br\/#organization"},"potentialAction":[{"@type":"SearchAction","target":{"@type":"EntryPoint","urlTemplate":"https:\/\/latamjournalismreview.org\/pt-br\/?s={search_term_string}"},"query-input":{"@type":"PropertyValueSpecification","valueRequired":true,"valueName":"search_term_string"}}],"inLanguage":"pt-BR"},{"@type":"Organization","@id":"https:\/\/latamjournalismreview.org\/pt-br\/#organization","name":"LatAm Journalism Review","url":"https:\/\/latamjournalismreview.org\/pt-br\/","logo":{"@type":"ImageObject","inLanguage":"pt-BR","@id":"https:\/\/latamjournalismreview.org\/pt-br\/#\/schema\/logo\/image\/","url":"https:\/\/latamjournalismreview.org\/wp-content\/uploads\/2020\/05\/knight-latAm-review-logo.svg","contentUrl":"https:\/\/latamjournalismreview.org\/wp-content\/uploads\/2020\/05\/knight-latAm-review-logo.svg","width":"1024","height":"1024","caption":"LatAm Journalism Review"},"image":{"@id":"https:\/\/latamjournalismreview.org\/pt-br\/#\/schema\/logo\/image\/"},"sameAs":["https:\/\/x.com\/LatAmJournalism"]},{"@type":"Person","@id":"https:\/\/latamjournalismreview.org\/pt-br\/#\/schema\/person\/eac7baa6afada0957e047be9fc15703a","name":"Silvia Higuera","description":"Silvia A. Higuera Fl\u00f3rez is a Colombian journalist interested in covering Latin American issues and human rights, especially the right to freedom of expression, and investigative journalism. She studied Social Communication and Journalism at Universidad Pontificia Bolivariana in Bucaramanga (Colombia), and received her Master's of Arts in Journalism from the University of Texas at Austin in 2015. She worked with the Office of the Special Rapporteur for Freedom of Expression of the Inter-American Commission on Human Rights (IACHR) under the Orlando Sierra fellowship during 2014. She also worked for the Colombian newspaper Vanguardia Liberal and wrote for different magazines about local, economic and public order issues. Her work has also appeared in The Miami Herald and El Nuevo Herald of Miami. Email: silvia.knightcenter@gmail.com Silvia A. Higuera Fl\u00f3rez es una periodista colombiana con inter\u00e9s period\u00edstico es Am\u00e9rica Latina y los derechos humanos, particularmente el derecho a la libertad de expresi\u00f3n, as\u00ed como el periodismo de investigaci\u00f3n. Estudi\u00f3 Comunicaci\u00f3n Social \u2013 Periodismo en la Universidad Pontificia Bolivariana de Bucaramanga (Colombia), y recibi\u00f3 su maestr\u00eda en Periodismo en la Universidad de Texas, en Austin en 2015. Trabaj\u00f3 para la Relator\u00eda Especial para la Libertad de Expresi\u00f3n de la Comisi\u00f3n Interamericana de Derechos Humanos (CIDH) en el marco de la beca Orlando Sierra, durante 2014. Tambi\u00e9n hizo parte del diario Vanguardia Liberal y escribi\u00f3 para otras revistas colombianas cubriendo fuentes locales, econ\u00f3micas y judiciales. Algunos de sus trabajos han aparecido en The Miami Herald y El Nuevo Herald de Miami. Silvia A. Higuera Fl\u00f3rez \u00e9 uma jornalista colombiana e seu interesse jornal\u00edstico \u00e9 a Am\u00e9rica Latina e os direitos humanos, nomeadamente o direito \u00e0 liberdade de express\u00e3o. Estudou Comunica\u00e7\u00e3o Social \u2013 Jornalismo na Universidade Pontif\u00edcia Bolivariana de Bucaramanga, na Col\u00f4mbia e completou seu mestrado em jornalismo na Universidade do Texas em Austin. Silvia trabalhou na Relatoria para a Liberdade de Express\u00e3o da CIDH pela bolsa Orlando Sierra, em 2014. Trabalhou para o jornal Vanguardia Liberal e escreveu para outras revistas colombianas cobrindo temas locais, econ\u00f4micas e judici\u00e1rias. Alguns de seus trabalhos apareceram no The Miami Herald e no El Nuevo Herald de Miami.","sameAs":["https:\/\/x.com\/shiguerita"],"url":"https:\/\/latamjournalismreview.org\/pt-br\/articles\/author\/silvia-higuera\/"}]}},"_links":{"self":[{"href":"https:\/\/latamjournalismreview.org\/pt-br\/wp-json\/wp\/v2\/posts\/38047","targetHints":{"allow":["GET"]}}],"collection":[{"href":"https:\/\/latamjournalismreview.org\/pt-br\/wp-json\/wp\/v2\/posts"}],"about":[{"href":"https:\/\/latamjournalismreview.org\/pt-br\/wp-json\/wp\/v2\/types\/post"}],"author":[{"embeddable":true,"href":"https:\/\/latamjournalismreview.org\/pt-br\/wp-json\/wp\/v2\/users\/13"}],"replies":[{"embeddable":true,"href":"https:\/\/latamjournalismreview.org\/pt-br\/wp-json\/wp\/v2\/comments?post=38047"}],"version-history":[{"count":1,"href":"https:\/\/latamjournalismreview.org\/pt-br\/wp-json\/wp\/v2\/posts\/38047\/revisions"}],"predecessor-version":[{"id":38048,"href":"https:\/\/latamjournalismreview.org\/pt-br\/wp-json\/wp\/v2\/posts\/38047\/revisions\/38048"}],"wp:attachment":[{"href":"https:\/\/latamjournalismreview.org\/pt-br\/wp-json\/wp\/v2\/media?parent=38047"}],"wp:term":[{"taxonomy":"category","embeddable":true,"href":"https:\/\/latamjournalismreview.org\/pt-br\/wp-json\/wp\/v2\/categories?post=38047"},{"taxonomy":"post_tag","embeddable":true,"href":"https:\/\/latamjournalismreview.org\/pt-br\/wp-json\/wp\/v2\/tags?post=38047"},{"taxonomy":"author","embeddable":true,"href":"https:\/\/latamjournalismreview.org\/pt-br\/wp-json\/wp\/v2\/coauthors?post=38047"}],"curies":[{"name":"wp","href":"https:\/\/api.w.org\/{rel}","templated":true}]}}