{"id":38404,"date":"2013-09-17T22:03:12","date_gmt":"2013-09-18T03:03:12","guid":{"rendered":"https:\/\/latamjournalismreview.org\/?p=38404"},"modified":"2021-10-19T22:04:11","modified_gmt":"2021-10-20T03:04:11","slug":"coligacao-de-liberdade-de-expressao-critica-alteracoes-propostas-a-lei-de-informacao-publica-do-uruguai","status":"publish","type":"post","link":"https:\/\/latamjournalismreview.org\/pt-br\/articles\/coligacao-de-liberdade-de-expressao-critica-alteracoes-propostas-a-lei-de-informacao-publica-do-uruguai\/","title":{"rendered":"Coliga\u00e7\u00e3o de liberdade de express\u00e3o critica altera\u00e7\u00f5es propostas \u00e0 lei de informa\u00e7\u00e3o p\u00fablica do Uruguai"},"content":{"rendered":"<p>A Alian\u00e7a Regional para a Liberdade de Express\u00e3o e Informa\u00e7\u00e3o,\u00a0<a href=\"http:\/\/www.alianzaregional.net\/site\/index.php?option=com_content&amp;view=article&amp;id=2&amp;Itemid=2\">uma coliga\u00e7\u00e3o de v\u00e1rias organiza\u00e7\u00f5es de 19 pa\u00edses da Am\u00e9rica Latina e dos EUA<\/a>, escreveu uma carta aberta aos senadores e outras autoridades uruguaias\u00a0<a href=\"http:\/\/ifex.org\/uruguay\/2013\/09\/11\/es\/\">manifestando a sua preocupa\u00e7\u00e3o com uma s\u00e9rie de propostas de altera\u00e7\u00e3o da Lei de acesso P\u00fablico \u00e0 Informa\u00e7\u00e3o<\/a>. Segundo o grupo, as altera\u00e7\u00f5es propostas s\u00e3o de natureza \"regressiva\" e podem limitar significativamente o acesso dos cidad\u00e3os \u00e0s informa\u00e7\u00f5es do governo.<\/p>\n<p>O documento foi assinado pelos 23 membros da coliga\u00e7\u00e3o regional, a fim de chamar a aten\u00e7\u00e3o para as consequ\u00eancias das altera\u00e7\u00f5es na Lei do Senado n\u00ba 18.381,\u00a0<a href=\"http:\/\/ifex.org\/uruguay\/2013\/09\/11\/es\/\">que incorporam novos motivos de segredo governamental e restri\u00e7\u00f5es sobre o funcionamento da Unidade de Acesso P\u00fablico \u00e0 Informa\u00e7\u00e3o,<\/a>\u00a0\u00f3rg\u00e3o encarregado de supervisionar esse direito.<\/p>\n<p>As altera\u00e7\u00f5es propostas\u00a0<a href=\"http:\/\/archivo.presidencia.gub.uy\/_web\/leyes\/2008\/10\/EC1028-00001.PDF\">permitiriam aos tribunais reter informa\u00e7\u00f5es caso n\u00e3o tivessem tomado uma decis\u00e3o a respeito de um caso<\/a>. Por outro lado, \u00f3rg\u00e3os p\u00fablicos podem ter reserva de informa\u00e7\u00f5es sobre processos em curso, nomeadamente \"controle, avalia\u00e7\u00e3o, investiga\u00e7\u00e3o ou delibera\u00e7\u00e3o\".<\/p>\n<p>Outra proposta\u00a0<a href=\"http:\/\/archivo.presidencia.gub.uy\/_web\/leyes\/2008\/10\/EC1028-00001.PDF\">seria classificar como propriet\u00e1rias ou confidenciais todas as informa\u00e7\u00f5es inclu\u00eddas em aplica\u00e7\u00f5es enviadas ao governo.<\/a><\/p>\n<p>At\u00e9 agora, a\u00a0<a href=\"http:\/\/archivo.presidencia.gub.uy\/_web\/leyes\/2008\/10\/EC1028-00001.PDF\">Lei n\u00ba 18.381 foi parcialmente aprovada pelos membros do Senado. O governo uruguaio come\u00e7ou a delinear as novas regras no ano passado.<\/a><\/p>\n<p>A Assembleia Nacional uruguaia aprovou a Lei de Acesso \u00e0 Informa\u00e7\u00e3o P\u00fablica em 2008. Naquela \u00e9poca, a Alian\u00e7a Regional descreveu-a como\u00a0<a href=\"http:\/\/ifex.org\/uruguay\/2013\/09\/11\/es\/\">uma das leis mais avan\u00e7adas do continente em termos de acesso \u00e0 informa\u00e7\u00e3o p\u00fablica.<\/a><\/p>\n<div><em>Nota do editor: Essa hist\u00f3ria foi publicada originalmente no blog de jornalismo nas Am\u00e9ricas do Centro Knight, o predecessor do LatAm Journalism Review.<\/em><\/div>\n","protected":false},"excerpt":{"rendered":"<p>A Alian\u00e7a Regional para a Liberdade de Express\u00e3o e Informa\u00e7\u00e3o,\u00a0uma coliga\u00e7\u00e3o de v\u00e1rias organiza\u00e7\u00f5es de 19 pa\u00edses da Am\u00e9rica Latina e dos EUA, escreveu uma carta aberta aos senadores e outras autoridades uruguaias\u00a0manifestando a sua preocupa\u00e7\u00e3o com uma s\u00e9rie de propostas de altera\u00e7\u00e3o da Lei de acesso P\u00fablico \u00e0 Informa\u00e7\u00e3o. Segundo o grupo, as altera\u00e7\u00f5es propostas s\u00e3o de natureza \"regressiva\" e podem limitar significativamente o acesso dos cidad\u00e3os \u00e0s informa\u00e7\u00f5es do governo.<\/p>\n","protected":false},"author":10,"featured_media":0,"comment_status":"closed","ping_status":"closed","sticky":false,"template":"","format":"standard","meta":{"inline_featured_image":false,"footnotes":""},"categories":[1228],"tags":[1555,2051,1547,1383],"coauthors":[],"class_list":["post-38404","post","type-post","status-publish","format-standard","hentry","category-acesso-a-informacao-pt-br","tag-acesso-a-informacao-pt-br","tag-liberdade-de-expressao-pt-br","tag-regulacao-pt-br","tag-uruguai-pt-br"],"acf":[],"yoast_head":"<!-- This site is optimized with the Yoast SEO Premium plugin v22.6 (Yoast SEO v27.4) - https:\/\/yoast.com\/product\/yoast-seo-premium-wordpress\/ -->\n<title>Coliga\u00e7\u00e3o de liberdade de express\u00e3o critica altera\u00e7\u00f5es propostas \u00e0 lei de informa\u00e7\u00e3o p\u00fablica do Uruguai - LatAm Journalism Review by the Knight Center<\/title>\n<meta name=\"description\" content=\"Coliga\u00e7\u00e3o de liberdade de express\u00e3o critica altera\u00e7\u00f5es propostas \u00e0 lei de informa\u00e7\u00e3o p\u00fablica do Uruguai Acesso a informa\u00e7\u00e3o. Latin American Journalism Review by The Knight Center at The University of Texas at Austin.\" \/>\n<meta name=\"robots\" content=\"index, follow, max-snippet:-1, max-image-preview:large, max-video-preview:-1\" \/>\n<link rel=\"canonical\" href=\"https:\/\/latamjournalismreview.org\/pt-br\/articles\/coligacao-de-liberdade-de-expressao-critica-alteracoes-propostas-a-lei-de-informacao-publica-do-uruguai\/\" \/>\n<meta property=\"og:locale\" content=\"pt_BR\" \/>\n<meta property=\"og:type\" content=\"article\" \/>\n<meta property=\"og:title\" content=\"Coliga\u00e7\u00e3o de liberdade de express\u00e3o critica altera\u00e7\u00f5es propostas \u00e0 lei de informa\u00e7\u00e3o p\u00fablica do Uruguai\" \/>\n<meta property=\"og:description\" content=\"Coliga\u00e7\u00e3o de liberdade de express\u00e3o critica altera\u00e7\u00f5es propostas \u00e0 lei de informa\u00e7\u00e3o p\u00fablica do Uruguai Acesso a informa\u00e7\u00e3o. Latin American Journalism Review by The Knight Center at The University of Texas at Austin.\" \/>\n<meta property=\"og:url\" content=\"https:\/\/latamjournalismreview.org\/pt-br\/articles\/coligacao-de-liberdade-de-expressao-critica-alteracoes-propostas-a-lei-de-informacao-publica-do-uruguai\/\" \/>\n<meta property=\"og:site_name\" content=\"LatAm Journalism Review by the Knight Center\" \/>\n<meta property=\"article:published_time\" content=\"2013-09-18T03:03:12+00:00\" \/>\n<meta property=\"article:modified_time\" content=\"2021-10-20T03:04:11+00:00\" \/>\n<meta name=\"author\" content=\"Filipa Rodrigues\" \/>\n<meta name=\"twitter:card\" content=\"summary_large_image\" \/>\n<meta name=\"twitter:creator\" content=\"@LatAmJournalism\" \/>\n<meta name=\"twitter:site\" content=\"@LatAmJournalism\" \/>\n<meta name=\"twitter:label1\" content=\"Written by\" \/>\n\t<meta name=\"twitter:data1\" content=\"Filipa Rodrigues\" \/>\n\t<meta name=\"twitter:label2\" content=\"Est. reading time\" \/>\n\t<meta name=\"twitter:data2\" content=\"2 minutos\" \/>\n<script type=\"application\/ld+json\" class=\"yoast-schema-graph\">{\"@context\":\"https:\\\/\\\/schema.org\",\"@graph\":[{\"@type\":\"Article\",\"@id\":\"https:\\\/\\\/latamjournalismreview.org\\\/pt-br\\\/articles\\\/coligacao-de-liberdade-de-expressao-critica-alteracoes-propostas-a-lei-de-informacao-publica-do-uruguai\\\/#article\",\"isPartOf\":{\"@id\":\"https:\\\/\\\/latamjournalismreview.org\\\/pt-br\\\/articles\\\/coligacao-de-liberdade-de-expressao-critica-alteracoes-propostas-a-lei-de-informacao-publica-do-uruguai\\\/\"},\"author\":{\"name\":\"Filipa Rodrigues\",\"@id\":\"https:\\\/\\\/latamjournalismreview.org\\\/pt-br\\\/#\\\/schema\\\/person\\\/d25dfe234ee8e0fd2b5ebfb447c7e37a\"},\"headline\":\"Coliga\u00e7\u00e3o de liberdade de express\u00e3o critica altera\u00e7\u00f5es propostas \u00e0 lei de informa\u00e7\u00e3o p\u00fablica do Uruguai\",\"datePublished\":\"2013-09-18T03:03:12+00:00\",\"dateModified\":\"2021-10-20T03:04:11+00:00\",\"mainEntityOfPage\":{\"@id\":\"https:\\\/\\\/latamjournalismreview.org\\\/pt-br\\\/articles\\\/coligacao-de-liberdade-de-expressao-critica-alteracoes-propostas-a-lei-de-informacao-publica-do-uruguai\\\/\"},\"wordCount\":323,\"publisher\":{\"@id\":\"https:\\\/\\\/latamjournalismreview.org\\\/pt-br\\\/#organization\"},\"keywords\":[\"Acesso a informa\u00e7\u00e3o\",\"Liberdade de express\u00e3o\",\"Regula\u00e7\u00e3o\",\"Uruguai\"],\"articleSection\":[\"Acesso a informa\u00e7\u00e3o\"],\"inLanguage\":\"pt-BR\"},{\"@type\":\"WebPage\",\"@id\":\"https:\\\/\\\/latamjournalismreview.org\\\/pt-br\\\/articles\\\/coligacao-de-liberdade-de-expressao-critica-alteracoes-propostas-a-lei-de-informacao-publica-do-uruguai\\\/\",\"url\":\"https:\\\/\\\/latamjournalismreview.org\\\/pt-br\\\/articles\\\/coligacao-de-liberdade-de-expressao-critica-alteracoes-propostas-a-lei-de-informacao-publica-do-uruguai\\\/\",\"name\":\"Coliga\u00e7\u00e3o de liberdade de express\u00e3o critica altera\u00e7\u00f5es propostas \u00e0 lei de informa\u00e7\u00e3o p\u00fablica do Uruguai - LatAm Journalism Review by the Knight Center\",\"isPartOf\":{\"@id\":\"https:\\\/\\\/latamjournalismreview.org\\\/pt-br\\\/#website\"},\"datePublished\":\"2013-09-18T03:03:12+00:00\",\"dateModified\":\"2021-10-20T03:04:11+00:00\",\"description\":\"Coliga\u00e7\u00e3o de liberdade de express\u00e3o critica altera\u00e7\u00f5es propostas \u00e0 lei de informa\u00e7\u00e3o p\u00fablica do Uruguai Acesso a informa\u00e7\u00e3o. Latin American Journalism Review by The Knight Center at The University of Texas at Austin.\",\"breadcrumb\":{\"@id\":\"https:\\\/\\\/latamjournalismreview.org\\\/pt-br\\\/articles\\\/coligacao-de-liberdade-de-expressao-critica-alteracoes-propostas-a-lei-de-informacao-publica-do-uruguai\\\/#breadcrumb\"},\"inLanguage\":\"pt-BR\",\"potentialAction\":[{\"@type\":\"ReadAction\",\"target\":[\"https:\\\/\\\/latamjournalismreview.org\\\/pt-br\\\/articles\\\/coligacao-de-liberdade-de-expressao-critica-alteracoes-propostas-a-lei-de-informacao-publica-do-uruguai\\\/\"]}]},{\"@type\":\"BreadcrumbList\",\"@id\":\"https:\\\/\\\/latamjournalismreview.org\\\/pt-br\\\/articles\\\/coligacao-de-liberdade-de-expressao-critica-alteracoes-propostas-a-lei-de-informacao-publica-do-uruguai\\\/#breadcrumb\",\"itemListElement\":[{\"@type\":\"ListItem\",\"position\":1,\"name\":\"Home\",\"item\":\"https:\\\/\\\/latamjournalismreview.org\\\/pt-br\\\/\"},{\"@type\":\"ListItem\",\"position\":2,\"name\":\"Coliga\u00e7\u00e3o de liberdade de express\u00e3o critica altera\u00e7\u00f5es propostas \u00e0 lei de informa\u00e7\u00e3o p\u00fablica do Uruguai\"}]},{\"@type\":\"WebSite\",\"@id\":\"https:\\\/\\\/latamjournalismreview.org\\\/pt-br\\\/#website\",\"url\":\"https:\\\/\\\/latamjournalismreview.org\\\/pt-br\\\/\",\"name\":\"LatAm Journalism Review\",\"description\":\"Digital magazine on journalism in Latin America\",\"publisher\":{\"@id\":\"https:\\\/\\\/latamjournalismreview.org\\\/pt-br\\\/#organization\"},\"potentialAction\":[{\"@type\":\"SearchAction\",\"target\":{\"@type\":\"EntryPoint\",\"urlTemplate\":\"https:\\\/\\\/latamjournalismreview.org\\\/pt-br\\\/?s={search_term_string}\"},\"query-input\":{\"@type\":\"PropertyValueSpecification\",\"valueRequired\":true,\"valueName\":\"search_term_string\"}}],\"inLanguage\":\"pt-BR\"},{\"@type\":\"Organization\",\"@id\":\"https:\\\/\\\/latamjournalismreview.org\\\/pt-br\\\/#organization\",\"name\":\"LatAm Journalism Review\",\"url\":\"https:\\\/\\\/latamjournalismreview.org\\\/pt-br\\\/\",\"logo\":{\"@type\":\"ImageObject\",\"inLanguage\":\"pt-BR\",\"@id\":\"https:\\\/\\\/latamjournalismreview.org\\\/pt-br\\\/#\\\/schema\\\/logo\\\/image\\\/\",\"url\":\"https:\\\/\\\/latamjournalismreview.org\\\/wp-content\\\/uploads\\\/2020\\\/05\\\/knight-latAm-review-logo.svg\",\"contentUrl\":\"https:\\\/\\\/latamjournalismreview.org\\\/wp-content\\\/uploads\\\/2020\\\/05\\\/knight-latAm-review-logo.svg\",\"width\":\"1024\",\"height\":\"1024\",\"caption\":\"LatAm Journalism Review\"},\"image\":{\"@id\":\"https:\\\/\\\/latamjournalismreview.org\\\/pt-br\\\/#\\\/schema\\\/logo\\\/image\\\/\"},\"sameAs\":[\"https:\\\/\\\/x.com\\\/LatAmJournalism\"]},{\"@type\":\"Person\",\"@id\":\"https:\\\/\\\/latamjournalismreview.org\\\/pt-br\\\/#\\\/schema\\\/person\\\/d25dfe234ee8e0fd2b5ebfb447c7e37a\",\"name\":\"Filipa Rodrigues\",\"url\":\"https:\\\/\\\/latamjournalismreview.org\\\/pt-br\\\/articles\\\/author\\\/filipa-rodrigues\\\/\"}]}<\/script>\n<!-- \/ Yoast SEO Premium plugin. -->","yoast_head_json":{"title":"Coliga\u00e7\u00e3o de liberdade de express\u00e3o critica altera\u00e7\u00f5es propostas \u00e0 lei de informa\u00e7\u00e3o p\u00fablica do Uruguai - LatAm Journalism Review by the Knight Center","description":"Coliga\u00e7\u00e3o de liberdade de express\u00e3o critica altera\u00e7\u00f5es propostas \u00e0 lei de informa\u00e7\u00e3o p\u00fablica do Uruguai Acesso a informa\u00e7\u00e3o. Latin American Journalism Review by The Knight Center at The University of Texas at Austin.","robots":{"index":"index","follow":"follow","max-snippet":"max-snippet:-1","max-image-preview":"max-image-preview:large","max-video-preview":"max-video-preview:-1"},"canonical":"https:\/\/latamjournalismreview.org\/pt-br\/articles\/coligacao-de-liberdade-de-expressao-critica-alteracoes-propostas-a-lei-de-informacao-publica-do-uruguai\/","og_locale":"pt_BR","og_type":"article","og_title":"Coliga\u00e7\u00e3o de liberdade de express\u00e3o critica altera\u00e7\u00f5es propostas \u00e0 lei de informa\u00e7\u00e3o p\u00fablica do Uruguai","og_description":"Coliga\u00e7\u00e3o de liberdade de express\u00e3o critica altera\u00e7\u00f5es propostas \u00e0 lei de informa\u00e7\u00e3o p\u00fablica do Uruguai Acesso a informa\u00e7\u00e3o. Latin American Journalism Review by The Knight Center at The University of Texas at Austin.","og_url":"https:\/\/latamjournalismreview.org\/pt-br\/articles\/coligacao-de-liberdade-de-expressao-critica-alteracoes-propostas-a-lei-de-informacao-publica-do-uruguai\/","og_site_name":"LatAm Journalism Review by the Knight Center","article_published_time":"2013-09-18T03:03:12+00:00","article_modified_time":"2021-10-20T03:04:11+00:00","author":"Filipa Rodrigues","twitter_card":"summary_large_image","twitter_creator":"@LatAmJournalism","twitter_site":"@LatAmJournalism","twitter_misc":{"Written by":"Filipa Rodrigues","Est. reading time":"2 minutos"},"schema":{"@context":"https:\/\/schema.org","@graph":[{"@type":"Article","@id":"https:\/\/latamjournalismreview.org\/pt-br\/articles\/coligacao-de-liberdade-de-expressao-critica-alteracoes-propostas-a-lei-de-informacao-publica-do-uruguai\/#article","isPartOf":{"@id":"https:\/\/latamjournalismreview.org\/pt-br\/articles\/coligacao-de-liberdade-de-expressao-critica-alteracoes-propostas-a-lei-de-informacao-publica-do-uruguai\/"},"author":{"name":"Filipa Rodrigues","@id":"https:\/\/latamjournalismreview.org\/pt-br\/#\/schema\/person\/d25dfe234ee8e0fd2b5ebfb447c7e37a"},"headline":"Coliga\u00e7\u00e3o de liberdade de express\u00e3o critica altera\u00e7\u00f5es propostas \u00e0 lei de informa\u00e7\u00e3o p\u00fablica do Uruguai","datePublished":"2013-09-18T03:03:12+00:00","dateModified":"2021-10-20T03:04:11+00:00","mainEntityOfPage":{"@id":"https:\/\/latamjournalismreview.org\/pt-br\/articles\/coligacao-de-liberdade-de-expressao-critica-alteracoes-propostas-a-lei-de-informacao-publica-do-uruguai\/"},"wordCount":323,"publisher":{"@id":"https:\/\/latamjournalismreview.org\/pt-br\/#organization"},"keywords":["Acesso a informa\u00e7\u00e3o","Liberdade de express\u00e3o","Regula\u00e7\u00e3o","Uruguai"],"articleSection":["Acesso a informa\u00e7\u00e3o"],"inLanguage":"pt-BR"},{"@type":"WebPage","@id":"https:\/\/latamjournalismreview.org\/pt-br\/articles\/coligacao-de-liberdade-de-expressao-critica-alteracoes-propostas-a-lei-de-informacao-publica-do-uruguai\/","url":"https:\/\/latamjournalismreview.org\/pt-br\/articles\/coligacao-de-liberdade-de-expressao-critica-alteracoes-propostas-a-lei-de-informacao-publica-do-uruguai\/","name":"Coliga\u00e7\u00e3o de liberdade de express\u00e3o critica altera\u00e7\u00f5es propostas \u00e0 lei de informa\u00e7\u00e3o p\u00fablica do Uruguai - LatAm Journalism Review by the Knight Center","isPartOf":{"@id":"https:\/\/latamjournalismreview.org\/pt-br\/#website"},"datePublished":"2013-09-18T03:03:12+00:00","dateModified":"2021-10-20T03:04:11+00:00","description":"Coliga\u00e7\u00e3o de liberdade de express\u00e3o critica altera\u00e7\u00f5es propostas \u00e0 lei de informa\u00e7\u00e3o p\u00fablica do Uruguai Acesso a informa\u00e7\u00e3o. Latin American Journalism Review by The Knight Center at The University of Texas at Austin.","breadcrumb":{"@id":"https:\/\/latamjournalismreview.org\/pt-br\/articles\/coligacao-de-liberdade-de-expressao-critica-alteracoes-propostas-a-lei-de-informacao-publica-do-uruguai\/#breadcrumb"},"inLanguage":"pt-BR","potentialAction":[{"@type":"ReadAction","target":["https:\/\/latamjournalismreview.org\/pt-br\/articles\/coligacao-de-liberdade-de-expressao-critica-alteracoes-propostas-a-lei-de-informacao-publica-do-uruguai\/"]}]},{"@type":"BreadcrumbList","@id":"https:\/\/latamjournalismreview.org\/pt-br\/articles\/coligacao-de-liberdade-de-expressao-critica-alteracoes-propostas-a-lei-de-informacao-publica-do-uruguai\/#breadcrumb","itemListElement":[{"@type":"ListItem","position":1,"name":"Home","item":"https:\/\/latamjournalismreview.org\/pt-br\/"},{"@type":"ListItem","position":2,"name":"Coliga\u00e7\u00e3o de liberdade de express\u00e3o critica altera\u00e7\u00f5es propostas \u00e0 lei de informa\u00e7\u00e3o p\u00fablica do Uruguai"}]},{"@type":"WebSite","@id":"https:\/\/latamjournalismreview.org\/pt-br\/#website","url":"https:\/\/latamjournalismreview.org\/pt-br\/","name":"LatAm Journalism Review","description":"Digital magazine on journalism in Latin America","publisher":{"@id":"https:\/\/latamjournalismreview.org\/pt-br\/#organization"},"potentialAction":[{"@type":"SearchAction","target":{"@type":"EntryPoint","urlTemplate":"https:\/\/latamjournalismreview.org\/pt-br\/?s={search_term_string}"},"query-input":{"@type":"PropertyValueSpecification","valueRequired":true,"valueName":"search_term_string"}}],"inLanguage":"pt-BR"},{"@type":"Organization","@id":"https:\/\/latamjournalismreview.org\/pt-br\/#organization","name":"LatAm Journalism Review","url":"https:\/\/latamjournalismreview.org\/pt-br\/","logo":{"@type":"ImageObject","inLanguage":"pt-BR","@id":"https:\/\/latamjournalismreview.org\/pt-br\/#\/schema\/logo\/image\/","url":"https:\/\/latamjournalismreview.org\/wp-content\/uploads\/2020\/05\/knight-latAm-review-logo.svg","contentUrl":"https:\/\/latamjournalismreview.org\/wp-content\/uploads\/2020\/05\/knight-latAm-review-logo.svg","width":"1024","height":"1024","caption":"LatAm Journalism Review"},"image":{"@id":"https:\/\/latamjournalismreview.org\/pt-br\/#\/schema\/logo\/image\/"},"sameAs":["https:\/\/x.com\/LatAmJournalism"]},{"@type":"Person","@id":"https:\/\/latamjournalismreview.org\/pt-br\/#\/schema\/person\/d25dfe234ee8e0fd2b5ebfb447c7e37a","name":"Filipa Rodrigues","url":"https:\/\/latamjournalismreview.org\/pt-br\/articles\/author\/filipa-rodrigues\/"}]}},"_links":{"self":[{"href":"https:\/\/latamjournalismreview.org\/pt-br\/wp-json\/wp\/v2\/posts\/38404","targetHints":{"allow":["GET"]}}],"collection":[{"href":"https:\/\/latamjournalismreview.org\/pt-br\/wp-json\/wp\/v2\/posts"}],"about":[{"href":"https:\/\/latamjournalismreview.org\/pt-br\/wp-json\/wp\/v2\/types\/post"}],"author":[{"embeddable":true,"href":"https:\/\/latamjournalismreview.org\/pt-br\/wp-json\/wp\/v2\/users\/10"}],"replies":[{"embeddable":true,"href":"https:\/\/latamjournalismreview.org\/pt-br\/wp-json\/wp\/v2\/comments?post=38404"}],"version-history":[{"count":1,"href":"https:\/\/latamjournalismreview.org\/pt-br\/wp-json\/wp\/v2\/posts\/38404\/revisions"}],"predecessor-version":[{"id":38405,"href":"https:\/\/latamjournalismreview.org\/pt-br\/wp-json\/wp\/v2\/posts\/38404\/revisions\/38405"}],"wp:attachment":[{"href":"https:\/\/latamjournalismreview.org\/pt-br\/wp-json\/wp\/v2\/media?parent=38404"}],"wp:term":[{"taxonomy":"category","embeddable":true,"href":"https:\/\/latamjournalismreview.org\/pt-br\/wp-json\/wp\/v2\/categories?post=38404"},{"taxonomy":"post_tag","embeddable":true,"href":"https:\/\/latamjournalismreview.org\/pt-br\/wp-json\/wp\/v2\/tags?post=38404"},{"taxonomy":"author","embeddable":true,"href":"https:\/\/latamjournalismreview.org\/pt-br\/wp-json\/wp\/v2\/coauthors?post=38404"}],"curies":[{"name":"wp","href":"https:\/\/api.w.org\/{rel}","templated":true}]}}