{"id":38736,"date":"2013-10-22T16:38:17","date_gmt":"2013-10-22T21:38:17","guid":{"rendered":"https:\/\/latamjournalismreview.org\/?p=38736"},"modified":"2021-10-21T16:42:15","modified_gmt":"2021-10-21T21:42:15","slug":"novo-projeto-na-colombia-busca-capacitar-e-conectar-os-jornalistas-que-cobrem-zonas-de-conflito","status":"publish","type":"post","link":"https:\/\/latamjournalismreview.org\/pt-br\/articles\/novo-projeto-na-colombia-busca-capacitar-e-conectar-os-jornalistas-que-cobrem-zonas-de-conflito\/","title":{"rendered":"Novo projeto na Col\u00f4mbia busca capacitar e conectar os jornalistas que cobrem zonas de conflito"},"content":{"rendered":"<p><span style=\"font-family: arial, helvetica, sans-serif;\">Com o compromisso dos jornalistas de diferentes regi\u00f5es e fronteiras de melhorar a sua cobertura do conflito e p\u00f3s- conflito na Col\u00f4mbia, e no intuito de criar uma rede de colegas que se dedicam a cobrir estas quest\u00f5es, um grupo de diferentes organiza\u00e7\u00f5es se uniram para dar vida ao projeto digital\u00a0<a href=\"http:\/\/www.consejoderedaccion.org\/rotador-principal\/903-conoce-la-plataforma-de-periodismo\" target=\"_blank\" rel=\"noopener\">Plataforma\u00a0de Jornalismo<\/a>.\u00a0<\/span><\/p>\n<p><span style=\"font-family: arial, helvetica, sans-serif;\">O projeto \u00e9 coordenado pela associa\u00e7\u00e3o colombiana de jornalistas Conselho Editorial, CdR, e conta com o apoio de organiza\u00e7\u00f5es como a\u00a0\u00a0<a href=\"http:\/\/www.dw.de\/actualidad\/s-30684\" target=\"_blank\" rel=\"noopener\">Deutsche\u00a0Welle\u00a0Akademie<\/a>\u00a0e da\u00a0<span style=\"color: #bf3030;\"><a href=\"http:\/\/www.giz.de\/en\/\" target=\"_blank\" rel=\"noopener\">Ag\u00eancia Alem\u00e3 para a Coopera\u00e7\u00e3o Internacional, GIZ<\/a>.<\/span><\/span><\/p>\n<p>Vimos a necessidade de criar um espa\u00e7o digital para treinar, informar e refletir sobre essas quest\u00f5es\", disse Edilma Prada C\u00e9spedes, coordenador do projeto, em conversa com o\u00a0<b>Centro Knight, Jornalismo nas Am\u00e9ricas<\/b>. \"Nosso compromisso principal \u00e9 que os jornalistas de todas as regi\u00f5es, de forma respons\u00e1vel, fa\u00e7am descobertas sobre o conflito armado, iniciativas de paz, e outras din\u00e2micas que est\u00e3o vivendo na Col\u00f4mbia\".<\/p>\n<p>Desta forma, a p\u00e1gina ser\u00e1 um guia e espa\u00e7o de treinamento por meio de not\u00edcias, entrevistas com autores que aconselham sobre o processo de cobertura, ferramentas digitais e se\u00e7\u00f5es que educam em termos de vocabul\u00e1rio novo nascido em quadros de conflito e de paz.<\/p>\n<p>\"Quase 90 por cento deste conte\u00fado tem uma abordagem de treinamento de m\u00eddia. Mas tamb\u00e9m pode ser \u00fatil para acad\u00eamicos, estudantes de jornalismo ou pessoas em geral que se interessam por estas quest\u00f5es\", disse Prada.<\/p>\n<p>Paralelo a esses usu\u00e1rios, a plataforma ir\u00e1 criar uma comunidade que \u00e9 composta exclusivamente de jornalistas que cobrem estas quest\u00f5es na Col\u00f4mbia. Estes jornalistas t\u00eam materiais, treinamento especial e consultoria.<\/p>\n<p>\"No entanto, a principal raz\u00e3o nos conhecermos e trabalharmos juntos. Estabelecer canais de comunica\u00e7\u00e3o para facilitar a troca de informa\u00e7\u00f5es, por exemplo, quando um jornalista est\u00e1 em uma regi\u00e3o diferente do que geralmente cobrem. \u00c9 claro que haver\u00e1 um processo de verifica\u00e7\u00e3o de dados, porque sabemos que haver\u00e1 uma troca de informa\u00e7\u00f5es importante. \"<\/p>\n<p>Precisamente por causa do perigo que ainda envolve cobrir estas quest\u00f5es no pa\u00eds, um dos temas que ir\u00e1 ser trabalhado com a comunidade ser\u00e1 a seguran\u00e7a para os jornalistas. Atrav\u00e9s de um processamento de informa\u00e7\u00e3o mais seguro e t\u00e9cnicas de seguran\u00e7a digital e pessoal, al\u00e9m de proteger os jornalistas, vai alcan\u00e7ar o objetivo final do projeto que \u00e9 construir um conte\u00fado de qualidade sobre estes temas.<\/p>\n<p>Apesar de v\u00e1rios jornalistas colombianos passarem anos abrangendo quest\u00f5es de conflito, os criadores da plataforma viram uma falha nesta cobertura gerada pela falta de conhecimento - especialmente tendo em conta o surgimento de novas din\u00e2micas de conflito e paz - e pela falta de treinamento para gerar este conhecimento.<\/p>\n<p>\"Os jornalistas s\u00e3o usados \u200b\u200bpara cobrir a guerra, mas n\u00e3o cobrir a paz\", disse Prada. \"Estamos apresentando projetos alternativos, para o mapa de jornalismo da viol\u00eancia na Col\u00f4mbia, para come\u00e7ar uma outra din\u00e2mica no pa\u00eds em que voc\u00ea faz uma contribui\u00e7\u00e3o, sem ignorar os conflitos atuais. Porque o conflito n\u00e3o inclui s\u00f3 o ex\u00e9rcito, mas tamb\u00e9m a pobreza, a desigualdade social, a cobertura da popula\u00e7\u00e3o ind\u00edgena, entre outros. Al\u00e9m disso, se vivem din\u00e2micas diferentes em cada regi\u00e3o do pa\u00eds e os jornalistas devem estar preparados para abordar e informar dobre estas situa\u00e7\u00e3o, a maioria delas claramente derivadas do conflito armado que \u00e9 vivido na Col\u00f4mbia h\u00e1 mais de 50 anos\".<\/p>\n<p>O projeto vem sendo trabalhado desde maio deste ano, momento em que se visitaram tr\u00eas departamentos do pa\u00eds para ouvir as opini\u00f5es dos jornalistas da regi\u00e3o sobre as quest\u00f5es e as ferramentas que eles gostariam de encontrar no projeto.<\/p>\n<p>A organiza\u00e7\u00e3o espera ter seu site pronto em novembro e fazer o seu lan\u00e7amento atrav\u00e9s de quatro eventos regionais e um evento nacional. No entanto, consideramos que todo o conte\u00fado estar\u00e1 online at\u00e9 2014.<\/p>\n<p>Plataforma de Jornalismo tem tr\u00eas jornalistas na sua equipe, mas com a orienta\u00e7\u00e3o e assist\u00eancia de outras entidades , como a\u00a0<a href=\"http:\/\/flip.org.co\/\" target=\"_blank\" rel=\"noopener\">FLIP<\/a>, a Universidade\u00a0<a href=\"http:\/\/puj-portal.javeriana.edu.co\/portal\/page\/portal\/PORTAL_VERSION_2009_2010\/es_inicio\" target=\"_blank\" rel=\"noopener\"><span style=\"color: #0066b3;\">Pontificia\u00a0<\/span>Javeriana<\/a>, membros do Conselho Editorial, bem como o portal\u00a0<a href=\"http:\/\/lasillavacia.com\/\">La Silla Vac\u00eda<\/a>, entre outros.<\/p>\n<p><span style=\"font-family: arial, helvetica, sans-serif;\">\"Continuamos a buscar recursos por meio de coopera\u00e7\u00e3o nacional ou internacional, porque o nosso objetivo \u00e9 oferecer este treinamento sem remunera\u00e7\u00e3o, especialmente por jornalistas das regi\u00f5es onde os sal\u00e1rios n\u00e3o s\u00e3o muitas vezes o melhor \", concluiu Prada.<\/p>\n<p><em>Nota do editor: Essa hist\u00f3ria foi publicada originalmente no blog de jornalismo nas Am\u00e9ricas do Centro Knight, o predecessor do LatAm Journalism Review.<\/em><br \/>\n<\/span><\/p>\n","protected":false},"excerpt":{"rendered":"<p>Com o compromisso dos jornalistas de diferentes regi\u00f5es e fronteiras de melhorar a sua cobertura do conflito e p\u00f3s- conflito na Col\u00f4mbia, e no intuito de criar uma rede de colegas que se dedicam a cobrir estas quest\u00f5es, um grupo de diferentes organiza\u00e7\u00f5es se uniram para dar vida ao projeto digital\u00a0Plataforma\u00a0de Jornalismo.\u00a0<\/p>\n","protected":false},"author":13,"featured_media":0,"comment_status":"closed","ping_status":"closed","sticky":false,"template":"","format":"standard","meta":{"inline_featured_image":false,"footnotes":""},"categories":[1228],"tags":[1613,1396,1593,1609],"coauthors":[],"class_list":["post-38736","post","type-post","status-publish","format-standard","hentry","category-acesso-a-informacao-pt-br","tag-ameacas-a-jornalistas-pt-br","tag-colombia-pt-br-2","tag-jornalismo-online-pt-br","tag-seguranca-e-protecao-pt-br"],"acf":[],"yoast_head":"<!-- This site is optimized with the Yoast SEO Premium plugin v22.6 (Yoast SEO v27.4) - https:\/\/yoast.com\/product\/yoast-seo-premium-wordpress\/ -->\n<title>Novo projeto na Col\u00f4mbia busca capacitar e conectar os jornalistas que cobrem zonas de conflito - LatAm Journalism Review by the Knight Center<\/title>\n<meta name=\"description\" content=\"Novo projeto na Col\u00f4mbia busca capacitar e conectar os jornalistas que cobrem zonas de conflito Acesso a informa\u00e7\u00e3o. Latin American Journalism Review by The Knight Center at The University of Texas at Austin.\" \/>\n<meta name=\"robots\" content=\"index, follow, max-snippet:-1, max-image-preview:large, max-video-preview:-1\" \/>\n<link rel=\"canonical\" href=\"https:\/\/latamjournalismreview.org\/pt-br\/articles\/novo-projeto-na-colombia-busca-capacitar-e-conectar-os-jornalistas-que-cobrem-zonas-de-conflito\/\" \/>\n<meta property=\"og:locale\" content=\"pt_BR\" \/>\n<meta property=\"og:type\" content=\"article\" \/>\n<meta property=\"og:title\" content=\"Novo projeto na Col\u00f4mbia busca capacitar e conectar os jornalistas que cobrem zonas de conflito\" \/>\n<meta property=\"og:description\" content=\"Novo projeto na Col\u00f4mbia busca capacitar e conectar os jornalistas que cobrem zonas de conflito Acesso a informa\u00e7\u00e3o. Latin American Journalism Review by The Knight Center at The University of Texas at Austin.\" \/>\n<meta property=\"og:url\" content=\"https:\/\/latamjournalismreview.org\/pt-br\/articles\/novo-projeto-na-colombia-busca-capacitar-e-conectar-os-jornalistas-que-cobrem-zonas-de-conflito\/\" \/>\n<meta property=\"og:site_name\" content=\"LatAm Journalism Review by the Knight Center\" \/>\n<meta property=\"article:published_time\" content=\"2013-10-22T21:38:17+00:00\" \/>\n<meta property=\"article:modified_time\" content=\"2021-10-21T21:42:15+00:00\" \/>\n<meta name=\"author\" content=\"Silvia Higuera\" \/>\n<meta name=\"twitter:card\" content=\"summary_large_image\" \/>\n<meta name=\"twitter:creator\" content=\"@shiguerita\" \/>\n<meta name=\"twitter:site\" content=\"@LatAmJournalism\" \/>\n<meta name=\"twitter:label1\" content=\"Written by\" \/>\n\t<meta name=\"twitter:data1\" content=\"Silvia Higuera\" \/>\n\t<meta name=\"twitter:label2\" content=\"Est. reading time\" \/>\n\t<meta name=\"twitter:data2\" content=\"4 minutos\" \/>\n<script type=\"application\/ld+json\" class=\"yoast-schema-graph\">{\"@context\":\"https:\\\/\\\/schema.org\",\"@graph\":[{\"@type\":\"Article\",\"@id\":\"https:\\\/\\\/latamjournalismreview.org\\\/pt-br\\\/articles\\\/novo-projeto-na-colombia-busca-capacitar-e-conectar-os-jornalistas-que-cobrem-zonas-de-conflito\\\/#article\",\"isPartOf\":{\"@id\":\"https:\\\/\\\/latamjournalismreview.org\\\/pt-br\\\/articles\\\/novo-projeto-na-colombia-busca-capacitar-e-conectar-os-jornalistas-que-cobrem-zonas-de-conflito\\\/\"},\"author\":{\"name\":\"Silvia Higuera\",\"@id\":\"https:\\\/\\\/latamjournalismreview.org\\\/pt-br\\\/#\\\/schema\\\/person\\\/eac7baa6afada0957e047be9fc15703a\"},\"headline\":\"Novo projeto na Col\u00f4mbia busca capacitar e conectar os jornalistas que cobrem zonas de conflito\",\"datePublished\":\"2013-10-22T21:38:17+00:00\",\"dateModified\":\"2021-10-21T21:42:15+00:00\",\"mainEntityOfPage\":{\"@id\":\"https:\\\/\\\/latamjournalismreview.org\\\/pt-br\\\/articles\\\/novo-projeto-na-colombia-busca-capacitar-e-conectar-os-jornalistas-que-cobrem-zonas-de-conflito\\\/\"},\"wordCount\":806,\"publisher\":{\"@id\":\"https:\\\/\\\/latamjournalismreview.org\\\/pt-br\\\/#organization\"},\"keywords\":[\"Amea\u00e7as a jornalistas\",\"Col\u00f4mbia\",\"Jornalismo online\",\"Seguran\u00e7a e prote\u00e7\u00e3o\"],\"articleSection\":[\"Acesso a informa\u00e7\u00e3o\"],\"inLanguage\":\"pt-BR\"},{\"@type\":\"WebPage\",\"@id\":\"https:\\\/\\\/latamjournalismreview.org\\\/pt-br\\\/articles\\\/novo-projeto-na-colombia-busca-capacitar-e-conectar-os-jornalistas-que-cobrem-zonas-de-conflito\\\/\",\"url\":\"https:\\\/\\\/latamjournalismreview.org\\\/pt-br\\\/articles\\\/novo-projeto-na-colombia-busca-capacitar-e-conectar-os-jornalistas-que-cobrem-zonas-de-conflito\\\/\",\"name\":\"Novo projeto na Col\u00f4mbia busca capacitar e conectar os jornalistas que cobrem zonas de conflito - LatAm Journalism Review by the Knight Center\",\"isPartOf\":{\"@id\":\"https:\\\/\\\/latamjournalismreview.org\\\/pt-br\\\/#website\"},\"datePublished\":\"2013-10-22T21:38:17+00:00\",\"dateModified\":\"2021-10-21T21:42:15+00:00\",\"description\":\"Novo projeto na Col\u00f4mbia busca capacitar e conectar os jornalistas que cobrem zonas de conflito Acesso a informa\u00e7\u00e3o. Latin American Journalism Review by The Knight Center at The University of Texas at Austin.\",\"breadcrumb\":{\"@id\":\"https:\\\/\\\/latamjournalismreview.org\\\/pt-br\\\/articles\\\/novo-projeto-na-colombia-busca-capacitar-e-conectar-os-jornalistas-que-cobrem-zonas-de-conflito\\\/#breadcrumb\"},\"inLanguage\":\"pt-BR\",\"potentialAction\":[{\"@type\":\"ReadAction\",\"target\":[\"https:\\\/\\\/latamjournalismreview.org\\\/pt-br\\\/articles\\\/novo-projeto-na-colombia-busca-capacitar-e-conectar-os-jornalistas-que-cobrem-zonas-de-conflito\\\/\"]}]},{\"@type\":\"BreadcrumbList\",\"@id\":\"https:\\\/\\\/latamjournalismreview.org\\\/pt-br\\\/articles\\\/novo-projeto-na-colombia-busca-capacitar-e-conectar-os-jornalistas-que-cobrem-zonas-de-conflito\\\/#breadcrumb\",\"itemListElement\":[{\"@type\":\"ListItem\",\"position\":1,\"name\":\"Home\",\"item\":\"https:\\\/\\\/latamjournalismreview.org\\\/pt-br\\\/\"},{\"@type\":\"ListItem\",\"position\":2,\"name\":\"Novo projeto na Col\u00f4mbia busca capacitar e conectar os jornalistas que cobrem zonas de conflito\"}]},{\"@type\":\"WebSite\",\"@id\":\"https:\\\/\\\/latamjournalismreview.org\\\/pt-br\\\/#website\",\"url\":\"https:\\\/\\\/latamjournalismreview.org\\\/pt-br\\\/\",\"name\":\"LatAm Journalism Review\",\"description\":\"Digital magazine on journalism in Latin America\",\"publisher\":{\"@id\":\"https:\\\/\\\/latamjournalismreview.org\\\/pt-br\\\/#organization\"},\"potentialAction\":[{\"@type\":\"SearchAction\",\"target\":{\"@type\":\"EntryPoint\",\"urlTemplate\":\"https:\\\/\\\/latamjournalismreview.org\\\/pt-br\\\/?s={search_term_string}\"},\"query-input\":{\"@type\":\"PropertyValueSpecification\",\"valueRequired\":true,\"valueName\":\"search_term_string\"}}],\"inLanguage\":\"pt-BR\"},{\"@type\":\"Organization\",\"@id\":\"https:\\\/\\\/latamjournalismreview.org\\\/pt-br\\\/#organization\",\"name\":\"LatAm Journalism Review\",\"url\":\"https:\\\/\\\/latamjournalismreview.org\\\/pt-br\\\/\",\"logo\":{\"@type\":\"ImageObject\",\"inLanguage\":\"pt-BR\",\"@id\":\"https:\\\/\\\/latamjournalismreview.org\\\/pt-br\\\/#\\\/schema\\\/logo\\\/image\\\/\",\"url\":\"https:\\\/\\\/latamjournalismreview.org\\\/wp-content\\\/uploads\\\/2020\\\/05\\\/knight-latAm-review-logo.svg\",\"contentUrl\":\"https:\\\/\\\/latamjournalismreview.org\\\/wp-content\\\/uploads\\\/2020\\\/05\\\/knight-latAm-review-logo.svg\",\"width\":\"1024\",\"height\":\"1024\",\"caption\":\"LatAm Journalism Review\"},\"image\":{\"@id\":\"https:\\\/\\\/latamjournalismreview.org\\\/pt-br\\\/#\\\/schema\\\/logo\\\/image\\\/\"},\"sameAs\":[\"https:\\\/\\\/x.com\\\/LatAmJournalism\"]},{\"@type\":\"Person\",\"@id\":\"https:\\\/\\\/latamjournalismreview.org\\\/pt-br\\\/#\\\/schema\\\/person\\\/eac7baa6afada0957e047be9fc15703a\",\"name\":\"Silvia Higuera\",\"description\":\"Silvia A. Higuera Fl\u00f3rez is a Colombian journalist interested in covering Latin American issues and human rights, especially the right to freedom of expression, and investigative journalism. She studied Social Communication and Journalism at Universidad Pontificia Bolivariana in Bucaramanga (Colombia), and received her Master's of Arts in Journalism from the University of Texas at Austin in 2015. She worked with the Office of the Special Rapporteur for Freedom of Expression of the Inter-American Commission on Human Rights (IACHR) under the Orlando Sierra fellowship during 2014. She also worked for the Colombian newspaper Vanguardia Liberal and wrote for different magazines about local, economic and public order issues. Her work has also appeared in The Miami Herald and El Nuevo Herald of Miami. Email: silvia.knightcenter@gmail.com Silvia A. Higuera Fl\u00f3rez es una periodista colombiana con inter\u00e9s period\u00edstico es Am\u00e9rica Latina y los derechos humanos, particularmente el derecho a la libertad de expresi\u00f3n, as\u00ed como el periodismo de investigaci\u00f3n. Estudi\u00f3 Comunicaci\u00f3n Social \u2013 Periodismo en la Universidad Pontificia Bolivariana de Bucaramanga (Colombia), y recibi\u00f3 su maestr\u00eda en Periodismo en la Universidad de Texas, en Austin en 2015. Trabaj\u00f3 para la Relator\u00eda Especial para la Libertad de Expresi\u00f3n de la Comisi\u00f3n Interamericana de Derechos Humanos (CIDH) en el marco de la beca Orlando Sierra, durante 2014. Tambi\u00e9n hizo parte del diario Vanguardia Liberal y escribi\u00f3 para otras revistas colombianas cubriendo fuentes locales, econ\u00f3micas y judiciales. Algunos de sus trabajos han aparecido en The Miami Herald y El Nuevo Herald de Miami. Silvia A. Higuera Fl\u00f3rez \u00e9 uma jornalista colombiana e seu interesse jornal\u00edstico \u00e9 a Am\u00e9rica Latina e os direitos humanos, nomeadamente o direito \u00e0 liberdade de express\u00e3o. Estudou Comunica\u00e7\u00e3o Social \u2013 Jornalismo na Universidade Pontif\u00edcia Bolivariana de Bucaramanga, na Col\u00f4mbia e completou seu mestrado em jornalismo na Universidade do Texas em Austin. Silvia trabalhou na Relatoria para a Liberdade de Express\u00e3o da CIDH pela bolsa Orlando Sierra, em 2014. Trabalhou para o jornal Vanguardia Liberal e escreveu para outras revistas colombianas cobrindo temas locais, econ\u00f4micas e judici\u00e1rias. Alguns de seus trabalhos apareceram no The Miami Herald e no El Nuevo Herald de Miami.\",\"sameAs\":[\"https:\\\/\\\/x.com\\\/shiguerita\"],\"url\":\"https:\\\/\\\/latamjournalismreview.org\\\/pt-br\\\/articles\\\/author\\\/silvia-higuera\\\/\"}]}<\/script>\n<!-- \/ Yoast SEO Premium plugin. -->","yoast_head_json":{"title":"Novo projeto na Col\u00f4mbia busca capacitar e conectar os jornalistas que cobrem zonas de conflito - LatAm Journalism Review by the Knight Center","description":"Novo projeto na Col\u00f4mbia busca capacitar e conectar os jornalistas que cobrem zonas de conflito Acesso a informa\u00e7\u00e3o. Latin American Journalism Review by The Knight Center at The University of Texas at Austin.","robots":{"index":"index","follow":"follow","max-snippet":"max-snippet:-1","max-image-preview":"max-image-preview:large","max-video-preview":"max-video-preview:-1"},"canonical":"https:\/\/latamjournalismreview.org\/pt-br\/articles\/novo-projeto-na-colombia-busca-capacitar-e-conectar-os-jornalistas-que-cobrem-zonas-de-conflito\/","og_locale":"pt_BR","og_type":"article","og_title":"Novo projeto na Col\u00f4mbia busca capacitar e conectar os jornalistas que cobrem zonas de conflito","og_description":"Novo projeto na Col\u00f4mbia busca capacitar e conectar os jornalistas que cobrem zonas de conflito Acesso a informa\u00e7\u00e3o. Latin American Journalism Review by The Knight Center at The University of Texas at Austin.","og_url":"https:\/\/latamjournalismreview.org\/pt-br\/articles\/novo-projeto-na-colombia-busca-capacitar-e-conectar-os-jornalistas-que-cobrem-zonas-de-conflito\/","og_site_name":"LatAm Journalism Review by the Knight Center","article_published_time":"2013-10-22T21:38:17+00:00","article_modified_time":"2021-10-21T21:42:15+00:00","author":"Silvia Higuera","twitter_card":"summary_large_image","twitter_creator":"@shiguerita","twitter_site":"@LatAmJournalism","twitter_misc":{"Written by":"Silvia Higuera","Est. reading time":"4 minutos"},"schema":{"@context":"https:\/\/schema.org","@graph":[{"@type":"Article","@id":"https:\/\/latamjournalismreview.org\/pt-br\/articles\/novo-projeto-na-colombia-busca-capacitar-e-conectar-os-jornalistas-que-cobrem-zonas-de-conflito\/#article","isPartOf":{"@id":"https:\/\/latamjournalismreview.org\/pt-br\/articles\/novo-projeto-na-colombia-busca-capacitar-e-conectar-os-jornalistas-que-cobrem-zonas-de-conflito\/"},"author":{"name":"Silvia Higuera","@id":"https:\/\/latamjournalismreview.org\/pt-br\/#\/schema\/person\/eac7baa6afada0957e047be9fc15703a"},"headline":"Novo projeto na Col\u00f4mbia busca capacitar e conectar os jornalistas que cobrem zonas de conflito","datePublished":"2013-10-22T21:38:17+00:00","dateModified":"2021-10-21T21:42:15+00:00","mainEntityOfPage":{"@id":"https:\/\/latamjournalismreview.org\/pt-br\/articles\/novo-projeto-na-colombia-busca-capacitar-e-conectar-os-jornalistas-que-cobrem-zonas-de-conflito\/"},"wordCount":806,"publisher":{"@id":"https:\/\/latamjournalismreview.org\/pt-br\/#organization"},"keywords":["Amea\u00e7as a jornalistas","Col\u00f4mbia","Jornalismo online","Seguran\u00e7a e prote\u00e7\u00e3o"],"articleSection":["Acesso a informa\u00e7\u00e3o"],"inLanguage":"pt-BR"},{"@type":"WebPage","@id":"https:\/\/latamjournalismreview.org\/pt-br\/articles\/novo-projeto-na-colombia-busca-capacitar-e-conectar-os-jornalistas-que-cobrem-zonas-de-conflito\/","url":"https:\/\/latamjournalismreview.org\/pt-br\/articles\/novo-projeto-na-colombia-busca-capacitar-e-conectar-os-jornalistas-que-cobrem-zonas-de-conflito\/","name":"Novo projeto na Col\u00f4mbia busca capacitar e conectar os jornalistas que cobrem zonas de conflito - LatAm Journalism Review by the Knight Center","isPartOf":{"@id":"https:\/\/latamjournalismreview.org\/pt-br\/#website"},"datePublished":"2013-10-22T21:38:17+00:00","dateModified":"2021-10-21T21:42:15+00:00","description":"Novo projeto na Col\u00f4mbia busca capacitar e conectar os jornalistas que cobrem zonas de conflito Acesso a informa\u00e7\u00e3o. Latin American Journalism Review by The Knight Center at The University of Texas at Austin.","breadcrumb":{"@id":"https:\/\/latamjournalismreview.org\/pt-br\/articles\/novo-projeto-na-colombia-busca-capacitar-e-conectar-os-jornalistas-que-cobrem-zonas-de-conflito\/#breadcrumb"},"inLanguage":"pt-BR","potentialAction":[{"@type":"ReadAction","target":["https:\/\/latamjournalismreview.org\/pt-br\/articles\/novo-projeto-na-colombia-busca-capacitar-e-conectar-os-jornalistas-que-cobrem-zonas-de-conflito\/"]}]},{"@type":"BreadcrumbList","@id":"https:\/\/latamjournalismreview.org\/pt-br\/articles\/novo-projeto-na-colombia-busca-capacitar-e-conectar-os-jornalistas-que-cobrem-zonas-de-conflito\/#breadcrumb","itemListElement":[{"@type":"ListItem","position":1,"name":"Home","item":"https:\/\/latamjournalismreview.org\/pt-br\/"},{"@type":"ListItem","position":2,"name":"Novo projeto na Col\u00f4mbia busca capacitar e conectar os jornalistas que cobrem zonas de conflito"}]},{"@type":"WebSite","@id":"https:\/\/latamjournalismreview.org\/pt-br\/#website","url":"https:\/\/latamjournalismreview.org\/pt-br\/","name":"LatAm Journalism Review","description":"Digital magazine on journalism in Latin America","publisher":{"@id":"https:\/\/latamjournalismreview.org\/pt-br\/#organization"},"potentialAction":[{"@type":"SearchAction","target":{"@type":"EntryPoint","urlTemplate":"https:\/\/latamjournalismreview.org\/pt-br\/?s={search_term_string}"},"query-input":{"@type":"PropertyValueSpecification","valueRequired":true,"valueName":"search_term_string"}}],"inLanguage":"pt-BR"},{"@type":"Organization","@id":"https:\/\/latamjournalismreview.org\/pt-br\/#organization","name":"LatAm Journalism Review","url":"https:\/\/latamjournalismreview.org\/pt-br\/","logo":{"@type":"ImageObject","inLanguage":"pt-BR","@id":"https:\/\/latamjournalismreview.org\/pt-br\/#\/schema\/logo\/image\/","url":"https:\/\/latamjournalismreview.org\/wp-content\/uploads\/2020\/05\/knight-latAm-review-logo.svg","contentUrl":"https:\/\/latamjournalismreview.org\/wp-content\/uploads\/2020\/05\/knight-latAm-review-logo.svg","width":"1024","height":"1024","caption":"LatAm Journalism Review"},"image":{"@id":"https:\/\/latamjournalismreview.org\/pt-br\/#\/schema\/logo\/image\/"},"sameAs":["https:\/\/x.com\/LatAmJournalism"]},{"@type":"Person","@id":"https:\/\/latamjournalismreview.org\/pt-br\/#\/schema\/person\/eac7baa6afada0957e047be9fc15703a","name":"Silvia Higuera","description":"Silvia A. Higuera Fl\u00f3rez is a Colombian journalist interested in covering Latin American issues and human rights, especially the right to freedom of expression, and investigative journalism. She studied Social Communication and Journalism at Universidad Pontificia Bolivariana in Bucaramanga (Colombia), and received her Master's of Arts in Journalism from the University of Texas at Austin in 2015. She worked with the Office of the Special Rapporteur for Freedom of Expression of the Inter-American Commission on Human Rights (IACHR) under the Orlando Sierra fellowship during 2014. She also worked for the Colombian newspaper Vanguardia Liberal and wrote for different magazines about local, economic and public order issues. Her work has also appeared in The Miami Herald and El Nuevo Herald of Miami. Email: silvia.knightcenter@gmail.com Silvia A. Higuera Fl\u00f3rez es una periodista colombiana con inter\u00e9s period\u00edstico es Am\u00e9rica Latina y los derechos humanos, particularmente el derecho a la libertad de expresi\u00f3n, as\u00ed como el periodismo de investigaci\u00f3n. Estudi\u00f3 Comunicaci\u00f3n Social \u2013 Periodismo en la Universidad Pontificia Bolivariana de Bucaramanga (Colombia), y recibi\u00f3 su maestr\u00eda en Periodismo en la Universidad de Texas, en Austin en 2015. Trabaj\u00f3 para la Relator\u00eda Especial para la Libertad de Expresi\u00f3n de la Comisi\u00f3n Interamericana de Derechos Humanos (CIDH) en el marco de la beca Orlando Sierra, durante 2014. Tambi\u00e9n hizo parte del diario Vanguardia Liberal y escribi\u00f3 para otras revistas colombianas cubriendo fuentes locales, econ\u00f3micas y judiciales. Algunos de sus trabajos han aparecido en The Miami Herald y El Nuevo Herald de Miami. Silvia A. Higuera Fl\u00f3rez \u00e9 uma jornalista colombiana e seu interesse jornal\u00edstico \u00e9 a Am\u00e9rica Latina e os direitos humanos, nomeadamente o direito \u00e0 liberdade de express\u00e3o. Estudou Comunica\u00e7\u00e3o Social \u2013 Jornalismo na Universidade Pontif\u00edcia Bolivariana de Bucaramanga, na Col\u00f4mbia e completou seu mestrado em jornalismo na Universidade do Texas em Austin. Silvia trabalhou na Relatoria para a Liberdade de Express\u00e3o da CIDH pela bolsa Orlando Sierra, em 2014. Trabalhou para o jornal Vanguardia Liberal e escreveu para outras revistas colombianas cobrindo temas locais, econ\u00f4micas e judici\u00e1rias. Alguns de seus trabalhos apareceram no The Miami Herald e no El Nuevo Herald de Miami.","sameAs":["https:\/\/x.com\/shiguerita"],"url":"https:\/\/latamjournalismreview.org\/pt-br\/articles\/author\/silvia-higuera\/"}]}},"_links":{"self":[{"href":"https:\/\/latamjournalismreview.org\/pt-br\/wp-json\/wp\/v2\/posts\/38736","targetHints":{"allow":["GET"]}}],"collection":[{"href":"https:\/\/latamjournalismreview.org\/pt-br\/wp-json\/wp\/v2\/posts"}],"about":[{"href":"https:\/\/latamjournalismreview.org\/pt-br\/wp-json\/wp\/v2\/types\/post"}],"author":[{"embeddable":true,"href":"https:\/\/latamjournalismreview.org\/pt-br\/wp-json\/wp\/v2\/users\/13"}],"replies":[{"embeddable":true,"href":"https:\/\/latamjournalismreview.org\/pt-br\/wp-json\/wp\/v2\/comments?post=38736"}],"version-history":[{"count":1,"href":"https:\/\/latamjournalismreview.org\/pt-br\/wp-json\/wp\/v2\/posts\/38736\/revisions"}],"predecessor-version":[{"id":38739,"href":"https:\/\/latamjournalismreview.org\/pt-br\/wp-json\/wp\/v2\/posts\/38736\/revisions\/38739"}],"wp:attachment":[{"href":"https:\/\/latamjournalismreview.org\/pt-br\/wp-json\/wp\/v2\/media?parent=38736"}],"wp:term":[{"taxonomy":"category","embeddable":true,"href":"https:\/\/latamjournalismreview.org\/pt-br\/wp-json\/wp\/v2\/categories?post=38736"},{"taxonomy":"post_tag","embeddable":true,"href":"https:\/\/latamjournalismreview.org\/pt-br\/wp-json\/wp\/v2\/tags?post=38736"},{"taxonomy":"author","embeddable":true,"href":"https:\/\/latamjournalismreview.org\/pt-br\/wp-json\/wp\/v2\/coauthors?post=38736"}],"curies":[{"name":"wp","href":"https:\/\/api.w.org\/{rel}","templated":true}]}}