{"id":39194,"date":"2013-11-28T22:24:19","date_gmt":"2013-11-29T03:24:19","guid":{"rendered":"https:\/\/latamjournalismreview.org\/?p=39194"},"modified":"2021-10-25T18:43:25","modified_gmt":"2021-10-25T23:43:25","slug":"decisao-da-corte-interamericana-em-caso-de-difamacao-na-argentina-e-retrocesso-para-a-liberdade-de-expressao-afirma-cpj","status":"publish","type":"post","link":"https:\/\/latamjournalismreview.org\/pt-br\/articles\/decisao-da-corte-interamericana-em-caso-de-difamacao-na-argentina-e-retrocesso-para-a-liberdade-de-expressao-afirma-cpj\/","title":{"rendered":"Decis\u00e3o da Corte Interamericana em caso de difama\u00e7\u00e3o na Argentina \u00e9 retrocesso para a liberdade de express\u00e3o, afirma CPJ"},"content":{"rendered":"<p><em>Por Larissa Manescu<\/em><\/p>\n<p>A Corte Interamericana\u00a0de Direitos Humanos, entidade judici\u00e1ria aut\u00f4noma da Organiza\u00e7\u00e3o de Estados Americanos, <a href=\"http:\/\/www.cpj.org\/blog\/2013\/11\/inter-american-court-ruling-seen-as-a-serious-setb.php\" target=\"_blank\" rel=\"noopener\">decidiu pela primeira vez que uma condena\u00e7\u00e3o penal por difama\u00e7\u00e3o n\u00e3o afeta a liberdade de express\u00e3o<\/a>, em um julgamento sem precedentes que o Comit\u00ea para a Prote\u00e7\u00e3o dos Jornalistas (CPJ) qualificou como um s\u00e9rio retrocesso para a regi\u00e3o.<\/p>\n<p>O caso da controversa decis\u00e3o teve origem em 1990, quando Carlos e Pablo\u00a0M\u00e9moli, diretores do pequeno di\u00e1rio <a href=\"http:\/\/www.la-libertad.com.ar\/\" target=\"_blank\" rel=\"noopener\">La Libertad<\/a>, denunciaram irregularidades na venda de jazigos p\u00fablicos no cemit\u00e9rio da cidade por parte de uma sociedade mutu\u00e1ria.<\/p>\n<p>A mutu\u00e1ria denunciou penalmente Carlos e Pablo\u00a0M\u00e9moli por difama\u00e7\u00e3o, que foram considerados culpados e receberam em 1994 penas de pris\u00e3o suspensas por cinco e um m\u00eas, respectivamente.<\/p>\n<p>Pai e filho levaram o caso \u00e0 Corte Interamericana ap\u00f3s esgotar todas as inst\u00e2ncias judiciais de seu pa\u00eds. Contudo, duas semanas atr\u00e1s,\u00a0em um julgamento dividido por 4 a 3, a Corte decidiu que a senten\u00e7a dos M\u00e9moli\u00a0n\u00e3o havia violado a liberdade de express\u00e3o. Al\u00e9m disso, decidiu que de agora em diante as opini\u00f5es podem estar\u00a0sujeitas a san\u00e7\u00f5es ulteriores e que as irregularidades no uso de bens p\u00fablicos - jazigos de um cemit\u00e9rio p\u00fablico, no caso dos M\u00e9moli - n\u00e3o representam um tema de interesse p\u00fablico.<\/p>\n<p>CPJ lamentou a decis\u00e3o, argumentando que anteriormente \"a mesma Corte <a href=\"http:\/\/www.cpj.org\/news\/2008\/americas\/Argentina_sentencia_Kimel.pdf\" target=\"_blank\" rel=\"noopener\">havia estabelecido<\/a>\u00a0que as leis de difama\u00e7\u00e3o argentinas utilizadas para condenar os diretores eram incompat\u00edveis com a Conven\u00e7\u00e3o Americana sobre Direitos Humanos\".<\/p>\n<p>A pol\u00eamica desta decis\u00e3o \u00e9 que a Corte emitiu um julgamento distinto em 2008, quando anulou a condena\u00e7\u00e3o penal por difama\u00e7\u00e3o que\u00a0o jornalista argentino Eduardo Kimel recebeu em 1999. O caso de\u00a0Kimel\u00a0come\u00e7ou a partir da publica\u00e7\u00e3o de seu livro <em>Masacre en San Patricio<\/em>, no qual questionou a investiga\u00e7\u00e3o da morte de cinco sacerdotes em 1976, durante a ditadura militar.<\/p>\n<p>Jos\u00e9 Miguel Vivanco, diretor-executivo da divis\u00e3o para as Am\u00e9ricas\u00a0de Human Rights Watch,\u00a0<a href=\"http:\/\/www.lanacion.com.ar\/1637121-un-caso-argentino-fiel-reflejo-de-las-limitaciones-a-la-prensa-en-la-region\" target=\"_blank\" rel=\"noopener\">tamb\u00e9m condenou o julgamento<\/a>\u00a0da Corte contra os\u00a0M\u00e9moli\u00a0em um artigo de opini\u00e3o publicado no La Naci\u00f3n.<\/p>\n<p>\"Em uma\u00a0regi\u00e3o onde a debilidade institucional \u00e9 a norma, este grav\u00edssimo retrocesso n\u00e3o s\u00f3 vulnera direitos e liberdades fundamentais, como tamb\u00e9m dificulta a luta contra a corrup\u00e7\u00e3o\", sustentou Vivanco.<\/p>\n<p>Apesar da decis\u00e3o da Corte,\u00a0CPJ disse n\u00e3o acreditar que o julgamento seja um precedente capaz de afetar as decis\u00f5es de outros casos das\u00a0Am\u00e9ricas\u00a0relacionados a\u00a0questionamentos\u00a0a funcion\u00e1rios p\u00fablicos.<\/p>\n<p><em>Nota do editor: Essa hist\u00f3ria foi publicada originalmente no blog Jornalismo nas Am\u00e9ricas do Centro Knight, o predecessor do LatAm Journalism Review.<\/em><\/p>\n","protected":false},"excerpt":{"rendered":"<p>A Corte Interamericana\u00a0de Direitos Humanos, entidade judici\u00e1ria aut\u00f4noma da Organiza\u00e7\u00e3o de Estados Americanos, decidiu pela primeira vez que uma condena\u00e7\u00e3o penal por difama\u00e7\u00e3o n\u00e3o afeta a liberdade de express\u00e3o, em um julgamento sem precedentes<\/p>\n","protected":false},"author":22,"featured_media":0,"comment_status":"closed","ping_status":"closed","sticky":false,"template":"","format":"standard","meta":{"inline_featured_image":false,"footnotes":""},"categories":[1219],"tags":[1425,1379,2051,1547],"coauthors":[],"class_list":["post-39194","post","type-post","status-publish","format-standard","hentry","category-liberdade-de-imprensa-pt-br","tag-argentina-pt-br","tag-casos-judiciais-pt-br","tag-liberdade-de-expressao-pt-br","tag-regulacao-pt-br"],"acf":[],"yoast_head":"<!-- This site is optimized with the Yoast SEO Premium plugin v22.6 (Yoast SEO v27.4) - https:\/\/yoast.com\/product\/yoast-seo-premium-wordpress\/ -->\n<title>Decis\u00e3o da Corte Interamericana em caso de difama\u00e7\u00e3o na Argentina \u00e9 retrocesso para a liberdade de express\u00e3o, afirma CPJ - LatAm Journalism Review by the Knight Center<\/title>\n<meta name=\"description\" content=\"Decis\u00e3o da Corte Interamericana em caso de difama\u00e7\u00e3o na Argentina \u00e9 retrocesso para a liberdade de express\u00e3o, afirma CPJ Liberdade de imprensa. Latin American Journalism Review by The Knight Center at The University of Texas at Austin.\" \/>\n<meta name=\"robots\" content=\"index, follow, max-snippet:-1, max-image-preview:large, max-video-preview:-1\" \/>\n<link rel=\"canonical\" href=\"https:\/\/latamjournalismreview.org\/pt-br\/articles\/decisao-da-corte-interamericana-em-caso-de-difamacao-na-argentina-e-retrocesso-para-a-liberdade-de-expressao-afirma-cpj\/\" \/>\n<meta property=\"og:locale\" content=\"pt_BR\" \/>\n<meta property=\"og:type\" content=\"article\" \/>\n<meta property=\"og:title\" content=\"Decis\u00e3o da Corte Interamericana em caso de difama\u00e7\u00e3o na Argentina \u00e9 retrocesso para a liberdade de express\u00e3o, afirma CPJ\" \/>\n<meta property=\"og:description\" content=\"Decis\u00e3o da Corte Interamericana em caso de difama\u00e7\u00e3o na Argentina \u00e9 retrocesso para a liberdade de express\u00e3o, afirma CPJ Liberdade de imprensa. Latin American Journalism Review by The Knight Center at The University of Texas at Austin.\" \/>\n<meta property=\"og:url\" content=\"https:\/\/latamjournalismreview.org\/pt-br\/articles\/decisao-da-corte-interamericana-em-caso-de-difamacao-na-argentina-e-retrocesso-para-a-liberdade-de-expressao-afirma-cpj\/\" \/>\n<meta property=\"og:site_name\" content=\"LatAm Journalism Review by the Knight Center\" \/>\n<meta property=\"article:published_time\" content=\"2013-11-29T03:24:19+00:00\" \/>\n<meta property=\"article:modified_time\" content=\"2021-10-25T23:43:25+00:00\" \/>\n<meta name=\"author\" content=\"Knight Center\" \/>\n<meta name=\"twitter:card\" content=\"summary_large_image\" \/>\n<meta name=\"twitter:creator\" content=\"@LatAmJournalism\" \/>\n<meta name=\"twitter:site\" content=\"@LatAmJournalism\" \/>\n<meta name=\"twitter:label1\" content=\"Written by\" \/>\n\t<meta name=\"twitter:data1\" content=\"Knight Center\" \/>\n\t<meta name=\"twitter:label2\" content=\"Est. reading time\" \/>\n\t<meta name=\"twitter:data2\" content=\"2 minutos\" \/>\n<script type=\"application\/ld+json\" class=\"yoast-schema-graph\">{\"@context\":\"https:\\\/\\\/schema.org\",\"@graph\":[{\"@type\":\"Article\",\"@id\":\"https:\\\/\\\/latamjournalismreview.org\\\/pt-br\\\/articles\\\/decisao-da-corte-interamericana-em-caso-de-difamacao-na-argentina-e-retrocesso-para-a-liberdade-de-expressao-afirma-cpj\\\/#article\",\"isPartOf\":{\"@id\":\"https:\\\/\\\/latamjournalismreview.org\\\/pt-br\\\/articles\\\/decisao-da-corte-interamericana-em-caso-de-difamacao-na-argentina-e-retrocesso-para-a-liberdade-de-expressao-afirma-cpj\\\/\"},\"author\":{\"name\":\"Knight Center\",\"@id\":\"https:\\\/\\\/latamjournalismreview.org\\\/pt-br\\\/#\\\/schema\\\/person\\\/6c325fd0fef0cd167424c683e6577e19\"},\"headline\":\"Decis\u00e3o da Corte Interamericana em caso de difama\u00e7\u00e3o na Argentina \u00e9 retrocesso para a liberdade de express\u00e3o, afirma CPJ\",\"datePublished\":\"2013-11-29T03:24:19+00:00\",\"dateModified\":\"2021-10-25T23:43:25+00:00\",\"mainEntityOfPage\":{\"@id\":\"https:\\\/\\\/latamjournalismreview.org\\\/pt-br\\\/articles\\\/decisao-da-corte-interamericana-em-caso-de-difamacao-na-argentina-e-retrocesso-para-a-liberdade-de-expressao-afirma-cpj\\\/\"},\"wordCount\":495,\"publisher\":{\"@id\":\"https:\\\/\\\/latamjournalismreview.org\\\/pt-br\\\/#organization\"},\"keywords\":[\"Argentina\",\"Casos judiciais\",\"Liberdade de express\u00e3o\",\"Regula\u00e7\u00e3o\"],\"articleSection\":[\"Liberdade de imprensa\"],\"inLanguage\":\"pt-BR\"},{\"@type\":\"WebPage\",\"@id\":\"https:\\\/\\\/latamjournalismreview.org\\\/pt-br\\\/articles\\\/decisao-da-corte-interamericana-em-caso-de-difamacao-na-argentina-e-retrocesso-para-a-liberdade-de-expressao-afirma-cpj\\\/\",\"url\":\"https:\\\/\\\/latamjournalismreview.org\\\/pt-br\\\/articles\\\/decisao-da-corte-interamericana-em-caso-de-difamacao-na-argentina-e-retrocesso-para-a-liberdade-de-expressao-afirma-cpj\\\/\",\"name\":\"Decis\u00e3o da Corte Interamericana em caso de difama\u00e7\u00e3o na Argentina \u00e9 retrocesso para a liberdade de express\u00e3o, afirma CPJ - LatAm Journalism Review by the Knight Center\",\"isPartOf\":{\"@id\":\"https:\\\/\\\/latamjournalismreview.org\\\/pt-br\\\/#website\"},\"datePublished\":\"2013-11-29T03:24:19+00:00\",\"dateModified\":\"2021-10-25T23:43:25+00:00\",\"description\":\"Decis\u00e3o da Corte Interamericana em caso de difama\u00e7\u00e3o na Argentina \u00e9 retrocesso para a liberdade de express\u00e3o, afirma CPJ Liberdade de imprensa. Latin American Journalism Review by The Knight Center at The University of Texas at Austin.\",\"breadcrumb\":{\"@id\":\"https:\\\/\\\/latamjournalismreview.org\\\/pt-br\\\/articles\\\/decisao-da-corte-interamericana-em-caso-de-difamacao-na-argentina-e-retrocesso-para-a-liberdade-de-expressao-afirma-cpj\\\/#breadcrumb\"},\"inLanguage\":\"pt-BR\",\"potentialAction\":[{\"@type\":\"ReadAction\",\"target\":[\"https:\\\/\\\/latamjournalismreview.org\\\/pt-br\\\/articles\\\/decisao-da-corte-interamericana-em-caso-de-difamacao-na-argentina-e-retrocesso-para-a-liberdade-de-expressao-afirma-cpj\\\/\"]}]},{\"@type\":\"BreadcrumbList\",\"@id\":\"https:\\\/\\\/latamjournalismreview.org\\\/pt-br\\\/articles\\\/decisao-da-corte-interamericana-em-caso-de-difamacao-na-argentina-e-retrocesso-para-a-liberdade-de-expressao-afirma-cpj\\\/#breadcrumb\",\"itemListElement\":[{\"@type\":\"ListItem\",\"position\":1,\"name\":\"Home\",\"item\":\"https:\\\/\\\/latamjournalismreview.org\\\/pt-br\\\/\"},{\"@type\":\"ListItem\",\"position\":2,\"name\":\"Decis\u00e3o da Corte Interamericana em caso de difama\u00e7\u00e3o na Argentina \u00e9 retrocesso para a liberdade de express\u00e3o, afirma CPJ\"}]},{\"@type\":\"WebSite\",\"@id\":\"https:\\\/\\\/latamjournalismreview.org\\\/pt-br\\\/#website\",\"url\":\"https:\\\/\\\/latamjournalismreview.org\\\/pt-br\\\/\",\"name\":\"LatAm Journalism Review\",\"description\":\"Digital magazine on journalism in Latin America\",\"publisher\":{\"@id\":\"https:\\\/\\\/latamjournalismreview.org\\\/pt-br\\\/#organization\"},\"potentialAction\":[{\"@type\":\"SearchAction\",\"target\":{\"@type\":\"EntryPoint\",\"urlTemplate\":\"https:\\\/\\\/latamjournalismreview.org\\\/pt-br\\\/?s={search_term_string}\"},\"query-input\":{\"@type\":\"PropertyValueSpecification\",\"valueRequired\":true,\"valueName\":\"search_term_string\"}}],\"inLanguage\":\"pt-BR\"},{\"@type\":\"Organization\",\"@id\":\"https:\\\/\\\/latamjournalismreview.org\\\/pt-br\\\/#organization\",\"name\":\"LatAm Journalism Review\",\"url\":\"https:\\\/\\\/latamjournalismreview.org\\\/pt-br\\\/\",\"logo\":{\"@type\":\"ImageObject\",\"inLanguage\":\"pt-BR\",\"@id\":\"https:\\\/\\\/latamjournalismreview.org\\\/pt-br\\\/#\\\/schema\\\/logo\\\/image\\\/\",\"url\":\"https:\\\/\\\/latamjournalismreview.org\\\/wp-content\\\/uploads\\\/2020\\\/05\\\/knight-latAm-review-logo.svg\",\"contentUrl\":\"https:\\\/\\\/latamjournalismreview.org\\\/wp-content\\\/uploads\\\/2020\\\/05\\\/knight-latAm-review-logo.svg\",\"width\":\"1024\",\"height\":\"1024\",\"caption\":\"LatAm Journalism Review\"},\"image\":{\"@id\":\"https:\\\/\\\/latamjournalismreview.org\\\/pt-br\\\/#\\\/schema\\\/logo\\\/image\\\/\"},\"sameAs\":[\"https:\\\/\\\/x.com\\\/LatAmJournalism\"]},{\"@type\":\"Person\",\"@id\":\"https:\\\/\\\/latamjournalismreview.org\\\/pt-br\\\/#\\\/schema\\\/person\\\/6c325fd0fef0cd167424c683e6577e19\",\"name\":\"Knight Center\",\"url\":\"https:\\\/\\\/latamjournalismreview.org\\\/pt-br\\\/articles\\\/author\\\/knight-center\\\/\"}]}<\/script>\n<!-- \/ Yoast SEO Premium plugin. -->","yoast_head_json":{"title":"Decis\u00e3o da Corte Interamericana em caso de difama\u00e7\u00e3o na Argentina \u00e9 retrocesso para a liberdade de express\u00e3o, afirma CPJ - LatAm Journalism Review by the Knight Center","description":"Decis\u00e3o da Corte Interamericana em caso de difama\u00e7\u00e3o na Argentina \u00e9 retrocesso para a liberdade de express\u00e3o, afirma CPJ Liberdade de imprensa. Latin American Journalism Review by The Knight Center at The University of Texas at Austin.","robots":{"index":"index","follow":"follow","max-snippet":"max-snippet:-1","max-image-preview":"max-image-preview:large","max-video-preview":"max-video-preview:-1"},"canonical":"https:\/\/latamjournalismreview.org\/pt-br\/articles\/decisao-da-corte-interamericana-em-caso-de-difamacao-na-argentina-e-retrocesso-para-a-liberdade-de-expressao-afirma-cpj\/","og_locale":"pt_BR","og_type":"article","og_title":"Decis\u00e3o da Corte Interamericana em caso de difama\u00e7\u00e3o na Argentina \u00e9 retrocesso para a liberdade de express\u00e3o, afirma CPJ","og_description":"Decis\u00e3o da Corte Interamericana em caso de difama\u00e7\u00e3o na Argentina \u00e9 retrocesso para a liberdade de express\u00e3o, afirma CPJ Liberdade de imprensa. Latin American Journalism Review by The Knight Center at The University of Texas at Austin.","og_url":"https:\/\/latamjournalismreview.org\/pt-br\/articles\/decisao-da-corte-interamericana-em-caso-de-difamacao-na-argentina-e-retrocesso-para-a-liberdade-de-expressao-afirma-cpj\/","og_site_name":"LatAm Journalism Review by the Knight Center","article_published_time":"2013-11-29T03:24:19+00:00","article_modified_time":"2021-10-25T23:43:25+00:00","author":"Knight Center","twitter_card":"summary_large_image","twitter_creator":"@LatAmJournalism","twitter_site":"@LatAmJournalism","twitter_misc":{"Written by":"Knight Center","Est. reading time":"2 minutos"},"schema":{"@context":"https:\/\/schema.org","@graph":[{"@type":"Article","@id":"https:\/\/latamjournalismreview.org\/pt-br\/articles\/decisao-da-corte-interamericana-em-caso-de-difamacao-na-argentina-e-retrocesso-para-a-liberdade-de-expressao-afirma-cpj\/#article","isPartOf":{"@id":"https:\/\/latamjournalismreview.org\/pt-br\/articles\/decisao-da-corte-interamericana-em-caso-de-difamacao-na-argentina-e-retrocesso-para-a-liberdade-de-expressao-afirma-cpj\/"},"author":{"name":"Knight Center","@id":"https:\/\/latamjournalismreview.org\/pt-br\/#\/schema\/person\/6c325fd0fef0cd167424c683e6577e19"},"headline":"Decis\u00e3o da Corte Interamericana em caso de difama\u00e7\u00e3o na Argentina \u00e9 retrocesso para a liberdade de express\u00e3o, afirma CPJ","datePublished":"2013-11-29T03:24:19+00:00","dateModified":"2021-10-25T23:43:25+00:00","mainEntityOfPage":{"@id":"https:\/\/latamjournalismreview.org\/pt-br\/articles\/decisao-da-corte-interamericana-em-caso-de-difamacao-na-argentina-e-retrocesso-para-a-liberdade-de-expressao-afirma-cpj\/"},"wordCount":495,"publisher":{"@id":"https:\/\/latamjournalismreview.org\/pt-br\/#organization"},"keywords":["Argentina","Casos judiciais","Liberdade de express\u00e3o","Regula\u00e7\u00e3o"],"articleSection":["Liberdade de imprensa"],"inLanguage":"pt-BR"},{"@type":"WebPage","@id":"https:\/\/latamjournalismreview.org\/pt-br\/articles\/decisao-da-corte-interamericana-em-caso-de-difamacao-na-argentina-e-retrocesso-para-a-liberdade-de-expressao-afirma-cpj\/","url":"https:\/\/latamjournalismreview.org\/pt-br\/articles\/decisao-da-corte-interamericana-em-caso-de-difamacao-na-argentina-e-retrocesso-para-a-liberdade-de-expressao-afirma-cpj\/","name":"Decis\u00e3o da Corte Interamericana em caso de difama\u00e7\u00e3o na Argentina \u00e9 retrocesso para a liberdade de express\u00e3o, afirma CPJ - LatAm Journalism Review by the Knight Center","isPartOf":{"@id":"https:\/\/latamjournalismreview.org\/pt-br\/#website"},"datePublished":"2013-11-29T03:24:19+00:00","dateModified":"2021-10-25T23:43:25+00:00","description":"Decis\u00e3o da Corte Interamericana em caso de difama\u00e7\u00e3o na Argentina \u00e9 retrocesso para a liberdade de express\u00e3o, afirma CPJ Liberdade de imprensa. Latin American Journalism Review by The Knight Center at The University of Texas at Austin.","breadcrumb":{"@id":"https:\/\/latamjournalismreview.org\/pt-br\/articles\/decisao-da-corte-interamericana-em-caso-de-difamacao-na-argentina-e-retrocesso-para-a-liberdade-de-expressao-afirma-cpj\/#breadcrumb"},"inLanguage":"pt-BR","potentialAction":[{"@type":"ReadAction","target":["https:\/\/latamjournalismreview.org\/pt-br\/articles\/decisao-da-corte-interamericana-em-caso-de-difamacao-na-argentina-e-retrocesso-para-a-liberdade-de-expressao-afirma-cpj\/"]}]},{"@type":"BreadcrumbList","@id":"https:\/\/latamjournalismreview.org\/pt-br\/articles\/decisao-da-corte-interamericana-em-caso-de-difamacao-na-argentina-e-retrocesso-para-a-liberdade-de-expressao-afirma-cpj\/#breadcrumb","itemListElement":[{"@type":"ListItem","position":1,"name":"Home","item":"https:\/\/latamjournalismreview.org\/pt-br\/"},{"@type":"ListItem","position":2,"name":"Decis\u00e3o da Corte Interamericana em caso de difama\u00e7\u00e3o na Argentina \u00e9 retrocesso para a liberdade de express\u00e3o, afirma CPJ"}]},{"@type":"WebSite","@id":"https:\/\/latamjournalismreview.org\/pt-br\/#website","url":"https:\/\/latamjournalismreview.org\/pt-br\/","name":"LatAm Journalism Review","description":"Digital magazine on journalism in Latin America","publisher":{"@id":"https:\/\/latamjournalismreview.org\/pt-br\/#organization"},"potentialAction":[{"@type":"SearchAction","target":{"@type":"EntryPoint","urlTemplate":"https:\/\/latamjournalismreview.org\/pt-br\/?s={search_term_string}"},"query-input":{"@type":"PropertyValueSpecification","valueRequired":true,"valueName":"search_term_string"}}],"inLanguage":"pt-BR"},{"@type":"Organization","@id":"https:\/\/latamjournalismreview.org\/pt-br\/#organization","name":"LatAm Journalism Review","url":"https:\/\/latamjournalismreview.org\/pt-br\/","logo":{"@type":"ImageObject","inLanguage":"pt-BR","@id":"https:\/\/latamjournalismreview.org\/pt-br\/#\/schema\/logo\/image\/","url":"https:\/\/latamjournalismreview.org\/wp-content\/uploads\/2020\/05\/knight-latAm-review-logo.svg","contentUrl":"https:\/\/latamjournalismreview.org\/wp-content\/uploads\/2020\/05\/knight-latAm-review-logo.svg","width":"1024","height":"1024","caption":"LatAm Journalism Review"},"image":{"@id":"https:\/\/latamjournalismreview.org\/pt-br\/#\/schema\/logo\/image\/"},"sameAs":["https:\/\/x.com\/LatAmJournalism"]},{"@type":"Person","@id":"https:\/\/latamjournalismreview.org\/pt-br\/#\/schema\/person\/6c325fd0fef0cd167424c683e6577e19","name":"Knight Center","url":"https:\/\/latamjournalismreview.org\/pt-br\/articles\/author\/knight-center\/"}]}},"_links":{"self":[{"href":"https:\/\/latamjournalismreview.org\/pt-br\/wp-json\/wp\/v2\/posts\/39194","targetHints":{"allow":["GET"]}}],"collection":[{"href":"https:\/\/latamjournalismreview.org\/pt-br\/wp-json\/wp\/v2\/posts"}],"about":[{"href":"https:\/\/latamjournalismreview.org\/pt-br\/wp-json\/wp\/v2\/types\/post"}],"author":[{"embeddable":true,"href":"https:\/\/latamjournalismreview.org\/pt-br\/wp-json\/wp\/v2\/users\/22"}],"replies":[{"embeddable":true,"href":"https:\/\/latamjournalismreview.org\/pt-br\/wp-json\/wp\/v2\/comments?post=39194"}],"version-history":[{"count":1,"href":"https:\/\/latamjournalismreview.org\/pt-br\/wp-json\/wp\/v2\/posts\/39194\/revisions"}],"predecessor-version":[{"id":39195,"href":"https:\/\/latamjournalismreview.org\/pt-br\/wp-json\/wp\/v2\/posts\/39194\/revisions\/39195"}],"wp:attachment":[{"href":"https:\/\/latamjournalismreview.org\/pt-br\/wp-json\/wp\/v2\/media?parent=39194"}],"wp:term":[{"taxonomy":"category","embeddable":true,"href":"https:\/\/latamjournalismreview.org\/pt-br\/wp-json\/wp\/v2\/categories?post=39194"},{"taxonomy":"post_tag","embeddable":true,"href":"https:\/\/latamjournalismreview.org\/pt-br\/wp-json\/wp\/v2\/tags?post=39194"},{"taxonomy":"author","embeddable":true,"href":"https:\/\/latamjournalismreview.org\/pt-br\/wp-json\/wp\/v2\/coauthors?post=39194"}],"curies":[{"name":"wp","href":"https:\/\/api.w.org\/{rel}","templated":true}]}}