{"id":39238,"date":"2013-10-03T19:30:23","date_gmt":"2013-10-04T00:30:23","guid":{"rendered":"https:\/\/latamjournalismreview.org\/?p=39238"},"modified":"2021-10-25T19:31:46","modified_gmt":"2021-10-26T00:31:46","slug":"jornal-centenario-venezuelano-cria-edicao-reduzida-por-falta-de-materiais-de-impressao","status":"publish","type":"post","link":"https:\/\/latamjournalismreview.org\/pt-br\/articles\/jornal-centenario-venezuelano-cria-edicao-reduzida-por-falta-de-materiais-de-impressao\/","title":{"rendered":"Jornal centen\u00e1rio venezuelano cria edi\u00e7\u00e3o reduzida por falta de materiais de impress\u00e3o"},"content":{"rendered":"<p>A partir de ter\u00e7a-feira, 1 de outubro,\u00a0<a href=\"http:\/\/es.wikipedia.org\/wiki\/El_Impulso_(Venezuela)\" rel=\"nofollow\">o jornal El Impulso<\/a>, uma das mais antigas da Venezuela ainda em circula\u00e7\u00e3o, ir\u00e1 publicar uma vers\u00e3o mais curta de sua edi\u00e7\u00e3o devido \u00e0 falta de materiais de impress\u00e3o.\u00a0<a href=\"http:\/\/elimpulso.com\/articulo\/editorial-a-prueba-de-despotismos#.UkxlFr9rMe1\" rel=\"nofollow\">Num editorial publicado pelo El Impulso a 29 de setembro<\/a>, o jornal explica que h\u00e1 pelo menos 11 meses que est\u00e1\u00a0\u00e0 espera da aprova\u00e7\u00e3o do governo em obter divisas para importar os materiais necess\u00e1rios.<\/p>\n<p>Desde h\u00e1 v\u00e1rias semanas que o El Impulso, jornal da cidade venezuelana de\u00a0<a href=\"http:\/\/en.wikipedia.org\/wiki\/Barquisimeto,_Venezuela\" rel=\"nofollow\">Barquisimeto<\/a>, no estado de Lara, \u00e9 impresso sem cor, demonstrando o esfor\u00e7o para n\u00e3o parar sua publica\u00e7\u00e3o.<\/p>\n<p>O jornal tamb\u00e9m informou que os\u00a0pre\u00e7os de compra de materiais dispon\u00edveis dentro de Venezuela s\u00e3o extremamente elevados, classificando como \"calv\u00e1rio\" o esfor\u00e7o para reunir os recursos necess\u00e1rios para permanecer em circula\u00e7\u00e3o. Entretanto, a publica\u00e7\u00e3o continua \u00e0 espera de uma resposta oficial de\u00a0Cadivi ( Comiss\u00e3o do Governo para a Administra\u00e7\u00e3o de C\u00e2mbio ) e do Minist\u00e9rio da Ind\u00fastria<a href=\"http:\/\/www.clasesdeperiodismo.com\/2013\/09\/05\/alerta-periodicos-en-venezuela-se-quedan-sin-papel-para-imprimir\/\" rel=\"nofollow\">\u00a0para obter a autoriza\u00e7\u00e3o e solv\u00eancia em moeda estrangeira para as importa\u00e7\u00f5es<\/a>\u00a0de papel, tinta, chapas de impress\u00e3o , etc<\/p>\n<p>De acordo com o site de Zocalo ,\u00a0<a href=\"https:\/\/knightcenter.utexas.edu\/es\/blog\/00-14354-falta-de-papel-obliga-diarios-regionales-suspender-ediciones-en-venezuela\" rel=\"nofollow\">os mais afetados s\u00e3o os meios de comunica\u00e7\u00e3o regionais<\/a>, que j\u00e1 se encontram no limite de suas reservas.<\/p>\n<p>Sobre a situa\u00e7\u00e3o, Claudio Paolillo , presidente da Comiss\u00e3o de Liberdade de Imprensa e Informa\u00e7\u00e3o da SIP (Sociedade Interamericana de Imprensa), diz que<a href=\"http:\/\/www.sipiapa.org\/la-sip-denuncia-doble-moral-del-gobierno-de-venezuela\/\" rel=\"nofollow\">\u00a0\"este comportamento do governo de Maduro \u00e9 uma esp\u00e9cie de escassez programada.<\/a>\u00a0( ... ) \u00c9 uma maneira complicada e sem criatividade para silenciar as vozes independentes e cr\u00edticas do pa\u00eds \" , acrescentou.<\/p>\n<p>\"Se o governo (Venezuela) deixou o hospital sem gaze, os supermercados\u00a0sem farinha ou papel higi\u00eanico e as farm\u00e1cias sem rem\u00e9dios,\u00a0<a href=\"http:\/\/elimpulso.com\/articulo\/editorial-a-prueba-de-despotismos#.Uk4qXL8bDaq\" rel=\"nofollow\">o que se poderia esperar de materiais essenciais para editar jornais,<\/a>\u00a0revistas e livros \", diz o editorial do El Impulso .<\/p>\n<p>Tamb\u00e9m se sabe\u00a0<a href=\"http:\/\/www.sipiapa.org\/la-sip-denuncia-doble-moral-del-gobierno-de-venezuela\/\" rel=\"nofollow\">que outros jornais venezuelanos deixaram de ser publicado por falta de materiais<\/a>: El Sol de Matur\u00edn ( estado de Monagas ), Antorcha (estado de Anzo\u00e1tegui), El Caribazo, La Hora, El Caribe (todos os tr\u00eas do estado de Nueva Esparta ) e Los Llanos e El Espacio (ambos do estado de Barinas), segundo informa a SIP.<\/p>\n<p><em>Nota do editor: Essa hist\u00f3ria foi publicada originalmente no blog de jornalismo nas Am\u00e9ricas do Centro Knight, o predecessor do LatAm Journalism Review.<\/em><\/p>\n","protected":false},"excerpt":{"rendered":"<p>A partir de ter\u00e7a-feira, 1 de outubro,\u00a0o jornal El Impulso, uma das mais antigas da Venezuela ainda em circula\u00e7\u00e3o, ir\u00e1 publicar uma vers\u00e3o mais curta de sua edi\u00e7\u00e3o devido \u00e0 falta de materiais de impress\u00e3o.\u00a0Num editorial publicado pelo El Impulso a 29 de setembro, o jornal explica que h\u00e1 pelo menos 11 meses que est\u00e1\u00a0\u00e0 espera da aprova\u00e7\u00e3o do governo em obter divisas para importar os materiais necess\u00e1rios.\u00a0<\/p>\n","protected":false},"author":4,"featured_media":0,"comment_status":"closed","ping_status":"closed","sticky":false,"template":"","format":"standard","meta":{"inline_featured_image":false,"footnotes":""},"categories":[1210],"tags":[2051,1402],"coauthors":[],"class_list":["post-39238","post","type-post","status-publish","format-standard","hentry","category-modelo-de-negocio-pt-br","tag-liberdade-de-expressao-pt-br","tag-venezuela-pt-br"],"acf":[],"yoast_head":"<!-- This site is optimized with the Yoast SEO Premium plugin v22.6 (Yoast SEO v27.4) - https:\/\/yoast.com\/product\/yoast-seo-premium-wordpress\/ -->\n<title>Jornal centen\u00e1rio venezuelano cria edi\u00e7\u00e3o reduzida por falta de materiais de impress\u00e3o - LatAm Journalism Review by the Knight Center<\/title>\n<meta name=\"description\" content=\"Jornal centen\u00e1rio venezuelano cria edi\u00e7\u00e3o reduzida por falta de materiais de impress\u00e3o Modelo de neg\u00f3cio. Latin American Journalism Review by The Knight Center at The University of Texas at Austin.\" \/>\n<meta name=\"robots\" content=\"index, follow, max-snippet:-1, max-image-preview:large, max-video-preview:-1\" \/>\n<link rel=\"canonical\" href=\"https:\/\/latamjournalismreview.org\/pt-br\/articles\/jornal-centenario-venezuelano-cria-edicao-reduzida-por-falta-de-materiais-de-impressao\/\" \/>\n<meta property=\"og:locale\" content=\"pt_BR\" \/>\n<meta property=\"og:type\" content=\"article\" \/>\n<meta property=\"og:title\" content=\"Jornal centen\u00e1rio venezuelano cria edi\u00e7\u00e3o reduzida por falta de materiais de impress\u00e3o\" \/>\n<meta property=\"og:description\" content=\"Jornal centen\u00e1rio venezuelano cria edi\u00e7\u00e3o reduzida por falta de materiais de impress\u00e3o Modelo de neg\u00f3cio. Latin American Journalism Review by The Knight Center at The University of Texas at Austin.\" \/>\n<meta property=\"og:url\" content=\"https:\/\/latamjournalismreview.org\/pt-br\/articles\/jornal-centenario-venezuelano-cria-edicao-reduzida-por-falta-de-materiais-de-impressao\/\" \/>\n<meta property=\"og:site_name\" content=\"LatAm Journalism Review by the Knight Center\" \/>\n<meta property=\"article:published_time\" content=\"2013-10-04T00:30:23+00:00\" \/>\n<meta property=\"article:modified_time\" content=\"2021-10-26T00:31:46+00:00\" \/>\n<meta name=\"author\" content=\"Paola Nalvarte\" \/>\n<meta name=\"twitter:card\" content=\"summary_large_image\" \/>\n<meta name=\"twitter:creator\" content=\"@paolanalvarte\" \/>\n<meta name=\"twitter:site\" content=\"@LatAmJournalism\" \/>\n<meta name=\"twitter:label1\" content=\"Written by\" \/>\n\t<meta name=\"twitter:data1\" content=\"Paola Nalvarte\" \/>\n\t<meta name=\"twitter:label2\" content=\"Est. reading time\" \/>\n\t<meta name=\"twitter:data2\" content=\"2 minutos\" \/>\n<script type=\"application\/ld+json\" class=\"yoast-schema-graph\">{\"@context\":\"https:\\\/\\\/schema.org\",\"@graph\":[{\"@type\":\"Article\",\"@id\":\"https:\\\/\\\/latamjournalismreview.org\\\/pt-br\\\/articles\\\/jornal-centenario-venezuelano-cria-edicao-reduzida-por-falta-de-materiais-de-impressao\\\/#article\",\"isPartOf\":{\"@id\":\"https:\\\/\\\/latamjournalismreview.org\\\/pt-br\\\/articles\\\/jornal-centenario-venezuelano-cria-edicao-reduzida-por-falta-de-materiais-de-impressao\\\/\"},\"author\":{\"name\":\"Paola Nalvarte\",\"@id\":\"https:\\\/\\\/latamjournalismreview.org\\\/pt-br\\\/#\\\/schema\\\/person\\\/d0b9fa850ef1b6f56bb445e52f29f63f\"},\"headline\":\"Jornal centen\u00e1rio venezuelano cria edi\u00e7\u00e3o reduzida por falta de materiais de impress\u00e3o\",\"datePublished\":\"2013-10-04T00:30:23+00:00\",\"dateModified\":\"2021-10-26T00:31:46+00:00\",\"mainEntityOfPage\":{\"@id\":\"https:\\\/\\\/latamjournalismreview.org\\\/pt-br\\\/articles\\\/jornal-centenario-venezuelano-cria-edicao-reduzida-por-falta-de-materiais-de-impressao\\\/\"},\"wordCount\":424,\"publisher\":{\"@id\":\"https:\\\/\\\/latamjournalismreview.org\\\/pt-br\\\/#organization\"},\"keywords\":[\"Liberdade de express\u00e3o\",\"Venezuela\"],\"articleSection\":[\"Modelo de neg\u00f3cio\"],\"inLanguage\":\"pt-BR\"},{\"@type\":\"WebPage\",\"@id\":\"https:\\\/\\\/latamjournalismreview.org\\\/pt-br\\\/articles\\\/jornal-centenario-venezuelano-cria-edicao-reduzida-por-falta-de-materiais-de-impressao\\\/\",\"url\":\"https:\\\/\\\/latamjournalismreview.org\\\/pt-br\\\/articles\\\/jornal-centenario-venezuelano-cria-edicao-reduzida-por-falta-de-materiais-de-impressao\\\/\",\"name\":\"Jornal centen\u00e1rio venezuelano cria edi\u00e7\u00e3o reduzida por falta de materiais de impress\u00e3o - LatAm Journalism Review by the Knight Center\",\"isPartOf\":{\"@id\":\"https:\\\/\\\/latamjournalismreview.org\\\/pt-br\\\/#website\"},\"datePublished\":\"2013-10-04T00:30:23+00:00\",\"dateModified\":\"2021-10-26T00:31:46+00:00\",\"description\":\"Jornal centen\u00e1rio venezuelano cria edi\u00e7\u00e3o reduzida por falta de materiais de impress\u00e3o Modelo de neg\u00f3cio. Latin American Journalism Review by The Knight Center at The University of Texas at Austin.\",\"breadcrumb\":{\"@id\":\"https:\\\/\\\/latamjournalismreview.org\\\/pt-br\\\/articles\\\/jornal-centenario-venezuelano-cria-edicao-reduzida-por-falta-de-materiais-de-impressao\\\/#breadcrumb\"},\"inLanguage\":\"pt-BR\",\"potentialAction\":[{\"@type\":\"ReadAction\",\"target\":[\"https:\\\/\\\/latamjournalismreview.org\\\/pt-br\\\/articles\\\/jornal-centenario-venezuelano-cria-edicao-reduzida-por-falta-de-materiais-de-impressao\\\/\"]}]},{\"@type\":\"BreadcrumbList\",\"@id\":\"https:\\\/\\\/latamjournalismreview.org\\\/pt-br\\\/articles\\\/jornal-centenario-venezuelano-cria-edicao-reduzida-por-falta-de-materiais-de-impressao\\\/#breadcrumb\",\"itemListElement\":[{\"@type\":\"ListItem\",\"position\":1,\"name\":\"Home\",\"item\":\"https:\\\/\\\/latamjournalismreview.org\\\/pt-br\\\/\"},{\"@type\":\"ListItem\",\"position\":2,\"name\":\"Jornal centen\u00e1rio venezuelano cria edi\u00e7\u00e3o reduzida por falta de materiais de impress\u00e3o\"}]},{\"@type\":\"WebSite\",\"@id\":\"https:\\\/\\\/latamjournalismreview.org\\\/pt-br\\\/#website\",\"url\":\"https:\\\/\\\/latamjournalismreview.org\\\/pt-br\\\/\",\"name\":\"LatAm Journalism Review\",\"description\":\"Digital magazine on journalism in Latin America\",\"publisher\":{\"@id\":\"https:\\\/\\\/latamjournalismreview.org\\\/pt-br\\\/#organization\"},\"potentialAction\":[{\"@type\":\"SearchAction\",\"target\":{\"@type\":\"EntryPoint\",\"urlTemplate\":\"https:\\\/\\\/latamjournalismreview.org\\\/pt-br\\\/?s={search_term_string}\"},\"query-input\":{\"@type\":\"PropertyValueSpecification\",\"valueRequired\":true,\"valueName\":\"search_term_string\"}}],\"inLanguage\":\"pt-BR\"},{\"@type\":\"Organization\",\"@id\":\"https:\\\/\\\/latamjournalismreview.org\\\/pt-br\\\/#organization\",\"name\":\"LatAm Journalism Review\",\"url\":\"https:\\\/\\\/latamjournalismreview.org\\\/pt-br\\\/\",\"logo\":{\"@type\":\"ImageObject\",\"inLanguage\":\"pt-BR\",\"@id\":\"https:\\\/\\\/latamjournalismreview.org\\\/pt-br\\\/#\\\/schema\\\/logo\\\/image\\\/\",\"url\":\"https:\\\/\\\/latamjournalismreview.org\\\/wp-content\\\/uploads\\\/2020\\\/05\\\/knight-latAm-review-logo.svg\",\"contentUrl\":\"https:\\\/\\\/latamjournalismreview.org\\\/wp-content\\\/uploads\\\/2020\\\/05\\\/knight-latAm-review-logo.svg\",\"width\":\"1024\",\"height\":\"1024\",\"caption\":\"LatAm Journalism Review\"},\"image\":{\"@id\":\"https:\\\/\\\/latamjournalismreview.org\\\/pt-br\\\/#\\\/schema\\\/logo\\\/image\\\/\"},\"sameAs\":[\"https:\\\/\\\/x.com\\\/LatAmJournalism\"]},{\"@type\":\"Person\",\"@id\":\"https:\\\/\\\/latamjournalismreview.org\\\/pt-br\\\/#\\\/schema\\\/person\\\/d0b9fa850ef1b6f56bb445e52f29f63f\",\"name\":\"Paola Nalvarte\",\"description\":\"Paola Nalvarte is a Peruvian journalist and documentary photographer living in Austin, Texas. She focuses on covering and writing about the Andes region. In Peru, Paola worked in the Lima office of the Italian news agency ANSA, on the economic news desk of the daily Expreso, and for ten years she has been working on different editorial projects doing picture editing and research for one of the oldest Spanish-language papers in the world, the Peruvian newspaper El Comercio. She also enjoyed writing for the newspaper weekly magazine Somos. Paola Nalvarte es una periodista y fot\u00f3grafa documental peruana que vive en Austin, Texas. El foco de inter\u00e9s de su cobertura noticiosa es la regi\u00f3n andina. En Per\u00fa, Paola trabaj\u00f3 en la oficina de Lima de la agencia italiana de noticias ANSA, en la secci\u00f3n de econom\u00eda del diario Expreso y por diez a\u00f1os hizo investigaci\u00f3n fotogr\u00e1fica y edici\u00f3n de fotograf\u00eda editorial en el diario decano de la prensa peruana, El Comercio. Tambi\u00e9n escribi\u00f3 para Somos, la revista semanal del mismo diario\u200b, art\u00edculos sobre medio ambiente y cultura. Paola Nalvarte \u00e9 uma jornalista peruana e fot\u00f3grafa documentarista que vive em Austin, Texas. O foco de interesse da sua cobertura jornal\u00edstica \u00e9 a regi\u00e3o andina. No Peru, Paola trabalhou no escrit\u00f3rio de Lima da ag\u00eancia de not\u00edcias italiana ANSA, na se\u00e7\u00e3o de economia do jornal Expreso e, por dez anos, fez pesquisa fotogr\u00e1fica e edi\u00e7\u00e3o de fotografia editorial para um dos jornais em espanhol mais antigos do mundo, o jornal peruano El Comercio. Ela tamb\u00e9m escreveu artigos de meio ambiente e cultura para a Somos, a revista semanal do mesmo jornal.\",\"sameAs\":[\"https:\\\/\\\/x.com\\\/paolanalvarte\"],\"url\":\"https:\\\/\\\/latamjournalismreview.org\\\/pt-br\\\/articles\\\/author\\\/paola-nalvarte\\\/\"}]}<\/script>\n<!-- \/ Yoast SEO Premium plugin. -->","yoast_head_json":{"title":"Jornal centen\u00e1rio venezuelano cria edi\u00e7\u00e3o reduzida por falta de materiais de impress\u00e3o - LatAm Journalism Review by the Knight Center","description":"Jornal centen\u00e1rio venezuelano cria edi\u00e7\u00e3o reduzida por falta de materiais de impress\u00e3o Modelo de neg\u00f3cio. Latin American Journalism Review by The Knight Center at The University of Texas at Austin.","robots":{"index":"index","follow":"follow","max-snippet":"max-snippet:-1","max-image-preview":"max-image-preview:large","max-video-preview":"max-video-preview:-1"},"canonical":"https:\/\/latamjournalismreview.org\/pt-br\/articles\/jornal-centenario-venezuelano-cria-edicao-reduzida-por-falta-de-materiais-de-impressao\/","og_locale":"pt_BR","og_type":"article","og_title":"Jornal centen\u00e1rio venezuelano cria edi\u00e7\u00e3o reduzida por falta de materiais de impress\u00e3o","og_description":"Jornal centen\u00e1rio venezuelano cria edi\u00e7\u00e3o reduzida por falta de materiais de impress\u00e3o Modelo de neg\u00f3cio. Latin American Journalism Review by The Knight Center at The University of Texas at Austin.","og_url":"https:\/\/latamjournalismreview.org\/pt-br\/articles\/jornal-centenario-venezuelano-cria-edicao-reduzida-por-falta-de-materiais-de-impressao\/","og_site_name":"LatAm Journalism Review by the Knight Center","article_published_time":"2013-10-04T00:30:23+00:00","article_modified_time":"2021-10-26T00:31:46+00:00","author":"Paola Nalvarte","twitter_card":"summary_large_image","twitter_creator":"@paolanalvarte","twitter_site":"@LatAmJournalism","twitter_misc":{"Written by":"Paola Nalvarte","Est. reading time":"2 minutos"},"schema":{"@context":"https:\/\/schema.org","@graph":[{"@type":"Article","@id":"https:\/\/latamjournalismreview.org\/pt-br\/articles\/jornal-centenario-venezuelano-cria-edicao-reduzida-por-falta-de-materiais-de-impressao\/#article","isPartOf":{"@id":"https:\/\/latamjournalismreview.org\/pt-br\/articles\/jornal-centenario-venezuelano-cria-edicao-reduzida-por-falta-de-materiais-de-impressao\/"},"author":{"name":"Paola Nalvarte","@id":"https:\/\/latamjournalismreview.org\/pt-br\/#\/schema\/person\/d0b9fa850ef1b6f56bb445e52f29f63f"},"headline":"Jornal centen\u00e1rio venezuelano cria edi\u00e7\u00e3o reduzida por falta de materiais de impress\u00e3o","datePublished":"2013-10-04T00:30:23+00:00","dateModified":"2021-10-26T00:31:46+00:00","mainEntityOfPage":{"@id":"https:\/\/latamjournalismreview.org\/pt-br\/articles\/jornal-centenario-venezuelano-cria-edicao-reduzida-por-falta-de-materiais-de-impressao\/"},"wordCount":424,"publisher":{"@id":"https:\/\/latamjournalismreview.org\/pt-br\/#organization"},"keywords":["Liberdade de express\u00e3o","Venezuela"],"articleSection":["Modelo de neg\u00f3cio"],"inLanguage":"pt-BR"},{"@type":"WebPage","@id":"https:\/\/latamjournalismreview.org\/pt-br\/articles\/jornal-centenario-venezuelano-cria-edicao-reduzida-por-falta-de-materiais-de-impressao\/","url":"https:\/\/latamjournalismreview.org\/pt-br\/articles\/jornal-centenario-venezuelano-cria-edicao-reduzida-por-falta-de-materiais-de-impressao\/","name":"Jornal centen\u00e1rio venezuelano cria edi\u00e7\u00e3o reduzida por falta de materiais de impress\u00e3o - LatAm Journalism Review by the Knight Center","isPartOf":{"@id":"https:\/\/latamjournalismreview.org\/pt-br\/#website"},"datePublished":"2013-10-04T00:30:23+00:00","dateModified":"2021-10-26T00:31:46+00:00","description":"Jornal centen\u00e1rio venezuelano cria edi\u00e7\u00e3o reduzida por falta de materiais de impress\u00e3o Modelo de neg\u00f3cio. Latin American Journalism Review by The Knight Center at The University of Texas at Austin.","breadcrumb":{"@id":"https:\/\/latamjournalismreview.org\/pt-br\/articles\/jornal-centenario-venezuelano-cria-edicao-reduzida-por-falta-de-materiais-de-impressao\/#breadcrumb"},"inLanguage":"pt-BR","potentialAction":[{"@type":"ReadAction","target":["https:\/\/latamjournalismreview.org\/pt-br\/articles\/jornal-centenario-venezuelano-cria-edicao-reduzida-por-falta-de-materiais-de-impressao\/"]}]},{"@type":"BreadcrumbList","@id":"https:\/\/latamjournalismreview.org\/pt-br\/articles\/jornal-centenario-venezuelano-cria-edicao-reduzida-por-falta-de-materiais-de-impressao\/#breadcrumb","itemListElement":[{"@type":"ListItem","position":1,"name":"Home","item":"https:\/\/latamjournalismreview.org\/pt-br\/"},{"@type":"ListItem","position":2,"name":"Jornal centen\u00e1rio venezuelano cria edi\u00e7\u00e3o reduzida por falta de materiais de impress\u00e3o"}]},{"@type":"WebSite","@id":"https:\/\/latamjournalismreview.org\/pt-br\/#website","url":"https:\/\/latamjournalismreview.org\/pt-br\/","name":"LatAm Journalism Review","description":"Digital magazine on journalism in Latin America","publisher":{"@id":"https:\/\/latamjournalismreview.org\/pt-br\/#organization"},"potentialAction":[{"@type":"SearchAction","target":{"@type":"EntryPoint","urlTemplate":"https:\/\/latamjournalismreview.org\/pt-br\/?s={search_term_string}"},"query-input":{"@type":"PropertyValueSpecification","valueRequired":true,"valueName":"search_term_string"}}],"inLanguage":"pt-BR"},{"@type":"Organization","@id":"https:\/\/latamjournalismreview.org\/pt-br\/#organization","name":"LatAm Journalism Review","url":"https:\/\/latamjournalismreview.org\/pt-br\/","logo":{"@type":"ImageObject","inLanguage":"pt-BR","@id":"https:\/\/latamjournalismreview.org\/pt-br\/#\/schema\/logo\/image\/","url":"https:\/\/latamjournalismreview.org\/wp-content\/uploads\/2020\/05\/knight-latAm-review-logo.svg","contentUrl":"https:\/\/latamjournalismreview.org\/wp-content\/uploads\/2020\/05\/knight-latAm-review-logo.svg","width":"1024","height":"1024","caption":"LatAm Journalism Review"},"image":{"@id":"https:\/\/latamjournalismreview.org\/pt-br\/#\/schema\/logo\/image\/"},"sameAs":["https:\/\/x.com\/LatAmJournalism"]},{"@type":"Person","@id":"https:\/\/latamjournalismreview.org\/pt-br\/#\/schema\/person\/d0b9fa850ef1b6f56bb445e52f29f63f","name":"Paola Nalvarte","description":"Paola Nalvarte is a Peruvian journalist and documentary photographer living in Austin, Texas. She focuses on covering and writing about the Andes region. In Peru, Paola worked in the Lima office of the Italian news agency ANSA, on the economic news desk of the daily Expreso, and for ten years she has been working on different editorial projects doing picture editing and research for one of the oldest Spanish-language papers in the world, the Peruvian newspaper El Comercio. She also enjoyed writing for the newspaper weekly magazine Somos. Paola Nalvarte es una periodista y fot\u00f3grafa documental peruana que vive en Austin, Texas. El foco de inter\u00e9s de su cobertura noticiosa es la regi\u00f3n andina. En Per\u00fa, Paola trabaj\u00f3 en la oficina de Lima de la agencia italiana de noticias ANSA, en la secci\u00f3n de econom\u00eda del diario Expreso y por diez a\u00f1os hizo investigaci\u00f3n fotogr\u00e1fica y edici\u00f3n de fotograf\u00eda editorial en el diario decano de la prensa peruana, El Comercio. Tambi\u00e9n escribi\u00f3 para Somos, la revista semanal del mismo diario\u200b, art\u00edculos sobre medio ambiente y cultura. Paola Nalvarte \u00e9 uma jornalista peruana e fot\u00f3grafa documentarista que vive em Austin, Texas. O foco de interesse da sua cobertura jornal\u00edstica \u00e9 a regi\u00e3o andina. No Peru, Paola trabalhou no escrit\u00f3rio de Lima da ag\u00eancia de not\u00edcias italiana ANSA, na se\u00e7\u00e3o de economia do jornal Expreso e, por dez anos, fez pesquisa fotogr\u00e1fica e edi\u00e7\u00e3o de fotografia editorial para um dos jornais em espanhol mais antigos do mundo, o jornal peruano El Comercio. Ela tamb\u00e9m escreveu artigos de meio ambiente e cultura para a Somos, a revista semanal do mesmo jornal.","sameAs":["https:\/\/x.com\/paolanalvarte"],"url":"https:\/\/latamjournalismreview.org\/pt-br\/articles\/author\/paola-nalvarte\/"}]}},"_links":{"self":[{"href":"https:\/\/latamjournalismreview.org\/pt-br\/wp-json\/wp\/v2\/posts\/39238","targetHints":{"allow":["GET"]}}],"collection":[{"href":"https:\/\/latamjournalismreview.org\/pt-br\/wp-json\/wp\/v2\/posts"}],"about":[{"href":"https:\/\/latamjournalismreview.org\/pt-br\/wp-json\/wp\/v2\/types\/post"}],"author":[{"embeddable":true,"href":"https:\/\/latamjournalismreview.org\/pt-br\/wp-json\/wp\/v2\/users\/4"}],"replies":[{"embeddable":true,"href":"https:\/\/latamjournalismreview.org\/pt-br\/wp-json\/wp\/v2\/comments?post=39238"}],"version-history":[{"count":1,"href":"https:\/\/latamjournalismreview.org\/pt-br\/wp-json\/wp\/v2\/posts\/39238\/revisions"}],"predecessor-version":[{"id":39241,"href":"https:\/\/latamjournalismreview.org\/pt-br\/wp-json\/wp\/v2\/posts\/39238\/revisions\/39241"}],"wp:attachment":[{"href":"https:\/\/latamjournalismreview.org\/pt-br\/wp-json\/wp\/v2\/media?parent=39238"}],"wp:term":[{"taxonomy":"category","embeddable":true,"href":"https:\/\/latamjournalismreview.org\/pt-br\/wp-json\/wp\/v2\/categories?post=39238"},{"taxonomy":"post_tag","embeddable":true,"href":"https:\/\/latamjournalismreview.org\/pt-br\/wp-json\/wp\/v2\/tags?post=39238"},{"taxonomy":"author","embeddable":true,"href":"https:\/\/latamjournalismreview.org\/pt-br\/wp-json\/wp\/v2\/coauthors?post=39238"}],"curies":[{"name":"wp","href":"https:\/\/api.w.org\/{rel}","templated":true}]}}