{"id":39957,"date":"2014-02-28T20:38:48","date_gmt":"2014-03-01T01:38:48","guid":{"rendered":"https:\/\/latamjournalismreview.org\/?p=39957"},"modified":"2021-10-29T20:39:52","modified_gmt":"2021-10-30T01:39:52","slug":"policia-de-veracruz-no-mexico-prende-e-agride-reporter-que-cobria-protestos","status":"publish","type":"post","link":"https:\/\/latamjournalismreview.org\/pt-br\/articles\/policia-de-veracruz-no-mexico-prende-e-agride-reporter-que-cobria-protestos\/","title":{"rendered":"Pol\u00edcia de Veracruz, no M\u00e9xico, prende e agride rep\u00f3rter que cobria protestos"},"content":{"rendered":"<p><em>Por Diego Cruz<br \/>\n<\/em><\/p>\n<p><a href=\"http:\/\/www.animalpolitico.com\/2014\/02\/periodistas-protestan-por-todo-el-pais\/#axzz2uGYW71Cb\" target=\"_blank\" rel=\"noopener\">A pol\u00edcia da cidade mexicana de Orizaba, Veracruz, deteve e agrediu um jornalista que cobria uma manifesta\u00e7\u00e3o de vendedores<\/a>\u00a0no s\u00e1bado, 22 de fevereiro, segundo informou o Animal Pol\u00edtico.<\/p>\n<p>Felipe Jim\u00e9nez Madrigal, rep\u00f3rter independente e contribuidor do portal online Denuncie Sin Miedo, foi preso pela pol\u00edcia enquanto registrava uma manifesta\u00e7\u00e3o de vendedores que denunciavam agress\u00f5es de fiscais municipais.<\/p>\n<p>A pol\u00edcia municipal rapidamente reprimiu a manifesta\u00e7\u00e3o e prendeu Jim\u00e9nez Madrigal \u00e0s 8h da noite de s\u00e1bado, liberando-o 17 horas depois com feridas por todo corpo e a cabe\u00e7a ensanguentada. De acordo com Denuncie Sin Miedo, a pol\u00edcia agrediu o rep\u00f3rter n\u00e3o s\u00f3 enquanto o estava capturando, mas tamb\u00e9m quando estava detido na cadeia municipal de Orizaba, onde \u201cfoi torturado e logo abandonado, nu, dentro de uma cela \u2018gelada\u2019, durante toda a noite.\u201d<\/p>\n<p>O portal depois culpou o prefeito de Orizaba, Juan Manuel D\u00edez Francos, pelo incidente.<\/p>\n<p><a href=\"http:\/\/www.radioformula.com.mx\/notas.asp?Idn=393001\" target=\"_blank\" rel=\"noopener\">As autoridades disseram que detiveram Jim\u00e9nez Madrigal por sua participa\u00e7\u00e3o no protesto<\/a>, informou a Radio F\u00f3rmula. De acordo com a emissora, a pol\u00edcia agiu ap\u00f3s vendedores ferirem servidores p\u00fablicos durante os protestos e prendeu todos os presentes, incluindo o rep\u00f3rter.<\/p>\n<p>Madrigal foi liberado ap\u00f3s pagar uma multa de 3 mil pesos e est\u00e1 sendo investigado pela procuradoria geral do estado, acusado de agress\u00f5es contra as autoridades de Orizaba.<\/p>\n<p>O portal\u00a0Denuncie Sin Miedo, que criticou o tratamento da pol\u00edcia a Jim\u00e9nez Madrigal, tamb\u00e9m\u00a0<a href=\"http:\/\/www.sinembargo.mx\/23-02-2014\/913292\" target=\"_blank\" rel=\"noopener\">publicou fotografias no Facebook das feridas do rep\u00f3rter na cabe\u00e7a, nas costas e no rosto<\/a>, de acordo com o site de not\u00edcias Sin Embargo.<\/p>\n<p>O incidente ocorreu durante um per\u00edodo de\u00a0<a href=\"https:\/\/knightcenter.utexas.edu\/es\/blog\/00-15162-periodistas-mexicanos-convocan-una-manifestacion-nacional-en-protesta-la-violencia-con\" target=\"_blank\" rel=\"noopener\">grande cobertura midi\u00e1tica sobre o tratamento dado a jornalistas em Veracruz<\/a>, onde o rep\u00f3rter policial Gregorio Jim\u00e9nez de la Cruz foi assassinado este m\u00eas.<\/p>\n<p><em>Nota do editor: Essa hist\u00f3ria foi publicada originalmente no blog de jornalismo nas Am\u00e9ricas do Centro Knight, o predecessor do LatAm Journalism Review.<\/em><\/p>\n","protected":false},"excerpt":{"rendered":"<p>A pol\u00edcia da cidade mexicana de Orizaba, Veracruz, deteve e agrediu um jornalista que cobria uma manifesta\u00e7\u00e3o de vendedores\u00a0no s\u00e1bado, 22 de fevereiro, segundo informou o Animal Pol\u00edtico.<\/p>\n","protected":false},"author":17,"featured_media":0,"comment_status":"closed","ping_status":"closed","sticky":false,"template":"","format":"standard","meta":{"inline_featured_image":false,"footnotes":""},"categories":[1221],"tags":[1534,1567,1394,1615],"coauthors":[],"class_list":["post-39957","post","type-post","status-publish","format-standard","hentry","category-violencia-contra-jornalistas-pt-br","tag-ataques-contra-jornalistas-pt-br","tag-detencoes-pt-br","tag-mexico-pt-br","tag-violencia-contra-jornalistas-pt-br"],"acf":[],"yoast_head":"<!-- This site is optimized with the Yoast SEO Premium plugin v22.6 (Yoast SEO v27.4) - https:\/\/yoast.com\/product\/yoast-seo-premium-wordpress\/ -->\n<title>Pol\u00edcia de Veracruz, no M\u00e9xico, prende e agride rep\u00f3rter que cobria protestos - LatAm Journalism Review by the Knight Center<\/title>\n<meta name=\"description\" content=\"Pol\u00edcia de Veracruz, no M\u00e9xico, prende e agride rep\u00f3rter que cobria protestos Viol\u00eancia contra jornalistas. Latin American Journalism Review by The Knight Center at The University of Texas at Austin.\" \/>\n<meta name=\"robots\" content=\"index, follow, max-snippet:-1, max-image-preview:large, max-video-preview:-1\" \/>\n<link rel=\"canonical\" href=\"https:\/\/latamjournalismreview.org\/pt-br\/articles\/policia-de-veracruz-no-mexico-prende-e-agride-reporter-que-cobria-protestos\/\" \/>\n<meta property=\"og:locale\" content=\"pt_BR\" \/>\n<meta property=\"og:type\" content=\"article\" \/>\n<meta property=\"og:title\" content=\"Pol\u00edcia de Veracruz, no M\u00e9xico, prende e agride rep\u00f3rter que cobria protestos\" \/>\n<meta property=\"og:description\" content=\"Pol\u00edcia de Veracruz, no M\u00e9xico, prende e agride rep\u00f3rter que cobria protestos Viol\u00eancia contra jornalistas. Latin American Journalism Review by The Knight Center at The University of Texas at Austin.\" \/>\n<meta property=\"og:url\" content=\"https:\/\/latamjournalismreview.org\/pt-br\/articles\/policia-de-veracruz-no-mexico-prende-e-agride-reporter-que-cobria-protestos\/\" \/>\n<meta property=\"og:site_name\" content=\"LatAm Journalism Review by the Knight Center\" \/>\n<meta property=\"article:published_time\" content=\"2014-03-01T01:38:48+00:00\" \/>\n<meta property=\"article:modified_time\" content=\"2021-10-30T01:39:52+00:00\" \/>\n<meta name=\"author\" content=\"Guest\" \/>\n<meta name=\"twitter:card\" content=\"summary_large_image\" \/>\n<meta name=\"twitter:creator\" content=\"@LatAmJournalism\" \/>\n<meta name=\"twitter:site\" content=\"@LatAmJournalism\" \/>\n<meta name=\"twitter:label1\" content=\"Written by\" \/>\n\t<meta name=\"twitter:data1\" content=\"Guest\" \/>\n\t<meta name=\"twitter:label2\" content=\"Est. reading time\" \/>\n\t<meta name=\"twitter:data2\" content=\"2 minutos\" \/>\n<script type=\"application\/ld+json\" class=\"yoast-schema-graph\">{\"@context\":\"https:\\\/\\\/schema.org\",\"@graph\":[{\"@type\":\"Article\",\"@id\":\"https:\\\/\\\/latamjournalismreview.org\\\/pt-br\\\/articles\\\/policia-de-veracruz-no-mexico-prende-e-agride-reporter-que-cobria-protestos\\\/#article\",\"isPartOf\":{\"@id\":\"https:\\\/\\\/latamjournalismreview.org\\\/pt-br\\\/articles\\\/policia-de-veracruz-no-mexico-prende-e-agride-reporter-que-cobria-protestos\\\/\"},\"author\":{\"name\":\"Guest\",\"@id\":\"https:\\\/\\\/latamjournalismreview.org\\\/pt-br\\\/#\\\/schema\\\/person\\\/0315202e0b3c0963a2440f1c3012c360\"},\"headline\":\"Pol\u00edcia de Veracruz, no M\u00e9xico, prende e agride rep\u00f3rter que cobria protestos\",\"datePublished\":\"2014-03-01T01:38:48+00:00\",\"dateModified\":\"2021-10-30T01:39:52+00:00\",\"mainEntityOfPage\":{\"@id\":\"https:\\\/\\\/latamjournalismreview.org\\\/pt-br\\\/articles\\\/policia-de-veracruz-no-mexico-prende-e-agride-reporter-que-cobria-protestos\\\/\"},\"wordCount\":362,\"publisher\":{\"@id\":\"https:\\\/\\\/latamjournalismreview.org\\\/pt-br\\\/#organization\"},\"keywords\":[\"Ataques contra jornalistas\",\"Deten\u00e7\u00f5es\",\"M\u00e9xico\",\"Viol\u00eancia contra jornalistas\"],\"articleSection\":[\"Viol\u00eancia contra jornalistas\"],\"inLanguage\":\"pt-BR\"},{\"@type\":\"WebPage\",\"@id\":\"https:\\\/\\\/latamjournalismreview.org\\\/pt-br\\\/articles\\\/policia-de-veracruz-no-mexico-prende-e-agride-reporter-que-cobria-protestos\\\/\",\"url\":\"https:\\\/\\\/latamjournalismreview.org\\\/pt-br\\\/articles\\\/policia-de-veracruz-no-mexico-prende-e-agride-reporter-que-cobria-protestos\\\/\",\"name\":\"Pol\u00edcia de Veracruz, no M\u00e9xico, prende e agride rep\u00f3rter que cobria protestos - LatAm Journalism Review by the Knight Center\",\"isPartOf\":{\"@id\":\"https:\\\/\\\/latamjournalismreview.org\\\/pt-br\\\/#website\"},\"datePublished\":\"2014-03-01T01:38:48+00:00\",\"dateModified\":\"2021-10-30T01:39:52+00:00\",\"description\":\"Pol\u00edcia de Veracruz, no M\u00e9xico, prende e agride rep\u00f3rter que cobria protestos Viol\u00eancia contra jornalistas. Latin American Journalism Review by The Knight Center at The University of Texas at Austin.\",\"breadcrumb\":{\"@id\":\"https:\\\/\\\/latamjournalismreview.org\\\/pt-br\\\/articles\\\/policia-de-veracruz-no-mexico-prende-e-agride-reporter-que-cobria-protestos\\\/#breadcrumb\"},\"inLanguage\":\"pt-BR\",\"potentialAction\":[{\"@type\":\"ReadAction\",\"target\":[\"https:\\\/\\\/latamjournalismreview.org\\\/pt-br\\\/articles\\\/policia-de-veracruz-no-mexico-prende-e-agride-reporter-que-cobria-protestos\\\/\"]}]},{\"@type\":\"BreadcrumbList\",\"@id\":\"https:\\\/\\\/latamjournalismreview.org\\\/pt-br\\\/articles\\\/policia-de-veracruz-no-mexico-prende-e-agride-reporter-que-cobria-protestos\\\/#breadcrumb\",\"itemListElement\":[{\"@type\":\"ListItem\",\"position\":1,\"name\":\"Home\",\"item\":\"https:\\\/\\\/latamjournalismreview.org\\\/pt-br\\\/\"},{\"@type\":\"ListItem\",\"position\":2,\"name\":\"Pol\u00edcia de Veracruz, no M\u00e9xico, prende e agride rep\u00f3rter que cobria protestos\"}]},{\"@type\":\"WebSite\",\"@id\":\"https:\\\/\\\/latamjournalismreview.org\\\/pt-br\\\/#website\",\"url\":\"https:\\\/\\\/latamjournalismreview.org\\\/pt-br\\\/\",\"name\":\"LatAm Journalism Review\",\"description\":\"Digital magazine on journalism in Latin America\",\"publisher\":{\"@id\":\"https:\\\/\\\/latamjournalismreview.org\\\/pt-br\\\/#organization\"},\"potentialAction\":[{\"@type\":\"SearchAction\",\"target\":{\"@type\":\"EntryPoint\",\"urlTemplate\":\"https:\\\/\\\/latamjournalismreview.org\\\/pt-br\\\/?s={search_term_string}\"},\"query-input\":{\"@type\":\"PropertyValueSpecification\",\"valueRequired\":true,\"valueName\":\"search_term_string\"}}],\"inLanguage\":\"pt-BR\"},{\"@type\":\"Organization\",\"@id\":\"https:\\\/\\\/latamjournalismreview.org\\\/pt-br\\\/#organization\",\"name\":\"LatAm Journalism Review\",\"url\":\"https:\\\/\\\/latamjournalismreview.org\\\/pt-br\\\/\",\"logo\":{\"@type\":\"ImageObject\",\"inLanguage\":\"pt-BR\",\"@id\":\"https:\\\/\\\/latamjournalismreview.org\\\/pt-br\\\/#\\\/schema\\\/logo\\\/image\\\/\",\"url\":\"https:\\\/\\\/latamjournalismreview.org\\\/wp-content\\\/uploads\\\/2020\\\/05\\\/knight-latAm-review-logo.svg\",\"contentUrl\":\"https:\\\/\\\/latamjournalismreview.org\\\/wp-content\\\/uploads\\\/2020\\\/05\\\/knight-latAm-review-logo.svg\",\"width\":\"1024\",\"height\":\"1024\",\"caption\":\"LatAm Journalism Review\"},\"image\":{\"@id\":\"https:\\\/\\\/latamjournalismreview.org\\\/pt-br\\\/#\\\/schema\\\/logo\\\/image\\\/\"},\"sameAs\":[\"https:\\\/\\\/x.com\\\/LatAmJournalism\"]},{\"@type\":\"Person\",\"@id\":\"https:\\\/\\\/latamjournalismreview.org\\\/pt-br\\\/#\\\/schema\\\/person\\\/0315202e0b3c0963a2440f1c3012c360\",\"name\":\"Guest\",\"url\":\"https:\\\/\\\/latamjournalismreview.org\\\/pt-br\\\/articles\\\/author\\\/guest\\\/\"}]}<\/script>\n<!-- \/ Yoast SEO Premium plugin. -->","yoast_head_json":{"title":"Pol\u00edcia de Veracruz, no M\u00e9xico, prende e agride rep\u00f3rter que cobria protestos - LatAm Journalism Review by the Knight Center","description":"Pol\u00edcia de Veracruz, no M\u00e9xico, prende e agride rep\u00f3rter que cobria protestos Viol\u00eancia contra jornalistas. Latin American Journalism Review by The Knight Center at The University of Texas at Austin.","robots":{"index":"index","follow":"follow","max-snippet":"max-snippet:-1","max-image-preview":"max-image-preview:large","max-video-preview":"max-video-preview:-1"},"canonical":"https:\/\/latamjournalismreview.org\/pt-br\/articles\/policia-de-veracruz-no-mexico-prende-e-agride-reporter-que-cobria-protestos\/","og_locale":"pt_BR","og_type":"article","og_title":"Pol\u00edcia de Veracruz, no M\u00e9xico, prende e agride rep\u00f3rter que cobria protestos","og_description":"Pol\u00edcia de Veracruz, no M\u00e9xico, prende e agride rep\u00f3rter que cobria protestos Viol\u00eancia contra jornalistas. Latin American Journalism Review by The Knight Center at The University of Texas at Austin.","og_url":"https:\/\/latamjournalismreview.org\/pt-br\/articles\/policia-de-veracruz-no-mexico-prende-e-agride-reporter-que-cobria-protestos\/","og_site_name":"LatAm Journalism Review by the Knight Center","article_published_time":"2014-03-01T01:38:48+00:00","article_modified_time":"2021-10-30T01:39:52+00:00","author":"Guest","twitter_card":"summary_large_image","twitter_creator":"@LatAmJournalism","twitter_site":"@LatAmJournalism","twitter_misc":{"Written by":"Guest","Est. reading time":"2 minutos"},"schema":{"@context":"https:\/\/schema.org","@graph":[{"@type":"Article","@id":"https:\/\/latamjournalismreview.org\/pt-br\/articles\/policia-de-veracruz-no-mexico-prende-e-agride-reporter-que-cobria-protestos\/#article","isPartOf":{"@id":"https:\/\/latamjournalismreview.org\/pt-br\/articles\/policia-de-veracruz-no-mexico-prende-e-agride-reporter-que-cobria-protestos\/"},"author":{"name":"Guest","@id":"https:\/\/latamjournalismreview.org\/pt-br\/#\/schema\/person\/0315202e0b3c0963a2440f1c3012c360"},"headline":"Pol\u00edcia de Veracruz, no M\u00e9xico, prende e agride rep\u00f3rter que cobria protestos","datePublished":"2014-03-01T01:38:48+00:00","dateModified":"2021-10-30T01:39:52+00:00","mainEntityOfPage":{"@id":"https:\/\/latamjournalismreview.org\/pt-br\/articles\/policia-de-veracruz-no-mexico-prende-e-agride-reporter-que-cobria-protestos\/"},"wordCount":362,"publisher":{"@id":"https:\/\/latamjournalismreview.org\/pt-br\/#organization"},"keywords":["Ataques contra jornalistas","Deten\u00e7\u00f5es","M\u00e9xico","Viol\u00eancia contra jornalistas"],"articleSection":["Viol\u00eancia contra jornalistas"],"inLanguage":"pt-BR"},{"@type":"WebPage","@id":"https:\/\/latamjournalismreview.org\/pt-br\/articles\/policia-de-veracruz-no-mexico-prende-e-agride-reporter-que-cobria-protestos\/","url":"https:\/\/latamjournalismreview.org\/pt-br\/articles\/policia-de-veracruz-no-mexico-prende-e-agride-reporter-que-cobria-protestos\/","name":"Pol\u00edcia de Veracruz, no M\u00e9xico, prende e agride rep\u00f3rter que cobria protestos - LatAm Journalism Review by the Knight Center","isPartOf":{"@id":"https:\/\/latamjournalismreview.org\/pt-br\/#website"},"datePublished":"2014-03-01T01:38:48+00:00","dateModified":"2021-10-30T01:39:52+00:00","description":"Pol\u00edcia de Veracruz, no M\u00e9xico, prende e agride rep\u00f3rter que cobria protestos Viol\u00eancia contra jornalistas. Latin American Journalism Review by The Knight Center at The University of Texas at Austin.","breadcrumb":{"@id":"https:\/\/latamjournalismreview.org\/pt-br\/articles\/policia-de-veracruz-no-mexico-prende-e-agride-reporter-que-cobria-protestos\/#breadcrumb"},"inLanguage":"pt-BR","potentialAction":[{"@type":"ReadAction","target":["https:\/\/latamjournalismreview.org\/pt-br\/articles\/policia-de-veracruz-no-mexico-prende-e-agride-reporter-que-cobria-protestos\/"]}]},{"@type":"BreadcrumbList","@id":"https:\/\/latamjournalismreview.org\/pt-br\/articles\/policia-de-veracruz-no-mexico-prende-e-agride-reporter-que-cobria-protestos\/#breadcrumb","itemListElement":[{"@type":"ListItem","position":1,"name":"Home","item":"https:\/\/latamjournalismreview.org\/pt-br\/"},{"@type":"ListItem","position":2,"name":"Pol\u00edcia de Veracruz, no M\u00e9xico, prende e agride rep\u00f3rter que cobria protestos"}]},{"@type":"WebSite","@id":"https:\/\/latamjournalismreview.org\/pt-br\/#website","url":"https:\/\/latamjournalismreview.org\/pt-br\/","name":"LatAm Journalism Review","description":"Digital magazine on journalism in Latin America","publisher":{"@id":"https:\/\/latamjournalismreview.org\/pt-br\/#organization"},"potentialAction":[{"@type":"SearchAction","target":{"@type":"EntryPoint","urlTemplate":"https:\/\/latamjournalismreview.org\/pt-br\/?s={search_term_string}"},"query-input":{"@type":"PropertyValueSpecification","valueRequired":true,"valueName":"search_term_string"}}],"inLanguage":"pt-BR"},{"@type":"Organization","@id":"https:\/\/latamjournalismreview.org\/pt-br\/#organization","name":"LatAm Journalism Review","url":"https:\/\/latamjournalismreview.org\/pt-br\/","logo":{"@type":"ImageObject","inLanguage":"pt-BR","@id":"https:\/\/latamjournalismreview.org\/pt-br\/#\/schema\/logo\/image\/","url":"https:\/\/latamjournalismreview.org\/wp-content\/uploads\/2020\/05\/knight-latAm-review-logo.svg","contentUrl":"https:\/\/latamjournalismreview.org\/wp-content\/uploads\/2020\/05\/knight-latAm-review-logo.svg","width":"1024","height":"1024","caption":"LatAm Journalism Review"},"image":{"@id":"https:\/\/latamjournalismreview.org\/pt-br\/#\/schema\/logo\/image\/"},"sameAs":["https:\/\/x.com\/LatAmJournalism"]},{"@type":"Person","@id":"https:\/\/latamjournalismreview.org\/pt-br\/#\/schema\/person\/0315202e0b3c0963a2440f1c3012c360","name":"Guest","url":"https:\/\/latamjournalismreview.org\/pt-br\/articles\/author\/guest\/"}]}},"_links":{"self":[{"href":"https:\/\/latamjournalismreview.org\/pt-br\/wp-json\/wp\/v2\/posts\/39957","targetHints":{"allow":["GET"]}}],"collection":[{"href":"https:\/\/latamjournalismreview.org\/pt-br\/wp-json\/wp\/v2\/posts"}],"about":[{"href":"https:\/\/latamjournalismreview.org\/pt-br\/wp-json\/wp\/v2\/types\/post"}],"author":[{"embeddable":true,"href":"https:\/\/latamjournalismreview.org\/pt-br\/wp-json\/wp\/v2\/users\/17"}],"replies":[{"embeddable":true,"href":"https:\/\/latamjournalismreview.org\/pt-br\/wp-json\/wp\/v2\/comments?post=39957"}],"version-history":[{"count":1,"href":"https:\/\/latamjournalismreview.org\/pt-br\/wp-json\/wp\/v2\/posts\/39957\/revisions"}],"predecessor-version":[{"id":39959,"href":"https:\/\/latamjournalismreview.org\/pt-br\/wp-json\/wp\/v2\/posts\/39957\/revisions\/39959"}],"wp:attachment":[{"href":"https:\/\/latamjournalismreview.org\/pt-br\/wp-json\/wp\/v2\/media?parent=39957"}],"wp:term":[{"taxonomy":"category","embeddable":true,"href":"https:\/\/latamjournalismreview.org\/pt-br\/wp-json\/wp\/v2\/categories?post=39957"},{"taxonomy":"post_tag","embeddable":true,"href":"https:\/\/latamjournalismreview.org\/pt-br\/wp-json\/wp\/v2\/tags?post=39957"},{"taxonomy":"author","embeddable":true,"href":"https:\/\/latamjournalismreview.org\/pt-br\/wp-json\/wp\/v2\/coauthors?post=39957"}],"curies":[{"name":"wp","href":"https:\/\/api.w.org\/{rel}","templated":true}]}}