{"id":403,"date":"2020-03-18T07:03:29","date_gmt":"2020-03-18T12:03:29","guid":{"rendered":"https:\/\/live-lajr.pantheonsite.io\/?p=403"},"modified":"2020-06-04T10:52:11","modified_gmt":"2020-06-04T15:52:11","slug":"ex-agentes-da-ditadura-militar-sao-denunciados-pelo-assassinato-do-jornalista-vladimir-herzog","status":"publish","type":"post","link":"https:\/\/latamjournalismreview.org\/pt-br\/articles\/ex-agentes-da-ditadura-militar-sao-denunciados-pelo-assassinato-do-jornalista-vladimir-herzog\/","title":{"rendered":"Ex-agentes da ditadura militar s\u00e3o denunciados pelo assassinato do jornalista Vladimir Herzog"},"content":{"rendered":"<p>Ap\u00f3s 45 anos, o Minist\u00e9rio P\u00fablico Federal (MPF) denunciou, no dia 16 de mar\u00e7o, ex-agentes da ditadura militar pelo envolvimento na morte do jornalista Vladimir Herzog.<\/p>\n<p>Herzog era ent\u00e3o\u00a0<a href=\"https:\/\/vladimirherzog.org\/biografia\/\">diretor de jornalismo da TV Cultura<\/a>\u00a0e respons\u00e1vel pelo telejornal \u201cHora da Not\u00edcia\u201d quando ele foi morto, em 25 de outubro de 1975.<\/p>\n<p>Na noite antes da sua morte,\u00a0<a href=\"https:\/\/knightcenter.utexas.edu\/pt-br\/blog\/00-19921-corte-interamericana-condena-o-brasil-pelo-assassinato-de-jornalista-vladimir-herzog-e\">autoridades tomaram controle do canal e exigiram que Herzog fosse interrogado<\/a>, segundo a Corte Interamericana de Direitos Humanos. Ele compareceu voluntariamente no dia seguinte, foi interrogado e torturado.<\/p>\n<p>Na \u00e9poca, o regime alegou que ele tinha se suicidado, o que a fam\u00edlia sempre contestou.<\/p>\n<p>Segundo o MPF,\u00a0<a href=\"http:\/\/www.mpf.mp.br\/sp\/sala-de-imprensa\/noticias-sp\/mpf-denuncia-seis-ex-agentes-da-ditadura-pelo-assassinato-de-vladimir-herzog\">o assassinato \u00e9 imprescrit\u00edvel<\/a>, ou seja, n\u00e3o h\u00e1 prazo para que ele seja julgado. O MPF tamb\u00e9m disse que o crime n\u00e3o pode ser anistiado, \"uma vez que foi cometido em um contexto de ataque sistem\u00e1tico e generalizado do Estado brasileiro contra a popula\u00e7\u00e3o civil.\"<\/p>\n<p><a href=\"http:\/\/www.mpf.mp.br\/sp\/sala-de-imprensa\/noticias-sp\/mpf-denuncia-seis-ex-agentes-da-ditadura-pelo-assassinato-de-vladimir-herzog\">O MPF denunciou<\/a>\u00a0o ent\u00e3o chefe de comando da 2\u00aa Se\u00e7\u00e3o do Estado-Maior do II Ex\u00e9rcito, Jos\u00e9 Barros Paes, o comandante do DOI-Codi \u00e0 \u00e9poca, Audir Santos Maciel, e o ex-agente da unidade Altair Casadei. Al\u00e9m deles, tamb\u00e9m foram denunciados os m\u00e9dicos legistas Harry Shibata e Arildo de Toledo. O promotor de Justi\u00e7a Militar aposentado Durval Moura Ara\u00fajo tamb\u00e9m foi inclu\u00eddo.<\/p>\n<p>Em mar\u00e7o de 2018,\u00a0<a href=\"https:\/\/knightcenter.utexas.edu\/pt-br\/blog\/00-19921-corte-interamericana-condena-o-brasil-pelo-assassinato-de-jornalista-vladimir-herzog-e\">a Corte Interamericana de Direitos Humanos condenou o Brasil<\/a>\u00a0por neglig\u00eancia em investigar e julgar o caso.<\/p>\n<p>A corte disse que Herzog foi preso, interrogado, torturado e assassinado \"em um contexto de ataques sistematizados e generalizados contra a popula\u00e7\u00e3o civil considerada como oposi\u00e7\u00e3o na ditadura brasileira e, especialmente, contra jornalistas e membros do Partido Comunista Brasileiro\".<\/p>\n<p>Ap\u00f3s o an\u00fancio do MPF, o Instituto Vladimir Herzog publicou no Twitter: \"<a href=\"https:\/\/twitter.com\/vladimirherzog\/status\/1240041597661777921\">Nossa expectativa agora \u00e9 que a Justi\u00e7a brasileira aceite imediatamente a den\u00fancia do MPF<\/a>\u00a0e os acusados possam ser levados a julgamento colocando um ponto final nesses 45 anos de impunidade\".<\/p>\n","protected":false},"excerpt":{"rendered":"<p>Ap\u00f3s 45 anos, o Minist\u00e9rio P\u00fablico Federal (MPF) denunciou, no dia 16 de mar\u00e7o, ex-agentes da ditadura militar pelo envolvimento na morte do jornalista Vladimir Herzog.<\/p>\n","protected":false},"author":3,"featured_media":0,"comment_status":"closed","ping_status":"closed","sticky":false,"template":"","format":"standard","meta":{"inline_featured_image":false,"footnotes":""},"categories":[1221],"tags":[1552,1379],"coauthors":[],"class_list":["post-403","post","type-post","status-publish","format-standard","hentry","category-violencia-contra-jornalistas-pt-br","tag-assassinatos-de-jornalistas-pt-br","tag-casos-judiciais-pt-br"],"acf":[],"yoast_head":"<!-- This site is optimized with the Yoast SEO Premium plugin v22.6 (Yoast SEO v27.4) - https:\/\/yoast.com\/product\/yoast-seo-premium-wordpress\/ -->\n<title>Ex-agentes da ditadura militar s\u00e3o denunciados pelo assassinato do jornalista Vladimir Herzog - LatAm Journalism Review by the Knight Center<\/title>\n<meta name=\"description\" content=\"Ex-agentes da ditadura militar s\u00e3o denunciados pelo assassinato do jornalista Vladimir Herzog . Latin American Journalism Review by The Knight Center at The University of Texas at Austin.\" \/>\n<meta name=\"robots\" content=\"index, follow, max-snippet:-1, max-image-preview:large, max-video-preview:-1\" \/>\n<link rel=\"canonical\" href=\"https:\/\/latamjournalismreview.org\/pt-br\/articles\/ex-agentes-da-ditadura-militar-sao-denunciados-pelo-assassinato-do-jornalista-vladimir-herzog\/\" \/>\n<meta property=\"og:locale\" content=\"pt_BR\" \/>\n<meta property=\"og:type\" content=\"article\" \/>\n<meta property=\"og:title\" content=\"Ex-agentes da ditadura militar s\u00e3o denunciados pelo assassinato do jornalista Vladimir Herzog\" \/>\n<meta property=\"og:description\" content=\"Ex-agentes da ditadura militar s\u00e3o denunciados pelo assassinato do jornalista Vladimir Herzog . Latin American Journalism Review by The Knight Center at The University of Texas at Austin.\" \/>\n<meta property=\"og:url\" content=\"https:\/\/latamjournalismreview.org\/pt-br\/articles\/ex-agentes-da-ditadura-militar-sao-denunciados-pelo-assassinato-do-jornalista-vladimir-herzog\/\" \/>\n<meta property=\"og:site_name\" content=\"LatAm Journalism Review by the Knight Center\" \/>\n<meta property=\"article:published_time\" content=\"2020-03-18T12:03:29+00:00\" \/>\n<meta property=\"article:modified_time\" content=\"2020-06-04T15:52:11+00:00\" \/>\n<meta name=\"author\" content=\"Teresa Mioli\" \/>\n<meta name=\"twitter:card\" content=\"summary_large_image\" \/>\n<meta name=\"twitter:creator\" content=\"@TeresaMioli\" \/>\n<meta name=\"twitter:site\" content=\"@LatAmJournalism\" \/>\n<meta name=\"twitter:label1\" content=\"Written by\" \/>\n\t<meta name=\"twitter:data1\" content=\"Teresa Mioli\" \/>\n\t<meta name=\"twitter:label2\" content=\"Est. reading time\" \/>\n\t<meta name=\"twitter:data2\" content=\"2 minutos\" \/>\n<script type=\"application\/ld+json\" class=\"yoast-schema-graph\">{\"@context\":\"https:\\\/\\\/schema.org\",\"@graph\":[{\"@type\":\"Article\",\"@id\":\"https:\\\/\\\/latamjournalismreview.org\\\/pt-br\\\/articles\\\/ex-agentes-da-ditadura-militar-sao-denunciados-pelo-assassinato-do-jornalista-vladimir-herzog\\\/#article\",\"isPartOf\":{\"@id\":\"https:\\\/\\\/latamjournalismreview.org\\\/pt-br\\\/articles\\\/ex-agentes-da-ditadura-militar-sao-denunciados-pelo-assassinato-do-jornalista-vladimir-herzog\\\/\"},\"author\":{\"name\":\"Teresa Mioli\",\"@id\":\"https:\\\/\\\/latamjournalismreview.org\\\/pt-br\\\/#\\\/schema\\\/person\\\/b83a4912f05c8178389e917d8d51de03\"},\"headline\":\"Ex-agentes da ditadura militar s\u00e3o denunciados pelo assassinato do jornalista Vladimir Herzog\",\"datePublished\":\"2020-03-18T12:03:29+00:00\",\"dateModified\":\"2020-06-04T15:52:11+00:00\",\"mainEntityOfPage\":{\"@id\":\"https:\\\/\\\/latamjournalismreview.org\\\/pt-br\\\/articles\\\/ex-agentes-da-ditadura-militar-sao-denunciados-pelo-assassinato-do-jornalista-vladimir-herzog\\\/\"},\"wordCount\":349,\"publisher\":{\"@id\":\"https:\\\/\\\/latamjournalismreview.org\\\/pt-br\\\/#organization\"},\"keywords\":[\"Assassinatos de jornalistas\",\"Casos judiciais\"],\"articleSection\":[\"Viol\u00eancia contra jornalistas\"],\"inLanguage\":\"pt-BR\"},{\"@type\":\"WebPage\",\"@id\":\"https:\\\/\\\/latamjournalismreview.org\\\/pt-br\\\/articles\\\/ex-agentes-da-ditadura-militar-sao-denunciados-pelo-assassinato-do-jornalista-vladimir-herzog\\\/\",\"url\":\"https:\\\/\\\/latamjournalismreview.org\\\/pt-br\\\/articles\\\/ex-agentes-da-ditadura-militar-sao-denunciados-pelo-assassinato-do-jornalista-vladimir-herzog\\\/\",\"name\":\"Ex-agentes da ditadura militar s\u00e3o denunciados pelo assassinato do jornalista Vladimir Herzog - LatAm Journalism Review by the Knight Center\",\"isPartOf\":{\"@id\":\"https:\\\/\\\/latamjournalismreview.org\\\/pt-br\\\/#website\"},\"datePublished\":\"2020-03-18T12:03:29+00:00\",\"dateModified\":\"2020-06-04T15:52:11+00:00\",\"description\":\"Ex-agentes da ditadura militar s\u00e3o denunciados pelo assassinato do jornalista Vladimir Herzog . Latin American Journalism Review by The Knight Center at The University of Texas at Austin.\",\"breadcrumb\":{\"@id\":\"https:\\\/\\\/latamjournalismreview.org\\\/pt-br\\\/articles\\\/ex-agentes-da-ditadura-militar-sao-denunciados-pelo-assassinato-do-jornalista-vladimir-herzog\\\/#breadcrumb\"},\"inLanguage\":\"pt-BR\",\"potentialAction\":[{\"@type\":\"ReadAction\",\"target\":[\"https:\\\/\\\/latamjournalismreview.org\\\/pt-br\\\/articles\\\/ex-agentes-da-ditadura-militar-sao-denunciados-pelo-assassinato-do-jornalista-vladimir-herzog\\\/\"]}]},{\"@type\":\"BreadcrumbList\",\"@id\":\"https:\\\/\\\/latamjournalismreview.org\\\/pt-br\\\/articles\\\/ex-agentes-da-ditadura-militar-sao-denunciados-pelo-assassinato-do-jornalista-vladimir-herzog\\\/#breadcrumb\",\"itemListElement\":[{\"@type\":\"ListItem\",\"position\":1,\"name\":\"Home\",\"item\":\"https:\\\/\\\/latamjournalismreview.org\\\/pt-br\\\/\"},{\"@type\":\"ListItem\",\"position\":2,\"name\":\"Ex-agentes da ditadura militar s\u00e3o denunciados pelo assassinato do jornalista Vladimir Herzog\"}]},{\"@type\":\"WebSite\",\"@id\":\"https:\\\/\\\/latamjournalismreview.org\\\/pt-br\\\/#website\",\"url\":\"https:\\\/\\\/latamjournalismreview.org\\\/pt-br\\\/\",\"name\":\"LatAm Journalism Review\",\"description\":\"Digital magazine on journalism in Latin America\",\"publisher\":{\"@id\":\"https:\\\/\\\/latamjournalismreview.org\\\/pt-br\\\/#organization\"},\"potentialAction\":[{\"@type\":\"SearchAction\",\"target\":{\"@type\":\"EntryPoint\",\"urlTemplate\":\"https:\\\/\\\/latamjournalismreview.org\\\/pt-br\\\/?s={search_term_string}\"},\"query-input\":{\"@type\":\"PropertyValueSpecification\",\"valueRequired\":true,\"valueName\":\"search_term_string\"}}],\"inLanguage\":\"pt-BR\"},{\"@type\":\"Organization\",\"@id\":\"https:\\\/\\\/latamjournalismreview.org\\\/pt-br\\\/#organization\",\"name\":\"LatAm Journalism Review\",\"url\":\"https:\\\/\\\/latamjournalismreview.org\\\/pt-br\\\/\",\"logo\":{\"@type\":\"ImageObject\",\"inLanguage\":\"pt-BR\",\"@id\":\"https:\\\/\\\/latamjournalismreview.org\\\/pt-br\\\/#\\\/schema\\\/logo\\\/image\\\/\",\"url\":\"https:\\\/\\\/latamjournalismreview.org\\\/wp-content\\\/uploads\\\/2020\\\/05\\\/knight-latAm-review-logo.svg\",\"contentUrl\":\"https:\\\/\\\/latamjournalismreview.org\\\/wp-content\\\/uploads\\\/2020\\\/05\\\/knight-latAm-review-logo.svg\",\"width\":\"1024\",\"height\":\"1024\",\"caption\":\"LatAm Journalism Review\"},\"image\":{\"@id\":\"https:\\\/\\\/latamjournalismreview.org\\\/pt-br\\\/#\\\/schema\\\/logo\\\/image\\\/\"},\"sameAs\":[\"https:\\\/\\\/x.com\\\/LatAmJournalism\"]},{\"@type\":\"Person\",\"@id\":\"https:\\\/\\\/latamjournalismreview.org\\\/pt-br\\\/#\\\/schema\\\/person\\\/b83a4912f05c8178389e917d8d51de03\",\"name\":\"Teresa Mioli\",\"description\":\"Teresa Mioli is the editorial manager for the Knight Center for Journalism in the Americas. She is interested in press freedom, democratization, and investigative journalism in Latin America and is dedicated to increasing awareness about the importance of independent news media to the health of democracies. She produces journalistic work with the aim of helping people to make informed decisions about their lives and societies and wants to make sure other journalists are able to do the same. She has Bachelors' degrees in Journalism and Plan II Honors (Liberal Arts) and a Master's degree in Latin American Studies, all from the University of Texas at Austin. She started her journalistic career at The Beaumont Enterprise in Southeast Texas where she last worked as a breaking news reporter. ______ Teresa Mioli es la directora editorial del Centro Knight para el Periodismo en las Am\u00e9ricas. Es una periodista con inter\u00e9s en la libertad de prensa, la democratizaci\u00f3n y el periodismo investigativo en Am\u00e9rica Latina y est\u00e1 dedicada a crear mayor consciencia sobre la importancia de los medios noticiosos independientes para la salud de las democracias. El objetivo de su trabajo period\u00edstico es ayudar las personas para que tomen decisiones informadas sobre sus vidas y sus sociedades, y busca que otros periodistas tengan la posibilidad de hacer lo mismo. Teresa tiene una licenciatura en Periodismo y Artes liberales (Plan II Honors), y una maestr\u00eda en Estudios Latinoamericanos, todos de la Universidad de Texas en Austin. Empez\u00f3 su carrera en periodismo en The Beaumont Enterprise al sureste de Texas, en donde recientemente trabaj\u00f3 como reportera de noticias de \u00faltima hora. Anteriormente ella fue la editora de LatAm Journalism Review del Centro Knight. ______ Teresa Mioli \u00e9 gerente editorial do Centro Knight para o Jornalismo nas Am\u00e9ricas. Ela se interessa por liberdade de imprensa, democratiza\u00e7\u00e3o e jornalismo investigativo na Am\u00e9rica Latina e se dedica a aumentar a conscientiza\u00e7\u00e3o sobre a import\u00e2ncia da m\u00eddia independente para a sa\u00fade das democracias. Ela produz trabalhos jornal\u00edsticos com o objetivo de ajudar as pessoas a tomarem decis\u00f5es informadas sobre suas vidas e sociedades e deseja garantir que outros jornalistas possam fazer o mesmo. Ela tem bacharelado em jornalismo e artes liberais e um mestrado em Estudos Latino-Americanos, todos pela Universidade do Texas em Austin. Ela come\u00e7ou sua carreira jornal\u00edstica na The Beaumont Enterprise no sudeste do Texas, onde trabalhou pela \u00faltima vez como rep\u00f3rter de not\u00edcias de \u00faltima hora.\",\"sameAs\":[\"https:\\\/\\\/x.com\\\/TeresaMioli\"],\"url\":\"https:\\\/\\\/latamjournalismreview.org\\\/pt-br\\\/articles\\\/author\\\/teresa-mioli\\\/\"}]}<\/script>\n<!-- \/ Yoast SEO Premium plugin. -->","yoast_head_json":{"title":"Ex-agentes da ditadura militar s\u00e3o denunciados pelo assassinato do jornalista Vladimir Herzog - LatAm Journalism Review by the Knight Center","description":"Ex-agentes da ditadura militar s\u00e3o denunciados pelo assassinato do jornalista Vladimir Herzog . Latin American Journalism Review by The Knight Center at The University of Texas at Austin.","robots":{"index":"index","follow":"follow","max-snippet":"max-snippet:-1","max-image-preview":"max-image-preview:large","max-video-preview":"max-video-preview:-1"},"canonical":"https:\/\/latamjournalismreview.org\/pt-br\/articles\/ex-agentes-da-ditadura-militar-sao-denunciados-pelo-assassinato-do-jornalista-vladimir-herzog\/","og_locale":"pt_BR","og_type":"article","og_title":"Ex-agentes da ditadura militar s\u00e3o denunciados pelo assassinato do jornalista Vladimir Herzog","og_description":"Ex-agentes da ditadura militar s\u00e3o denunciados pelo assassinato do jornalista Vladimir Herzog . Latin American Journalism Review by The Knight Center at The University of Texas at Austin.","og_url":"https:\/\/latamjournalismreview.org\/pt-br\/articles\/ex-agentes-da-ditadura-militar-sao-denunciados-pelo-assassinato-do-jornalista-vladimir-herzog\/","og_site_name":"LatAm Journalism Review by the Knight Center","article_published_time":"2020-03-18T12:03:29+00:00","article_modified_time":"2020-06-04T15:52:11+00:00","author":"Teresa Mioli","twitter_card":"summary_large_image","twitter_creator":"@TeresaMioli","twitter_site":"@LatAmJournalism","twitter_misc":{"Written by":"Teresa Mioli","Est. reading time":"2 minutos"},"schema":{"@context":"https:\/\/schema.org","@graph":[{"@type":"Article","@id":"https:\/\/latamjournalismreview.org\/pt-br\/articles\/ex-agentes-da-ditadura-militar-sao-denunciados-pelo-assassinato-do-jornalista-vladimir-herzog\/#article","isPartOf":{"@id":"https:\/\/latamjournalismreview.org\/pt-br\/articles\/ex-agentes-da-ditadura-militar-sao-denunciados-pelo-assassinato-do-jornalista-vladimir-herzog\/"},"author":{"name":"Teresa Mioli","@id":"https:\/\/latamjournalismreview.org\/pt-br\/#\/schema\/person\/b83a4912f05c8178389e917d8d51de03"},"headline":"Ex-agentes da ditadura militar s\u00e3o denunciados pelo assassinato do jornalista Vladimir Herzog","datePublished":"2020-03-18T12:03:29+00:00","dateModified":"2020-06-04T15:52:11+00:00","mainEntityOfPage":{"@id":"https:\/\/latamjournalismreview.org\/pt-br\/articles\/ex-agentes-da-ditadura-militar-sao-denunciados-pelo-assassinato-do-jornalista-vladimir-herzog\/"},"wordCount":349,"publisher":{"@id":"https:\/\/latamjournalismreview.org\/pt-br\/#organization"},"keywords":["Assassinatos de jornalistas","Casos judiciais"],"articleSection":["Viol\u00eancia contra jornalistas"],"inLanguage":"pt-BR"},{"@type":"WebPage","@id":"https:\/\/latamjournalismreview.org\/pt-br\/articles\/ex-agentes-da-ditadura-militar-sao-denunciados-pelo-assassinato-do-jornalista-vladimir-herzog\/","url":"https:\/\/latamjournalismreview.org\/pt-br\/articles\/ex-agentes-da-ditadura-militar-sao-denunciados-pelo-assassinato-do-jornalista-vladimir-herzog\/","name":"Ex-agentes da ditadura militar s\u00e3o denunciados pelo assassinato do jornalista Vladimir Herzog - LatAm Journalism Review by the Knight Center","isPartOf":{"@id":"https:\/\/latamjournalismreview.org\/pt-br\/#website"},"datePublished":"2020-03-18T12:03:29+00:00","dateModified":"2020-06-04T15:52:11+00:00","description":"Ex-agentes da ditadura militar s\u00e3o denunciados pelo assassinato do jornalista Vladimir Herzog . Latin American Journalism Review by The Knight Center at The University of Texas at Austin.","breadcrumb":{"@id":"https:\/\/latamjournalismreview.org\/pt-br\/articles\/ex-agentes-da-ditadura-militar-sao-denunciados-pelo-assassinato-do-jornalista-vladimir-herzog\/#breadcrumb"},"inLanguage":"pt-BR","potentialAction":[{"@type":"ReadAction","target":["https:\/\/latamjournalismreview.org\/pt-br\/articles\/ex-agentes-da-ditadura-militar-sao-denunciados-pelo-assassinato-do-jornalista-vladimir-herzog\/"]}]},{"@type":"BreadcrumbList","@id":"https:\/\/latamjournalismreview.org\/pt-br\/articles\/ex-agentes-da-ditadura-militar-sao-denunciados-pelo-assassinato-do-jornalista-vladimir-herzog\/#breadcrumb","itemListElement":[{"@type":"ListItem","position":1,"name":"Home","item":"https:\/\/latamjournalismreview.org\/pt-br\/"},{"@type":"ListItem","position":2,"name":"Ex-agentes da ditadura militar s\u00e3o denunciados pelo assassinato do jornalista Vladimir Herzog"}]},{"@type":"WebSite","@id":"https:\/\/latamjournalismreview.org\/pt-br\/#website","url":"https:\/\/latamjournalismreview.org\/pt-br\/","name":"LatAm Journalism Review","description":"Digital magazine on journalism in Latin America","publisher":{"@id":"https:\/\/latamjournalismreview.org\/pt-br\/#organization"},"potentialAction":[{"@type":"SearchAction","target":{"@type":"EntryPoint","urlTemplate":"https:\/\/latamjournalismreview.org\/pt-br\/?s={search_term_string}"},"query-input":{"@type":"PropertyValueSpecification","valueRequired":true,"valueName":"search_term_string"}}],"inLanguage":"pt-BR"},{"@type":"Organization","@id":"https:\/\/latamjournalismreview.org\/pt-br\/#organization","name":"LatAm Journalism Review","url":"https:\/\/latamjournalismreview.org\/pt-br\/","logo":{"@type":"ImageObject","inLanguage":"pt-BR","@id":"https:\/\/latamjournalismreview.org\/pt-br\/#\/schema\/logo\/image\/","url":"https:\/\/latamjournalismreview.org\/wp-content\/uploads\/2020\/05\/knight-latAm-review-logo.svg","contentUrl":"https:\/\/latamjournalismreview.org\/wp-content\/uploads\/2020\/05\/knight-latAm-review-logo.svg","width":"1024","height":"1024","caption":"LatAm Journalism Review"},"image":{"@id":"https:\/\/latamjournalismreview.org\/pt-br\/#\/schema\/logo\/image\/"},"sameAs":["https:\/\/x.com\/LatAmJournalism"]},{"@type":"Person","@id":"https:\/\/latamjournalismreview.org\/pt-br\/#\/schema\/person\/b83a4912f05c8178389e917d8d51de03","name":"Teresa Mioli","description":"Teresa Mioli is the editorial manager for the Knight Center for Journalism in the Americas. She is interested in press freedom, democratization, and investigative journalism in Latin America and is dedicated to increasing awareness about the importance of independent news media to the health of democracies. She produces journalistic work with the aim of helping people to make informed decisions about their lives and societies and wants to make sure other journalists are able to do the same. She has Bachelors' degrees in Journalism and Plan II Honors (Liberal Arts) and a Master's degree in Latin American Studies, all from the University of Texas at Austin. She started her journalistic career at The Beaumont Enterprise in Southeast Texas where she last worked as a breaking news reporter. ______ Teresa Mioli es la directora editorial del Centro Knight para el Periodismo en las Am\u00e9ricas. Es una periodista con inter\u00e9s en la libertad de prensa, la democratizaci\u00f3n y el periodismo investigativo en Am\u00e9rica Latina y est\u00e1 dedicada a crear mayor consciencia sobre la importancia de los medios noticiosos independientes para la salud de las democracias. El objetivo de su trabajo period\u00edstico es ayudar las personas para que tomen decisiones informadas sobre sus vidas y sus sociedades, y busca que otros periodistas tengan la posibilidad de hacer lo mismo. Teresa tiene una licenciatura en Periodismo y Artes liberales (Plan II Honors), y una maestr\u00eda en Estudios Latinoamericanos, todos de la Universidad de Texas en Austin. Empez\u00f3 su carrera en periodismo en The Beaumont Enterprise al sureste de Texas, en donde recientemente trabaj\u00f3 como reportera de noticias de \u00faltima hora. Anteriormente ella fue la editora de LatAm Journalism Review del Centro Knight. ______ Teresa Mioli \u00e9 gerente editorial do Centro Knight para o Jornalismo nas Am\u00e9ricas. Ela se interessa por liberdade de imprensa, democratiza\u00e7\u00e3o e jornalismo investigativo na Am\u00e9rica Latina e se dedica a aumentar a conscientiza\u00e7\u00e3o sobre a import\u00e2ncia da m\u00eddia independente para a sa\u00fade das democracias. Ela produz trabalhos jornal\u00edsticos com o objetivo de ajudar as pessoas a tomarem decis\u00f5es informadas sobre suas vidas e sociedades e deseja garantir que outros jornalistas possam fazer o mesmo. Ela tem bacharelado em jornalismo e artes liberais e um mestrado em Estudos Latino-Americanos, todos pela Universidade do Texas em Austin. Ela come\u00e7ou sua carreira jornal\u00edstica na The Beaumont Enterprise no sudeste do Texas, onde trabalhou pela \u00faltima vez como rep\u00f3rter de not\u00edcias de \u00faltima hora.","sameAs":["https:\/\/x.com\/TeresaMioli"],"url":"https:\/\/latamjournalismreview.org\/pt-br\/articles\/author\/teresa-mioli\/"}]}},"_links":{"self":[{"href":"https:\/\/latamjournalismreview.org\/pt-br\/wp-json\/wp\/v2\/posts\/403","targetHints":{"allow":["GET"]}}],"collection":[{"href":"https:\/\/latamjournalismreview.org\/pt-br\/wp-json\/wp\/v2\/posts"}],"about":[{"href":"https:\/\/latamjournalismreview.org\/pt-br\/wp-json\/wp\/v2\/types\/post"}],"author":[{"embeddable":true,"href":"https:\/\/latamjournalismreview.org\/pt-br\/wp-json\/wp\/v2\/users\/3"}],"replies":[{"embeddable":true,"href":"https:\/\/latamjournalismreview.org\/pt-br\/wp-json\/wp\/v2\/comments?post=403"}],"version-history":[{"count":3,"href":"https:\/\/latamjournalismreview.org\/pt-br\/wp-json\/wp\/v2\/posts\/403\/revisions"}],"predecessor-version":[{"id":3542,"href":"https:\/\/latamjournalismreview.org\/pt-br\/wp-json\/wp\/v2\/posts\/403\/revisions\/3542"}],"wp:attachment":[{"href":"https:\/\/latamjournalismreview.org\/pt-br\/wp-json\/wp\/v2\/media?parent=403"}],"wp:term":[{"taxonomy":"category","embeddable":true,"href":"https:\/\/latamjournalismreview.org\/pt-br\/wp-json\/wp\/v2\/categories?post=403"},{"taxonomy":"post_tag","embeddable":true,"href":"https:\/\/latamjournalismreview.org\/pt-br\/wp-json\/wp\/v2\/tags?post=403"},{"taxonomy":"author","embeddable":true,"href":"https:\/\/latamjournalismreview.org\/pt-br\/wp-json\/wp\/v2\/coauthors?post=403"}],"curies":[{"name":"wp","href":"https:\/\/api.w.org\/{rel}","templated":true}]}}