{"id":40489,"date":"2014-05-26T14:27:30","date_gmt":"2014-05-26T19:27:30","guid":{"rendered":"https:\/\/latamjournalismreview.org\/?p=40489"},"modified":"2021-11-05T14:29:18","modified_gmt":"2021-11-05T19:29:18","slug":"governo-retira-publicidade-estatal-de-jornal-boliviano-que-divulgou-video-de-prefeito-assediando-jornalista","status":"publish","type":"post","link":"https:\/\/latamjournalismreview.org\/pt-br\/articles\/governo-retira-publicidade-estatal-de-jornal-boliviano-que-divulgou-video-de-prefeito-assediando-jornalista\/","title":{"rendered":"Governo retira publicidade estatal de jornal boliviano que divulgou v\u00eddeo de prefeito assediando jornalista"},"content":{"rendered":"<p>O governo da cidade boliviana de Santa Cruz de la Sierra\u00a0<a href=\"http:\/\/www.sipiapa.org\/la-sip-condena-hostigamiento-contra-el-diario-el-deber-de-bolivia\/#.U30l9-Hwu7w.twitter\" target=\"_blank\" rel=\"noopener\">retirou a verba\u00a0de publicidade do jornal\u00a0local El Deber<\/a>\u00a0ap\u00f3s\u00a0divulgar em seu site um v\u00eddeo em que se v\u00ea o prefeito\u00a0da cidade, Percy Fern\u00e1ndez \u00c1\u00f1ez, tocando na perna de uma jornalista sentada do seu lado, denunciou\u00a0a Sociedade Interamericana de Imprensa (SIP) em um comunicado de 21 de maio.<\/p>\n<p>El Deber afirmou ser v\u00edtima de amea\u00e7as de funcion\u00e1rios pr\u00f3ximos\u00a0ao\u00a0governo\u00a0de Fern\u00e1ndez, como parte de uma\u00a0<a href=\"http:\/\/www.clarin.com\/mundo\/SIP-denuncio-intimidaciones-Deber-Bolivia_0_1143485738.html\" target=\"_blank\" rel=\"noopener\">campanha de intimida\u00e7\u00e3o<\/a>, ap\u00f3s a\u00a0retirada\u00a0total da publicidade estatal sofrida\u00a0por publicar h\u00e1 uma semana\u00a0<a href=\"http:\/\/www.eldeber.com.bo\/Ciudad\/video-en-el-que-percy-fernandez-incomoda-a-una-periodista\/140430190324\" target=\"_blank\" rel=\"noopener\">o v\u00eddeo que registrou a conduta do prefeito<\/a>\u00a0que incomodou a jornalista\u00a0<a href=\"http:\/\/www.lostiempos.com\/diario\/actualidad\/nacional\/20140506\/familia-de-periodista-acosada-acepta-disculpas-del-alcalde-percy_253941_555568.html\" target=\"_blank\" rel=\"noopener\">Mercedes Guzm\u00e1n<\/a>\u00a0do canal Red UNO da Bol\u00edvia.<\/p>\n<p>Claudio Paolillo, que\u00a0preside a Comiss\u00e3o de Liberdade de Imprensa e Informa\u00e7\u00e3o da SIP,\u00a0<a href=\"http:\/\/www.sipiapa.org\/la-sip-condena-hostigamiento-contra-el-diario-el-deber-de-bolivia\/#.U30l9-Hwu7w.twitter\" target=\"_blank\" rel=\"noopener\">condenou o ass\u00e9dio\u00a0contra o\u00a0di\u00e1rio e as repres\u00e1lias do governo local<\/a>\u00a0que \u201caparentam ter sua origem\u201d na publica\u00e7\u00e3o do mencionado v\u00eddeo.<\/p>\n<p>Paolillo destacou\u00a0os princ\u00edpios 4, 7 e 10 da Declara\u00e7\u00e3o de Chapultepec, que\u00a0determinam que as press\u00f5es aos meios de comunica\u00e7\u00e3o\u00a0restringem\u00a0a liberdade de express\u00e3o\u00a0e\u00a0de imprensa, e que\u00a0<a href=\"http:\/\/www.sipiapa.org\/chapultepec3\/acerca-de-la-declaracion\/\" target=\"_blank\" rel=\"noopener\">a concess\u00e3o ou supress\u00e3o\u00a0de publicidade estatal n\u00e3o deve ser aplicada\u00a0para premiar ou castigar ve\u00edculos\u00a0ou jornalistas<\/a>.<\/p>\n<p>A Ag\u00eancia de Not\u00edcias Fides (ANF) disse que \"<a href=\"http:\/\/www.noticiasfides.com\/g\/politica\/la-anp-denuncia-amenazas-contra-el-periodico-el-deber-24337\/\" target=\"_blank\" rel=\"noopener\">essa atitude in\u00fatil de intimida\u00e7\u00e3o se soma \u00e0 chantagem exercida\u00a0pelos funcion\u00e1rios municipais<\/a>\u00a0encarregados da publicidade, que excluem de seus investimentos\u00a0publicit\u00e1rios o El Deber, como forma de\u00a0san\u00e7\u00e3o por refletir\u00a0a opini\u00e3o coletiva de desaprova\u00e7\u00e3o\u00a0\u00e0s frequentes a\u00e7\u00f5es de um prefeito\u00a0cujo comportamento beira\u00a0o descontrole e a ilegalidade\".<\/p>\n<p><em>Nota do editor: Essa hist\u00f3ria foi publicada originalmente no blog de jornalismo nas Am\u00e9ricas do Centro Knight, o predecessor do LatAm Journalism Review.<\/em><\/p>\n","protected":false},"excerpt":{"rendered":"<p>O governo da cidade boliviana de Santa Cruz de la Sierra\u00a0retirou a verba\u00a0de publicidade do jornal\u00a0local El Deber\u00a0ap\u00f3s\u00a0divulgar em seu site um v\u00eddeo em que se v\u00ea o prefeito\u00a0da cidade, Percy Fern\u00e1ndez \u00c1\u00f1ez, tocando na perna de uma jornalista sentada do seu lado, denunciou\u00a0a Sociedade Interamericana de Imprensa (SIP) em um comunicado de 21 de maio.<\/p>\n","protected":false},"author":4,"featured_media":0,"comment_status":"closed","ping_status":"closed","sticky":false,"template":"","format":"standard","meta":{"inline_featured_image":false,"footnotes":""},"categories":[1219],"tags":[1579,1560,2051,1621],"coauthors":[],"class_list":["post-40489","post","type-post","status-publish","format-standard","hentry","category-liberdade-de-imprensa-pt-br","tag-assedio-pt-br","tag-bolivia-pt-br","tag-liberdade-de-expressao-pt-br","tag-publicidade-oficial-pt-br"],"acf":[],"yoast_head":"<!-- This site is optimized with the Yoast SEO Premium plugin v22.6 (Yoast SEO v27.4) - https:\/\/yoast.com\/product\/yoast-seo-premium-wordpress\/ -->\n<title>Governo retira publicidade estatal de jornal boliviano que divulgou v\u00eddeo de prefeito assediando jornalista - LatAm Journalism Review by the Knight Center<\/title>\n<meta name=\"description\" content=\"Governo retira publicidade estatal de jornal boliviano que divulgou v\u00eddeo de prefeito assediando jornalista Liberdade de imprensa. Latin American Journalism Review by The Knight Center at The University of Texas at Austin.\" \/>\n<meta name=\"robots\" content=\"index, follow, max-snippet:-1, max-image-preview:large, max-video-preview:-1\" \/>\n<link rel=\"canonical\" href=\"https:\/\/latamjournalismreview.org\/pt-br\/articles\/governo-retira-publicidade-estatal-de-jornal-boliviano-que-divulgou-video-de-prefeito-assediando-jornalista\/\" \/>\n<meta property=\"og:locale\" content=\"pt_BR\" \/>\n<meta property=\"og:type\" content=\"article\" \/>\n<meta property=\"og:title\" content=\"Governo retira publicidade estatal de jornal boliviano que divulgou v\u00eddeo de prefeito assediando jornalista\" \/>\n<meta property=\"og:description\" content=\"Governo retira publicidade estatal de jornal boliviano que divulgou v\u00eddeo de prefeito assediando jornalista Liberdade de imprensa. Latin American Journalism Review by The Knight Center at The University of Texas at Austin.\" \/>\n<meta property=\"og:url\" content=\"https:\/\/latamjournalismreview.org\/pt-br\/articles\/governo-retira-publicidade-estatal-de-jornal-boliviano-que-divulgou-video-de-prefeito-assediando-jornalista\/\" \/>\n<meta property=\"og:site_name\" content=\"LatAm Journalism Review by the Knight Center\" \/>\n<meta property=\"article:published_time\" content=\"2014-05-26T19:27:30+00:00\" \/>\n<meta property=\"article:modified_time\" content=\"2021-11-05T19:29:18+00:00\" \/>\n<meta name=\"author\" content=\"Paola Nalvarte\" \/>\n<meta name=\"twitter:card\" content=\"summary_large_image\" \/>\n<meta name=\"twitter:creator\" content=\"@paolanalvarte\" \/>\n<meta name=\"twitter:site\" content=\"@LatAmJournalism\" \/>\n<meta name=\"twitter:label1\" content=\"Written by\" \/>\n\t<meta name=\"twitter:data1\" content=\"Paola Nalvarte\" \/>\n\t<meta name=\"twitter:label2\" content=\"Est. reading time\" \/>\n\t<meta name=\"twitter:data2\" content=\"2 minutos\" \/>\n<script type=\"application\/ld+json\" class=\"yoast-schema-graph\">{\"@context\":\"https:\\\/\\\/schema.org\",\"@graph\":[{\"@type\":\"Article\",\"@id\":\"https:\\\/\\\/latamjournalismreview.org\\\/pt-br\\\/articles\\\/governo-retira-publicidade-estatal-de-jornal-boliviano-que-divulgou-video-de-prefeito-assediando-jornalista\\\/#article\",\"isPartOf\":{\"@id\":\"https:\\\/\\\/latamjournalismreview.org\\\/pt-br\\\/articles\\\/governo-retira-publicidade-estatal-de-jornal-boliviano-que-divulgou-video-de-prefeito-assediando-jornalista\\\/\"},\"author\":{\"name\":\"Paola Nalvarte\",\"@id\":\"https:\\\/\\\/latamjournalismreview.org\\\/pt-br\\\/#\\\/schema\\\/person\\\/d0b9fa850ef1b6f56bb445e52f29f63f\"},\"headline\":\"Governo retira publicidade estatal de jornal boliviano que divulgou v\u00eddeo de prefeito assediando jornalista\",\"datePublished\":\"2014-05-26T19:27:30+00:00\",\"dateModified\":\"2021-11-05T19:29:18+00:00\",\"mainEntityOfPage\":{\"@id\":\"https:\\\/\\\/latamjournalismreview.org\\\/pt-br\\\/articles\\\/governo-retira-publicidade-estatal-de-jornal-boliviano-que-divulgou-video-de-prefeito-assediando-jornalista\\\/\"},\"wordCount\":334,\"publisher\":{\"@id\":\"https:\\\/\\\/latamjournalismreview.org\\\/pt-br\\\/#organization\"},\"keywords\":[\"Ass\u00e9dio\",\"Bol\u00edvia\",\"Liberdade de express\u00e3o\",\"Publicidade oficial\"],\"articleSection\":[\"Liberdade de imprensa\"],\"inLanguage\":\"pt-BR\"},{\"@type\":\"WebPage\",\"@id\":\"https:\\\/\\\/latamjournalismreview.org\\\/pt-br\\\/articles\\\/governo-retira-publicidade-estatal-de-jornal-boliviano-que-divulgou-video-de-prefeito-assediando-jornalista\\\/\",\"url\":\"https:\\\/\\\/latamjournalismreview.org\\\/pt-br\\\/articles\\\/governo-retira-publicidade-estatal-de-jornal-boliviano-que-divulgou-video-de-prefeito-assediando-jornalista\\\/\",\"name\":\"Governo retira publicidade estatal de jornal boliviano que divulgou v\u00eddeo de prefeito assediando jornalista - LatAm Journalism Review by the Knight Center\",\"isPartOf\":{\"@id\":\"https:\\\/\\\/latamjournalismreview.org\\\/pt-br\\\/#website\"},\"datePublished\":\"2014-05-26T19:27:30+00:00\",\"dateModified\":\"2021-11-05T19:29:18+00:00\",\"description\":\"Governo retira publicidade estatal de jornal boliviano que divulgou v\u00eddeo de prefeito assediando jornalista Liberdade de imprensa. Latin American Journalism Review by The Knight Center at The University of Texas at Austin.\",\"breadcrumb\":{\"@id\":\"https:\\\/\\\/latamjournalismreview.org\\\/pt-br\\\/articles\\\/governo-retira-publicidade-estatal-de-jornal-boliviano-que-divulgou-video-de-prefeito-assediando-jornalista\\\/#breadcrumb\"},\"inLanguage\":\"pt-BR\",\"potentialAction\":[{\"@type\":\"ReadAction\",\"target\":[\"https:\\\/\\\/latamjournalismreview.org\\\/pt-br\\\/articles\\\/governo-retira-publicidade-estatal-de-jornal-boliviano-que-divulgou-video-de-prefeito-assediando-jornalista\\\/\"]}]},{\"@type\":\"BreadcrumbList\",\"@id\":\"https:\\\/\\\/latamjournalismreview.org\\\/pt-br\\\/articles\\\/governo-retira-publicidade-estatal-de-jornal-boliviano-que-divulgou-video-de-prefeito-assediando-jornalista\\\/#breadcrumb\",\"itemListElement\":[{\"@type\":\"ListItem\",\"position\":1,\"name\":\"Home\",\"item\":\"https:\\\/\\\/latamjournalismreview.org\\\/pt-br\\\/\"},{\"@type\":\"ListItem\",\"position\":2,\"name\":\"Governo retira publicidade estatal de jornal boliviano que divulgou v\u00eddeo de prefeito assediando jornalista\"}]},{\"@type\":\"WebSite\",\"@id\":\"https:\\\/\\\/latamjournalismreview.org\\\/pt-br\\\/#website\",\"url\":\"https:\\\/\\\/latamjournalismreview.org\\\/pt-br\\\/\",\"name\":\"LatAm Journalism Review\",\"description\":\"Digital magazine on journalism in Latin America\",\"publisher\":{\"@id\":\"https:\\\/\\\/latamjournalismreview.org\\\/pt-br\\\/#organization\"},\"potentialAction\":[{\"@type\":\"SearchAction\",\"target\":{\"@type\":\"EntryPoint\",\"urlTemplate\":\"https:\\\/\\\/latamjournalismreview.org\\\/pt-br\\\/?s={search_term_string}\"},\"query-input\":{\"@type\":\"PropertyValueSpecification\",\"valueRequired\":true,\"valueName\":\"search_term_string\"}}],\"inLanguage\":\"pt-BR\"},{\"@type\":\"Organization\",\"@id\":\"https:\\\/\\\/latamjournalismreview.org\\\/pt-br\\\/#organization\",\"name\":\"LatAm Journalism Review\",\"url\":\"https:\\\/\\\/latamjournalismreview.org\\\/pt-br\\\/\",\"logo\":{\"@type\":\"ImageObject\",\"inLanguage\":\"pt-BR\",\"@id\":\"https:\\\/\\\/latamjournalismreview.org\\\/pt-br\\\/#\\\/schema\\\/logo\\\/image\\\/\",\"url\":\"https:\\\/\\\/latamjournalismreview.org\\\/wp-content\\\/uploads\\\/2020\\\/05\\\/knight-latAm-review-logo.svg\",\"contentUrl\":\"https:\\\/\\\/latamjournalismreview.org\\\/wp-content\\\/uploads\\\/2020\\\/05\\\/knight-latAm-review-logo.svg\",\"width\":\"1024\",\"height\":\"1024\",\"caption\":\"LatAm Journalism Review\"},\"image\":{\"@id\":\"https:\\\/\\\/latamjournalismreview.org\\\/pt-br\\\/#\\\/schema\\\/logo\\\/image\\\/\"},\"sameAs\":[\"https:\\\/\\\/x.com\\\/LatAmJournalism\"]},{\"@type\":\"Person\",\"@id\":\"https:\\\/\\\/latamjournalismreview.org\\\/pt-br\\\/#\\\/schema\\\/person\\\/d0b9fa850ef1b6f56bb445e52f29f63f\",\"name\":\"Paola Nalvarte\",\"description\":\"Paola Nalvarte is a Peruvian journalist and documentary photographer living in Austin, Texas. She focuses on covering and writing about the Andes region. In Peru, Paola worked in the Lima office of the Italian news agency ANSA, on the economic news desk of the daily Expreso, and for ten years she has been working on different editorial projects doing picture editing and research for one of the oldest Spanish-language papers in the world, the Peruvian newspaper El Comercio. She also enjoyed writing for the newspaper weekly magazine Somos. Paola Nalvarte es una periodista y fot\u00f3grafa documental peruana que vive en Austin, Texas. El foco de inter\u00e9s de su cobertura noticiosa es la regi\u00f3n andina. En Per\u00fa, Paola trabaj\u00f3 en la oficina de Lima de la agencia italiana de noticias ANSA, en la secci\u00f3n de econom\u00eda del diario Expreso y por diez a\u00f1os hizo investigaci\u00f3n fotogr\u00e1fica y edici\u00f3n de fotograf\u00eda editorial en el diario decano de la prensa peruana, El Comercio. Tambi\u00e9n escribi\u00f3 para Somos, la revista semanal del mismo diario\u200b, art\u00edculos sobre medio ambiente y cultura. Paola Nalvarte \u00e9 uma jornalista peruana e fot\u00f3grafa documentarista que vive em Austin, Texas. O foco de interesse da sua cobertura jornal\u00edstica \u00e9 a regi\u00e3o andina. No Peru, Paola trabalhou no escrit\u00f3rio de Lima da ag\u00eancia de not\u00edcias italiana ANSA, na se\u00e7\u00e3o de economia do jornal Expreso e, por dez anos, fez pesquisa fotogr\u00e1fica e edi\u00e7\u00e3o de fotografia editorial para um dos jornais em espanhol mais antigos do mundo, o jornal peruano El Comercio. Ela tamb\u00e9m escreveu artigos de meio ambiente e cultura para a Somos, a revista semanal do mesmo jornal.\",\"sameAs\":[\"https:\\\/\\\/x.com\\\/paolanalvarte\"],\"url\":\"https:\\\/\\\/latamjournalismreview.org\\\/pt-br\\\/articles\\\/author\\\/paola-nalvarte\\\/\"}]}<\/script>\n<!-- \/ Yoast SEO Premium plugin. -->","yoast_head_json":{"title":"Governo retira publicidade estatal de jornal boliviano que divulgou v\u00eddeo de prefeito assediando jornalista - LatAm Journalism Review by the Knight Center","description":"Governo retira publicidade estatal de jornal boliviano que divulgou v\u00eddeo de prefeito assediando jornalista Liberdade de imprensa. Latin American Journalism Review by The Knight Center at The University of Texas at Austin.","robots":{"index":"index","follow":"follow","max-snippet":"max-snippet:-1","max-image-preview":"max-image-preview:large","max-video-preview":"max-video-preview:-1"},"canonical":"https:\/\/latamjournalismreview.org\/pt-br\/articles\/governo-retira-publicidade-estatal-de-jornal-boliviano-que-divulgou-video-de-prefeito-assediando-jornalista\/","og_locale":"pt_BR","og_type":"article","og_title":"Governo retira publicidade estatal de jornal boliviano que divulgou v\u00eddeo de prefeito assediando jornalista","og_description":"Governo retira publicidade estatal de jornal boliviano que divulgou v\u00eddeo de prefeito assediando jornalista Liberdade de imprensa. Latin American Journalism Review by The Knight Center at The University of Texas at Austin.","og_url":"https:\/\/latamjournalismreview.org\/pt-br\/articles\/governo-retira-publicidade-estatal-de-jornal-boliviano-que-divulgou-video-de-prefeito-assediando-jornalista\/","og_site_name":"LatAm Journalism Review by the Knight Center","article_published_time":"2014-05-26T19:27:30+00:00","article_modified_time":"2021-11-05T19:29:18+00:00","author":"Paola Nalvarte","twitter_card":"summary_large_image","twitter_creator":"@paolanalvarte","twitter_site":"@LatAmJournalism","twitter_misc":{"Written by":"Paola Nalvarte","Est. reading time":"2 minutos"},"schema":{"@context":"https:\/\/schema.org","@graph":[{"@type":"Article","@id":"https:\/\/latamjournalismreview.org\/pt-br\/articles\/governo-retira-publicidade-estatal-de-jornal-boliviano-que-divulgou-video-de-prefeito-assediando-jornalista\/#article","isPartOf":{"@id":"https:\/\/latamjournalismreview.org\/pt-br\/articles\/governo-retira-publicidade-estatal-de-jornal-boliviano-que-divulgou-video-de-prefeito-assediando-jornalista\/"},"author":{"name":"Paola Nalvarte","@id":"https:\/\/latamjournalismreview.org\/pt-br\/#\/schema\/person\/d0b9fa850ef1b6f56bb445e52f29f63f"},"headline":"Governo retira publicidade estatal de jornal boliviano que divulgou v\u00eddeo de prefeito assediando jornalista","datePublished":"2014-05-26T19:27:30+00:00","dateModified":"2021-11-05T19:29:18+00:00","mainEntityOfPage":{"@id":"https:\/\/latamjournalismreview.org\/pt-br\/articles\/governo-retira-publicidade-estatal-de-jornal-boliviano-que-divulgou-video-de-prefeito-assediando-jornalista\/"},"wordCount":334,"publisher":{"@id":"https:\/\/latamjournalismreview.org\/pt-br\/#organization"},"keywords":["Ass\u00e9dio","Bol\u00edvia","Liberdade de express\u00e3o","Publicidade oficial"],"articleSection":["Liberdade de imprensa"],"inLanguage":"pt-BR"},{"@type":"WebPage","@id":"https:\/\/latamjournalismreview.org\/pt-br\/articles\/governo-retira-publicidade-estatal-de-jornal-boliviano-que-divulgou-video-de-prefeito-assediando-jornalista\/","url":"https:\/\/latamjournalismreview.org\/pt-br\/articles\/governo-retira-publicidade-estatal-de-jornal-boliviano-que-divulgou-video-de-prefeito-assediando-jornalista\/","name":"Governo retira publicidade estatal de jornal boliviano que divulgou v\u00eddeo de prefeito assediando jornalista - LatAm Journalism Review by the Knight Center","isPartOf":{"@id":"https:\/\/latamjournalismreview.org\/pt-br\/#website"},"datePublished":"2014-05-26T19:27:30+00:00","dateModified":"2021-11-05T19:29:18+00:00","description":"Governo retira publicidade estatal de jornal boliviano que divulgou v\u00eddeo de prefeito assediando jornalista Liberdade de imprensa. Latin American Journalism Review by The Knight Center at The University of Texas at Austin.","breadcrumb":{"@id":"https:\/\/latamjournalismreview.org\/pt-br\/articles\/governo-retira-publicidade-estatal-de-jornal-boliviano-que-divulgou-video-de-prefeito-assediando-jornalista\/#breadcrumb"},"inLanguage":"pt-BR","potentialAction":[{"@type":"ReadAction","target":["https:\/\/latamjournalismreview.org\/pt-br\/articles\/governo-retira-publicidade-estatal-de-jornal-boliviano-que-divulgou-video-de-prefeito-assediando-jornalista\/"]}]},{"@type":"BreadcrumbList","@id":"https:\/\/latamjournalismreview.org\/pt-br\/articles\/governo-retira-publicidade-estatal-de-jornal-boliviano-que-divulgou-video-de-prefeito-assediando-jornalista\/#breadcrumb","itemListElement":[{"@type":"ListItem","position":1,"name":"Home","item":"https:\/\/latamjournalismreview.org\/pt-br\/"},{"@type":"ListItem","position":2,"name":"Governo retira publicidade estatal de jornal boliviano que divulgou v\u00eddeo de prefeito assediando jornalista"}]},{"@type":"WebSite","@id":"https:\/\/latamjournalismreview.org\/pt-br\/#website","url":"https:\/\/latamjournalismreview.org\/pt-br\/","name":"LatAm Journalism Review","description":"Digital magazine on journalism in Latin America","publisher":{"@id":"https:\/\/latamjournalismreview.org\/pt-br\/#organization"},"potentialAction":[{"@type":"SearchAction","target":{"@type":"EntryPoint","urlTemplate":"https:\/\/latamjournalismreview.org\/pt-br\/?s={search_term_string}"},"query-input":{"@type":"PropertyValueSpecification","valueRequired":true,"valueName":"search_term_string"}}],"inLanguage":"pt-BR"},{"@type":"Organization","@id":"https:\/\/latamjournalismreview.org\/pt-br\/#organization","name":"LatAm Journalism Review","url":"https:\/\/latamjournalismreview.org\/pt-br\/","logo":{"@type":"ImageObject","inLanguage":"pt-BR","@id":"https:\/\/latamjournalismreview.org\/pt-br\/#\/schema\/logo\/image\/","url":"https:\/\/latamjournalismreview.org\/wp-content\/uploads\/2020\/05\/knight-latAm-review-logo.svg","contentUrl":"https:\/\/latamjournalismreview.org\/wp-content\/uploads\/2020\/05\/knight-latAm-review-logo.svg","width":"1024","height":"1024","caption":"LatAm Journalism Review"},"image":{"@id":"https:\/\/latamjournalismreview.org\/pt-br\/#\/schema\/logo\/image\/"},"sameAs":["https:\/\/x.com\/LatAmJournalism"]},{"@type":"Person","@id":"https:\/\/latamjournalismreview.org\/pt-br\/#\/schema\/person\/d0b9fa850ef1b6f56bb445e52f29f63f","name":"Paola Nalvarte","description":"Paola Nalvarte is a Peruvian journalist and documentary photographer living in Austin, Texas. She focuses on covering and writing about the Andes region. In Peru, Paola worked in the Lima office of the Italian news agency ANSA, on the economic news desk of the daily Expreso, and for ten years she has been working on different editorial projects doing picture editing and research for one of the oldest Spanish-language papers in the world, the Peruvian newspaper El Comercio. She also enjoyed writing for the newspaper weekly magazine Somos. Paola Nalvarte es una periodista y fot\u00f3grafa documental peruana que vive en Austin, Texas. El foco de inter\u00e9s de su cobertura noticiosa es la regi\u00f3n andina. En Per\u00fa, Paola trabaj\u00f3 en la oficina de Lima de la agencia italiana de noticias ANSA, en la secci\u00f3n de econom\u00eda del diario Expreso y por diez a\u00f1os hizo investigaci\u00f3n fotogr\u00e1fica y edici\u00f3n de fotograf\u00eda editorial en el diario decano de la prensa peruana, El Comercio. Tambi\u00e9n escribi\u00f3 para Somos, la revista semanal del mismo diario\u200b, art\u00edculos sobre medio ambiente y cultura. Paola Nalvarte \u00e9 uma jornalista peruana e fot\u00f3grafa documentarista que vive em Austin, Texas. O foco de interesse da sua cobertura jornal\u00edstica \u00e9 a regi\u00e3o andina. No Peru, Paola trabalhou no escrit\u00f3rio de Lima da ag\u00eancia de not\u00edcias italiana ANSA, na se\u00e7\u00e3o de economia do jornal Expreso e, por dez anos, fez pesquisa fotogr\u00e1fica e edi\u00e7\u00e3o de fotografia editorial para um dos jornais em espanhol mais antigos do mundo, o jornal peruano El Comercio. Ela tamb\u00e9m escreveu artigos de meio ambiente e cultura para a Somos, a revista semanal do mesmo jornal.","sameAs":["https:\/\/x.com\/paolanalvarte"],"url":"https:\/\/latamjournalismreview.org\/pt-br\/articles\/author\/paola-nalvarte\/"}]}},"_links":{"self":[{"href":"https:\/\/latamjournalismreview.org\/pt-br\/wp-json\/wp\/v2\/posts\/40489","targetHints":{"allow":["GET"]}}],"collection":[{"href":"https:\/\/latamjournalismreview.org\/pt-br\/wp-json\/wp\/v2\/posts"}],"about":[{"href":"https:\/\/latamjournalismreview.org\/pt-br\/wp-json\/wp\/v2\/types\/post"}],"author":[{"embeddable":true,"href":"https:\/\/latamjournalismreview.org\/pt-br\/wp-json\/wp\/v2\/users\/4"}],"replies":[{"embeddable":true,"href":"https:\/\/latamjournalismreview.org\/pt-br\/wp-json\/wp\/v2\/comments?post=40489"}],"version-history":[{"count":2,"href":"https:\/\/latamjournalismreview.org\/pt-br\/wp-json\/wp\/v2\/posts\/40489\/revisions"}],"predecessor-version":[{"id":40493,"href":"https:\/\/latamjournalismreview.org\/pt-br\/wp-json\/wp\/v2\/posts\/40489\/revisions\/40493"}],"wp:attachment":[{"href":"https:\/\/latamjournalismreview.org\/pt-br\/wp-json\/wp\/v2\/media?parent=40489"}],"wp:term":[{"taxonomy":"category","embeddable":true,"href":"https:\/\/latamjournalismreview.org\/pt-br\/wp-json\/wp\/v2\/categories?post=40489"},{"taxonomy":"post_tag","embeddable":true,"href":"https:\/\/latamjournalismreview.org\/pt-br\/wp-json\/wp\/v2\/tags?post=40489"},{"taxonomy":"author","embeddable":true,"href":"https:\/\/latamjournalismreview.org\/pt-br\/wp-json\/wp\/v2\/coauthors?post=40489"}],"curies":[{"name":"wp","href":"https:\/\/api.w.org\/{rel}","templated":true}]}}