{"id":42010,"date":"2013-08-29T09:50:07","date_gmt":"2013-08-29T14:50:07","guid":{"rendered":"https:\/\/latamjournalismreview.org\/?p=42010"},"modified":"2021-11-17T09:51:26","modified_gmt":"2021-11-17T14:51:26","slug":"jornalistas-da-univision-premiados-por-documentario-investigativo-falam-sobre-a-apuracao-da-reportagem","status":"publish","type":"post","link":"https:\/\/latamjournalismreview.org\/pt-br\/articles\/jornalistas-da-univision-premiados-por-documentario-investigativo-falam-sobre-a-apuracao-da-reportagem\/","title":{"rendered":"Jornalistas da Univisi\u00f3n premiados por document\u00e1rio investigativo falam sobre a apura\u00e7\u00e3o da reportagem"},"content":{"rendered":"<p><em>Por Alejandro Mart\u00ednez<br \/>\n<\/em><\/p>\n<p>Apesar das dificuldades na obten\u00e7\u00e3o de registros p\u00fablicos e de informa\u00e7\u00f5es tanto do governo norte-americano quanto do mexicano, rep\u00f3rteres da unidade investigativa da Univisi\u00f3n conseguiram descobrir diversos detalhes sobre o pol\u00eamico esc\u00e2ndalo de contrabando de armas conhecido como Opera\u00e7\u00e3o Velozes e Furiosos.<\/p>\n<p>Por seus esfor\u00e7os em cobrir as repercuss\u00f5es da opera\u00e7\u00e3o, a\u00a0<a href=\"http:\/\/www.ire.org\/\">IRE (Rep\u00f3rteres e Editores Investigativos, na sigla em ingl\u00eas)<\/a>\u00a0premiou a Univisi\u00f3n com seu pr\u00eamio de Reportagem em V\u00eddeo pelo\u00a0<a href=\"http:\/\/noticias.univision.com\/univision-investiga\/polls\/\">document\u00e1rio investigativo \"R\u00e1pido y Furioso: Armando al Enemigo<\/a>.<\/p>\n<p>Gerardo Reyes e Tom\u00e1s Oca\u00f1a\u00a0<a href=\"http:\/\/ire.org\/awards\/ire-awards\/winners\/2012-ire-award-winners\/\">receberam o pr\u00eamio em nome da emissora em l\u00edngua espanhola baseada nos EUA<\/a>\u00a0e conversaram com o\u00a0<strong>Centro Knight para o Jornalismo nas Am\u00e9ricas\u00a0<\/strong>sobre o trabalho na produ\u00e7\u00e3o da reportagem.<\/p>\n<p>O programa, que dura cerca de uma hora e foi produzido durante mais de um ano, ganhou\u00a0recentemente o\u00a0<a href=\"http:\/\/peabodyawards.com\/past-winners\/award\/?pbaward=1665&amp;pb_search=1&amp;pb_title=&amp;pb_year=&amp;pb_porg=&amp;pb_query=univision\">Pr\u00eamio Peabody 2013<\/a>.<\/p>\n<p>Reyes, chefe da unidade investigativa, disse que sua equipe fez uma abordagem editorial diferente durante a investiga\u00e7\u00e3o. A reda\u00e7\u00e3o di\u00e1ria j\u00e1 vinha cobrindo o esc\u00e2ndalo qunado a unidade investigativa come\u00e7ou a trabalhar no document\u00e1rio. As duas unidades colabraram uma com a outra, o que as ajudou a ganhar a confian\u00e7a das fontes e a obter informa\u00e7\u00f5es fundamentais -- como a lista das armas rastreadas.<\/p>\n<p>\u201cOs dias quando as unidades investigativas eram grupos fechados que n\u00e3o tinham contato com os rep\u00f3rteres di\u00e1rios ficaram no passado\", disse Reyes. \"Agora voc\u00ea precisa trabalhar todos os dias com a reda\u00e7\u00e3o e parar de ter grupos privilegiados ou elitistas.\u201d<\/p>\n<p>A Opera\u00e7\u00e3o Velozes e Furiosos permitiu que mais de 2.500 armas fossem compradas e \"andasse\" at\u00e9 a fronteira com o M\u00e9xico, onde elas eventualmente acabaram nas m\u00e3os de membros de carteis de drogas. Conduzida pelo Departamento de \u00c1lcool, Tabaco, Armas de Fogo e Explosivos (ATF, na sigla em ingl\u00eas), a opera\u00e7\u00e3o come\u00e7ou em 2009 e seguiu at\u00e9 o come\u00e7o de 2011, e tinha o objetivo de conseguir informa\u00e7\u00f5es sobre as atividades dos carteis de drogas.<\/p>\n<p>Policiais no M\u00e9xico inicialmente n\u00e3o foram informados pelos policiais norte-americanos sobre a opra\u00e7\u00e3o. Duas das armas rastreadas foram usadas no assassinato do agente de Alf\u00e2ndega e Patrulha de Fronteira\u00a0Brian Terry, em 10 de dezembro de 2010, no estado do Arizona.\u00a0<a href=\"http:\/\/articles.latimes.com\/2011\/feb\/02\/nation\/la-na-atf-guns-20110203\">As armas foram rastreadas at\u00e9 uma loja de venda de armas<\/a>\u00a0nos arredores da cidade de\u00a0Phoenix.<\/p>\n<p>Do lado mexicano, armas da opera\u00e7\u00e3o foram usadas em diversos assassinatos, entre eles\u00a0o\u00a0<a href=\"http:\/\/noticias.univision.com\/aqui-y-ahora\/article\/2012-09-30\/muertes-equivocadas#axzz2d6SqMQV9\">tiroteio de uma casa de festas na fronteira da cidade Cd. Juarez, no M\u00e9xico, que deixou 16 pessoas mortas<\/a>\u00a0em 31 de janeiro de 2010.<\/p>\n<p>O governo dos EUA recebeu severas cr\u00edticas pela condu\u00e7\u00e3o da opera\u00e7\u00e3o. Investiga\u00e7\u00f5es do congresso revelaram que policiais do Departamento de Justi\u00e7a sabiam da opera\u00e7\u00e3o, apesar de inicialmente negarem conhec\u00ea-la. Diversos policiais de alto escal\u00e3o da ATF pediram demiss\u00e3o ap\u00f3s a revela\u00e7\u00e3o de detalhes sobre a opera\u00e7\u00e3o.<\/p>\n<p>Na apura\u00e7\u00e3o da reportagem,\u00a0Oca\u00f1a percebeu a dificuldade em obter informa\u00e7\u00f5es sobre a opera\u00e7\u00e3o de ambos os pa\u00edses, e ficou surpreso com o fato de os policiais mexicanos n\u00e3o cooperarem mias. Ap\u00f3s a revela\u00e7\u00e3o da extens\u00e3o da opera\u00e7\u00e3o, pol\u00edticos mexicanos e a m\u00eddia ficaram furiosos com o que o ent\u00e3o Procurador Geral do M\u00e9xico, General Marisela Morales, chamou de\u00a0\"<a href=\"http:\/\/latimesblogs.latimes.com\/world_now\/2011\/10\/mexico-wide-receiver-reaction-guns-weapons-left-right.html\">um ataque contra a seguran\u00e7a dos mexicanos<\/a>\", como informou o\u00a0LA Times.<\/p>\n<p>\u201cUma de nossas frustra\u00e7\u00f5es foi que ningu\u00e9m no governo, apesar de nossa insist\u00eancia, quis falar conosco, ningu\u00e9m quis nos explicar o que haviam feito para questionar os EUA sobre a opera\u00e7\u00e3o\", disse Oca\u00f1a.<\/p>\n<p>Em sua decis\u00e3o,\u00a0<a href=\"http:\/\/ire.org\/awards\/ire-awards\/winners\/2012-ire-award-winners\/\">o juri da IRE apontaram o fato<\/a>\u00a0de que os rep\u00f3rteres da Univisi\u00f3n usaram \"uma base de dados de 60 mil entradas que foram cruzados com os documentos do governo norte-americano para encontrar 57 armas perdidas que n\u00e3o haviam sido relatadas sob o nome do programa \"Velozes e Furiosos\" e para mostrar a extens\u00e3o dos custos de vidas humanas\u201d.<\/p>\n<p><em>Nota do editor: Essa hist\u00f3ria foi publicada originalmente no blog de jornalismo nas Am\u00e9ricas do Centro Knight, o predecessor do LatAm Journalism Review.<\/em><\/p>\n","protected":false},"excerpt":{"rendered":"<p>Apesar das dificuldades na obten\u00e7\u00e3o de registros p\u00fablicos e de informa\u00e7\u00f5es tanto do governo norte-americano quanto do mexicano, rep\u00f3rteres da unidade investigativa da Univisi\u00f3n conseguiram descobrir diversos detalhes sobre o pol\u00eamico esc\u00e2ndalo de contrabando de armas conhecido como Opera\u00e7\u00e3o Velozes e Furiosos.<\/p>\n","protected":false},"author":17,"featured_media":0,"comment_status":"closed","ping_status":"closed","sticky":false,"template":"","format":"standard","meta":{"inline_featured_image":false,"footnotes":""},"categories":[1353],"tags":[1394,1559],"coauthors":[],"class_list":["post-42010","post","type-post","status-publish","format-standard","hentry","category-premios-e-oportunidades-pt-br","tag-mexico-pt-br","tag-premios-pt-br"],"acf":[],"yoast_head":"<!-- This site is optimized with the Yoast SEO Premium plugin v22.6 (Yoast SEO v27.4) - https:\/\/yoast.com\/product\/yoast-seo-premium-wordpress\/ -->\n<title>Jornalistas da Univisi\u00f3n premiados por document\u00e1rio investigativo falam sobre a apura\u00e7\u00e3o da reportagem - LatAm Journalism Review by the Knight Center<\/title>\n<meta name=\"description\" content=\"Jornalistas da Univisi\u00f3n premiados por document\u00e1rio investigativo falam sobre a apura\u00e7\u00e3o da reportagem Pr\u00eamios e oportunidades. Latin American Journalism Review by The Knight Center at The University of Texas at Austin.\" \/>\n<meta name=\"robots\" content=\"index, follow, max-snippet:-1, max-image-preview:large, max-video-preview:-1\" \/>\n<link rel=\"canonical\" href=\"https:\/\/latamjournalismreview.org\/pt-br\/articles\/jornalistas-da-univision-premiados-por-documentario-investigativo-falam-sobre-a-apuracao-da-reportagem\/\" \/>\n<meta property=\"og:locale\" content=\"pt_BR\" \/>\n<meta property=\"og:type\" content=\"article\" \/>\n<meta property=\"og:title\" content=\"Jornalistas da Univisi\u00f3n premiados por document\u00e1rio investigativo falam sobre a apura\u00e7\u00e3o da reportagem\" \/>\n<meta property=\"og:description\" content=\"Jornalistas da Univisi\u00f3n premiados por document\u00e1rio investigativo falam sobre a apura\u00e7\u00e3o da reportagem Pr\u00eamios e oportunidades. Latin American Journalism Review by The Knight Center at The University of Texas at Austin.\" \/>\n<meta property=\"og:url\" content=\"https:\/\/latamjournalismreview.org\/pt-br\/articles\/jornalistas-da-univision-premiados-por-documentario-investigativo-falam-sobre-a-apuracao-da-reportagem\/\" \/>\n<meta property=\"og:site_name\" content=\"LatAm Journalism Review by the Knight Center\" \/>\n<meta property=\"article:published_time\" content=\"2013-08-29T14:50:07+00:00\" \/>\n<meta property=\"article:modified_time\" content=\"2021-11-17T14:51:26+00:00\" \/>\n<meta name=\"author\" content=\"Guest\" \/>\n<meta name=\"twitter:card\" content=\"summary_large_image\" \/>\n<meta name=\"twitter:creator\" content=\"@LatAmJournalism\" \/>\n<meta name=\"twitter:site\" content=\"@LatAmJournalism\" \/>\n<meta name=\"twitter:label1\" content=\"Written by\" \/>\n\t<meta name=\"twitter:data1\" content=\"Guest\" \/>\n\t<meta name=\"twitter:label2\" content=\"Est. reading time\" \/>\n\t<meta name=\"twitter:data2\" content=\"4 minutos\" \/>\n<script type=\"application\/ld+json\" class=\"yoast-schema-graph\">{\"@context\":\"https:\\\/\\\/schema.org\",\"@graph\":[{\"@type\":\"Article\",\"@id\":\"https:\\\/\\\/latamjournalismreview.org\\\/pt-br\\\/articles\\\/jornalistas-da-univision-premiados-por-documentario-investigativo-falam-sobre-a-apuracao-da-reportagem\\\/#article\",\"isPartOf\":{\"@id\":\"https:\\\/\\\/latamjournalismreview.org\\\/pt-br\\\/articles\\\/jornalistas-da-univision-premiados-por-documentario-investigativo-falam-sobre-a-apuracao-da-reportagem\\\/\"},\"author\":{\"name\":\"Guest\",\"@id\":\"https:\\\/\\\/latamjournalismreview.org\\\/pt-br\\\/#\\\/schema\\\/person\\\/0315202e0b3c0963a2440f1c3012c360\"},\"headline\":\"Jornalistas da Univisi\u00f3n premiados por document\u00e1rio investigativo falam sobre a apura\u00e7\u00e3o da reportagem\",\"datePublished\":\"2013-08-29T14:50:07+00:00\",\"dateModified\":\"2021-11-17T14:51:26+00:00\",\"mainEntityOfPage\":{\"@id\":\"https:\\\/\\\/latamjournalismreview.org\\\/pt-br\\\/articles\\\/jornalistas-da-univision-premiados-por-documentario-investigativo-falam-sobre-a-apuracao-da-reportagem\\\/\"},\"wordCount\":749,\"publisher\":{\"@id\":\"https:\\\/\\\/latamjournalismreview.org\\\/pt-br\\\/#organization\"},\"keywords\":[\"M\u00e9xico\",\"Pr\u00eamios\"],\"articleSection\":[\"Pr\u00eamios e oportunidades\"],\"inLanguage\":\"pt-BR\"},{\"@type\":\"WebPage\",\"@id\":\"https:\\\/\\\/latamjournalismreview.org\\\/pt-br\\\/articles\\\/jornalistas-da-univision-premiados-por-documentario-investigativo-falam-sobre-a-apuracao-da-reportagem\\\/\",\"url\":\"https:\\\/\\\/latamjournalismreview.org\\\/pt-br\\\/articles\\\/jornalistas-da-univision-premiados-por-documentario-investigativo-falam-sobre-a-apuracao-da-reportagem\\\/\",\"name\":\"Jornalistas da Univisi\u00f3n premiados por document\u00e1rio investigativo falam sobre a apura\u00e7\u00e3o da reportagem - LatAm Journalism Review by the Knight Center\",\"isPartOf\":{\"@id\":\"https:\\\/\\\/latamjournalismreview.org\\\/pt-br\\\/#website\"},\"datePublished\":\"2013-08-29T14:50:07+00:00\",\"dateModified\":\"2021-11-17T14:51:26+00:00\",\"description\":\"Jornalistas da Univisi\u00f3n premiados por document\u00e1rio investigativo falam sobre a apura\u00e7\u00e3o da reportagem Pr\u00eamios e oportunidades. Latin American Journalism Review by The Knight Center at The University of Texas at Austin.\",\"breadcrumb\":{\"@id\":\"https:\\\/\\\/latamjournalismreview.org\\\/pt-br\\\/articles\\\/jornalistas-da-univision-premiados-por-documentario-investigativo-falam-sobre-a-apuracao-da-reportagem\\\/#breadcrumb\"},\"inLanguage\":\"pt-BR\",\"potentialAction\":[{\"@type\":\"ReadAction\",\"target\":[\"https:\\\/\\\/latamjournalismreview.org\\\/pt-br\\\/articles\\\/jornalistas-da-univision-premiados-por-documentario-investigativo-falam-sobre-a-apuracao-da-reportagem\\\/\"]}]},{\"@type\":\"BreadcrumbList\",\"@id\":\"https:\\\/\\\/latamjournalismreview.org\\\/pt-br\\\/articles\\\/jornalistas-da-univision-premiados-por-documentario-investigativo-falam-sobre-a-apuracao-da-reportagem\\\/#breadcrumb\",\"itemListElement\":[{\"@type\":\"ListItem\",\"position\":1,\"name\":\"Home\",\"item\":\"https:\\\/\\\/latamjournalismreview.org\\\/pt-br\\\/\"},{\"@type\":\"ListItem\",\"position\":2,\"name\":\"Jornalistas da Univisi\u00f3n premiados por document\u00e1rio investigativo falam sobre a apura\u00e7\u00e3o da reportagem\"}]},{\"@type\":\"WebSite\",\"@id\":\"https:\\\/\\\/latamjournalismreview.org\\\/pt-br\\\/#website\",\"url\":\"https:\\\/\\\/latamjournalismreview.org\\\/pt-br\\\/\",\"name\":\"LatAm Journalism Review\",\"description\":\"Digital magazine on journalism in Latin America\",\"publisher\":{\"@id\":\"https:\\\/\\\/latamjournalismreview.org\\\/pt-br\\\/#organization\"},\"potentialAction\":[{\"@type\":\"SearchAction\",\"target\":{\"@type\":\"EntryPoint\",\"urlTemplate\":\"https:\\\/\\\/latamjournalismreview.org\\\/pt-br\\\/?s={search_term_string}\"},\"query-input\":{\"@type\":\"PropertyValueSpecification\",\"valueRequired\":true,\"valueName\":\"search_term_string\"}}],\"inLanguage\":\"pt-BR\"},{\"@type\":\"Organization\",\"@id\":\"https:\\\/\\\/latamjournalismreview.org\\\/pt-br\\\/#organization\",\"name\":\"LatAm Journalism Review\",\"url\":\"https:\\\/\\\/latamjournalismreview.org\\\/pt-br\\\/\",\"logo\":{\"@type\":\"ImageObject\",\"inLanguage\":\"pt-BR\",\"@id\":\"https:\\\/\\\/latamjournalismreview.org\\\/pt-br\\\/#\\\/schema\\\/logo\\\/image\\\/\",\"url\":\"https:\\\/\\\/latamjournalismreview.org\\\/wp-content\\\/uploads\\\/2020\\\/05\\\/knight-latAm-review-logo.svg\",\"contentUrl\":\"https:\\\/\\\/latamjournalismreview.org\\\/wp-content\\\/uploads\\\/2020\\\/05\\\/knight-latAm-review-logo.svg\",\"width\":\"1024\",\"height\":\"1024\",\"caption\":\"LatAm Journalism Review\"},\"image\":{\"@id\":\"https:\\\/\\\/latamjournalismreview.org\\\/pt-br\\\/#\\\/schema\\\/logo\\\/image\\\/\"},\"sameAs\":[\"https:\\\/\\\/x.com\\\/LatAmJournalism\"]},{\"@type\":\"Person\",\"@id\":\"https:\\\/\\\/latamjournalismreview.org\\\/pt-br\\\/#\\\/schema\\\/person\\\/0315202e0b3c0963a2440f1c3012c360\",\"name\":\"Guest\",\"url\":\"https:\\\/\\\/latamjournalismreview.org\\\/pt-br\\\/articles\\\/author\\\/guest\\\/\"}]}<\/script>\n<!-- \/ Yoast SEO Premium plugin. -->","yoast_head_json":{"title":"Jornalistas da Univisi\u00f3n premiados por document\u00e1rio investigativo falam sobre a apura\u00e7\u00e3o da reportagem - LatAm Journalism Review by the Knight Center","description":"Jornalistas da Univisi\u00f3n premiados por document\u00e1rio investigativo falam sobre a apura\u00e7\u00e3o da reportagem Pr\u00eamios e oportunidades. Latin American Journalism Review by The Knight Center at The University of Texas at Austin.","robots":{"index":"index","follow":"follow","max-snippet":"max-snippet:-1","max-image-preview":"max-image-preview:large","max-video-preview":"max-video-preview:-1"},"canonical":"https:\/\/latamjournalismreview.org\/pt-br\/articles\/jornalistas-da-univision-premiados-por-documentario-investigativo-falam-sobre-a-apuracao-da-reportagem\/","og_locale":"pt_BR","og_type":"article","og_title":"Jornalistas da Univisi\u00f3n premiados por document\u00e1rio investigativo falam sobre a apura\u00e7\u00e3o da reportagem","og_description":"Jornalistas da Univisi\u00f3n premiados por document\u00e1rio investigativo falam sobre a apura\u00e7\u00e3o da reportagem Pr\u00eamios e oportunidades. Latin American Journalism Review by The Knight Center at The University of Texas at Austin.","og_url":"https:\/\/latamjournalismreview.org\/pt-br\/articles\/jornalistas-da-univision-premiados-por-documentario-investigativo-falam-sobre-a-apuracao-da-reportagem\/","og_site_name":"LatAm Journalism Review by the Knight Center","article_published_time":"2013-08-29T14:50:07+00:00","article_modified_time":"2021-11-17T14:51:26+00:00","author":"Guest","twitter_card":"summary_large_image","twitter_creator":"@LatAmJournalism","twitter_site":"@LatAmJournalism","twitter_misc":{"Written by":"Guest","Est. reading time":"4 minutos"},"schema":{"@context":"https:\/\/schema.org","@graph":[{"@type":"Article","@id":"https:\/\/latamjournalismreview.org\/pt-br\/articles\/jornalistas-da-univision-premiados-por-documentario-investigativo-falam-sobre-a-apuracao-da-reportagem\/#article","isPartOf":{"@id":"https:\/\/latamjournalismreview.org\/pt-br\/articles\/jornalistas-da-univision-premiados-por-documentario-investigativo-falam-sobre-a-apuracao-da-reportagem\/"},"author":{"name":"Guest","@id":"https:\/\/latamjournalismreview.org\/pt-br\/#\/schema\/person\/0315202e0b3c0963a2440f1c3012c360"},"headline":"Jornalistas da Univisi\u00f3n premiados por document\u00e1rio investigativo falam sobre a apura\u00e7\u00e3o da reportagem","datePublished":"2013-08-29T14:50:07+00:00","dateModified":"2021-11-17T14:51:26+00:00","mainEntityOfPage":{"@id":"https:\/\/latamjournalismreview.org\/pt-br\/articles\/jornalistas-da-univision-premiados-por-documentario-investigativo-falam-sobre-a-apuracao-da-reportagem\/"},"wordCount":749,"publisher":{"@id":"https:\/\/latamjournalismreview.org\/pt-br\/#organization"},"keywords":["M\u00e9xico","Pr\u00eamios"],"articleSection":["Pr\u00eamios e oportunidades"],"inLanguage":"pt-BR"},{"@type":"WebPage","@id":"https:\/\/latamjournalismreview.org\/pt-br\/articles\/jornalistas-da-univision-premiados-por-documentario-investigativo-falam-sobre-a-apuracao-da-reportagem\/","url":"https:\/\/latamjournalismreview.org\/pt-br\/articles\/jornalistas-da-univision-premiados-por-documentario-investigativo-falam-sobre-a-apuracao-da-reportagem\/","name":"Jornalistas da Univisi\u00f3n premiados por document\u00e1rio investigativo falam sobre a apura\u00e7\u00e3o da reportagem - LatAm Journalism Review by the Knight Center","isPartOf":{"@id":"https:\/\/latamjournalismreview.org\/pt-br\/#website"},"datePublished":"2013-08-29T14:50:07+00:00","dateModified":"2021-11-17T14:51:26+00:00","description":"Jornalistas da Univisi\u00f3n premiados por document\u00e1rio investigativo falam sobre a apura\u00e7\u00e3o da reportagem Pr\u00eamios e oportunidades. Latin American Journalism Review by The Knight Center at The University of Texas at Austin.","breadcrumb":{"@id":"https:\/\/latamjournalismreview.org\/pt-br\/articles\/jornalistas-da-univision-premiados-por-documentario-investigativo-falam-sobre-a-apuracao-da-reportagem\/#breadcrumb"},"inLanguage":"pt-BR","potentialAction":[{"@type":"ReadAction","target":["https:\/\/latamjournalismreview.org\/pt-br\/articles\/jornalistas-da-univision-premiados-por-documentario-investigativo-falam-sobre-a-apuracao-da-reportagem\/"]}]},{"@type":"BreadcrumbList","@id":"https:\/\/latamjournalismreview.org\/pt-br\/articles\/jornalistas-da-univision-premiados-por-documentario-investigativo-falam-sobre-a-apuracao-da-reportagem\/#breadcrumb","itemListElement":[{"@type":"ListItem","position":1,"name":"Home","item":"https:\/\/latamjournalismreview.org\/pt-br\/"},{"@type":"ListItem","position":2,"name":"Jornalistas da Univisi\u00f3n premiados por document\u00e1rio investigativo falam sobre a apura\u00e7\u00e3o da reportagem"}]},{"@type":"WebSite","@id":"https:\/\/latamjournalismreview.org\/pt-br\/#website","url":"https:\/\/latamjournalismreview.org\/pt-br\/","name":"LatAm Journalism Review","description":"Digital magazine on journalism in Latin America","publisher":{"@id":"https:\/\/latamjournalismreview.org\/pt-br\/#organization"},"potentialAction":[{"@type":"SearchAction","target":{"@type":"EntryPoint","urlTemplate":"https:\/\/latamjournalismreview.org\/pt-br\/?s={search_term_string}"},"query-input":{"@type":"PropertyValueSpecification","valueRequired":true,"valueName":"search_term_string"}}],"inLanguage":"pt-BR"},{"@type":"Organization","@id":"https:\/\/latamjournalismreview.org\/pt-br\/#organization","name":"LatAm Journalism Review","url":"https:\/\/latamjournalismreview.org\/pt-br\/","logo":{"@type":"ImageObject","inLanguage":"pt-BR","@id":"https:\/\/latamjournalismreview.org\/pt-br\/#\/schema\/logo\/image\/","url":"https:\/\/latamjournalismreview.org\/wp-content\/uploads\/2020\/05\/knight-latAm-review-logo.svg","contentUrl":"https:\/\/latamjournalismreview.org\/wp-content\/uploads\/2020\/05\/knight-latAm-review-logo.svg","width":"1024","height":"1024","caption":"LatAm Journalism Review"},"image":{"@id":"https:\/\/latamjournalismreview.org\/pt-br\/#\/schema\/logo\/image\/"},"sameAs":["https:\/\/x.com\/LatAmJournalism"]},{"@type":"Person","@id":"https:\/\/latamjournalismreview.org\/pt-br\/#\/schema\/person\/0315202e0b3c0963a2440f1c3012c360","name":"Guest","url":"https:\/\/latamjournalismreview.org\/pt-br\/articles\/author\/guest\/"}]}},"_links":{"self":[{"href":"https:\/\/latamjournalismreview.org\/pt-br\/wp-json\/wp\/v2\/posts\/42010","targetHints":{"allow":["GET"]}}],"collection":[{"href":"https:\/\/latamjournalismreview.org\/pt-br\/wp-json\/wp\/v2\/posts"}],"about":[{"href":"https:\/\/latamjournalismreview.org\/pt-br\/wp-json\/wp\/v2\/types\/post"}],"author":[{"embeddable":true,"href":"https:\/\/latamjournalismreview.org\/pt-br\/wp-json\/wp\/v2\/users\/17"}],"replies":[{"embeddable":true,"href":"https:\/\/latamjournalismreview.org\/pt-br\/wp-json\/wp\/v2\/comments?post=42010"}],"version-history":[{"count":1,"href":"https:\/\/latamjournalismreview.org\/pt-br\/wp-json\/wp\/v2\/posts\/42010\/revisions"}],"predecessor-version":[{"id":42012,"href":"https:\/\/latamjournalismreview.org\/pt-br\/wp-json\/wp\/v2\/posts\/42010\/revisions\/42012"}],"wp:attachment":[{"href":"https:\/\/latamjournalismreview.org\/pt-br\/wp-json\/wp\/v2\/media?parent=42010"}],"wp:term":[{"taxonomy":"category","embeddable":true,"href":"https:\/\/latamjournalismreview.org\/pt-br\/wp-json\/wp\/v2\/categories?post=42010"},{"taxonomy":"post_tag","embeddable":true,"href":"https:\/\/latamjournalismreview.org\/pt-br\/wp-json\/wp\/v2\/tags?post=42010"},{"taxonomy":"author","embeddable":true,"href":"https:\/\/latamjournalismreview.org\/pt-br\/wp-json\/wp\/v2\/coauthors?post=42010"}],"curies":[{"name":"wp","href":"https:\/\/api.w.org\/{rel}","templated":true}]}}