{"id":42349,"date":"2013-08-12T10:40:58","date_gmt":"2013-08-12T15:40:58","guid":{"rendered":"https:\/\/latamjournalismreview.org\/?p=42349"},"modified":"2021-11-18T10:42:44","modified_gmt":"2021-11-18T15:42:44","slug":"corte-revoga-sentenca-contra-acusado-de-assassinar-jornalista-mexicana-por-denuncia-de-confissao-sob-tortura","status":"publish","type":"post","link":"https:\/\/latamjournalismreview.org\/pt-br\/articles\/corte-revoga-sentenca-contra-acusado-de-assassinar-jornalista-mexicana-por-denuncia-de-confissao-sob-tortura\/","title":{"rendered":"Corte revoga senten\u00e7a contra acusado de assassinar jornalista mexicana por den\u00fancia de confiss\u00e3o sob tortura"},"content":{"rendered":"<p><em>Por Alejandro Mart\u00ednez<\/em><\/p>\n<p>Um tribunal do estado de Veracruz <a href=\"http:\/\/www.proceso.com.mx\/?p=349544\" target=\"_blank\" rel=\"noopener\">revogou em 8 de agosto a senten\u00e7a\u00a0<\/a>contra um homem que garantiu ter sido torturado para confessar o assassinato da jornalista mexicana Regina Mart\u00ednez, reportou a revista Processo.<\/p>\n<p>Em abril, uma corte de primeira inst\u00e2ncia em Veracruz condenou Jorge Antonio Hern\u00e1ndez \u201cEl Silva\u201d\u00a0<a href=\"https:\/\/knightcenter.utexas.edu\/es\/blog\/00-13501-dictan-38-anos-de-prision-hombre-acusado-del-asesinato-de-periodista-mexicana\" target=\"_blank\" rel=\"noopener\">a 38 anos e dois meses de pris\u00e3o<\/a>\u00a0pelo crime.<\/p>\n<p>No entanto, o Tribunal Superior de Justi\u00e7a do Estado (TSJE) determinou ontem, 8 de agosto, que durante o processo penal foram violados os direitos de Hern\u00e1ndez, que n\u00e3o teve defesa apropriada e confessou o crime sob tortura. Sua confiss\u00e3o era a \u00fanica prova v\u00e1lida utilizada pela Procuradoria do estado para sustentar sua acusa\u00e7\u00e3o contra Hern\u00e1ndez, informou a Proceso.<\/p>\n<p>\u201cA senten\u00e7a de condena\u00e7\u00e3o revogada se sustenta unicamente na confiss\u00e3o do pr\u00f3prio acusado, que foi feita mediante tortura, e que n\u00e3o deveria ser v\u00e1lida\", determinou o tribunal Tribunal.<\/p>\n<p>Em um comunicado de imprensa, a Procuradoria Geral de Justi\u00e7a de Veracruz disse que \u201c<a href=\"http:\/\/www.comsocialver.gob.mx\/2013\/08\/08\/respeta-pgj-pero-no-comparte-criterio-juridico-del-tribunal-superior-de-justicia-de-veracruz-que-revoco-sentencia-de-jorge-antonio-hernandez-silva\/\" target=\"_blank\" rel=\"noopener\">respeita mas n\u00e3o compartilha\"\u00a0<\/a>do crit\u00e9rio do TSJE, garantindo que \"foram respeitados os direitos constitucionais e humanos de Jorge Antonio Hern\u00e1ndez Silva durante todo o procedimento penal.\u201d<\/p>\n<p>A revista Proceso considerou a exonera\u00e7\u00e3o de Hern\u00e1ndez \"um passo muito importante\" para investigar as verdadeiras circunst\u00e2ncias do crime.<\/p>\n<p>\"Essa decis\u00e3o \u00e9 a confirma\u00e7\u00e3o do que temos falado desde o come\u00e7o, que \u00e9ramos c\u00e9ticos at\u00e9 que se comprovasse o que de fato aconteceu com Regina.\u00a0<a href=\"http:\/\/internacional.elpais.com\/internacional\/2013\/08\/09\/actualidad\/1376009790_377770.html\" target=\"_blank\" rel=\"noopener\">Significa que a investiga\u00e7\u00e3o continua aberta e que as coisas n\u00e3o aconteceram como se disse<\/a>, e por isso esperamos que se siga a linha de investiga\u00e7\u00e3o que leva em conta o trabalho jornal\u00edstico realizado por Regina\", disse um porta-voz da Proceso ao jornal El Pa\u00eds.<\/p>\n<p>Ap\u00f3s a not\u00edcia, a organiza\u00e7\u00e3o Rep\u00f3rteres sem Fronteiras fez um pedido para que os verdadeiros culpados do crime sejam encontrados.<\/p>\n<p>\u201c<a href=\"http:\/\/http\/\/es.rsf.org\/mexico-revocan-la-sentencia-del-presunto-09-08-2013,45039.html\" target=\"_blank\" rel=\"noopener\">Este caso ainda n\u00e3o est\u00e1 resolvido<\/a>\u201d, disse a organiza\u00e7\u00e3o. \"Agora a investiga\u00e7\u00e3o deve ser recome\u00e7ada de forma s\u00e9rie, levando em conta as atividades profissionais da jornalista, para que os autores materiais e intelectuais desse assassinato sejam detidos\".<\/p>\n<p>No final do ano passado, as autoridades de Veracruz apresentaram Hern\u00e1ndez\u00a0<a href=\"https:\/\/knightcenter.utexas.edu\/es\/blog\/00-11944-autoridades-de-veracruz-arrestan-al-presunto-asesino-de-periodista-mexicana\" target=\"_blank\" rel=\"noopener\">como um dos autores materiais do assassinato de Mart\u00ednez<\/a>\u00a0em abril de 2012, garantiram que o motivo do crime foi um roubo e descartaram que houvesse rela\u00e7\u00e3o com o trabalho da jornalista.<\/p>\n<p>No entanto, um dia antes da exonera\u00e7\u00e3o de Hern\u00e1ndez,\u00a0<a href=\"http:\/\/cpj.org\/es\/2013\/08\/fiscalia-especial-mexicana-vacila-sobre-primeros-c.php\" target=\"_blank\" rel=\"noopener\">a produradora especial para os crimes contra a liberdade de express\u00e3o\u00a0<\/a>do governo federal, Laura Borbolla, declarou que\u00a0<a href=\"http:\/\/www.proceso.com.mx\/?p=349506\" target=\"_blank\" rel=\"noopener\">existem sim ind\u00edcios de que o trabalho de Mart\u00ednez pudesse ter motivado o crime<\/a>, informou a Proceso.<\/p>\n<p>Mart\u00ednez era correspondente da Proceso em Veracruz,\u00a0<a href=\"https:\/\/knightcenter.utexas.edu\/es\/blog\/00-13441-el-estilo-duarte-de-apoyar-los-periodistas-gremio-en-mexico-cuestiona-premio-gobernado\" target=\"_blank\" rel=\"noopener\">um dos lugares mais perigosos para os jornalistas no continente<\/a>. Dias antes de seu assassinato, Mart\u00ednez havia publicado uma nota sobre a pris\u00e3o de nove oficiais da pol\u00edcia acusados de associa\u00e7\u00e3o com o narcotr\u00e1fico, segundo a Rep\u00f3rteres sem Fronteiras. O jornalista Jorge Carrasco, tamb\u00e9m rep\u00f3rter da Proceso e colega de Mart\u00ednez,\u00a0<a href=\"https:\/\/knightcenter.utexas.edu\/es\/blog\/00-13563-revista-proceso-en-mexico-denuncia-amenazas-contra-reportero-que-investiga-crimen-de-p\" target=\"_blank\" rel=\"noopener\">recebeu amea\u00e7as ap\u00f3s sua investiga\u00e7\u00e3o do caso<\/a>.<\/p>\n<p><em>Nota do editor: Essa hist\u00f3ria foi publicada originalmente no blog de jornalismo nas Am\u00e9ricas do Centro Knight, o predecessor do LatAm Journalism Review.<\/em><\/p>\n","protected":false},"excerpt":{"rendered":"<p>Um tribunal do estado de Veracruz revogou em 8 de agosto a senten\u00e7a\u00a0contra um homem que garantiu ter sido torturado para confessar o assassinato da jornalista mexicana Regina Mart\u00ednez, reportou a revista Processo.<\/p>\n","protected":false},"author":17,"featured_media":0,"comment_status":"closed","ping_status":"closed","sticky":false,"template":"","format":"standard","meta":{"inline_featured_image":false,"footnotes":""},"categories":[1221],"tags":[1552,1379,1394],"coauthors":[],"class_list":["post-42349","post","type-post","status-publish","format-standard","hentry","category-violencia-contra-jornalistas-pt-br","tag-assassinatos-de-jornalistas-pt-br","tag-casos-judiciais-pt-br","tag-mexico-pt-br"],"acf":[],"yoast_head":"<!-- This site is optimized with the Yoast SEO Premium plugin v22.6 (Yoast SEO v27.4) - https:\/\/yoast.com\/product\/yoast-seo-premium-wordpress\/ -->\n<title>Corte revoga senten\u00e7a contra acusado de assassinar jornalista mexicana por den\u00fancia de confiss\u00e3o sob tortura - LatAm Journalism Review by the Knight Center<\/title>\n<meta name=\"description\" content=\"Corte revoga senten\u00e7a contra acusado de assassinar jornalista mexicana por den\u00fancia de confiss\u00e3o sob tortura Viol\u00eancia contra jornalistas. Latin American Journalism Review by The Knight Center at The University of Texas at Austin.\" \/>\n<meta name=\"robots\" content=\"index, follow, max-snippet:-1, max-image-preview:large, max-video-preview:-1\" \/>\n<link rel=\"canonical\" href=\"https:\/\/latamjournalismreview.org\/pt-br\/articles\/corte-revoga-sentenca-contra-acusado-de-assassinar-jornalista-mexicana-por-denuncia-de-confissao-sob-tortura\/\" \/>\n<meta property=\"og:locale\" content=\"pt_BR\" \/>\n<meta property=\"og:type\" content=\"article\" \/>\n<meta property=\"og:title\" content=\"Corte revoga senten\u00e7a contra acusado de assassinar jornalista mexicana por den\u00fancia de confiss\u00e3o sob tortura\" \/>\n<meta property=\"og:description\" content=\"Corte revoga senten\u00e7a contra acusado de assassinar jornalista mexicana por den\u00fancia de confiss\u00e3o sob tortura Viol\u00eancia contra jornalistas. Latin American Journalism Review by The Knight Center at The University of Texas at Austin.\" \/>\n<meta property=\"og:url\" content=\"https:\/\/latamjournalismreview.org\/pt-br\/articles\/corte-revoga-sentenca-contra-acusado-de-assassinar-jornalista-mexicana-por-denuncia-de-confissao-sob-tortura\/\" \/>\n<meta property=\"og:site_name\" content=\"LatAm Journalism Review by the Knight Center\" \/>\n<meta property=\"article:published_time\" content=\"2013-08-12T15:40:58+00:00\" \/>\n<meta property=\"article:modified_time\" content=\"2021-11-18T15:42:44+00:00\" \/>\n<meta name=\"author\" content=\"Guest\" \/>\n<meta name=\"twitter:card\" content=\"summary_large_image\" \/>\n<meta name=\"twitter:creator\" content=\"@LatAmJournalism\" \/>\n<meta name=\"twitter:site\" content=\"@LatAmJournalism\" \/>\n<meta name=\"twitter:label1\" content=\"Written by\" \/>\n\t<meta name=\"twitter:data1\" content=\"Guest\" \/>\n\t<meta name=\"twitter:label2\" content=\"Est. reading time\" \/>\n\t<meta name=\"twitter:data2\" content=\"3 minutos\" \/>\n<script type=\"application\/ld+json\" class=\"yoast-schema-graph\">{\"@context\":\"https:\\\/\\\/schema.org\",\"@graph\":[{\"@type\":\"Article\",\"@id\":\"https:\\\/\\\/latamjournalismreview.org\\\/pt-br\\\/articles\\\/corte-revoga-sentenca-contra-acusado-de-assassinar-jornalista-mexicana-por-denuncia-de-confissao-sob-tortura\\\/#article\",\"isPartOf\":{\"@id\":\"https:\\\/\\\/latamjournalismreview.org\\\/pt-br\\\/articles\\\/corte-revoga-sentenca-contra-acusado-de-assassinar-jornalista-mexicana-por-denuncia-de-confissao-sob-tortura\\\/\"},\"author\":{\"name\":\"Guest\",\"@id\":\"https:\\\/\\\/latamjournalismreview.org\\\/pt-br\\\/#\\\/schema\\\/person\\\/0315202e0b3c0963a2440f1c3012c360\"},\"headline\":\"Corte revoga senten\u00e7a contra acusado de assassinar jornalista mexicana por den\u00fancia de confiss\u00e3o sob tortura\",\"datePublished\":\"2013-08-12T15:40:58+00:00\",\"dateModified\":\"2021-11-18T15:42:44+00:00\",\"mainEntityOfPage\":{\"@id\":\"https:\\\/\\\/latamjournalismreview.org\\\/pt-br\\\/articles\\\/corte-revoga-sentenca-contra-acusado-de-assassinar-jornalista-mexicana-por-denuncia-de-confissao-sob-tortura\\\/\"},\"wordCount\":591,\"publisher\":{\"@id\":\"https:\\\/\\\/latamjournalismreview.org\\\/pt-br\\\/#organization\"},\"keywords\":[\"Assassinatos de jornalistas\",\"Casos judiciais\",\"M\u00e9xico\"],\"articleSection\":[\"Viol\u00eancia contra jornalistas\"],\"inLanguage\":\"pt-BR\"},{\"@type\":\"WebPage\",\"@id\":\"https:\\\/\\\/latamjournalismreview.org\\\/pt-br\\\/articles\\\/corte-revoga-sentenca-contra-acusado-de-assassinar-jornalista-mexicana-por-denuncia-de-confissao-sob-tortura\\\/\",\"url\":\"https:\\\/\\\/latamjournalismreview.org\\\/pt-br\\\/articles\\\/corte-revoga-sentenca-contra-acusado-de-assassinar-jornalista-mexicana-por-denuncia-de-confissao-sob-tortura\\\/\",\"name\":\"Corte revoga senten\u00e7a contra acusado de assassinar jornalista mexicana por den\u00fancia de confiss\u00e3o sob tortura - LatAm Journalism Review by the Knight Center\",\"isPartOf\":{\"@id\":\"https:\\\/\\\/latamjournalismreview.org\\\/pt-br\\\/#website\"},\"datePublished\":\"2013-08-12T15:40:58+00:00\",\"dateModified\":\"2021-11-18T15:42:44+00:00\",\"description\":\"Corte revoga senten\u00e7a contra acusado de assassinar jornalista mexicana por den\u00fancia de confiss\u00e3o sob tortura Viol\u00eancia contra jornalistas. Latin American Journalism Review by The Knight Center at The University of Texas at Austin.\",\"breadcrumb\":{\"@id\":\"https:\\\/\\\/latamjournalismreview.org\\\/pt-br\\\/articles\\\/corte-revoga-sentenca-contra-acusado-de-assassinar-jornalista-mexicana-por-denuncia-de-confissao-sob-tortura\\\/#breadcrumb\"},\"inLanguage\":\"pt-BR\",\"potentialAction\":[{\"@type\":\"ReadAction\",\"target\":[\"https:\\\/\\\/latamjournalismreview.org\\\/pt-br\\\/articles\\\/corte-revoga-sentenca-contra-acusado-de-assassinar-jornalista-mexicana-por-denuncia-de-confissao-sob-tortura\\\/\"]}]},{\"@type\":\"BreadcrumbList\",\"@id\":\"https:\\\/\\\/latamjournalismreview.org\\\/pt-br\\\/articles\\\/corte-revoga-sentenca-contra-acusado-de-assassinar-jornalista-mexicana-por-denuncia-de-confissao-sob-tortura\\\/#breadcrumb\",\"itemListElement\":[{\"@type\":\"ListItem\",\"position\":1,\"name\":\"Home\",\"item\":\"https:\\\/\\\/latamjournalismreview.org\\\/pt-br\\\/\"},{\"@type\":\"ListItem\",\"position\":2,\"name\":\"Corte revoga senten\u00e7a contra acusado de assassinar jornalista mexicana por den\u00fancia de confiss\u00e3o sob tortura\"}]},{\"@type\":\"WebSite\",\"@id\":\"https:\\\/\\\/latamjournalismreview.org\\\/pt-br\\\/#website\",\"url\":\"https:\\\/\\\/latamjournalismreview.org\\\/pt-br\\\/\",\"name\":\"LatAm Journalism Review\",\"description\":\"Digital magazine on journalism in Latin America\",\"publisher\":{\"@id\":\"https:\\\/\\\/latamjournalismreview.org\\\/pt-br\\\/#organization\"},\"potentialAction\":[{\"@type\":\"SearchAction\",\"target\":{\"@type\":\"EntryPoint\",\"urlTemplate\":\"https:\\\/\\\/latamjournalismreview.org\\\/pt-br\\\/?s={search_term_string}\"},\"query-input\":{\"@type\":\"PropertyValueSpecification\",\"valueRequired\":true,\"valueName\":\"search_term_string\"}}],\"inLanguage\":\"pt-BR\"},{\"@type\":\"Organization\",\"@id\":\"https:\\\/\\\/latamjournalismreview.org\\\/pt-br\\\/#organization\",\"name\":\"LatAm Journalism Review\",\"url\":\"https:\\\/\\\/latamjournalismreview.org\\\/pt-br\\\/\",\"logo\":{\"@type\":\"ImageObject\",\"inLanguage\":\"pt-BR\",\"@id\":\"https:\\\/\\\/latamjournalismreview.org\\\/pt-br\\\/#\\\/schema\\\/logo\\\/image\\\/\",\"url\":\"https:\\\/\\\/latamjournalismreview.org\\\/wp-content\\\/uploads\\\/2020\\\/05\\\/knight-latAm-review-logo.svg\",\"contentUrl\":\"https:\\\/\\\/latamjournalismreview.org\\\/wp-content\\\/uploads\\\/2020\\\/05\\\/knight-latAm-review-logo.svg\",\"width\":\"1024\",\"height\":\"1024\",\"caption\":\"LatAm Journalism Review\"},\"image\":{\"@id\":\"https:\\\/\\\/latamjournalismreview.org\\\/pt-br\\\/#\\\/schema\\\/logo\\\/image\\\/\"},\"sameAs\":[\"https:\\\/\\\/x.com\\\/LatAmJournalism\"]},{\"@type\":\"Person\",\"@id\":\"https:\\\/\\\/latamjournalismreview.org\\\/pt-br\\\/#\\\/schema\\\/person\\\/0315202e0b3c0963a2440f1c3012c360\",\"name\":\"Guest\",\"url\":\"https:\\\/\\\/latamjournalismreview.org\\\/pt-br\\\/articles\\\/author\\\/guest\\\/\"}]}<\/script>\n<!-- \/ Yoast SEO Premium plugin. -->","yoast_head_json":{"title":"Corte revoga senten\u00e7a contra acusado de assassinar jornalista mexicana por den\u00fancia de confiss\u00e3o sob tortura - LatAm Journalism Review by the Knight Center","description":"Corte revoga senten\u00e7a contra acusado de assassinar jornalista mexicana por den\u00fancia de confiss\u00e3o sob tortura Viol\u00eancia contra jornalistas. Latin American Journalism Review by The Knight Center at The University of Texas at Austin.","robots":{"index":"index","follow":"follow","max-snippet":"max-snippet:-1","max-image-preview":"max-image-preview:large","max-video-preview":"max-video-preview:-1"},"canonical":"https:\/\/latamjournalismreview.org\/pt-br\/articles\/corte-revoga-sentenca-contra-acusado-de-assassinar-jornalista-mexicana-por-denuncia-de-confissao-sob-tortura\/","og_locale":"pt_BR","og_type":"article","og_title":"Corte revoga senten\u00e7a contra acusado de assassinar jornalista mexicana por den\u00fancia de confiss\u00e3o sob tortura","og_description":"Corte revoga senten\u00e7a contra acusado de assassinar jornalista mexicana por den\u00fancia de confiss\u00e3o sob tortura Viol\u00eancia contra jornalistas. Latin American Journalism Review by The Knight Center at The University of Texas at Austin.","og_url":"https:\/\/latamjournalismreview.org\/pt-br\/articles\/corte-revoga-sentenca-contra-acusado-de-assassinar-jornalista-mexicana-por-denuncia-de-confissao-sob-tortura\/","og_site_name":"LatAm Journalism Review by the Knight Center","article_published_time":"2013-08-12T15:40:58+00:00","article_modified_time":"2021-11-18T15:42:44+00:00","author":"Guest","twitter_card":"summary_large_image","twitter_creator":"@LatAmJournalism","twitter_site":"@LatAmJournalism","twitter_misc":{"Written by":"Guest","Est. reading time":"3 minutos"},"schema":{"@context":"https:\/\/schema.org","@graph":[{"@type":"Article","@id":"https:\/\/latamjournalismreview.org\/pt-br\/articles\/corte-revoga-sentenca-contra-acusado-de-assassinar-jornalista-mexicana-por-denuncia-de-confissao-sob-tortura\/#article","isPartOf":{"@id":"https:\/\/latamjournalismreview.org\/pt-br\/articles\/corte-revoga-sentenca-contra-acusado-de-assassinar-jornalista-mexicana-por-denuncia-de-confissao-sob-tortura\/"},"author":{"name":"Guest","@id":"https:\/\/latamjournalismreview.org\/pt-br\/#\/schema\/person\/0315202e0b3c0963a2440f1c3012c360"},"headline":"Corte revoga senten\u00e7a contra acusado de assassinar jornalista mexicana por den\u00fancia de confiss\u00e3o sob tortura","datePublished":"2013-08-12T15:40:58+00:00","dateModified":"2021-11-18T15:42:44+00:00","mainEntityOfPage":{"@id":"https:\/\/latamjournalismreview.org\/pt-br\/articles\/corte-revoga-sentenca-contra-acusado-de-assassinar-jornalista-mexicana-por-denuncia-de-confissao-sob-tortura\/"},"wordCount":591,"publisher":{"@id":"https:\/\/latamjournalismreview.org\/pt-br\/#organization"},"keywords":["Assassinatos de jornalistas","Casos judiciais","M\u00e9xico"],"articleSection":["Viol\u00eancia contra jornalistas"],"inLanguage":"pt-BR"},{"@type":"WebPage","@id":"https:\/\/latamjournalismreview.org\/pt-br\/articles\/corte-revoga-sentenca-contra-acusado-de-assassinar-jornalista-mexicana-por-denuncia-de-confissao-sob-tortura\/","url":"https:\/\/latamjournalismreview.org\/pt-br\/articles\/corte-revoga-sentenca-contra-acusado-de-assassinar-jornalista-mexicana-por-denuncia-de-confissao-sob-tortura\/","name":"Corte revoga senten\u00e7a contra acusado de assassinar jornalista mexicana por den\u00fancia de confiss\u00e3o sob tortura - LatAm Journalism Review by the Knight Center","isPartOf":{"@id":"https:\/\/latamjournalismreview.org\/pt-br\/#website"},"datePublished":"2013-08-12T15:40:58+00:00","dateModified":"2021-11-18T15:42:44+00:00","description":"Corte revoga senten\u00e7a contra acusado de assassinar jornalista mexicana por den\u00fancia de confiss\u00e3o sob tortura Viol\u00eancia contra jornalistas. Latin American Journalism Review by The Knight Center at The University of Texas at Austin.","breadcrumb":{"@id":"https:\/\/latamjournalismreview.org\/pt-br\/articles\/corte-revoga-sentenca-contra-acusado-de-assassinar-jornalista-mexicana-por-denuncia-de-confissao-sob-tortura\/#breadcrumb"},"inLanguage":"pt-BR","potentialAction":[{"@type":"ReadAction","target":["https:\/\/latamjournalismreview.org\/pt-br\/articles\/corte-revoga-sentenca-contra-acusado-de-assassinar-jornalista-mexicana-por-denuncia-de-confissao-sob-tortura\/"]}]},{"@type":"BreadcrumbList","@id":"https:\/\/latamjournalismreview.org\/pt-br\/articles\/corte-revoga-sentenca-contra-acusado-de-assassinar-jornalista-mexicana-por-denuncia-de-confissao-sob-tortura\/#breadcrumb","itemListElement":[{"@type":"ListItem","position":1,"name":"Home","item":"https:\/\/latamjournalismreview.org\/pt-br\/"},{"@type":"ListItem","position":2,"name":"Corte revoga senten\u00e7a contra acusado de assassinar jornalista mexicana por den\u00fancia de confiss\u00e3o sob tortura"}]},{"@type":"WebSite","@id":"https:\/\/latamjournalismreview.org\/pt-br\/#website","url":"https:\/\/latamjournalismreview.org\/pt-br\/","name":"LatAm Journalism Review","description":"Digital magazine on journalism in Latin America","publisher":{"@id":"https:\/\/latamjournalismreview.org\/pt-br\/#organization"},"potentialAction":[{"@type":"SearchAction","target":{"@type":"EntryPoint","urlTemplate":"https:\/\/latamjournalismreview.org\/pt-br\/?s={search_term_string}"},"query-input":{"@type":"PropertyValueSpecification","valueRequired":true,"valueName":"search_term_string"}}],"inLanguage":"pt-BR"},{"@type":"Organization","@id":"https:\/\/latamjournalismreview.org\/pt-br\/#organization","name":"LatAm Journalism Review","url":"https:\/\/latamjournalismreview.org\/pt-br\/","logo":{"@type":"ImageObject","inLanguage":"pt-BR","@id":"https:\/\/latamjournalismreview.org\/pt-br\/#\/schema\/logo\/image\/","url":"https:\/\/latamjournalismreview.org\/wp-content\/uploads\/2020\/05\/knight-latAm-review-logo.svg","contentUrl":"https:\/\/latamjournalismreview.org\/wp-content\/uploads\/2020\/05\/knight-latAm-review-logo.svg","width":"1024","height":"1024","caption":"LatAm Journalism Review"},"image":{"@id":"https:\/\/latamjournalismreview.org\/pt-br\/#\/schema\/logo\/image\/"},"sameAs":["https:\/\/x.com\/LatAmJournalism"]},{"@type":"Person","@id":"https:\/\/latamjournalismreview.org\/pt-br\/#\/schema\/person\/0315202e0b3c0963a2440f1c3012c360","name":"Guest","url":"https:\/\/latamjournalismreview.org\/pt-br\/articles\/author\/guest\/"}]}},"_links":{"self":[{"href":"https:\/\/latamjournalismreview.org\/pt-br\/wp-json\/wp\/v2\/posts\/42349","targetHints":{"allow":["GET"]}}],"collection":[{"href":"https:\/\/latamjournalismreview.org\/pt-br\/wp-json\/wp\/v2\/posts"}],"about":[{"href":"https:\/\/latamjournalismreview.org\/pt-br\/wp-json\/wp\/v2\/types\/post"}],"author":[{"embeddable":true,"href":"https:\/\/latamjournalismreview.org\/pt-br\/wp-json\/wp\/v2\/users\/17"}],"replies":[{"embeddable":true,"href":"https:\/\/latamjournalismreview.org\/pt-br\/wp-json\/wp\/v2\/comments?post=42349"}],"version-history":[{"count":3,"href":"https:\/\/latamjournalismreview.org\/pt-br\/wp-json\/wp\/v2\/posts\/42349\/revisions"}],"predecessor-version":[{"id":42354,"href":"https:\/\/latamjournalismreview.org\/pt-br\/wp-json\/wp\/v2\/posts\/42349\/revisions\/42354"}],"wp:attachment":[{"href":"https:\/\/latamjournalismreview.org\/pt-br\/wp-json\/wp\/v2\/media?parent=42349"}],"wp:term":[{"taxonomy":"category","embeddable":true,"href":"https:\/\/latamjournalismreview.org\/pt-br\/wp-json\/wp\/v2\/categories?post=42349"},{"taxonomy":"post_tag","embeddable":true,"href":"https:\/\/latamjournalismreview.org\/pt-br\/wp-json\/wp\/v2\/tags?post=42349"},{"taxonomy":"author","embeddable":true,"href":"https:\/\/latamjournalismreview.org\/pt-br\/wp-json\/wp\/v2\/coauthors?post=42349"}],"curies":[{"name":"wp","href":"https:\/\/api.w.org\/{rel}","templated":true}]}}