{"id":42414,"date":"2014-03-06T18:31:49","date_gmt":"2014-03-06T23:31:49","guid":{"rendered":"https:\/\/latamjournalismreview.org\/?p=42414"},"modified":"2021-11-18T14:26:57","modified_gmt":"2021-11-18T19:26:57","slug":"procuradoria-colombiana-abre-investigacao-contra-canal-publico-por-cobertura-da-destituicao-do-prefeito-de-bogota","status":"publish","type":"post","link":"https:\/\/latamjournalismreview.org\/pt-br\/articles\/procuradoria-colombiana-abre-investigacao-contra-canal-publico-por-cobertura-da-destituicao-do-prefeito-de-bogota\/","title":{"rendered":"Procuradoria colombiana abre investiga\u00e7\u00e3o contra canal p\u00fablico por cobertura da destitui\u00e7\u00e3o do prefeito de Bogot\u00e1"},"content":{"rendered":"<p><em>Por Alejandro Mart\u00ednez<\/em><\/p>\n<p>A Procuradoria Geral da Rep\u00fablica da Col\u00f4mbia <a href=\"http:\/\/canalcapital.gov.co\/todos-los-programas\/145-informativa\/noticias-destacados\/14187-comunicado-a-la-opinion-publica\" target=\"_blank\" rel=\"noopener\">abriu uma investiga\u00e7\u00e3o<\/a>\u00a0contra o canal p\u00fablico de Bogot\u00e1, <a href=\"http:\/\/canalcapital.gov.co\/\" target=\"_blank\" rel=\"noopener\">Canal Capital<\/a>, relacionada \u00e0 cobertura das mobiliza\u00e7\u00f5es convocadas pelo prefeito da cidade, Gustavo Petro Urrego, anunciou a emissora.<\/p>\n<p>A investiga\u00e7\u00e3o ocorre depois que o procurador-geral do pa\u00eds, <a href=\"http:\/\/www.semana.com\/nacion\/articulo\/el-poder-del-procurador\/332821-3%E2%80%8B\" target=\"_blank\" rel=\"noopener\">Alejandro Ord\u00f3\u00f1ez<\/a>, ordenou em dezembro a destitui\u00e7\u00e3o de Petro Urrego \u2013 e a suspens\u00e3o dos seus direitos pol\u00edticos por 15 anos \u2013 por <a href=\"http:\/\/www.semana.com\/nacion\/articulo\/gustavo-petro-fue-destituido-por-la-procuraduria\/367687-3\" target=\"_blank\" rel=\"noopener\">supostas falhas administrativas s\u00e9rias ao fazer mudan\u00e7as no sistema de coleta de lixo em Bogot\u00e1<\/a> no ano passado. Petro Urrego acusou Ord\u00f3\u00f1ez de emitir a ordem <a href=\"http:\/\/www.bbc.co.uk\/mundo\/noticias\/2013\/12\/131216_colombia_procurador_alejandro_ordonez_aw.shtml\" target=\"_blank\" rel=\"noopener\">com motiva\u00e7\u00f5es pol\u00edticas <\/a>e <a href=\"http:\/\/www.elespectador.com\/noticias\/bogota\/petro-convoca-movilizacion-permanente-tras-ratificacion-articulo-468308\" target=\"_blank\" rel=\"noopener\">convocou \u00a0mobiliza\u00e7\u00f5es p\u00fablicas<\/a> para protestar contra sua destitui\u00e7\u00e3o.<\/p>\n<p>Em uma notifica\u00e7\u00e3o enviada em meados de fevereiro e <a href=\"http:\/\/canalcapital.gov.co\/todos-los-programas\/145-informativa\/noticias-destacados\/14187-comunicado-a-la-opinion-publica\" target=\"_blank\" rel=\"noopener\">republicada pelo Canal Capital<\/a>, a Procuradoria notificou o ve\u00edculo por \u201csupostas irregularidades por parte de Canal Capital ao realizar transmiss\u00f5es parciais \u2018contra a procuradoria\u2019 e motivar a realiza\u00e7\u00e3o de mobiliza\u00e7\u00f5es utilizando indevidamente os recursos p\u00fablicos para tal fim\u201d.<\/p>\n<p>A Procuradoria pediu ao canal registros da programa\u00e7\u00e3o que estava originalmente agendada para o hor\u00e1rio e os dias que Petro Urrego comunicou a san\u00e7\u00e3o contra ele e quando ocorreram as mobiliza\u00e7\u00f5es, bem como c\u00f3pias das transmiss\u00f5es que foram realizadas.<\/p>\n<p>Em outra notifica\u00e7\u00e3o dirigida ao diretor do canal, Hollman Morris, a Secretaria Comum de Assuntos Disciplinares de de Bogot\u00e1 tamb\u00e9m solicitou c\u00f3pias dos v\u00eddeos realizados pelo Canal Capital sobre as mobiliza\u00e7\u00f5es para avaliar medidas disciplinares contra o ve\u00edculo.<\/p>\n<p>Ord\u00f3\u00f1ez ordenou a destitui\u00e7\u00e3o de Petro Urrego em dezembro do ano passado. Em janeiro, uma corte de segunda inst\u00e2ncia ratificou a ordem; contudo, ela\u00a0<a href=\"http:\/\/www.elespectador.com\/noticias\/judicial\/tribunal-administrativo-suspende-provisionalmente-desti-articulo-468519\" target=\"_blank\" rel=\"noopener\">se encontra temporariamente suspensa<\/a>. Petro Urrego <a href=\"http:\/\/m.semana.com\/nacion\/articulo\/petro-la-denuncia-ante-comision-interamericana-de-derechos-humanos\/367850-3\" target=\"_blank\" rel=\"noopener\">processou o Estado colombiano na Corte Interamericana de Direitos Humanos<\/a>\u00a0pelo que chamou de uma persegui\u00e7\u00e3o pol\u00edtica contra ele.<\/p>\n<p>Canal Capital \u00e9 dirigido por Morris desde 2012, <a href=\"https:\/\/knightcenter.utexas.edu\/es\/blog\/premiado-periodista-hollman-morris-habla-con-el-centro-knight-sobre-su-peligrosa-decision-de-vo\" target=\"_blank\" rel=\"noopener\">ano em que Petro Urrego o convidou para o carg<\/a><u>o<\/u>. Morris, um reconhecido jornalista que recebeu a Bolsa Nieman da Universidade de Harvard em 2010, voltou \u00e0 Col\u00f4mbia para dirigir o canal depois de ter deixado o pa\u00eds por quase um ano <a href=\"https:\/\/knightcenter.utexas.edu\/es\/blog\/beca-nieman-se-convierte-en-un-salvavidas-para-el-periodista-colombiano-hollman-morris\" target=\"_blank\" rel=\"noopener\">ap\u00f3s receber amea\u00e7as do governo do ex-presidente \u00c1lvaro Uribe e grupos paramilitares<\/a>.<\/p>\n<p>Em seu\u00a0comunicado,\u00a0Canal Capital disse que notificou organiza\u00e7\u00f5es internacionais como a Relatoria Especial para a Liberdade de Express\u00e3o da Organiza\u00e7\u00e3o dos Estados Americanos, o Relator Especial para a Liberdade de Express\u00e3o das Na\u00e7\u00f5es Unidas e Rep\u00f3rteres Sem Fronteiras sobre a investiga\u00e7\u00e3o.<\/p>\n<p>Canal Capital tamb\u00e9m\u00a0citou a Funda\u00e7\u00e3o para a Liberdade de Imprensa (FLIP) na Col\u00f4mbia, que criticou a a\u00e7\u00e3o contra o canal e disse que n\u00e3o \u00e9 compet\u00eancia da Procuradoria investigar conte\u00fados jornal\u00edsticos.<\/p>\n<p>\u201cSe o motivo da a\u00e7\u00e3o \u00e9 a suposta parcialidade, dirimir este conflito cabe \u00e0 corte Constitucional. De igual forma, no caso da Procuradoria, deve-se recordar que ao adiantar investiga\u00e7\u00f5es sobre conte\u00fados relativos a ela pr\u00f3pria, estaria atuando como juiz e parte\u201d, disse a FLIP ao Canal Capital.<\/p>\n<p>O canal pediu que qualquer investiga\u00e7\u00e3o respeite a liberdade de express\u00e3o e o direito \u00e0 informa\u00e7\u00e3o, e assegurou que continuar\u00e1 com sua cobertura das mobiliza\u00e7\u00f5es.<\/p>\n<p>\u201cCanal Capital seguir\u00e1 cobrindo jornal\u00edsticamente o que diz respeito \u00e0s mobiliza\u00e7\u00f5es, pronunciamentos que tenham a ver com a pretensa destitui\u00e7\u00e3o do prefeito de Bogot\u00e1, como o que mais acontecer na cidade, sabendo que nosso dever \u00e9 informar, e por isso empregaremos todos os recursos que estejam a nosso alcance para manter uma sociedade bem informada\u201d, afirmou.<\/p>\n<p><em>Nota do editor: Essa hist\u00f3ria foi publicada originalmente no blog Jornalismo nas Am\u00e9ricas do Centro Knight, o predecessor do LatAm Journalism Review.<\/em><\/p>\n","protected":false},"excerpt":{"rendered":"<p>A Procuradoria Geral da Rep\u00fablica da Col\u00f4mbia abriu uma investiga\u00e7\u00e3o\u00a0contra o canal p\u00fablico de Bogot\u00e1, Canal Capital, relacionada \u00e0 cobertura das mobiliza\u00e7\u00f5es convocadas pelo prefeito da cidade, Gustavo Petro Urrego, anunciou a emissora.<\/p>\n","protected":false},"author":22,"featured_media":0,"comment_status":"closed","ping_status":"closed","sticky":false,"template":"","format":"standard","meta":{"inline_featured_image":false,"footnotes":""},"categories":[1219],"tags":[1396,2051],"coauthors":[],"class_list":["post-42414","post","type-post","status-publish","format-standard","hentry","category-liberdade-de-imprensa-pt-br","tag-colombia-pt-br-2","tag-liberdade-de-expressao-pt-br"],"acf":[],"yoast_head":"<!-- This site is optimized with the Yoast SEO Premium plugin v22.6 (Yoast SEO v27.4) - https:\/\/yoast.com\/product\/yoast-seo-premium-wordpress\/ -->\n<title>Procuradoria colombiana abre investiga\u00e7\u00e3o contra canal p\u00fablico por cobertura da destitui\u00e7\u00e3o do prefeito de Bogot\u00e1 - LatAm Journalism Review by the Knight Center<\/title>\n<meta name=\"description\" content=\"Procuradoria colombiana abre investiga\u00e7\u00e3o contra canal p\u00fablico por cobertura da destitui\u00e7\u00e3o do prefeito de Bogot\u00e1 Liberdade de imprensa. Latin American Journalism Review by The Knight Center at The University of Texas at Austin.\" \/>\n<meta name=\"robots\" content=\"index, follow, max-snippet:-1, max-image-preview:large, max-video-preview:-1\" \/>\n<link rel=\"canonical\" href=\"https:\/\/latamjournalismreview.org\/pt-br\/articles\/procuradoria-colombiana-abre-investigacao-contra-canal-publico-por-cobertura-da-destituicao-do-prefeito-de-bogota\/\" \/>\n<meta property=\"og:locale\" content=\"pt_BR\" \/>\n<meta property=\"og:type\" content=\"article\" \/>\n<meta property=\"og:title\" content=\"Procuradoria colombiana abre investiga\u00e7\u00e3o contra canal p\u00fablico por cobertura da destitui\u00e7\u00e3o do prefeito de Bogot\u00e1\" \/>\n<meta property=\"og:description\" content=\"Procuradoria colombiana abre investiga\u00e7\u00e3o contra canal p\u00fablico por cobertura da destitui\u00e7\u00e3o do prefeito de Bogot\u00e1 Liberdade de imprensa. Latin American Journalism Review by The Knight Center at The University of Texas at Austin.\" \/>\n<meta property=\"og:url\" content=\"https:\/\/latamjournalismreview.org\/pt-br\/articles\/procuradoria-colombiana-abre-investigacao-contra-canal-publico-por-cobertura-da-destituicao-do-prefeito-de-bogota\/\" \/>\n<meta property=\"og:site_name\" content=\"LatAm Journalism Review by the Knight Center\" \/>\n<meta property=\"article:published_time\" content=\"2014-03-06T23:31:49+00:00\" \/>\n<meta property=\"article:modified_time\" content=\"2021-11-18T19:26:57+00:00\" \/>\n<meta name=\"author\" content=\"Knight Center\" \/>\n<meta name=\"twitter:card\" content=\"summary_large_image\" \/>\n<meta name=\"twitter:creator\" content=\"@LatAmJournalism\" \/>\n<meta name=\"twitter:site\" content=\"@LatAmJournalism\" \/>\n<meta name=\"twitter:label1\" content=\"Written by\" \/>\n\t<meta name=\"twitter:data1\" content=\"Knight Center\" \/>\n\t<meta name=\"twitter:label2\" content=\"Est. reading time\" \/>\n\t<meta name=\"twitter:data2\" content=\"3 minutos\" \/>\n<script type=\"application\/ld+json\" class=\"yoast-schema-graph\">{\"@context\":\"https:\\\/\\\/schema.org\",\"@graph\":[{\"@type\":\"Article\",\"@id\":\"https:\\\/\\\/latamjournalismreview.org\\\/pt-br\\\/articles\\\/procuradoria-colombiana-abre-investigacao-contra-canal-publico-por-cobertura-da-destituicao-do-prefeito-de-bogota\\\/#article\",\"isPartOf\":{\"@id\":\"https:\\\/\\\/latamjournalismreview.org\\\/pt-br\\\/articles\\\/procuradoria-colombiana-abre-investigacao-contra-canal-publico-por-cobertura-da-destituicao-do-prefeito-de-bogota\\\/\"},\"author\":{\"name\":\"Knight Center\",\"@id\":\"https:\\\/\\\/latamjournalismreview.org\\\/pt-br\\\/#\\\/schema\\\/person\\\/6c325fd0fef0cd167424c683e6577e19\"},\"headline\":\"Procuradoria colombiana abre investiga\u00e7\u00e3o contra canal p\u00fablico por cobertura da destitui\u00e7\u00e3o do prefeito de Bogot\u00e1\",\"datePublished\":\"2014-03-06T23:31:49+00:00\",\"dateModified\":\"2021-11-18T19:26:57+00:00\",\"mainEntityOfPage\":{\"@id\":\"https:\\\/\\\/latamjournalismreview.org\\\/pt-br\\\/articles\\\/procuradoria-colombiana-abre-investigacao-contra-canal-publico-por-cobertura-da-destituicao-do-prefeito-de-bogota\\\/\"},\"wordCount\":647,\"publisher\":{\"@id\":\"https:\\\/\\\/latamjournalismreview.org\\\/pt-br\\\/#organization\"},\"keywords\":[\"Col\u00f4mbia\",\"Liberdade de express\u00e3o\"],\"articleSection\":[\"Liberdade de imprensa\"],\"inLanguage\":\"pt-BR\"},{\"@type\":\"WebPage\",\"@id\":\"https:\\\/\\\/latamjournalismreview.org\\\/pt-br\\\/articles\\\/procuradoria-colombiana-abre-investigacao-contra-canal-publico-por-cobertura-da-destituicao-do-prefeito-de-bogota\\\/\",\"url\":\"https:\\\/\\\/latamjournalismreview.org\\\/pt-br\\\/articles\\\/procuradoria-colombiana-abre-investigacao-contra-canal-publico-por-cobertura-da-destituicao-do-prefeito-de-bogota\\\/\",\"name\":\"Procuradoria colombiana abre investiga\u00e7\u00e3o contra canal p\u00fablico por cobertura da destitui\u00e7\u00e3o do prefeito de Bogot\u00e1 - LatAm Journalism Review by the Knight Center\",\"isPartOf\":{\"@id\":\"https:\\\/\\\/latamjournalismreview.org\\\/pt-br\\\/#website\"},\"datePublished\":\"2014-03-06T23:31:49+00:00\",\"dateModified\":\"2021-11-18T19:26:57+00:00\",\"description\":\"Procuradoria colombiana abre investiga\u00e7\u00e3o contra canal p\u00fablico por cobertura da destitui\u00e7\u00e3o do prefeito de Bogot\u00e1 Liberdade de imprensa. Latin American Journalism Review by The Knight Center at The University of Texas at Austin.\",\"breadcrumb\":{\"@id\":\"https:\\\/\\\/latamjournalismreview.org\\\/pt-br\\\/articles\\\/procuradoria-colombiana-abre-investigacao-contra-canal-publico-por-cobertura-da-destituicao-do-prefeito-de-bogota\\\/#breadcrumb\"},\"inLanguage\":\"pt-BR\",\"potentialAction\":[{\"@type\":\"ReadAction\",\"target\":[\"https:\\\/\\\/latamjournalismreview.org\\\/pt-br\\\/articles\\\/procuradoria-colombiana-abre-investigacao-contra-canal-publico-por-cobertura-da-destituicao-do-prefeito-de-bogota\\\/\"]}]},{\"@type\":\"BreadcrumbList\",\"@id\":\"https:\\\/\\\/latamjournalismreview.org\\\/pt-br\\\/articles\\\/procuradoria-colombiana-abre-investigacao-contra-canal-publico-por-cobertura-da-destituicao-do-prefeito-de-bogota\\\/#breadcrumb\",\"itemListElement\":[{\"@type\":\"ListItem\",\"position\":1,\"name\":\"Home\",\"item\":\"https:\\\/\\\/latamjournalismreview.org\\\/pt-br\\\/\"},{\"@type\":\"ListItem\",\"position\":2,\"name\":\"Procuradoria colombiana abre investiga\u00e7\u00e3o contra canal p\u00fablico por cobertura da destitui\u00e7\u00e3o do prefeito de Bogot\u00e1\"}]},{\"@type\":\"WebSite\",\"@id\":\"https:\\\/\\\/latamjournalismreview.org\\\/pt-br\\\/#website\",\"url\":\"https:\\\/\\\/latamjournalismreview.org\\\/pt-br\\\/\",\"name\":\"LatAm Journalism Review\",\"description\":\"Digital magazine on journalism in Latin America\",\"publisher\":{\"@id\":\"https:\\\/\\\/latamjournalismreview.org\\\/pt-br\\\/#organization\"},\"potentialAction\":[{\"@type\":\"SearchAction\",\"target\":{\"@type\":\"EntryPoint\",\"urlTemplate\":\"https:\\\/\\\/latamjournalismreview.org\\\/pt-br\\\/?s={search_term_string}\"},\"query-input\":{\"@type\":\"PropertyValueSpecification\",\"valueRequired\":true,\"valueName\":\"search_term_string\"}}],\"inLanguage\":\"pt-BR\"},{\"@type\":\"Organization\",\"@id\":\"https:\\\/\\\/latamjournalismreview.org\\\/pt-br\\\/#organization\",\"name\":\"LatAm Journalism Review\",\"url\":\"https:\\\/\\\/latamjournalismreview.org\\\/pt-br\\\/\",\"logo\":{\"@type\":\"ImageObject\",\"inLanguage\":\"pt-BR\",\"@id\":\"https:\\\/\\\/latamjournalismreview.org\\\/pt-br\\\/#\\\/schema\\\/logo\\\/image\\\/\",\"url\":\"https:\\\/\\\/latamjournalismreview.org\\\/wp-content\\\/uploads\\\/2020\\\/05\\\/knight-latAm-review-logo.svg\",\"contentUrl\":\"https:\\\/\\\/latamjournalismreview.org\\\/wp-content\\\/uploads\\\/2020\\\/05\\\/knight-latAm-review-logo.svg\",\"width\":\"1024\",\"height\":\"1024\",\"caption\":\"LatAm Journalism Review\"},\"image\":{\"@id\":\"https:\\\/\\\/latamjournalismreview.org\\\/pt-br\\\/#\\\/schema\\\/logo\\\/image\\\/\"},\"sameAs\":[\"https:\\\/\\\/x.com\\\/LatAmJournalism\"]},{\"@type\":\"Person\",\"@id\":\"https:\\\/\\\/latamjournalismreview.org\\\/pt-br\\\/#\\\/schema\\\/person\\\/6c325fd0fef0cd167424c683e6577e19\",\"name\":\"Knight Center\",\"url\":\"https:\\\/\\\/latamjournalismreview.org\\\/pt-br\\\/articles\\\/author\\\/knight-center\\\/\"}]}<\/script>\n<!-- \/ Yoast SEO Premium plugin. -->","yoast_head_json":{"title":"Procuradoria colombiana abre investiga\u00e7\u00e3o contra canal p\u00fablico por cobertura da destitui\u00e7\u00e3o do prefeito de Bogot\u00e1 - LatAm Journalism Review by the Knight Center","description":"Procuradoria colombiana abre investiga\u00e7\u00e3o contra canal p\u00fablico por cobertura da destitui\u00e7\u00e3o do prefeito de Bogot\u00e1 Liberdade de imprensa. Latin American Journalism Review by The Knight Center at The University of Texas at Austin.","robots":{"index":"index","follow":"follow","max-snippet":"max-snippet:-1","max-image-preview":"max-image-preview:large","max-video-preview":"max-video-preview:-1"},"canonical":"https:\/\/latamjournalismreview.org\/pt-br\/articles\/procuradoria-colombiana-abre-investigacao-contra-canal-publico-por-cobertura-da-destituicao-do-prefeito-de-bogota\/","og_locale":"pt_BR","og_type":"article","og_title":"Procuradoria colombiana abre investiga\u00e7\u00e3o contra canal p\u00fablico por cobertura da destitui\u00e7\u00e3o do prefeito de Bogot\u00e1","og_description":"Procuradoria colombiana abre investiga\u00e7\u00e3o contra canal p\u00fablico por cobertura da destitui\u00e7\u00e3o do prefeito de Bogot\u00e1 Liberdade de imprensa. Latin American Journalism Review by The Knight Center at The University of Texas at Austin.","og_url":"https:\/\/latamjournalismreview.org\/pt-br\/articles\/procuradoria-colombiana-abre-investigacao-contra-canal-publico-por-cobertura-da-destituicao-do-prefeito-de-bogota\/","og_site_name":"LatAm Journalism Review by the Knight Center","article_published_time":"2014-03-06T23:31:49+00:00","article_modified_time":"2021-11-18T19:26:57+00:00","author":"Knight Center","twitter_card":"summary_large_image","twitter_creator":"@LatAmJournalism","twitter_site":"@LatAmJournalism","twitter_misc":{"Written by":"Knight Center","Est. reading time":"3 minutos"},"schema":{"@context":"https:\/\/schema.org","@graph":[{"@type":"Article","@id":"https:\/\/latamjournalismreview.org\/pt-br\/articles\/procuradoria-colombiana-abre-investigacao-contra-canal-publico-por-cobertura-da-destituicao-do-prefeito-de-bogota\/#article","isPartOf":{"@id":"https:\/\/latamjournalismreview.org\/pt-br\/articles\/procuradoria-colombiana-abre-investigacao-contra-canal-publico-por-cobertura-da-destituicao-do-prefeito-de-bogota\/"},"author":{"name":"Knight Center","@id":"https:\/\/latamjournalismreview.org\/pt-br\/#\/schema\/person\/6c325fd0fef0cd167424c683e6577e19"},"headline":"Procuradoria colombiana abre investiga\u00e7\u00e3o contra canal p\u00fablico por cobertura da destitui\u00e7\u00e3o do prefeito de Bogot\u00e1","datePublished":"2014-03-06T23:31:49+00:00","dateModified":"2021-11-18T19:26:57+00:00","mainEntityOfPage":{"@id":"https:\/\/latamjournalismreview.org\/pt-br\/articles\/procuradoria-colombiana-abre-investigacao-contra-canal-publico-por-cobertura-da-destituicao-do-prefeito-de-bogota\/"},"wordCount":647,"publisher":{"@id":"https:\/\/latamjournalismreview.org\/pt-br\/#organization"},"keywords":["Col\u00f4mbia","Liberdade de express\u00e3o"],"articleSection":["Liberdade de imprensa"],"inLanguage":"pt-BR"},{"@type":"WebPage","@id":"https:\/\/latamjournalismreview.org\/pt-br\/articles\/procuradoria-colombiana-abre-investigacao-contra-canal-publico-por-cobertura-da-destituicao-do-prefeito-de-bogota\/","url":"https:\/\/latamjournalismreview.org\/pt-br\/articles\/procuradoria-colombiana-abre-investigacao-contra-canal-publico-por-cobertura-da-destituicao-do-prefeito-de-bogota\/","name":"Procuradoria colombiana abre investiga\u00e7\u00e3o contra canal p\u00fablico por cobertura da destitui\u00e7\u00e3o do prefeito de Bogot\u00e1 - LatAm Journalism Review by the Knight Center","isPartOf":{"@id":"https:\/\/latamjournalismreview.org\/pt-br\/#website"},"datePublished":"2014-03-06T23:31:49+00:00","dateModified":"2021-11-18T19:26:57+00:00","description":"Procuradoria colombiana abre investiga\u00e7\u00e3o contra canal p\u00fablico por cobertura da destitui\u00e7\u00e3o do prefeito de Bogot\u00e1 Liberdade de imprensa. Latin American Journalism Review by The Knight Center at The University of Texas at Austin.","breadcrumb":{"@id":"https:\/\/latamjournalismreview.org\/pt-br\/articles\/procuradoria-colombiana-abre-investigacao-contra-canal-publico-por-cobertura-da-destituicao-do-prefeito-de-bogota\/#breadcrumb"},"inLanguage":"pt-BR","potentialAction":[{"@type":"ReadAction","target":["https:\/\/latamjournalismreview.org\/pt-br\/articles\/procuradoria-colombiana-abre-investigacao-contra-canal-publico-por-cobertura-da-destituicao-do-prefeito-de-bogota\/"]}]},{"@type":"BreadcrumbList","@id":"https:\/\/latamjournalismreview.org\/pt-br\/articles\/procuradoria-colombiana-abre-investigacao-contra-canal-publico-por-cobertura-da-destituicao-do-prefeito-de-bogota\/#breadcrumb","itemListElement":[{"@type":"ListItem","position":1,"name":"Home","item":"https:\/\/latamjournalismreview.org\/pt-br\/"},{"@type":"ListItem","position":2,"name":"Procuradoria colombiana abre investiga\u00e7\u00e3o contra canal p\u00fablico por cobertura da destitui\u00e7\u00e3o do prefeito de Bogot\u00e1"}]},{"@type":"WebSite","@id":"https:\/\/latamjournalismreview.org\/pt-br\/#website","url":"https:\/\/latamjournalismreview.org\/pt-br\/","name":"LatAm Journalism Review","description":"Digital magazine on journalism in Latin America","publisher":{"@id":"https:\/\/latamjournalismreview.org\/pt-br\/#organization"},"potentialAction":[{"@type":"SearchAction","target":{"@type":"EntryPoint","urlTemplate":"https:\/\/latamjournalismreview.org\/pt-br\/?s={search_term_string}"},"query-input":{"@type":"PropertyValueSpecification","valueRequired":true,"valueName":"search_term_string"}}],"inLanguage":"pt-BR"},{"@type":"Organization","@id":"https:\/\/latamjournalismreview.org\/pt-br\/#organization","name":"LatAm Journalism Review","url":"https:\/\/latamjournalismreview.org\/pt-br\/","logo":{"@type":"ImageObject","inLanguage":"pt-BR","@id":"https:\/\/latamjournalismreview.org\/pt-br\/#\/schema\/logo\/image\/","url":"https:\/\/latamjournalismreview.org\/wp-content\/uploads\/2020\/05\/knight-latAm-review-logo.svg","contentUrl":"https:\/\/latamjournalismreview.org\/wp-content\/uploads\/2020\/05\/knight-latAm-review-logo.svg","width":"1024","height":"1024","caption":"LatAm Journalism Review"},"image":{"@id":"https:\/\/latamjournalismreview.org\/pt-br\/#\/schema\/logo\/image\/"},"sameAs":["https:\/\/x.com\/LatAmJournalism"]},{"@type":"Person","@id":"https:\/\/latamjournalismreview.org\/pt-br\/#\/schema\/person\/6c325fd0fef0cd167424c683e6577e19","name":"Knight Center","url":"https:\/\/latamjournalismreview.org\/pt-br\/articles\/author\/knight-center\/"}]}},"_links":{"self":[{"href":"https:\/\/latamjournalismreview.org\/pt-br\/wp-json\/wp\/v2\/posts\/42414","targetHints":{"allow":["GET"]}}],"collection":[{"href":"https:\/\/latamjournalismreview.org\/pt-br\/wp-json\/wp\/v2\/posts"}],"about":[{"href":"https:\/\/latamjournalismreview.org\/pt-br\/wp-json\/wp\/v2\/types\/post"}],"author":[{"embeddable":true,"href":"https:\/\/latamjournalismreview.org\/pt-br\/wp-json\/wp\/v2\/users\/22"}],"replies":[{"embeddable":true,"href":"https:\/\/latamjournalismreview.org\/pt-br\/wp-json\/wp\/v2\/comments?post=42414"}],"version-history":[{"count":1,"href":"https:\/\/latamjournalismreview.org\/pt-br\/wp-json\/wp\/v2\/posts\/42414\/revisions"}],"predecessor-version":[{"id":42415,"href":"https:\/\/latamjournalismreview.org\/pt-br\/wp-json\/wp\/v2\/posts\/42414\/revisions\/42415"}],"wp:attachment":[{"href":"https:\/\/latamjournalismreview.org\/pt-br\/wp-json\/wp\/v2\/media?parent=42414"}],"wp:term":[{"taxonomy":"category","embeddable":true,"href":"https:\/\/latamjournalismreview.org\/pt-br\/wp-json\/wp\/v2\/categories?post=42414"},{"taxonomy":"post_tag","embeddable":true,"href":"https:\/\/latamjournalismreview.org\/pt-br\/wp-json\/wp\/v2\/tags?post=42414"},{"taxonomy":"author","embeddable":true,"href":"https:\/\/latamjournalismreview.org\/pt-br\/wp-json\/wp\/v2\/coauthors?post=42414"}],"curies":[{"name":"wp","href":"https:\/\/api.w.org\/{rel}","templated":true}]}}