{"id":4271,"date":"2019-10-08T15:53:29","date_gmt":"2019-10-08T20:53:29","guid":{"rendered":"https:\/\/live-lajr.pantheonsite.io\/?p=4271"},"modified":"2020-06-04T09:51:58","modified_gmt":"2020-06-04T14:51:58","slug":"homem-e-condenado-a-14-anos-de-prisao-por-envolvimento-em-assassinato-de-radialista-brasileiro","status":"publish","type":"post","link":"https:\/\/latamjournalismreview.org\/pt-br\/articles\/homem-e-condenado-a-14-anos-de-prisao-por-envolvimento-em-assassinato-de-radialista-brasileiro\/","title":{"rendered":"Homem \u00e9 condenado a 14 anos de pris\u00e3o por envolvimento em assassinato de radialista brasileiro"},"content":{"rendered":"<p dir=\"ltr\">Um j\u00fari popular condenou um homem a 14 anos de pris\u00e3o por envolvimento no <a href=\"https:\/\/knightcenter.utexas.edu\/pt-br\/blog\/00-19226-abraji-ativa-programa-tim-lopes-de-protecao-jornalistas-para-investigar-assassinato-de\">assassinato do radialista Jefferson Pureza, morto no dia 17 de janeiro de 2018<\/a> na cidade de Edealina, no Estado de Goi\u00e1s, regi\u00e3o Centro-Oeste do Brasil.<\/p>\n<p dir=\"ltr\">O julgamento realizado no dia 4 de outubro no F\u00f3rum de Edeia, cidade a 30 km de Edealina, condenou Leandro Cintra da Silva, de 25 anos, <a href=\"https:\/\/abraji.org.br\/noticias\/juri-condena-a-14-anos-um-dos-envolvidos-na-morte-de-radialista-no-interior-de-goias\">a 12 anos e quatro meses de pris\u00e3o por homic\u00eddio qualificado<\/a> e um ano e oito meses de pris\u00e3o por corrup\u00e7\u00e3o de menores, relatou a Associa\u00e7\u00e3o Brasileira de Jornalismo Investigativo (Abraji).<\/p>\n<div style=\"width: 325px; font-size: 80%; text-align: left; float: left; padding-left: 10px; padding-right: 10px;\"><a target=\"_blank\" rel=\"noopener noreferrer\"><img decoding=\"async\" style=\"width: 325px;\" src=\"https:\/\/farm5.staticflickr.com\/4669\/28004402389_262e431f72_o.jpg\" \/><\/a>Jefferson Pureza. (Facebook).<\/div>\n<p dir=\"ltr\">Em abril de 2018, <a href=\"https:\/\/knightcenter.utexas.edu\/pt-br\/blog\/00-19491-vereador-e-outras-cinco-pessoas-sao-indiciadas-por-assassinato-de-radialista-em-goias\">Cintra foi indiciado pelos dois crimes ap\u00f3s a pol\u00edcia concluir que ele intermediou a negocia\u00e7\u00e3o<\/a> entre o vereador Jos\u00e9 Eduardo Alves da Silva, acusado de ser o mandante do crime, e tr\u00eas adolescentes.<\/p>\n<p dir=\"ltr\"><a href=\"https:\/\/abraji.org.br\/noticias\/juri-condena-a-14-anos-um-dos-envolvidos-na-morte-de-radialista-no-interior-de-goias\">Um dos menores teria executado Pureza<\/a>, outro teria pilotado a moto que os levou at\u00e9 a casa do radialista e um terceiro teria indicado os dois primeiros para o servi\u00e7o, segundo a Abraji, que acrescentou que os tr\u00eas est\u00e3o cumprindo medidas socioeducativas.<\/p>\n<p dir=\"ltr\"><a href=\"https:\/\/abraji.org.br\/noticias\/juri-condena-a-14-anos-um-dos-envolvidos-na-morte-de-radialista-no-interior-de-goias\">Os julgamentos de Alves da Silva e de Marcelo Rodrigues dos Santos<\/a>, que tamb\u00e9m \u00e9 acusado de ter intermediado o crime, ainda n\u00e3o foram marcados, mas devem ocorrer at\u00e9 dezembro, disse a entidade.<\/p>\n<p dir=\"ltr\">O assassinato de Pureza foi <a href=\"https:\/\/knightcenter.utexas.edu\/pt-br\/blog\/00-19226-abraji-ativa-programa-tim-lopes-de-protecao-jornalistas-para-investigar-assassinato-de\">o primeiro caso a ser investigado pelo Programa Tim Lopes<\/a> de Prote\u00e7\u00e3o a Jornalistas. <a href=\"https:\/\/knightcenter.utexas.edu\/pt-br\/blog\/00-18955-quem-matou-e-quem-mandou-matar-programa-tim-lopes-lanca-especial-sobre-morte-de-jornal\">Lan\u00e7ado pela Abraji em setembro de 2017<\/a>, o programa <a href=\"https:\/\/knightcenter.utexas.edu\/pt-br\/blog\/00-20551-jornalismo-investigativo-ajuda-elucidar-assassinatos-de-comunicadores-no-brasil\">combate a impunidade nos crimes contra jornalistas<\/a> ao investigar assassinatos e tentativas de assassinato de profissionais da imprensa, al\u00e9m de dar continuidade \u00e0s reportagens interrompidas pelos autores dos crimes.<\/p>\n<p dir=\"ltr\">Segundo a investiga\u00e7\u00e3o da Abraji, <a href=\"https:\/\/abraji.org.br\/noticias\/juri-condena-a-14-anos-um-dos-envolvidos-na-morte-de-radialista-no-interior-de-goias\">Pureza fazia constantes refer\u00eancias em seu programa de r\u00e1dio a supostas irregularidades<\/a> cometidas na administra\u00e7\u00e3o do ex-prefeito Jo\u00e3o Batista Gomes Rodrigues, conhecido como Batista Boiadeiro (PTB).<\/p>\n<p dir=\"ltr\">O vereador Alves da Silva, acusado de ser o mandante do assassinato do radialista, foi secret\u00e1rio de A\u00e7\u00f5es Urbanas na gest\u00e3o de Batista Boiadeiro e <a href=\"https:\/\/abraji.org.br\/noticias\/juri-condena-a-14-anos-um-dos-envolvidos-na-morte-de-radialista-no-interior-de-goias\">disse \u00e0 pol\u00edcia que Pureza se referia a ele como \u201cvereador da transfer\u00eancia de votos\u201d<\/a>, acusando-o de ter transferido eleitores de outras cidades para conseguir ser eleito em Edealina, conforme reportou a Abraji.<\/p>\n<p dir=\"ltr\">No entanto, a suposta motiva\u00e7\u00e3o do vereador para o crime tamb\u00e9m se daria por <a href=\"https:\/\/knightcenter.utexas.edu\/pt-br\/blog\/00-19491-vereador-e-outras-cinco-pessoas-sao-indiciadas-por-assassinato-de-radialista-em-goias\">um relacionamento de Pureza com uma ex-esposa do vereador<\/a>, segundo concluiu a pol\u00edcia, que sustenta que Alves da Silva pagou R$ 5 mil e um rev\u00f3lver aos adolescentes acusados de executar o assassinato.<\/p>\n<p dir=\"ltr\">Quando foi assassinado, Pureza trabalhava nas obras para reconstruir a sede da r\u00e1dio Beira Rio FM, que <a href=\"https:\/\/knightcenter.utexas.edu\/pt-br\/blog\/00-19199-brasil-registra-dois-assassinatos-de-jornalistas-em-apenas-dois-dias\">transmitia seu programa \u201cA Voz do Povo\u201d<\/a>. A r\u00e1dio havia sido <a href=\"https:\/\/knightcenter.utexas.edu\/pt-br\/blog\/00-19199-brasil-registra-dois-assassinatos-de-jornalistas-em-apenas-dois-dias\">destru\u00edda por um inc\u00eandio<\/a> em novembro de 2017, o segundo pouco mais de um ano. Amigos do radialista afirmaram \u00e0 imprensa que ele <a href=\"https:\/\/g1.globo.com\/go\/goias\/noticia\/radialista-morto-a-tiros-em-edealina-estava-sendo-ameacado-ha-mais-de-um-ano-diz-amigo.ghtml\">recebeu amea\u00e7as por conta de seu trabalho<\/a> durante mais de um ano antes de ser executado.<\/p>\n","protected":false},"excerpt":{"rendered":"<p>Segundo a investiga\u00e7\u00e3o da Abraji, Pureza fazia constantes refer\u00eancias em seu programa de r\u00e1dio a supostas irregularidades cometidas na administra\u00e7\u00e3o do ex-prefeito Jo\u00e3o Batista Gomes Rodrigues, conhecido como Batista Boiadeiro (PTB).\u00a0<\/p>\n","protected":false},"author":16,"featured_media":4265,"comment_status":"closed","ping_status":"closed","sticky":false,"template":"","format":"standard","meta":{"inline_featured_image":false,"footnotes":""},"categories":[1221],"tags":[1552],"coauthors":[],"class_list":["post-4271","post","type-post","status-publish","format-standard","has-post-thumbnail","hentry","category-violencia-contra-jornalistas-pt-br","tag-assassinatos-de-jornalistas-pt-br"],"acf":[],"yoast_head":"<!-- This site is optimized with the Yoast SEO Premium plugin v22.6 (Yoast SEO v27.4) - https:\/\/yoast.com\/product\/yoast-seo-premium-wordpress\/ -->\n<title>Homem \u00e9 condenado a 14 anos de pris\u00e3o por envolvimento em assassinato de radialista brasileiro - LatAm Journalism Review by the Knight Center<\/title>\n<meta name=\"description\" content=\"Homem \u00e9 condenado a 14 anos de pris\u00e3o por envolvimento em assassinato de radialista brasileiro Viol\u00eancia contra jornalistas. Latin American Journalism Review by The Knight Center at The University of Texas at Austin.\" \/>\n<meta name=\"robots\" content=\"index, follow, max-snippet:-1, max-image-preview:large, max-video-preview:-1\" \/>\n<link rel=\"canonical\" href=\"https:\/\/latamjournalismreview.org\/pt-br\/articles\/homem-e-condenado-a-14-anos-de-prisao-por-envolvimento-em-assassinato-de-radialista-brasileiro\/\" \/>\n<meta property=\"og:locale\" content=\"pt_BR\" \/>\n<meta property=\"og:type\" content=\"article\" \/>\n<meta property=\"og:title\" content=\"Homem \u00e9 condenado a 14 anos de pris\u00e3o por envolvimento em assassinato de radialista brasileiro\" \/>\n<meta property=\"og:description\" content=\"Homem \u00e9 condenado a 14 anos de pris\u00e3o por envolvimento em assassinato de radialista brasileiro Viol\u00eancia contra jornalistas. Latin American Journalism Review by The Knight Center at The University of Texas at Austin.\" \/>\n<meta property=\"og:url\" content=\"https:\/\/latamjournalismreview.org\/pt-br\/articles\/homem-e-condenado-a-14-anos-de-prisao-por-envolvimento-em-assassinato-de-radialista-brasileiro\/\" \/>\n<meta property=\"og:site_name\" content=\"LatAm Journalism Review by the Knight Center\" \/>\n<meta property=\"article:published_time\" content=\"2019-10-08T20:53:29+00:00\" \/>\n<meta property=\"article:modified_time\" content=\"2020-06-04T14:51:58+00:00\" \/>\n<meta property=\"og:image\" content=\"https:\/\/latamjournalismreview.org\/wp-content\/uploads\/2020\/06\/Jefferson-Pureza-e1591214889456.jpg\" \/>\n\t<meta property=\"og:image:width\" content=\"507\" \/>\n\t<meta property=\"og:image:height\" content=\"333\" \/>\n\t<meta property=\"og:image:type\" content=\"image\/jpeg\" \/>\n<meta name=\"author\" content=\"Carolina de Assis\" \/>\n<meta name=\"twitter:card\" content=\"summary_large_image\" \/>\n<meta name=\"twitter:creator\" content=\"@LatAmJournalism\" \/>\n<meta name=\"twitter:site\" content=\"@LatAmJournalism\" \/>\n<meta name=\"twitter:label1\" content=\"Written by\" \/>\n\t<meta name=\"twitter:data1\" content=\"Carolina de Assis\" \/>\n\t<meta name=\"twitter:label2\" content=\"Est. reading time\" \/>\n\t<meta name=\"twitter:data2\" content=\"2 minutos\" \/>\n<script type=\"application\/ld+json\" class=\"yoast-schema-graph\">{\"@context\":\"https:\\\/\\\/schema.org\",\"@graph\":[{\"@type\":\"Article\",\"@id\":\"https:\\\/\\\/latamjournalismreview.org\\\/pt-br\\\/articles\\\/homem-e-condenado-a-14-anos-de-prisao-por-envolvimento-em-assassinato-de-radialista-brasileiro\\\/#article\",\"isPartOf\":{\"@id\":\"https:\\\/\\\/latamjournalismreview.org\\\/pt-br\\\/articles\\\/homem-e-condenado-a-14-anos-de-prisao-por-envolvimento-em-assassinato-de-radialista-brasileiro\\\/\"},\"author\":{\"name\":\"Carolina de Assis\",\"@id\":\"https:\\\/\\\/latamjournalismreview.org\\\/pt-br\\\/#\\\/schema\\\/person\\\/f98b544e2f231a237f39a56cc9a00a9a\"},\"headline\":\"Homem \u00e9 condenado a 14 anos de pris\u00e3o por envolvimento em assassinato de radialista brasileiro\",\"datePublished\":\"2019-10-08T20:53:29+00:00\",\"dateModified\":\"2020-06-04T14:51:58+00:00\",\"mainEntityOfPage\":{\"@id\":\"https:\\\/\\\/latamjournalismreview.org\\\/pt-br\\\/articles\\\/homem-e-condenado-a-14-anos-de-prisao-por-envolvimento-em-assassinato-de-radialista-brasileiro\\\/\"},\"wordCount\":512,\"publisher\":{\"@id\":\"https:\\\/\\\/latamjournalismreview.org\\\/pt-br\\\/#organization\"},\"image\":{\"@id\":\"https:\\\/\\\/latamjournalismreview.org\\\/pt-br\\\/articles\\\/homem-e-condenado-a-14-anos-de-prisao-por-envolvimento-em-assassinato-de-radialista-brasileiro\\\/#primaryimage\"},\"thumbnailUrl\":\"https:\\\/\\\/latamjournalismreview.org\\\/wp-content\\\/uploads\\\/2020\\\/06\\\/Jefferson-Pureza-e1591214889456.jpg\",\"keywords\":[\"Assassinatos de jornalistas\"],\"articleSection\":[\"Viol\u00eancia contra jornalistas\"],\"inLanguage\":\"pt-BR\"},{\"@type\":\"WebPage\",\"@id\":\"https:\\\/\\\/latamjournalismreview.org\\\/pt-br\\\/articles\\\/homem-e-condenado-a-14-anos-de-prisao-por-envolvimento-em-assassinato-de-radialista-brasileiro\\\/\",\"url\":\"https:\\\/\\\/latamjournalismreview.org\\\/pt-br\\\/articles\\\/homem-e-condenado-a-14-anos-de-prisao-por-envolvimento-em-assassinato-de-radialista-brasileiro\\\/\",\"name\":\"Homem \u00e9 condenado a 14 anos de pris\u00e3o por envolvimento em assassinato de radialista brasileiro - LatAm Journalism Review by the Knight Center\",\"isPartOf\":{\"@id\":\"https:\\\/\\\/latamjournalismreview.org\\\/pt-br\\\/#website\"},\"primaryImageOfPage\":{\"@id\":\"https:\\\/\\\/latamjournalismreview.org\\\/pt-br\\\/articles\\\/homem-e-condenado-a-14-anos-de-prisao-por-envolvimento-em-assassinato-de-radialista-brasileiro\\\/#primaryimage\"},\"image\":{\"@id\":\"https:\\\/\\\/latamjournalismreview.org\\\/pt-br\\\/articles\\\/homem-e-condenado-a-14-anos-de-prisao-por-envolvimento-em-assassinato-de-radialista-brasileiro\\\/#primaryimage\"},\"thumbnailUrl\":\"https:\\\/\\\/latamjournalismreview.org\\\/wp-content\\\/uploads\\\/2020\\\/06\\\/Jefferson-Pureza-e1591214889456.jpg\",\"datePublished\":\"2019-10-08T20:53:29+00:00\",\"dateModified\":\"2020-06-04T14:51:58+00:00\",\"description\":\"Homem \u00e9 condenado a 14 anos de pris\u00e3o por envolvimento em assassinato de radialista brasileiro Viol\u00eancia contra jornalistas. Latin American Journalism Review by The Knight Center at The University of Texas at Austin.\",\"breadcrumb\":{\"@id\":\"https:\\\/\\\/latamjournalismreview.org\\\/pt-br\\\/articles\\\/homem-e-condenado-a-14-anos-de-prisao-por-envolvimento-em-assassinato-de-radialista-brasileiro\\\/#breadcrumb\"},\"inLanguage\":\"pt-BR\",\"potentialAction\":[{\"@type\":\"ReadAction\",\"target\":[\"https:\\\/\\\/latamjournalismreview.org\\\/pt-br\\\/articles\\\/homem-e-condenado-a-14-anos-de-prisao-por-envolvimento-em-assassinato-de-radialista-brasileiro\\\/\"]}]},{\"@type\":\"ImageObject\",\"inLanguage\":\"pt-BR\",\"@id\":\"https:\\\/\\\/latamjournalismreview.org\\\/pt-br\\\/articles\\\/homem-e-condenado-a-14-anos-de-prisao-por-envolvimento-em-assassinato-de-radialista-brasileiro\\\/#primaryimage\",\"url\":\"https:\\\/\\\/latamjournalismreview.org\\\/wp-content\\\/uploads\\\/2020\\\/06\\\/Jefferson-Pureza-e1591214889456.jpg\",\"contentUrl\":\"https:\\\/\\\/latamjournalismreview.org\\\/wp-content\\\/uploads\\\/2020\\\/06\\\/Jefferson-Pureza-e1591214889456.jpg\",\"width\":507,\"height\":333,\"caption\":\"Jefferson Pureza. (Facebook).\"},{\"@type\":\"BreadcrumbList\",\"@id\":\"https:\\\/\\\/latamjournalismreview.org\\\/pt-br\\\/articles\\\/homem-e-condenado-a-14-anos-de-prisao-por-envolvimento-em-assassinato-de-radialista-brasileiro\\\/#breadcrumb\",\"itemListElement\":[{\"@type\":\"ListItem\",\"position\":1,\"name\":\"Home\",\"item\":\"https:\\\/\\\/latamjournalismreview.org\\\/pt-br\\\/\"},{\"@type\":\"ListItem\",\"position\":2,\"name\":\"Homem \u00e9 condenado a 14 anos de pris\u00e3o por envolvimento em assassinato de radialista brasileiro\"}]},{\"@type\":\"WebSite\",\"@id\":\"https:\\\/\\\/latamjournalismreview.org\\\/pt-br\\\/#website\",\"url\":\"https:\\\/\\\/latamjournalismreview.org\\\/pt-br\\\/\",\"name\":\"LatAm Journalism Review\",\"description\":\"Digital magazine on journalism in Latin America\",\"publisher\":{\"@id\":\"https:\\\/\\\/latamjournalismreview.org\\\/pt-br\\\/#organization\"},\"potentialAction\":[{\"@type\":\"SearchAction\",\"target\":{\"@type\":\"EntryPoint\",\"urlTemplate\":\"https:\\\/\\\/latamjournalismreview.org\\\/pt-br\\\/?s={search_term_string}\"},\"query-input\":{\"@type\":\"PropertyValueSpecification\",\"valueRequired\":true,\"valueName\":\"search_term_string\"}}],\"inLanguage\":\"pt-BR\"},{\"@type\":\"Organization\",\"@id\":\"https:\\\/\\\/latamjournalismreview.org\\\/pt-br\\\/#organization\",\"name\":\"LatAm Journalism Review\",\"url\":\"https:\\\/\\\/latamjournalismreview.org\\\/pt-br\\\/\",\"logo\":{\"@type\":\"ImageObject\",\"inLanguage\":\"pt-BR\",\"@id\":\"https:\\\/\\\/latamjournalismreview.org\\\/pt-br\\\/#\\\/schema\\\/logo\\\/image\\\/\",\"url\":\"https:\\\/\\\/latamjournalismreview.org\\\/wp-content\\\/uploads\\\/2020\\\/05\\\/knight-latAm-review-logo.svg\",\"contentUrl\":\"https:\\\/\\\/latamjournalismreview.org\\\/wp-content\\\/uploads\\\/2020\\\/05\\\/knight-latAm-review-logo.svg\",\"width\":\"1024\",\"height\":\"1024\",\"caption\":\"LatAm Journalism Review\"},\"image\":{\"@id\":\"https:\\\/\\\/latamjournalismreview.org\\\/pt-br\\\/#\\\/schema\\\/logo\\\/image\\\/\"},\"sameAs\":[\"https:\\\/\\\/x.com\\\/LatAmJournalism\"]},{\"@type\":\"Person\",\"@id\":\"https:\\\/\\\/latamjournalismreview.org\\\/pt-br\\\/#\\\/schema\\\/person\\\/f98b544e2f231a237f39a56cc9a00a9a\",\"name\":\"Carolina de Assis\",\"description\":\"Carolina de Assis is a Brazilian journalist and researcher who lives in Juiz de Fora, MG, Brazil. She holds a master's degree in Women\u2019s and Gender Studies from the GEMMA Programme \u2013 Universit\u00e0 di Bologna (Italy) \\\/ Universiteit Utrecht (The Netherlands) and has worked as an editor at G\u00eanero e N\u00famero, a Brazilian digital magazine focused on data journalism and gender issues. She is especially interested in journalistic initiatives aimed at promoting human rights and gender justice. You can find her on Twitter: @caroldeassis _________ Carolina de Assis es una periodista e investigadora brasile\u00f1a que vive en Juiz de Fora, MG, Brasil . Tiene una maestr\u00eda en Estudios de las Mujeres y de G\u00e9nero del programa GEMMA \u2013 Universit\u00e0 di Bologna (Italia) \\\/ Universiteit Utrecht (Holanda). Trabaj\u00f3 como editora en la revista digital brasile\u00f1a G\u00eanero e N\u00famero. Le interesan especialmente iniciativas period\u00edsticas que tienen el objetivo de promover los derechos humanos y la justicia de g\u00e9nero. Puedes encontrarla en Twitter: @caroldeassis. _______ Carolina de Assis \u00e9 uma jornalista e pesquisadora brasileira que vive em Juiz de Fora (MG). \u00c9 mestra em Estudos da Mulher e de G\u00eanero pelo programa GEMMA \u2013 Universit\u00e0 di Bologna (It\u00e1lia) \\\/ Universiteit Utrecht (Holanda). Trabalhou como editora na revista digital G\u00eanero e N\u00famero e se interessa especialmente por iniciativas jornal\u00edsticas que promovam os direitos humanos e a justi\u00e7a de g\u00eanero. Voc\u00ea pode encontr\u00e1-la no Twitter em @caroldeassis.\",\"url\":\"https:\\\/\\\/latamjournalismreview.org\\\/pt-br\\\/articles\\\/author\\\/carolina-de-assis\\\/\"}]}<\/script>\n<!-- \/ Yoast SEO Premium plugin. -->","yoast_head_json":{"title":"Homem \u00e9 condenado a 14 anos de pris\u00e3o por envolvimento em assassinato de radialista brasileiro - LatAm Journalism Review by the Knight Center","description":"Homem \u00e9 condenado a 14 anos de pris\u00e3o por envolvimento em assassinato de radialista brasileiro Viol\u00eancia contra jornalistas. Latin American Journalism Review by The Knight Center at The University of Texas at Austin.","robots":{"index":"index","follow":"follow","max-snippet":"max-snippet:-1","max-image-preview":"max-image-preview:large","max-video-preview":"max-video-preview:-1"},"canonical":"https:\/\/latamjournalismreview.org\/pt-br\/articles\/homem-e-condenado-a-14-anos-de-prisao-por-envolvimento-em-assassinato-de-radialista-brasileiro\/","og_locale":"pt_BR","og_type":"article","og_title":"Homem \u00e9 condenado a 14 anos de pris\u00e3o por envolvimento em assassinato de radialista brasileiro","og_description":"Homem \u00e9 condenado a 14 anos de pris\u00e3o por envolvimento em assassinato de radialista brasileiro Viol\u00eancia contra jornalistas. Latin American Journalism Review by The Knight Center at The University of Texas at Austin.","og_url":"https:\/\/latamjournalismreview.org\/pt-br\/articles\/homem-e-condenado-a-14-anos-de-prisao-por-envolvimento-em-assassinato-de-radialista-brasileiro\/","og_site_name":"LatAm Journalism Review by the Knight Center","article_published_time":"2019-10-08T20:53:29+00:00","article_modified_time":"2020-06-04T14:51:58+00:00","og_image":[{"width":507,"height":333,"url":"https:\/\/latamjournalismreview.org\/wp-content\/uploads\/2020\/06\/Jefferson-Pureza-e1591214889456.jpg","type":"image\/jpeg"}],"author":"Carolina de Assis","twitter_card":"summary_large_image","twitter_creator":"@LatAmJournalism","twitter_site":"@LatAmJournalism","twitter_misc":{"Written by":"Carolina de Assis","Est. reading time":"2 minutos"},"schema":{"@context":"https:\/\/schema.org","@graph":[{"@type":"Article","@id":"https:\/\/latamjournalismreview.org\/pt-br\/articles\/homem-e-condenado-a-14-anos-de-prisao-por-envolvimento-em-assassinato-de-radialista-brasileiro\/#article","isPartOf":{"@id":"https:\/\/latamjournalismreview.org\/pt-br\/articles\/homem-e-condenado-a-14-anos-de-prisao-por-envolvimento-em-assassinato-de-radialista-brasileiro\/"},"author":{"name":"Carolina de Assis","@id":"https:\/\/latamjournalismreview.org\/pt-br\/#\/schema\/person\/f98b544e2f231a237f39a56cc9a00a9a"},"headline":"Homem \u00e9 condenado a 14 anos de pris\u00e3o por envolvimento em assassinato de radialista brasileiro","datePublished":"2019-10-08T20:53:29+00:00","dateModified":"2020-06-04T14:51:58+00:00","mainEntityOfPage":{"@id":"https:\/\/latamjournalismreview.org\/pt-br\/articles\/homem-e-condenado-a-14-anos-de-prisao-por-envolvimento-em-assassinato-de-radialista-brasileiro\/"},"wordCount":512,"publisher":{"@id":"https:\/\/latamjournalismreview.org\/pt-br\/#organization"},"image":{"@id":"https:\/\/latamjournalismreview.org\/pt-br\/articles\/homem-e-condenado-a-14-anos-de-prisao-por-envolvimento-em-assassinato-de-radialista-brasileiro\/#primaryimage"},"thumbnailUrl":"https:\/\/latamjournalismreview.org\/wp-content\/uploads\/2020\/06\/Jefferson-Pureza-e1591214889456.jpg","keywords":["Assassinatos de jornalistas"],"articleSection":["Viol\u00eancia contra jornalistas"],"inLanguage":"pt-BR"},{"@type":"WebPage","@id":"https:\/\/latamjournalismreview.org\/pt-br\/articles\/homem-e-condenado-a-14-anos-de-prisao-por-envolvimento-em-assassinato-de-radialista-brasileiro\/","url":"https:\/\/latamjournalismreview.org\/pt-br\/articles\/homem-e-condenado-a-14-anos-de-prisao-por-envolvimento-em-assassinato-de-radialista-brasileiro\/","name":"Homem \u00e9 condenado a 14 anos de pris\u00e3o por envolvimento em assassinato de radialista brasileiro - LatAm Journalism Review by the Knight Center","isPartOf":{"@id":"https:\/\/latamjournalismreview.org\/pt-br\/#website"},"primaryImageOfPage":{"@id":"https:\/\/latamjournalismreview.org\/pt-br\/articles\/homem-e-condenado-a-14-anos-de-prisao-por-envolvimento-em-assassinato-de-radialista-brasileiro\/#primaryimage"},"image":{"@id":"https:\/\/latamjournalismreview.org\/pt-br\/articles\/homem-e-condenado-a-14-anos-de-prisao-por-envolvimento-em-assassinato-de-radialista-brasileiro\/#primaryimage"},"thumbnailUrl":"https:\/\/latamjournalismreview.org\/wp-content\/uploads\/2020\/06\/Jefferson-Pureza-e1591214889456.jpg","datePublished":"2019-10-08T20:53:29+00:00","dateModified":"2020-06-04T14:51:58+00:00","description":"Homem \u00e9 condenado a 14 anos de pris\u00e3o por envolvimento em assassinato de radialista brasileiro Viol\u00eancia contra jornalistas. Latin American Journalism Review by The Knight Center at The University of Texas at Austin.","breadcrumb":{"@id":"https:\/\/latamjournalismreview.org\/pt-br\/articles\/homem-e-condenado-a-14-anos-de-prisao-por-envolvimento-em-assassinato-de-radialista-brasileiro\/#breadcrumb"},"inLanguage":"pt-BR","potentialAction":[{"@type":"ReadAction","target":["https:\/\/latamjournalismreview.org\/pt-br\/articles\/homem-e-condenado-a-14-anos-de-prisao-por-envolvimento-em-assassinato-de-radialista-brasileiro\/"]}]},{"@type":"ImageObject","inLanguage":"pt-BR","@id":"https:\/\/latamjournalismreview.org\/pt-br\/articles\/homem-e-condenado-a-14-anos-de-prisao-por-envolvimento-em-assassinato-de-radialista-brasileiro\/#primaryimage","url":"https:\/\/latamjournalismreview.org\/wp-content\/uploads\/2020\/06\/Jefferson-Pureza-e1591214889456.jpg","contentUrl":"https:\/\/latamjournalismreview.org\/wp-content\/uploads\/2020\/06\/Jefferson-Pureza-e1591214889456.jpg","width":507,"height":333,"caption":"Jefferson Pureza. (Facebook)."},{"@type":"BreadcrumbList","@id":"https:\/\/latamjournalismreview.org\/pt-br\/articles\/homem-e-condenado-a-14-anos-de-prisao-por-envolvimento-em-assassinato-de-radialista-brasileiro\/#breadcrumb","itemListElement":[{"@type":"ListItem","position":1,"name":"Home","item":"https:\/\/latamjournalismreview.org\/pt-br\/"},{"@type":"ListItem","position":2,"name":"Homem \u00e9 condenado a 14 anos de pris\u00e3o por envolvimento em assassinato de radialista brasileiro"}]},{"@type":"WebSite","@id":"https:\/\/latamjournalismreview.org\/pt-br\/#website","url":"https:\/\/latamjournalismreview.org\/pt-br\/","name":"LatAm Journalism Review","description":"Digital magazine on journalism in Latin America","publisher":{"@id":"https:\/\/latamjournalismreview.org\/pt-br\/#organization"},"potentialAction":[{"@type":"SearchAction","target":{"@type":"EntryPoint","urlTemplate":"https:\/\/latamjournalismreview.org\/pt-br\/?s={search_term_string}"},"query-input":{"@type":"PropertyValueSpecification","valueRequired":true,"valueName":"search_term_string"}}],"inLanguage":"pt-BR"},{"@type":"Organization","@id":"https:\/\/latamjournalismreview.org\/pt-br\/#organization","name":"LatAm Journalism Review","url":"https:\/\/latamjournalismreview.org\/pt-br\/","logo":{"@type":"ImageObject","inLanguage":"pt-BR","@id":"https:\/\/latamjournalismreview.org\/pt-br\/#\/schema\/logo\/image\/","url":"https:\/\/latamjournalismreview.org\/wp-content\/uploads\/2020\/05\/knight-latAm-review-logo.svg","contentUrl":"https:\/\/latamjournalismreview.org\/wp-content\/uploads\/2020\/05\/knight-latAm-review-logo.svg","width":"1024","height":"1024","caption":"LatAm Journalism Review"},"image":{"@id":"https:\/\/latamjournalismreview.org\/pt-br\/#\/schema\/logo\/image\/"},"sameAs":["https:\/\/x.com\/LatAmJournalism"]},{"@type":"Person","@id":"https:\/\/latamjournalismreview.org\/pt-br\/#\/schema\/person\/f98b544e2f231a237f39a56cc9a00a9a","name":"Carolina de Assis","description":"Carolina de Assis is a Brazilian journalist and researcher who lives in Juiz de Fora, MG, Brazil. She holds a master's degree in Women\u2019s and Gender Studies from the GEMMA Programme \u2013 Universit\u00e0 di Bologna (Italy) \/ Universiteit Utrecht (The Netherlands) and has worked as an editor at G\u00eanero e N\u00famero, a Brazilian digital magazine focused on data journalism and gender issues. She is especially interested in journalistic initiatives aimed at promoting human rights and gender justice. You can find her on Twitter: @caroldeassis _________ Carolina de Assis es una periodista e investigadora brasile\u00f1a que vive en Juiz de Fora, MG, Brasil . Tiene una maestr\u00eda en Estudios de las Mujeres y de G\u00e9nero del programa GEMMA \u2013 Universit\u00e0 di Bologna (Italia) \/ Universiteit Utrecht (Holanda). Trabaj\u00f3 como editora en la revista digital brasile\u00f1a G\u00eanero e N\u00famero. Le interesan especialmente iniciativas period\u00edsticas que tienen el objetivo de promover los derechos humanos y la justicia de g\u00e9nero. Puedes encontrarla en Twitter: @caroldeassis. _______ Carolina de Assis \u00e9 uma jornalista e pesquisadora brasileira que vive em Juiz de Fora (MG). \u00c9 mestra em Estudos da Mulher e de G\u00eanero pelo programa GEMMA \u2013 Universit\u00e0 di Bologna (It\u00e1lia) \/ Universiteit Utrecht (Holanda). Trabalhou como editora na revista digital G\u00eanero e N\u00famero e se interessa especialmente por iniciativas jornal\u00edsticas que promovam os direitos humanos e a justi\u00e7a de g\u00eanero. Voc\u00ea pode encontr\u00e1-la no Twitter em @caroldeassis.","url":"https:\/\/latamjournalismreview.org\/pt-br\/articles\/author\/carolina-de-assis\/"}]}},"_links":{"self":[{"href":"https:\/\/latamjournalismreview.org\/pt-br\/wp-json\/wp\/v2\/posts\/4271","targetHints":{"allow":["GET"]}}],"collection":[{"href":"https:\/\/latamjournalismreview.org\/pt-br\/wp-json\/wp\/v2\/posts"}],"about":[{"href":"https:\/\/latamjournalismreview.org\/pt-br\/wp-json\/wp\/v2\/types\/post"}],"author":[{"embeddable":true,"href":"https:\/\/latamjournalismreview.org\/pt-br\/wp-json\/wp\/v2\/users\/16"}],"replies":[{"embeddable":true,"href":"https:\/\/latamjournalismreview.org\/pt-br\/wp-json\/wp\/v2\/comments?post=4271"}],"version-history":[{"count":1,"href":"https:\/\/latamjournalismreview.org\/pt-br\/wp-json\/wp\/v2\/posts\/4271\/revisions"}],"predecessor-version":[{"id":4278,"href":"https:\/\/latamjournalismreview.org\/pt-br\/wp-json\/wp\/v2\/posts\/4271\/revisions\/4278"}],"wp:featuredmedia":[{"embeddable":true,"href":"https:\/\/latamjournalismreview.org\/pt-br\/wp-json\/wp\/v2\/media\/4265"}],"wp:attachment":[{"href":"https:\/\/latamjournalismreview.org\/pt-br\/wp-json\/wp\/v2\/media?parent=4271"}],"wp:term":[{"taxonomy":"category","embeddable":true,"href":"https:\/\/latamjournalismreview.org\/pt-br\/wp-json\/wp\/v2\/categories?post=4271"},{"taxonomy":"post_tag","embeddable":true,"href":"https:\/\/latamjournalismreview.org\/pt-br\/wp-json\/wp\/v2\/tags?post=4271"},{"taxonomy":"author","embeddable":true,"href":"https:\/\/latamjournalismreview.org\/pt-br\/wp-json\/wp\/v2\/coauthors?post=4271"}],"curies":[{"name":"wp","href":"https:\/\/api.w.org\/{rel}","templated":true}]}}