{"id":43227,"date":"2014-04-16T11:14:09","date_gmt":"2014-04-16T16:14:09","guid":{"rendered":"https:\/\/latamjournalismreview.org\/?p=43227"},"modified":"2021-11-25T10:04:52","modified_gmt":"2021-11-25T15:04:52","slug":"campanha-de-jornalistas-venezuelanos-exige-liberacao-de-colega-sequestrada","status":"publish","type":"post","link":"https:\/\/latamjournalismreview.org\/pt-br\/articles\/campanha-de-jornalistas-venezuelanos-exige-liberacao-de-colega-sequestrada\/","title":{"rendered":"Campanha de jornalistas venezuelanos exige libera\u00e7\u00e3o de colega sequestrada"},"content":{"rendered":"<p><em>Por Travis Knoll<\/em><\/p>\n<p>Depois da desapari\u00e7\u00e3o da jornalista e chefe de correspondentes da Globovisi\u00f3n, Nairobi Pinto, <a href=\"http:\/\/www.clarin.com\/mundo\/Campana-Twitter-periodista-secuestrada_0_1117088589.html\">jornalistas de v\u00e1rios canais e meios se uniram em uma campanha online pedindo a libera\u00e7<\/a>\u00e3o<a href=\"http:\/\/www.clarin.com\/mundo\/Campana-Twitter-periodista-secuestrada_0_1117088589.html\"> de Pinto<\/a>.<\/p>\n<p>Vestidos de branco, os jornalistas se fotografaram com cartazes que pedem que Pinto seja libertada, em textos com a hashtag \u201c<a href=\"https:\/\/twitter.com\/search?q=%23LiberenANairobi&amp;src=hash\" target=\"_blank\" rel=\"noopener\">#<\/a><a href=\"https:\/\/twitter.com\/search?q=%23LiberenANairobi&amp;src=hash\" target=\"_blank\" rel=\"noopener\">LiberenANairobi<\/a>\u201d publicados nas m\u00eddias sociais.<\/p>\n<p>At\u00e9 agora n\u00e3o h\u00e1\u00a0novas pistas sobre o sequestro da jornalista, mas as autoridades n\u00e3o descartam nenhuma motiva\u00e7o. Segundo El Nacional, <a href=\"http:\/\/www.clarin.com\/mundo\/Campana-Twitter-periodista-secuestrada_0_1117088589.html\">h\u00e1 uma possibilidade de que o crime tenha tido motivos pol\u00edticos<\/a>, j\u00e1 que ela sabe das atividades de uma amiga com v\u00ednculos em um partido da oposi\u00e7\u00e3o, <a href=\"http:\/\/www.infobae.com\/2014\/04\/09\/1556119-lider-estudiantil-venezolana-nairobi-pinto-es-mi-amiga-y-su-secuestro-es-razones-politicas\">o que essa amiga afirmou no Twitter.\u00a0<\/a><\/p>\n<p>Da mesma maneira, o governo do presidente Nicol\u00e1s Maduro sugeriu que Pinto poderia ter sido sequestrada por membros da oposi\u00e7\u00e3o. Miguel Rodr\u00edguez Torres, Ministro do Interior, disse a Uni\u00f3n Radio <a href=\"http:\/\/www.infobae.com\/2014\/04\/08\/1555913-investigan-si-detras-del-secuestro-la-periodista-venezolana-hay-una-persecucion-politica\">que chamaba a aten\u00e7<\/a>\u00e3o<a href=\"http:\/\/www.infobae.com\/2014\/04\/08\/1555913-investigan-si-detras-del-secuestro-la-periodista-venezolana-hay-una-persecucion-politica\"> que tenham tido atos violentos na zona onde vive Pinto, e tamb\u00e9m tentativas fracassadas de sequestro e v\u00e1rios roubos.<\/a><\/p>\n<p><a href=\"http:\/\/www.venezuelaaldia.com\/2014\/04\/secuestran-a-nairobi-pinto-jefa-de-corresponsalia-de-globovision-tuits\/\">Pinto foi sequestrada por tr\u00eas homens mascarados na noite de domingo, 5 de abril<\/a>, quando voltava do supermercado no bairro Los Chaguaramos, de Caracas. Os homens apareceram em uma Chevrolet azul e a sequestraram, disse a cunhada de Pinto.<\/p>\n<p>Luis Pinto, pai de Nairobi Pinto e tamb\u00e9m jornalista,\u00a0<a href=\"http:\/\/www.lanacion.com.ar\/1679303-crece-la-incertidumbre-por-la-periodista-secuestrada\">disse ter f\u00e9 \u201cnos passos que est<\/a>\u00e3o<a href=\"http:\/\/www.lanacion.com.ar\/1679303-crece-la-incertidumbre-por-la-periodista-secuestrada\"> dando as autoridades policiais\u201d<\/a> e pediu que os sequestradores valorem a a\u00e7\u00e3o que cometeram e <a href=\"http:\/\/globovision.com\/articulo\/padre-de-nairobi-pinto-pido-a-dios-que-intervenga-y-me-devuelvan-a-mi-hija-sana-y-salva\">que tenham o sentido comum e a responsabilidade de devolver sua filha<\/a>. Tamb\u00e9m acrescentou que al\u00e9m de ser jornalista sua filha estudava direito, e que n\u00e3o havia falado de nenhum tipo de amea\u00e7a.<\/p>\n<p>O pai de Nairobi disse que sua fam\u00edlia <a href=\"http:\/\/www.ultimasnoticias.com.ve\/noticias\/actualidad\/sucesos\/captores-de-nairobi-pinto-no-han-establecido-conta.aspx\">n<\/a>\u00e3<a href=\"http:\/\/www.ultimasnoticias.com.ve\/noticias\/actualidad\/sucesos\/captores-de-nairobi-pinto-no-han-establecido-conta.aspx\">o conta com muitos bens, porque vivem de seu trabalho<\/a>, e acrescentou que estavam todos devastados pelo sucedido.<\/p>\n<p>Globovisi\u00f3n disse que seus funcion\u00e1rios est\u00e3o trabalhando com\u00a0a fam\u00edlia para contatar as for\u00e7as de seguran\u00e7a locais e acrescentaram que os venezuelanos <a href=\"http:\/\/www.clarin.com\/mundo\/Secuestran-periodista-Globovision_0_1115888734.html\">teriam que atuar responsavelmente em seu uso de meios sociais<\/a> para n\u00e3o obstruir o trabalho das autoridades e por a vida de Pinto em risco maior, publicou o jornal argentino Clar\u00edn.<\/p>\n<p>Na segunda passada, v\u00e1rios jornalistas, cinegrafistas e trabalhadores da imprensa se <a href=\"http:\/\/globovision.com\/articulo\/gremio-de-periodistas-convoca-misa-por-liberacion-de-nairobi-pinto\">uniram na igreja que Pinto frequentava para orar por sua libera\u00e7<\/a>\u00e3o. Marco Ruiz, presidente do Sindicato Nacional de Trabalhadores de Imprensa (SNTP) disse que a sociedade tem que ter um papel mais ativo na busca e criticou o progresso lento das autoridades.<\/p>\n<p><em>Nota do editor: Essa hist\u00f3ria foi publicada originalmente no blog Jornalismo nas Am\u00e9ricas do Centro Knight, o predecessor do LatAm Journalism Review.<\/em><\/p>\n","protected":false},"excerpt":{"rendered":"<p>Depois da desapari\u00e7\u00e3o da jornalista e chefe de correspondentes da Globovisi\u00f3n, Nairobi Pinto, jornalistas de v\u00e1rios canais e meios se uniram em uma campanha online pedindo a libera\u00e7\u00e3o de Pinto.<\/p>\n","protected":false},"author":22,"featured_media":0,"comment_status":"closed","ping_status":"closed","sticky":false,"template":"","format":"standard","meta":{"inline_featured_image":false,"footnotes":""},"categories":[1221],"tags":[1613,1534,1402,1615],"coauthors":[],"class_list":["post-43227","post","type-post","status-publish","format-standard","hentry","category-violencia-contra-jornalistas-pt-br","tag-ameacas-a-jornalistas-pt-br","tag-ataques-contra-jornalistas-pt-br","tag-venezuela-pt-br","tag-violencia-contra-jornalistas-pt-br"],"acf":[],"yoast_head":"<!-- This site is optimized with the Yoast SEO Premium plugin v22.6 (Yoast SEO v27.4) - https:\/\/yoast.com\/product\/yoast-seo-premium-wordpress\/ -->\n<title>Campanha de jornalistas venezuelanos exige libera\u00e7\u00e3o de colega sequestrada - LatAm Journalism Review by the Knight Center<\/title>\n<meta name=\"description\" content=\"Campanha de jornalistas venezuelanos exige libera\u00e7\u00e3o de colega sequestrada Viol\u00eancia contra jornalistas. Latin American Journalism Review by The Knight Center at The University of Texas at Austin.\" \/>\n<meta name=\"robots\" content=\"index, follow, max-snippet:-1, max-image-preview:large, max-video-preview:-1\" \/>\n<link rel=\"canonical\" href=\"https:\/\/latamjournalismreview.org\/pt-br\/articles\/campanha-de-jornalistas-venezuelanos-exige-liberacao-de-colega-sequestrada\/\" \/>\n<meta property=\"og:locale\" content=\"pt_BR\" \/>\n<meta property=\"og:type\" content=\"article\" \/>\n<meta property=\"og:title\" content=\"Campanha de jornalistas venezuelanos exige libera\u00e7\u00e3o de colega sequestrada\" \/>\n<meta property=\"og:description\" content=\"Campanha de jornalistas venezuelanos exige libera\u00e7\u00e3o de colega sequestrada Viol\u00eancia contra jornalistas. Latin American Journalism Review by The Knight Center at The University of Texas at Austin.\" \/>\n<meta property=\"og:url\" content=\"https:\/\/latamjournalismreview.org\/pt-br\/articles\/campanha-de-jornalistas-venezuelanos-exige-liberacao-de-colega-sequestrada\/\" \/>\n<meta property=\"og:site_name\" content=\"LatAm Journalism Review by the Knight Center\" \/>\n<meta property=\"article:published_time\" content=\"2014-04-16T16:14:09+00:00\" \/>\n<meta property=\"article:modified_time\" content=\"2021-11-25T15:04:52+00:00\" \/>\n<meta name=\"author\" content=\"Knight Center\" \/>\n<meta name=\"twitter:card\" content=\"summary_large_image\" \/>\n<meta name=\"twitter:creator\" content=\"@LatAmJournalism\" \/>\n<meta name=\"twitter:site\" content=\"@LatAmJournalism\" \/>\n<meta name=\"twitter:label1\" content=\"Written by\" \/>\n\t<meta name=\"twitter:data1\" content=\"Knight Center\" \/>\n\t<meta name=\"twitter:label2\" content=\"Est. reading time\" \/>\n\t<meta name=\"twitter:data2\" content=\"2 minutos\" \/>\n<script type=\"application\/ld+json\" class=\"yoast-schema-graph\">{\"@context\":\"https:\\\/\\\/schema.org\",\"@graph\":[{\"@type\":\"Article\",\"@id\":\"https:\\\/\\\/latamjournalismreview.org\\\/pt-br\\\/articles\\\/campanha-de-jornalistas-venezuelanos-exige-liberacao-de-colega-sequestrada\\\/#article\",\"isPartOf\":{\"@id\":\"https:\\\/\\\/latamjournalismreview.org\\\/pt-br\\\/articles\\\/campanha-de-jornalistas-venezuelanos-exige-liberacao-de-colega-sequestrada\\\/\"},\"author\":{\"name\":\"Knight Center\",\"@id\":\"https:\\\/\\\/latamjournalismreview.org\\\/pt-br\\\/#\\\/schema\\\/person\\\/6c325fd0fef0cd167424c683e6577e19\"},\"headline\":\"Campanha de jornalistas venezuelanos exige libera\u00e7\u00e3o de colega sequestrada\",\"datePublished\":\"2014-04-16T16:14:09+00:00\",\"dateModified\":\"2021-11-25T15:04:52+00:00\",\"mainEntityOfPage\":{\"@id\":\"https:\\\/\\\/latamjournalismreview.org\\\/pt-br\\\/articles\\\/campanha-de-jornalistas-venezuelanos-exige-liberacao-de-colega-sequestrada\\\/\"},\"wordCount\":472,\"publisher\":{\"@id\":\"https:\\\/\\\/latamjournalismreview.org\\\/pt-br\\\/#organization\"},\"keywords\":[\"Amea\u00e7as a jornalistas\",\"Ataques contra jornalistas\",\"Venezuela\",\"Viol\u00eancia contra jornalistas\"],\"articleSection\":[\"Viol\u00eancia contra jornalistas\"],\"inLanguage\":\"pt-BR\"},{\"@type\":\"WebPage\",\"@id\":\"https:\\\/\\\/latamjournalismreview.org\\\/pt-br\\\/articles\\\/campanha-de-jornalistas-venezuelanos-exige-liberacao-de-colega-sequestrada\\\/\",\"url\":\"https:\\\/\\\/latamjournalismreview.org\\\/pt-br\\\/articles\\\/campanha-de-jornalistas-venezuelanos-exige-liberacao-de-colega-sequestrada\\\/\",\"name\":\"Campanha de jornalistas venezuelanos exige libera\u00e7\u00e3o de colega sequestrada - LatAm Journalism Review by the Knight Center\",\"isPartOf\":{\"@id\":\"https:\\\/\\\/latamjournalismreview.org\\\/pt-br\\\/#website\"},\"datePublished\":\"2014-04-16T16:14:09+00:00\",\"dateModified\":\"2021-11-25T15:04:52+00:00\",\"description\":\"Campanha de jornalistas venezuelanos exige libera\u00e7\u00e3o de colega sequestrada Viol\u00eancia contra jornalistas. Latin American Journalism Review by The Knight Center at The University of Texas at Austin.\",\"breadcrumb\":{\"@id\":\"https:\\\/\\\/latamjournalismreview.org\\\/pt-br\\\/articles\\\/campanha-de-jornalistas-venezuelanos-exige-liberacao-de-colega-sequestrada\\\/#breadcrumb\"},\"inLanguage\":\"pt-BR\",\"potentialAction\":[{\"@type\":\"ReadAction\",\"target\":[\"https:\\\/\\\/latamjournalismreview.org\\\/pt-br\\\/articles\\\/campanha-de-jornalistas-venezuelanos-exige-liberacao-de-colega-sequestrada\\\/\"]}]},{\"@type\":\"BreadcrumbList\",\"@id\":\"https:\\\/\\\/latamjournalismreview.org\\\/pt-br\\\/articles\\\/campanha-de-jornalistas-venezuelanos-exige-liberacao-de-colega-sequestrada\\\/#breadcrumb\",\"itemListElement\":[{\"@type\":\"ListItem\",\"position\":1,\"name\":\"Home\",\"item\":\"https:\\\/\\\/latamjournalismreview.org\\\/pt-br\\\/\"},{\"@type\":\"ListItem\",\"position\":2,\"name\":\"Campanha de jornalistas venezuelanos exige libera\u00e7\u00e3o de colega sequestrada\"}]},{\"@type\":\"WebSite\",\"@id\":\"https:\\\/\\\/latamjournalismreview.org\\\/pt-br\\\/#website\",\"url\":\"https:\\\/\\\/latamjournalismreview.org\\\/pt-br\\\/\",\"name\":\"LatAm Journalism Review\",\"description\":\"Digital magazine on journalism in Latin America\",\"publisher\":{\"@id\":\"https:\\\/\\\/latamjournalismreview.org\\\/pt-br\\\/#organization\"},\"potentialAction\":[{\"@type\":\"SearchAction\",\"target\":{\"@type\":\"EntryPoint\",\"urlTemplate\":\"https:\\\/\\\/latamjournalismreview.org\\\/pt-br\\\/?s={search_term_string}\"},\"query-input\":{\"@type\":\"PropertyValueSpecification\",\"valueRequired\":true,\"valueName\":\"search_term_string\"}}],\"inLanguage\":\"pt-BR\"},{\"@type\":\"Organization\",\"@id\":\"https:\\\/\\\/latamjournalismreview.org\\\/pt-br\\\/#organization\",\"name\":\"LatAm Journalism Review\",\"url\":\"https:\\\/\\\/latamjournalismreview.org\\\/pt-br\\\/\",\"logo\":{\"@type\":\"ImageObject\",\"inLanguage\":\"pt-BR\",\"@id\":\"https:\\\/\\\/latamjournalismreview.org\\\/pt-br\\\/#\\\/schema\\\/logo\\\/image\\\/\",\"url\":\"https:\\\/\\\/latamjournalismreview.org\\\/wp-content\\\/uploads\\\/2020\\\/05\\\/knight-latAm-review-logo.svg\",\"contentUrl\":\"https:\\\/\\\/latamjournalismreview.org\\\/wp-content\\\/uploads\\\/2020\\\/05\\\/knight-latAm-review-logo.svg\",\"width\":\"1024\",\"height\":\"1024\",\"caption\":\"LatAm Journalism Review\"},\"image\":{\"@id\":\"https:\\\/\\\/latamjournalismreview.org\\\/pt-br\\\/#\\\/schema\\\/logo\\\/image\\\/\"},\"sameAs\":[\"https:\\\/\\\/x.com\\\/LatAmJournalism\"]},{\"@type\":\"Person\",\"@id\":\"https:\\\/\\\/latamjournalismreview.org\\\/pt-br\\\/#\\\/schema\\\/person\\\/6c325fd0fef0cd167424c683e6577e19\",\"name\":\"Knight Center\",\"url\":\"https:\\\/\\\/latamjournalismreview.org\\\/pt-br\\\/articles\\\/author\\\/knight-center\\\/\"}]}<\/script>\n<!-- \/ Yoast SEO Premium plugin. -->","yoast_head_json":{"title":"Campanha de jornalistas venezuelanos exige libera\u00e7\u00e3o de colega sequestrada - LatAm Journalism Review by the Knight Center","description":"Campanha de jornalistas venezuelanos exige libera\u00e7\u00e3o de colega sequestrada Viol\u00eancia contra jornalistas. Latin American Journalism Review by The Knight Center at The University of Texas at Austin.","robots":{"index":"index","follow":"follow","max-snippet":"max-snippet:-1","max-image-preview":"max-image-preview:large","max-video-preview":"max-video-preview:-1"},"canonical":"https:\/\/latamjournalismreview.org\/pt-br\/articles\/campanha-de-jornalistas-venezuelanos-exige-liberacao-de-colega-sequestrada\/","og_locale":"pt_BR","og_type":"article","og_title":"Campanha de jornalistas venezuelanos exige libera\u00e7\u00e3o de colega sequestrada","og_description":"Campanha de jornalistas venezuelanos exige libera\u00e7\u00e3o de colega sequestrada Viol\u00eancia contra jornalistas. Latin American Journalism Review by The Knight Center at The University of Texas at Austin.","og_url":"https:\/\/latamjournalismreview.org\/pt-br\/articles\/campanha-de-jornalistas-venezuelanos-exige-liberacao-de-colega-sequestrada\/","og_site_name":"LatAm Journalism Review by the Knight Center","article_published_time":"2014-04-16T16:14:09+00:00","article_modified_time":"2021-11-25T15:04:52+00:00","author":"Knight Center","twitter_card":"summary_large_image","twitter_creator":"@LatAmJournalism","twitter_site":"@LatAmJournalism","twitter_misc":{"Written by":"Knight Center","Est. reading time":"2 minutos"},"schema":{"@context":"https:\/\/schema.org","@graph":[{"@type":"Article","@id":"https:\/\/latamjournalismreview.org\/pt-br\/articles\/campanha-de-jornalistas-venezuelanos-exige-liberacao-de-colega-sequestrada\/#article","isPartOf":{"@id":"https:\/\/latamjournalismreview.org\/pt-br\/articles\/campanha-de-jornalistas-venezuelanos-exige-liberacao-de-colega-sequestrada\/"},"author":{"name":"Knight Center","@id":"https:\/\/latamjournalismreview.org\/pt-br\/#\/schema\/person\/6c325fd0fef0cd167424c683e6577e19"},"headline":"Campanha de jornalistas venezuelanos exige libera\u00e7\u00e3o de colega sequestrada","datePublished":"2014-04-16T16:14:09+00:00","dateModified":"2021-11-25T15:04:52+00:00","mainEntityOfPage":{"@id":"https:\/\/latamjournalismreview.org\/pt-br\/articles\/campanha-de-jornalistas-venezuelanos-exige-liberacao-de-colega-sequestrada\/"},"wordCount":472,"publisher":{"@id":"https:\/\/latamjournalismreview.org\/pt-br\/#organization"},"keywords":["Amea\u00e7as a jornalistas","Ataques contra jornalistas","Venezuela","Viol\u00eancia contra jornalistas"],"articleSection":["Viol\u00eancia contra jornalistas"],"inLanguage":"pt-BR"},{"@type":"WebPage","@id":"https:\/\/latamjournalismreview.org\/pt-br\/articles\/campanha-de-jornalistas-venezuelanos-exige-liberacao-de-colega-sequestrada\/","url":"https:\/\/latamjournalismreview.org\/pt-br\/articles\/campanha-de-jornalistas-venezuelanos-exige-liberacao-de-colega-sequestrada\/","name":"Campanha de jornalistas venezuelanos exige libera\u00e7\u00e3o de colega sequestrada - LatAm Journalism Review by the Knight Center","isPartOf":{"@id":"https:\/\/latamjournalismreview.org\/pt-br\/#website"},"datePublished":"2014-04-16T16:14:09+00:00","dateModified":"2021-11-25T15:04:52+00:00","description":"Campanha de jornalistas venezuelanos exige libera\u00e7\u00e3o de colega sequestrada Viol\u00eancia contra jornalistas. Latin American Journalism Review by The Knight Center at The University of Texas at Austin.","breadcrumb":{"@id":"https:\/\/latamjournalismreview.org\/pt-br\/articles\/campanha-de-jornalistas-venezuelanos-exige-liberacao-de-colega-sequestrada\/#breadcrumb"},"inLanguage":"pt-BR","potentialAction":[{"@type":"ReadAction","target":["https:\/\/latamjournalismreview.org\/pt-br\/articles\/campanha-de-jornalistas-venezuelanos-exige-liberacao-de-colega-sequestrada\/"]}]},{"@type":"BreadcrumbList","@id":"https:\/\/latamjournalismreview.org\/pt-br\/articles\/campanha-de-jornalistas-venezuelanos-exige-liberacao-de-colega-sequestrada\/#breadcrumb","itemListElement":[{"@type":"ListItem","position":1,"name":"Home","item":"https:\/\/latamjournalismreview.org\/pt-br\/"},{"@type":"ListItem","position":2,"name":"Campanha de jornalistas venezuelanos exige libera\u00e7\u00e3o de colega sequestrada"}]},{"@type":"WebSite","@id":"https:\/\/latamjournalismreview.org\/pt-br\/#website","url":"https:\/\/latamjournalismreview.org\/pt-br\/","name":"LatAm Journalism Review","description":"Digital magazine on journalism in Latin America","publisher":{"@id":"https:\/\/latamjournalismreview.org\/pt-br\/#organization"},"potentialAction":[{"@type":"SearchAction","target":{"@type":"EntryPoint","urlTemplate":"https:\/\/latamjournalismreview.org\/pt-br\/?s={search_term_string}"},"query-input":{"@type":"PropertyValueSpecification","valueRequired":true,"valueName":"search_term_string"}}],"inLanguage":"pt-BR"},{"@type":"Organization","@id":"https:\/\/latamjournalismreview.org\/pt-br\/#organization","name":"LatAm Journalism Review","url":"https:\/\/latamjournalismreview.org\/pt-br\/","logo":{"@type":"ImageObject","inLanguage":"pt-BR","@id":"https:\/\/latamjournalismreview.org\/pt-br\/#\/schema\/logo\/image\/","url":"https:\/\/latamjournalismreview.org\/wp-content\/uploads\/2020\/05\/knight-latAm-review-logo.svg","contentUrl":"https:\/\/latamjournalismreview.org\/wp-content\/uploads\/2020\/05\/knight-latAm-review-logo.svg","width":"1024","height":"1024","caption":"LatAm Journalism Review"},"image":{"@id":"https:\/\/latamjournalismreview.org\/pt-br\/#\/schema\/logo\/image\/"},"sameAs":["https:\/\/x.com\/LatAmJournalism"]},{"@type":"Person","@id":"https:\/\/latamjournalismreview.org\/pt-br\/#\/schema\/person\/6c325fd0fef0cd167424c683e6577e19","name":"Knight Center","url":"https:\/\/latamjournalismreview.org\/pt-br\/articles\/author\/knight-center\/"}]}},"_links":{"self":[{"href":"https:\/\/latamjournalismreview.org\/pt-br\/wp-json\/wp\/v2\/posts\/43227","targetHints":{"allow":["GET"]}}],"collection":[{"href":"https:\/\/latamjournalismreview.org\/pt-br\/wp-json\/wp\/v2\/posts"}],"about":[{"href":"https:\/\/latamjournalismreview.org\/pt-br\/wp-json\/wp\/v2\/types\/post"}],"author":[{"embeddable":true,"href":"https:\/\/latamjournalismreview.org\/pt-br\/wp-json\/wp\/v2\/users\/22"}],"replies":[{"embeddable":true,"href":"https:\/\/latamjournalismreview.org\/pt-br\/wp-json\/wp\/v2\/comments?post=43227"}],"version-history":[{"count":2,"href":"https:\/\/latamjournalismreview.org\/pt-br\/wp-json\/wp\/v2\/posts\/43227\/revisions"}],"predecessor-version":[{"id":43229,"href":"https:\/\/latamjournalismreview.org\/pt-br\/wp-json\/wp\/v2\/posts\/43227\/revisions\/43229"}],"wp:attachment":[{"href":"https:\/\/latamjournalismreview.org\/pt-br\/wp-json\/wp\/v2\/media?parent=43227"}],"wp:term":[{"taxonomy":"category","embeddable":true,"href":"https:\/\/latamjournalismreview.org\/pt-br\/wp-json\/wp\/v2\/categories?post=43227"},{"taxonomy":"post_tag","embeddable":true,"href":"https:\/\/latamjournalismreview.org\/pt-br\/wp-json\/wp\/v2\/tags?post=43227"},{"taxonomy":"author","embeddable":true,"href":"https:\/\/latamjournalismreview.org\/pt-br\/wp-json\/wp\/v2\/coauthors?post=43227"}],"curies":[{"name":"wp","href":"https:\/\/api.w.org\/{rel}","templated":true}]}}