{"id":44084,"date":"2016-05-03T11:29:28","date_gmt":"2016-05-03T16:29:28","guid":{"rendered":"https:\/\/latamjournalismreview.org\/?p=44084"},"modified":"2021-12-03T11:31:04","modified_gmt":"2021-12-03T16:31:04","slug":"suspensao-do-whatsapp-por-um-dia-afeta-jornalistas-e-meios-de-comunicacao-no-brasil","status":"publish","type":"post","link":"https:\/\/latamjournalismreview.org\/pt-br\/articles\/suspensao-do-whatsapp-por-um-dia-afeta-jornalistas-e-meios-de-comunicacao-no-brasil\/","title":{"rendered":"Suspens\u00e3o do WhatsApp por um dia afeta jornalistas e meios de comunica\u00e7\u00e3o no Brasil"},"content":{"rendered":"<p>Cerca de 100 milh\u00f5es de brasileiros que utilizam o Whatsapp para trocar mensagens tiveram o servi\u00e7o bloqueado por um dia, a partir de segunda-feira, 2 de maio, por determina\u00e7\u00e3o de um juiz do interior do pa\u00eds. A medida teve imediata repercuss\u00e3o entre jornalistas, acostumados a usar o aplicativo em suas comunica\u00e7\u00f5es, e pelas empresas jornal\u00edsticas que o utilizam para distribuir not\u00edcias e interagir com os leitores.<\/p>\n<p><a href=\"https:\/\/knightcenter.utexas.edu\/pt-br\/blog\/00-15665-jornal-extra-comemora-um-ano-de-projeto-que-conecta-leitores-e-jornalistas-whatsapp\">Pioneiro no uso de servi\u00e7os de trocas de mensagens como canal para den\u00fancias dos leitores<\/a>, F\u00e1bio Gusm\u00e3o, editor online do jornal Extra, disse que apesar de haver op\u00e7\u00f5es de servi\u00e7os similares, a presen\u00e7a dos leitores brasileiros ainda \u00e9 maior no Whatsapp. \"Quando o bloqueio come\u00e7ou, fizemos todas as postagens nas redes sociais lembrando que temos outros aplicativos, como Viber, Telegram e Snapchat. As pessoas at\u00e9 usam esses outros aplicativos, mas n\u00e3o est\u00e3o t\u00e3o habituadas\", disse Gusm\u00e3o em entrevista ao Centro Knight.<\/p>\n<p>Al\u00e9m do Extra, muitos outros ve\u00edculos de not\u00edcias brasileiros adotam servi\u00e7os de mensagens instant\u00e2neas para distribuir boletins de not\u00edcias e receber informa\u00e7\u00f5es de leitores. A\u00a0<a href=\"http:\/\/www1.folha.uol.com.br\/paineldoleitor\/2014\/03\/1421555-folha-abre-canal-para-leitores-no-whatsapp.shtml\">Folha<\/a>, o telejornal\u00a0<a href=\"http:\/\/g1.globo.com\/rio-de-janeiro\/noticia\/2015\/03\/publico-pode-enviar-videos-e-fotos-para-o-rjtv-pelo-whatsapp-e-viber.html\">RJTV<\/a>\u00a0e o\u00a0<a href=\"http:\/\/economia.estadao.com.br\/noticias\/geral,siga-o-estadao-no-whatsapp--telegram-e-my-push,10000048777\">Estad\u00e3o<\/a>\u00a0s\u00e3o alguns dos que divulgam canais de contato por aplicativos de mensagens. Durante o bloqueio ao Whataspp, o Estad\u00e3o manteve na homepage de seu website uma not\u00edcia destacada avisando que tamb\u00e9m est\u00e1 presente nos aplicativos de mensagens Telegram e MyPush.<\/p>\n<p>A\u00a0<a href=\"http:\/\/agenciabrasil.ebc.com.br\/geral\/noticia\/2016-05\/tocha-jornalistas-estrangeiros-relatam-surpresa-com-bloqueio-do-whatsapp\">suspens\u00e3o do servi\u00e7o tamb\u00e9m surpreendeu jornalistas estrangeiros<\/a>\u00a0que est\u00e3o no Brasil para a cobertura das Olimp\u00edadas. No dia da chegada da Chama Ol\u00edmpica ao pa\u00eds, alguns profissionais relataram dificuldades para transmitir informa\u00e7\u00f5es para suas equipes no exterior, de acordo com a Ag\u00eancia Brasil.<\/p>\n<p>\u201cRealmente estou surpresa que algo assim acontecesse em um momento como este\u201d, disse \u00e0 Ag\u00eancia Brasil a rep\u00f3rter peruana da Latina Televisi\u00f3n, Marisol Choquehuanca. \u201cAl\u00e9m de n\u00e3o conseguir falar com minha equipe no exterior, est\u00e1 sendo complicado marcar entrevista com alguns personagens para minhas mat\u00e9rias\u201d, completou a jornalista.<\/p>\n<p>O Comit\u00ea para a Prote\u00e7\u00e3o dos Jornalistas condenou a determina\u00e7\u00e3o judicial, ressaltando que \u201cbloquear o acesso a uma plataforma t\u00e3o usada \u00e9 um engano que viola a natureza aberta da internet e danifica desproporcionalmente o fluxo livre da informa\u00e7\u00e3o\u201d.<\/p>\n<p><a href=\"https:\/\/www.cpj.org\/pt\/2016\/05\/cpj-alarmado-com-bloqueio-do-whatsapp-no-brasil.php\">Em comunicado, o CPJ destaca que a interrup\u00e7\u00e3o do servi\u00e7o atrapalha o trabalho de jornalistas<\/a>\u00a0que frequentemente usam a ferramenta para se comunicar com fontes. \u201cJornalistas no Brasil dependem regularmente do WhatsApp para reportagem\u201d, disse Geoffrey King, coordernador do programa de tecnologia do CPJ.<\/p>\n<p>O Whatsapp foi suspenso \u00e0s 14h desta segunda-feira, 2 de maio, sob ordem do juiz Marcel Montalv\u00e3o, da Vara Criminal de Lagarto, em Sergipe. O popular aplicativo de mensagens voltou a funcionar dia seguinte, ap\u00f3s pouco mais de 24h fora do ar. O\u00a0<a href=\"http:\/\/www.conjur.com.br\/2016-mai-03\/cnj-abre-investigacao-conduta-juiz-bloqueou-whatsapp\">juiz ser\u00e1 investigado por abuso de autoridade<\/a>. De acordo com o site Conjur, a corregedora nacional de Justi\u00e7a e ministra Nancy Andrighi instaurou nesta ter\u00e7a-feira uma reclama\u00e7\u00e3o disciplinar contra o magistrado.<\/p>\n<p>A ordem de bloquear o WhatsApp ocorreu pelo mesmo motivo que levou ao\u00a0<a href=\"http:\/\/g1.globo.com\/jornal-nacional\/noticia\/2016\/03\/vice-presidente-do-facebook-para-o-brasil-e-america-latina-e-preso-em-sp.html\">pedido de pris\u00e3o do vice-presidente do Facebook<\/a>, em mar\u00e7o deste ano: a empresa n\u00e3o forneceu \u00e0 Justi\u00e7a mensagens relacionadas a uma investiga\u00e7\u00e3o sobre tr\u00e1fico de drogas. O WhastApp alega que n\u00e3o tem as informa\u00e7\u00f5es que a Pol\u00edcia Federal est\u00e1 pedindo. Os detalhes do caso n\u00e3o s\u00e3o conhecidos porque foi decretado segredo de justi\u00e7a.<\/p>\n<p>O\u00a0<a href=\"http:\/\/www.tecmundo.com.br\/whatsapp\/104302-whatsapp-bloqueado-brasil-hoje-justica-entenda.htm\">aplicativo j\u00e1 havia sido bloqueado em dezembro\u00a0<\/a>do ano passado, mas o servi\u00e7o foi restabelecido em 12 horas por uma medida liminar.<\/p>\n<p>O assunto repercutiu em redes sociais como Facebook e Twitter, onde o bloqueio do WhatsApp ficou em primeiro lugar nos trending topics do pa\u00eds.<\/p>\n<p><em>Nota do editor: Essa hist\u00f3ria foi publicada originalmente no blog de jornalismo nas Am\u00e9ricas do Centro Knight, o predecessor do LatAm Journalism Review.<\/em><\/p>\n","protected":false},"excerpt":{"rendered":"<p>erca de 100 milh\u00f5es de brasileiros que utilizam o Whatsapp para trocar mensagens tiveram o servi\u00e7o bloqueado por um dia, a partir de segunda-feira, 2 de maio, por determina\u00e7\u00e3o de um juiz do interior do pa\u00eds. A medida teve imediata repercuss\u00e3o entre jornalistas, acostumados a usar o aplicativo em suas comunica\u00e7\u00f5es, e pelas empresas jornal\u00edsticas que o utilizam para distribuir not\u00edcias e interagir com os leitores.<\/p>\n","protected":false},"author":13,"featured_media":0,"comment_status":"closed","ping_status":"closed","sticky":false,"template":"","format":"standard","meta":{"inline_featured_image":false,"footnotes":""},"categories":[1228],"tags":[1379,1610],"coauthors":[],"class_list":["post-44084","post","type-post","status-publish","format-standard","hentry","category-acesso-a-informacao-pt-br","tag-casos-judiciais-pt-br","tag-midias-sociais-pt-br"],"acf":[],"yoast_head":"<!-- This site is optimized with the Yoast SEO Premium plugin v22.6 (Yoast SEO v27.4) - https:\/\/yoast.com\/product\/yoast-seo-premium-wordpress\/ -->\n<title>Suspens\u00e3o do WhatsApp por um dia afeta jornalistas e meios de comunica\u00e7\u00e3o no Brasil - LatAm Journalism Review by the Knight Center<\/title>\n<meta name=\"description\" content=\"Suspens\u00e3o do WhatsApp por um dia afeta jornalistas e meios de comunica\u00e7\u00e3o no Brasil Acesso a informa\u00e7\u00e3o. Latin American Journalism Review by The Knight Center at The University of Texas at Austin.\" \/>\n<meta name=\"robots\" content=\"index, follow, max-snippet:-1, max-image-preview:large, max-video-preview:-1\" \/>\n<link rel=\"canonical\" href=\"https:\/\/latamjournalismreview.org\/pt-br\/articles\/suspensao-do-whatsapp-por-um-dia-afeta-jornalistas-e-meios-de-comunicacao-no-brasil\/\" \/>\n<meta property=\"og:locale\" content=\"pt_BR\" \/>\n<meta property=\"og:type\" content=\"article\" \/>\n<meta property=\"og:title\" content=\"Suspens\u00e3o do WhatsApp por um dia afeta jornalistas e meios de comunica\u00e7\u00e3o no Brasil\" \/>\n<meta property=\"og:description\" content=\"Suspens\u00e3o do WhatsApp por um dia afeta jornalistas e meios de comunica\u00e7\u00e3o no Brasil Acesso a informa\u00e7\u00e3o. Latin American Journalism Review by The Knight Center at The University of Texas at Austin.\" \/>\n<meta property=\"og:url\" content=\"https:\/\/latamjournalismreview.org\/pt-br\/articles\/suspensao-do-whatsapp-por-um-dia-afeta-jornalistas-e-meios-de-comunicacao-no-brasil\/\" \/>\n<meta property=\"og:site_name\" content=\"LatAm Journalism Review by the Knight Center\" \/>\n<meta property=\"article:published_time\" content=\"2016-05-03T16:29:28+00:00\" \/>\n<meta property=\"article:modified_time\" content=\"2021-12-03T16:31:04+00:00\" \/>\n<meta name=\"author\" content=\"Silvia Higuera\" \/>\n<meta name=\"twitter:card\" content=\"summary_large_image\" \/>\n<meta name=\"twitter:creator\" content=\"@shiguerita\" \/>\n<meta name=\"twitter:site\" content=\"@LatAmJournalism\" \/>\n<meta name=\"twitter:label1\" content=\"Written by\" \/>\n\t<meta name=\"twitter:data1\" content=\"Silvia Higuera\" \/>\n\t<meta name=\"twitter:label2\" content=\"Est. reading time\" \/>\n\t<meta name=\"twitter:data2\" content=\"3 minutos\" \/>\n<script type=\"application\/ld+json\" class=\"yoast-schema-graph\">{\"@context\":\"https:\\\/\\\/schema.org\",\"@graph\":[{\"@type\":\"Article\",\"@id\":\"https:\\\/\\\/latamjournalismreview.org\\\/pt-br\\\/articles\\\/suspensao-do-whatsapp-por-um-dia-afeta-jornalistas-e-meios-de-comunicacao-no-brasil\\\/#article\",\"isPartOf\":{\"@id\":\"https:\\\/\\\/latamjournalismreview.org\\\/pt-br\\\/articles\\\/suspensao-do-whatsapp-por-um-dia-afeta-jornalistas-e-meios-de-comunicacao-no-brasil\\\/\"},\"author\":{\"name\":\"Silvia Higuera\",\"@id\":\"https:\\\/\\\/latamjournalismreview.org\\\/pt-br\\\/#\\\/schema\\\/person\\\/eac7baa6afada0957e047be9fc15703a\"},\"headline\":\"Suspens\u00e3o do WhatsApp por um dia afeta jornalistas e meios de comunica\u00e7\u00e3o no Brasil\",\"datePublished\":\"2016-05-03T16:29:28+00:00\",\"dateModified\":\"2021-12-03T16:31:04+00:00\",\"mainEntityOfPage\":{\"@id\":\"https:\\\/\\\/latamjournalismreview.org\\\/pt-br\\\/articles\\\/suspensao-do-whatsapp-por-um-dia-afeta-jornalistas-e-meios-de-comunicacao-no-brasil\\\/\"},\"wordCount\":686,\"publisher\":{\"@id\":\"https:\\\/\\\/latamjournalismreview.org\\\/pt-br\\\/#organization\"},\"keywords\":[\"Casos judiciais\",\"M\u00eddias sociais\"],\"articleSection\":[\"Acesso a informa\u00e7\u00e3o\"],\"inLanguage\":\"pt-BR\"},{\"@type\":\"WebPage\",\"@id\":\"https:\\\/\\\/latamjournalismreview.org\\\/pt-br\\\/articles\\\/suspensao-do-whatsapp-por-um-dia-afeta-jornalistas-e-meios-de-comunicacao-no-brasil\\\/\",\"url\":\"https:\\\/\\\/latamjournalismreview.org\\\/pt-br\\\/articles\\\/suspensao-do-whatsapp-por-um-dia-afeta-jornalistas-e-meios-de-comunicacao-no-brasil\\\/\",\"name\":\"Suspens\u00e3o do WhatsApp por um dia afeta jornalistas e meios de comunica\u00e7\u00e3o no Brasil - LatAm Journalism Review by the Knight Center\",\"isPartOf\":{\"@id\":\"https:\\\/\\\/latamjournalismreview.org\\\/pt-br\\\/#website\"},\"datePublished\":\"2016-05-03T16:29:28+00:00\",\"dateModified\":\"2021-12-03T16:31:04+00:00\",\"description\":\"Suspens\u00e3o do WhatsApp por um dia afeta jornalistas e meios de comunica\u00e7\u00e3o no Brasil Acesso a informa\u00e7\u00e3o. Latin American Journalism Review by The Knight Center at The University of Texas at Austin.\",\"breadcrumb\":{\"@id\":\"https:\\\/\\\/latamjournalismreview.org\\\/pt-br\\\/articles\\\/suspensao-do-whatsapp-por-um-dia-afeta-jornalistas-e-meios-de-comunicacao-no-brasil\\\/#breadcrumb\"},\"inLanguage\":\"pt-BR\",\"potentialAction\":[{\"@type\":\"ReadAction\",\"target\":[\"https:\\\/\\\/latamjournalismreview.org\\\/pt-br\\\/articles\\\/suspensao-do-whatsapp-por-um-dia-afeta-jornalistas-e-meios-de-comunicacao-no-brasil\\\/\"]}]},{\"@type\":\"BreadcrumbList\",\"@id\":\"https:\\\/\\\/latamjournalismreview.org\\\/pt-br\\\/articles\\\/suspensao-do-whatsapp-por-um-dia-afeta-jornalistas-e-meios-de-comunicacao-no-brasil\\\/#breadcrumb\",\"itemListElement\":[{\"@type\":\"ListItem\",\"position\":1,\"name\":\"Home\",\"item\":\"https:\\\/\\\/latamjournalismreview.org\\\/pt-br\\\/\"},{\"@type\":\"ListItem\",\"position\":2,\"name\":\"Suspens\u00e3o do WhatsApp por um dia afeta jornalistas e meios de comunica\u00e7\u00e3o no Brasil\"}]},{\"@type\":\"WebSite\",\"@id\":\"https:\\\/\\\/latamjournalismreview.org\\\/pt-br\\\/#website\",\"url\":\"https:\\\/\\\/latamjournalismreview.org\\\/pt-br\\\/\",\"name\":\"LatAm Journalism Review\",\"description\":\"Digital magazine on journalism in Latin America\",\"publisher\":{\"@id\":\"https:\\\/\\\/latamjournalismreview.org\\\/pt-br\\\/#organization\"},\"potentialAction\":[{\"@type\":\"SearchAction\",\"target\":{\"@type\":\"EntryPoint\",\"urlTemplate\":\"https:\\\/\\\/latamjournalismreview.org\\\/pt-br\\\/?s={search_term_string}\"},\"query-input\":{\"@type\":\"PropertyValueSpecification\",\"valueRequired\":true,\"valueName\":\"search_term_string\"}}],\"inLanguage\":\"pt-BR\"},{\"@type\":\"Organization\",\"@id\":\"https:\\\/\\\/latamjournalismreview.org\\\/pt-br\\\/#organization\",\"name\":\"LatAm Journalism Review\",\"url\":\"https:\\\/\\\/latamjournalismreview.org\\\/pt-br\\\/\",\"logo\":{\"@type\":\"ImageObject\",\"inLanguage\":\"pt-BR\",\"@id\":\"https:\\\/\\\/latamjournalismreview.org\\\/pt-br\\\/#\\\/schema\\\/logo\\\/image\\\/\",\"url\":\"https:\\\/\\\/latamjournalismreview.org\\\/wp-content\\\/uploads\\\/2020\\\/05\\\/knight-latAm-review-logo.svg\",\"contentUrl\":\"https:\\\/\\\/latamjournalismreview.org\\\/wp-content\\\/uploads\\\/2020\\\/05\\\/knight-latAm-review-logo.svg\",\"width\":\"1024\",\"height\":\"1024\",\"caption\":\"LatAm Journalism Review\"},\"image\":{\"@id\":\"https:\\\/\\\/latamjournalismreview.org\\\/pt-br\\\/#\\\/schema\\\/logo\\\/image\\\/\"},\"sameAs\":[\"https:\\\/\\\/x.com\\\/LatAmJournalism\"]},{\"@type\":\"Person\",\"@id\":\"https:\\\/\\\/latamjournalismreview.org\\\/pt-br\\\/#\\\/schema\\\/person\\\/eac7baa6afada0957e047be9fc15703a\",\"name\":\"Silvia Higuera\",\"description\":\"Silvia A. Higuera Fl\u00f3rez is a Colombian journalist interested in covering Latin American issues and human rights, especially the right to freedom of expression, and investigative journalism. She studied Social Communication and Journalism at Universidad Pontificia Bolivariana in Bucaramanga (Colombia), and received her Master's of Arts in Journalism from the University of Texas at Austin in 2015. She worked with the Office of the Special Rapporteur for Freedom of Expression of the Inter-American Commission on Human Rights (IACHR) under the Orlando Sierra fellowship during 2014. She also worked for the Colombian newspaper Vanguardia Liberal and wrote for different magazines about local, economic and public order issues. Her work has also appeared in The Miami Herald and El Nuevo Herald of Miami. Email: silvia.knightcenter@gmail.com Silvia A. Higuera Fl\u00f3rez es una periodista colombiana con inter\u00e9s period\u00edstico es Am\u00e9rica Latina y los derechos humanos, particularmente el derecho a la libertad de expresi\u00f3n, as\u00ed como el periodismo de investigaci\u00f3n. Estudi\u00f3 Comunicaci\u00f3n Social \u2013 Periodismo en la Universidad Pontificia Bolivariana de Bucaramanga (Colombia), y recibi\u00f3 su maestr\u00eda en Periodismo en la Universidad de Texas, en Austin en 2015. Trabaj\u00f3 para la Relator\u00eda Especial para la Libertad de Expresi\u00f3n de la Comisi\u00f3n Interamericana de Derechos Humanos (CIDH) en el marco de la beca Orlando Sierra, durante 2014. Tambi\u00e9n hizo parte del diario Vanguardia Liberal y escribi\u00f3 para otras revistas colombianas cubriendo fuentes locales, econ\u00f3micas y judiciales. Algunos de sus trabajos han aparecido en The Miami Herald y El Nuevo Herald de Miami. Silvia A. Higuera Fl\u00f3rez \u00e9 uma jornalista colombiana e seu interesse jornal\u00edstico \u00e9 a Am\u00e9rica Latina e os direitos humanos, nomeadamente o direito \u00e0 liberdade de express\u00e3o. Estudou Comunica\u00e7\u00e3o Social \u2013 Jornalismo na Universidade Pontif\u00edcia Bolivariana de Bucaramanga, na Col\u00f4mbia e completou seu mestrado em jornalismo na Universidade do Texas em Austin. Silvia trabalhou na Relatoria para a Liberdade de Express\u00e3o da CIDH pela bolsa Orlando Sierra, em 2014. Trabalhou para o jornal Vanguardia Liberal e escreveu para outras revistas colombianas cobrindo temas locais, econ\u00f4micas e judici\u00e1rias. Alguns de seus trabalhos apareceram no The Miami Herald e no El Nuevo Herald de Miami.\",\"sameAs\":[\"https:\\\/\\\/x.com\\\/shiguerita\"],\"url\":\"https:\\\/\\\/latamjournalismreview.org\\\/pt-br\\\/articles\\\/author\\\/silvia-higuera\\\/\"}]}<\/script>\n<!-- \/ Yoast SEO Premium plugin. -->","yoast_head_json":{"title":"Suspens\u00e3o do WhatsApp por um dia afeta jornalistas e meios de comunica\u00e7\u00e3o no Brasil - LatAm Journalism Review by the Knight Center","description":"Suspens\u00e3o do WhatsApp por um dia afeta jornalistas e meios de comunica\u00e7\u00e3o no Brasil Acesso a informa\u00e7\u00e3o. Latin American Journalism Review by The Knight Center at The University of Texas at Austin.","robots":{"index":"index","follow":"follow","max-snippet":"max-snippet:-1","max-image-preview":"max-image-preview:large","max-video-preview":"max-video-preview:-1"},"canonical":"https:\/\/latamjournalismreview.org\/pt-br\/articles\/suspensao-do-whatsapp-por-um-dia-afeta-jornalistas-e-meios-de-comunicacao-no-brasil\/","og_locale":"pt_BR","og_type":"article","og_title":"Suspens\u00e3o do WhatsApp por um dia afeta jornalistas e meios de comunica\u00e7\u00e3o no Brasil","og_description":"Suspens\u00e3o do WhatsApp por um dia afeta jornalistas e meios de comunica\u00e7\u00e3o no Brasil Acesso a informa\u00e7\u00e3o. Latin American Journalism Review by The Knight Center at The University of Texas at Austin.","og_url":"https:\/\/latamjournalismreview.org\/pt-br\/articles\/suspensao-do-whatsapp-por-um-dia-afeta-jornalistas-e-meios-de-comunicacao-no-brasil\/","og_site_name":"LatAm Journalism Review by the Knight Center","article_published_time":"2016-05-03T16:29:28+00:00","article_modified_time":"2021-12-03T16:31:04+00:00","author":"Silvia Higuera","twitter_card":"summary_large_image","twitter_creator":"@shiguerita","twitter_site":"@LatAmJournalism","twitter_misc":{"Written by":"Silvia Higuera","Est. reading time":"3 minutos"},"schema":{"@context":"https:\/\/schema.org","@graph":[{"@type":"Article","@id":"https:\/\/latamjournalismreview.org\/pt-br\/articles\/suspensao-do-whatsapp-por-um-dia-afeta-jornalistas-e-meios-de-comunicacao-no-brasil\/#article","isPartOf":{"@id":"https:\/\/latamjournalismreview.org\/pt-br\/articles\/suspensao-do-whatsapp-por-um-dia-afeta-jornalistas-e-meios-de-comunicacao-no-brasil\/"},"author":{"name":"Silvia Higuera","@id":"https:\/\/latamjournalismreview.org\/pt-br\/#\/schema\/person\/eac7baa6afada0957e047be9fc15703a"},"headline":"Suspens\u00e3o do WhatsApp por um dia afeta jornalistas e meios de comunica\u00e7\u00e3o no Brasil","datePublished":"2016-05-03T16:29:28+00:00","dateModified":"2021-12-03T16:31:04+00:00","mainEntityOfPage":{"@id":"https:\/\/latamjournalismreview.org\/pt-br\/articles\/suspensao-do-whatsapp-por-um-dia-afeta-jornalistas-e-meios-de-comunicacao-no-brasil\/"},"wordCount":686,"publisher":{"@id":"https:\/\/latamjournalismreview.org\/pt-br\/#organization"},"keywords":["Casos judiciais","M\u00eddias sociais"],"articleSection":["Acesso a informa\u00e7\u00e3o"],"inLanguage":"pt-BR"},{"@type":"WebPage","@id":"https:\/\/latamjournalismreview.org\/pt-br\/articles\/suspensao-do-whatsapp-por-um-dia-afeta-jornalistas-e-meios-de-comunicacao-no-brasil\/","url":"https:\/\/latamjournalismreview.org\/pt-br\/articles\/suspensao-do-whatsapp-por-um-dia-afeta-jornalistas-e-meios-de-comunicacao-no-brasil\/","name":"Suspens\u00e3o do WhatsApp por um dia afeta jornalistas e meios de comunica\u00e7\u00e3o no Brasil - LatAm Journalism Review by the Knight Center","isPartOf":{"@id":"https:\/\/latamjournalismreview.org\/pt-br\/#website"},"datePublished":"2016-05-03T16:29:28+00:00","dateModified":"2021-12-03T16:31:04+00:00","description":"Suspens\u00e3o do WhatsApp por um dia afeta jornalistas e meios de comunica\u00e7\u00e3o no Brasil Acesso a informa\u00e7\u00e3o. Latin American Journalism Review by The Knight Center at The University of Texas at Austin.","breadcrumb":{"@id":"https:\/\/latamjournalismreview.org\/pt-br\/articles\/suspensao-do-whatsapp-por-um-dia-afeta-jornalistas-e-meios-de-comunicacao-no-brasil\/#breadcrumb"},"inLanguage":"pt-BR","potentialAction":[{"@type":"ReadAction","target":["https:\/\/latamjournalismreview.org\/pt-br\/articles\/suspensao-do-whatsapp-por-um-dia-afeta-jornalistas-e-meios-de-comunicacao-no-brasil\/"]}]},{"@type":"BreadcrumbList","@id":"https:\/\/latamjournalismreview.org\/pt-br\/articles\/suspensao-do-whatsapp-por-um-dia-afeta-jornalistas-e-meios-de-comunicacao-no-brasil\/#breadcrumb","itemListElement":[{"@type":"ListItem","position":1,"name":"Home","item":"https:\/\/latamjournalismreview.org\/pt-br\/"},{"@type":"ListItem","position":2,"name":"Suspens\u00e3o do WhatsApp por um dia afeta jornalistas e meios de comunica\u00e7\u00e3o no Brasil"}]},{"@type":"WebSite","@id":"https:\/\/latamjournalismreview.org\/pt-br\/#website","url":"https:\/\/latamjournalismreview.org\/pt-br\/","name":"LatAm Journalism Review","description":"Digital magazine on journalism in Latin America","publisher":{"@id":"https:\/\/latamjournalismreview.org\/pt-br\/#organization"},"potentialAction":[{"@type":"SearchAction","target":{"@type":"EntryPoint","urlTemplate":"https:\/\/latamjournalismreview.org\/pt-br\/?s={search_term_string}"},"query-input":{"@type":"PropertyValueSpecification","valueRequired":true,"valueName":"search_term_string"}}],"inLanguage":"pt-BR"},{"@type":"Organization","@id":"https:\/\/latamjournalismreview.org\/pt-br\/#organization","name":"LatAm Journalism Review","url":"https:\/\/latamjournalismreview.org\/pt-br\/","logo":{"@type":"ImageObject","inLanguage":"pt-BR","@id":"https:\/\/latamjournalismreview.org\/pt-br\/#\/schema\/logo\/image\/","url":"https:\/\/latamjournalismreview.org\/wp-content\/uploads\/2020\/05\/knight-latAm-review-logo.svg","contentUrl":"https:\/\/latamjournalismreview.org\/wp-content\/uploads\/2020\/05\/knight-latAm-review-logo.svg","width":"1024","height":"1024","caption":"LatAm Journalism Review"},"image":{"@id":"https:\/\/latamjournalismreview.org\/pt-br\/#\/schema\/logo\/image\/"},"sameAs":["https:\/\/x.com\/LatAmJournalism"]},{"@type":"Person","@id":"https:\/\/latamjournalismreview.org\/pt-br\/#\/schema\/person\/eac7baa6afada0957e047be9fc15703a","name":"Silvia Higuera","description":"Silvia A. Higuera Fl\u00f3rez is a Colombian journalist interested in covering Latin American issues and human rights, especially the right to freedom of expression, and investigative journalism. She studied Social Communication and Journalism at Universidad Pontificia Bolivariana in Bucaramanga (Colombia), and received her Master's of Arts in Journalism from the University of Texas at Austin in 2015. She worked with the Office of the Special Rapporteur for Freedom of Expression of the Inter-American Commission on Human Rights (IACHR) under the Orlando Sierra fellowship during 2014. She also worked for the Colombian newspaper Vanguardia Liberal and wrote for different magazines about local, economic and public order issues. Her work has also appeared in The Miami Herald and El Nuevo Herald of Miami. Email: silvia.knightcenter@gmail.com Silvia A. Higuera Fl\u00f3rez es una periodista colombiana con inter\u00e9s period\u00edstico es Am\u00e9rica Latina y los derechos humanos, particularmente el derecho a la libertad de expresi\u00f3n, as\u00ed como el periodismo de investigaci\u00f3n. Estudi\u00f3 Comunicaci\u00f3n Social \u2013 Periodismo en la Universidad Pontificia Bolivariana de Bucaramanga (Colombia), y recibi\u00f3 su maestr\u00eda en Periodismo en la Universidad de Texas, en Austin en 2015. Trabaj\u00f3 para la Relator\u00eda Especial para la Libertad de Expresi\u00f3n de la Comisi\u00f3n Interamericana de Derechos Humanos (CIDH) en el marco de la beca Orlando Sierra, durante 2014. Tambi\u00e9n hizo parte del diario Vanguardia Liberal y escribi\u00f3 para otras revistas colombianas cubriendo fuentes locales, econ\u00f3micas y judiciales. Algunos de sus trabajos han aparecido en The Miami Herald y El Nuevo Herald de Miami. Silvia A. Higuera Fl\u00f3rez \u00e9 uma jornalista colombiana e seu interesse jornal\u00edstico \u00e9 a Am\u00e9rica Latina e os direitos humanos, nomeadamente o direito \u00e0 liberdade de express\u00e3o. Estudou Comunica\u00e7\u00e3o Social \u2013 Jornalismo na Universidade Pontif\u00edcia Bolivariana de Bucaramanga, na Col\u00f4mbia e completou seu mestrado em jornalismo na Universidade do Texas em Austin. Silvia trabalhou na Relatoria para a Liberdade de Express\u00e3o da CIDH pela bolsa Orlando Sierra, em 2014. Trabalhou para o jornal Vanguardia Liberal e escreveu para outras revistas colombianas cobrindo temas locais, econ\u00f4micas e judici\u00e1rias. Alguns de seus trabalhos apareceram no The Miami Herald e no El Nuevo Herald de Miami.","sameAs":["https:\/\/x.com\/shiguerita"],"url":"https:\/\/latamjournalismreview.org\/pt-br\/articles\/author\/silvia-higuera\/"}]}},"_links":{"self":[{"href":"https:\/\/latamjournalismreview.org\/pt-br\/wp-json\/wp\/v2\/posts\/44084","targetHints":{"allow":["GET"]}}],"collection":[{"href":"https:\/\/latamjournalismreview.org\/pt-br\/wp-json\/wp\/v2\/posts"}],"about":[{"href":"https:\/\/latamjournalismreview.org\/pt-br\/wp-json\/wp\/v2\/types\/post"}],"author":[{"embeddable":true,"href":"https:\/\/latamjournalismreview.org\/pt-br\/wp-json\/wp\/v2\/users\/13"}],"replies":[{"embeddable":true,"href":"https:\/\/latamjournalismreview.org\/pt-br\/wp-json\/wp\/v2\/comments?post=44084"}],"version-history":[{"count":1,"href":"https:\/\/latamjournalismreview.org\/pt-br\/wp-json\/wp\/v2\/posts\/44084\/revisions"}],"predecessor-version":[{"id":44085,"href":"https:\/\/latamjournalismreview.org\/pt-br\/wp-json\/wp\/v2\/posts\/44084\/revisions\/44085"}],"wp:attachment":[{"href":"https:\/\/latamjournalismreview.org\/pt-br\/wp-json\/wp\/v2\/media?parent=44084"}],"wp:term":[{"taxonomy":"category","embeddable":true,"href":"https:\/\/latamjournalismreview.org\/pt-br\/wp-json\/wp\/v2\/categories?post=44084"},{"taxonomy":"post_tag","embeddable":true,"href":"https:\/\/latamjournalismreview.org\/pt-br\/wp-json\/wp\/v2\/tags?post=44084"},{"taxonomy":"author","embeddable":true,"href":"https:\/\/latamjournalismreview.org\/pt-br\/wp-json\/wp\/v2\/coauthors?post=44084"}],"curies":[{"name":"wp","href":"https:\/\/api.w.org\/{rel}","templated":true}]}}