{"id":44330,"date":"2016-06-03T17:12:56","date_gmt":"2016-06-03T22:12:56","guid":{"rendered":"https:\/\/latamjournalismreview.org\/?p=44330"},"modified":"2021-12-06T17:13:32","modified_gmt":"2021-12-06T22:13:32","slug":"supremo-tribunal-federal-determina-retorno-de-ricardo-melo-ao-comando-da-empresa-brasileira-de-comunicacao","status":"publish","type":"post","link":"https:\/\/latamjournalismreview.org\/pt-br\/articles\/supremo-tribunal-federal-determina-retorno-de-ricardo-melo-ao-comando-da-empresa-brasileira-de-comunicacao\/","title":{"rendered":"Supremo Tribunal Federal determina retorno de Ricardo Melo ao comando da Empresa Brasileira de Comunica\u00e7\u00e3o"},"content":{"rendered":"<p>O jornalista Ricardo Melo ser\u00e1 reconduzido ao cargo de diretor-presidente da\u00a0<a href=\"http:\/\/www.ebc.com.br\/\">Empresa Brasileira de Comunica\u00e7\u00e3o (EBC)<\/a>, duas semanas ap\u00f3s ter sido removido pelo presidente interino Michel Temer. Na quinta-feira, 2 de junho, o ministro do Supremo Tribunal Federal (STF) Dias Toffoli deferiu liminar garantindo o retorno de Melo \u00e0 fun\u00e7\u00e3o.<\/p>\n<p>Ao mencionar a legisla\u00e7\u00e3o que estabelece diretrizes para os servi\u00e7os de radiodifus\u00e3o p\u00fablica, Toffoli ressaltou que o trabalho desenvolvido pela EBC constitui \u201cverdadeiro servi\u00e7o p\u00fablico essencial\u201d, e afirmou que deve ser assegurada autonomia ao corpo diretivo da EBC.<\/p>\n<p>\u201cH\u00e1 n\u00edtido intuito legislativo de assegurar autonomia \u00e0 gest\u00e3o da Diretoria Executiva da EBC, inclusive ao seu Diretor-Presidente\u201d, afirmou Toffoli em sua decis\u00e3o. Segundo o ministro, a destitui\u00e7\u00e3o do cargo n\u00e3o poderia ocorrer por \u201clivre decis\u00e3o da Presid\u00eancia da Rep\u00fablica\u201d.<\/p>\n<p>O jornalista, que havia sido\u00a0<a href=\"http:\/\/www.valor.com.br\/politica\/4547315\/dilma-nomeia-ricardo-melo-para-presidencia-da-ebc\">nomeado pela ent\u00e3o presidente Dilma Rousseff no dia 3 de maio<\/a>\u00a0para um mandato de quatro anos,\u00a0<a href=\"http:\/\/g1.globo.com\/politica\/noticia\/2016\/05\/temer-exonera-presidente-da-ebc-que-tinha-mandato-ate-maio-de-2020.html\">foi exonerado pelo presidente interino Michel Temer no dia 17 do mesmo m\u00eas<\/a>, permancendo menos de duas semanas no cargo.<\/p>\n<p><a href=\"https:\/\/knightcenter.utexas.edu\/pt-br\/blog\/00-17143-apos-exoneracao-do-presidente-da-ebc-funcionarios-denunciam-tentativa-de-controle-da-p\">A exonera\u00e7\u00e3o provocou protestos no dia 20 de maio<\/a>, quando funcion\u00e1rios da EBC e entidades jornal\u00edsticas realizaram um ato para denunciar o que\u00a0consideram ser\u00a0medidas de censura impostas pelo governo interino.<\/p>\n<p>A recente decis\u00e3o de\u00a0Toffoli\u00a0<a href=\"http:\/\/www.ebc.com.br\/institucional\/conselho-curador\/noticias\/2016\/06\/nata-publica-sobre-decisao-do-stf-a-favor-do-mandato-de-ricardo\">foi elogiada pelo Conselho Curador da EBC<\/a>.<\/p>\n<p>\u201cNeste momento de intranquilidade do pa\u00eds, o direito da sociedade a um sistema de comunica\u00e7\u0101o p\u00fablica protegido contra interven\u00e7\u00f5es indevidas de governo e livre das imposi\u00e7\u00f5es do mercado deve ser assegurado\u201d, afirmou o Conselho em comunicado.<\/p>\n<p><em>Nota do editor: Essa hist\u00f3ria foi publicada originalmente no blog de jornalismo nas Am\u00e9ricas do Centro Knight, o predecessor do LatAm Journalism Review.<\/em><\/p>\n","protected":false},"excerpt":{"rendered":"<p>O jornalista Ricardo Melo ser\u00e1 reconduzido ao cargo de diretor-presidente da\u00a0Empresa Brasileira de Comunica\u00e7\u00e3o (EBC), duas semanas ap\u00f3s ter sido removido pelo presidente interino Michel Temer. Na quinta-feira, 2 de junho, o ministro do Supremo Tribunal Federal (STF) Dias Toffoli deferiu liminar garantindo o retorno de Melo \u00e0 fun\u00e7\u00e3o.<\/p>\n","protected":false},"author":21,"featured_media":0,"comment_status":"closed","ping_status":"closed","sticky":false,"template":"","format":"standard","meta":{"inline_featured_image":false,"footnotes":""},"categories":[1667],"tags":[],"coauthors":[],"class_list":["post-44330","post","type-post","status-publish","format-standard","hentry","category-mercado-de-trabalho"],"acf":[],"yoast_head":"<!-- This site is optimized with the Yoast SEO Premium plugin v22.6 (Yoast SEO v27.4) - https:\/\/yoast.com\/product\/yoast-seo-premium-wordpress\/ -->\n<title>Supremo Tribunal Federal determina retorno de Ricardo Melo ao comando da Empresa Brasileira de Comunica\u00e7\u00e3o - LatAm Journalism Review by the Knight Center<\/title>\n<meta name=\"description\" content=\"Supremo Tribunal Federal determina retorno de Ricardo Melo ao comando da Empresa Brasileira de Comunica\u00e7\u00e3o Mercado de trabalho. Latin American Journalism Review by The Knight Center at The University of Texas at Austin.\" \/>\n<meta name=\"robots\" content=\"index, follow, max-snippet:-1, max-image-preview:large, max-video-preview:-1\" \/>\n<link rel=\"canonical\" href=\"https:\/\/latamjournalismreview.org\/pt-br\/articles\/supremo-tribunal-federal-determina-retorno-de-ricardo-melo-ao-comando-da-empresa-brasileira-de-comunicacao\/\" \/>\n<meta property=\"og:locale\" content=\"pt_BR\" \/>\n<meta property=\"og:type\" content=\"article\" \/>\n<meta property=\"og:title\" content=\"Supremo Tribunal Federal determina retorno de Ricardo Melo ao comando da Empresa Brasileira de Comunica\u00e7\u00e3o\" \/>\n<meta property=\"og:description\" content=\"Supremo Tribunal Federal determina retorno de Ricardo Melo ao comando da Empresa Brasileira de Comunica\u00e7\u00e3o Mercado de trabalho. Latin American Journalism Review by The Knight Center at The University of Texas at Austin.\" \/>\n<meta property=\"og:url\" content=\"https:\/\/latamjournalismreview.org\/pt-br\/articles\/supremo-tribunal-federal-determina-retorno-de-ricardo-melo-ao-comando-da-empresa-brasileira-de-comunicacao\/\" \/>\n<meta property=\"og:site_name\" content=\"LatAm Journalism Review by the Knight Center\" \/>\n<meta property=\"article:published_time\" content=\"2016-06-03T22:12:56+00:00\" \/>\n<meta property=\"article:modified_time\" content=\"2021-12-06T22:13:32+00:00\" \/>\n<meta name=\"author\" content=\"Heloisa Aruth Sturm\" \/>\n<meta name=\"twitter:card\" content=\"summary_large_image\" \/>\n<meta name=\"twitter:creator\" content=\"@LatAmJournalism\" \/>\n<meta name=\"twitter:site\" content=\"@LatAmJournalism\" \/>\n<meta name=\"twitter:label1\" content=\"Written by\" \/>\n\t<meta name=\"twitter:data1\" content=\"Heloisa Aruth Sturm\" \/>\n\t<meta name=\"twitter:label2\" content=\"Est. reading time\" \/>\n\t<meta name=\"twitter:data2\" content=\"1 minuto\" \/>\n<script type=\"application\/ld+json\" class=\"yoast-schema-graph\">{\"@context\":\"https:\\\/\\\/schema.org\",\"@graph\":[{\"@type\":\"Article\",\"@id\":\"https:\\\/\\\/latamjournalismreview.org\\\/pt-br\\\/articles\\\/supremo-tribunal-federal-determina-retorno-de-ricardo-melo-ao-comando-da-empresa-brasileira-de-comunicacao\\\/#article\",\"isPartOf\":{\"@id\":\"https:\\\/\\\/latamjournalismreview.org\\\/pt-br\\\/articles\\\/supremo-tribunal-federal-determina-retorno-de-ricardo-melo-ao-comando-da-empresa-brasileira-de-comunicacao\\\/\"},\"author\":{\"name\":\"Heloisa Aruth Sturm\",\"@id\":\"https:\\\/\\\/latamjournalismreview.org\\\/pt-br\\\/#\\\/schema\\\/person\\\/37b61137d7c4a85074bb827f369bf381\"},\"headline\":\"Supremo Tribunal Federal determina retorno de Ricardo Melo ao comando da Empresa Brasileira de Comunica\u00e7\u00e3o\",\"datePublished\":\"2016-06-03T22:12:56+00:00\",\"dateModified\":\"2021-12-06T22:13:32+00:00\",\"mainEntityOfPage\":{\"@id\":\"https:\\\/\\\/latamjournalismreview.org\\\/pt-br\\\/articles\\\/supremo-tribunal-federal-determina-retorno-de-ricardo-melo-ao-comando-da-empresa-brasileira-de-comunicacao\\\/\"},\"wordCount\":313,\"publisher\":{\"@id\":\"https:\\\/\\\/latamjournalismreview.org\\\/pt-br\\\/#organization\"},\"articleSection\":[\"Mercado de trabalho\"],\"inLanguage\":\"pt-BR\"},{\"@type\":\"WebPage\",\"@id\":\"https:\\\/\\\/latamjournalismreview.org\\\/pt-br\\\/articles\\\/supremo-tribunal-federal-determina-retorno-de-ricardo-melo-ao-comando-da-empresa-brasileira-de-comunicacao\\\/\",\"url\":\"https:\\\/\\\/latamjournalismreview.org\\\/pt-br\\\/articles\\\/supremo-tribunal-federal-determina-retorno-de-ricardo-melo-ao-comando-da-empresa-brasileira-de-comunicacao\\\/\",\"name\":\"Supremo Tribunal Federal determina retorno de Ricardo Melo ao comando da Empresa Brasileira de Comunica\u00e7\u00e3o - LatAm Journalism Review by the Knight Center\",\"isPartOf\":{\"@id\":\"https:\\\/\\\/latamjournalismreview.org\\\/pt-br\\\/#website\"},\"datePublished\":\"2016-06-03T22:12:56+00:00\",\"dateModified\":\"2021-12-06T22:13:32+00:00\",\"description\":\"Supremo Tribunal Federal determina retorno de Ricardo Melo ao comando da Empresa Brasileira de Comunica\u00e7\u00e3o Mercado de trabalho. Latin American Journalism Review by The Knight Center at The University of Texas at Austin.\",\"breadcrumb\":{\"@id\":\"https:\\\/\\\/latamjournalismreview.org\\\/pt-br\\\/articles\\\/supremo-tribunal-federal-determina-retorno-de-ricardo-melo-ao-comando-da-empresa-brasileira-de-comunicacao\\\/#breadcrumb\"},\"inLanguage\":\"pt-BR\",\"potentialAction\":[{\"@type\":\"ReadAction\",\"target\":[\"https:\\\/\\\/latamjournalismreview.org\\\/pt-br\\\/articles\\\/supremo-tribunal-federal-determina-retorno-de-ricardo-melo-ao-comando-da-empresa-brasileira-de-comunicacao\\\/\"]}]},{\"@type\":\"BreadcrumbList\",\"@id\":\"https:\\\/\\\/latamjournalismreview.org\\\/pt-br\\\/articles\\\/supremo-tribunal-federal-determina-retorno-de-ricardo-melo-ao-comando-da-empresa-brasileira-de-comunicacao\\\/#breadcrumb\",\"itemListElement\":[{\"@type\":\"ListItem\",\"position\":1,\"name\":\"Home\",\"item\":\"https:\\\/\\\/latamjournalismreview.org\\\/pt-br\\\/\"},{\"@type\":\"ListItem\",\"position\":2,\"name\":\"Supremo Tribunal Federal determina retorno de Ricardo Melo ao comando da Empresa Brasileira de Comunica\u00e7\u00e3o\"}]},{\"@type\":\"WebSite\",\"@id\":\"https:\\\/\\\/latamjournalismreview.org\\\/pt-br\\\/#website\",\"url\":\"https:\\\/\\\/latamjournalismreview.org\\\/pt-br\\\/\",\"name\":\"LatAm Journalism Review\",\"description\":\"Digital magazine on journalism in Latin America\",\"publisher\":{\"@id\":\"https:\\\/\\\/latamjournalismreview.org\\\/pt-br\\\/#organization\"},\"potentialAction\":[{\"@type\":\"SearchAction\",\"target\":{\"@type\":\"EntryPoint\",\"urlTemplate\":\"https:\\\/\\\/latamjournalismreview.org\\\/pt-br\\\/?s={search_term_string}\"},\"query-input\":{\"@type\":\"PropertyValueSpecification\",\"valueRequired\":true,\"valueName\":\"search_term_string\"}}],\"inLanguage\":\"pt-BR\"},{\"@type\":\"Organization\",\"@id\":\"https:\\\/\\\/latamjournalismreview.org\\\/pt-br\\\/#organization\",\"name\":\"LatAm Journalism Review\",\"url\":\"https:\\\/\\\/latamjournalismreview.org\\\/pt-br\\\/\",\"logo\":{\"@type\":\"ImageObject\",\"inLanguage\":\"pt-BR\",\"@id\":\"https:\\\/\\\/latamjournalismreview.org\\\/pt-br\\\/#\\\/schema\\\/logo\\\/image\\\/\",\"url\":\"https:\\\/\\\/latamjournalismreview.org\\\/wp-content\\\/uploads\\\/2020\\\/05\\\/knight-latAm-review-logo.svg\",\"contentUrl\":\"https:\\\/\\\/latamjournalismreview.org\\\/wp-content\\\/uploads\\\/2020\\\/05\\\/knight-latAm-review-logo.svg\",\"width\":\"1024\",\"height\":\"1024\",\"caption\":\"LatAm Journalism Review\"},\"image\":{\"@id\":\"https:\\\/\\\/latamjournalismreview.org\\\/pt-br\\\/#\\\/schema\\\/logo\\\/image\\\/\"},\"sameAs\":[\"https:\\\/\\\/x.com\\\/LatAmJournalism\"]},{\"@type\":\"Person\",\"@id\":\"https:\\\/\\\/latamjournalismreview.org\\\/pt-br\\\/#\\\/schema\\\/person\\\/37b61137d7c4a85074bb827f369bf381\",\"name\":\"Heloisa Aruth Sturm\",\"url\":\"https:\\\/\\\/latamjournalismreview.org\\\/pt-br\\\/articles\\\/author\\\/heloisa-aruth-sturm\\\/\"}]}<\/script>\n<!-- \/ Yoast SEO Premium plugin. -->","yoast_head_json":{"title":"Supremo Tribunal Federal determina retorno de Ricardo Melo ao comando da Empresa Brasileira de Comunica\u00e7\u00e3o - LatAm Journalism Review by the Knight Center","description":"Supremo Tribunal Federal determina retorno de Ricardo Melo ao comando da Empresa Brasileira de Comunica\u00e7\u00e3o Mercado de trabalho. Latin American Journalism Review by The Knight Center at The University of Texas at Austin.","robots":{"index":"index","follow":"follow","max-snippet":"max-snippet:-1","max-image-preview":"max-image-preview:large","max-video-preview":"max-video-preview:-1"},"canonical":"https:\/\/latamjournalismreview.org\/pt-br\/articles\/supremo-tribunal-federal-determina-retorno-de-ricardo-melo-ao-comando-da-empresa-brasileira-de-comunicacao\/","og_locale":"pt_BR","og_type":"article","og_title":"Supremo Tribunal Federal determina retorno de Ricardo Melo ao comando da Empresa Brasileira de Comunica\u00e7\u00e3o","og_description":"Supremo Tribunal Federal determina retorno de Ricardo Melo ao comando da Empresa Brasileira de Comunica\u00e7\u00e3o Mercado de trabalho. Latin American Journalism Review by The Knight Center at The University of Texas at Austin.","og_url":"https:\/\/latamjournalismreview.org\/pt-br\/articles\/supremo-tribunal-federal-determina-retorno-de-ricardo-melo-ao-comando-da-empresa-brasileira-de-comunicacao\/","og_site_name":"LatAm Journalism Review by the Knight Center","article_published_time":"2016-06-03T22:12:56+00:00","article_modified_time":"2021-12-06T22:13:32+00:00","author":"Heloisa Aruth Sturm","twitter_card":"summary_large_image","twitter_creator":"@LatAmJournalism","twitter_site":"@LatAmJournalism","twitter_misc":{"Written by":"Heloisa Aruth Sturm","Est. reading time":"1 minuto"},"schema":{"@context":"https:\/\/schema.org","@graph":[{"@type":"Article","@id":"https:\/\/latamjournalismreview.org\/pt-br\/articles\/supremo-tribunal-federal-determina-retorno-de-ricardo-melo-ao-comando-da-empresa-brasileira-de-comunicacao\/#article","isPartOf":{"@id":"https:\/\/latamjournalismreview.org\/pt-br\/articles\/supremo-tribunal-federal-determina-retorno-de-ricardo-melo-ao-comando-da-empresa-brasileira-de-comunicacao\/"},"author":{"name":"Heloisa Aruth Sturm","@id":"https:\/\/latamjournalismreview.org\/pt-br\/#\/schema\/person\/37b61137d7c4a85074bb827f369bf381"},"headline":"Supremo Tribunal Federal determina retorno de Ricardo Melo ao comando da Empresa Brasileira de Comunica\u00e7\u00e3o","datePublished":"2016-06-03T22:12:56+00:00","dateModified":"2021-12-06T22:13:32+00:00","mainEntityOfPage":{"@id":"https:\/\/latamjournalismreview.org\/pt-br\/articles\/supremo-tribunal-federal-determina-retorno-de-ricardo-melo-ao-comando-da-empresa-brasileira-de-comunicacao\/"},"wordCount":313,"publisher":{"@id":"https:\/\/latamjournalismreview.org\/pt-br\/#organization"},"articleSection":["Mercado de trabalho"],"inLanguage":"pt-BR"},{"@type":"WebPage","@id":"https:\/\/latamjournalismreview.org\/pt-br\/articles\/supremo-tribunal-federal-determina-retorno-de-ricardo-melo-ao-comando-da-empresa-brasileira-de-comunicacao\/","url":"https:\/\/latamjournalismreview.org\/pt-br\/articles\/supremo-tribunal-federal-determina-retorno-de-ricardo-melo-ao-comando-da-empresa-brasileira-de-comunicacao\/","name":"Supremo Tribunal Federal determina retorno de Ricardo Melo ao comando da Empresa Brasileira de Comunica\u00e7\u00e3o - LatAm Journalism Review by the Knight Center","isPartOf":{"@id":"https:\/\/latamjournalismreview.org\/pt-br\/#website"},"datePublished":"2016-06-03T22:12:56+00:00","dateModified":"2021-12-06T22:13:32+00:00","description":"Supremo Tribunal Federal determina retorno de Ricardo Melo ao comando da Empresa Brasileira de Comunica\u00e7\u00e3o Mercado de trabalho. Latin American Journalism Review by The Knight Center at The University of Texas at Austin.","breadcrumb":{"@id":"https:\/\/latamjournalismreview.org\/pt-br\/articles\/supremo-tribunal-federal-determina-retorno-de-ricardo-melo-ao-comando-da-empresa-brasileira-de-comunicacao\/#breadcrumb"},"inLanguage":"pt-BR","potentialAction":[{"@type":"ReadAction","target":["https:\/\/latamjournalismreview.org\/pt-br\/articles\/supremo-tribunal-federal-determina-retorno-de-ricardo-melo-ao-comando-da-empresa-brasileira-de-comunicacao\/"]}]},{"@type":"BreadcrumbList","@id":"https:\/\/latamjournalismreview.org\/pt-br\/articles\/supremo-tribunal-federal-determina-retorno-de-ricardo-melo-ao-comando-da-empresa-brasileira-de-comunicacao\/#breadcrumb","itemListElement":[{"@type":"ListItem","position":1,"name":"Home","item":"https:\/\/latamjournalismreview.org\/pt-br\/"},{"@type":"ListItem","position":2,"name":"Supremo Tribunal Federal determina retorno de Ricardo Melo ao comando da Empresa Brasileira de Comunica\u00e7\u00e3o"}]},{"@type":"WebSite","@id":"https:\/\/latamjournalismreview.org\/pt-br\/#website","url":"https:\/\/latamjournalismreview.org\/pt-br\/","name":"LatAm Journalism Review","description":"Digital magazine on journalism in Latin America","publisher":{"@id":"https:\/\/latamjournalismreview.org\/pt-br\/#organization"},"potentialAction":[{"@type":"SearchAction","target":{"@type":"EntryPoint","urlTemplate":"https:\/\/latamjournalismreview.org\/pt-br\/?s={search_term_string}"},"query-input":{"@type":"PropertyValueSpecification","valueRequired":true,"valueName":"search_term_string"}}],"inLanguage":"pt-BR"},{"@type":"Organization","@id":"https:\/\/latamjournalismreview.org\/pt-br\/#organization","name":"LatAm Journalism Review","url":"https:\/\/latamjournalismreview.org\/pt-br\/","logo":{"@type":"ImageObject","inLanguage":"pt-BR","@id":"https:\/\/latamjournalismreview.org\/pt-br\/#\/schema\/logo\/image\/","url":"https:\/\/latamjournalismreview.org\/wp-content\/uploads\/2020\/05\/knight-latAm-review-logo.svg","contentUrl":"https:\/\/latamjournalismreview.org\/wp-content\/uploads\/2020\/05\/knight-latAm-review-logo.svg","width":"1024","height":"1024","caption":"LatAm Journalism Review"},"image":{"@id":"https:\/\/latamjournalismreview.org\/pt-br\/#\/schema\/logo\/image\/"},"sameAs":["https:\/\/x.com\/LatAmJournalism"]},{"@type":"Person","@id":"https:\/\/latamjournalismreview.org\/pt-br\/#\/schema\/person\/37b61137d7c4a85074bb827f369bf381","name":"Heloisa Aruth Sturm","url":"https:\/\/latamjournalismreview.org\/pt-br\/articles\/author\/heloisa-aruth-sturm\/"}]}},"_links":{"self":[{"href":"https:\/\/latamjournalismreview.org\/pt-br\/wp-json\/wp\/v2\/posts\/44330","targetHints":{"allow":["GET"]}}],"collection":[{"href":"https:\/\/latamjournalismreview.org\/pt-br\/wp-json\/wp\/v2\/posts"}],"about":[{"href":"https:\/\/latamjournalismreview.org\/pt-br\/wp-json\/wp\/v2\/types\/post"}],"author":[{"embeddable":true,"href":"https:\/\/latamjournalismreview.org\/pt-br\/wp-json\/wp\/v2\/users\/21"}],"replies":[{"embeddable":true,"href":"https:\/\/latamjournalismreview.org\/pt-br\/wp-json\/wp\/v2\/comments?post=44330"}],"version-history":[{"count":1,"href":"https:\/\/latamjournalismreview.org\/pt-br\/wp-json\/wp\/v2\/posts\/44330\/revisions"}],"predecessor-version":[{"id":44331,"href":"https:\/\/latamjournalismreview.org\/pt-br\/wp-json\/wp\/v2\/posts\/44330\/revisions\/44331"}],"wp:attachment":[{"href":"https:\/\/latamjournalismreview.org\/pt-br\/wp-json\/wp\/v2\/media?parent=44330"}],"wp:term":[{"taxonomy":"category","embeddable":true,"href":"https:\/\/latamjournalismreview.org\/pt-br\/wp-json\/wp\/v2\/categories?post=44330"},{"taxonomy":"post_tag","embeddable":true,"href":"https:\/\/latamjournalismreview.org\/pt-br\/wp-json\/wp\/v2\/tags?post=44330"},{"taxonomy":"author","embeddable":true,"href":"https:\/\/latamjournalismreview.org\/pt-br\/wp-json\/wp\/v2\/coauthors?post=44330"}],"curies":[{"name":"wp","href":"https:\/\/api.w.org\/{rel}","templated":true}]}}