{"id":44514,"date":"2016-07-07T09:42:43","date_gmt":"2016-07-07T14:42:43","guid":{"rendered":"https:\/\/latamjournalismreview.org\/?p=44514"},"modified":"2021-12-07T09:43:50","modified_gmt":"2021-12-07T14:43:50","slug":"jornalistas-peruanos-sao-denunciados-criminalmente-pelo-governo-por-supostamente-revelar-segredos-de-estado","status":"publish","type":"post","link":"https:\/\/latamjournalismreview.org\/pt-br\/articles\/jornalistas-peruanos-sao-denunciados-criminalmente-pelo-governo-por-supostamente-revelar-segredos-de-estado\/","title":{"rendered":"Jornalistas peruanos s\u00e3o denunciados criminalmente pelo governo por supostamente revelar segredos de Estado"},"content":{"rendered":"<p>A equipe de reportagem do\u00a0<a href=\"http:\/\/utero.pe\/2016\/06\/28\/por-que-han-denunciado-por-traicion-a-la-patria-a-panorama\/\">notici\u00e1rio dominical Panorama foi indiciada criminalmente pelo ministro de Defesa peruano<\/a>\u00a0Jakke Valakivi ap\u00f3s divulgar uma reportagem mostrando documentos oficiais secretos que evidenciariam suposto desvio de recursos do Servi\u00e7o de Intelig\u00eancia do Ex\u00e9rcito. Os jornalistas podem sofrer\u00a0<a href=\"http:\/\/www.ifj.org\/nc\/es\/news-single-view\/backpid\/1\/article\/peru-tres-periodistas-denunciados-por-el-gobierno-por-acusarle-de-corrupcion\/\">pena de at\u00e9 15 anos de pris\u00e3o<\/a>\u00a0pelo crime de trai\u00e7\u00e3o \u00e0 p\u00e1tria.<\/p>\n<p>De acordo com o blog da jornalista Karina Novoa, que estava no comando da reportagem em quest\u00e3o, a den\u00fancia do governo \u00e9 por \"crimes contra o Estado e a Defesa Nacional,\u00a0<a href=\"http:\/\/karinanovoa.blogspot.pe\/2016\/07\/denunciados-por-denunciar.html\">atentados contra a seguran\u00e7a e trai\u00e7\u00e3o \u00e0 p\u00e1tria<\/a>, na forma agravada de revela\u00e7\u00e3o de segredos nacionais\u201d.<\/p>\n<p>O\u00a0<a href=\"http:\/\/panamericana.pe\/panorama\/politica\/204387-inteligencia-fantasma-irregularidades-manejo-fondos-vraem\">trabalho jornal\u00edstico<\/a>, divulgado em 17 de abril de 2016, revela uma presta\u00e7\u00e3o de contas irregular referente a despesas do setor de intelig\u00eancia do Ex\u00e9rcito peruano durante o m\u00eas de Setembro de 2015, realizadas na conturbada regi\u00e3o do Vale dos rios Apur\u00edmac, Ene e Mantaro (Vraem). Nesta \u00e1rea convergem a\u00e7\u00f5es de tr\u00e1fico de drogas e terrorismo, como as do grupo\u00a0<a href=\"http:\/\/elcomercio.pe\/peru\/vraem\/terrorista-abatido-se-encargaba-acciones-militares-sl-noticia-1903166\">Sendero Luminoso<\/a>.\u200b<\/p>\n<p>\"<a href=\"https:\/\/knightcenter.utexas.edu\/es\/blog\/informe%20period%C3%ADstico\">Parceiros fantasmas, faturas inchadas, despesas injustificadas<\/a>\u00a0e defici\u00eancias do setor de intelig\u00eancia\" no interior do Comando especial do Vraem \u00e9 o que denuncia a reportagem, que segundo o ministro Valakivi revela planos de intelig\u00eancia.<\/p>\n<p>Segundo Novoa, a reportagem consultou um documento aut\u00eantico, original, numerado (204 p\u00e1ginas sobre a gest\u00e3o dos recursos no Vraem durante o m\u00eas de setembro de 2015), com carimbos e assinaturas de aprova\u00e7\u00e3o do alto comando do Vraem.<\/p>\n<p>A reportagem foi publicada poucos dias depois de uma\u00a0<a href=\"http:\/\/peru21.pe\/actualidad\/junin-emboscada-terrorista-patrulla-militar-habria-dejado-al-menos-muerto-2243417\">emboscada terrorista no Vraem<\/a>, que matou 10 pessoas, sendo oito deles soldados.<\/p>\n<p>O documento que registra estes dados \u00e9 classificado como segredo de Estado. No entanto, o General C\u00e9sar Astudillo Salcedo, Inspetor Geral do Ex\u00e9rcito peruano, \u00e9 entrevistado pela reportagem na sede oficial militar conhecida como El Pentagonito, e responde diante das c\u00e2meras \u00e0s perguntas da rep\u00f3rter sobre as supostas irregularidades nos gastos identificados no documento secreto.\u200b<\/p>\n<p>De acordo com o jornal\u00a0<em>La Rep\u00fablica<\/em>, Rosana Cueva, diretora jornal\u00edstico do programa Panorama, transmitido pela Panamericana TV, canal 5 de televis\u00e3o de sinal aberto, declarou que\u00a0<a href=\"http:\/\/larepublica.pe\/impresa\/politica\/781634-el-premier-tiene-particular-animadversion-nosotros\">a reportagem n\u00e3o revela localiza\u00e7\u00e3o das bases, armamento ou planos<\/a>\u00a0[de intelig\u00eancia], mas sim uma suposta corrup\u00e7\u00e3o por parte de funcion\u00e1rios do Estado.<\/p>\n<p>\"Estamos tranquilos porque \u00e9 absurdo, juridicamente [a den\u00fancia] n\u00e3o deve continuar, mas iremos \u00e0s intima\u00e7\u00f5es. N\u00f3s n\u00e3o vamos correr\u201d, disse Cueva.\u200b<\/p>\n<p>O Instituto Imprensa e Sociedade (Ipys, da sigla em espanhol), a Sociedade Interamericana de Imprensa (SIP), o Conselho da Imprensa Peruana, IDL-Rep\u00f3rteres, entre outras organiza\u00e7\u00f5es em favor da liberdade de imprensa, argumentaram que a acusa\u00e7\u00e3o pretende amedontrar e intimidar a Panorama para\u00a0<a href=\"http:\/\/panamericana.pe\/panorama\/politica\/209125-denunciados-denunciar\">encobrir atos ilegais, escondendo-se por tr\u00e1s da figura do segredo de Estado<\/a>.\u200b<\/p>\n<p>Al\u00e9m disso, o secret\u00e1rio-geral da Federa\u00e7\u00e3o Internacional de Jornalistas (FIJ), Anthony Bellanger, disse que sua organiza\u00e7\u00e3o exige o \"pleno respeito ao direito constitucional de reserva de fontes de informa\u00e7\u00e3o\",\u00a0<a href=\"http:\/\/www.ifj.org\/nc\/es\/news-single-view\/backpid\/1\/article\/peru-tres-periodistas-denunciados-por-el-gobierno-por-acusarle-de-corrupcion\/\">fazendo um chamado \"\u00e0 sensatez\" ao titular de Defesa peruano<\/a>.\u200b<\/p>\n<p>\"Uma den\u00fancia desta envergadura n\u00e3o faz nada mais que macular uma gest\u00e3o de governo que poderia acabar levando jornalistas para a pris\u00e3o pelo simpes fato de realizarem seu trabalho\", disse Bellanger.<\/p>\n<p>A jornalista e advogada peruana Rosa Mar\u00eda Palacios disse em seu blog que o Minist\u00e9rio da Defesa estaria\u00a0<a href=\"http:\/\/rosamariapalacios.pe\/2016\/07\/05\/segunda-parte-de-una-carta-larga\/\">legalmente obrigado a realizar a den\u00fancia<\/a>\u00a0porque a reportagem da Panorama revelou documentos classificados.<\/p>\n<p>Se Valakivi e sua procuradoria n\u00e3o tivessem feito a reclama\u00e7\u00e3o, poderiam ter sido denunciados pelo Minist\u00e9rio P\u00fablico por \"omiss\u00e3o de den\u00fancia\", assegurou Palacios.<\/p>\n<p>Al\u00e9m disso, o ministro do Interior, Jos\u00e9 Luis P\u00e9rez Guadalupe, afirmou que Valakivi tinha a obriga\u00e7\u00e3o funcional de denunciar.<\/p>\n<p>\"<a href=\"http:\/\/larepublica.pe\/politica\/782330-perez-guadalupe-valakivi-debe-pensar-en-defender-la-labor-de-las-fuerzas-armadas\">\u00c9 uma quest\u00e3o puramente jur\u00eddica, legal<\/a>, e logicamente o ministro Jakke Valakivi tem que pensar em defender o trabalho das For\u00e7as Armadas\", declarou ao jornal\u00a0<em>La Rep\u00fablica<\/em>.<\/p>\n<p>No entanto, o ministro da Justi\u00e7a e Direitos Humanos, Aldo V\u00e1squez Rios, disse \u00e0\u00a0<em>La Rep\u00fablica<\/em>\u00a0que, neste caso,\u00a0<a href=\"http:\/\/larepublica.pe\/politica\/781211-ministro-de-justicia-se-pronuncia-sobre-denuncia-contra-periodistas-de-panorama\">deve-se ter em mente os valores da liberdade de express\u00e3o<\/a>. Para V\u00e1squez R\u00edos, \"os tribunais dever\u00e3o se pronunciar sobre a pertin\u00eancia ou n\u00e3o da den\u00fancia.\"\u200b<\/p>\n<p>Roberto Pereira, do Ipys, disse ao Panorama que\u00a0<a href=\"http:\/\/youtu.be\/nolUI7cCcTo\">o que est\u00e1 em risco neste caso s\u00e3o as regras que regem todo o sistema democr\u00e1tico<\/a>, comprometendo tamb\u00e9m o trabalho jornal\u00edstico e o direito \u00e0 informa\u00e7\u00e3o p\u00fablica.<\/p>\n<p>\"O tribunal constitucional tem dito em v\u00e1rias senten\u00e7as, n\u00e3o h\u00e1 qualquer informa\u00e7\u00e3o que esteja vinculada \u00e0 defesa, com atividades militares, que se qualifique como um segredo de Estado, ainda que tenham o selo de \u2018Segredo de Estado\u2019. O ministro da Defesa foi incapaz de dizer o que mudou [com a publica\u00e7\u00e3o desta reportagem] em termos de seguran\u00e7a nacional, porque n\u00e3o h\u00e1 fundamento\u201d, disse Pereira.<\/p>\n<p>Kela Le\u00f3n, do Conselho da Imprensa Peruana, em entrevista ao Panorama, disse que a reda\u00e7\u00e3o da den\u00fancia do Minist\u00e9rio da Defesa \u00e9 inaceit\u00e1vel, sendo um perigoso retrocesso \u00e0 cultura do segredo.<\/p>\n<p>\"<a href=\"http:\/\/karinanovoa.blogspot.pe\/2016\/07\/denunciados-por-denunciar.html\">A sustenta\u00e7\u00e3o da den\u00fancia n\u00e3o concorda nem com o estabelecido na Constitui\u00e7\u00e3o, nem na legisla\u00e7\u00e3o vigente<\/a>\u00a0em rela\u00e7\u00e3o \u00e0 divulga\u00e7\u00e3o de segredos de Estado ou de seguran\u00e7a nacional\", disse.<\/p>\n<p>O presidente da Comiss\u00e3o de Liberdade de Imprensa da SIP, Claudio Paolillo, disse ao Panorama que n\u00e3o h\u00e1 a menor d\u00favida de que esta reportagem seja de interesse p\u00fablico.\u00a0\u201cMe parece que isso se enquadra na cultura do segredismo, que \u00e9 uma outra hist\u00f3ria, e que afeta a Am\u00e9rica Latina como um todo. Os governantes dos nossos pa\u00edses, infelizmente, acreditam que quando assumem o poder, n\u00e3o t\u00eam que prestar contas\u201d.<\/p>\n<p>A Federa\u00e7\u00e3o de Jornalistas do Peru e a Funda\u00e7\u00e3o \u00c9tica Jornal\u00edstica convocaram diversas entidades e o p\u00fablico em geral para\u00a0<a href=\"http:\/\/www.clasesdeperiodismo.com\/2016\/07\/04\/peru-marcharan-en-respaldo-a-periodistas-de-panorama-y-amenazas-del-gobierno\/\">marchar nesta quinta-feira, 7 de julho, em protesto \u00e0 den\u00fancia<\/a>\u00a0do governo contra os jornalistas da questionada reportagem do Panorama.<\/p>\n<p>A marcha tem o objetivo de chegar \u00e0 sede do Minist\u00e9rio P\u00fablico.<\/p>\n<p><em>Nota do editor: Essa hist\u00f3ria foi publicada originalmente no blog de jornalismo nas Am\u00e9ricas do Centro Knight, o predecessor do LatAm Journalism Review.<\/em><\/p>\n","protected":false},"excerpt":{"rendered":"<p>A equipe de reportagem do\u00a0notici\u00e1rio dominical Panorama foi indiciada criminalmente pelo ministro de Defesa peruano\u00a0Jakke Valakivi ap\u00f3s divulgar uma reportagem mostrando documentos oficiais secretos que evidenciariam suposto desvio de recursos do Servi\u00e7o de Intelig\u00eancia do Ex\u00e9rcito. Os jornalistas podem sofrer\u00a0pena de at\u00e9 15 anos de pris\u00e3o\u00a0pelo crime de trai\u00e7\u00e3o \u00e0 p\u00e1tria.<\/p>\n","protected":false},"author":4,"featured_media":0,"comment_status":"closed","ping_status":"closed","sticky":false,"template":"","format":"standard","meta":{"inline_featured_image":false,"footnotes":""},"categories":[1228],"tags":[1613,2050,2051,1597],"coauthors":[],"class_list":["post-44514","post","type-post","status-publish","format-standard","hentry","category-acesso-a-informacao-pt-br","tag-ameacas-a-jornalistas-pt-br","tag-censura-pt-br","tag-liberdade-de-expressao-pt-br","tag-peru-pt-br"],"acf":[],"yoast_head":"<!-- This site is optimized with the Yoast SEO Premium plugin v22.6 (Yoast SEO v27.4) - https:\/\/yoast.com\/product\/yoast-seo-premium-wordpress\/ -->\n<title>Jornalistas peruanos s\u00e3o denunciados criminalmente pelo governo por supostamente revelar segredos de Estado - LatAm Journalism Review by the Knight Center<\/title>\n<meta name=\"description\" content=\"Jornalistas peruanos s\u00e3o denunciados criminalmente pelo governo por supostamente revelar segredos de Estado Acesso a informa\u00e7\u00e3o. Latin American Journalism Review by The Knight Center at The University of Texas at Austin.\" \/>\n<meta name=\"robots\" content=\"index, follow, max-snippet:-1, max-image-preview:large, max-video-preview:-1\" \/>\n<link rel=\"canonical\" href=\"https:\/\/latamjournalismreview.org\/pt-br\/articles\/jornalistas-peruanos-sao-denunciados-criminalmente-pelo-governo-por-supostamente-revelar-segredos-de-estado\/\" \/>\n<meta property=\"og:locale\" content=\"pt_BR\" \/>\n<meta property=\"og:type\" content=\"article\" \/>\n<meta property=\"og:title\" content=\"Jornalistas peruanos s\u00e3o denunciados criminalmente pelo governo por supostamente revelar segredos de Estado\" \/>\n<meta property=\"og:description\" content=\"Jornalistas peruanos s\u00e3o denunciados criminalmente pelo governo por supostamente revelar segredos de Estado Acesso a informa\u00e7\u00e3o. Latin American Journalism Review by The Knight Center at The University of Texas at Austin.\" \/>\n<meta property=\"og:url\" content=\"https:\/\/latamjournalismreview.org\/pt-br\/articles\/jornalistas-peruanos-sao-denunciados-criminalmente-pelo-governo-por-supostamente-revelar-segredos-de-estado\/\" \/>\n<meta property=\"og:site_name\" content=\"LatAm Journalism Review by the Knight Center\" \/>\n<meta property=\"article:published_time\" content=\"2016-07-07T14:42:43+00:00\" \/>\n<meta property=\"article:modified_time\" content=\"2021-12-07T14:43:50+00:00\" \/>\n<meta name=\"author\" content=\"Paola Nalvarte\" \/>\n<meta name=\"twitter:card\" content=\"summary_large_image\" \/>\n<meta name=\"twitter:creator\" content=\"@paolanalvarte\" \/>\n<meta name=\"twitter:site\" content=\"@LatAmJournalism\" \/>\n<meta name=\"twitter:label1\" content=\"Written by\" \/>\n\t<meta name=\"twitter:data1\" content=\"Paola Nalvarte\" \/>\n\t<meta name=\"twitter:label2\" content=\"Est. reading time\" \/>\n\t<meta name=\"twitter:data2\" content=\"5 minutos\" \/>\n<script type=\"application\/ld+json\" class=\"yoast-schema-graph\">{\"@context\":\"https:\\\/\\\/schema.org\",\"@graph\":[{\"@type\":\"Article\",\"@id\":\"https:\\\/\\\/latamjournalismreview.org\\\/pt-br\\\/articles\\\/jornalistas-peruanos-sao-denunciados-criminalmente-pelo-governo-por-supostamente-revelar-segredos-de-estado\\\/#article\",\"isPartOf\":{\"@id\":\"https:\\\/\\\/latamjournalismreview.org\\\/pt-br\\\/articles\\\/jornalistas-peruanos-sao-denunciados-criminalmente-pelo-governo-por-supostamente-revelar-segredos-de-estado\\\/\"},\"author\":{\"name\":\"Paola Nalvarte\",\"@id\":\"https:\\\/\\\/latamjournalismreview.org\\\/pt-br\\\/#\\\/schema\\\/person\\\/d0b9fa850ef1b6f56bb445e52f29f63f\"},\"headline\":\"Jornalistas peruanos s\u00e3o denunciados criminalmente pelo governo por supostamente revelar segredos de Estado\",\"datePublished\":\"2016-07-07T14:42:43+00:00\",\"dateModified\":\"2021-12-07T14:43:50+00:00\",\"mainEntityOfPage\":{\"@id\":\"https:\\\/\\\/latamjournalismreview.org\\\/pt-br\\\/articles\\\/jornalistas-peruanos-sao-denunciados-criminalmente-pelo-governo-por-supostamente-revelar-segredos-de-estado\\\/\"},\"wordCount\":1073,\"publisher\":{\"@id\":\"https:\\\/\\\/latamjournalismreview.org\\\/pt-br\\\/#organization\"},\"keywords\":[\"Amea\u00e7as a jornalistas\",\"Censura\",\"Liberdade de express\u00e3o\",\"Peru\"],\"articleSection\":[\"Acesso a informa\u00e7\u00e3o\"],\"inLanguage\":\"pt-BR\"},{\"@type\":\"WebPage\",\"@id\":\"https:\\\/\\\/latamjournalismreview.org\\\/pt-br\\\/articles\\\/jornalistas-peruanos-sao-denunciados-criminalmente-pelo-governo-por-supostamente-revelar-segredos-de-estado\\\/\",\"url\":\"https:\\\/\\\/latamjournalismreview.org\\\/pt-br\\\/articles\\\/jornalistas-peruanos-sao-denunciados-criminalmente-pelo-governo-por-supostamente-revelar-segredos-de-estado\\\/\",\"name\":\"Jornalistas peruanos s\u00e3o denunciados criminalmente pelo governo por supostamente revelar segredos de Estado - LatAm Journalism Review by the Knight Center\",\"isPartOf\":{\"@id\":\"https:\\\/\\\/latamjournalismreview.org\\\/pt-br\\\/#website\"},\"datePublished\":\"2016-07-07T14:42:43+00:00\",\"dateModified\":\"2021-12-07T14:43:50+00:00\",\"description\":\"Jornalistas peruanos s\u00e3o denunciados criminalmente pelo governo por supostamente revelar segredos de Estado Acesso a informa\u00e7\u00e3o. Latin American Journalism Review by The Knight Center at The University of Texas at Austin.\",\"breadcrumb\":{\"@id\":\"https:\\\/\\\/latamjournalismreview.org\\\/pt-br\\\/articles\\\/jornalistas-peruanos-sao-denunciados-criminalmente-pelo-governo-por-supostamente-revelar-segredos-de-estado\\\/#breadcrumb\"},\"inLanguage\":\"pt-BR\",\"potentialAction\":[{\"@type\":\"ReadAction\",\"target\":[\"https:\\\/\\\/latamjournalismreview.org\\\/pt-br\\\/articles\\\/jornalistas-peruanos-sao-denunciados-criminalmente-pelo-governo-por-supostamente-revelar-segredos-de-estado\\\/\"]}]},{\"@type\":\"BreadcrumbList\",\"@id\":\"https:\\\/\\\/latamjournalismreview.org\\\/pt-br\\\/articles\\\/jornalistas-peruanos-sao-denunciados-criminalmente-pelo-governo-por-supostamente-revelar-segredos-de-estado\\\/#breadcrumb\",\"itemListElement\":[{\"@type\":\"ListItem\",\"position\":1,\"name\":\"Home\",\"item\":\"https:\\\/\\\/latamjournalismreview.org\\\/pt-br\\\/\"},{\"@type\":\"ListItem\",\"position\":2,\"name\":\"Jornalistas peruanos s\u00e3o denunciados criminalmente pelo governo por supostamente revelar segredos de Estado\"}]},{\"@type\":\"WebSite\",\"@id\":\"https:\\\/\\\/latamjournalismreview.org\\\/pt-br\\\/#website\",\"url\":\"https:\\\/\\\/latamjournalismreview.org\\\/pt-br\\\/\",\"name\":\"LatAm Journalism Review\",\"description\":\"Digital magazine on journalism in Latin America\",\"publisher\":{\"@id\":\"https:\\\/\\\/latamjournalismreview.org\\\/pt-br\\\/#organization\"},\"potentialAction\":[{\"@type\":\"SearchAction\",\"target\":{\"@type\":\"EntryPoint\",\"urlTemplate\":\"https:\\\/\\\/latamjournalismreview.org\\\/pt-br\\\/?s={search_term_string}\"},\"query-input\":{\"@type\":\"PropertyValueSpecification\",\"valueRequired\":true,\"valueName\":\"search_term_string\"}}],\"inLanguage\":\"pt-BR\"},{\"@type\":\"Organization\",\"@id\":\"https:\\\/\\\/latamjournalismreview.org\\\/pt-br\\\/#organization\",\"name\":\"LatAm Journalism Review\",\"url\":\"https:\\\/\\\/latamjournalismreview.org\\\/pt-br\\\/\",\"logo\":{\"@type\":\"ImageObject\",\"inLanguage\":\"pt-BR\",\"@id\":\"https:\\\/\\\/latamjournalismreview.org\\\/pt-br\\\/#\\\/schema\\\/logo\\\/image\\\/\",\"url\":\"https:\\\/\\\/latamjournalismreview.org\\\/wp-content\\\/uploads\\\/2020\\\/05\\\/knight-latAm-review-logo.svg\",\"contentUrl\":\"https:\\\/\\\/latamjournalismreview.org\\\/wp-content\\\/uploads\\\/2020\\\/05\\\/knight-latAm-review-logo.svg\",\"width\":\"1024\",\"height\":\"1024\",\"caption\":\"LatAm Journalism Review\"},\"image\":{\"@id\":\"https:\\\/\\\/latamjournalismreview.org\\\/pt-br\\\/#\\\/schema\\\/logo\\\/image\\\/\"},\"sameAs\":[\"https:\\\/\\\/x.com\\\/LatAmJournalism\"]},{\"@type\":\"Person\",\"@id\":\"https:\\\/\\\/latamjournalismreview.org\\\/pt-br\\\/#\\\/schema\\\/person\\\/d0b9fa850ef1b6f56bb445e52f29f63f\",\"name\":\"Paola Nalvarte\",\"description\":\"Paola Nalvarte is a Peruvian journalist and documentary photographer living in Austin, Texas. She focuses on covering and writing about the Andes region. In Peru, Paola worked in the Lima office of the Italian news agency ANSA, on the economic news desk of the daily Expreso, and for ten years she has been working on different editorial projects doing picture editing and research for one of the oldest Spanish-language papers in the world, the Peruvian newspaper El Comercio. She also enjoyed writing for the newspaper weekly magazine Somos. Paola Nalvarte es una periodista y fot\u00f3grafa documental peruana que vive en Austin, Texas. El foco de inter\u00e9s de su cobertura noticiosa es la regi\u00f3n andina. En Per\u00fa, Paola trabaj\u00f3 en la oficina de Lima de la agencia italiana de noticias ANSA, en la secci\u00f3n de econom\u00eda del diario Expreso y por diez a\u00f1os hizo investigaci\u00f3n fotogr\u00e1fica y edici\u00f3n de fotograf\u00eda editorial en el diario decano de la prensa peruana, El Comercio. Tambi\u00e9n escribi\u00f3 para Somos, la revista semanal del mismo diario\u200b, art\u00edculos sobre medio ambiente y cultura. Paola Nalvarte \u00e9 uma jornalista peruana e fot\u00f3grafa documentarista que vive em Austin, Texas. O foco de interesse da sua cobertura jornal\u00edstica \u00e9 a regi\u00e3o andina. No Peru, Paola trabalhou no escrit\u00f3rio de Lima da ag\u00eancia de not\u00edcias italiana ANSA, na se\u00e7\u00e3o de economia do jornal Expreso e, por dez anos, fez pesquisa fotogr\u00e1fica e edi\u00e7\u00e3o de fotografia editorial para um dos jornais em espanhol mais antigos do mundo, o jornal peruano El Comercio. Ela tamb\u00e9m escreveu artigos de meio ambiente e cultura para a Somos, a revista semanal do mesmo jornal.\",\"sameAs\":[\"https:\\\/\\\/x.com\\\/paolanalvarte\"],\"url\":\"https:\\\/\\\/latamjournalismreview.org\\\/pt-br\\\/articles\\\/author\\\/paola-nalvarte\\\/\"}]}<\/script>\n<!-- \/ Yoast SEO Premium plugin. -->","yoast_head_json":{"title":"Jornalistas peruanos s\u00e3o denunciados criminalmente pelo governo por supostamente revelar segredos de Estado - LatAm Journalism Review by the Knight Center","description":"Jornalistas peruanos s\u00e3o denunciados criminalmente pelo governo por supostamente revelar segredos de Estado Acesso a informa\u00e7\u00e3o. Latin American Journalism Review by The Knight Center at The University of Texas at Austin.","robots":{"index":"index","follow":"follow","max-snippet":"max-snippet:-1","max-image-preview":"max-image-preview:large","max-video-preview":"max-video-preview:-1"},"canonical":"https:\/\/latamjournalismreview.org\/pt-br\/articles\/jornalistas-peruanos-sao-denunciados-criminalmente-pelo-governo-por-supostamente-revelar-segredos-de-estado\/","og_locale":"pt_BR","og_type":"article","og_title":"Jornalistas peruanos s\u00e3o denunciados criminalmente pelo governo por supostamente revelar segredos de Estado","og_description":"Jornalistas peruanos s\u00e3o denunciados criminalmente pelo governo por supostamente revelar segredos de Estado Acesso a informa\u00e7\u00e3o. Latin American Journalism Review by The Knight Center at The University of Texas at Austin.","og_url":"https:\/\/latamjournalismreview.org\/pt-br\/articles\/jornalistas-peruanos-sao-denunciados-criminalmente-pelo-governo-por-supostamente-revelar-segredos-de-estado\/","og_site_name":"LatAm Journalism Review by the Knight Center","article_published_time":"2016-07-07T14:42:43+00:00","article_modified_time":"2021-12-07T14:43:50+00:00","author":"Paola Nalvarte","twitter_card":"summary_large_image","twitter_creator":"@paolanalvarte","twitter_site":"@LatAmJournalism","twitter_misc":{"Written by":"Paola Nalvarte","Est. reading time":"5 minutos"},"schema":{"@context":"https:\/\/schema.org","@graph":[{"@type":"Article","@id":"https:\/\/latamjournalismreview.org\/pt-br\/articles\/jornalistas-peruanos-sao-denunciados-criminalmente-pelo-governo-por-supostamente-revelar-segredos-de-estado\/#article","isPartOf":{"@id":"https:\/\/latamjournalismreview.org\/pt-br\/articles\/jornalistas-peruanos-sao-denunciados-criminalmente-pelo-governo-por-supostamente-revelar-segredos-de-estado\/"},"author":{"name":"Paola Nalvarte","@id":"https:\/\/latamjournalismreview.org\/pt-br\/#\/schema\/person\/d0b9fa850ef1b6f56bb445e52f29f63f"},"headline":"Jornalistas peruanos s\u00e3o denunciados criminalmente pelo governo por supostamente revelar segredos de Estado","datePublished":"2016-07-07T14:42:43+00:00","dateModified":"2021-12-07T14:43:50+00:00","mainEntityOfPage":{"@id":"https:\/\/latamjournalismreview.org\/pt-br\/articles\/jornalistas-peruanos-sao-denunciados-criminalmente-pelo-governo-por-supostamente-revelar-segredos-de-estado\/"},"wordCount":1073,"publisher":{"@id":"https:\/\/latamjournalismreview.org\/pt-br\/#organization"},"keywords":["Amea\u00e7as a jornalistas","Censura","Liberdade de express\u00e3o","Peru"],"articleSection":["Acesso a informa\u00e7\u00e3o"],"inLanguage":"pt-BR"},{"@type":"WebPage","@id":"https:\/\/latamjournalismreview.org\/pt-br\/articles\/jornalistas-peruanos-sao-denunciados-criminalmente-pelo-governo-por-supostamente-revelar-segredos-de-estado\/","url":"https:\/\/latamjournalismreview.org\/pt-br\/articles\/jornalistas-peruanos-sao-denunciados-criminalmente-pelo-governo-por-supostamente-revelar-segredos-de-estado\/","name":"Jornalistas peruanos s\u00e3o denunciados criminalmente pelo governo por supostamente revelar segredos de Estado - LatAm Journalism Review by the Knight Center","isPartOf":{"@id":"https:\/\/latamjournalismreview.org\/pt-br\/#website"},"datePublished":"2016-07-07T14:42:43+00:00","dateModified":"2021-12-07T14:43:50+00:00","description":"Jornalistas peruanos s\u00e3o denunciados criminalmente pelo governo por supostamente revelar segredos de Estado Acesso a informa\u00e7\u00e3o. Latin American Journalism Review by The Knight Center at The University of Texas at Austin.","breadcrumb":{"@id":"https:\/\/latamjournalismreview.org\/pt-br\/articles\/jornalistas-peruanos-sao-denunciados-criminalmente-pelo-governo-por-supostamente-revelar-segredos-de-estado\/#breadcrumb"},"inLanguage":"pt-BR","potentialAction":[{"@type":"ReadAction","target":["https:\/\/latamjournalismreview.org\/pt-br\/articles\/jornalistas-peruanos-sao-denunciados-criminalmente-pelo-governo-por-supostamente-revelar-segredos-de-estado\/"]}]},{"@type":"BreadcrumbList","@id":"https:\/\/latamjournalismreview.org\/pt-br\/articles\/jornalistas-peruanos-sao-denunciados-criminalmente-pelo-governo-por-supostamente-revelar-segredos-de-estado\/#breadcrumb","itemListElement":[{"@type":"ListItem","position":1,"name":"Home","item":"https:\/\/latamjournalismreview.org\/pt-br\/"},{"@type":"ListItem","position":2,"name":"Jornalistas peruanos s\u00e3o denunciados criminalmente pelo governo por supostamente revelar segredos de Estado"}]},{"@type":"WebSite","@id":"https:\/\/latamjournalismreview.org\/pt-br\/#website","url":"https:\/\/latamjournalismreview.org\/pt-br\/","name":"LatAm Journalism Review","description":"Digital magazine on journalism in Latin America","publisher":{"@id":"https:\/\/latamjournalismreview.org\/pt-br\/#organization"},"potentialAction":[{"@type":"SearchAction","target":{"@type":"EntryPoint","urlTemplate":"https:\/\/latamjournalismreview.org\/pt-br\/?s={search_term_string}"},"query-input":{"@type":"PropertyValueSpecification","valueRequired":true,"valueName":"search_term_string"}}],"inLanguage":"pt-BR"},{"@type":"Organization","@id":"https:\/\/latamjournalismreview.org\/pt-br\/#organization","name":"LatAm Journalism Review","url":"https:\/\/latamjournalismreview.org\/pt-br\/","logo":{"@type":"ImageObject","inLanguage":"pt-BR","@id":"https:\/\/latamjournalismreview.org\/pt-br\/#\/schema\/logo\/image\/","url":"https:\/\/latamjournalismreview.org\/wp-content\/uploads\/2020\/05\/knight-latAm-review-logo.svg","contentUrl":"https:\/\/latamjournalismreview.org\/wp-content\/uploads\/2020\/05\/knight-latAm-review-logo.svg","width":"1024","height":"1024","caption":"LatAm Journalism Review"},"image":{"@id":"https:\/\/latamjournalismreview.org\/pt-br\/#\/schema\/logo\/image\/"},"sameAs":["https:\/\/x.com\/LatAmJournalism"]},{"@type":"Person","@id":"https:\/\/latamjournalismreview.org\/pt-br\/#\/schema\/person\/d0b9fa850ef1b6f56bb445e52f29f63f","name":"Paola Nalvarte","description":"Paola Nalvarte is a Peruvian journalist and documentary photographer living in Austin, Texas. She focuses on covering and writing about the Andes region. In Peru, Paola worked in the Lima office of the Italian news agency ANSA, on the economic news desk of the daily Expreso, and for ten years she has been working on different editorial projects doing picture editing and research for one of the oldest Spanish-language papers in the world, the Peruvian newspaper El Comercio. She also enjoyed writing for the newspaper weekly magazine Somos. Paola Nalvarte es una periodista y fot\u00f3grafa documental peruana que vive en Austin, Texas. El foco de inter\u00e9s de su cobertura noticiosa es la regi\u00f3n andina. En Per\u00fa, Paola trabaj\u00f3 en la oficina de Lima de la agencia italiana de noticias ANSA, en la secci\u00f3n de econom\u00eda del diario Expreso y por diez a\u00f1os hizo investigaci\u00f3n fotogr\u00e1fica y edici\u00f3n de fotograf\u00eda editorial en el diario decano de la prensa peruana, El Comercio. Tambi\u00e9n escribi\u00f3 para Somos, la revista semanal del mismo diario\u200b, art\u00edculos sobre medio ambiente y cultura. Paola Nalvarte \u00e9 uma jornalista peruana e fot\u00f3grafa documentarista que vive em Austin, Texas. O foco de interesse da sua cobertura jornal\u00edstica \u00e9 a regi\u00e3o andina. No Peru, Paola trabalhou no escrit\u00f3rio de Lima da ag\u00eancia de not\u00edcias italiana ANSA, na se\u00e7\u00e3o de economia do jornal Expreso e, por dez anos, fez pesquisa fotogr\u00e1fica e edi\u00e7\u00e3o de fotografia editorial para um dos jornais em espanhol mais antigos do mundo, o jornal peruano El Comercio. Ela tamb\u00e9m escreveu artigos de meio ambiente e cultura para a Somos, a revista semanal do mesmo jornal.","sameAs":["https:\/\/x.com\/paolanalvarte"],"url":"https:\/\/latamjournalismreview.org\/pt-br\/articles\/author\/paola-nalvarte\/"}]}},"_links":{"self":[{"href":"https:\/\/latamjournalismreview.org\/pt-br\/wp-json\/wp\/v2\/posts\/44514","targetHints":{"allow":["GET"]}}],"collection":[{"href":"https:\/\/latamjournalismreview.org\/pt-br\/wp-json\/wp\/v2\/posts"}],"about":[{"href":"https:\/\/latamjournalismreview.org\/pt-br\/wp-json\/wp\/v2\/types\/post"}],"author":[{"embeddable":true,"href":"https:\/\/latamjournalismreview.org\/pt-br\/wp-json\/wp\/v2\/users\/4"}],"replies":[{"embeddable":true,"href":"https:\/\/latamjournalismreview.org\/pt-br\/wp-json\/wp\/v2\/comments?post=44514"}],"version-history":[{"count":1,"href":"https:\/\/latamjournalismreview.org\/pt-br\/wp-json\/wp\/v2\/posts\/44514\/revisions"}],"predecessor-version":[{"id":44516,"href":"https:\/\/latamjournalismreview.org\/pt-br\/wp-json\/wp\/v2\/posts\/44514\/revisions\/44516"}],"wp:attachment":[{"href":"https:\/\/latamjournalismreview.org\/pt-br\/wp-json\/wp\/v2\/media?parent=44514"}],"wp:term":[{"taxonomy":"category","embeddable":true,"href":"https:\/\/latamjournalismreview.org\/pt-br\/wp-json\/wp\/v2\/categories?post=44514"},{"taxonomy":"post_tag","embeddable":true,"href":"https:\/\/latamjournalismreview.org\/pt-br\/wp-json\/wp\/v2\/tags?post=44514"},{"taxonomy":"author","embeddable":true,"href":"https:\/\/latamjournalismreview.org\/pt-br\/wp-json\/wp\/v2\/coauthors?post=44514"}],"curies":[{"name":"wp","href":"https:\/\/api.w.org\/{rel}","templated":true}]}}