{"id":44630,"date":"2015-03-04T16:20:38","date_gmt":"2015-03-04T21:20:38","guid":{"rendered":"https:\/\/latamjournalismreview.org\/?p=44630"},"modified":"2021-12-08T14:47:38","modified_gmt":"2021-12-08T19:47:38","slug":"opiniao-sobre-homossexualidade-gera-demissao-de-colunista-colombiano","status":"publish","type":"post","link":"https:\/\/latamjournalismreview.org\/pt-br\/articles\/opiniao-sobre-homossexualidade-gera-demissao-de-colunista-colombiano\/","title":{"rendered":"Opini\u00e3o sobre homossexualidade gera demiss\u00e3o de colunista colombiano"},"content":{"rendered":"<p><em>Por Carola Guerrero De Le\u00f3n<\/em><\/p>\n<p>O dia\u00a017 de fevereiro\u00a0foi\u00a0como qualquer outro para <a href=\"https:\/\/twitter.com\/yohirakerman\" target=\"_blank\" rel=\"noopener\">Yohir Akerman<\/a>\u00a0at\u00e9 descobrir que havia sido\u00a0demitido\u00a0do cargo de\u00a0colunista do jornal\u00a0<a href=\"http:\/\/www.elcolombiano.com\/\">El Colombiano<\/a> depois de publicar um\u00a0artigo em que afirmava\u00a0que \u201cDeus estava equivocado\u201d ao\u00a0rejeitar a homossexualidade na\u00a0B\u00edblia.<\/p>\n<p>Akerman falou com o\u00a0<strong>Centro Knight para o\u00a0Jornalismo nas Am\u00e9ricas <\/strong>sobre as poss\u00edveis\u00a0raz\u00f5es desta decis\u00e3o, seu futuro nas p\u00e1ginas de jornais\u00a0colombianos e o impacto que sua demiss\u00e3o\u00a0teve\u00a0na\u00a0liberdade\u00a0de express\u00e3o no\u00a0pa\u00eds.<\/p>\n<p>Segundo Akerman, a ideia para sua coluna surgiu ao\u00a0ler\u00a0um\u00a0relat\u00f3rio\u00a0da\u00a0Universidade de <a href=\"http:\/\/www.elespectador.com\/noticias\/judicial\/los-homosexuales-son-unos-enfermos-sabana-articulo-543713\">La Sabana que classificava a homossexualidade como uma doen\u00e7a<\/a>. Ele\u00a0sentiu\u00a0a necessidade de refut\u00e1-lo.<\/p>\n<p>O relat\u00f3rio, feito pela Faculdade de Medicina da\u00a0universidade, destacou\u00a0que \u201chomossexuais e l\u00e9sbicas\u00a0merecem nosso\u00a0respeito como pessoas, mas\u00a0h\u00e1 que observar\u00a0que seu comportamento difere\u00a0do comum, o\u00a0que constitui\u00a0de alguma maneira uma enfermidade\u201d. A\u00a0<a href=\"http:\/\/www.eltiempo.com\/estilo-de-vida\/educacion\/universidad-de-la-sabana-se-retracta-sobre-homosexualidad-\/15246063\" target=\"_blank\" rel=\"noopener\">Universidade se retratou<\/a>\u00a0da referida afirma\u00e7\u00e3o.<\/p>\n<p>Insatisfeito pelo uso de evid\u00eancia cient\u00edfica no\u00a0estudo, Akerman escreveu\u00a0\u2018<a href=\"http:\/\/www.elcolombiano.com\/enfermos-*-YY1302661\">Enfermos<\/a>\u2019, a coluna que levou ao fim de sua\u00a0trajet\u00f3ria de seis anos de trabalho no\u00a0El Colombiano.<\/p>\n<p>Em sua coluna, Akerman escreveu\u00a0que \u201ca Universidade de La Sabana e a Corte Constitucional deveriam\u00a0ter claro que seguir definindo a homossexualidade como uma enfermidade, tratando\u00a0a comunidade LGBTI como anormais, baseando-se na palavra de Deus, \u00e9\u00a0t\u00e3o absurdo\u00a0como defender a escravid\u00e3o, castigar\u00a0at\u00e9 a morte\u00a0os filhos\u00a0ou pedir pedradas para mulheres que n\u00e3o sejam mas virgens antes do casamento\u201d. O\u00a0colunista apoiou\u00a0suas afirma\u00e7\u00f5es citando passagens da B\u00edblia.<\/p>\n<p>Akerman concluiu escrevendo que \u201ctodos esses conceitos est\u00e3o na\u00a0B\u00edblia e, como a hist\u00f3ria tem\u00a0demonstrado, nesses\u00a0temas, Deus\u00a0estava equivocado\u201d.<\/p>\n<p>No\u00a0final da coluna, El Colombiano publicou uma nota afirmando\u00a0que \"Enfermos\" seria o\u00a0\u00faltimo texto\u00a0de Akerman no\u00a0jornal. Foi\u00a0desta maneira que o\u00a0colunista soube que\u00a0havia sido demitido.<\/p>\n<p>\u201cEste jornal\u00a0promove o debate a partir do\u00a0respeito e da argumenta\u00e7\u00e3o. Consideramos que esta coluna se afasta\u00a0destes princ\u00edpios. Para o autor, n\u00e3o a publicar\u00a0implicaria sua sa\u00edda. Publicamos e aceitamos seu pedido de demiss\u00e3o\u201d, dizia\u00a0a nota.<\/p>\n<p>Akerman falou\u00a0por que\u00a0Enfermos foi a coluna que levou \u00e0 sua demiss\u00e3o\u00a0apesar dele j\u00e1 ter escrito\u00a0artigos similares.<\/p>\n<p>\u201cAlguns analistas simplesmente disseram\u00a0que \u2018Enfermos\u2019 foi a gota d'\u00e1gua\u201d, disse Akerman. \u201cMinhas colunas sobre religi\u00e3o,\u00a0e mais importante ainda, minhas an\u00e1lise sobre a\u00a0necessidade de uma separa\u00e7\u00e3o entre a Igreja\u00a0e o\u00a0Estado em\u00a0decisi\u00f5es jur\u00eddicas e pol\u00edticas na Col\u00f4mbia, vinham\u00a0incomodando o\u00a0El Colombiano h\u00e1 algum\u00a0tempo e\u00a0isso era not\u00f3rio\u201d.<\/p>\n<p>A tens\u00e3o entre o\u00a0pessoal\u00a0do\u00a0jornal, sobretudo entre Akerman e os propriet\u00e1rios, era de conhecimento p\u00fablico.<\/p>\n<p>Juan G\u00f3mez\u00a0Mart\u00ednez, ex-prefeito\u00a0de Medell\u00edn, ex-governador do estado\u00a0de Antioquia e membro de uma das fam\u00edlias donas\u00a0do El Colombiano,\u00a0escreveu\u00a0uma coluna afirmando\u00a0que a presen\u00e7a de Akerman no\u00a0peri\u00f3dico era inc\u00f4moda.<\/p>\n<p>\u201cAproveita\u00a0a reconhecida liberdade e independ\u00eancia que este jornal d\u00e1\u00a0a seus colaboradores para ir contra a\u00a0religi\u00e3o que EL COLOMBIANO defende\u201d, escreveu\u00a0G\u00f3mez Mart\u00ednez sobre Akerman.<\/p>\n<p>Ra\u00fal Tamayo; esposo de Pilar G\u00f3mez Mart\u00ednez, uma das donas\u00a0de El Colombiano,\u00a0tamb\u00e9m\u00a0escreveu\u00a0uma coluna dizendo\u00a0que as <a href=\"http:\/\/www.elcolombiano.com\/refritos-peligrosos-IA570684\">opini\u00f5es de Akerman eram\u00a0como \u201cuma barata\u00a0na\u00a0sopa<\/a>\u201d.<\/p>\n<p>\u201cUma parte da fam\u00edlia G\u00f3mez Mart\u00ednez j\u00e1\u00a0havia expressado que minha presen\u00e7a l\u00e1 era uma bomba-rel\u00f3gio\u00a0para eles\u201d, disse\u00a0Akerman. \u201cMas\u00a0a forma e as raz\u00f5es pelas quais\u00a0El Colombiano me demitiu\u00a0s\u00e3o o\u00a0que constitui\u00a0uma amea\u00e7a \u00e0\u00a0liberdade de imprensa\u201d.<\/p>\n<p>O colunista disse ao\u00a0Centro Knight que eventos como este continuam ocorrendo no\u00a0pa\u00eds apesar de toda a aten\u00e7\u00e3o nacional que existe sobre conceitos t\u00e3o importantes como a liberdade de express\u00e3o. Akerman disse\u00a0que o medo de\u00a0perder o trabalho \u00e9 a\u00a0raz\u00e3o pela qual muitos\u00a0jornalistas e colunistas colombianos acabam\u00a0praticando a autocensura.<\/p>\n<p>\u201cMas\u00a0tamb\u00e9m conhe\u00e7o\u00a0muitos m\u00e1s que n\u00e3o t\u00eam\u00a0medo de\u00a0dizer\u00a0o que pensam. \u00c9 preciso deixar de lado o medo de opinar de forma\u00a0diferente, de\u00a0fazer perguntas que incomodem\u00a0ou, inclusive, de que nos ataquem fisicamente\u201d, assegurou Akerman. \u201cInfelizmente, nem\u00a0todos perdem o medo\u201d.<\/p>\n<p>Pouco tempo depois\u00a0da \u2018ren\u00fancia'\u00a0de Akerman, <a href=\"https:\/\/twitter.com\/yohirakerman\">usu\u00e1rios de Twitter<\/a> expressaram\u00a0solidaridade ao\u00a0colunista e condenaram a decis\u00e3o, classificando-a\u00a0como um ataque \u00e0\u00a0liberdade de imprensa na Col\u00f4mbia.<\/p>\n<p>Gustavo Petro, prefeito\u00a0de Bogot\u00e1 e promotor ativo dos direitos\u00a0da comunidade homossexual, qualificou\u00a0<a href=\"https:\/\/twitter.com\/petrogustavo\/status\/567693154686889984\">o epis\u00f3dio\u00a0como um ato de \u201cfascismo\u201d<\/a>. Por outro lado, o escritor sat\u00edrico\u00a0Daniel Samper Ospina disse\u00a0que a decis\u00e3o\u00a0de demitir\u00a0Akerman prova que \u201c<a href=\"https:\/\/twitter.com\/DanielSamperO\/status\/567674970273509377\">El Colombiano n\u00e3o \u00e9 um peri\u00f3dico<\/a>, mas uma coisinha de seus donos\".<\/p>\n<p>De acordo com Buenos Aires Herald, na Col\u00f4mbia \u00e9\u00a0normal\u00a0que as <a href=\"http:\/\/www.buenosairesherald.com\/article\/182381\/losing-a-job-over-gay-rights\">principais publica\u00e7\u00f5es tenham\u00a0v\u00ednculos diretos com\u00a0partidos pol\u00edticos<\/a>. El Colombiano, por exemplo, \u00e9\u00a0propriedade de duas fam\u00edlias, incluindo a de\u00a0G\u00f3mez Mart\u00ednez, que tem v\u00ednculos pr\u00f3ximos\u00a0com o Centro Democr\u00e1tico \u2013 o partido pol\u00edtico do ex-presidente colombiano \u00c1lvaro Uribe. Um dos seis irm\u00e3os\u00a0G\u00f3mez Mart\u00ednez, Juan, foi diretor do jornal\u00a0e\u00a0ex-ministro durante o mandato de Uribe.<\/p>\n<p>Martha Ortiz G\u00f3mez, atual diretora do El Colombiano, <a href=\"http:\/\/www.scribd.com\/doc\/256167979\/FLIP-Carta-El-Colombiano-180215\">recebeu\u00a0uma carta da Funda\u00e7\u00e3o para a Liberdade de Imprensa<\/a> (FLIP) um dia depois\u00a0da demiss\u00e3o\u00a0de Akerman.<\/p>\n<p>Assinada pelo\u00a0diretor-executivo da FLIP, Pedro Vaca Villarreal, a carta afirma que a decis\u00e3o de acabar\u00a0com as\u00a0colunas de Akerman \u00e9 dolorosa \u00a0para a delibera\u00e7\u00e3o democr\u00e1tica e p\u00f5e em xeque\u00a0a presen\u00e7a da pluralidade nos\u00a0meios.\u201cNa\u00a0conjuntura atual de polariza\u00e7\u00e3o e radicalismos, a democracia colombiana requer\u00a0mais \u2013 e n\u00e3o menos \u2013 diversidade de vozes e opini\u00f5es\u201d, finaliza a carta.<\/p>\n<p>Apesar da tristeza\u00a0por deixar\u00a0uma posi\u00e7\u00e3o privilegiada nas p\u00e1ginas editoriais do El Colombiano, Akerman tamb\u00e9m sente satisfa\u00e7\u00e3o por n\u00e3o ter cedido \u00e0s\u00a0press\u00f5es do jornal\u00a0para modificar sua coluna sobre os direitos\u00a0da comunidade LGTBI.<\/p>\n<p>A partir de\u00a01\u00ba de mar\u00e7o, Akerman se uniu ao grupo de colunistas do jornal\u00a0<a href=\"https:\/\/twitter.com\/EEopinion\/status\/571041046479679488\">El Espectador<\/a>.<\/p>\n<p>\u201cContinuarei\u00a0escrevendo e produzindo colunas que gerem\u00a0debate e levem\u00a0as pessoas\u00a0a pensar. Creio que em uma democracia que funciona, as maiorias sempre t\u00eam\u00a0que lutar\u00a0pelos direitos\u00a0das minorias, e isso \u00e9\u00a0o que espero seguir fazendo\u201d.<\/p>\n<p><em>Nota do editor: Essa hist\u00f3ria foi publicada originalmente no blog Jornalismo nas Am\u00e9ricas do Centro Knight, o predecessor do LatAm Journalism Review.<\/em><\/p>\n","protected":false},"excerpt":{"rendered":"<p>O dia\u00a017 de fevereiro\u00a0foi\u00a0como qualquer outro para Yohir Akerman\u00a0at\u00e9 descobrir que havia sido\u00a0demitido\u00a0do cargo de\u00a0colunista do jornal\u00a0El Colombiano depois de publicar um\u00a0artigo em que afirmava\u00a0que \u201cDeus estava equivocado\u201d ao\u00a0rejeitar a homossexualidade na\u00a0B\u00edblia.\u00a0<\/p>\n","protected":false},"author":17,"featured_media":0,"comment_status":"closed","ping_status":"closed","sticky":false,"template":"","format":"standard","meta":{"inline_featured_image":false,"footnotes":""},"categories":[1219],"tags":[1396,2051],"coauthors":[],"class_list":["post-44630","post","type-post","status-publish","format-standard","hentry","category-liberdade-de-imprensa-pt-br","tag-colombia-pt-br-2","tag-liberdade-de-expressao-pt-br"],"acf":[],"yoast_head":"<!-- This site is optimized with the Yoast SEO Premium plugin v22.6 (Yoast SEO v27.4) - https:\/\/yoast.com\/product\/yoast-seo-premium-wordpress\/ -->\n<title>Opini\u00e3o sobre homossexualidade gera demiss\u00e3o de colunista colombiano - LatAm Journalism Review by the Knight Center<\/title>\n<meta name=\"description\" content=\"Opini\u00e3o sobre homossexualidade gera demiss\u00e3o de colunista colombiano Liberdade de imprensa. Latin American Journalism Review by The Knight Center at The University of Texas at Austin.\" \/>\n<meta name=\"robots\" content=\"index, follow, max-snippet:-1, max-image-preview:large, max-video-preview:-1\" \/>\n<link rel=\"canonical\" href=\"https:\/\/latamjournalismreview.org\/pt-br\/articles\/opiniao-sobre-homossexualidade-gera-demissao-de-colunista-colombiano\/\" \/>\n<meta property=\"og:locale\" content=\"pt_BR\" \/>\n<meta property=\"og:type\" content=\"article\" \/>\n<meta property=\"og:title\" content=\"Opini\u00e3o sobre homossexualidade gera demiss\u00e3o de colunista colombiano\" \/>\n<meta property=\"og:description\" content=\"Opini\u00e3o sobre homossexualidade gera demiss\u00e3o de colunista colombiano Liberdade de imprensa. Latin American Journalism Review by The Knight Center at The University of Texas at Austin.\" \/>\n<meta property=\"og:url\" content=\"https:\/\/latamjournalismreview.org\/pt-br\/articles\/opiniao-sobre-homossexualidade-gera-demissao-de-colunista-colombiano\/\" \/>\n<meta property=\"og:site_name\" content=\"LatAm Journalism Review by the Knight Center\" \/>\n<meta property=\"article:published_time\" content=\"2015-03-04T21:20:38+00:00\" \/>\n<meta property=\"article:modified_time\" content=\"2021-12-08T19:47:38+00:00\" \/>\n<meta name=\"author\" content=\"Guest\" \/>\n<meta name=\"twitter:card\" content=\"summary_large_image\" \/>\n<meta name=\"twitter:creator\" content=\"@LatAmJournalism\" \/>\n<meta name=\"twitter:site\" content=\"@LatAmJournalism\" \/>\n<meta name=\"twitter:label1\" content=\"Written by\" \/>\n\t<meta name=\"twitter:data1\" content=\"Guest\" \/>\n\t<meta name=\"twitter:label2\" content=\"Est. reading time\" \/>\n\t<meta name=\"twitter:data2\" content=\"6 minutos\" \/>\n<script type=\"application\/ld+json\" class=\"yoast-schema-graph\">{\"@context\":\"https:\\\/\\\/schema.org\",\"@graph\":[{\"@type\":\"Article\",\"@id\":\"https:\\\/\\\/latamjournalismreview.org\\\/pt-br\\\/articles\\\/opiniao-sobre-homossexualidade-gera-demissao-de-colunista-colombiano\\\/#article\",\"isPartOf\":{\"@id\":\"https:\\\/\\\/latamjournalismreview.org\\\/pt-br\\\/articles\\\/opiniao-sobre-homossexualidade-gera-demissao-de-colunista-colombiano\\\/\"},\"author\":{\"name\":\"Guest\",\"@id\":\"https:\\\/\\\/latamjournalismreview.org\\\/pt-br\\\/#\\\/schema\\\/person\\\/0315202e0b3c0963a2440f1c3012c360\"},\"headline\":\"Opini\u00e3o sobre homossexualidade gera demiss\u00e3o de colunista colombiano\",\"datePublished\":\"2015-03-04T21:20:38+00:00\",\"dateModified\":\"2021-12-08T19:47:38+00:00\",\"mainEntityOfPage\":{\"@id\":\"https:\\\/\\\/latamjournalismreview.org\\\/pt-br\\\/articles\\\/opiniao-sobre-homossexualidade-gera-demissao-de-colunista-colombiano\\\/\"},\"wordCount\":1140,\"publisher\":{\"@id\":\"https:\\\/\\\/latamjournalismreview.org\\\/pt-br\\\/#organization\"},\"keywords\":[\"Col\u00f4mbia\",\"Liberdade de express\u00e3o\"],\"articleSection\":[\"Liberdade de imprensa\"],\"inLanguage\":\"pt-BR\"},{\"@type\":\"WebPage\",\"@id\":\"https:\\\/\\\/latamjournalismreview.org\\\/pt-br\\\/articles\\\/opiniao-sobre-homossexualidade-gera-demissao-de-colunista-colombiano\\\/\",\"url\":\"https:\\\/\\\/latamjournalismreview.org\\\/pt-br\\\/articles\\\/opiniao-sobre-homossexualidade-gera-demissao-de-colunista-colombiano\\\/\",\"name\":\"Opini\u00e3o sobre homossexualidade gera demiss\u00e3o de colunista colombiano - LatAm Journalism Review by the Knight Center\",\"isPartOf\":{\"@id\":\"https:\\\/\\\/latamjournalismreview.org\\\/pt-br\\\/#website\"},\"datePublished\":\"2015-03-04T21:20:38+00:00\",\"dateModified\":\"2021-12-08T19:47:38+00:00\",\"description\":\"Opini\u00e3o sobre homossexualidade gera demiss\u00e3o de colunista colombiano Liberdade de imprensa. Latin American Journalism Review by The Knight Center at The University of Texas at Austin.\",\"breadcrumb\":{\"@id\":\"https:\\\/\\\/latamjournalismreview.org\\\/pt-br\\\/articles\\\/opiniao-sobre-homossexualidade-gera-demissao-de-colunista-colombiano\\\/#breadcrumb\"},\"inLanguage\":\"pt-BR\",\"potentialAction\":[{\"@type\":\"ReadAction\",\"target\":[\"https:\\\/\\\/latamjournalismreview.org\\\/pt-br\\\/articles\\\/opiniao-sobre-homossexualidade-gera-demissao-de-colunista-colombiano\\\/\"]}]},{\"@type\":\"BreadcrumbList\",\"@id\":\"https:\\\/\\\/latamjournalismreview.org\\\/pt-br\\\/articles\\\/opiniao-sobre-homossexualidade-gera-demissao-de-colunista-colombiano\\\/#breadcrumb\",\"itemListElement\":[{\"@type\":\"ListItem\",\"position\":1,\"name\":\"Home\",\"item\":\"https:\\\/\\\/latamjournalismreview.org\\\/pt-br\\\/\"},{\"@type\":\"ListItem\",\"position\":2,\"name\":\"Opini\u00e3o sobre homossexualidade gera demiss\u00e3o de colunista colombiano\"}]},{\"@type\":\"WebSite\",\"@id\":\"https:\\\/\\\/latamjournalismreview.org\\\/pt-br\\\/#website\",\"url\":\"https:\\\/\\\/latamjournalismreview.org\\\/pt-br\\\/\",\"name\":\"LatAm Journalism Review\",\"description\":\"Digital magazine on journalism in Latin America\",\"publisher\":{\"@id\":\"https:\\\/\\\/latamjournalismreview.org\\\/pt-br\\\/#organization\"},\"potentialAction\":[{\"@type\":\"SearchAction\",\"target\":{\"@type\":\"EntryPoint\",\"urlTemplate\":\"https:\\\/\\\/latamjournalismreview.org\\\/pt-br\\\/?s={search_term_string}\"},\"query-input\":{\"@type\":\"PropertyValueSpecification\",\"valueRequired\":true,\"valueName\":\"search_term_string\"}}],\"inLanguage\":\"pt-BR\"},{\"@type\":\"Organization\",\"@id\":\"https:\\\/\\\/latamjournalismreview.org\\\/pt-br\\\/#organization\",\"name\":\"LatAm Journalism Review\",\"url\":\"https:\\\/\\\/latamjournalismreview.org\\\/pt-br\\\/\",\"logo\":{\"@type\":\"ImageObject\",\"inLanguage\":\"pt-BR\",\"@id\":\"https:\\\/\\\/latamjournalismreview.org\\\/pt-br\\\/#\\\/schema\\\/logo\\\/image\\\/\",\"url\":\"https:\\\/\\\/latamjournalismreview.org\\\/wp-content\\\/uploads\\\/2020\\\/05\\\/knight-latAm-review-logo.svg\",\"contentUrl\":\"https:\\\/\\\/latamjournalismreview.org\\\/wp-content\\\/uploads\\\/2020\\\/05\\\/knight-latAm-review-logo.svg\",\"width\":\"1024\",\"height\":\"1024\",\"caption\":\"LatAm Journalism Review\"},\"image\":{\"@id\":\"https:\\\/\\\/latamjournalismreview.org\\\/pt-br\\\/#\\\/schema\\\/logo\\\/image\\\/\"},\"sameAs\":[\"https:\\\/\\\/x.com\\\/LatAmJournalism\"]},{\"@type\":\"Person\",\"@id\":\"https:\\\/\\\/latamjournalismreview.org\\\/pt-br\\\/#\\\/schema\\\/person\\\/0315202e0b3c0963a2440f1c3012c360\",\"name\":\"Guest\",\"url\":\"https:\\\/\\\/latamjournalismreview.org\\\/pt-br\\\/articles\\\/author\\\/guest\\\/\"}]}<\/script>\n<!-- \/ Yoast SEO Premium plugin. -->","yoast_head_json":{"title":"Opini\u00e3o sobre homossexualidade gera demiss\u00e3o de colunista colombiano - LatAm Journalism Review by the Knight Center","description":"Opini\u00e3o sobre homossexualidade gera demiss\u00e3o de colunista colombiano Liberdade de imprensa. Latin American Journalism Review by The Knight Center at The University of Texas at Austin.","robots":{"index":"index","follow":"follow","max-snippet":"max-snippet:-1","max-image-preview":"max-image-preview:large","max-video-preview":"max-video-preview:-1"},"canonical":"https:\/\/latamjournalismreview.org\/pt-br\/articles\/opiniao-sobre-homossexualidade-gera-demissao-de-colunista-colombiano\/","og_locale":"pt_BR","og_type":"article","og_title":"Opini\u00e3o sobre homossexualidade gera demiss\u00e3o de colunista colombiano","og_description":"Opini\u00e3o sobre homossexualidade gera demiss\u00e3o de colunista colombiano Liberdade de imprensa. Latin American Journalism Review by The Knight Center at The University of Texas at Austin.","og_url":"https:\/\/latamjournalismreview.org\/pt-br\/articles\/opiniao-sobre-homossexualidade-gera-demissao-de-colunista-colombiano\/","og_site_name":"LatAm Journalism Review by the Knight Center","article_published_time":"2015-03-04T21:20:38+00:00","article_modified_time":"2021-12-08T19:47:38+00:00","author":"Guest","twitter_card":"summary_large_image","twitter_creator":"@LatAmJournalism","twitter_site":"@LatAmJournalism","twitter_misc":{"Written by":"Guest","Est. reading time":"6 minutos"},"schema":{"@context":"https:\/\/schema.org","@graph":[{"@type":"Article","@id":"https:\/\/latamjournalismreview.org\/pt-br\/articles\/opiniao-sobre-homossexualidade-gera-demissao-de-colunista-colombiano\/#article","isPartOf":{"@id":"https:\/\/latamjournalismreview.org\/pt-br\/articles\/opiniao-sobre-homossexualidade-gera-demissao-de-colunista-colombiano\/"},"author":{"name":"Guest","@id":"https:\/\/latamjournalismreview.org\/pt-br\/#\/schema\/person\/0315202e0b3c0963a2440f1c3012c360"},"headline":"Opini\u00e3o sobre homossexualidade gera demiss\u00e3o de colunista colombiano","datePublished":"2015-03-04T21:20:38+00:00","dateModified":"2021-12-08T19:47:38+00:00","mainEntityOfPage":{"@id":"https:\/\/latamjournalismreview.org\/pt-br\/articles\/opiniao-sobre-homossexualidade-gera-demissao-de-colunista-colombiano\/"},"wordCount":1140,"publisher":{"@id":"https:\/\/latamjournalismreview.org\/pt-br\/#organization"},"keywords":["Col\u00f4mbia","Liberdade de express\u00e3o"],"articleSection":["Liberdade de imprensa"],"inLanguage":"pt-BR"},{"@type":"WebPage","@id":"https:\/\/latamjournalismreview.org\/pt-br\/articles\/opiniao-sobre-homossexualidade-gera-demissao-de-colunista-colombiano\/","url":"https:\/\/latamjournalismreview.org\/pt-br\/articles\/opiniao-sobre-homossexualidade-gera-demissao-de-colunista-colombiano\/","name":"Opini\u00e3o sobre homossexualidade gera demiss\u00e3o de colunista colombiano - LatAm Journalism Review by the Knight Center","isPartOf":{"@id":"https:\/\/latamjournalismreview.org\/pt-br\/#website"},"datePublished":"2015-03-04T21:20:38+00:00","dateModified":"2021-12-08T19:47:38+00:00","description":"Opini\u00e3o sobre homossexualidade gera demiss\u00e3o de colunista colombiano Liberdade de imprensa. Latin American Journalism Review by The Knight Center at The University of Texas at Austin.","breadcrumb":{"@id":"https:\/\/latamjournalismreview.org\/pt-br\/articles\/opiniao-sobre-homossexualidade-gera-demissao-de-colunista-colombiano\/#breadcrumb"},"inLanguage":"pt-BR","potentialAction":[{"@type":"ReadAction","target":["https:\/\/latamjournalismreview.org\/pt-br\/articles\/opiniao-sobre-homossexualidade-gera-demissao-de-colunista-colombiano\/"]}]},{"@type":"BreadcrumbList","@id":"https:\/\/latamjournalismreview.org\/pt-br\/articles\/opiniao-sobre-homossexualidade-gera-demissao-de-colunista-colombiano\/#breadcrumb","itemListElement":[{"@type":"ListItem","position":1,"name":"Home","item":"https:\/\/latamjournalismreview.org\/pt-br\/"},{"@type":"ListItem","position":2,"name":"Opini\u00e3o sobre homossexualidade gera demiss\u00e3o de colunista colombiano"}]},{"@type":"WebSite","@id":"https:\/\/latamjournalismreview.org\/pt-br\/#website","url":"https:\/\/latamjournalismreview.org\/pt-br\/","name":"LatAm Journalism Review","description":"Digital magazine on journalism in Latin America","publisher":{"@id":"https:\/\/latamjournalismreview.org\/pt-br\/#organization"},"potentialAction":[{"@type":"SearchAction","target":{"@type":"EntryPoint","urlTemplate":"https:\/\/latamjournalismreview.org\/pt-br\/?s={search_term_string}"},"query-input":{"@type":"PropertyValueSpecification","valueRequired":true,"valueName":"search_term_string"}}],"inLanguage":"pt-BR"},{"@type":"Organization","@id":"https:\/\/latamjournalismreview.org\/pt-br\/#organization","name":"LatAm Journalism Review","url":"https:\/\/latamjournalismreview.org\/pt-br\/","logo":{"@type":"ImageObject","inLanguage":"pt-BR","@id":"https:\/\/latamjournalismreview.org\/pt-br\/#\/schema\/logo\/image\/","url":"https:\/\/latamjournalismreview.org\/wp-content\/uploads\/2020\/05\/knight-latAm-review-logo.svg","contentUrl":"https:\/\/latamjournalismreview.org\/wp-content\/uploads\/2020\/05\/knight-latAm-review-logo.svg","width":"1024","height":"1024","caption":"LatAm Journalism Review"},"image":{"@id":"https:\/\/latamjournalismreview.org\/pt-br\/#\/schema\/logo\/image\/"},"sameAs":["https:\/\/x.com\/LatAmJournalism"]},{"@type":"Person","@id":"https:\/\/latamjournalismreview.org\/pt-br\/#\/schema\/person\/0315202e0b3c0963a2440f1c3012c360","name":"Guest","url":"https:\/\/latamjournalismreview.org\/pt-br\/articles\/author\/guest\/"}]}},"_links":{"self":[{"href":"https:\/\/latamjournalismreview.org\/pt-br\/wp-json\/wp\/v2\/posts\/44630","targetHints":{"allow":["GET"]}}],"collection":[{"href":"https:\/\/latamjournalismreview.org\/pt-br\/wp-json\/wp\/v2\/posts"}],"about":[{"href":"https:\/\/latamjournalismreview.org\/pt-br\/wp-json\/wp\/v2\/types\/post"}],"author":[{"embeddable":true,"href":"https:\/\/latamjournalismreview.org\/pt-br\/wp-json\/wp\/v2\/users\/17"}],"replies":[{"embeddable":true,"href":"https:\/\/latamjournalismreview.org\/pt-br\/wp-json\/wp\/v2\/comments?post=44630"}],"version-history":[{"count":2,"href":"https:\/\/latamjournalismreview.org\/pt-br\/wp-json\/wp\/v2\/posts\/44630\/revisions"}],"predecessor-version":[{"id":44632,"href":"https:\/\/latamjournalismreview.org\/pt-br\/wp-json\/wp\/v2\/posts\/44630\/revisions\/44632"}],"wp:attachment":[{"href":"https:\/\/latamjournalismreview.org\/pt-br\/wp-json\/wp\/v2\/media?parent=44630"}],"wp:term":[{"taxonomy":"category","embeddable":true,"href":"https:\/\/latamjournalismreview.org\/pt-br\/wp-json\/wp\/v2\/categories?post=44630"},{"taxonomy":"post_tag","embeddable":true,"href":"https:\/\/latamjournalismreview.org\/pt-br\/wp-json\/wp\/v2\/tags?post=44630"},{"taxonomy":"author","embeddable":true,"href":"https:\/\/latamjournalismreview.org\/pt-br\/wp-json\/wp\/v2\/coauthors?post=44630"}],"curies":[{"name":"wp","href":"https:\/\/api.w.org\/{rel}","templated":true}]}}