{"id":45718,"date":"2017-05-02T18:50:59","date_gmt":"2017-05-02T23:50:59","guid":{"rendered":"https:\/\/latamjournalismreview.org\/?p=45718"},"modified":"2021-12-15T18:51:37","modified_gmt":"2021-12-15T23:51:37","slug":"liberam-jornalista-venezuelano-preso-durante-16-dias-apos-cobrir-protestos-contra-o-governo","status":"publish","type":"post","link":"https:\/\/latamjournalismreview.org\/pt-br\/articles\/liberam-jornalista-venezuelano-preso-durante-16-dias-apos-cobrir-protestos-contra-o-governo\/","title":{"rendered":"Liberam jornalista venezuelano preso durante 16 dias ap\u00f3s cobrir protestos contra o governo"},"content":{"rendered":"<p>O jornalista venezuelano Yonathan Gu\u00e9dez foi libertado no dia 26 de abril depois de ficar detido por 16 dias em uma das sedes da Guarda Nacional Bolivariana (GNB).<\/p>\n<p>Gu\u00e9dez, funcion\u00e1rio de comunica\u00e7\u00e3o da prefeitura de Iribarren, em Barquisimeto, e jornalista do site digital Las Peras,\u00a0<a href=\"https:\/\/knightcenter.utexas.edu\/blog\/00-18237-venezuelan-journalist-arrested-while-covering-protest-against-government-remains-jail-\">foi detido no dia 10 de abril<\/a>\u00a0enquanto cobria um dos protestos contra o governo na cidade. O jornalista e 30 manifestantes foram presos naquele dia pela GNB.<\/p>\n<p>\"Eu estava na frente do pr\u00e9dio do jornal El Impulso, tirando fotos das pessoas que estavam correndo. Naquele momento, as motos estavam chegando, mas como eu estava apenas tirando fotos, n\u00e3o corri.\u00a0<a href=\"http:\/\/www.elimpulso.com\/noticias\/regionales\/fotos-liberan-al-periodista-jonathan-guedez-una-embarazada\">Quando ouvi os disparos, obviamente, comecei a correr e, naquele momento, eles me detiveram<\/a>\", disse Gu\u00e9dez depois de ser libertado, segundo o El Impulso.<\/p>\n<p>Gu\u00e9dez foi acusado de crimes de resist\u00eancia \u00e0 autoridade, posse de objeto incendi\u00e1rio e de incitar a altera\u00e7\u00e3o da ordem p\u00fablica.\u00a0<a href=\"http:\/\/efectococuyo.com\/principales\/abril-de-terror-en-lara-cinco-muertos-50-heridos-95-detenidos-y-saqueos\">Ele foi libertado em liberdade condicional<\/a>.<\/p>\n<p>O jornalista precisa\u00a0<a href=\"http:\/\/www.elimpulso.com\/noticias\/regionales\/fotos-liberan-al-periodista-jonathan-guedez-una-embarazada\">comparecer diante do juiz a cada oito dias,<\/a>\u00a0segundo El Impulso.<\/p>\n<p>De acordo com o site, Gu\u00e9dez disse \u00e0 imprensa que\u00a0<a href=\"http:\/\/www.elimpulso.com\/noticias\/regionales\/fotos-liberan-al-periodista-jonathan-guedez-una-embarazada\">n\u00e3o foi atacado durante sua deten\u00e7\u00e3o<\/a>, mas que precisou compartilhar um quarto sem ventila\u00e7\u00e3o com outros 60 presos.<\/p>\n<p>\"Eles nos trataram bem. Falamos de viol\u00eancia psicol\u00f3gica, nada mais. Eles n\u00e3o nos agrediram fisicamente. No dia da pris\u00e3o, sim, que foi 10 de abril. N\u00e3o apenas eu, mas todos os detidos \", disse Gu\u00e9dez, de acordo com o jornal.<\/p>\n<p>A Venezuela tem experimentado uma onda de protestos sociais desde o final de mar\u00e7o, ap\u00f3s a Suprema Corte ter decidido suspender as fun\u00e7\u00f5es legislativas da Assembleia Nacional. A oposi\u00e7\u00e3o pol\u00edtica ao Presidente Nicol\u00e1s Maduro tem maioria na Assembleia Nacional.<\/p>\n<p>De acordo com o jornal El Pa\u00eds, a repress\u00e3o policial das manifesta\u00e7\u00f5es sociais contra o governo de Maduro\u00a0<a href=\"http:\/\/elpais.com\/elpais\/2017\/04\/28\/videos\/1493406753_545316.html\">j\u00e1 custou 29 vidas<\/a>.<\/p>\n<p>Atrav\u00e9s do Twitter, o Sindicato Nacional de Trabalhadores da Imprensa da Venezuela (SNTP)\u00a0<a href=\"https:\/\/twitter.com\/sntpvenezuela\/status\/859064998601117697\">exigiu que Maduro respeite os jornalistas que v\u00e3o \u00e0s ruas para informar.<\/a><\/p>\n<p>A SNTP informou, no dia 24 de abril, que\u00a0<a href=\"https:\/\/drive.google.com\/file\/d\/0BzXea7WT751kdjlVZUl0SkJ3dE0\/view\">pelo menos 14 jornalistas e trabalhadores da imprensa foram detidos de forma ilegal e arbitr\u00e1ria<\/a>\u00a0nos protestos de rua desde 31 de mar\u00e7o.<\/p>\n<p>O jornalista chileno-venezuelano\u00a0<a href=\"https:\/\/knightcenter.utexas.edu\/blog\/00-17833-braulio-jatar-completes-3-months-prison-venezuela-international-campaign-his-release-a\">Braulio Jatar est\u00e1 preso desde 3 de setembro de 2016,<\/a>\u00a0aparentemente por transmitir um v\u00eddeo de um dos muitos protestos\u00a0contra o governo na Venezuela. Uma\u00a0<a href=\"https:\/\/knightcenter.utexas.edu\/blog\/00-17456-detention-venezuelan-journalist-denounced-retaliation-covering-protests-against-maduro\">acusa\u00e7\u00e3o de lavagem de dinheiro<\/a>\u00a0contra ele s\u00f3 foi feita e tornada p\u00fablica 48 horas ap\u00f3s a sua deten\u00e7\u00e3o. At\u00e9 agora, n\u00e3o h\u00e1 nenhuma indica\u00e7\u00e3o de que ele ser\u00e1 libertado, ainda que seus advogados e familiares tenham relatado irregularidades em seu caso, tratamento desumano contra ele, e uma grave deteriora\u00e7\u00e3o de sua sa\u00fade.<\/p>\n<p><em>Nota do editor: Essa hist\u00f3ria foi publicada originalmente no blog de jornalismo nas Am\u00e9ricas do Centro Knight, o predecessor do LatAm Journalism Review.<\/em><\/p>\n","protected":false},"excerpt":{"rendered":"<p>O jornalista venezuelano Yonathan Gu\u00e9dez foi libertado no dia 26 de abril depois de ficar detido por 16 dias em uma das sedes da Guarda Nacional Bolivariana (GNB).<\/p>\n","protected":false},"author":4,"featured_media":0,"comment_status":"closed","ping_status":"closed","sticky":false,"template":"","format":"standard","meta":{"inline_featured_image":false,"footnotes":""},"categories":[1219],"tags":[1567,2051,1402],"coauthors":[],"class_list":["post-45718","post","type-post","status-publish","format-standard","hentry","category-liberdade-de-imprensa-pt-br","tag-detencoes-pt-br","tag-liberdade-de-expressao-pt-br","tag-venezuela-pt-br"],"acf":[],"yoast_head":"<!-- This site is optimized with the Yoast SEO Premium plugin v22.6 (Yoast SEO v27.4) - https:\/\/yoast.com\/product\/yoast-seo-premium-wordpress\/ -->\n<title>Liberam jornalista venezuelano preso durante 16 dias ap\u00f3s cobrir protestos contra o governo - LatAm Journalism Review by the Knight Center<\/title>\n<meta name=\"description\" content=\"Liberam jornalista venezuelano preso durante 16 dias ap\u00f3s cobrir protestos contra o governo Liberdade de imprensa. Latin American Journalism Review by The Knight Center at The University of Texas at Austin.\" \/>\n<meta name=\"robots\" content=\"index, follow, max-snippet:-1, max-image-preview:large, max-video-preview:-1\" \/>\n<link rel=\"canonical\" href=\"https:\/\/latamjournalismreview.org\/pt-br\/articles\/liberam-jornalista-venezuelano-preso-durante-16-dias-apos-cobrir-protestos-contra-o-governo\/\" \/>\n<meta property=\"og:locale\" content=\"pt_BR\" \/>\n<meta property=\"og:type\" content=\"article\" \/>\n<meta property=\"og:title\" content=\"Liberam jornalista venezuelano preso durante 16 dias ap\u00f3s cobrir protestos contra o governo\" \/>\n<meta property=\"og:description\" content=\"Liberam jornalista venezuelano preso durante 16 dias ap\u00f3s cobrir protestos contra o governo Liberdade de imprensa. Latin American Journalism Review by The Knight Center at The University of Texas at Austin.\" \/>\n<meta property=\"og:url\" content=\"https:\/\/latamjournalismreview.org\/pt-br\/articles\/liberam-jornalista-venezuelano-preso-durante-16-dias-apos-cobrir-protestos-contra-o-governo\/\" \/>\n<meta property=\"og:site_name\" content=\"LatAm Journalism Review by the Knight Center\" \/>\n<meta property=\"article:published_time\" content=\"2017-05-02T23:50:59+00:00\" \/>\n<meta property=\"article:modified_time\" content=\"2021-12-15T23:51:37+00:00\" \/>\n<meta name=\"author\" content=\"Paola Nalvarte\" \/>\n<meta name=\"twitter:card\" content=\"summary_large_image\" \/>\n<meta name=\"twitter:creator\" content=\"@paolanalvarte\" \/>\n<meta name=\"twitter:site\" content=\"@LatAmJournalism\" \/>\n<meta name=\"twitter:label1\" content=\"Written by\" \/>\n\t<meta name=\"twitter:data1\" content=\"Paola Nalvarte\" \/>\n\t<meta name=\"twitter:label2\" content=\"Est. reading time\" \/>\n\t<meta name=\"twitter:data2\" content=\"2 minutos\" \/>\n<script type=\"application\/ld+json\" class=\"yoast-schema-graph\">{\"@context\":\"https:\\\/\\\/schema.org\",\"@graph\":[{\"@type\":\"Article\",\"@id\":\"https:\\\/\\\/latamjournalismreview.org\\\/pt-br\\\/articles\\\/liberam-jornalista-venezuelano-preso-durante-16-dias-apos-cobrir-protestos-contra-o-governo\\\/#article\",\"isPartOf\":{\"@id\":\"https:\\\/\\\/latamjournalismreview.org\\\/pt-br\\\/articles\\\/liberam-jornalista-venezuelano-preso-durante-16-dias-apos-cobrir-protestos-contra-o-governo\\\/\"},\"author\":{\"name\":\"Paola Nalvarte\",\"@id\":\"https:\\\/\\\/latamjournalismreview.org\\\/pt-br\\\/#\\\/schema\\\/person\\\/d0b9fa850ef1b6f56bb445e52f29f63f\"},\"headline\":\"Liberam jornalista venezuelano preso durante 16 dias ap\u00f3s cobrir protestos contra o governo\",\"datePublished\":\"2017-05-02T23:50:59+00:00\",\"dateModified\":\"2021-12-15T23:51:37+00:00\",\"mainEntityOfPage\":{\"@id\":\"https:\\\/\\\/latamjournalismreview.org\\\/pt-br\\\/articles\\\/liberam-jornalista-venezuelano-preso-durante-16-dias-apos-cobrir-protestos-contra-o-governo\\\/\"},\"wordCount\":504,\"publisher\":{\"@id\":\"https:\\\/\\\/latamjournalismreview.org\\\/pt-br\\\/#organization\"},\"keywords\":[\"Deten\u00e7\u00f5es\",\"Liberdade de express\u00e3o\",\"Venezuela\"],\"articleSection\":[\"Liberdade de imprensa\"],\"inLanguage\":\"pt-BR\"},{\"@type\":\"WebPage\",\"@id\":\"https:\\\/\\\/latamjournalismreview.org\\\/pt-br\\\/articles\\\/liberam-jornalista-venezuelano-preso-durante-16-dias-apos-cobrir-protestos-contra-o-governo\\\/\",\"url\":\"https:\\\/\\\/latamjournalismreview.org\\\/pt-br\\\/articles\\\/liberam-jornalista-venezuelano-preso-durante-16-dias-apos-cobrir-protestos-contra-o-governo\\\/\",\"name\":\"Liberam jornalista venezuelano preso durante 16 dias ap\u00f3s cobrir protestos contra o governo - LatAm Journalism Review by the Knight Center\",\"isPartOf\":{\"@id\":\"https:\\\/\\\/latamjournalismreview.org\\\/pt-br\\\/#website\"},\"datePublished\":\"2017-05-02T23:50:59+00:00\",\"dateModified\":\"2021-12-15T23:51:37+00:00\",\"description\":\"Liberam jornalista venezuelano preso durante 16 dias ap\u00f3s cobrir protestos contra o governo Liberdade de imprensa. Latin American Journalism Review by The Knight Center at The University of Texas at Austin.\",\"breadcrumb\":{\"@id\":\"https:\\\/\\\/latamjournalismreview.org\\\/pt-br\\\/articles\\\/liberam-jornalista-venezuelano-preso-durante-16-dias-apos-cobrir-protestos-contra-o-governo\\\/#breadcrumb\"},\"inLanguage\":\"pt-BR\",\"potentialAction\":[{\"@type\":\"ReadAction\",\"target\":[\"https:\\\/\\\/latamjournalismreview.org\\\/pt-br\\\/articles\\\/liberam-jornalista-venezuelano-preso-durante-16-dias-apos-cobrir-protestos-contra-o-governo\\\/\"]}]},{\"@type\":\"BreadcrumbList\",\"@id\":\"https:\\\/\\\/latamjournalismreview.org\\\/pt-br\\\/articles\\\/liberam-jornalista-venezuelano-preso-durante-16-dias-apos-cobrir-protestos-contra-o-governo\\\/#breadcrumb\",\"itemListElement\":[{\"@type\":\"ListItem\",\"position\":1,\"name\":\"Home\",\"item\":\"https:\\\/\\\/latamjournalismreview.org\\\/pt-br\\\/\"},{\"@type\":\"ListItem\",\"position\":2,\"name\":\"Liberam jornalista venezuelano preso durante 16 dias ap\u00f3s cobrir protestos contra o governo\"}]},{\"@type\":\"WebSite\",\"@id\":\"https:\\\/\\\/latamjournalismreview.org\\\/pt-br\\\/#website\",\"url\":\"https:\\\/\\\/latamjournalismreview.org\\\/pt-br\\\/\",\"name\":\"LatAm Journalism Review\",\"description\":\"Digital magazine on journalism in Latin America\",\"publisher\":{\"@id\":\"https:\\\/\\\/latamjournalismreview.org\\\/pt-br\\\/#organization\"},\"potentialAction\":[{\"@type\":\"SearchAction\",\"target\":{\"@type\":\"EntryPoint\",\"urlTemplate\":\"https:\\\/\\\/latamjournalismreview.org\\\/pt-br\\\/?s={search_term_string}\"},\"query-input\":{\"@type\":\"PropertyValueSpecification\",\"valueRequired\":true,\"valueName\":\"search_term_string\"}}],\"inLanguage\":\"pt-BR\"},{\"@type\":\"Organization\",\"@id\":\"https:\\\/\\\/latamjournalismreview.org\\\/pt-br\\\/#organization\",\"name\":\"LatAm Journalism Review\",\"url\":\"https:\\\/\\\/latamjournalismreview.org\\\/pt-br\\\/\",\"logo\":{\"@type\":\"ImageObject\",\"inLanguage\":\"pt-BR\",\"@id\":\"https:\\\/\\\/latamjournalismreview.org\\\/pt-br\\\/#\\\/schema\\\/logo\\\/image\\\/\",\"url\":\"https:\\\/\\\/latamjournalismreview.org\\\/wp-content\\\/uploads\\\/2020\\\/05\\\/knight-latAm-review-logo.svg\",\"contentUrl\":\"https:\\\/\\\/latamjournalismreview.org\\\/wp-content\\\/uploads\\\/2020\\\/05\\\/knight-latAm-review-logo.svg\",\"width\":\"1024\",\"height\":\"1024\",\"caption\":\"LatAm Journalism Review\"},\"image\":{\"@id\":\"https:\\\/\\\/latamjournalismreview.org\\\/pt-br\\\/#\\\/schema\\\/logo\\\/image\\\/\"},\"sameAs\":[\"https:\\\/\\\/x.com\\\/LatAmJournalism\"]},{\"@type\":\"Person\",\"@id\":\"https:\\\/\\\/latamjournalismreview.org\\\/pt-br\\\/#\\\/schema\\\/person\\\/d0b9fa850ef1b6f56bb445e52f29f63f\",\"name\":\"Paola Nalvarte\",\"description\":\"Paola Nalvarte is a Peruvian journalist and documentary photographer living in Austin, Texas. She focuses on covering and writing about the Andes region. In Peru, Paola worked in the Lima office of the Italian news agency ANSA, on the economic news desk of the daily Expreso, and for ten years she has been working on different editorial projects doing picture editing and research for one of the oldest Spanish-language papers in the world, the Peruvian newspaper El Comercio. She also enjoyed writing for the newspaper weekly magazine Somos. Paola Nalvarte es una periodista y fot\u00f3grafa documental peruana que vive en Austin, Texas. El foco de inter\u00e9s de su cobertura noticiosa es la regi\u00f3n andina. En Per\u00fa, Paola trabaj\u00f3 en la oficina de Lima de la agencia italiana de noticias ANSA, en la secci\u00f3n de econom\u00eda del diario Expreso y por diez a\u00f1os hizo investigaci\u00f3n fotogr\u00e1fica y edici\u00f3n de fotograf\u00eda editorial en el diario decano de la prensa peruana, El Comercio. Tambi\u00e9n escribi\u00f3 para Somos, la revista semanal del mismo diario\u200b, art\u00edculos sobre medio ambiente y cultura. Paola Nalvarte \u00e9 uma jornalista peruana e fot\u00f3grafa documentarista que vive em Austin, Texas. O foco de interesse da sua cobertura jornal\u00edstica \u00e9 a regi\u00e3o andina. No Peru, Paola trabalhou no escrit\u00f3rio de Lima da ag\u00eancia de not\u00edcias italiana ANSA, na se\u00e7\u00e3o de economia do jornal Expreso e, por dez anos, fez pesquisa fotogr\u00e1fica e edi\u00e7\u00e3o de fotografia editorial para um dos jornais em espanhol mais antigos do mundo, o jornal peruano El Comercio. Ela tamb\u00e9m escreveu artigos de meio ambiente e cultura para a Somos, a revista semanal do mesmo jornal.\",\"sameAs\":[\"https:\\\/\\\/x.com\\\/paolanalvarte\"],\"url\":\"https:\\\/\\\/latamjournalismreview.org\\\/pt-br\\\/articles\\\/author\\\/paola-nalvarte\\\/\"}]}<\/script>\n<!-- \/ Yoast SEO Premium plugin. -->","yoast_head_json":{"title":"Liberam jornalista venezuelano preso durante 16 dias ap\u00f3s cobrir protestos contra o governo - LatAm Journalism Review by the Knight Center","description":"Liberam jornalista venezuelano preso durante 16 dias ap\u00f3s cobrir protestos contra o governo Liberdade de imprensa. Latin American Journalism Review by The Knight Center at The University of Texas at Austin.","robots":{"index":"index","follow":"follow","max-snippet":"max-snippet:-1","max-image-preview":"max-image-preview:large","max-video-preview":"max-video-preview:-1"},"canonical":"https:\/\/latamjournalismreview.org\/pt-br\/articles\/liberam-jornalista-venezuelano-preso-durante-16-dias-apos-cobrir-protestos-contra-o-governo\/","og_locale":"pt_BR","og_type":"article","og_title":"Liberam jornalista venezuelano preso durante 16 dias ap\u00f3s cobrir protestos contra o governo","og_description":"Liberam jornalista venezuelano preso durante 16 dias ap\u00f3s cobrir protestos contra o governo Liberdade de imprensa. Latin American Journalism Review by The Knight Center at The University of Texas at Austin.","og_url":"https:\/\/latamjournalismreview.org\/pt-br\/articles\/liberam-jornalista-venezuelano-preso-durante-16-dias-apos-cobrir-protestos-contra-o-governo\/","og_site_name":"LatAm Journalism Review by the Knight Center","article_published_time":"2017-05-02T23:50:59+00:00","article_modified_time":"2021-12-15T23:51:37+00:00","author":"Paola Nalvarte","twitter_card":"summary_large_image","twitter_creator":"@paolanalvarte","twitter_site":"@LatAmJournalism","twitter_misc":{"Written by":"Paola Nalvarte","Est. reading time":"2 minutos"},"schema":{"@context":"https:\/\/schema.org","@graph":[{"@type":"Article","@id":"https:\/\/latamjournalismreview.org\/pt-br\/articles\/liberam-jornalista-venezuelano-preso-durante-16-dias-apos-cobrir-protestos-contra-o-governo\/#article","isPartOf":{"@id":"https:\/\/latamjournalismreview.org\/pt-br\/articles\/liberam-jornalista-venezuelano-preso-durante-16-dias-apos-cobrir-protestos-contra-o-governo\/"},"author":{"name":"Paola Nalvarte","@id":"https:\/\/latamjournalismreview.org\/pt-br\/#\/schema\/person\/d0b9fa850ef1b6f56bb445e52f29f63f"},"headline":"Liberam jornalista venezuelano preso durante 16 dias ap\u00f3s cobrir protestos contra o governo","datePublished":"2017-05-02T23:50:59+00:00","dateModified":"2021-12-15T23:51:37+00:00","mainEntityOfPage":{"@id":"https:\/\/latamjournalismreview.org\/pt-br\/articles\/liberam-jornalista-venezuelano-preso-durante-16-dias-apos-cobrir-protestos-contra-o-governo\/"},"wordCount":504,"publisher":{"@id":"https:\/\/latamjournalismreview.org\/pt-br\/#organization"},"keywords":["Deten\u00e7\u00f5es","Liberdade de express\u00e3o","Venezuela"],"articleSection":["Liberdade de imprensa"],"inLanguage":"pt-BR"},{"@type":"WebPage","@id":"https:\/\/latamjournalismreview.org\/pt-br\/articles\/liberam-jornalista-venezuelano-preso-durante-16-dias-apos-cobrir-protestos-contra-o-governo\/","url":"https:\/\/latamjournalismreview.org\/pt-br\/articles\/liberam-jornalista-venezuelano-preso-durante-16-dias-apos-cobrir-protestos-contra-o-governo\/","name":"Liberam jornalista venezuelano preso durante 16 dias ap\u00f3s cobrir protestos contra o governo - LatAm Journalism Review by the Knight Center","isPartOf":{"@id":"https:\/\/latamjournalismreview.org\/pt-br\/#website"},"datePublished":"2017-05-02T23:50:59+00:00","dateModified":"2021-12-15T23:51:37+00:00","description":"Liberam jornalista venezuelano preso durante 16 dias ap\u00f3s cobrir protestos contra o governo Liberdade de imprensa. Latin American Journalism Review by The Knight Center at The University of Texas at Austin.","breadcrumb":{"@id":"https:\/\/latamjournalismreview.org\/pt-br\/articles\/liberam-jornalista-venezuelano-preso-durante-16-dias-apos-cobrir-protestos-contra-o-governo\/#breadcrumb"},"inLanguage":"pt-BR","potentialAction":[{"@type":"ReadAction","target":["https:\/\/latamjournalismreview.org\/pt-br\/articles\/liberam-jornalista-venezuelano-preso-durante-16-dias-apos-cobrir-protestos-contra-o-governo\/"]}]},{"@type":"BreadcrumbList","@id":"https:\/\/latamjournalismreview.org\/pt-br\/articles\/liberam-jornalista-venezuelano-preso-durante-16-dias-apos-cobrir-protestos-contra-o-governo\/#breadcrumb","itemListElement":[{"@type":"ListItem","position":1,"name":"Home","item":"https:\/\/latamjournalismreview.org\/pt-br\/"},{"@type":"ListItem","position":2,"name":"Liberam jornalista venezuelano preso durante 16 dias ap\u00f3s cobrir protestos contra o governo"}]},{"@type":"WebSite","@id":"https:\/\/latamjournalismreview.org\/pt-br\/#website","url":"https:\/\/latamjournalismreview.org\/pt-br\/","name":"LatAm Journalism Review","description":"Digital magazine on journalism in Latin America","publisher":{"@id":"https:\/\/latamjournalismreview.org\/pt-br\/#organization"},"potentialAction":[{"@type":"SearchAction","target":{"@type":"EntryPoint","urlTemplate":"https:\/\/latamjournalismreview.org\/pt-br\/?s={search_term_string}"},"query-input":{"@type":"PropertyValueSpecification","valueRequired":true,"valueName":"search_term_string"}}],"inLanguage":"pt-BR"},{"@type":"Organization","@id":"https:\/\/latamjournalismreview.org\/pt-br\/#organization","name":"LatAm Journalism Review","url":"https:\/\/latamjournalismreview.org\/pt-br\/","logo":{"@type":"ImageObject","inLanguage":"pt-BR","@id":"https:\/\/latamjournalismreview.org\/pt-br\/#\/schema\/logo\/image\/","url":"https:\/\/latamjournalismreview.org\/wp-content\/uploads\/2020\/05\/knight-latAm-review-logo.svg","contentUrl":"https:\/\/latamjournalismreview.org\/wp-content\/uploads\/2020\/05\/knight-latAm-review-logo.svg","width":"1024","height":"1024","caption":"LatAm Journalism Review"},"image":{"@id":"https:\/\/latamjournalismreview.org\/pt-br\/#\/schema\/logo\/image\/"},"sameAs":["https:\/\/x.com\/LatAmJournalism"]},{"@type":"Person","@id":"https:\/\/latamjournalismreview.org\/pt-br\/#\/schema\/person\/d0b9fa850ef1b6f56bb445e52f29f63f","name":"Paola Nalvarte","description":"Paola Nalvarte is a Peruvian journalist and documentary photographer living in Austin, Texas. She focuses on covering and writing about the Andes region. In Peru, Paola worked in the Lima office of the Italian news agency ANSA, on the economic news desk of the daily Expreso, and for ten years she has been working on different editorial projects doing picture editing and research for one of the oldest Spanish-language papers in the world, the Peruvian newspaper El Comercio. She also enjoyed writing for the newspaper weekly magazine Somos. Paola Nalvarte es una periodista y fot\u00f3grafa documental peruana que vive en Austin, Texas. El foco de inter\u00e9s de su cobertura noticiosa es la regi\u00f3n andina. En Per\u00fa, Paola trabaj\u00f3 en la oficina de Lima de la agencia italiana de noticias ANSA, en la secci\u00f3n de econom\u00eda del diario Expreso y por diez a\u00f1os hizo investigaci\u00f3n fotogr\u00e1fica y edici\u00f3n de fotograf\u00eda editorial en el diario decano de la prensa peruana, El Comercio. Tambi\u00e9n escribi\u00f3 para Somos, la revista semanal del mismo diario\u200b, art\u00edculos sobre medio ambiente y cultura. Paola Nalvarte \u00e9 uma jornalista peruana e fot\u00f3grafa documentarista que vive em Austin, Texas. O foco de interesse da sua cobertura jornal\u00edstica \u00e9 a regi\u00e3o andina. No Peru, Paola trabalhou no escrit\u00f3rio de Lima da ag\u00eancia de not\u00edcias italiana ANSA, na se\u00e7\u00e3o de economia do jornal Expreso e, por dez anos, fez pesquisa fotogr\u00e1fica e edi\u00e7\u00e3o de fotografia editorial para um dos jornais em espanhol mais antigos do mundo, o jornal peruano El Comercio. Ela tamb\u00e9m escreveu artigos de meio ambiente e cultura para a Somos, a revista semanal do mesmo jornal.","sameAs":["https:\/\/x.com\/paolanalvarte"],"url":"https:\/\/latamjournalismreview.org\/pt-br\/articles\/author\/paola-nalvarte\/"}]}},"_links":{"self":[{"href":"https:\/\/latamjournalismreview.org\/pt-br\/wp-json\/wp\/v2\/posts\/45718","targetHints":{"allow":["GET"]}}],"collection":[{"href":"https:\/\/latamjournalismreview.org\/pt-br\/wp-json\/wp\/v2\/posts"}],"about":[{"href":"https:\/\/latamjournalismreview.org\/pt-br\/wp-json\/wp\/v2\/types\/post"}],"author":[{"embeddable":true,"href":"https:\/\/latamjournalismreview.org\/pt-br\/wp-json\/wp\/v2\/users\/4"}],"replies":[{"embeddable":true,"href":"https:\/\/latamjournalismreview.org\/pt-br\/wp-json\/wp\/v2\/comments?post=45718"}],"version-history":[{"count":1,"href":"https:\/\/latamjournalismreview.org\/pt-br\/wp-json\/wp\/v2\/posts\/45718\/revisions"}],"predecessor-version":[{"id":45720,"href":"https:\/\/latamjournalismreview.org\/pt-br\/wp-json\/wp\/v2\/posts\/45718\/revisions\/45720"}],"wp:attachment":[{"href":"https:\/\/latamjournalismreview.org\/pt-br\/wp-json\/wp\/v2\/media?parent=45718"}],"wp:term":[{"taxonomy":"category","embeddable":true,"href":"https:\/\/latamjournalismreview.org\/pt-br\/wp-json\/wp\/v2\/categories?post=45718"},{"taxonomy":"post_tag","embeddable":true,"href":"https:\/\/latamjournalismreview.org\/pt-br\/wp-json\/wp\/v2\/tags?post=45718"},{"taxonomy":"author","embeddable":true,"href":"https:\/\/latamjournalismreview.org\/pt-br\/wp-json\/wp\/v2\/coauthors?post=45718"}],"curies":[{"name":"wp","href":"https:\/\/api.w.org\/{rel}","templated":true}]}}