{"id":46323,"date":"2017-07-21T16:49:45","date_gmt":"2017-07-21T21:49:45","guid":{"rendered":"https:\/\/latamjournalismreview.org\/?p=46323"},"modified":"2022-01-05T16:52:14","modified_gmt":"2022-01-05T21:52:14","slug":"dorrit-harazim-de-brasil-y-martin-caparros-de-argentina-entre-los-ganadores-de-los-premios-maria-moors-cabot-2017","status":"publish","type":"post","link":"https:\/\/latamjournalismreview.org\/pt-br\/articles\/dorrit-harazim-de-brasil-y-martin-caparros-de-argentina-entre-los-ganadores-de-los-premios-maria-moors-cabot-2017\/","title":{"rendered":"Dorrit Harazim de Brasil y Mart\u00edn Caparr\u00f3s de Argentina entre los ganadores de los Premios Maria Moors Cabot 2017"},"content":{"rendered":"<p>La columnista, editora y documentalista brasile\u00f1a\u00a0<a href=\"https:\/\/oglobo.globo.com\/opiniao\/dorrit-harazim\/\" target=\"_blank\" rel=\"noopener\">Dorrit Harazim<\/a>, y el periodista y autor argentino\u00a0<a href=\"https:\/\/twitter.com\/martin_caparros?lang=en\" target=\"_blank\" rel=\"noopener\">Mart\u00edn Caparr\u00f3s<\/a>\u00a0hacen parte de los ganadores de los\u00a0<a href=\"https:\/\/journalism.columbia.edu\/cabot\" target=\"_blank\" rel=\"noopener\">Premios Maria Moors Cabot<\/a>\u00a02017 anunciados este 21 de julio por la Escuela de Periodismo de la Universidad de Columbia en Nueva York.\u00a0<a href=\"https:\/\/twitter.com\/NickMiroff?ref_src=twsrc%5Egoogle%7Ctwcamp%5Eserp%7Ctwgr%5Eauthor\" target=\"_blank\" rel=\"noopener\">Nick Miroff<\/a>\u00a0del Washington Post y\u00a0<a href=\"https:\/\/twitter.com\/HeraldMimi?ref_src=twsrc%5Egoogle%7Ctwcamp%5Eserp%7Ctwgr%5Eauthor\" target=\"_blank\" rel=\"noopener\">Mimi Whitefield<\/a>\u00a0del Miami Herald completan el grupo de ganadores.<\/p>\n<p>Este a\u00f1o, adem\u00e1s de anunciar a los ganadores, el jurado hizo una declaraci\u00f3n especial condenando la brutal violencia contra los periodistas en M\u00e9xico.<\/p>\n<p>Los premios Cabot est\u00e1n dedicados a honrar periodistas por su excelente carrera y cobertura del hemisferio occidental que propicia el \u201centendimiento interamericano\u201d.<\/p>\n<p>Para\u00a0<a href=\"https:\/\/journalism.columbia.edu\/2017-maria-moors-cabot-prize-winners-announced\" target=\"_blank\" rel=\"noopener\">el jurado del premio<\/a>, Caparr\u00f3s se ha mantenido por d\u00e9cadas como \u201cuna de las voces principales del periodismo literario de Latinoam\u00e9rica\u201d. Considerado un reportero prol\u00edfico, Caparr\u00f3s es columnista y editor y sus trabajos se publican en diferentes medios de la regi\u00f3n como\u00a0<a href=\"http:\/\/elpaissemanal.elpais.com\/autor\/martin-caparros\/\" target=\"_blank\" rel=\"noopener\">El Pa\u00eds Semanal<\/a>\u00a0o la revista\u00a0<a href=\"http:\/\/www.revistaanfibia.com\/autor\/martin-caparros\/\" target=\"_blank\" rel=\"noopener\">Anfibia<\/a>\u00a0de Argentina. Sus cr\u00f3nicas est\u00e1n consideradas como cl\u00e1sicas y son ampliamente estudiadas. Ha dirigido medios como El Porte\u00f1o, Babel, P\u00e1gina\/30 y Cuisine &amp; Vins.<\/p>\n<p>Es autor de novelas y 15 libros de no ficci\u00f3n; el \u00faltimo de ellos \u201c<a href=\"http:\/\/www.anagrama-ed.es\/libro\/argumentos\/el-hambre\/9788433963772\/A_474\" target=\"_blank\" rel=\"noopener\">El Hambre<\/a>\u201d es el resultado de un viaje de varios a\u00f1os en los cuales el autor entrevist\u00f3\u00a0 las persona m\u00e1s ricas y mejor alimentadas del planeta as\u00ed como a las m\u00e1s pobres y m\u00e1s hambrientas en \u201cun esfuerzo por entender c\u00f3mo y por qu\u00e9 la hambruna persiste en el mundo de hoy\u201d, seg\u00fan el\u00a0<a href=\"https:\/\/journalism.columbia.edu\/2017-maria-moors-cabot-prize-winners-announced\" target=\"_blank\" rel=\"noopener\">anuncio oficial<\/a>\u00a0del premio.<\/p>\n<p>Caparr\u00f3s tambi\u00e9n est\u00e1 considerado como un intelectual que \u201ces franco sobre lo que le parece correcto e incorrecto\u201d, agreg\u00f3 el anuncio. Lo hizo durante la dictadura hasta que fue forzado a irse al exilio por varios a\u00f1os y lo volvi\u00f3 a hacer durante la presidencia de Kirchner siempre conservando \u201csu reputaci\u00f3n\u201d debido a que \u201ces ante todo un periodista famosamente honesto, balanceado y riguroso\u201d, seg\u00fan este anuncio.<\/p>\n<p>Ha recibido varios reconocimientos entre ellos el Premio Rey de Espa\u00f1a, el Premio Konex y la Beca Guggenheim.<\/p>\n<p>\u201cPor sus a\u00f1os de logros y su extraordinario trabajo, Mart\u00edn Caparr\u00f3s ser\u00e1 galardonado con el Premio Maria Moors Cabot 2017\u201d, se\u00f1al\u00f3 el jurado.<\/p>\n<p>\u201cMe alegra mucho que un premio que suele dedicarse a los g\u00e9neros de \u2018periodismo duro\u2019 \u2013 la actualidad, la investigaci\u00f3n \u2013 reconozca esta vez a alguien que trabaja m\u00e1s el llamado \u2018periodismo literario\u2019, la cr\u00f3nica, formas m\u00e1s narrativas. Y me alegra que una de las grandes escuelas de periodismo haya decidido premiar a alguien que nunca estuvo en una escuela de periodismo. Y, por supuesto, me alegra mucho que ese alguien sea yo\u201d, dijo Caparr\u00f3s al\u00a0<strong>Centro Knight<\/strong>.<\/p>\n<p>Para el jurado de los\u00a0Cabot, la amplia contribuci\u00f3n de Dorrit\u00a0Harazim\u00a0al periodismo en las\u00a0Am\u00e9ricas es\u00a0\u201c<a href=\"https:\/\/journalism.columbia.edu\/2017-maria-moors-cabot-prize-winners-announced\" target=\"_blank\" rel=\"noopener\">superada solo por la calidad superior de los cuentos, comentarios y documentales de televisi\u00f3n que contin\u00faa produciendo<\/a>\u201d. Dorrit, como es conocida en el periodismo brasile\u00f1o,\u00a0no solo es una \u201cperiodista y narradora talentosa\u201d sino que es una innovadora de las noticias al ser parte de los grupos que fundaron las revistas\u00a0Veja\u00a0y\u00a0Piau\u00ed.<\/p>\n<p>Trabaj\u00f3 como corresponsal internacional y editora desde donde pudo cubrir eventos tan importantes como la guerra de Vietnam, el apartheid en Sud\u00e1frica, el golpe de estado contra Salvador Allende en Chile y los atentados contra las Torres Gemelas en Nueva York. Dorrit cubri\u00f3, por lo tanto, los dos \u201c11 de septiembre\u201d que marcaron la historia contempor\u00e1nea de las Am\u00e9ricas: el de 1973 en Chile\u00a0y el de 2001 en Estados Unidos.\u00a0Es columnista de O Globo desde donde \u201ccontin\u00faa siendo una entusiasta analista de la escena estadounidense\u201d, agreg\u00f3 el comunicado oficial.<\/p>\n<p>Durante la dictadura de Brasil expuso violaciones a derechos humanos y contin\u00faa cubriendo temas como racismo e injusticia social desde una perspectiva de g\u00e9nero.<\/p>\n<p>En 2015,\u00a0<a href=\"https:\/\/knightcenter.utexas.edu\/es\/blog\/00-16199-periodista-brasilena-gana-premio-reconocimiento-la-excelencia-de-la-fundacion-garcia-m\" target=\"_blank\" rel=\"noopener\">Dorrit gan\u00f3 el Reconocimiento a la Excelencia del premio Gabriel Garc\u00eda M\u00e1rquez<\/a>\u00a0de Periodismo.<\/p>\n<p>\u201cPor su lealtad con las historias m\u00e1s importantes a lo largo de una carrera larga y distinguida,\u00a0<a href=\"https:\/\/journalism.columbia.edu\/2017-maria-moors-cabot-prize-winners-announced\" target=\"_blank\" rel=\"noopener\">la obra de \u00a0Dorrit Harazim encarna la esencia del Premio Maria Moors\u00a0<\/a><a href=\"https:\/\/journalism.columbia.edu\/2017-maria-moors-cabot-prize-winners-announced\" target=\"_blank\" rel=\"noopener\">Cabot<\/a>\u201d, se\u00f1al\u00f3 el anuncio oficial del premio.<\/p>\n<p>Miroff, del Washington Post, ha cubierto Am\u00e9rica Latina desde Ciudad de M\u00e9xico y La Habana. Desde esta posici\u00f3n ha cubierto\u00a0historias de tribus ind\u00edgenas en Ecuador, la migraci\u00f3n de centro americanos hacia Estados Unidos, as\u00ed como el proceso de paz con la guerrilla de las\u00a0Farc\u00a0en Colombia, entre otros.<\/p>\n<p>Por su parte Whitefield, del Miami Herald, ha cubiertos por d\u00e9cadas las historias \u201cmas importantes\u201d de Am\u00e9rica Latina que van desde la guerra contra las drogas hasta la transformaci\u00f3n econ\u00f3mica y socia del continente. Sin embargo, para el jurado del premio, su mayor contribuci\u00f3n al entendimiento interamericano es su cubrimiento de Cuba \u201cde manera profunda, balanceada y con un ojo para el detalle\u201d.<\/p>\n<p>El homenaje a los periodistas tendr\u00e1 lugar el 10 de octubre en Low Library en el campus Morningside Heights de la Universidad de Columbia.<\/p>\n<p><strong>Una celebraci\u00f3n agridulce<\/strong><\/p>\n<p>Este a\u00f1o, adem\u00e1s de elegir a sus homenajeados, el jurado decidi\u00f3 hacer un anuncio especial sobre la violencia contra los periodistas en M\u00e9xico. La organizaci\u00f3n conden\u00f3 los \u201cbrutales ataques\u201d de los que son v\u00edctimas los reporteros que trabajan en el pa\u00eds e hizo un llamado para que se acabe la impunidad de los asesinatos de periodistas.<\/p>\n<p>\u201cTodos los a\u00f1os, los Premios Cabot honran a los periodistas de gran coraje, convicci\u00f3n y habilidad que arriesgan sus vidas para reportar historias que deben ser dadas para que la transparencia y la rendici\u00f3n de cuentas sobrevivan en las Am\u00e9ricas\u201d, dijo el presidente de Columbia, Lee C. Bollinger, en el comunicado oficial. \u201cAnunciamos\u00a0los ganadores de este a\u00f1o en un momento en que los acontecimientos en M\u00e9xico han suscitado nuevas alarmas sobre el peligro intr\u00ednseco al periodismo investigativo independiente, record\u00e1ndonos una vez m\u00e1s la vulnerabilidad de los periodistas y la necesidad de estar con ellos\u201d.<\/p>\n<p>Por tal motivo, durante la entrega del premio, el jurado recordar\u00e1 los m\u00e1s de 145 casos de asesinatos, desaparici\u00f3n e intento de homicidio en contra de periodistas en M\u00e9xico desde el a\u00f1o 2000.<\/p>\n<p>\u201cTr\u00e1gicamente, uno de los homenajeados de los Premios Cabot 2011 est\u00e1 entre aquellos asesinados en M\u00e9xico este a\u00f1o por represalia a su trabajo como periodista\u201d, se\u00f1al\u00f3 el comunicado sobre el caso del reportero investigativo de Sinaloa, Javier Valdez.<\/p>\n<p><a href=\"https:\/\/knightcenter.utexas.edu\/es\/blog\/00-18403-galardonado-periodista-y-escritor-mexicano-que-cubria-el-narcotrafico-fue-asesinado-en\" target=\"_blank\" rel=\"noopener\">Valdez fue atacado a tiros cerca de su oficina el pasado 15 de mayo<\/a>\u00a0que le quitaron su vida. Hab\u00eda recibido el premio Cabot en 2011 por su trabajo en R\u00edodoce \u2013 peri\u00f3dico que \u00e9l cofund\u00f3 \u2013 as\u00ed como por sus publicaciones en El Diario de Ju\u00e1rez. Se destac\u00f3 por su cobertura de temas de corrupci\u00f3n, tr\u00e1fico de drogas y crimen organizado.<\/p>\n<p>El anuncio del jurado, hecho por primera vez, tambi\u00e9n incluye un llamado al presidente de M\u00e9xico, Enrique Pe\u00f1a Nieto, para que \u201cconduzca una exhaustiva y cre\u00edble investigaci\u00f3n de este crimen, y a poner fin al ciclo vicios de violencia e impunidad que est\u00e1 diezmando a los medios mexicanos\u201d.<\/p>\n<p><em>Lea tambi\u00e9n:<\/em>\u00a0<em><a href=\"https:\/\/knightcenter.utexas.edu\/es\/blog\/00-17308-director-del-centro-knight-entre-los-ganadores-del-premio-maria-moors-cabot-2016-por-c\" target=\"_blank\" rel=\"noopener\">Director del Centro Knight entre los ganadores del Premio Maria Moors Cabot 2016<\/a>\u00a0por cobertura sobre las Am\u00e9ricas<\/em><\/p>\n<p><em>Nota del editor: Esta historia fue publicada originalmente en el blog Periodismo en las Am\u00e9ricas del Centro Knight, el predecesor de LatAm Journalism Review.<\/em><\/p>\n","protected":false},"excerpt":{"rendered":"<p>La columnista, editora y documentalista brasile\u00f1a\u00a0Dorrit Harazim, y el periodista y autor argentino\u00a0Mart\u00edn Caparr\u00f3s\u00a0hacen parte de los ganadores de los\u00a0Premios Maria Moors Cabot\u00a02017 anunciados este 21 de julio por la Escuela de Periodismo de la Universidad de Columbia en Nueva York.\u00a0Nick Miroff\u00a0del Washington Post y\u00a0Mimi Whitefield\u00a0del Miami Herald completan el grupo de ganadores.<\/p>\n","protected":false},"author":13,"featured_media":0,"comment_status":"closed","ping_status":"closed","sticky":false,"template":"","format":"standard","meta":{"inline_featured_image":false,"footnotes":""},"categories":[1353],"tags":[1425,1559],"coauthors":[],"class_list":["post-46323","post","type-post","status-publish","format-standard","hentry","category-premios-e-oportunidades-pt-br","tag-argentina-pt-br","tag-premios-pt-br"],"acf":[],"yoast_head":"<!-- This site is optimized with the Yoast SEO Premium plugin v22.6 (Yoast SEO v27.4) - https:\/\/yoast.com\/product\/yoast-seo-premium-wordpress\/ -->\n<title>Dorrit Harazim de Brasil y Mart\u00edn Caparr\u00f3s de Argentina entre los ganadores de los Premios Maria Moors Cabot 2017 - LatAm Journalism Review by the Knight Center<\/title>\n<meta name=\"description\" content=\"Dorrit Harazim de Brasil y Mart\u00edn Caparr\u00f3s de Argentina entre los ganadores de los Premios Maria Moors Cabot 2017 Pr\u00eamios e oportunidades. Latin American Journalism Review by The Knight Center at The University of Texas at Austin.\" \/>\n<meta name=\"robots\" content=\"index, follow, max-snippet:-1, max-image-preview:large, max-video-preview:-1\" \/>\n<link rel=\"canonical\" href=\"https:\/\/latamjournalismreview.org\/pt-br\/articles\/dorrit-harazim-de-brasil-y-martin-caparros-de-argentina-entre-los-ganadores-de-los-premios-maria-moors-cabot-2017\/\" \/>\n<meta property=\"og:locale\" content=\"pt_BR\" \/>\n<meta property=\"og:type\" content=\"article\" \/>\n<meta property=\"og:title\" content=\"Dorrit Harazim de Brasil y Mart\u00edn Caparr\u00f3s de Argentina entre los ganadores de los Premios Maria Moors Cabot 2017\" \/>\n<meta property=\"og:description\" content=\"Dorrit Harazim de Brasil y Mart\u00edn Caparr\u00f3s de Argentina entre los ganadores de los Premios Maria Moors Cabot 2017 Pr\u00eamios e oportunidades. Latin American Journalism Review by The Knight Center at The University of Texas at Austin.\" \/>\n<meta property=\"og:url\" content=\"https:\/\/latamjournalismreview.org\/pt-br\/articles\/dorrit-harazim-de-brasil-y-martin-caparros-de-argentina-entre-los-ganadores-de-los-premios-maria-moors-cabot-2017\/\" \/>\n<meta property=\"og:site_name\" content=\"LatAm Journalism Review by the Knight Center\" \/>\n<meta property=\"article:published_time\" content=\"2017-07-21T21:49:45+00:00\" \/>\n<meta property=\"article:modified_time\" content=\"2022-01-05T21:52:14+00:00\" \/>\n<meta name=\"author\" content=\"Silvia Higuera\" \/>\n<meta name=\"twitter:card\" content=\"summary_large_image\" \/>\n<meta name=\"twitter:creator\" content=\"@shiguerita\" \/>\n<meta name=\"twitter:site\" content=\"@LatAmJournalism\" \/>\n<meta name=\"twitter:label1\" content=\"Written by\" \/>\n\t<meta name=\"twitter:data1\" content=\"Silvia Higuera\" \/>\n\t<meta name=\"twitter:label2\" content=\"Est. reading time\" \/>\n\t<meta name=\"twitter:data2\" content=\"6 minutos\" \/>\n<script type=\"application\/ld+json\" class=\"yoast-schema-graph\">{\"@context\":\"https:\\\/\\\/schema.org\",\"@graph\":[{\"@type\":\"Article\",\"@id\":\"https:\\\/\\\/latamjournalismreview.org\\\/pt-br\\\/articles\\\/dorrit-harazim-de-brasil-y-martin-caparros-de-argentina-entre-los-ganadores-de-los-premios-maria-moors-cabot-2017\\\/#article\",\"isPartOf\":{\"@id\":\"https:\\\/\\\/latamjournalismreview.org\\\/pt-br\\\/articles\\\/dorrit-harazim-de-brasil-y-martin-caparros-de-argentina-entre-los-ganadores-de-los-premios-maria-moors-cabot-2017\\\/\"},\"author\":{\"name\":\"Silvia Higuera\",\"@id\":\"https:\\\/\\\/latamjournalismreview.org\\\/pt-br\\\/#\\\/schema\\\/person\\\/eac7baa6afada0957e047be9fc15703a\"},\"headline\":\"Dorrit Harazim de Brasil y Mart\u00edn Caparr\u00f3s de Argentina entre los ganadores de los Premios Maria Moors Cabot 2017\",\"datePublished\":\"2017-07-21T21:49:45+00:00\",\"dateModified\":\"2022-01-05T21:52:14+00:00\",\"mainEntityOfPage\":{\"@id\":\"https:\\\/\\\/latamjournalismreview.org\\\/pt-br\\\/articles\\\/dorrit-harazim-de-brasil-y-martin-caparros-de-argentina-entre-los-ganadores-de-los-premios-maria-moors-cabot-2017\\\/\"},\"wordCount\":1301,\"publisher\":{\"@id\":\"https:\\\/\\\/latamjournalismreview.org\\\/pt-br\\\/#organization\"},\"keywords\":[\"Argentina\",\"Pr\u00eamios\"],\"articleSection\":[\"Pr\u00eamios e oportunidades\"],\"inLanguage\":\"pt-BR\"},{\"@type\":\"WebPage\",\"@id\":\"https:\\\/\\\/latamjournalismreview.org\\\/pt-br\\\/articles\\\/dorrit-harazim-de-brasil-y-martin-caparros-de-argentina-entre-los-ganadores-de-los-premios-maria-moors-cabot-2017\\\/\",\"url\":\"https:\\\/\\\/latamjournalismreview.org\\\/pt-br\\\/articles\\\/dorrit-harazim-de-brasil-y-martin-caparros-de-argentina-entre-los-ganadores-de-los-premios-maria-moors-cabot-2017\\\/\",\"name\":\"Dorrit Harazim de Brasil y Mart\u00edn Caparr\u00f3s de Argentina entre los ganadores de los Premios Maria Moors Cabot 2017 - LatAm Journalism Review by the Knight Center\",\"isPartOf\":{\"@id\":\"https:\\\/\\\/latamjournalismreview.org\\\/pt-br\\\/#website\"},\"datePublished\":\"2017-07-21T21:49:45+00:00\",\"dateModified\":\"2022-01-05T21:52:14+00:00\",\"description\":\"Dorrit Harazim de Brasil y Mart\u00edn Caparr\u00f3s de Argentina entre los ganadores de los Premios Maria Moors Cabot 2017 Pr\u00eamios e oportunidades. Latin American Journalism Review by The Knight Center at The University of Texas at Austin.\",\"breadcrumb\":{\"@id\":\"https:\\\/\\\/latamjournalismreview.org\\\/pt-br\\\/articles\\\/dorrit-harazim-de-brasil-y-martin-caparros-de-argentina-entre-los-ganadores-de-los-premios-maria-moors-cabot-2017\\\/#breadcrumb\"},\"inLanguage\":\"pt-BR\",\"potentialAction\":[{\"@type\":\"ReadAction\",\"target\":[\"https:\\\/\\\/latamjournalismreview.org\\\/pt-br\\\/articles\\\/dorrit-harazim-de-brasil-y-martin-caparros-de-argentina-entre-los-ganadores-de-los-premios-maria-moors-cabot-2017\\\/\"]}]},{\"@type\":\"BreadcrumbList\",\"@id\":\"https:\\\/\\\/latamjournalismreview.org\\\/pt-br\\\/articles\\\/dorrit-harazim-de-brasil-y-martin-caparros-de-argentina-entre-los-ganadores-de-los-premios-maria-moors-cabot-2017\\\/#breadcrumb\",\"itemListElement\":[{\"@type\":\"ListItem\",\"position\":1,\"name\":\"Home\",\"item\":\"https:\\\/\\\/latamjournalismreview.org\\\/pt-br\\\/\"},{\"@type\":\"ListItem\",\"position\":2,\"name\":\"Dorrit Harazim de Brasil y Mart\u00edn Caparr\u00f3s de Argentina entre los ganadores de los Premios Maria Moors Cabot 2017\"}]},{\"@type\":\"WebSite\",\"@id\":\"https:\\\/\\\/latamjournalismreview.org\\\/pt-br\\\/#website\",\"url\":\"https:\\\/\\\/latamjournalismreview.org\\\/pt-br\\\/\",\"name\":\"LatAm Journalism Review\",\"description\":\"Digital magazine on journalism in Latin America\",\"publisher\":{\"@id\":\"https:\\\/\\\/latamjournalismreview.org\\\/pt-br\\\/#organization\"},\"potentialAction\":[{\"@type\":\"SearchAction\",\"target\":{\"@type\":\"EntryPoint\",\"urlTemplate\":\"https:\\\/\\\/latamjournalismreview.org\\\/pt-br\\\/?s={search_term_string}\"},\"query-input\":{\"@type\":\"PropertyValueSpecification\",\"valueRequired\":true,\"valueName\":\"search_term_string\"}}],\"inLanguage\":\"pt-BR\"},{\"@type\":\"Organization\",\"@id\":\"https:\\\/\\\/latamjournalismreview.org\\\/pt-br\\\/#organization\",\"name\":\"LatAm Journalism Review\",\"url\":\"https:\\\/\\\/latamjournalismreview.org\\\/pt-br\\\/\",\"logo\":{\"@type\":\"ImageObject\",\"inLanguage\":\"pt-BR\",\"@id\":\"https:\\\/\\\/latamjournalismreview.org\\\/pt-br\\\/#\\\/schema\\\/logo\\\/image\\\/\",\"url\":\"https:\\\/\\\/latamjournalismreview.org\\\/wp-content\\\/uploads\\\/2020\\\/05\\\/knight-latAm-review-logo.svg\",\"contentUrl\":\"https:\\\/\\\/latamjournalismreview.org\\\/wp-content\\\/uploads\\\/2020\\\/05\\\/knight-latAm-review-logo.svg\",\"width\":\"1024\",\"height\":\"1024\",\"caption\":\"LatAm Journalism Review\"},\"image\":{\"@id\":\"https:\\\/\\\/latamjournalismreview.org\\\/pt-br\\\/#\\\/schema\\\/logo\\\/image\\\/\"},\"sameAs\":[\"https:\\\/\\\/x.com\\\/LatAmJournalism\"]},{\"@type\":\"Person\",\"@id\":\"https:\\\/\\\/latamjournalismreview.org\\\/pt-br\\\/#\\\/schema\\\/person\\\/eac7baa6afada0957e047be9fc15703a\",\"name\":\"Silvia Higuera\",\"description\":\"Silvia A. Higuera Fl\u00f3rez is a Colombian journalist interested in covering Latin American issues and human rights, especially the right to freedom of expression, and investigative journalism. She studied Social Communication and Journalism at Universidad Pontificia Bolivariana in Bucaramanga (Colombia), and received her Master's of Arts in Journalism from the University of Texas at Austin in 2015. She worked with the Office of the Special Rapporteur for Freedom of Expression of the Inter-American Commission on Human Rights (IACHR) under the Orlando Sierra fellowship during 2014. She also worked for the Colombian newspaper Vanguardia Liberal and wrote for different magazines about local, economic and public order issues. Her work has also appeared in The Miami Herald and El Nuevo Herald of Miami. Email: silvia.knightcenter@gmail.com Silvia A. Higuera Fl\u00f3rez es una periodista colombiana con inter\u00e9s period\u00edstico es Am\u00e9rica Latina y los derechos humanos, particularmente el derecho a la libertad de expresi\u00f3n, as\u00ed como el periodismo de investigaci\u00f3n. Estudi\u00f3 Comunicaci\u00f3n Social \u2013 Periodismo en la Universidad Pontificia Bolivariana de Bucaramanga (Colombia), y recibi\u00f3 su maestr\u00eda en Periodismo en la Universidad de Texas, en Austin en 2015. Trabaj\u00f3 para la Relator\u00eda Especial para la Libertad de Expresi\u00f3n de la Comisi\u00f3n Interamericana de Derechos Humanos (CIDH) en el marco de la beca Orlando Sierra, durante 2014. Tambi\u00e9n hizo parte del diario Vanguardia Liberal y escribi\u00f3 para otras revistas colombianas cubriendo fuentes locales, econ\u00f3micas y judiciales. Algunos de sus trabajos han aparecido en The Miami Herald y El Nuevo Herald de Miami. Silvia A. Higuera Fl\u00f3rez \u00e9 uma jornalista colombiana e seu interesse jornal\u00edstico \u00e9 a Am\u00e9rica Latina e os direitos humanos, nomeadamente o direito \u00e0 liberdade de express\u00e3o. Estudou Comunica\u00e7\u00e3o Social \u2013 Jornalismo na Universidade Pontif\u00edcia Bolivariana de Bucaramanga, na Col\u00f4mbia e completou seu mestrado em jornalismo na Universidade do Texas em Austin. Silvia trabalhou na Relatoria para a Liberdade de Express\u00e3o da CIDH pela bolsa Orlando Sierra, em 2014. Trabalhou para o jornal Vanguardia Liberal e escreveu para outras revistas colombianas cobrindo temas locais, econ\u00f4micas e judici\u00e1rias. Alguns de seus trabalhos apareceram no The Miami Herald e no El Nuevo Herald de Miami.\",\"sameAs\":[\"https:\\\/\\\/x.com\\\/shiguerita\"],\"url\":\"https:\\\/\\\/latamjournalismreview.org\\\/pt-br\\\/articles\\\/author\\\/silvia-higuera\\\/\"}]}<\/script>\n<!-- \/ Yoast SEO Premium plugin. -->","yoast_head_json":{"title":"Dorrit Harazim de Brasil y Mart\u00edn Caparr\u00f3s de Argentina entre los ganadores de los Premios Maria Moors Cabot 2017 - LatAm Journalism Review by the Knight Center","description":"Dorrit Harazim de Brasil y Mart\u00edn Caparr\u00f3s de Argentina entre los ganadores de los Premios Maria Moors Cabot 2017 Pr\u00eamios e oportunidades. Latin American Journalism Review by The Knight Center at The University of Texas at Austin.","robots":{"index":"index","follow":"follow","max-snippet":"max-snippet:-1","max-image-preview":"max-image-preview:large","max-video-preview":"max-video-preview:-1"},"canonical":"https:\/\/latamjournalismreview.org\/pt-br\/articles\/dorrit-harazim-de-brasil-y-martin-caparros-de-argentina-entre-los-ganadores-de-los-premios-maria-moors-cabot-2017\/","og_locale":"pt_BR","og_type":"article","og_title":"Dorrit Harazim de Brasil y Mart\u00edn Caparr\u00f3s de Argentina entre los ganadores de los Premios Maria Moors Cabot 2017","og_description":"Dorrit Harazim de Brasil y Mart\u00edn Caparr\u00f3s de Argentina entre los ganadores de los Premios Maria Moors Cabot 2017 Pr\u00eamios e oportunidades. Latin American Journalism Review by The Knight Center at The University of Texas at Austin.","og_url":"https:\/\/latamjournalismreview.org\/pt-br\/articles\/dorrit-harazim-de-brasil-y-martin-caparros-de-argentina-entre-los-ganadores-de-los-premios-maria-moors-cabot-2017\/","og_site_name":"LatAm Journalism Review by the Knight Center","article_published_time":"2017-07-21T21:49:45+00:00","article_modified_time":"2022-01-05T21:52:14+00:00","author":"Silvia Higuera","twitter_card":"summary_large_image","twitter_creator":"@shiguerita","twitter_site":"@LatAmJournalism","twitter_misc":{"Written by":"Silvia Higuera","Est. reading time":"6 minutos"},"schema":{"@context":"https:\/\/schema.org","@graph":[{"@type":"Article","@id":"https:\/\/latamjournalismreview.org\/pt-br\/articles\/dorrit-harazim-de-brasil-y-martin-caparros-de-argentina-entre-los-ganadores-de-los-premios-maria-moors-cabot-2017\/#article","isPartOf":{"@id":"https:\/\/latamjournalismreview.org\/pt-br\/articles\/dorrit-harazim-de-brasil-y-martin-caparros-de-argentina-entre-los-ganadores-de-los-premios-maria-moors-cabot-2017\/"},"author":{"name":"Silvia Higuera","@id":"https:\/\/latamjournalismreview.org\/pt-br\/#\/schema\/person\/eac7baa6afada0957e047be9fc15703a"},"headline":"Dorrit Harazim de Brasil y Mart\u00edn Caparr\u00f3s de Argentina entre los ganadores de los Premios Maria Moors Cabot 2017","datePublished":"2017-07-21T21:49:45+00:00","dateModified":"2022-01-05T21:52:14+00:00","mainEntityOfPage":{"@id":"https:\/\/latamjournalismreview.org\/pt-br\/articles\/dorrit-harazim-de-brasil-y-martin-caparros-de-argentina-entre-los-ganadores-de-los-premios-maria-moors-cabot-2017\/"},"wordCount":1301,"publisher":{"@id":"https:\/\/latamjournalismreview.org\/pt-br\/#organization"},"keywords":["Argentina","Pr\u00eamios"],"articleSection":["Pr\u00eamios e oportunidades"],"inLanguage":"pt-BR"},{"@type":"WebPage","@id":"https:\/\/latamjournalismreview.org\/pt-br\/articles\/dorrit-harazim-de-brasil-y-martin-caparros-de-argentina-entre-los-ganadores-de-los-premios-maria-moors-cabot-2017\/","url":"https:\/\/latamjournalismreview.org\/pt-br\/articles\/dorrit-harazim-de-brasil-y-martin-caparros-de-argentina-entre-los-ganadores-de-los-premios-maria-moors-cabot-2017\/","name":"Dorrit Harazim de Brasil y Mart\u00edn Caparr\u00f3s de Argentina entre los ganadores de los Premios Maria Moors Cabot 2017 - LatAm Journalism Review by the Knight Center","isPartOf":{"@id":"https:\/\/latamjournalismreview.org\/pt-br\/#website"},"datePublished":"2017-07-21T21:49:45+00:00","dateModified":"2022-01-05T21:52:14+00:00","description":"Dorrit Harazim de Brasil y Mart\u00edn Caparr\u00f3s de Argentina entre los ganadores de los Premios Maria Moors Cabot 2017 Pr\u00eamios e oportunidades. Latin American Journalism Review by The Knight Center at The University of Texas at Austin.","breadcrumb":{"@id":"https:\/\/latamjournalismreview.org\/pt-br\/articles\/dorrit-harazim-de-brasil-y-martin-caparros-de-argentina-entre-los-ganadores-de-los-premios-maria-moors-cabot-2017\/#breadcrumb"},"inLanguage":"pt-BR","potentialAction":[{"@type":"ReadAction","target":["https:\/\/latamjournalismreview.org\/pt-br\/articles\/dorrit-harazim-de-brasil-y-martin-caparros-de-argentina-entre-los-ganadores-de-los-premios-maria-moors-cabot-2017\/"]}]},{"@type":"BreadcrumbList","@id":"https:\/\/latamjournalismreview.org\/pt-br\/articles\/dorrit-harazim-de-brasil-y-martin-caparros-de-argentina-entre-los-ganadores-de-los-premios-maria-moors-cabot-2017\/#breadcrumb","itemListElement":[{"@type":"ListItem","position":1,"name":"Home","item":"https:\/\/latamjournalismreview.org\/pt-br\/"},{"@type":"ListItem","position":2,"name":"Dorrit Harazim de Brasil y Mart\u00edn Caparr\u00f3s de Argentina entre los ganadores de los Premios Maria Moors Cabot 2017"}]},{"@type":"WebSite","@id":"https:\/\/latamjournalismreview.org\/pt-br\/#website","url":"https:\/\/latamjournalismreview.org\/pt-br\/","name":"LatAm Journalism Review","description":"Digital magazine on journalism in Latin America","publisher":{"@id":"https:\/\/latamjournalismreview.org\/pt-br\/#organization"},"potentialAction":[{"@type":"SearchAction","target":{"@type":"EntryPoint","urlTemplate":"https:\/\/latamjournalismreview.org\/pt-br\/?s={search_term_string}"},"query-input":{"@type":"PropertyValueSpecification","valueRequired":true,"valueName":"search_term_string"}}],"inLanguage":"pt-BR"},{"@type":"Organization","@id":"https:\/\/latamjournalismreview.org\/pt-br\/#organization","name":"LatAm Journalism Review","url":"https:\/\/latamjournalismreview.org\/pt-br\/","logo":{"@type":"ImageObject","inLanguage":"pt-BR","@id":"https:\/\/latamjournalismreview.org\/pt-br\/#\/schema\/logo\/image\/","url":"https:\/\/latamjournalismreview.org\/wp-content\/uploads\/2020\/05\/knight-latAm-review-logo.svg","contentUrl":"https:\/\/latamjournalismreview.org\/wp-content\/uploads\/2020\/05\/knight-latAm-review-logo.svg","width":"1024","height":"1024","caption":"LatAm Journalism Review"},"image":{"@id":"https:\/\/latamjournalismreview.org\/pt-br\/#\/schema\/logo\/image\/"},"sameAs":["https:\/\/x.com\/LatAmJournalism"]},{"@type":"Person","@id":"https:\/\/latamjournalismreview.org\/pt-br\/#\/schema\/person\/eac7baa6afada0957e047be9fc15703a","name":"Silvia Higuera","description":"Silvia A. Higuera Fl\u00f3rez is a Colombian journalist interested in covering Latin American issues and human rights, especially the right to freedom of expression, and investigative journalism. She studied Social Communication and Journalism at Universidad Pontificia Bolivariana in Bucaramanga (Colombia), and received her Master's of Arts in Journalism from the University of Texas at Austin in 2015. She worked with the Office of the Special Rapporteur for Freedom of Expression of the Inter-American Commission on Human Rights (IACHR) under the Orlando Sierra fellowship during 2014. She also worked for the Colombian newspaper Vanguardia Liberal and wrote for different magazines about local, economic and public order issues. Her work has also appeared in The Miami Herald and El Nuevo Herald of Miami. Email: silvia.knightcenter@gmail.com Silvia A. Higuera Fl\u00f3rez es una periodista colombiana con inter\u00e9s period\u00edstico es Am\u00e9rica Latina y los derechos humanos, particularmente el derecho a la libertad de expresi\u00f3n, as\u00ed como el periodismo de investigaci\u00f3n. Estudi\u00f3 Comunicaci\u00f3n Social \u2013 Periodismo en la Universidad Pontificia Bolivariana de Bucaramanga (Colombia), y recibi\u00f3 su maestr\u00eda en Periodismo en la Universidad de Texas, en Austin en 2015. Trabaj\u00f3 para la Relator\u00eda Especial para la Libertad de Expresi\u00f3n de la Comisi\u00f3n Interamericana de Derechos Humanos (CIDH) en el marco de la beca Orlando Sierra, durante 2014. Tambi\u00e9n hizo parte del diario Vanguardia Liberal y escribi\u00f3 para otras revistas colombianas cubriendo fuentes locales, econ\u00f3micas y judiciales. Algunos de sus trabajos han aparecido en The Miami Herald y El Nuevo Herald de Miami. Silvia A. Higuera Fl\u00f3rez \u00e9 uma jornalista colombiana e seu interesse jornal\u00edstico \u00e9 a Am\u00e9rica Latina e os direitos humanos, nomeadamente o direito \u00e0 liberdade de express\u00e3o. Estudou Comunica\u00e7\u00e3o Social \u2013 Jornalismo na Universidade Pontif\u00edcia Bolivariana de Bucaramanga, na Col\u00f4mbia e completou seu mestrado em jornalismo na Universidade do Texas em Austin. Silvia trabalhou na Relatoria para a Liberdade de Express\u00e3o da CIDH pela bolsa Orlando Sierra, em 2014. Trabalhou para o jornal Vanguardia Liberal e escreveu para outras revistas colombianas cobrindo temas locais, econ\u00f4micas e judici\u00e1rias. Alguns de seus trabalhos apareceram no The Miami Herald e no El Nuevo Herald de Miami.","sameAs":["https:\/\/x.com\/shiguerita"],"url":"https:\/\/latamjournalismreview.org\/pt-br\/articles\/author\/silvia-higuera\/"}]}},"_links":{"self":[{"href":"https:\/\/latamjournalismreview.org\/pt-br\/wp-json\/wp\/v2\/posts\/46323","targetHints":{"allow":["GET"]}}],"collection":[{"href":"https:\/\/latamjournalismreview.org\/pt-br\/wp-json\/wp\/v2\/posts"}],"about":[{"href":"https:\/\/latamjournalismreview.org\/pt-br\/wp-json\/wp\/v2\/types\/post"}],"author":[{"embeddable":true,"href":"https:\/\/latamjournalismreview.org\/pt-br\/wp-json\/wp\/v2\/users\/13"}],"replies":[{"embeddable":true,"href":"https:\/\/latamjournalismreview.org\/pt-br\/wp-json\/wp\/v2\/comments?post=46323"}],"version-history":[{"count":1,"href":"https:\/\/latamjournalismreview.org\/pt-br\/wp-json\/wp\/v2\/posts\/46323\/revisions"}],"predecessor-version":[{"id":46325,"href":"https:\/\/latamjournalismreview.org\/pt-br\/wp-json\/wp\/v2\/posts\/46323\/revisions\/46325"}],"wp:attachment":[{"href":"https:\/\/latamjournalismreview.org\/pt-br\/wp-json\/wp\/v2\/media?parent=46323"}],"wp:term":[{"taxonomy":"category","embeddable":true,"href":"https:\/\/latamjournalismreview.org\/pt-br\/wp-json\/wp\/v2\/categories?post=46323"},{"taxonomy":"post_tag","embeddable":true,"href":"https:\/\/latamjournalismreview.org\/pt-br\/wp-json\/wp\/v2\/tags?post=46323"},{"taxonomy":"author","embeddable":true,"href":"https:\/\/latamjournalismreview.org\/pt-br\/wp-json\/wp\/v2\/coauthors?post=46323"}],"curies":[{"name":"wp","href":"https:\/\/api.w.org\/{rel}","templated":true}]}}