{"id":46623,"date":"2017-07-05T09:30:39","date_gmt":"2017-07-05T14:30:39","guid":{"rendered":"https:\/\/latamjournalismreview.org\/?p=46623"},"modified":"2022-01-10T09:31:25","modified_gmt":"2022-01-10T14:31:25","slug":"juiz-equatoriano-decide-que-jornalista-martin-pallares-e-inocente-de-denuncia-feita-por-rafael-correa","status":"publish","type":"post","link":"https:\/\/latamjournalismreview.org\/pt-br\/articles\/juiz-equatoriano-decide-que-jornalista-martin-pallares-e-inocente-de-denuncia-feita-por-rafael-correa\/","title":{"rendered":"Juiz equatoriano decide que jornalista Mart\u00edn Pallares \u00e9 inocente de den\u00fancia feita por Rafael Correa"},"content":{"rendered":"<p>\u201cInocente\u201d.\u00a0<a href=\"https:\/\/twitter.com\/Martinminguchi\/status\/881947561711554560\" target=\"_blank\" rel=\"noopener\">Com essa palavra, o jornalista equatoriano Mart\u00edn Pallares\u00a0anunciou no Twitter a decis\u00e3o do juiz ap\u00f3s sua audi\u00eancia em uma a\u00e7\u00e3o judicial movida\u00a0pelo ex-presidente\u00a0Rafael Correa,\u00a0<\/a>que ocorreu neste\u00a03 de julho. Correa, que estava\u00a0na audi\u00eancia, processou Pallares em resposta a um artigo escrito pelo jornalista.<\/p>\n<p>De acordo com Correa, o artigo de Pallares\u00a0chamado\u00a0\u2018<a href=\"http:\/\/4pelagatos.com\/2017\/04\/25\/si-a-correa-lo-sorprenden-robando-podria-decir-que-estaba-cuidando\/\" target=\"_blank\" rel=\"noopener\">Si a Correa lo sorprenden robando, podr\u00eda decir que estaba cuidando<\/a>\u2019\u00a0(Se flagrassem\u00a0Correa\u00a0roubando, ele poderia dizer que estava tomando conta) continha\u00a0\"express\u00f5es\u00a0de descr\u00e9dito e desonra\" contra ele, segundo o\u00a0<a href=\"http:\/\/www.fundamedios.org\/alertas\/expresidente-demanda-penalmente-periodista-por-un-articulo\/\" target=\"_blank\" rel=\"noopener\">Fundamedios<\/a>. No processo, Correa citou uma lei que pode causar at\u00e9\u00a0<a href=\"http:\/\/4pelagatos.com\/2017\/06\/21\/rafael-correa-demanda-al-pelagato-pallares\/\" target=\"_blank\" rel=\"noopener\">30 dias de pris\u00e3o, e pediu \"indeniza\u00e7\u00f5es\u00a0civis<\/a>\u00a0no montante que voc\u00ea considerar pertinente\u201d, segundo o\u00a04Pelagatos, portal do qual Pallares \u00e9 co-fundador.<\/p>\n<p>Ap\u00f3s ouvir os argumentos da acusa\u00e7\u00e3o e da defesa,\u00a0o\u00a0<a href=\"https:\/\/twitter.com\/ODJEcuador\/status\/881947298158215169\" target=\"_blank\" rel=\"noopener\">juiz determinou que\u00a0se provou que a autoria era de Pallares, mas n\u00e3o se mostrou que Correa\u00a0foi afetado pelo artigo<\/a>, segundo publicou no Twitter o\u00a0Observatorio Derechos y Justicia. A\u00a0<a href=\"http:\/\/www.eltelegrafo.com.ec\/noticias\/politica\/2\/defensa-de-exmandatario-apelara-fallo-a-favor-de-pallares\" target=\"_blank\" rel=\"noopener\">defesa de Correa anunciou que vai recorrer da decis\u00e3o,<\/a>\u00a0informou o El Tel\u00e9grafo.<\/p>\n<p>Juan Pablo Alb\u00e1n, um dos advogados do jornalista, expressou\u00a0por meio de seu Twitter seu\u00a0<a href=\"https:\/\/twitter.com\/JuanPablo_Alban\/status\/881895266139373568\" target=\"_blank\" rel=\"noopener\">descontentamento\u00a0de que audi\u00eancia\u00a0ocorreu mesmo com \"v\u00edcios\u00a0processuais\u201d<\/a>.<\/p>\n<p>\u201cA\u00a0<a href=\"https:\/\/twitter.com\/farithsimon\/status\/881903587214929923\" target=\"_blank\" rel=\"noopener\">\u00fanica \u2018prova\u2019 \u00e9\u00a0que\u00a0[Pallares] escreveu um artigo. Tudo\u00a0<\/a><a href=\"https:\/\/twitter.com\/farithsimon\/status\/881903587214929923\" target=\"_blank\" rel=\"noopener\">errado<\/a>\u201d, escreveu\u00a0Farith Simon, outro dos advogados\u00a0de\u00a0Pallares.<\/p>\n<p>Em seu artigo, publicado no dia\u00a025 de abril de 2017 no portal\u00a0<a href=\"http:\/\/4pelagatos.com\/\" target=\"_blank\" rel=\"noopener\">4Pelagatos<\/a>,\u00a0Pallares\u00a0assinala que\u00a0Correa \u00e9 \u201ccapaz de distorcer o significado das palavras\u00a0para que elas se adaptem ao que lhe conv\u00e9m\u201d, ao referir-se ao caso de um ex-ministro da Energia do Equador, investigado\u00a0por corrup\u00e7\u00e3o no caso do esc\u00e2ndalo mundial da\u00a0Odebrecht.<\/p>\n<p>Segundo Pallares, em uma de suas\u00a0declara\u00e7\u00f5es enquanto era presidente,<a href=\"http:\/\/4pelagatos.com\/2017\/04\/25\/si-a-correa-lo-sorprenden-robando-podria-decir-que-estaba-cuidando\/\" target=\"_blank\" rel=\"noopener\">\u00a0Correa defendeu o ex-ministro, ao\u00a0assegurar que ele\u00a0recebeu um milh\u00e3o de d\u00f3lares\u00a0quando ainda\u00a0n\u00e3o era funcion\u00e1rio<\/a>,\u00a0e a irregularidade estava\u00a0na n\u00e3o-declara\u00e7\u00e3o do dinheiro.<\/p>\n<p>\u201cPallares comentou\u00a0que\u00a0<a href=\"http:\/\/www.fundamedios.org\/alertas\/expresidente-demanda-penalmente-periodista-por-un-articulo\/\" target=\"_blank\" rel=\"noopener\">foi feita uma compara\u00e7\u00e3o\u00a0a respeito para demonstrar\u00a0a l\u00f3gica absurda do ex-presidente, mas assegurou que n\u00e3o o acusou de nada<\/a>\u201d, segundo o\u00a0Fundamedios.<\/p>\n<p>Em sua queixa, Correa afirmou que o jornalista \"se refere\u00a0a mim com express\u00f5es que afetam a minha honra, acusando-me de atos que conflitam com a lei e a moral, e ao faz\u00ea-lo, tamb\u00e9m usando um meio de comunica\u00e7\u00e3o\u00a0amplamente difundido, fornece\u00a0provas de que havia uma inten\u00e7\u00e3o maliciosa de me causar danos\", acrescentou o\u00a0Fundamedios.\u200b<\/p>\n<p>Durante a audi\u00eancia\u00a0houve confronto entre\u00a0os\u00a0seguidores de Correa\u00a0e os apoiadores de\u00a0Pallares. As hashtags\u00a0<a href=\"https:\/\/twitter.com\/hashtag\/todxssomosmartin?src=hash\" target=\"_blank\" rel=\"noopener\">#TodxsSomosMartin<\/a>\u00a0e\u00a0<a href=\"https:\/\/twitter.com\/hashtag\/CorreaVsPallares?src=hash\" target=\"_blank\" rel=\"noopener\">#CorreaVsPallares<\/a>\u00a0foram utilizadas para informar o que ocorria no julgamento.<\/p>\n<p>O processo apresentado por Correa novamente gerou debate sobre a prote\u00e7\u00e3o da liberdade de express\u00e3o e da imprensa. O jornalista questionou que Correa apresentou o processo como cidad\u00e3o,\u00a0quando o artigo foi publicado enquanto ele ainda era presidente, e\u00a0portanto, deveria ter sido mais tolerante com as cr\u00edticas.\u200b<\/p>\n<p>Correa deixou o cargo em 24 de maio de 2017 e foi sucedido por um de seus ex-vice-presidentes, Len\u00edn Moreno.\u200b<\/p>\n<p>\"Esta \u00e9 uma quest\u00e3o de liberdade de express\u00e3o e um presidente \u00e9 obrigado a assumir responsabilidades e\u00a0receber as\u00a0cr\u00edticas e o\u00a0escrut\u00ednio dos cidad\u00e3os, seus constituintes. Este \u00e9 um t\u00f3pico de tentar criminalizar a opini\u00e3o, mas as opini\u00f5es n\u00e3o podem ser consideradas crimes\", disse Pallares, de acordo com a Fundamedios.\u200b<\/p>\n<p>Por sua vez, o site do qual Pallares \u00e9 fundador junto com outros colegas\u00a0indicou que eles se defenderiam neste caso.\u200b<\/p>\n<p>\u201c4Pelagatos\u00a0<a href=\"http:\/\/4pelagatos.com\/2017\/06\/21\/rafael-correa-demanda-al-pelagato-pallares\/\" target=\"_blank\" rel=\"noopener\">encarar\u00e1 esta den\u00fancia\u00a0pelo\u00a0significado que ela\u00a0tem: outro atentado de Correa contra a liberdade de express\u00e3o<\/a>.\u00a0Uma nova demonstra\u00e7\u00e3o de seu desejo de intimidar e punir, agora vi\u00favo de poder, as\u00a0vozes e canetas que n\u00e3o desistiram durante seu governo autorit\u00e1rio. Este julgamento ser\u00e1 realizado sob o governo Len\u00edn Moreno e servir\u00e1 para mostrar se os ju\u00edzes atuam agora vinculados \u00e0 lei. Ou se eles ainda recebem ordens de um ex-presidente que, al\u00e9m de ser autorit\u00e1rio e intolerante, v\u00ea fantasmas onde n\u00e3o h\u00e1 nenhum\", escreveu o portal.\u200b<\/p>\n<p>O\u00a0<a href=\"https:\/\/knightcenter.utexas.edu\/pt-br\/blog\/00-13946-discurso-estigmatizante-de-correa-fomentaria-agressoes-contra-imprensa-no-equador-gara\">embate\u00a0entre a imprensa e Correa \u00e9 amplamente conhecido<\/a>. A partir do primeiro dia de seu\u00a0mandato, ele chamou\u00a0a m\u00eddia de \"inimigo\". Mais tarde, atrav\u00e9s de suas transmiss\u00f5es semanais conhecidas como \"sabatinas\", ele constantemente criticou os jornalistas, geralmente chamando-os de \"imprensa corrupta\" e alguns profissionais de \"assassinos de tinta\".\u200b<\/p>\n<p>Pallares foi um de seus alvos. Correa o chamou de nomes como doente, incapaz, mentiroso, entre outras. De fato, em 2013, a ONG\u00a0Fundamedios publicou um relat\u00f3rio\u00a0chamado\u00a0<a href=\"http:\/\/www.fundamedios.org\/caso-pallares-o-los-estigmas-de-ser-periodista\/\" target=\"_blank\" rel=\"noopener\">\u2018El caso Mart\u00edn Pallares o los estigmas de ser periodista\u2019<\/a>\u00a0(O caso Mart\u00edn Pallares, ou os estigmas de ser jornalista).<\/p>\n<p>Em 2015, Pallares foi demitido do jornal\u00a0El Comercio, onde trabalhava h\u00e1 13 anos, porque se negou a deixar o ve\u00edculo\u00a0condicionar a forma com que ele expressava\u00a0sua opini\u00e3o no Twitter. Segundo\u00a0Pallares,\u00a0<a href=\"https:\/\/knightcenter.utexas.edu\/es\/blog\/00-16271-periodista-ecuatoriano-cuenta-que-fue-despedido-por-no-aceptar-que-periodico-condicion\" target=\"_blank\" rel=\"noopener\">a dire\u00e7\u00e3o do di\u00e1rio havia dito que ele \"estava expondo a empresa por\u00a0[sua] forma de tratar o Presidente da Rep\u00fablica<\/a>\u00a0e que ele\u00a0havia produzido muitos enfrentamentos contra os irm\u00e3os\u00a0Alvarado\u201d,\u00a0na\u00a0\u00e9poca os secret\u00e1rios de Administra\u00e7\u00e3o P\u00fablica e de Comunica\u00e7\u00e3o.<\/p>\n<p>Na \u00e9poca,\u00a0Pallares\u00a0disse ao\u00a0<strong>Centro Knight<\/strong>\u00a0que\u00a0o\u00a0<a href=\"https:\/\/knightcenter.utexas.edu\/es\/blog\/00-16271-periodista-ecuatoriano-cuenta-que-fue-despedido-por-no-aceptar-que-periodico-condicion\" target=\"_blank\" rel=\"noopener\">medo que\u00a0os jornalistas\u00a0e os meios de comunica\u00e7\u00e3o\u00a0tinha a ver com a Lei Org\u00e2nica de Comunica\u00e7\u00e3o<\/a>\u00a0(LOC), que pode impor uma s\u00e9rie de san\u00e7\u00f5es, que incluem multas exorbitantes e podem levar \u00e0 autocensura.<\/p>\n<p>No \u00faltimo dia 25 de junho, a\u00a0<a href=\"https:\/\/knightcenter.utexas.edu\/pt-br\/blog\/00-18528-lei-de-comunicacao-do-equador-impos-sancoes-675-meios-de-comunicacao-e-jornalistas-em-\" target=\"_blank\" rel=\"noopener\">LOC completou quatro anos de vig\u00eancia, durante os quais sancionou\u00a0675 meios e jornalistas<\/a>.<\/p>\n<p><em>Nota do editor: Essa hist\u00f3ria foi publicada originalmente no blog de jornalismo nas Am\u00e9ricas do Centro Knight, o predecessor do LatAm Journalism Review.<\/em><\/p>\n","protected":false},"excerpt":{"rendered":"<p>\u201cInocente\u201d.\u00a0Com essa palavra, o jornalista equatoriano Mart\u00edn Pallares\u00a0anunciou no Twitter a decis\u00e3o do juiz ap\u00f3s sua audi\u00eancia em uma a\u00e7\u00e3o judicial movida\u00a0pelo ex-presidente\u00a0Rafael Correa,\u00a0que ocorreu neste\u00a03 de julho. Correa, que estava\u00a0na audi\u00eancia, processou Pallares em resposta a um artigo escrito pelo jornalista.<\/p>\n","protected":false},"author":13,"featured_media":0,"comment_status":"closed","ping_status":"closed","sticky":false,"template":"","format":"standard","meta":{"inline_featured_image":false,"footnotes":""},"categories":[1219],"tags":[1379,1570,2051],"coauthors":[],"class_list":["post-46623","post","type-post","status-publish","format-standard","hentry","category-liberdade-de-imprensa-pt-br","tag-casos-judiciais-pt-br","tag-equador-pt-br","tag-liberdade-de-expressao-pt-br"],"acf":[],"yoast_head":"<!-- This site is optimized with the Yoast SEO Premium plugin v22.6 (Yoast SEO v27.4) - https:\/\/yoast.com\/product\/yoast-seo-premium-wordpress\/ -->\n<title>Juiz equatoriano decide que jornalista Mart\u00edn Pallares \u00e9 inocente de den\u00fancia feita por Rafael Correa - LatAm Journalism Review by the Knight Center<\/title>\n<meta name=\"description\" content=\"Juiz equatoriano decide que jornalista Mart\u00edn Pallares \u00e9 inocente de den\u00fancia feita por Rafael Correa Liberdade de imprensa. Latin American Journalism Review by The Knight Center at The University of Texas at Austin.\" \/>\n<meta name=\"robots\" content=\"index, follow, max-snippet:-1, max-image-preview:large, max-video-preview:-1\" \/>\n<link rel=\"canonical\" href=\"https:\/\/latamjournalismreview.org\/pt-br\/articles\/juiz-equatoriano-decide-que-jornalista-martin-pallares-e-inocente-de-denuncia-feita-por-rafael-correa\/\" \/>\n<meta property=\"og:locale\" content=\"pt_BR\" \/>\n<meta property=\"og:type\" content=\"article\" \/>\n<meta property=\"og:title\" content=\"Juiz equatoriano decide que jornalista Mart\u00edn Pallares \u00e9 inocente de den\u00fancia feita por Rafael Correa\" \/>\n<meta property=\"og:description\" content=\"Juiz equatoriano decide que jornalista Mart\u00edn Pallares \u00e9 inocente de den\u00fancia feita por Rafael Correa Liberdade de imprensa. Latin American Journalism Review by The Knight Center at The University of Texas at Austin.\" \/>\n<meta property=\"og:url\" content=\"https:\/\/latamjournalismreview.org\/pt-br\/articles\/juiz-equatoriano-decide-que-jornalista-martin-pallares-e-inocente-de-denuncia-feita-por-rafael-correa\/\" \/>\n<meta property=\"og:site_name\" content=\"LatAm Journalism Review by the Knight Center\" \/>\n<meta property=\"article:published_time\" content=\"2017-07-05T14:30:39+00:00\" \/>\n<meta property=\"article:modified_time\" content=\"2022-01-10T14:31:25+00:00\" \/>\n<meta name=\"author\" content=\"Silvia Higuera\" \/>\n<meta name=\"twitter:card\" content=\"summary_large_image\" \/>\n<meta name=\"twitter:creator\" content=\"@shiguerita\" \/>\n<meta name=\"twitter:site\" content=\"@LatAmJournalism\" \/>\n<meta name=\"twitter:label1\" content=\"Written by\" \/>\n\t<meta name=\"twitter:data1\" content=\"Silvia Higuera\" \/>\n\t<meta name=\"twitter:label2\" content=\"Est. reading time\" \/>\n\t<meta name=\"twitter:data2\" content=\"5 minutos\" \/>\n<script type=\"application\/ld+json\" class=\"yoast-schema-graph\">{\"@context\":\"https:\\\/\\\/schema.org\",\"@graph\":[{\"@type\":\"Article\",\"@id\":\"https:\\\/\\\/latamjournalismreview.org\\\/pt-br\\\/articles\\\/juiz-equatoriano-decide-que-jornalista-martin-pallares-e-inocente-de-denuncia-feita-por-rafael-correa\\\/#article\",\"isPartOf\":{\"@id\":\"https:\\\/\\\/latamjournalismreview.org\\\/pt-br\\\/articles\\\/juiz-equatoriano-decide-que-jornalista-martin-pallares-e-inocente-de-denuncia-feita-por-rafael-correa\\\/\"},\"author\":{\"name\":\"Silvia Higuera\",\"@id\":\"https:\\\/\\\/latamjournalismreview.org\\\/pt-br\\\/#\\\/schema\\\/person\\\/eac7baa6afada0957e047be9fc15703a\"},\"headline\":\"Juiz equatoriano decide que jornalista Mart\u00edn Pallares \u00e9 inocente de den\u00fancia feita por Rafael Correa\",\"datePublished\":\"2017-07-05T14:30:39+00:00\",\"dateModified\":\"2022-01-10T14:31:25+00:00\",\"mainEntityOfPage\":{\"@id\":\"https:\\\/\\\/latamjournalismreview.org\\\/pt-br\\\/articles\\\/juiz-equatoriano-decide-que-jornalista-martin-pallares-e-inocente-de-denuncia-feita-por-rafael-correa\\\/\"},\"wordCount\":999,\"publisher\":{\"@id\":\"https:\\\/\\\/latamjournalismreview.org\\\/pt-br\\\/#organization\"},\"keywords\":[\"Casos judiciais\",\"Equador\",\"Liberdade de express\u00e3o\"],\"articleSection\":[\"Liberdade de imprensa\"],\"inLanguage\":\"pt-BR\"},{\"@type\":\"WebPage\",\"@id\":\"https:\\\/\\\/latamjournalismreview.org\\\/pt-br\\\/articles\\\/juiz-equatoriano-decide-que-jornalista-martin-pallares-e-inocente-de-denuncia-feita-por-rafael-correa\\\/\",\"url\":\"https:\\\/\\\/latamjournalismreview.org\\\/pt-br\\\/articles\\\/juiz-equatoriano-decide-que-jornalista-martin-pallares-e-inocente-de-denuncia-feita-por-rafael-correa\\\/\",\"name\":\"Juiz equatoriano decide que jornalista Mart\u00edn Pallares \u00e9 inocente de den\u00fancia feita por Rafael Correa - LatAm Journalism Review by the Knight Center\",\"isPartOf\":{\"@id\":\"https:\\\/\\\/latamjournalismreview.org\\\/pt-br\\\/#website\"},\"datePublished\":\"2017-07-05T14:30:39+00:00\",\"dateModified\":\"2022-01-10T14:31:25+00:00\",\"description\":\"Juiz equatoriano decide que jornalista Mart\u00edn Pallares \u00e9 inocente de den\u00fancia feita por Rafael Correa Liberdade de imprensa. Latin American Journalism Review by The Knight Center at The University of Texas at Austin.\",\"breadcrumb\":{\"@id\":\"https:\\\/\\\/latamjournalismreview.org\\\/pt-br\\\/articles\\\/juiz-equatoriano-decide-que-jornalista-martin-pallares-e-inocente-de-denuncia-feita-por-rafael-correa\\\/#breadcrumb\"},\"inLanguage\":\"pt-BR\",\"potentialAction\":[{\"@type\":\"ReadAction\",\"target\":[\"https:\\\/\\\/latamjournalismreview.org\\\/pt-br\\\/articles\\\/juiz-equatoriano-decide-que-jornalista-martin-pallares-e-inocente-de-denuncia-feita-por-rafael-correa\\\/\"]}]},{\"@type\":\"BreadcrumbList\",\"@id\":\"https:\\\/\\\/latamjournalismreview.org\\\/pt-br\\\/articles\\\/juiz-equatoriano-decide-que-jornalista-martin-pallares-e-inocente-de-denuncia-feita-por-rafael-correa\\\/#breadcrumb\",\"itemListElement\":[{\"@type\":\"ListItem\",\"position\":1,\"name\":\"Home\",\"item\":\"https:\\\/\\\/latamjournalismreview.org\\\/pt-br\\\/\"},{\"@type\":\"ListItem\",\"position\":2,\"name\":\"Juiz equatoriano decide que jornalista Mart\u00edn Pallares \u00e9 inocente de den\u00fancia feita por Rafael Correa\"}]},{\"@type\":\"WebSite\",\"@id\":\"https:\\\/\\\/latamjournalismreview.org\\\/pt-br\\\/#website\",\"url\":\"https:\\\/\\\/latamjournalismreview.org\\\/pt-br\\\/\",\"name\":\"LatAm Journalism Review\",\"description\":\"Digital magazine on journalism in Latin America\",\"publisher\":{\"@id\":\"https:\\\/\\\/latamjournalismreview.org\\\/pt-br\\\/#organization\"},\"potentialAction\":[{\"@type\":\"SearchAction\",\"target\":{\"@type\":\"EntryPoint\",\"urlTemplate\":\"https:\\\/\\\/latamjournalismreview.org\\\/pt-br\\\/?s={search_term_string}\"},\"query-input\":{\"@type\":\"PropertyValueSpecification\",\"valueRequired\":true,\"valueName\":\"search_term_string\"}}],\"inLanguage\":\"pt-BR\"},{\"@type\":\"Organization\",\"@id\":\"https:\\\/\\\/latamjournalismreview.org\\\/pt-br\\\/#organization\",\"name\":\"LatAm Journalism Review\",\"url\":\"https:\\\/\\\/latamjournalismreview.org\\\/pt-br\\\/\",\"logo\":{\"@type\":\"ImageObject\",\"inLanguage\":\"pt-BR\",\"@id\":\"https:\\\/\\\/latamjournalismreview.org\\\/pt-br\\\/#\\\/schema\\\/logo\\\/image\\\/\",\"url\":\"https:\\\/\\\/latamjournalismreview.org\\\/wp-content\\\/uploads\\\/2020\\\/05\\\/knight-latAm-review-logo.svg\",\"contentUrl\":\"https:\\\/\\\/latamjournalismreview.org\\\/wp-content\\\/uploads\\\/2020\\\/05\\\/knight-latAm-review-logo.svg\",\"width\":\"1024\",\"height\":\"1024\",\"caption\":\"LatAm Journalism Review\"},\"image\":{\"@id\":\"https:\\\/\\\/latamjournalismreview.org\\\/pt-br\\\/#\\\/schema\\\/logo\\\/image\\\/\"},\"sameAs\":[\"https:\\\/\\\/x.com\\\/LatAmJournalism\"]},{\"@type\":\"Person\",\"@id\":\"https:\\\/\\\/latamjournalismreview.org\\\/pt-br\\\/#\\\/schema\\\/person\\\/eac7baa6afada0957e047be9fc15703a\",\"name\":\"Silvia Higuera\",\"description\":\"Silvia A. Higuera Fl\u00f3rez is a Colombian journalist interested in covering Latin American issues and human rights, especially the right to freedom of expression, and investigative journalism. She studied Social Communication and Journalism at Universidad Pontificia Bolivariana in Bucaramanga (Colombia), and received her Master's of Arts in Journalism from the University of Texas at Austin in 2015. She worked with the Office of the Special Rapporteur for Freedom of Expression of the Inter-American Commission on Human Rights (IACHR) under the Orlando Sierra fellowship during 2014. She also worked for the Colombian newspaper Vanguardia Liberal and wrote for different magazines about local, economic and public order issues. Her work has also appeared in The Miami Herald and El Nuevo Herald of Miami. Email: silvia.knightcenter@gmail.com Silvia A. Higuera Fl\u00f3rez es una periodista colombiana con inter\u00e9s period\u00edstico es Am\u00e9rica Latina y los derechos humanos, particularmente el derecho a la libertad de expresi\u00f3n, as\u00ed como el periodismo de investigaci\u00f3n. Estudi\u00f3 Comunicaci\u00f3n Social \u2013 Periodismo en la Universidad Pontificia Bolivariana de Bucaramanga (Colombia), y recibi\u00f3 su maestr\u00eda en Periodismo en la Universidad de Texas, en Austin en 2015. Trabaj\u00f3 para la Relator\u00eda Especial para la Libertad de Expresi\u00f3n de la Comisi\u00f3n Interamericana de Derechos Humanos (CIDH) en el marco de la beca Orlando Sierra, durante 2014. Tambi\u00e9n hizo parte del diario Vanguardia Liberal y escribi\u00f3 para otras revistas colombianas cubriendo fuentes locales, econ\u00f3micas y judiciales. Algunos de sus trabajos han aparecido en The Miami Herald y El Nuevo Herald de Miami. Silvia A. Higuera Fl\u00f3rez \u00e9 uma jornalista colombiana e seu interesse jornal\u00edstico \u00e9 a Am\u00e9rica Latina e os direitos humanos, nomeadamente o direito \u00e0 liberdade de express\u00e3o. Estudou Comunica\u00e7\u00e3o Social \u2013 Jornalismo na Universidade Pontif\u00edcia Bolivariana de Bucaramanga, na Col\u00f4mbia e completou seu mestrado em jornalismo na Universidade do Texas em Austin. Silvia trabalhou na Relatoria para a Liberdade de Express\u00e3o da CIDH pela bolsa Orlando Sierra, em 2014. Trabalhou para o jornal Vanguardia Liberal e escreveu para outras revistas colombianas cobrindo temas locais, econ\u00f4micas e judici\u00e1rias. Alguns de seus trabalhos apareceram no The Miami Herald e no El Nuevo Herald de Miami.\",\"sameAs\":[\"https:\\\/\\\/x.com\\\/shiguerita\"],\"url\":\"https:\\\/\\\/latamjournalismreview.org\\\/pt-br\\\/articles\\\/author\\\/silvia-higuera\\\/\"}]}<\/script>\n<!-- \/ Yoast SEO Premium plugin. -->","yoast_head_json":{"title":"Juiz equatoriano decide que jornalista Mart\u00edn Pallares \u00e9 inocente de den\u00fancia feita por Rafael Correa - LatAm Journalism Review by the Knight Center","description":"Juiz equatoriano decide que jornalista Mart\u00edn Pallares \u00e9 inocente de den\u00fancia feita por Rafael Correa Liberdade de imprensa. Latin American Journalism Review by The Knight Center at The University of Texas at Austin.","robots":{"index":"index","follow":"follow","max-snippet":"max-snippet:-1","max-image-preview":"max-image-preview:large","max-video-preview":"max-video-preview:-1"},"canonical":"https:\/\/latamjournalismreview.org\/pt-br\/articles\/juiz-equatoriano-decide-que-jornalista-martin-pallares-e-inocente-de-denuncia-feita-por-rafael-correa\/","og_locale":"pt_BR","og_type":"article","og_title":"Juiz equatoriano decide que jornalista Mart\u00edn Pallares \u00e9 inocente de den\u00fancia feita por Rafael Correa","og_description":"Juiz equatoriano decide que jornalista Mart\u00edn Pallares \u00e9 inocente de den\u00fancia feita por Rafael Correa Liberdade de imprensa. Latin American Journalism Review by The Knight Center at The University of Texas at Austin.","og_url":"https:\/\/latamjournalismreview.org\/pt-br\/articles\/juiz-equatoriano-decide-que-jornalista-martin-pallares-e-inocente-de-denuncia-feita-por-rafael-correa\/","og_site_name":"LatAm Journalism Review by the Knight Center","article_published_time":"2017-07-05T14:30:39+00:00","article_modified_time":"2022-01-10T14:31:25+00:00","author":"Silvia Higuera","twitter_card":"summary_large_image","twitter_creator":"@shiguerita","twitter_site":"@LatAmJournalism","twitter_misc":{"Written by":"Silvia Higuera","Est. reading time":"5 minutos"},"schema":{"@context":"https:\/\/schema.org","@graph":[{"@type":"Article","@id":"https:\/\/latamjournalismreview.org\/pt-br\/articles\/juiz-equatoriano-decide-que-jornalista-martin-pallares-e-inocente-de-denuncia-feita-por-rafael-correa\/#article","isPartOf":{"@id":"https:\/\/latamjournalismreview.org\/pt-br\/articles\/juiz-equatoriano-decide-que-jornalista-martin-pallares-e-inocente-de-denuncia-feita-por-rafael-correa\/"},"author":{"name":"Silvia Higuera","@id":"https:\/\/latamjournalismreview.org\/pt-br\/#\/schema\/person\/eac7baa6afada0957e047be9fc15703a"},"headline":"Juiz equatoriano decide que jornalista Mart\u00edn Pallares \u00e9 inocente de den\u00fancia feita por Rafael Correa","datePublished":"2017-07-05T14:30:39+00:00","dateModified":"2022-01-10T14:31:25+00:00","mainEntityOfPage":{"@id":"https:\/\/latamjournalismreview.org\/pt-br\/articles\/juiz-equatoriano-decide-que-jornalista-martin-pallares-e-inocente-de-denuncia-feita-por-rafael-correa\/"},"wordCount":999,"publisher":{"@id":"https:\/\/latamjournalismreview.org\/pt-br\/#organization"},"keywords":["Casos judiciais","Equador","Liberdade de express\u00e3o"],"articleSection":["Liberdade de imprensa"],"inLanguage":"pt-BR"},{"@type":"WebPage","@id":"https:\/\/latamjournalismreview.org\/pt-br\/articles\/juiz-equatoriano-decide-que-jornalista-martin-pallares-e-inocente-de-denuncia-feita-por-rafael-correa\/","url":"https:\/\/latamjournalismreview.org\/pt-br\/articles\/juiz-equatoriano-decide-que-jornalista-martin-pallares-e-inocente-de-denuncia-feita-por-rafael-correa\/","name":"Juiz equatoriano decide que jornalista Mart\u00edn Pallares \u00e9 inocente de den\u00fancia feita por Rafael Correa - LatAm Journalism Review by the Knight Center","isPartOf":{"@id":"https:\/\/latamjournalismreview.org\/pt-br\/#website"},"datePublished":"2017-07-05T14:30:39+00:00","dateModified":"2022-01-10T14:31:25+00:00","description":"Juiz equatoriano decide que jornalista Mart\u00edn Pallares \u00e9 inocente de den\u00fancia feita por Rafael Correa Liberdade de imprensa. Latin American Journalism Review by The Knight Center at The University of Texas at Austin.","breadcrumb":{"@id":"https:\/\/latamjournalismreview.org\/pt-br\/articles\/juiz-equatoriano-decide-que-jornalista-martin-pallares-e-inocente-de-denuncia-feita-por-rafael-correa\/#breadcrumb"},"inLanguage":"pt-BR","potentialAction":[{"@type":"ReadAction","target":["https:\/\/latamjournalismreview.org\/pt-br\/articles\/juiz-equatoriano-decide-que-jornalista-martin-pallares-e-inocente-de-denuncia-feita-por-rafael-correa\/"]}]},{"@type":"BreadcrumbList","@id":"https:\/\/latamjournalismreview.org\/pt-br\/articles\/juiz-equatoriano-decide-que-jornalista-martin-pallares-e-inocente-de-denuncia-feita-por-rafael-correa\/#breadcrumb","itemListElement":[{"@type":"ListItem","position":1,"name":"Home","item":"https:\/\/latamjournalismreview.org\/pt-br\/"},{"@type":"ListItem","position":2,"name":"Juiz equatoriano decide que jornalista Mart\u00edn Pallares \u00e9 inocente de den\u00fancia feita por Rafael Correa"}]},{"@type":"WebSite","@id":"https:\/\/latamjournalismreview.org\/pt-br\/#website","url":"https:\/\/latamjournalismreview.org\/pt-br\/","name":"LatAm Journalism Review","description":"Digital magazine on journalism in Latin America","publisher":{"@id":"https:\/\/latamjournalismreview.org\/pt-br\/#organization"},"potentialAction":[{"@type":"SearchAction","target":{"@type":"EntryPoint","urlTemplate":"https:\/\/latamjournalismreview.org\/pt-br\/?s={search_term_string}"},"query-input":{"@type":"PropertyValueSpecification","valueRequired":true,"valueName":"search_term_string"}}],"inLanguage":"pt-BR"},{"@type":"Organization","@id":"https:\/\/latamjournalismreview.org\/pt-br\/#organization","name":"LatAm Journalism Review","url":"https:\/\/latamjournalismreview.org\/pt-br\/","logo":{"@type":"ImageObject","inLanguage":"pt-BR","@id":"https:\/\/latamjournalismreview.org\/pt-br\/#\/schema\/logo\/image\/","url":"https:\/\/latamjournalismreview.org\/wp-content\/uploads\/2020\/05\/knight-latAm-review-logo.svg","contentUrl":"https:\/\/latamjournalismreview.org\/wp-content\/uploads\/2020\/05\/knight-latAm-review-logo.svg","width":"1024","height":"1024","caption":"LatAm Journalism Review"},"image":{"@id":"https:\/\/latamjournalismreview.org\/pt-br\/#\/schema\/logo\/image\/"},"sameAs":["https:\/\/x.com\/LatAmJournalism"]},{"@type":"Person","@id":"https:\/\/latamjournalismreview.org\/pt-br\/#\/schema\/person\/eac7baa6afada0957e047be9fc15703a","name":"Silvia Higuera","description":"Silvia A. Higuera Fl\u00f3rez is a Colombian journalist interested in covering Latin American issues and human rights, especially the right to freedom of expression, and investigative journalism. She studied Social Communication and Journalism at Universidad Pontificia Bolivariana in Bucaramanga (Colombia), and received her Master's of Arts in Journalism from the University of Texas at Austin in 2015. She worked with the Office of the Special Rapporteur for Freedom of Expression of the Inter-American Commission on Human Rights (IACHR) under the Orlando Sierra fellowship during 2014. She also worked for the Colombian newspaper Vanguardia Liberal and wrote for different magazines about local, economic and public order issues. Her work has also appeared in The Miami Herald and El Nuevo Herald of Miami. Email: silvia.knightcenter@gmail.com Silvia A. Higuera Fl\u00f3rez es una periodista colombiana con inter\u00e9s period\u00edstico es Am\u00e9rica Latina y los derechos humanos, particularmente el derecho a la libertad de expresi\u00f3n, as\u00ed como el periodismo de investigaci\u00f3n. Estudi\u00f3 Comunicaci\u00f3n Social \u2013 Periodismo en la Universidad Pontificia Bolivariana de Bucaramanga (Colombia), y recibi\u00f3 su maestr\u00eda en Periodismo en la Universidad de Texas, en Austin en 2015. Trabaj\u00f3 para la Relator\u00eda Especial para la Libertad de Expresi\u00f3n de la Comisi\u00f3n Interamericana de Derechos Humanos (CIDH) en el marco de la beca Orlando Sierra, durante 2014. Tambi\u00e9n hizo parte del diario Vanguardia Liberal y escribi\u00f3 para otras revistas colombianas cubriendo fuentes locales, econ\u00f3micas y judiciales. Algunos de sus trabajos han aparecido en The Miami Herald y El Nuevo Herald de Miami. Silvia A. Higuera Fl\u00f3rez \u00e9 uma jornalista colombiana e seu interesse jornal\u00edstico \u00e9 a Am\u00e9rica Latina e os direitos humanos, nomeadamente o direito \u00e0 liberdade de express\u00e3o. Estudou Comunica\u00e7\u00e3o Social \u2013 Jornalismo na Universidade Pontif\u00edcia Bolivariana de Bucaramanga, na Col\u00f4mbia e completou seu mestrado em jornalismo na Universidade do Texas em Austin. Silvia trabalhou na Relatoria para a Liberdade de Express\u00e3o da CIDH pela bolsa Orlando Sierra, em 2014. Trabalhou para o jornal Vanguardia Liberal e escreveu para outras revistas colombianas cobrindo temas locais, econ\u00f4micas e judici\u00e1rias. Alguns de seus trabalhos apareceram no The Miami Herald e no El Nuevo Herald de Miami.","sameAs":["https:\/\/x.com\/shiguerita"],"url":"https:\/\/latamjournalismreview.org\/pt-br\/articles\/author\/silvia-higuera\/"}]}},"_links":{"self":[{"href":"https:\/\/latamjournalismreview.org\/pt-br\/wp-json\/wp\/v2\/posts\/46623","targetHints":{"allow":["GET"]}}],"collection":[{"href":"https:\/\/latamjournalismreview.org\/pt-br\/wp-json\/wp\/v2\/posts"}],"about":[{"href":"https:\/\/latamjournalismreview.org\/pt-br\/wp-json\/wp\/v2\/types\/post"}],"author":[{"embeddable":true,"href":"https:\/\/latamjournalismreview.org\/pt-br\/wp-json\/wp\/v2\/users\/13"}],"replies":[{"embeddable":true,"href":"https:\/\/latamjournalismreview.org\/pt-br\/wp-json\/wp\/v2\/comments?post=46623"}],"version-history":[{"count":1,"href":"https:\/\/latamjournalismreview.org\/pt-br\/wp-json\/wp\/v2\/posts\/46623\/revisions"}],"predecessor-version":[{"id":46624,"href":"https:\/\/latamjournalismreview.org\/pt-br\/wp-json\/wp\/v2\/posts\/46623\/revisions\/46624"}],"wp:attachment":[{"href":"https:\/\/latamjournalismreview.org\/pt-br\/wp-json\/wp\/v2\/media?parent=46623"}],"wp:term":[{"taxonomy":"category","embeddable":true,"href":"https:\/\/latamjournalismreview.org\/pt-br\/wp-json\/wp\/v2\/categories?post=46623"},{"taxonomy":"post_tag","embeddable":true,"href":"https:\/\/latamjournalismreview.org\/pt-br\/wp-json\/wp\/v2\/tags?post=46623"},{"taxonomy":"author","embeddable":true,"href":"https:\/\/latamjournalismreview.org\/pt-br\/wp-json\/wp\/v2\/coauthors?post=46623"}],"curies":[{"name":"wp","href":"https:\/\/api.w.org\/{rel}","templated":true}]}}