{"id":47030,"date":"2022-01-12T14:43:46","date_gmt":"2022-01-12T19:43:46","guid":{"rendered":"https:\/\/latamjournalismreview.org\/?p=47030"},"modified":"2022-08-03T17:46:23","modified_gmt":"2022-08-03T22:46:23","slug":"preparacao-e-acompanhamento-do-trauma-sao-essenciais-para-jornalistas-que-cobrem-protestos-na-america-latina","status":"publish","type":"post","link":"https:\/\/latamjournalismreview.org\/pt-br\/articles\/preparacao-e-acompanhamento-do-trauma-sao-essenciais-para-jornalistas-que-cobrem-protestos-na-america-latina\/","title":{"rendered":"Prepara\u00e7\u00e3o e acompanhamento do trauma s\u00e3o essenciais para jornalistas que cobrem protestos na Am\u00e9rica Latina"},"content":{"rendered":"<p><i>Esta \u00e9 a terceira reportagem em uma s\u00e9rie sobre a cobertura de protestos na Am\u00e9rica Latina. Leia a <a href=\"https:\/\/latamjournalismreview.org\/pt-br\/articles\/muitos-jornalistas-tem-sido-vitimas-ao-cobrir-protestos-violentos-na-america-latina-especialistas-dizem-que-eles-precisam-se-preparar-melhor-e-de-garantias-para-se-manterem-seguros\/\">primeira<\/a> e a <a href=\"https:\/\/latamjournalismreview.org\/pt-br\/articles\/jornalistas-violencia-protestos-america-latina\/\">segunda<\/a> aqui*<\/i><\/p>\n<p>&nbsp;<\/p>\n<div id=\"attachment_44828\" style=\"width: 310px\" class=\"wp-caption alignleft\"><img loading=\"lazy\" decoding=\"async\" aria-describedby=\"caption-attachment-44828\" class=\"size-medium wp-image-44827\" src=\"https:\/\/latamjournalismreview.org\/wp-content\/uploads\/2021\/12\/005-Seal-507x340-white-background-300x267.png\" alt=\"Illustration of photojournalist covering a protest\" width=\"300\" height=\"267\" srcset=\"https:\/\/latamjournalismreview.org\/wp-content\/uploads\/2021\/12\/005-Seal-507x340-white-background-300x267.png 300w, https:\/\/latamjournalismreview.org\/wp-content\/uploads\/2021\/12\/005-Seal-507x340-white-background.png 507w\" sizes=\"auto, (max-width: 300px) 100vw, 300px\" \/><p id=\"caption-attachment-44828\" class=\"wp-caption-text\">(Ilustra\u00e7\u00e3o: Pablo P\u00e9rez \"Altais\")<\/p><\/div>\n<p>Quando a equipe do meio investigativo\u00a0<a href=\"https:\/\/cuestionpublica.com\/\">Cuesti\u00f3n P\u00fablica<\/a>\u00a0na Col\u00f4mbia decidiu enviar um correspondente \u00e0 cidade de Cali para cobrir as manifesta\u00e7\u00f5es que come\u00e7aram em 28 de abril de 2021 em todo o pa\u00eds, eles sabiam que deveriam envi\u00e1-lo preparado \"como se fosse uma guerra\u201d.<\/p>\n<p>\u201cEm geral, h\u00e1 muito poucas garantias para quem decide sair com uma c\u00e2mera, usar um crach\u00e1 de imprensa\u201d, disse Diana Salinas, diretora e cofundadora do meio de comunica\u00e7\u00e3o, \u00e0\u00a0<strong>LatAm Journalism Review (LJR)<\/strong>\u00a0na \u00e9poca. \u201cSe algu\u00e9m quer fazer isso constantemente, tem que saber que tem que ir com algumas medidas de prote\u00e7\u00e3o importantes, mas tamb\u00e9m tem que ter um seguro m\u00e9dico que vai atender com urg\u00eancia, uma transfer\u00eancia para a cl\u00ednica, essas s\u00e3o coisas que v\u00e3o acontecer, que voc\u00ea tem que manter no radar como se fosse uma guerra.\u201d<\/p>\n<p>Cobrir protestos que \u00e0s vezes se tornaram violentos nos \u00faltimos anos na Am\u00e9rica Latina \u00e9 um desafio para jornalistas que podem n\u00e3o receber treinamento ou prepara\u00e7\u00e3o especial. Embora seja trabalho do Estado garantir a seguran\u00e7a dos jornalistas, e especialistas digam que o papel da lideran\u00e7a da m\u00eddia \u00e9 fundamental para proteger seus funcion\u00e1rios, os jornalistas tamb\u00e9m devem tomar medidas para garantir que saiam ilesos das ruas, mental e fisicamente.<\/p>\n<p><strong>LJR\u00a0<\/strong>conversou com defensores da liberdade de imprensa sobre o papel do Estado na garantia da seguran\u00e7a, bem como com especialistas em seguran\u00e7a e prote\u00e7\u00e3o de jornalistas sobre recomenda\u00e7\u00f5es para antes e depois da cobertura dos protestos.<\/p>\n<p><i>[Veja a\u00a0<\/i><a href=\"https:\/\/latamjournalismreview.org\/pt-br\/articles\/muitos-jornalistas-tem-sido-vitimas-ao-cobrir-protestos-violentos-na-america-latina-especialistas-dizem-que-eles-precisam-se-preparar-melhor-e-de-garantias-para-se-manterem-seguros\/\"><i>primeira<\/i><\/a><i> e a\u00a0<\/i><a href=\"https:\/\/latamjournalismreview.org\/pt-br\/articles\/jornalistas-violencia-protestos-america-latina\/\"><i>segunda<\/i><\/a><i> parte desta s\u00e9rie sobre prote\u00e7\u00e3o de jornalistas]<\/i><\/p>\n<p><strong>O Estado: o primeiro garante do jornalismo e da prote\u00e7\u00e3o dos rep\u00f3rteres<\/strong><\/p>\n<p>A seguran\u00e7a dos jornalistas, principalmente quando se trata da atua\u00e7\u00e3o das for\u00e7as de seguran\u00e7a, \u00e9, antes de tudo, responsabilidade do Estado \u2013 que deve criar condi\u00e7\u00f5es adequadas para que jornalistas possam cobrir eventos sem qualquer tipo de intimida\u00e7\u00e3o, seja por parte das for\u00e7as de seguran\u00e7a ou outros atores. Diferentes organiza\u00e7\u00f5es falaram sobre este assunto, mas sem d\u00favida, a jurisprud\u00eancia mais importante para a regi\u00e3o foi estabelecida pela\u00a0<a href=\"https:\/\/www.corteidh.or.cr\/index.cfm?lang=en\">Corte Interamericana de Direitos Humanos<\/a>\u00a0(Corte IDH) no caso\u00a0<a href=\"https:\/\/www.corteidh.or.cr\/docs\/casos\/articulos\/seriec_248_esp.pdf\">V\u00e9lez Restrepo vs. Col\u00f4mbia<\/a>.<\/p>\n<p>O caso tem a ver com espancamento, amea\u00e7as e intimida\u00e7\u00f5es sofridas pelo cinegrafista \u2018Richard\u2019 V\u00e9lez Restrepo quando cobria uma manifesta\u00e7\u00e3o que se tornou violenta devido \u00e0 interven\u00e7\u00e3o de membros do Ex\u00e9rcito do pa\u00eds. Mais tarde, ele foi amea\u00e7ado n\u00e3o apenas por registrar esses eventos, mas tamb\u00e9m por buscar justi\u00e7a.<\/p>\n<p>\u201cEste \u00e9 um caso muito particular em que a Corte Interamericana teve a oportunidade de analisar certas garantias de cobertura jornal\u00edstica quando se trata de eventos de alto interesse p\u00fablico, como um protesto ou uma queixa social, mas tamb\u00e9m a forma como o Estado atende a essas queixas\u201d, disse Pedro Vaca,\u00a0<a href=\"https:\/\/www.oas.org\/en\/iachr\/expression\/mandate\/Rapporteur.asp\">Relator Especial para a Liberdade de Express\u00e3o<\/a>\u00a0da Comiss\u00e3o Interamericana de Direitos Humanos (CIDH), ao\u00a0<strong>LJR<\/strong>.<\/p>\n<p>A decis\u00e3o afirma que deve haver garantias para que a imprensa possa realizar seu trabalho de cobertura desses eventos de interesse p\u00fablico, e essas garantias incluem a preven\u00e7\u00e3o da viol\u00eancia contra jornalistas durante a cobertura, bem como a investiga\u00e7\u00e3o e puni\u00e7\u00e3o em caso de ocorr\u00eancia de eventos violentos, explicou Vaca.<\/p>\n<p>\u201cEm v\u00e1rios epis\u00f3dios de protesto durante este ano temos registrado ataques contra jornalistas e esses ataques s\u00e3o atribu\u00eddos a membros das for\u00e7as de seguran\u00e7a e o mesmo tamb\u00e9m a manifestantes\u201d, disse Vaca. \u201c[Isso indica que] as propostas desta senten\u00e7a s\u00e3o de implementa\u00e7\u00e3o urgente por parte dos Estados, pois o fato de haver uma parcela significativa de agress\u00f5es provenientes das for\u00e7as de seguran\u00e7a ou atribu\u00eddas \u00e0s for\u00e7as de seguran\u00e7a representa um importante desafio, pois cumprem tamb\u00e9m o dever de garante do direito \u00e0 liberdade de express\u00e3o\u201d.<\/p>\n<p><strong>Prepara\u00e7\u00e3o, prepara\u00e7\u00e3o e mais prepara\u00e7\u00e3o<\/strong><\/p>\n<p>Sem isentar o Estado de suas responsabilidades, jornalistas e meios de comunica\u00e7\u00e3o tamb\u00e9m podem adotar medidas que lhes permitam, em certa medida, prevenir ou serem menos afetados por atos de viol\u00eancia durante a cobertura de protestos. Alguns especialistas chegam a considerar que estar mais bem preparado em quest\u00f5es de seguran\u00e7a f\u00edsica ajuda a ter maior tranquilidade psicologicamente.<\/p>\n<p>\u201cA prepara\u00e7\u00e3o permitir\u00e1 que eles reajam melhor a riscos, ataques ou incidentes\u201d, disse Paula Mar\u00eda Saucedo, Oficial de Prote\u00e7\u00e3o e Defesa do Artigo 19, ao\u00a0<strong>LJR<\/strong>. \"Quanto mais prepara\u00e7\u00e3o e quanto mais voc\u00ea fala sobre quais medidas ser\u00e3o tomadas em caso de emerg\u00eancia, parece-me que emocional e psicologicamente as pessoas reagem melhor.\"<\/p>\n<p>\u00c9 algo com que concorda Alejandra Gonz\u00e1lez, consultora em aten\u00e7\u00e3o \u00e0s v\u00edtimas de graves viola\u00e7\u00f5es de direitos humanos.<\/p>\n<p>\u201cVejo impactos piores naqueles que n\u00e3o est\u00e3o preparados, naqueles que n\u00e3o se imaginam em um determinado contexto, naqueles que n\u00e3o sabem o que esperar em oposi\u00e7\u00e3o \u00e0queles que t\u00eam no\u00e7\u00e3o, que posicionam seu trabalho em um cen\u00e1rio de conflito\u201d, disse ela ao\u00a0<strong>LJR<\/strong>.<\/p>\n<div id=\"attachment_46905\" style=\"width: 710px\" class=\"wp-caption aligncenter\"><img loading=\"lazy\" decoding=\"async\" aria-describedby=\"caption-attachment-46905\" class=\"wp-image-46906\" src=\"https:\/\/latamjournalismreview.org\/wp-content\/uploads\/2022\/01\/PHOTO-2021-07-20-18-03-54-1-300x225.jpg\" alt=\"Entrenamiento en ambientes hostiles para periodistas\" width=\"700\" height=\"525\" srcset=\"https:\/\/latamjournalismreview.org\/wp-content\/uploads\/2022\/01\/PHOTO-2021-07-20-18-03-54-1-300x225.jpg 300w, https:\/\/latamjournalismreview.org\/wp-content\/uploads\/2022\/01\/PHOTO-2021-07-20-18-03-54-1-1024x768.jpg 1024w, https:\/\/latamjournalismreview.org\/wp-content\/uploads\/2022\/01\/PHOTO-2021-07-20-18-03-54-1-768x576.jpg 768w, https:\/\/latamjournalismreview.org\/wp-content\/uploads\/2022\/01\/PHOTO-2021-07-20-18-03-54-1-1536x1152.jpg 1536w, https:\/\/latamjournalismreview.org\/wp-content\/uploads\/2022\/01\/PHOTO-2021-07-20-18-03-54-1.jpg 1600w\" sizes=\"auto, (max-width: 700px) 100vw, 700px\" \/><p id=\"caption-attachment-46905\" class=\"wp-caption-text\">Treinamento em ambiente hostil (Cortesia IWMF)<\/p><\/div>\n<p>Apesar da situa\u00e7\u00e3o de viol\u00eancia<a href=\"https:\/\/latamjournalismreview.org\/articles\/journalists-report-cases-of-violence-suffered-during-coverage-of-protests-in-2021-in-latin-america\/\">\u00a0vivida pelos jornalistas durante as manifesta\u00e7\u00f5es<\/a>, especialistas dizem que ainda falta conscientiza\u00e7\u00e3o sobre esses perigos.<\/p>\n<p>Para Gonz\u00e1lez, por exemplo, \u00e9 \u201cimpressionante\u201d como a m\u00eddia consegue lidar com tanta informa\u00e7\u00e3o, conhece tantos contextos, mas n\u00e3o faz an\u00e1lise de risco em rela\u00e7\u00e3o ao pr\u00f3prio trabalho.<\/p>\n<p>\"Voc\u00ea n\u00e3o pode ser ing\u00eanuo no tipo de trabalho que ser\u00e1 feito\", explicou Gonz\u00e1lez. \u201cN\u00e3o podemos ser inocentes no tipo de trabalho que fazemos e qu\u00e3o desconfort\u00e1vel \u00e9. Acredito que h\u00e1 autorresponsabilidade sem perder de vista o fato de que a obriga\u00e7\u00e3o e o respeito ao nosso trabalho \u00e9 uma quest\u00e3o que os governos basicamente t\u00eam que respeitar.\u201d<\/p>\n<p>Embora Jeff Belzil, diretor de seguran\u00e7a da International Foundation for Women in the Media (IWMF), que trabalhou com jornalistas e meios de comunica\u00e7\u00e3o na Am\u00e9rica Latina e no Caribe, acredite que, infelizmente, apenas o \"trauma\" vivenciado durante a reportagem leva os jornalistas a mudar sua mentalidade, ele tamb\u00e9m acredita que os treinamentos em ambientes hostis t\u00eam um impacto importante. E por isso \u00e9 t\u00e3o necess\u00e1rio que tanto a m\u00eddia quanto os jornalistas trabalhem para realiz\u00e1-los.<\/p>\n<p>Especialmente antes da pandemia, esses treinamentos liderados por Belzil, que incluem ambientes como o que voc\u00ea veria em protestos que se tornam violentos, apresentam g\u00e1s lacrimog\u00eaneo, spray de pimenta, atores e muito mais, criam uma atmosfera muito real.<\/p>\n<p>\"Eu os coloco em uma situa\u00e7\u00e3o em que eles [me dizem] 'ei, eu n\u00e3o estava preparado para isso, ent\u00e3o n\u00e3o pude reagir, n\u00e3o pude fazer meu trabalho'. E a partir da\u00ed eles se preparam um pouco melhor para a vida real porque viram que n\u00e3o estavam prontos\", disse Belzil ao\u00a0<strong>LJR<\/strong>.<\/p>\n<p>Tanto Belzil quanto Judith Matloff, especialista em seguran\u00e7a e prote\u00e7\u00e3o, acreditam que o primeiro passo para a prepara\u00e7\u00e3o \u00e9 conhecer o contexto do pa\u00eds e os protestos que os jornalistas v\u00e3o cobrir.<\/p>\n<p>\u201cCada pa\u00eds e as regi\u00f5es e munic\u00edpios dentro dele diferem\u201d, disse Matloff ao\u00a0<strong>LJR<\/strong>. \u201cO que acontece no DF [Distrito Federal da Cidade do M\u00e9xico] n\u00e3o necessariamente se aplica a uma favela do Rio ou Matamoros [M\u00e9xico] ou Medell\u00edn [Col\u00f4mbia]. Portanto, os jornalistas precisam saber como as for\u00e7as de seguran\u00e7a e os maus elementos respondem nesse local espec\u00edfico.\u201d<\/p>\n<p>Da mesma forma que um jornalista se prepara para cobrir uma mat\u00e9ria, deve conhecer as t\u00e1ticas utilizadas por cada uma dessas partes.<\/p>\n<p>\u201cEssas t\u00e1ticas est\u00e3o em constante evolu\u00e7\u00e3o, ent\u00e3o os jornalistas precisam se manter atualizados e avaliar as respostas semanalmente ou diariamente\u201d, acrescentou Matloff.<\/p>\n<div id=\"attachment_46915\" style=\"width: 460px\" class=\"wp-caption alignright\"><img loading=\"lazy\" decoding=\"async\" aria-describedby=\"caption-attachment-46915\" class=\"wp-image-46916\" src=\"https:\/\/latamjournalismreview.org\/wp-content\/uploads\/2022\/01\/ESMAD-300x200.jpg\" alt=\"ESMAD riot police of Colombia\" width=\"450\" height=\"300\" srcset=\"https:\/\/latamjournalismreview.org\/wp-content\/uploads\/2022\/01\/ESMAD-300x200.jpg 300w, https:\/\/latamjournalismreview.org\/wp-content\/uploads\/2022\/01\/ESMAD-1024x683.jpg 1024w, https:\/\/latamjournalismreview.org\/wp-content\/uploads\/2022\/01\/ESMAD-768x512.jpg 768w, https:\/\/latamjournalismreview.org\/wp-content\/uploads\/2022\/01\/ESMAD-1536x1024.jpg 1536w, https:\/\/latamjournalismreview.org\/wp-content\/uploads\/2022\/01\/ESMAD-2048x1365.jpg 2048w, https:\/\/latamjournalismreview.org\/wp-content\/uploads\/2022\/01\/ESMAD-350x234.jpg 350w\" sizes=\"auto, (max-width: 450px) 100vw, 450px\" \/><p id=\"caption-attachment-46915\" class=\"wp-caption-text\">ESMAD, o Esquadr\u00e3o M\u00f3vel Anti-Dist\u00farbios da Pol\u00edcia Nacional da Col\u00f4mbia (Pol\u00edcia Nacional da Col\u00f4mbia, <a href=\"https:\/\/creativecommons.org\/licenses\/by-sa\/2.0\">CC BY-SA 2.0<\/a>, via <a href=\"https:\/\/commons.wikimedia.org\/wiki\/File:Esmad_(5513854736).jpg\">Wikimedia Commons<\/a>)<\/p><\/div>\n<p>No caso da Col\u00f4mbia, por exemplo, Belzil destaca que o Esmad (<a href=\"https:\/\/www.policia.gov.co\/especializados\/antidisturbios\">Esquadr\u00e3o M\u00f3vel Anti-Dist\u00farbios<\/a>) \u2013 depend\u00eancia da Pol\u00edcia Nacional \u2013 \u00e9 uma das for\u00e7as de seguran\u00e7a mais capacitadas da regi\u00e3o.<\/p>\n<p>\u201c\u00c9 como o Israel da Am\u00e9rica Latina em termos de t\u00e1ticas, de viol\u00eancia que usam. Ent\u00e3o [os jornalistas] t\u00eam que chegar muito, muito preparados porque esse Esmad \u00e9 muito, muito, muito treinado, tem equipamentos novos, tem novas armas antimotim, tem granadas novas, tem muitas coisas que n\u00e3o est\u00e3o dispon\u00edveis em outros pa\u00edses\u201d, disse ele.<\/p>\n<p>Matloff observa que colegas, organiza\u00e7\u00f5es como o CPJ ou grupos de direitos humanos devem ser solicitados a ver padr\u00f5es e como eles podem se preparar.<\/p>\n<p>Na Am\u00e9rica Latina, os jornalistas podem encontrar armas usadas tanto por for\u00e7as de seguran\u00e7a quanto por manifestantes, incluindo g\u00e1s lacrimog\u00eaneo, spray de pimenta, balas de borracha, cassetetes, cavalos, coquet\u00e9is molotov, pedras, tijolos e at\u00e9 muni\u00e7\u00e3o real.<\/p>\n<p>A jornalista brasileira Clarinha Glock \u00e9 autora do\u00a0<a href=\"https:\/\/www.abraji.org.br\/publicacoes\/manual-de-seguranca-para-a-cobertura-de-protestos\">guia de seguran\u00e7a em protestos<\/a>\u00a0da Associa\u00e7\u00e3o Brasileira de Jornalismo Investigativo (Abraji), criado no ano seguinte aos protestos no pa\u00eds em 2013. Tamb\u00e9m colaborou no\u00a0<a href=\"https:\/\/www.slideshare.net\/horacioruiz334\/23-risk-map-for-journalists\">Mapa de Risco para Jornalistas<\/a>\u00a0da Sociedade Interamericana de Imprensa (SIP).<\/p>\n<p>Em ambos os guias, e em diversos cursos de seguran\u00e7a para jornalistas que lecionou ao longo de sua carreira, ela ressalta que as orienta\u00e7\u00f5es s\u00e3o \u201csugestivas\u201d ou \u201cv\u00e1lidas em apenas algumas situa\u00e7\u00f5es espec\u00edficas\u201d.<\/p>\n<p>\u201cQuando voc\u00ea vai numa guerra, voc\u00ea sabe que precisa ter cuidado, estar preparado, saber quais documentos usar. De certa forma, o que est\u00e1 acontecendo \u00e9 que voc\u00ea precisa de prepara\u00e7\u00e3o de seguran\u00e7a para o dia a dia tamb\u00e9m,\u201d disse Glock. \u201cSe antes mostrar um crach\u00e1 e se identificar como imprensa eram um salvo-conduto para a cobertura, come\u00e7ou-se a ver que a imprensa estava sendo alvo de agress\u00e3o por parte das for\u00e7as de seguran\u00e7a por conta das den\u00fancias [de abusos] e, tamb\u00e9m por parte dos manifestantes.\u201d<\/p>\n<p>A preven\u00e7\u00e3o tamb\u00e9m inclui outras decis\u00f5es como que tipo de roupa usar, quem estar\u00e1 monitorando o percurso do jornalista, qual \u00e9 o plano de ref\u00fagio ou fuga, entre outros.<i>\u00a0[Veja o box no final deste artigo para obter informa\u00e7\u00f5es mais detalhadas]<\/i><\/p>\n<p><strong>N\u00e3o se esque\u00e7a da prepara\u00e7\u00e3o e do acompanhamento psicol\u00f3gico<\/strong><\/p>\n<p>Um evento traum\u00e1tico pode trazer problemas para o rep\u00f3rter, que v\u00e3o desde dores de cabe\u00e7a, sudorese, esquecimento, palpita\u00e7\u00f5es at\u00e9 transtorno de estresse p\u00f3s-traum\u00e1tico com sintomas associados \u00e0 depress\u00e3o que incluem falta de apetite, altera\u00e7\u00f5es no sono, dist\u00farbios no funcionamento, entre outros, conforme Gonz\u00e1lez disse.<\/p>\n<p>Isso faz com que seu trabalho seja afetado, acrescentou o especialista. Os jornalistas podem produzir trabalhos de menor qualidade ou de baixa qualidade, ou procrastinar na entrega do trabalho. Sua vida familiar \u2013 relacionamento com filhos, parceiro e outros parentes \u2013 e at\u00e9 mesmo na vida sexual, principalmente se a agress\u00e3o tiver conota\u00e7\u00e3o sexual, pode ser afetada.<\/p>\n<p>\u201cE depois h\u00e1 o outro caso em que vemos os impactos mais graves refletidos, que \u00e9 quando h\u00e1 uma ruptura em seu plano de vida\u201d, explicou Gonz\u00e1lez. \u201cQuanto mais traum\u00e1tico for um acontecimento, mais desconcertante, menos acesso \u00e0 den\u00fancia ou \u00e0 justi\u00e7a, etc., maior a ruptura no projeto de vida e \u00e9 a\u00ed que o dano ser\u00e1 ainda mais cr\u00f4nico.\u201d<\/p>\n<p>Assim, a prepara\u00e7\u00e3o tamb\u00e9m deve incluir um componente psicol\u00f3gico, como afirma Elana Newman, doutora em psicologia especializada em jornalismo e trauma e diretora de pesquisa do DART Center.<\/p>\n<p>\u201cTemos que come\u00e7ar a pensar em um plano antes, durante e depois, assim como voc\u00ea faria para a cobertura da imprensa\u201d, disse ela ao\u00a0<strong>LJR<\/strong>.<\/p>\n<p>Isso envolve pensar em onde cada pessoa \u00e9 psicologicamente vulner\u00e1vel, o que ela pode fazer para manter a calma durante o evento e quais medidas tomar depois para cuidar de si mesma.<\/p>\n<p>Em geral, disse a psic\u00f3loga, os jornalistas s\u00e3o bastante resilientes. No entanto, existem riscos e perigos reais no local de trabalho dos quais os profissionais devem estar cientes.<\/p>\n<p>Para permanecer resiliente, ela recomenda garantir que os jornalistas tenham suporte social, redes e lembrem-se de sua miss\u00e3o, por que est\u00e3o fazendo o trabalho.<\/p>\n<p>Aqui, especialistas dizem que os meios tamb\u00e9m t\u00eam grande responsabilidade. Por um lado, devem garantir que seus rep\u00f3rteres conhe\u00e7am os limites, mas, acima de tudo, que tenham apoio se decidirem abandonar uma cobertura para sua pr\u00f3pria seguran\u00e7a. Diante de um incidente, eles devem acompanhar o jornalista.<\/p>\n<p>\u201cGostaria que editores falassem sobre seguran\u00e7a com os jornalistas. Eu gostaria que eles falassem sobre os limites, se as coisas ficarem feias, n\u00e3o tem problema em sair do local\u201d, disse Belzil. \u201cEu gostaria de ver mais isso: os meios falando sobre os riscos associados \u00e0 reportagem e tendo uma conversa para dizer 'ei, eu n\u00e3o quero que voc\u00ea se coloque em perigo ou se machuque' ou 'nada vai acontecer se voc\u00ea sair ou pedir ajuda\u2019.\u201d<\/p>\n<p>Para Belzil, esse tipo de conversa \u00e9 especialmente importante para as mulheres jornalistas que, pela \u201cquest\u00e3o do machismo\u201d que as afeta em diferentes cen\u00e1rios, correm um risco maior.<\/p>\n<p>Para Saucedo, do Artigo 19, e Gonz\u00e1lez, a conscientiza\u00e7\u00e3o de gestores e editores \u00e9 importante para garantir o acompanhamento de jornalistas que enfrentam eventos traum\u00e1ticos. Uma das coisas que ajuda \u00e9 socializar, mas tamb\u00e9m dar-lhes o seu espa\u00e7o. Nem todas as pessoas querem falar imediatamente.<\/p>\n<p>Gonz\u00e1lez tamb\u00e9m enfatiza que um jornalista deve se manter seguro para cumprir seu papel, que \u00e9, em \u00faltima an\u00e1lise, informar.<\/p>\n<p>\u201cN\u00e3o sei o que pensam os jornalistas mais experientes, mas do ponto de vista psicossocial, o ideal [em uma situa\u00e7\u00e3o perigosa] \u00e9 se retirar, antes de voc\u00ea n\u00e3o se prejudicar [\u2026] e saber o quanto a gente fala no M\u00e9xico '<i>qu\u00e9 tanto callo?<\/i>', ou seja, quanta experi\u00eancia voc\u00ea tem neste tipo de momentos e situa\u00e7\u00f5es. Mas se n\u00e3o houver experi\u00eancia, o melhor \u00e9 se retirar\u201d, disse Gonz\u00e1lez. \"Porque eu insisto, o papel ou o trabalho dos rep\u00f3rteres, jornalistas e outros \u00e9 prestar contas, nos informar, e no momento que eles correm risco, a\u00ed a gente deixa de saber. E isso \u00e9 regra, n\u00e9?\"<\/p>\n<hr \/>\n<p><strong>RECOMENDA\u00c7\u00d5ES DE ESPECIALISTAS<\/strong><\/p>\n<p><strong>LJR<\/strong>\u00a0apresenta uma lista b\u00e1sica de recomenda\u00e7\u00f5es para jornalistas que cobrem protestos com base em entrevistas com Jeff Belzil, Judith Matlof e Clarinha Glock.<\/p>\n<ul>\n<li>Conhe\u00e7a o contexto do local e os motivos pelos quais as manifesta\u00e7\u00f5es est\u00e3o ocorrendo. Neste ponto, voc\u00ea deve conhecer as for\u00e7as de seguran\u00e7a do pa\u00eds e da cidade. Que tipos de armas eles usaram no passado?<\/li>\n<li>Com base no contexto, quais equipamentos de seguran\u00e7a s\u00e3o necess\u00e1rios e o que pode ser obtido ao chegar: respiradores com filtro (as m\u00e1scaras KN95 ou N95 tamb\u00e9m funcionam), \u00f3culos de prote\u00e7\u00e3o contra proj\u00e9teis ou g\u00e1s lacrimog\u00eaneo, capacete (tipo ciclismo), caixa de primeiros socorros<\/li>\n<li>Planejamento espec\u00edfico:\n<ul>\n<li>Como voc\u00ea vai chegar \u00e0 manifesta\u00e7\u00e3o?<\/li>\n<li>Como voc\u00ea vai sair da manifesta\u00e7\u00e3o?<\/li>\n<li>O protesto \u00e9 de dia ou de noite? H\u00e1 uma maior probabilidade de ataques ao final do dia e \u00e0 noite.<\/li>\n<li>Tenha um plano de comunica\u00e7\u00e3o. Se voc\u00ea estiver em perigo, quem voc\u00ea chamar\u00e1? Quem deve saber que voc\u00ea est\u00e1 na \u00e1rea, a partir de que horas, at\u00e9 que horas? Existe um plano de sa\u00edda? Qual \u00e9 o n\u00famero de telefone para assist\u00eancia jur\u00eddica em seu meio de comunica\u00e7\u00e3o? Se voc\u00ea tiver, memorize-o e escreva-o em seu bra\u00e7o com marcador \u00e0 prova d'\u00e1gua.<\/li>\n<li>Se os militares ou a pol\u00edcia estiverem olhando para voc\u00ea ou gritando com voc\u00ea, planeje como voc\u00ea reagir\u00e1. Por exemplo, gritar \"imprensa\" e gritar que voc\u00ea est\u00e1 se movendo.<\/li>\n<li>Que tipo de roupa voc\u00ea vai usar? Evite roupas de cores vivas, mas tamb\u00e9m n\u00e3o use roupas totalmente pretas ou militares. Voc\u00ea tamb\u00e9m deve evitar roupas com materiais sint\u00e9ticos, poli\u00e9ster, nylon ou lycra, pois se houver um inc\u00eandio ou um coquetel molotov for lan\u00e7ado, esse material sint\u00e9tico gruda na pele. O algod\u00e3o \u00e9 sempre recomendado.<\/li>\n<li>Voc\u00ea vai usar um sapato esportivo ou normal? Voc\u00ea vai usar um cinto?<\/li>\n<li>Se voc\u00ea tem um crach\u00e1 de imprensa, onde voc\u00ea vai us\u00e1-lo? Evite us\u00e1-lo no pesco\u00e7o. No entanto, certifique-se de t\u00ea-lo em m\u00e3os.<\/li>\n<li>Conhe\u00e7a seus pr\u00f3prios limites. Se voc\u00ea n\u00e3o tem prote\u00e7\u00e3o pessoal, \u00e9 melhor se distanciar<\/li>\n<\/ul>\n<\/li>\n<li>Recomenda-se a companhia de um colega. H\u00e1 menos chance de algu\u00e9m ser preso, detido ou atacado quando est\u00e1 com algu\u00e9m.<\/li>\n<li>Encontre locais de ref\u00fagio com anteced\u00eancia caso n\u00e3o possa sair da \u00e1rea.<\/li>\n<li>Tente estar leve para facilitar o movimento. Por exemplo, evite carregar muitas c\u00e2meras, mas leve v\u00e1rias lentes. Alguns especialistas recomendam um telefone com c\u00e2mera no lugar de uma c\u00e2mera grande.<\/li>\n<li>Esteja atento ao que as for\u00e7as de seguran\u00e7a est\u00e3o fazendo.<\/li>\n<li>Mude de posi\u00e7\u00e3o constantemente. \u00c9 mais f\u00e1cil atacar \"alvos est\u00e1ticos\".<\/li>\n<li>Leve em conta o seu pr\u00f3prio perfil. G\u00eanero, apar\u00eancia e comportamento. Apar\u00eancia: \u00e0s vezes roupas ou mochilas podem dar a impress\u00e3o de que um jornalista faz parte da manifesta\u00e7\u00e3o. Se voc\u00ea tem cabelo comprido, evite rabos de cavalo.<\/li>\n<li>N\u00e3o se coloque no meio de confrontos<\/li>\n<\/ul>\n<p><strong>Para meios de comunica\u00e7\u00e3o (com jornalistas ou freelancers)<\/strong><\/p>\n<ul>\n<li>Ofere\u00e7a tempo e oportunidade para treinamentos sobre cobertura de protestos<\/li>\n<li>Forne\u00e7a seguro de sa\u00fade<\/li>\n<li>Estabele\u00e7a um protocolo de seguran\u00e7a e um plano de comunica\u00e7\u00e3o. Se algo der errado, quem voc\u00ea chama? Se algo acontecer, defina um lugar para ir. Estabele\u00e7a quanto tempo voc\u00ea ficar\u00e1 no protesto.<\/li>\n<\/ul>\n<p><strong>RECURSOS ADICIONAIS PARA A COBERTURA DE PROTESTOS:<\/strong><\/p>\n<ul>\n<li><a href=\"https:\/\/cpj.org\/reports\/2012\/04\/civil-matters-and-disturbances\/#4\">CPJ Journalist Security Guide: Protests and Riots<\/a> (Ingl\u00eas)<\/li>\n<li><a href=\"https:\/\/www.abraji.org.br\/publicacoes\/manual-de-seguranca-para-a-cobertura-de-protestos\">Manual de Seguran\u00e7a da Abraji para a Cobertura de Protestos<\/a> (Portugu\u00eas)<\/li>\n<li><a href=\"https:\/\/flip.org.co\/index.php\/es\/publicaciones\/manuales\/item\/2661-recomendaciones-a-la-prensa-para-el-cubrimiento-de-manifestaciones-sociales\">Recomenda\u00e7\u00f5es da FLIP \u00e0 imprensa para a cobertura de protestos<\/a>\u00a0(Espanhol)<\/li>\n<li><a href=\"https:\/\/dartcenter.org\/resources\/how-safely-cover-riots-and-civil-unrest\">How to Safely Cover Riots and Civil Unrest\u00a0<\/a>(Ingl\u00eas)<\/li>\n<\/ul>\n<hr \/>\n<p><i>Teresa Mioli e J\u00falio Lubianco colaboraram nesta reportagem.<\/i><\/p>\n<p>&nbsp;<\/p>\n<p><em>*Esta \u00e9 a terceira reportagem de uma s\u00e9rie sobre seguran\u00e7a de jornalistas na Am\u00e9rica Latina e no Caribe. Este projeto da LatAm Journalism Review \u00e9 financiado pelo Fundo de Defesa da M\u00eddia Global da UNESCO.<\/em><\/p>\n<p><em>Leia outros artigos do projeto <a href=\"https:\/\/latamjournalismreview.org\/pt-br\/articles\/seguranca-de-jornalistas-na-america-latina-e-no-caribe\/\" target=\"_blank\" rel=\"noopener\">neste link<\/a>.<\/em><\/p>\n<p>&nbsp;<\/p>\n<p><img loading=\"lazy\" decoding=\"async\" class=\"aligncenter wp-image-45974 size-full\" src=\"https:\/\/latamjournalismreview.org\/wp-content\/uploads\/2021\/12\/UNESCO-DISCLAIMER-POR-USE.png\" alt=\"UNESCO DISCLAIMER POR USE\" width=\"700\" height=\"75\" srcset=\"https:\/\/latamjournalismreview.org\/wp-content\/uploads\/2021\/12\/UNESCO-DISCLAIMER-POR-USE.png 700w, https:\/\/latamjournalismreview.org\/wp-content\/uploads\/2021\/12\/UNESCO-DISCLAIMER-POR-USE-300x32.png 300w\" sizes=\"auto, (max-width: 700px) 100vw, 700px\" \/><\/p>\n","protected":false},"excerpt":{"rendered":"<p>Preparar-se f\u00edsica e psicologicamente para a cobertura de protestos \u00e9 um dos aspectos mais importantes para prevenir a viol\u00eancia contra a imprensa. A LatAm Journalism Review conversou com especialistas sobre as principais recomenda\u00e7\u00f5es a serem levadas em conta.<\/p>\n","protected":false},"author":13,"featured_media":44830,"comment_status":"closed","ping_status":"closed","sticky":false,"template":"","format":"standard","meta":{"inline_featured_image":false,"footnotes":""},"categories":[4,1221],"tags":[1609],"coauthors":[],"class_list":["post-47030","post","type-post","status-publish","format-standard","has-post-thumbnail","hentry","category-uncategorized","category-violencia-contra-jornalistas-pt-br","tag-seguranca-e-protecao-pt-br"],"acf":[],"yoast_head":"<!-- This site is optimized with the Yoast SEO Premium plugin v22.6 (Yoast SEO v27.4) - https:\/\/yoast.com\/product\/yoast-seo-premium-wordpress\/ -->\n<title>Prepara\u00e7\u00e3o e acompanhamento do trauma s\u00e3o essenciais para jornalistas que cobrem protestos na Am\u00e9rica Latina - LatAm Journalism Review by the Knight Center<\/title>\n<meta name=\"description\" content=\"Prepara\u00e7\u00e3o e acompanhamento do trauma s\u00e3o essenciais para jornalistas que cobrem protestos na Am\u00e9rica Latina . Latin American Journalism Review by The Knight Center at The University of Texas at Austin.\" \/>\n<meta name=\"robots\" content=\"index, follow, max-snippet:-1, max-image-preview:large, max-video-preview:-1\" \/>\n<link rel=\"canonical\" href=\"https:\/\/latamjournalismreview.org\/pt-br\/articles\/preparacao-e-acompanhamento-do-trauma-sao-essenciais-para-jornalistas-que-cobrem-protestos-na-america-latina\/\" \/>\n<meta property=\"og:locale\" content=\"pt_BR\" \/>\n<meta property=\"og:type\" content=\"article\" \/>\n<meta property=\"og:title\" content=\"Prepara\u00e7\u00e3o e acompanhamento do trauma s\u00e3o essenciais para jornalistas que cobrem protestos na Am\u00e9rica Latina\" \/>\n<meta property=\"og:description\" content=\"Prepara\u00e7\u00e3o e acompanhamento do trauma s\u00e3o essenciais para jornalistas que cobrem protestos na Am\u00e9rica Latina . Latin American Journalism Review by The Knight Center at The University of Texas at Austin.\" \/>\n<meta property=\"og:url\" content=\"https:\/\/latamjournalismreview.org\/pt-br\/articles\/preparacao-e-acompanhamento-do-trauma-sao-essenciais-para-jornalistas-que-cobrem-protestos-na-america-latina\/\" \/>\n<meta property=\"og:site_name\" content=\"LatAm Journalism Review by the Knight Center\" \/>\n<meta property=\"article:published_time\" content=\"2022-01-12T19:43:46+00:00\" \/>\n<meta property=\"article:modified_time\" content=\"2022-08-03T22:46:23+00:00\" \/>\n<meta property=\"og:image\" content=\"https:\/\/latamjournalismreview.org\/wp-content\/uploads\/2021\/12\/FEATURED-IMAGE-SEAL-PROTEST.png\" \/>\n\t<meta property=\"og:image:width\" content=\"507\" \/>\n\t<meta property=\"og:image:height\" content=\"340\" \/>\n\t<meta property=\"og:image:type\" content=\"image\/png\" \/>\n<meta name=\"author\" content=\"Silvia Higuera\" \/>\n<meta name=\"twitter:card\" content=\"summary_large_image\" \/>\n<meta name=\"twitter:creator\" content=\"@shiguerita\" \/>\n<meta name=\"twitter:site\" content=\"@LatAmJournalism\" \/>\n<meta name=\"twitter:label1\" content=\"Written by\" \/>\n\t<meta name=\"twitter:data1\" content=\"Silvia Higuera\" \/>\n\t<meta name=\"twitter:label2\" content=\"Est. reading time\" \/>\n\t<meta name=\"twitter:data2\" content=\"16 minutos\" \/>\n<script type=\"application\/ld+json\" class=\"yoast-schema-graph\">{\"@context\":\"https:\\\/\\\/schema.org\",\"@graph\":[{\"@type\":\"Article\",\"@id\":\"https:\\\/\\\/latamjournalismreview.org\\\/pt-br\\\/articles\\\/preparacao-e-acompanhamento-do-trauma-sao-essenciais-para-jornalistas-que-cobrem-protestos-na-america-latina\\\/#article\",\"isPartOf\":{\"@id\":\"https:\\\/\\\/latamjournalismreview.org\\\/pt-br\\\/articles\\\/preparacao-e-acompanhamento-do-trauma-sao-essenciais-para-jornalistas-que-cobrem-protestos-na-america-latina\\\/\"},\"author\":{\"name\":\"Silvia Higuera\",\"@id\":\"https:\\\/\\\/latamjournalismreview.org\\\/pt-br\\\/#\\\/schema\\\/person\\\/eac7baa6afada0957e047be9fc15703a\"},\"headline\":\"Prepara\u00e7\u00e3o e acompanhamento do trauma s\u00e3o essenciais para jornalistas que cobrem protestos na Am\u00e9rica Latina\",\"datePublished\":\"2022-01-12T19:43:46+00:00\",\"dateModified\":\"2022-08-03T22:46:23+00:00\",\"mainEntityOfPage\":{\"@id\":\"https:\\\/\\\/latamjournalismreview.org\\\/pt-br\\\/articles\\\/preparacao-e-acompanhamento-do-trauma-sao-essenciais-para-jornalistas-que-cobrem-protestos-na-america-latina\\\/\"},\"wordCount\":3182,\"publisher\":{\"@id\":\"https:\\\/\\\/latamjournalismreview.org\\\/pt-br\\\/#organization\"},\"image\":{\"@id\":\"https:\\\/\\\/latamjournalismreview.org\\\/pt-br\\\/articles\\\/preparacao-e-acompanhamento-do-trauma-sao-essenciais-para-jornalistas-que-cobrem-protestos-na-america-latina\\\/#primaryimage\"},\"thumbnailUrl\":\"https:\\\/\\\/latamjournalismreview.org\\\/wp-content\\\/uploads\\\/2021\\\/12\\\/FEATURED-IMAGE-SEAL-PROTEST.png\",\"keywords\":[\"Seguran\u00e7a e prote\u00e7\u00e3o\"],\"articleSection\":[\"Uncategorized\",\"Viol\u00eancia contra jornalistas\"],\"inLanguage\":\"pt-BR\"},{\"@type\":\"WebPage\",\"@id\":\"https:\\\/\\\/latamjournalismreview.org\\\/pt-br\\\/articles\\\/preparacao-e-acompanhamento-do-trauma-sao-essenciais-para-jornalistas-que-cobrem-protestos-na-america-latina\\\/\",\"url\":\"https:\\\/\\\/latamjournalismreview.org\\\/pt-br\\\/articles\\\/preparacao-e-acompanhamento-do-trauma-sao-essenciais-para-jornalistas-que-cobrem-protestos-na-america-latina\\\/\",\"name\":\"Prepara\u00e7\u00e3o e acompanhamento do trauma s\u00e3o essenciais para jornalistas que cobrem protestos na Am\u00e9rica Latina - LatAm Journalism Review by the Knight Center\",\"isPartOf\":{\"@id\":\"https:\\\/\\\/latamjournalismreview.org\\\/pt-br\\\/#website\"},\"primaryImageOfPage\":{\"@id\":\"https:\\\/\\\/latamjournalismreview.org\\\/pt-br\\\/articles\\\/preparacao-e-acompanhamento-do-trauma-sao-essenciais-para-jornalistas-que-cobrem-protestos-na-america-latina\\\/#primaryimage\"},\"image\":{\"@id\":\"https:\\\/\\\/latamjournalismreview.org\\\/pt-br\\\/articles\\\/preparacao-e-acompanhamento-do-trauma-sao-essenciais-para-jornalistas-que-cobrem-protestos-na-america-latina\\\/#primaryimage\"},\"thumbnailUrl\":\"https:\\\/\\\/latamjournalismreview.org\\\/wp-content\\\/uploads\\\/2021\\\/12\\\/FEATURED-IMAGE-SEAL-PROTEST.png\",\"datePublished\":\"2022-01-12T19:43:46+00:00\",\"dateModified\":\"2022-08-03T22:46:23+00:00\",\"description\":\"Prepara\u00e7\u00e3o e acompanhamento do trauma s\u00e3o essenciais para jornalistas que cobrem protestos na Am\u00e9rica Latina . Latin American Journalism Review by The Knight Center at The University of Texas at Austin.\",\"breadcrumb\":{\"@id\":\"https:\\\/\\\/latamjournalismreview.org\\\/pt-br\\\/articles\\\/preparacao-e-acompanhamento-do-trauma-sao-essenciais-para-jornalistas-que-cobrem-protestos-na-america-latina\\\/#breadcrumb\"},\"inLanguage\":\"pt-BR\",\"potentialAction\":[{\"@type\":\"ReadAction\",\"target\":[\"https:\\\/\\\/latamjournalismreview.org\\\/pt-br\\\/articles\\\/preparacao-e-acompanhamento-do-trauma-sao-essenciais-para-jornalistas-que-cobrem-protestos-na-america-latina\\\/\"]}]},{\"@type\":\"ImageObject\",\"inLanguage\":\"pt-BR\",\"@id\":\"https:\\\/\\\/latamjournalismreview.org\\\/pt-br\\\/articles\\\/preparacao-e-acompanhamento-do-trauma-sao-essenciais-para-jornalistas-que-cobrem-protestos-na-america-latina\\\/#primaryimage\",\"url\":\"https:\\\/\\\/latamjournalismreview.org\\\/wp-content\\\/uploads\\\/2021\\\/12\\\/FEATURED-IMAGE-SEAL-PROTEST.png\",\"contentUrl\":\"https:\\\/\\\/latamjournalismreview.org\\\/wp-content\\\/uploads\\\/2021\\\/12\\\/FEATURED-IMAGE-SEAL-PROTEST.png\",\"width\":507,\"height\":340,\"caption\":\"FEATURED IMAGE SEAL PROTEST\"},{\"@type\":\"BreadcrumbList\",\"@id\":\"https:\\\/\\\/latamjournalismreview.org\\\/pt-br\\\/articles\\\/preparacao-e-acompanhamento-do-trauma-sao-essenciais-para-jornalistas-que-cobrem-protestos-na-america-latina\\\/#breadcrumb\",\"itemListElement\":[{\"@type\":\"ListItem\",\"position\":1,\"name\":\"Home\",\"item\":\"https:\\\/\\\/latamjournalismreview.org\\\/pt-br\\\/\"},{\"@type\":\"ListItem\",\"position\":2,\"name\":\"Prepara\u00e7\u00e3o e acompanhamento do trauma s\u00e3o essenciais para jornalistas que cobrem protestos na Am\u00e9rica Latina\"}]},{\"@type\":\"WebSite\",\"@id\":\"https:\\\/\\\/latamjournalismreview.org\\\/pt-br\\\/#website\",\"url\":\"https:\\\/\\\/latamjournalismreview.org\\\/pt-br\\\/\",\"name\":\"LatAm Journalism Review\",\"description\":\"Digital magazine on journalism in Latin America\",\"publisher\":{\"@id\":\"https:\\\/\\\/latamjournalismreview.org\\\/pt-br\\\/#organization\"},\"potentialAction\":[{\"@type\":\"SearchAction\",\"target\":{\"@type\":\"EntryPoint\",\"urlTemplate\":\"https:\\\/\\\/latamjournalismreview.org\\\/pt-br\\\/?s={search_term_string}\"},\"query-input\":{\"@type\":\"PropertyValueSpecification\",\"valueRequired\":true,\"valueName\":\"search_term_string\"}}],\"inLanguage\":\"pt-BR\"},{\"@type\":\"Organization\",\"@id\":\"https:\\\/\\\/latamjournalismreview.org\\\/pt-br\\\/#organization\",\"name\":\"LatAm Journalism Review\",\"url\":\"https:\\\/\\\/latamjournalismreview.org\\\/pt-br\\\/\",\"logo\":{\"@type\":\"ImageObject\",\"inLanguage\":\"pt-BR\",\"@id\":\"https:\\\/\\\/latamjournalismreview.org\\\/pt-br\\\/#\\\/schema\\\/logo\\\/image\\\/\",\"url\":\"https:\\\/\\\/latamjournalismreview.org\\\/wp-content\\\/uploads\\\/2020\\\/05\\\/knight-latAm-review-logo.svg\",\"contentUrl\":\"https:\\\/\\\/latamjournalismreview.org\\\/wp-content\\\/uploads\\\/2020\\\/05\\\/knight-latAm-review-logo.svg\",\"width\":\"1024\",\"height\":\"1024\",\"caption\":\"LatAm Journalism Review\"},\"image\":{\"@id\":\"https:\\\/\\\/latamjournalismreview.org\\\/pt-br\\\/#\\\/schema\\\/logo\\\/image\\\/\"},\"sameAs\":[\"https:\\\/\\\/x.com\\\/LatAmJournalism\"]},{\"@type\":\"Person\",\"@id\":\"https:\\\/\\\/latamjournalismreview.org\\\/pt-br\\\/#\\\/schema\\\/person\\\/eac7baa6afada0957e047be9fc15703a\",\"name\":\"Silvia Higuera\",\"description\":\"Silvia A. Higuera Fl\u00f3rez is a Colombian journalist interested in covering Latin American issues and human rights, especially the right to freedom of expression, and investigative journalism. She studied Social Communication and Journalism at Universidad Pontificia Bolivariana in Bucaramanga (Colombia), and received her Master's of Arts in Journalism from the University of Texas at Austin in 2015. She worked with the Office of the Special Rapporteur for Freedom of Expression of the Inter-American Commission on Human Rights (IACHR) under the Orlando Sierra fellowship during 2014. She also worked for the Colombian newspaper Vanguardia Liberal and wrote for different magazines about local, economic and public order issues. Her work has also appeared in The Miami Herald and El Nuevo Herald of Miami. Email: silvia.knightcenter@gmail.com Silvia A. Higuera Fl\u00f3rez es una periodista colombiana con inter\u00e9s period\u00edstico es Am\u00e9rica Latina y los derechos humanos, particularmente el derecho a la libertad de expresi\u00f3n, as\u00ed como el periodismo de investigaci\u00f3n. Estudi\u00f3 Comunicaci\u00f3n Social \u2013 Periodismo en la Universidad Pontificia Bolivariana de Bucaramanga (Colombia), y recibi\u00f3 su maestr\u00eda en Periodismo en la Universidad de Texas, en Austin en 2015. Trabaj\u00f3 para la Relator\u00eda Especial para la Libertad de Expresi\u00f3n de la Comisi\u00f3n Interamericana de Derechos Humanos (CIDH) en el marco de la beca Orlando Sierra, durante 2014. Tambi\u00e9n hizo parte del diario Vanguardia Liberal y escribi\u00f3 para otras revistas colombianas cubriendo fuentes locales, econ\u00f3micas y judiciales. Algunos de sus trabajos han aparecido en The Miami Herald y El Nuevo Herald de Miami. Silvia A. Higuera Fl\u00f3rez \u00e9 uma jornalista colombiana e seu interesse jornal\u00edstico \u00e9 a Am\u00e9rica Latina e os direitos humanos, nomeadamente o direito \u00e0 liberdade de express\u00e3o. Estudou Comunica\u00e7\u00e3o Social \u2013 Jornalismo na Universidade Pontif\u00edcia Bolivariana de Bucaramanga, na Col\u00f4mbia e completou seu mestrado em jornalismo na Universidade do Texas em Austin. Silvia trabalhou na Relatoria para a Liberdade de Express\u00e3o da CIDH pela bolsa Orlando Sierra, em 2014. Trabalhou para o jornal Vanguardia Liberal e escreveu para outras revistas colombianas cobrindo temas locais, econ\u00f4micas e judici\u00e1rias. Alguns de seus trabalhos apareceram no The Miami Herald e no El Nuevo Herald de Miami.\",\"sameAs\":[\"https:\\\/\\\/x.com\\\/shiguerita\"],\"url\":\"https:\\\/\\\/latamjournalismreview.org\\\/pt-br\\\/articles\\\/author\\\/silvia-higuera\\\/\"}]}<\/script>\n<!-- \/ Yoast SEO Premium plugin. -->","yoast_head_json":{"title":"Prepara\u00e7\u00e3o e acompanhamento do trauma s\u00e3o essenciais para jornalistas que cobrem protestos na Am\u00e9rica Latina - LatAm Journalism Review by the Knight Center","description":"Prepara\u00e7\u00e3o e acompanhamento do trauma s\u00e3o essenciais para jornalistas que cobrem protestos na Am\u00e9rica Latina . Latin American Journalism Review by The Knight Center at The University of Texas at Austin.","robots":{"index":"index","follow":"follow","max-snippet":"max-snippet:-1","max-image-preview":"max-image-preview:large","max-video-preview":"max-video-preview:-1"},"canonical":"https:\/\/latamjournalismreview.org\/pt-br\/articles\/preparacao-e-acompanhamento-do-trauma-sao-essenciais-para-jornalistas-que-cobrem-protestos-na-america-latina\/","og_locale":"pt_BR","og_type":"article","og_title":"Prepara\u00e7\u00e3o e acompanhamento do trauma s\u00e3o essenciais para jornalistas que cobrem protestos na Am\u00e9rica Latina","og_description":"Prepara\u00e7\u00e3o e acompanhamento do trauma s\u00e3o essenciais para jornalistas que cobrem protestos na Am\u00e9rica Latina . Latin American Journalism Review by The Knight Center at The University of Texas at Austin.","og_url":"https:\/\/latamjournalismreview.org\/pt-br\/articles\/preparacao-e-acompanhamento-do-trauma-sao-essenciais-para-jornalistas-que-cobrem-protestos-na-america-latina\/","og_site_name":"LatAm Journalism Review by the Knight Center","article_published_time":"2022-01-12T19:43:46+00:00","article_modified_time":"2022-08-03T22:46:23+00:00","og_image":[{"width":507,"height":340,"url":"https:\/\/latamjournalismreview.org\/wp-content\/uploads\/2021\/12\/FEATURED-IMAGE-SEAL-PROTEST.png","type":"image\/png"}],"author":"Silvia Higuera","twitter_card":"summary_large_image","twitter_creator":"@shiguerita","twitter_site":"@LatAmJournalism","twitter_misc":{"Written by":"Silvia Higuera","Est. reading time":"16 minutos"},"schema":{"@context":"https:\/\/schema.org","@graph":[{"@type":"Article","@id":"https:\/\/latamjournalismreview.org\/pt-br\/articles\/preparacao-e-acompanhamento-do-trauma-sao-essenciais-para-jornalistas-que-cobrem-protestos-na-america-latina\/#article","isPartOf":{"@id":"https:\/\/latamjournalismreview.org\/pt-br\/articles\/preparacao-e-acompanhamento-do-trauma-sao-essenciais-para-jornalistas-que-cobrem-protestos-na-america-latina\/"},"author":{"name":"Silvia Higuera","@id":"https:\/\/latamjournalismreview.org\/pt-br\/#\/schema\/person\/eac7baa6afada0957e047be9fc15703a"},"headline":"Prepara\u00e7\u00e3o e acompanhamento do trauma s\u00e3o essenciais para jornalistas que cobrem protestos na Am\u00e9rica Latina","datePublished":"2022-01-12T19:43:46+00:00","dateModified":"2022-08-03T22:46:23+00:00","mainEntityOfPage":{"@id":"https:\/\/latamjournalismreview.org\/pt-br\/articles\/preparacao-e-acompanhamento-do-trauma-sao-essenciais-para-jornalistas-que-cobrem-protestos-na-america-latina\/"},"wordCount":3182,"publisher":{"@id":"https:\/\/latamjournalismreview.org\/pt-br\/#organization"},"image":{"@id":"https:\/\/latamjournalismreview.org\/pt-br\/articles\/preparacao-e-acompanhamento-do-trauma-sao-essenciais-para-jornalistas-que-cobrem-protestos-na-america-latina\/#primaryimage"},"thumbnailUrl":"https:\/\/latamjournalismreview.org\/wp-content\/uploads\/2021\/12\/FEATURED-IMAGE-SEAL-PROTEST.png","keywords":["Seguran\u00e7a e prote\u00e7\u00e3o"],"articleSection":["Uncategorized","Viol\u00eancia contra jornalistas"],"inLanguage":"pt-BR"},{"@type":"WebPage","@id":"https:\/\/latamjournalismreview.org\/pt-br\/articles\/preparacao-e-acompanhamento-do-trauma-sao-essenciais-para-jornalistas-que-cobrem-protestos-na-america-latina\/","url":"https:\/\/latamjournalismreview.org\/pt-br\/articles\/preparacao-e-acompanhamento-do-trauma-sao-essenciais-para-jornalistas-que-cobrem-protestos-na-america-latina\/","name":"Prepara\u00e7\u00e3o e acompanhamento do trauma s\u00e3o essenciais para jornalistas que cobrem protestos na Am\u00e9rica Latina - LatAm Journalism Review by the Knight Center","isPartOf":{"@id":"https:\/\/latamjournalismreview.org\/pt-br\/#website"},"primaryImageOfPage":{"@id":"https:\/\/latamjournalismreview.org\/pt-br\/articles\/preparacao-e-acompanhamento-do-trauma-sao-essenciais-para-jornalistas-que-cobrem-protestos-na-america-latina\/#primaryimage"},"image":{"@id":"https:\/\/latamjournalismreview.org\/pt-br\/articles\/preparacao-e-acompanhamento-do-trauma-sao-essenciais-para-jornalistas-que-cobrem-protestos-na-america-latina\/#primaryimage"},"thumbnailUrl":"https:\/\/latamjournalismreview.org\/wp-content\/uploads\/2021\/12\/FEATURED-IMAGE-SEAL-PROTEST.png","datePublished":"2022-01-12T19:43:46+00:00","dateModified":"2022-08-03T22:46:23+00:00","description":"Prepara\u00e7\u00e3o e acompanhamento do trauma s\u00e3o essenciais para jornalistas que cobrem protestos na Am\u00e9rica Latina . Latin American Journalism Review by The Knight Center at The University of Texas at Austin.","breadcrumb":{"@id":"https:\/\/latamjournalismreview.org\/pt-br\/articles\/preparacao-e-acompanhamento-do-trauma-sao-essenciais-para-jornalistas-que-cobrem-protestos-na-america-latina\/#breadcrumb"},"inLanguage":"pt-BR","potentialAction":[{"@type":"ReadAction","target":["https:\/\/latamjournalismreview.org\/pt-br\/articles\/preparacao-e-acompanhamento-do-trauma-sao-essenciais-para-jornalistas-que-cobrem-protestos-na-america-latina\/"]}]},{"@type":"ImageObject","inLanguage":"pt-BR","@id":"https:\/\/latamjournalismreview.org\/pt-br\/articles\/preparacao-e-acompanhamento-do-trauma-sao-essenciais-para-jornalistas-que-cobrem-protestos-na-america-latina\/#primaryimage","url":"https:\/\/latamjournalismreview.org\/wp-content\/uploads\/2021\/12\/FEATURED-IMAGE-SEAL-PROTEST.png","contentUrl":"https:\/\/latamjournalismreview.org\/wp-content\/uploads\/2021\/12\/FEATURED-IMAGE-SEAL-PROTEST.png","width":507,"height":340,"caption":"FEATURED IMAGE SEAL PROTEST"},{"@type":"BreadcrumbList","@id":"https:\/\/latamjournalismreview.org\/pt-br\/articles\/preparacao-e-acompanhamento-do-trauma-sao-essenciais-para-jornalistas-que-cobrem-protestos-na-america-latina\/#breadcrumb","itemListElement":[{"@type":"ListItem","position":1,"name":"Home","item":"https:\/\/latamjournalismreview.org\/pt-br\/"},{"@type":"ListItem","position":2,"name":"Prepara\u00e7\u00e3o e acompanhamento do trauma s\u00e3o essenciais para jornalistas que cobrem protestos na Am\u00e9rica Latina"}]},{"@type":"WebSite","@id":"https:\/\/latamjournalismreview.org\/pt-br\/#website","url":"https:\/\/latamjournalismreview.org\/pt-br\/","name":"LatAm Journalism Review","description":"Digital magazine on journalism in Latin America","publisher":{"@id":"https:\/\/latamjournalismreview.org\/pt-br\/#organization"},"potentialAction":[{"@type":"SearchAction","target":{"@type":"EntryPoint","urlTemplate":"https:\/\/latamjournalismreview.org\/pt-br\/?s={search_term_string}"},"query-input":{"@type":"PropertyValueSpecification","valueRequired":true,"valueName":"search_term_string"}}],"inLanguage":"pt-BR"},{"@type":"Organization","@id":"https:\/\/latamjournalismreview.org\/pt-br\/#organization","name":"LatAm Journalism Review","url":"https:\/\/latamjournalismreview.org\/pt-br\/","logo":{"@type":"ImageObject","inLanguage":"pt-BR","@id":"https:\/\/latamjournalismreview.org\/pt-br\/#\/schema\/logo\/image\/","url":"https:\/\/latamjournalismreview.org\/wp-content\/uploads\/2020\/05\/knight-latAm-review-logo.svg","contentUrl":"https:\/\/latamjournalismreview.org\/wp-content\/uploads\/2020\/05\/knight-latAm-review-logo.svg","width":"1024","height":"1024","caption":"LatAm Journalism Review"},"image":{"@id":"https:\/\/latamjournalismreview.org\/pt-br\/#\/schema\/logo\/image\/"},"sameAs":["https:\/\/x.com\/LatAmJournalism"]},{"@type":"Person","@id":"https:\/\/latamjournalismreview.org\/pt-br\/#\/schema\/person\/eac7baa6afada0957e047be9fc15703a","name":"Silvia Higuera","description":"Silvia A. Higuera Fl\u00f3rez is a Colombian journalist interested in covering Latin American issues and human rights, especially the right to freedom of expression, and investigative journalism. She studied Social Communication and Journalism at Universidad Pontificia Bolivariana in Bucaramanga (Colombia), and received her Master's of Arts in Journalism from the University of Texas at Austin in 2015. She worked with the Office of the Special Rapporteur for Freedom of Expression of the Inter-American Commission on Human Rights (IACHR) under the Orlando Sierra fellowship during 2014. She also worked for the Colombian newspaper Vanguardia Liberal and wrote for different magazines about local, economic and public order issues. Her work has also appeared in The Miami Herald and El Nuevo Herald of Miami. Email: silvia.knightcenter@gmail.com Silvia A. Higuera Fl\u00f3rez es una periodista colombiana con inter\u00e9s period\u00edstico es Am\u00e9rica Latina y los derechos humanos, particularmente el derecho a la libertad de expresi\u00f3n, as\u00ed como el periodismo de investigaci\u00f3n. Estudi\u00f3 Comunicaci\u00f3n Social \u2013 Periodismo en la Universidad Pontificia Bolivariana de Bucaramanga (Colombia), y recibi\u00f3 su maestr\u00eda en Periodismo en la Universidad de Texas, en Austin en 2015. Trabaj\u00f3 para la Relator\u00eda Especial para la Libertad de Expresi\u00f3n de la Comisi\u00f3n Interamericana de Derechos Humanos (CIDH) en el marco de la beca Orlando Sierra, durante 2014. Tambi\u00e9n hizo parte del diario Vanguardia Liberal y escribi\u00f3 para otras revistas colombianas cubriendo fuentes locales, econ\u00f3micas y judiciales. Algunos de sus trabajos han aparecido en The Miami Herald y El Nuevo Herald de Miami. Silvia A. Higuera Fl\u00f3rez \u00e9 uma jornalista colombiana e seu interesse jornal\u00edstico \u00e9 a Am\u00e9rica Latina e os direitos humanos, nomeadamente o direito \u00e0 liberdade de express\u00e3o. Estudou Comunica\u00e7\u00e3o Social \u2013 Jornalismo na Universidade Pontif\u00edcia Bolivariana de Bucaramanga, na Col\u00f4mbia e completou seu mestrado em jornalismo na Universidade do Texas em Austin. Silvia trabalhou na Relatoria para a Liberdade de Express\u00e3o da CIDH pela bolsa Orlando Sierra, em 2014. Trabalhou para o jornal Vanguardia Liberal e escreveu para outras revistas colombianas cobrindo temas locais, econ\u00f4micas e judici\u00e1rias. Alguns de seus trabalhos apareceram no The Miami Herald e no El Nuevo Herald de Miami.","sameAs":["https:\/\/x.com\/shiguerita"],"url":"https:\/\/latamjournalismreview.org\/pt-br\/articles\/author\/silvia-higuera\/"}]}},"_links":{"self":[{"href":"https:\/\/latamjournalismreview.org\/pt-br\/wp-json\/wp\/v2\/posts\/47030","targetHints":{"allow":["GET"]}}],"collection":[{"href":"https:\/\/latamjournalismreview.org\/pt-br\/wp-json\/wp\/v2\/posts"}],"about":[{"href":"https:\/\/latamjournalismreview.org\/pt-br\/wp-json\/wp\/v2\/types\/post"}],"author":[{"embeddable":true,"href":"https:\/\/latamjournalismreview.org\/pt-br\/wp-json\/wp\/v2\/users\/13"}],"replies":[{"embeddable":true,"href":"https:\/\/latamjournalismreview.org\/pt-br\/wp-json\/wp\/v2\/comments?post=47030"}],"version-history":[{"count":15,"href":"https:\/\/latamjournalismreview.org\/pt-br\/wp-json\/wp\/v2\/posts\/47030\/revisions"}],"predecessor-version":[{"id":63455,"href":"https:\/\/latamjournalismreview.org\/pt-br\/wp-json\/wp\/v2\/posts\/47030\/revisions\/63455"}],"wp:featuredmedia":[{"embeddable":true,"href":"https:\/\/latamjournalismreview.org\/pt-br\/wp-json\/wp\/v2\/media\/44830"}],"wp:attachment":[{"href":"https:\/\/latamjournalismreview.org\/pt-br\/wp-json\/wp\/v2\/media?parent=47030"}],"wp:term":[{"taxonomy":"category","embeddable":true,"href":"https:\/\/latamjournalismreview.org\/pt-br\/wp-json\/wp\/v2\/categories?post=47030"},{"taxonomy":"post_tag","embeddable":true,"href":"https:\/\/latamjournalismreview.org\/pt-br\/wp-json\/wp\/v2\/tags?post=47030"},{"taxonomy":"author","embeddable":true,"href":"https:\/\/latamjournalismreview.org\/pt-br\/wp-json\/wp\/v2\/coauthors?post=47030"}],"curies":[{"name":"wp","href":"https:\/\/api.w.org\/{rel}","templated":true}]}}