{"id":48028,"date":"2018-02-07T11:42:24","date_gmt":"2018-02-07T16:42:24","guid":{"rendered":"https:\/\/latamjournalismreview.org\/?p=48028"},"modified":"2022-01-26T11:44:00","modified_gmt":"2022-01-26T16:44:00","slug":"diretor-executivo-de-organizacao-cubana-pela-liberdade-de-imprensa-desaparece-em-meio-a-ameacas-contra-jornalistas-independentes","status":"publish","type":"post","link":"https:\/\/latamjournalismreview.org\/pt-br\/articles\/diretor-executivo-de-organizacao-cubana-pela-liberdade-de-imprensa-desaparece-em-meio-a-ameacas-contra-jornalistas-independentes\/","title":{"rendered":"Diretor-executivo de organiza\u00e7\u00e3o cubana pela liberdade de imprensa desaparece em meio a amea\u00e7as contra jornalistas independentes"},"content":{"rendered":"<p dir=\"ltr\">Ra\u00fal Vel\u00e1zquez, diretor-executivo do Instituto Cubano para a Liberdade de Express\u00e3o e de Imprensa (ICLEP, na sigla em espanhol),\u00a0<a href=\"http:\/\/iclep.org\/nota-de-prensa-desaparecido-el-director-ejecutivo-del-iclep\/\">est\u00e1 desaparecido h\u00e1 seis dias<\/a>.<\/p>\n<p dir=\"ltr\">Vel\u00e1zquez foi ouvido pela \u00faltima vez pelo telefone em 1o de fevereiro, quando falou com o diretor da m\u00eddia regional Panorama Pinare\u00f1o e o Diretor de Monitoramento e Avalia\u00e7\u00e3o do ICLEP \u00e0s 7h e \u00e0s 9h da manh\u00e3, respectivamente, de acordo com o ICLEP. Naquele momento, ele viajava da prov\u00edncia de Artemisa para Pinar del R\u00edo.<\/p>\n<p dir=\"ltr\">Vel\u00e1zquez deveria encontrar-se com Ivis Yanet Borrego Paul\u00edn, diretora do Panorama Pinare\u00f1o, para uma reuni\u00e3o, mas nunca apareceu, informou o ICLEP.<\/p>\n<p dir=\"ltr\">\"Tudo estava quieto, n\u00e3o havia opera\u00e7\u00e3o policial no momento em que ele me ligou. Foi apenas \u00e0s 10 da manh\u00e3, no parque perto da minha casa, que vimos algumas motocicletas com pessoas que n\u00e3o s\u00e3o da \u00e1rea e que pareciam agentes da Seguran\u00e7a do Estado \", disse ela, de acordo com a organiza\u00e7\u00e3o.<\/p>\n<p dir=\"ltr\">A For\u00e7a Policial Revolucion\u00e1ria Nacional (PNR, na sigla em espanhol) de Pinar del R\u00edo e a Unidade de Investiga\u00e7\u00e3o T\u00e9cnica da Pol\u00edcia Pol\u00edtica em Pinar del R\u00edo disseram que Vel\u00e1zquez n\u00e3o estava detido com eles, informou o ICLEP.<\/p>\n<p dir=\"ltr\">No fim do ano passado, a Pol\u00edcia Pol\u00edtica revistou a casa de Vel\u00e1zquez e o deteve entre 30 de novembro e 4 de dezembro. Nesse per\u00edodo, ele foi submetido a interrogat\u00f3rios, de acordo com o ICLEP. Ele foi libertado \"sob investiga\u00e7\u00e3o da pol\u00edcia pelos supostos crimes de propaga\u00e7\u00e3o de not\u00edcias falsas, receber dinheiro do governo dos Estados Unidos, impress\u00e3o clandestina e incitamento pela n\u00e3o participa\u00e7\u00e3o nas elei\u00e7\u00f5es para delegados \u00e0s assembleias municipais do Poder Popular\", disse o ICLEP. A organiza\u00e7\u00e3o acrescentou que a pol\u00edcia pol\u00edtica o vigiou continuamente.<\/p>\n<p dir=\"ltr\"><a href=\"http:\/\/iclep.org\/la-policia-politica-libero-sin-cargos-el-pasado-viernes-en-horas-de-la-tarde-al-director-ejecutivo-del-iclep-raul-velazquez-luego-de-poco-mas-de-tres-de-arresto-en-santiago-de-cuba\/\">Em maio de 2017, Vel\u00e1zquez foi libertado pela pol\u00edcia pol\u00edtica<\/a>\u00a0sem acusa\u00e7\u00f5es ap\u00f3s 72 horas de deten\u00e7\u00e3o.<\/p>\n<p dir=\"ltr\">\"ICLEP denuncia a pol\u00edcia pol\u00edtica e a junta militar comandada pelo general e l\u00edder de Cuba, Ra\u00fal Castro, pelo desaparecimento for\u00e7ado de seu diretor-executivo Ra\u00fal Vel\u00e1zquez\", disse a organiza\u00e7\u00e3o.<\/p>\n<p dir=\"ltr\">ICLEP \u00e9 uma organiza\u00e7\u00e3o sem fins lucrativos fundada\u00a0<a href=\"http:\/\/iclep.org\/quienes-somos\/\">para promover a liberdade de express\u00e3o e da imprensa em Cuba<\/a>. Criou meios de comunica\u00e7\u00e3o comunit\u00e1rios como Panorama Pinare\u00f1o, Cimarr\u00f3n de Mayabeque, Luz Camagueyana e muito mais. Vel\u00e1zquez \u00e9 diretor-executivo da organiza\u00e7\u00e3o em Cuba.<\/p>\n<p dir=\"ltr\">A Sociedade Interamericana de Imprensa (SIP, na sigla em espanhol) pediu \u00e0s autoridades que\u00a0<a href=\"http:\/\/en.sipiapa.org\/notas\/1212063-cuba-iapa-calls-for-urgent-investigation-into-disappearance-of-journalist\">investiguem o desaparecimento de Vel\u00e1zquez<\/a>.<\/p>\n<p dir=\"ltr\">Em um comunicado de imprensa, o presidente da SIP, Gustavo Mohme, condenou \"o constante ass\u00e9dio da pol\u00edcia pol\u00edtica ao servi\u00e7o de um regime intolerante e arcaico que busca destruir jornalistas e associa\u00e7\u00f5es independentes\".<\/p>\n<p dir=\"ltr\">Jornalistas independentes na ilha t\u00eam relatado ass\u00e9dio e a\u00e7\u00f5es legais nas \u00faltimas semanas e dias.<\/p>\n<p dir=\"ltr\">Durante uma \"entrevista\" em 15 de janeiro com agentes da Seguran\u00e7a do Estado, a jornalista Luz Escobar foi\u00a0<a href=\"http:\/\/www.14ymedio.com\/nacional\/vamos-vigilando_0_2365563425.html\">alertada e amea\u00e7ada com um processo<\/a>, segundo 14ymedio, o site em que ela trabalha. O ve\u00edculo acrescentou que tamb\u00e9m foi sugerido que a press\u00e3o seria colocada sobre sua fam\u00edlia.<\/p>\n<p dir=\"ltr\">\"Eles amea\u00e7aram dizer aos meus vizinhos que sou uma contra-revolucion\u00e1ria, n\u00e3o me deixar sair do pa\u00eds e processar-me por um crime comum\", disse Escobar, de acordo com 14ymedio. O site disse que tamb\u00e9m havia \"uma oferta de colabora\u00e7\u00e3o para a jornalista para ajudar a Pol\u00edcia Pol\u00edtica a \u2018influenciar a linha editorial de 14ymedio\u2019, porque atualmente \u2018\u00e9 um jornal que recebe orienta\u00e7\u00e3o do exterior para subverter a Revolu\u00e7\u00e3o\u2019. \"<\/p>\n<p dir=\"ltr\">De acordo com 14ymedio, agentes tamb\u00e9m acusaram o site de ser financiado pelo governo dos EUA, uma acusa\u00e7\u00e3o que o ve\u00edculo nega categoricamente.<\/p>\n<p dir=\"ltr\">No fim de janeiro, Cubanet informou que Iris Mari\u00f1o, jornalista da La Hora de Cuba em Camaguey, foi acusada de \"usurpa\u00e7\u00e3o de capacidade legal\", uma acusa\u00e7\u00e3o\u00a0<a href=\"https:\/\/knightcenter.utexas.edu\/blog\/00-18657-cuban-journalist-under-house-arrest-will-file-formal-complaint-prosecutor%E2%80%99s-office\">anteriormente feita contra seus colegas Sol Garc\u00eda Basulto e Henry Constantin<\/a>.<\/p>\n<p dir=\"ltr\">Quatro membros da Associa\u00e7\u00e3o Pr\u00f3 Liberdade de Imprensa (APLP, na sigla em espanhol)\u00a0<a href=\"https:\/\/www.cubanet.org\/mas-noticias\/amenazan-miembros-de-la-asociacion-pro-libertad-de-prensa-en-cuba\/\">foram recentemente convocados a esta\u00e7\u00f5es de pol\u00edcia e amea\u00e7ados pela pol\u00edcia pol\u00edtica<\/a>, de acordo com um comunicado da organiza\u00e7\u00e3o republicado por Cubanet. A APLP disse que oficiais condenaram o trabalho da organiza\u00e7\u00e3o para a Revis\u00e3o Peri\u00f3dica Universal (EPU), um processo que envolve\u00a0<a href=\"http:\/\/www.ohchr.org\/EN\/HRBodies\/UPR\/Pages\/UPRMain.aspx\">a an\u00e1lise da situa\u00e7\u00e3o de direitos humanos dos Estados membros da ONU<\/a>.<\/p>\n<p dir=\"ltr\">E em 2 de fevereiro, agentes da Seguran\u00e7a do Estado\u00a0<a href=\"http:\/\/www.diariodecuba.com\/derechos-humanos\/1517590719_37114.html\">amea\u00e7aram a jornalista Adriana Zamora,do Diario de Cuba,<\/a>\u00a0e seu parceiro, Ernesto Carralero Burgos, segundo o mesmo jornal.<\/p>\n<p dir=\"ltr\">\"Eles acabaram amea\u00e7ando-nos, dizendo que compete a Adriana fazer com que sua gravidez corra bem\", disse Carralero Burgos, de acordo com Diario de Cuba. Os oficiais tentaram negar que eles os estavam amea\u00e7ando.<\/p>\n<p dir=\"ltr\">Rep\u00f3rteres sem Fronteiras (RSF)\u00a0<a href=\"https:\/\/www.informeanualrsf.es\/news\/cuba-17\/\">classificou recentemente Cuba na posi\u00e7\u00e3o 173\u00ba entre 180 pa\u00edses<\/a>\u00a0em seu \u00cdndice Mundial de Liberdade de Imprensa.<\/p>\n<p><em>Nota do editor: Essa hist\u00f3ria foi publicada originalmente no blog de jornalismo nas Am\u00e9ricas do Centro Knight, o predecessor do LatAm Journalism Review.<\/em><\/p>\n","protected":false},"excerpt":{"rendered":"<p>Ra\u00fal Vel\u00e1zquez, diretor-executivo do Instituto Cubano para a Liberdade de Express\u00e3o e de Imprensa (ICLEP, na sigla em espanhol),\u00a0est\u00e1 desaparecido h\u00e1 seis dias.<\/p>\n","protected":false},"author":3,"featured_media":0,"comment_status":"closed","ping_status":"closed","sticky":false,"template":"","format":"standard","meta":{"inline_featured_image":false,"footnotes":""},"categories":[1219],"tags":[1613,1397,2051],"coauthors":[],"class_list":["post-48028","post","type-post","status-publish","format-standard","hentry","category-liberdade-de-imprensa-pt-br","tag-ameacas-a-jornalistas-pt-br","tag-cuba-pt-br-2","tag-liberdade-de-expressao-pt-br"],"acf":[],"yoast_head":"<!-- This site is optimized with the Yoast SEO Premium plugin v22.6 (Yoast SEO v27.4) - https:\/\/yoast.com\/product\/yoast-seo-premium-wordpress\/ -->\n<title>Diretor-executivo de organiza\u00e7\u00e3o cubana pela liberdade de imprensa desaparece em meio a amea\u00e7as contra jornalistas independentes - LatAm Journalism Review by the Knight Center<\/title>\n<meta name=\"description\" content=\"Diretor-executivo de organiza\u00e7\u00e3o cubana pela liberdade de imprensa desaparece em meio a amea\u00e7as contra jornalistas independentes Liberdade de imprensa. Latin American Journalism Review by The Knight Center at The University of Texas at Austin.\" \/>\n<meta name=\"robots\" content=\"index, follow, max-snippet:-1, max-image-preview:large, max-video-preview:-1\" \/>\n<link rel=\"canonical\" href=\"https:\/\/latamjournalismreview.org\/pt-br\/articles\/diretor-executivo-de-organizacao-cubana-pela-liberdade-de-imprensa-desaparece-em-meio-a-ameacas-contra-jornalistas-independentes\/\" \/>\n<meta property=\"og:locale\" content=\"pt_BR\" \/>\n<meta property=\"og:type\" content=\"article\" \/>\n<meta property=\"og:title\" content=\"Diretor-executivo de organiza\u00e7\u00e3o cubana pela liberdade de imprensa desaparece em meio a amea\u00e7as contra jornalistas independentes\" \/>\n<meta property=\"og:description\" content=\"Diretor-executivo de organiza\u00e7\u00e3o cubana pela liberdade de imprensa desaparece em meio a amea\u00e7as contra jornalistas independentes Liberdade de imprensa. Latin American Journalism Review by The Knight Center at The University of Texas at Austin.\" \/>\n<meta property=\"og:url\" content=\"https:\/\/latamjournalismreview.org\/pt-br\/articles\/diretor-executivo-de-organizacao-cubana-pela-liberdade-de-imprensa-desaparece-em-meio-a-ameacas-contra-jornalistas-independentes\/\" \/>\n<meta property=\"og:site_name\" content=\"LatAm Journalism Review by the Knight Center\" \/>\n<meta property=\"article:published_time\" content=\"2018-02-07T16:42:24+00:00\" \/>\n<meta property=\"article:modified_time\" content=\"2022-01-26T16:44:00+00:00\" \/>\n<meta name=\"author\" content=\"Teresa Mioli\" \/>\n<meta name=\"twitter:card\" content=\"summary_large_image\" \/>\n<meta name=\"twitter:creator\" content=\"@TeresaMioli\" \/>\n<meta name=\"twitter:site\" content=\"@LatAmJournalism\" \/>\n<meta name=\"twitter:label1\" content=\"Written by\" \/>\n\t<meta name=\"twitter:data1\" content=\"Teresa Mioli\" \/>\n\t<meta name=\"twitter:label2\" content=\"Est. reading time\" \/>\n\t<meta name=\"twitter:data2\" content=\"4 minutos\" \/>\n<script type=\"application\/ld+json\" class=\"yoast-schema-graph\">{\"@context\":\"https:\\\/\\\/schema.org\",\"@graph\":[{\"@type\":\"Article\",\"@id\":\"https:\\\/\\\/latamjournalismreview.org\\\/pt-br\\\/articles\\\/diretor-executivo-de-organizacao-cubana-pela-liberdade-de-imprensa-desaparece-em-meio-a-ameacas-contra-jornalistas-independentes\\\/#article\",\"isPartOf\":{\"@id\":\"https:\\\/\\\/latamjournalismreview.org\\\/pt-br\\\/articles\\\/diretor-executivo-de-organizacao-cubana-pela-liberdade-de-imprensa-desaparece-em-meio-a-ameacas-contra-jornalistas-independentes\\\/\"},\"author\":{\"name\":\"Teresa Mioli\",\"@id\":\"https:\\\/\\\/latamjournalismreview.org\\\/pt-br\\\/#\\\/schema\\\/person\\\/b83a4912f05c8178389e917d8d51de03\"},\"headline\":\"Diretor-executivo de organiza\u00e7\u00e3o cubana pela liberdade de imprensa desaparece em meio a amea\u00e7as contra jornalistas independentes\",\"datePublished\":\"2018-02-07T16:42:24+00:00\",\"dateModified\":\"2022-01-26T16:44:00+00:00\",\"mainEntityOfPage\":{\"@id\":\"https:\\\/\\\/latamjournalismreview.org\\\/pt-br\\\/articles\\\/diretor-executivo-de-organizacao-cubana-pela-liberdade-de-imprensa-desaparece-em-meio-a-ameacas-contra-jornalistas-independentes\\\/\"},\"wordCount\":907,\"publisher\":{\"@id\":\"https:\\\/\\\/latamjournalismreview.org\\\/pt-br\\\/#organization\"},\"keywords\":[\"Amea\u00e7as a jornalistas\",\"Cuba\",\"Liberdade de express\u00e3o\"],\"articleSection\":[\"Liberdade de imprensa\"],\"inLanguage\":\"pt-BR\"},{\"@type\":\"WebPage\",\"@id\":\"https:\\\/\\\/latamjournalismreview.org\\\/pt-br\\\/articles\\\/diretor-executivo-de-organizacao-cubana-pela-liberdade-de-imprensa-desaparece-em-meio-a-ameacas-contra-jornalistas-independentes\\\/\",\"url\":\"https:\\\/\\\/latamjournalismreview.org\\\/pt-br\\\/articles\\\/diretor-executivo-de-organizacao-cubana-pela-liberdade-de-imprensa-desaparece-em-meio-a-ameacas-contra-jornalistas-independentes\\\/\",\"name\":\"Diretor-executivo de organiza\u00e7\u00e3o cubana pela liberdade de imprensa desaparece em meio a amea\u00e7as contra jornalistas independentes - LatAm Journalism Review by the Knight Center\",\"isPartOf\":{\"@id\":\"https:\\\/\\\/latamjournalismreview.org\\\/pt-br\\\/#website\"},\"datePublished\":\"2018-02-07T16:42:24+00:00\",\"dateModified\":\"2022-01-26T16:44:00+00:00\",\"description\":\"Diretor-executivo de organiza\u00e7\u00e3o cubana pela liberdade de imprensa desaparece em meio a amea\u00e7as contra jornalistas independentes Liberdade de imprensa. Latin American Journalism Review by The Knight Center at The University of Texas at Austin.\",\"breadcrumb\":{\"@id\":\"https:\\\/\\\/latamjournalismreview.org\\\/pt-br\\\/articles\\\/diretor-executivo-de-organizacao-cubana-pela-liberdade-de-imprensa-desaparece-em-meio-a-ameacas-contra-jornalistas-independentes\\\/#breadcrumb\"},\"inLanguage\":\"pt-BR\",\"potentialAction\":[{\"@type\":\"ReadAction\",\"target\":[\"https:\\\/\\\/latamjournalismreview.org\\\/pt-br\\\/articles\\\/diretor-executivo-de-organizacao-cubana-pela-liberdade-de-imprensa-desaparece-em-meio-a-ameacas-contra-jornalistas-independentes\\\/\"]}]},{\"@type\":\"BreadcrumbList\",\"@id\":\"https:\\\/\\\/latamjournalismreview.org\\\/pt-br\\\/articles\\\/diretor-executivo-de-organizacao-cubana-pela-liberdade-de-imprensa-desaparece-em-meio-a-ameacas-contra-jornalistas-independentes\\\/#breadcrumb\",\"itemListElement\":[{\"@type\":\"ListItem\",\"position\":1,\"name\":\"Home\",\"item\":\"https:\\\/\\\/latamjournalismreview.org\\\/pt-br\\\/\"},{\"@type\":\"ListItem\",\"position\":2,\"name\":\"Diretor-executivo de organiza\u00e7\u00e3o cubana pela liberdade de imprensa desaparece em meio a amea\u00e7as contra jornalistas independentes\"}]},{\"@type\":\"WebSite\",\"@id\":\"https:\\\/\\\/latamjournalismreview.org\\\/pt-br\\\/#website\",\"url\":\"https:\\\/\\\/latamjournalismreview.org\\\/pt-br\\\/\",\"name\":\"LatAm Journalism Review\",\"description\":\"Digital magazine on journalism in Latin America\",\"publisher\":{\"@id\":\"https:\\\/\\\/latamjournalismreview.org\\\/pt-br\\\/#organization\"},\"potentialAction\":[{\"@type\":\"SearchAction\",\"target\":{\"@type\":\"EntryPoint\",\"urlTemplate\":\"https:\\\/\\\/latamjournalismreview.org\\\/pt-br\\\/?s={search_term_string}\"},\"query-input\":{\"@type\":\"PropertyValueSpecification\",\"valueRequired\":true,\"valueName\":\"search_term_string\"}}],\"inLanguage\":\"pt-BR\"},{\"@type\":\"Organization\",\"@id\":\"https:\\\/\\\/latamjournalismreview.org\\\/pt-br\\\/#organization\",\"name\":\"LatAm Journalism Review\",\"url\":\"https:\\\/\\\/latamjournalismreview.org\\\/pt-br\\\/\",\"logo\":{\"@type\":\"ImageObject\",\"inLanguage\":\"pt-BR\",\"@id\":\"https:\\\/\\\/latamjournalismreview.org\\\/pt-br\\\/#\\\/schema\\\/logo\\\/image\\\/\",\"url\":\"https:\\\/\\\/latamjournalismreview.org\\\/wp-content\\\/uploads\\\/2020\\\/05\\\/knight-latAm-review-logo.svg\",\"contentUrl\":\"https:\\\/\\\/latamjournalismreview.org\\\/wp-content\\\/uploads\\\/2020\\\/05\\\/knight-latAm-review-logo.svg\",\"width\":\"1024\",\"height\":\"1024\",\"caption\":\"LatAm Journalism Review\"},\"image\":{\"@id\":\"https:\\\/\\\/latamjournalismreview.org\\\/pt-br\\\/#\\\/schema\\\/logo\\\/image\\\/\"},\"sameAs\":[\"https:\\\/\\\/x.com\\\/LatAmJournalism\"]},{\"@type\":\"Person\",\"@id\":\"https:\\\/\\\/latamjournalismreview.org\\\/pt-br\\\/#\\\/schema\\\/person\\\/b83a4912f05c8178389e917d8d51de03\",\"name\":\"Teresa Mioli\",\"description\":\"Teresa Mioli is the editorial manager for the Knight Center for Journalism in the Americas. She is interested in press freedom, democratization, and investigative journalism in Latin America and is dedicated to increasing awareness about the importance of independent news media to the health of democracies. She produces journalistic work with the aim of helping people to make informed decisions about their lives and societies and wants to make sure other journalists are able to do the same. She has Bachelors' degrees in Journalism and Plan II Honors (Liberal Arts) and a Master's degree in Latin American Studies, all from the University of Texas at Austin. She started her journalistic career at The Beaumont Enterprise in Southeast Texas where she last worked as a breaking news reporter. ______ Teresa Mioli es la directora editorial del Centro Knight para el Periodismo en las Am\u00e9ricas. Es una periodista con inter\u00e9s en la libertad de prensa, la democratizaci\u00f3n y el periodismo investigativo en Am\u00e9rica Latina y est\u00e1 dedicada a crear mayor consciencia sobre la importancia de los medios noticiosos independientes para la salud de las democracias. El objetivo de su trabajo period\u00edstico es ayudar las personas para que tomen decisiones informadas sobre sus vidas y sus sociedades, y busca que otros periodistas tengan la posibilidad de hacer lo mismo. Teresa tiene una licenciatura en Periodismo y Artes liberales (Plan II Honors), y una maestr\u00eda en Estudios Latinoamericanos, todos de la Universidad de Texas en Austin. Empez\u00f3 su carrera en periodismo en The Beaumont Enterprise al sureste de Texas, en donde recientemente trabaj\u00f3 como reportera de noticias de \u00faltima hora. Anteriormente ella fue la editora de LatAm Journalism Review del Centro Knight. ______ Teresa Mioli \u00e9 gerente editorial do Centro Knight para o Jornalismo nas Am\u00e9ricas. Ela se interessa por liberdade de imprensa, democratiza\u00e7\u00e3o e jornalismo investigativo na Am\u00e9rica Latina e se dedica a aumentar a conscientiza\u00e7\u00e3o sobre a import\u00e2ncia da m\u00eddia independente para a sa\u00fade das democracias. Ela produz trabalhos jornal\u00edsticos com o objetivo de ajudar as pessoas a tomarem decis\u00f5es informadas sobre suas vidas e sociedades e deseja garantir que outros jornalistas possam fazer o mesmo. Ela tem bacharelado em jornalismo e artes liberais e um mestrado em Estudos Latino-Americanos, todos pela Universidade do Texas em Austin. Ela come\u00e7ou sua carreira jornal\u00edstica na The Beaumont Enterprise no sudeste do Texas, onde trabalhou pela \u00faltima vez como rep\u00f3rter de not\u00edcias de \u00faltima hora.\",\"sameAs\":[\"https:\\\/\\\/x.com\\\/TeresaMioli\"],\"url\":\"https:\\\/\\\/latamjournalismreview.org\\\/pt-br\\\/articles\\\/author\\\/teresa-mioli\\\/\"}]}<\/script>\n<!-- \/ Yoast SEO Premium plugin. -->","yoast_head_json":{"title":"Diretor-executivo de organiza\u00e7\u00e3o cubana pela liberdade de imprensa desaparece em meio a amea\u00e7as contra jornalistas independentes - LatAm Journalism Review by the Knight Center","description":"Diretor-executivo de organiza\u00e7\u00e3o cubana pela liberdade de imprensa desaparece em meio a amea\u00e7as contra jornalistas independentes Liberdade de imprensa. Latin American Journalism Review by The Knight Center at The University of Texas at Austin.","robots":{"index":"index","follow":"follow","max-snippet":"max-snippet:-1","max-image-preview":"max-image-preview:large","max-video-preview":"max-video-preview:-1"},"canonical":"https:\/\/latamjournalismreview.org\/pt-br\/articles\/diretor-executivo-de-organizacao-cubana-pela-liberdade-de-imprensa-desaparece-em-meio-a-ameacas-contra-jornalistas-independentes\/","og_locale":"pt_BR","og_type":"article","og_title":"Diretor-executivo de organiza\u00e7\u00e3o cubana pela liberdade de imprensa desaparece em meio a amea\u00e7as contra jornalistas independentes","og_description":"Diretor-executivo de organiza\u00e7\u00e3o cubana pela liberdade de imprensa desaparece em meio a amea\u00e7as contra jornalistas independentes Liberdade de imprensa. Latin American Journalism Review by The Knight Center at The University of Texas at Austin.","og_url":"https:\/\/latamjournalismreview.org\/pt-br\/articles\/diretor-executivo-de-organizacao-cubana-pela-liberdade-de-imprensa-desaparece-em-meio-a-ameacas-contra-jornalistas-independentes\/","og_site_name":"LatAm Journalism Review by the Knight Center","article_published_time":"2018-02-07T16:42:24+00:00","article_modified_time":"2022-01-26T16:44:00+00:00","author":"Teresa Mioli","twitter_card":"summary_large_image","twitter_creator":"@TeresaMioli","twitter_site":"@LatAmJournalism","twitter_misc":{"Written by":"Teresa Mioli","Est. reading time":"4 minutos"},"schema":{"@context":"https:\/\/schema.org","@graph":[{"@type":"Article","@id":"https:\/\/latamjournalismreview.org\/pt-br\/articles\/diretor-executivo-de-organizacao-cubana-pela-liberdade-de-imprensa-desaparece-em-meio-a-ameacas-contra-jornalistas-independentes\/#article","isPartOf":{"@id":"https:\/\/latamjournalismreview.org\/pt-br\/articles\/diretor-executivo-de-organizacao-cubana-pela-liberdade-de-imprensa-desaparece-em-meio-a-ameacas-contra-jornalistas-independentes\/"},"author":{"name":"Teresa Mioli","@id":"https:\/\/latamjournalismreview.org\/pt-br\/#\/schema\/person\/b83a4912f05c8178389e917d8d51de03"},"headline":"Diretor-executivo de organiza\u00e7\u00e3o cubana pela liberdade de imprensa desaparece em meio a amea\u00e7as contra jornalistas independentes","datePublished":"2018-02-07T16:42:24+00:00","dateModified":"2022-01-26T16:44:00+00:00","mainEntityOfPage":{"@id":"https:\/\/latamjournalismreview.org\/pt-br\/articles\/diretor-executivo-de-organizacao-cubana-pela-liberdade-de-imprensa-desaparece-em-meio-a-ameacas-contra-jornalistas-independentes\/"},"wordCount":907,"publisher":{"@id":"https:\/\/latamjournalismreview.org\/pt-br\/#organization"},"keywords":["Amea\u00e7as a jornalistas","Cuba","Liberdade de express\u00e3o"],"articleSection":["Liberdade de imprensa"],"inLanguage":"pt-BR"},{"@type":"WebPage","@id":"https:\/\/latamjournalismreview.org\/pt-br\/articles\/diretor-executivo-de-organizacao-cubana-pela-liberdade-de-imprensa-desaparece-em-meio-a-ameacas-contra-jornalistas-independentes\/","url":"https:\/\/latamjournalismreview.org\/pt-br\/articles\/diretor-executivo-de-organizacao-cubana-pela-liberdade-de-imprensa-desaparece-em-meio-a-ameacas-contra-jornalistas-independentes\/","name":"Diretor-executivo de organiza\u00e7\u00e3o cubana pela liberdade de imprensa desaparece em meio a amea\u00e7as contra jornalistas independentes - LatAm Journalism Review by the Knight Center","isPartOf":{"@id":"https:\/\/latamjournalismreview.org\/pt-br\/#website"},"datePublished":"2018-02-07T16:42:24+00:00","dateModified":"2022-01-26T16:44:00+00:00","description":"Diretor-executivo de organiza\u00e7\u00e3o cubana pela liberdade de imprensa desaparece em meio a amea\u00e7as contra jornalistas independentes Liberdade de imprensa. Latin American Journalism Review by The Knight Center at The University of Texas at Austin.","breadcrumb":{"@id":"https:\/\/latamjournalismreview.org\/pt-br\/articles\/diretor-executivo-de-organizacao-cubana-pela-liberdade-de-imprensa-desaparece-em-meio-a-ameacas-contra-jornalistas-independentes\/#breadcrumb"},"inLanguage":"pt-BR","potentialAction":[{"@type":"ReadAction","target":["https:\/\/latamjournalismreview.org\/pt-br\/articles\/diretor-executivo-de-organizacao-cubana-pela-liberdade-de-imprensa-desaparece-em-meio-a-ameacas-contra-jornalistas-independentes\/"]}]},{"@type":"BreadcrumbList","@id":"https:\/\/latamjournalismreview.org\/pt-br\/articles\/diretor-executivo-de-organizacao-cubana-pela-liberdade-de-imprensa-desaparece-em-meio-a-ameacas-contra-jornalistas-independentes\/#breadcrumb","itemListElement":[{"@type":"ListItem","position":1,"name":"Home","item":"https:\/\/latamjournalismreview.org\/pt-br\/"},{"@type":"ListItem","position":2,"name":"Diretor-executivo de organiza\u00e7\u00e3o cubana pela liberdade de imprensa desaparece em meio a amea\u00e7as contra jornalistas independentes"}]},{"@type":"WebSite","@id":"https:\/\/latamjournalismreview.org\/pt-br\/#website","url":"https:\/\/latamjournalismreview.org\/pt-br\/","name":"LatAm Journalism Review","description":"Digital magazine on journalism in Latin America","publisher":{"@id":"https:\/\/latamjournalismreview.org\/pt-br\/#organization"},"potentialAction":[{"@type":"SearchAction","target":{"@type":"EntryPoint","urlTemplate":"https:\/\/latamjournalismreview.org\/pt-br\/?s={search_term_string}"},"query-input":{"@type":"PropertyValueSpecification","valueRequired":true,"valueName":"search_term_string"}}],"inLanguage":"pt-BR"},{"@type":"Organization","@id":"https:\/\/latamjournalismreview.org\/pt-br\/#organization","name":"LatAm Journalism Review","url":"https:\/\/latamjournalismreview.org\/pt-br\/","logo":{"@type":"ImageObject","inLanguage":"pt-BR","@id":"https:\/\/latamjournalismreview.org\/pt-br\/#\/schema\/logo\/image\/","url":"https:\/\/latamjournalismreview.org\/wp-content\/uploads\/2020\/05\/knight-latAm-review-logo.svg","contentUrl":"https:\/\/latamjournalismreview.org\/wp-content\/uploads\/2020\/05\/knight-latAm-review-logo.svg","width":"1024","height":"1024","caption":"LatAm Journalism Review"},"image":{"@id":"https:\/\/latamjournalismreview.org\/pt-br\/#\/schema\/logo\/image\/"},"sameAs":["https:\/\/x.com\/LatAmJournalism"]},{"@type":"Person","@id":"https:\/\/latamjournalismreview.org\/pt-br\/#\/schema\/person\/b83a4912f05c8178389e917d8d51de03","name":"Teresa Mioli","description":"Teresa Mioli is the editorial manager for the Knight Center for Journalism in the Americas. She is interested in press freedom, democratization, and investigative journalism in Latin America and is dedicated to increasing awareness about the importance of independent news media to the health of democracies. She produces journalistic work with the aim of helping people to make informed decisions about their lives and societies and wants to make sure other journalists are able to do the same. She has Bachelors' degrees in Journalism and Plan II Honors (Liberal Arts) and a Master's degree in Latin American Studies, all from the University of Texas at Austin. She started her journalistic career at The Beaumont Enterprise in Southeast Texas where she last worked as a breaking news reporter. ______ Teresa Mioli es la directora editorial del Centro Knight para el Periodismo en las Am\u00e9ricas. Es una periodista con inter\u00e9s en la libertad de prensa, la democratizaci\u00f3n y el periodismo investigativo en Am\u00e9rica Latina y est\u00e1 dedicada a crear mayor consciencia sobre la importancia de los medios noticiosos independientes para la salud de las democracias. El objetivo de su trabajo period\u00edstico es ayudar las personas para que tomen decisiones informadas sobre sus vidas y sus sociedades, y busca que otros periodistas tengan la posibilidad de hacer lo mismo. Teresa tiene una licenciatura en Periodismo y Artes liberales (Plan II Honors), y una maestr\u00eda en Estudios Latinoamericanos, todos de la Universidad de Texas en Austin. Empez\u00f3 su carrera en periodismo en The Beaumont Enterprise al sureste de Texas, en donde recientemente trabaj\u00f3 como reportera de noticias de \u00faltima hora. Anteriormente ella fue la editora de LatAm Journalism Review del Centro Knight. ______ Teresa Mioli \u00e9 gerente editorial do Centro Knight para o Jornalismo nas Am\u00e9ricas. Ela se interessa por liberdade de imprensa, democratiza\u00e7\u00e3o e jornalismo investigativo na Am\u00e9rica Latina e se dedica a aumentar a conscientiza\u00e7\u00e3o sobre a import\u00e2ncia da m\u00eddia independente para a sa\u00fade das democracias. Ela produz trabalhos jornal\u00edsticos com o objetivo de ajudar as pessoas a tomarem decis\u00f5es informadas sobre suas vidas e sociedades e deseja garantir que outros jornalistas possam fazer o mesmo. Ela tem bacharelado em jornalismo e artes liberais e um mestrado em Estudos Latino-Americanos, todos pela Universidade do Texas em Austin. Ela come\u00e7ou sua carreira jornal\u00edstica na The Beaumont Enterprise no sudeste do Texas, onde trabalhou pela \u00faltima vez como rep\u00f3rter de not\u00edcias de \u00faltima hora.","sameAs":["https:\/\/x.com\/TeresaMioli"],"url":"https:\/\/latamjournalismreview.org\/pt-br\/articles\/author\/teresa-mioli\/"}]}},"_links":{"self":[{"href":"https:\/\/latamjournalismreview.org\/pt-br\/wp-json\/wp\/v2\/posts\/48028","targetHints":{"allow":["GET"]}}],"collection":[{"href":"https:\/\/latamjournalismreview.org\/pt-br\/wp-json\/wp\/v2\/posts"}],"about":[{"href":"https:\/\/latamjournalismreview.org\/pt-br\/wp-json\/wp\/v2\/types\/post"}],"author":[{"embeddable":true,"href":"https:\/\/latamjournalismreview.org\/pt-br\/wp-json\/wp\/v2\/users\/3"}],"replies":[{"embeddable":true,"href":"https:\/\/latamjournalismreview.org\/pt-br\/wp-json\/wp\/v2\/comments?post=48028"}],"version-history":[{"count":1,"href":"https:\/\/latamjournalismreview.org\/pt-br\/wp-json\/wp\/v2\/posts\/48028\/revisions"}],"predecessor-version":[{"id":48030,"href":"https:\/\/latamjournalismreview.org\/pt-br\/wp-json\/wp\/v2\/posts\/48028\/revisions\/48030"}],"wp:attachment":[{"href":"https:\/\/latamjournalismreview.org\/pt-br\/wp-json\/wp\/v2\/media?parent=48028"}],"wp:term":[{"taxonomy":"category","embeddable":true,"href":"https:\/\/latamjournalismreview.org\/pt-br\/wp-json\/wp\/v2\/categories?post=48028"},{"taxonomy":"post_tag","embeddable":true,"href":"https:\/\/latamjournalismreview.org\/pt-br\/wp-json\/wp\/v2\/tags?post=48028"},{"taxonomy":"author","embeddable":true,"href":"https:\/\/latamjournalismreview.org\/pt-br\/wp-json\/wp\/v2\/coauthors?post=48028"}],"curies":[{"name":"wp","href":"https:\/\/api.w.org\/{rel}","templated":true}]}}