{"id":48709,"date":"2015-11-10T11:02:48","date_gmt":"2015-11-10T16:02:48","guid":{"rendered":"https:\/\/latamjournalismreview.org\/?p=48709"},"modified":"2022-02-01T17:40:22","modified_gmt":"2022-02-01T22:40:22","slug":"agencia-de-jornalismo-reune-jovens-e-propoe-novo-olhar-para-a-cobertura-da-periferia-de-sao-paulo","status":"publish","type":"post","link":"https:\/\/latamjournalismreview.org\/pt-br\/articles\/agencia-de-jornalismo-reune-jovens-e-propoe-novo-olhar-para-a-cobertura-da-periferia-de-sao-paulo\/","title":{"rendered":"Ag\u00eancia de jornalismo re\u00fane jovens e prop\u00f5e novo olhar para a cobertura da periferia de S\u00e3o Paulo"},"content":{"rendered":"<p>Durante cinco anos, um grupo de jovens da periferia da Grande S\u00e3o Paulo, sob a batuta da jornalista <a href=\"https:\/\/twitter.com\/izamoi\">Izabela Moi<\/a>, encarou um desafio: retratar suas regi\u00f5es a partir de uma \u201cvis\u00e3o de dentro\u201d, com uma cobertura que fosse al\u00e9m dos clich\u00eas sobre viol\u00eancia e assistencialismo. O projeto Mural de jornalismo nasceu em 24 de novembro de 2010 como um <a href=\"http:\/\/mural.blogfolha.uol.com.br\/projeto_mural\/\">blog<\/a> de publica\u00e7\u00e3o di\u00e1ria na Folha de S.Paulo e, de l\u00e1 pra c\u00e1, viu aumentar o n\u00famero de participantes e o impacto de suas atividades. Tanto que o espa\u00e7o do blog passou a n\u00e3o dar conta, e na \u00faltima quinta-feira, 5 de novembro, foi lan\u00e7ada a <a href=\"http:\/\/mural.blogfolha.uol.com.br\/projeto_mural\/\">Ag\u00eancia Mural de Jornalismo das Periferias<\/a>.<\/p>\n<p>Por tr\u00e1s da gest\u00e3o da rede engajada no projeto, Izabela Moi construiu boa parte da sua carreira na Folha e viu na concep\u00e7\u00e3o do Mural a oportunidade de colocar em pr\u00e1tica o que acredita ser a miss\u00e3o do jornalismo: informar para transformar realidades. Depois de passar um ano em Stanford com a <a href=\"http:\/\/jsk.stanford.edu\/fellows\/class-of-2015\/izabela-moi\/\">bolsa do programa JSK<\/a>, ela voltou disposta a levar a iniciativa a outro patamar e transform\u00e1-la em uma organiza\u00e7\u00e3o sustent\u00e1vel, capaz de, por meio do bom jornalismo, reintegrar espa\u00e7os pouco ou mal representados de S\u00e3o Paulo.<\/p>\n<p>\u201cQuando a gente come\u00e7a, n\u00e3o sabe se o dia seguinte vai acontecer. No primeiro ano, eram 20 correspondentes e ningu\u00e9m se conhecia. Tudo foi feito sem financiamento, era uma miss\u00e3o que todos n\u00f3s compartilhav\u00e1mos. A gente s\u00f3 sabia que havia uma lacuna nesse tipo de notici\u00e1rio, e que quer\u00edamos preench\u00ea-la\u201d, contou Izabela, em entrevista ao Centro Knight.<\/p>\n<p>Os primeiros muralistas - como s\u00e3o chamados os integrantes do projeto - vieram de uma turma treinada pelo ent\u00e3o rep\u00f3rter da BBC Bruno Garcez, que havia recebido\u00a0uma bolsa do <a href=\"http:\/\/www.icfj.org\/\">International Center for Journalists<\/a> (ICFJ)\u00a0para investir na proposta de formar jornalistas cidad\u00e3os. \u201cEu j\u00e1 tinha desenvolvido um projeto na Folha para tentar aproximar estudantes de escolas p\u00fablicas do jornal. Conheci o Bruno na \u00e9poca em que fiquei \u00f3rf\u00e3 desse projeto. Ele tinha que voltar para a BBC e n\u00e3o sabia o que fazer com as pessoas que havia formado. Da\u00ed surgiu a ideia de fazer um blog para abrigar as hist\u00f3rias desses jovens, que atuariam como\u00a0correspondentes locais\u201d, explicou a jornalista.<\/p>\n<p>Mais de mil hist\u00f3rias depois e com 75 muralistas ativos na produ\u00e7\u00e3o de reportagens, o Mural agora conta com <a href=\"http:\/\/agenciamural.com.br\/\">um site<\/a> onde seus leitores poder\u00e3o ter acesso \u00e0s outras atividades e conte\u00fados produzidos pelo grupo. \u201cO blog vai continuar a ser atualizado, mas ele ficou pequeno como vitrine\u201d, nas palavras de Izabela.<\/p>\n<p><strong>Aposta na cobertura hiperlocal<\/strong><\/p>\n<p>O Mural foi o primeiro blog em um grande ve\u00edculo brasileiro a praticar um g\u00eanero de jornalismo que despontou nos EUA em 2009 - o jornalismo colaborativo hiperlocal - com a crise do modelo de neg\u00f3cios dos jornais e a necessidade de reanimar o interesse da audi\u00eancia por not\u00edcias. Um ano antes da iniciativa nascer na Folha, o <a href=\"http:\/\/www.nytimes.com\">New York Times<\/a> lan\u00e7ava o\u00a0<em><a href=\"http:\/\/fort-greene.thelocal.nytimes.com\/\">Local<\/a><\/em>, destinado a cobrir bairros da cidade de Nova York a partir de informa\u00e7\u00f5es fornecidas por moradores.<\/p>\n<p>O projeto do principal jornal americano terminou em 2012, tr\u00eas anos depois de sua estreia. J\u00e1 o brasileiro segue firme na aposta de que o modelo \u00e9 capaz de dar espa\u00e7o a novas vozes na grande m\u00eddia e refletir a complexidade de regi\u00f5es desconhecidas para a maior parte dos leitores. Entre as principais diferen\u00e7as das duas iniciativas, o investimento na forma\u00e7\u00e3o dos correspondentes comunit\u00e1rios e o modelo de opera\u00e7\u00e3o mais horizontal, que permite a participa\u00e7\u00e3o de todos nas decis\u00f5es do projeto, s\u00e3o chaves.<\/p>\n<p>\u201cConstru\u00edmos alguns processos para facilitar o trabalho, mas no come\u00e7o eu passava mais de 3 horas por dia respondendo a e-mails e orientando os muralistas. Fomos construindo nossos princ\u00edpios de reportagem. Apesar da maioria ser estudante de jornalismo, eu precisava garantir a qualidade das pautas e mantinha uma exig\u00eancia de editora da Folha de S. Paulo\u201d, contou Izabela. \u201cFiquei tr\u00eas anos a frente do operacional do texto. Quando eu sai do jornal, em 2012, escolhemos seis muralistas que j\u00e1 haviam desenvolvido um olhar de editor e montamos o conselho editorial do blog.\u201d<\/p>\n<p>Todo ano \u00e9 promovida uma nova sele\u00e7\u00e3o de muralistas e os participantes mant\u00eam conversas online e encontros aos s\u00e1bados. O desafio inicial de Izabela foi mostrar aos envolvidos que eles poderiam reportar sobre o pr\u00f3prio bairro sem cair na narrativa do ex\u00f3tico ou nas pautas f\u00e1ceis das atra\u00e7\u00f5es culturais.<\/p>\n<p>\u201cEu dizia que eles tinham que ver\u00a0o bairro com um olhar cr\u00edtico e fazer as mat\u00e9rias com um olhar de correspondente mesmo, e eles questionavam 'como\u00a0vamos falar mal do bairro que a gente mora?\u2019\u00a0Quando eles entenderam que poderiam reportar sobre o bairro\u00a0sem cair na dicotomia \u2018ame ou deixe-o\u2019, quando colocaram o foco na informa\u00e7\u00e3o, o processo virou.\u201d<\/p>\n<p>O olhar cr\u00edtico dos muralistas aos seus pr\u00f3prios bairros rendeu mat\u00e9rias sobre infraestrutura, com hist\u00f3rias sobre vazamentos nas ruas, postos de sa\u00fade, sinais de tr\u00e2nsito quebrados, falta de coleta de lixo. Depois de denunciados no blog, os problemas recebem aten\u00e7\u00e3o dos administradores locais. Segundo Izabela, as reportagens cumprem sua fun\u00e7\u00e3o e t\u00eam uma interfer\u00eancia grande na transforma\u00e7\u00e3o da realidade local.<\/p>\n<p><strong>Projetos para o futuro<\/strong><\/p>\n<p>Al\u00e9m do blog, a Ag\u00eancia Mural traz em seu portf\u00f3lio propostas para se aproximar do p\u00fablico, especialmente o da pr\u00f3pria periferia. Dentre as atividades\u00a0se destacam a <a href=\"http:\/\/agenciamural.com.br\/project\/expomural\/\">Expo Mural<\/a>, uma exposi\u00e7\u00e3o itinerante para mostrar o trabalho da Ag\u00eancia, e o <a href=\"http:\/\/agenciamural.com.br\/project\/muralnasescolas\/\">Mural nas Escolas<\/a>, que promove palestras e oficinas sobre o projeto com turmas de ensino m\u00e9dio de escolas p\u00fablicas. Para Izabela, esses projetos s\u00e3o uma forma de criar v\u00ednculos com as audi\u00eancias e despertar nelas o interesse pela informa\u00e7\u00e3o sobre o que acontece em seus bairros.<\/p>\n<p>Depois do lan\u00e7amento do site, os pr\u00f3ximos passos para a Ag\u00eancia incluem investir em diferentes tipos de capta\u00e7\u00e3o para garantir sua sustentabilidade. \u201cEstamos descobrindo que os nossos projetos interessam a alguns parceiros. Estamos tamb\u00e9m criando uma plataforma de classificados de empregos focada na periferia. E as parcerias de conte\u00fado tamb\u00e9m s\u00e3o uma possibilidade de trazer recursos e veicular nosso conte\u00fado em mais espa\u00e7os. Temos muito forte uma miss\u00e3o, o que d\u00e1 consist\u00eancia pro trabalho e estabilidade pra organiza\u00e7\u00e3o, ent\u00e3o agora \u00e9 ter paci\u00eancia suficiente para correr atr\u00e1s do financiamento de um jeito que garanta a nossa independ\u00eancia\u201d, concluiu Izabela.<\/p>\n<p><em>Nota do editor: Essa hist\u00f3ria foi publicada originalmente no blog Jornalismo nas Am\u00e9ricas do Centro Knight, o predecessor do LatAm Journalism Review.<\/em><\/p>\n","protected":false},"excerpt":{"rendered":"<p>Durante cinco anos, um grupo de jovens da periferia da Grande S\u00e3o Paulo, sob a batuta da jornalista Izabela Moi, encarou um desafio: retratar suas regi\u00f5es a partir de uma \u201cvis\u00e3o de dentro\u201d, com uma cobertura que fosse al\u00e9m dos clich\u00eas sobre viol\u00eancia e assistencialismo.<\/p>\n","protected":false},"author":42,"featured_media":0,"comment_status":"closed","ping_status":"closed","sticky":false,"template":"","format":"standard","meta":{"inline_featured_image":false,"footnotes":""},"categories":[1217],"tags":[1542],"coauthors":[],"class_list":["post-48709","post","type-post","status-publish","format-standard","hentry","category-inovacao-pt-br","tag-jornalismo-comunitario-pt-br"],"acf":[],"yoast_head":"<!-- This site is optimized with the Yoast SEO Premium plugin v22.6 (Yoast SEO v27.4) - https:\/\/yoast.com\/product\/yoast-seo-premium-wordpress\/ -->\n<title>Ag\u00eancia de jornalismo re\u00fane jovens e prop\u00f5e novo olhar para a cobertura da periferia de S\u00e3o Paulo - LatAm Journalism Review by the Knight Center<\/title>\n<meta name=\"description\" content=\"Ag\u00eancia de jornalismo re\u00fane jovens e prop\u00f5e novo olhar para a cobertura da periferia de S\u00e3o Paulo Inova\u00e7\u00e3o. Latin American Journalism Review by The Knight Center at The University of Texas at Austin.\" \/>\n<meta name=\"robots\" content=\"index, follow, max-snippet:-1, max-image-preview:large, max-video-preview:-1\" \/>\n<link rel=\"canonical\" href=\"https:\/\/latamjournalismreview.org\/pt-br\/articles\/agencia-de-jornalismo-reune-jovens-e-propoe-novo-olhar-para-a-cobertura-da-periferia-de-sao-paulo\/\" \/>\n<meta property=\"og:locale\" content=\"pt_BR\" \/>\n<meta property=\"og:type\" content=\"article\" \/>\n<meta property=\"og:title\" content=\"Ag\u00eancia de jornalismo re\u00fane jovens e prop\u00f5e novo olhar para a cobertura da periferia de S\u00e3o Paulo\" \/>\n<meta property=\"og:description\" content=\"Ag\u00eancia de jornalismo re\u00fane jovens e prop\u00f5e novo olhar para a cobertura da periferia de S\u00e3o Paulo Inova\u00e7\u00e3o. Latin American Journalism Review by The Knight Center at The University of Texas at Austin.\" \/>\n<meta property=\"og:url\" content=\"https:\/\/latamjournalismreview.org\/pt-br\/articles\/agencia-de-jornalismo-reune-jovens-e-propoe-novo-olhar-para-a-cobertura-da-periferia-de-sao-paulo\/\" \/>\n<meta property=\"og:site_name\" content=\"LatAm Journalism Review by the Knight Center\" \/>\n<meta property=\"article:published_time\" content=\"2015-11-10T16:02:48+00:00\" \/>\n<meta property=\"article:modified_time\" content=\"2022-02-01T22:40:22+00:00\" \/>\n<meta name=\"author\" content=\"Natalia Mazotte\" \/>\n<meta name=\"twitter:card\" content=\"summary_large_image\" \/>\n<meta name=\"twitter:creator\" content=\"@LatAmJournalism\" \/>\n<meta name=\"twitter:site\" content=\"@LatAmJournalism\" \/>\n<meta name=\"twitter:label1\" content=\"Written by\" \/>\n\t<meta name=\"twitter:data1\" content=\"Natalia Mazotte\" \/>\n\t<meta name=\"twitter:label2\" content=\"Est. reading time\" \/>\n\t<meta name=\"twitter:data2\" content=\"6 minutos\" \/>\n<script type=\"application\/ld+json\" class=\"yoast-schema-graph\">{\"@context\":\"https:\\\/\\\/schema.org\",\"@graph\":[{\"@type\":\"Article\",\"@id\":\"https:\\\/\\\/latamjournalismreview.org\\\/pt-br\\\/articles\\\/agencia-de-jornalismo-reune-jovens-e-propoe-novo-olhar-para-a-cobertura-da-periferia-de-sao-paulo\\\/#article\",\"isPartOf\":{\"@id\":\"https:\\\/\\\/latamjournalismreview.org\\\/pt-br\\\/articles\\\/agencia-de-jornalismo-reune-jovens-e-propoe-novo-olhar-para-a-cobertura-da-periferia-de-sao-paulo\\\/\"},\"author\":{\"name\":\"Natalia Mazotte\",\"@id\":\"https:\\\/\\\/latamjournalismreview.org\\\/pt-br\\\/#\\\/schema\\\/person\\\/747457e530d741a9d192f00c32c7f884\"},\"headline\":\"Ag\u00eancia de jornalismo re\u00fane jovens e prop\u00f5e novo olhar para a cobertura da periferia de S\u00e3o Paulo\",\"datePublished\":\"2015-11-10T16:02:48+00:00\",\"dateModified\":\"2022-02-01T22:40:22+00:00\",\"mainEntityOfPage\":{\"@id\":\"https:\\\/\\\/latamjournalismreview.org\\\/pt-br\\\/articles\\\/agencia-de-jornalismo-reune-jovens-e-propoe-novo-olhar-para-a-cobertura-da-periferia-de-sao-paulo\\\/\"},\"wordCount\":1189,\"publisher\":{\"@id\":\"https:\\\/\\\/latamjournalismreview.org\\\/pt-br\\\/#organization\"},\"keywords\":[\"Jornalismo comunit\u00e1rio\"],\"articleSection\":[\"Inova\u00e7\u00e3o\"],\"inLanguage\":\"pt-BR\"},{\"@type\":\"WebPage\",\"@id\":\"https:\\\/\\\/latamjournalismreview.org\\\/pt-br\\\/articles\\\/agencia-de-jornalismo-reune-jovens-e-propoe-novo-olhar-para-a-cobertura-da-periferia-de-sao-paulo\\\/\",\"url\":\"https:\\\/\\\/latamjournalismreview.org\\\/pt-br\\\/articles\\\/agencia-de-jornalismo-reune-jovens-e-propoe-novo-olhar-para-a-cobertura-da-periferia-de-sao-paulo\\\/\",\"name\":\"Ag\u00eancia de jornalismo re\u00fane jovens e prop\u00f5e novo olhar para a cobertura da periferia de S\u00e3o Paulo - LatAm Journalism Review by the Knight Center\",\"isPartOf\":{\"@id\":\"https:\\\/\\\/latamjournalismreview.org\\\/pt-br\\\/#website\"},\"datePublished\":\"2015-11-10T16:02:48+00:00\",\"dateModified\":\"2022-02-01T22:40:22+00:00\",\"description\":\"Ag\u00eancia de jornalismo re\u00fane jovens e prop\u00f5e novo olhar para a cobertura da periferia de S\u00e3o Paulo Inova\u00e7\u00e3o. Latin American Journalism Review by The Knight Center at The University of Texas at Austin.\",\"breadcrumb\":{\"@id\":\"https:\\\/\\\/latamjournalismreview.org\\\/pt-br\\\/articles\\\/agencia-de-jornalismo-reune-jovens-e-propoe-novo-olhar-para-a-cobertura-da-periferia-de-sao-paulo\\\/#breadcrumb\"},\"inLanguage\":\"pt-BR\",\"potentialAction\":[{\"@type\":\"ReadAction\",\"target\":[\"https:\\\/\\\/latamjournalismreview.org\\\/pt-br\\\/articles\\\/agencia-de-jornalismo-reune-jovens-e-propoe-novo-olhar-para-a-cobertura-da-periferia-de-sao-paulo\\\/\"]}]},{\"@type\":\"BreadcrumbList\",\"@id\":\"https:\\\/\\\/latamjournalismreview.org\\\/pt-br\\\/articles\\\/agencia-de-jornalismo-reune-jovens-e-propoe-novo-olhar-para-a-cobertura-da-periferia-de-sao-paulo\\\/#breadcrumb\",\"itemListElement\":[{\"@type\":\"ListItem\",\"position\":1,\"name\":\"Home\",\"item\":\"https:\\\/\\\/latamjournalismreview.org\\\/pt-br\\\/\"},{\"@type\":\"ListItem\",\"position\":2,\"name\":\"Ag\u00eancia de jornalismo re\u00fane jovens e prop\u00f5e novo olhar para a cobertura da periferia de S\u00e3o Paulo\"}]},{\"@type\":\"WebSite\",\"@id\":\"https:\\\/\\\/latamjournalismreview.org\\\/pt-br\\\/#website\",\"url\":\"https:\\\/\\\/latamjournalismreview.org\\\/pt-br\\\/\",\"name\":\"LatAm Journalism Review\",\"description\":\"Digital magazine on journalism in Latin America\",\"publisher\":{\"@id\":\"https:\\\/\\\/latamjournalismreview.org\\\/pt-br\\\/#organization\"},\"potentialAction\":[{\"@type\":\"SearchAction\",\"target\":{\"@type\":\"EntryPoint\",\"urlTemplate\":\"https:\\\/\\\/latamjournalismreview.org\\\/pt-br\\\/?s={search_term_string}\"},\"query-input\":{\"@type\":\"PropertyValueSpecification\",\"valueRequired\":true,\"valueName\":\"search_term_string\"}}],\"inLanguage\":\"pt-BR\"},{\"@type\":\"Organization\",\"@id\":\"https:\\\/\\\/latamjournalismreview.org\\\/pt-br\\\/#organization\",\"name\":\"LatAm Journalism Review\",\"url\":\"https:\\\/\\\/latamjournalismreview.org\\\/pt-br\\\/\",\"logo\":{\"@type\":\"ImageObject\",\"inLanguage\":\"pt-BR\",\"@id\":\"https:\\\/\\\/latamjournalismreview.org\\\/pt-br\\\/#\\\/schema\\\/logo\\\/image\\\/\",\"url\":\"https:\\\/\\\/latamjournalismreview.org\\\/wp-content\\\/uploads\\\/2020\\\/05\\\/knight-latAm-review-logo.svg\",\"contentUrl\":\"https:\\\/\\\/latamjournalismreview.org\\\/wp-content\\\/uploads\\\/2020\\\/05\\\/knight-latAm-review-logo.svg\",\"width\":\"1024\",\"height\":\"1024\",\"caption\":\"LatAm Journalism Review\"},\"image\":{\"@id\":\"https:\\\/\\\/latamjournalismreview.org\\\/pt-br\\\/#\\\/schema\\\/logo\\\/image\\\/\"},\"sameAs\":[\"https:\\\/\\\/x.com\\\/LatAmJournalism\"]},{\"@type\":\"Person\",\"@id\":\"https:\\\/\\\/latamjournalismreview.org\\\/pt-br\\\/#\\\/schema\\\/person\\\/747457e530d741a9d192f00c32c7f884\",\"name\":\"Natalia Mazotte\",\"url\":\"https:\\\/\\\/latamjournalismreview.org\\\/pt-br\\\/articles\\\/author\\\/natalia-mazotte\\\/\"}]}<\/script>\n<!-- \/ Yoast SEO Premium plugin. -->","yoast_head_json":{"title":"Ag\u00eancia de jornalismo re\u00fane jovens e prop\u00f5e novo olhar para a cobertura da periferia de S\u00e3o Paulo - LatAm Journalism Review by the Knight Center","description":"Ag\u00eancia de jornalismo re\u00fane jovens e prop\u00f5e novo olhar para a cobertura da periferia de S\u00e3o Paulo Inova\u00e7\u00e3o. Latin American Journalism Review by The Knight Center at The University of Texas at Austin.","robots":{"index":"index","follow":"follow","max-snippet":"max-snippet:-1","max-image-preview":"max-image-preview:large","max-video-preview":"max-video-preview:-1"},"canonical":"https:\/\/latamjournalismreview.org\/pt-br\/articles\/agencia-de-jornalismo-reune-jovens-e-propoe-novo-olhar-para-a-cobertura-da-periferia-de-sao-paulo\/","og_locale":"pt_BR","og_type":"article","og_title":"Ag\u00eancia de jornalismo re\u00fane jovens e prop\u00f5e novo olhar para a cobertura da periferia de S\u00e3o Paulo","og_description":"Ag\u00eancia de jornalismo re\u00fane jovens e prop\u00f5e novo olhar para a cobertura da periferia de S\u00e3o Paulo Inova\u00e7\u00e3o. Latin American Journalism Review by The Knight Center at The University of Texas at Austin.","og_url":"https:\/\/latamjournalismreview.org\/pt-br\/articles\/agencia-de-jornalismo-reune-jovens-e-propoe-novo-olhar-para-a-cobertura-da-periferia-de-sao-paulo\/","og_site_name":"LatAm Journalism Review by the Knight Center","article_published_time":"2015-11-10T16:02:48+00:00","article_modified_time":"2022-02-01T22:40:22+00:00","author":"Natalia Mazotte","twitter_card":"summary_large_image","twitter_creator":"@LatAmJournalism","twitter_site":"@LatAmJournalism","twitter_misc":{"Written by":"Natalia Mazotte","Est. reading time":"6 minutos"},"schema":{"@context":"https:\/\/schema.org","@graph":[{"@type":"Article","@id":"https:\/\/latamjournalismreview.org\/pt-br\/articles\/agencia-de-jornalismo-reune-jovens-e-propoe-novo-olhar-para-a-cobertura-da-periferia-de-sao-paulo\/#article","isPartOf":{"@id":"https:\/\/latamjournalismreview.org\/pt-br\/articles\/agencia-de-jornalismo-reune-jovens-e-propoe-novo-olhar-para-a-cobertura-da-periferia-de-sao-paulo\/"},"author":{"name":"Natalia Mazotte","@id":"https:\/\/latamjournalismreview.org\/pt-br\/#\/schema\/person\/747457e530d741a9d192f00c32c7f884"},"headline":"Ag\u00eancia de jornalismo re\u00fane jovens e prop\u00f5e novo olhar para a cobertura da periferia de S\u00e3o Paulo","datePublished":"2015-11-10T16:02:48+00:00","dateModified":"2022-02-01T22:40:22+00:00","mainEntityOfPage":{"@id":"https:\/\/latamjournalismreview.org\/pt-br\/articles\/agencia-de-jornalismo-reune-jovens-e-propoe-novo-olhar-para-a-cobertura-da-periferia-de-sao-paulo\/"},"wordCount":1189,"publisher":{"@id":"https:\/\/latamjournalismreview.org\/pt-br\/#organization"},"keywords":["Jornalismo comunit\u00e1rio"],"articleSection":["Inova\u00e7\u00e3o"],"inLanguage":"pt-BR"},{"@type":"WebPage","@id":"https:\/\/latamjournalismreview.org\/pt-br\/articles\/agencia-de-jornalismo-reune-jovens-e-propoe-novo-olhar-para-a-cobertura-da-periferia-de-sao-paulo\/","url":"https:\/\/latamjournalismreview.org\/pt-br\/articles\/agencia-de-jornalismo-reune-jovens-e-propoe-novo-olhar-para-a-cobertura-da-periferia-de-sao-paulo\/","name":"Ag\u00eancia de jornalismo re\u00fane jovens e prop\u00f5e novo olhar para a cobertura da periferia de S\u00e3o Paulo - LatAm Journalism Review by the Knight Center","isPartOf":{"@id":"https:\/\/latamjournalismreview.org\/pt-br\/#website"},"datePublished":"2015-11-10T16:02:48+00:00","dateModified":"2022-02-01T22:40:22+00:00","description":"Ag\u00eancia de jornalismo re\u00fane jovens e prop\u00f5e novo olhar para a cobertura da periferia de S\u00e3o Paulo Inova\u00e7\u00e3o. Latin American Journalism Review by The Knight Center at The University of Texas at Austin.","breadcrumb":{"@id":"https:\/\/latamjournalismreview.org\/pt-br\/articles\/agencia-de-jornalismo-reune-jovens-e-propoe-novo-olhar-para-a-cobertura-da-periferia-de-sao-paulo\/#breadcrumb"},"inLanguage":"pt-BR","potentialAction":[{"@type":"ReadAction","target":["https:\/\/latamjournalismreview.org\/pt-br\/articles\/agencia-de-jornalismo-reune-jovens-e-propoe-novo-olhar-para-a-cobertura-da-periferia-de-sao-paulo\/"]}]},{"@type":"BreadcrumbList","@id":"https:\/\/latamjournalismreview.org\/pt-br\/articles\/agencia-de-jornalismo-reune-jovens-e-propoe-novo-olhar-para-a-cobertura-da-periferia-de-sao-paulo\/#breadcrumb","itemListElement":[{"@type":"ListItem","position":1,"name":"Home","item":"https:\/\/latamjournalismreview.org\/pt-br\/"},{"@type":"ListItem","position":2,"name":"Ag\u00eancia de jornalismo re\u00fane jovens e prop\u00f5e novo olhar para a cobertura da periferia de S\u00e3o Paulo"}]},{"@type":"WebSite","@id":"https:\/\/latamjournalismreview.org\/pt-br\/#website","url":"https:\/\/latamjournalismreview.org\/pt-br\/","name":"LatAm Journalism Review","description":"Digital magazine on journalism in Latin America","publisher":{"@id":"https:\/\/latamjournalismreview.org\/pt-br\/#organization"},"potentialAction":[{"@type":"SearchAction","target":{"@type":"EntryPoint","urlTemplate":"https:\/\/latamjournalismreview.org\/pt-br\/?s={search_term_string}"},"query-input":{"@type":"PropertyValueSpecification","valueRequired":true,"valueName":"search_term_string"}}],"inLanguage":"pt-BR"},{"@type":"Organization","@id":"https:\/\/latamjournalismreview.org\/pt-br\/#organization","name":"LatAm Journalism Review","url":"https:\/\/latamjournalismreview.org\/pt-br\/","logo":{"@type":"ImageObject","inLanguage":"pt-BR","@id":"https:\/\/latamjournalismreview.org\/pt-br\/#\/schema\/logo\/image\/","url":"https:\/\/latamjournalismreview.org\/wp-content\/uploads\/2020\/05\/knight-latAm-review-logo.svg","contentUrl":"https:\/\/latamjournalismreview.org\/wp-content\/uploads\/2020\/05\/knight-latAm-review-logo.svg","width":"1024","height":"1024","caption":"LatAm Journalism Review"},"image":{"@id":"https:\/\/latamjournalismreview.org\/pt-br\/#\/schema\/logo\/image\/"},"sameAs":["https:\/\/x.com\/LatAmJournalism"]},{"@type":"Person","@id":"https:\/\/latamjournalismreview.org\/pt-br\/#\/schema\/person\/747457e530d741a9d192f00c32c7f884","name":"Natalia Mazotte","url":"https:\/\/latamjournalismreview.org\/pt-br\/articles\/author\/natalia-mazotte\/"}]}},"_links":{"self":[{"href":"https:\/\/latamjournalismreview.org\/pt-br\/wp-json\/wp\/v2\/posts\/48709","targetHints":{"allow":["GET"]}}],"collection":[{"href":"https:\/\/latamjournalismreview.org\/pt-br\/wp-json\/wp\/v2\/posts"}],"about":[{"href":"https:\/\/latamjournalismreview.org\/pt-br\/wp-json\/wp\/v2\/types\/post"}],"author":[{"embeddable":true,"href":"https:\/\/latamjournalismreview.org\/pt-br\/wp-json\/wp\/v2\/users\/42"}],"replies":[{"embeddable":true,"href":"https:\/\/latamjournalismreview.org\/pt-br\/wp-json\/wp\/v2\/comments?post=48709"}],"version-history":[{"count":1,"href":"https:\/\/latamjournalismreview.org\/pt-br\/wp-json\/wp\/v2\/posts\/48709\/revisions"}],"predecessor-version":[{"id":48710,"href":"https:\/\/latamjournalismreview.org\/pt-br\/wp-json\/wp\/v2\/posts\/48709\/revisions\/48710"}],"wp:attachment":[{"href":"https:\/\/latamjournalismreview.org\/pt-br\/wp-json\/wp\/v2\/media?parent=48709"}],"wp:term":[{"taxonomy":"category","embeddable":true,"href":"https:\/\/latamjournalismreview.org\/pt-br\/wp-json\/wp\/v2\/categories?post=48709"},{"taxonomy":"post_tag","embeddable":true,"href":"https:\/\/latamjournalismreview.org\/pt-br\/wp-json\/wp\/v2\/tags?post=48709"},{"taxonomy":"author","embeddable":true,"href":"https:\/\/latamjournalismreview.org\/pt-br\/wp-json\/wp\/v2\/coauthors?post=48709"}],"curies":[{"name":"wp","href":"https:\/\/api.w.org\/{rel}","templated":true}]}}