{"id":48959,"date":"2011-07-26T12:10:05","date_gmt":"2011-07-26T17:10:05","guid":{"rendered":"https:\/\/latamjournalismreview.org\/?p=48959"},"modified":"2022-02-02T12:10:57","modified_gmt":"2022-02-02T17:10:57","slug":"coronel-do-exercito-e-julgado-por-tortura-e-morte-de-jornalista-brasileiro-na-ditadura-militar","status":"publish","type":"post","link":"https:\/\/latamjournalismreview.org\/pt-br\/articles\/coronel-do-exercito-e-julgado-por-tortura-e-morte-de-jornalista-brasileiro-na-ditadura-militar\/","title":{"rendered":"Coronel do ex\u00e9rcito \u00e9 julgado por tortura e morte de jornalista brasileiro na ditadura militar"},"content":{"rendered":"<p>Ap\u00f3s 40 anos da pris\u00e3o do jornalista\u00a0<a href=\"http:\/\/pt.wikipedia.org\/wiki\/Luiz_Eduardo_Merlino\">Luiz Eduardo Merlino<\/a>, torturado e morto nos por\u00f5es da ditadura militar brasileira, o\u00a0<a href=\"http:\/\/correiodobrasil.com.br\/familia-de-jornalista-eduardo-merlino-comenta-julgamento-de-cel-ustra\/272039\">coronel reformado do ex\u00e9rcito apontado como respons\u00e1vel por seu assassinato, Carlos Alberto Brilhante Ustra, ser\u00e1 julgado<\/a>, informa o Correio do Brasil.<\/p>\n<p>Nesta quarta-feira, 27 de julho,\u00a0<a href=\"http:\/\/veja.abril.com.br\/noticia\/brasil\/julgamento-de-coronel-reacende-debate-sobre-anistia\">as testemunhas da a\u00e7\u00e3o c\u00edvel movida contra Ustra pela fam\u00edlia de Merlino dever\u00e3o ser ouvidas<\/a>\u00a0em audi\u00eancia no\u00a0<a href=\"http:\/\/www.tj.sp.gov.br\/\">Tribunal de Justi\u00e7a de S\u00e3o Paulo<\/a>\u00a0(TJ-SP), segundo a revista Veja. Entre elas est\u00e1 o ex-presidente e atual senador Jos\u00e9 Sarney, que vai\u00a0<a href=\"http:\/\/congressoemfoco.uol.com.br\/noticias\/no-forum-luiz-claudio-cunha-revela-sarney-vai-defender-brilhante-ustra\">depor em defesa do coronel<\/a>.<\/p>\n<p>\"O momento nos parece mais importante na medida em que,\u00a0<a href=\"http:\/\/www.redebrasilatual.com.br\/temas\/cidadania\/2011\/07\/para-companheira-reconhecimento-de-ustra-como-torturador-sera-apenas-um-passo\">pela primeira vez na Justi\u00e7a, as pessoas que foram torturadas e que o viram ser torturado v\u00e3o poder testemunhar<\/a>\", afirma Angela Mendes, historiadora e companheira do jornalista \u00e0 \u00e9poca da morte, em conversa com a Rede Brasil Atual.<\/p>\n<p>Uma eventual decis\u00e3o favor\u00e1vel \u00e0 fam\u00edlia Merlino n\u00e3o significa a possibilidade de pris\u00e3o de Ustra, j\u00e1 que o processo corre no \u00e2mbito c\u00edvel, mas apenas o reconhecimento de seu papel de torturador.<\/p>\n<p>A Ag\u00eancia Estado destacou que\u00a0<a href=\"http:\/\/www.parana-online.com.br\/editoria\/politica\/news\/544998\/?noticia=JULGAMENTO+DE+CORONEL+REACENDE+DEBATE+SOBRE+ANISTIA\">a audi\u00eancia reacende os debates sobre a anistia<\/a>\u00a0a agentes do estado brasileiro acusados de violar direitos humanos durante a ditadura militar.<\/p>\n<p>Merlino trabalhou no\u00a0<a href=\"http:\/\/www.jt.com.br\/\">Jornal da Tarde<\/a>, na Folha da Tarde e no jornal de esquerda Amanh\u00e3 e foi militante no\u00a0<a href=\"http:\/\/pt.wikipedia.org\/wiki\/Partido_Oper%C3%A1rio_Comunista\">Partido Oper\u00e1rio Comunista<\/a>\u00a0(POC). Pouco antes de sua morte, aos 23 anos, ele tamb\u00e9m havia aderido \u00e0 organiza\u00e7\u00e3o de esquerda\u00a0<a href=\"http:\/\/pt.wikipedia.org\/wiki\/Quarta_Internacional\">Quarta Internacional<\/a>.<\/p>\n<p><em>Nota do editor: Essa hist\u00f3ria foi publicada originalmente no blog de jornalismo nas Am\u00e9ricas do Centro Knight, o predecessor do LatAm Journalism Review.<\/em><\/p>\n","protected":false},"excerpt":{"rendered":"<p>Ap\u00f3s 40 anos da pris\u00e3o do jornalista\u00a0Luiz Eduardo Merlino, torturado e morto nos por\u00f5es da ditadura militar brasileira, o\u00a0coronel reformado do ex\u00e9rcito apontado como respons\u00e1vel por seu assassinato, Carlos Alberto Brilhante Ustra, ser\u00e1 julgado, informa o Correio do Brasil.<\/p>\n","protected":false},"author":42,"featured_media":0,"comment_status":"closed","ping_status":"closed","sticky":false,"template":"","format":"standard","meta":{"inline_featured_image":false,"footnotes":""},"categories":[1221],"tags":[1552,1379],"coauthors":[],"class_list":["post-48959","post","type-post","status-publish","format-standard","hentry","category-violencia-contra-jornalistas-pt-br","tag-assassinatos-de-jornalistas-pt-br","tag-casos-judiciais-pt-br"],"acf":[],"yoast_head":"<!-- This site is optimized with the Yoast SEO Premium plugin v22.6 (Yoast SEO v27.4) - https:\/\/yoast.com\/product\/yoast-seo-premium-wordpress\/ -->\n<title>Coronel do ex\u00e9rcito \u00e9 julgado por tortura e morte de jornalista brasileiro na ditadura militar - LatAm Journalism Review by the Knight Center<\/title>\n<meta name=\"description\" content=\"Coronel do ex\u00e9rcito \u00e9 julgado por tortura e morte de jornalista brasileiro na ditadura militar Viol\u00eancia contra jornalistas. Latin American Journalism Review by The Knight Center at The University of Texas at Austin.\" \/>\n<meta name=\"robots\" content=\"index, follow, max-snippet:-1, max-image-preview:large, max-video-preview:-1\" \/>\n<link rel=\"canonical\" href=\"https:\/\/latamjournalismreview.org\/pt-br\/articles\/coronel-do-exercito-e-julgado-por-tortura-e-morte-de-jornalista-brasileiro-na-ditadura-militar\/\" \/>\n<meta property=\"og:locale\" content=\"pt_BR\" \/>\n<meta property=\"og:type\" content=\"article\" \/>\n<meta property=\"og:title\" content=\"Coronel do ex\u00e9rcito \u00e9 julgado por tortura e morte de jornalista brasileiro na ditadura militar\" \/>\n<meta property=\"og:description\" content=\"Coronel do ex\u00e9rcito \u00e9 julgado por tortura e morte de jornalista brasileiro na ditadura militar Viol\u00eancia contra jornalistas. Latin American Journalism Review by The Knight Center at The University of Texas at Austin.\" \/>\n<meta property=\"og:url\" content=\"https:\/\/latamjournalismreview.org\/pt-br\/articles\/coronel-do-exercito-e-julgado-por-tortura-e-morte-de-jornalista-brasileiro-na-ditadura-militar\/\" \/>\n<meta property=\"og:site_name\" content=\"LatAm Journalism Review by the Knight Center\" \/>\n<meta property=\"article:published_time\" content=\"2011-07-26T17:10:05+00:00\" \/>\n<meta property=\"article:modified_time\" content=\"2022-02-02T17:10:57+00:00\" \/>\n<meta name=\"author\" content=\"Natalia Mazotte\" \/>\n<meta name=\"twitter:card\" content=\"summary_large_image\" \/>\n<meta name=\"twitter:creator\" content=\"@LatAmJournalism\" \/>\n<meta name=\"twitter:site\" content=\"@LatAmJournalism\" \/>\n<meta name=\"twitter:label1\" content=\"Written by\" \/>\n\t<meta name=\"twitter:data1\" content=\"Natalia Mazotte\" \/>\n\t<meta name=\"twitter:label2\" content=\"Est. reading time\" \/>\n\t<meta name=\"twitter:data2\" content=\"1 minuto\" \/>\n<script type=\"application\/ld+json\" class=\"yoast-schema-graph\">{\"@context\":\"https:\\\/\\\/schema.org\",\"@graph\":[{\"@type\":\"Article\",\"@id\":\"https:\\\/\\\/latamjournalismreview.org\\\/pt-br\\\/articles\\\/coronel-do-exercito-e-julgado-por-tortura-e-morte-de-jornalista-brasileiro-na-ditadura-militar\\\/#article\",\"isPartOf\":{\"@id\":\"https:\\\/\\\/latamjournalismreview.org\\\/pt-br\\\/articles\\\/coronel-do-exercito-e-julgado-por-tortura-e-morte-de-jornalista-brasileiro-na-ditadura-militar\\\/\"},\"author\":{\"name\":\"Natalia Mazotte\",\"@id\":\"https:\\\/\\\/latamjournalismreview.org\\\/pt-br\\\/#\\\/schema\\\/person\\\/747457e530d741a9d192f00c32c7f884\"},\"headline\":\"Coronel do ex\u00e9rcito \u00e9 julgado por tortura e morte de jornalista brasileiro na ditadura militar\",\"datePublished\":\"2011-07-26T17:10:05+00:00\",\"dateModified\":\"2022-02-02T17:10:57+00:00\",\"mainEntityOfPage\":{\"@id\":\"https:\\\/\\\/latamjournalismreview.org\\\/pt-br\\\/articles\\\/coronel-do-exercito-e-julgado-por-tortura-e-morte-de-jornalista-brasileiro-na-ditadura-militar\\\/\"},\"wordCount\":300,\"publisher\":{\"@id\":\"https:\\\/\\\/latamjournalismreview.org\\\/pt-br\\\/#organization\"},\"keywords\":[\"Assassinatos de jornalistas\",\"Casos judiciais\"],\"articleSection\":[\"Viol\u00eancia contra jornalistas\"],\"inLanguage\":\"pt-BR\"},{\"@type\":\"WebPage\",\"@id\":\"https:\\\/\\\/latamjournalismreview.org\\\/pt-br\\\/articles\\\/coronel-do-exercito-e-julgado-por-tortura-e-morte-de-jornalista-brasileiro-na-ditadura-militar\\\/\",\"url\":\"https:\\\/\\\/latamjournalismreview.org\\\/pt-br\\\/articles\\\/coronel-do-exercito-e-julgado-por-tortura-e-morte-de-jornalista-brasileiro-na-ditadura-militar\\\/\",\"name\":\"Coronel do ex\u00e9rcito \u00e9 julgado por tortura e morte de jornalista brasileiro na ditadura militar - LatAm Journalism Review by the Knight Center\",\"isPartOf\":{\"@id\":\"https:\\\/\\\/latamjournalismreview.org\\\/pt-br\\\/#website\"},\"datePublished\":\"2011-07-26T17:10:05+00:00\",\"dateModified\":\"2022-02-02T17:10:57+00:00\",\"description\":\"Coronel do ex\u00e9rcito \u00e9 julgado por tortura e morte de jornalista brasileiro na ditadura militar Viol\u00eancia contra jornalistas. Latin American Journalism Review by The Knight Center at The University of Texas at Austin.\",\"breadcrumb\":{\"@id\":\"https:\\\/\\\/latamjournalismreview.org\\\/pt-br\\\/articles\\\/coronel-do-exercito-e-julgado-por-tortura-e-morte-de-jornalista-brasileiro-na-ditadura-militar\\\/#breadcrumb\"},\"inLanguage\":\"pt-BR\",\"potentialAction\":[{\"@type\":\"ReadAction\",\"target\":[\"https:\\\/\\\/latamjournalismreview.org\\\/pt-br\\\/articles\\\/coronel-do-exercito-e-julgado-por-tortura-e-morte-de-jornalista-brasileiro-na-ditadura-militar\\\/\"]}]},{\"@type\":\"BreadcrumbList\",\"@id\":\"https:\\\/\\\/latamjournalismreview.org\\\/pt-br\\\/articles\\\/coronel-do-exercito-e-julgado-por-tortura-e-morte-de-jornalista-brasileiro-na-ditadura-militar\\\/#breadcrumb\",\"itemListElement\":[{\"@type\":\"ListItem\",\"position\":1,\"name\":\"Home\",\"item\":\"https:\\\/\\\/latamjournalismreview.org\\\/pt-br\\\/\"},{\"@type\":\"ListItem\",\"position\":2,\"name\":\"Coronel do ex\u00e9rcito \u00e9 julgado por tortura e morte de jornalista brasileiro na ditadura militar\"}]},{\"@type\":\"WebSite\",\"@id\":\"https:\\\/\\\/latamjournalismreview.org\\\/pt-br\\\/#website\",\"url\":\"https:\\\/\\\/latamjournalismreview.org\\\/pt-br\\\/\",\"name\":\"LatAm Journalism Review\",\"description\":\"Digital magazine on journalism in Latin America\",\"publisher\":{\"@id\":\"https:\\\/\\\/latamjournalismreview.org\\\/pt-br\\\/#organization\"},\"potentialAction\":[{\"@type\":\"SearchAction\",\"target\":{\"@type\":\"EntryPoint\",\"urlTemplate\":\"https:\\\/\\\/latamjournalismreview.org\\\/pt-br\\\/?s={search_term_string}\"},\"query-input\":{\"@type\":\"PropertyValueSpecification\",\"valueRequired\":true,\"valueName\":\"search_term_string\"}}],\"inLanguage\":\"pt-BR\"},{\"@type\":\"Organization\",\"@id\":\"https:\\\/\\\/latamjournalismreview.org\\\/pt-br\\\/#organization\",\"name\":\"LatAm Journalism Review\",\"url\":\"https:\\\/\\\/latamjournalismreview.org\\\/pt-br\\\/\",\"logo\":{\"@type\":\"ImageObject\",\"inLanguage\":\"pt-BR\",\"@id\":\"https:\\\/\\\/latamjournalismreview.org\\\/pt-br\\\/#\\\/schema\\\/logo\\\/image\\\/\",\"url\":\"https:\\\/\\\/latamjournalismreview.org\\\/wp-content\\\/uploads\\\/2020\\\/05\\\/knight-latAm-review-logo.svg\",\"contentUrl\":\"https:\\\/\\\/latamjournalismreview.org\\\/wp-content\\\/uploads\\\/2020\\\/05\\\/knight-latAm-review-logo.svg\",\"width\":\"1024\",\"height\":\"1024\",\"caption\":\"LatAm Journalism Review\"},\"image\":{\"@id\":\"https:\\\/\\\/latamjournalismreview.org\\\/pt-br\\\/#\\\/schema\\\/logo\\\/image\\\/\"},\"sameAs\":[\"https:\\\/\\\/x.com\\\/LatAmJournalism\"]},{\"@type\":\"Person\",\"@id\":\"https:\\\/\\\/latamjournalismreview.org\\\/pt-br\\\/#\\\/schema\\\/person\\\/747457e530d741a9d192f00c32c7f884\",\"name\":\"Natalia Mazotte\",\"url\":\"https:\\\/\\\/latamjournalismreview.org\\\/pt-br\\\/articles\\\/author\\\/natalia-mazotte\\\/\"}]}<\/script>\n<!-- \/ Yoast SEO Premium plugin. -->","yoast_head_json":{"title":"Coronel do ex\u00e9rcito \u00e9 julgado por tortura e morte de jornalista brasileiro na ditadura militar - LatAm Journalism Review by the Knight Center","description":"Coronel do ex\u00e9rcito \u00e9 julgado por tortura e morte de jornalista brasileiro na ditadura militar Viol\u00eancia contra jornalistas. Latin American Journalism Review by The Knight Center at The University of Texas at Austin.","robots":{"index":"index","follow":"follow","max-snippet":"max-snippet:-1","max-image-preview":"max-image-preview:large","max-video-preview":"max-video-preview:-1"},"canonical":"https:\/\/latamjournalismreview.org\/pt-br\/articles\/coronel-do-exercito-e-julgado-por-tortura-e-morte-de-jornalista-brasileiro-na-ditadura-militar\/","og_locale":"pt_BR","og_type":"article","og_title":"Coronel do ex\u00e9rcito \u00e9 julgado por tortura e morte de jornalista brasileiro na ditadura militar","og_description":"Coronel do ex\u00e9rcito \u00e9 julgado por tortura e morte de jornalista brasileiro na ditadura militar Viol\u00eancia contra jornalistas. Latin American Journalism Review by The Knight Center at The University of Texas at Austin.","og_url":"https:\/\/latamjournalismreview.org\/pt-br\/articles\/coronel-do-exercito-e-julgado-por-tortura-e-morte-de-jornalista-brasileiro-na-ditadura-militar\/","og_site_name":"LatAm Journalism Review by the Knight Center","article_published_time":"2011-07-26T17:10:05+00:00","article_modified_time":"2022-02-02T17:10:57+00:00","author":"Natalia Mazotte","twitter_card":"summary_large_image","twitter_creator":"@LatAmJournalism","twitter_site":"@LatAmJournalism","twitter_misc":{"Written by":"Natalia Mazotte","Est. reading time":"1 minuto"},"schema":{"@context":"https:\/\/schema.org","@graph":[{"@type":"Article","@id":"https:\/\/latamjournalismreview.org\/pt-br\/articles\/coronel-do-exercito-e-julgado-por-tortura-e-morte-de-jornalista-brasileiro-na-ditadura-militar\/#article","isPartOf":{"@id":"https:\/\/latamjournalismreview.org\/pt-br\/articles\/coronel-do-exercito-e-julgado-por-tortura-e-morte-de-jornalista-brasileiro-na-ditadura-militar\/"},"author":{"name":"Natalia Mazotte","@id":"https:\/\/latamjournalismreview.org\/pt-br\/#\/schema\/person\/747457e530d741a9d192f00c32c7f884"},"headline":"Coronel do ex\u00e9rcito \u00e9 julgado por tortura e morte de jornalista brasileiro na ditadura militar","datePublished":"2011-07-26T17:10:05+00:00","dateModified":"2022-02-02T17:10:57+00:00","mainEntityOfPage":{"@id":"https:\/\/latamjournalismreview.org\/pt-br\/articles\/coronel-do-exercito-e-julgado-por-tortura-e-morte-de-jornalista-brasileiro-na-ditadura-militar\/"},"wordCount":300,"publisher":{"@id":"https:\/\/latamjournalismreview.org\/pt-br\/#organization"},"keywords":["Assassinatos de jornalistas","Casos judiciais"],"articleSection":["Viol\u00eancia contra jornalistas"],"inLanguage":"pt-BR"},{"@type":"WebPage","@id":"https:\/\/latamjournalismreview.org\/pt-br\/articles\/coronel-do-exercito-e-julgado-por-tortura-e-morte-de-jornalista-brasileiro-na-ditadura-militar\/","url":"https:\/\/latamjournalismreview.org\/pt-br\/articles\/coronel-do-exercito-e-julgado-por-tortura-e-morte-de-jornalista-brasileiro-na-ditadura-militar\/","name":"Coronel do ex\u00e9rcito \u00e9 julgado por tortura e morte de jornalista brasileiro na ditadura militar - LatAm Journalism Review by the Knight Center","isPartOf":{"@id":"https:\/\/latamjournalismreview.org\/pt-br\/#website"},"datePublished":"2011-07-26T17:10:05+00:00","dateModified":"2022-02-02T17:10:57+00:00","description":"Coronel do ex\u00e9rcito \u00e9 julgado por tortura e morte de jornalista brasileiro na ditadura militar Viol\u00eancia contra jornalistas. Latin American Journalism Review by The Knight Center at The University of Texas at Austin.","breadcrumb":{"@id":"https:\/\/latamjournalismreview.org\/pt-br\/articles\/coronel-do-exercito-e-julgado-por-tortura-e-morte-de-jornalista-brasileiro-na-ditadura-militar\/#breadcrumb"},"inLanguage":"pt-BR","potentialAction":[{"@type":"ReadAction","target":["https:\/\/latamjournalismreview.org\/pt-br\/articles\/coronel-do-exercito-e-julgado-por-tortura-e-morte-de-jornalista-brasileiro-na-ditadura-militar\/"]}]},{"@type":"BreadcrumbList","@id":"https:\/\/latamjournalismreview.org\/pt-br\/articles\/coronel-do-exercito-e-julgado-por-tortura-e-morte-de-jornalista-brasileiro-na-ditadura-militar\/#breadcrumb","itemListElement":[{"@type":"ListItem","position":1,"name":"Home","item":"https:\/\/latamjournalismreview.org\/pt-br\/"},{"@type":"ListItem","position":2,"name":"Coronel do ex\u00e9rcito \u00e9 julgado por tortura e morte de jornalista brasileiro na ditadura militar"}]},{"@type":"WebSite","@id":"https:\/\/latamjournalismreview.org\/pt-br\/#website","url":"https:\/\/latamjournalismreview.org\/pt-br\/","name":"LatAm Journalism Review","description":"Digital magazine on journalism in Latin America","publisher":{"@id":"https:\/\/latamjournalismreview.org\/pt-br\/#organization"},"potentialAction":[{"@type":"SearchAction","target":{"@type":"EntryPoint","urlTemplate":"https:\/\/latamjournalismreview.org\/pt-br\/?s={search_term_string}"},"query-input":{"@type":"PropertyValueSpecification","valueRequired":true,"valueName":"search_term_string"}}],"inLanguage":"pt-BR"},{"@type":"Organization","@id":"https:\/\/latamjournalismreview.org\/pt-br\/#organization","name":"LatAm Journalism Review","url":"https:\/\/latamjournalismreview.org\/pt-br\/","logo":{"@type":"ImageObject","inLanguage":"pt-BR","@id":"https:\/\/latamjournalismreview.org\/pt-br\/#\/schema\/logo\/image\/","url":"https:\/\/latamjournalismreview.org\/wp-content\/uploads\/2020\/05\/knight-latAm-review-logo.svg","contentUrl":"https:\/\/latamjournalismreview.org\/wp-content\/uploads\/2020\/05\/knight-latAm-review-logo.svg","width":"1024","height":"1024","caption":"LatAm Journalism Review"},"image":{"@id":"https:\/\/latamjournalismreview.org\/pt-br\/#\/schema\/logo\/image\/"},"sameAs":["https:\/\/x.com\/LatAmJournalism"]},{"@type":"Person","@id":"https:\/\/latamjournalismreview.org\/pt-br\/#\/schema\/person\/747457e530d741a9d192f00c32c7f884","name":"Natalia Mazotte","url":"https:\/\/latamjournalismreview.org\/pt-br\/articles\/author\/natalia-mazotte\/"}]}},"_links":{"self":[{"href":"https:\/\/latamjournalismreview.org\/pt-br\/wp-json\/wp\/v2\/posts\/48959","targetHints":{"allow":["GET"]}}],"collection":[{"href":"https:\/\/latamjournalismreview.org\/pt-br\/wp-json\/wp\/v2\/posts"}],"about":[{"href":"https:\/\/latamjournalismreview.org\/pt-br\/wp-json\/wp\/v2\/types\/post"}],"author":[{"embeddable":true,"href":"https:\/\/latamjournalismreview.org\/pt-br\/wp-json\/wp\/v2\/users\/42"}],"replies":[{"embeddable":true,"href":"https:\/\/latamjournalismreview.org\/pt-br\/wp-json\/wp\/v2\/comments?post=48959"}],"version-history":[{"count":1,"href":"https:\/\/latamjournalismreview.org\/pt-br\/wp-json\/wp\/v2\/posts\/48959\/revisions"}],"predecessor-version":[{"id":48960,"href":"https:\/\/latamjournalismreview.org\/pt-br\/wp-json\/wp\/v2\/posts\/48959\/revisions\/48960"}],"wp:attachment":[{"href":"https:\/\/latamjournalismreview.org\/pt-br\/wp-json\/wp\/v2\/media?parent=48959"}],"wp:term":[{"taxonomy":"category","embeddable":true,"href":"https:\/\/latamjournalismreview.org\/pt-br\/wp-json\/wp\/v2\/categories?post=48959"},{"taxonomy":"post_tag","embeddable":true,"href":"https:\/\/latamjournalismreview.org\/pt-br\/wp-json\/wp\/v2\/tags?post=48959"},{"taxonomy":"author","embeddable":true,"href":"https:\/\/latamjournalismreview.org\/pt-br\/wp-json\/wp\/v2\/coauthors?post=48959"}],"curies":[{"name":"wp","href":"https:\/\/api.w.org\/{rel}","templated":true}]}}