{"id":49323,"date":"2016-01-22T11:29:25","date_gmt":"2016-01-22T16:29:25","guid":{"rendered":"https:\/\/latamjournalismreview.org\/?p=49323"},"modified":"2022-02-07T11:30:03","modified_gmt":"2022-02-07T16:30:03","slug":"homem-e-sentenciado-a-31-anos-de-prisao-por-assassinato-de-jornalista-e-mais-duas-pessoas-na-colombia","status":"publish","type":"post","link":"https:\/\/latamjournalismreview.org\/pt-br\/articles\/homem-e-sentenciado-a-31-anos-de-prisao-por-assassinato-de-jornalista-e-mais-duas-pessoas-na-colombia\/","title":{"rendered":"Homem \u00e9 sentenciado a 31 anos de pris\u00e3o por assassinato de jornalista e mais duas pessoas na Col\u00f4mbia"},"content":{"rendered":"<p><em>Por Giovana Sanchez<br \/>\n<\/em><\/p>\n<p>Um tribunal colombiano condenou um homem a pris\u00e3o pelo\u00a0<a href=\"https:\/\/cpj.org\/es\/2014\/08\/asesinan-a-director-de-radioemisora-colombiana-que.php\" target=\"_blank\" rel=\"noopener\">assassinato do jornalista Luis Carlos Cervantes, ocorrido em agosto de 2014<\/a>\u00a0em Taraz\u00e1, estado de Antioquia.<\/p>\n<p>Cervantes estava sob o esquema de seguran\u00e7a da Unidade Nacional de Prote\u00e7\u00e3o (UNP), uma entidade governamental respons\u00e1vel por proteger jornalistas e outras pessoas em risco, desde 2012 at\u00e9 julho de 2014. O jornalista, diretor da emissora \u200b\u200bcomunit\u00e1ria\u00a0<em>Morena FM<\/em>,\u00a0<a href=\"http:\/\/www.oas.org\/es\/cidh\/expresion\/showarticle.asp?artID=953&amp;lID=2\" target=\"_blank\" rel=\"noopener\">havia recebido amea\u00e7as de morte desde 2010<\/a>, segundo a Relatoria Especial para a Liberdade de Express\u00e3o da Comiss\u00e3o Interamericana de Direitos Humanos (CIDH).<\/p>\n<p>Segundo Noticias RCN, Cervantes recebeu\u00a0<a href=\"http:\/\/www.noticiasrcn.com\/nacional-justicia\/condenan-un-cabecilla-del-clan-usuga-asesinar-periodista-y-exalcalde-antioquia\" target=\"_blank\" rel=\"noopener\">v\u00e1rias amea\u00e7as de morte ap\u00f3s denunciar publicamente casos de corrup\u00e7\u00e3o<\/a>.<\/p>\n<p>A prote\u00e7\u00e3o dada pelo Estado ao jornalista foi retirada apenas algumas semanas antes de seu assassinato. O governo disse que a decis\u00e3o foi tomada com base em\u00a0<a href=\"http:\/\/www.oas.org\/es\/cidh\/expresion\/showarticle.asp?artID=953&amp;lID=2\" target=\"_blank\" rel=\"noopener\">informa\u00e7\u00e3o que apontava que n\u00e3o havia rela\u00e7\u00e3o entre as amea\u00e7as e o trabalho jornal\u00edstico de Cervantes<\/a>, segundo a Relatoria Especial.<\/p>\n<p>A Relatoria informou em seu Relat\u00f3rio Anual 2014\u00a0que\u00a0<a href=\"http:\/\/www.oas.org\/es\/cidh\/expresion\/docs\/informes\/anuales\/Informe%20Anual%202014.pdf\" target=\"_blank\" rel=\"noopener\">a \u00faltima amea\u00e7a foi recebida 21 dias antes de Cervantes morrer<\/a>, depois dele ter supostamente se negado a transmitir uma informa\u00e7\u00e3o sobre grupos criminais na r\u00e1dio.<\/p>\n<p>Javier Vega Osorio, tamb\u00e9m conhecido como \u2018Morroco\u2019, foi\u00a0<a href=\"http:\/\/www.noticiascaracol.com\/colombia\/por-asesinato-de-periodista-alias-morroco-pagara-31-anos-de-carcel\" target=\"_blank\" rel=\"noopener\">condenado a 31 anos de pris\u00e3o pelo assassinato de Cervantes<\/a>, e pelos homic\u00eddios de um ex-prefeito de Taraz\u00e1 e de outro homem, de acordo com Noticias Caracol.<\/p>\n<p>Os investigadores disseram que os membros do grupo criminoso Clan \u00dasuga, ao qual Vega Osorio supostamente pertence,\u00a0<a href=\"http:\/\/www.noticiasrcn.com\/nacional-justicia\/condenan-un-cabecilla-del-clan-usuga-asesinar-periodista-y-exalcalde-antioquia\" target=\"_blank\" rel=\"noopener\">se reuniram em 2013 para planejar o assassinato de Cervantes<\/a>, segundo Noticias RCN. A Procuradoria Geral da Rep\u00fablica informou que o\u00a0<a href=\"http:\/\/www.fiscalia.gov.co\/colombia\/noticias\/condenado-cabecilla-del-clan-usuga-por-homicidio-de-periodista-y-exalcalde\/\" target=\"_blank\" rel=\"noopener\">grupo criminoso que matou Cervantes se referiu a ele como \u201csapo\u201d<\/a>, mas n\u00e3o informou sobre os poss\u00edveis motivos em seu comunicado.<\/p>\n<p>A impunidade nos assassinatos de jornalistas sempre foi um problema na Col\u00f4mbia. Contudo, as recentes condena\u00e7\u00f5es, a diminui\u00e7\u00e3o da viol\u00eancia pol\u00edtica e um programa governamental de prote\u00e7\u00e3o fizeram com que\u00a0<a href=\"https:\/\/knightcenter.utexas.edu\/es\/blog\/00-16362-mexico-y-brasil-lideran-las-americas-en-materia-de-impunidad-en-asesinatos-de-periodis\" target=\"_blank\" rel=\"noopener\">o pa\u00eds deixasse o \u00cdndice Global de Impunidade 2015 do Comit\u00ea para a Prote\u00e7\u00e3o dos Jornalistas<\/a>\u00a0(CPJ na sigla em ingl\u00eas), segundo a organiza\u00e7\u00e3o. A lista classifica os pa\u00edses onde os assassinatos de jornalistas permanecem impunes. Para criar o \u00edndice, o CPJ s\u00f3 considera assassinatos sem resolu\u00e7\u00f5es ocorridos na d\u00e9cada anterior e nos quais \u201cse confirmou que o exerc\u00edcio do jornalismo foi o motivo do crime\u201d.<\/p>\n<p>No caso de Cervantes,\u00a0<a href=\"https:\/\/www.cpj.org\/killed\/2014\/luis-carlos-cervantes-solano.php\" target=\"_blank\" rel=\"noopener\">o CPJ n\u00e3o determinou se o assassinato ocorreu em raz\u00e3o de seu trabalho jornal\u00edstico<\/a>.\u00a0\u200b<\/p>\n<p><em>Nota do editor: Essa hist\u00f3ria foi publicada originalmente no blog de jornalismo nas Am\u00e9ricas do Centro Knight, o predecessor do LatAm Journalism Review.<\/em><\/p>\n","protected":false},"excerpt":{"rendered":"<p>Um tribunal colombiano condenou um homem a pris\u00e3o pelo\u00a0assassinato do jornalista Luis Carlos Cervantes, ocorrido em agosto de 2014\u00a0em Taraz\u00e1, estado de Antioquia.<\/p>\n","protected":false},"author":17,"featured_media":0,"comment_status":"closed","ping_status":"closed","sticky":false,"template":"","format":"standard","meta":{"inline_featured_image":false,"footnotes":""},"categories":[1221],"tags":[1552,1396,1567,1615],"coauthors":[],"class_list":["post-49323","post","type-post","status-publish","format-standard","hentry","category-violencia-contra-jornalistas-pt-br","tag-assassinatos-de-jornalistas-pt-br","tag-colombia-pt-br-2","tag-detencoes-pt-br","tag-violencia-contra-jornalistas-pt-br"],"acf":[],"yoast_head":"<!-- This site is optimized with the Yoast SEO Premium plugin v22.6 (Yoast SEO v27.4) - https:\/\/yoast.com\/product\/yoast-seo-premium-wordpress\/ -->\n<title>Homem \u00e9 sentenciado a 31 anos de pris\u00e3o por assassinato de jornalista e mais duas pessoas na Col\u00f4mbia - LatAm Journalism Review by the Knight Center<\/title>\n<meta name=\"description\" content=\"Homem \u00e9 sentenciado a 31 anos de pris\u00e3o por assassinato de jornalista e mais duas pessoas na Col\u00f4mbia Viol\u00eancia contra jornalistas. Latin American Journalism Review by The Knight Center at The University of Texas at Austin.\" \/>\n<meta name=\"robots\" content=\"index, follow, max-snippet:-1, max-image-preview:large, max-video-preview:-1\" \/>\n<link rel=\"canonical\" href=\"https:\/\/latamjournalismreview.org\/pt-br\/articles\/homem-e-sentenciado-a-31-anos-de-prisao-por-assassinato-de-jornalista-e-mais-duas-pessoas-na-colombia\/\" \/>\n<meta property=\"og:locale\" content=\"pt_BR\" \/>\n<meta property=\"og:type\" content=\"article\" \/>\n<meta property=\"og:title\" content=\"Homem \u00e9 sentenciado a 31 anos de pris\u00e3o por assassinato de jornalista e mais duas pessoas na Col\u00f4mbia\" \/>\n<meta property=\"og:description\" content=\"Homem \u00e9 sentenciado a 31 anos de pris\u00e3o por assassinato de jornalista e mais duas pessoas na Col\u00f4mbia Viol\u00eancia contra jornalistas. Latin American Journalism Review by The Knight Center at The University of Texas at Austin.\" \/>\n<meta property=\"og:url\" content=\"https:\/\/latamjournalismreview.org\/pt-br\/articles\/homem-e-sentenciado-a-31-anos-de-prisao-por-assassinato-de-jornalista-e-mais-duas-pessoas-na-colombia\/\" \/>\n<meta property=\"og:site_name\" content=\"LatAm Journalism Review by the Knight Center\" \/>\n<meta property=\"article:published_time\" content=\"2016-01-22T16:29:25+00:00\" \/>\n<meta property=\"article:modified_time\" content=\"2022-02-07T16:30:03+00:00\" \/>\n<meta name=\"author\" content=\"Guest\" \/>\n<meta name=\"twitter:card\" content=\"summary_large_image\" \/>\n<meta name=\"twitter:creator\" content=\"@LatAmJournalism\" \/>\n<meta name=\"twitter:site\" content=\"@LatAmJournalism\" \/>\n<meta name=\"twitter:label1\" content=\"Written by\" \/>\n\t<meta name=\"twitter:data1\" content=\"Guest\" \/>\n\t<meta name=\"twitter:label2\" content=\"Est. reading time\" \/>\n\t<meta name=\"twitter:data2\" content=\"2 minutos\" \/>\n<script type=\"application\/ld+json\" class=\"yoast-schema-graph\">{\"@context\":\"https:\\\/\\\/schema.org\",\"@graph\":[{\"@type\":\"Article\",\"@id\":\"https:\\\/\\\/latamjournalismreview.org\\\/pt-br\\\/articles\\\/homem-e-sentenciado-a-31-anos-de-prisao-por-assassinato-de-jornalista-e-mais-duas-pessoas-na-colombia\\\/#article\",\"isPartOf\":{\"@id\":\"https:\\\/\\\/latamjournalismreview.org\\\/pt-br\\\/articles\\\/homem-e-sentenciado-a-31-anos-de-prisao-por-assassinato-de-jornalista-e-mais-duas-pessoas-na-colombia\\\/\"},\"author\":{\"name\":\"Guest\",\"@id\":\"https:\\\/\\\/latamjournalismreview.org\\\/pt-br\\\/#\\\/schema\\\/person\\\/0315202e0b3c0963a2440f1c3012c360\"},\"headline\":\"Homem \u00e9 sentenciado a 31 anos de pris\u00e3o por assassinato de jornalista e mais duas pessoas na Col\u00f4mbia\",\"datePublished\":\"2016-01-22T16:29:25+00:00\",\"dateModified\":\"2022-02-07T16:30:03+00:00\",\"mainEntityOfPage\":{\"@id\":\"https:\\\/\\\/latamjournalismreview.org\\\/pt-br\\\/articles\\\/homem-e-sentenciado-a-31-anos-de-prisao-por-assassinato-de-jornalista-e-mais-duas-pessoas-na-colombia\\\/\"},\"wordCount\":475,\"publisher\":{\"@id\":\"https:\\\/\\\/latamjournalismreview.org\\\/pt-br\\\/#organization\"},\"keywords\":[\"Assassinatos de jornalistas\",\"Col\u00f4mbia\",\"Deten\u00e7\u00f5es\",\"Viol\u00eancia contra jornalistas\"],\"articleSection\":[\"Viol\u00eancia contra jornalistas\"],\"inLanguage\":\"pt-BR\"},{\"@type\":\"WebPage\",\"@id\":\"https:\\\/\\\/latamjournalismreview.org\\\/pt-br\\\/articles\\\/homem-e-sentenciado-a-31-anos-de-prisao-por-assassinato-de-jornalista-e-mais-duas-pessoas-na-colombia\\\/\",\"url\":\"https:\\\/\\\/latamjournalismreview.org\\\/pt-br\\\/articles\\\/homem-e-sentenciado-a-31-anos-de-prisao-por-assassinato-de-jornalista-e-mais-duas-pessoas-na-colombia\\\/\",\"name\":\"Homem \u00e9 sentenciado a 31 anos de pris\u00e3o por assassinato de jornalista e mais duas pessoas na Col\u00f4mbia - LatAm Journalism Review by the Knight Center\",\"isPartOf\":{\"@id\":\"https:\\\/\\\/latamjournalismreview.org\\\/pt-br\\\/#website\"},\"datePublished\":\"2016-01-22T16:29:25+00:00\",\"dateModified\":\"2022-02-07T16:30:03+00:00\",\"description\":\"Homem \u00e9 sentenciado a 31 anos de pris\u00e3o por assassinato de jornalista e mais duas pessoas na Col\u00f4mbia Viol\u00eancia contra jornalistas. Latin American Journalism Review by The Knight Center at The University of Texas at Austin.\",\"breadcrumb\":{\"@id\":\"https:\\\/\\\/latamjournalismreview.org\\\/pt-br\\\/articles\\\/homem-e-sentenciado-a-31-anos-de-prisao-por-assassinato-de-jornalista-e-mais-duas-pessoas-na-colombia\\\/#breadcrumb\"},\"inLanguage\":\"pt-BR\",\"potentialAction\":[{\"@type\":\"ReadAction\",\"target\":[\"https:\\\/\\\/latamjournalismreview.org\\\/pt-br\\\/articles\\\/homem-e-sentenciado-a-31-anos-de-prisao-por-assassinato-de-jornalista-e-mais-duas-pessoas-na-colombia\\\/\"]}]},{\"@type\":\"BreadcrumbList\",\"@id\":\"https:\\\/\\\/latamjournalismreview.org\\\/pt-br\\\/articles\\\/homem-e-sentenciado-a-31-anos-de-prisao-por-assassinato-de-jornalista-e-mais-duas-pessoas-na-colombia\\\/#breadcrumb\",\"itemListElement\":[{\"@type\":\"ListItem\",\"position\":1,\"name\":\"Home\",\"item\":\"https:\\\/\\\/latamjournalismreview.org\\\/pt-br\\\/\"},{\"@type\":\"ListItem\",\"position\":2,\"name\":\"Homem \u00e9 sentenciado a 31 anos de pris\u00e3o por assassinato de jornalista e mais duas pessoas na Col\u00f4mbia\"}]},{\"@type\":\"WebSite\",\"@id\":\"https:\\\/\\\/latamjournalismreview.org\\\/pt-br\\\/#website\",\"url\":\"https:\\\/\\\/latamjournalismreview.org\\\/pt-br\\\/\",\"name\":\"LatAm Journalism Review\",\"description\":\"Digital magazine on journalism in Latin America\",\"publisher\":{\"@id\":\"https:\\\/\\\/latamjournalismreview.org\\\/pt-br\\\/#organization\"},\"potentialAction\":[{\"@type\":\"SearchAction\",\"target\":{\"@type\":\"EntryPoint\",\"urlTemplate\":\"https:\\\/\\\/latamjournalismreview.org\\\/pt-br\\\/?s={search_term_string}\"},\"query-input\":{\"@type\":\"PropertyValueSpecification\",\"valueRequired\":true,\"valueName\":\"search_term_string\"}}],\"inLanguage\":\"pt-BR\"},{\"@type\":\"Organization\",\"@id\":\"https:\\\/\\\/latamjournalismreview.org\\\/pt-br\\\/#organization\",\"name\":\"LatAm Journalism Review\",\"url\":\"https:\\\/\\\/latamjournalismreview.org\\\/pt-br\\\/\",\"logo\":{\"@type\":\"ImageObject\",\"inLanguage\":\"pt-BR\",\"@id\":\"https:\\\/\\\/latamjournalismreview.org\\\/pt-br\\\/#\\\/schema\\\/logo\\\/image\\\/\",\"url\":\"https:\\\/\\\/latamjournalismreview.org\\\/wp-content\\\/uploads\\\/2020\\\/05\\\/knight-latAm-review-logo.svg\",\"contentUrl\":\"https:\\\/\\\/latamjournalismreview.org\\\/wp-content\\\/uploads\\\/2020\\\/05\\\/knight-latAm-review-logo.svg\",\"width\":\"1024\",\"height\":\"1024\",\"caption\":\"LatAm Journalism Review\"},\"image\":{\"@id\":\"https:\\\/\\\/latamjournalismreview.org\\\/pt-br\\\/#\\\/schema\\\/logo\\\/image\\\/\"},\"sameAs\":[\"https:\\\/\\\/x.com\\\/LatAmJournalism\"]},{\"@type\":\"Person\",\"@id\":\"https:\\\/\\\/latamjournalismreview.org\\\/pt-br\\\/#\\\/schema\\\/person\\\/0315202e0b3c0963a2440f1c3012c360\",\"name\":\"Guest\",\"url\":\"https:\\\/\\\/latamjournalismreview.org\\\/pt-br\\\/articles\\\/author\\\/guest\\\/\"}]}<\/script>\n<!-- \/ Yoast SEO Premium plugin. -->","yoast_head_json":{"title":"Homem \u00e9 sentenciado a 31 anos de pris\u00e3o por assassinato de jornalista e mais duas pessoas na Col\u00f4mbia - LatAm Journalism Review by the Knight Center","description":"Homem \u00e9 sentenciado a 31 anos de pris\u00e3o por assassinato de jornalista e mais duas pessoas na Col\u00f4mbia Viol\u00eancia contra jornalistas. Latin American Journalism Review by The Knight Center at The University of Texas at Austin.","robots":{"index":"index","follow":"follow","max-snippet":"max-snippet:-1","max-image-preview":"max-image-preview:large","max-video-preview":"max-video-preview:-1"},"canonical":"https:\/\/latamjournalismreview.org\/pt-br\/articles\/homem-e-sentenciado-a-31-anos-de-prisao-por-assassinato-de-jornalista-e-mais-duas-pessoas-na-colombia\/","og_locale":"pt_BR","og_type":"article","og_title":"Homem \u00e9 sentenciado a 31 anos de pris\u00e3o por assassinato de jornalista e mais duas pessoas na Col\u00f4mbia","og_description":"Homem \u00e9 sentenciado a 31 anos de pris\u00e3o por assassinato de jornalista e mais duas pessoas na Col\u00f4mbia Viol\u00eancia contra jornalistas. Latin American Journalism Review by The Knight Center at The University of Texas at Austin.","og_url":"https:\/\/latamjournalismreview.org\/pt-br\/articles\/homem-e-sentenciado-a-31-anos-de-prisao-por-assassinato-de-jornalista-e-mais-duas-pessoas-na-colombia\/","og_site_name":"LatAm Journalism Review by the Knight Center","article_published_time":"2016-01-22T16:29:25+00:00","article_modified_time":"2022-02-07T16:30:03+00:00","author":"Guest","twitter_card":"summary_large_image","twitter_creator":"@LatAmJournalism","twitter_site":"@LatAmJournalism","twitter_misc":{"Written by":"Guest","Est. reading time":"2 minutos"},"schema":{"@context":"https:\/\/schema.org","@graph":[{"@type":"Article","@id":"https:\/\/latamjournalismreview.org\/pt-br\/articles\/homem-e-sentenciado-a-31-anos-de-prisao-por-assassinato-de-jornalista-e-mais-duas-pessoas-na-colombia\/#article","isPartOf":{"@id":"https:\/\/latamjournalismreview.org\/pt-br\/articles\/homem-e-sentenciado-a-31-anos-de-prisao-por-assassinato-de-jornalista-e-mais-duas-pessoas-na-colombia\/"},"author":{"name":"Guest","@id":"https:\/\/latamjournalismreview.org\/pt-br\/#\/schema\/person\/0315202e0b3c0963a2440f1c3012c360"},"headline":"Homem \u00e9 sentenciado a 31 anos de pris\u00e3o por assassinato de jornalista e mais duas pessoas na Col\u00f4mbia","datePublished":"2016-01-22T16:29:25+00:00","dateModified":"2022-02-07T16:30:03+00:00","mainEntityOfPage":{"@id":"https:\/\/latamjournalismreview.org\/pt-br\/articles\/homem-e-sentenciado-a-31-anos-de-prisao-por-assassinato-de-jornalista-e-mais-duas-pessoas-na-colombia\/"},"wordCount":475,"publisher":{"@id":"https:\/\/latamjournalismreview.org\/pt-br\/#organization"},"keywords":["Assassinatos de jornalistas","Col\u00f4mbia","Deten\u00e7\u00f5es","Viol\u00eancia contra jornalistas"],"articleSection":["Viol\u00eancia contra jornalistas"],"inLanguage":"pt-BR"},{"@type":"WebPage","@id":"https:\/\/latamjournalismreview.org\/pt-br\/articles\/homem-e-sentenciado-a-31-anos-de-prisao-por-assassinato-de-jornalista-e-mais-duas-pessoas-na-colombia\/","url":"https:\/\/latamjournalismreview.org\/pt-br\/articles\/homem-e-sentenciado-a-31-anos-de-prisao-por-assassinato-de-jornalista-e-mais-duas-pessoas-na-colombia\/","name":"Homem \u00e9 sentenciado a 31 anos de pris\u00e3o por assassinato de jornalista e mais duas pessoas na Col\u00f4mbia - LatAm Journalism Review by the Knight Center","isPartOf":{"@id":"https:\/\/latamjournalismreview.org\/pt-br\/#website"},"datePublished":"2016-01-22T16:29:25+00:00","dateModified":"2022-02-07T16:30:03+00:00","description":"Homem \u00e9 sentenciado a 31 anos de pris\u00e3o por assassinato de jornalista e mais duas pessoas na Col\u00f4mbia Viol\u00eancia contra jornalistas. Latin American Journalism Review by The Knight Center at The University of Texas at Austin.","breadcrumb":{"@id":"https:\/\/latamjournalismreview.org\/pt-br\/articles\/homem-e-sentenciado-a-31-anos-de-prisao-por-assassinato-de-jornalista-e-mais-duas-pessoas-na-colombia\/#breadcrumb"},"inLanguage":"pt-BR","potentialAction":[{"@type":"ReadAction","target":["https:\/\/latamjournalismreview.org\/pt-br\/articles\/homem-e-sentenciado-a-31-anos-de-prisao-por-assassinato-de-jornalista-e-mais-duas-pessoas-na-colombia\/"]}]},{"@type":"BreadcrumbList","@id":"https:\/\/latamjournalismreview.org\/pt-br\/articles\/homem-e-sentenciado-a-31-anos-de-prisao-por-assassinato-de-jornalista-e-mais-duas-pessoas-na-colombia\/#breadcrumb","itemListElement":[{"@type":"ListItem","position":1,"name":"Home","item":"https:\/\/latamjournalismreview.org\/pt-br\/"},{"@type":"ListItem","position":2,"name":"Homem \u00e9 sentenciado a 31 anos de pris\u00e3o por assassinato de jornalista e mais duas pessoas na Col\u00f4mbia"}]},{"@type":"WebSite","@id":"https:\/\/latamjournalismreview.org\/pt-br\/#website","url":"https:\/\/latamjournalismreview.org\/pt-br\/","name":"LatAm Journalism Review","description":"Digital magazine on journalism in Latin America","publisher":{"@id":"https:\/\/latamjournalismreview.org\/pt-br\/#organization"},"potentialAction":[{"@type":"SearchAction","target":{"@type":"EntryPoint","urlTemplate":"https:\/\/latamjournalismreview.org\/pt-br\/?s={search_term_string}"},"query-input":{"@type":"PropertyValueSpecification","valueRequired":true,"valueName":"search_term_string"}}],"inLanguage":"pt-BR"},{"@type":"Organization","@id":"https:\/\/latamjournalismreview.org\/pt-br\/#organization","name":"LatAm Journalism Review","url":"https:\/\/latamjournalismreview.org\/pt-br\/","logo":{"@type":"ImageObject","inLanguage":"pt-BR","@id":"https:\/\/latamjournalismreview.org\/pt-br\/#\/schema\/logo\/image\/","url":"https:\/\/latamjournalismreview.org\/wp-content\/uploads\/2020\/05\/knight-latAm-review-logo.svg","contentUrl":"https:\/\/latamjournalismreview.org\/wp-content\/uploads\/2020\/05\/knight-latAm-review-logo.svg","width":"1024","height":"1024","caption":"LatAm Journalism Review"},"image":{"@id":"https:\/\/latamjournalismreview.org\/pt-br\/#\/schema\/logo\/image\/"},"sameAs":["https:\/\/x.com\/LatAmJournalism"]},{"@type":"Person","@id":"https:\/\/latamjournalismreview.org\/pt-br\/#\/schema\/person\/0315202e0b3c0963a2440f1c3012c360","name":"Guest","url":"https:\/\/latamjournalismreview.org\/pt-br\/articles\/author\/guest\/"}]}},"_links":{"self":[{"href":"https:\/\/latamjournalismreview.org\/pt-br\/wp-json\/wp\/v2\/posts\/49323","targetHints":{"allow":["GET"]}}],"collection":[{"href":"https:\/\/latamjournalismreview.org\/pt-br\/wp-json\/wp\/v2\/posts"}],"about":[{"href":"https:\/\/latamjournalismreview.org\/pt-br\/wp-json\/wp\/v2\/types\/post"}],"author":[{"embeddable":true,"href":"https:\/\/latamjournalismreview.org\/pt-br\/wp-json\/wp\/v2\/users\/17"}],"replies":[{"embeddable":true,"href":"https:\/\/latamjournalismreview.org\/pt-br\/wp-json\/wp\/v2\/comments?post=49323"}],"version-history":[{"count":1,"href":"https:\/\/latamjournalismreview.org\/pt-br\/wp-json\/wp\/v2\/posts\/49323\/revisions"}],"predecessor-version":[{"id":49326,"href":"https:\/\/latamjournalismreview.org\/pt-br\/wp-json\/wp\/v2\/posts\/49323\/revisions\/49326"}],"wp:attachment":[{"href":"https:\/\/latamjournalismreview.org\/pt-br\/wp-json\/wp\/v2\/media?parent=49323"}],"wp:term":[{"taxonomy":"category","embeddable":true,"href":"https:\/\/latamjournalismreview.org\/pt-br\/wp-json\/wp\/v2\/categories?post=49323"},{"taxonomy":"post_tag","embeddable":true,"href":"https:\/\/latamjournalismreview.org\/pt-br\/wp-json\/wp\/v2\/tags?post=49323"},{"taxonomy":"author","embeddable":true,"href":"https:\/\/latamjournalismreview.org\/pt-br\/wp-json\/wp\/v2\/coauthors?post=49323"}],"curies":[{"name":"wp","href":"https:\/\/api.w.org\/{rel}","templated":true}]}}