{"id":50295,"date":"2022-02-23T01:37:12","date_gmt":"2022-02-23T06:37:12","guid":{"rendered":"https:\/\/latamjournalismreview.org\/?p=50295"},"modified":"2022-02-23T01:40:47","modified_gmt":"2022-02-23T06:40:47","slug":"quem-eram-os-jornalistas-assassinados-no-mexico-neste-ano","status":"publish","type":"post","link":"https:\/\/latamjournalismreview.org\/pt-br\/articles\/quem-eram-os-jornalistas-assassinados-no-mexico-neste-ano\/","title":{"rendered":"Quem eram os jornalistas assassinados no M\u00e9xico neste ano?"},"content":{"rendered":"<p><span style=\"vertical-align: inherit;\"><span style=\"vertical-align: inherit;\">Os protestos v\u00eam e v\u00e3o em rep\u00fadio \u00e0 crescente viol\u00eancia sofrida pelos jornalistas no M\u00e9xico, enquanto o presidente Andr\u00e9s Manuel L\u00f3pez Obrador continua frequentemente dedicando tempo em suas coletivas matinais di\u00e1rias a atacar, intimidar e desqualificar meios de comunica\u00e7\u00e3o e jornalistas que revelaram supostos esc\u00e2ndalos de corrup\u00e7\u00e3o de membros de sua fam\u00edlia e de colaboradores pr\u00f3ximos.<\/span><\/span><\/p>\n<p><span style=\"vertical-align: inherit;\"><span style=\"vertical-align: inherit;\">Os jornalistas mencionados usaram os meios \u00e0 sua disposi\u00e7\u00e3o para levantar a voz e defender seu direito de informar, como fez o jornalista Carlos Loret de Mola <\/span><\/span><a href=\"https:\/\/twitter.com\/carlosloret\/status\/1492229273083654148?s=21\"><span style=\"vertical-align: inherit;\"><span style=\"vertical-align: inherit;\">em um v\u00eddeo em sua conta no Twitter<\/span><\/span><\/a><span style=\"vertical-align: inherit;\"><span style=\"vertical-align: inherit;\"> depois que o presidente\u00a0<\/span><\/span><a href=\"https:\/\/latamjournalismreview.org\/pt-br\/articles\/presidente-do-mexico-revela-renda-de-jornalista-e-publico-reage-de-forma-inedita-nas-redes-sociais\/\"><span style=\"vertical-align: inherit;\"><span style=\"vertical-align: inherit;\">revelou a suposta renda milion\u00e1ria que ele recebeu por seu trabalho para diferentes ve\u00edculos<\/span><\/span><\/a><span style=\"vertical-align: inherit;\"><span style=\"vertical-align: inherit;\">.<\/span><\/span><\/p>\n<p><span style=\"vertical-align: inherit;\"><span style=\"vertical-align: inherit;\">No entanto, os jornalistas mais afetados pela viol\u00eancia, aqueles que foram mortos ou sobreviveram a tentativas de assassinato, n\u00e3o t\u00eam acesso \u00e0 grande m\u00eddia ou a contas de redes sociais com milh\u00f5es de seguidores para fazer seus pedidos de ajuda serem ouvidos diante do clima de viol\u00eancia.<\/span><\/span><\/p>\n<p><span style=\"vertical-align: inherit;\"><span style=\"vertical-align: inherit;\">At\u00e9 agora, em 2022, cinco jornalistas foram assassinados no M\u00e9xico e pelo menos mais tr\u00eas foram salvos da morte em ataques com armas de fogo.<\/span><\/span><\/p>\n<p><span style=\"vertical-align: inherit;\"><span style=\"vertical-align: inherit;\">Esses comunicadores t\u00eam em comum o fato de serem jornalistas independentes ou trabalharem em projetos pr\u00f3prios de meios nativos digitais ou baseados em redes sociais. <\/span><span style=\"vertical-align: inherit;\">Eles tamb\u00e9m concordam que seu trabalho se concentra em quest\u00f5es locais, especialmente seguran\u00e7a, crime, pol\u00edtica e corrup\u00e7\u00e3o.<\/span><\/span><\/p>\n<p><span style=\"vertical-align: inherit;\"><span style=\"vertical-align: inherit;\">Abaixo apresentamos os perfis dos cinco jornalistas que perderam a vida de forma violenta em janeiro e fevereiro de 2022 com detalhes gerais de seus assassinatos. <\/span><span style=\"vertical-align: inherit;\">Da mesma forma, mostramos os perfis de comunicadores que foram v\u00edtimas de tentativas de assassinato e sobreviveram.<\/span><\/span><\/p>\n<div id=\"attachment_50257\" style=\"width: 660px\" class=\"wp-caption aligncenter\"><img loading=\"lazy\" decoding=\"async\" aria-describedby=\"caption-attachment-50257\" class=\"wp-image-50259 \" src=\"https:\/\/latamjournalismreview.org\/wp-content\/uploads\/2022\/02\/Periodistas-Aseinados-Mapa-SP.png\" alt=\"Nomes dos jornalistas que foram v\u00edtimas de viol\u00eancia no M\u00e9xico nos dois primeiros meses de 2022 e os estados do pa\u00eds em que os eventos ocorreram.\" width=\"650\" height=\"545\" srcset=\"https:\/\/latamjournalismreview.org\/wp-content\/uploads\/2022\/02\/Periodistas-Aseinados-Mapa-SP.png 940w, https:\/\/latamjournalismreview.org\/wp-content\/uploads\/2022\/02\/Periodistas-Aseinados-Mapa-SP-300x251.png 300w, https:\/\/latamjournalismreview.org\/wp-content\/uploads\/2022\/02\/Periodistas-Aseinados-Mapa-SP-768x644.png 768w\" sizes=\"auto, (max-width: 650px) 100vw, 650px\" \/><p id=\"caption-attachment-50257\" class=\"wp-caption-text\"><span style=\"vertical-align: inherit;\"><span style=\"vertical-align: inherit;\">Nomes dos jornalistas que foram v\u00edtimas de viol\u00eancia no M\u00e9xico nos dois primeiros meses de 2022 e os estados do pa\u00eds em que os eventos ocorreram.<\/span><\/span><\/p><\/div>\n<p>&nbsp;<\/p>\n<p>&nbsp;<\/p>\n<div id=\"attachment_50208\" style=\"width: 381px\" class=\"wp-caption alignright\"><img loading=\"lazy\" decoding=\"async\" aria-describedby=\"caption-attachment-50208\" class=\"wp-image-50210 \" src=\"https:\/\/latamjournalismreview.org\/wp-content\/uploads\/2022\/02\/Captura-de-Pantalla-2022-02-21-a-las-9.37.11-p.m..png\" alt=\"Jos\u00e9 Luis Gamboa Arenas, de Veracruz, recebeu pelo menos sete facadas. (Foto: Captura de tela do YouTube)\" width=\"371\" height=\"529\" srcset=\"https:\/\/latamjournalismreview.org\/wp-content\/uploads\/2022\/02\/Captura-de-Pantalla-2022-02-21-a-las-9.37.11-p.m..png 429w, https:\/\/latamjournalismreview.org\/wp-content\/uploads\/2022\/02\/Captura-de-Pantalla-2022-02-21-a-las-9.37.11-p.m.-210x300.png 210w\" sizes=\"auto, (max-width: 371px) 100vw, 371px\" \/><p id=\"caption-attachment-50208\" class=\"wp-caption-text\"><span style=\"vertical-align: inherit;\"><span style=\"vertical-align: inherit;\">Jos\u00e9 Luis Gamboa Arenas, de Veracruz, recebeu pelo menos sete facadas. <\/span><span style=\"vertical-align: inherit;\">(Foto: Captura de tela do YouTube)<\/span><\/span><\/p><\/div>\n<p>&nbsp;<\/p>\n<p><strong><span style=\"vertical-align: inherit;\"><span style=\"vertical-align: inherit;\">Data:<\/span><\/span><\/strong><span style=\"vertical-align: inherit;\"><span style=\"vertical-align: inherit;\"> 12 de janeiro de 2022<\/span><\/span><\/p>\n<p><strong><span style=\"vertical-align: inherit;\"><span style=\"vertical-align: inherit;\">Nome: <\/span><\/span><\/strong><span style=\"vertical-align: inherit;\"><span style=\"vertical-align: inherit;\">Jos\u00e9 Luis Gamboa Arenas<\/span><\/span><\/p>\n<p><strong><span style=\"vertical-align: inherit;\"><span style=\"vertical-align: inherit;\">Idade: <\/span><\/span><\/strong><span style=\"vertical-align: inherit;\"><span style=\"vertical-align: inherit;\">45<\/span><\/span><\/p>\n<p><strong><span style=\"vertical-align: inherit;\"><span style=\"vertical-align: inherit;\">Local:<\/span><\/span><\/strong><span style=\"vertical-align: inherit;\"><span style=\"vertical-align: inherit;\"> Porto de Veracruz, Veracruz<\/span><\/span><\/p>\n<p><strong><span style=\"vertical-align: inherit;\"><span style=\"vertical-align: inherit;\">Ocupa\u00e7\u00e3o: <\/span><\/span><\/strong><span style=\"vertical-align: inherit;\"><span style=\"vertical-align: inherit;\">Jornalista e editor<\/span><\/span><\/p>\n<p><strong><span style=\"vertical-align: inherit;\"><span style=\"vertical-align: inherit;\">Cobertura:<\/span><\/span><\/strong><span style=\"vertical-align: inherit;\"><span style=\"vertical-align: inherit;\"> Pol\u00edtica e Seguran\u00e7a Local<\/span><\/span><\/p>\n<p><strong><span style=\"vertical-align: inherit;\"><span style=\"vertical-align: inherit;\">Ve\u00edculo: <\/span><\/span><\/strong><a href=\"https:\/\/inforegio.wordpress.com\/\"><span style=\"vertical-align: inherit;\"><span style=\"vertical-align: inherit;\">InfoRegio<\/span><\/span><\/a><span style=\"vertical-align: inherit;\"><span style=\"vertical-align: inherit;\"> (nativo digital) e <\/span><\/span><a href=\"https:\/\/diariolanoticiaenlinea.wordpress.com\/\"><span style=\"vertical-align: inherit;\"><span style=\"vertical-align: inherit;\">La Noticia<\/span><\/span><\/a> <span style=\"vertical-align: inherit;\"><span style=\"vertical-align: inherit;\">(nativo digital)<\/span><\/span><\/p>\n<p><strong><span style=\"vertical-align: inherit;\"><span style=\"vertical-align: inherit;\">Causa da morte:<\/span><\/span><\/strong><span style=\"vertical-align: inherit;\"><span style=\"vertical-align: inherit;\"> Ele recebeu pelo menos sete facadas e seu corpo foi encontrado em um bairro do Porto de Veracruz.<\/span><\/span><\/p>\n<p><strong><span style=\"vertical-align: inherit;\"><span style=\"vertical-align: inherit;\">Outras informa\u00e7\u00f5es:<\/span><\/span><\/strong><span style=\"vertical-align: inherit;\"><span style=\"vertical-align: inherit;\"> Gamboa \u00e9 o quinto jornalista assassinado durante o mandato do governador Cuitl\u00e1huac Garc\u00eda em Veracruz. <\/span><span style=\"vertical-align: inherit;\">Poucos dias antes de sua morte, ele <\/span><\/span><a href=\"https:\/\/www.facebook.com\/inforegio\/posts\/10221119095033624\"><span style=\"vertical-align: inherit;\"><span style=\"vertical-align: inherit;\">havia publicado em suas redes sociais uma cr\u00edtica \u00e0 inseguran\u00e7a<\/span><\/span><\/a><span style=\"vertical-align: inherit;\"><span style=\"vertical-align: inherit;\"> e \u00e0 suposta prote\u00e7\u00e3o com que as autoridades municipais permitiram a suposta cobran\u00e7a do direito a um apartamento na cidade.<\/span><\/span><\/p>\n<p>&nbsp;<\/p>\n<p>&nbsp;<\/p>\n<div id=\"attachment_50211\" style=\"width: 438px\" class=\"wp-caption alignleft\"><img loading=\"lazy\" decoding=\"async\" aria-describedby=\"caption-attachment-50211\" class=\"wp-image-50213 \" src=\"https:\/\/latamjournalismreview.org\/wp-content\/uploads\/2022\/02\/Margarito.jpeg\" alt=\"Margarito Martinez deixa sua esposa e uma filha adolescente. (Foto: Facebook de Margarito Mart\u00ednez)\" width=\"428\" height=\"576\" srcset=\"https:\/\/latamjournalismreview.org\/wp-content\/uploads\/2022\/02\/Margarito.jpeg 627w, https:\/\/latamjournalismreview.org\/wp-content\/uploads\/2022\/02\/Margarito-223x300.jpeg 223w\" sizes=\"auto, (max-width: 428px) 100vw, 428px\" \/><p id=\"caption-attachment-50211\" class=\"wp-caption-text\"><span style=\"vertical-align: inherit;\"><span style=\"vertical-align: inherit;\">Margarito Martinez deixa sua esposa e uma filha adolescente. <\/span><span style=\"vertical-align: inherit;\">(Foto: Facebook de Margarito Mart\u00ednez)<\/span><\/span><\/p><\/div>\n<p><strong><span style=\"vertical-align: inherit;\"><span style=\"vertical-align: inherit;\">Data:<\/span><\/span><\/strong><span style=\"vertical-align: inherit;\"><span style=\"vertical-align: inherit;\"> 17 de janeiro de 2022<\/span><\/span><\/p>\n<p><strong><span style=\"vertical-align: inherit;\"><span style=\"vertical-align: inherit;\">Nome: <\/span><\/span><\/strong><span style=\"vertical-align: inherit;\"><span style=\"vertical-align: inherit;\">Alfonso Margarito Mart\u00ednez Esquivel<\/span><\/span><\/p>\n<p><strong><span style=\"vertical-align: inherit;\"><span style=\"vertical-align: inherit;\">Idade: <\/span><\/span><\/strong><span style=\"vertical-align: inherit;\"><span style=\"vertical-align: inherit;\">49<\/span><\/span><\/p>\n<p><strong><span style=\"vertical-align: inherit;\"><span style=\"vertical-align: inherit;\">Local:<\/span><\/span><\/strong><span style=\"vertical-align: inherit;\"><span style=\"vertical-align: inherit;\"> Tijuana, Baixa Calif\u00f3rnia<\/span><\/span><\/p>\n<p><strong><span style=\"vertical-align: inherit;\"><span style=\"vertical-align: inherit;\">Ocupa\u00e7\u00e3o: <\/span><\/span><\/strong><span style=\"vertical-align: inherit;\"><span style=\"vertical-align: inherit;\">Fotojornalista<\/span><\/span><\/p>\n<p><strong><span style=\"vertical-align: inherit;\"><span style=\"vertical-align: inherit;\">Cobertura:<\/span><\/span><\/strong><span style=\"vertical-align: inherit;\"><span style=\"vertical-align: inherit;\"> Seguran\u00e7a e quest\u00f5es policiais locais<\/span><\/span><\/p>\n<p><strong><span style=\"vertical-align: inherit;\"><span style=\"vertical-align: inherit;\">Ve\u00edculo: <\/span><\/span><\/strong><span style=\"vertical-align: inherit;\"><span style=\"vertical-align: inherit;\">Independente. <\/span><span style=\"vertical-align: inherit;\">Colaborou para meios de comunica\u00e7\u00e3o como Zeta Tijuana, La Jornada de Baja California e Cadena Noticias.<\/span><\/span><\/p>\n<p><strong><span style=\"vertical-align: inherit;\"><span style=\"vertical-align: inherit;\">Causa da morte:<\/span><\/span><\/strong><span style=\"vertical-align: inherit;\"><span style=\"vertical-align: inherit;\"> Ele foi emboscado do lado de fora de sua casa quando voltou\u00a0 de uma cobertura <span style=\"vertical-align: inherit;\">para casa<\/span>. <\/span><span style=\"vertical-align: inherit;\">Ele estava planejando sair em outra miss\u00e3o quando foi baleado v\u00e1rias vezes, uma delas na cabe\u00e7a.<\/span><\/span><\/p>\n<p><strong><span style=\"vertical-align: inherit;\"><span style=\"vertical-align: inherit;\">Outras informa\u00e7\u00f5es:<\/span><\/span><\/strong><span style=\"vertical-align: inherit;\"><span style=\"vertical-align: inherit;\"> Em 2019, <\/span><\/span><a href=\"https:\/\/www.sandiegouniontribune.com\/en-espanol\/primera-plana\/articulo\/2019-10-06\/quieres-entrevistar-a-sicarios-de-carteles-o-a-traficantes-de-personas-estos-hombres-y-mujeres-pueden-hacer-que-suceda\"><span style=\"vertical-align: inherit;\"><span style=\"vertical-align: inherit;\">o San Diego Union-Tribune destacou<\/span><\/span><\/a><span style=\"vertical-align: inherit;\"><span style=\"vertical-align: inherit;\"> o trabalho de Mart\u00ednez cobrindo viol\u00eancia, drogas e migra\u00e7\u00e3o em Tijuana em um artigo. <\/span><span style=\"vertical-align: inherit;\">Mart\u00ednez fazia parte do mecanismo de prote\u00e7\u00e3o a jornalistas na Baixa Calif\u00f3rnia e sua incorpora\u00e7\u00e3o ao mecanismo federal de prote\u00e7\u00e3o estava sendo analisada, depois que um ex-policial o amea\u00e7ou com <\/span><\/span><a href=\"https:\/\/www.youtube.com\/watch?v=wFsaoj-IzsU\"><span style=\"vertical-align: inherit;\"><span style=\"vertical-align: inherit;\">a publica\u00e7\u00e3o de um v\u00eddeo<\/span><\/span><\/a><span style=\"vertical-align: inherit;\"><span style=\"vertical-align: inherit;\"> em 13 de dezembro de 2021.<\/span><\/span><\/p>\n<p>&nbsp;<\/p>\n<div id=\"attachment_50214\" style=\"width: 451px\" class=\"wp-caption alignright\"><img loading=\"lazy\" decoding=\"async\" aria-describedby=\"caption-attachment-50214\" class=\"wp-image-50216 \" src=\"https:\/\/latamjournalismreview.org\/wp-content\/uploads\/2022\/02\/Captura-de-Pantalla-2022-02-21-a-las-9.58.08-p.m..png\" alt=\"Lourdes Maldonado foi registrada no Mecanismo de Prote\u00e7\u00e3o do Minist\u00e9rio do Interior. (Foto: Captura de tela do YouTube)\" width=\"441\" height=\"558\" srcset=\"https:\/\/latamjournalismreview.org\/wp-content\/uploads\/2022\/02\/Captura-de-Pantalla-2022-02-21-a-las-9.58.08-p.m..png 604w, https:\/\/latamjournalismreview.org\/wp-content\/uploads\/2022\/02\/Captura-de-Pantalla-2022-02-21-a-las-9.58.08-p.m.-237x300.png 237w\" sizes=\"auto, (max-width: 441px) 100vw, 441px\" \/><p id=\"caption-attachment-50214\" class=\"wp-caption-text\"><span style=\"vertical-align: inherit;\"><span style=\"vertical-align: inherit;\">Lourdes Maldonado foi registrada no Mecanismo de Prote\u00e7\u00e3o do Minist\u00e9rio do Interior. <\/span><span style=\"vertical-align: inherit;\">(Foto: Captura de tela do YouTube)<\/span><\/span><\/p><\/div>\n<p><strong><span style=\"vertical-align: inherit;\"><span style=\"vertical-align: inherit;\">Data:<\/span><\/span><\/strong><span style=\"vertical-align: inherit;\"><span style=\"vertical-align: inherit;\"> 23 de janeiro de 2022<\/span><\/span><\/p>\n<p><strong><span style=\"vertical-align: inherit;\"><span style=\"vertical-align: inherit;\">Nome:<\/span><\/span><\/strong><span style=\"vertical-align: inherit;\"><span style=\"vertical-align: inherit;\">\u00a0Maria de<\/span><\/span><strong>\u00a0<\/strong><span style=\"vertical-align: inherit;\"><span style=\"vertical-align: inherit;\">Lourdes Maldonado Lopez<\/span><\/span><\/p>\n<p><strong><span style=\"vertical-align: inherit;\"><span style=\"vertical-align: inherit;\">Idade:<\/span><\/span><\/strong><span style=\"vertical-align: inherit;\"><span style=\"vertical-align: inherit;\">\u00a067<\/span><\/span><\/p>\n<p><strong><span style=\"vertical-align: inherit;\"><span style=\"vertical-align: inherit;\">Local:<\/span><\/span><\/strong><span style=\"vertical-align: inherit;\"><span style=\"vertical-align: inherit;\"> Tijuana, Baixa Calif\u00f3rnia<\/span><\/span><\/p>\n<p><strong><span style=\"vertical-align: inherit;\"><span style=\"vertical-align: inherit;\">Ocupa\u00e7\u00e3o: <\/span><\/span><\/strong><span style=\"vertical-align: inherit;\"><span style=\"vertical-align: inherit;\">Jornalista freelancer<\/span><\/span><\/p>\n<p><strong><span style=\"vertical-align: inherit;\"><span style=\"vertical-align: inherit;\">Cobertura:<\/span><\/span><\/strong><span style=\"vertical-align: inherit;\"><span style=\"vertical-align: inherit;\">\u00a0Pol\u00edtica e corrup\u00e7\u00e3o local<\/span><\/span><\/p>\n<p><strong><span style=\"vertical-align: inherit;\"><span style=\"vertical-align: inherit;\">Ve\u00edculo:<\/span><\/span><\/strong><span style=\"vertical-align: inherit;\"><span style=\"vertical-align: inherit;\"> Conduzia o programa de internet \"Brebaje\" para a organiza\u00e7\u00e3o Sintoniza Sin Fronteiras<\/span><\/span><\/p>\n<p><strong><span style=\"vertical-align: inherit;\"><span style=\"vertical-align: inherit;\">Causa da morte:<\/span><\/span><\/strong><span style=\"vertical-align: inherit;\"><span style=\"vertical-align: inherit;\"> Ela estava em seu carro do lado de fora de sua casa quando um sujeito desceu de um t\u00e1xi, se aproximou e atirou nela.<\/span><\/span><\/p>\n<p><strong><span style=\"vertical-align: inherit;\"><span style=\"vertical-align: inherit;\">Outras informa\u00e7\u00f5es:<\/span><\/span><\/strong><span style=\"vertical-align: inherit;\"><span style=\"vertical-align: inherit;\"> Maldonado foi registrada no Mecanismo de Prote\u00e7\u00e3o do Minist\u00e9rio do Interior mexicano. <\/span><span style=\"vertical-align: inherit;\">Em 2019, ele participou de uma coletiva de imprensa do presidente Andr\u00e9s Manuel L\u00f3pez Obrador para pedir sua ajuda e expressar que temia por sua vida devido a uma disputa trabalhista que mantinha contra a rede PSN, de propriedade do ex-governador da Baixa Calif\u00f3rnia Jaime Bonilla. <\/span><span style=\"vertical-align: inherit;\">Dias antes de seu assassinato, a jornalista <\/span><\/span><a href=\"https:\/\/youtu.be\/yMV9PGAIA9Q\"><span style=\"vertical-align: inherit;\"><span style=\"vertical-align: inherit;\">havia anunciado em um v\u00eddeo<\/span><\/span><\/a><span style=\"vertical-align: inherit;\"><span style=\"vertical-align: inherit;\"> que havia vencido o julgamento.<\/span><\/span><\/p>\n<p>&nbsp;<\/p>\n<div id=\"attachment_50217\" style=\"width: 378px\" class=\"wp-caption alignleft\"><img loading=\"lazy\" decoding=\"async\" aria-describedby=\"caption-attachment-50217\" class=\"wp-image-50219 size-full\" src=\"https:\/\/latamjournalismreview.org\/wp-content\/uploads\/2022\/02\/272324767_5459198487443256_5329193692844543302_n.jpeg\" alt=\"Roberto Toledo foi cinegrafista e editor de v\u00eddeo do site de not\u00edcias Monitor Michoac\u00e1n. (Foto: Captura de tela do YouTube)\" width=\"368\" height=\"523\" srcset=\"https:\/\/latamjournalismreview.org\/wp-content\/uploads\/2022\/02\/272324767_5459198487443256_5329193692844543302_n.jpeg 368w, https:\/\/latamjournalismreview.org\/wp-content\/uploads\/2022\/02\/272324767_5459198487443256_5329193692844543302_n-211x300.jpeg 211w\" sizes=\"auto, (max-width: 368px) 100vw, 368px\" \/><p id=\"caption-attachment-50217\" class=\"wp-caption-text\"><span style=\"vertical-align: inherit;\"><span style=\"vertical-align: inherit;\">Roberto Toledo foi cinegrafista e editor de v\u00eddeo do site de not\u00edcias Monitor Michoac\u00e1n. <\/span><span style=\"vertical-align: inherit;\">(Foto: Captura de tela do YouTube)<\/span><\/span><\/p><\/div>\n<p><strong><span style=\"vertical-align: inherit;\"><span style=\"vertical-align: inherit;\">Data:<\/span><\/span><\/strong><span style=\"vertical-align: inherit;\"><span style=\"vertical-align: inherit;\"> 31 de janeiro de 2022<\/span><\/span><\/p>\n<p><strong><span style=\"vertical-align: inherit;\"><span style=\"vertical-align: inherit;\">Nome: <\/span><\/span><\/strong><span style=\"vertical-align: inherit;\"><span style=\"vertical-align: inherit;\">Roberto Toledo<\/span><\/span><\/p>\n<p><strong><span style=\"vertical-align: inherit;\"><span style=\"vertical-align: inherit;\">Idade: <\/span><\/span><\/strong><span style=\"vertical-align: inherit;\"><span style=\"vertical-align: inherit;\">55<\/span><\/span><\/p>\n<p><strong><span style=\"vertical-align: inherit;\"><span style=\"vertical-align: inherit;\">Localiza\u00e7\u00e3o:<\/span><\/span><\/strong><span style=\"vertical-align: inherit;\"><span style=\"vertical-align: inherit;\"> Zitacuaro, Michoac\u00e1n<\/span><\/span><\/p>\n<p><strong><span style=\"vertical-align: inherit;\"><span style=\"vertical-align: inherit;\">Ocupa\u00e7\u00e3o: <\/span><\/span><\/strong><span style=\"vertical-align: inherit;\"><span style=\"vertical-align: inherit;\">Cinegrafista e editor de v\u00eddeo<\/span><\/span><\/p>\n<p><strong><span style=\"vertical-align: inherit;\"><span style=\"vertical-align: inherit;\">Cobertura: <\/span><\/span><\/strong><span style=\"vertical-align: inherit;\"><span style=\"vertical-align: inherit;\">Not\u00edcias gerais locais<\/span><\/span><\/p>\n<p><strong><span style=\"vertical-align: inherit;\"><span style=\"vertical-align: inherit;\">Ve\u00edculo: <\/span><\/span><\/strong><a href=\"https:\/\/monitormichoacan.com\/\"><span style=\"vertical-align: inherit;\"><span style=\"vertical-align: inherit;\">Monitor Michoac\u00e1n<\/span><\/span><\/a><span style=\"vertical-align: inherit;\"><span style=\"vertical-align: inherit;\"> (nativo digital)<\/span><\/span><\/p>\n<p><strong><span style=\"vertical-align: inherit;\"><span style=\"vertical-align: inherit;\">Causa da morte:<\/span><\/span><\/strong><span style=\"vertical-align: inherit;\"><span style=\"vertical-align: inherit;\"> Ele recebeu uma s\u00e9rie de tiros de v\u00e1rios indiv\u00edduos quando saiu para atender a campainha. <\/span><span style=\"vertical-align: inherit;\">Ele estava no escrit\u00f3rio do advogado e colaborador do Monitor Michoac\u00e1n Joel Vera para gravar uma coluna de v\u00eddeo.<\/span><\/span><\/p>\n<p><strong><span style=\"vertical-align: inherit;\"><span style=\"vertical-align: inherit;\">Outras informa\u00e7\u00f5es:<\/span><\/span><\/strong><span style=\"vertical-align: inherit;\"><span style=\"vertical-align: inherit;\"> O Monitor Michoac\u00e1n, que cobre pol\u00edtica, crime e seguran\u00e7a na cidade de Zit\u00e1cuaro e seus arredores, recebeu amea\u00e7as de morte por causa das <\/span><\/span><a href=\"https:\/\/www.facebook.com\/MonitorMichoacan\/posts\/352599480201804\"><span style=\"vertical-align: inherit;\"><span style=\"vertical-align: inherit;\">cr\u00edticas a autoridades estaduais e municipais<\/span><\/span><\/a><span style=\"vertical-align: inherit;\"><span style=\"vertical-align: inherit;\">, disse o editor Armando Linares. <\/span><span style=\"vertical-align: inherit;\">N\u00e3o se sabe se Toledo foi o alvo do ataque ou se foi dirigido a Vera ou a outro membro do ve\u00edculo, <\/span><\/span><a href=\"https:\/\/cpj.org\/2022\/02\/roberto-toledo-is-fourth-mexican-journalist-killed-in-less-than-four-weeks\/\"><span style=\"vertical-align: inherit;\"><span style=\"vertical-align: inherit;\">disse o editor ao CPJ<\/span><\/span><\/a><span style=\"vertical-align: inherit;\"><span style=\"vertical-align: inherit;\">.<\/span><\/span><\/p>\n<p>&nbsp;<\/p>\n<p>&nbsp;<\/p>\n<div id=\"attachment_50220\" style=\"width: 357px\" class=\"wp-caption alignright\"><img loading=\"lazy\" decoding=\"async\" aria-describedby=\"caption-attachment-50220\" class=\"wp-image-50222 \" src=\"https:\/\/latamjournalismreview.org\/wp-content\/uploads\/2022\/02\/167348499_3866880590028086_24778975953545753_n.jpeg\" alt=\"Heber L\u00f3pez estava na companhia de seu filho quando foi assassinado. (Foto: retirada do Facebook de Heber L\u00f3pez)\" width=\"347\" height=\"466\" srcset=\"https:\/\/latamjournalismreview.org\/wp-content\/uploads\/2022\/02\/167348499_3866880590028086_24778975953545753_n.jpeg 486w, https:\/\/latamjournalismreview.org\/wp-content\/uploads\/2022\/02\/167348499_3866880590028086_24778975953545753_n-224x300.jpeg 224w\" sizes=\"auto, (max-width: 347px) 100vw, 347px\" \/><p id=\"caption-attachment-50220\" class=\"wp-caption-text\"><span style=\"vertical-align: inherit;\"><span style=\"vertical-align: inherit;\">Heber L\u00f3pez estava na companhia de seu filho quando foi assassinado. <\/span><span style=\"vertical-align: inherit;\">(Foto: retirada do Facebook de Heber L\u00f3pez)<\/span><\/span><\/p><\/div>\n<p><strong><span style=\"vertical-align: inherit;\"><span style=\"vertical-align: inherit;\">Data: <\/span><\/span><\/strong><span style=\"vertical-align: inherit;\"><span style=\"vertical-align: inherit;\">10 de fevereiro de 2022<\/span><\/span><\/p>\n<p><strong><span style=\"vertical-align: inherit;\"><span style=\"vertical-align: inherit;\">Nome:<\/span><\/span><\/strong><span style=\"vertical-align: inherit;\"><span style=\"vertical-align: inherit;\"> Heber L\u00f3pez V\u00e1squez<\/span><\/span><\/p>\n<p><strong><span style=\"vertical-align: inherit;\"><span style=\"vertical-align: inherit;\">Idade: <\/span><\/span><\/strong><span style=\"vertical-align: inherit;\"><span style=\"vertical-align: inherit;\">42<\/span><\/span><\/p>\n<p><strong><span style=\"vertical-align: inherit;\"><span style=\"vertical-align: inherit;\">Local:<\/span><\/span><\/strong><span style=\"vertical-align: inherit;\"><span style=\"vertical-align: inherit;\"> Salina Cruz, Oaxaca<\/span><\/span><\/p>\n<p><strong><span style=\"vertical-align: inherit;\"><span style=\"vertical-align: inherit;\">Ocupa\u00e7\u00e3o: <\/span><\/span><\/strong><span style=\"vertical-align: inherit;\"><span style=\"vertical-align: inherit;\">Editor<\/span><\/span><\/p>\n<p><strong><span style=\"vertical-align: inherit;\"><span style=\"vertical-align: inherit;\">Cobertura: <\/span><\/span><\/strong><span style=\"vertical-align: inherit;\"><span style=\"vertical-align: inherit;\">Pol\u00edtica, corrup\u00e7\u00e3o e not\u00edcias gerais locais<\/span><\/span><\/p>\n<p><strong><span style=\"vertical-align: inherit;\"><span style=\"vertical-align: inherit;\">Ve\u00edculo: <\/span><\/span><\/strong><a href=\"http:\/\/rcpnoticias.com.mx\/\"><span style=\"vertical-align: inherit;\"><span style=\"vertical-align: inherit;\">RCP Noticias<\/span><\/span><\/a><span style=\"vertical-align: inherit;\"><span style=\"vertical-align: inherit;\"> (nativo digital) e\u00a0 <\/span><\/span><a href=\"https:\/\/www.facebook.com\/NoticiasWeb-636125043174386\"><span style=\"vertical-align: inherit;\"><span style=\"vertical-align: inherit;\">NoticiasWeb<\/span><\/span><\/a><span style=\"vertical-align: inherit;\"><span style=\"vertical-align: inherit;\"> (baseado em redes sociais)<\/span><\/span><\/p>\n<p><strong><span style=\"vertical-align: inherit;\"><span style=\"vertical-align: inherit;\">Causa da morte:<\/span><\/span><\/strong><span style=\"vertical-align: inherit;\"><span style=\"vertical-align: inherit;\"> Ele foi baleado por desconhecidos quando entrou em seu escrit\u00f3rio no porto de Salina Cruz. <\/span><span style=\"vertical-align: inherit;\">Ele estava na companhia de seu filho. <\/span><span style=\"vertical-align: inherit;\">Duas pessoas foram presas pouco tempo depois como suspeitas do crime.<\/span><\/span><\/p>\n<p><strong><span style=\"vertical-align: inherit;\"><span style=\"vertical-align: inherit;\">Outras informa\u00e7\u00f5es:<\/span><\/span><\/strong><span style=\"vertical-align: inherit;\"><span style=\"vertical-align: inherit;\"> Horas antes de seu assassinato, L\u00f3pez havia publicado <\/span><\/span><a href=\"https:\/\/www.facebook.com\/permalink.php?story_fbid=4897057433747771&amp;id=636125043174386\"><span style=\"vertical-align: inherit;\"><span style=\"vertical-align: inherit;\">um texto em que acusava um ex-funcion\u00e1rio municipal de corrup\u00e7\u00e3o<\/span><\/span><\/a><span style=\"vertical-align: inherit;\"><span style=\"vertical-align: inherit;\">. <\/span><span style=\"vertical-align: inherit;\">A organiza\u00e7\u00e3o Artigo 19 indicou que o jornalista havia denunciado ataques contra ele em 2019.<\/span><\/span><\/p>\n<p>&nbsp;<\/p>\n<p><strong><span style=\"vertical-align: inherit;\"><span style=\"vertical-align: inherit;\">Os que se salvaram<\/span><\/span><\/strong><\/p>\n<p>&nbsp;<\/p>\n<div id=\"attachment_50223\" style=\"width: 377px\" class=\"wp-caption alignright\"><img loading=\"lazy\" decoding=\"async\" aria-describedby=\"caption-attachment-50223\" class=\"wp-image-50225 \" src=\"https:\/\/latamjournalismreview.org\/wp-content\/uploads\/2022\/02\/Captura-de-Pantalla-2022-02-21-a-las-10.16.22-p.m..png\" alt=\"Jos\u00e9 Ignacio Santiago escapou ileso de um ataque armado em uma rodovia em Oaxaca. (Foto: Captura de tela do YouTube)\" width=\"367\" height=\"486\" srcset=\"https:\/\/latamjournalismreview.org\/wp-content\/uploads\/2022\/02\/Captura-de-Pantalla-2022-02-21-a-las-10.16.22-p.m..png 541w, https:\/\/latamjournalismreview.org\/wp-content\/uploads\/2022\/02\/Captura-de-Pantalla-2022-02-21-a-las-10.16.22-p.m.-226x300.png 226w\" sizes=\"auto, (max-width: 367px) 100vw, 367px\" \/><p id=\"caption-attachment-50223\" class=\"wp-caption-text\"><span style=\"vertical-align: inherit;\"><span style=\"vertical-align: inherit;\">Jos\u00e9 Ignacio Santiago escapou ileso de um ataque armado em uma rodovia em Oaxaca. <\/span><span style=\"vertical-align: inherit;\">(Foto: Captura de tela do YouTube)<\/span><\/span><\/p><\/div>\n<p><strong><span style=\"vertical-align: inherit;\"><span style=\"vertical-align: inherit;\">Data:\u00a0<\/span><\/span><\/strong><span style=\"vertical-align: inherit;\"><span style=\"vertical-align: inherit;\"> 26 de janeiro de 2022<\/span><\/span><\/p>\n<p><strong><span style=\"vertical-align: inherit;\"><span style=\"vertical-align: inherit;\">Nome: <\/span><\/span><\/strong><span style=\"vertical-align: inherit;\"><span style=\"vertical-align: inherit;\">Jos\u00e9 Ignacio Santiago Mart\u00ednez<\/span><\/span><\/p>\n<p><strong><span style=\"vertical-align: inherit;\"><span style=\"vertical-align: inherit;\">Localiza\u00e7\u00e3o:<\/span><\/span><\/strong><span style=\"vertical-align: inherit;\"><span style=\"vertical-align: inherit;\"> Regi\u00e3o Mixteca, Oaxaca<\/span><\/span><\/p>\n<p><strong><span style=\"vertical-align: inherit;\"><span style=\"vertical-align: inherit;\">Ocupa\u00e7\u00e3o: <\/span><\/span><\/strong><span style=\"vertical-align: inherit;\"><span style=\"vertical-align: inherit;\">Rep\u00f3rter e editor<\/span><\/span><\/p>\n<p><strong><span style=\"vertical-align: inherit;\"><span style=\"vertical-align: inherit;\">Cobertura:<\/span><\/span><\/strong><span style=\"vertical-align: inherit;\"><span style=\"vertical-align: inherit;\"> Pol\u00edcia e viol\u00eancia<\/span><\/span><\/p>\n<p><strong><span style=\"vertical-align: inherit;\"><span style=\"vertical-align: inherit;\">Ve\u00edculo: <\/span><\/span><\/strong><a href=\"https:\/\/www.facebook.com\/PlumaDigitalNoticias\/\"><span style=\"vertical-align: inherit;\"><span style=\"vertical-align: inherit;\">Caneta Digital<\/span><\/span><\/a><span style=\"vertical-align: inherit;\"><span style=\"vertical-align: inherit;\"> (baseado em redes sociais)<\/span><\/span><\/p>\n<p><strong><span style=\"vertical-align: inherit;\"><span style=\"vertical-align: inherit;\">Descri\u00e7\u00e3o do ataque:<\/span><\/span><\/strong><span style=\"vertical-align: inherit;\"><span style=\"vertical-align: inherit;\"> O jornalista viajava com seus acompanhantes em um ve\u00edculo para a cidade de Juchit\u00e1n, quando perceberam que alguns indiv\u00edduos com armas longas os seguiam em um t\u00e1xi. <\/span><span style=\"vertical-align: inherit;\">As escoltas manobraram para tentar fugir dos homens, que abriram fogo contra o ve\u00edculo em que Santiago viajava. <\/span><span style=\"vertical-align: inherit;\">Ningu\u00e9m ficou ferido.<\/span><\/span><\/p>\n<p><strong><span style=\"vertical-align: inherit;\"><span style=\"vertical-align: inherit;\">Outras informa\u00e7\u00f5es:<\/span><\/span><\/strong><span style=\"vertical-align: inherit;\"><span style=\"vertical-align: inherit;\"> Santiago tem guarda-costas como parte do Mecanismo de Prote\u00e7\u00e3o aos Jornalistas do Minist\u00e9rio do Interior, do qual faz parte.<\/span><\/span><\/p>\n<p>&nbsp;<\/p>\n<p>&nbsp;<\/p>\n<div id=\"attachment_50226\" style=\"width: 377px\" class=\"wp-caption alignleft\"><img loading=\"lazy\" decoding=\"async\" aria-describedby=\"caption-attachment-50226\" class=\"wp-image-50228 \" src=\"https:\/\/latamjournalismreview.org\/wp-content\/uploads\/2022\/02\/16178950_1206637456038702_3288747218996580455_o.jpeg\" alt=\"O Netzahualc\u00f3yotl Cordero possui um bot\u00e3o de p\u00e2nico como parte do mecanismo de prote\u00e7\u00e3o ao qual est\u00e1 registrado. (Foto: retirada do Facebook de Netzahualc\u00f3yotl Cordero)\" width=\"367\" height=\"503\" srcset=\"https:\/\/latamjournalismreview.org\/wp-content\/uploads\/2022\/02\/16178950_1206637456038702_3288747218996580455_o.jpeg 531w, https:\/\/latamjournalismreview.org\/wp-content\/uploads\/2022\/02\/16178950_1206637456038702_3288747218996580455_o-219x300.jpeg 219w\" sizes=\"auto, (max-width: 367px) 100vw, 367px\" \/><p id=\"caption-attachment-50226\" class=\"wp-caption-text\"><span style=\"vertical-align: inherit;\"><span style=\"vertical-align: inherit;\">Netzahualc\u00f3yotl Cordero possui um bot\u00e3o de p\u00e2nico como parte do mecanismo de prote\u00e7\u00e3o ao qual est\u00e1 registrado. <\/span><span style=\"vertical-align: inherit;\">(Foto: retirada do Facebook de Netzahualc\u00f3yotl Cordero)<\/span><\/span><\/p><\/div>\n<p><strong><span style=\"vertical-align: inherit;\"><span style=\"vertical-align: inherit;\">Data: <\/span><\/span><\/strong><span style=\"vertical-align: inherit;\"><span style=\"vertical-align: inherit;\">1\u00ba de fevereiro de 2022<\/span><\/span><\/p>\n<p><strong><span style=\"vertical-align: inherit;\"><span style=\"vertical-align: inherit;\">Nome: <\/span><\/span><\/strong><span style=\"vertical-align: inherit;\"><span style=\"vertical-align: inherit;\">Netzahualcoyotl Cordero Garc\u00eda<\/span><\/span><\/p>\n<p><strong><span style=\"vertical-align: inherit;\"><span style=\"vertical-align: inherit;\">Local:<\/span><\/span><\/strong><span style=\"vertical-align: inherit;\"><span style=\"vertical-align: inherit;\"> Isla Mujeres, Quintana Roo<\/span><\/span><\/p>\n<p><strong><span style=\"vertical-align: inherit;\"><span style=\"vertical-align: inherit;\">Ocupa\u00e7\u00e3o:<\/span><\/span><\/strong><span style=\"vertical-align: inherit;\"><span style=\"vertical-align: inherit;\">\u00a0Rep\u00f3rter e editor<\/span><\/span><\/p>\n<p><strong><span style=\"vertical-align: inherit;\"><span style=\"vertical-align: inherit;\">Cobertura:<\/span><\/span><\/strong><span style=\"vertical-align: inherit;\"><span style=\"vertical-align: inherit;\">\u00a0Crime e Seguran\u00e7a<\/span><\/span><\/p>\n<p><strong><span style=\"vertical-align: inherit;\"><span style=\"vertical-align: inherit;\">Ve\u00edculo: <\/span><\/span><\/strong><a href=\"https:\/\/cgnoticias.net\/\"><span style=\"vertical-align: inherit;\"><span style=\"vertical-align: inherit;\">CGNoticias<\/span><\/span><\/a><span style=\"vertical-align: inherit;\"><span style=\"vertical-align: inherit;\"> (nativo digital)<\/span><\/span><\/p>\n<p><strong><span style=\"vertical-align: inherit;\"><span style=\"vertical-align: inherit;\">Descri\u00e7\u00e3o do ataque:<\/span><\/span><\/strong><span style=\"vertical-align: inherit;\"><span style=\"vertical-align: inherit;\"> Dois indiv\u00edduos entraram na casa de Cordero na \u00e1rea continental de Isla Mujeres, no limite com Canc\u00fan. <\/span><span style=\"vertical-align: inherit;\">Um deles apontou uma arma para ele e lhe disse \"jornalista, eu vim atr\u00e1s de voc\u00ea\". <\/span><span style=\"vertical-align: inherit;\">Quando o agressor estava pronto para apertar o gatilho, Cordero levantou o bra\u00e7o que segurava a arma e, com a outra m\u00e3o, apertou um bot\u00e3o de p\u00e2nico para chamar a Guarda Nacional. <\/span><span style=\"vertical-align: inherit;\">Vizinhos ouviram o ataque e vieram ajudar o jornalista a conter o agressor, que acabou hospitalizado por espancamentos.<\/span><\/span><\/p>\n<p><strong><span style=\"vertical-align: inherit;\"><span style=\"vertical-align: inherit;\">Outras informa\u00e7\u00f5es:<\/span><\/span><\/strong><span style=\"vertical-align: inherit;\"><span style=\"vertical-align: inherit;\"> Cordero tem um bot\u00e3o de p\u00e2nico para alertar as autoridades porque faz parte do Mecanismo Federal de Prote\u00e7\u00e3o aos Jornalistas, por ter recebido amea\u00e7as anteriormente.<\/span><\/span><\/p>\n<p>&nbsp;<\/p>\n<div id=\"attachment_50229\" style=\"width: 346px\" class=\"wp-caption alignright\"><img loading=\"lazy\" decoding=\"async\" aria-describedby=\"caption-attachment-50229\" class=\"wp-image-50231 \" src=\"https:\/\/latamjournalismreview.org\/wp-content\/uploads\/2022\/02\/FL__WfGVUAIukbV.jpeg\" alt=\"Juan Carlos Fabi\u00e1n Cruz saiu ileso do ataque, mas seu familiar ficou ferido. (Foto: retirada do Twitter de Juan Carlos Fabi\u00e1n)\" width=\"336\" height=\"505\" srcset=\"https:\/\/latamjournalismreview.org\/wp-content\/uploads\/2022\/02\/FL__WfGVUAIukbV.jpeg 570w, https:\/\/latamjournalismreview.org\/wp-content\/uploads\/2022\/02\/FL__WfGVUAIukbV-200x300.jpeg 200w\" sizes=\"auto, (max-width: 336px) 100vw, 336px\" \/><p id=\"caption-attachment-50229\" class=\"wp-caption-text\"><span style=\"vertical-align: inherit;\"><span style=\"vertical-align: inherit;\">Juan Carlos Fabi\u00e1n Cruz saiu ileso do ataque, mas seu familiar ficou ferido. <\/span><span style=\"vertical-align: inherit;\">(Foto: retirada do Twitter de Juan Carlos Fabi\u00e1n)<\/span><\/span><\/p><\/div>\n<p><strong><span style=\"vertical-align: inherit;\"><span style=\"vertical-align: inherit;\">Data:<\/span><\/span><\/strong><span style=\"vertical-align: inherit;\"><span style=\"vertical-align: inherit;\">\u00a016 de fevereiro de 2022<\/span><\/span><\/p>\n<p><strong><span style=\"vertical-align: inherit;\"><span style=\"vertical-align: inherit;\">Nome: <\/span><\/span><\/strong><span style=\"vertical-align: inherit;\"><span style=\"vertical-align: inherit;\">Juan Carlos Fabiano Cruz<\/span><\/span><\/p>\n<p><strong><span style=\"vertical-align: inherit;\"><span style=\"vertical-align: inherit;\">Local:<\/span><\/span><\/strong><span style=\"vertical-align: inherit;\"><span style=\"vertical-align: inherit;\"> Santa Maria Tonameca, Oaxaca<\/span><\/span><\/p>\n<p><strong><span style=\"vertical-align: inherit;\"><span style=\"vertical-align: inherit;\">Ocupa\u00e7\u00e3o: <\/span><\/span><\/strong><span style=\"vertical-align: inherit;\"><span style=\"vertical-align: inherit;\">Rep\u00f3rter e editor<\/span><\/span><\/p>\n<p><strong><span style=\"vertical-align: inherit;\"><span style=\"vertical-align: inherit;\">Cobertura: <\/span><\/span><\/strong><span style=\"vertical-align: inherit;\"><span style=\"vertical-align: inherit;\">Not\u00edcias locais<\/span><\/span><\/p>\n<p><strong><span style=\"vertical-align: inherit;\"><span style=\"vertical-align: inherit;\">Ve\u00edculo: <\/span><\/span><\/strong><a href=\"https:\/\/www.facebook.com\/ElSoldeTonameca\"><span style=\"vertical-align: inherit;\"><span style=\"vertical-align: inherit;\">El Sol de Tonameca<\/span><\/span><\/a><span style=\"vertical-align: inherit;\"><span style=\"vertical-align: inherit;\"> (baseado em redes sociais)<\/span><\/span><\/p>\n<p><strong><span style=\"vertical-align: inherit;\"><span style=\"vertical-align: inherit;\">Descri\u00e7\u00e3o do ataque:<\/span><\/span><\/strong><span style=\"vertical-align: inherit;\"><span style=\"vertical-align: inherit;\"> Indiv\u00edduos que ingeriam bebidas alco\u00f3licas na rua acusaram o jornalista de grav\u00e1-los sem seu consentimento. <\/span><span style=\"vertical-align: inherit;\">Dois deles entraram na casa da m\u00e3e de Fabi\u00e1n e seu companheiro, um deles com uma arma. <\/span><span style=\"vertical-align: inherit;\">O companheiro da m\u00e3e da v\u00edtima interveio para tentar tirar a arma do agressor, que efetuou v\u00e1rios disparos. <\/span><span style=\"vertical-align: inherit;\">O companheiro da m\u00e3e do jornalista ficou ferido.<\/span><\/span><\/p>\n<p><strong><span style=\"vertical-align: inherit;\"><span style=\"vertical-align: inherit;\">Outras informa\u00e7\u00f5es:<\/span><\/span><\/strong><span style=\"vertical-align: inherit;\"><span style=\"vertical-align: inherit;\"> Santiago apresentou uma queixa ao Minist\u00e9rio P\u00fablico de Oaxaca por tentativa de homic\u00eddio e les\u00e3o corporal. <\/span><span style=\"vertical-align: inherit;\">No entanto, acusou o Minist\u00e9rio P\u00fablico de n\u00e3o ter colhido seu depoimento e apenas o do suposto agressor, que foi detido.<\/span><\/span><\/p>\n","protected":false},"excerpt":{"rendered":"<p>Os comunicadores v\u00edtimas da onda de viol\u00eancia no in\u00edcio de 2022 t\u00eam denominadores em comum, como serem independentes ou trabalharem em projetos nativos digitais pr\u00f3prios sobre assuntos locais de pol\u00edtica, seguran\u00e7a e corrup\u00e7\u00e3o.<\/p>\n","protected":false},"author":19,"featured_media":50235,"comment_status":"closed","ping_status":"closed","sticky":false,"template":"","format":"standard","meta":{"inline_featured_image":false,"footnotes":""},"categories":[1221],"tags":[1552,1394,1615],"coauthors":[],"class_list":["post-50295","post","type-post","status-publish","format-standard","has-post-thumbnail","hentry","category-violencia-contra-jornalistas-pt-br","tag-assassinatos-de-jornalistas-pt-br","tag-mexico-pt-br","tag-violencia-contra-jornalistas-pt-br"],"acf":[],"yoast_head":"<!-- This site is optimized with the Yoast SEO Premium plugin v22.6 (Yoast SEO v27.4) - https:\/\/yoast.com\/product\/yoast-seo-premium-wordpress\/ -->\n<title>Quem eram os jornalistas assassinados no M\u00e9xico neste ano? - LatAm Journalism Review by the Knight Center<\/title>\n<meta name=\"description\" content=\"Quem eram os jornalistas assassinados no M\u00e9xico neste ano? Viol\u00eancia contra jornalistas. Latin American Journalism Review by The Knight Center at The University of Texas at Austin.\" \/>\n<meta name=\"robots\" content=\"index, follow, max-snippet:-1, max-image-preview:large, max-video-preview:-1\" \/>\n<link rel=\"canonical\" href=\"https:\/\/latamjournalismreview.org\/pt-br\/articles\/quem-eram-os-jornalistas-assassinados-no-mexico-neste-ano\/\" \/>\n<meta property=\"og:locale\" content=\"pt_BR\" \/>\n<meta property=\"og:type\" content=\"article\" \/>\n<meta property=\"og:title\" content=\"Quem eram os jornalistas assassinados no M\u00e9xico neste ano?\" \/>\n<meta property=\"og:description\" content=\"Quem eram os jornalistas assassinados no M\u00e9xico neste ano? Viol\u00eancia contra jornalistas. Latin American Journalism Review by The Knight Center at The University of Texas at Austin.\" \/>\n<meta property=\"og:url\" content=\"https:\/\/latamjournalismreview.org\/pt-br\/articles\/quem-eram-os-jornalistas-assassinados-no-mexico-neste-ano\/\" \/>\n<meta property=\"og:site_name\" content=\"LatAm Journalism Review by the Knight Center\" \/>\n<meta property=\"article:published_time\" content=\"2022-02-23T06:37:12+00:00\" \/>\n<meta property=\"article:modified_time\" content=\"2022-02-23T06:40:47+00:00\" \/>\n<meta property=\"og:image\" content=\"https:\/\/latamjournalismreview.org\/wp-content\/uploads\/2022\/02\/F829B2CB-30B3-4A58-A810-EFDBA19D39A9.jpg\" \/>\n\t<meta property=\"og:image:width\" content=\"2048\" \/>\n\t<meta property=\"og:image:height\" content=\"1489\" \/>\n\t<meta property=\"og:image:type\" content=\"image\/jpeg\" \/>\n<meta name=\"author\" content=\"C\u00e9sar L\u00f3pez Linares\" \/>\n<meta name=\"twitter:card\" content=\"summary_large_image\" \/>\n<meta name=\"twitter:creator\" content=\"@cesarisch\" \/>\n<meta name=\"twitter:site\" content=\"@LatAmJournalism\" \/>\n<meta name=\"twitter:label1\" content=\"Written by\" \/>\n\t<meta name=\"twitter:data1\" content=\"C\u00e9sar L\u00f3pez Linares\" \/>\n\t<meta name=\"twitter:label2\" content=\"Est. reading time\" \/>\n\t<meta name=\"twitter:data2\" content=\"8 minutos\" \/>\n<script type=\"application\/ld+json\" class=\"yoast-schema-graph\">{\"@context\":\"https:\\\/\\\/schema.org\",\"@graph\":[{\"@type\":\"Article\",\"@id\":\"https:\\\/\\\/latamjournalismreview.org\\\/pt-br\\\/articles\\\/quem-eram-os-jornalistas-assassinados-no-mexico-neste-ano\\\/#article\",\"isPartOf\":{\"@id\":\"https:\\\/\\\/latamjournalismreview.org\\\/pt-br\\\/articles\\\/quem-eram-os-jornalistas-assassinados-no-mexico-neste-ano\\\/\"},\"author\":{\"name\":\"C\u00e9sar L\u00f3pez Linares\",\"@id\":\"https:\\\/\\\/latamjournalismreview.org\\\/pt-br\\\/#\\\/schema\\\/person\\\/dcf6dcdd6226ac8d939e2796645d17c6\"},\"headline\":\"Quem eram os jornalistas assassinados no M\u00e9xico neste ano?\",\"datePublished\":\"2022-02-23T06:37:12+00:00\",\"dateModified\":\"2022-02-23T06:40:47+00:00\",\"mainEntityOfPage\":{\"@id\":\"https:\\\/\\\/latamjournalismreview.org\\\/pt-br\\\/articles\\\/quem-eram-os-jornalistas-assassinados-no-mexico-neste-ano\\\/\"},\"wordCount\":1698,\"publisher\":{\"@id\":\"https:\\\/\\\/latamjournalismreview.org\\\/pt-br\\\/#organization\"},\"image\":{\"@id\":\"https:\\\/\\\/latamjournalismreview.org\\\/pt-br\\\/articles\\\/quem-eram-os-jornalistas-assassinados-no-mexico-neste-ano\\\/#primaryimage\"},\"thumbnailUrl\":\"https:\\\/\\\/latamjournalismreview.org\\\/wp-content\\\/uploads\\\/2022\\\/02\\\/F829B2CB-30B3-4A58-A810-EFDBA19D39A9.jpg\",\"keywords\":[\"Assassinatos de jornalistas\",\"M\u00e9xico\",\"Viol\u00eancia contra jornalistas\"],\"articleSection\":[\"Viol\u00eancia contra jornalistas\"],\"inLanguage\":\"pt-BR\"},{\"@type\":\"WebPage\",\"@id\":\"https:\\\/\\\/latamjournalismreview.org\\\/pt-br\\\/articles\\\/quem-eram-os-jornalistas-assassinados-no-mexico-neste-ano\\\/\",\"url\":\"https:\\\/\\\/latamjournalismreview.org\\\/pt-br\\\/articles\\\/quem-eram-os-jornalistas-assassinados-no-mexico-neste-ano\\\/\",\"name\":\"Quem eram os jornalistas assassinados no M\u00e9xico neste ano? - LatAm Journalism Review by the Knight Center\",\"isPartOf\":{\"@id\":\"https:\\\/\\\/latamjournalismreview.org\\\/pt-br\\\/#website\"},\"primaryImageOfPage\":{\"@id\":\"https:\\\/\\\/latamjournalismreview.org\\\/pt-br\\\/articles\\\/quem-eram-os-jornalistas-assassinados-no-mexico-neste-ano\\\/#primaryimage\"},\"image\":{\"@id\":\"https:\\\/\\\/latamjournalismreview.org\\\/pt-br\\\/articles\\\/quem-eram-os-jornalistas-assassinados-no-mexico-neste-ano\\\/#primaryimage\"},\"thumbnailUrl\":\"https:\\\/\\\/latamjournalismreview.org\\\/wp-content\\\/uploads\\\/2022\\\/02\\\/F829B2CB-30B3-4A58-A810-EFDBA19D39A9.jpg\",\"datePublished\":\"2022-02-23T06:37:12+00:00\",\"dateModified\":\"2022-02-23T06:40:47+00:00\",\"description\":\"Quem eram os jornalistas assassinados no M\u00e9xico neste ano? Viol\u00eancia contra jornalistas. Latin American Journalism Review by The Knight Center at The University of Texas at Austin.\",\"breadcrumb\":{\"@id\":\"https:\\\/\\\/latamjournalismreview.org\\\/pt-br\\\/articles\\\/quem-eram-os-jornalistas-assassinados-no-mexico-neste-ano\\\/#breadcrumb\"},\"inLanguage\":\"pt-BR\",\"potentialAction\":[{\"@type\":\"ReadAction\",\"target\":[\"https:\\\/\\\/latamjournalismreview.org\\\/pt-br\\\/articles\\\/quem-eram-os-jornalistas-assassinados-no-mexico-neste-ano\\\/\"]}]},{\"@type\":\"ImageObject\",\"inLanguage\":\"pt-BR\",\"@id\":\"https:\\\/\\\/latamjournalismreview.org\\\/pt-br\\\/articles\\\/quem-eram-os-jornalistas-assassinados-no-mexico-neste-ano\\\/#primaryimage\",\"url\":\"https:\\\/\\\/latamjournalismreview.org\\\/wp-content\\\/uploads\\\/2022\\\/02\\\/F829B2CB-30B3-4A58-A810-EFDBA19D39A9.jpg\",\"contentUrl\":\"https:\\\/\\\/latamjournalismreview.org\\\/wp-content\\\/uploads\\\/2022\\\/02\\\/F829B2CB-30B3-4A58-A810-EFDBA19D39A9.jpg\",\"width\":2048,\"height\":1489,\"caption\":\"Periodistas asesinados\"},{\"@type\":\"BreadcrumbList\",\"@id\":\"https:\\\/\\\/latamjournalismreview.org\\\/pt-br\\\/articles\\\/quem-eram-os-jornalistas-assassinados-no-mexico-neste-ano\\\/#breadcrumb\",\"itemListElement\":[{\"@type\":\"ListItem\",\"position\":1,\"name\":\"Home\",\"item\":\"https:\\\/\\\/latamjournalismreview.org\\\/pt-br\\\/\"},{\"@type\":\"ListItem\",\"position\":2,\"name\":\"Quem eram os jornalistas assassinados no M\u00e9xico neste ano?\"}]},{\"@type\":\"WebSite\",\"@id\":\"https:\\\/\\\/latamjournalismreview.org\\\/pt-br\\\/#website\",\"url\":\"https:\\\/\\\/latamjournalismreview.org\\\/pt-br\\\/\",\"name\":\"LatAm Journalism Review\",\"description\":\"Digital magazine on journalism in Latin America\",\"publisher\":{\"@id\":\"https:\\\/\\\/latamjournalismreview.org\\\/pt-br\\\/#organization\"},\"potentialAction\":[{\"@type\":\"SearchAction\",\"target\":{\"@type\":\"EntryPoint\",\"urlTemplate\":\"https:\\\/\\\/latamjournalismreview.org\\\/pt-br\\\/?s={search_term_string}\"},\"query-input\":{\"@type\":\"PropertyValueSpecification\",\"valueRequired\":true,\"valueName\":\"search_term_string\"}}],\"inLanguage\":\"pt-BR\"},{\"@type\":\"Organization\",\"@id\":\"https:\\\/\\\/latamjournalismreview.org\\\/pt-br\\\/#organization\",\"name\":\"LatAm Journalism Review\",\"url\":\"https:\\\/\\\/latamjournalismreview.org\\\/pt-br\\\/\",\"logo\":{\"@type\":\"ImageObject\",\"inLanguage\":\"pt-BR\",\"@id\":\"https:\\\/\\\/latamjournalismreview.org\\\/pt-br\\\/#\\\/schema\\\/logo\\\/image\\\/\",\"url\":\"https:\\\/\\\/latamjournalismreview.org\\\/wp-content\\\/uploads\\\/2020\\\/05\\\/knight-latAm-review-logo.svg\",\"contentUrl\":\"https:\\\/\\\/latamjournalismreview.org\\\/wp-content\\\/uploads\\\/2020\\\/05\\\/knight-latAm-review-logo.svg\",\"width\":\"1024\",\"height\":\"1024\",\"caption\":\"LatAm Journalism Review\"},\"image\":{\"@id\":\"https:\\\/\\\/latamjournalismreview.org\\\/pt-br\\\/#\\\/schema\\\/logo\\\/image\\\/\"},\"sameAs\":[\"https:\\\/\\\/x.com\\\/LatAmJournalism\"]},{\"@type\":\"Person\",\"@id\":\"https:\\\/\\\/latamjournalismreview.org\\\/pt-br\\\/#\\\/schema\\\/person\\\/dcf6dcdd6226ac8d939e2796645d17c6\",\"name\":\"C\u00e9sar L\u00f3pez Linares\",\"description\":\"C\u00e9sar L\u00f3pez Linares began his career at the Mexican newspaper REFORMA as an entertainment and media co-editor. He has written for publications such as TODO Austin, Texas Music Magazine and The Austin Chronicle. C\u00e9sar has a Master's degree in Journalism from the University of Texas at Austin and a Bachelors degree in Communication from the National Autonomous University of Mexico. He previously wrote about innovation in journalism for the Gabo Foundation in Colombia and currently reports for the Knight Center's LatAmJournalism Review digital magazine. A native of Mexico City, C\u00e9sar has become a digital nomad combining content creation with his passion for travel. ________ C\u00e9sar L\u00f3pez Linares inici\u00f3 su carrera en el diario mexicano REFORMA como coeditor de entretenimiento y medios. Ha escrito para publicaciones como TODO Austin, Texas Music Magazine y The Austin Chronicle. C\u00e9sar tiene una Maestr\u00eda en Periodismo de la Universidad de Texas en Austin y una Licenciatura en Comunicaci\u00f3n de la Universidad Nacional Aut\u00f3noma de M\u00e9xico. Previamente escribi\u00f3 sobre innovaci\u00f3n en periodismo para la Fundaci\u00f3n Gabo en Colombia y actualmente escribe para la revista digital LatAmJournalism Review del Centro Knight. Originario de la Ciudad de M\u00e9xico, C\u00e9sar se ha convertido en un n\u00f3mada digital que combina la creaci\u00f3n de contenido con su pasi\u00f3n por viajar. _________ C\u00e9sar L\u00f3pez Linares come\u00e7ou sua carreira no jornal mexicano REFORMA como coeditor de entretenimento e m\u00eddia. Ele escreveu para publica\u00e7\u00f5es como TODO Austin, Texas Music Magazine e The Austin Chronicle. C\u00e9sar tem mestrado em jornalismo pela University of Texas em Austin e \u00e9 bacharel em comunica\u00e7\u00e3o pela Universidad Nacional Aut\u00f3noma de M\u00e9xico. Antes disso, ele escreveu sobre inova\u00e7\u00e3o no jornalismo para a Funda\u00e7\u00e3o Gabo na Col\u00f4mbia. Atualmente escreve para a revista digital LatAmJournalism Review do Centro Knight. Nascido na Cidade do M\u00e9xico, C\u00e9sar se tornou um n\u00f4made digital combinando a cria\u00e7\u00e3o de conte\u00fado com sua paix\u00e3o por viagens.\",\"sameAs\":[\"https:\\\/\\\/x.com\\\/cesarisch\"],\"url\":\"https:\\\/\\\/latamjournalismreview.org\\\/pt-br\\\/articles\\\/author\\\/cesar-lopez-linares\\\/\"}]}<\/script>\n<!-- \/ Yoast SEO Premium plugin. -->","yoast_head_json":{"title":"Quem eram os jornalistas assassinados no M\u00e9xico neste ano? - LatAm Journalism Review by the Knight Center","description":"Quem eram os jornalistas assassinados no M\u00e9xico neste ano? Viol\u00eancia contra jornalistas. Latin American Journalism Review by The Knight Center at The University of Texas at Austin.","robots":{"index":"index","follow":"follow","max-snippet":"max-snippet:-1","max-image-preview":"max-image-preview:large","max-video-preview":"max-video-preview:-1"},"canonical":"https:\/\/latamjournalismreview.org\/pt-br\/articles\/quem-eram-os-jornalistas-assassinados-no-mexico-neste-ano\/","og_locale":"pt_BR","og_type":"article","og_title":"Quem eram os jornalistas assassinados no M\u00e9xico neste ano?","og_description":"Quem eram os jornalistas assassinados no M\u00e9xico neste ano? Viol\u00eancia contra jornalistas. Latin American Journalism Review by The Knight Center at The University of Texas at Austin.","og_url":"https:\/\/latamjournalismreview.org\/pt-br\/articles\/quem-eram-os-jornalistas-assassinados-no-mexico-neste-ano\/","og_site_name":"LatAm Journalism Review by the Knight Center","article_published_time":"2022-02-23T06:37:12+00:00","article_modified_time":"2022-02-23T06:40:47+00:00","og_image":[{"width":2048,"height":1489,"url":"https:\/\/latamjournalismreview.org\/wp-content\/uploads\/2022\/02\/F829B2CB-30B3-4A58-A810-EFDBA19D39A9.jpg","type":"image\/jpeg"}],"author":"C\u00e9sar L\u00f3pez Linares","twitter_card":"summary_large_image","twitter_creator":"@cesarisch","twitter_site":"@LatAmJournalism","twitter_misc":{"Written by":"C\u00e9sar L\u00f3pez Linares","Est. reading time":"8 minutos"},"schema":{"@context":"https:\/\/schema.org","@graph":[{"@type":"Article","@id":"https:\/\/latamjournalismreview.org\/pt-br\/articles\/quem-eram-os-jornalistas-assassinados-no-mexico-neste-ano\/#article","isPartOf":{"@id":"https:\/\/latamjournalismreview.org\/pt-br\/articles\/quem-eram-os-jornalistas-assassinados-no-mexico-neste-ano\/"},"author":{"name":"C\u00e9sar L\u00f3pez Linares","@id":"https:\/\/latamjournalismreview.org\/pt-br\/#\/schema\/person\/dcf6dcdd6226ac8d939e2796645d17c6"},"headline":"Quem eram os jornalistas assassinados no M\u00e9xico neste ano?","datePublished":"2022-02-23T06:37:12+00:00","dateModified":"2022-02-23T06:40:47+00:00","mainEntityOfPage":{"@id":"https:\/\/latamjournalismreview.org\/pt-br\/articles\/quem-eram-os-jornalistas-assassinados-no-mexico-neste-ano\/"},"wordCount":1698,"publisher":{"@id":"https:\/\/latamjournalismreview.org\/pt-br\/#organization"},"image":{"@id":"https:\/\/latamjournalismreview.org\/pt-br\/articles\/quem-eram-os-jornalistas-assassinados-no-mexico-neste-ano\/#primaryimage"},"thumbnailUrl":"https:\/\/latamjournalismreview.org\/wp-content\/uploads\/2022\/02\/F829B2CB-30B3-4A58-A810-EFDBA19D39A9.jpg","keywords":["Assassinatos de jornalistas","M\u00e9xico","Viol\u00eancia contra jornalistas"],"articleSection":["Viol\u00eancia contra jornalistas"],"inLanguage":"pt-BR"},{"@type":"WebPage","@id":"https:\/\/latamjournalismreview.org\/pt-br\/articles\/quem-eram-os-jornalistas-assassinados-no-mexico-neste-ano\/","url":"https:\/\/latamjournalismreview.org\/pt-br\/articles\/quem-eram-os-jornalistas-assassinados-no-mexico-neste-ano\/","name":"Quem eram os jornalistas assassinados no M\u00e9xico neste ano? - LatAm Journalism Review by the Knight Center","isPartOf":{"@id":"https:\/\/latamjournalismreview.org\/pt-br\/#website"},"primaryImageOfPage":{"@id":"https:\/\/latamjournalismreview.org\/pt-br\/articles\/quem-eram-os-jornalistas-assassinados-no-mexico-neste-ano\/#primaryimage"},"image":{"@id":"https:\/\/latamjournalismreview.org\/pt-br\/articles\/quem-eram-os-jornalistas-assassinados-no-mexico-neste-ano\/#primaryimage"},"thumbnailUrl":"https:\/\/latamjournalismreview.org\/wp-content\/uploads\/2022\/02\/F829B2CB-30B3-4A58-A810-EFDBA19D39A9.jpg","datePublished":"2022-02-23T06:37:12+00:00","dateModified":"2022-02-23T06:40:47+00:00","description":"Quem eram os jornalistas assassinados no M\u00e9xico neste ano? Viol\u00eancia contra jornalistas. Latin American Journalism Review by The Knight Center at The University of Texas at Austin.","breadcrumb":{"@id":"https:\/\/latamjournalismreview.org\/pt-br\/articles\/quem-eram-os-jornalistas-assassinados-no-mexico-neste-ano\/#breadcrumb"},"inLanguage":"pt-BR","potentialAction":[{"@type":"ReadAction","target":["https:\/\/latamjournalismreview.org\/pt-br\/articles\/quem-eram-os-jornalistas-assassinados-no-mexico-neste-ano\/"]}]},{"@type":"ImageObject","inLanguage":"pt-BR","@id":"https:\/\/latamjournalismreview.org\/pt-br\/articles\/quem-eram-os-jornalistas-assassinados-no-mexico-neste-ano\/#primaryimage","url":"https:\/\/latamjournalismreview.org\/wp-content\/uploads\/2022\/02\/F829B2CB-30B3-4A58-A810-EFDBA19D39A9.jpg","contentUrl":"https:\/\/latamjournalismreview.org\/wp-content\/uploads\/2022\/02\/F829B2CB-30B3-4A58-A810-EFDBA19D39A9.jpg","width":2048,"height":1489,"caption":"Periodistas asesinados"},{"@type":"BreadcrumbList","@id":"https:\/\/latamjournalismreview.org\/pt-br\/articles\/quem-eram-os-jornalistas-assassinados-no-mexico-neste-ano\/#breadcrumb","itemListElement":[{"@type":"ListItem","position":1,"name":"Home","item":"https:\/\/latamjournalismreview.org\/pt-br\/"},{"@type":"ListItem","position":2,"name":"Quem eram os jornalistas assassinados no M\u00e9xico neste ano?"}]},{"@type":"WebSite","@id":"https:\/\/latamjournalismreview.org\/pt-br\/#website","url":"https:\/\/latamjournalismreview.org\/pt-br\/","name":"LatAm Journalism Review","description":"Digital magazine on journalism in Latin America","publisher":{"@id":"https:\/\/latamjournalismreview.org\/pt-br\/#organization"},"potentialAction":[{"@type":"SearchAction","target":{"@type":"EntryPoint","urlTemplate":"https:\/\/latamjournalismreview.org\/pt-br\/?s={search_term_string}"},"query-input":{"@type":"PropertyValueSpecification","valueRequired":true,"valueName":"search_term_string"}}],"inLanguage":"pt-BR"},{"@type":"Organization","@id":"https:\/\/latamjournalismreview.org\/pt-br\/#organization","name":"LatAm Journalism Review","url":"https:\/\/latamjournalismreview.org\/pt-br\/","logo":{"@type":"ImageObject","inLanguage":"pt-BR","@id":"https:\/\/latamjournalismreview.org\/pt-br\/#\/schema\/logo\/image\/","url":"https:\/\/latamjournalismreview.org\/wp-content\/uploads\/2020\/05\/knight-latAm-review-logo.svg","contentUrl":"https:\/\/latamjournalismreview.org\/wp-content\/uploads\/2020\/05\/knight-latAm-review-logo.svg","width":"1024","height":"1024","caption":"LatAm Journalism Review"},"image":{"@id":"https:\/\/latamjournalismreview.org\/pt-br\/#\/schema\/logo\/image\/"},"sameAs":["https:\/\/x.com\/LatAmJournalism"]},{"@type":"Person","@id":"https:\/\/latamjournalismreview.org\/pt-br\/#\/schema\/person\/dcf6dcdd6226ac8d939e2796645d17c6","name":"C\u00e9sar L\u00f3pez Linares","description":"C\u00e9sar L\u00f3pez Linares began his career at the Mexican newspaper REFORMA as an entertainment and media co-editor. He has written for publications such as TODO Austin, Texas Music Magazine and The Austin Chronicle. C\u00e9sar has a Master's degree in Journalism from the University of Texas at Austin and a Bachelors degree in Communication from the National Autonomous University of Mexico. He previously wrote about innovation in journalism for the Gabo Foundation in Colombia and currently reports for the Knight Center's LatAmJournalism Review digital magazine. A native of Mexico City, C\u00e9sar has become a digital nomad combining content creation with his passion for travel. ________ C\u00e9sar L\u00f3pez Linares inici\u00f3 su carrera en el diario mexicano REFORMA como coeditor de entretenimiento y medios. Ha escrito para publicaciones como TODO Austin, Texas Music Magazine y The Austin Chronicle. C\u00e9sar tiene una Maestr\u00eda en Periodismo de la Universidad de Texas en Austin y una Licenciatura en Comunicaci\u00f3n de la Universidad Nacional Aut\u00f3noma de M\u00e9xico. Previamente escribi\u00f3 sobre innovaci\u00f3n en periodismo para la Fundaci\u00f3n Gabo en Colombia y actualmente escribe para la revista digital LatAmJournalism Review del Centro Knight. Originario de la Ciudad de M\u00e9xico, C\u00e9sar se ha convertido en un n\u00f3mada digital que combina la creaci\u00f3n de contenido con su pasi\u00f3n por viajar. _________ C\u00e9sar L\u00f3pez Linares come\u00e7ou sua carreira no jornal mexicano REFORMA como coeditor de entretenimento e m\u00eddia. Ele escreveu para publica\u00e7\u00f5es como TODO Austin, Texas Music Magazine e The Austin Chronicle. C\u00e9sar tem mestrado em jornalismo pela University of Texas em Austin e \u00e9 bacharel em comunica\u00e7\u00e3o pela Universidad Nacional Aut\u00f3noma de M\u00e9xico. Antes disso, ele escreveu sobre inova\u00e7\u00e3o no jornalismo para a Funda\u00e7\u00e3o Gabo na Col\u00f4mbia. Atualmente escreve para a revista digital LatAmJournalism Review do Centro Knight. Nascido na Cidade do M\u00e9xico, C\u00e9sar se tornou um n\u00f4made digital combinando a cria\u00e7\u00e3o de conte\u00fado com sua paix\u00e3o por viagens.","sameAs":["https:\/\/x.com\/cesarisch"],"url":"https:\/\/latamjournalismreview.org\/pt-br\/articles\/author\/cesar-lopez-linares\/"}]}},"_links":{"self":[{"href":"https:\/\/latamjournalismreview.org\/pt-br\/wp-json\/wp\/v2\/posts\/50295","targetHints":{"allow":["GET"]}}],"collection":[{"href":"https:\/\/latamjournalismreview.org\/pt-br\/wp-json\/wp\/v2\/posts"}],"about":[{"href":"https:\/\/latamjournalismreview.org\/pt-br\/wp-json\/wp\/v2\/types\/post"}],"author":[{"embeddable":true,"href":"https:\/\/latamjournalismreview.org\/pt-br\/wp-json\/wp\/v2\/users\/19"}],"replies":[{"embeddable":true,"href":"https:\/\/latamjournalismreview.org\/pt-br\/wp-json\/wp\/v2\/comments?post=50295"}],"version-history":[{"count":4,"href":"https:\/\/latamjournalismreview.org\/pt-br\/wp-json\/wp\/v2\/posts\/50295\/revisions"}],"predecessor-version":[{"id":50299,"href":"https:\/\/latamjournalismreview.org\/pt-br\/wp-json\/wp\/v2\/posts\/50295\/revisions\/50299"}],"wp:featuredmedia":[{"embeddable":true,"href":"https:\/\/latamjournalismreview.org\/pt-br\/wp-json\/wp\/v2\/media\/50235"}],"wp:attachment":[{"href":"https:\/\/latamjournalismreview.org\/pt-br\/wp-json\/wp\/v2\/media?parent=50295"}],"wp:term":[{"taxonomy":"category","embeddable":true,"href":"https:\/\/latamjournalismreview.org\/pt-br\/wp-json\/wp\/v2\/categories?post=50295"},{"taxonomy":"post_tag","embeddable":true,"href":"https:\/\/latamjournalismreview.org\/pt-br\/wp-json\/wp\/v2\/tags?post=50295"},{"taxonomy":"author","embeddable":true,"href":"https:\/\/latamjournalismreview.org\/pt-br\/wp-json\/wp\/v2\/coauthors?post=50295"}],"curies":[{"name":"wp","href":"https:\/\/api.w.org\/{rel}","templated":true}]}}