{"id":54011,"date":"2022-05-17T14:26:02","date_gmt":"2022-05-17T19:26:02","guid":{"rendered":"https:\/\/latamjournalismreview.org\/?p=54011"},"modified":"2022-05-17T14:26:02","modified_gmt":"2022-05-17T19:26:02","slug":"connectas-completa-10-anos-e-celebra-consolidacao-do-jornalismo-colaborativo-transnacional-na-america-latina","status":"publish","type":"post","link":"https:\/\/latamjournalismreview.org\/pt-br\/articles\/connectas-completa-10-anos-e-celebra-consolidacao-do-jornalismo-colaborativo-transnacional-na-america-latina\/","title":{"rendered":"CONNECTAS completa 10 anos e celebra consolida\u00e7\u00e3o do jornalismo colaborativo transnacional na Am\u00e9rica Latina"},"content":{"rendered":"<p>Em 2011, o jornalista colombiano Carlos Eduardo Huertas<a href=\"https:\/\/latamjournalismreview.org\/pt-br\/articles\/jornalista-colombiano-carlos-huertas-planeja-promover-o-jornalismo-transnacional-como-bolsista-nieman-em-harvard-entrevista\/\"> falou sobre seus planos de criar um centro de jornalismo transnacional\u00a0<\/a>na Am\u00e9rica Latina ao blog Jornalismo nas Am\u00e9ricas do Centro Knight, precursor da<strong> LatAm Journalism Review (LJR)<\/strong>. Ele colocou seus planos em pr\u00e1tica no ano seguinte e hoje, dez anos depois, celebra o sucesso de sua empreitada na\u00a0<a href=\"https:\/\/www.connectas.org\/\">CONNECTAS<\/a>, autointitulada \u201cplataforma para o jornalismo nas Am\u00e9ricas\u201d, e do modelo de jornalismo colaborativo transnacional impulsionado pela iniciativa na regi\u00e3o.<\/p>\n<p>Huertas desenvolveu seu projeto durante um per\u00edodo como bolsista Nieman na Universidade de Harvard, nos Estados Unidos, depois de mais de uma d\u00e9cada dedicada ao jornalismo investigativo na Col\u00f4mbia. \u201cH\u00e1 temas que aparentemente s\u00e3o locais, mas conforme as investiga\u00e7\u00f5es se aprofundam, surgem conex\u00f5es transnacionais\u201d,\u00a0<a href=\"https:\/\/latamjournalismreview.org\/pt-br\/articles\/jornalista-colombiano-carlos-huertas-planeja-promover-o-jornalismo-transnacional-como-bolsista-nieman-em-harvard-entrevista\/\">disse ele naquela ocasi\u00e3o<\/a>. \u201cSe algu\u00e9m desde o in\u00edcio tivesse abordado a quest\u00e3o com um olhar n\u00e3o s\u00f3 local, mas com informa\u00e7\u00f5es nacionais e internacionais, certamente estas investiga\u00e7\u00f5es teriam tido um grande avan\u00e7o, uma utiliza\u00e7\u00e3o mais eficiente do tempo, e resultariam em uma investiga\u00e7\u00e3o mais completa.\u201d<\/p>\n<p>Em 2022, refletindo sobre a trajet\u00f3ria de CONNECTAS desde aquela entrevista, ele disse \u00e0\u00a0<strong>LJR\u00a0<\/strong>que \u201cum dos diferenciais de CONNECTAS \u00e9 precisamente que este olhar regional, hemisf\u00e9rico, est\u00e1 em seu DNA desde o primeiro momento\u201d.<\/p>\n<div id=\"attachment_54036\" style=\"width: 310px\" class=\"wp-caption alignleft\"><img loading=\"lazy\" decoding=\"async\" aria-describedby=\"caption-attachment-54036\" class=\"size-medium wp-image-54036\" src=\"https:\/\/latamjournalismreview.org\/wp-content\/uploads\/2022\/05\/51990541303_ebfca1a0c4_c-300x200.jpg\" alt=\"Carlos Eduardo Huertas, standing and holding a microphone during a presentation\" width=\"300\" height=\"200\" srcset=\"https:\/\/latamjournalismreview.org\/wp-content\/uploads\/2022\/05\/51990541303_ebfca1a0c4_c-300x200.jpg 300w, https:\/\/latamjournalismreview.org\/wp-content\/uploads\/2022\/05\/51990541303_ebfca1a0c4_c-768x512.jpg 768w, https:\/\/latamjournalismreview.org\/wp-content\/uploads\/2022\/05\/51990541303_ebfca1a0c4_c-507x340.jpg 507w, https:\/\/latamjournalismreview.org\/wp-content\/uploads\/2022\/05\/51990541303_ebfca1a0c4_c-350x234.jpg 350w, https:\/\/latamjournalismreview.org\/wp-content\/uploads\/2022\/05\/51990541303_ebfca1a0c4_c.jpg 799w\" sizes=\"auto, (max-width: 300px) 100vw, 300px\" \/><p id=\"caption-attachment-54036\" class=\"wp-caption-text\">Carlos Eduardo Huertas, fundador e diretor de CONNECTAS (Patricia Lim\/Centro Knight)<\/p><\/div>\n<p>\u201cDesde o come\u00e7o, um de nossos prop\u00f3sitos era fazer o que chamamos de cumplicidades jornal\u00edsticas, que surgem da empatia natural que h\u00e1 entre os latino-americanos e que permite que em muito pouco tempo surjam amizades e camaradagens naturais; que isso se transforme do\u00a0<i>party factor\u00a0<\/i>ao\u00a0<i>working factor<\/i>\u201d, explicou Huertas, diretor da plataforma. \u201cCONNECTAS tem apoiado a gera\u00e7\u00e3o de metodologias, processos e estrat\u00e9gias para propiciar que as coisas aconte\u00e7am, porque no fim das contas \u00e9 isso que nos interessa, e nisso acredito que temos tido uma cota importante de contribui\u00e7\u00e3o como refer\u00eancia da transforma\u00e7\u00e3o da colabora\u00e7\u00e3o no jornalismo neste per\u00edodo.\u201d<\/p>\n<p>Ao longo dos anos, a iniciativa foi colocando em pr\u00e1tica diferentes maneiras de cumprir seu prop\u00f3sito: apoio editorial e financeiro \u00e0 produ\u00e7\u00e3o das investiga\u00e7\u00f5es por meio das\u00a0<a href=\"https:\/\/www.connectas.org\/connectas-lab\/oportunidades\/becas-produccion-periodista-connectas-2022\/\">Bolsas de Produ\u00e7\u00e3o Jornal\u00edstica<\/a>; cria\u00e7\u00e3o de uma reda\u00e7\u00e3o regional virtual, a\u00a0<a href=\"https:\/\/www.connectas.org\/connectas-hub\/\">CONNECTASHub<\/a>, que re\u00fane mais de 130 jornalistas em 19 pa\u00edses das Am\u00e9ricas dispostos a colaborar entre si; o\u00a0<a href=\"https:\/\/www.connectas.org\/connectas-lab\/\">CONNECTASLab<\/a>, que disponibiliza ferramentas e oportunidades de forma\u00e7\u00e3o e reflex\u00e3o sobre o of\u00edcio jornal\u00edstico; a\u00a0<a href=\"https:\/\/www.connectas.org\/escuela-virtual-connectas-2022\/\">Escola Virtual CONNECTAS<\/a>, um curso gratuito que forma jornalistas na metodologia de investiga\u00e7\u00e3o desenvolvida pela plataforma; e um Programa Intensivo de Forma\u00e7\u00e3o de Editores, que\u00a0<a href=\"https:\/\/www.connectas.org\/eventos\/programa-editores-connectas-2022\/\">realizou sua segunda edi\u00e7\u00e3o neste ano<\/a> presencialmente em Bogot\u00e1.<\/p>\n<p>Ao cobrir a Am\u00e9rica Latina de maneira descentralizada e manter abertas as portas para qualquer jornalista da regi\u00e3o que esteja disposta a contribuir e colaborar segundo a metodologia da plataforma, CONNECTAS tem conseguido cumprir com um de seus objetivos iniciais, que era \u201cromper a endogamia que h\u00e1 no jornalismo latino-americano\u201d, disse Huertas.<\/p>\n<p>\u201cOs pa\u00edses s\u00e3o em geral de natureza centralista e as oportunidades se concentram principalmente nos grandes meios ou nos sobrenomes, nos nomes de refer\u00eancia. N\u00f3s acreditamos que nesse of\u00edcio o que importa \u00e9 uma boa hist\u00f3ria impulsionada por um jornalista apaixonado, valente, independente, com vontade de levar adiante este processo\u201d, explicou ele. \u201cSeguramente haver\u00e1 necessidade de fortalecer algumas capacidades, de apoiar para que esta hist\u00f3ria esteja ali e bom, \u00e9 isso que fazemos desde CONNECTAS. Propiciamos e facilitamos tudo para que estas boas hist\u00f3rias que est\u00e3o debaixo de muitas pedras na Am\u00e9rica Latina, nas regi\u00f5es mais desconhecidas, nos jornalistas que n\u00e3o necessariamente pertencem aos c\u00edrculos habituais do jornalismo de renome, possam encontrar em uma organiza\u00e7\u00e3o como CONNECTAS um espa\u00e7o onde possam brilhar e ser parte de algo maior.\u201d<\/p>\n<h3>Contribui\u00e7\u00e3o coletiva<\/h3>\n<p>Segundo Huertas, desde seu princ\u00edpio CONNECTAS se concentra em \u201cconectar saberes, capacidades, coragens para contar as hist\u00f3rias relevantes, transformadoras, de interesse p\u00fablico que est\u00e3o acontecendo nas Am\u00e9ricas\u201d.<\/p>\n<p>\u201cUma das marcas que t\u00eam caracterizado as investiga\u00e7\u00f5es de CONNECTAS \u00e9 a exposi\u00e7\u00e3o de abusos de poder\u201d, disse ele, acrescentando que, na Am\u00e9rica Latina, n\u00e3o se tratam apenas \u201cdos poderes tradicionais, democr\u00e1ticos, mas cada vez mais, infelizmente, h\u00e1 muitos poderes emergentes que t\u00eam a capacidade de afetar a vida dos cidad\u00e3os: poderes armados, poderes corruptos, poderes empresariais.\u201d<\/p>\n<p>Em dez anos, foram\u00a0<a href=\"https:\/\/www.connectas.org\/investigaciones-especiales\/\">cerca de 800 investiga\u00e7\u00f5es publicadas<\/a> e pelo menos\u00a0<a href=\"https:\/\/www.connectas.org\/reconocimientos\/\">62 pr\u00eamios em reconhecimento<\/a> \u00e0 excel\u00eancia jornal\u00edstica das reportagens. Entre os trabalhos premiados est\u00e3o\u00a0<a href=\"https:\/\/www.connectas.org\/ser-nino-en-el-triangulo-norte-y-desaparecer-el-salvador\/\">\u201cSer ni\u00f1o en el Tri\u00e1ngulo Norte y desaparecer\u201d<\/a>, sobre o desaparecimento de crian\u00e7as em El Salvador, Honduras e Guatemala; \u201c<a href=\"https:\/\/www.connectas.org\/pelota-sucia-la-silenciosa-trata-de-futbolistas-en-latinoamerica\/\">Pelota sucia: la silenciosa trata de futbolistas en Latinoam\u00e9rica<\/a>\u201d, sobre o tr\u00e1fico de pessoas que j\u00e1 capturou centenas de jovens colombianos, enganados por falsos empres\u00e1rios de futebol; \u201c<a href=\"https:\/\/www.connectas.org\/la-casa-blanca-de-pena-nieto-2\/\">La casa blanca de Pe\u00f1a Nieto<\/a>\u201d, sobre a mans\u00e3o de US$ 7 milh\u00f5es do ex-presidente mexicano Enrique Pe\u00f1a Nieto, constru\u00edda por uma empreiteira que venceu licita\u00e7\u00f5es para obras estatais sob seu governo; e as coberturas \u201c<a href=\"https:\/\/www.connectas.org\/especiales\/nicaragua-no-calla\/es\/\">#NicaraguaNoCalla<\/a>\u201d, com reportagens sobre o sufocamento da democracia no pa\u00eds centro-americano sob o governo de Daniel Ortega, e \u201c<a href=\"https:\/\/www.connectas.org\/huellasdelapandemia\/\">#HuellasDeLaPandemia<\/a>\u201d, sobre os impactos da pandemia de COVID-19 na Am\u00e9rica Latina.<\/p>\n<p>A jornalista venezuelana Lisseth Boon participou de alguns projetos realizados por interm\u00e9dio de CONNECTAS e que envolveram profissionais de diversos pa\u00edses investigando abusos de poder. Um deles, o projeto \u201c<a href=\"https:\/\/www.connectas.org\/especiales\/chavismo-inc\/index.html\">Chavismo Inc. Los engranajes del capitalismo bolivariano<\/a>\u201d, reuniu jornalistas de 11 pa\u00edses na investiga\u00e7\u00e3o dos fluxos de dinheiro sa\u00eddos da Venezuela, muitas vezes gra\u00e7as a conex\u00f5es com pessoas no poder. O trabalho foi o vencedor na categoria \u201cJornalismo em Profundidade\u201d do\u00a0<a href=\"https:\/\/media.sipiapa.org\/adjuntos\/185\/documentos\/001\/841\/0001841096.pdf\">pr\u00eamio da Sociedade Interamericana de Imprensa (SIP) \u00e0 Excel\u00eancia Jornal\u00edstica em 2021<\/a>.<\/p>\n<p>Boon \u00e9 coordenadora da unidade investigativa do meio digital\u00a0<a href=\"https:\/\/runrun.es\/\">Runrun.es<\/a> e dos projetos investigativos da\u00a0<a href=\"https:\/\/latamjournalismreview.org\/pt-br\/articles\/veiculos-digitais-da-venezuela-lancam-plataforma-de-jornalismo-colaborativo-para-unir-recursos-investigar-e-driblar-a-censura\/\">Alian\u00e7a Rebelde Investiga (ARI)<\/a>, formada pelos meios venezuelanos Runrun.es,\u00a0<a href=\"https:\/\/elpitazo.net\/\">El Pitazo<\/a> e\u00a0<a href=\"https:\/\/talcualdigital.com\/\">TalCual<\/a>. Sua hist\u00f3ria com CONNECTAS come\u00e7ou quando ela fez o curso da Escola Virtual e, ao fim da forma\u00e7\u00e3o, apresentou um projeto para sele\u00e7\u00e3o das Bolsas de Produ\u00e7\u00e3o Jornal\u00edstica da plataforma. O projeto dela foi selecionado e a partir de ent\u00e3o ela passou a fazer parte da comunidade #CONNECTASHub.<\/p>\n<p>\u201cSegui me formando em todas as oportunidades de forma\u00e7\u00e3o [promovidas pela plataforma], com os cursos que realizaram, e tamb\u00e9m participei como instrutora de alguns semin\u00e1rios e f\u00f3runs e dei cursos para a comunidade de CONNECTAS\u201d, disse Boon \u00e0\u00a0<strong>LJR<\/strong>, acrescentando que esta comunidade de jornalistas segue conectada por meio de um chat online e \u201cest\u00e1 em contato permanente\u201d.<\/p>\n<p>Ela disse ser muito grata a CONNECTAS pelas oportunidades de capacita\u00e7\u00e3o, de trabalhar com colegas de outros pa\u00edses e de contar com a assessoria editorial da plataforma na produ\u00e7\u00e3o das investiga\u00e7\u00f5es. \u201cE tamb\u00e9m pelo apoio econ\u00f4mico, com as bolsas de produ\u00e7\u00e3o para estas reportagens. Creio que esse apoio foi fundamental no meu caso e no caso da equipe que coordeno. Sem esse apoio dificilmente poder\u00edamos ter levado adiante estas reportagens\u201d, disse Boon.<\/p>\n<p>A jornalista tamb\u00e9m destacou a import\u00e2ncia da contribui\u00e7\u00e3o de cada profissional que participa das investiga\u00e7\u00f5es colaborativas. \u201cTodo o modelo CONNECTAS \u00e9 uma colabora\u00e7\u00e3o m\u00fatua, [que envolve] trabalhar muito em equipe e em colabora\u00e7\u00e3o nos projetos transnacionais nos quais n\u00e3o h\u00e1 protagonismo. A lideran\u00e7a \u00e9 bastante horizontal, porque todos, na hora da verdade, estamos contribuindo cada qual a partir de suas potencialidades e de seus recursos\u201d, afirmou.<\/p>\n<p>Boon considera que o jornalismo investigativo na Am\u00e9rica Latina mudou muito nos \u00faltimos dez anos, e que CONNECTAS teve um papel fundamental nessas mudan\u00e7as. \u201cNo apoio a equipes locais em diferentes pa\u00edses latino-americanos, para levar adiante estas investiga\u00e7\u00f5es em contextos dif\u00edceis, adversos, onde n\u00e3o h\u00e1 acesso \u00e0 informa\u00e7\u00e3o, tampouco h\u00e1 muitas oportunidades de capacita\u00e7\u00e3o ou de obter recursos para apoiar estas investiga\u00e7\u00f5es\u201d, exemplificou.<\/p>\n<p>Ela tamb\u00e9m avalia que hoje, no mundo todo e muito mais do que dez anos atr\u00e1s, se valoriza o trabalho colaborativo transnacional no jornalismo. \u201cAgora se reconhece que o trabalho em equipe tem muito mais transcend\u00eancia precisamente por abordar de diferentes perspectivas temas complexos, e tamb\u00e9m a integra\u00e7\u00e3o de equipes multidisciplinares, que ajudam a entender ou interpretar de maneira mais completa estes temas complexos\u201d, disse Boon. Isso implica desafios na hora de organizar e coordenar todos estes esfor\u00e7os, apontou ela, \u201cmas tamb\u00e9m acredito que foram adquiridas maiores capacidades para realizar estas investiga\u00e7\u00f5es transnacionais e colaborativas onde interv\u00eam muitos rep\u00f3rteres de diferentes culturas, metodologias e latitudes\u201d.<\/p>\n<h3>Os pr\u00f3ximos 10 anos<\/h3>\n<p>CONNECTAS tem celebrado seus dez anos com uma s\u00e9rie de atividades, que est\u00e3o sendo divulgadas nas redes sociais sob a hashtag\u00a0<a href=\"https:\/\/twitter.com\/hashtag\/CONNECTAS10A%C3%B1os?src=hashtag_click\">#CONNECTAS10A\u00d1OS<\/a>. Al\u00e9m de fortalecer a comunidade #CONNECTASHub e a comunidade jornal\u00edstica latino-americana por meio de novas oportunidades de capacita\u00e7\u00e3o, a plataforma est\u00e1 investindo na difus\u00e3o dos conte\u00fados, contou Huertas. Em 2022, CONNECTAS lan\u00e7ou uma\u00a0<a href=\"https:\/\/www.connectas.org\/newsletter-connectas-en\/\">newsletter em ingl\u00eas<\/a> e um\u00a0<a href=\"https:\/\/www.connectas.org\/podcast-connectas\/\">podcast semanal<\/a> em espanhol que explora as investiga\u00e7\u00f5es e an\u00e1lises publicadas pela plataforma. Outro objetivo neste ano \u00e9 oferecer tamb\u00e9m em portugu\u00eas o curso da Escola Virtual, hoje dispon\u00edvel em espanhol, franc\u00eas em ingl\u00eas.<\/p>\n<p>Para os pr\u00f3ximos dez anos, os planos s\u00e3o os mesmos desde o primeiro momento, disse Huertas. \u201cTrabalhar dia a dia por mais e melhor jornalismo, continuar com a constru\u00e7\u00e3o deste grande ex\u00e9rcito hemisf\u00e9rico de formigas que entende de maneira humilde que o trabalho coletivo com outros pode contrastar melhor suas informa\u00e7\u00f5es, amplificar seu impacto, encontrar m\u00e9todos criativos e divertidos para fazer jornalismo (...) e que atrav\u00e9s da colabora\u00e7\u00e3o pode encontrar uma melhor maneira para que de maneira oportuna se contem verdades relevantes e de interesse p\u00fablico que ajudem a uma melhor compreens\u00e3o das Am\u00e9ricas\u201d, resumiu ele.<\/p>\n","protected":false},"excerpt":{"rendered":"<p>Autointitulada \u201cplataforma para o jornalismo nas Am\u00e9ricas\u201d, CONNECTAS surgiu em 2012 e desde ent\u00e3o colocou em pr\u00e1tica diferentes maneiras de cumprir seu prop\u00f3sito, como apoio editorial e financeiro a investiga\u00e7\u00f5es jornal\u00edsticas e realiza\u00e7\u00e3o de cursos e disponibiliza\u00e7\u00e3o de ferramentas para jornalistas. Com quase 800 investiga\u00e7\u00f5es publicadas em dez anos, CONNECTAS pretende seguir fortalecendo a comunidade de jornalistas latino-americanos investigando abusos de poder de maneira colaborativa.<\/p>\n","protected":false},"author":16,"featured_media":54028,"comment_status":"closed","ping_status":"closed","sticky":false,"template":"","format":"standard","meta":{"inline_featured_image":false,"footnotes":""},"categories":[1212],"tags":[],"coauthors":[],"class_list":["post-54011","post","type-post","status-publish","format-standard","has-post-thumbnail","hentry","category-colaboracao-pt-br"],"acf":[],"yoast_head":"<!-- This site is optimized with the Yoast SEO Premium plugin v22.6 (Yoast SEO v27.4) - https:\/\/yoast.com\/product\/yoast-seo-premium-wordpress\/ -->\n<title>CONNECTAS completa 10 anos e celebra consolida\u00e7\u00e3o do jornalismo colaborativo transnacional na Am\u00e9rica Latina - LatAm Journalism Review by the Knight Center<\/title>\n<meta name=\"description\" content=\"CONNECTAS completa 10 anos e celebra consolida\u00e7\u00e3o do jornalismo colaborativo transnacional na Am\u00e9rica Latina Colabora\u00e7\u00e3o. Latin American Journalism Review by The Knight Center at The University of Texas at Austin.\" \/>\n<meta name=\"robots\" content=\"index, follow, max-snippet:-1, max-image-preview:large, max-video-preview:-1\" \/>\n<link rel=\"canonical\" href=\"https:\/\/latamjournalismreview.org\/pt-br\/articles\/connectas-completa-10-anos-e-celebra-consolidacao-do-jornalismo-colaborativo-transnacional-na-america-latina\/\" \/>\n<meta property=\"og:locale\" content=\"pt_BR\" \/>\n<meta property=\"og:type\" content=\"article\" \/>\n<meta property=\"og:title\" content=\"CONNECTAS completa 10 anos e celebra consolida\u00e7\u00e3o do jornalismo colaborativo transnacional na Am\u00e9rica Latina\" \/>\n<meta property=\"og:description\" content=\"CONNECTAS completa 10 anos e celebra consolida\u00e7\u00e3o do jornalismo colaborativo transnacional na Am\u00e9rica Latina Colabora\u00e7\u00e3o. Latin American Journalism Review by The Knight Center at The University of Texas at Austin.\" \/>\n<meta property=\"og:url\" content=\"https:\/\/latamjournalismreview.org\/pt-br\/articles\/connectas-completa-10-anos-e-celebra-consolidacao-do-jornalismo-colaborativo-transnacional-na-america-latina\/\" \/>\n<meta property=\"og:site_name\" content=\"LatAm Journalism Review by the Knight Center\" \/>\n<meta property=\"article:published_time\" content=\"2022-05-17T19:26:02+00:00\" \/>\n<meta property=\"og:image\" content=\"https:\/\/latamjournalismreview.org\/wp-content\/uploads\/2022\/05\/Featured-Image-CONNECTAS.png\" \/>\n\t<meta property=\"og:image:width\" content=\"507\" \/>\n\t<meta property=\"og:image:height\" content=\"340\" \/>\n\t<meta property=\"og:image:type\" content=\"image\/png\" \/>\n<meta name=\"author\" content=\"Carolina de Assis\" \/>\n<meta name=\"twitter:card\" content=\"summary_large_image\" \/>\n<meta name=\"twitter:creator\" content=\"@LatAmJournalism\" \/>\n<meta name=\"twitter:site\" content=\"@LatAmJournalism\" \/>\n<meta name=\"twitter:label1\" content=\"Written by\" \/>\n\t<meta name=\"twitter:data1\" content=\"Carolina de Assis\" \/>\n\t<meta name=\"twitter:label2\" content=\"Est. reading time\" \/>\n\t<meta name=\"twitter:data2\" content=\"9 minutos\" \/>\n<script type=\"application\/ld+json\" class=\"yoast-schema-graph\">{\"@context\":\"https:\\\/\\\/schema.org\",\"@graph\":[{\"@type\":\"Article\",\"@id\":\"https:\\\/\\\/latamjournalismreview.org\\\/pt-br\\\/articles\\\/connectas-completa-10-anos-e-celebra-consolidacao-do-jornalismo-colaborativo-transnacional-na-america-latina\\\/#article\",\"isPartOf\":{\"@id\":\"https:\\\/\\\/latamjournalismreview.org\\\/pt-br\\\/articles\\\/connectas-completa-10-anos-e-celebra-consolidacao-do-jornalismo-colaborativo-transnacional-na-america-latina\\\/\"},\"author\":{\"name\":\"Carolina de Assis\",\"@id\":\"https:\\\/\\\/latamjournalismreview.org\\\/pt-br\\\/#\\\/schema\\\/person\\\/f98b544e2f231a237f39a56cc9a00a9a\"},\"headline\":\"CONNECTAS completa 10 anos e celebra consolida\u00e7\u00e3o do jornalismo colaborativo transnacional na Am\u00e9rica Latina\",\"datePublished\":\"2022-05-17T19:26:02+00:00\",\"mainEntityOfPage\":{\"@id\":\"https:\\\/\\\/latamjournalismreview.org\\\/pt-br\\\/articles\\\/connectas-completa-10-anos-e-celebra-consolidacao-do-jornalismo-colaborativo-transnacional-na-america-latina\\\/\"},\"wordCount\":1726,\"publisher\":{\"@id\":\"https:\\\/\\\/latamjournalismreview.org\\\/pt-br\\\/#organization\"},\"image\":{\"@id\":\"https:\\\/\\\/latamjournalismreview.org\\\/pt-br\\\/articles\\\/connectas-completa-10-anos-e-celebra-consolidacao-do-jornalismo-colaborativo-transnacional-na-america-latina\\\/#primaryimage\"},\"thumbnailUrl\":\"https:\\\/\\\/latamjournalismreview.org\\\/wp-content\\\/uploads\\\/2022\\\/05\\\/Featured-Image-CONNECTAS.png\",\"articleSection\":[\"Colabora\u00e7\u00e3o\"],\"inLanguage\":\"pt-BR\"},{\"@type\":\"WebPage\",\"@id\":\"https:\\\/\\\/latamjournalismreview.org\\\/pt-br\\\/articles\\\/connectas-completa-10-anos-e-celebra-consolidacao-do-jornalismo-colaborativo-transnacional-na-america-latina\\\/\",\"url\":\"https:\\\/\\\/latamjournalismreview.org\\\/pt-br\\\/articles\\\/connectas-completa-10-anos-e-celebra-consolidacao-do-jornalismo-colaborativo-transnacional-na-america-latina\\\/\",\"name\":\"CONNECTAS completa 10 anos e celebra consolida\u00e7\u00e3o do jornalismo colaborativo transnacional na Am\u00e9rica Latina - LatAm Journalism Review by the Knight Center\",\"isPartOf\":{\"@id\":\"https:\\\/\\\/latamjournalismreview.org\\\/pt-br\\\/#website\"},\"primaryImageOfPage\":{\"@id\":\"https:\\\/\\\/latamjournalismreview.org\\\/pt-br\\\/articles\\\/connectas-completa-10-anos-e-celebra-consolidacao-do-jornalismo-colaborativo-transnacional-na-america-latina\\\/#primaryimage\"},\"image\":{\"@id\":\"https:\\\/\\\/latamjournalismreview.org\\\/pt-br\\\/articles\\\/connectas-completa-10-anos-e-celebra-consolidacao-do-jornalismo-colaborativo-transnacional-na-america-latina\\\/#primaryimage\"},\"thumbnailUrl\":\"https:\\\/\\\/latamjournalismreview.org\\\/wp-content\\\/uploads\\\/2022\\\/05\\\/Featured-Image-CONNECTAS.png\",\"datePublished\":\"2022-05-17T19:26:02+00:00\",\"description\":\"CONNECTAS completa 10 anos e celebra consolida\u00e7\u00e3o do jornalismo colaborativo transnacional na Am\u00e9rica Latina Colabora\u00e7\u00e3o. Latin American Journalism Review by The Knight Center at The University of Texas at Austin.\",\"breadcrumb\":{\"@id\":\"https:\\\/\\\/latamjournalismreview.org\\\/pt-br\\\/articles\\\/connectas-completa-10-anos-e-celebra-consolidacao-do-jornalismo-colaborativo-transnacional-na-america-latina\\\/#breadcrumb\"},\"inLanguage\":\"pt-BR\",\"potentialAction\":[{\"@type\":\"ReadAction\",\"target\":[\"https:\\\/\\\/latamjournalismreview.org\\\/pt-br\\\/articles\\\/connectas-completa-10-anos-e-celebra-consolidacao-do-jornalismo-colaborativo-transnacional-na-america-latina\\\/\"]}]},{\"@type\":\"ImageObject\",\"inLanguage\":\"pt-BR\",\"@id\":\"https:\\\/\\\/latamjournalismreview.org\\\/pt-br\\\/articles\\\/connectas-completa-10-anos-e-celebra-consolidacao-do-jornalismo-colaborativo-transnacional-na-america-latina\\\/#primaryimage\",\"url\":\"https:\\\/\\\/latamjournalismreview.org\\\/wp-content\\\/uploads\\\/2022\\\/05\\\/Featured-Image-CONNECTAS.png\",\"contentUrl\":\"https:\\\/\\\/latamjournalismreview.org\\\/wp-content\\\/uploads\\\/2022\\\/05\\\/Featured-Image-CONNECTAS.png\",\"width\":507,\"height\":340,\"caption\":\"The team at CONNECTAS: two women and two men seated in front of two women and four men standing\"},{\"@type\":\"BreadcrumbList\",\"@id\":\"https:\\\/\\\/latamjournalismreview.org\\\/pt-br\\\/articles\\\/connectas-completa-10-anos-e-celebra-consolidacao-do-jornalismo-colaborativo-transnacional-na-america-latina\\\/#breadcrumb\",\"itemListElement\":[{\"@type\":\"ListItem\",\"position\":1,\"name\":\"Home\",\"item\":\"https:\\\/\\\/latamjournalismreview.org\\\/pt-br\\\/\"},{\"@type\":\"ListItem\",\"position\":2,\"name\":\"CONNECTAS completa 10 anos e celebra consolida\u00e7\u00e3o do jornalismo colaborativo transnacional na Am\u00e9rica Latina\"}]},{\"@type\":\"WebSite\",\"@id\":\"https:\\\/\\\/latamjournalismreview.org\\\/pt-br\\\/#website\",\"url\":\"https:\\\/\\\/latamjournalismreview.org\\\/pt-br\\\/\",\"name\":\"LatAm Journalism Review\",\"description\":\"Digital magazine on journalism in Latin America\",\"publisher\":{\"@id\":\"https:\\\/\\\/latamjournalismreview.org\\\/pt-br\\\/#organization\"},\"potentialAction\":[{\"@type\":\"SearchAction\",\"target\":{\"@type\":\"EntryPoint\",\"urlTemplate\":\"https:\\\/\\\/latamjournalismreview.org\\\/pt-br\\\/?s={search_term_string}\"},\"query-input\":{\"@type\":\"PropertyValueSpecification\",\"valueRequired\":true,\"valueName\":\"search_term_string\"}}],\"inLanguage\":\"pt-BR\"},{\"@type\":\"Organization\",\"@id\":\"https:\\\/\\\/latamjournalismreview.org\\\/pt-br\\\/#organization\",\"name\":\"LatAm Journalism Review\",\"url\":\"https:\\\/\\\/latamjournalismreview.org\\\/pt-br\\\/\",\"logo\":{\"@type\":\"ImageObject\",\"inLanguage\":\"pt-BR\",\"@id\":\"https:\\\/\\\/latamjournalismreview.org\\\/pt-br\\\/#\\\/schema\\\/logo\\\/image\\\/\",\"url\":\"https:\\\/\\\/latamjournalismreview.org\\\/wp-content\\\/uploads\\\/2020\\\/05\\\/knight-latAm-review-logo.svg\",\"contentUrl\":\"https:\\\/\\\/latamjournalismreview.org\\\/wp-content\\\/uploads\\\/2020\\\/05\\\/knight-latAm-review-logo.svg\",\"width\":\"1024\",\"height\":\"1024\",\"caption\":\"LatAm Journalism Review\"},\"image\":{\"@id\":\"https:\\\/\\\/latamjournalismreview.org\\\/pt-br\\\/#\\\/schema\\\/logo\\\/image\\\/\"},\"sameAs\":[\"https:\\\/\\\/x.com\\\/LatAmJournalism\"]},{\"@type\":\"Person\",\"@id\":\"https:\\\/\\\/latamjournalismreview.org\\\/pt-br\\\/#\\\/schema\\\/person\\\/f98b544e2f231a237f39a56cc9a00a9a\",\"name\":\"Carolina de Assis\",\"description\":\"Carolina de Assis is a Brazilian journalist and researcher who lives in Juiz de Fora, MG, Brazil. She holds a master's degree in Women\u2019s and Gender Studies from the GEMMA Programme \u2013 Universit\u00e0 di Bologna (Italy) \\\/ Universiteit Utrecht (The Netherlands) and has worked as an editor at G\u00eanero e N\u00famero, a Brazilian digital magazine focused on data journalism and gender issues. She is especially interested in journalistic initiatives aimed at promoting human rights and gender justice. You can find her on Twitter: @caroldeassis _________ Carolina de Assis es una periodista e investigadora brasile\u00f1a que vive en Juiz de Fora, MG, Brasil . Tiene una maestr\u00eda en Estudios de las Mujeres y de G\u00e9nero del programa GEMMA \u2013 Universit\u00e0 di Bologna (Italia) \\\/ Universiteit Utrecht (Holanda). Trabaj\u00f3 como editora en la revista digital brasile\u00f1a G\u00eanero e N\u00famero. Le interesan especialmente iniciativas period\u00edsticas que tienen el objetivo de promover los derechos humanos y la justicia de g\u00e9nero. Puedes encontrarla en Twitter: @caroldeassis. _______ Carolina de Assis \u00e9 uma jornalista e pesquisadora brasileira que vive em Juiz de Fora (MG). \u00c9 mestra em Estudos da Mulher e de G\u00eanero pelo programa GEMMA \u2013 Universit\u00e0 di Bologna (It\u00e1lia) \\\/ Universiteit Utrecht (Holanda). Trabalhou como editora na revista digital G\u00eanero e N\u00famero e se interessa especialmente por iniciativas jornal\u00edsticas que promovam os direitos humanos e a justi\u00e7a de g\u00eanero. Voc\u00ea pode encontr\u00e1-la no Twitter em @caroldeassis.\",\"url\":\"https:\\\/\\\/latamjournalismreview.org\\\/pt-br\\\/articles\\\/author\\\/carolina-de-assis\\\/\"}]}<\/script>\n<!-- \/ Yoast SEO Premium plugin. -->","yoast_head_json":{"title":"CONNECTAS completa 10 anos e celebra consolida\u00e7\u00e3o do jornalismo colaborativo transnacional na Am\u00e9rica Latina - LatAm Journalism Review by the Knight Center","description":"CONNECTAS completa 10 anos e celebra consolida\u00e7\u00e3o do jornalismo colaborativo transnacional na Am\u00e9rica Latina Colabora\u00e7\u00e3o. Latin American Journalism Review by The Knight Center at The University of Texas at Austin.","robots":{"index":"index","follow":"follow","max-snippet":"max-snippet:-1","max-image-preview":"max-image-preview:large","max-video-preview":"max-video-preview:-1"},"canonical":"https:\/\/latamjournalismreview.org\/pt-br\/articles\/connectas-completa-10-anos-e-celebra-consolidacao-do-jornalismo-colaborativo-transnacional-na-america-latina\/","og_locale":"pt_BR","og_type":"article","og_title":"CONNECTAS completa 10 anos e celebra consolida\u00e7\u00e3o do jornalismo colaborativo transnacional na Am\u00e9rica Latina","og_description":"CONNECTAS completa 10 anos e celebra consolida\u00e7\u00e3o do jornalismo colaborativo transnacional na Am\u00e9rica Latina Colabora\u00e7\u00e3o. Latin American Journalism Review by The Knight Center at The University of Texas at Austin.","og_url":"https:\/\/latamjournalismreview.org\/pt-br\/articles\/connectas-completa-10-anos-e-celebra-consolidacao-do-jornalismo-colaborativo-transnacional-na-america-latina\/","og_site_name":"LatAm Journalism Review by the Knight Center","article_published_time":"2022-05-17T19:26:02+00:00","og_image":[{"width":507,"height":340,"url":"https:\/\/latamjournalismreview.org\/wp-content\/uploads\/2022\/05\/Featured-Image-CONNECTAS.png","type":"image\/png"}],"author":"Carolina de Assis","twitter_card":"summary_large_image","twitter_creator":"@LatAmJournalism","twitter_site":"@LatAmJournalism","twitter_misc":{"Written by":"Carolina de Assis","Est. reading time":"9 minutos"},"schema":{"@context":"https:\/\/schema.org","@graph":[{"@type":"Article","@id":"https:\/\/latamjournalismreview.org\/pt-br\/articles\/connectas-completa-10-anos-e-celebra-consolidacao-do-jornalismo-colaborativo-transnacional-na-america-latina\/#article","isPartOf":{"@id":"https:\/\/latamjournalismreview.org\/pt-br\/articles\/connectas-completa-10-anos-e-celebra-consolidacao-do-jornalismo-colaborativo-transnacional-na-america-latina\/"},"author":{"name":"Carolina de Assis","@id":"https:\/\/latamjournalismreview.org\/pt-br\/#\/schema\/person\/f98b544e2f231a237f39a56cc9a00a9a"},"headline":"CONNECTAS completa 10 anos e celebra consolida\u00e7\u00e3o do jornalismo colaborativo transnacional na Am\u00e9rica Latina","datePublished":"2022-05-17T19:26:02+00:00","mainEntityOfPage":{"@id":"https:\/\/latamjournalismreview.org\/pt-br\/articles\/connectas-completa-10-anos-e-celebra-consolidacao-do-jornalismo-colaborativo-transnacional-na-america-latina\/"},"wordCount":1726,"publisher":{"@id":"https:\/\/latamjournalismreview.org\/pt-br\/#organization"},"image":{"@id":"https:\/\/latamjournalismreview.org\/pt-br\/articles\/connectas-completa-10-anos-e-celebra-consolidacao-do-jornalismo-colaborativo-transnacional-na-america-latina\/#primaryimage"},"thumbnailUrl":"https:\/\/latamjournalismreview.org\/wp-content\/uploads\/2022\/05\/Featured-Image-CONNECTAS.png","articleSection":["Colabora\u00e7\u00e3o"],"inLanguage":"pt-BR"},{"@type":"WebPage","@id":"https:\/\/latamjournalismreview.org\/pt-br\/articles\/connectas-completa-10-anos-e-celebra-consolidacao-do-jornalismo-colaborativo-transnacional-na-america-latina\/","url":"https:\/\/latamjournalismreview.org\/pt-br\/articles\/connectas-completa-10-anos-e-celebra-consolidacao-do-jornalismo-colaborativo-transnacional-na-america-latina\/","name":"CONNECTAS completa 10 anos e celebra consolida\u00e7\u00e3o do jornalismo colaborativo transnacional na Am\u00e9rica Latina - LatAm Journalism Review by the Knight Center","isPartOf":{"@id":"https:\/\/latamjournalismreview.org\/pt-br\/#website"},"primaryImageOfPage":{"@id":"https:\/\/latamjournalismreview.org\/pt-br\/articles\/connectas-completa-10-anos-e-celebra-consolidacao-do-jornalismo-colaborativo-transnacional-na-america-latina\/#primaryimage"},"image":{"@id":"https:\/\/latamjournalismreview.org\/pt-br\/articles\/connectas-completa-10-anos-e-celebra-consolidacao-do-jornalismo-colaborativo-transnacional-na-america-latina\/#primaryimage"},"thumbnailUrl":"https:\/\/latamjournalismreview.org\/wp-content\/uploads\/2022\/05\/Featured-Image-CONNECTAS.png","datePublished":"2022-05-17T19:26:02+00:00","description":"CONNECTAS completa 10 anos e celebra consolida\u00e7\u00e3o do jornalismo colaborativo transnacional na Am\u00e9rica Latina Colabora\u00e7\u00e3o. Latin American Journalism Review by The Knight Center at The University of Texas at Austin.","breadcrumb":{"@id":"https:\/\/latamjournalismreview.org\/pt-br\/articles\/connectas-completa-10-anos-e-celebra-consolidacao-do-jornalismo-colaborativo-transnacional-na-america-latina\/#breadcrumb"},"inLanguage":"pt-BR","potentialAction":[{"@type":"ReadAction","target":["https:\/\/latamjournalismreview.org\/pt-br\/articles\/connectas-completa-10-anos-e-celebra-consolidacao-do-jornalismo-colaborativo-transnacional-na-america-latina\/"]}]},{"@type":"ImageObject","inLanguage":"pt-BR","@id":"https:\/\/latamjournalismreview.org\/pt-br\/articles\/connectas-completa-10-anos-e-celebra-consolidacao-do-jornalismo-colaborativo-transnacional-na-america-latina\/#primaryimage","url":"https:\/\/latamjournalismreview.org\/wp-content\/uploads\/2022\/05\/Featured-Image-CONNECTAS.png","contentUrl":"https:\/\/latamjournalismreview.org\/wp-content\/uploads\/2022\/05\/Featured-Image-CONNECTAS.png","width":507,"height":340,"caption":"The team at CONNECTAS: two women and two men seated in front of two women and four men standing"},{"@type":"BreadcrumbList","@id":"https:\/\/latamjournalismreview.org\/pt-br\/articles\/connectas-completa-10-anos-e-celebra-consolidacao-do-jornalismo-colaborativo-transnacional-na-america-latina\/#breadcrumb","itemListElement":[{"@type":"ListItem","position":1,"name":"Home","item":"https:\/\/latamjournalismreview.org\/pt-br\/"},{"@type":"ListItem","position":2,"name":"CONNECTAS completa 10 anos e celebra consolida\u00e7\u00e3o do jornalismo colaborativo transnacional na Am\u00e9rica Latina"}]},{"@type":"WebSite","@id":"https:\/\/latamjournalismreview.org\/pt-br\/#website","url":"https:\/\/latamjournalismreview.org\/pt-br\/","name":"LatAm Journalism Review","description":"Digital magazine on journalism in Latin America","publisher":{"@id":"https:\/\/latamjournalismreview.org\/pt-br\/#organization"},"potentialAction":[{"@type":"SearchAction","target":{"@type":"EntryPoint","urlTemplate":"https:\/\/latamjournalismreview.org\/pt-br\/?s={search_term_string}"},"query-input":{"@type":"PropertyValueSpecification","valueRequired":true,"valueName":"search_term_string"}}],"inLanguage":"pt-BR"},{"@type":"Organization","@id":"https:\/\/latamjournalismreview.org\/pt-br\/#organization","name":"LatAm Journalism Review","url":"https:\/\/latamjournalismreview.org\/pt-br\/","logo":{"@type":"ImageObject","inLanguage":"pt-BR","@id":"https:\/\/latamjournalismreview.org\/pt-br\/#\/schema\/logo\/image\/","url":"https:\/\/latamjournalismreview.org\/wp-content\/uploads\/2020\/05\/knight-latAm-review-logo.svg","contentUrl":"https:\/\/latamjournalismreview.org\/wp-content\/uploads\/2020\/05\/knight-latAm-review-logo.svg","width":"1024","height":"1024","caption":"LatAm Journalism Review"},"image":{"@id":"https:\/\/latamjournalismreview.org\/pt-br\/#\/schema\/logo\/image\/"},"sameAs":["https:\/\/x.com\/LatAmJournalism"]},{"@type":"Person","@id":"https:\/\/latamjournalismreview.org\/pt-br\/#\/schema\/person\/f98b544e2f231a237f39a56cc9a00a9a","name":"Carolina de Assis","description":"Carolina de Assis is a Brazilian journalist and researcher who lives in Juiz de Fora, MG, Brazil. She holds a master's degree in Women\u2019s and Gender Studies from the GEMMA Programme \u2013 Universit\u00e0 di Bologna (Italy) \/ Universiteit Utrecht (The Netherlands) and has worked as an editor at G\u00eanero e N\u00famero, a Brazilian digital magazine focused on data journalism and gender issues. She is especially interested in journalistic initiatives aimed at promoting human rights and gender justice. You can find her on Twitter: @caroldeassis _________ Carolina de Assis es una periodista e investigadora brasile\u00f1a que vive en Juiz de Fora, MG, Brasil . Tiene una maestr\u00eda en Estudios de las Mujeres y de G\u00e9nero del programa GEMMA \u2013 Universit\u00e0 di Bologna (Italia) \/ Universiteit Utrecht (Holanda). Trabaj\u00f3 como editora en la revista digital brasile\u00f1a G\u00eanero e N\u00famero. Le interesan especialmente iniciativas period\u00edsticas que tienen el objetivo de promover los derechos humanos y la justicia de g\u00e9nero. Puedes encontrarla en Twitter: @caroldeassis. _______ Carolina de Assis \u00e9 uma jornalista e pesquisadora brasileira que vive em Juiz de Fora (MG). \u00c9 mestra em Estudos da Mulher e de G\u00eanero pelo programa GEMMA \u2013 Universit\u00e0 di Bologna (It\u00e1lia) \/ Universiteit Utrecht (Holanda). Trabalhou como editora na revista digital G\u00eanero e N\u00famero e se interessa especialmente por iniciativas jornal\u00edsticas que promovam os direitos humanos e a justi\u00e7a de g\u00eanero. Voc\u00ea pode encontr\u00e1-la no Twitter em @caroldeassis.","url":"https:\/\/latamjournalismreview.org\/pt-br\/articles\/author\/carolina-de-assis\/"}]}},"_links":{"self":[{"href":"https:\/\/latamjournalismreview.org\/pt-br\/wp-json\/wp\/v2\/posts\/54011","targetHints":{"allow":["GET"]}}],"collection":[{"href":"https:\/\/latamjournalismreview.org\/pt-br\/wp-json\/wp\/v2\/posts"}],"about":[{"href":"https:\/\/latamjournalismreview.org\/pt-br\/wp-json\/wp\/v2\/types\/post"}],"author":[{"embeddable":true,"href":"https:\/\/latamjournalismreview.org\/pt-br\/wp-json\/wp\/v2\/users\/16"}],"replies":[{"embeddable":true,"href":"https:\/\/latamjournalismreview.org\/pt-br\/wp-json\/wp\/v2\/comments?post=54011"}],"version-history":[{"count":2,"href":"https:\/\/latamjournalismreview.org\/pt-br\/wp-json\/wp\/v2\/posts\/54011\/revisions"}],"predecessor-version":[{"id":54039,"href":"https:\/\/latamjournalismreview.org\/pt-br\/wp-json\/wp\/v2\/posts\/54011\/revisions\/54039"}],"wp:featuredmedia":[{"embeddable":true,"href":"https:\/\/latamjournalismreview.org\/pt-br\/wp-json\/wp\/v2\/media\/54028"}],"wp:attachment":[{"href":"https:\/\/latamjournalismreview.org\/pt-br\/wp-json\/wp\/v2\/media?parent=54011"}],"wp:term":[{"taxonomy":"category","embeddable":true,"href":"https:\/\/latamjournalismreview.org\/pt-br\/wp-json\/wp\/v2\/categories?post=54011"},{"taxonomy":"post_tag","embeddable":true,"href":"https:\/\/latamjournalismreview.org\/pt-br\/wp-json\/wp\/v2\/tags?post=54011"},{"taxonomy":"author","embeddable":true,"href":"https:\/\/latamjournalismreview.org\/pt-br\/wp-json\/wp\/v2\/coauthors?post=54011"}],"curies":[{"name":"wp","href":"https:\/\/api.w.org\/{rel}","templated":true}]}}