{"id":54014,"date":"2017-02-01T13:42:23","date_gmt":"2017-02-01T18:42:23","guid":{"rendered":"https:\/\/latamjournalismreview.org\/?p=54014"},"modified":"2022-05-17T13:44:25","modified_gmt":"2022-05-17T18:44:25","slug":"como-usar-facebook-live-no-jornalismo-para-maior-interatividade-com-os-usuarios-licoes-da-midia-em-espanhol","status":"publish","type":"post","link":"https:\/\/latamjournalismreview.org\/pt-br\/articles\/como-usar-facebook-live-no-jornalismo-para-maior-interatividade-com-os-usuarios-licoes-da-midia-em-espanhol\/","title":{"rendered":"Como usar Facebook Live no jornalismo para maior interatividade com os usu\u00e1rios: li\u00e7\u00f5es da m\u00eddia em espanhol"},"content":{"rendered":"<p style=\"font-weight: 400;\"><i><em style=\"font-weight: inherit;\">Este artigo \u00e9\u00a0<a style=\"font-weight: inherit; font-style: inherit;\" href=\"https:\/\/utw10693.utweb.utexas.edu\/pt-br\/blog\/00-17968-como-usar-facebook-live-no-jornalismo-para-maior-interatividade-com-os-usuarios-licoes#seriesfooter\">parte de uma s\u00e9rie<\/a>\u00a0sobre Jornalismo Inovador na Am\u00e9rica Latina e Caribe(*)<\/em><\/i><\/p>\n<p style=\"font-weight: 400;\"><span style=\"font-weight: inherit; font-style: inherit;\">Quando o cantor de ranchera Pedro Infante morreu em abril de 1957, a rec\u00e9m-nascida televis\u00e3o mexicana transmitiu seu funeral ao vivo, com imagens em preto e branco que mostravam a multid\u00e3o seguindo o cortejo f\u00fanebre pelas ruas da Cidade do M\u00e9xico.\u00a0Aquela se tornaria\u00a0uma transmiss\u00e3o de televis\u00e3o hist\u00f3rica naquele pa\u00eds.<\/span><\/p>\n<p style=\"font-weight: 400;\"><span style=\"font-weight: inherit; font-style: inherit;\">D\u00e9cadas depois, o luto pela morte de outro \u00eddolo popular mexicano\u00a0<\/span>\u2013<span style=\"font-weight: inherit; font-style: inherit;\">\u00a0o cantor e compositor Juan Gabriel\u00a0<\/span>\u2013<span style=\"font-weight: inherit; font-style: inherit;\">\u00a0tamb\u00e9m foi transmitido ao vivo no ano passado, embora o escopo das imagens tenha se multiplicado e transcendido fronteiras, gra\u00e7as aos v\u00e1rios meios de comunica\u00e7\u00e3o que transmitiam o funeral pelo Facebook Live.<\/span><\/p>\n<p style=\"font-weight: 400;\">\u00a0P\u00fablico reage \u00e0 transmiss\u00e3o ao vivo no Facebook do jornal peruano La Rep\u00fablica sobre enchente em Chaclacayo e Chosica . (Screenshot)<\/p>\n<p style=\"font-weight: 400;\"><span style=\"font-weight: inherit; font-style: inherit;\">A plataforma de streaming ao vivo do Facebook surgiu em 2015, mas foi aberta a usu\u00e1rios comuns apenas em janeiro de 2016. A m\u00eddia n\u00e3o demorou a entrar no barco.<\/span><\/p>\n<p style=\"font-weight: 400;\"><span style=\"font-weight: inherit; font-style: inherit;\">No Facebook Live, jornais e sites de l\u00edngua espanhola viram a oportunidade de adicionar \u00e0 cobertura um formato audiovisual com maior alcance e intera\u00e7\u00e3o do que v\u00eddeos multim\u00eddia para web ou redes sociais.<\/span><\/p>\n<p style=\"font-weight: 400;\"><span style=\"font-weight: inherit; font-style: inherit;\">Esta intera\u00e7\u00e3o em tempo real \u00e9 justamente o que levou a m\u00eddia a usar a ferramenta tanto para a cobertura de protestos e grandes eventos, quanto para entrevistas e produ\u00e7\u00f5es feitas especificamente\u00a0<\/span><span style=\"font-weight: inherit; font-style: inherit;\">para o Facebook Live.<\/span><\/p>\n<p style=\"font-weight: 400;\"><span style=\"font-weight: inherit; font-style: inherit;\">A transmiss\u00e3o ao vivo no Facebook tamb\u00e9m permite ao p\u00fablico comentar e enviar perguntas em tempo real, o que cria uma intera\u00e7\u00e3o instant\u00e2nea que n\u00e3o \u00e9 poss\u00edvel com a televis\u00e3o.<\/span><\/p>\n<p style=\"font-weight: 400;\">Para esta reportagem especial, o\u00a0<b><strong>Centro Knight<\/strong><\/b>\u00a0conversou com v\u00e1rios editores de meios de comunica\u00e7\u00e3o em espanhol de diferentes pa\u00edses e com um representante do Facebook. N\u00f3s selecionamos dez casos de transmiss\u00f5es ao vivo atrav\u00e9s do Facebook Live\u00a0<a style=\"font-weight: inherit; font-style: inherit;\" href=\"https:\/\/utw10693.utweb.utexas.edu\/pt-br\/blog\/00-17968-como-usar-facebook-live-no-jornalismo-para-maior-interatividade-com-os-usuarios-licoes#vivo\">(veja abaixo ao final desta reportagem)<\/a>\u00a0para refletir sobre essas experi\u00eancias e as li\u00e7\u00f5es aprendidas.<\/p>\n<p style=\"font-weight: 400;\">\u201cO volume de coment\u00e1rios \u00e9 10 vezes maior em um\u00a0v\u00eddeo ao vivo comparado com um v\u00eddeo normal no Facebook. Quanto ao tempo de reprodu\u00e7\u00e3o, as pessoas ficam vendo um conte\u00fado ao vivo tr\u00eas vezes mais tempo do que passam vendo um material gravado. \u00c9 uma ferramenta incr\u00edvel. Quando se combina a interatividade e o tempo real, \u00e9 uma for\u00e7a incompar\u00e1vel\u201d, disse Lu\u00eds Renato Olivales, diretor de rela\u00e7\u00f5es com a m\u00eddia do Facebook na Am\u00e9rica Latina.<\/p>\n<p style=\"font-weight: 400;\"><span style=\"font-weight: inherit; font-style: inherit;\">A\u00a0<i><em style=\"font-weight: inherit;\"><b><strong><a style=\"font-weight: inherit; font-style: inherit;\" href=\"https:\/\/utw10693.utweb.utexas.edu\/pt-br\/blog\/00-17968-como-usar-facebook-live-no-jornalismo-para-maior-interatividade-com-os-usuarios-licoes#univision\">Univision<\/a><\/strong><\/b><\/em><\/i>\u00a0\u00e9 uma das redes de televis\u00e3o que entrou no Facebook Live para suprir necessidades jornal\u00edsticas que n\u00e3o s\u00e3o atendidas pela televis\u00e3o.\u00a0Not\u00edcias de \u00faltima hora, por exemplo, fazem parte de uma das \u00e1reas em que o Facebook Live tem sido ben\u00e9fico para a emissora em l\u00edngua espanhola.<\/span><\/p>\n<p style=\"font-weight: 400;\"><span style=\"font-weight: inherit; font-style: inherit;\">\"Em not\u00edcias de \u00faltima hora, voc\u00ea tem que ter uma rea\u00e7\u00e3o r\u00e1pida, levar o p\u00fablico ao local e dar a informa\u00e7\u00e3o e o sinal ao vivo, n\u00e3o importa que a mesma coisa esteja na TV ou que n\u00e3o esteja na TV. Voc\u00ea tem que dar ao<\/span><span style=\"font-weight: inherit; font-style: inherit;\">\u00a0p\u00fablico a transmiss\u00e3o em todas as plataformas, e s\u00e3o eles que escolhem [qual\u00a0v\u00e3o\u00a0assistir]\", disse Selymar Col\u00f3n, editor s\u00eanior de m\u00eddia digital da Univision, ao\u00a0<b><strong>Centro Knight<\/strong><\/b>.<\/span><\/p>\n<p style=\"font-weight: 400;\"><span style=\"font-weight: inherit; font-style: inherit;\">Embora a produ\u00e7\u00e3o de conte\u00fado audiovisual para redes sociais possa ser semelhante \u00e0 cria\u00e7\u00e3o de programas de televis\u00e3o, a m\u00eddia entendeu que o Facebook Live tem a\u00a0sua\u00a0pr\u00f3pria linguagem e suas\u00a0necessidades quando se trata de transmiss\u00e3o.\u00a0Por exemplo, a Univision produz o\u00a0<\/span>\u201c<a style=\"font-weight: inherit; font-style: inherit;\" href=\"https:\/\/www.facebook.com\/univisionnoticias\/videos\/10155393883549796\/\">Noticiero<\/a><a style=\"font-weight: inherit; font-style: inherit;\" href=\"https:\/\/www.facebook.com\/univisionnoticias\/videos\/10155393883549796\/\">\u00a0Univision Edici\u00f3n Digital<\/a>\u201d<span style=\"font-weight: inherit; font-style: inherit;\">, transmitido simultaneamente ao meio-dia na televis\u00e3o, no Facebook Live, no YouTube e no Periscope.\u00a0\u00c9 um programa de not\u00edcias mais visual, com mais texto e conte\u00fado na tela, e menos tempo com \u00e2ncoras.<\/span><\/p>\n<p style=\"font-weight: 400;\"><span style=\"font-weight: inherit; font-style: inherit;\">\"A audi\u00eancia v\u00ea primeiramente o Facebook Live com o som desligado, o que nos ensina a sermos mais visuais e muito mais interativos. N\u00e3o podemos simplesmente simular a televis\u00e3o, porque vamos falhar\", acrescentou Col\u00f3n.<\/span><\/p>\n<p style=\"font-weight: 400;\"><span style=\"font-weight: inherit; font-style: inherit;\">Apesar de terem toda a infraestrutura de \u00e1udio e v\u00eddeo, as transmiss\u00f5es da Univision no Facebook Live s\u00e3o feitas principalmente com smartphones e um ou dois membros da equipe.<\/span>\u00a0<span style=\"font-weight: inherit; font-style: inherit;\">No entanto, eles tamb\u00e9m conseguem ligar o sinal de TV no Facebook, caso necess\u00e1rio.<\/span><\/p>\n<p style=\"font-weight: 400;\"><span style=\"font-weight: inherit; font-style: inherit;\">\"Em uma cobertura muito importante, conectar o sinal de televis\u00e3o no Facebook Live funciona bem, mas n\u00e3o \u00e9 um recurso do qual queremos abusar, porque n\u00e3o \u00e9 o prop\u00f3sito da ferramenta. H\u00e1 dois anos, nos certificamos que todos os rep\u00f3rteres teriam smartphones para poder\u00a0transmitir, capturar a not\u00edcia e report\u00e1-la nas redes sociais sem qualquer inconveniente. Em muitos casos, voc\u00ea n\u00e3o precisa colocar em quadro um apresentador para falar, basta mostrar \u00e0s pessoas o que est\u00e1 acontecendo\", acrescentou Col\u00f3n.<\/span><\/p>\n<p style=\"font-weight: 400;\"><span style=\"font-weight: inherit; font-style: inherit;\">A fim de aproveitar a intera\u00e7\u00e3o oferecida pelo Facebook Live, a Univision produz segmentos chamados \"Not\u00edcias que Voc\u00ea Pode Usar\", com foco em utilidade p\u00fablica.\u00a0Um destes segmentos inclui\u00a0<a style=\"font-weight: inherit; font-style: inherit;\" href=\"https:\/\/www.facebook.com\/univisionnoticias\/videos\/10155376769749796\/\">bate-papos com advogados de imigra\u00e7\u00e3o<\/a>\u00a0que respondem, em tempo real, a d\u00favidas compartilhadas pelo p\u00fablico em geral na se\u00e7\u00e3o de coment\u00e1rios.<\/span><\/p>\n<p style=\"font-weight: 400;\"><span style=\"font-weight: inherit; font-style: inherit;\">O canal segmenta o tr\u00e1fego em v\u00e1rios perfis no Facebook (al\u00e9m dos perfis\u00a0<a style=\"font-weight: inherit; font-style: inherit;\" href=\"http:\/\/www.facebook.com\/univisionnoticias\/\">Univision Noticias<\/a>\u00a0e\u00a0<a style=\"font-weight: inherit; font-style: inherit;\" href=\"http:\/\/www.facebook.com\/UnivisionPolitica\/\">Univision Pol\u00edtica<\/a>, os programas \"<a style=\"font-weight: inherit; font-style: inherit;\" href=\"http:\/\/www.facebook.com\/PrimerImpactoUnivision\/\">Primera Impacto<\/a>\" e \"<a style=\"font-weight: inherit; font-style: inherit;\" href=\"http:\/\/www.facebook.com\/AlPuntoUnivision\/\">Al Punto<\/a>\" t\u00eam suas pr\u00f3prias contas),\u00a0e transmite\u00a0v\u00eddeos ao vivo de todos eles.\u00a0\u00c9 por isso que eles foram for\u00e7ados a gerenciar o conte\u00fado como se fosse programa\u00e7\u00e3o do canal de televis\u00e3o.<\/span><\/p>\n<p style=\"font-weight: 400;\"><span style=\"font-weight: inherit; font-style: inherit;\">\"Mesmo que o p\u00fablico se conecte ao Facebook Live quando eles preferem, voc\u00ea ainda tem que ter um tipo de programa\u00e7\u00e3o e organiza\u00e7\u00e3o quando se trata de produzi-los. N\u00f3s come\u00e7amos a fazer grades de programa\u00e7\u00e3o para uso interno que mostram o conte\u00fado a ser produzido de segunda a domingo,\u00a0al\u00e9m de quais contas vamos transmitir\", disse Selymar Col\u00f3n.<\/span><\/p>\n<p style=\"font-weight: 400;\"><span style=\"font-weight: inherit; font-style: inherit;\">Cada vez mais, os meios n\u00e3o-televisivos da Am\u00e9rica Latina est\u00e3o retomando sinais externos\u00a0<\/span>\u2013<span style=\"font-weight: inherit; font-style: inherit;\">\u00a0principalmente de \u00f3rg\u00e3os governamentais\u00a0<\/span>\u2013<span style=\"font-weight: inherit; font-style: inherit;\">\u00a0e transmitindo-os por meio do Facebook Live, em plataformas como o\u00a0<\/span><a style=\"font-weight: inherit; font-style: inherit;\" href=\"https:\/\/developers.facebook.com\/docs\/videos\/live-video\">Facebook Live API<\/a><span style=\"font-weight: inherit; font-style: inherit;\">\u00a0(um aplicativo tipo switcher que permite ao usu\u00e1rio criar fluxos de v\u00eddeo com v\u00e1rias fontes de v\u00eddeos\u00a0e \u00e1udio, al\u00e9m de introduzir efeitos especiais).<\/span><\/p>\n<p style=\"font-weight: 400;\">O jornal mexicano\u00a0<a style=\"font-weight: inherit; font-style: inherit;\" href=\"https:\/\/utw10693.utweb.utexas.edu\/pt-br\/blog\/00-17968-como-usar-facebook-live-no-jornalismo-para-maior-interatividade-com-os-usuarios-licoes#reforma\"><i><em style=\"font-weight: inherit;\"><b><strong>Reforma<\/strong><\/b><\/em><\/i><\/a>\u00a0transmitiu sinais ao vivo,\u00a0como os\u00a0<a style=\"font-weight: inherit; font-style: inherit;\" href=\"https:\/\/utw10693.utweb.utexas.edu\/pt-br\/blog\/00-17968-como-usar-facebook-live-no-jornalismo-para-maior-interatividade-com-os-usuarios-licoes#trump\">discursos de Donald Trump<\/a>\u00a0<span style=\"font-weight: inherit; font-style: inherit;\">ou mensagens do presidente do M\u00e9xico, mas sempre tentando agregar valor utilizando jornalistas que comentam e analisam o conte\u00fado.<\/span><\/p>\n<p style=\"font-weight: 400;\"><span style=\"font-weight: inherit; font-style: inherit;\">\"Queremos dar conte\u00fado com valor real e de qualidade informativa, temos um p\u00fablico que est\u00e1 aumentando o consumo de v\u00eddeo, temos que estar presentes nas grandes hist\u00f3rias e adicionar valor a elas, n\u00e3o apenas transmiti-las sem um significado\", disse Jorge<\/span>\u00a0<span style=\"font-weight: inherit; font-style: inherit;\">Jim\u00e9nez Fonseca, coordenador editorial da vers\u00e3o digital do Reforma.<\/span><\/p>\n<p style=\"font-weight: 400;\">O jornal mexicano produziu\u00a0<a style=\"font-weight: inherit; font-style: inherit;\" href=\"https:\/\/www.facebook.com\/reforma\/videos\/10154942788313827\/\">conte\u00fado exclusivo para Facebook Live.<\/a>\u00a0<span style=\"font-weight: inherit; font-style: inherit;\">Durante meses antes da mudan\u00e7a de governo nos Estados Unidos, o Reforma realizou - em est\u00fadios multim\u00eddia recentemente constru\u00eddos - mesas redondas com especialistas em economia e pol\u00edtica, que superaram 15 mil visualiza\u00e7\u00f5es, em m\u00e9dia.<\/span><\/p>\n<p style=\"font-weight: 400;\"><span style=\"font-weight: inherit; font-style: inherit;\">Mas a \u00e1rea onde a m\u00eddia v\u00ea oportunidades adicionais ao usar o Facebook Live est\u00e1 fora do est\u00fadio: protestos, marchas e grandes eventos, nos quais entrar com equipamento de \u00e1udio e v\u00eddeo pode ser arriscado e complicado, o que faz com que smartphones facilitem a transmiss\u00e3o e permitam uma imers\u00e3o mais profunda<\/span><span style=\"font-weight: inherit; font-style: inherit;\">.<\/span><\/p>\n<p style=\"font-weight: 400;\">\"Vimos o verdadeiro impacto do Facebook Live quando fomos a \u00fanica m\u00eddia que cobriu ao vivo\u00a0<a style=\"font-weight: inherit; font-style: inherit;\" href=\"https:\/\/utw10693.utweb.utexas.edu\/pt-br\/blog\/00-17968-como-usar-facebook-live-no-jornalismo-para-maior-interatividade-com-os-usuarios-licoes#socialsecurity\">o primeiro grande protesto contra o sistema de previd\u00eancia social do Chile.<\/a>\u00a0Gra\u00e7as \u00e0s nossas transmiss\u00f5es ao vivo, pudemos refletir a verdadeira raiva da popula\u00e7\u00e3o. Essas transmiss\u00f5es n\u00e3o s\u00e3o editadas, o que voc\u00ea v\u00ea \u00e9 o que realmente est\u00e1 acontecendo. Ao mesmo tempo em que n\u00e3o requer grande sofistica\u00e7\u00e3o do equipamento, a transmiss\u00e3o requer profissionalismo quando se trata de sair, principalmente porque n\u00e3o nos especializamos em TV\", disse Claudia Gonz\u00e1lez, jornalista multim\u00eddia para o jornal digital chileno\u00a0<a style=\"font-weight: inherit; font-style: inherit;\" href=\"https:\/\/utw10693.utweb.utexas.edu\/pt-br\/blog\/00-17968-como-usar-facebook-live-no-jornalismo-para-maior-interatividade-com-os-usuarios-licoes#elmostrador\"><i><em style=\"font-weight: inherit;\"><b><strong>El Mostrador<\/strong><\/b><\/em><\/i><\/a>.<\/p>\n<p style=\"font-weight: 400;\"><span style=\"font-weight: inherit; font-style: inherit;\">Outra grande vantagem do Facebook Live \u00e9 o investimento m\u00ednimo requerido.\u00a0Algumas reda\u00e7\u00f5es come\u00e7aram a usar a plataforma com os recursos t\u00e9cnicos e humanos j\u00e1 utilizados pelas equipes<\/span>.<\/p>\n<p style=\"font-weight: 400;\"><span style=\"font-weight: inherit; font-style: inherit;\">\"Nossa reda\u00e7\u00e3o \u00e9 pequena, n\u00e3o temos muitas ferramentas de trabalho multim\u00eddia, mas quer\u00edamos dar a nossos leitores um aspecto mais visual dos eventos, em vez de apenas textos com fotografias. A parte jornal\u00edstica fizemos muito bem, e\u00a0a\u00a0intera\u00e7\u00e3o nas redes sociais cresceu, que era o que est\u00e1vamos querendo\", disse Mael Vallejo, editor geral do site mexicano\u00a0<a style=\"font-weight: inherit; font-style: inherit;\" href=\"https:\/\/utw10693.utweb.utexas.edu\/pt-br\/blog\/00-17968-como-usar-facebook-live-no-jornalismo-para-maior-interatividade-com-os-usuarios-licoes#animalpolitico\"><i><em style=\"font-weight: inherit;\"><b><strong>Animal Pol\u00edtico<\/strong><\/b><\/em><\/i><\/a>.\u00a0O site nativo digital usou o Facebook Live para\u00a0<\/span>transmitir o<a style=\"font-weight: inherit; font-style: inherit;\" href=\"https:\/\/utw10693.utweb.utexas.edu\/pt-br\/blog\/00-17968-como-usar-facebook-live-no-jornalismo-para-maior-interatividade-com-os-usuarios-licoes#juangabriel\">\u00a0funeral de Juan Gabriel<\/a><span style=\"font-weight: inherit; font-style: inherit;\">\u00a0e para v\u00e1rios outros grandes eventos na Cidade do M\u00e9xico.<\/span><\/p>\n<p style=\"font-weight: 400;\"><span style=\"font-weight: inherit; font-style: inherit;\">O Animal Pol\u00edtico usou um de seus rep\u00f3rteres que tinha experi\u00eancia em televis\u00e3o para treinar o resto da equipe em linguagem audiovisual, incluindo enquadramento, estabiliza\u00e7\u00e3o de imagem e fala em c\u00e2mera.\u00a0No entanto, o site e outros meios de comunica\u00e7\u00e3o da Am\u00e9rica Latina, como o jornal peruano\u00a0<a style=\"font-weight: inherit; font-style: inherit;\" href=\"https:\/\/utw10693.utweb.utexas.edu\/pt-br\/blog\/00-17968-como-usar-facebook-live-no-jornalismo-para-maior-interatividade-com-os-usuarios-licoes#larepublica\"><i><em style=\"font-weight: inherit;\"><b><strong>La Rep\u00fablica<\/strong><\/b><\/em><\/i><\/a>, enfrentaram uma barreira geracional ao treinar jornalistas para usar o Facebook Live.<\/span><\/p>\n<p style=\"font-weight: 400;\"><span style=\"font-weight: inherit; font-style: inherit;\">\"Havia muitos jornalistas que n\u00e3o estavam muito ligados \u00e0 tecnologia. Muitos colegas tiveram problemas com o Facebook Live no in\u00edcio, mas com o treinamento e os testes de tentativa e erro, os ensinamos de uma maneira ideal.<\/span>\u00a0Levou tempo, m<span style=\"font-weight: inherit; font-style: inherit;\">as<\/span><span style=\"font-weight: inherit; font-style: inherit;\">\u00a0eles conseguiram se adaptar\", disse Michael Solis, editor de multim\u00eddia do jornal peruano, que no ano passado comprou 100 smartphones para rep\u00f3rteres usarem em transmiss\u00f5es do Facebook Live.<\/span><\/p>\n<p style=\"font-weight: 400;\">Luis Renato Olivalves, diretor de rela\u00e7\u00f5es de m\u00eddia para o Facebook na Am\u00e9rica Latina (Foto do Facebook )<\/p>\n<p style=\"font-weight: 400;\"><span style=\"font-weight: inherit; font-style: inherit;\">A primeira incurs\u00e3o na produ\u00e7\u00e3o de conte\u00fados audiovisuais tem sido um desafio para a m\u00eddia impressa com presen\u00e7a no mundo digital, no qual h\u00e1 tamb\u00e9m uma superprodu\u00e7\u00e3o de conte\u00fado desse tipo.\u00a0Por esta raz\u00e3o, o Facebook Live tem sido uma maneira perfeita de experimentar com audiovisual, assegurando, ao mesmo tempo, a aten\u00e7\u00e3o do p\u00fablico.<\/span><\/p>\n<p style=\"font-weight: 400;\"><span style=\"font-weight: inherit; font-style: inherit;\">Embora a m\u00eddia da Am\u00e9rica Latina ainda esteja experimentando para determinar uma estrat\u00e9gia espec\u00edfica a seguir no Facebook Live, os meios de comunica\u00e7\u00e3o concordam que esta \u00e9 uma plataforma com grande potencial jornal\u00edstico, que oferece crescimento exponencial em termos de alcance e intera\u00e7\u00e3o com o p\u00fablico.<\/span><\/p>\n<p style=\"font-weight: 400;\">Somente o Brasil e o M\u00e9xico s\u00e3o, respectivamente, o segundo e o terceiro maiores mercados do mundo em consumo de v\u00eddeo no Facebook, vindo logo atr\u00e1s dos Estados Unidos. Isso indica que a popula\u00e7\u00e3o latino-americana tem uma alta prefer\u00eancia por consumir conte\u00fado em forma de v\u00eddeo, segundo Lu\u00eds Renato Olivalves.<\/p>\n<p style=\"font-weight: 400;\">Mas, ao mesmo tempo, os meios de comunica\u00e7\u00e3o sabem que o Facebook Live \u00e9 uma ferramenta \u00e0 qual todo mundo tem acesso, por isso devem ser rigorosos para lhe dar seriedade jornal\u00edstica.<\/p>\n<p style=\"font-weight: 400;\"><span style=\"font-weight: inherit; font-style: inherit;\">\"\u00c9 uma m\u00eddia a ser levada a s\u00e9rio. H\u00e1 muitas pessoas que assistem ao streaming ao vivo e, mais tarde, se voc\u00ea deixar o v\u00eddeo na linha do tempo, o alcance se torna muito maior do que qualquer outra publica\u00e7\u00e3o, gra\u00e7as ao algoritmo do Facebook. N\u00e3o se pode\u00a0usar essa plataforma descuidadamente\", disse Mael Vallejo.<\/span><\/p>\n<p style=\"font-weight: 400;\">Para o Facebook, o streaming est\u00e1 dando voz massiva aos meios que n\u00e3o a tinham, mas isso sobretudo abre uma porta \u00e0 criatividade e \u00e0 cria\u00e7\u00e3o de conte\u00fado original na rede social.<\/p>\n<p style=\"font-weight: 400;\">\u201cO que mais importa \u00e9 enganchar o conte\u00fado com a possibilidade de interagir\u00a0com a audi\u00eancia. Se esses dois elementos s\u00e3o bem explorados, n\u00e3o precisa de uma grande estrutura. O que importa \u00e9 o conte\u00fado\u201d, disse Luis Renato Olivalves.<\/p>\n<p style=\"font-weight: 400;\">\n<p style=\"font-weight: 400;\"><b><strong>Com a ajuda de representantes de cada meio de comunica\u00e7\u00e3o entrevistados nesta reportagem, n\u00f3s compilamos esta\u00a0lista de 10 casos de sucesso com transmiss\u00f5es ao vivo\u00a0e inclu\u00edmos resultados de engajamento (participa\u00e7\u00e3o dos usu\u00e1rios), equipamentos usados, equipes e li\u00e7\u00f5es aprendidas.<\/strong><\/b><\/p>\n<p style=\"font-weight: 400;\">\n<p style=\"font-weight: 400;\"><b><strong>UNIVISION<\/strong><\/b>\u00a0(Estados Unidos)<\/p>\n<p style=\"font-weight: 400;\"><i><em style=\"font-weight: inherit;\">Fonte: Selymar Col\u00f3n, editora-chefe da divis\u00e3o digital da Univision<\/em><\/i><\/p>\n<p style=\"font-weight: inherit; font-style: inherit;\">\n<p style=\"font-weight: inherit; font-style: inherit;\"><b><strong>TRANSMISS\u00c3O:<\/strong><\/b>\u00a0Massacre em bar gay de Orlando\u00a0<a style=\"font-weight: inherit; font-style: inherit;\" href=\"https:\/\/www.facebook.com\/jorgeramosnews\/videos\/551185705067520\/\">VIDEO 1<\/a>,\u00a0<a style=\"font-weight: inherit; font-style: inherit;\" href=\"https:\/\/www.facebook.com\/jorgeramosnews\/videos\/551233571729400\/\">VIDEO 2<\/a><\/p>\n<p style=\"font-weight: inherit; font-style: inherit;\"><b><strong>DESCRI\u00c7\u00c3O:<\/strong><\/b>\u00a0Cobertura do jornalista e \u00e2ncora Jorge Ramos em Orlando ap\u00f3s o assassinato de mais de 50 pessoas em um bar gay<\/p>\n<p style=\"font-weight: inherit; font-style: inherit;\"><b><strong>DATA:<\/strong><\/b>\u00a012 de junho de 2016<\/p>\n<p style=\"font-weight: inherit; font-style: inherit;\"><b><strong>ENGAJAMENTO:<\/strong><\/b>\u00a01,7 milh\u00f5es de visualiza\u00e7\u00f5es em 2 transmiss\u00f5es<\/p>\n<p style=\"font-weight: inherit; font-style: inherit;\"><b><strong>DURA\u00c7\u00c3O:<\/strong><\/b>\u00a011:53<\/p>\n<p style=\"font-weight: inherit; font-style: inherit;\"><b><strong>EQUIPAMENTO T\u00c9CNICO:<\/strong><\/b>\u00a01 smartphone<\/p>\n<p style=\"font-weight: inherit; font-style: inherit;\"><b><strong>EQUIPE:<\/strong><\/b>\u00a02 rep\u00f3rteres (em quadro) + 1 cameraman<\/p>\n<p style=\"font-weight: inherit; font-style: inherit;\"><b><strong>LI\u00c7\u00c3O APRENDIDA:<\/strong><\/b>\u00a0Quando h\u00e1 um evento noticioso de \u00faltima hora, o Facebook Live pode ser usado para dar informa\u00e7\u00f5es com anteced\u00eancia quando os rep\u00f3rteres ainda est\u00e3o a caminho da cena.<\/p>\n<p style=\"font-weight: inherit; font-style: inherit;\">\n<p style=\"font-weight: inherit; font-style: inherit;\">\n<p style=\"font-weight: inherit; font-style: inherit;\"><b><strong>TRANSMISS\u00c3O:<\/strong><\/b>\u00a0Noite da elei\u00e7\u00e3o presidencial dos EUA\u00a0<a style=\"font-weight: inherit; font-style: inherit;\" href=\"https:\/\/www.facebook.com\/univisionnoticias\/videos\/10155052662324796\/\">VIDEO 1<\/a>,\u00a0<a style=\"font-weight: inherit; font-style: inherit;\" href=\"https:\/\/www.facebook.com\/univisionnoticias\/videos\/10155057198519796\/\">VIDEO 2<\/a><\/p>\n<p style=\"font-weight: inherit; font-style: inherit;\"><b><strong>DESCRI\u00c7\u00c3O:<\/strong><\/b>\u00a0Cobertura das elei\u00e7\u00f5es norte-americanas na reda\u00e7\u00e3o Univision<\/p>\n<p style=\"font-weight: inherit; font-style: inherit;\"><b><strong>DATA:<\/strong><\/b>\u00a08 de novembro de 2016<\/p>\n<p style=\"font-weight: inherit; font-style: inherit;\"><b><strong>ENGAJAMENTO:<\/strong><\/b>\u00a0mais de 14 milh\u00f5es de visualiza\u00e7\u00f5es em 2 transmiss\u00f5es<\/p>\n<p style=\"font-weight: inherit; font-style: inherit;\"><b><strong>DURA\u00c7\u00c3O:<\/strong><\/b>\u00a08 horas<\/p>\n<p style=\"font-weight: inherit; font-style: inherit;\"><b><strong>EQUIPAMENTOS T\u00c9CNICOS:<\/strong><\/b>\u00a0Equipamento de transmiss\u00e3o de TV<\/p>\n<p style=\"font-weight: inherit; font-style: inherit;\"><b><strong>EQUIPE<\/strong><\/b>: equipe da Univision News (dentro e fora de quadro)<\/p>\n<p style=\"font-weight: inherit; font-style: inherit;\"><b><strong>LI\u00c7\u00c3O APRENDIDA:<\/strong><\/b>\u00a0O limite de tempo que o Facebook estabeleceu para transmiss\u00f5es do Facebook Live \u00e9 de quatro horas, e como a cobertura excedeu esse tempo, a transmiss\u00e3o teve que ser dividida. Para a cobertura da posse de Donald Trump, a Univision solicitou ao Facebook que estendesse o limite para 8 horas.<\/p>\n<p style=\"font-weight: inherit; font-style: inherit;\"><b><strong>REFORMA\u00a0<\/strong><\/b>(M\u00e9xico)<\/p>\n<p style=\"font-weight: inherit; font-style: inherit;\"><i><em style=\"font-weight: inherit;\">Fonte: Jorge Jim\u00e9nez Fonseca, coordenador editorial do Reforma<\/em><\/i><\/p>\n<p style=\"font-weight: inherit; font-style: inherit;\">\n<p style=\"font-weight: inherit; font-style: inherit;\"><b><strong>TRANSMISS\u00c3O:<\/strong><\/b>\u00a0Recorde de slackline entre dois arranha-c\u00e9us na Cidade do M\u00e9xico\u00a0<a style=\"font-weight: inherit; font-style: inherit;\" href=\"https:\/\/www.facebook.com\/reforma\/videos\/10154782077543827\/\">VIDEO<\/a><\/p>\n<p style=\"font-weight: inherit; font-style: inherit;\"><b><strong>DESCRI\u00c7\u00c3O:<\/strong><\/b>\u00a0O alem\u00e3o praticante de slackline Alexander Schulz quebrou um recorde ao andar sobre uma corda bamba do alto de um edif\u00edcio para outro, a 246 metros de dist\u00e2ncia.<\/p>\n<p style=\"font-weight: inherit; font-style: inherit;\"><b><strong>DATA:<\/strong><\/b>\u00a04 de dezembro de 2016<\/p>\n<p style=\"font-weight: inherit; font-style: inherit;\"><b><strong>ENGAJAMENTO:<\/strong><\/b>\u00a0306 MIL visualiza\u00e7\u00f5es<\/p>\n<p style=\"font-weight: inherit; font-style: inherit;\"><b><strong>DURA\u00c7\u00c3O:<\/strong><\/b>\u00a034:40<\/p>\n<p style=\"font-weight: inherit; font-style: inherit;\"><b><strong>EQUIPAMENTO T\u00c9CNICO:<\/strong><\/b>\u00a01 smartphone<\/p>\n<p style=\"font-weight: inherit; font-style: inherit;\"><b><strong>EQUIPE:<\/strong><\/b>\u00a01 rep\u00f3rter (fora de quadro)<\/p>\n<p style=\"font-weight: inherit; font-style: inherit;\"><b><strong>LI\u00c7\u00c3O APRENDIDA:\u00a0<\/strong><\/b>Quando o evento \u00e9 curioso ou incomum,\u00a0gera mais interesse entre o p\u00fablico.<\/p>\n<p style=\"font-weight: inherit; font-style: inherit;\">\n<p style=\"font-weight: inherit; font-style: inherit;\"><b><strong>TRANSMISS\u00c3O:<\/strong><\/b>\u00a0discurso de Donald Trump\u00a0sobre ordens executivas relacionadas \u00e0 seguran\u00e7a nas fronteiras\u00a0<a style=\"font-weight: inherit; font-style: inherit;\" href=\"https:\/\/www.facebook.com\/reforma\/videos\/10154968286693827\/\">VIDEO<\/a><\/p>\n<p style=\"font-weight: inherit; font-style: inherit;\"><b><strong>DESCRI\u00c7\u00c3O:<\/strong><\/b>\u00a0Transmiss\u00e3o narrada do discurso, tirada do sinal oficial da Casa Branca<\/p>\n<p style=\"font-weight: inherit; font-style: inherit;\"><b><strong>DATA:<\/strong><\/b>\u00a025 de janeiro de 2017<\/p>\n<p style=\"font-weight: inherit; font-style: inherit;\"><b><strong>ENGAJAMENTO:<\/strong><\/b>\u00a0291.192 visualiza\u00e7\u00f5es<\/p>\n<p style=\"font-weight: inherit; font-style: inherit;\"><b><strong>DURA\u00c7\u00c3O:<\/strong><\/b>\u00a037:21<\/p>\n<p style=\"font-weight: inherit; font-style: inherit;\"><b><strong>EQUIPAMENTO T\u00c9CNICO:<\/strong><\/b>\u00a0Equipamento de transmiss\u00e3o de v\u00eddeo online<\/p>\n<p style=\"font-weight: inherit; font-style: inherit;\"><b><strong>EQUIPE:<\/strong><\/b>\u00a010 membros da equipe de v\u00eddeo Reforma (fora de quadro)<\/p>\n<p style=\"font-weight: inherit; font-style: inherit;\"><b><strong>LI\u00c7\u00c3O APRENDIDA:<\/strong><\/b>\u00a0Encontrou-se uma forma de enriquecer a transmiss\u00e3o do sinal externo, fazendo com que um jornalista traduzisse e comentasse os eventos em tempo real, aproveitando os recursos t\u00e9cnicos da reda\u00e7\u00e3o.<\/p>\n<p style=\"font-weight: 400;\">\n<p style=\"font-weight: 400;\"><b><strong>EL MOSTRADOR\u00a0<\/strong><\/b>(Chile)<\/p>\n<p style=\"font-weight: 400;\"><i><em style=\"font-weight: inherit;\">Fonte: Claudia Gonz\u00e1lez, jornalista multim\u00eddia do El Mostrador<\/em><\/i><\/p>\n<p style=\"font-weight: 400;\">\n<p style=\"font-weight: inherit; font-style: inherit;\"><b><strong>TRANSMISS\u00c3O:<\/strong><\/b>\u00a0Teaser de \"Pasajeros del Lado Sur\", do El Mostrador\u00a0<a style=\"font-weight: inherit; font-style: inherit;\" href=\"https:\/\/www.facebook.com\/elmostrador\/videos\/10154344853911052\/\">VIDEO<\/a><\/p>\n<p style=\"font-weight: inherit; font-style: inherit;\"><b><strong>DESCRI\u00c7\u00c3O:<\/strong><\/b>\u00a0Bastidores da filmagem de um piloto de um novo programa produzido por El Mostrador.<\/p>\n<p style=\"font-weight: inherit; font-style: inherit;\"><b><strong>DATA:<\/strong><\/b>\u00a030 de junho de 2016<\/p>\n<p style=\"font-weight: inherit; font-style: inherit;\"><b><strong>ENGAJAMENTO:<\/strong><\/b>\u00a013.560 visualiza\u00e7\u00f5es<\/p>\n<p style=\"font-weight: inherit; font-style: inherit;\"><b><strong>DURA\u00c7\u00c3O:<\/strong><\/b>\u00a01:48<\/p>\n<p style=\"font-weight: inherit; font-style: inherit;\"><b><strong>EQUIPAMENTO T\u00c9CNICO:<\/strong><\/b>\u00a01 smartphone<\/p>\n<p style=\"font-weight: inherit; font-style: inherit;\"><b><strong>EQUIPE:<\/strong><\/b>\u00a01 funcion\u00e1rio (fora de quadro)<\/p>\n<p style=\"font-weight: inherit; font-style: inherit;\"><b><strong>LI\u00c7\u00c3O APRENDIDA:<\/strong><\/b>\u00a0Apesar de se tratar de um breve teaser de bastidores, os usu\u00e1rios reclamaram por meio dos coment\u00e1rios sobre a m\u00e1 qualidade do som.<\/p>\n<p style=\"font-weight: 400;\">\n<p style=\"font-weight: inherit; font-style: inherit;\"><b><strong>TRANSMISS\u00c3O:<\/strong><\/b>\u00a0Protesto No+AFP\u00a0<a style=\"font-weight: inherit; font-style: inherit;\" href=\"https:\/\/www.facebook.com\/elmostrador\/videos\/10154495638861052\/\">VIDEO 1<\/a>,\u00a0<a style=\"font-weight: inherit; font-style: inherit;\" href=\"https:\/\/www.facebook.com\/elmostrador\/videos\/10154495716841052\/\">VIDEO 2<\/a><\/p>\n<p style=\"font-weight: inherit; font-style: inherit;\"><b><strong>DESCRI\u00c7\u00c3O:<\/strong><\/b>\u00a0Mais de um milh\u00e3o de pessoas marcharam contra o sistema de fundos de aposentadoria em Santiago, no que se tornou um protesto hist\u00f3rico<\/p>\n<p style=\"font-weight: inherit; font-style: inherit;\"><b><strong>DATA:<\/strong><\/b>\u00a021 de agosto de 2016<\/p>\n<p style=\"font-weight: inherit; font-style: inherit;\"><b><strong>ENGAJAMENTO:<\/strong><\/b>\u00a037 mil visualiza\u00e7\u00f5es em 2 transmiss\u00f5es<\/p>\n<p style=\"font-weight: inherit; font-style: inherit;\"><b><strong>DURA\u00c7\u00c3O:<\/strong><\/b>\u00a033:24<\/p>\n<p style=\"font-weight: inherit; font-style: inherit;\"><b><strong>EQUIPAMENTO T\u00c9CNICO:<\/strong><\/b>\u00a01 smartphone<\/p>\n<p style=\"font-weight: inherit; font-style: inherit;\"><b><strong>EQUIPE:<\/strong><\/b>\u00a01 rep\u00f3rter (fora de quadro)<\/p>\n<p style=\"font-weight: inherit; font-style: inherit;\"><b><strong>LI\u00c7\u00c3O APRENDIDA:<\/strong><\/b>\u00a0Houve problemas com o som capturado por smartphones, por isso tiveram que comprar um microfone externo.<\/p>\n<p style=\"font-weight: 400;\"><b><strong>ANIMAL POL\u00cdTICO<\/strong><\/b>\u00a0(M\u00e9xico)<\/p>\n<p style=\"font-weight: 400;\"><i><em style=\"font-weight: inherit;\">Fonte: Mael Vallejo, editor-geral do Animal Pol\u00edtico<\/em><\/i><\/p>\n<p style=\"font-weight: 400;\">\n<p style=\"font-weight: inherit; font-style: inherit;\"><b><strong>TRANSMISS\u00c3O:<\/strong><\/b>\u00a0Protesto #VivasNosQueremos\u00a0<a style=\"font-weight: inherit; font-style: inherit;\" href=\"https:\/\/www.facebook.com\/pajaropolitico\/videos\/1290930854268839\/\">VIDEO 1<\/a>,\u00a0<a style=\"font-weight: inherit; font-style: inherit;\" href=\"https:\/\/www.facebook.com\/pajaropolitico\/videos\/1290974974264427\/\">VIDEO 2<\/a>,\u00a0<a style=\"font-weight: inherit; font-style: inherit;\" href=\"https:\/\/www.facebook.com\/pajaropolitico\/videos\/1291007064261218\/\">VIDEO 3<\/a>,\u00a0<a style=\"font-weight: inherit; font-style: inherit;\" href=\"https:\/\/www.facebook.com\/pajaropolitico\/videos\/1291036977591560\/\">VIDEO 4<\/a><\/p>\n<p style=\"font-weight: inherit; font-style: inherit;\"><b><strong>DESCRI\u00c7\u00c3O:<\/strong><\/b>\u00a0Milhares de pessoas em v\u00e1rias \u00e1reas da Cidade do M\u00e9xico protestaram pelo fim da viol\u00eancia contra mulheres, feminic\u00eddio e desigualdade de g\u00eanero.<\/p>\n<p style=\"font-weight: inherit; font-style: inherit;\"><b><strong>DATA:<\/strong><\/b>\u00a024 de abril de 2016<\/p>\n<p style=\"font-weight: inherit; font-style: inherit;\"><b><strong>ENGAJAMENTO:<\/strong><\/b>\u00a033,6 mil visualiza\u00e7\u00f5es em 4 transmiss\u00f5es<\/p>\n<p style=\"font-weight: inherit; font-style: inherit;\"><b><strong>DURA\u00c7\u00c3O:<\/strong><\/b>\u00a017:44<\/p>\n<p style=\"font-weight: inherit; font-style: inherit;\"><b><strong>EQUIPAMENTO T\u00c9CNICO:<\/strong><\/b>\u00a01 smartphone<\/p>\n<p style=\"font-weight: inherit; font-style: inherit;\"><b><strong>EQUIPE:<\/strong><\/b>\u00a01 rep\u00f3rter (dentro e fora de quadro) + 1 cameraman<\/p>\n<p style=\"font-weight: inherit; font-style: inherit;\"><b><strong>LI\u00c7\u00c3O APRENDIDA<\/strong><\/b>: A conex\u00e3o\u00a0de celulares\u00a0na Cidade do M\u00e9xico \u00e9 inst\u00e1vel, principalmente em meio a grandes multid\u00f5es.<\/p>\n<p style=\"font-weight: inherit; font-style: inherit;\">\n<p style=\"font-weight: inherit; font-style: inherit;\"><b><strong>TRANSMISS\u00c3O:<\/strong><\/b>\u00a0Enterro de Juan Gabriel\u00a0no Pal\u00e1cio das Belas Artes na Cidade do M\u00e9xico\u00a0<a style=\"font-weight: inherit; font-style: inherit;\" href=\"https:\/\/www.facebook.com\/pajaropolitico\/videos\/1400190883342835\/\">VIDEO 1<\/a>,\u00a0<a style=\"font-weight: inherit; font-style: inherit;\" href=\"https:\/\/www.facebook.com\/pajaropolitico\/videos\/1400367843325139\/\">VIDEO 2<\/a>,\u00a0<a style=\"font-weight: inherit; font-style: inherit;\" href=\"https:\/\/www.facebook.com\/pajaropolitico\/videos\/1400385506656706\/\">VIDEO 3<\/a><\/p>\n<p style=\"font-weight: inherit; font-style: inherit;\"><b><strong>DESCRI\u00c7\u00c3O:<\/strong><\/b>\u00a0Milhares de f\u00e3s esperaram em longas filas para ver, por alguns segundos, a urna das cinzas do compositor mexicano Juan Gabriel<\/p>\n<p style=\"font-weight: inherit; font-style: inherit;\"><b><strong>DATA:<\/strong><\/b>\u00a05 de setembro de 2016<\/p>\n<p style=\"font-weight: inherit; font-style: inherit;\"><b><strong>ENGAJAMENTO:<\/strong><\/b>\u00a040 mil visualiza\u00e7\u00f5es em 3 transmiss\u00f5es<\/p>\n<p style=\"font-weight: inherit; font-style: inherit;\"><b><strong>DURA\u00c7\u00c3O:<\/strong><\/b>\u00a08:40<\/p>\n<p style=\"font-weight: inherit; font-style: inherit;\"><b><strong>EQUIPAMENTO T\u00c9CNICO:<\/strong><\/b>\u00a01 smartphone<\/p>\n<p style=\"font-weight: inherit; font-style: inherit;\"><b><strong>EQUIPE:<\/strong><\/b>\u00a01 rep\u00f3rter (dentro e fora de quadro)<\/p>\n<p style=\"font-weight: inherit; font-style: inherit;\"><b><strong>LI\u00c7\u00c3O APRENDIDA:<\/strong><\/b>\u00a0Anunciar a transmiss\u00e3o anteriormente em m\u00eddias sociais envolve mais o p\u00fablico. Testes anteriores nas contas pessoais dos rep\u00f3rteres permitem a oportunidade de corrigir problemas com imagem, som e sinal.<\/p>\n<p style=\"font-weight: inherit; font-style: inherit;\"><b><strong>LA REP\u00daBLICA\u00a0<\/strong><\/b>(Per\u00fa)<\/p>\n<p style=\"font-weight: inherit; font-style: inherit;\"><i><em style=\"font-weight: inherit;\">Fonte: Michael Sol\u00eds, editor multim\u00eddia do La Rep\u00fablica<\/em><\/i><\/p>\n<p style=\"font-weight: inherit; font-style: inherit;\">\n<p style=\"font-weight: inherit; font-style: inherit;\"><b><strong>TRANSMISS\u00c3O:\u00a0<\/strong><\/b>Entrevista ao vivo com a dupla mexicana de pop R\u00edo Roma\u00a0<a style=\"font-weight: inherit; font-style: inherit;\" href=\"https:\/\/www.facebook.com\/larepublicape\/videos\/10153682626172017\/\">VIDEO<\/a><\/p>\n<p style=\"font-weight: inherit; font-style: inherit;\"><b><strong>DESCRI\u00c7\u00c3O:<\/strong><\/b>\u00a0A banda mexicana R\u00edo Roma visitou a reda\u00e7\u00e3o do La Rep\u00fablica e respondeu quest\u00f5es de f\u00e3s conectados na transmiss\u00e3o.<\/p>\n<p style=\"font-weight: inherit; font-style: inherit;\"><b><strong>DATA:<\/strong><\/b>\u00a014 de abril de 2016.<\/p>\n<p style=\"font-weight: inherit; font-style: inherit;\"><b><strong>ENGAJAMENTO:\u00a0<\/strong><\/b>28 mil visualiza\u00e7\u00f5es<\/p>\n<p style=\"font-weight: inherit; font-style: inherit;\"><b><strong>EQUIPAMENTO T\u00c9CNICO:<\/strong><\/b>\u00a01 smartphone<\/p>\n<p style=\"font-weight: inherit; font-style: inherit;\"><b><strong>EQUIPE:\u00a0<\/strong><\/b>1 rep\u00f3rter (fora de quadro) + 1 cameraman<\/p>\n<p style=\"font-weight: inherit; font-style: inherit;\"><b><strong>LI\u00c7\u00c3O APRENDIDA:<\/strong><\/b>\u00a0Entrevistas em reda\u00e7\u00e3o s\u00e3o uma boa op\u00e7\u00e3o de transmiss\u00e3o, ainda que com a mesma equipe e equipamento t\u00e9cnico utilizados em uma transmiss\u00e3o externa, desde que os entrevistados atraiam uma boa audi\u00eancia.<\/p>\n<p style=\"font-weight: inherit; font-style: inherit;\">\n<p style=\"font-weight: inherit; font-style: inherit;\"><b><strong>TRANSMISS\u00c3O:<\/strong><\/b>\u00a0Inunda\u00e7\u00f5es em Chaclacayo e Chosica\u00a0<a style=\"font-weight: inherit; font-style: inherit;\" href=\"https:\/\/www.facebook.com\/larepublicape\/videos\/10154426297192017\/\">VIDEO 1<\/a>,\u00a0<a style=\"font-weight: inherit; font-style: inherit;\" href=\"https:\/\/www.facebook.com\/larepublicape\/videos\/10154426120012017\/\">VIDEO 2<\/a><\/p>\n<p style=\"font-weight: inherit; font-style: inherit;\"><b><strong>DESCRI\u00c7\u00c3O:<\/strong><\/b>\u00a0Visita \u00e0 \u00e1rea atingida por grandes inunda\u00e7\u00f5es em v\u00e1rios distritos da Prov\u00edncia de Lima<\/p>\n<p style=\"font-weight: inherit; font-style: inherit;\"><b><strong>DATA:<\/strong><\/b>\u00a024 de janeiro de 2017<\/p>\n<p style=\"font-weight: inherit; font-style: inherit;\"><b><strong>ENGAJAMENTO:<\/strong><\/b>\u00a062,6 mil visualiza\u00e7\u00f5es em 2 transmiss\u00f5es<\/p>\n<p style=\"font-weight: inherit; font-style: inherit;\"><b><strong>DURA\u00c7\u00c3O:<\/strong><\/b>\u00a018:29<\/p>\n<p style=\"font-weight: inherit; font-style: inherit;\">EQUIPAMENTO T\u00c9CNICO: 1 smartphone<\/p>\n<p style=\"font-weight: inherit; font-style: inherit;\"><b><strong>EQUIPE:<\/strong><\/b>\u00a01 rep\u00f3rter (em quadro) + 1 cameraman<\/p>\n<p style=\"font-weight: inherit; font-style: inherit;\"><b><strong>LI\u00c7\u00c3O APRENDIDA:<\/strong><\/b>\u00a0Os fot\u00f3grafos que trabalham em conjunto com os rep\u00f3rteres podem tirar proveito da experi\u00eancia em captar imagens para servir como operadores de c\u00e2mera, depois de terminarem o trabalho de tirar fotos.<\/p>\n<p><em>Nota do editor: Essa hist\u00f3ria foi publicada originalmente no blog de jornalismo nas Am\u00e9ricas do Centro Knight, o predecessor do LatAm Journalism Review.<\/em><\/p>\n","protected":false},"excerpt":{"rendered":"<p>Quando o cantor de ranchera Pedro Infante morreu em abril de 1957, a rec\u00e9m-nascida televis\u00e3o mexicana transmitiu seu funeral ao vivo, com imagens em preto e branco que mostravam a multid\u00e3o seguindo o cortejo f\u00fanebre pelas ruas da Cidade do M\u00e9xico.\u00a0Aquela se tornaria\u00a0uma transmiss\u00e3o de televis\u00e3o hist\u00f3rica naquele pa\u00eds.<\/p>\n","protected":false},"author":19,"featured_media":0,"comment_status":"closed","ping_status":"closed","sticky":false,"template":"","format":"standard","meta":{"inline_featured_image":false,"footnotes":""},"categories":[1217],"tags":[1593,1610],"coauthors":[],"class_list":["post-54014","post","type-post","status-publish","format-standard","hentry","category-inovacao-pt-br","tag-jornalismo-online-pt-br","tag-midias-sociais-pt-br"],"acf":[],"yoast_head":"<!-- This site is optimized with the Yoast SEO Premium plugin v22.6 (Yoast SEO v27.4) - https:\/\/yoast.com\/product\/yoast-seo-premium-wordpress\/ -->\n<title>Como usar Facebook Live no jornalismo para maior interatividade com os usu\u00e1rios: li\u00e7\u00f5es da m\u00eddia em espanhol - LatAm Journalism Review by the Knight Center<\/title>\n<meta name=\"description\" content=\"Como usar Facebook Live no jornalismo para maior interatividade com os usu\u00e1rios: li\u00e7\u00f5es da m\u00eddia em espanhol Inova\u00e7\u00e3o. Latin American Journalism Review by The Knight Center at The University of Texas at Austin.\" \/>\n<meta name=\"robots\" content=\"index, follow, max-snippet:-1, max-image-preview:large, max-video-preview:-1\" \/>\n<link rel=\"canonical\" href=\"https:\/\/latamjournalismreview.org\/pt-br\/articles\/como-usar-facebook-live-no-jornalismo-para-maior-interatividade-com-os-usuarios-licoes-da-midia-em-espanhol\/\" \/>\n<meta property=\"og:locale\" content=\"pt_BR\" \/>\n<meta property=\"og:type\" content=\"article\" \/>\n<meta property=\"og:title\" content=\"Como usar Facebook Live no jornalismo para maior interatividade com os usu\u00e1rios: li\u00e7\u00f5es da m\u00eddia em espanhol\" \/>\n<meta property=\"og:description\" content=\"Como usar Facebook Live no jornalismo para maior interatividade com os usu\u00e1rios: li\u00e7\u00f5es da m\u00eddia em espanhol Inova\u00e7\u00e3o. Latin American Journalism Review by The Knight Center at The University of Texas at Austin.\" \/>\n<meta property=\"og:url\" content=\"https:\/\/latamjournalismreview.org\/pt-br\/articles\/como-usar-facebook-live-no-jornalismo-para-maior-interatividade-com-os-usuarios-licoes-da-midia-em-espanhol\/\" \/>\n<meta property=\"og:site_name\" content=\"LatAm Journalism Review by the Knight Center\" \/>\n<meta property=\"article:published_time\" content=\"2017-02-01T18:42:23+00:00\" \/>\n<meta property=\"article:modified_time\" content=\"2022-05-17T18:44:25+00:00\" \/>\n<meta name=\"author\" content=\"C\u00e9sar L\u00f3pez Linares\" \/>\n<meta name=\"twitter:card\" content=\"summary_large_image\" \/>\n<meta name=\"twitter:creator\" content=\"@cesarisch\" \/>\n<meta name=\"twitter:site\" content=\"@LatAmJournalism\" \/>\n<meta name=\"twitter:label1\" content=\"Written by\" \/>\n\t<meta name=\"twitter:data1\" content=\"C\u00e9sar L\u00f3pez Linares\" \/>\n\t<meta name=\"twitter:label2\" content=\"Est. reading time\" \/>\n\t<meta name=\"twitter:data2\" content=\"15 minutos\" \/>\n<script type=\"application\/ld+json\" class=\"yoast-schema-graph\">{\"@context\":\"https:\\\/\\\/schema.org\",\"@graph\":[{\"@type\":\"Article\",\"@id\":\"https:\\\/\\\/latamjournalismreview.org\\\/pt-br\\\/articles\\\/como-usar-facebook-live-no-jornalismo-para-maior-interatividade-com-os-usuarios-licoes-da-midia-em-espanhol\\\/#article\",\"isPartOf\":{\"@id\":\"https:\\\/\\\/latamjournalismreview.org\\\/pt-br\\\/articles\\\/como-usar-facebook-live-no-jornalismo-para-maior-interatividade-com-os-usuarios-licoes-da-midia-em-espanhol\\\/\"},\"author\":{\"name\":\"C\u00e9sar L\u00f3pez Linares\",\"@id\":\"https:\\\/\\\/latamjournalismreview.org\\\/pt-br\\\/#\\\/schema\\\/person\\\/dcf6dcdd6226ac8d939e2796645d17c6\"},\"headline\":\"Como usar Facebook Live no jornalismo para maior interatividade com os usu\u00e1rios: li\u00e7\u00f5es da m\u00eddia em espanhol\",\"datePublished\":\"2017-02-01T18:42:23+00:00\",\"dateModified\":\"2022-05-17T18:44:25+00:00\",\"mainEntityOfPage\":{\"@id\":\"https:\\\/\\\/latamjournalismreview.org\\\/pt-br\\\/articles\\\/como-usar-facebook-live-no-jornalismo-para-maior-interatividade-com-os-usuarios-licoes-da-midia-em-espanhol\\\/\"},\"wordCount\":3109,\"publisher\":{\"@id\":\"https:\\\/\\\/latamjournalismreview.org\\\/pt-br\\\/#organization\"},\"keywords\":[\"Jornalismo online\",\"M\u00eddias sociais\"],\"articleSection\":[\"Inova\u00e7\u00e3o\"],\"inLanguage\":\"pt-BR\"},{\"@type\":\"WebPage\",\"@id\":\"https:\\\/\\\/latamjournalismreview.org\\\/pt-br\\\/articles\\\/como-usar-facebook-live-no-jornalismo-para-maior-interatividade-com-os-usuarios-licoes-da-midia-em-espanhol\\\/\",\"url\":\"https:\\\/\\\/latamjournalismreview.org\\\/pt-br\\\/articles\\\/como-usar-facebook-live-no-jornalismo-para-maior-interatividade-com-os-usuarios-licoes-da-midia-em-espanhol\\\/\",\"name\":\"Como usar Facebook Live no jornalismo para maior interatividade com os usu\u00e1rios: li\u00e7\u00f5es da m\u00eddia em espanhol - LatAm Journalism Review by the Knight Center\",\"isPartOf\":{\"@id\":\"https:\\\/\\\/latamjournalismreview.org\\\/pt-br\\\/#website\"},\"datePublished\":\"2017-02-01T18:42:23+00:00\",\"dateModified\":\"2022-05-17T18:44:25+00:00\",\"description\":\"Como usar Facebook Live no jornalismo para maior interatividade com os usu\u00e1rios: li\u00e7\u00f5es da m\u00eddia em espanhol Inova\u00e7\u00e3o. Latin American Journalism Review by The Knight Center at The University of Texas at Austin.\",\"breadcrumb\":{\"@id\":\"https:\\\/\\\/latamjournalismreview.org\\\/pt-br\\\/articles\\\/como-usar-facebook-live-no-jornalismo-para-maior-interatividade-com-os-usuarios-licoes-da-midia-em-espanhol\\\/#breadcrumb\"},\"inLanguage\":\"pt-BR\",\"potentialAction\":[{\"@type\":\"ReadAction\",\"target\":[\"https:\\\/\\\/latamjournalismreview.org\\\/pt-br\\\/articles\\\/como-usar-facebook-live-no-jornalismo-para-maior-interatividade-com-os-usuarios-licoes-da-midia-em-espanhol\\\/\"]}]},{\"@type\":\"BreadcrumbList\",\"@id\":\"https:\\\/\\\/latamjournalismreview.org\\\/pt-br\\\/articles\\\/como-usar-facebook-live-no-jornalismo-para-maior-interatividade-com-os-usuarios-licoes-da-midia-em-espanhol\\\/#breadcrumb\",\"itemListElement\":[{\"@type\":\"ListItem\",\"position\":1,\"name\":\"Home\",\"item\":\"https:\\\/\\\/latamjournalismreview.org\\\/pt-br\\\/\"},{\"@type\":\"ListItem\",\"position\":2,\"name\":\"Como usar Facebook Live no jornalismo para maior interatividade com os usu\u00e1rios: li\u00e7\u00f5es da m\u00eddia em espanhol\"}]},{\"@type\":\"WebSite\",\"@id\":\"https:\\\/\\\/latamjournalismreview.org\\\/pt-br\\\/#website\",\"url\":\"https:\\\/\\\/latamjournalismreview.org\\\/pt-br\\\/\",\"name\":\"LatAm Journalism Review\",\"description\":\"Digital magazine on journalism in Latin America\",\"publisher\":{\"@id\":\"https:\\\/\\\/latamjournalismreview.org\\\/pt-br\\\/#organization\"},\"potentialAction\":[{\"@type\":\"SearchAction\",\"target\":{\"@type\":\"EntryPoint\",\"urlTemplate\":\"https:\\\/\\\/latamjournalismreview.org\\\/pt-br\\\/?s={search_term_string}\"},\"query-input\":{\"@type\":\"PropertyValueSpecification\",\"valueRequired\":true,\"valueName\":\"search_term_string\"}}],\"inLanguage\":\"pt-BR\"},{\"@type\":\"Organization\",\"@id\":\"https:\\\/\\\/latamjournalismreview.org\\\/pt-br\\\/#organization\",\"name\":\"LatAm Journalism Review\",\"url\":\"https:\\\/\\\/latamjournalismreview.org\\\/pt-br\\\/\",\"logo\":{\"@type\":\"ImageObject\",\"inLanguage\":\"pt-BR\",\"@id\":\"https:\\\/\\\/latamjournalismreview.org\\\/pt-br\\\/#\\\/schema\\\/logo\\\/image\\\/\",\"url\":\"https:\\\/\\\/latamjournalismreview.org\\\/wp-content\\\/uploads\\\/2020\\\/05\\\/knight-latAm-review-logo.svg\",\"contentUrl\":\"https:\\\/\\\/latamjournalismreview.org\\\/wp-content\\\/uploads\\\/2020\\\/05\\\/knight-latAm-review-logo.svg\",\"width\":\"1024\",\"height\":\"1024\",\"caption\":\"LatAm Journalism Review\"},\"image\":{\"@id\":\"https:\\\/\\\/latamjournalismreview.org\\\/pt-br\\\/#\\\/schema\\\/logo\\\/image\\\/\"},\"sameAs\":[\"https:\\\/\\\/x.com\\\/LatAmJournalism\"]},{\"@type\":\"Person\",\"@id\":\"https:\\\/\\\/latamjournalismreview.org\\\/pt-br\\\/#\\\/schema\\\/person\\\/dcf6dcdd6226ac8d939e2796645d17c6\",\"name\":\"C\u00e9sar L\u00f3pez Linares\",\"description\":\"C\u00e9sar L\u00f3pez Linares began his career at the Mexican newspaper REFORMA as an entertainment and media co-editor. He has written for publications such as TODO Austin, Texas Music Magazine and The Austin Chronicle. C\u00e9sar has a Master's degree in Journalism from the University of Texas at Austin and a Bachelors degree in Communication from the National Autonomous University of Mexico. He previously wrote about innovation in journalism for the Gabo Foundation in Colombia and currently reports for the Knight Center's LatAmJournalism Review digital magazine. A native of Mexico City, C\u00e9sar has become a digital nomad combining content creation with his passion for travel. ________ C\u00e9sar L\u00f3pez Linares inici\u00f3 su carrera en el diario mexicano REFORMA como coeditor de entretenimiento y medios. Ha escrito para publicaciones como TODO Austin, Texas Music Magazine y The Austin Chronicle. C\u00e9sar tiene una Maestr\u00eda en Periodismo de la Universidad de Texas en Austin y una Licenciatura en Comunicaci\u00f3n de la Universidad Nacional Aut\u00f3noma de M\u00e9xico. Previamente escribi\u00f3 sobre innovaci\u00f3n en periodismo para la Fundaci\u00f3n Gabo en Colombia y actualmente escribe para la revista digital LatAmJournalism Review del Centro Knight. Originario de la Ciudad de M\u00e9xico, C\u00e9sar se ha convertido en un n\u00f3mada digital que combina la creaci\u00f3n de contenido con su pasi\u00f3n por viajar. _________ C\u00e9sar L\u00f3pez Linares come\u00e7ou sua carreira no jornal mexicano REFORMA como coeditor de entretenimento e m\u00eddia. Ele escreveu para publica\u00e7\u00f5es como TODO Austin, Texas Music Magazine e The Austin Chronicle. C\u00e9sar tem mestrado em jornalismo pela University of Texas em Austin e \u00e9 bacharel em comunica\u00e7\u00e3o pela Universidad Nacional Aut\u00f3noma de M\u00e9xico. Antes disso, ele escreveu sobre inova\u00e7\u00e3o no jornalismo para a Funda\u00e7\u00e3o Gabo na Col\u00f4mbia. Atualmente escreve para a revista digital LatAmJournalism Review do Centro Knight. Nascido na Cidade do M\u00e9xico, C\u00e9sar se tornou um n\u00f4made digital combinando a cria\u00e7\u00e3o de conte\u00fado com sua paix\u00e3o por viagens.\",\"sameAs\":[\"https:\\\/\\\/x.com\\\/cesarisch\"],\"url\":\"https:\\\/\\\/latamjournalismreview.org\\\/pt-br\\\/articles\\\/author\\\/cesar-lopez-linares\\\/\"}]}<\/script>\n<!-- \/ Yoast SEO Premium plugin. -->","yoast_head_json":{"title":"Como usar Facebook Live no jornalismo para maior interatividade com os usu\u00e1rios: li\u00e7\u00f5es da m\u00eddia em espanhol - LatAm Journalism Review by the Knight Center","description":"Como usar Facebook Live no jornalismo para maior interatividade com os usu\u00e1rios: li\u00e7\u00f5es da m\u00eddia em espanhol Inova\u00e7\u00e3o. Latin American Journalism Review by The Knight Center at The University of Texas at Austin.","robots":{"index":"index","follow":"follow","max-snippet":"max-snippet:-1","max-image-preview":"max-image-preview:large","max-video-preview":"max-video-preview:-1"},"canonical":"https:\/\/latamjournalismreview.org\/pt-br\/articles\/como-usar-facebook-live-no-jornalismo-para-maior-interatividade-com-os-usuarios-licoes-da-midia-em-espanhol\/","og_locale":"pt_BR","og_type":"article","og_title":"Como usar Facebook Live no jornalismo para maior interatividade com os usu\u00e1rios: li\u00e7\u00f5es da m\u00eddia em espanhol","og_description":"Como usar Facebook Live no jornalismo para maior interatividade com os usu\u00e1rios: li\u00e7\u00f5es da m\u00eddia em espanhol Inova\u00e7\u00e3o. Latin American Journalism Review by The Knight Center at The University of Texas at Austin.","og_url":"https:\/\/latamjournalismreview.org\/pt-br\/articles\/como-usar-facebook-live-no-jornalismo-para-maior-interatividade-com-os-usuarios-licoes-da-midia-em-espanhol\/","og_site_name":"LatAm Journalism Review by the Knight Center","article_published_time":"2017-02-01T18:42:23+00:00","article_modified_time":"2022-05-17T18:44:25+00:00","author":"C\u00e9sar L\u00f3pez Linares","twitter_card":"summary_large_image","twitter_creator":"@cesarisch","twitter_site":"@LatAmJournalism","twitter_misc":{"Written by":"C\u00e9sar L\u00f3pez Linares","Est. reading time":"15 minutos"},"schema":{"@context":"https:\/\/schema.org","@graph":[{"@type":"Article","@id":"https:\/\/latamjournalismreview.org\/pt-br\/articles\/como-usar-facebook-live-no-jornalismo-para-maior-interatividade-com-os-usuarios-licoes-da-midia-em-espanhol\/#article","isPartOf":{"@id":"https:\/\/latamjournalismreview.org\/pt-br\/articles\/como-usar-facebook-live-no-jornalismo-para-maior-interatividade-com-os-usuarios-licoes-da-midia-em-espanhol\/"},"author":{"name":"C\u00e9sar L\u00f3pez Linares","@id":"https:\/\/latamjournalismreview.org\/pt-br\/#\/schema\/person\/dcf6dcdd6226ac8d939e2796645d17c6"},"headline":"Como usar Facebook Live no jornalismo para maior interatividade com os usu\u00e1rios: li\u00e7\u00f5es da m\u00eddia em espanhol","datePublished":"2017-02-01T18:42:23+00:00","dateModified":"2022-05-17T18:44:25+00:00","mainEntityOfPage":{"@id":"https:\/\/latamjournalismreview.org\/pt-br\/articles\/como-usar-facebook-live-no-jornalismo-para-maior-interatividade-com-os-usuarios-licoes-da-midia-em-espanhol\/"},"wordCount":3109,"publisher":{"@id":"https:\/\/latamjournalismreview.org\/pt-br\/#organization"},"keywords":["Jornalismo online","M\u00eddias sociais"],"articleSection":["Inova\u00e7\u00e3o"],"inLanguage":"pt-BR"},{"@type":"WebPage","@id":"https:\/\/latamjournalismreview.org\/pt-br\/articles\/como-usar-facebook-live-no-jornalismo-para-maior-interatividade-com-os-usuarios-licoes-da-midia-em-espanhol\/","url":"https:\/\/latamjournalismreview.org\/pt-br\/articles\/como-usar-facebook-live-no-jornalismo-para-maior-interatividade-com-os-usuarios-licoes-da-midia-em-espanhol\/","name":"Como usar Facebook Live no jornalismo para maior interatividade com os usu\u00e1rios: li\u00e7\u00f5es da m\u00eddia em espanhol - LatAm Journalism Review by the Knight Center","isPartOf":{"@id":"https:\/\/latamjournalismreview.org\/pt-br\/#website"},"datePublished":"2017-02-01T18:42:23+00:00","dateModified":"2022-05-17T18:44:25+00:00","description":"Como usar Facebook Live no jornalismo para maior interatividade com os usu\u00e1rios: li\u00e7\u00f5es da m\u00eddia em espanhol Inova\u00e7\u00e3o. Latin American Journalism Review by The Knight Center at The University of Texas at Austin.","breadcrumb":{"@id":"https:\/\/latamjournalismreview.org\/pt-br\/articles\/como-usar-facebook-live-no-jornalismo-para-maior-interatividade-com-os-usuarios-licoes-da-midia-em-espanhol\/#breadcrumb"},"inLanguage":"pt-BR","potentialAction":[{"@type":"ReadAction","target":["https:\/\/latamjournalismreview.org\/pt-br\/articles\/como-usar-facebook-live-no-jornalismo-para-maior-interatividade-com-os-usuarios-licoes-da-midia-em-espanhol\/"]}]},{"@type":"BreadcrumbList","@id":"https:\/\/latamjournalismreview.org\/pt-br\/articles\/como-usar-facebook-live-no-jornalismo-para-maior-interatividade-com-os-usuarios-licoes-da-midia-em-espanhol\/#breadcrumb","itemListElement":[{"@type":"ListItem","position":1,"name":"Home","item":"https:\/\/latamjournalismreview.org\/pt-br\/"},{"@type":"ListItem","position":2,"name":"Como usar Facebook Live no jornalismo para maior interatividade com os usu\u00e1rios: li\u00e7\u00f5es da m\u00eddia em espanhol"}]},{"@type":"WebSite","@id":"https:\/\/latamjournalismreview.org\/pt-br\/#website","url":"https:\/\/latamjournalismreview.org\/pt-br\/","name":"LatAm Journalism Review","description":"Digital magazine on journalism in Latin America","publisher":{"@id":"https:\/\/latamjournalismreview.org\/pt-br\/#organization"},"potentialAction":[{"@type":"SearchAction","target":{"@type":"EntryPoint","urlTemplate":"https:\/\/latamjournalismreview.org\/pt-br\/?s={search_term_string}"},"query-input":{"@type":"PropertyValueSpecification","valueRequired":true,"valueName":"search_term_string"}}],"inLanguage":"pt-BR"},{"@type":"Organization","@id":"https:\/\/latamjournalismreview.org\/pt-br\/#organization","name":"LatAm Journalism Review","url":"https:\/\/latamjournalismreview.org\/pt-br\/","logo":{"@type":"ImageObject","inLanguage":"pt-BR","@id":"https:\/\/latamjournalismreview.org\/pt-br\/#\/schema\/logo\/image\/","url":"https:\/\/latamjournalismreview.org\/wp-content\/uploads\/2020\/05\/knight-latAm-review-logo.svg","contentUrl":"https:\/\/latamjournalismreview.org\/wp-content\/uploads\/2020\/05\/knight-latAm-review-logo.svg","width":"1024","height":"1024","caption":"LatAm Journalism Review"},"image":{"@id":"https:\/\/latamjournalismreview.org\/pt-br\/#\/schema\/logo\/image\/"},"sameAs":["https:\/\/x.com\/LatAmJournalism"]},{"@type":"Person","@id":"https:\/\/latamjournalismreview.org\/pt-br\/#\/schema\/person\/dcf6dcdd6226ac8d939e2796645d17c6","name":"C\u00e9sar L\u00f3pez Linares","description":"C\u00e9sar L\u00f3pez Linares began his career at the Mexican newspaper REFORMA as an entertainment and media co-editor. He has written for publications such as TODO Austin, Texas Music Magazine and The Austin Chronicle. C\u00e9sar has a Master's degree in Journalism from the University of Texas at Austin and a Bachelors degree in Communication from the National Autonomous University of Mexico. He previously wrote about innovation in journalism for the Gabo Foundation in Colombia and currently reports for the Knight Center's LatAmJournalism Review digital magazine. A native of Mexico City, C\u00e9sar has become a digital nomad combining content creation with his passion for travel. ________ C\u00e9sar L\u00f3pez Linares inici\u00f3 su carrera en el diario mexicano REFORMA como coeditor de entretenimiento y medios. Ha escrito para publicaciones como TODO Austin, Texas Music Magazine y The Austin Chronicle. C\u00e9sar tiene una Maestr\u00eda en Periodismo de la Universidad de Texas en Austin y una Licenciatura en Comunicaci\u00f3n de la Universidad Nacional Aut\u00f3noma de M\u00e9xico. Previamente escribi\u00f3 sobre innovaci\u00f3n en periodismo para la Fundaci\u00f3n Gabo en Colombia y actualmente escribe para la revista digital LatAmJournalism Review del Centro Knight. Originario de la Ciudad de M\u00e9xico, C\u00e9sar se ha convertido en un n\u00f3mada digital que combina la creaci\u00f3n de contenido con su pasi\u00f3n por viajar. _________ C\u00e9sar L\u00f3pez Linares come\u00e7ou sua carreira no jornal mexicano REFORMA como coeditor de entretenimento e m\u00eddia. Ele escreveu para publica\u00e7\u00f5es como TODO Austin, Texas Music Magazine e The Austin Chronicle. C\u00e9sar tem mestrado em jornalismo pela University of Texas em Austin e \u00e9 bacharel em comunica\u00e7\u00e3o pela Universidad Nacional Aut\u00f3noma de M\u00e9xico. Antes disso, ele escreveu sobre inova\u00e7\u00e3o no jornalismo para a Funda\u00e7\u00e3o Gabo na Col\u00f4mbia. Atualmente escreve para a revista digital LatAmJournalism Review do Centro Knight. Nascido na Cidade do M\u00e9xico, C\u00e9sar se tornou um n\u00f4made digital combinando a cria\u00e7\u00e3o de conte\u00fado com sua paix\u00e3o por viagens.","sameAs":["https:\/\/x.com\/cesarisch"],"url":"https:\/\/latamjournalismreview.org\/pt-br\/articles\/author\/cesar-lopez-linares\/"}]}},"_links":{"self":[{"href":"https:\/\/latamjournalismreview.org\/pt-br\/wp-json\/wp\/v2\/posts\/54014","targetHints":{"allow":["GET"]}}],"collection":[{"href":"https:\/\/latamjournalismreview.org\/pt-br\/wp-json\/wp\/v2\/posts"}],"about":[{"href":"https:\/\/latamjournalismreview.org\/pt-br\/wp-json\/wp\/v2\/types\/post"}],"author":[{"embeddable":true,"href":"https:\/\/latamjournalismreview.org\/pt-br\/wp-json\/wp\/v2\/users\/19"}],"replies":[{"embeddable":true,"href":"https:\/\/latamjournalismreview.org\/pt-br\/wp-json\/wp\/v2\/comments?post=54014"}],"version-history":[{"count":1,"href":"https:\/\/latamjournalismreview.org\/pt-br\/wp-json\/wp\/v2\/posts\/54014\/revisions"}],"predecessor-version":[{"id":54018,"href":"https:\/\/latamjournalismreview.org\/pt-br\/wp-json\/wp\/v2\/posts\/54014\/revisions\/54018"}],"wp:attachment":[{"href":"https:\/\/latamjournalismreview.org\/pt-br\/wp-json\/wp\/v2\/media?parent=54014"}],"wp:term":[{"taxonomy":"category","embeddable":true,"href":"https:\/\/latamjournalismreview.org\/pt-br\/wp-json\/wp\/v2\/categories?post=54014"},{"taxonomy":"post_tag","embeddable":true,"href":"https:\/\/latamjournalismreview.org\/pt-br\/wp-json\/wp\/v2\/tags?post=54014"},{"taxonomy":"author","embeddable":true,"href":"https:\/\/latamjournalismreview.org\/pt-br\/wp-json\/wp\/v2\/coauthors?post=54014"}],"curies":[{"name":"wp","href":"https:\/\/api.w.org\/{rel}","templated":true}]}}