{"id":54577,"date":"2017-09-13T15:07:25","date_gmt":"2017-09-13T20:07:25","guid":{"rendered":"https:\/\/latamjournalismreview.org\/?p=54577"},"modified":"2022-05-20T15:08:11","modified_gmt":"2022-05-20T20:08:11","slug":"rede-brasileira-de-comunicadores-realiza-evento-para-debater-jornalismo-desde-a-periferia","status":"publish","type":"post","link":"https:\/\/latamjournalismreview.org\/pt-br\/articles\/rede-brasileira-de-comunicadores-realiza-evento-para-debater-jornalismo-desde-a-periferia\/","title":{"rendered":"Rede brasileira de comunicadores realiza evento para debater jornalismo desde a periferia"},"content":{"rendered":"<p>A Rede de\u00a0Jornalistas\u00a0da\u00a0Periferia\u00a0realiza\u00a0em\u00a0S\u00e3o\u00a0Paulo no\u00a0dia\u00a016 de\u00a0setembro\u00a0a\u00a0<a href=\"https:\/\/www.viradacomunicacao.org\/\">Virada Comunica\u00e7\u00e3o 2017<\/a>, um\u00a0evento\u00a0para\u00a0debater e\u00a0propor\u00a0novas\u00a0abordagens\u00a0para\u00a0o\u00a0jornalismo\u00a0a\u00a0partir\u00a0do\u00a0ponto\u00a0de vista dos\u00a0comunicadores\u00a0e dos\u00a0moradores\u00a0das\u00a0regi\u00f5es\u00a0mais\u00a0distantes\u00a0dos\u00a0centros\u00a0das\u00a0grandes\u00a0cidades\u00a0brasileiras.<\/p>\n<p>\u201cA Virada Comunica\u00e7\u00e3o parte de um questionamento: not\u00edcia tem CEP, ra\u00e7a, g\u00eanero, classe social?\u201d, disse Ronaldo Matos, membro da Rede, ao Centro Knight. Matos \u00e9 parte do coletivo\u00a0<a href=\"http:\/\/desenrolaenaomenrola.com.br\/\">Desenrola e N\u00e3o me Enrola<\/a>, um dos 13 grupos da\u00a0<a href=\"https:\/\/www.facebook.com\/redejornalistasdasperiferias\/\">Rede de Jornalistas da Periferia<\/a>, formada por comunicadores de regi\u00f5es frequentemente negligenciadas pelo poder p\u00fablico e pela cobertura da grande imprensa.<\/p>\n<p>Segundo Matos, a articula\u00e7\u00e3o entre jornalistas da periferia de S\u00e3o Paulo surgiu em setembro de 2016, durante as \u00faltimas elei\u00e7\u00f5es municipais na cidade. Os comunicadores se uniram com o objetivo de trazer para o debate eleitoral os interesses de quem mora em locais bem distantes daquele onde s\u00e3o tomadas as decis\u00f5es sobre a cidade.<\/p>\n<p>A motiva\u00e7\u00e3o principal foi a \u201cinquieta\u00e7\u00e3o de quem produzia comunica\u00e7\u00e3o na periferia em rela\u00e7\u00e3o \u00e0 abordagem da grande m\u00eddia sobre o processo eleitoral na cidade\u201d, explicou Matos. A cr\u00edtica \u00e0 cobertura da grande imprensa sobre as periferias, que determinou a cria\u00e7\u00e3o da rede, \u00e9 tamb\u00e9m o mote do evento que acontece em 16 de setembro.<\/p>\n<p>\u201cQuando a grande m\u00eddia aborda assuntos como viol\u00eancia ou infraestrutura urbana, ela mais cria estere\u00f3tipos em torno da periferia do que traz informa\u00e7\u00f5es de valor para o setor privado, para o setor p\u00fablico e para a popula\u00e7\u00e3o\u201d, disse o comunicador. \u201cQuando ela faz isso, ela cria lacunas: quem mora no centro considera quem mora na periferia um marginal, e quem mora na periferia considera quem mora no centro uma pessoa bem sucedida, quando a realidade \u00e9 bem diferente.\u201d<\/p>\n<p>A Virada Comunica\u00e7\u00e3o pretende apontar as diferen\u00e7as entre a realidade veiculada na grande imprensa e aquela vivida pelos moradores das periferias de S\u00e3o Paulo e de outras grandes cidades brasileiras. O evento\u00a0<a href=\"https:\/\/www.viradacomunicacao.org\/asmesas\">trar\u00e1 debates sobre temas<\/a>\u00a0como seguran\u00e7a p\u00fablica, educa\u00e7\u00e3o, cultura, meio ambiente, direito \u00e0 comunica\u00e7\u00e3o e diversidade de g\u00eanero, sexual e \u00e9tnico-racial nas periferias, entre outros.<\/p>\n<p>\u201cO mote da Virada \u00e9: como est\u00e1 sendo retratada a periferia na m\u00eddia? Como se deveria noticiar o que \u00e9 periferia? E como n\u00f3s, jornalistas da periferia, podemos contribuir para que a grande m\u00eddia mude sua abordagem?\u201d, explicou Matos.<\/p>\n<p>Para fomentar este debate, a organiza\u00e7\u00e3o procurou privilegiar a participa\u00e7\u00e3o de moradores das regi\u00f5es perif\u00e9ricas de S\u00e3o Paulo e de estudantes e profissionais da comunica\u00e7\u00e3o, tanto de coletivos como da m\u00eddia convencional.<\/p>\n<p>Uma caracter\u00edstica not\u00e1vel do evento, segundo ele, \u00e9 o fato de que os debates n\u00e3o trar\u00e3o somente comunicadores, mas tamb\u00e9m pesquisadores, artistas e ativistas sociais que vivem na periferia e atuam para melhorar a vida dos moradores dessas regi\u00f5es. \u201cS\u00e3o essas pessoas que s\u00e3o fonte de informa\u00e7\u00e3o na imprensa, s\u00e3o pessoas como elas que perdem seus filhos [assassinados] pela Pol\u00edcia Militar\u201d, disse Matos.<\/p>\n<p>\u201cQuando a gente coloca s\u00f3 jornalistas [no debate], a gente tem uma percep\u00e7\u00e3o em terceira pessoa, de quem conta as hist\u00f3rias. Na Virada, vamos trazer quem vive em primeira pessoa a realidade da periferia, com um jornalista que faz comunica\u00e7\u00e3o nesse lugar para mediar essas conversas\u201d, explicou o comunicador.<\/p>\n<p>Os mediadores ser\u00e3o membros de alguns dos 13 coletivos que formam a Rede:\u00a0<a href=\"http:\/\/www.almapreta.com\/\">Alma Preta<\/a>,\u00a0<a href=\"https:\/\/www.facebook.com\/CapaoNewss\/\">Cap\u00e3o News<\/a>,\u00a0<a href=\"https:\/\/www.facebook.com\/casanomeiodomundo\/\">Casa no Meio do Mundo<\/a>,\u00a0<a href=\"http:\/\/desenrolaenaomenrola.com.br\/\">Desenrola E N\u00e3o Me Enrola<\/a>,\u00a0<a href=\"https:\/\/www.facebook.com\/dicampanafotocoletivo\/\">DiCampana Foto Coletivo<\/a>,\u00a0<a href=\"http:\/\/doladodeca.com.br\/\">DoLadoDeC\u00e1<\/a>,\u00a0<a href=\"https:\/\/www.facebook.com\/ahistoriorama\/\">Historiorama<\/a>,\u00a0<a href=\"http:\/\/imargem.art.br\/\">Imargem<\/a>,\u00a0<a href=\"https:\/\/agenciamural.com.br\/\">Mural \u2013 Ag\u00eancia de Jornalismo das Periferias<\/a>,\u00a0<a href=\"http:\/\/periferiaemmovimento.com.br\/\">Periferia em Movimento<\/a>,\u00a0<a href=\"http:\/\/www.periferiainvisivel.com.br\/\">Periferia Invis\u00edvel<\/a>,\u00a0<a href=\"https:\/\/www.facebook.com\/TV-Graja%C3%BA-675004972538571\/\">TV Graja\u00fa<\/a>\u00a0e\u00a0<a href=\"http:\/\/nosmulheresdaperiferia.com.br\/\">N\u00f3s, Mulheres da Periferia<\/a>.<\/p>\n<p>O evento tamb\u00e9m vai promover interven\u00e7\u00f5es e shows de artistas da periferia e oficinas para estudantes de comunica\u00e7\u00e3o. As inscri\u00e7\u00f5es para a Virada j\u00e1 foram encerradas, mas\u00a0<a href=\"https:\/\/www.viradacomunicacao.org\/inscreva-se\">h\u00e1 uma lista de espera aberta para quem se interessar em participar do evento<\/a>, que acontecer\u00e1 no\u00a0<a href=\"https:\/\/www.facebook.com\/centroculturalgrajau\/\">Centro Cultural Graja\u00fa<\/a>, na zona sul de S\u00e3o Paulo, entre as 9h e as 22h do dia 16.<\/p>\n<p><em>Nota do editor: Essa hist\u00f3ria foi publicada originalmente no blog de jornalismo nas Am\u00e9ricas do Centro Knight, o predecessor do LatAm Journalism Review.<\/em><\/p>\n","protected":false},"excerpt":{"rendered":"<p>A Rede de\u00a0Jornalistas\u00a0da\u00a0Periferia\u00a0realiza\u00a0em\u00a0S\u00e3o\u00a0Paulo no\u00a0dia\u00a016 de\u00a0setembro\u00a0a\u00a0Virada Comunica\u00e7\u00e3o 2017, um\u00a0evento\u00a0para\u00a0debater e\u00a0propor\u00a0novas\u00a0abordagens\u00a0para\u00a0o\u00a0jornalismo\u00a0a\u00a0partir\u00a0do\u00a0ponto\u00a0de vista dos\u00a0comunicadores\u00a0e dos\u00a0moradores\u00a0das\u00a0regi\u00f5es\u00a0mais\u00a0distantes\u00a0dos\u00a0centros\u00a0das\u00a0grandes\u00a0cidades\u00a0brasileiras.<\/p>\n","protected":false},"author":16,"featured_media":0,"comment_status":"closed","ping_status":"closed","sticky":false,"template":"","format":"standard","meta":{"inline_featured_image":false,"footnotes":""},"categories":[1228],"tags":[],"coauthors":[],"class_list":["post-54577","post","type-post","status-publish","format-standard","hentry","category-acesso-a-informacao-pt-br"],"acf":[],"yoast_head":"<!-- This site is optimized with the Yoast SEO Premium plugin v22.6 (Yoast SEO v27.4) - https:\/\/yoast.com\/product\/yoast-seo-premium-wordpress\/ -->\n<title>Rede brasileira de comunicadores realiza evento para debater jornalismo desde a periferia - LatAm Journalism Review by the Knight Center<\/title>\n<meta name=\"description\" content=\"Rede brasileira de comunicadores realiza evento para debater jornalismo desde a periferia Acesso a informa\u00e7\u00e3o. Latin American Journalism Review by The Knight Center at The University of Texas at Austin.\" \/>\n<meta name=\"robots\" content=\"index, follow, max-snippet:-1, max-image-preview:large, max-video-preview:-1\" \/>\n<link rel=\"canonical\" href=\"https:\/\/latamjournalismreview.org\/pt-br\/articles\/rede-brasileira-de-comunicadores-realiza-evento-para-debater-jornalismo-desde-a-periferia\/\" \/>\n<meta property=\"og:locale\" content=\"pt_BR\" \/>\n<meta property=\"og:type\" content=\"article\" \/>\n<meta property=\"og:title\" content=\"Rede brasileira de comunicadores realiza evento para debater jornalismo desde a periferia\" \/>\n<meta property=\"og:description\" content=\"Rede brasileira de comunicadores realiza evento para debater jornalismo desde a periferia Acesso a informa\u00e7\u00e3o. Latin American Journalism Review by The Knight Center at The University of Texas at Austin.\" \/>\n<meta property=\"og:url\" content=\"https:\/\/latamjournalismreview.org\/pt-br\/articles\/rede-brasileira-de-comunicadores-realiza-evento-para-debater-jornalismo-desde-a-periferia\/\" \/>\n<meta property=\"og:site_name\" content=\"LatAm Journalism Review by the Knight Center\" \/>\n<meta property=\"article:published_time\" content=\"2017-09-13T20:07:25+00:00\" \/>\n<meta property=\"article:modified_time\" content=\"2022-05-20T20:08:11+00:00\" \/>\n<meta name=\"author\" content=\"Carolina de Assis\" \/>\n<meta name=\"twitter:card\" content=\"summary_large_image\" \/>\n<meta name=\"twitter:creator\" content=\"@LatAmJournalism\" \/>\n<meta name=\"twitter:site\" content=\"@LatAmJournalism\" \/>\n<meta name=\"twitter:label1\" content=\"Written by\" \/>\n\t<meta name=\"twitter:data1\" content=\"Carolina de Assis\" \/>\n\t<meta name=\"twitter:label2\" content=\"Est. reading time\" \/>\n\t<meta name=\"twitter:data2\" content=\"4 minutos\" \/>\n<script type=\"application\/ld+json\" class=\"yoast-schema-graph\">{\"@context\":\"https:\\\/\\\/schema.org\",\"@graph\":[{\"@type\":\"Article\",\"@id\":\"https:\\\/\\\/latamjournalismreview.org\\\/pt-br\\\/articles\\\/rede-brasileira-de-comunicadores-realiza-evento-para-debater-jornalismo-desde-a-periferia\\\/#article\",\"isPartOf\":{\"@id\":\"https:\\\/\\\/latamjournalismreview.org\\\/pt-br\\\/articles\\\/rede-brasileira-de-comunicadores-realiza-evento-para-debater-jornalismo-desde-a-periferia\\\/\"},\"author\":{\"name\":\"Carolina de Assis\",\"@id\":\"https:\\\/\\\/latamjournalismreview.org\\\/pt-br\\\/#\\\/schema\\\/person\\\/f98b544e2f231a237f39a56cc9a00a9a\"},\"headline\":\"Rede brasileira de comunicadores realiza evento para debater jornalismo desde a periferia\",\"datePublished\":\"2017-09-13T20:07:25+00:00\",\"dateModified\":\"2022-05-20T20:08:11+00:00\",\"mainEntityOfPage\":{\"@id\":\"https:\\\/\\\/latamjournalismreview.org\\\/pt-br\\\/articles\\\/rede-brasileira-de-comunicadores-realiza-evento-para-debater-jornalismo-desde-a-periferia\\\/\"},\"wordCount\":743,\"publisher\":{\"@id\":\"https:\\\/\\\/latamjournalismreview.org\\\/pt-br\\\/#organization\"},\"articleSection\":[\"Acesso a informa\u00e7\u00e3o\"],\"inLanguage\":\"pt-BR\"},{\"@type\":\"WebPage\",\"@id\":\"https:\\\/\\\/latamjournalismreview.org\\\/pt-br\\\/articles\\\/rede-brasileira-de-comunicadores-realiza-evento-para-debater-jornalismo-desde-a-periferia\\\/\",\"url\":\"https:\\\/\\\/latamjournalismreview.org\\\/pt-br\\\/articles\\\/rede-brasileira-de-comunicadores-realiza-evento-para-debater-jornalismo-desde-a-periferia\\\/\",\"name\":\"Rede brasileira de comunicadores realiza evento para debater jornalismo desde a periferia - LatAm Journalism Review by the Knight Center\",\"isPartOf\":{\"@id\":\"https:\\\/\\\/latamjournalismreview.org\\\/pt-br\\\/#website\"},\"datePublished\":\"2017-09-13T20:07:25+00:00\",\"dateModified\":\"2022-05-20T20:08:11+00:00\",\"description\":\"Rede brasileira de comunicadores realiza evento para debater jornalismo desde a periferia Acesso a informa\u00e7\u00e3o. Latin American Journalism Review by The Knight Center at The University of Texas at Austin.\",\"breadcrumb\":{\"@id\":\"https:\\\/\\\/latamjournalismreview.org\\\/pt-br\\\/articles\\\/rede-brasileira-de-comunicadores-realiza-evento-para-debater-jornalismo-desde-a-periferia\\\/#breadcrumb\"},\"inLanguage\":\"pt-BR\",\"potentialAction\":[{\"@type\":\"ReadAction\",\"target\":[\"https:\\\/\\\/latamjournalismreview.org\\\/pt-br\\\/articles\\\/rede-brasileira-de-comunicadores-realiza-evento-para-debater-jornalismo-desde-a-periferia\\\/\"]}]},{\"@type\":\"BreadcrumbList\",\"@id\":\"https:\\\/\\\/latamjournalismreview.org\\\/pt-br\\\/articles\\\/rede-brasileira-de-comunicadores-realiza-evento-para-debater-jornalismo-desde-a-periferia\\\/#breadcrumb\",\"itemListElement\":[{\"@type\":\"ListItem\",\"position\":1,\"name\":\"Home\",\"item\":\"https:\\\/\\\/latamjournalismreview.org\\\/pt-br\\\/\"},{\"@type\":\"ListItem\",\"position\":2,\"name\":\"Rede brasileira de comunicadores realiza evento para debater jornalismo desde a periferia\"}]},{\"@type\":\"WebSite\",\"@id\":\"https:\\\/\\\/latamjournalismreview.org\\\/pt-br\\\/#website\",\"url\":\"https:\\\/\\\/latamjournalismreview.org\\\/pt-br\\\/\",\"name\":\"LatAm Journalism Review\",\"description\":\"Digital magazine on journalism in Latin America\",\"publisher\":{\"@id\":\"https:\\\/\\\/latamjournalismreview.org\\\/pt-br\\\/#organization\"},\"potentialAction\":[{\"@type\":\"SearchAction\",\"target\":{\"@type\":\"EntryPoint\",\"urlTemplate\":\"https:\\\/\\\/latamjournalismreview.org\\\/pt-br\\\/?s={search_term_string}\"},\"query-input\":{\"@type\":\"PropertyValueSpecification\",\"valueRequired\":true,\"valueName\":\"search_term_string\"}}],\"inLanguage\":\"pt-BR\"},{\"@type\":\"Organization\",\"@id\":\"https:\\\/\\\/latamjournalismreview.org\\\/pt-br\\\/#organization\",\"name\":\"LatAm Journalism Review\",\"url\":\"https:\\\/\\\/latamjournalismreview.org\\\/pt-br\\\/\",\"logo\":{\"@type\":\"ImageObject\",\"inLanguage\":\"pt-BR\",\"@id\":\"https:\\\/\\\/latamjournalismreview.org\\\/pt-br\\\/#\\\/schema\\\/logo\\\/image\\\/\",\"url\":\"https:\\\/\\\/latamjournalismreview.org\\\/wp-content\\\/uploads\\\/2020\\\/05\\\/knight-latAm-review-logo.svg\",\"contentUrl\":\"https:\\\/\\\/latamjournalismreview.org\\\/wp-content\\\/uploads\\\/2020\\\/05\\\/knight-latAm-review-logo.svg\",\"width\":\"1024\",\"height\":\"1024\",\"caption\":\"LatAm Journalism Review\"},\"image\":{\"@id\":\"https:\\\/\\\/latamjournalismreview.org\\\/pt-br\\\/#\\\/schema\\\/logo\\\/image\\\/\"},\"sameAs\":[\"https:\\\/\\\/x.com\\\/LatAmJournalism\"]},{\"@type\":\"Person\",\"@id\":\"https:\\\/\\\/latamjournalismreview.org\\\/pt-br\\\/#\\\/schema\\\/person\\\/f98b544e2f231a237f39a56cc9a00a9a\",\"name\":\"Carolina de Assis\",\"description\":\"Carolina de Assis is a Brazilian journalist and researcher who lives in Juiz de Fora, MG, Brazil. She holds a master's degree in Women\u2019s and Gender Studies from the GEMMA Programme \u2013 Universit\u00e0 di Bologna (Italy) \\\/ Universiteit Utrecht (The Netherlands) and has worked as an editor at G\u00eanero e N\u00famero, a Brazilian digital magazine focused on data journalism and gender issues. She is especially interested in journalistic initiatives aimed at promoting human rights and gender justice. You can find her on Twitter: @caroldeassis _________ Carolina de Assis es una periodista e investigadora brasile\u00f1a que vive en Juiz de Fora, MG, Brasil . Tiene una maestr\u00eda en Estudios de las Mujeres y de G\u00e9nero del programa GEMMA \u2013 Universit\u00e0 di Bologna (Italia) \\\/ Universiteit Utrecht (Holanda). Trabaj\u00f3 como editora en la revista digital brasile\u00f1a G\u00eanero e N\u00famero. Le interesan especialmente iniciativas period\u00edsticas que tienen el objetivo de promover los derechos humanos y la justicia de g\u00e9nero. Puedes encontrarla en Twitter: @caroldeassis. _______ Carolina de Assis \u00e9 uma jornalista e pesquisadora brasileira que vive em Juiz de Fora (MG). \u00c9 mestra em Estudos da Mulher e de G\u00eanero pelo programa GEMMA \u2013 Universit\u00e0 di Bologna (It\u00e1lia) \\\/ Universiteit Utrecht (Holanda). Trabalhou como editora na revista digital G\u00eanero e N\u00famero e se interessa especialmente por iniciativas jornal\u00edsticas que promovam os direitos humanos e a justi\u00e7a de g\u00eanero. Voc\u00ea pode encontr\u00e1-la no Twitter em @caroldeassis.\",\"url\":\"https:\\\/\\\/latamjournalismreview.org\\\/pt-br\\\/articles\\\/author\\\/carolina-de-assis\\\/\"}]}<\/script>\n<!-- \/ Yoast SEO Premium plugin. -->","yoast_head_json":{"title":"Rede brasileira de comunicadores realiza evento para debater jornalismo desde a periferia - LatAm Journalism Review by the Knight Center","description":"Rede brasileira de comunicadores realiza evento para debater jornalismo desde a periferia Acesso a informa\u00e7\u00e3o. Latin American Journalism Review by The Knight Center at The University of Texas at Austin.","robots":{"index":"index","follow":"follow","max-snippet":"max-snippet:-1","max-image-preview":"max-image-preview:large","max-video-preview":"max-video-preview:-1"},"canonical":"https:\/\/latamjournalismreview.org\/pt-br\/articles\/rede-brasileira-de-comunicadores-realiza-evento-para-debater-jornalismo-desde-a-periferia\/","og_locale":"pt_BR","og_type":"article","og_title":"Rede brasileira de comunicadores realiza evento para debater jornalismo desde a periferia","og_description":"Rede brasileira de comunicadores realiza evento para debater jornalismo desde a periferia Acesso a informa\u00e7\u00e3o. Latin American Journalism Review by The Knight Center at The University of Texas at Austin.","og_url":"https:\/\/latamjournalismreview.org\/pt-br\/articles\/rede-brasileira-de-comunicadores-realiza-evento-para-debater-jornalismo-desde-a-periferia\/","og_site_name":"LatAm Journalism Review by the Knight Center","article_published_time":"2017-09-13T20:07:25+00:00","article_modified_time":"2022-05-20T20:08:11+00:00","author":"Carolina de Assis","twitter_card":"summary_large_image","twitter_creator":"@LatAmJournalism","twitter_site":"@LatAmJournalism","twitter_misc":{"Written by":"Carolina de Assis","Est. reading time":"4 minutos"},"schema":{"@context":"https:\/\/schema.org","@graph":[{"@type":"Article","@id":"https:\/\/latamjournalismreview.org\/pt-br\/articles\/rede-brasileira-de-comunicadores-realiza-evento-para-debater-jornalismo-desde-a-periferia\/#article","isPartOf":{"@id":"https:\/\/latamjournalismreview.org\/pt-br\/articles\/rede-brasileira-de-comunicadores-realiza-evento-para-debater-jornalismo-desde-a-periferia\/"},"author":{"name":"Carolina de Assis","@id":"https:\/\/latamjournalismreview.org\/pt-br\/#\/schema\/person\/f98b544e2f231a237f39a56cc9a00a9a"},"headline":"Rede brasileira de comunicadores realiza evento para debater jornalismo desde a periferia","datePublished":"2017-09-13T20:07:25+00:00","dateModified":"2022-05-20T20:08:11+00:00","mainEntityOfPage":{"@id":"https:\/\/latamjournalismreview.org\/pt-br\/articles\/rede-brasileira-de-comunicadores-realiza-evento-para-debater-jornalismo-desde-a-periferia\/"},"wordCount":743,"publisher":{"@id":"https:\/\/latamjournalismreview.org\/pt-br\/#organization"},"articleSection":["Acesso a informa\u00e7\u00e3o"],"inLanguage":"pt-BR"},{"@type":"WebPage","@id":"https:\/\/latamjournalismreview.org\/pt-br\/articles\/rede-brasileira-de-comunicadores-realiza-evento-para-debater-jornalismo-desde-a-periferia\/","url":"https:\/\/latamjournalismreview.org\/pt-br\/articles\/rede-brasileira-de-comunicadores-realiza-evento-para-debater-jornalismo-desde-a-periferia\/","name":"Rede brasileira de comunicadores realiza evento para debater jornalismo desde a periferia - LatAm Journalism Review by the Knight Center","isPartOf":{"@id":"https:\/\/latamjournalismreview.org\/pt-br\/#website"},"datePublished":"2017-09-13T20:07:25+00:00","dateModified":"2022-05-20T20:08:11+00:00","description":"Rede brasileira de comunicadores realiza evento para debater jornalismo desde a periferia Acesso a informa\u00e7\u00e3o. Latin American Journalism Review by The Knight Center at The University of Texas at Austin.","breadcrumb":{"@id":"https:\/\/latamjournalismreview.org\/pt-br\/articles\/rede-brasileira-de-comunicadores-realiza-evento-para-debater-jornalismo-desde-a-periferia\/#breadcrumb"},"inLanguage":"pt-BR","potentialAction":[{"@type":"ReadAction","target":["https:\/\/latamjournalismreview.org\/pt-br\/articles\/rede-brasileira-de-comunicadores-realiza-evento-para-debater-jornalismo-desde-a-periferia\/"]}]},{"@type":"BreadcrumbList","@id":"https:\/\/latamjournalismreview.org\/pt-br\/articles\/rede-brasileira-de-comunicadores-realiza-evento-para-debater-jornalismo-desde-a-periferia\/#breadcrumb","itemListElement":[{"@type":"ListItem","position":1,"name":"Home","item":"https:\/\/latamjournalismreview.org\/pt-br\/"},{"@type":"ListItem","position":2,"name":"Rede brasileira de comunicadores realiza evento para debater jornalismo desde a periferia"}]},{"@type":"WebSite","@id":"https:\/\/latamjournalismreview.org\/pt-br\/#website","url":"https:\/\/latamjournalismreview.org\/pt-br\/","name":"LatAm Journalism Review","description":"Digital magazine on journalism in Latin America","publisher":{"@id":"https:\/\/latamjournalismreview.org\/pt-br\/#organization"},"potentialAction":[{"@type":"SearchAction","target":{"@type":"EntryPoint","urlTemplate":"https:\/\/latamjournalismreview.org\/pt-br\/?s={search_term_string}"},"query-input":{"@type":"PropertyValueSpecification","valueRequired":true,"valueName":"search_term_string"}}],"inLanguage":"pt-BR"},{"@type":"Organization","@id":"https:\/\/latamjournalismreview.org\/pt-br\/#organization","name":"LatAm Journalism Review","url":"https:\/\/latamjournalismreview.org\/pt-br\/","logo":{"@type":"ImageObject","inLanguage":"pt-BR","@id":"https:\/\/latamjournalismreview.org\/pt-br\/#\/schema\/logo\/image\/","url":"https:\/\/latamjournalismreview.org\/wp-content\/uploads\/2020\/05\/knight-latAm-review-logo.svg","contentUrl":"https:\/\/latamjournalismreview.org\/wp-content\/uploads\/2020\/05\/knight-latAm-review-logo.svg","width":"1024","height":"1024","caption":"LatAm Journalism Review"},"image":{"@id":"https:\/\/latamjournalismreview.org\/pt-br\/#\/schema\/logo\/image\/"},"sameAs":["https:\/\/x.com\/LatAmJournalism"]},{"@type":"Person","@id":"https:\/\/latamjournalismreview.org\/pt-br\/#\/schema\/person\/f98b544e2f231a237f39a56cc9a00a9a","name":"Carolina de Assis","description":"Carolina de Assis is a Brazilian journalist and researcher who lives in Juiz de Fora, MG, Brazil. She holds a master's degree in Women\u2019s and Gender Studies from the GEMMA Programme \u2013 Universit\u00e0 di Bologna (Italy) \/ Universiteit Utrecht (The Netherlands) and has worked as an editor at G\u00eanero e N\u00famero, a Brazilian digital magazine focused on data journalism and gender issues. She is especially interested in journalistic initiatives aimed at promoting human rights and gender justice. You can find her on Twitter: @caroldeassis _________ Carolina de Assis es una periodista e investigadora brasile\u00f1a que vive en Juiz de Fora, MG, Brasil . Tiene una maestr\u00eda en Estudios de las Mujeres y de G\u00e9nero del programa GEMMA \u2013 Universit\u00e0 di Bologna (Italia) \/ Universiteit Utrecht (Holanda). Trabaj\u00f3 como editora en la revista digital brasile\u00f1a G\u00eanero e N\u00famero. Le interesan especialmente iniciativas period\u00edsticas que tienen el objetivo de promover los derechos humanos y la justicia de g\u00e9nero. Puedes encontrarla en Twitter: @caroldeassis. _______ Carolina de Assis \u00e9 uma jornalista e pesquisadora brasileira que vive em Juiz de Fora (MG). \u00c9 mestra em Estudos da Mulher e de G\u00eanero pelo programa GEMMA \u2013 Universit\u00e0 di Bologna (It\u00e1lia) \/ Universiteit Utrecht (Holanda). Trabalhou como editora na revista digital G\u00eanero e N\u00famero e se interessa especialmente por iniciativas jornal\u00edsticas que promovam os direitos humanos e a justi\u00e7a de g\u00eanero. Voc\u00ea pode encontr\u00e1-la no Twitter em @caroldeassis.","url":"https:\/\/latamjournalismreview.org\/pt-br\/articles\/author\/carolina-de-assis\/"}]}},"_links":{"self":[{"href":"https:\/\/latamjournalismreview.org\/pt-br\/wp-json\/wp\/v2\/posts\/54577","targetHints":{"allow":["GET"]}}],"collection":[{"href":"https:\/\/latamjournalismreview.org\/pt-br\/wp-json\/wp\/v2\/posts"}],"about":[{"href":"https:\/\/latamjournalismreview.org\/pt-br\/wp-json\/wp\/v2\/types\/post"}],"author":[{"embeddable":true,"href":"https:\/\/latamjournalismreview.org\/pt-br\/wp-json\/wp\/v2\/users\/16"}],"replies":[{"embeddable":true,"href":"https:\/\/latamjournalismreview.org\/pt-br\/wp-json\/wp\/v2\/comments?post=54577"}],"version-history":[{"count":1,"href":"https:\/\/latamjournalismreview.org\/pt-br\/wp-json\/wp\/v2\/posts\/54577\/revisions"}],"predecessor-version":[{"id":54578,"href":"https:\/\/latamjournalismreview.org\/pt-br\/wp-json\/wp\/v2\/posts\/54577\/revisions\/54578"}],"wp:attachment":[{"href":"https:\/\/latamjournalismreview.org\/pt-br\/wp-json\/wp\/v2\/media?parent=54577"}],"wp:term":[{"taxonomy":"category","embeddable":true,"href":"https:\/\/latamjournalismreview.org\/pt-br\/wp-json\/wp\/v2\/categories?post=54577"},{"taxonomy":"post_tag","embeddable":true,"href":"https:\/\/latamjournalismreview.org\/pt-br\/wp-json\/wp\/v2\/tags?post=54577"},{"taxonomy":"author","embeddable":true,"href":"https:\/\/latamjournalismreview.org\/pt-br\/wp-json\/wp\/v2\/coauthors?post=54577"}],"curies":[{"name":"wp","href":"https:\/\/api.w.org\/{rel}","templated":true}]}}