{"id":54883,"date":"2017-11-27T13:08:42","date_gmt":"2017-11-27T18:08:42","guid":{"rendered":"https:\/\/latamjournalismreview.org\/?p=54883"},"modified":"2022-05-23T13:09:58","modified_gmt":"2022-05-23T18:09:58","slug":"jornalista-venezuelano-deixa-pais-devido-a-supostas-ameacas-apos-publicar-reportagem-sobre-prisao-de-tocoron","status":"publish","type":"post","link":"https:\/\/latamjournalismreview.org\/pt-br\/articles\/jornalista-venezuelano-deixa-pais-devido-a-supostas-ameacas-apos-publicar-reportagem-sobre-prisao-de-tocoron\/","title":{"rendered":"Jornalista venezuelano deixa pa\u00eds devido a supostas amea\u00e7as ap\u00f3s publicar reportagem sobre pris\u00e3o de Tocor\u00f3n"},"content":{"rendered":"<p dir=\"ltr\">O jornalista venezuelano Jes\u00fas Medina anunciou no dia 23 de novembro que saiu do pa\u00eds devido a amea\u00e7as contra ele e sua fam\u00edlia em fun\u00e7\u00e3o de seu trabalho. Medina\u00a0<a href=\"https:\/\/knightcenter.utexas.edu\/pt-br\/blog\/00-18985-encontrado-vivo-jornalista-venezuelano-que-desapareceu-apos-publicar-reportagem-sobre-\">passou dois dias desaparecido no come\u00e7o de novembro<\/a>, no que ele qualifica como um sequestro em raz\u00e3o de sua reportagem sobre como a pris\u00e3o de Tocor\u00f3n, no norte da Venezuela, \u00e9 supostamente controlada pelos presos que cumprem pena no local.<\/p>\n<p dir=\"ltr\">\u201cTive que sair de meu pa\u00eds, a Venezuela, pela persegui\u00e7\u00e3o do Estado venezuelano, pela persegui\u00e7\u00e3o do governo de Nicol\u00e1s Maduro\u201d,\u00a0<a href=\"https:\/\/twitter.com\/jesusmedinae\/status\/933755323244048385\">disse Medina em v\u00eddeo publicado em seu perfil no Twitter<\/a>\u00a0e registrado desde o lado colombiano da fronteira entre os dois pa\u00edses.<\/p>\n<p dir=\"ltr\">No v\u00eddeo, Medina acusou o Servi\u00e7o Bolivariano de Intelig\u00eancia Nacional (Sebin) e Diosdado Cabello, l\u00edder chavista e atual deputado na Assembleia Nacional Constituinte venezuelana, como respons\u00e1veis pelo suposto sequestro e amea\u00e7as que vem recebendo. Ele tamb\u00e9m disse que estas autoridades criaram \u201cbots\u201d, contas fantasmas nas redes sociais, para amea\u00e7\u00e1-lo, e que \u201ch\u00e1 muit\u00edssimos militares vinculados ao meu sequestro\u201d.<\/p>\n<p dir=\"ltr\">Em outubro, enquanto reportava na pris\u00e3o de Tocor\u00f3n,\u00a0<a href=\"https:\/\/knightcenter.utexas.edu\/pt-br\/blog\/00-18872-jornalistas-estrangeiros-e-venezuelano-sao-liberados-apos-terem-sido-detidos-enquanto-\">Medina e outros dois jornalistas foram detidos pela Guarda Nacional Bolivariana (GNB) por dois dias<\/a>. O venezuelano\u00a0<a href=\"https:\/\/elpais.com\/internacional\/2017\/10\/08\/america\/1507423704_923615.html\">teria sido detido por trabalhar no site Dolar Today<\/a>, supostamente bloqueado pelo governo venezuelano por informar sobre a taxa de c\u00e2mbio do mercado negro de moedas e publicar artigos \"contr\u00e1rios ao regime chavista\", segundo informou o El Pa\u00eds na ocasi\u00e3o.<\/p>\n<p dir=\"ltr\">A reportagem de Medina,\u00a0<a href=\"https:\/\/dolartoday.com\/video\/paraiso-del-hampa-entre-lujos-y-sembradios-de-marihuana-asi-viven-los-presos-en-la-carcel-de-tocoron\/\">publicada no fim de outubro<\/a>, afirma que a pris\u00e3o no norte da Venezuela \u00e9 controlada por um l\u00edder criminoso chamado \u201cEl Ni\u00f1o Guerrero\u201d, que supostamente \u201ctem mais poder do que o diretor encarregado pelo Minist\u00e9rio do Sistema Penitenci\u00e1rio\u201d.<\/p>\n<p dir=\"ltr\">Em 4 de novembro, Medina desapareceu, reaparecendo na noite de 6 de novembro no quil\u00f4metro 1 da rodovia Caracas - La Guaira. O jornalista\u00a0<a href=\"http:\/\/www.el-nacional.com\/noticias\/sociedad\/hallaron-jesus-medina-caracas-la-guaira_210718\">estava seminu e com graves golpes em seu rosto e em seu corpo<\/a>, informou na \u00e9poca El Nacional.<\/p>\n<p dir=\"ltr\">Na ocasi\u00e3o, Medina disse por meio de sua conta no Twitter que foi torturado e amea\u00e7ado de morte pela pessoas que o sequestraram, e\u00a0<a href=\"https:\/\/contactohoy.com.mx\/periodista-venezolano-fue-torturado-y-estuvo-encapuchado-durante-su-secuestro\/\">em entrevista coletiva \u00e0 imprensa disse n\u00e3o saber<\/a>\u00a0se essas pessoas pertenciam a for\u00e7as pol\u00edticas, armadas ou ao crime organizado, reportou ent\u00e3o o site Contacto Hoy.<\/p>\n<p dir=\"ltr\">O deputado constituinte Cabello disse em seu programa de TV \u201cCon el mazo dando\u201d do dia 8 de novembro que\u00a0<a href=\"http:\/\/www.talcualdigital.com\/Nota\/151830\/reportero-jesus-medina-acusa-a-diosdado-cabello-de-su-secuestro\">o suposto sequestro de Medina \u201ccheirava mal\u201d<\/a>. \u201cTomara que os \u00f3rg\u00e3os de seguran\u00e7a investiguem o que tem que ser investigado e saia a verdade verdadeira\u201d, afirmou, acrescentando que poderia se tratar de uma \u201csimula\u00e7\u00e3o\u201d.<\/p>\n<p dir=\"ltr\">No v\u00eddeo que postou no Twitter, Medina respondeu \u00e0 afirma\u00e7\u00e3o de Cabello pedindo que o deputado mostrasse a declara\u00e7\u00e3o do jornalista em seu programa, exibido semanalmente pela emissora estatal VTV.<\/p>\n<p dir=\"ltr\">Em entrevista \u00e0 ag\u00eancia Efe publicada em 26 de novembro, Medina\u00a0<a href=\"http:\/\/www.lavanguardia.com\/politica\/20171127\/433238254904\/periodista-venezolano-victima-de-secuestro-viajo-a-colombia-por-amenazas.html\">disse que vai passar alguns dias em Bogot\u00e1, capital colombiana, e que buscar\u00e1 apoio e prote\u00e7\u00e3o internacional<\/a>. Ele tamb\u00e9m afirmou que pretende voltar em breve \u00e0 Venezuela.<\/p>\n<p dir=\"ltr\">\u201c\u00d3bvio que n\u00e3o vou poder entrar por via a\u00e9rea, mas vou entrar por alguma trilha, por algum lugar eu vou voltar \u00e0 Venezuela e vou seguir a luta de dentro\u201d, disse o jornalista.<\/p>\n<p><em>Nota do editor: Essa hist\u00f3ria foi publicada originalmente no blog de jornalismo nas Am\u00e9ricas do Centro Knight, o predecessor do LatAm Journalism Review.<\/em><\/p>\n","protected":false},"excerpt":{"rendered":"<p>O jornalista venezuelano Jes\u00fas Medina anunciou no dia 23 de novembro que saiu do pa\u00eds devido a amea\u00e7as contra ele e sua fam\u00edlia em fun\u00e7\u00e3o de seu trabalho. Medina\u00a0passou dois dias desaparecido no come\u00e7o de novembro, no que ele qualifica como um sequestro em raz\u00e3o de sua reportagem sobre como a pris\u00e3o de Tocor\u00f3n, no norte da Venezuela, \u00e9 supostamente controlada pelos presos que cumprem pena no local.<\/p>\n","protected":false},"author":16,"featured_media":0,"comment_status":"closed","ping_status":"closed","sticky":false,"template":"","format":"standard","meta":{"inline_featured_image":false,"footnotes":""},"categories":[1219],"tags":[1613,2051,1402],"coauthors":[],"class_list":["post-54883","post","type-post","status-publish","format-standard","hentry","category-liberdade-de-imprensa-pt-br","tag-ameacas-a-jornalistas-pt-br","tag-liberdade-de-expressao-pt-br","tag-venezuela-pt-br"],"acf":[],"yoast_head":"<!-- This site is optimized with the Yoast SEO Premium plugin v22.6 (Yoast SEO v27.4) - https:\/\/yoast.com\/product\/yoast-seo-premium-wordpress\/ -->\n<title>Jornalista venezuelano deixa pa\u00eds devido a supostas amea\u00e7as ap\u00f3s publicar reportagem sobre pris\u00e3o de Tocor\u00f3n - LatAm Journalism Review by the Knight Center<\/title>\n<meta name=\"description\" content=\"Jornalista venezuelano deixa pa\u00eds devido a supostas amea\u00e7as ap\u00f3s publicar reportagem sobre pris\u00e3o de Tocor\u00f3n Liberdade de imprensa. Latin American Journalism Review by The Knight Center at The University of Texas at Austin.\" \/>\n<meta name=\"robots\" content=\"index, follow, max-snippet:-1, max-image-preview:large, max-video-preview:-1\" \/>\n<link rel=\"canonical\" href=\"https:\/\/latamjournalismreview.org\/pt-br\/articles\/jornalista-venezuelano-deixa-pais-devido-a-supostas-ameacas-apos-publicar-reportagem-sobre-prisao-de-tocoron\/\" \/>\n<meta property=\"og:locale\" content=\"pt_BR\" \/>\n<meta property=\"og:type\" content=\"article\" \/>\n<meta property=\"og:title\" content=\"Jornalista venezuelano deixa pa\u00eds devido a supostas amea\u00e7as ap\u00f3s publicar reportagem sobre pris\u00e3o de Tocor\u00f3n\" \/>\n<meta property=\"og:description\" content=\"Jornalista venezuelano deixa pa\u00eds devido a supostas amea\u00e7as ap\u00f3s publicar reportagem sobre pris\u00e3o de Tocor\u00f3n Liberdade de imprensa. Latin American Journalism Review by The Knight Center at The University of Texas at Austin.\" \/>\n<meta property=\"og:url\" content=\"https:\/\/latamjournalismreview.org\/pt-br\/articles\/jornalista-venezuelano-deixa-pais-devido-a-supostas-ameacas-apos-publicar-reportagem-sobre-prisao-de-tocoron\/\" \/>\n<meta property=\"og:site_name\" content=\"LatAm Journalism Review by the Knight Center\" \/>\n<meta property=\"article:published_time\" content=\"2017-11-27T18:08:42+00:00\" \/>\n<meta property=\"article:modified_time\" content=\"2022-05-23T18:09:58+00:00\" \/>\n<meta name=\"author\" content=\"Carolina de Assis\" \/>\n<meta name=\"twitter:card\" content=\"summary_large_image\" \/>\n<meta name=\"twitter:creator\" content=\"@LatAmJournalism\" \/>\n<meta name=\"twitter:site\" content=\"@LatAmJournalism\" \/>\n<meta name=\"twitter:label1\" content=\"Written by\" \/>\n\t<meta name=\"twitter:data1\" content=\"Carolina de Assis\" \/>\n\t<meta name=\"twitter:label2\" content=\"Est. reading time\" \/>\n\t<meta name=\"twitter:data2\" content=\"3 minutos\" \/>\n<script type=\"application\/ld+json\" class=\"yoast-schema-graph\">{\"@context\":\"https:\\\/\\\/schema.org\",\"@graph\":[{\"@type\":\"Article\",\"@id\":\"https:\\\/\\\/latamjournalismreview.org\\\/pt-br\\\/articles\\\/jornalista-venezuelano-deixa-pais-devido-a-supostas-ameacas-apos-publicar-reportagem-sobre-prisao-de-tocoron\\\/#article\",\"isPartOf\":{\"@id\":\"https:\\\/\\\/latamjournalismreview.org\\\/pt-br\\\/articles\\\/jornalista-venezuelano-deixa-pais-devido-a-supostas-ameacas-apos-publicar-reportagem-sobre-prisao-de-tocoron\\\/\"},\"author\":{\"name\":\"Carolina de Assis\",\"@id\":\"https:\\\/\\\/latamjournalismreview.org\\\/pt-br\\\/#\\\/schema\\\/person\\\/f98b544e2f231a237f39a56cc9a00a9a\"},\"headline\":\"Jornalista venezuelano deixa pa\u00eds devido a supostas amea\u00e7as ap\u00f3s publicar reportagem sobre pris\u00e3o de Tocor\u00f3n\",\"datePublished\":\"2017-11-27T18:08:42+00:00\",\"dateModified\":\"2022-05-23T18:09:58+00:00\",\"mainEntityOfPage\":{\"@id\":\"https:\\\/\\\/latamjournalismreview.org\\\/pt-br\\\/articles\\\/jornalista-venezuelano-deixa-pais-devido-a-supostas-ameacas-apos-publicar-reportagem-sobre-prisao-de-tocoron\\\/\"},\"wordCount\":608,\"publisher\":{\"@id\":\"https:\\\/\\\/latamjournalismreview.org\\\/pt-br\\\/#organization\"},\"keywords\":[\"Amea\u00e7as a jornalistas\",\"Liberdade de express\u00e3o\",\"Venezuela\"],\"articleSection\":[\"Liberdade de imprensa\"],\"inLanguage\":\"pt-BR\"},{\"@type\":\"WebPage\",\"@id\":\"https:\\\/\\\/latamjournalismreview.org\\\/pt-br\\\/articles\\\/jornalista-venezuelano-deixa-pais-devido-a-supostas-ameacas-apos-publicar-reportagem-sobre-prisao-de-tocoron\\\/\",\"url\":\"https:\\\/\\\/latamjournalismreview.org\\\/pt-br\\\/articles\\\/jornalista-venezuelano-deixa-pais-devido-a-supostas-ameacas-apos-publicar-reportagem-sobre-prisao-de-tocoron\\\/\",\"name\":\"Jornalista venezuelano deixa pa\u00eds devido a supostas amea\u00e7as ap\u00f3s publicar reportagem sobre pris\u00e3o de Tocor\u00f3n - LatAm Journalism Review by the Knight Center\",\"isPartOf\":{\"@id\":\"https:\\\/\\\/latamjournalismreview.org\\\/pt-br\\\/#website\"},\"datePublished\":\"2017-11-27T18:08:42+00:00\",\"dateModified\":\"2022-05-23T18:09:58+00:00\",\"description\":\"Jornalista venezuelano deixa pa\u00eds devido a supostas amea\u00e7as ap\u00f3s publicar reportagem sobre pris\u00e3o de Tocor\u00f3n Liberdade de imprensa. Latin American Journalism Review by The Knight Center at The University of Texas at Austin.\",\"breadcrumb\":{\"@id\":\"https:\\\/\\\/latamjournalismreview.org\\\/pt-br\\\/articles\\\/jornalista-venezuelano-deixa-pais-devido-a-supostas-ameacas-apos-publicar-reportagem-sobre-prisao-de-tocoron\\\/#breadcrumb\"},\"inLanguage\":\"pt-BR\",\"potentialAction\":[{\"@type\":\"ReadAction\",\"target\":[\"https:\\\/\\\/latamjournalismreview.org\\\/pt-br\\\/articles\\\/jornalista-venezuelano-deixa-pais-devido-a-supostas-ameacas-apos-publicar-reportagem-sobre-prisao-de-tocoron\\\/\"]}]},{\"@type\":\"BreadcrumbList\",\"@id\":\"https:\\\/\\\/latamjournalismreview.org\\\/pt-br\\\/articles\\\/jornalista-venezuelano-deixa-pais-devido-a-supostas-ameacas-apos-publicar-reportagem-sobre-prisao-de-tocoron\\\/#breadcrumb\",\"itemListElement\":[{\"@type\":\"ListItem\",\"position\":1,\"name\":\"Home\",\"item\":\"https:\\\/\\\/latamjournalismreview.org\\\/pt-br\\\/\"},{\"@type\":\"ListItem\",\"position\":2,\"name\":\"Jornalista venezuelano deixa pa\u00eds devido a supostas amea\u00e7as ap\u00f3s publicar reportagem sobre pris\u00e3o de Tocor\u00f3n\"}]},{\"@type\":\"WebSite\",\"@id\":\"https:\\\/\\\/latamjournalismreview.org\\\/pt-br\\\/#website\",\"url\":\"https:\\\/\\\/latamjournalismreview.org\\\/pt-br\\\/\",\"name\":\"LatAm Journalism Review\",\"description\":\"Digital magazine on journalism in Latin America\",\"publisher\":{\"@id\":\"https:\\\/\\\/latamjournalismreview.org\\\/pt-br\\\/#organization\"},\"potentialAction\":[{\"@type\":\"SearchAction\",\"target\":{\"@type\":\"EntryPoint\",\"urlTemplate\":\"https:\\\/\\\/latamjournalismreview.org\\\/pt-br\\\/?s={search_term_string}\"},\"query-input\":{\"@type\":\"PropertyValueSpecification\",\"valueRequired\":true,\"valueName\":\"search_term_string\"}}],\"inLanguage\":\"pt-BR\"},{\"@type\":\"Organization\",\"@id\":\"https:\\\/\\\/latamjournalismreview.org\\\/pt-br\\\/#organization\",\"name\":\"LatAm Journalism Review\",\"url\":\"https:\\\/\\\/latamjournalismreview.org\\\/pt-br\\\/\",\"logo\":{\"@type\":\"ImageObject\",\"inLanguage\":\"pt-BR\",\"@id\":\"https:\\\/\\\/latamjournalismreview.org\\\/pt-br\\\/#\\\/schema\\\/logo\\\/image\\\/\",\"url\":\"https:\\\/\\\/latamjournalismreview.org\\\/wp-content\\\/uploads\\\/2020\\\/05\\\/knight-latAm-review-logo.svg\",\"contentUrl\":\"https:\\\/\\\/latamjournalismreview.org\\\/wp-content\\\/uploads\\\/2020\\\/05\\\/knight-latAm-review-logo.svg\",\"width\":\"1024\",\"height\":\"1024\",\"caption\":\"LatAm Journalism Review\"},\"image\":{\"@id\":\"https:\\\/\\\/latamjournalismreview.org\\\/pt-br\\\/#\\\/schema\\\/logo\\\/image\\\/\"},\"sameAs\":[\"https:\\\/\\\/x.com\\\/LatAmJournalism\"]},{\"@type\":\"Person\",\"@id\":\"https:\\\/\\\/latamjournalismreview.org\\\/pt-br\\\/#\\\/schema\\\/person\\\/f98b544e2f231a237f39a56cc9a00a9a\",\"name\":\"Carolina de Assis\",\"description\":\"Carolina de Assis is a Brazilian journalist and researcher who lives in Juiz de Fora, MG, Brazil. She holds a master's degree in Women\u2019s and Gender Studies from the GEMMA Programme \u2013 Universit\u00e0 di Bologna (Italy) \\\/ Universiteit Utrecht (The Netherlands) and has worked as an editor at G\u00eanero e N\u00famero, a Brazilian digital magazine focused on data journalism and gender issues. She is especially interested in journalistic initiatives aimed at promoting human rights and gender justice. You can find her on Twitter: @caroldeassis _________ Carolina de Assis es una periodista e investigadora brasile\u00f1a que vive en Juiz de Fora, MG, Brasil . Tiene una maestr\u00eda en Estudios de las Mujeres y de G\u00e9nero del programa GEMMA \u2013 Universit\u00e0 di Bologna (Italia) \\\/ Universiteit Utrecht (Holanda). Trabaj\u00f3 como editora en la revista digital brasile\u00f1a G\u00eanero e N\u00famero. Le interesan especialmente iniciativas period\u00edsticas que tienen el objetivo de promover los derechos humanos y la justicia de g\u00e9nero. Puedes encontrarla en Twitter: @caroldeassis. _______ Carolina de Assis \u00e9 uma jornalista e pesquisadora brasileira que vive em Juiz de Fora (MG). \u00c9 mestra em Estudos da Mulher e de G\u00eanero pelo programa GEMMA \u2013 Universit\u00e0 di Bologna (It\u00e1lia) \\\/ Universiteit Utrecht (Holanda). Trabalhou como editora na revista digital G\u00eanero e N\u00famero e se interessa especialmente por iniciativas jornal\u00edsticas que promovam os direitos humanos e a justi\u00e7a de g\u00eanero. Voc\u00ea pode encontr\u00e1-la no Twitter em @caroldeassis.\",\"url\":\"https:\\\/\\\/latamjournalismreview.org\\\/pt-br\\\/articles\\\/author\\\/carolina-de-assis\\\/\"}]}<\/script>\n<!-- \/ Yoast SEO Premium plugin. -->","yoast_head_json":{"title":"Jornalista venezuelano deixa pa\u00eds devido a supostas amea\u00e7as ap\u00f3s publicar reportagem sobre pris\u00e3o de Tocor\u00f3n - LatAm Journalism Review by the Knight Center","description":"Jornalista venezuelano deixa pa\u00eds devido a supostas amea\u00e7as ap\u00f3s publicar reportagem sobre pris\u00e3o de Tocor\u00f3n Liberdade de imprensa. Latin American Journalism Review by The Knight Center at The University of Texas at Austin.","robots":{"index":"index","follow":"follow","max-snippet":"max-snippet:-1","max-image-preview":"max-image-preview:large","max-video-preview":"max-video-preview:-1"},"canonical":"https:\/\/latamjournalismreview.org\/pt-br\/articles\/jornalista-venezuelano-deixa-pais-devido-a-supostas-ameacas-apos-publicar-reportagem-sobre-prisao-de-tocoron\/","og_locale":"pt_BR","og_type":"article","og_title":"Jornalista venezuelano deixa pa\u00eds devido a supostas amea\u00e7as ap\u00f3s publicar reportagem sobre pris\u00e3o de Tocor\u00f3n","og_description":"Jornalista venezuelano deixa pa\u00eds devido a supostas amea\u00e7as ap\u00f3s publicar reportagem sobre pris\u00e3o de Tocor\u00f3n Liberdade de imprensa. Latin American Journalism Review by The Knight Center at The University of Texas at Austin.","og_url":"https:\/\/latamjournalismreview.org\/pt-br\/articles\/jornalista-venezuelano-deixa-pais-devido-a-supostas-ameacas-apos-publicar-reportagem-sobre-prisao-de-tocoron\/","og_site_name":"LatAm Journalism Review by the Knight Center","article_published_time":"2017-11-27T18:08:42+00:00","article_modified_time":"2022-05-23T18:09:58+00:00","author":"Carolina de Assis","twitter_card":"summary_large_image","twitter_creator":"@LatAmJournalism","twitter_site":"@LatAmJournalism","twitter_misc":{"Written by":"Carolina de Assis","Est. reading time":"3 minutos"},"schema":{"@context":"https:\/\/schema.org","@graph":[{"@type":"Article","@id":"https:\/\/latamjournalismreview.org\/pt-br\/articles\/jornalista-venezuelano-deixa-pais-devido-a-supostas-ameacas-apos-publicar-reportagem-sobre-prisao-de-tocoron\/#article","isPartOf":{"@id":"https:\/\/latamjournalismreview.org\/pt-br\/articles\/jornalista-venezuelano-deixa-pais-devido-a-supostas-ameacas-apos-publicar-reportagem-sobre-prisao-de-tocoron\/"},"author":{"name":"Carolina de Assis","@id":"https:\/\/latamjournalismreview.org\/pt-br\/#\/schema\/person\/f98b544e2f231a237f39a56cc9a00a9a"},"headline":"Jornalista venezuelano deixa pa\u00eds devido a supostas amea\u00e7as ap\u00f3s publicar reportagem sobre pris\u00e3o de Tocor\u00f3n","datePublished":"2017-11-27T18:08:42+00:00","dateModified":"2022-05-23T18:09:58+00:00","mainEntityOfPage":{"@id":"https:\/\/latamjournalismreview.org\/pt-br\/articles\/jornalista-venezuelano-deixa-pais-devido-a-supostas-ameacas-apos-publicar-reportagem-sobre-prisao-de-tocoron\/"},"wordCount":608,"publisher":{"@id":"https:\/\/latamjournalismreview.org\/pt-br\/#organization"},"keywords":["Amea\u00e7as a jornalistas","Liberdade de express\u00e3o","Venezuela"],"articleSection":["Liberdade de imprensa"],"inLanguage":"pt-BR"},{"@type":"WebPage","@id":"https:\/\/latamjournalismreview.org\/pt-br\/articles\/jornalista-venezuelano-deixa-pais-devido-a-supostas-ameacas-apos-publicar-reportagem-sobre-prisao-de-tocoron\/","url":"https:\/\/latamjournalismreview.org\/pt-br\/articles\/jornalista-venezuelano-deixa-pais-devido-a-supostas-ameacas-apos-publicar-reportagem-sobre-prisao-de-tocoron\/","name":"Jornalista venezuelano deixa pa\u00eds devido a supostas amea\u00e7as ap\u00f3s publicar reportagem sobre pris\u00e3o de Tocor\u00f3n - LatAm Journalism Review by the Knight Center","isPartOf":{"@id":"https:\/\/latamjournalismreview.org\/pt-br\/#website"},"datePublished":"2017-11-27T18:08:42+00:00","dateModified":"2022-05-23T18:09:58+00:00","description":"Jornalista venezuelano deixa pa\u00eds devido a supostas amea\u00e7as ap\u00f3s publicar reportagem sobre pris\u00e3o de Tocor\u00f3n Liberdade de imprensa. Latin American Journalism Review by The Knight Center at The University of Texas at Austin.","breadcrumb":{"@id":"https:\/\/latamjournalismreview.org\/pt-br\/articles\/jornalista-venezuelano-deixa-pais-devido-a-supostas-ameacas-apos-publicar-reportagem-sobre-prisao-de-tocoron\/#breadcrumb"},"inLanguage":"pt-BR","potentialAction":[{"@type":"ReadAction","target":["https:\/\/latamjournalismreview.org\/pt-br\/articles\/jornalista-venezuelano-deixa-pais-devido-a-supostas-ameacas-apos-publicar-reportagem-sobre-prisao-de-tocoron\/"]}]},{"@type":"BreadcrumbList","@id":"https:\/\/latamjournalismreview.org\/pt-br\/articles\/jornalista-venezuelano-deixa-pais-devido-a-supostas-ameacas-apos-publicar-reportagem-sobre-prisao-de-tocoron\/#breadcrumb","itemListElement":[{"@type":"ListItem","position":1,"name":"Home","item":"https:\/\/latamjournalismreview.org\/pt-br\/"},{"@type":"ListItem","position":2,"name":"Jornalista venezuelano deixa pa\u00eds devido a supostas amea\u00e7as ap\u00f3s publicar reportagem sobre pris\u00e3o de Tocor\u00f3n"}]},{"@type":"WebSite","@id":"https:\/\/latamjournalismreview.org\/pt-br\/#website","url":"https:\/\/latamjournalismreview.org\/pt-br\/","name":"LatAm Journalism Review","description":"Digital magazine on journalism in Latin America","publisher":{"@id":"https:\/\/latamjournalismreview.org\/pt-br\/#organization"},"potentialAction":[{"@type":"SearchAction","target":{"@type":"EntryPoint","urlTemplate":"https:\/\/latamjournalismreview.org\/pt-br\/?s={search_term_string}"},"query-input":{"@type":"PropertyValueSpecification","valueRequired":true,"valueName":"search_term_string"}}],"inLanguage":"pt-BR"},{"@type":"Organization","@id":"https:\/\/latamjournalismreview.org\/pt-br\/#organization","name":"LatAm Journalism Review","url":"https:\/\/latamjournalismreview.org\/pt-br\/","logo":{"@type":"ImageObject","inLanguage":"pt-BR","@id":"https:\/\/latamjournalismreview.org\/pt-br\/#\/schema\/logo\/image\/","url":"https:\/\/latamjournalismreview.org\/wp-content\/uploads\/2020\/05\/knight-latAm-review-logo.svg","contentUrl":"https:\/\/latamjournalismreview.org\/wp-content\/uploads\/2020\/05\/knight-latAm-review-logo.svg","width":"1024","height":"1024","caption":"LatAm Journalism Review"},"image":{"@id":"https:\/\/latamjournalismreview.org\/pt-br\/#\/schema\/logo\/image\/"},"sameAs":["https:\/\/x.com\/LatAmJournalism"]},{"@type":"Person","@id":"https:\/\/latamjournalismreview.org\/pt-br\/#\/schema\/person\/f98b544e2f231a237f39a56cc9a00a9a","name":"Carolina de Assis","description":"Carolina de Assis is a Brazilian journalist and researcher who lives in Juiz de Fora, MG, Brazil. She holds a master's degree in Women\u2019s and Gender Studies from the GEMMA Programme \u2013 Universit\u00e0 di Bologna (Italy) \/ Universiteit Utrecht (The Netherlands) and has worked as an editor at G\u00eanero e N\u00famero, a Brazilian digital magazine focused on data journalism and gender issues. She is especially interested in journalistic initiatives aimed at promoting human rights and gender justice. You can find her on Twitter: @caroldeassis _________ Carolina de Assis es una periodista e investigadora brasile\u00f1a que vive en Juiz de Fora, MG, Brasil . Tiene una maestr\u00eda en Estudios de las Mujeres y de G\u00e9nero del programa GEMMA \u2013 Universit\u00e0 di Bologna (Italia) \/ Universiteit Utrecht (Holanda). Trabaj\u00f3 como editora en la revista digital brasile\u00f1a G\u00eanero e N\u00famero. Le interesan especialmente iniciativas period\u00edsticas que tienen el objetivo de promover los derechos humanos y la justicia de g\u00e9nero. Puedes encontrarla en Twitter: @caroldeassis. _______ Carolina de Assis \u00e9 uma jornalista e pesquisadora brasileira que vive em Juiz de Fora (MG). \u00c9 mestra em Estudos da Mulher e de G\u00eanero pelo programa GEMMA \u2013 Universit\u00e0 di Bologna (It\u00e1lia) \/ Universiteit Utrecht (Holanda). Trabalhou como editora na revista digital G\u00eanero e N\u00famero e se interessa especialmente por iniciativas jornal\u00edsticas que promovam os direitos humanos e a justi\u00e7a de g\u00eanero. Voc\u00ea pode encontr\u00e1-la no Twitter em @caroldeassis.","url":"https:\/\/latamjournalismreview.org\/pt-br\/articles\/author\/carolina-de-assis\/"}]}},"_links":{"self":[{"href":"https:\/\/latamjournalismreview.org\/pt-br\/wp-json\/wp\/v2\/posts\/54883","targetHints":{"allow":["GET"]}}],"collection":[{"href":"https:\/\/latamjournalismreview.org\/pt-br\/wp-json\/wp\/v2\/posts"}],"about":[{"href":"https:\/\/latamjournalismreview.org\/pt-br\/wp-json\/wp\/v2\/types\/post"}],"author":[{"embeddable":true,"href":"https:\/\/latamjournalismreview.org\/pt-br\/wp-json\/wp\/v2\/users\/16"}],"replies":[{"embeddable":true,"href":"https:\/\/latamjournalismreview.org\/pt-br\/wp-json\/wp\/v2\/comments?post=54883"}],"version-history":[{"count":1,"href":"https:\/\/latamjournalismreview.org\/pt-br\/wp-json\/wp\/v2\/posts\/54883\/revisions"}],"predecessor-version":[{"id":54886,"href":"https:\/\/latamjournalismreview.org\/pt-br\/wp-json\/wp\/v2\/posts\/54883\/revisions\/54886"}],"wp:attachment":[{"href":"https:\/\/latamjournalismreview.org\/pt-br\/wp-json\/wp\/v2\/media?parent=54883"}],"wp:term":[{"taxonomy":"category","embeddable":true,"href":"https:\/\/latamjournalismreview.org\/pt-br\/wp-json\/wp\/v2\/categories?post=54883"},{"taxonomy":"post_tag","embeddable":true,"href":"https:\/\/latamjournalismreview.org\/pt-br\/wp-json\/wp\/v2\/tags?post=54883"},{"taxonomy":"author","embeddable":true,"href":"https:\/\/latamjournalismreview.org\/pt-br\/wp-json\/wp\/v2\/coauthors?post=54883"}],"curies":[{"name":"wp","href":"https:\/\/api.w.org\/{rel}","templated":true}]}}