{"id":56203,"date":"2011-02-16T07:08:12","date_gmt":"2011-02-16T12:08:12","guid":{"rendered":"https:\/\/latamjournalismreview.org\/?p=56203"},"modified":"2022-05-31T07:09:25","modified_gmt":"2022-05-31T12:09:25","slug":"relatorio-do-comite-para-protecao-de-jornalistas-aponta-aumento-da-censura-na-america-latina","status":"publish","type":"post","link":"https:\/\/latamjournalismreview.org\/pt-br\/articles\/relatorio-do-comite-para-protecao-de-jornalistas-aponta-aumento-da-censura-na-america-latina\/","title":{"rendered":"Relat\u00f3rio do Comit\u00ea para Prote\u00e7\u00e3o de Jornalistas aponta aumento da censura na Am\u00e9rica Latina"},"content":{"rendered":"<p><em>Por Sergio Duran<br \/>\n<\/em><\/p>\n<p><a href=\"http:\/\/www1.folha.uol.com.br\/poder\/875872-censura-a-imprensa-na-al-esta-no-nivel-mais-alto-diz-comite.shtml\">Os casos de censura \u00e0 imprensa na Am\u00e9rica Latina est\u00e3o nos n\u00edveis mais altos desde a redemocratiza\u00e7\u00e3o<\/a>, afirma Carlos Laur\u00eda, coordenador do\u00a0<a href=\"http:\/\/www.cpj.org\/pt\">Comit\u00ea para Prote\u00e7\u00e3o de Jornalistas (CPJ)<\/a>, informou o jornal Folha de S\u00e3o Paulo. Laur\u00eda foi o respons\u00e1vel pela apresenta\u00e7\u00e3o do informe anual da entidade\u00a0<a href=\"http:\/\/cpj.org\/pt\/2011\/02\/ataques-a-imprensa-em-2010-analise-americas.php\">\"Ataques \u00e0 Imprensa em 2010\"<\/a>, divulgado nesta ter\u00e7a-feira (15\/02). Ele frisou que a situa\u00e7\u00e3o \u00e9 preocupante em v\u00e1rios pa\u00edses da regi\u00e3o. Foi a primeira vez que o levantamento global sobre o estado da liberdade de imprensa no mundo foi lan\u00e7ado no Brasil.<\/p>\n<p>\"Houve um aumento significativo dos casos de censura em todo o continente, seja por censura judicial, seja pela viol\u00eancia do crime organizado, seja por press\u00e3o do Estado\", diz Laur\u00eda.<\/p>\n<p>O relat\u00f3rio, que traz um levantamento global sobre o estado da liberdade de imprensa, menciona\u00a0<a href=\"http:\/\/www.abraji.org.br\/?id=90&amp;id_noticia=1418\">44 jornalistas mortos no exerc\u00edcio da profiss\u00e3o e 145 presos<\/a>. Segundo Laur\u00eda, \u00e9 o maior n\u00famero nos \u00faltimos 15 anos. Desde 1992, 850 profissionais foram assassinados - 60% das v\u00edtimas cobriam assuntos ligados \u00e0 pol\u00edtica. Mais da metade desses crimes (545) continua sem resolu\u00e7\u00e3o, cita reportagem publicada no site da\u00a0<a href=\"http:\/\/www.abraji.org.br\/?id=90&amp;id_noticia=1391\">Associa\u00e7\u00e3o Brasileira de Jornalismo Investigativo (Abraji)<\/a>.<\/p>\n<p>De acordo com ele,\u00a0<a href=\"http:\/\/www1.folha.uol.com.br\/poder\/875872-censura-a-imprensa-na-al-esta-no-nivel-mais-alto-diz-comite.shtml\">o principal problema no Brasil \u00e9 a censura judicial<\/a>, embora tenha dito que existam outros problemas, como a press\u00e3o pol\u00edtica sobre ve\u00edculos de comunica\u00e7\u00e3o e amea\u00e7as do crime organizado, \"sobretudo de traficantes de droga\", disse o coordenador do CPJ \u00e0 Folha.<\/p>\n<p>O\u00a0<a href=\"http:\/\/www.estadao.com.br\/pages\/especiais\/sobcensura\">caso mais emblem\u00e1tico relacionado ao pa\u00eds se refere ao jornal \"O Estado de S. Paulo\"<\/a>, proibido de publicar reportagens com informa\u00e7\u00f5es da Opera\u00e7\u00e3o Faktor (antiga Boi Barrica), que envolveu familiares do agora Presidente do Senado, Jos\u00e9 Sarney (PMDB-AP).<\/p>\n<p>Laur\u00eda tamb\u00e9m destacou que essa censura judicial \u00e9 um grande obst\u00e1culo ao trabalho jornal\u00edstico no Brasil. Nos dias finais da corrida eleitoral, os ju\u00edzes brasileiros emitiram 21 ordens de censura, informa o relat\u00f3rio a partir de\u00a0<a href=\"http:\/\/knightcenter.utexas.edu\/pt-br\/blog\/centro-knight-publica-mapa-da-censura-eleitoral-no-brasil\">dados do Centro Knight para o Jornalismo nas Am\u00e9ricas<\/a>. Al\u00e9m disso, muitas ag\u00eancias de not\u00edcias foram multadas ou tiveram que remover conte\u00fados.<\/p>\n<p>Apresentado ontem em diversos pa\u00edses (no Brasil, com o apoio da\u00a0<a href=\"http:\/\/www.abraji.org.br\/\">Abraji<\/a>), o relat\u00f3rio do CPJ \u00e9 considerado pela entidade um mecanismo para ajudar nas discuss\u00f5es sobre a liberdade de imprensa. \"Quando h\u00e1 censura, n\u00e3o \u00e9 um problema da imprensa, mas um problema de toda a sociedade\", disse Laur\u00eda.<\/p>\n<p>O representante do CPJ deve se reunir com Cezar Peluso, presidente do Supremo Tribunal Federal, e com ministros de Estado para discutir os dados do relat\u00f3rio.<\/p>\n<p><b>Outros pa\u00edses<\/b><\/p>\n<p>O relat\u00f3rio apresentado traz outros dados sobre a situa\u00e7\u00e3o da imprensa na Am\u00e9rica Latina.<br \/>\nPara o CPJ, a situa\u00e7\u00e3o \u00e9 particularmente preocupante em\u00a0<a href=\"http:\/\/knightcenter.utexas.edu\/pt-br\/blog\/mexico-e-honduras-terminam-o-ano-com-violencia-sem-precedentes-contra-imprensa\">Honduras<\/a>, onde nove jornalistas teriam sido assassinados no exerc\u00edcio da profiss\u00e3o s\u00f3 no ano passado.<\/p>\n<p>Laur\u00eda tamb\u00e9m cita o\u00a0<a href=\"http:\/\/knightcenter.utexas.edu\/pt-br\/blog\/jornalistas-da-america-latina-e-do-caribe-assinam-declaracao-condenando-ataques-imprensa\">M\u00e9xico<\/a>\u00a0e a\u00a0<a href=\"http:\/\/knightcenter.utexas.edu\/pt-br\/blog\/chavez-cria-centro-para-controlar-informacoes\">Venezuela<\/a>\u00a0como dois exemplos negativos. No primeiro caso, por causa das crescentes amea\u00e7as do crime organizado, e, no segundo, devido \u00e0 press\u00e3o do Estado.<\/p>\n<p>Ao Estado de S\u00e3o Paulo, o Coordenador do CPJ disse que,\u00a0<a href=\"http:\/\/www.estadao.com.br\/noticias\/nacional,censura-esta-em-alta-no-pais-diz-relatorio,679976,0.htm\">na Am\u00e9rica Latina, o fen\u00f4meno mais grave \u00e9 o misto de censura e autocensura<\/a>. M\u00e9xico, Honduras, Equador e Venezuela s\u00e3o os pa\u00edses onde, segundo o comit\u00ea, os jornalistas vivem momentos mais dif\u00edceis. \"H\u00e1 regi\u00f5es onde o crime organizado manda e a lei \u00e9 ignorada, como no norte do M\u00e9xico\", lembrou o coordenador. \"Em cidades como\u00a0<a href=\"http:\/\/knightcenter.utexas.edu\/pt-br\/blog\/seguradoras-rejeitam-jornalistas-que-trabalham-em-ciudad-juarez\">Puerto Juarez<\/a>\u00a0ou\u00a0<a href=\"http:\/\/knightcenter.utexas.edu\/pt-br\/blog\/guerra-do-trafico-silencia-imprensa-na-fronteira-entre-o-mexico-e-o-texas-oito-jornalistas-fora\">Reynosa<\/a>, h\u00e1 uma rotina de assassinatos, persegui\u00e7\u00f5es e sequestros. Sem garantias, o jornalista precisa escolher entre publicar ou mudar sua pauta. Assim, as informa\u00e7\u00f5es v\u00e3o desaparecendo\", resume. \"\u00c9 dram\u00e1tico ver o que ocorreu em Reynosa. Foram mortas cerca de 300 pessoas em uma semana e n\u00e3o saiu uma linha em lugar nenhum.\"<\/p>\n<p>O jornalista Carlos Laur\u00eda diz que os governos n\u00e3o t\u00eam uma legisla\u00e7\u00e3o pr\u00f3pria para liberdade de imprensa e, portanto, encontram formas de censurar jornalistas com base em outros c\u00f3digos de lei, como subvers\u00e3o ou atos contra interesse nacional.<\/p>\n<p>O CPJ \u00e9 uma organiza\u00e7\u00e3o independente, sem fins lucrativos, fundada em 1981 e com sede em Nova York, dirigida por 25 jornalistas e financiada por doa\u00e7\u00f5es de funda\u00e7\u00f5es, empresas e pessoas e n\u00e3o aceita qualquer colabora\u00e7\u00e3o de governos.<\/p>\n<p><i>Este blog \u00e9 produzido pelo Centro Knight para o Jornalismo nas Am\u00e9ricas, na Universidade do Texas em Austin, e financiado pela\u00a0<a href=\"http:\/\/www.knightfoundation.org\/\">John S. and James L. Knight Foundation<\/a><\/i>.<\/p>\n<p>*A informa\u00e7\u00e3o anteriormente citada neste texto sobre a coluna do jornalista Ricardo Setti foi retirada. Para mais informa\u00e7\u00f5es, acesse o\u00a0<a href=\"http:\/\/veja.abril.com.br\/blog\/ricardo-setti\/tema-livre\/errei-ao-dizer-que-a-justica-brasileira-censurou-materias-no-google-veja-o-que-realmente-aconteceu\">link<\/a>.<\/p>\n<p><em>Nota do editor: Essa hist\u00f3ria foi publicada originalmente no blog de jornalismo nas Am\u00e9ricas do Centro Knight, o predecessor do LatAm Journalism Review.<\/em><\/p>\n","protected":false},"excerpt":{"rendered":"<p>Os casos de censura \u00e0 imprensa na Am\u00e9rica Latina est\u00e3o nos n\u00edveis mais altos desde a redemocratiza\u00e7\u00e3o, afirma Carlos Laur\u00eda, coordenador do\u00a0Comit\u00ea para Prote\u00e7\u00e3o de Jornalistas (CPJ), informou o jornal Folha de S\u00e3o Paulo. Laur\u00eda foi o respons\u00e1vel pela apresenta\u00e7\u00e3o do informe anual da entidade\u00a0\"Ataques \u00e0 Imprensa em 2010\", divulgado nesta ter\u00e7a-feira (15\/02). Ele frisou que a situa\u00e7\u00e3o \u00e9 preocupante em v\u00e1rios pa\u00edses da regi\u00e3o. Foi a primeira vez que o levantamento global sobre o estado da liberdade de imprensa no mundo foi lan\u00e7ado no Brasil.<\/p>\n","protected":false},"author":17,"featured_media":0,"comment_status":"closed","ping_status":"closed","sticky":false,"template":"","format":"standard","meta":{"inline_featured_image":false,"footnotes":""},"categories":[1219],"tags":[2050,1570,1463,1394,1402],"coauthors":[],"class_list":["post-56203","post","type-post","status-publish","format-standard","hentry","category-liberdade-de-imprensa-pt-br","tag-censura-pt-br","tag-equador-pt-br","tag-honduras-pt-br","tag-mexico-pt-br","tag-venezuela-pt-br"],"acf":[],"yoast_head":"<!-- This site is optimized with the Yoast SEO Premium plugin v22.6 (Yoast SEO v27.4) - https:\/\/yoast.com\/product\/yoast-seo-premium-wordpress\/ -->\n<title>Relat\u00f3rio do Comit\u00ea para Prote\u00e7\u00e3o de Jornalistas aponta aumento da censura na Am\u00e9rica Latina - LatAm Journalism Review by the Knight Center<\/title>\n<meta name=\"description\" content=\"Relat\u00f3rio do Comit\u00ea para Prote\u00e7\u00e3o de Jornalistas aponta aumento da censura na Am\u00e9rica Latina Liberdade de imprensa. Latin American Journalism Review by The Knight Center at The University of Texas at Austin.\" \/>\n<meta name=\"robots\" content=\"index, follow, max-snippet:-1, max-image-preview:large, max-video-preview:-1\" \/>\n<link rel=\"canonical\" href=\"https:\/\/latamjournalismreview.org\/pt-br\/articles\/relatorio-do-comite-para-protecao-de-jornalistas-aponta-aumento-da-censura-na-america-latina\/\" \/>\n<meta property=\"og:locale\" content=\"pt_BR\" \/>\n<meta property=\"og:type\" content=\"article\" \/>\n<meta property=\"og:title\" content=\"Relat\u00f3rio do Comit\u00ea para Prote\u00e7\u00e3o de Jornalistas aponta aumento da censura na Am\u00e9rica Latina\" \/>\n<meta property=\"og:description\" content=\"Relat\u00f3rio do Comit\u00ea para Prote\u00e7\u00e3o de Jornalistas aponta aumento da censura na Am\u00e9rica Latina Liberdade de imprensa. Latin American Journalism Review by The Knight Center at The University of Texas at Austin.\" \/>\n<meta property=\"og:url\" content=\"https:\/\/latamjournalismreview.org\/pt-br\/articles\/relatorio-do-comite-para-protecao-de-jornalistas-aponta-aumento-da-censura-na-america-latina\/\" \/>\n<meta property=\"og:site_name\" content=\"LatAm Journalism Review by the Knight Center\" \/>\n<meta property=\"article:published_time\" content=\"2011-02-16T12:08:12+00:00\" \/>\n<meta property=\"article:modified_time\" content=\"2022-05-31T12:09:25+00:00\" \/>\n<meta name=\"author\" content=\"Guest\" \/>\n<meta name=\"twitter:card\" content=\"summary_large_image\" \/>\n<meta name=\"twitter:creator\" content=\"@LatAmJournalism\" \/>\n<meta name=\"twitter:site\" content=\"@LatAmJournalism\" \/>\n<meta name=\"twitter:label1\" content=\"Written by\" \/>\n\t<meta name=\"twitter:data1\" content=\"Guest\" \/>\n\t<meta name=\"twitter:label2\" content=\"Est. reading time\" \/>\n\t<meta name=\"twitter:data2\" content=\"4 minutos\" \/>\n<script type=\"application\/ld+json\" class=\"yoast-schema-graph\">{\"@context\":\"https:\\\/\\\/schema.org\",\"@graph\":[{\"@type\":\"Article\",\"@id\":\"https:\\\/\\\/latamjournalismreview.org\\\/pt-br\\\/articles\\\/relatorio-do-comite-para-protecao-de-jornalistas-aponta-aumento-da-censura-na-america-latina\\\/#article\",\"isPartOf\":{\"@id\":\"https:\\\/\\\/latamjournalismreview.org\\\/pt-br\\\/articles\\\/relatorio-do-comite-para-protecao-de-jornalistas-aponta-aumento-da-censura-na-america-latina\\\/\"},\"author\":{\"name\":\"Guest\",\"@id\":\"https:\\\/\\\/latamjournalismreview.org\\\/pt-br\\\/#\\\/schema\\\/person\\\/0315202e0b3c0963a2440f1c3012c360\"},\"headline\":\"Relat\u00f3rio do Comit\u00ea para Prote\u00e7\u00e3o de Jornalistas aponta aumento da censura na Am\u00e9rica Latina\",\"datePublished\":\"2011-02-16T12:08:12+00:00\",\"dateModified\":\"2022-05-31T12:09:25+00:00\",\"mainEntityOfPage\":{\"@id\":\"https:\\\/\\\/latamjournalismreview.org\\\/pt-br\\\/articles\\\/relatorio-do-comite-para-protecao-de-jornalistas-aponta-aumento-da-censura-na-america-latina\\\/\"},\"wordCount\":832,\"publisher\":{\"@id\":\"https:\\\/\\\/latamjournalismreview.org\\\/pt-br\\\/#organization\"},\"keywords\":[\"Censura\",\"Equador\",\"Honduras\",\"M\u00e9xico\",\"Venezuela\"],\"articleSection\":[\"Liberdade de imprensa\"],\"inLanguage\":\"pt-BR\"},{\"@type\":\"WebPage\",\"@id\":\"https:\\\/\\\/latamjournalismreview.org\\\/pt-br\\\/articles\\\/relatorio-do-comite-para-protecao-de-jornalistas-aponta-aumento-da-censura-na-america-latina\\\/\",\"url\":\"https:\\\/\\\/latamjournalismreview.org\\\/pt-br\\\/articles\\\/relatorio-do-comite-para-protecao-de-jornalistas-aponta-aumento-da-censura-na-america-latina\\\/\",\"name\":\"Relat\u00f3rio do Comit\u00ea para Prote\u00e7\u00e3o de Jornalistas aponta aumento da censura na Am\u00e9rica Latina - LatAm Journalism Review by the Knight Center\",\"isPartOf\":{\"@id\":\"https:\\\/\\\/latamjournalismreview.org\\\/pt-br\\\/#website\"},\"datePublished\":\"2011-02-16T12:08:12+00:00\",\"dateModified\":\"2022-05-31T12:09:25+00:00\",\"description\":\"Relat\u00f3rio do Comit\u00ea para Prote\u00e7\u00e3o de Jornalistas aponta aumento da censura na Am\u00e9rica Latina Liberdade de imprensa. Latin American Journalism Review by The Knight Center at The University of Texas at Austin.\",\"breadcrumb\":{\"@id\":\"https:\\\/\\\/latamjournalismreview.org\\\/pt-br\\\/articles\\\/relatorio-do-comite-para-protecao-de-jornalistas-aponta-aumento-da-censura-na-america-latina\\\/#breadcrumb\"},\"inLanguage\":\"pt-BR\",\"potentialAction\":[{\"@type\":\"ReadAction\",\"target\":[\"https:\\\/\\\/latamjournalismreview.org\\\/pt-br\\\/articles\\\/relatorio-do-comite-para-protecao-de-jornalistas-aponta-aumento-da-censura-na-america-latina\\\/\"]}]},{\"@type\":\"BreadcrumbList\",\"@id\":\"https:\\\/\\\/latamjournalismreview.org\\\/pt-br\\\/articles\\\/relatorio-do-comite-para-protecao-de-jornalistas-aponta-aumento-da-censura-na-america-latina\\\/#breadcrumb\",\"itemListElement\":[{\"@type\":\"ListItem\",\"position\":1,\"name\":\"Home\",\"item\":\"https:\\\/\\\/latamjournalismreview.org\\\/pt-br\\\/\"},{\"@type\":\"ListItem\",\"position\":2,\"name\":\"Relat\u00f3rio do Comit\u00ea para Prote\u00e7\u00e3o de Jornalistas aponta aumento da censura na Am\u00e9rica Latina\"}]},{\"@type\":\"WebSite\",\"@id\":\"https:\\\/\\\/latamjournalismreview.org\\\/pt-br\\\/#website\",\"url\":\"https:\\\/\\\/latamjournalismreview.org\\\/pt-br\\\/\",\"name\":\"LatAm Journalism Review\",\"description\":\"Digital magazine on journalism in Latin America\",\"publisher\":{\"@id\":\"https:\\\/\\\/latamjournalismreview.org\\\/pt-br\\\/#organization\"},\"potentialAction\":[{\"@type\":\"SearchAction\",\"target\":{\"@type\":\"EntryPoint\",\"urlTemplate\":\"https:\\\/\\\/latamjournalismreview.org\\\/pt-br\\\/?s={search_term_string}\"},\"query-input\":{\"@type\":\"PropertyValueSpecification\",\"valueRequired\":true,\"valueName\":\"search_term_string\"}}],\"inLanguage\":\"pt-BR\"},{\"@type\":\"Organization\",\"@id\":\"https:\\\/\\\/latamjournalismreview.org\\\/pt-br\\\/#organization\",\"name\":\"LatAm Journalism Review\",\"url\":\"https:\\\/\\\/latamjournalismreview.org\\\/pt-br\\\/\",\"logo\":{\"@type\":\"ImageObject\",\"inLanguage\":\"pt-BR\",\"@id\":\"https:\\\/\\\/latamjournalismreview.org\\\/pt-br\\\/#\\\/schema\\\/logo\\\/image\\\/\",\"url\":\"https:\\\/\\\/latamjournalismreview.org\\\/wp-content\\\/uploads\\\/2020\\\/05\\\/knight-latAm-review-logo.svg\",\"contentUrl\":\"https:\\\/\\\/latamjournalismreview.org\\\/wp-content\\\/uploads\\\/2020\\\/05\\\/knight-latAm-review-logo.svg\",\"width\":\"1024\",\"height\":\"1024\",\"caption\":\"LatAm Journalism Review\"},\"image\":{\"@id\":\"https:\\\/\\\/latamjournalismreview.org\\\/pt-br\\\/#\\\/schema\\\/logo\\\/image\\\/\"},\"sameAs\":[\"https:\\\/\\\/x.com\\\/LatAmJournalism\"]},{\"@type\":\"Person\",\"@id\":\"https:\\\/\\\/latamjournalismreview.org\\\/pt-br\\\/#\\\/schema\\\/person\\\/0315202e0b3c0963a2440f1c3012c360\",\"name\":\"Guest\",\"url\":\"https:\\\/\\\/latamjournalismreview.org\\\/pt-br\\\/articles\\\/author\\\/guest\\\/\"}]}<\/script>\n<!-- \/ Yoast SEO Premium plugin. -->","yoast_head_json":{"title":"Relat\u00f3rio do Comit\u00ea para Prote\u00e7\u00e3o de Jornalistas aponta aumento da censura na Am\u00e9rica Latina - LatAm Journalism Review by the Knight Center","description":"Relat\u00f3rio do Comit\u00ea para Prote\u00e7\u00e3o de Jornalistas aponta aumento da censura na Am\u00e9rica Latina Liberdade de imprensa. Latin American Journalism Review by The Knight Center at The University of Texas at Austin.","robots":{"index":"index","follow":"follow","max-snippet":"max-snippet:-1","max-image-preview":"max-image-preview:large","max-video-preview":"max-video-preview:-1"},"canonical":"https:\/\/latamjournalismreview.org\/pt-br\/articles\/relatorio-do-comite-para-protecao-de-jornalistas-aponta-aumento-da-censura-na-america-latina\/","og_locale":"pt_BR","og_type":"article","og_title":"Relat\u00f3rio do Comit\u00ea para Prote\u00e7\u00e3o de Jornalistas aponta aumento da censura na Am\u00e9rica Latina","og_description":"Relat\u00f3rio do Comit\u00ea para Prote\u00e7\u00e3o de Jornalistas aponta aumento da censura na Am\u00e9rica Latina Liberdade de imprensa. Latin American Journalism Review by The Knight Center at The University of Texas at Austin.","og_url":"https:\/\/latamjournalismreview.org\/pt-br\/articles\/relatorio-do-comite-para-protecao-de-jornalistas-aponta-aumento-da-censura-na-america-latina\/","og_site_name":"LatAm Journalism Review by the Knight Center","article_published_time":"2011-02-16T12:08:12+00:00","article_modified_time":"2022-05-31T12:09:25+00:00","author":"Guest","twitter_card":"summary_large_image","twitter_creator":"@LatAmJournalism","twitter_site":"@LatAmJournalism","twitter_misc":{"Written by":"Guest","Est. reading time":"4 minutos"},"schema":{"@context":"https:\/\/schema.org","@graph":[{"@type":"Article","@id":"https:\/\/latamjournalismreview.org\/pt-br\/articles\/relatorio-do-comite-para-protecao-de-jornalistas-aponta-aumento-da-censura-na-america-latina\/#article","isPartOf":{"@id":"https:\/\/latamjournalismreview.org\/pt-br\/articles\/relatorio-do-comite-para-protecao-de-jornalistas-aponta-aumento-da-censura-na-america-latina\/"},"author":{"name":"Guest","@id":"https:\/\/latamjournalismreview.org\/pt-br\/#\/schema\/person\/0315202e0b3c0963a2440f1c3012c360"},"headline":"Relat\u00f3rio do Comit\u00ea para Prote\u00e7\u00e3o de Jornalistas aponta aumento da censura na Am\u00e9rica Latina","datePublished":"2011-02-16T12:08:12+00:00","dateModified":"2022-05-31T12:09:25+00:00","mainEntityOfPage":{"@id":"https:\/\/latamjournalismreview.org\/pt-br\/articles\/relatorio-do-comite-para-protecao-de-jornalistas-aponta-aumento-da-censura-na-america-latina\/"},"wordCount":832,"publisher":{"@id":"https:\/\/latamjournalismreview.org\/pt-br\/#organization"},"keywords":["Censura","Equador","Honduras","M\u00e9xico","Venezuela"],"articleSection":["Liberdade de imprensa"],"inLanguage":"pt-BR"},{"@type":"WebPage","@id":"https:\/\/latamjournalismreview.org\/pt-br\/articles\/relatorio-do-comite-para-protecao-de-jornalistas-aponta-aumento-da-censura-na-america-latina\/","url":"https:\/\/latamjournalismreview.org\/pt-br\/articles\/relatorio-do-comite-para-protecao-de-jornalistas-aponta-aumento-da-censura-na-america-latina\/","name":"Relat\u00f3rio do Comit\u00ea para Prote\u00e7\u00e3o de Jornalistas aponta aumento da censura na Am\u00e9rica Latina - LatAm Journalism Review by the Knight Center","isPartOf":{"@id":"https:\/\/latamjournalismreview.org\/pt-br\/#website"},"datePublished":"2011-02-16T12:08:12+00:00","dateModified":"2022-05-31T12:09:25+00:00","description":"Relat\u00f3rio do Comit\u00ea para Prote\u00e7\u00e3o de Jornalistas aponta aumento da censura na Am\u00e9rica Latina Liberdade de imprensa. Latin American Journalism Review by The Knight Center at The University of Texas at Austin.","breadcrumb":{"@id":"https:\/\/latamjournalismreview.org\/pt-br\/articles\/relatorio-do-comite-para-protecao-de-jornalistas-aponta-aumento-da-censura-na-america-latina\/#breadcrumb"},"inLanguage":"pt-BR","potentialAction":[{"@type":"ReadAction","target":["https:\/\/latamjournalismreview.org\/pt-br\/articles\/relatorio-do-comite-para-protecao-de-jornalistas-aponta-aumento-da-censura-na-america-latina\/"]}]},{"@type":"BreadcrumbList","@id":"https:\/\/latamjournalismreview.org\/pt-br\/articles\/relatorio-do-comite-para-protecao-de-jornalistas-aponta-aumento-da-censura-na-america-latina\/#breadcrumb","itemListElement":[{"@type":"ListItem","position":1,"name":"Home","item":"https:\/\/latamjournalismreview.org\/pt-br\/"},{"@type":"ListItem","position":2,"name":"Relat\u00f3rio do Comit\u00ea para Prote\u00e7\u00e3o de Jornalistas aponta aumento da censura na Am\u00e9rica Latina"}]},{"@type":"WebSite","@id":"https:\/\/latamjournalismreview.org\/pt-br\/#website","url":"https:\/\/latamjournalismreview.org\/pt-br\/","name":"LatAm Journalism Review","description":"Digital magazine on journalism in Latin America","publisher":{"@id":"https:\/\/latamjournalismreview.org\/pt-br\/#organization"},"potentialAction":[{"@type":"SearchAction","target":{"@type":"EntryPoint","urlTemplate":"https:\/\/latamjournalismreview.org\/pt-br\/?s={search_term_string}"},"query-input":{"@type":"PropertyValueSpecification","valueRequired":true,"valueName":"search_term_string"}}],"inLanguage":"pt-BR"},{"@type":"Organization","@id":"https:\/\/latamjournalismreview.org\/pt-br\/#organization","name":"LatAm Journalism Review","url":"https:\/\/latamjournalismreview.org\/pt-br\/","logo":{"@type":"ImageObject","inLanguage":"pt-BR","@id":"https:\/\/latamjournalismreview.org\/pt-br\/#\/schema\/logo\/image\/","url":"https:\/\/latamjournalismreview.org\/wp-content\/uploads\/2020\/05\/knight-latAm-review-logo.svg","contentUrl":"https:\/\/latamjournalismreview.org\/wp-content\/uploads\/2020\/05\/knight-latAm-review-logo.svg","width":"1024","height":"1024","caption":"LatAm Journalism Review"},"image":{"@id":"https:\/\/latamjournalismreview.org\/pt-br\/#\/schema\/logo\/image\/"},"sameAs":["https:\/\/x.com\/LatAmJournalism"]},{"@type":"Person","@id":"https:\/\/latamjournalismreview.org\/pt-br\/#\/schema\/person\/0315202e0b3c0963a2440f1c3012c360","name":"Guest","url":"https:\/\/latamjournalismreview.org\/pt-br\/articles\/author\/guest\/"}]}},"_links":{"self":[{"href":"https:\/\/latamjournalismreview.org\/pt-br\/wp-json\/wp\/v2\/posts\/56203","targetHints":{"allow":["GET"]}}],"collection":[{"href":"https:\/\/latamjournalismreview.org\/pt-br\/wp-json\/wp\/v2\/posts"}],"about":[{"href":"https:\/\/latamjournalismreview.org\/pt-br\/wp-json\/wp\/v2\/types\/post"}],"author":[{"embeddable":true,"href":"https:\/\/latamjournalismreview.org\/pt-br\/wp-json\/wp\/v2\/users\/17"}],"replies":[{"embeddable":true,"href":"https:\/\/latamjournalismreview.org\/pt-br\/wp-json\/wp\/v2\/comments?post=56203"}],"version-history":[{"count":1,"href":"https:\/\/latamjournalismreview.org\/pt-br\/wp-json\/wp\/v2\/posts\/56203\/revisions"}],"predecessor-version":[{"id":56205,"href":"https:\/\/latamjournalismreview.org\/pt-br\/wp-json\/wp\/v2\/posts\/56203\/revisions\/56205"}],"wp:attachment":[{"href":"https:\/\/latamjournalismreview.org\/pt-br\/wp-json\/wp\/v2\/media?parent=56203"}],"wp:term":[{"taxonomy":"category","embeddable":true,"href":"https:\/\/latamjournalismreview.org\/pt-br\/wp-json\/wp\/v2\/categories?post=56203"},{"taxonomy":"post_tag","embeddable":true,"href":"https:\/\/latamjournalismreview.org\/pt-br\/wp-json\/wp\/v2\/tags?post=56203"},{"taxonomy":"author","embeddable":true,"href":"https:\/\/latamjournalismreview.org\/pt-br\/wp-json\/wp\/v2\/coauthors?post=56203"}],"curies":[{"name":"wp","href":"https:\/\/api.w.org\/{rel}","templated":true}]}}