{"id":56860,"date":"2011-03-17T07:40:02","date_gmt":"2011-03-17T12:40:02","guid":{"rendered":"https:\/\/latamjournalismreview.org\/?p=56860"},"modified":"2022-06-06T07:41:10","modified_gmt":"2022-06-06T12:41:10","slug":"unesco-recomenda-criacao-de-orgao-regulador-exclusivo-para-audiovisual-no-equador","status":"publish","type":"post","link":"https:\/\/latamjournalismreview.org\/pt-br\/articles\/unesco-recomenda-criacao-de-orgao-regulador-exclusivo-para-audiovisual-no-equador\/","title":{"rendered":"Unesco recomenda cria\u00e7\u00e3o de \u00f3rg\u00e3o regulador exclusivo para audiovisual no Equador"},"content":{"rendered":"<p>A Organiza\u00e7\u00e3o das Na\u00e7\u00f5es Unidas para Educa\u00e7\u00e3o, Ci\u00eancia e Cultura, a\u00a0<a href=\"http:\/\/www.unesco.org\/\">Unesco<\/a>, recomendou a\u00a0<a href=\"http:\/\/www.eluniverso.com\/2011\/03\/16\/1\/1355\/unesco-sugirio-crear-consejo-regulacion-independiente.html?p=1355&amp;m=861\">cria\u00e7\u00e3o de um conselho regulador independente para a comunica\u00e7\u00e3o<\/a>\u00a0no Equador, report\u00f3 El Universo.<\/p>\n<p><a href=\"http:\/\/www.telegrafo.com.ec\/actualidad\/noticia\/archive\/actualidad\/2011\/03\/16\/Unesco-sugiere-ente-regulador.aspx\">O cria\u00e7\u00e3o do \u00f3rg\u00e3o regulador, que seria exclusivo para os meios audiovisuais<\/a>, por utilizarem um bem p\u00fablico (as frequ\u00eancias), faz parte de uma s\u00e9rie de sugest\u00f5es contidas em um estudo sobre a situa\u00e7\u00e3o da m\u00eddia no pa\u00eds sul-americano feito pela UNESCO para contribuir no\u00a0<a href=\"http:\/\/knightcenter.utexas.edu\/pt-br\/blog\/oposicao-do-equador-denuncia-lei-de-comunicacao-oea\">debate sobre a nova Lei de Comunica\u00e7\u00e3o<\/a>, explicou o El Tel\u00e9grafo.<\/p>\n<p>O texto tamb\u00e9m levanta a possibilidade de\u00a0<a href=\"http:\/\/www4.elcomercio.com\/2011-03-16\/Noticias\/Politica\/Noticias-Secundarias\/Unesco-medios-Ecuador-regular.aspx\">mudan\u00e7as no Artigo 18 da Constitui\u00e7\u00e3o, que estabelece o direito individual de receber ou produzir informa\u00e7\u00f5es ver\u00eddicas, oportunas e contextualizadas<\/a>. Segundo a Unesco, essa determina\u00e7\u00e3o limitaria a liberdade de express\u00e3o, por impor condi\u00e7\u00f5es \u00e0 divulga\u00e7\u00e3o das informa\u00e7\u00f5es, explicou o El Comercio.<\/p>\n<p>O estudo, apresentado num momento em que\u00a0<a href=\"http:\/\/knightcenter.utexas.edu\/pt-br\/search\/node\/equador%20imprensa\">a rela\u00e7\u00e3o entre a imprensa e o governo est\u00e1 tensa, por conta das constantes cr\u00edticas e interfer\u00eancias do presidente Rafael Correa<\/a>, recomenda a\u00a0<a href=\"http:\/\/noticias.terra.com.pe\/internacional\/latinoamerica\/unesco-apoya-regulador-de-medios-en-ecuador-aunque-sin-injerencia-politica,5b5afdbfa90ce210VgnVCM10000098f154d0RCRD.html\">moderniza\u00e7\u00e3o das leis, \"sem condicionamentos pr\u00e9vios \u00e0 informa\u00e7\u00e3o\"<\/a>, acrescentou o Terra.<\/p>\n<p>A \u201cAn\u00e1lise do Desenvolvimento Midi\u00e1tico do Equador 2011\u201d foi entregue ao presidente da Assembleia Nacional, Fernando Cordero, que afirmou:\u00a0<a href=\"http:\/\/www.eltiempo.com.ec\/noticias-cuenca\/62296-informe-media-tico-de-unesco\">as propostas ser\u00e3o inclu\u00eddas no projeto da Lei de Comunica\u00e7\u00e3o<\/a>, disse o El Tiempo.<\/p>\n<p><em>Nota do editor: Essa hist\u00f3ria foi publicada originalmente no blog de jornalismo nas Am\u00e9ricas do Centro Knight, o predecessor do LatAm Journalism Review.<\/em><\/p>\n","protected":false},"excerpt":{"rendered":"<p>A Organiza\u00e7\u00e3o das Na\u00e7\u00f5es Unidas para Educa\u00e7\u00e3o, Ci\u00eancia e Cultura, a\u00a0Unesco, recomendou a\u00a0cria\u00e7\u00e3o de um conselho regulador independente para a comunica\u00e7\u00e3o\u00a0no Equador, report\u00f3 El Universo.<\/p>\n","protected":false},"author":43,"featured_media":0,"comment_status":"closed","ping_status":"closed","sticky":false,"template":"","format":"standard","meta":{"inline_featured_image":false,"footnotes":""},"categories":[1219],"tags":[1570,2051,1562,1547],"coauthors":[],"class_list":["post-56860","post","type-post","status-publish","format-standard","hentry","category-liberdade-de-imprensa-pt-br","tag-equador-pt-br","tag-liberdade-de-expressao-pt-br","tag-radio-e-tv-pt-br","tag-regulacao-pt-br"],"acf":[],"yoast_head":"<!-- This site is optimized with the Yoast SEO Premium plugin v22.6 (Yoast SEO v27.4) - https:\/\/yoast.com\/product\/yoast-seo-premium-wordpress\/ -->\n<title>Unesco recomenda cria\u00e7\u00e3o de \u00f3rg\u00e3o regulador exclusivo para audiovisual no Equador - LatAm Journalism Review by the Knight Center<\/title>\n<meta name=\"description\" content=\"Unesco recomenda cria\u00e7\u00e3o de \u00f3rg\u00e3o regulador exclusivo para audiovisual no Equador Liberdade de imprensa. Latin American Journalism Review by The Knight Center at The University of Texas at Austin.\" \/>\n<meta name=\"robots\" content=\"index, follow, max-snippet:-1, max-image-preview:large, max-video-preview:-1\" \/>\n<link rel=\"canonical\" href=\"https:\/\/latamjournalismreview.org\/pt-br\/articles\/unesco-recomenda-criacao-de-orgao-regulador-exclusivo-para-audiovisual-no-equador\/\" \/>\n<meta property=\"og:locale\" content=\"pt_BR\" \/>\n<meta property=\"og:type\" content=\"article\" \/>\n<meta property=\"og:title\" content=\"Unesco recomenda cria\u00e7\u00e3o de \u00f3rg\u00e3o regulador exclusivo para audiovisual no Equador\" \/>\n<meta property=\"og:description\" content=\"Unesco recomenda cria\u00e7\u00e3o de \u00f3rg\u00e3o regulador exclusivo para audiovisual no Equador Liberdade de imprensa. Latin American Journalism Review by The Knight Center at The University of Texas at Austin.\" \/>\n<meta property=\"og:url\" content=\"https:\/\/latamjournalismreview.org\/pt-br\/articles\/unesco-recomenda-criacao-de-orgao-regulador-exclusivo-para-audiovisual-no-equador\/\" \/>\n<meta property=\"og:site_name\" content=\"LatAm Journalism Review by the Knight Center\" \/>\n<meta property=\"article:published_time\" content=\"2011-03-17T12:40:02+00:00\" \/>\n<meta property=\"article:modified_time\" content=\"2022-06-06T12:41:10+00:00\" \/>\n<meta name=\"author\" content=\"Monica Medel\" \/>\n<meta name=\"twitter:card\" content=\"summary_large_image\" \/>\n<meta name=\"twitter:creator\" content=\"@LatAmJournalism\" \/>\n<meta name=\"twitter:site\" content=\"@LatAmJournalism\" \/>\n<meta name=\"twitter:label1\" content=\"Written by\" \/>\n\t<meta name=\"twitter:data1\" content=\"Monica Medel\" \/>\n\t<meta name=\"twitter:label2\" content=\"Est. reading time\" \/>\n\t<meta name=\"twitter:data2\" content=\"1 minuto\" \/>\n<script type=\"application\/ld+json\" class=\"yoast-schema-graph\">{\"@context\":\"https:\\\/\\\/schema.org\",\"@graph\":[{\"@type\":\"Article\",\"@id\":\"https:\\\/\\\/latamjournalismreview.org\\\/pt-br\\\/articles\\\/unesco-recomenda-criacao-de-orgao-regulador-exclusivo-para-audiovisual-no-equador\\\/#article\",\"isPartOf\":{\"@id\":\"https:\\\/\\\/latamjournalismreview.org\\\/pt-br\\\/articles\\\/unesco-recomenda-criacao-de-orgao-regulador-exclusivo-para-audiovisual-no-equador\\\/\"},\"author\":{\"name\":\"Monica Medel\",\"@id\":\"https:\\\/\\\/latamjournalismreview.org\\\/pt-br\\\/#\\\/schema\\\/person\\\/1746872e9af4abc45355e4a7a4ddcea5\"},\"headline\":\"Unesco recomenda cria\u00e7\u00e3o de \u00f3rg\u00e3o regulador exclusivo para audiovisual no Equador\",\"datePublished\":\"2011-03-17T12:40:02+00:00\",\"dateModified\":\"2022-06-06T12:41:10+00:00\",\"mainEntityOfPage\":{\"@id\":\"https:\\\/\\\/latamjournalismreview.org\\\/pt-br\\\/articles\\\/unesco-recomenda-criacao-de-orgao-regulador-exclusivo-para-audiovisual-no-equador\\\/\"},\"wordCount\":277,\"publisher\":{\"@id\":\"https:\\\/\\\/latamjournalismreview.org\\\/pt-br\\\/#organization\"},\"keywords\":[\"Equador\",\"Liberdade de express\u00e3o\",\"R\u00e1dio e TV\",\"Regula\u00e7\u00e3o\"],\"articleSection\":[\"Liberdade de imprensa\"],\"inLanguage\":\"pt-BR\"},{\"@type\":\"WebPage\",\"@id\":\"https:\\\/\\\/latamjournalismreview.org\\\/pt-br\\\/articles\\\/unesco-recomenda-criacao-de-orgao-regulador-exclusivo-para-audiovisual-no-equador\\\/\",\"url\":\"https:\\\/\\\/latamjournalismreview.org\\\/pt-br\\\/articles\\\/unesco-recomenda-criacao-de-orgao-regulador-exclusivo-para-audiovisual-no-equador\\\/\",\"name\":\"Unesco recomenda cria\u00e7\u00e3o de \u00f3rg\u00e3o regulador exclusivo para audiovisual no Equador - LatAm Journalism Review by the Knight Center\",\"isPartOf\":{\"@id\":\"https:\\\/\\\/latamjournalismreview.org\\\/pt-br\\\/#website\"},\"datePublished\":\"2011-03-17T12:40:02+00:00\",\"dateModified\":\"2022-06-06T12:41:10+00:00\",\"description\":\"Unesco recomenda cria\u00e7\u00e3o de \u00f3rg\u00e3o regulador exclusivo para audiovisual no Equador Liberdade de imprensa. Latin American Journalism Review by The Knight Center at The University of Texas at Austin.\",\"breadcrumb\":{\"@id\":\"https:\\\/\\\/latamjournalismreview.org\\\/pt-br\\\/articles\\\/unesco-recomenda-criacao-de-orgao-regulador-exclusivo-para-audiovisual-no-equador\\\/#breadcrumb\"},\"inLanguage\":\"pt-BR\",\"potentialAction\":[{\"@type\":\"ReadAction\",\"target\":[\"https:\\\/\\\/latamjournalismreview.org\\\/pt-br\\\/articles\\\/unesco-recomenda-criacao-de-orgao-regulador-exclusivo-para-audiovisual-no-equador\\\/\"]}]},{\"@type\":\"BreadcrumbList\",\"@id\":\"https:\\\/\\\/latamjournalismreview.org\\\/pt-br\\\/articles\\\/unesco-recomenda-criacao-de-orgao-regulador-exclusivo-para-audiovisual-no-equador\\\/#breadcrumb\",\"itemListElement\":[{\"@type\":\"ListItem\",\"position\":1,\"name\":\"Home\",\"item\":\"https:\\\/\\\/latamjournalismreview.org\\\/pt-br\\\/\"},{\"@type\":\"ListItem\",\"position\":2,\"name\":\"Unesco recomenda cria\u00e7\u00e3o de \u00f3rg\u00e3o regulador exclusivo para audiovisual no Equador\"}]},{\"@type\":\"WebSite\",\"@id\":\"https:\\\/\\\/latamjournalismreview.org\\\/pt-br\\\/#website\",\"url\":\"https:\\\/\\\/latamjournalismreview.org\\\/pt-br\\\/\",\"name\":\"LatAm Journalism Review\",\"description\":\"Digital magazine on journalism in Latin America\",\"publisher\":{\"@id\":\"https:\\\/\\\/latamjournalismreview.org\\\/pt-br\\\/#organization\"},\"potentialAction\":[{\"@type\":\"SearchAction\",\"target\":{\"@type\":\"EntryPoint\",\"urlTemplate\":\"https:\\\/\\\/latamjournalismreview.org\\\/pt-br\\\/?s={search_term_string}\"},\"query-input\":{\"@type\":\"PropertyValueSpecification\",\"valueRequired\":true,\"valueName\":\"search_term_string\"}}],\"inLanguage\":\"pt-BR\"},{\"@type\":\"Organization\",\"@id\":\"https:\\\/\\\/latamjournalismreview.org\\\/pt-br\\\/#organization\",\"name\":\"LatAm Journalism Review\",\"url\":\"https:\\\/\\\/latamjournalismreview.org\\\/pt-br\\\/\",\"logo\":{\"@type\":\"ImageObject\",\"inLanguage\":\"pt-BR\",\"@id\":\"https:\\\/\\\/latamjournalismreview.org\\\/pt-br\\\/#\\\/schema\\\/logo\\\/image\\\/\",\"url\":\"https:\\\/\\\/latamjournalismreview.org\\\/wp-content\\\/uploads\\\/2020\\\/05\\\/knight-latAm-review-logo.svg\",\"contentUrl\":\"https:\\\/\\\/latamjournalismreview.org\\\/wp-content\\\/uploads\\\/2020\\\/05\\\/knight-latAm-review-logo.svg\",\"width\":\"1024\",\"height\":\"1024\",\"caption\":\"LatAm Journalism Review\"},\"image\":{\"@id\":\"https:\\\/\\\/latamjournalismreview.org\\\/pt-br\\\/#\\\/schema\\\/logo\\\/image\\\/\"},\"sameAs\":[\"https:\\\/\\\/x.com\\\/LatAmJournalism\"]},{\"@type\":\"Person\",\"@id\":\"https:\\\/\\\/latamjournalismreview.org\\\/pt-br\\\/#\\\/schema\\\/person\\\/1746872e9af4abc45355e4a7a4ddcea5\",\"name\":\"Monica Medel\",\"url\":\"https:\\\/\\\/latamjournalismreview.org\\\/pt-br\\\/articles\\\/author\\\/monica-medel\\\/\"}]}<\/script>\n<!-- \/ Yoast SEO Premium plugin. -->","yoast_head_json":{"title":"Unesco recomenda cria\u00e7\u00e3o de \u00f3rg\u00e3o regulador exclusivo para audiovisual no Equador - LatAm Journalism Review by the Knight Center","description":"Unesco recomenda cria\u00e7\u00e3o de \u00f3rg\u00e3o regulador exclusivo para audiovisual no Equador Liberdade de imprensa. Latin American Journalism Review by The Knight Center at The University of Texas at Austin.","robots":{"index":"index","follow":"follow","max-snippet":"max-snippet:-1","max-image-preview":"max-image-preview:large","max-video-preview":"max-video-preview:-1"},"canonical":"https:\/\/latamjournalismreview.org\/pt-br\/articles\/unesco-recomenda-criacao-de-orgao-regulador-exclusivo-para-audiovisual-no-equador\/","og_locale":"pt_BR","og_type":"article","og_title":"Unesco recomenda cria\u00e7\u00e3o de \u00f3rg\u00e3o regulador exclusivo para audiovisual no Equador","og_description":"Unesco recomenda cria\u00e7\u00e3o de \u00f3rg\u00e3o regulador exclusivo para audiovisual no Equador Liberdade de imprensa. Latin American Journalism Review by The Knight Center at The University of Texas at Austin.","og_url":"https:\/\/latamjournalismreview.org\/pt-br\/articles\/unesco-recomenda-criacao-de-orgao-regulador-exclusivo-para-audiovisual-no-equador\/","og_site_name":"LatAm Journalism Review by the Knight Center","article_published_time":"2011-03-17T12:40:02+00:00","article_modified_time":"2022-06-06T12:41:10+00:00","author":"Monica Medel","twitter_card":"summary_large_image","twitter_creator":"@LatAmJournalism","twitter_site":"@LatAmJournalism","twitter_misc":{"Written by":"Monica Medel","Est. reading time":"1 minuto"},"schema":{"@context":"https:\/\/schema.org","@graph":[{"@type":"Article","@id":"https:\/\/latamjournalismreview.org\/pt-br\/articles\/unesco-recomenda-criacao-de-orgao-regulador-exclusivo-para-audiovisual-no-equador\/#article","isPartOf":{"@id":"https:\/\/latamjournalismreview.org\/pt-br\/articles\/unesco-recomenda-criacao-de-orgao-regulador-exclusivo-para-audiovisual-no-equador\/"},"author":{"name":"Monica Medel","@id":"https:\/\/latamjournalismreview.org\/pt-br\/#\/schema\/person\/1746872e9af4abc45355e4a7a4ddcea5"},"headline":"Unesco recomenda cria\u00e7\u00e3o de \u00f3rg\u00e3o regulador exclusivo para audiovisual no Equador","datePublished":"2011-03-17T12:40:02+00:00","dateModified":"2022-06-06T12:41:10+00:00","mainEntityOfPage":{"@id":"https:\/\/latamjournalismreview.org\/pt-br\/articles\/unesco-recomenda-criacao-de-orgao-regulador-exclusivo-para-audiovisual-no-equador\/"},"wordCount":277,"publisher":{"@id":"https:\/\/latamjournalismreview.org\/pt-br\/#organization"},"keywords":["Equador","Liberdade de express\u00e3o","R\u00e1dio e TV","Regula\u00e7\u00e3o"],"articleSection":["Liberdade de imprensa"],"inLanguage":"pt-BR"},{"@type":"WebPage","@id":"https:\/\/latamjournalismreview.org\/pt-br\/articles\/unesco-recomenda-criacao-de-orgao-regulador-exclusivo-para-audiovisual-no-equador\/","url":"https:\/\/latamjournalismreview.org\/pt-br\/articles\/unesco-recomenda-criacao-de-orgao-regulador-exclusivo-para-audiovisual-no-equador\/","name":"Unesco recomenda cria\u00e7\u00e3o de \u00f3rg\u00e3o regulador exclusivo para audiovisual no Equador - LatAm Journalism Review by the Knight Center","isPartOf":{"@id":"https:\/\/latamjournalismreview.org\/pt-br\/#website"},"datePublished":"2011-03-17T12:40:02+00:00","dateModified":"2022-06-06T12:41:10+00:00","description":"Unesco recomenda cria\u00e7\u00e3o de \u00f3rg\u00e3o regulador exclusivo para audiovisual no Equador Liberdade de imprensa. Latin American Journalism Review by The Knight Center at The University of Texas at Austin.","breadcrumb":{"@id":"https:\/\/latamjournalismreview.org\/pt-br\/articles\/unesco-recomenda-criacao-de-orgao-regulador-exclusivo-para-audiovisual-no-equador\/#breadcrumb"},"inLanguage":"pt-BR","potentialAction":[{"@type":"ReadAction","target":["https:\/\/latamjournalismreview.org\/pt-br\/articles\/unesco-recomenda-criacao-de-orgao-regulador-exclusivo-para-audiovisual-no-equador\/"]}]},{"@type":"BreadcrumbList","@id":"https:\/\/latamjournalismreview.org\/pt-br\/articles\/unesco-recomenda-criacao-de-orgao-regulador-exclusivo-para-audiovisual-no-equador\/#breadcrumb","itemListElement":[{"@type":"ListItem","position":1,"name":"Home","item":"https:\/\/latamjournalismreview.org\/pt-br\/"},{"@type":"ListItem","position":2,"name":"Unesco recomenda cria\u00e7\u00e3o de \u00f3rg\u00e3o regulador exclusivo para audiovisual no Equador"}]},{"@type":"WebSite","@id":"https:\/\/latamjournalismreview.org\/pt-br\/#website","url":"https:\/\/latamjournalismreview.org\/pt-br\/","name":"LatAm Journalism Review","description":"Digital magazine on journalism in Latin America","publisher":{"@id":"https:\/\/latamjournalismreview.org\/pt-br\/#organization"},"potentialAction":[{"@type":"SearchAction","target":{"@type":"EntryPoint","urlTemplate":"https:\/\/latamjournalismreview.org\/pt-br\/?s={search_term_string}"},"query-input":{"@type":"PropertyValueSpecification","valueRequired":true,"valueName":"search_term_string"}}],"inLanguage":"pt-BR"},{"@type":"Organization","@id":"https:\/\/latamjournalismreview.org\/pt-br\/#organization","name":"LatAm Journalism Review","url":"https:\/\/latamjournalismreview.org\/pt-br\/","logo":{"@type":"ImageObject","inLanguage":"pt-BR","@id":"https:\/\/latamjournalismreview.org\/pt-br\/#\/schema\/logo\/image\/","url":"https:\/\/latamjournalismreview.org\/wp-content\/uploads\/2020\/05\/knight-latAm-review-logo.svg","contentUrl":"https:\/\/latamjournalismreview.org\/wp-content\/uploads\/2020\/05\/knight-latAm-review-logo.svg","width":"1024","height":"1024","caption":"LatAm Journalism Review"},"image":{"@id":"https:\/\/latamjournalismreview.org\/pt-br\/#\/schema\/logo\/image\/"},"sameAs":["https:\/\/x.com\/LatAmJournalism"]},{"@type":"Person","@id":"https:\/\/latamjournalismreview.org\/pt-br\/#\/schema\/person\/1746872e9af4abc45355e4a7a4ddcea5","name":"Monica Medel","url":"https:\/\/latamjournalismreview.org\/pt-br\/articles\/author\/monica-medel\/"}]}},"_links":{"self":[{"href":"https:\/\/latamjournalismreview.org\/pt-br\/wp-json\/wp\/v2\/posts\/56860","targetHints":{"allow":["GET"]}}],"collection":[{"href":"https:\/\/latamjournalismreview.org\/pt-br\/wp-json\/wp\/v2\/posts"}],"about":[{"href":"https:\/\/latamjournalismreview.org\/pt-br\/wp-json\/wp\/v2\/types\/post"}],"author":[{"embeddable":true,"href":"https:\/\/latamjournalismreview.org\/pt-br\/wp-json\/wp\/v2\/users\/43"}],"replies":[{"embeddable":true,"href":"https:\/\/latamjournalismreview.org\/pt-br\/wp-json\/wp\/v2\/comments?post=56860"}],"version-history":[{"count":1,"href":"https:\/\/latamjournalismreview.org\/pt-br\/wp-json\/wp\/v2\/posts\/56860\/revisions"}],"predecessor-version":[{"id":56863,"href":"https:\/\/latamjournalismreview.org\/pt-br\/wp-json\/wp\/v2\/posts\/56860\/revisions\/56863"}],"wp:attachment":[{"href":"https:\/\/latamjournalismreview.org\/pt-br\/wp-json\/wp\/v2\/media?parent=56860"}],"wp:term":[{"taxonomy":"category","embeddable":true,"href":"https:\/\/latamjournalismreview.org\/pt-br\/wp-json\/wp\/v2\/categories?post=56860"},{"taxonomy":"post_tag","embeddable":true,"href":"https:\/\/latamjournalismreview.org\/pt-br\/wp-json\/wp\/v2\/tags?post=56860"},{"taxonomy":"author","embeddable":true,"href":"https:\/\/latamjournalismreview.org\/pt-br\/wp-json\/wp\/v2\/coauthors?post=56860"}],"curies":[{"name":"wp","href":"https:\/\/api.w.org\/{rel}","templated":true}]}}