{"id":56973,"date":"2011-03-21T18:57:56","date_gmt":"2011-03-21T23:57:56","guid":{"rendered":"https:\/\/latamjournalismreview.org\/?p=56973"},"modified":"2022-06-06T18:58:26","modified_gmt":"2022-06-06T23:58:26","slug":"federacao-internacional-de-jornalistas-nomeia-jornalista-brasileira-para-o-cargo-de-secretaria-geral","status":"publish","type":"post","link":"https:\/\/latamjournalismreview.org\/pt-br\/articles\/federacao-internacional-de-jornalistas-nomeia-jornalista-brasileira-para-o-cargo-de-secretaria-geral\/","title":{"rendered":"Federa\u00e7\u00e3o Internacional de Jornalistas nomeia jornalista brasileira para o cargo de secret\u00e1ria-geral"},"content":{"rendered":"<p>Em uma decis\u00e3o duplamente in\u00e9dita, a\u00a0<a href=\"http:\/\/ifj.org\/\">Federa\u00e7\u00e3o Internacional dos Jornalistas (FIJ)<\/a>\u00a0ser\u00e1 comandada por uma mulher e que vem de fora da Europa. A jornalista brasileira\u00a0<a href=\"http:\/\/www.ifj.org\/en\/articles\/ifj-appoints-elizabeth-costa-from-brazil-as-new-general-secretary\">Elisabeth Costa foi nomeada para o cargo de secret\u00e1ria-geral<\/a>, conforme comunicado divulgado pela organiza\u00e7\u00e3o hoje (21\/03).<\/p>\n<p>A brasileira foi\u00a0<a href=\"http:\/\/www.ifj.org\/en\/articles\/ifj-appoints-elizabeth-costa-from-brazil-as-new-general-secretary\">escolha un\u00e2nime<\/a>\u00a0a partir de um grupo de \"fortes candidatos\", entrevistados em Bruxelas no m\u00eas passado, segundo o an\u00fancio da FIJ. Ela substituir\u00e1 Aidan White, que vai deixar o cargo no final desse m\u00eas, ap\u00f3s 24 anos como secret\u00e1rio-geral da organiza\u00e7\u00e3o.<\/p>\n<p>\"A FIJ est\u00e1 em transi\u00e7\u00e3o para uma organiza\u00e7\u00e3o mais inclusiva. Estou ansiosa para a implementa\u00e7\u00e3o das resolu\u00e7\u00f5es do Congresso Mundial de Cadiz e para refor\u00e7ar ainda mais o alcance da FIJ como uma voz global dos jornalistas\",\u00a0<a href=\"http:\/\/www.journalism.co.uk\/news\/international-journalism-federation-appoints-first-female-leader\/s2\/a543311\/\">declarou a nova secret\u00e1ria-geral<\/a>.<\/p>\n<p>Costa \u00e9 veterana na luta pelos direitos sindicais e pela liberdade de imprensa na Am\u00e9rica Latina. Foi presidente do Sindicato dos Jornalistas do Munic\u00edpio do Rio de Janeiro e, entre 1998 e 2004, comandou a\u00a0<a href=\"http:\/\/www.fenaj.org.br\/\">Federa\u00e7\u00e3o Nacional dos Jornalistas (Fenaj)<\/a>. Foi tamb\u00e9m editora de Internacional do Jornal Nacional da\u00a0<a href=\"http:\/\/redeglobo.globo.com\/\">Rede Globo de Televis\u00e3o<\/a>.<\/p>\n<p>A FIJ representa mais de 600.000 membros de 125 pa\u00edses e trabalha para defender a liberdade de imprensa internacional, por meio de sindicatos de jornalistas ao redor do globo.<\/p>\n<p><em>Nota do editor: Essa hist\u00f3ria foi publicada originalmente no blog de jornalismo nas Am\u00e9ricas do Centro Knight, o predecessor do LatAm Journalism Review.<\/em><\/p>\n","protected":false},"excerpt":{"rendered":"<p>Em uma decis\u00e3o duplamente in\u00e9dita, a\u00a0Federa\u00e7\u00e3o Internacional dos Jornalistas (FIJ)\u00a0ser\u00e1 comandada por uma mulher e que vem de fora da Europa. A jornalista brasileira\u00a0Elisabeth Costa foi nomeada para o cargo de secret\u00e1ria-geral, conforme comunicado divulgado pela organiza\u00e7\u00e3o hoje (21\/03).<\/p>\n","protected":false},"author":42,"featured_media":0,"comment_status":"closed","ping_status":"closed","sticky":false,"template":"","format":"standard","meta":{"inline_featured_image":false,"footnotes":""},"categories":[1353],"tags":[2051],"coauthors":[],"class_list":["post-56973","post","type-post","status-publish","format-standard","hentry","category-premios-e-oportunidades-pt-br","tag-liberdade-de-expressao-pt-br"],"acf":[],"yoast_head":"<!-- This site is optimized with the Yoast SEO Premium plugin v22.6 (Yoast SEO v27.4) - https:\/\/yoast.com\/product\/yoast-seo-premium-wordpress\/ -->\n<title>Federa\u00e7\u00e3o Internacional de Jornalistas nomeia jornalista brasileira para o cargo de secret\u00e1ria-geral - LatAm Journalism Review by the Knight Center<\/title>\n<meta name=\"description\" content=\"Federa\u00e7\u00e3o Internacional de Jornalistas nomeia jornalista brasileira para o cargo de secret\u00e1ria-geral Pr\u00eamios e oportunidades. Latin American Journalism Review by The Knight Center at The University of Texas at Austin.\" \/>\n<meta name=\"robots\" content=\"index, follow, max-snippet:-1, max-image-preview:large, max-video-preview:-1\" \/>\n<link rel=\"canonical\" href=\"https:\/\/latamjournalismreview.org\/pt-br\/articles\/federacao-internacional-de-jornalistas-nomeia-jornalista-brasileira-para-o-cargo-de-secretaria-geral\/\" \/>\n<meta property=\"og:locale\" content=\"pt_BR\" \/>\n<meta property=\"og:type\" content=\"article\" \/>\n<meta property=\"og:title\" content=\"Federa\u00e7\u00e3o Internacional de Jornalistas nomeia jornalista brasileira para o cargo de secret\u00e1ria-geral\" \/>\n<meta property=\"og:description\" content=\"Federa\u00e7\u00e3o Internacional de Jornalistas nomeia jornalista brasileira para o cargo de secret\u00e1ria-geral Pr\u00eamios e oportunidades. Latin American Journalism Review by The Knight Center at The University of Texas at Austin.\" \/>\n<meta property=\"og:url\" content=\"https:\/\/latamjournalismreview.org\/pt-br\/articles\/federacao-internacional-de-jornalistas-nomeia-jornalista-brasileira-para-o-cargo-de-secretaria-geral\/\" \/>\n<meta property=\"og:site_name\" content=\"LatAm Journalism Review by the Knight Center\" \/>\n<meta property=\"article:published_time\" content=\"2011-03-21T23:57:56+00:00\" \/>\n<meta property=\"article:modified_time\" content=\"2022-06-06T23:58:26+00:00\" \/>\n<meta name=\"author\" content=\"Natalia Mazotte\" \/>\n<meta name=\"twitter:card\" content=\"summary_large_image\" \/>\n<meta name=\"twitter:creator\" content=\"@LatAmJournalism\" \/>\n<meta name=\"twitter:site\" content=\"@LatAmJournalism\" \/>\n<meta name=\"twitter:label1\" content=\"Written by\" \/>\n\t<meta name=\"twitter:data1\" content=\"Natalia Mazotte\" \/>\n\t<meta name=\"twitter:label2\" content=\"Est. reading time\" \/>\n\t<meta name=\"twitter:data2\" content=\"1 minuto\" \/>\n<script type=\"application\/ld+json\" class=\"yoast-schema-graph\">{\"@context\":\"https:\\\/\\\/schema.org\",\"@graph\":[{\"@type\":\"Article\",\"@id\":\"https:\\\/\\\/latamjournalismreview.org\\\/pt-br\\\/articles\\\/federacao-internacional-de-jornalistas-nomeia-jornalista-brasileira-para-o-cargo-de-secretaria-geral\\\/#article\",\"isPartOf\":{\"@id\":\"https:\\\/\\\/latamjournalismreview.org\\\/pt-br\\\/articles\\\/federacao-internacional-de-jornalistas-nomeia-jornalista-brasileira-para-o-cargo-de-secretaria-geral\\\/\"},\"author\":{\"name\":\"Natalia Mazotte\",\"@id\":\"https:\\\/\\\/latamjournalismreview.org\\\/pt-br\\\/#\\\/schema\\\/person\\\/747457e530d741a9d192f00c32c7f884\"},\"headline\":\"Federa\u00e7\u00e3o Internacional de Jornalistas nomeia jornalista brasileira para o cargo de secret\u00e1ria-geral\",\"datePublished\":\"2011-03-21T23:57:56+00:00\",\"dateModified\":\"2022-06-06T23:58:26+00:00\",\"mainEntityOfPage\":{\"@id\":\"https:\\\/\\\/latamjournalismreview.org\\\/pt-br\\\/articles\\\/federacao-internacional-de-jornalistas-nomeia-jornalista-brasileira-para-o-cargo-de-secretaria-geral\\\/\"},\"wordCount\":265,\"publisher\":{\"@id\":\"https:\\\/\\\/latamjournalismreview.org\\\/pt-br\\\/#organization\"},\"keywords\":[\"Liberdade de express\u00e3o\"],\"articleSection\":[\"Pr\u00eamios e oportunidades\"],\"inLanguage\":\"pt-BR\"},{\"@type\":\"WebPage\",\"@id\":\"https:\\\/\\\/latamjournalismreview.org\\\/pt-br\\\/articles\\\/federacao-internacional-de-jornalistas-nomeia-jornalista-brasileira-para-o-cargo-de-secretaria-geral\\\/\",\"url\":\"https:\\\/\\\/latamjournalismreview.org\\\/pt-br\\\/articles\\\/federacao-internacional-de-jornalistas-nomeia-jornalista-brasileira-para-o-cargo-de-secretaria-geral\\\/\",\"name\":\"Federa\u00e7\u00e3o Internacional de Jornalistas nomeia jornalista brasileira para o cargo de secret\u00e1ria-geral - LatAm Journalism Review by the Knight Center\",\"isPartOf\":{\"@id\":\"https:\\\/\\\/latamjournalismreview.org\\\/pt-br\\\/#website\"},\"datePublished\":\"2011-03-21T23:57:56+00:00\",\"dateModified\":\"2022-06-06T23:58:26+00:00\",\"description\":\"Federa\u00e7\u00e3o Internacional de Jornalistas nomeia jornalista brasileira para o cargo de secret\u00e1ria-geral Pr\u00eamios e oportunidades. Latin American Journalism Review by The Knight Center at The University of Texas at Austin.\",\"breadcrumb\":{\"@id\":\"https:\\\/\\\/latamjournalismreview.org\\\/pt-br\\\/articles\\\/federacao-internacional-de-jornalistas-nomeia-jornalista-brasileira-para-o-cargo-de-secretaria-geral\\\/#breadcrumb\"},\"inLanguage\":\"pt-BR\",\"potentialAction\":[{\"@type\":\"ReadAction\",\"target\":[\"https:\\\/\\\/latamjournalismreview.org\\\/pt-br\\\/articles\\\/federacao-internacional-de-jornalistas-nomeia-jornalista-brasileira-para-o-cargo-de-secretaria-geral\\\/\"]}]},{\"@type\":\"BreadcrumbList\",\"@id\":\"https:\\\/\\\/latamjournalismreview.org\\\/pt-br\\\/articles\\\/federacao-internacional-de-jornalistas-nomeia-jornalista-brasileira-para-o-cargo-de-secretaria-geral\\\/#breadcrumb\",\"itemListElement\":[{\"@type\":\"ListItem\",\"position\":1,\"name\":\"Home\",\"item\":\"https:\\\/\\\/latamjournalismreview.org\\\/pt-br\\\/\"},{\"@type\":\"ListItem\",\"position\":2,\"name\":\"Federa\u00e7\u00e3o Internacional de Jornalistas nomeia jornalista brasileira para o cargo de secret\u00e1ria-geral\"}]},{\"@type\":\"WebSite\",\"@id\":\"https:\\\/\\\/latamjournalismreview.org\\\/pt-br\\\/#website\",\"url\":\"https:\\\/\\\/latamjournalismreview.org\\\/pt-br\\\/\",\"name\":\"LatAm Journalism Review\",\"description\":\"Digital magazine on journalism in Latin America\",\"publisher\":{\"@id\":\"https:\\\/\\\/latamjournalismreview.org\\\/pt-br\\\/#organization\"},\"potentialAction\":[{\"@type\":\"SearchAction\",\"target\":{\"@type\":\"EntryPoint\",\"urlTemplate\":\"https:\\\/\\\/latamjournalismreview.org\\\/pt-br\\\/?s={search_term_string}\"},\"query-input\":{\"@type\":\"PropertyValueSpecification\",\"valueRequired\":true,\"valueName\":\"search_term_string\"}}],\"inLanguage\":\"pt-BR\"},{\"@type\":\"Organization\",\"@id\":\"https:\\\/\\\/latamjournalismreview.org\\\/pt-br\\\/#organization\",\"name\":\"LatAm Journalism Review\",\"url\":\"https:\\\/\\\/latamjournalismreview.org\\\/pt-br\\\/\",\"logo\":{\"@type\":\"ImageObject\",\"inLanguage\":\"pt-BR\",\"@id\":\"https:\\\/\\\/latamjournalismreview.org\\\/pt-br\\\/#\\\/schema\\\/logo\\\/image\\\/\",\"url\":\"https:\\\/\\\/latamjournalismreview.org\\\/wp-content\\\/uploads\\\/2020\\\/05\\\/knight-latAm-review-logo.svg\",\"contentUrl\":\"https:\\\/\\\/latamjournalismreview.org\\\/wp-content\\\/uploads\\\/2020\\\/05\\\/knight-latAm-review-logo.svg\",\"width\":\"1024\",\"height\":\"1024\",\"caption\":\"LatAm Journalism Review\"},\"image\":{\"@id\":\"https:\\\/\\\/latamjournalismreview.org\\\/pt-br\\\/#\\\/schema\\\/logo\\\/image\\\/\"},\"sameAs\":[\"https:\\\/\\\/x.com\\\/LatAmJournalism\"]},{\"@type\":\"Person\",\"@id\":\"https:\\\/\\\/latamjournalismreview.org\\\/pt-br\\\/#\\\/schema\\\/person\\\/747457e530d741a9d192f00c32c7f884\",\"name\":\"Natalia Mazotte\",\"url\":\"https:\\\/\\\/latamjournalismreview.org\\\/pt-br\\\/articles\\\/author\\\/natalia-mazotte\\\/\"}]}<\/script>\n<!-- \/ Yoast SEO Premium plugin. -->","yoast_head_json":{"title":"Federa\u00e7\u00e3o Internacional de Jornalistas nomeia jornalista brasileira para o cargo de secret\u00e1ria-geral - LatAm Journalism Review by the Knight Center","description":"Federa\u00e7\u00e3o Internacional de Jornalistas nomeia jornalista brasileira para o cargo de secret\u00e1ria-geral Pr\u00eamios e oportunidades. Latin American Journalism Review by The Knight Center at The University of Texas at Austin.","robots":{"index":"index","follow":"follow","max-snippet":"max-snippet:-1","max-image-preview":"max-image-preview:large","max-video-preview":"max-video-preview:-1"},"canonical":"https:\/\/latamjournalismreview.org\/pt-br\/articles\/federacao-internacional-de-jornalistas-nomeia-jornalista-brasileira-para-o-cargo-de-secretaria-geral\/","og_locale":"pt_BR","og_type":"article","og_title":"Federa\u00e7\u00e3o Internacional de Jornalistas nomeia jornalista brasileira para o cargo de secret\u00e1ria-geral","og_description":"Federa\u00e7\u00e3o Internacional de Jornalistas nomeia jornalista brasileira para o cargo de secret\u00e1ria-geral Pr\u00eamios e oportunidades. Latin American Journalism Review by The Knight Center at The University of Texas at Austin.","og_url":"https:\/\/latamjournalismreview.org\/pt-br\/articles\/federacao-internacional-de-jornalistas-nomeia-jornalista-brasileira-para-o-cargo-de-secretaria-geral\/","og_site_name":"LatAm Journalism Review by the Knight Center","article_published_time":"2011-03-21T23:57:56+00:00","article_modified_time":"2022-06-06T23:58:26+00:00","author":"Natalia Mazotte","twitter_card":"summary_large_image","twitter_creator":"@LatAmJournalism","twitter_site":"@LatAmJournalism","twitter_misc":{"Written by":"Natalia Mazotte","Est. reading time":"1 minuto"},"schema":{"@context":"https:\/\/schema.org","@graph":[{"@type":"Article","@id":"https:\/\/latamjournalismreview.org\/pt-br\/articles\/federacao-internacional-de-jornalistas-nomeia-jornalista-brasileira-para-o-cargo-de-secretaria-geral\/#article","isPartOf":{"@id":"https:\/\/latamjournalismreview.org\/pt-br\/articles\/federacao-internacional-de-jornalistas-nomeia-jornalista-brasileira-para-o-cargo-de-secretaria-geral\/"},"author":{"name":"Natalia Mazotte","@id":"https:\/\/latamjournalismreview.org\/pt-br\/#\/schema\/person\/747457e530d741a9d192f00c32c7f884"},"headline":"Federa\u00e7\u00e3o Internacional de Jornalistas nomeia jornalista brasileira para o cargo de secret\u00e1ria-geral","datePublished":"2011-03-21T23:57:56+00:00","dateModified":"2022-06-06T23:58:26+00:00","mainEntityOfPage":{"@id":"https:\/\/latamjournalismreview.org\/pt-br\/articles\/federacao-internacional-de-jornalistas-nomeia-jornalista-brasileira-para-o-cargo-de-secretaria-geral\/"},"wordCount":265,"publisher":{"@id":"https:\/\/latamjournalismreview.org\/pt-br\/#organization"},"keywords":["Liberdade de express\u00e3o"],"articleSection":["Pr\u00eamios e oportunidades"],"inLanguage":"pt-BR"},{"@type":"WebPage","@id":"https:\/\/latamjournalismreview.org\/pt-br\/articles\/federacao-internacional-de-jornalistas-nomeia-jornalista-brasileira-para-o-cargo-de-secretaria-geral\/","url":"https:\/\/latamjournalismreview.org\/pt-br\/articles\/federacao-internacional-de-jornalistas-nomeia-jornalista-brasileira-para-o-cargo-de-secretaria-geral\/","name":"Federa\u00e7\u00e3o Internacional de Jornalistas nomeia jornalista brasileira para o cargo de secret\u00e1ria-geral - LatAm Journalism Review by the Knight Center","isPartOf":{"@id":"https:\/\/latamjournalismreview.org\/pt-br\/#website"},"datePublished":"2011-03-21T23:57:56+00:00","dateModified":"2022-06-06T23:58:26+00:00","description":"Federa\u00e7\u00e3o Internacional de Jornalistas nomeia jornalista brasileira para o cargo de secret\u00e1ria-geral Pr\u00eamios e oportunidades. Latin American Journalism Review by The Knight Center at The University of Texas at Austin.","breadcrumb":{"@id":"https:\/\/latamjournalismreview.org\/pt-br\/articles\/federacao-internacional-de-jornalistas-nomeia-jornalista-brasileira-para-o-cargo-de-secretaria-geral\/#breadcrumb"},"inLanguage":"pt-BR","potentialAction":[{"@type":"ReadAction","target":["https:\/\/latamjournalismreview.org\/pt-br\/articles\/federacao-internacional-de-jornalistas-nomeia-jornalista-brasileira-para-o-cargo-de-secretaria-geral\/"]}]},{"@type":"BreadcrumbList","@id":"https:\/\/latamjournalismreview.org\/pt-br\/articles\/federacao-internacional-de-jornalistas-nomeia-jornalista-brasileira-para-o-cargo-de-secretaria-geral\/#breadcrumb","itemListElement":[{"@type":"ListItem","position":1,"name":"Home","item":"https:\/\/latamjournalismreview.org\/pt-br\/"},{"@type":"ListItem","position":2,"name":"Federa\u00e7\u00e3o Internacional de Jornalistas nomeia jornalista brasileira para o cargo de secret\u00e1ria-geral"}]},{"@type":"WebSite","@id":"https:\/\/latamjournalismreview.org\/pt-br\/#website","url":"https:\/\/latamjournalismreview.org\/pt-br\/","name":"LatAm Journalism Review","description":"Digital magazine on journalism in Latin America","publisher":{"@id":"https:\/\/latamjournalismreview.org\/pt-br\/#organization"},"potentialAction":[{"@type":"SearchAction","target":{"@type":"EntryPoint","urlTemplate":"https:\/\/latamjournalismreview.org\/pt-br\/?s={search_term_string}"},"query-input":{"@type":"PropertyValueSpecification","valueRequired":true,"valueName":"search_term_string"}}],"inLanguage":"pt-BR"},{"@type":"Organization","@id":"https:\/\/latamjournalismreview.org\/pt-br\/#organization","name":"LatAm Journalism Review","url":"https:\/\/latamjournalismreview.org\/pt-br\/","logo":{"@type":"ImageObject","inLanguage":"pt-BR","@id":"https:\/\/latamjournalismreview.org\/pt-br\/#\/schema\/logo\/image\/","url":"https:\/\/latamjournalismreview.org\/wp-content\/uploads\/2020\/05\/knight-latAm-review-logo.svg","contentUrl":"https:\/\/latamjournalismreview.org\/wp-content\/uploads\/2020\/05\/knight-latAm-review-logo.svg","width":"1024","height":"1024","caption":"LatAm Journalism Review"},"image":{"@id":"https:\/\/latamjournalismreview.org\/pt-br\/#\/schema\/logo\/image\/"},"sameAs":["https:\/\/x.com\/LatAmJournalism"]},{"@type":"Person","@id":"https:\/\/latamjournalismreview.org\/pt-br\/#\/schema\/person\/747457e530d741a9d192f00c32c7f884","name":"Natalia Mazotte","url":"https:\/\/latamjournalismreview.org\/pt-br\/articles\/author\/natalia-mazotte\/"}]}},"_links":{"self":[{"href":"https:\/\/latamjournalismreview.org\/pt-br\/wp-json\/wp\/v2\/posts\/56973","targetHints":{"allow":["GET"]}}],"collection":[{"href":"https:\/\/latamjournalismreview.org\/pt-br\/wp-json\/wp\/v2\/posts"}],"about":[{"href":"https:\/\/latamjournalismreview.org\/pt-br\/wp-json\/wp\/v2\/types\/post"}],"author":[{"embeddable":true,"href":"https:\/\/latamjournalismreview.org\/pt-br\/wp-json\/wp\/v2\/users\/42"}],"replies":[{"embeddable":true,"href":"https:\/\/latamjournalismreview.org\/pt-br\/wp-json\/wp\/v2\/comments?post=56973"}],"version-history":[{"count":1,"href":"https:\/\/latamjournalismreview.org\/pt-br\/wp-json\/wp\/v2\/posts\/56973\/revisions"}],"predecessor-version":[{"id":56974,"href":"https:\/\/latamjournalismreview.org\/pt-br\/wp-json\/wp\/v2\/posts\/56973\/revisions\/56974"}],"wp:attachment":[{"href":"https:\/\/latamjournalismreview.org\/pt-br\/wp-json\/wp\/v2\/media?parent=56973"}],"wp:term":[{"taxonomy":"category","embeddable":true,"href":"https:\/\/latamjournalismreview.org\/pt-br\/wp-json\/wp\/v2\/categories?post=56973"},{"taxonomy":"post_tag","embeddable":true,"href":"https:\/\/latamjournalismreview.org\/pt-br\/wp-json\/wp\/v2\/tags?post=56973"},{"taxonomy":"author","embeddable":true,"href":"https:\/\/latamjournalismreview.org\/pt-br\/wp-json\/wp\/v2\/coauthors?post=56973"}],"curies":[{"name":"wp","href":"https:\/\/api.w.org\/{rel}","templated":true}]}}