{"id":57318,"date":"2011-04-06T13:22:14","date_gmt":"2011-04-06T18:22:14","guid":{"rendered":"https:\/\/latamjournalismreview.org\/?p=57318"},"modified":"2022-06-08T13:22:50","modified_gmt":"2022-06-08T18:22:50","slug":"presidente-da-sociedade-interamericana-de-imprensa-e-fundacao-mccormick-recebem-premio-por-luta-pela-liberdade-de-imprensa","status":"publish","type":"post","link":"https:\/\/latamjournalismreview.org\/pt-br\/articles\/presidente-da-sociedade-interamericana-de-imprensa-e-fundacao-mccormick-recebem-premio-por-luta-pela-liberdade-de-imprensa\/","title":{"rendered":"Presidente da Sociedade Interamericana de Imprensa e Funda\u00e7\u00e3o McCormick recebem pr\u00eamio por luta pela liberdade de imprensa"},"content":{"rendered":"<p>O presidente da\u00a0<a href=\"http:\/\/www.sipiapa.com\/v4\/index.php?idioma=br\">Sociedade Interamericana de Imprensa<\/a>\u00a0(IAPA, na sigla em ingl\u00eas), Gonzalo Marroqu\u00edn, e a\u00a0<a href=\"http:\/\/www.mccormickfoundation.org\/\">Funda\u00e7\u00e3o Robert R. McCormick<\/a>\u00a0foram homenageados com o\u00a0<a href=\"http:\/\/www.sipiapa.com\/v4\/index.php?page=cont_comunicados&amp;seccion=detalles&amp;id=4541&amp;idioma=br\">pr\u00eamio Liberdade de Imprensa<\/a>\u00a0esta semana no\u00a0<a href=\"http:\/\/www.iamericas.org\/\">Instituto das Am\u00e9ricas<\/a>\u00a0em La Jolla, Calif\u00f3rnia, anunciou a SIP.<\/p>\n<p>Segundo o jornal El Universal, o embaixador dos EUA e atual diretor do Instituto, Jeffrey Davidow, apresentou Marroqu\u00edn como vencedor do pr\u00eamio por\u00a0<a href=\"http:\/\/www.eluniversal.com.mx\/nacion\/184571.html\">\"sua lideran\u00e7a na defesa e promo\u00e7\u00e3o da liberdade de imprensa\"<\/a>, acrescentando que \"este n\u00e3o \u00e9, como alguns outros pr\u00eamios, absurdo e rid\u00edculo, mas verdadeiro\"- uma refer\u00eancia ao\u00a0<a href=\"http:\/\/knightcenter.utexas.edu\/pt-br\/blog\/hugo-chavez-recebe-premio-de-jornalismo-na-argentina\">pr\u00eamio de liberdade de imprensa dado ao presidente venezuelano Hugo Ch\u00e1vez<\/a>\u00a0por uma universidade argentina na semana passada.<\/p>\n<p>A\u00a0<a href=\"http:\/\/www.mccormickfoundation.org\/\">Funda\u00e7\u00e3o McCormick<\/a>\u00a0foi reconhecida por seus 17 anos de apoio ao\u00a0<a href=\"http:\/\/www.sipiapa.com\/v4\/index.php?page=area_chap&amp;idioma=us\">Projeto Chapultepec<\/a>, que promove a liberdade de imprensa. A\u00a0<a href=\"http:\/\/www.declaraciondechapultepec.org\/v2\/portugues\/declaracion.asp\">Declara\u00e7\u00e3o de Chapultepec<\/a>, de 11 de marco de 1994, emitiu 10 princ\u00edpios da liberdade de imprensa que foram assinados por 54 chefes de Estado.<\/p>\n<p>\"Este pr\u00eamio e este ano nos inspiram a ter um maior empenho para defender o direito de cada cidad\u00e3o neste continente de receber informa\u00e7\u00f5es\", disse Marroqu\u00edn, lembrando que a SIP est\u00e1 comemorando 2011 como o Ano da Liberdade de Express\u00e3o.<\/p>\n<p><em>Nota do editor: Essa hist\u00f3ria foi publicada originalmente no blog de jornalismo nas Am\u00e9ricas do Centro Knight, o predecessor do LatAm Journalism Review.<\/em><\/p>\n","protected":false},"excerpt":{"rendered":"<p>O presidente da\u00a0Sociedade Interamericana de Imprensa\u00a0(IAPA, na sigla em ingl\u00eas), Gonzalo Marroqu\u00edn, e a\u00a0Funda\u00e7\u00e3o Robert R. McCormick\u00a0foram homenageados com o\u00a0pr\u00eamio Liberdade de Imprensa\u00a0esta semana no\u00a0Instituto das Am\u00e9ricas\u00a0em La Jolla, Calif\u00f3rnia, anunciou a SIP.<\/p>\n","protected":false},"author":41,"featured_media":0,"comment_status":"closed","ping_status":"closed","sticky":false,"template":"","format":"standard","meta":{"inline_featured_image":false,"footnotes":""},"categories":[1353],"tags":[2051,1559],"coauthors":[],"class_list":["post-57318","post","type-post","status-publish","format-standard","hentry","category-premios-e-oportunidades-pt-br","tag-liberdade-de-expressao-pt-br","tag-premios-pt-br"],"acf":[],"yoast_head":"<!-- This site is optimized with the Yoast SEO Premium plugin v22.6 (Yoast SEO v27.4) - https:\/\/yoast.com\/product\/yoast-seo-premium-wordpress\/ -->\n<title>Presidente da Sociedade Interamericana de Imprensa e Funda\u00e7\u00e3o McCormick recebem pr\u00eamio por luta pela liberdade de imprensa - LatAm Journalism Review by the Knight Center<\/title>\n<meta name=\"description\" content=\"Presidente da Sociedade Interamericana de Imprensa e Funda\u00e7\u00e3o McCormick recebem pr\u00eamio por luta pela liberdade de imprensa Pr\u00eamios e Oportunidades. Latin American Journalism Review by The Knight Center at The University of Texas at Austin.\" \/>\n<meta name=\"robots\" content=\"index, follow, max-snippet:-1, max-image-preview:large, max-video-preview:-1\" \/>\n<link rel=\"canonical\" href=\"https:\/\/latamjournalismreview.org\/pt-br\/articles\/presidente-da-sociedade-interamericana-de-imprensa-e-fundacao-mccormick-recebem-premio-por-luta-pela-liberdade-de-imprensa\/\" \/>\n<meta property=\"og:locale\" content=\"pt_BR\" \/>\n<meta property=\"og:type\" content=\"article\" \/>\n<meta property=\"og:title\" content=\"Presidente da Sociedade Interamericana de Imprensa e Funda\u00e7\u00e3o McCormick recebem pr\u00eamio por luta pela liberdade de imprensa\" \/>\n<meta property=\"og:description\" content=\"Presidente da Sociedade Interamericana de Imprensa e Funda\u00e7\u00e3o McCormick recebem pr\u00eamio por luta pela liberdade de imprensa Pr\u00eamios e Oportunidades. Latin American Journalism Review by The Knight Center at The University of Texas at Austin.\" \/>\n<meta property=\"og:url\" content=\"https:\/\/latamjournalismreview.org\/pt-br\/articles\/presidente-da-sociedade-interamericana-de-imprensa-e-fundacao-mccormick-recebem-premio-por-luta-pela-liberdade-de-imprensa\/\" \/>\n<meta property=\"og:site_name\" content=\"LatAm Journalism Review by the Knight Center\" \/>\n<meta property=\"article:published_time\" content=\"2011-04-06T18:22:14+00:00\" \/>\n<meta property=\"article:modified_time\" content=\"2022-06-08T18:22:50+00:00\" \/>\n<meta name=\"author\" content=\"Summer Harlow\" \/>\n<meta name=\"twitter:card\" content=\"summary_large_image\" \/>\n<meta name=\"twitter:creator\" content=\"@LatAmJournalism\" \/>\n<meta name=\"twitter:site\" content=\"@LatAmJournalism\" \/>\n<meta name=\"twitter:label1\" content=\"Written by\" \/>\n\t<meta name=\"twitter:data1\" content=\"Summer Harlow\" \/>\n\t<meta name=\"twitter:label2\" content=\"Est. reading time\" \/>\n\t<meta name=\"twitter:data2\" content=\"1 minuto\" \/>\n<script type=\"application\/ld+json\" class=\"yoast-schema-graph\">{\"@context\":\"https:\\\/\\\/schema.org\",\"@graph\":[{\"@type\":\"Article\",\"@id\":\"https:\\\/\\\/latamjournalismreview.org\\\/pt-br\\\/articles\\\/presidente-da-sociedade-interamericana-de-imprensa-e-fundacao-mccormick-recebem-premio-por-luta-pela-liberdade-de-imprensa\\\/#article\",\"isPartOf\":{\"@id\":\"https:\\\/\\\/latamjournalismreview.org\\\/pt-br\\\/articles\\\/presidente-da-sociedade-interamericana-de-imprensa-e-fundacao-mccormick-recebem-premio-por-luta-pela-liberdade-de-imprensa\\\/\"},\"author\":{\"name\":\"Summer Harlow\",\"@id\":\"https:\\\/\\\/latamjournalismreview.org\\\/pt-br\\\/#\\\/schema\\\/person\\\/571a4b578ae1200d03b8c555e5e75663\"},\"headline\":\"Presidente da Sociedade Interamericana de Imprensa e Funda\u00e7\u00e3o McCormick recebem pr\u00eamio por luta pela liberdade de imprensa\",\"datePublished\":\"2011-04-06T18:22:14+00:00\",\"dateModified\":\"2022-06-08T18:22:50+00:00\",\"mainEntityOfPage\":{\"@id\":\"https:\\\/\\\/latamjournalismreview.org\\\/pt-br\\\/articles\\\/presidente-da-sociedade-interamericana-de-imprensa-e-fundacao-mccormick-recebem-premio-por-luta-pela-liberdade-de-imprensa\\\/\"},\"wordCount\":256,\"publisher\":{\"@id\":\"https:\\\/\\\/latamjournalismreview.org\\\/pt-br\\\/#organization\"},\"keywords\":[\"Liberdade de Express\u00e3o\",\"Pr\u00eamios\"],\"articleSection\":[\"Pr\u00eamios e Oportunidades\"],\"inLanguage\":\"pt-BR\"},{\"@type\":\"WebPage\",\"@id\":\"https:\\\/\\\/latamjournalismreview.org\\\/pt-br\\\/articles\\\/presidente-da-sociedade-interamericana-de-imprensa-e-fundacao-mccormick-recebem-premio-por-luta-pela-liberdade-de-imprensa\\\/\",\"url\":\"https:\\\/\\\/latamjournalismreview.org\\\/pt-br\\\/articles\\\/presidente-da-sociedade-interamericana-de-imprensa-e-fundacao-mccormick-recebem-premio-por-luta-pela-liberdade-de-imprensa\\\/\",\"name\":\"Presidente da Sociedade Interamericana de Imprensa e Funda\u00e7\u00e3o McCormick recebem pr\u00eamio por luta pela liberdade de imprensa - LatAm Journalism Review by the Knight Center\",\"isPartOf\":{\"@id\":\"https:\\\/\\\/latamjournalismreview.org\\\/pt-br\\\/#website\"},\"datePublished\":\"2011-04-06T18:22:14+00:00\",\"dateModified\":\"2022-06-08T18:22:50+00:00\",\"description\":\"Presidente da Sociedade Interamericana de Imprensa e Funda\u00e7\u00e3o McCormick recebem pr\u00eamio por luta pela liberdade de imprensa Pr\u00eamios e Oportunidades. Latin American Journalism Review by The Knight Center at The University of Texas at Austin.\",\"breadcrumb\":{\"@id\":\"https:\\\/\\\/latamjournalismreview.org\\\/pt-br\\\/articles\\\/presidente-da-sociedade-interamericana-de-imprensa-e-fundacao-mccormick-recebem-premio-por-luta-pela-liberdade-de-imprensa\\\/#breadcrumb\"},\"inLanguage\":\"pt-BR\",\"potentialAction\":[{\"@type\":\"ReadAction\",\"target\":[\"https:\\\/\\\/latamjournalismreview.org\\\/pt-br\\\/articles\\\/presidente-da-sociedade-interamericana-de-imprensa-e-fundacao-mccormick-recebem-premio-por-luta-pela-liberdade-de-imprensa\\\/\"]}]},{\"@type\":\"BreadcrumbList\",\"@id\":\"https:\\\/\\\/latamjournalismreview.org\\\/pt-br\\\/articles\\\/presidente-da-sociedade-interamericana-de-imprensa-e-fundacao-mccormick-recebem-premio-por-luta-pela-liberdade-de-imprensa\\\/#breadcrumb\",\"itemListElement\":[{\"@type\":\"ListItem\",\"position\":1,\"name\":\"Home\",\"item\":\"https:\\\/\\\/latamjournalismreview.org\\\/pt-br\\\/\"},{\"@type\":\"ListItem\",\"position\":2,\"name\":\"Presidente da Sociedade Interamericana de Imprensa e Funda\u00e7\u00e3o McCormick recebem pr\u00eamio por luta pela liberdade de imprensa\"}]},{\"@type\":\"WebSite\",\"@id\":\"https:\\\/\\\/latamjournalismreview.org\\\/pt-br\\\/#website\",\"url\":\"https:\\\/\\\/latamjournalismreview.org\\\/pt-br\\\/\",\"name\":\"LatAm Journalism Review\",\"description\":\"Digital magazine on journalism in Latin America\",\"publisher\":{\"@id\":\"https:\\\/\\\/latamjournalismreview.org\\\/pt-br\\\/#organization\"},\"potentialAction\":[{\"@type\":\"SearchAction\",\"target\":{\"@type\":\"EntryPoint\",\"urlTemplate\":\"https:\\\/\\\/latamjournalismreview.org\\\/pt-br\\\/?s={search_term_string}\"},\"query-input\":{\"@type\":\"PropertyValueSpecification\",\"valueRequired\":true,\"valueName\":\"search_term_string\"}}],\"inLanguage\":\"pt-BR\"},{\"@type\":\"Organization\",\"@id\":\"https:\\\/\\\/latamjournalismreview.org\\\/pt-br\\\/#organization\",\"name\":\"LatAm Journalism Review\",\"url\":\"https:\\\/\\\/latamjournalismreview.org\\\/pt-br\\\/\",\"logo\":{\"@type\":\"ImageObject\",\"inLanguage\":\"pt-BR\",\"@id\":\"https:\\\/\\\/latamjournalismreview.org\\\/pt-br\\\/#\\\/schema\\\/logo\\\/image\\\/\",\"url\":\"https:\\\/\\\/latamjournalismreview.org\\\/wp-content\\\/uploads\\\/2020\\\/05\\\/knight-latAm-review-logo.svg\",\"contentUrl\":\"https:\\\/\\\/latamjournalismreview.org\\\/wp-content\\\/uploads\\\/2020\\\/05\\\/knight-latAm-review-logo.svg\",\"width\":\"1024\",\"height\":\"1024\",\"caption\":\"LatAm Journalism Review\"},\"image\":{\"@id\":\"https:\\\/\\\/latamjournalismreview.org\\\/pt-br\\\/#\\\/schema\\\/logo\\\/image\\\/\"},\"sameAs\":[\"https:\\\/\\\/x.com\\\/LatAmJournalism\"]},{\"@type\":\"Person\",\"@id\":\"https:\\\/\\\/latamjournalismreview.org\\\/pt-br\\\/#\\\/schema\\\/person\\\/571a4b578ae1200d03b8c555e5e75663\",\"name\":\"Summer Harlow\",\"url\":\"https:\\\/\\\/latamjournalismreview.org\\\/pt-br\\\/articles\\\/author\\\/summer-harlow\\\/\"}]}<\/script>\n<!-- \/ Yoast SEO Premium plugin. -->","yoast_head_json":{"title":"Presidente da Sociedade Interamericana de Imprensa e Funda\u00e7\u00e3o McCormick recebem pr\u00eamio por luta pela liberdade de imprensa - LatAm Journalism Review by the Knight Center","description":"Presidente da Sociedade Interamericana de Imprensa e Funda\u00e7\u00e3o McCormick recebem pr\u00eamio por luta pela liberdade de imprensa Pr\u00eamios e Oportunidades. Latin American Journalism Review by The Knight Center at The University of Texas at Austin.","robots":{"index":"index","follow":"follow","max-snippet":"max-snippet:-1","max-image-preview":"max-image-preview:large","max-video-preview":"max-video-preview:-1"},"canonical":"https:\/\/latamjournalismreview.org\/pt-br\/articles\/presidente-da-sociedade-interamericana-de-imprensa-e-fundacao-mccormick-recebem-premio-por-luta-pela-liberdade-de-imprensa\/","og_locale":"pt_BR","og_type":"article","og_title":"Presidente da Sociedade Interamericana de Imprensa e Funda\u00e7\u00e3o McCormick recebem pr\u00eamio por luta pela liberdade de imprensa","og_description":"Presidente da Sociedade Interamericana de Imprensa e Funda\u00e7\u00e3o McCormick recebem pr\u00eamio por luta pela liberdade de imprensa Pr\u00eamios e Oportunidades. Latin American Journalism Review by The Knight Center at The University of Texas at Austin.","og_url":"https:\/\/latamjournalismreview.org\/pt-br\/articles\/presidente-da-sociedade-interamericana-de-imprensa-e-fundacao-mccormick-recebem-premio-por-luta-pela-liberdade-de-imprensa\/","og_site_name":"LatAm Journalism Review by the Knight Center","article_published_time":"2011-04-06T18:22:14+00:00","article_modified_time":"2022-06-08T18:22:50+00:00","author":"Summer Harlow","twitter_card":"summary_large_image","twitter_creator":"@LatAmJournalism","twitter_site":"@LatAmJournalism","twitter_misc":{"Written by":"Summer Harlow","Est. reading time":"1 minuto"},"schema":{"@context":"https:\/\/schema.org","@graph":[{"@type":"Article","@id":"https:\/\/latamjournalismreview.org\/pt-br\/articles\/presidente-da-sociedade-interamericana-de-imprensa-e-fundacao-mccormick-recebem-premio-por-luta-pela-liberdade-de-imprensa\/#article","isPartOf":{"@id":"https:\/\/latamjournalismreview.org\/pt-br\/articles\/presidente-da-sociedade-interamericana-de-imprensa-e-fundacao-mccormick-recebem-premio-por-luta-pela-liberdade-de-imprensa\/"},"author":{"name":"Summer Harlow","@id":"https:\/\/latamjournalismreview.org\/pt-br\/#\/schema\/person\/571a4b578ae1200d03b8c555e5e75663"},"headline":"Presidente da Sociedade Interamericana de Imprensa e Funda\u00e7\u00e3o McCormick recebem pr\u00eamio por luta pela liberdade de imprensa","datePublished":"2011-04-06T18:22:14+00:00","dateModified":"2022-06-08T18:22:50+00:00","mainEntityOfPage":{"@id":"https:\/\/latamjournalismreview.org\/pt-br\/articles\/presidente-da-sociedade-interamericana-de-imprensa-e-fundacao-mccormick-recebem-premio-por-luta-pela-liberdade-de-imprensa\/"},"wordCount":256,"publisher":{"@id":"https:\/\/latamjournalismreview.org\/pt-br\/#organization"},"keywords":["Liberdade de Express\u00e3o","Pr\u00eamios"],"articleSection":["Pr\u00eamios e Oportunidades"],"inLanguage":"pt-BR"},{"@type":"WebPage","@id":"https:\/\/latamjournalismreview.org\/pt-br\/articles\/presidente-da-sociedade-interamericana-de-imprensa-e-fundacao-mccormick-recebem-premio-por-luta-pela-liberdade-de-imprensa\/","url":"https:\/\/latamjournalismreview.org\/pt-br\/articles\/presidente-da-sociedade-interamericana-de-imprensa-e-fundacao-mccormick-recebem-premio-por-luta-pela-liberdade-de-imprensa\/","name":"Presidente da Sociedade Interamericana de Imprensa e Funda\u00e7\u00e3o McCormick recebem pr\u00eamio por luta pela liberdade de imprensa - LatAm Journalism Review by the Knight Center","isPartOf":{"@id":"https:\/\/latamjournalismreview.org\/pt-br\/#website"},"datePublished":"2011-04-06T18:22:14+00:00","dateModified":"2022-06-08T18:22:50+00:00","description":"Presidente da Sociedade Interamericana de Imprensa e Funda\u00e7\u00e3o McCormick recebem pr\u00eamio por luta pela liberdade de imprensa Pr\u00eamios e Oportunidades. Latin American Journalism Review by The Knight Center at The University of Texas at Austin.","breadcrumb":{"@id":"https:\/\/latamjournalismreview.org\/pt-br\/articles\/presidente-da-sociedade-interamericana-de-imprensa-e-fundacao-mccormick-recebem-premio-por-luta-pela-liberdade-de-imprensa\/#breadcrumb"},"inLanguage":"pt-BR","potentialAction":[{"@type":"ReadAction","target":["https:\/\/latamjournalismreview.org\/pt-br\/articles\/presidente-da-sociedade-interamericana-de-imprensa-e-fundacao-mccormick-recebem-premio-por-luta-pela-liberdade-de-imprensa\/"]}]},{"@type":"BreadcrumbList","@id":"https:\/\/latamjournalismreview.org\/pt-br\/articles\/presidente-da-sociedade-interamericana-de-imprensa-e-fundacao-mccormick-recebem-premio-por-luta-pela-liberdade-de-imprensa\/#breadcrumb","itemListElement":[{"@type":"ListItem","position":1,"name":"Home","item":"https:\/\/latamjournalismreview.org\/pt-br\/"},{"@type":"ListItem","position":2,"name":"Presidente da Sociedade Interamericana de Imprensa e Funda\u00e7\u00e3o McCormick recebem pr\u00eamio por luta pela liberdade de imprensa"}]},{"@type":"WebSite","@id":"https:\/\/latamjournalismreview.org\/pt-br\/#website","url":"https:\/\/latamjournalismreview.org\/pt-br\/","name":"LatAm Journalism Review","description":"Digital magazine on journalism in Latin America","publisher":{"@id":"https:\/\/latamjournalismreview.org\/pt-br\/#organization"},"potentialAction":[{"@type":"SearchAction","target":{"@type":"EntryPoint","urlTemplate":"https:\/\/latamjournalismreview.org\/pt-br\/?s={search_term_string}"},"query-input":{"@type":"PropertyValueSpecification","valueRequired":true,"valueName":"search_term_string"}}],"inLanguage":"pt-BR"},{"@type":"Organization","@id":"https:\/\/latamjournalismreview.org\/pt-br\/#organization","name":"LatAm Journalism Review","url":"https:\/\/latamjournalismreview.org\/pt-br\/","logo":{"@type":"ImageObject","inLanguage":"pt-BR","@id":"https:\/\/latamjournalismreview.org\/pt-br\/#\/schema\/logo\/image\/","url":"https:\/\/latamjournalismreview.org\/wp-content\/uploads\/2020\/05\/knight-latAm-review-logo.svg","contentUrl":"https:\/\/latamjournalismreview.org\/wp-content\/uploads\/2020\/05\/knight-latAm-review-logo.svg","width":"1024","height":"1024","caption":"LatAm Journalism Review"},"image":{"@id":"https:\/\/latamjournalismreview.org\/pt-br\/#\/schema\/logo\/image\/"},"sameAs":["https:\/\/x.com\/LatAmJournalism"]},{"@type":"Person","@id":"https:\/\/latamjournalismreview.org\/pt-br\/#\/schema\/person\/571a4b578ae1200d03b8c555e5e75663","name":"Summer Harlow","url":"https:\/\/latamjournalismreview.org\/pt-br\/articles\/author\/summer-harlow\/"}]}},"_links":{"self":[{"href":"https:\/\/latamjournalismreview.org\/pt-br\/wp-json\/wp\/v2\/posts\/57318","targetHints":{"allow":["GET"]}}],"collection":[{"href":"https:\/\/latamjournalismreview.org\/pt-br\/wp-json\/wp\/v2\/posts"}],"about":[{"href":"https:\/\/latamjournalismreview.org\/pt-br\/wp-json\/wp\/v2\/types\/post"}],"author":[{"embeddable":true,"href":"https:\/\/latamjournalismreview.org\/pt-br\/wp-json\/wp\/v2\/users\/41"}],"replies":[{"embeddable":true,"href":"https:\/\/latamjournalismreview.org\/pt-br\/wp-json\/wp\/v2\/comments?post=57318"}],"version-history":[{"count":1,"href":"https:\/\/latamjournalismreview.org\/pt-br\/wp-json\/wp\/v2\/posts\/57318\/revisions"}],"predecessor-version":[{"id":57320,"href":"https:\/\/latamjournalismreview.org\/pt-br\/wp-json\/wp\/v2\/posts\/57318\/revisions\/57320"}],"wp:attachment":[{"href":"https:\/\/latamjournalismreview.org\/pt-br\/wp-json\/wp\/v2\/media?parent=57318"}],"wp:term":[{"taxonomy":"category","embeddable":true,"href":"https:\/\/latamjournalismreview.org\/pt-br\/wp-json\/wp\/v2\/categories?post=57318"},{"taxonomy":"post_tag","embeddable":true,"href":"https:\/\/latamjournalismreview.org\/pt-br\/wp-json\/wp\/v2\/tags?post=57318"},{"taxonomy":"author","embeddable":true,"href":"https:\/\/latamjournalismreview.org\/pt-br\/wp-json\/wp\/v2\/coauthors?post=57318"}],"curies":[{"name":"wp","href":"https:\/\/api.w.org\/{rel}","templated":true}]}}