{"id":57631,"date":"2011-04-13T18:43:13","date_gmt":"2011-04-13T23:43:13","guid":{"rendered":"https:\/\/latamjournalismreview.org\/?p=57631"},"modified":"2022-06-09T18:43:47","modified_gmt":"2022-06-09T23:43:47","slug":"jornalistas-sao-detidos-no-interior-do-para-durante-reportagem","status":"publish","type":"post","link":"https:\/\/latamjournalismreview.org\/pt-br\/articles\/jornalistas-sao-detidos-no-interior-do-para-durante-reportagem\/","title":{"rendered":"Jornalistas s\u00e3o detidos no interior do Par\u00e1 durante reportagem"},"content":{"rendered":"<p>Jornalistas da\u00a0<a href=\"http:\/\/www.tvliberal.com.br\/\">TV Liberal<\/a>\u00a0foram\u00a0<a href=\"http:\/\/www.orm.com.br\/projetos\/oliberal\/interna\/default.asp?modulo=251&amp;codigo=526842\">detidos por policiais militares<\/a>\u00a0no munic\u00edpio do\u00a0<a href=\"http:\/\/pt.wikipedia.org\/wiki\/Acar%C3%A1_%28Par%C3%A1%29\">Acar\u00e1<\/a>, interior do Par\u00e1, na manh\u00e3 de ontem (12), informou o Portal ORM. A equipe, formada pelo jornalista Guilherme Mendes, pelo cinegrafista Carlos Batista e pelo auxiliar Edmilson Luz, fazia uma reportagem sobre a precariedade da sa\u00fade p\u00fablica local e ouvia as den\u00fancias dos usu\u00e1rios de um dos postos da cidade quando foi abordada.<\/p>\n<p>Os profissionais ficaram cerca de meia hora detidos pelos policiais militares, sob acusa\u00e7\u00e3o de entrar na unidade de sa\u00fade sem autoriza\u00e7\u00e3o. Eles foram soltos ap\u00f3s a diretora do posto de sa\u00fade, Simone Almeida, desistir da ocorr\u00eancia. Segundo o Portal ORM, a\u00a0<a href=\"http:\/\/www.portalorm.com.br\/2009\/noticias\/default.asp?id_noticia=526717&amp;id_modulo=388\">ordem de pris\u00e3o teria sido dada pela prefeita do munic\u00edpio<\/a>, Francisca Martins. Por telefone, ela negou \u00e0 emissora qualquer participa\u00e7\u00e3o.<\/p>\n<p>A TV Liberal, afiliada da\u00a0<a href=\"http:\/\/redeglobo.globo.com\/\">Rede Globo<\/a>, havia recebido in\u00fameras den\u00fancias de falta de m\u00e9dicos, medicamentos e p\u00e9ssimas condi\u00e7\u00f5es de higiene no hospital p\u00fablico do Acar\u00e1 e enviou a equipe para apurar as supostas irregularidades.<\/p>\n<p>Em nota, o\u00a0<a href=\"http:\/\/www.jornalistasdopara.com.br\/\">Sindicato dos Jornalistas do Par\u00e1<\/a>\u00a0(Sinjor-PA)\u00a0<a href=\"http:\/\/jornalistasdopara.com.br\/news\/exibemsg.php?titulo=NOTA%20DE%20REPUDIO\">repudiou os fatos<\/a>\u00a0ocorridos com a equipe. Diretores da entidade ressaltaram que \u201ca atitude tomada \u00e9 inaceit\u00e1vel, pois constitui-se em agress\u00e3o a toda a sociedade, j\u00e1 que viola a liberdade de imprensa e o direito \u00e0 informa\u00e7\u00e3o\u201d.<\/p>\n<p><em>Nota do editor: Essa hist\u00f3ria foi publicada originalmente no blog de jornalismo nas Am\u00e9ricas do Centro Knight, o predecessor do LatAm Journalism Review.<\/em><\/p>\n","protected":false},"excerpt":{"rendered":"<p>Jornalistas da\u00a0TV Liberal\u00a0foram\u00a0detidos por policiais militares\u00a0no munic\u00edpio do\u00a0Acar\u00e1, interior do Par\u00e1, na manh\u00e3 de ontem (12), informou o Portal ORM. A equipe, formada pelo jornalista Guilherme Mendes, pelo cinegrafista Carlos Batista e pelo auxiliar Edmilson Luz, fazia uma reportagem sobre a precariedade da sa\u00fade p\u00fablica local e ouvia as den\u00fancias dos usu\u00e1rios de um dos postos da cidade quando foi abordada.<\/p>\n","protected":false},"author":42,"featured_media":0,"comment_status":"closed","ping_status":"closed","sticky":false,"template":"","format":"standard","meta":{"inline_featured_image":false,"footnotes":""},"categories":[1219],"tags":[1567,2051,1562],"coauthors":[],"class_list":["post-57631","post","type-post","status-publish","format-standard","hentry","category-liberdade-de-imprensa-pt-br","tag-detencoes-pt-br","tag-liberdade-de-expressao-pt-br","tag-radio-e-tv-pt-br"],"acf":[],"yoast_head":"<!-- This site is optimized with the Yoast SEO Premium plugin v22.6 (Yoast SEO v27.4) - https:\/\/yoast.com\/product\/yoast-seo-premium-wordpress\/ -->\n<title>Jornalistas s\u00e3o detidos no interior do Par\u00e1 durante reportagem - LatAm Journalism Review by the Knight Center<\/title>\n<meta name=\"description\" content=\"Jornalistas s\u00e3o detidos no interior do Par\u00e1 durante reportagem Liberdade de imprensa. Latin American Journalism Review by The Knight Center at The University of Texas at Austin.\" \/>\n<meta name=\"robots\" content=\"index, follow, max-snippet:-1, max-image-preview:large, max-video-preview:-1\" \/>\n<link rel=\"canonical\" href=\"https:\/\/latamjournalismreview.org\/pt-br\/articles\/jornalistas-sao-detidos-no-interior-do-para-durante-reportagem\/\" \/>\n<meta property=\"og:locale\" content=\"pt_BR\" \/>\n<meta property=\"og:type\" content=\"article\" \/>\n<meta property=\"og:title\" content=\"Jornalistas s\u00e3o detidos no interior do Par\u00e1 durante reportagem\" \/>\n<meta property=\"og:description\" content=\"Jornalistas s\u00e3o detidos no interior do Par\u00e1 durante reportagem Liberdade de imprensa. Latin American Journalism Review by The Knight Center at The University of Texas at Austin.\" \/>\n<meta property=\"og:url\" content=\"https:\/\/latamjournalismreview.org\/pt-br\/articles\/jornalistas-sao-detidos-no-interior-do-para-durante-reportagem\/\" \/>\n<meta property=\"og:site_name\" content=\"LatAm Journalism Review by the Knight Center\" \/>\n<meta property=\"article:published_time\" content=\"2011-04-13T23:43:13+00:00\" \/>\n<meta property=\"article:modified_time\" content=\"2022-06-09T23:43:47+00:00\" \/>\n<meta name=\"author\" content=\"Natalia Mazotte\" \/>\n<meta name=\"twitter:card\" content=\"summary_large_image\" \/>\n<meta name=\"twitter:creator\" content=\"@LatAmJournalism\" \/>\n<meta name=\"twitter:site\" content=\"@LatAmJournalism\" \/>\n<meta name=\"twitter:label1\" content=\"Written by\" \/>\n\t<meta name=\"twitter:data1\" content=\"Natalia Mazotte\" \/>\n\t<meta name=\"twitter:label2\" content=\"Est. reading time\" \/>\n\t<meta name=\"twitter:data2\" content=\"1 minuto\" \/>\n<script type=\"application\/ld+json\" class=\"yoast-schema-graph\">{\"@context\":\"https:\\\/\\\/schema.org\",\"@graph\":[{\"@type\":\"Article\",\"@id\":\"https:\\\/\\\/latamjournalismreview.org\\\/pt-br\\\/articles\\\/jornalistas-sao-detidos-no-interior-do-para-durante-reportagem\\\/#article\",\"isPartOf\":{\"@id\":\"https:\\\/\\\/latamjournalismreview.org\\\/pt-br\\\/articles\\\/jornalistas-sao-detidos-no-interior-do-para-durante-reportagem\\\/\"},\"author\":{\"name\":\"Natalia Mazotte\",\"@id\":\"https:\\\/\\\/latamjournalismreview.org\\\/pt-br\\\/#\\\/schema\\\/person\\\/747457e530d741a9d192f00c32c7f884\"},\"headline\":\"Jornalistas s\u00e3o detidos no interior do Par\u00e1 durante reportagem\",\"datePublished\":\"2011-04-13T23:43:13+00:00\",\"dateModified\":\"2022-06-09T23:43:47+00:00\",\"mainEntityOfPage\":{\"@id\":\"https:\\\/\\\/latamjournalismreview.org\\\/pt-br\\\/articles\\\/jornalistas-sao-detidos-no-interior-do-para-durante-reportagem\\\/\"},\"wordCount\":262,\"publisher\":{\"@id\":\"https:\\\/\\\/latamjournalismreview.org\\\/pt-br\\\/#organization\"},\"keywords\":[\"Deten\u00e7\u00f5es\",\"Liberdade de express\u00e3o\",\"R\u00e1dio e TV\"],\"articleSection\":[\"Liberdade de imprensa\"],\"inLanguage\":\"pt-BR\"},{\"@type\":\"WebPage\",\"@id\":\"https:\\\/\\\/latamjournalismreview.org\\\/pt-br\\\/articles\\\/jornalistas-sao-detidos-no-interior-do-para-durante-reportagem\\\/\",\"url\":\"https:\\\/\\\/latamjournalismreview.org\\\/pt-br\\\/articles\\\/jornalistas-sao-detidos-no-interior-do-para-durante-reportagem\\\/\",\"name\":\"Jornalistas s\u00e3o detidos no interior do Par\u00e1 durante reportagem - LatAm Journalism Review by the Knight Center\",\"isPartOf\":{\"@id\":\"https:\\\/\\\/latamjournalismreview.org\\\/pt-br\\\/#website\"},\"datePublished\":\"2011-04-13T23:43:13+00:00\",\"dateModified\":\"2022-06-09T23:43:47+00:00\",\"description\":\"Jornalistas s\u00e3o detidos no interior do Par\u00e1 durante reportagem Liberdade de imprensa. Latin American Journalism Review by The Knight Center at The University of Texas at Austin.\",\"breadcrumb\":{\"@id\":\"https:\\\/\\\/latamjournalismreview.org\\\/pt-br\\\/articles\\\/jornalistas-sao-detidos-no-interior-do-para-durante-reportagem\\\/#breadcrumb\"},\"inLanguage\":\"pt-BR\",\"potentialAction\":[{\"@type\":\"ReadAction\",\"target\":[\"https:\\\/\\\/latamjournalismreview.org\\\/pt-br\\\/articles\\\/jornalistas-sao-detidos-no-interior-do-para-durante-reportagem\\\/\"]}]},{\"@type\":\"BreadcrumbList\",\"@id\":\"https:\\\/\\\/latamjournalismreview.org\\\/pt-br\\\/articles\\\/jornalistas-sao-detidos-no-interior-do-para-durante-reportagem\\\/#breadcrumb\",\"itemListElement\":[{\"@type\":\"ListItem\",\"position\":1,\"name\":\"Home\",\"item\":\"https:\\\/\\\/latamjournalismreview.org\\\/pt-br\\\/\"},{\"@type\":\"ListItem\",\"position\":2,\"name\":\"Jornalistas s\u00e3o detidos no interior do Par\u00e1 durante reportagem\"}]},{\"@type\":\"WebSite\",\"@id\":\"https:\\\/\\\/latamjournalismreview.org\\\/pt-br\\\/#website\",\"url\":\"https:\\\/\\\/latamjournalismreview.org\\\/pt-br\\\/\",\"name\":\"LatAm Journalism Review\",\"description\":\"Digital magazine on journalism in Latin America\",\"publisher\":{\"@id\":\"https:\\\/\\\/latamjournalismreview.org\\\/pt-br\\\/#organization\"},\"potentialAction\":[{\"@type\":\"SearchAction\",\"target\":{\"@type\":\"EntryPoint\",\"urlTemplate\":\"https:\\\/\\\/latamjournalismreview.org\\\/pt-br\\\/?s={search_term_string}\"},\"query-input\":{\"@type\":\"PropertyValueSpecification\",\"valueRequired\":true,\"valueName\":\"search_term_string\"}}],\"inLanguage\":\"pt-BR\"},{\"@type\":\"Organization\",\"@id\":\"https:\\\/\\\/latamjournalismreview.org\\\/pt-br\\\/#organization\",\"name\":\"LatAm Journalism Review\",\"url\":\"https:\\\/\\\/latamjournalismreview.org\\\/pt-br\\\/\",\"logo\":{\"@type\":\"ImageObject\",\"inLanguage\":\"pt-BR\",\"@id\":\"https:\\\/\\\/latamjournalismreview.org\\\/pt-br\\\/#\\\/schema\\\/logo\\\/image\\\/\",\"url\":\"https:\\\/\\\/latamjournalismreview.org\\\/wp-content\\\/uploads\\\/2020\\\/05\\\/knight-latAm-review-logo.svg\",\"contentUrl\":\"https:\\\/\\\/latamjournalismreview.org\\\/wp-content\\\/uploads\\\/2020\\\/05\\\/knight-latAm-review-logo.svg\",\"width\":\"1024\",\"height\":\"1024\",\"caption\":\"LatAm Journalism Review\"},\"image\":{\"@id\":\"https:\\\/\\\/latamjournalismreview.org\\\/pt-br\\\/#\\\/schema\\\/logo\\\/image\\\/\"},\"sameAs\":[\"https:\\\/\\\/x.com\\\/LatAmJournalism\"]},{\"@type\":\"Person\",\"@id\":\"https:\\\/\\\/latamjournalismreview.org\\\/pt-br\\\/#\\\/schema\\\/person\\\/747457e530d741a9d192f00c32c7f884\",\"name\":\"Natalia Mazotte\",\"url\":\"https:\\\/\\\/latamjournalismreview.org\\\/pt-br\\\/articles\\\/author\\\/natalia-mazotte\\\/\"}]}<\/script>\n<!-- \/ Yoast SEO Premium plugin. -->","yoast_head_json":{"title":"Jornalistas s\u00e3o detidos no interior do Par\u00e1 durante reportagem - LatAm Journalism Review by the Knight Center","description":"Jornalistas s\u00e3o detidos no interior do Par\u00e1 durante reportagem Liberdade de imprensa. Latin American Journalism Review by The Knight Center at The University of Texas at Austin.","robots":{"index":"index","follow":"follow","max-snippet":"max-snippet:-1","max-image-preview":"max-image-preview:large","max-video-preview":"max-video-preview:-1"},"canonical":"https:\/\/latamjournalismreview.org\/pt-br\/articles\/jornalistas-sao-detidos-no-interior-do-para-durante-reportagem\/","og_locale":"pt_BR","og_type":"article","og_title":"Jornalistas s\u00e3o detidos no interior do Par\u00e1 durante reportagem","og_description":"Jornalistas s\u00e3o detidos no interior do Par\u00e1 durante reportagem Liberdade de imprensa. Latin American Journalism Review by The Knight Center at The University of Texas at Austin.","og_url":"https:\/\/latamjournalismreview.org\/pt-br\/articles\/jornalistas-sao-detidos-no-interior-do-para-durante-reportagem\/","og_site_name":"LatAm Journalism Review by the Knight Center","article_published_time":"2011-04-13T23:43:13+00:00","article_modified_time":"2022-06-09T23:43:47+00:00","author":"Natalia Mazotte","twitter_card":"summary_large_image","twitter_creator":"@LatAmJournalism","twitter_site":"@LatAmJournalism","twitter_misc":{"Written by":"Natalia Mazotte","Est. reading time":"1 minuto"},"schema":{"@context":"https:\/\/schema.org","@graph":[{"@type":"Article","@id":"https:\/\/latamjournalismreview.org\/pt-br\/articles\/jornalistas-sao-detidos-no-interior-do-para-durante-reportagem\/#article","isPartOf":{"@id":"https:\/\/latamjournalismreview.org\/pt-br\/articles\/jornalistas-sao-detidos-no-interior-do-para-durante-reportagem\/"},"author":{"name":"Natalia Mazotte","@id":"https:\/\/latamjournalismreview.org\/pt-br\/#\/schema\/person\/747457e530d741a9d192f00c32c7f884"},"headline":"Jornalistas s\u00e3o detidos no interior do Par\u00e1 durante reportagem","datePublished":"2011-04-13T23:43:13+00:00","dateModified":"2022-06-09T23:43:47+00:00","mainEntityOfPage":{"@id":"https:\/\/latamjournalismreview.org\/pt-br\/articles\/jornalistas-sao-detidos-no-interior-do-para-durante-reportagem\/"},"wordCount":262,"publisher":{"@id":"https:\/\/latamjournalismreview.org\/pt-br\/#organization"},"keywords":["Deten\u00e7\u00f5es","Liberdade de express\u00e3o","R\u00e1dio e TV"],"articleSection":["Liberdade de imprensa"],"inLanguage":"pt-BR"},{"@type":"WebPage","@id":"https:\/\/latamjournalismreview.org\/pt-br\/articles\/jornalistas-sao-detidos-no-interior-do-para-durante-reportagem\/","url":"https:\/\/latamjournalismreview.org\/pt-br\/articles\/jornalistas-sao-detidos-no-interior-do-para-durante-reportagem\/","name":"Jornalistas s\u00e3o detidos no interior do Par\u00e1 durante reportagem - LatAm Journalism Review by the Knight Center","isPartOf":{"@id":"https:\/\/latamjournalismreview.org\/pt-br\/#website"},"datePublished":"2011-04-13T23:43:13+00:00","dateModified":"2022-06-09T23:43:47+00:00","description":"Jornalistas s\u00e3o detidos no interior do Par\u00e1 durante reportagem Liberdade de imprensa. Latin American Journalism Review by The Knight Center at The University of Texas at Austin.","breadcrumb":{"@id":"https:\/\/latamjournalismreview.org\/pt-br\/articles\/jornalistas-sao-detidos-no-interior-do-para-durante-reportagem\/#breadcrumb"},"inLanguage":"pt-BR","potentialAction":[{"@type":"ReadAction","target":["https:\/\/latamjournalismreview.org\/pt-br\/articles\/jornalistas-sao-detidos-no-interior-do-para-durante-reportagem\/"]}]},{"@type":"BreadcrumbList","@id":"https:\/\/latamjournalismreview.org\/pt-br\/articles\/jornalistas-sao-detidos-no-interior-do-para-durante-reportagem\/#breadcrumb","itemListElement":[{"@type":"ListItem","position":1,"name":"Home","item":"https:\/\/latamjournalismreview.org\/pt-br\/"},{"@type":"ListItem","position":2,"name":"Jornalistas s\u00e3o detidos no interior do Par\u00e1 durante reportagem"}]},{"@type":"WebSite","@id":"https:\/\/latamjournalismreview.org\/pt-br\/#website","url":"https:\/\/latamjournalismreview.org\/pt-br\/","name":"LatAm Journalism Review","description":"Digital magazine on journalism in Latin America","publisher":{"@id":"https:\/\/latamjournalismreview.org\/pt-br\/#organization"},"potentialAction":[{"@type":"SearchAction","target":{"@type":"EntryPoint","urlTemplate":"https:\/\/latamjournalismreview.org\/pt-br\/?s={search_term_string}"},"query-input":{"@type":"PropertyValueSpecification","valueRequired":true,"valueName":"search_term_string"}}],"inLanguage":"pt-BR"},{"@type":"Organization","@id":"https:\/\/latamjournalismreview.org\/pt-br\/#organization","name":"LatAm Journalism Review","url":"https:\/\/latamjournalismreview.org\/pt-br\/","logo":{"@type":"ImageObject","inLanguage":"pt-BR","@id":"https:\/\/latamjournalismreview.org\/pt-br\/#\/schema\/logo\/image\/","url":"https:\/\/latamjournalismreview.org\/wp-content\/uploads\/2020\/05\/knight-latAm-review-logo.svg","contentUrl":"https:\/\/latamjournalismreview.org\/wp-content\/uploads\/2020\/05\/knight-latAm-review-logo.svg","width":"1024","height":"1024","caption":"LatAm Journalism Review"},"image":{"@id":"https:\/\/latamjournalismreview.org\/pt-br\/#\/schema\/logo\/image\/"},"sameAs":["https:\/\/x.com\/LatAmJournalism"]},{"@type":"Person","@id":"https:\/\/latamjournalismreview.org\/pt-br\/#\/schema\/person\/747457e530d741a9d192f00c32c7f884","name":"Natalia Mazotte","url":"https:\/\/latamjournalismreview.org\/pt-br\/articles\/author\/natalia-mazotte\/"}]}},"_links":{"self":[{"href":"https:\/\/latamjournalismreview.org\/pt-br\/wp-json\/wp\/v2\/posts\/57631","targetHints":{"allow":["GET"]}}],"collection":[{"href":"https:\/\/latamjournalismreview.org\/pt-br\/wp-json\/wp\/v2\/posts"}],"about":[{"href":"https:\/\/latamjournalismreview.org\/pt-br\/wp-json\/wp\/v2\/types\/post"}],"author":[{"embeddable":true,"href":"https:\/\/latamjournalismreview.org\/pt-br\/wp-json\/wp\/v2\/users\/42"}],"replies":[{"embeddable":true,"href":"https:\/\/latamjournalismreview.org\/pt-br\/wp-json\/wp\/v2\/comments?post=57631"}],"version-history":[{"count":1,"href":"https:\/\/latamjournalismreview.org\/pt-br\/wp-json\/wp\/v2\/posts\/57631\/revisions"}],"predecessor-version":[{"id":57634,"href":"https:\/\/latamjournalismreview.org\/pt-br\/wp-json\/wp\/v2\/posts\/57631\/revisions\/57634"}],"wp:attachment":[{"href":"https:\/\/latamjournalismreview.org\/pt-br\/wp-json\/wp\/v2\/media?parent=57631"}],"wp:term":[{"taxonomy":"category","embeddable":true,"href":"https:\/\/latamjournalismreview.org\/pt-br\/wp-json\/wp\/v2\/categories?post=57631"},{"taxonomy":"post_tag","embeddable":true,"href":"https:\/\/latamjournalismreview.org\/pt-br\/wp-json\/wp\/v2\/tags?post=57631"},{"taxonomy":"author","embeddable":true,"href":"https:\/\/latamjournalismreview.org\/pt-br\/wp-json\/wp\/v2\/coauthors?post=57631"}],"curies":[{"name":"wp","href":"https:\/\/api.w.org\/{rel}","templated":true}]}}