{"id":57977,"date":"2011-04-26T08:36:35","date_gmt":"2011-04-26T13:36:35","guid":{"rendered":"https:\/\/latamjournalismreview.org\/?p=57977"},"modified":"2022-06-14T08:38:27","modified_gmt":"2022-06-14T13:38:27","slug":"presidente-do-equador-suspende-acesso-de-profissionais-do-jornal-el-universo-a-sede-do-governo","status":"publish","type":"post","link":"https:\/\/latamjournalismreview.org\/pt-br\/articles\/presidente-do-equador-suspende-acesso-de-profissionais-do-jornal-el-universo-a-sede-do-governo\/","title":{"rendered":"Presidente do Equador suspende acesso de profissionais do jornal El Universo \u00e0 sede do governo"},"content":{"rendered":"<p>Em um novo embate entre o presidente do Equador, Rafael Correa, e a imprensa,\u00a0<a href=\"http:\/\/www.el-nacional.com\/www\/site\/p_contenido.php?q=nodo\/202163\/Mundo\/Obligan-a-retirarse-a-periodista-de-sala-de-prensa-del-gobierno-ecuatoriano\">o acesso do jornal El Universo ao Pal\u00e1cio de Carondelet, sede do governo equatoriano, foi temporariamente suspenso<\/a>, por causa do suposto descumprimento de certas \"disposi\u00e7\u00f5es constitucionais\", informou o El Nacional.<\/p>\n<p>Segundo o jornal,\u00a0<a href=\"http:\/\/www.eluniverso.com\/2011\/04\/26\/1\/1355\/periodista-universo-expulsada-carondelet.html?p=1354&amp;m=1775\">a jornalista Sugey Hajjar foi expulsa da sala de imprensa do pal\u00e1cio<\/a>\u00a0ap\u00f3s ser informada de que sua credencial de acesso ao edif\u00edcio n\u00e3o havia sido renovada.<\/p>\n<p>A EFE explicou que\u00a0<a href=\"http:\/\/www.google.com\/hostednews\/epa\/article\/ALeqM5gCjLKR4sc6k_lKpcepWypAgnszXg?docId=1516631\">n\u00e3o \u00e9 preciso ter uma credencial da Presid\u00eancia<\/a>\u00a0para ter acesso \u00e0 sala de imprensa. Geralmente, basta a identifica\u00e7\u00e3o do ve\u00edculo.<\/p>\n<p>O\u00a0<a href=\"http:\/\/www.eluniverso.com\/\">El Universo<\/a>\u00a0garantiu ter seguido as diretrizes para a renova\u00e7\u00e3o da credencial. Uma nota da Secretaria Nacional de Comunica\u00e7\u00e3o, por\u00e9m, deixa claro que\u00a0<a href=\"http:\/\/www4.elcomercio.com\/2011-04-25\/Noticias\/Politica\/Noticias-Secundarias\/El-Universo-Credencial-Alvarado.aspx\">o verdadeiro motivo da suspens\u00e3o do acesso foi o jornal ter se negado a corrigir uma mat\u00e9ria<\/a>\u00a0publicada em dezembro de 2010 justamente sobre o uso das identifica\u00e7\u00f5es, dijo El Comercio.<\/p>\n<p>Trata-se do embate mais recente entre a imprensa e Correa. O presidente\u00a0<a href=\"http:\/\/knightcenter.utexas.edu\/pt-br\/blog\/organizacoes-pedem-que-presidente-do-equador-desista-de-processos-contra-jornalistas\">est\u00e1 at\u00e9 processando jornalistas e diretores de ve\u00edculos de comunica\u00e7\u00e3o<\/a>\u00a0por supostas inj\u00farias.\u00a0<a href=\"http:\/\/knightcenter.utexas.edu\/pt-br\/blog\/presidente-do-equador-pede-80-milhoes-de-dolares-de-indenizacao-jornal\">Uma das a\u00e7\u00f5es \u00e9 justamente contra o El Universo<\/a>.<\/p>\n<p><em>Nota do editor: Essa hist\u00f3ria foi publicada originalmente no blog de jornalismo nas Am\u00e9ricas do Centro Knight, o predecessor do LatAm Journalism Review.<\/em><\/p>\n","protected":false},"excerpt":{"rendered":"<p>Em um novo embate entre o presidente do Equador, Rafael Correa, e a imprensa,\u00a0o acesso do jornal El Universo ao Pal\u00e1cio de Carondelet, sede do governo equatoriano, foi temporariamente suspenso, por causa do suposto descumprimento de certas \"disposi\u00e7\u00f5es constitucionais\", informou o El Nacional.<\/p>\n","protected":false},"author":43,"featured_media":0,"comment_status":"closed","ping_status":"closed","sticky":false,"template":"","format":"standard","meta":{"inline_featured_image":false,"footnotes":""},"categories":[1219],"tags":[1555,2050,1570,2051],"coauthors":[],"class_list":["post-57977","post","type-post","status-publish","format-standard","hentry","category-liberdade-de-imprensa-pt-br","tag-acesso-a-informacao-pt-br","tag-censura-pt-br","tag-equador-pt-br","tag-liberdade-de-expressao-pt-br"],"acf":[],"yoast_head":"<!-- This site is optimized with the Yoast SEO Premium plugin v22.6 (Yoast SEO v27.4) - https:\/\/yoast.com\/product\/yoast-seo-premium-wordpress\/ -->\n<title>Presidente do Equador suspende acesso de profissionais do jornal El Universo \u00e0 sede do governo - LatAm Journalism Review by the Knight Center<\/title>\n<meta name=\"description\" content=\"Presidente do Equador suspende acesso de profissionais do jornal El Universo \u00e0 sede do governo Liberdade de imprensa. Latin American Journalism Review by The Knight Center at The University of Texas at Austin.\" \/>\n<meta name=\"robots\" content=\"index, follow, max-snippet:-1, max-image-preview:large, max-video-preview:-1\" \/>\n<link rel=\"canonical\" href=\"https:\/\/latamjournalismreview.org\/pt-br\/articles\/presidente-do-equador-suspende-acesso-de-profissionais-do-jornal-el-universo-a-sede-do-governo\/\" \/>\n<meta property=\"og:locale\" content=\"pt_BR\" \/>\n<meta property=\"og:type\" content=\"article\" \/>\n<meta property=\"og:title\" content=\"Presidente do Equador suspende acesso de profissionais do jornal El Universo \u00e0 sede do governo\" \/>\n<meta property=\"og:description\" content=\"Presidente do Equador suspende acesso de profissionais do jornal El Universo \u00e0 sede do governo Liberdade de imprensa. Latin American Journalism Review by The Knight Center at The University of Texas at Austin.\" \/>\n<meta property=\"og:url\" content=\"https:\/\/latamjournalismreview.org\/pt-br\/articles\/presidente-do-equador-suspende-acesso-de-profissionais-do-jornal-el-universo-a-sede-do-governo\/\" \/>\n<meta property=\"og:site_name\" content=\"LatAm Journalism Review by the Knight Center\" \/>\n<meta property=\"article:published_time\" content=\"2011-04-26T13:36:35+00:00\" \/>\n<meta property=\"article:modified_time\" content=\"2022-06-14T13:38:27+00:00\" \/>\n<meta name=\"author\" content=\"Monica Medel\" \/>\n<meta name=\"twitter:card\" content=\"summary_large_image\" \/>\n<meta name=\"twitter:creator\" content=\"@LatAmJournalism\" \/>\n<meta name=\"twitter:site\" content=\"@LatAmJournalism\" \/>\n<meta name=\"twitter:label1\" content=\"Written by\" \/>\n\t<meta name=\"twitter:data1\" content=\"Monica Medel\" \/>\n\t<meta name=\"twitter:label2\" content=\"Est. reading time\" \/>\n\t<meta name=\"twitter:data2\" content=\"1 minuto\" \/>\n<script type=\"application\/ld+json\" class=\"yoast-schema-graph\">{\"@context\":\"https:\\\/\\\/schema.org\",\"@graph\":[{\"@type\":\"Article\",\"@id\":\"https:\\\/\\\/latamjournalismreview.org\\\/pt-br\\\/articles\\\/presidente-do-equador-suspende-acesso-de-profissionais-do-jornal-el-universo-a-sede-do-governo\\\/#article\",\"isPartOf\":{\"@id\":\"https:\\\/\\\/latamjournalismreview.org\\\/pt-br\\\/articles\\\/presidente-do-equador-suspende-acesso-de-profissionais-do-jornal-el-universo-a-sede-do-governo\\\/\"},\"author\":{\"name\":\"Monica Medel\",\"@id\":\"https:\\\/\\\/latamjournalismreview.org\\\/pt-br\\\/#\\\/schema\\\/person\\\/1746872e9af4abc45355e4a7a4ddcea5\"},\"headline\":\"Presidente do Equador suspende acesso de profissionais do jornal El Universo \u00e0 sede do governo\",\"datePublished\":\"2011-04-26T13:36:35+00:00\",\"dateModified\":\"2022-06-14T13:38:27+00:00\",\"mainEntityOfPage\":{\"@id\":\"https:\\\/\\\/latamjournalismreview.org\\\/pt-br\\\/articles\\\/presidente-do-equador-suspende-acesso-de-profissionais-do-jornal-el-universo-a-sede-do-governo\\\/\"},\"wordCount\":243,\"publisher\":{\"@id\":\"https:\\\/\\\/latamjournalismreview.org\\\/pt-br\\\/#organization\"},\"keywords\":[\"Acesso a informa\u00e7\u00e3o\",\"Censura\",\"Equador\",\"Liberdade de express\u00e3o\"],\"articleSection\":[\"Liberdade de imprensa\"],\"inLanguage\":\"pt-BR\"},{\"@type\":\"WebPage\",\"@id\":\"https:\\\/\\\/latamjournalismreview.org\\\/pt-br\\\/articles\\\/presidente-do-equador-suspende-acesso-de-profissionais-do-jornal-el-universo-a-sede-do-governo\\\/\",\"url\":\"https:\\\/\\\/latamjournalismreview.org\\\/pt-br\\\/articles\\\/presidente-do-equador-suspende-acesso-de-profissionais-do-jornal-el-universo-a-sede-do-governo\\\/\",\"name\":\"Presidente do Equador suspende acesso de profissionais do jornal El Universo \u00e0 sede do governo - LatAm Journalism Review by the Knight Center\",\"isPartOf\":{\"@id\":\"https:\\\/\\\/latamjournalismreview.org\\\/pt-br\\\/#website\"},\"datePublished\":\"2011-04-26T13:36:35+00:00\",\"dateModified\":\"2022-06-14T13:38:27+00:00\",\"description\":\"Presidente do Equador suspende acesso de profissionais do jornal El Universo \u00e0 sede do governo Liberdade de imprensa. Latin American Journalism Review by The Knight Center at The University of Texas at Austin.\",\"breadcrumb\":{\"@id\":\"https:\\\/\\\/latamjournalismreview.org\\\/pt-br\\\/articles\\\/presidente-do-equador-suspende-acesso-de-profissionais-do-jornal-el-universo-a-sede-do-governo\\\/#breadcrumb\"},\"inLanguage\":\"pt-BR\",\"potentialAction\":[{\"@type\":\"ReadAction\",\"target\":[\"https:\\\/\\\/latamjournalismreview.org\\\/pt-br\\\/articles\\\/presidente-do-equador-suspende-acesso-de-profissionais-do-jornal-el-universo-a-sede-do-governo\\\/\"]}]},{\"@type\":\"BreadcrumbList\",\"@id\":\"https:\\\/\\\/latamjournalismreview.org\\\/pt-br\\\/articles\\\/presidente-do-equador-suspende-acesso-de-profissionais-do-jornal-el-universo-a-sede-do-governo\\\/#breadcrumb\",\"itemListElement\":[{\"@type\":\"ListItem\",\"position\":1,\"name\":\"Home\",\"item\":\"https:\\\/\\\/latamjournalismreview.org\\\/pt-br\\\/\"},{\"@type\":\"ListItem\",\"position\":2,\"name\":\"Presidente do Equador suspende acesso de profissionais do jornal El Universo \u00e0 sede do governo\"}]},{\"@type\":\"WebSite\",\"@id\":\"https:\\\/\\\/latamjournalismreview.org\\\/pt-br\\\/#website\",\"url\":\"https:\\\/\\\/latamjournalismreview.org\\\/pt-br\\\/\",\"name\":\"LatAm Journalism Review\",\"description\":\"Digital magazine on journalism in Latin America\",\"publisher\":{\"@id\":\"https:\\\/\\\/latamjournalismreview.org\\\/pt-br\\\/#organization\"},\"potentialAction\":[{\"@type\":\"SearchAction\",\"target\":{\"@type\":\"EntryPoint\",\"urlTemplate\":\"https:\\\/\\\/latamjournalismreview.org\\\/pt-br\\\/?s={search_term_string}\"},\"query-input\":{\"@type\":\"PropertyValueSpecification\",\"valueRequired\":true,\"valueName\":\"search_term_string\"}}],\"inLanguage\":\"pt-BR\"},{\"@type\":\"Organization\",\"@id\":\"https:\\\/\\\/latamjournalismreview.org\\\/pt-br\\\/#organization\",\"name\":\"LatAm Journalism Review\",\"url\":\"https:\\\/\\\/latamjournalismreview.org\\\/pt-br\\\/\",\"logo\":{\"@type\":\"ImageObject\",\"inLanguage\":\"pt-BR\",\"@id\":\"https:\\\/\\\/latamjournalismreview.org\\\/pt-br\\\/#\\\/schema\\\/logo\\\/image\\\/\",\"url\":\"https:\\\/\\\/latamjournalismreview.org\\\/wp-content\\\/uploads\\\/2020\\\/05\\\/knight-latAm-review-logo.svg\",\"contentUrl\":\"https:\\\/\\\/latamjournalismreview.org\\\/wp-content\\\/uploads\\\/2020\\\/05\\\/knight-latAm-review-logo.svg\",\"width\":\"1024\",\"height\":\"1024\",\"caption\":\"LatAm Journalism Review\"},\"image\":{\"@id\":\"https:\\\/\\\/latamjournalismreview.org\\\/pt-br\\\/#\\\/schema\\\/logo\\\/image\\\/\"},\"sameAs\":[\"https:\\\/\\\/x.com\\\/LatAmJournalism\"]},{\"@type\":\"Person\",\"@id\":\"https:\\\/\\\/latamjournalismreview.org\\\/pt-br\\\/#\\\/schema\\\/person\\\/1746872e9af4abc45355e4a7a4ddcea5\",\"name\":\"Monica Medel\",\"url\":\"https:\\\/\\\/latamjournalismreview.org\\\/pt-br\\\/articles\\\/author\\\/monica-medel\\\/\"}]}<\/script>\n<!-- \/ Yoast SEO Premium plugin. -->","yoast_head_json":{"title":"Presidente do Equador suspende acesso de profissionais do jornal El Universo \u00e0 sede do governo - LatAm Journalism Review by the Knight Center","description":"Presidente do Equador suspende acesso de profissionais do jornal El Universo \u00e0 sede do governo Liberdade de imprensa. Latin American Journalism Review by The Knight Center at The University of Texas at Austin.","robots":{"index":"index","follow":"follow","max-snippet":"max-snippet:-1","max-image-preview":"max-image-preview:large","max-video-preview":"max-video-preview:-1"},"canonical":"https:\/\/latamjournalismreview.org\/pt-br\/articles\/presidente-do-equador-suspende-acesso-de-profissionais-do-jornal-el-universo-a-sede-do-governo\/","og_locale":"pt_BR","og_type":"article","og_title":"Presidente do Equador suspende acesso de profissionais do jornal El Universo \u00e0 sede do governo","og_description":"Presidente do Equador suspende acesso de profissionais do jornal El Universo \u00e0 sede do governo Liberdade de imprensa. Latin American Journalism Review by The Knight Center at The University of Texas at Austin.","og_url":"https:\/\/latamjournalismreview.org\/pt-br\/articles\/presidente-do-equador-suspende-acesso-de-profissionais-do-jornal-el-universo-a-sede-do-governo\/","og_site_name":"LatAm Journalism Review by the Knight Center","article_published_time":"2011-04-26T13:36:35+00:00","article_modified_time":"2022-06-14T13:38:27+00:00","author":"Monica Medel","twitter_card":"summary_large_image","twitter_creator":"@LatAmJournalism","twitter_site":"@LatAmJournalism","twitter_misc":{"Written by":"Monica Medel","Est. reading time":"1 minuto"},"schema":{"@context":"https:\/\/schema.org","@graph":[{"@type":"Article","@id":"https:\/\/latamjournalismreview.org\/pt-br\/articles\/presidente-do-equador-suspende-acesso-de-profissionais-do-jornal-el-universo-a-sede-do-governo\/#article","isPartOf":{"@id":"https:\/\/latamjournalismreview.org\/pt-br\/articles\/presidente-do-equador-suspende-acesso-de-profissionais-do-jornal-el-universo-a-sede-do-governo\/"},"author":{"name":"Monica Medel","@id":"https:\/\/latamjournalismreview.org\/pt-br\/#\/schema\/person\/1746872e9af4abc45355e4a7a4ddcea5"},"headline":"Presidente do Equador suspende acesso de profissionais do jornal El Universo \u00e0 sede do governo","datePublished":"2011-04-26T13:36:35+00:00","dateModified":"2022-06-14T13:38:27+00:00","mainEntityOfPage":{"@id":"https:\/\/latamjournalismreview.org\/pt-br\/articles\/presidente-do-equador-suspende-acesso-de-profissionais-do-jornal-el-universo-a-sede-do-governo\/"},"wordCount":243,"publisher":{"@id":"https:\/\/latamjournalismreview.org\/pt-br\/#organization"},"keywords":["Acesso a informa\u00e7\u00e3o","Censura","Equador","Liberdade de express\u00e3o"],"articleSection":["Liberdade de imprensa"],"inLanguage":"pt-BR"},{"@type":"WebPage","@id":"https:\/\/latamjournalismreview.org\/pt-br\/articles\/presidente-do-equador-suspende-acesso-de-profissionais-do-jornal-el-universo-a-sede-do-governo\/","url":"https:\/\/latamjournalismreview.org\/pt-br\/articles\/presidente-do-equador-suspende-acesso-de-profissionais-do-jornal-el-universo-a-sede-do-governo\/","name":"Presidente do Equador suspende acesso de profissionais do jornal El Universo \u00e0 sede do governo - LatAm Journalism Review by the Knight Center","isPartOf":{"@id":"https:\/\/latamjournalismreview.org\/pt-br\/#website"},"datePublished":"2011-04-26T13:36:35+00:00","dateModified":"2022-06-14T13:38:27+00:00","description":"Presidente do Equador suspende acesso de profissionais do jornal El Universo \u00e0 sede do governo Liberdade de imprensa. Latin American Journalism Review by The Knight Center at The University of Texas at Austin.","breadcrumb":{"@id":"https:\/\/latamjournalismreview.org\/pt-br\/articles\/presidente-do-equador-suspende-acesso-de-profissionais-do-jornal-el-universo-a-sede-do-governo\/#breadcrumb"},"inLanguage":"pt-BR","potentialAction":[{"@type":"ReadAction","target":["https:\/\/latamjournalismreview.org\/pt-br\/articles\/presidente-do-equador-suspende-acesso-de-profissionais-do-jornal-el-universo-a-sede-do-governo\/"]}]},{"@type":"BreadcrumbList","@id":"https:\/\/latamjournalismreview.org\/pt-br\/articles\/presidente-do-equador-suspende-acesso-de-profissionais-do-jornal-el-universo-a-sede-do-governo\/#breadcrumb","itemListElement":[{"@type":"ListItem","position":1,"name":"Home","item":"https:\/\/latamjournalismreview.org\/pt-br\/"},{"@type":"ListItem","position":2,"name":"Presidente do Equador suspende acesso de profissionais do jornal El Universo \u00e0 sede do governo"}]},{"@type":"WebSite","@id":"https:\/\/latamjournalismreview.org\/pt-br\/#website","url":"https:\/\/latamjournalismreview.org\/pt-br\/","name":"LatAm Journalism Review","description":"Digital magazine on journalism in Latin America","publisher":{"@id":"https:\/\/latamjournalismreview.org\/pt-br\/#organization"},"potentialAction":[{"@type":"SearchAction","target":{"@type":"EntryPoint","urlTemplate":"https:\/\/latamjournalismreview.org\/pt-br\/?s={search_term_string}"},"query-input":{"@type":"PropertyValueSpecification","valueRequired":true,"valueName":"search_term_string"}}],"inLanguage":"pt-BR"},{"@type":"Organization","@id":"https:\/\/latamjournalismreview.org\/pt-br\/#organization","name":"LatAm Journalism Review","url":"https:\/\/latamjournalismreview.org\/pt-br\/","logo":{"@type":"ImageObject","inLanguage":"pt-BR","@id":"https:\/\/latamjournalismreview.org\/pt-br\/#\/schema\/logo\/image\/","url":"https:\/\/latamjournalismreview.org\/wp-content\/uploads\/2020\/05\/knight-latAm-review-logo.svg","contentUrl":"https:\/\/latamjournalismreview.org\/wp-content\/uploads\/2020\/05\/knight-latAm-review-logo.svg","width":"1024","height":"1024","caption":"LatAm Journalism Review"},"image":{"@id":"https:\/\/latamjournalismreview.org\/pt-br\/#\/schema\/logo\/image\/"},"sameAs":["https:\/\/x.com\/LatAmJournalism"]},{"@type":"Person","@id":"https:\/\/latamjournalismreview.org\/pt-br\/#\/schema\/person\/1746872e9af4abc45355e4a7a4ddcea5","name":"Monica Medel","url":"https:\/\/latamjournalismreview.org\/pt-br\/articles\/author\/monica-medel\/"}]}},"_links":{"self":[{"href":"https:\/\/latamjournalismreview.org\/pt-br\/wp-json\/wp\/v2\/posts\/57977","targetHints":{"allow":["GET"]}}],"collection":[{"href":"https:\/\/latamjournalismreview.org\/pt-br\/wp-json\/wp\/v2\/posts"}],"about":[{"href":"https:\/\/latamjournalismreview.org\/pt-br\/wp-json\/wp\/v2\/types\/post"}],"author":[{"embeddable":true,"href":"https:\/\/latamjournalismreview.org\/pt-br\/wp-json\/wp\/v2\/users\/43"}],"replies":[{"embeddable":true,"href":"https:\/\/latamjournalismreview.org\/pt-br\/wp-json\/wp\/v2\/comments?post=57977"}],"version-history":[{"count":1,"href":"https:\/\/latamjournalismreview.org\/pt-br\/wp-json\/wp\/v2\/posts\/57977\/revisions"}],"predecessor-version":[{"id":57981,"href":"https:\/\/latamjournalismreview.org\/pt-br\/wp-json\/wp\/v2\/posts\/57977\/revisions\/57981"}],"wp:attachment":[{"href":"https:\/\/latamjournalismreview.org\/pt-br\/wp-json\/wp\/v2\/media?parent=57977"}],"wp:term":[{"taxonomy":"category","embeddable":true,"href":"https:\/\/latamjournalismreview.org\/pt-br\/wp-json\/wp\/v2\/categories?post=57977"},{"taxonomy":"post_tag","embeddable":true,"href":"https:\/\/latamjournalismreview.org\/pt-br\/wp-json\/wp\/v2\/tags?post=57977"},{"taxonomy":"author","embeddable":true,"href":"https:\/\/latamjournalismreview.org\/pt-br\/wp-json\/wp\/v2\/coauthors?post=57977"}],"curies":[{"name":"wp","href":"https:\/\/api.w.org\/{rel}","templated":true}]}}