{"id":59303,"date":"2011-06-07T19:19:43","date_gmt":"2011-06-08T00:19:43","guid":{"rendered":"https:\/\/latamjournalismreview.org\/?p=59303"},"modified":"2022-06-26T19:21:07","modified_gmt":"2022-06-27T00:21:07","slug":"redes-sociais-invadem-redacoes-brasileiras-diz-pesquisa","status":"publish","type":"post","link":"https:\/\/latamjournalismreview.org\/pt-br\/articles\/redes-sociais-invadem-redacoes-brasileiras-diz-pesquisa\/","title":{"rendered":"Redes sociais invadem reda\u00e7\u00f5es brasileiras, diz pesquisa"},"content":{"rendered":"<p>Da busca de informa\u00e7\u00e3o ao contato com as fontes, o impacto das redes sociais na rotina dos jornalistas brasileiros \u00e9 cada vez maior. \u00c9 o que concluiu a\u00a0<a href=\"http:\/\/www2.prnewswire.com.br\/releases\/pt\/\/PR%20Newswire%20divulga%20achados%20de%20sua%20pesquisa:%20jornalistas%20brasileiros%20e%20as%20redes%20sociais\/11803\">pesquisa da Oriella PR Network 2011<\/a>, divulgada no Brasil na \u00faltima quinta-feira, 2 de junho, pela Vianews Comunica\u00e7\u00e3o Integrada.<\/p>\n<p>O documento aponta que quase 80% dos profissionais do pa\u00eds recorrem \u00e0s redes sociais para entrar em contato com fontes e que 83,3% afirmam usar assuntos nascidos nesses servi\u00e7os para pautarem seus ve\u00edculos, seguindo o\u00a0<a href=\"http:\/\/knightcenter.utexas.edu\/pt-br\/blog\/redes-sociais-sao-cada-vez-mais-usadas-por-jornalistas-na-busca-de-fontes-e-informacoes-diz-est\">resultado do levantamento internacional<\/a>.<\/p>\n<p>De acordo com a pesquisadora\u00a0<a href=\"http:\/\/twitter.com\/#!\/anabrambilla\">Ana Brambilla<\/a>, organizadora do e-book\u00a0<a href=\"http:\/\/issuu.com\/anabrambilla\/docs\/paraentenderasmidiassociais\">\u201cPara entender as m\u00eddias sociais\u201d<\/a>, o resultado evidencia uma mudan\u00e7a de comportamento entre os profissionais. \u201cOs jornalistas j\u00e1 admitem que buscam informa\u00e7\u00f5es prim\u00e1rias nas m\u00eddias sociais, demonstrando que o preconceito contra a qualidade e a veracidade dos dados circulantes nesses ambientes est\u00e1 diminuindo\u201d, afirma, em entrevista ao\u00a0<b>Centro Knight.<\/b><\/p>\n<p>De fato, quando est\u00e3o em busca de informa\u00e7\u00f5es, os profissionais usam mais redes sociais que assessorias de imprensa. Segundo a pesquisa,\u00a0<a href=\"http:\/\/www2.prnewswire.com.br\/downloads\/paper_pesquisa_portugues.pdf\">o twitter \u00e9 o meio preferido como fonte<\/a>\u00a0para 66,67% dos entrevistados brasileiros, seguido pelo Facebook com 58,33% e pelos blogs, com 57,14%. As assessorias de imprensa aparecem atr\u00e1s com 50%.<\/p>\n<p>J\u00e1 para a checagem das mat\u00e9rias, as assessorias de imprensa continuam a ocupar a dianteira, sendo usadas por 61% dos participantes. Para Brambilla, no entanto, a media\u00e7\u00e3o entre fontes oficiais e p\u00fablico deixou de depender de jornalistas. \u201cQuando temos \u00f3rg\u00e3os p\u00fablicos, pessoas p\u00fablicas manifestando-se em perfis oficiais e o usu\u00e1rio tem acesso direto a essas manifesta\u00e7\u00f5es, o papel do ve\u00edculo de imprensa deve ser revisto, j\u00e1 que levar a informa\u00e7\u00e3o at\u00e9 as pessoas se tornou algo superado por elas mesmas\u201d, avalia.<\/p>\n<p>Outro resultado importante endossa o otimismo em rela\u00e7\u00e3o aos ve\u00edculos eletr\u00f4nicos. Em 2010, 41,7% das respostas diziam que os formatos tradicionais impresso e broadcast geravam maior audi\u00eancia. Este ano, o \u00edndice caiu para 34,52% empatando com o formato online, agora tamb\u00e9m com 34,52%.<\/p>\n<p>Foram ouvidos 84 jornalistas brasileiros em 2011. A pesquisa est\u00e1\u00a0<a href=\"http:\/\/www.vianews.com.br\/PESQUISAORIELLA2011FINAL.pdf\">dispon\u00edvel para download<\/a>\u00a0em PDF.<\/p>\n<p><em>Nota do editor: Essa hist\u00f3ria foi publicada originalmente no blog de jornalismo nas Am\u00e9ricas do Centro Knight, o predecessor do LatAm Journalism Review.<\/em><\/p>\n","protected":false},"excerpt":{"rendered":"<p>Da busca de informa\u00e7\u00e3o ao contato com as fontes, o impacto das redes sociais na rotina dos jornalistas brasileiros \u00e9 cada vez maior. \u00c9 o que concluiu a\u00a0pesquisa da Oriella PR Network 2011, divulgada no Brasil na \u00faltima quinta-feira, 2 de junho, pela Vianews Comunica\u00e7\u00e3o Integrada.<\/p>\n","protected":false},"author":42,"featured_media":0,"comment_status":"closed","ping_status":"closed","sticky":false,"template":"","format":"standard","meta":{"inline_featured_image":false,"footnotes":""},"categories":[1210],"tags":[1593,1610],"coauthors":[],"class_list":["post-59303","post","type-post","status-publish","format-standard","hentry","category-modelo-de-negocio-pt-br","tag-jornalismo-online-pt-br","tag-midias-sociais-pt-br"],"acf":[],"yoast_head":"<!-- This site is optimized with the Yoast SEO Premium plugin v22.6 (Yoast SEO v27.4) - https:\/\/yoast.com\/product\/yoast-seo-premium-wordpress\/ -->\n<title>Redes sociais invadem reda\u00e7\u00f5es brasileiras, diz pesquisa - LatAm Journalism Review by the Knight Center<\/title>\n<meta name=\"description\" content=\"Redes sociais invadem reda\u00e7\u00f5es brasileiras, diz pesquisa Modelo de neg\u00f3cio. Latin American Journalism Review by The Knight Center at The University of Texas at Austin.\" \/>\n<meta name=\"robots\" content=\"index, follow, max-snippet:-1, max-image-preview:large, max-video-preview:-1\" \/>\n<link rel=\"canonical\" href=\"https:\/\/latamjournalismreview.org\/pt-br\/articles\/redes-sociais-invadem-redacoes-brasileiras-diz-pesquisa\/\" \/>\n<meta property=\"og:locale\" content=\"pt_BR\" \/>\n<meta property=\"og:type\" content=\"article\" \/>\n<meta property=\"og:title\" content=\"Redes sociais invadem reda\u00e7\u00f5es brasileiras, diz pesquisa\" \/>\n<meta property=\"og:description\" content=\"Redes sociais invadem reda\u00e7\u00f5es brasileiras, diz pesquisa Modelo de neg\u00f3cio. Latin American Journalism Review by The Knight Center at The University of Texas at Austin.\" \/>\n<meta property=\"og:url\" content=\"https:\/\/latamjournalismreview.org\/pt-br\/articles\/redes-sociais-invadem-redacoes-brasileiras-diz-pesquisa\/\" \/>\n<meta property=\"og:site_name\" content=\"LatAm Journalism Review by the Knight Center\" \/>\n<meta property=\"article:published_time\" content=\"2011-06-08T00:19:43+00:00\" \/>\n<meta property=\"article:modified_time\" content=\"2022-06-27T00:21:07+00:00\" \/>\n<meta name=\"author\" content=\"Natalia Mazotte\" \/>\n<meta name=\"twitter:card\" content=\"summary_large_image\" \/>\n<meta name=\"twitter:creator\" content=\"@LatAmJournalism\" \/>\n<meta name=\"twitter:site\" content=\"@LatAmJournalism\" \/>\n<meta name=\"twitter:label1\" content=\"Written by\" \/>\n\t<meta name=\"twitter:data1\" content=\"Natalia Mazotte\" \/>\n\t<meta name=\"twitter:label2\" content=\"Est. reading time\" \/>\n\t<meta name=\"twitter:data2\" content=\"2 minutos\" \/>\n<script type=\"application\/ld+json\" class=\"yoast-schema-graph\">{\"@context\":\"https:\\\/\\\/schema.org\",\"@graph\":[{\"@type\":\"Article\",\"@id\":\"https:\\\/\\\/latamjournalismreview.org\\\/pt-br\\\/articles\\\/redes-sociais-invadem-redacoes-brasileiras-diz-pesquisa\\\/#article\",\"isPartOf\":{\"@id\":\"https:\\\/\\\/latamjournalismreview.org\\\/pt-br\\\/articles\\\/redes-sociais-invadem-redacoes-brasileiras-diz-pesquisa\\\/\"},\"author\":{\"name\":\"Natalia Mazotte\",\"@id\":\"https:\\\/\\\/latamjournalismreview.org\\\/pt-br\\\/#\\\/schema\\\/person\\\/747457e530d741a9d192f00c32c7f884\"},\"headline\":\"Redes sociais invadem reda\u00e7\u00f5es brasileiras, diz pesquisa\",\"datePublished\":\"2011-06-08T00:19:43+00:00\",\"dateModified\":\"2022-06-27T00:21:07+00:00\",\"mainEntityOfPage\":{\"@id\":\"https:\\\/\\\/latamjournalismreview.org\\\/pt-br\\\/articles\\\/redes-sociais-invadem-redacoes-brasileiras-diz-pesquisa\\\/\"},\"wordCount\":380,\"publisher\":{\"@id\":\"https:\\\/\\\/latamjournalismreview.org\\\/pt-br\\\/#organization\"},\"keywords\":[\"Jornalismo online\",\"M\u00eddias sociais\"],\"articleSection\":[\"Modelo de neg\u00f3cio\"],\"inLanguage\":\"pt-BR\"},{\"@type\":\"WebPage\",\"@id\":\"https:\\\/\\\/latamjournalismreview.org\\\/pt-br\\\/articles\\\/redes-sociais-invadem-redacoes-brasileiras-diz-pesquisa\\\/\",\"url\":\"https:\\\/\\\/latamjournalismreview.org\\\/pt-br\\\/articles\\\/redes-sociais-invadem-redacoes-brasileiras-diz-pesquisa\\\/\",\"name\":\"Redes sociais invadem reda\u00e7\u00f5es brasileiras, diz pesquisa - LatAm Journalism Review by the Knight Center\",\"isPartOf\":{\"@id\":\"https:\\\/\\\/latamjournalismreview.org\\\/pt-br\\\/#website\"},\"datePublished\":\"2011-06-08T00:19:43+00:00\",\"dateModified\":\"2022-06-27T00:21:07+00:00\",\"description\":\"Redes sociais invadem reda\u00e7\u00f5es brasileiras, diz pesquisa Modelo de neg\u00f3cio. Latin American Journalism Review by The Knight Center at The University of Texas at Austin.\",\"breadcrumb\":{\"@id\":\"https:\\\/\\\/latamjournalismreview.org\\\/pt-br\\\/articles\\\/redes-sociais-invadem-redacoes-brasileiras-diz-pesquisa\\\/#breadcrumb\"},\"inLanguage\":\"pt-BR\",\"potentialAction\":[{\"@type\":\"ReadAction\",\"target\":[\"https:\\\/\\\/latamjournalismreview.org\\\/pt-br\\\/articles\\\/redes-sociais-invadem-redacoes-brasileiras-diz-pesquisa\\\/\"]}]},{\"@type\":\"BreadcrumbList\",\"@id\":\"https:\\\/\\\/latamjournalismreview.org\\\/pt-br\\\/articles\\\/redes-sociais-invadem-redacoes-brasileiras-diz-pesquisa\\\/#breadcrumb\",\"itemListElement\":[{\"@type\":\"ListItem\",\"position\":1,\"name\":\"Home\",\"item\":\"https:\\\/\\\/latamjournalismreview.org\\\/pt-br\\\/\"},{\"@type\":\"ListItem\",\"position\":2,\"name\":\"Redes sociais invadem reda\u00e7\u00f5es brasileiras, diz pesquisa\"}]},{\"@type\":\"WebSite\",\"@id\":\"https:\\\/\\\/latamjournalismreview.org\\\/pt-br\\\/#website\",\"url\":\"https:\\\/\\\/latamjournalismreview.org\\\/pt-br\\\/\",\"name\":\"LatAm Journalism Review\",\"description\":\"Digital magazine on journalism in Latin America\",\"publisher\":{\"@id\":\"https:\\\/\\\/latamjournalismreview.org\\\/pt-br\\\/#organization\"},\"potentialAction\":[{\"@type\":\"SearchAction\",\"target\":{\"@type\":\"EntryPoint\",\"urlTemplate\":\"https:\\\/\\\/latamjournalismreview.org\\\/pt-br\\\/?s={search_term_string}\"},\"query-input\":{\"@type\":\"PropertyValueSpecification\",\"valueRequired\":true,\"valueName\":\"search_term_string\"}}],\"inLanguage\":\"pt-BR\"},{\"@type\":\"Organization\",\"@id\":\"https:\\\/\\\/latamjournalismreview.org\\\/pt-br\\\/#organization\",\"name\":\"LatAm Journalism Review\",\"url\":\"https:\\\/\\\/latamjournalismreview.org\\\/pt-br\\\/\",\"logo\":{\"@type\":\"ImageObject\",\"inLanguage\":\"pt-BR\",\"@id\":\"https:\\\/\\\/latamjournalismreview.org\\\/pt-br\\\/#\\\/schema\\\/logo\\\/image\\\/\",\"url\":\"https:\\\/\\\/latamjournalismreview.org\\\/wp-content\\\/uploads\\\/2020\\\/05\\\/knight-latAm-review-logo.svg\",\"contentUrl\":\"https:\\\/\\\/latamjournalismreview.org\\\/wp-content\\\/uploads\\\/2020\\\/05\\\/knight-latAm-review-logo.svg\",\"width\":\"1024\",\"height\":\"1024\",\"caption\":\"LatAm Journalism Review\"},\"image\":{\"@id\":\"https:\\\/\\\/latamjournalismreview.org\\\/pt-br\\\/#\\\/schema\\\/logo\\\/image\\\/\"},\"sameAs\":[\"https:\\\/\\\/x.com\\\/LatAmJournalism\"]},{\"@type\":\"Person\",\"@id\":\"https:\\\/\\\/latamjournalismreview.org\\\/pt-br\\\/#\\\/schema\\\/person\\\/747457e530d741a9d192f00c32c7f884\",\"name\":\"Natalia Mazotte\",\"url\":\"https:\\\/\\\/latamjournalismreview.org\\\/pt-br\\\/articles\\\/author\\\/natalia-mazotte\\\/\"}]}<\/script>\n<!-- \/ Yoast SEO Premium plugin. -->","yoast_head_json":{"title":"Redes sociais invadem reda\u00e7\u00f5es brasileiras, diz pesquisa - LatAm Journalism Review by the Knight Center","description":"Redes sociais invadem reda\u00e7\u00f5es brasileiras, diz pesquisa Modelo de neg\u00f3cio. Latin American Journalism Review by The Knight Center at The University of Texas at Austin.","robots":{"index":"index","follow":"follow","max-snippet":"max-snippet:-1","max-image-preview":"max-image-preview:large","max-video-preview":"max-video-preview:-1"},"canonical":"https:\/\/latamjournalismreview.org\/pt-br\/articles\/redes-sociais-invadem-redacoes-brasileiras-diz-pesquisa\/","og_locale":"pt_BR","og_type":"article","og_title":"Redes sociais invadem reda\u00e7\u00f5es brasileiras, diz pesquisa","og_description":"Redes sociais invadem reda\u00e7\u00f5es brasileiras, diz pesquisa Modelo de neg\u00f3cio. Latin American Journalism Review by The Knight Center at The University of Texas at Austin.","og_url":"https:\/\/latamjournalismreview.org\/pt-br\/articles\/redes-sociais-invadem-redacoes-brasileiras-diz-pesquisa\/","og_site_name":"LatAm Journalism Review by the Knight Center","article_published_time":"2011-06-08T00:19:43+00:00","article_modified_time":"2022-06-27T00:21:07+00:00","author":"Natalia Mazotte","twitter_card":"summary_large_image","twitter_creator":"@LatAmJournalism","twitter_site":"@LatAmJournalism","twitter_misc":{"Written by":"Natalia Mazotte","Est. reading time":"2 minutos"},"schema":{"@context":"https:\/\/schema.org","@graph":[{"@type":"Article","@id":"https:\/\/latamjournalismreview.org\/pt-br\/articles\/redes-sociais-invadem-redacoes-brasileiras-diz-pesquisa\/#article","isPartOf":{"@id":"https:\/\/latamjournalismreview.org\/pt-br\/articles\/redes-sociais-invadem-redacoes-brasileiras-diz-pesquisa\/"},"author":{"name":"Natalia Mazotte","@id":"https:\/\/latamjournalismreview.org\/pt-br\/#\/schema\/person\/747457e530d741a9d192f00c32c7f884"},"headline":"Redes sociais invadem reda\u00e7\u00f5es brasileiras, diz pesquisa","datePublished":"2011-06-08T00:19:43+00:00","dateModified":"2022-06-27T00:21:07+00:00","mainEntityOfPage":{"@id":"https:\/\/latamjournalismreview.org\/pt-br\/articles\/redes-sociais-invadem-redacoes-brasileiras-diz-pesquisa\/"},"wordCount":380,"publisher":{"@id":"https:\/\/latamjournalismreview.org\/pt-br\/#organization"},"keywords":["Jornalismo online","M\u00eddias sociais"],"articleSection":["Modelo de neg\u00f3cio"],"inLanguage":"pt-BR"},{"@type":"WebPage","@id":"https:\/\/latamjournalismreview.org\/pt-br\/articles\/redes-sociais-invadem-redacoes-brasileiras-diz-pesquisa\/","url":"https:\/\/latamjournalismreview.org\/pt-br\/articles\/redes-sociais-invadem-redacoes-brasileiras-diz-pesquisa\/","name":"Redes sociais invadem reda\u00e7\u00f5es brasileiras, diz pesquisa - LatAm Journalism Review by the Knight Center","isPartOf":{"@id":"https:\/\/latamjournalismreview.org\/pt-br\/#website"},"datePublished":"2011-06-08T00:19:43+00:00","dateModified":"2022-06-27T00:21:07+00:00","description":"Redes sociais invadem reda\u00e7\u00f5es brasileiras, diz pesquisa Modelo de neg\u00f3cio. Latin American Journalism Review by The Knight Center at The University of Texas at Austin.","breadcrumb":{"@id":"https:\/\/latamjournalismreview.org\/pt-br\/articles\/redes-sociais-invadem-redacoes-brasileiras-diz-pesquisa\/#breadcrumb"},"inLanguage":"pt-BR","potentialAction":[{"@type":"ReadAction","target":["https:\/\/latamjournalismreview.org\/pt-br\/articles\/redes-sociais-invadem-redacoes-brasileiras-diz-pesquisa\/"]}]},{"@type":"BreadcrumbList","@id":"https:\/\/latamjournalismreview.org\/pt-br\/articles\/redes-sociais-invadem-redacoes-brasileiras-diz-pesquisa\/#breadcrumb","itemListElement":[{"@type":"ListItem","position":1,"name":"Home","item":"https:\/\/latamjournalismreview.org\/pt-br\/"},{"@type":"ListItem","position":2,"name":"Redes sociais invadem reda\u00e7\u00f5es brasileiras, diz pesquisa"}]},{"@type":"WebSite","@id":"https:\/\/latamjournalismreview.org\/pt-br\/#website","url":"https:\/\/latamjournalismreview.org\/pt-br\/","name":"LatAm Journalism Review","description":"Digital magazine on journalism in Latin America","publisher":{"@id":"https:\/\/latamjournalismreview.org\/pt-br\/#organization"},"potentialAction":[{"@type":"SearchAction","target":{"@type":"EntryPoint","urlTemplate":"https:\/\/latamjournalismreview.org\/pt-br\/?s={search_term_string}"},"query-input":{"@type":"PropertyValueSpecification","valueRequired":true,"valueName":"search_term_string"}}],"inLanguage":"pt-BR"},{"@type":"Organization","@id":"https:\/\/latamjournalismreview.org\/pt-br\/#organization","name":"LatAm Journalism Review","url":"https:\/\/latamjournalismreview.org\/pt-br\/","logo":{"@type":"ImageObject","inLanguage":"pt-BR","@id":"https:\/\/latamjournalismreview.org\/pt-br\/#\/schema\/logo\/image\/","url":"https:\/\/latamjournalismreview.org\/wp-content\/uploads\/2020\/05\/knight-latAm-review-logo.svg","contentUrl":"https:\/\/latamjournalismreview.org\/wp-content\/uploads\/2020\/05\/knight-latAm-review-logo.svg","width":"1024","height":"1024","caption":"LatAm Journalism Review"},"image":{"@id":"https:\/\/latamjournalismreview.org\/pt-br\/#\/schema\/logo\/image\/"},"sameAs":["https:\/\/x.com\/LatAmJournalism"]},{"@type":"Person","@id":"https:\/\/latamjournalismreview.org\/pt-br\/#\/schema\/person\/747457e530d741a9d192f00c32c7f884","name":"Natalia Mazotte","url":"https:\/\/latamjournalismreview.org\/pt-br\/articles\/author\/natalia-mazotte\/"}]}},"_links":{"self":[{"href":"https:\/\/latamjournalismreview.org\/pt-br\/wp-json\/wp\/v2\/posts\/59303","targetHints":{"allow":["GET"]}}],"collection":[{"href":"https:\/\/latamjournalismreview.org\/pt-br\/wp-json\/wp\/v2\/posts"}],"about":[{"href":"https:\/\/latamjournalismreview.org\/pt-br\/wp-json\/wp\/v2\/types\/post"}],"author":[{"embeddable":true,"href":"https:\/\/latamjournalismreview.org\/pt-br\/wp-json\/wp\/v2\/users\/42"}],"replies":[{"embeddable":true,"href":"https:\/\/latamjournalismreview.org\/pt-br\/wp-json\/wp\/v2\/comments?post=59303"}],"version-history":[{"count":1,"href":"https:\/\/latamjournalismreview.org\/pt-br\/wp-json\/wp\/v2\/posts\/59303\/revisions"}],"predecessor-version":[{"id":59307,"href":"https:\/\/latamjournalismreview.org\/pt-br\/wp-json\/wp\/v2\/posts\/59303\/revisions\/59307"}],"wp:attachment":[{"href":"https:\/\/latamjournalismreview.org\/pt-br\/wp-json\/wp\/v2\/media?parent=59303"}],"wp:term":[{"taxonomy":"category","embeddable":true,"href":"https:\/\/latamjournalismreview.org\/pt-br\/wp-json\/wp\/v2\/categories?post=59303"},{"taxonomy":"post_tag","embeddable":true,"href":"https:\/\/latamjournalismreview.org\/pt-br\/wp-json\/wp\/v2\/tags?post=59303"},{"taxonomy":"author","embeddable":true,"href":"https:\/\/latamjournalismreview.org\/pt-br\/wp-json\/wp\/v2\/coauthors?post=59303"}],"curies":[{"name":"wp","href":"https:\/\/api.w.org\/{rel}","templated":true}]}}