{"id":60079,"date":"2011-07-05T18:15:14","date_gmt":"2011-07-05T23:15:14","guid":{"rendered":"https:\/\/latamjournalismreview.org\/?p=60079"},"modified":"2022-07-01T18:18:08","modified_gmt":"2022-07-01T23:18:08","slug":"segundo-jornalista-e-assassinado-na-guatemala-em-dois-meses","status":"publish","type":"post","link":"https:\/\/latamjournalismreview.org\/pt-br\/articles\/segundo-jornalista-e-assassinado-na-guatemala-em-dois-meses\/","title":{"rendered":"Segundo jornalista \u00e9 assassinado na Guatemala em dois meses"},"content":{"rendered":"<p>O jornalista e escritor\u00a0<a href=\"http:\/\/www.prensalibre.com\/noticias\/justicia\/Asesinan-PNC-Raul-Manchame-Coatepeque_0_510549076.html\">Jorge Arqu\u00edmides Mancham\u00e9 Palma foi morto<\/a>\u00a0no munic\u00edpio de\u00a0<a href=\"http:\/\/es.wikipedia.org\/wiki\/Esquipulas\">Esquipulas<\/a>, no estado de Chiquimula, Guatemala, no domingo 3 de julho de 2011, informou o Prensa Libre. \u00c9 o segundo profissional de imprensa assassinado no pa\u00eds em menos de dois meses. Em meados de maio, o rep\u00f3rter e apresentador\u00a0<a href=\"http:\/\/knightcenter.utexas.edu\/pt-br\/blog\/apos-receber-ameacas-jornalista-e-encontrado-morto-na-guatemala\">Yensi Ord\u00f3\u00f1ez foi encontrado morto<\/a>\u00a0em Escuintla, tamb\u00e9m no Sul da Guatemala.<\/p>\n<p>Mancham\u00e9, que tinha 70 anos, teria sido\u00a0<a href=\"http:\/\/www.michiquimula.com\/2011\/07\/por-robarle-matan-en-esquipulas-al-poeta-jorge-arquimides-manchame-palma\/\">apunhalado em sua casa durante um assalto<\/a>, segundo o michiquimula.com.<\/p>\n<p><a href=\"http:\/\/noticiaslaesfinge.blogspot.com\/\">Profissionais de imprensa lamentaram a morte do colega<\/a>\u00a0e pediram mais seguran\u00e7a na cidade.<\/p>\n<p>Jorge Mancham\u00e9 havia trabalhado para os jornais Tiempo Nuevo e Faro Magisterial e atualmente colaborava com as r\u00e1dios Perla de Oriente e Emisoras Unidas de Guatemala.<\/p>\n<p><em>Nota do editor: Essa hist\u00f3ria foi publicada originalmente no blog de jornalismo nas Am\u00e9ricas do Centro Knight, o predecessor do LatAm Journalism Review.<\/em><\/p>\n","protected":false},"excerpt":{"rendered":"<p>O jornalista e escritor\u00a0Jorge Arqu\u00edmides Mancham\u00e9 Palma foi morto\u00a0no munic\u00edpio de\u00a0Esquipulas, no estado de Chiquimula, Guatemala, no domingo 3 de julho de 2011, informou o Prensa Libre. \u00c9 o segundo profissional de imprensa assassinado no pa\u00eds em menos de dois meses. Em meados de maio, o rep\u00f3rter e apresentador\u00a0Yensi Ord\u00f3\u00f1ez foi encontrado morto\u00a0em Escuintla, tamb\u00e9m no Sul da Guatemala.<\/p>\n","protected":false},"author":43,"featured_media":0,"comment_status":"closed","ping_status":"closed","sticky":false,"template":"","format":"standard","meta":{"inline_featured_image":false,"footnotes":""},"categories":[1221],"tags":[1552,1458,1615],"coauthors":[],"class_list":["post-60079","post","type-post","status-publish","format-standard","hentry","category-violencia-contra-jornalistas-pt-br","tag-assassinatos-de-jornalistas-pt-br","tag-guatemala-pt-br","tag-violencia-contra-jornalistas-pt-br"],"acf":[],"yoast_head":"<!-- This site is optimized with the Yoast SEO Premium plugin v22.6 (Yoast SEO v27.4) - https:\/\/yoast.com\/product\/yoast-seo-premium-wordpress\/ -->\n<title>Segundo jornalista \u00e9 assassinado na Guatemala em dois meses - LatAm Journalism Review by the Knight Center<\/title>\n<meta name=\"description\" content=\"Segundo jornalista \u00e9 assassinado na Guatemala em dois meses Viol\u00eancia contra jornalistas. Latin American Journalism Review by The Knight Center at The University of Texas at Austin.\" \/>\n<meta name=\"robots\" content=\"index, follow, max-snippet:-1, max-image-preview:large, max-video-preview:-1\" \/>\n<link rel=\"canonical\" href=\"https:\/\/latamjournalismreview.org\/pt-br\/articles\/segundo-jornalista-e-assassinado-na-guatemala-em-dois-meses\/\" \/>\n<meta property=\"og:locale\" content=\"pt_BR\" \/>\n<meta property=\"og:type\" content=\"article\" \/>\n<meta property=\"og:title\" content=\"Segundo jornalista \u00e9 assassinado na Guatemala em dois meses\" \/>\n<meta property=\"og:description\" content=\"Segundo jornalista \u00e9 assassinado na Guatemala em dois meses Viol\u00eancia contra jornalistas. Latin American Journalism Review by The Knight Center at The University of Texas at Austin.\" \/>\n<meta property=\"og:url\" content=\"https:\/\/latamjournalismreview.org\/pt-br\/articles\/segundo-jornalista-e-assassinado-na-guatemala-em-dois-meses\/\" \/>\n<meta property=\"og:site_name\" content=\"LatAm Journalism Review by the Knight Center\" \/>\n<meta property=\"article:published_time\" content=\"2011-07-05T23:15:14+00:00\" \/>\n<meta property=\"article:modified_time\" content=\"2022-07-01T23:18:08+00:00\" \/>\n<meta name=\"author\" content=\"Monica Medel\" \/>\n<meta name=\"twitter:card\" content=\"summary_large_image\" \/>\n<meta name=\"twitter:creator\" content=\"@LatAmJournalism\" \/>\n<meta name=\"twitter:site\" content=\"@LatAmJournalism\" \/>\n<meta name=\"twitter:label1\" content=\"Written by\" \/>\n\t<meta name=\"twitter:data1\" content=\"Monica Medel\" \/>\n\t<meta name=\"twitter:label2\" content=\"Est. reading time\" \/>\n\t<meta name=\"twitter:data2\" content=\"1 minuto\" \/>\n<script type=\"application\/ld+json\" class=\"yoast-schema-graph\">{\"@context\":\"https:\\\/\\\/schema.org\",\"@graph\":[{\"@type\":\"Article\",\"@id\":\"https:\\\/\\\/latamjournalismreview.org\\\/pt-br\\\/articles\\\/segundo-jornalista-e-assassinado-na-guatemala-em-dois-meses\\\/#article\",\"isPartOf\":{\"@id\":\"https:\\\/\\\/latamjournalismreview.org\\\/pt-br\\\/articles\\\/segundo-jornalista-e-assassinado-na-guatemala-em-dois-meses\\\/\"},\"author\":{\"name\":\"Monica Medel\",\"@id\":\"https:\\\/\\\/latamjournalismreview.org\\\/pt-br\\\/#\\\/schema\\\/person\\\/1746872e9af4abc45355e4a7a4ddcea5\"},\"headline\":\"Segundo jornalista \u00e9 assassinado na Guatemala em dois meses\",\"datePublished\":\"2011-07-05T23:15:14+00:00\",\"dateModified\":\"2022-07-01T23:18:08+00:00\",\"mainEntityOfPage\":{\"@id\":\"https:\\\/\\\/latamjournalismreview.org\\\/pt-br\\\/articles\\\/segundo-jornalista-e-assassinado-na-guatemala-em-dois-meses\\\/\"},\"wordCount\":159,\"publisher\":{\"@id\":\"https:\\\/\\\/latamjournalismreview.org\\\/pt-br\\\/#organization\"},\"keywords\":[\"Assassinatos de jornalistas\",\"Guatemala\",\"Viol\u00eancia contra jornalistas\"],\"articleSection\":[\"Viol\u00eancia contra jornalistas\"],\"inLanguage\":\"pt-BR\"},{\"@type\":\"WebPage\",\"@id\":\"https:\\\/\\\/latamjournalismreview.org\\\/pt-br\\\/articles\\\/segundo-jornalista-e-assassinado-na-guatemala-em-dois-meses\\\/\",\"url\":\"https:\\\/\\\/latamjournalismreview.org\\\/pt-br\\\/articles\\\/segundo-jornalista-e-assassinado-na-guatemala-em-dois-meses\\\/\",\"name\":\"Segundo jornalista \u00e9 assassinado na Guatemala em dois meses - LatAm Journalism Review by the Knight Center\",\"isPartOf\":{\"@id\":\"https:\\\/\\\/latamjournalismreview.org\\\/pt-br\\\/#website\"},\"datePublished\":\"2011-07-05T23:15:14+00:00\",\"dateModified\":\"2022-07-01T23:18:08+00:00\",\"description\":\"Segundo jornalista \u00e9 assassinado na Guatemala em dois meses Viol\u00eancia contra jornalistas. Latin American Journalism Review by The Knight Center at The University of Texas at Austin.\",\"breadcrumb\":{\"@id\":\"https:\\\/\\\/latamjournalismreview.org\\\/pt-br\\\/articles\\\/segundo-jornalista-e-assassinado-na-guatemala-em-dois-meses\\\/#breadcrumb\"},\"inLanguage\":\"pt-BR\",\"potentialAction\":[{\"@type\":\"ReadAction\",\"target\":[\"https:\\\/\\\/latamjournalismreview.org\\\/pt-br\\\/articles\\\/segundo-jornalista-e-assassinado-na-guatemala-em-dois-meses\\\/\"]}]},{\"@type\":\"BreadcrumbList\",\"@id\":\"https:\\\/\\\/latamjournalismreview.org\\\/pt-br\\\/articles\\\/segundo-jornalista-e-assassinado-na-guatemala-em-dois-meses\\\/#breadcrumb\",\"itemListElement\":[{\"@type\":\"ListItem\",\"position\":1,\"name\":\"Home\",\"item\":\"https:\\\/\\\/latamjournalismreview.org\\\/pt-br\\\/\"},{\"@type\":\"ListItem\",\"position\":2,\"name\":\"Segundo jornalista \u00e9 assassinado na Guatemala em dois meses\"}]},{\"@type\":\"WebSite\",\"@id\":\"https:\\\/\\\/latamjournalismreview.org\\\/pt-br\\\/#website\",\"url\":\"https:\\\/\\\/latamjournalismreview.org\\\/pt-br\\\/\",\"name\":\"LatAm Journalism Review\",\"description\":\"Digital magazine on journalism in Latin America\",\"publisher\":{\"@id\":\"https:\\\/\\\/latamjournalismreview.org\\\/pt-br\\\/#organization\"},\"potentialAction\":[{\"@type\":\"SearchAction\",\"target\":{\"@type\":\"EntryPoint\",\"urlTemplate\":\"https:\\\/\\\/latamjournalismreview.org\\\/pt-br\\\/?s={search_term_string}\"},\"query-input\":{\"@type\":\"PropertyValueSpecification\",\"valueRequired\":true,\"valueName\":\"search_term_string\"}}],\"inLanguage\":\"pt-BR\"},{\"@type\":\"Organization\",\"@id\":\"https:\\\/\\\/latamjournalismreview.org\\\/pt-br\\\/#organization\",\"name\":\"LatAm Journalism Review\",\"url\":\"https:\\\/\\\/latamjournalismreview.org\\\/pt-br\\\/\",\"logo\":{\"@type\":\"ImageObject\",\"inLanguage\":\"pt-BR\",\"@id\":\"https:\\\/\\\/latamjournalismreview.org\\\/pt-br\\\/#\\\/schema\\\/logo\\\/image\\\/\",\"url\":\"https:\\\/\\\/latamjournalismreview.org\\\/wp-content\\\/uploads\\\/2020\\\/05\\\/knight-latAm-review-logo.svg\",\"contentUrl\":\"https:\\\/\\\/latamjournalismreview.org\\\/wp-content\\\/uploads\\\/2020\\\/05\\\/knight-latAm-review-logo.svg\",\"width\":\"1024\",\"height\":\"1024\",\"caption\":\"LatAm Journalism Review\"},\"image\":{\"@id\":\"https:\\\/\\\/latamjournalismreview.org\\\/pt-br\\\/#\\\/schema\\\/logo\\\/image\\\/\"},\"sameAs\":[\"https:\\\/\\\/x.com\\\/LatAmJournalism\"]},{\"@type\":\"Person\",\"@id\":\"https:\\\/\\\/latamjournalismreview.org\\\/pt-br\\\/#\\\/schema\\\/person\\\/1746872e9af4abc45355e4a7a4ddcea5\",\"name\":\"Monica Medel\",\"url\":\"https:\\\/\\\/latamjournalismreview.org\\\/pt-br\\\/articles\\\/author\\\/monica-medel\\\/\"}]}<\/script>\n<!-- \/ Yoast SEO Premium plugin. -->","yoast_head_json":{"title":"Segundo jornalista \u00e9 assassinado na Guatemala em dois meses - LatAm Journalism Review by the Knight Center","description":"Segundo jornalista \u00e9 assassinado na Guatemala em dois meses Viol\u00eancia contra jornalistas. Latin American Journalism Review by The Knight Center at The University of Texas at Austin.","robots":{"index":"index","follow":"follow","max-snippet":"max-snippet:-1","max-image-preview":"max-image-preview:large","max-video-preview":"max-video-preview:-1"},"canonical":"https:\/\/latamjournalismreview.org\/pt-br\/articles\/segundo-jornalista-e-assassinado-na-guatemala-em-dois-meses\/","og_locale":"pt_BR","og_type":"article","og_title":"Segundo jornalista \u00e9 assassinado na Guatemala em dois meses","og_description":"Segundo jornalista \u00e9 assassinado na Guatemala em dois meses Viol\u00eancia contra jornalistas. Latin American Journalism Review by The Knight Center at The University of Texas at Austin.","og_url":"https:\/\/latamjournalismreview.org\/pt-br\/articles\/segundo-jornalista-e-assassinado-na-guatemala-em-dois-meses\/","og_site_name":"LatAm Journalism Review by the Knight Center","article_published_time":"2011-07-05T23:15:14+00:00","article_modified_time":"2022-07-01T23:18:08+00:00","author":"Monica Medel","twitter_card":"summary_large_image","twitter_creator":"@LatAmJournalism","twitter_site":"@LatAmJournalism","twitter_misc":{"Written by":"Monica Medel","Est. reading time":"1 minuto"},"schema":{"@context":"https:\/\/schema.org","@graph":[{"@type":"Article","@id":"https:\/\/latamjournalismreview.org\/pt-br\/articles\/segundo-jornalista-e-assassinado-na-guatemala-em-dois-meses\/#article","isPartOf":{"@id":"https:\/\/latamjournalismreview.org\/pt-br\/articles\/segundo-jornalista-e-assassinado-na-guatemala-em-dois-meses\/"},"author":{"name":"Monica Medel","@id":"https:\/\/latamjournalismreview.org\/pt-br\/#\/schema\/person\/1746872e9af4abc45355e4a7a4ddcea5"},"headline":"Segundo jornalista \u00e9 assassinado na Guatemala em dois meses","datePublished":"2011-07-05T23:15:14+00:00","dateModified":"2022-07-01T23:18:08+00:00","mainEntityOfPage":{"@id":"https:\/\/latamjournalismreview.org\/pt-br\/articles\/segundo-jornalista-e-assassinado-na-guatemala-em-dois-meses\/"},"wordCount":159,"publisher":{"@id":"https:\/\/latamjournalismreview.org\/pt-br\/#organization"},"keywords":["Assassinatos de jornalistas","Guatemala","Viol\u00eancia contra jornalistas"],"articleSection":["Viol\u00eancia contra jornalistas"],"inLanguage":"pt-BR"},{"@type":"WebPage","@id":"https:\/\/latamjournalismreview.org\/pt-br\/articles\/segundo-jornalista-e-assassinado-na-guatemala-em-dois-meses\/","url":"https:\/\/latamjournalismreview.org\/pt-br\/articles\/segundo-jornalista-e-assassinado-na-guatemala-em-dois-meses\/","name":"Segundo jornalista \u00e9 assassinado na Guatemala em dois meses - LatAm Journalism Review by the Knight Center","isPartOf":{"@id":"https:\/\/latamjournalismreview.org\/pt-br\/#website"},"datePublished":"2011-07-05T23:15:14+00:00","dateModified":"2022-07-01T23:18:08+00:00","description":"Segundo jornalista \u00e9 assassinado na Guatemala em dois meses Viol\u00eancia contra jornalistas. Latin American Journalism Review by The Knight Center at The University of Texas at Austin.","breadcrumb":{"@id":"https:\/\/latamjournalismreview.org\/pt-br\/articles\/segundo-jornalista-e-assassinado-na-guatemala-em-dois-meses\/#breadcrumb"},"inLanguage":"pt-BR","potentialAction":[{"@type":"ReadAction","target":["https:\/\/latamjournalismreview.org\/pt-br\/articles\/segundo-jornalista-e-assassinado-na-guatemala-em-dois-meses\/"]}]},{"@type":"BreadcrumbList","@id":"https:\/\/latamjournalismreview.org\/pt-br\/articles\/segundo-jornalista-e-assassinado-na-guatemala-em-dois-meses\/#breadcrumb","itemListElement":[{"@type":"ListItem","position":1,"name":"Home","item":"https:\/\/latamjournalismreview.org\/pt-br\/"},{"@type":"ListItem","position":2,"name":"Segundo jornalista \u00e9 assassinado na Guatemala em dois meses"}]},{"@type":"WebSite","@id":"https:\/\/latamjournalismreview.org\/pt-br\/#website","url":"https:\/\/latamjournalismreview.org\/pt-br\/","name":"LatAm Journalism Review","description":"Digital magazine on journalism in Latin America","publisher":{"@id":"https:\/\/latamjournalismreview.org\/pt-br\/#organization"},"potentialAction":[{"@type":"SearchAction","target":{"@type":"EntryPoint","urlTemplate":"https:\/\/latamjournalismreview.org\/pt-br\/?s={search_term_string}"},"query-input":{"@type":"PropertyValueSpecification","valueRequired":true,"valueName":"search_term_string"}}],"inLanguage":"pt-BR"},{"@type":"Organization","@id":"https:\/\/latamjournalismreview.org\/pt-br\/#organization","name":"LatAm Journalism Review","url":"https:\/\/latamjournalismreview.org\/pt-br\/","logo":{"@type":"ImageObject","inLanguage":"pt-BR","@id":"https:\/\/latamjournalismreview.org\/pt-br\/#\/schema\/logo\/image\/","url":"https:\/\/latamjournalismreview.org\/wp-content\/uploads\/2020\/05\/knight-latAm-review-logo.svg","contentUrl":"https:\/\/latamjournalismreview.org\/wp-content\/uploads\/2020\/05\/knight-latAm-review-logo.svg","width":"1024","height":"1024","caption":"LatAm Journalism Review"},"image":{"@id":"https:\/\/latamjournalismreview.org\/pt-br\/#\/schema\/logo\/image\/"},"sameAs":["https:\/\/x.com\/LatAmJournalism"]},{"@type":"Person","@id":"https:\/\/latamjournalismreview.org\/pt-br\/#\/schema\/person\/1746872e9af4abc45355e4a7a4ddcea5","name":"Monica Medel","url":"https:\/\/latamjournalismreview.org\/pt-br\/articles\/author\/monica-medel\/"}]}},"_links":{"self":[{"href":"https:\/\/latamjournalismreview.org\/pt-br\/wp-json\/wp\/v2\/posts\/60079","targetHints":{"allow":["GET"]}}],"collection":[{"href":"https:\/\/latamjournalismreview.org\/pt-br\/wp-json\/wp\/v2\/posts"}],"about":[{"href":"https:\/\/latamjournalismreview.org\/pt-br\/wp-json\/wp\/v2\/types\/post"}],"author":[{"embeddable":true,"href":"https:\/\/latamjournalismreview.org\/pt-br\/wp-json\/wp\/v2\/users\/43"}],"replies":[{"embeddable":true,"href":"https:\/\/latamjournalismreview.org\/pt-br\/wp-json\/wp\/v2\/comments?post=60079"}],"version-history":[{"count":1,"href":"https:\/\/latamjournalismreview.org\/pt-br\/wp-json\/wp\/v2\/posts\/60079\/revisions"}],"predecessor-version":[{"id":60086,"href":"https:\/\/latamjournalismreview.org\/pt-br\/wp-json\/wp\/v2\/posts\/60079\/revisions\/60086"}],"wp:attachment":[{"href":"https:\/\/latamjournalismreview.org\/pt-br\/wp-json\/wp\/v2\/media?parent=60079"}],"wp:term":[{"taxonomy":"category","embeddable":true,"href":"https:\/\/latamjournalismreview.org\/pt-br\/wp-json\/wp\/v2\/categories?post=60079"},{"taxonomy":"post_tag","embeddable":true,"href":"https:\/\/latamjournalismreview.org\/pt-br\/wp-json\/wp\/v2\/tags?post=60079"},{"taxonomy":"author","embeddable":true,"href":"https:\/\/latamjournalismreview.org\/pt-br\/wp-json\/wp\/v2\/coauthors?post=60079"}],"curies":[{"name":"wp","href":"https:\/\/api.w.org\/{rel}","templated":true}]}}