{"id":60226,"date":"2011-07-12T20:12:40","date_gmt":"2011-07-13T01:12:40","guid":{"rendered":"https:\/\/latamjournalismreview.org\/?p=60226"},"modified":"2022-07-03T20:15:35","modified_gmt":"2022-07-04T01:15:35","slug":"mais-um-jornalista-e-condenado-a-prisao-por-suposto-crime-de-difamacao-no-peru","status":"publish","type":"post","link":"https:\/\/latamjournalismreview.org\/pt-br\/articles\/mais-um-jornalista-e-condenado-a-prisao-por-suposto-crime-de-difamacao-no-peru\/","title":{"rendered":"Mais um jornalista \u00e9 condenado \u00e0 pris\u00e3o por suposto crime de difama\u00e7\u00e3o no Peru"},"content":{"rendered":"<p>O jornalista Hans Francisco Andrade Ch\u00e1vez, ex-apresentador de um notici\u00e1rio local da filial da Am\u00e9rica TV em\u00a0<a href=\"http:\/\/es.wikipedia.org\/wiki\/Chep%C3%A9n_(provincia)\">Chep\u00e9n<\/a>, prov\u00edncia do norte do Peru, foi\u00a0<a href=\"http:\/\/www.ipys.org\/index.php?q=alerta\/715\">condenado a dois anos de pris\u00e3o por uma suposta difama\u00e7\u00e3o<\/a>, informou o\u00a0<a href=\"http:\/\/www.ipys.org\/\">Instituto Imprensa e Sociedade<\/a>\u00a0(IPYS). Andrade \u00e9 o segundo caso jornalista peruano condenado por crimes de ofensas \u00e0 reputa\u00e7\u00e3o de autoridades em 2011, ap\u00f3s a\u00a0<a href=\"http:\/\/knightcenter.utexas.edu\/pt-br\/blog\/jornalista-e-condenado-tres-anos-de-prisao-por-difamacao-no-peru\">condena\u00e7\u00e3o do rep\u00f3rter Paul Garay a tr\u00eas anos de pris\u00e3o por supostamente difamar um promotor<\/a>\u00a0em abril deste ano.<\/p>\n<p><a href=\"http:\/\/www.diariolaprimeraperu.com\/online\/nacional\/breves_90076.html\">A decis\u00e3o tamb\u00e9m obriga Andrade ao pagamento de indeniza\u00e7\u00e3o e multa<\/a>\u00a0e se baseia em declara\u00e7\u00f5es feitas pela coordenadora de um partido pol\u00edtico, Carla Rodr\u00edguez Ortiz. Em entrevista feita pelo jornalista, ela acusou Juan Jos\u00e9 V\u00e1squez, funcion\u00e1rio p\u00fablico do munic\u00edpio de Chep\u00e9n, de amea\u00e7\u00e1-la de morte, explicou o jornal La Primera.<\/p>\n<p>Segundo a\u00a0<a href=\"http:\/\/www.anp.org.pe\/\">Associa\u00e7\u00e3o Nacional de Jornalistas<\/a>\u00a0do Peru (ANP),\u00a0<a href=\"http:\/\/www.periodistas-es.org\/medios-de-comunicacion\/delitos-de-prensa-alarma-en-peru-por-una-condena-por-difamacion-agravada\">a ju\u00edza do caso aceitou como prova uma edi\u00e7\u00e3o do notici\u00e1rio onde aparece o apresentador, mas n\u00e3o os entrevistados<\/a>, e transcri\u00e7\u00f5es do programa com manifesta\u00e7\u00f5es cr\u00edticas e opini\u00f5es sobre a conduta e a imagem de V\u00e1squez, que a ANP considera como exerc\u00edcio leg\u00edtimo da liberdade de informa\u00e7\u00e3o e express\u00e3o no pa\u00eds, destacou Periodistas en Espa\u00f1ol.<\/p>\n<p>No Peru, as autoridades utilizam frequentemente leis que tratam de ofensas \u00e0 imagem para processar jornalistas com base em opini\u00f5es emitidas por entrevistados em programas de TV. Em 2010, foram condenados por crime de difama\u00e7\u00e3o os jornalistas\u00a0<a href=\"http:\/\/knightcenter.utexas.edu\/pt-br\/blog\/blogueiro-e-condenado-no-peru-por-mencionar-denuncias-contra-politico\">Jos\u00e9 Alejandro Godoy<\/a>,\u00a0<a href=\"http:\/\/knightcenter.utexas.edu\/pt-br\/blog\/corte-peruana-cancela-prisao-de-jornalista-por-difamacao\">Segundo Carrascal<\/a>,\u00a0<a href=\"http:\/\/knightcenter.utexas.edu\/pt-br\/blog\/comissao-interamericana-manifesta-preocupacao-com-jornalista-condenado-por-difamacao-no-peru\">Fernando Santos Rojas<\/a>\u00a0e\u00a0<a href=\"http:\/\/knightcenter.utexas.edu\/pt-br\/node\/186\">Enrique Lazo Flores<\/a>.<\/p>\n<p><em>Nota do editor: Essa hist\u00f3ria foi publicada originalmente no blog de jornalismo nas Am\u00e9ricas do Centro Knight, o predecessor do LatAm Journalism Review.<\/em><\/p>\n","protected":false},"excerpt":{"rendered":"<p>O jornalista Hans Francisco Andrade Ch\u00e1vez, ex-apresentador de um notici\u00e1rio local da filial da Am\u00e9rica TV em\u00a0Chep\u00e9n, prov\u00edncia do norte do Peru, foi\u00a0condenado a dois anos de pris\u00e3o por uma suposta difama\u00e7\u00e3o, informou o\u00a0Instituto Imprensa e Sociedade\u00a0(IPYS). Andrade \u00e9 o segundo caso jornalista peruano condenado por crimes de ofensas \u00e0 reputa\u00e7\u00e3o de autoridades em 2011, ap\u00f3s a\u00a0condena\u00e7\u00e3o do rep\u00f3rter Paul Garay a tr\u00eas anos de pris\u00e3o por supostamente difamar um promotor\u00a0em abril deste ano.<\/p>\n","protected":false},"author":43,"featured_media":0,"comment_status":"closed","ping_status":"closed","sticky":false,"template":"","format":"standard","meta":{"inline_featured_image":false,"footnotes":""},"categories":[1219],"tags":[1567,1565,2051,1597],"coauthors":[],"class_list":["post-60226","post","type-post","status-publish","format-standard","hentry","category-liberdade-de-imprensa-pt-br","tag-detencoes-pt-br","tag-difamacao-pt-br","tag-liberdade-de-expressao-pt-br","tag-peru-pt-br"],"acf":[],"yoast_head":"<!-- This site is optimized with the Yoast SEO Premium plugin v22.6 (Yoast SEO v27.4) - https:\/\/yoast.com\/product\/yoast-seo-premium-wordpress\/ -->\n<title>Mais um jornalista \u00e9 condenado \u00e0 pris\u00e3o por suposto crime de difama\u00e7\u00e3o no Peru - LatAm Journalism Review by the Knight Center<\/title>\n<meta name=\"description\" content=\"Mais um jornalista \u00e9 condenado \u00e0 pris\u00e3o por suposto crime de difama\u00e7\u00e3o no Peru Liberdade de imprensa. Latin American Journalism Review by The Knight Center at The University of Texas at Austin.\" \/>\n<meta name=\"robots\" content=\"index, follow, max-snippet:-1, max-image-preview:large, max-video-preview:-1\" \/>\n<link rel=\"canonical\" href=\"https:\/\/latamjournalismreview.org\/pt-br\/articles\/mais-um-jornalista-e-condenado-a-prisao-por-suposto-crime-de-difamacao-no-peru\/\" \/>\n<meta property=\"og:locale\" content=\"pt_BR\" \/>\n<meta property=\"og:type\" content=\"article\" \/>\n<meta property=\"og:title\" content=\"Mais um jornalista \u00e9 condenado \u00e0 pris\u00e3o por suposto crime de difama\u00e7\u00e3o no Peru\" \/>\n<meta property=\"og:description\" content=\"Mais um jornalista \u00e9 condenado \u00e0 pris\u00e3o por suposto crime de difama\u00e7\u00e3o no Peru Liberdade de imprensa. Latin American Journalism Review by The Knight Center at The University of Texas at Austin.\" \/>\n<meta property=\"og:url\" content=\"https:\/\/latamjournalismreview.org\/pt-br\/articles\/mais-um-jornalista-e-condenado-a-prisao-por-suposto-crime-de-difamacao-no-peru\/\" \/>\n<meta property=\"og:site_name\" content=\"LatAm Journalism Review by the Knight Center\" \/>\n<meta property=\"article:published_time\" content=\"2011-07-13T01:12:40+00:00\" \/>\n<meta property=\"article:modified_time\" content=\"2022-07-04T01:15:35+00:00\" \/>\n<meta name=\"author\" content=\"Monica Medel\" \/>\n<meta name=\"twitter:card\" content=\"summary_large_image\" \/>\n<meta name=\"twitter:creator\" content=\"@LatAmJournalism\" \/>\n<meta name=\"twitter:site\" content=\"@LatAmJournalism\" \/>\n<meta name=\"twitter:label1\" content=\"Written by\" \/>\n\t<meta name=\"twitter:data1\" content=\"Monica Medel\" \/>\n\t<meta name=\"twitter:label2\" content=\"Est. reading time\" \/>\n\t<meta name=\"twitter:data2\" content=\"2 minutos\" \/>\n<script type=\"application\/ld+json\" class=\"yoast-schema-graph\">{\"@context\":\"https:\\\/\\\/schema.org\",\"@graph\":[{\"@type\":\"Article\",\"@id\":\"https:\\\/\\\/latamjournalismreview.org\\\/pt-br\\\/articles\\\/mais-um-jornalista-e-condenado-a-prisao-por-suposto-crime-de-difamacao-no-peru\\\/#article\",\"isPartOf\":{\"@id\":\"https:\\\/\\\/latamjournalismreview.org\\\/pt-br\\\/articles\\\/mais-um-jornalista-e-condenado-a-prisao-por-suposto-crime-de-difamacao-no-peru\\\/\"},\"author\":{\"name\":\"Monica Medel\",\"@id\":\"https:\\\/\\\/latamjournalismreview.org\\\/pt-br\\\/#\\\/schema\\\/person\\\/1746872e9af4abc45355e4a7a4ddcea5\"},\"headline\":\"Mais um jornalista \u00e9 condenado \u00e0 pris\u00e3o por suposto crime de difama\u00e7\u00e3o no Peru\",\"datePublished\":\"2011-07-13T01:12:40+00:00\",\"dateModified\":\"2022-07-04T01:15:35+00:00\",\"mainEntityOfPage\":{\"@id\":\"https:\\\/\\\/latamjournalismreview.org\\\/pt-br\\\/articles\\\/mais-um-jornalista-e-condenado-a-prisao-por-suposto-crime-de-difamacao-no-peru\\\/\"},\"wordCount\":321,\"publisher\":{\"@id\":\"https:\\\/\\\/latamjournalismreview.org\\\/pt-br\\\/#organization\"},\"keywords\":[\"Deten\u00e7\u00f5es\",\"Difama\u00e7\u00e3o\",\"Liberdade de express\u00e3o\",\"Peru\"],\"articleSection\":[\"Liberdade de imprensa\"],\"inLanguage\":\"pt-BR\"},{\"@type\":\"WebPage\",\"@id\":\"https:\\\/\\\/latamjournalismreview.org\\\/pt-br\\\/articles\\\/mais-um-jornalista-e-condenado-a-prisao-por-suposto-crime-de-difamacao-no-peru\\\/\",\"url\":\"https:\\\/\\\/latamjournalismreview.org\\\/pt-br\\\/articles\\\/mais-um-jornalista-e-condenado-a-prisao-por-suposto-crime-de-difamacao-no-peru\\\/\",\"name\":\"Mais um jornalista \u00e9 condenado \u00e0 pris\u00e3o por suposto crime de difama\u00e7\u00e3o no Peru - LatAm Journalism Review by the Knight Center\",\"isPartOf\":{\"@id\":\"https:\\\/\\\/latamjournalismreview.org\\\/pt-br\\\/#website\"},\"datePublished\":\"2011-07-13T01:12:40+00:00\",\"dateModified\":\"2022-07-04T01:15:35+00:00\",\"description\":\"Mais um jornalista \u00e9 condenado \u00e0 pris\u00e3o por suposto crime de difama\u00e7\u00e3o no Peru Liberdade de imprensa. Latin American Journalism Review by The Knight Center at The University of Texas at Austin.\",\"breadcrumb\":{\"@id\":\"https:\\\/\\\/latamjournalismreview.org\\\/pt-br\\\/articles\\\/mais-um-jornalista-e-condenado-a-prisao-por-suposto-crime-de-difamacao-no-peru\\\/#breadcrumb\"},\"inLanguage\":\"pt-BR\",\"potentialAction\":[{\"@type\":\"ReadAction\",\"target\":[\"https:\\\/\\\/latamjournalismreview.org\\\/pt-br\\\/articles\\\/mais-um-jornalista-e-condenado-a-prisao-por-suposto-crime-de-difamacao-no-peru\\\/\"]}]},{\"@type\":\"BreadcrumbList\",\"@id\":\"https:\\\/\\\/latamjournalismreview.org\\\/pt-br\\\/articles\\\/mais-um-jornalista-e-condenado-a-prisao-por-suposto-crime-de-difamacao-no-peru\\\/#breadcrumb\",\"itemListElement\":[{\"@type\":\"ListItem\",\"position\":1,\"name\":\"Home\",\"item\":\"https:\\\/\\\/latamjournalismreview.org\\\/pt-br\\\/\"},{\"@type\":\"ListItem\",\"position\":2,\"name\":\"Mais um jornalista \u00e9 condenado \u00e0 pris\u00e3o por suposto crime de difama\u00e7\u00e3o no Peru\"}]},{\"@type\":\"WebSite\",\"@id\":\"https:\\\/\\\/latamjournalismreview.org\\\/pt-br\\\/#website\",\"url\":\"https:\\\/\\\/latamjournalismreview.org\\\/pt-br\\\/\",\"name\":\"LatAm Journalism Review\",\"description\":\"Digital magazine on journalism in Latin America\",\"publisher\":{\"@id\":\"https:\\\/\\\/latamjournalismreview.org\\\/pt-br\\\/#organization\"},\"potentialAction\":[{\"@type\":\"SearchAction\",\"target\":{\"@type\":\"EntryPoint\",\"urlTemplate\":\"https:\\\/\\\/latamjournalismreview.org\\\/pt-br\\\/?s={search_term_string}\"},\"query-input\":{\"@type\":\"PropertyValueSpecification\",\"valueRequired\":true,\"valueName\":\"search_term_string\"}}],\"inLanguage\":\"pt-BR\"},{\"@type\":\"Organization\",\"@id\":\"https:\\\/\\\/latamjournalismreview.org\\\/pt-br\\\/#organization\",\"name\":\"LatAm Journalism Review\",\"url\":\"https:\\\/\\\/latamjournalismreview.org\\\/pt-br\\\/\",\"logo\":{\"@type\":\"ImageObject\",\"inLanguage\":\"pt-BR\",\"@id\":\"https:\\\/\\\/latamjournalismreview.org\\\/pt-br\\\/#\\\/schema\\\/logo\\\/image\\\/\",\"url\":\"https:\\\/\\\/latamjournalismreview.org\\\/wp-content\\\/uploads\\\/2020\\\/05\\\/knight-latAm-review-logo.svg\",\"contentUrl\":\"https:\\\/\\\/latamjournalismreview.org\\\/wp-content\\\/uploads\\\/2020\\\/05\\\/knight-latAm-review-logo.svg\",\"width\":\"1024\",\"height\":\"1024\",\"caption\":\"LatAm Journalism Review\"},\"image\":{\"@id\":\"https:\\\/\\\/latamjournalismreview.org\\\/pt-br\\\/#\\\/schema\\\/logo\\\/image\\\/\"},\"sameAs\":[\"https:\\\/\\\/x.com\\\/LatAmJournalism\"]},{\"@type\":\"Person\",\"@id\":\"https:\\\/\\\/latamjournalismreview.org\\\/pt-br\\\/#\\\/schema\\\/person\\\/1746872e9af4abc45355e4a7a4ddcea5\",\"name\":\"Monica Medel\",\"url\":\"https:\\\/\\\/latamjournalismreview.org\\\/pt-br\\\/articles\\\/author\\\/monica-medel\\\/\"}]}<\/script>\n<!-- \/ Yoast SEO Premium plugin. -->","yoast_head_json":{"title":"Mais um jornalista \u00e9 condenado \u00e0 pris\u00e3o por suposto crime de difama\u00e7\u00e3o no Peru - LatAm Journalism Review by the Knight Center","description":"Mais um jornalista \u00e9 condenado \u00e0 pris\u00e3o por suposto crime de difama\u00e7\u00e3o no Peru Liberdade de imprensa. Latin American Journalism Review by The Knight Center at The University of Texas at Austin.","robots":{"index":"index","follow":"follow","max-snippet":"max-snippet:-1","max-image-preview":"max-image-preview:large","max-video-preview":"max-video-preview:-1"},"canonical":"https:\/\/latamjournalismreview.org\/pt-br\/articles\/mais-um-jornalista-e-condenado-a-prisao-por-suposto-crime-de-difamacao-no-peru\/","og_locale":"pt_BR","og_type":"article","og_title":"Mais um jornalista \u00e9 condenado \u00e0 pris\u00e3o por suposto crime de difama\u00e7\u00e3o no Peru","og_description":"Mais um jornalista \u00e9 condenado \u00e0 pris\u00e3o por suposto crime de difama\u00e7\u00e3o no Peru Liberdade de imprensa. Latin American Journalism Review by The Knight Center at The University of Texas at Austin.","og_url":"https:\/\/latamjournalismreview.org\/pt-br\/articles\/mais-um-jornalista-e-condenado-a-prisao-por-suposto-crime-de-difamacao-no-peru\/","og_site_name":"LatAm Journalism Review by the Knight Center","article_published_time":"2011-07-13T01:12:40+00:00","article_modified_time":"2022-07-04T01:15:35+00:00","author":"Monica Medel","twitter_card":"summary_large_image","twitter_creator":"@LatAmJournalism","twitter_site":"@LatAmJournalism","twitter_misc":{"Written by":"Monica Medel","Est. reading time":"2 minutos"},"schema":{"@context":"https:\/\/schema.org","@graph":[{"@type":"Article","@id":"https:\/\/latamjournalismreview.org\/pt-br\/articles\/mais-um-jornalista-e-condenado-a-prisao-por-suposto-crime-de-difamacao-no-peru\/#article","isPartOf":{"@id":"https:\/\/latamjournalismreview.org\/pt-br\/articles\/mais-um-jornalista-e-condenado-a-prisao-por-suposto-crime-de-difamacao-no-peru\/"},"author":{"name":"Monica Medel","@id":"https:\/\/latamjournalismreview.org\/pt-br\/#\/schema\/person\/1746872e9af4abc45355e4a7a4ddcea5"},"headline":"Mais um jornalista \u00e9 condenado \u00e0 pris\u00e3o por suposto crime de difama\u00e7\u00e3o no Peru","datePublished":"2011-07-13T01:12:40+00:00","dateModified":"2022-07-04T01:15:35+00:00","mainEntityOfPage":{"@id":"https:\/\/latamjournalismreview.org\/pt-br\/articles\/mais-um-jornalista-e-condenado-a-prisao-por-suposto-crime-de-difamacao-no-peru\/"},"wordCount":321,"publisher":{"@id":"https:\/\/latamjournalismreview.org\/pt-br\/#organization"},"keywords":["Deten\u00e7\u00f5es","Difama\u00e7\u00e3o","Liberdade de express\u00e3o","Peru"],"articleSection":["Liberdade de imprensa"],"inLanguage":"pt-BR"},{"@type":"WebPage","@id":"https:\/\/latamjournalismreview.org\/pt-br\/articles\/mais-um-jornalista-e-condenado-a-prisao-por-suposto-crime-de-difamacao-no-peru\/","url":"https:\/\/latamjournalismreview.org\/pt-br\/articles\/mais-um-jornalista-e-condenado-a-prisao-por-suposto-crime-de-difamacao-no-peru\/","name":"Mais um jornalista \u00e9 condenado \u00e0 pris\u00e3o por suposto crime de difama\u00e7\u00e3o no Peru - LatAm Journalism Review by the Knight Center","isPartOf":{"@id":"https:\/\/latamjournalismreview.org\/pt-br\/#website"},"datePublished":"2011-07-13T01:12:40+00:00","dateModified":"2022-07-04T01:15:35+00:00","description":"Mais um jornalista \u00e9 condenado \u00e0 pris\u00e3o por suposto crime de difama\u00e7\u00e3o no Peru Liberdade de imprensa. Latin American Journalism Review by The Knight Center at The University of Texas at Austin.","breadcrumb":{"@id":"https:\/\/latamjournalismreview.org\/pt-br\/articles\/mais-um-jornalista-e-condenado-a-prisao-por-suposto-crime-de-difamacao-no-peru\/#breadcrumb"},"inLanguage":"pt-BR","potentialAction":[{"@type":"ReadAction","target":["https:\/\/latamjournalismreview.org\/pt-br\/articles\/mais-um-jornalista-e-condenado-a-prisao-por-suposto-crime-de-difamacao-no-peru\/"]}]},{"@type":"BreadcrumbList","@id":"https:\/\/latamjournalismreview.org\/pt-br\/articles\/mais-um-jornalista-e-condenado-a-prisao-por-suposto-crime-de-difamacao-no-peru\/#breadcrumb","itemListElement":[{"@type":"ListItem","position":1,"name":"Home","item":"https:\/\/latamjournalismreview.org\/pt-br\/"},{"@type":"ListItem","position":2,"name":"Mais um jornalista \u00e9 condenado \u00e0 pris\u00e3o por suposto crime de difama\u00e7\u00e3o no Peru"}]},{"@type":"WebSite","@id":"https:\/\/latamjournalismreview.org\/pt-br\/#website","url":"https:\/\/latamjournalismreview.org\/pt-br\/","name":"LatAm Journalism Review","description":"Digital magazine on journalism in Latin America","publisher":{"@id":"https:\/\/latamjournalismreview.org\/pt-br\/#organization"},"potentialAction":[{"@type":"SearchAction","target":{"@type":"EntryPoint","urlTemplate":"https:\/\/latamjournalismreview.org\/pt-br\/?s={search_term_string}"},"query-input":{"@type":"PropertyValueSpecification","valueRequired":true,"valueName":"search_term_string"}}],"inLanguage":"pt-BR"},{"@type":"Organization","@id":"https:\/\/latamjournalismreview.org\/pt-br\/#organization","name":"LatAm Journalism Review","url":"https:\/\/latamjournalismreview.org\/pt-br\/","logo":{"@type":"ImageObject","inLanguage":"pt-BR","@id":"https:\/\/latamjournalismreview.org\/pt-br\/#\/schema\/logo\/image\/","url":"https:\/\/latamjournalismreview.org\/wp-content\/uploads\/2020\/05\/knight-latAm-review-logo.svg","contentUrl":"https:\/\/latamjournalismreview.org\/wp-content\/uploads\/2020\/05\/knight-latAm-review-logo.svg","width":"1024","height":"1024","caption":"LatAm Journalism Review"},"image":{"@id":"https:\/\/latamjournalismreview.org\/pt-br\/#\/schema\/logo\/image\/"},"sameAs":["https:\/\/x.com\/LatAmJournalism"]},{"@type":"Person","@id":"https:\/\/latamjournalismreview.org\/pt-br\/#\/schema\/person\/1746872e9af4abc45355e4a7a4ddcea5","name":"Monica Medel","url":"https:\/\/latamjournalismreview.org\/pt-br\/articles\/author\/monica-medel\/"}]}},"_links":{"self":[{"href":"https:\/\/latamjournalismreview.org\/pt-br\/wp-json\/wp\/v2\/posts\/60226","targetHints":{"allow":["GET"]}}],"collection":[{"href":"https:\/\/latamjournalismreview.org\/pt-br\/wp-json\/wp\/v2\/posts"}],"about":[{"href":"https:\/\/latamjournalismreview.org\/pt-br\/wp-json\/wp\/v2\/types\/post"}],"author":[{"embeddable":true,"href":"https:\/\/latamjournalismreview.org\/pt-br\/wp-json\/wp\/v2\/users\/43"}],"replies":[{"embeddable":true,"href":"https:\/\/latamjournalismreview.org\/pt-br\/wp-json\/wp\/v2\/comments?post=60226"}],"version-history":[{"count":1,"href":"https:\/\/latamjournalismreview.org\/pt-br\/wp-json\/wp\/v2\/posts\/60226\/revisions"}],"predecessor-version":[{"id":60230,"href":"https:\/\/latamjournalismreview.org\/pt-br\/wp-json\/wp\/v2\/posts\/60226\/revisions\/60230"}],"wp:attachment":[{"href":"https:\/\/latamjournalismreview.org\/pt-br\/wp-json\/wp\/v2\/media?parent=60226"}],"wp:term":[{"taxonomy":"category","embeddable":true,"href":"https:\/\/latamjournalismreview.org\/pt-br\/wp-json\/wp\/v2\/categories?post=60226"},{"taxonomy":"post_tag","embeddable":true,"href":"https:\/\/latamjournalismreview.org\/pt-br\/wp-json\/wp\/v2\/tags?post=60226"},{"taxonomy":"author","embeddable":true,"href":"https:\/\/latamjournalismreview.org\/pt-br\/wp-json\/wp\/v2\/coauthors?post=60226"}],"curies":[{"name":"wp","href":"https:\/\/api.w.org\/{rel}","templated":true}]}}