{"id":60319,"date":"2011-07-15T21:31:44","date_gmt":"2011-07-16T02:31:44","guid":{"rendered":"https:\/\/latamjournalismreview.org\/?p=60319"},"modified":"2022-07-04T21:34:07","modified_gmt":"2022-07-05T02:34:07","slug":"jornalista-conhecido-por-fazer-denuncias-e-agredido-na-bahia","status":"publish","type":"post","link":"https:\/\/latamjournalismreview.org\/pt-br\/articles\/jornalista-conhecido-por-fazer-denuncias-e-agredido-na-bahia\/","title":{"rendered":"Jornalista conhecido por fazer den\u00fancias \u00e9 agredido na Bahia"},"content":{"rendered":"<p>Nesta quinta-feira, 14 de julho, o\u00a0<a href=\"http:\/\/www.viomundo.com.br\/denuncias\/em-ilheus-radialista-e-agredido-a-paulada.html\">jornalista F\u00e1bio Roberto foi v\u00edtima de uma agress\u00e3o<\/a>\u00a0ap\u00f3s sair da\u00a0<a href=\"http:\/\/oradio.com.br\/ouvir\/radio+nova+bahiana+de+ilheus+am+1310+khz.html\">R\u00e1dio Bahiana<\/a>\u00a0no munic\u00edpio de\u00a0<a href=\"http:\/\/pt.wikipedia.org\/wiki\/Ilh%C3%A9us\">Ilh\u00e9us<\/a>, no estado da Bahia, onde apresenta o programa Compromisso Verdade e costuma levar ao ar v\u00e1rias den\u00fancias, segundo o blog Vi o mundo.<\/p>\n<p>\"<a href=\"http:\/\/www.oreconcavo.com.br\/2011\/07\/15\/em-ilheus-radialista-e-agredido-a-pauladas\">Pelas caracter\u00edsticas do atentado, a inten\u00e7\u00e3o n\u00e3o era roubar<\/a>, afinal estava com uma mochila nova com equipamentos e nada foi roubado. Estou assustado e surpreso, se eu n\u00e3o tiver condi\u00e7\u00f5es de trabalhar com seguran\u00e7a, terei que me afastar\u201d, disse o comunicador ao site O Rec\u00f4ncavo.<\/p>\n<p>De acordo com o jornalista,\u00a0<a href=\"http:\/\/www.policiaepolitica.com.br\/noticias\/radialista-agredido-em-ilheus\">um homem o atingiu com uma paulada na cabe\u00e7a por tr\u00e1s e fugiu em seguida<\/a>, sem levar nada, informa o site Pol\u00edcia e Pol\u00edtica. F\u00e1bio Roberto recebeu atendimento m\u00e9dico e registrou ocorr\u00eancia na pol\u00edcia local.<\/p>\n<p>Este \u00e9 o segundo caso de ataque a um profissional da imprensa brasileira em pouco mais de uma semana. No dia 6 de julho, o jornalista M\u00e1rio Randolfo Marques Lopes, tamb\u00e9m conhecido por fazer cr\u00edticas a autoridades da regi\u00e3o em que trabalha, foi\u00a0<a href=\"http:\/\/knightcenter.utexas.edu\/pt-br\/blog\/jornalista-sofre-tentativa-de-homicidio-no-interior-do-rj\">baleado em uma tentativa de homic\u00eddio<\/a>\u00a0no interior do Rio de Janeiro.<\/p>\n<p><em>Nota do editor: Essa hist\u00f3ria foi publicada originalmente no blog de jornalismo nas Am\u00e9ricas do Centro Knight, o predecessor do LatAm Journalism Review.<\/em><\/p>\n","protected":false},"excerpt":{"rendered":"<p>Nesta quinta-feira, 14 de julho, o\u00a0jornalista F\u00e1bio Roberto foi v\u00edtima de uma agress\u00e3o\u00a0ap\u00f3s sair da\u00a0R\u00e1dio Bahiana\u00a0no munic\u00edpio de\u00a0Ilh\u00e9us, no estado da Bahia, onde apresenta o programa Compromisso Verdade e costuma levar ao ar v\u00e1rias den\u00fancias, segundo o blog Vi o mundo.<\/p>\n","protected":false},"author":42,"featured_media":0,"comment_status":"closed","ping_status":"closed","sticky":false,"template":"","format":"standard","meta":{"inline_featured_image":false,"footnotes":""},"categories":[1221],"tags":[1534,1615],"coauthors":[],"class_list":["post-60319","post","type-post","status-publish","format-standard","hentry","category-violencia-contra-jornalistas-pt-br","tag-ataques-contra-jornalistas-pt-br","tag-violencia-contra-jornalistas-pt-br"],"acf":[],"yoast_head":"<!-- This site is optimized with the Yoast SEO Premium plugin v22.6 (Yoast SEO v27.4) - https:\/\/yoast.com\/product\/yoast-seo-premium-wordpress\/ -->\n<title>Jornalista conhecido por fazer den\u00fancias \u00e9 agredido na Bahia - LatAm Journalism Review by the Knight Center<\/title>\n<meta name=\"description\" content=\"Jornalista conhecido por fazer den\u00fancias \u00e9 agredido na Bahia Viol\u00eancia contra jornalistas. Latin American Journalism Review by The Knight Center at The University of Texas at Austin.\" \/>\n<meta name=\"robots\" content=\"index, follow, max-snippet:-1, max-image-preview:large, max-video-preview:-1\" \/>\n<link rel=\"canonical\" href=\"https:\/\/latamjournalismreview.org\/pt-br\/articles\/jornalista-conhecido-por-fazer-denuncias-e-agredido-na-bahia\/\" \/>\n<meta property=\"og:locale\" content=\"pt_BR\" \/>\n<meta property=\"og:type\" content=\"article\" \/>\n<meta property=\"og:title\" content=\"Jornalista conhecido por fazer den\u00fancias \u00e9 agredido na Bahia\" \/>\n<meta property=\"og:description\" content=\"Jornalista conhecido por fazer den\u00fancias \u00e9 agredido na Bahia Viol\u00eancia contra jornalistas. Latin American Journalism Review by The Knight Center at The University of Texas at Austin.\" \/>\n<meta property=\"og:url\" content=\"https:\/\/latamjournalismreview.org\/pt-br\/articles\/jornalista-conhecido-por-fazer-denuncias-e-agredido-na-bahia\/\" \/>\n<meta property=\"og:site_name\" content=\"LatAm Journalism Review by the Knight Center\" \/>\n<meta property=\"article:published_time\" content=\"2011-07-16T02:31:44+00:00\" \/>\n<meta property=\"article:modified_time\" content=\"2022-07-05T02:34:07+00:00\" \/>\n<meta name=\"author\" content=\"Natalia Mazotte\" \/>\n<meta name=\"twitter:card\" content=\"summary_large_image\" \/>\n<meta name=\"twitter:creator\" content=\"@LatAmJournalism\" \/>\n<meta name=\"twitter:site\" content=\"@LatAmJournalism\" \/>\n<meta name=\"twitter:label1\" content=\"Written by\" \/>\n\t<meta name=\"twitter:data1\" content=\"Natalia Mazotte\" \/>\n\t<meta name=\"twitter:label2\" content=\"Est. reading time\" \/>\n\t<meta name=\"twitter:data2\" content=\"1 minuto\" \/>\n<script type=\"application\/ld+json\" class=\"yoast-schema-graph\">{\"@context\":\"https:\\\/\\\/schema.org\",\"@graph\":[{\"@type\":\"Article\",\"@id\":\"https:\\\/\\\/latamjournalismreview.org\\\/pt-br\\\/articles\\\/jornalista-conhecido-por-fazer-denuncias-e-agredido-na-bahia\\\/#article\",\"isPartOf\":{\"@id\":\"https:\\\/\\\/latamjournalismreview.org\\\/pt-br\\\/articles\\\/jornalista-conhecido-por-fazer-denuncias-e-agredido-na-bahia\\\/\"},\"author\":{\"name\":\"Natalia Mazotte\",\"@id\":\"https:\\\/\\\/latamjournalismreview.org\\\/pt-br\\\/#\\\/schema\\\/person\\\/747457e530d741a9d192f00c32c7f884\"},\"headline\":\"Jornalista conhecido por fazer den\u00fancias \u00e9 agredido na Bahia\",\"datePublished\":\"2011-07-16T02:31:44+00:00\",\"dateModified\":\"2022-07-05T02:34:07+00:00\",\"mainEntityOfPage\":{\"@id\":\"https:\\\/\\\/latamjournalismreview.org\\\/pt-br\\\/articles\\\/jornalista-conhecido-por-fazer-denuncias-e-agredido-na-bahia\\\/\"},\"wordCount\":246,\"publisher\":{\"@id\":\"https:\\\/\\\/latamjournalismreview.org\\\/pt-br\\\/#organization\"},\"keywords\":[\"Ataques contra jornalistas\",\"Viol\u00eancia contra jornalistas\"],\"articleSection\":[\"Viol\u00eancia contra jornalistas\"],\"inLanguage\":\"pt-BR\"},{\"@type\":\"WebPage\",\"@id\":\"https:\\\/\\\/latamjournalismreview.org\\\/pt-br\\\/articles\\\/jornalista-conhecido-por-fazer-denuncias-e-agredido-na-bahia\\\/\",\"url\":\"https:\\\/\\\/latamjournalismreview.org\\\/pt-br\\\/articles\\\/jornalista-conhecido-por-fazer-denuncias-e-agredido-na-bahia\\\/\",\"name\":\"Jornalista conhecido por fazer den\u00fancias \u00e9 agredido na Bahia - LatAm Journalism Review by the Knight Center\",\"isPartOf\":{\"@id\":\"https:\\\/\\\/latamjournalismreview.org\\\/pt-br\\\/#website\"},\"datePublished\":\"2011-07-16T02:31:44+00:00\",\"dateModified\":\"2022-07-05T02:34:07+00:00\",\"description\":\"Jornalista conhecido por fazer den\u00fancias \u00e9 agredido na Bahia Viol\u00eancia contra jornalistas. Latin American Journalism Review by The Knight Center at The University of Texas at Austin.\",\"breadcrumb\":{\"@id\":\"https:\\\/\\\/latamjournalismreview.org\\\/pt-br\\\/articles\\\/jornalista-conhecido-por-fazer-denuncias-e-agredido-na-bahia\\\/#breadcrumb\"},\"inLanguage\":\"pt-BR\",\"potentialAction\":[{\"@type\":\"ReadAction\",\"target\":[\"https:\\\/\\\/latamjournalismreview.org\\\/pt-br\\\/articles\\\/jornalista-conhecido-por-fazer-denuncias-e-agredido-na-bahia\\\/\"]}]},{\"@type\":\"BreadcrumbList\",\"@id\":\"https:\\\/\\\/latamjournalismreview.org\\\/pt-br\\\/articles\\\/jornalista-conhecido-por-fazer-denuncias-e-agredido-na-bahia\\\/#breadcrumb\",\"itemListElement\":[{\"@type\":\"ListItem\",\"position\":1,\"name\":\"Home\",\"item\":\"https:\\\/\\\/latamjournalismreview.org\\\/pt-br\\\/\"},{\"@type\":\"ListItem\",\"position\":2,\"name\":\"Jornalista conhecido por fazer den\u00fancias \u00e9 agredido na Bahia\"}]},{\"@type\":\"WebSite\",\"@id\":\"https:\\\/\\\/latamjournalismreview.org\\\/pt-br\\\/#website\",\"url\":\"https:\\\/\\\/latamjournalismreview.org\\\/pt-br\\\/\",\"name\":\"LatAm Journalism Review\",\"description\":\"Digital magazine on journalism in Latin America\",\"publisher\":{\"@id\":\"https:\\\/\\\/latamjournalismreview.org\\\/pt-br\\\/#organization\"},\"potentialAction\":[{\"@type\":\"SearchAction\",\"target\":{\"@type\":\"EntryPoint\",\"urlTemplate\":\"https:\\\/\\\/latamjournalismreview.org\\\/pt-br\\\/?s={search_term_string}\"},\"query-input\":{\"@type\":\"PropertyValueSpecification\",\"valueRequired\":true,\"valueName\":\"search_term_string\"}}],\"inLanguage\":\"pt-BR\"},{\"@type\":\"Organization\",\"@id\":\"https:\\\/\\\/latamjournalismreview.org\\\/pt-br\\\/#organization\",\"name\":\"LatAm Journalism Review\",\"url\":\"https:\\\/\\\/latamjournalismreview.org\\\/pt-br\\\/\",\"logo\":{\"@type\":\"ImageObject\",\"inLanguage\":\"pt-BR\",\"@id\":\"https:\\\/\\\/latamjournalismreview.org\\\/pt-br\\\/#\\\/schema\\\/logo\\\/image\\\/\",\"url\":\"https:\\\/\\\/latamjournalismreview.org\\\/wp-content\\\/uploads\\\/2020\\\/05\\\/knight-latAm-review-logo.svg\",\"contentUrl\":\"https:\\\/\\\/latamjournalismreview.org\\\/wp-content\\\/uploads\\\/2020\\\/05\\\/knight-latAm-review-logo.svg\",\"width\":\"1024\",\"height\":\"1024\",\"caption\":\"LatAm Journalism Review\"},\"image\":{\"@id\":\"https:\\\/\\\/latamjournalismreview.org\\\/pt-br\\\/#\\\/schema\\\/logo\\\/image\\\/\"},\"sameAs\":[\"https:\\\/\\\/x.com\\\/LatAmJournalism\"]},{\"@type\":\"Person\",\"@id\":\"https:\\\/\\\/latamjournalismreview.org\\\/pt-br\\\/#\\\/schema\\\/person\\\/747457e530d741a9d192f00c32c7f884\",\"name\":\"Natalia Mazotte\",\"url\":\"https:\\\/\\\/latamjournalismreview.org\\\/pt-br\\\/articles\\\/author\\\/natalia-mazotte\\\/\"}]}<\/script>\n<!-- \/ Yoast SEO Premium plugin. -->","yoast_head_json":{"title":"Jornalista conhecido por fazer den\u00fancias \u00e9 agredido na Bahia - LatAm Journalism Review by the Knight Center","description":"Jornalista conhecido por fazer den\u00fancias \u00e9 agredido na Bahia Viol\u00eancia contra jornalistas. Latin American Journalism Review by The Knight Center at The University of Texas at Austin.","robots":{"index":"index","follow":"follow","max-snippet":"max-snippet:-1","max-image-preview":"max-image-preview:large","max-video-preview":"max-video-preview:-1"},"canonical":"https:\/\/latamjournalismreview.org\/pt-br\/articles\/jornalista-conhecido-por-fazer-denuncias-e-agredido-na-bahia\/","og_locale":"pt_BR","og_type":"article","og_title":"Jornalista conhecido por fazer den\u00fancias \u00e9 agredido na Bahia","og_description":"Jornalista conhecido por fazer den\u00fancias \u00e9 agredido na Bahia Viol\u00eancia contra jornalistas. Latin American Journalism Review by The Knight Center at The University of Texas at Austin.","og_url":"https:\/\/latamjournalismreview.org\/pt-br\/articles\/jornalista-conhecido-por-fazer-denuncias-e-agredido-na-bahia\/","og_site_name":"LatAm Journalism Review by the Knight Center","article_published_time":"2011-07-16T02:31:44+00:00","article_modified_time":"2022-07-05T02:34:07+00:00","author":"Natalia Mazotte","twitter_card":"summary_large_image","twitter_creator":"@LatAmJournalism","twitter_site":"@LatAmJournalism","twitter_misc":{"Written by":"Natalia Mazotte","Est. reading time":"1 minuto"},"schema":{"@context":"https:\/\/schema.org","@graph":[{"@type":"Article","@id":"https:\/\/latamjournalismreview.org\/pt-br\/articles\/jornalista-conhecido-por-fazer-denuncias-e-agredido-na-bahia\/#article","isPartOf":{"@id":"https:\/\/latamjournalismreview.org\/pt-br\/articles\/jornalista-conhecido-por-fazer-denuncias-e-agredido-na-bahia\/"},"author":{"name":"Natalia Mazotte","@id":"https:\/\/latamjournalismreview.org\/pt-br\/#\/schema\/person\/747457e530d741a9d192f00c32c7f884"},"headline":"Jornalista conhecido por fazer den\u00fancias \u00e9 agredido na Bahia","datePublished":"2011-07-16T02:31:44+00:00","dateModified":"2022-07-05T02:34:07+00:00","mainEntityOfPage":{"@id":"https:\/\/latamjournalismreview.org\/pt-br\/articles\/jornalista-conhecido-por-fazer-denuncias-e-agredido-na-bahia\/"},"wordCount":246,"publisher":{"@id":"https:\/\/latamjournalismreview.org\/pt-br\/#organization"},"keywords":["Ataques contra jornalistas","Viol\u00eancia contra jornalistas"],"articleSection":["Viol\u00eancia contra jornalistas"],"inLanguage":"pt-BR"},{"@type":"WebPage","@id":"https:\/\/latamjournalismreview.org\/pt-br\/articles\/jornalista-conhecido-por-fazer-denuncias-e-agredido-na-bahia\/","url":"https:\/\/latamjournalismreview.org\/pt-br\/articles\/jornalista-conhecido-por-fazer-denuncias-e-agredido-na-bahia\/","name":"Jornalista conhecido por fazer den\u00fancias \u00e9 agredido na Bahia - LatAm Journalism Review by the Knight Center","isPartOf":{"@id":"https:\/\/latamjournalismreview.org\/pt-br\/#website"},"datePublished":"2011-07-16T02:31:44+00:00","dateModified":"2022-07-05T02:34:07+00:00","description":"Jornalista conhecido por fazer den\u00fancias \u00e9 agredido na Bahia Viol\u00eancia contra jornalistas. Latin American Journalism Review by The Knight Center at The University of Texas at Austin.","breadcrumb":{"@id":"https:\/\/latamjournalismreview.org\/pt-br\/articles\/jornalista-conhecido-por-fazer-denuncias-e-agredido-na-bahia\/#breadcrumb"},"inLanguage":"pt-BR","potentialAction":[{"@type":"ReadAction","target":["https:\/\/latamjournalismreview.org\/pt-br\/articles\/jornalista-conhecido-por-fazer-denuncias-e-agredido-na-bahia\/"]}]},{"@type":"BreadcrumbList","@id":"https:\/\/latamjournalismreview.org\/pt-br\/articles\/jornalista-conhecido-por-fazer-denuncias-e-agredido-na-bahia\/#breadcrumb","itemListElement":[{"@type":"ListItem","position":1,"name":"Home","item":"https:\/\/latamjournalismreview.org\/pt-br\/"},{"@type":"ListItem","position":2,"name":"Jornalista conhecido por fazer den\u00fancias \u00e9 agredido na Bahia"}]},{"@type":"WebSite","@id":"https:\/\/latamjournalismreview.org\/pt-br\/#website","url":"https:\/\/latamjournalismreview.org\/pt-br\/","name":"LatAm Journalism Review","description":"Digital magazine on journalism in Latin America","publisher":{"@id":"https:\/\/latamjournalismreview.org\/pt-br\/#organization"},"potentialAction":[{"@type":"SearchAction","target":{"@type":"EntryPoint","urlTemplate":"https:\/\/latamjournalismreview.org\/pt-br\/?s={search_term_string}"},"query-input":{"@type":"PropertyValueSpecification","valueRequired":true,"valueName":"search_term_string"}}],"inLanguage":"pt-BR"},{"@type":"Organization","@id":"https:\/\/latamjournalismreview.org\/pt-br\/#organization","name":"LatAm Journalism Review","url":"https:\/\/latamjournalismreview.org\/pt-br\/","logo":{"@type":"ImageObject","inLanguage":"pt-BR","@id":"https:\/\/latamjournalismreview.org\/pt-br\/#\/schema\/logo\/image\/","url":"https:\/\/latamjournalismreview.org\/wp-content\/uploads\/2020\/05\/knight-latAm-review-logo.svg","contentUrl":"https:\/\/latamjournalismreview.org\/wp-content\/uploads\/2020\/05\/knight-latAm-review-logo.svg","width":"1024","height":"1024","caption":"LatAm Journalism Review"},"image":{"@id":"https:\/\/latamjournalismreview.org\/pt-br\/#\/schema\/logo\/image\/"},"sameAs":["https:\/\/x.com\/LatAmJournalism"]},{"@type":"Person","@id":"https:\/\/latamjournalismreview.org\/pt-br\/#\/schema\/person\/747457e530d741a9d192f00c32c7f884","name":"Natalia Mazotte","url":"https:\/\/latamjournalismreview.org\/pt-br\/articles\/author\/natalia-mazotte\/"}]}},"_links":{"self":[{"href":"https:\/\/latamjournalismreview.org\/pt-br\/wp-json\/wp\/v2\/posts\/60319","targetHints":{"allow":["GET"]}}],"collection":[{"href":"https:\/\/latamjournalismreview.org\/pt-br\/wp-json\/wp\/v2\/posts"}],"about":[{"href":"https:\/\/latamjournalismreview.org\/pt-br\/wp-json\/wp\/v2\/types\/post"}],"author":[{"embeddable":true,"href":"https:\/\/latamjournalismreview.org\/pt-br\/wp-json\/wp\/v2\/users\/42"}],"replies":[{"embeddable":true,"href":"https:\/\/latamjournalismreview.org\/pt-br\/wp-json\/wp\/v2\/comments?post=60319"}],"version-history":[{"count":1,"href":"https:\/\/latamjournalismreview.org\/pt-br\/wp-json\/wp\/v2\/posts\/60319\/revisions"}],"predecessor-version":[{"id":60323,"href":"https:\/\/latamjournalismreview.org\/pt-br\/wp-json\/wp\/v2\/posts\/60319\/revisions\/60323"}],"wp:attachment":[{"href":"https:\/\/latamjournalismreview.org\/pt-br\/wp-json\/wp\/v2\/media?parent=60319"}],"wp:term":[{"taxonomy":"category","embeddable":true,"href":"https:\/\/latamjournalismreview.org\/pt-br\/wp-json\/wp\/v2\/categories?post=60319"},{"taxonomy":"post_tag","embeddable":true,"href":"https:\/\/latamjournalismreview.org\/pt-br\/wp-json\/wp\/v2\/tags?post=60319"},{"taxonomy":"author","embeddable":true,"href":"https:\/\/latamjournalismreview.org\/pt-br\/wp-json\/wp\/v2\/coauthors?post=60319"}],"curies":[{"name":"wp","href":"https:\/\/api.w.org\/{rel}","templated":true}]}}