{"id":60600,"date":"2022-07-06T19:58:48","date_gmt":"2022-07-07T00:58:48","guid":{"rendered":"https:\/\/latamjournalismreview.org\/?p=60600"},"modified":"2022-07-06T19:58:48","modified_gmt":"2022-07-07T00:58:48","slug":"america-latina-marca-presenca-em-iniciativas-globais-que-vinculam-a-inteligencia-artificial-ao-jornalismo","status":"publish","type":"post","link":"https:\/\/latamjournalismreview.org\/pt-br\/articles\/america-latina-marca-presenca-em-iniciativas-globais-que-vinculam-a-inteligencia-artificial-ao-jornalismo\/","title":{"rendered":"Am\u00e9rica Latina marca presen\u00e7a em iniciativas globais que vinculam a intelig\u00eancia artificial ao jornalismo"},"content":{"rendered":"<p><span style=\"vertical-align: inherit;\"><span style=\"vertical-align: inherit;\">Algumas organiza\u00e7\u00f5es globais que promovem o jornalismo lan\u00e7aram\u00a0 iniciativas que vinculam o trabalho dos jornalistas ao uso de intelig\u00eancia artificial.<\/span><\/span><\/p>\n<p><span style=\"vertical-align: inherit;\"><span style=\"vertical-align: inherit;\">Uma delas busca jornalistas para monitorar, <span style=\"vertical-align: inherit;\"> por meio de investiga\u00e7\u00f5es,<\/span> o impacto da intelig\u00eancia artificial na vida das pessoas, enquanto outra re\u00fane ve\u00edculos de diversos pa\u00edses para trabalhar em projetos que potencializam o trabalho dos jornalistas por meio de algoritmos e ferramentas de automa\u00e7\u00e3o.<\/span><\/span><\/p>\n<p><span style=\"vertical-align: inherit;\"><span style=\"vertical-align: inherit;\">Em ambas as iniciativas h\u00e1 uma presen\u00e7a significativa de profissionais de m\u00eddia da Am\u00e9rica Latina que buscar\u00e3o promover a presen\u00e7a tanto da regi\u00e3o quanto das l\u00ednguas espanhola e portuguesa na rela\u00e7\u00e3o entre jornalismo e intelig\u00eancia artificial no mundo.<\/span><\/span><\/p>\n<h3><span style=\"vertical-align: inherit;\"><span style=\"vertical-align: inherit;\">A import\u00e2ncia de ficar de olho nos algoritmos<\/span><\/span><\/h3>\n<p><span style=\"vertical-align: inherit;\"><span style=\"vertical-align: inherit;\">Como parte de sua miss\u00e3o de aumentar a cobertura de hist\u00f3rias de import\u00e2ncia global <span style=\"vertical-align: inherit;\">pouco pesquisadas<\/span>, o Pulitzer Center lan\u00e7ou a <\/span><\/span><a href=\"https:\/\/pulitzercenter.org\/stories\/pulitzer-center-launches-ai-accountability-network\"><span style=\"vertical-align: inherit;\"><span style=\"vertical-align: inherit;\">AI Accountability Network<\/span><\/span><\/a><span style=\"vertical-align: inherit;\"><span style=\"vertical-align: inherit;\"> no in\u00edcio deste ano. <\/span><span style=\"vertical-align: inherit;\">A iniciativa visa apoiar investiga\u00e7\u00f5es jornal\u00edsticas que abordem o uso de intelig\u00eancia artificial por governos e corpora\u00e7\u00f5es e criar uma rede global de jornalistas que aprendam juntos e compartilhem conhecimento sobre o assunto.<\/span><\/span><\/p>\n<p><span style=\"vertical-align: inherit;\"><span style=\"vertical-align: inherit;\">Em junho, a organiza\u00e7\u00e3o <\/span><\/span><a href=\"https:\/\/pulitzercenter.org\/blog\/pulitzer-center-announces-first-cohort-ai-accountability-fellows\"><span style=\"vertical-align: inherit;\"><span style=\"vertical-align: inherit;\">apresentou os 10 jornalistas<\/span><\/span><\/a><span style=\"vertical-align: inherit;\"><span style=\"vertical-align: inherit;\"> que compor\u00e3o a primeira gera\u00e7\u00e3o de bolsistas de sua rede, escolhidos em v\u00e1rias regi\u00f5es do mundo. <\/span><span style=\"vertical-align: inherit;\">Representando a Am\u00e9rica Latina est\u00e3o a jornalista Karen Naundorf e a fotojornalista Sarah Pabst, origin\u00e1rias da Alemanha, mas que exercem o jornalismo na Argentina h\u00e1 v\u00e1rios anos.<\/span><\/span><\/p>\n<div id=\"attachment_60463\" style=\"width: 460px\" class=\"wp-caption alignleft\"><img loading=\"lazy\" decoding=\"async\" aria-describedby=\"caption-attachment-60463\" class=\"wp-image-60465 \" src=\"https:\/\/latamjournalismreview.org\/wp-content\/uploads\/2022\/07\/ai-accountability-website-26.png\" alt=\"Logotipo da rede de responsabilidade de IA do Pulitzer Center\" width=\"450\" height=\"280\" srcset=\"https:\/\/latamjournalismreview.org\/wp-content\/uploads\/2022\/07\/ai-accountability-website-26.png 400w, https:\/\/latamjournalismreview.org\/wp-content\/uploads\/2022\/07\/ai-accountability-website-26-300x187.png 300w\" sizes=\"auto, (max-width: 450px) 100vw, 450px\" \/><p id=\"caption-attachment-60463\" class=\"wp-caption-text\"><span style=\"vertical-align: inherit;\"><span style=\"vertical-align: inherit;\">A AI Accountability Network do Pulitzer Center visa apoiar investiga\u00e7\u00f5es jornal\u00edsticas que abordam o uso de intelig\u00eancia artificial por governos e corpora\u00e7\u00f5es. <\/span><span style=\"vertical-align: inherit;\">(Foto: Centro Pulitzer)<\/span><\/span><\/p><\/div>\n<p>&nbsp;<\/p>\n<p><span style=\"vertical-align: inherit;\"><span style=\"vertical-align: inherit;\">\u201cVimos que havia muito poucos jornalistas que estavam de olho na quest\u00e3o dos algoritmos que tomam decis\u00f5es que impactam a vida das pessoas\u201d, disse <\/span><span style=\"vertical-align: inherit;\">Boyoung Lim, gerente da rede de intelig\u00eancia artificial do Pulitzer Center , \u00e0 <\/span><\/span><strong><span style=\"vertical-align: inherit;\"><span style=\"vertical-align: inherit;\">LatAm Journalism Review (LJR). <\/span><\/span><\/strong><span style=\"vertical-align: inherit;\"><span style=\"vertical-align: inherit;\">\u201cPensamos que isso era algo em que poder\u00edamos intervir e construir comunidade, capacidade e tamb\u00e9m, esperamos, colabora\u00e7\u00e3o entre jornalistas para relatar os impactos de tecnologias como intelig\u00eancia artificial e algoritmos na vida das pessoas e das comunidades.\"<\/span><\/span><\/p>\n<p><span style=\"vertical-align: inherit;\"><span style=\"vertical-align: inherit;\">Naundorf \u00e9 correspondente na Am\u00e9rica do Sul da rede su\u00ed\u00e7a SRF e seu trabalho j\u00e1 foi publicado em ve\u00edculos como Revista Anfibia, The Washington Post e Der Spiegel. <\/span><span style=\"vertical-align: inherit;\">Por sua vez, Pabst pertence ao <\/span><\/span><a href=\"https:\/\/www.ayunfotografas.com\/\"><span style=\"vertical-align: inherit;\"><span style=\"vertical-align: inherit;\">Ay\u00fcn Fot\u00f3grafas<\/span><\/span><\/a><span style=\"vertical-align: inherit;\"><span style=\"vertical-align: inherit;\">, um coletivo de oito fot\u00f3grafas que aborda temas como identidade, direitos humanos, mulheres e meio ambiente na Am\u00e9rica Latina. <\/span><span style=\"vertical-align: inherit;\">Ambas publicaram no ano passado <\/span><\/span><a href=\"https:\/\/www.revistaanfibia.com\/policias-femicidios-errores-sistema\/\"><span style=\"vertical-align: inherit;\"><span style=\"vertical-align: inherit;\">o especial \"Femicidas de uniforme: os erros do sistema\"<\/span><\/span><\/a><span style=\"vertical-align: inherit;\"><span style=\"vertical-align: inherit;\">, uma reportagem investigativa sobre v\u00edtimas de feminic\u00eddio nas m\u00e3os da pol\u00edcia na Argentina, tamb\u00e9m com o apoio do Pulitzer Center.<\/span><\/span><\/p>\n<p><span style=\"vertical-align: inherit;\"><span style=\"vertical-align: inherit;\">Naundorf e Pabst trabalhar\u00e3o juntos na AI Accountability Network com uma proposta de projeto jornal\u00edstico escrito e visual sobre o uso de tecnologias de automa\u00e7\u00e3o na Argentina e no Brasil.<\/span><\/span><\/p>\n<p><span style=\"vertical-align: inherit;\"><span style=\"vertical-align: inherit;\">\u201cElas combinar\u00e3o suas especialidades para atingir um p\u00fablico mais amplo, visualizando algumas das hist\u00f3rias que produzir\u00e3o atrav\u00e9s da fotografia de Sarah e outros efeitos visuais inovadores\u201d, disse Lim. <\/span><span style=\"vertical-align: inherit;\">\u201cEstou muito empolgada com este projeto por causa do visual, sobre como os fotojornalistas podem cobrir esses tipos de hist\u00f3rias de IA que parecem ser muito t\u00e9cnicas e abstratas\u201d.<\/span><\/span><\/p>\n<p><span style=\"vertical-align: inherit;\"><span style=\"vertical-align: inherit;\">Em sua proposta de projeto para a AI Accountability Fellowship, Naundorf e Pabst levantaram quest\u00f5es cr\u00edticas sobre como os jornalistas devem cobrir as ferramentas de IA que afetam a vida das comunidades ao redor do mundo e, em particular, na Am\u00e9rica Latina.<\/span><\/span><\/p>\n<p><span style=\"vertical-align: inherit;\"><span style=\"vertical-align: inherit;\">\u201cVivemos em um continente desigual e sabemos que existe o risco de que os sistemas de intelig\u00eancia artificial reproduzam preconceitos humanos, o que poderia refor\u00e7ar a desigualdade social\u201d, disse Naundorf \u00e0 <\/span><\/span><strong><span style=\"vertical-align: inherit;\"><span style=\"vertical-align: inherit;\">LJR <\/span><\/span><\/strong><span style=\"vertical-align: inherit;\"><span style=\"vertical-align: inherit;\">. <\/span><span style=\"vertical-align: inherit;\">\u201cA intelig\u00eancia artificial parece ser um tema com o qual o p\u00fablico n\u00e3o se importa ou sobre o qual n\u00e3o tem influ\u00eancia. <\/span><span style=\"vertical-align: inherit;\">[...] Embora existam iniciativas cidad\u00e3s, universit\u00e1rias e de ONGs que questionam o uso da intelig\u00eancia artificial, e que tamb\u00e9m buscam repara\u00e7\u00e3o judicial, elas recebem relativamente pouca cobertura da m\u00eddia. <\/span><span style=\"vertical-align: inherit;\">Por isso, acreditamos que \u00e9 um momento importante para olhar para o continente, sublinhando a necessidade de regulamenta\u00e7\u00e3o e debate p\u00fablico\u201d.<\/span><\/span><\/p>\n<p><span style=\"vertical-align: inherit;\"><span style=\"vertical-align: inherit;\">Os bolsistas receber\u00e3o at\u00e9 US$ 20 mil para realizar seus projetos durante o restante de 2022. Al\u00e9m disso, ter\u00e3o mentorias e sess\u00f5es de treinamento para fortalecer suas reportagens.<\/span><\/span><\/p>\n<p><span style=\"vertical-align: inherit;\"><span style=\"vertical-align: inherit;\">A previs\u00e3o \u00e9 de que as reportagens sejam publicadas entre novembro deste ano e janeiro de 2023. Mas, sobretudo, o Pulitzer Center busca que surjam projetos colaborativos entre os integrantes da primeira gera\u00e7\u00e3o do programa que continuem explorando a cobertura de intelig\u00eancia artificial, mesmo ap\u00f3s o t\u00e9rmino da iniciativa.<\/span><\/span><\/p>\n<p><span style=\"vertical-align: inherit;\"><span style=\"vertical-align: inherit;\">\u201cJ\u00e1 estamos analisando algumas poss\u00edveis colabora\u00e7\u00f5es entre os bolsistas, \u00e9 muito empolgante. <\/span><span style=\"vertical-align: inherit;\">N\u00e3o posso falar muito sobre os detalhes, mas j\u00e1 existem algumas sobreposi\u00e7\u00f5es que vemos entre seus projetos e eles j\u00e1 est\u00e3o falando sobre colabora\u00e7\u00f5es, ent\u00e3o ser\u00e1 muito interessante ver em alguns meses\u201d, disse Lim.<\/span><\/span><\/p>\n<p><span style=\"vertical-align: inherit;\"><span style=\"vertical-align: inherit;\">Mas por que \u00e9 importante que os jornalistas monitorem o uso da intelig\u00eancia artificial? <\/span><span style=\"vertical-align: inherit;\">O Pulitzer Center considera que a aplica\u00e7\u00e3o dessas tecnologias em \u00e1reas como seguran\u00e7a p\u00fablica, programas sociais, controle de fronteiras e recursos humanos, entre muitas outras, pode alterar a din\u00e2mica do poder, pois s\u00e3o tecnologias capazes de tomar decis\u00f5es que \u00e0s vezes s\u00e3o vantajosas para os setores mais privilegiados. <\/span><span style=\"vertical-align: inherit;\">Da\u00ed a necessidade de exercer a responsabilidade.<\/span><\/span><\/p>\n<p><span style=\"vertical-align: inherit;\"><span style=\"vertical-align: inherit;\">N\u00e3o se trata, disse Lim, de perseguir ningu\u00e9m ou exigir explica\u00e7\u00f5es, mas de jornalistas e, eventualmente, o p\u00fablico em geral poderem entender melhor essas tecnologias para ter as ferramentas para questionar seu uso em \u00e1reas cruciais para a sociedade.<\/span><\/span><\/p>\n<p><span style=\"vertical-align: inherit;\"><span style=\"vertical-align: inherit;\">\"Trata-se de olhar para as tecnologias que est\u00e3o presentes em nossas vidas di\u00e1rias com uma lente de justi\u00e7a e responsabilidade\", disse. <\/span><span style=\"vertical-align: inherit;\">\u201cEsperamos que esta primeira gera\u00e7\u00e3o seja o come\u00e7o de uma comunidade crescente de jornalistas ao redor do mundo que concordam conosco que todos devemos reportar sobre intelig\u00eancia artificial e que precisamos estar mais conscientes de como essas tecnologias est\u00e3o transformando e influenciando nossas vidas e, \u00e0s vezes, afetando desproporcionalmente minorias e grupos marginalizados.\"<\/span><\/span><\/p>\n<h3><span style=\"vertical-align: inherit;\"><span style=\"vertical-align: inherit;\">Colocando o jornalismo do Sul Global no mapa da IA<\/span><\/span><\/h3>\n<p><span style=\"vertical-align: inherit;\"><span style=\"vertical-align: inherit;\">Depois de dois anos realizando <\/span><\/span><a href=\"https:\/\/latamjournalismreview.org\/es\/articles\/reto-colaborativo-impulsa-el-uso-de-la-inteligencia-artificial-en-redacciones-de-america-latina\/\"><span style=\"vertical-align: inherit;\"><span style=\"vertical-align: inherit;\">a iniciativa Collab Challenge<\/span><\/span><\/a><span style=\"vertical-align: inherit;\"><span style=\"vertical-align: inherit;\">, um experimento que reuniu jornalistas de diferentes partes do mundo para explorar solu\u00e7\u00f5es inovadoras que melhoram o jornalismo por meio da intelig\u00eancia artificial, a organiza\u00e7\u00e3o <\/span><\/span><a href=\"https:\/\/www.lse.ac.uk\/media-and-communications\/polis\/JournalismAI\"><span style=\"vertical-align: inherit;\"><span style=\"vertical-align: inherit;\">JournalismAI<\/span><\/span><\/a><span style=\"vertical-align: inherit;\"><span style=\"vertical-align: inherit;\"> apresentou em junho de 2022 a primeira gera\u00e7\u00e3o de sua JournalismAI Fellowship.<\/span><\/span><\/p>\n<p><span style=\"vertical-align: inherit;\"><span style=\"vertical-align: inherit;\">Esta \u00e9 uma vers\u00e3o renovada do Collab Challenges em que 46 jornalistas e t\u00e9cnicos de meios de comunica\u00e7\u00e3o de 16 pa\u00edses trabalhar\u00e3o em dez equipes durante seis meses desenvolvendo projetos que exploram como o uso respons\u00e1vel da intelig\u00eancia artificial pode contribuir para a constru\u00e7\u00e3o de um jornalismo mais sustent\u00e1vel, inclusivo e independente em todo o mundo.<\/span><\/span><\/p>\n<div id=\"attachment_60460\" style=\"width: 461px\" class=\"wp-caption alignright\"><img loading=\"lazy\" decoding=\"async\" aria-describedby=\"caption-attachment-60460\" class=\"wp-image-60462 \" src=\"https:\/\/latamjournalismreview.org\/wp-content\/uploads\/2022\/07\/2022-Fellows-AI.jpg\" alt=\"Fotos dos bolsistas de jornalismo AI 2022\" width=\"451\" height=\"254\" srcset=\"https:\/\/latamjournalismreview.org\/wp-content\/uploads\/2022\/07\/2022-Fellows-AI.jpg 960w, https:\/\/latamjournalismreview.org\/wp-content\/uploads\/2022\/07\/2022-Fellows-AI-300x169.jpg 300w, https:\/\/latamjournalismreview.org\/wp-content\/uploads\/2022\/07\/2022-Fellows-AI-768x432.jpg 768w\" sizes=\"auto, (max-width: 451px) 100vw, 451px\" \/><p id=\"caption-attachment-60460\" class=\"wp-caption-text\"><span style=\"vertical-align: inherit;\"><span style=\"vertical-align: inherit;\">Um total de 46 jornalistas e t\u00e9cnicos de m\u00eddia de 16 pa\u00edses trabalhar\u00e3o em dez equipes por seis meses como parte da primeira Bolsa de Jornalismo AI. <\/span><span style=\"vertical-align: inherit;\">(Foto: JornalismoAI)<\/span><\/span><\/p><\/div>\n<p><span style=\"vertical-align: inherit;\"><span style=\"vertical-align: inherit;\">Ao contr\u00e1rio dos desafios anteriores, o JournalismAI Fellowship tem a particularidade de convocar n\u00e3o s\u00f3 jornalistas, mas tamb\u00e9m profissionais t\u00e9cnicos dos meios de comunica\u00e7\u00e3o, que se juntar\u00e3o a parceiros de outros meios de comunica\u00e7\u00e3o para trabalhar no mesmo projeto.<\/span><\/span><\/p>\n<p><span style=\"vertical-align: inherit;\"><span style=\"vertical-align: inherit;\">Entre os 46 participantes selecionados est\u00e3o representantes de cinco organiza\u00e7\u00f5es jornal\u00edsticas da Am\u00e9rica Latina. <\/span><span style=\"vertical-align: inherit;\">Schirlei Alves e Reinaldo Chaves, da Abraji (Brasil), far\u00e3o parceria com Fernanda Aguirre e Gibr\u00e1n Mena, do Data Cr\u00edtica (M\u00e9xico); <\/span><span style=\"vertical-align: inherit;\">Lucila Pinto e Nicol\u00e1s Russo, do Grupo Octubre (Argentina), trabalhar\u00e3o na mesma equipe de Sara Campos e Eduardo Ayala, do El Surti (Paraguai); <\/span><span style=\"vertical-align: inherit;\">e Juliana Fregoso e Mat\u00edas Contreras, do Infobae (Argentina), far\u00e3o parceria em outra equipe.<\/span><\/span><\/p>\n<p><span style=\"vertical-align: inherit;\"><span style=\"vertical-align: inherit;\">\u201cAs dez equipes de bolsistas continuam a tradi\u00e7\u00e3o do JournalismAI de promover a colabora\u00e7\u00e3o transfronteiri\u00e7a e interdisciplinar, com cientistas de dados, rep\u00f3rteres, gerentes de produto, pesquisadores e engenheiros de software trabalhando em conjunto com colegas de organiza\u00e7\u00f5es de not\u00edcias em diferentes continentes, incluindo colabora\u00e7\u00f5es entre m\u00eddia tradicional<\/span><\/span><span style=\"vertical-align: inherit;\"><span style=\"vertical-align: inherit;\"> e m\u00eddia digital\u201d, disse <a href=\"https:\/\/blogs.lse.ac.uk\/polis\/2022\/06\/07\/meet-the-journalismai-fellows-of-2022\/\"><span style=\"vertical-align: inherit;\">em comunicado<\/span><\/a> a organiza\u00e7\u00e3o baseada na London School of Economics and Political Science<\/span><\/span><span style=\"vertical-align: inherit;\"><span style=\"vertical-align: inherit;\">.<\/span><\/span><\/p>\n<p><span style=\"vertical-align: inherit;\"><span style=\"vertical-align: inherit;\">Os projetos das equipes prop\u00f5em a aplica\u00e7\u00e3o da intelig\u00eancia artificial em fun\u00e7\u00f5es como monitoramento de discursos de \u00f3dio, detec\u00e7\u00e3o de conte\u00fado enganoso, an\u00e1lise autom\u00e1tica de imagens, manipula\u00e7\u00e3o de grandes quantidades de dados, entre outras. <\/span><span style=\"vertical-align: inherit;\">Por meio de seus projetos, os participantes latino-americanos buscar\u00e3o promover o uso dessas tecnologias na m\u00eddia do Sul Global.<\/span><\/span><\/p>\n<p><span style=\"vertical-align: inherit;\"><span style=\"vertical-align: inherit;\">A equipe de El Surti e o Grupo Octubre concordaram em desenvolver uma ferramenta que identifica, classifica e descreve imagens usando vis\u00e3o computacional. <\/span><span style=\"vertical-align: inherit;\">A inten\u00e7\u00e3o \u00e9 que a ferramenta, que atende pelo nome inicial de Image2Text, reconhe\u00e7a objetos e pessoas em v\u00eddeo, imagens est\u00e1ticas e infogr\u00e1ficos e os descreva em ingl\u00eas e espanhol.<\/span><\/span><\/p>\n<p><span style=\"vertical-align: inherit;\"><span style=\"vertical-align: inherit;\">Dada a natureza gr\u00e1fica do El Surti, a ferramenta ajudaria seu conte\u00fado a ser consumido por um p\u00fablico mais amplo, incluindo deficientes visuais, e ter melhor desempenho nos buscadores.<\/span><\/span><\/p>\n<p><span style=\"vertical-align: inherit;\"><span style=\"vertical-align: inherit;\">\u201cO principal que faz com que nosso conte\u00fado n\u00e3o consiga ranquear bem nas buscas [do Google] \u00e9 porque s\u00e3o imagens e ilustra\u00e7\u00f5es, e acima de tudo s\u00e3o ilustra\u00e7\u00f5es que \u00e0s vezes s\u00e3o super editoriais, ent\u00e3o s\u00e3o dif\u00edceis para os rob\u00f4s lerem\u201d, disse <span style=\"vertical-align: inherit;\">\u00e0 <\/span><strong><span style=\"vertical-align: inherit;\">LJR <\/span><\/strong><\/span><span style=\"vertical-align: inherit;\">Sara Campos<\/span><\/span><span style=\"vertical-align: inherit;\"><span style=\"vertical-align: inherit;\">, integrante da equipe e editora de produto do canal paraguaio. <\/span><span style=\"vertical-align: inherit;\">\u201cCome\u00e7amos a ver que havia tamb\u00e9m uma necessidade por parte dos nossos colegas de melhorar sobretudo um trabalho de SEO [otimiza\u00e7\u00e3o de mecanismos de busca, na sigla em ingl\u00eas], de uma distribui\u00e7\u00e3o org\u00e2nica e natural [dos seus conte\u00fados]\u201d.<\/span><\/span><\/p>\n<p><span style=\"vertical-align: inherit;\"><span style=\"vertical-align: inherit;\">A equipa da Image2Text est\u00e1 ciente de que seis meses n\u00e3o s\u00e3o tempo suficiente para desenvolver a sua ferramenta a 100%, mas imp\u00f4s o desafio de entregar pelo menos um prot\u00f3tipo, no final do programa, que tenha sido comprovadamente eficaz em pelo menos um caso de investiga\u00e7\u00e3o.<\/span><\/span><\/p>\n<p><span style=\"vertical-align: inherit;\"><span style=\"vertical-align: inherit;\">\"N\u00f3s est\u00e1vamos conversando recentemente e dissemos 'n\u00e3o vamos nos concentrar na interface, vamos nos concentrar em faz\u00ea-la funcionar por enquanto para um caso espec\u00edfico'\", disse Campos. <\/span><span style=\"vertical-align: inherit;\">\u201cTalvez n\u00e3o haja uma interface, mas haver\u00e1 um reposit\u00f3rio de c\u00f3digo, uma biblioteca em um GitHub aberto [arquivo do portal de armazenamento de c\u00f3digo do aplicativo]. <\/span><span style=\"vertical-align: inherit;\">[...] O que estamos fazendo agora \u00e9 decidir exatamente em que caso vai funcionar\u201d.<\/span><\/span><\/p>\n<p><span style=\"vertical-align: inherit;\"><span style=\"vertical-align: inherit;\">O Grupo Octubre e o GMA News Online, o ve\u00edculo filipino que completa a equipe Image2Text, tiveram propostas semelhantes para ferramentas de reconhecimento de imagem. <\/span><span style=\"vertical-align: inherit;\">Todos os tr\u00eas meios de comunica\u00e7\u00e3o concordaram que encontraram vi\u00e9s ao experimentar essas ferramentas de intelig\u00eancia artificial.<\/span><\/span><\/p>\n<p><span style=\"vertical-align: inherit;\"><span style=\"vertical-align: inherit;\">No caso do ve\u00edculo argentino, <\/span><\/span><a href=\"https:\/\/750.am\/2021\/07\/21\/un-proyecto-del-grupo-octubre-de-inteligencia-artificial-fue-elegido-en-la-nueva-edicion-del-desafio-de-innovacion-gni-para-america-latina\/\"><span style=\"vertical-align: inherit;\"><span style=\"vertical-align: inherit;\">uma ferramenta de reconhecimento de imagem que eles desenvolveram anteriormente<\/span><\/span><\/a><span style=\"vertical-align: inherit;\"><span style=\"vertical-align: inherit;\"> (como parte do Innovation Challenge 2021 da Google News Initiative), chamada Visi\u00f3n Latina, buscou identificar personagens relevantes do mundo latino de l\u00edngua espanhola em imagens e v\u00eddeos.<\/span><\/span><\/p>\n<p><span style=\"vertical-align: inherit;\"><span style=\"vertical-align: inherit;\">No entanto, eles descobriram que a vis\u00e3o computacional n\u00e3o \u00e9 muito eficiente na tentativa de identificar personagens do Sul Global, ao contr\u00e1rio de personagens do Hemisf\u00e9rio Norte.<\/span><\/span><\/p>\n<p><span style=\"vertical-align: inherit;\"><span style=\"vertical-align: inherit;\">\"\u00c9 um vi\u00e9s gigantesco\", disse Campos. <\/span><span style=\"vertical-align: inherit;\">\u201cEnt\u00e3o nossa proposta de trabalhar uma biblioteca de linguagens [visuais] do sul para o sul tamb\u00e9m \u00e9 como uma postura pol\u00edtica contra esses modelos. <\/span><span style=\"vertical-align: inherit;\">Vamos ver se conseguimos, porque \u00e9 um desafio.\"<\/span><\/span><\/p>\n<div id=\"attachment_53271\" style=\"width: 473px\" class=\"wp-caption aligncenter\"><img loading=\"lazy\" decoding=\"async\" aria-describedby=\"caption-attachment-53271\" class=\"wp-image-53273 \" src=\"https:\/\/latamjournalismreview.org\/wp-content\/uploads\/2022\/05\/Captura-de-Pantalla-2022-05-03-a-las-9.31.53-p.m..png\" alt=\"Interface da ferramenta de intelig\u00eancia artificial conhecida como Misogynist Political Discourse Monitor.\" width=\"463\" height=\"266\" srcset=\"https:\/\/latamjournalismreview.org\/wp-content\/uploads\/2022\/05\/Captura-de-Pantalla-2022-05-03-a-las-9.31.53-p.m..png 1083w, https:\/\/latamjournalismreview.org\/wp-content\/uploads\/2022\/05\/Captura-de-Pantalla-2022-05-03-a-las-9.31.53-p.m.-300x173.png 300w, https:\/\/latamjournalismreview.org\/wp-content\/uploads\/2022\/05\/Captura-de-Pantalla-2022-05-03-a-las-9.31.53-p.m.-1024x589.png 1024w, https:\/\/latamjournalismreview.org\/wp-content\/uploads\/2022\/05\/Captura-de-Pantalla-2022-05-03-a-las-9.31.53-p.m.-768x442.png 768w\" sizes=\"auto, (max-width: 463px) 100vw, 463px\" \/><p id=\"caption-attachment-53271\" class=\"wp-caption-text\"><span style=\"vertical-align: inherit;\"><span style=\"vertical-align: inherit;\">O Monitor do Discurso Pol\u00edtico Mis\u00f3gino foi uma ferramenta desenvolvida por jornalistas de reda\u00e7\u00f5es da Am\u00e9rica Latina na iniciativa predecessora do JournalismAI Fellowship. <\/span><span style=\"vertical-align: inherit;\">(Foto de cortesia)<\/span><\/span><\/p><\/div>\n<p>&nbsp;<\/p>\n<p>&nbsp;<\/p>\n<p><span style=\"vertical-align: inherit;\"><span style=\"vertical-align: inherit;\">Os representantes do Infobae encontraram um vi\u00e9s semelhante, neste caso relacionado ao fato de o ingl\u00eas ainda ser o idioma com o qual a intelig\u00eancia artificial funciona melhor. <\/span><span style=\"vertical-align: inherit;\">A equipe da qual participa o ve\u00edculo com sede na Argentina, que tamb\u00e9m inclui SkyNews (Reino Unido) e Il Sole 24 Ore (It\u00e1lia), planeja desenvolver uma ferramenta que funcione em ingl\u00eas, espanhol e italiano, cujo objetivo ser\u00e1 rastrear os t\u00f3picos, marcas e produtos que os influenciadores compartilham nas redes sociais, al\u00e9m de detectar conte\u00fado potencialmente nocivo ou enganoso.<\/span><\/span><\/p>\n<p><span style=\"vertical-align: inherit;\"><span style=\"vertical-align: inherit;\">\u201cDe fato, ainda temos um longo caminho a percorrer para chegar a esse ponto em que a intelig\u00eancia artificial possa falar outras l\u00ednguas perfeitamente\u201d, disse <\/span><span style=\"vertical-align: inherit;\">Juliana Fregoso, gerente de projetos de intelig\u00eancia artificial do Infobae, \u00e0 <\/span><\/span><span style=\"vertical-align: inherit;\"><span style=\"vertical-align: inherit;\"><strong>LJR<\/strong>. <\/span><\/span><span style=\"vertical-align: inherit;\"><span style=\"vertical-align: inherit;\">\u201cAcho que a l\u00edngua tamb\u00e9m \u00e9 uma barreira. <\/span><span style=\"vertical-align: inherit;\">N\u00f3s na Am\u00e9rica Latina falamos espanhol ou portugu\u00eas e h\u00e1 pouqu\u00edssimos jornalistas que realmente falam ingl\u00eas, ent\u00e3o isso \u00e9 um impedimento [para o uso de intelig\u00eancia artificial no jornalismo].\u201d<\/span><\/span><\/p>\n<p><span style=\"vertical-align: inherit;\"><span style=\"vertical-align: inherit;\">Gra\u00e7as aos perfis dos seus membros, esta equipe pretende complementar o seu projeto com metodologias de jornalismo financeiro e jornalismo de dados. <\/span><span style=\"vertical-align: inherit;\">Quanto ao tipo de tecnologia, eles pretendem usar processamento de linguagem natural (NLP, na sigla em ingl\u00eas) e ferramentas de constru\u00e7\u00e3o de bancos de dados massivos, como Python, uma linguagem de programa\u00e7\u00e3o de uso recorrente por jornalistas de dados.<\/span><\/span><\/p>\n<p><span style=\"vertical-align: inherit;\"><span style=\"vertical-align: inherit;\">Sua ideia \u00e9 alimentar enormes bancos de dados sobre as contas das redes sociais para analisar para que sua ferramenta extraia o que \u00e9 publicado nessas contas, processe e d\u00ea uma pontua\u00e7\u00e3o de acordo com o qu\u00e3o enganoso ou prejudicial \u00e9. <\/span><span style=\"vertical-align: inherit;\">Essa ferramenta poder\u00e1 ajudar jornalistas a investigar hist\u00f3rias sobre publicidade enganosa em plataformas digitais.<\/span><\/span><\/p>\n<p><span style=\"vertical-align: inherit;\"><span style=\"vertical-align: inherit;\">\u201cTeremos que nos alimentar por arquivos, que provavelmente montaremos em Python, o que queremos extrair dessas contas e como elas v\u00e3o nos dar alertas para saber quando os produtos est\u00e3o sendo anunciados ou se a linguagem que est\u00e1 sendo usada pode ser potencialmente enganosa\u201d, explicou Fregoso.<\/span><\/span><\/p>\n<p><span style=\"vertical-align: inherit;\"><span style=\"vertical-align: inherit;\">Por sua vez, a equipe formada por Abraji e Data Cr\u00edtica tem como projeto o desenvolvimento do Attack Detector, um modelo lingu\u00edstico para detectar discursos de \u00f3dio nas redes sociais em espanhol e portugu\u00eas, voltado principalmente para jornalistas e ativistas ambientais.<\/span><\/span><\/p>\n<p><span style=\"vertical-align: inherit;\"><span style=\"vertical-align: inherit;\">O Data Cr\u00edtica participou anteriormente do Collab Challenge 2021 do JournalismAI com o desenvolvimento do <\/span><\/span><a href=\"https:\/\/latamjournalismreview.org\/es\/articles\/periodistas-de-brasil-mexico-argentina-y-colombia-combaten-el-discurso-misogino-en-linea-con-ayuda-de-la-inteligencia-artificial\/\"><span style=\"vertical-align: inherit;\"><span style=\"vertical-align: inherit;\">Monitor do Discurso Pol\u00edtico Mis\u00f3gino<\/span><\/span><\/a><span style=\"vertical-align: inherit;\"><span style=\"vertical-align: inherit;\">, uma ferramenta que, por meio de um modelo treinado de processamento de linguagem natural, detecta discursos de \u00f3dio contra mulheres na internet em espanhol e portugu\u00eas.<\/span><\/span><\/p>\n<p><span style=\"vertical-align: inherit;\"><span style=\"vertical-align: inherit;\">A JournalismAI Fellowship, que conta com o apoio financeiro da <\/span><\/span><a href=\"https:\/\/newsinitiative.withgoogle.com\/\"><span style=\"vertical-align: inherit;\"><span style=\"vertical-align: inherit;\">Google News Initiative<\/span><\/span><\/a><span style=\"vertical-align: inherit;\"><span style=\"vertical-align: inherit;\"> e a assessoria das equipes do\u00a0 <\/span><\/span><a href=\"https:\/\/knightlab.northwestern.edu\/\"><span style=\"vertical-align: inherit;\"><span style=\"vertical-align: inherit;\">Knight Lab da Northwestern University<\/span><\/span><\/a><span style=\"vertical-align: inherit;\"><span style=\"vertical-align: inherit;\">, busca que essas iniciativas, longe de substituir o trabalho dos jornalistas, agreguem valor e capacitem ao automatizar tarefas repetitivas que normalmente levariam muito tempo e esfor\u00e7o para os humanos.<\/span><\/span><\/p>\n<p><span style=\"vertical-align: inherit;\"><span style=\"vertical-align: inherit;\">\u201cAcho que podemos come\u00e7ar a trabalhar com uma intelig\u00eancia artificial h\u00edbrida, em que uma parte \u00e9 efetivamente feita pela parte tecnol\u00f3gica e o resto \u00e9 feito pelos jornalistas\u201d, disse Fregoso. <\/span><span style=\"vertical-align: inherit;\">\u201cN\u00e3o vejo o uso de intelig\u00eancia artificial dentro do jornalismo como uma amea\u00e7a de tirar nossos empregos. <\/span><span style=\"vertical-align: inherit;\">Vejo isso como uma oportunidade de reinventar o jornalismo.\u201d<\/span><\/span><\/p>\n","protected":false},"excerpt":{"rendered":"<p>Jornalistas baseadas na Argentina foram selecionadas em um programa sobre como cobrir o impacto dos algoritmos na sociedade, enquanto ve\u00edculos de Argentina, Brasil, M\u00e9xico e Paraguai participam de um desafio colaborativo para desenvolver ferramentas de intelig\u00eancia artificial que potencializem o trabalho dos jornalistas.<\/p>\n","protected":false},"author":19,"featured_media":60471,"comment_status":"closed","ping_status":"closed","sticky":false,"template":"","format":"standard","meta":{"inline_featured_image":false,"footnotes":""},"categories":[1217],"tags":[1563],"coauthors":[],"class_list":["post-60600","post","type-post","status-publish","format-standard","has-post-thumbnail","hentry","category-inovacao-pt-br","tag-colaboracao-pt-br"],"acf":[],"yoast_head":"<!-- This site is optimized with the Yoast SEO Premium plugin v22.6 (Yoast SEO v27.4) - https:\/\/yoast.com\/product\/yoast-seo-premium-wordpress\/ -->\n<title>Am\u00e9rica Latina marca presen\u00e7a em iniciativas globais que vinculam a intelig\u00eancia artificial ao jornalismo - LatAm Journalism Review by the Knight Center<\/title>\n<meta name=\"description\" content=\"Am\u00e9rica Latina marca presen\u00e7a em iniciativas globais que vinculam a intelig\u00eancia artificial ao jornalismo Inova\u00e7\u00e3o. Latin American Journalism Review by The Knight Center at The University of Texas at Austin.\" \/>\n<meta name=\"robots\" content=\"index, follow, max-snippet:-1, max-image-preview:large, max-video-preview:-1\" \/>\n<link rel=\"canonical\" href=\"https:\/\/latamjournalismreview.org\/pt-br\/articles\/america-latina-marca-presenca-em-iniciativas-globais-que-vinculam-a-inteligencia-artificial-ao-jornalismo\/\" \/>\n<meta property=\"og:locale\" content=\"pt_BR\" \/>\n<meta property=\"og:type\" content=\"article\" \/>\n<meta property=\"og:title\" content=\"Am\u00e9rica Latina marca presen\u00e7a em iniciativas globais que vinculam a intelig\u00eancia artificial ao jornalismo\" \/>\n<meta property=\"og:description\" content=\"Am\u00e9rica Latina marca presen\u00e7a em iniciativas globais que vinculam a intelig\u00eancia artificial ao jornalismo Inova\u00e7\u00e3o. Latin American Journalism Review by The Knight Center at The University of Texas at Austin.\" \/>\n<meta property=\"og:url\" content=\"https:\/\/latamjournalismreview.org\/pt-br\/articles\/america-latina-marca-presenca-em-iniciativas-globais-que-vinculam-a-inteligencia-artificial-ao-jornalismo\/\" \/>\n<meta property=\"og:site_name\" content=\"LatAm Journalism Review by the Knight Center\" \/>\n<meta property=\"article:published_time\" content=\"2022-07-07T00:58:48+00:00\" \/>\n<meta property=\"og:image\" content=\"https:\/\/latamjournalismreview.org\/wp-content\/uploads\/2022\/07\/Featured-AI-Initiatives.png\" \/>\n\t<meta property=\"og:image:width\" content=\"507\" \/>\n\t<meta property=\"og:image:height\" content=\"340\" \/>\n\t<meta property=\"og:image:type\" content=\"image\/png\" \/>\n<meta name=\"author\" content=\"C\u00e9sar L\u00f3pez Linares\" \/>\n<meta name=\"twitter:card\" content=\"summary_large_image\" \/>\n<meta name=\"twitter:creator\" content=\"@cesarisch\" \/>\n<meta name=\"twitter:site\" content=\"@LatAmJournalism\" \/>\n<meta name=\"twitter:label1\" content=\"Written by\" \/>\n\t<meta name=\"twitter:data1\" content=\"C\u00e9sar L\u00f3pez Linares\" \/>\n\t<meta name=\"twitter:label2\" content=\"Est. reading time\" \/>\n\t<meta name=\"twitter:data2\" content=\"13 minutos\" \/>\n<script type=\"application\/ld+json\" class=\"yoast-schema-graph\">{\"@context\":\"https:\\\/\\\/schema.org\",\"@graph\":[{\"@type\":\"Article\",\"@id\":\"https:\\\/\\\/latamjournalismreview.org\\\/pt-br\\\/articles\\\/america-latina-marca-presenca-em-iniciativas-globais-que-vinculam-a-inteligencia-artificial-ao-jornalismo\\\/#article\",\"isPartOf\":{\"@id\":\"https:\\\/\\\/latamjournalismreview.org\\\/pt-br\\\/articles\\\/america-latina-marca-presenca-em-iniciativas-globais-que-vinculam-a-inteligencia-artificial-ao-jornalismo\\\/\"},\"author\":{\"name\":\"C\u00e9sar L\u00f3pez Linares\",\"@id\":\"https:\\\/\\\/latamjournalismreview.org\\\/pt-br\\\/#\\\/schema\\\/person\\\/dcf6dcdd6226ac8d939e2796645d17c6\"},\"headline\":\"Am\u00e9rica Latina marca presen\u00e7a em iniciativas globais que vinculam a intelig\u00eancia artificial ao jornalismo\",\"datePublished\":\"2022-07-07T00:58:48+00:00\",\"mainEntityOfPage\":{\"@id\":\"https:\\\/\\\/latamjournalismreview.org\\\/pt-br\\\/articles\\\/america-latina-marca-presenca-em-iniciativas-globais-que-vinculam-a-inteligencia-artificial-ao-jornalismo\\\/\"},\"wordCount\":2595,\"publisher\":{\"@id\":\"https:\\\/\\\/latamjournalismreview.org\\\/pt-br\\\/#organization\"},\"image\":{\"@id\":\"https:\\\/\\\/latamjournalismreview.org\\\/pt-br\\\/articles\\\/america-latina-marca-presenca-em-iniciativas-globais-que-vinculam-a-inteligencia-artificial-ao-jornalismo\\\/#primaryimage\"},\"thumbnailUrl\":\"https:\\\/\\\/latamjournalismreview.org\\\/wp-content\\\/uploads\\\/2022\\\/07\\\/Featured-AI-Initiatives.png\",\"keywords\":[\"Colabora\u00e7\u00e3o\"],\"articleSection\":[\"Inova\u00e7\u00e3o\"],\"inLanguage\":\"pt-BR\"},{\"@type\":\"WebPage\",\"@id\":\"https:\\\/\\\/latamjournalismreview.org\\\/pt-br\\\/articles\\\/america-latina-marca-presenca-em-iniciativas-globais-que-vinculam-a-inteligencia-artificial-ao-jornalismo\\\/\",\"url\":\"https:\\\/\\\/latamjournalismreview.org\\\/pt-br\\\/articles\\\/america-latina-marca-presenca-em-iniciativas-globais-que-vinculam-a-inteligencia-artificial-ao-jornalismo\\\/\",\"name\":\"Am\u00e9rica Latina marca presen\u00e7a em iniciativas globais que vinculam a intelig\u00eancia artificial ao jornalismo - LatAm Journalism Review by the Knight Center\",\"isPartOf\":{\"@id\":\"https:\\\/\\\/latamjournalismreview.org\\\/pt-br\\\/#website\"},\"primaryImageOfPage\":{\"@id\":\"https:\\\/\\\/latamjournalismreview.org\\\/pt-br\\\/articles\\\/america-latina-marca-presenca-em-iniciativas-globais-que-vinculam-a-inteligencia-artificial-ao-jornalismo\\\/#primaryimage\"},\"image\":{\"@id\":\"https:\\\/\\\/latamjournalismreview.org\\\/pt-br\\\/articles\\\/america-latina-marca-presenca-em-iniciativas-globais-que-vinculam-a-inteligencia-artificial-ao-jornalismo\\\/#primaryimage\"},\"thumbnailUrl\":\"https:\\\/\\\/latamjournalismreview.org\\\/wp-content\\\/uploads\\\/2022\\\/07\\\/Featured-AI-Initiatives.png\",\"datePublished\":\"2022-07-07T00:58:48+00:00\",\"description\":\"Am\u00e9rica Latina marca presen\u00e7a em iniciativas globais que vinculam a intelig\u00eancia artificial ao jornalismo Inova\u00e7\u00e3o. Latin American Journalism Review by The Knight Center at The University of Texas at Austin.\",\"breadcrumb\":{\"@id\":\"https:\\\/\\\/latamjournalismreview.org\\\/pt-br\\\/articles\\\/america-latina-marca-presenca-em-iniciativas-globais-que-vinculam-a-inteligencia-artificial-ao-jornalismo\\\/#breadcrumb\"},\"inLanguage\":\"pt-BR\",\"potentialAction\":[{\"@type\":\"ReadAction\",\"target\":[\"https:\\\/\\\/latamjournalismreview.org\\\/pt-br\\\/articles\\\/america-latina-marca-presenca-em-iniciativas-globais-que-vinculam-a-inteligencia-artificial-ao-jornalismo\\\/\"]}]},{\"@type\":\"ImageObject\",\"inLanguage\":\"pt-BR\",\"@id\":\"https:\\\/\\\/latamjournalismreview.org\\\/pt-br\\\/articles\\\/america-latina-marca-presenca-em-iniciativas-globais-que-vinculam-a-inteligencia-artificial-ao-jornalismo\\\/#primaryimage\",\"url\":\"https:\\\/\\\/latamjournalismreview.org\\\/wp-content\\\/uploads\\\/2022\\\/07\\\/Featured-AI-Initiatives.png\",\"contentUrl\":\"https:\\\/\\\/latamjournalismreview.org\\\/wp-content\\\/uploads\\\/2022\\\/07\\\/Featured-AI-Initiatives.png\",\"width\":507,\"height\":340,\"caption\":\"Artificial Intelligence and Collaboration art\"},{\"@type\":\"BreadcrumbList\",\"@id\":\"https:\\\/\\\/latamjournalismreview.org\\\/pt-br\\\/articles\\\/america-latina-marca-presenca-em-iniciativas-globais-que-vinculam-a-inteligencia-artificial-ao-jornalismo\\\/#breadcrumb\",\"itemListElement\":[{\"@type\":\"ListItem\",\"position\":1,\"name\":\"Home\",\"item\":\"https:\\\/\\\/latamjournalismreview.org\\\/pt-br\\\/\"},{\"@type\":\"ListItem\",\"position\":2,\"name\":\"Am\u00e9rica Latina marca presen\u00e7a em iniciativas globais que vinculam a intelig\u00eancia artificial ao jornalismo\"}]},{\"@type\":\"WebSite\",\"@id\":\"https:\\\/\\\/latamjournalismreview.org\\\/pt-br\\\/#website\",\"url\":\"https:\\\/\\\/latamjournalismreview.org\\\/pt-br\\\/\",\"name\":\"LatAm Journalism Review\",\"description\":\"Digital magazine on journalism in Latin America\",\"publisher\":{\"@id\":\"https:\\\/\\\/latamjournalismreview.org\\\/pt-br\\\/#organization\"},\"potentialAction\":[{\"@type\":\"SearchAction\",\"target\":{\"@type\":\"EntryPoint\",\"urlTemplate\":\"https:\\\/\\\/latamjournalismreview.org\\\/pt-br\\\/?s={search_term_string}\"},\"query-input\":{\"@type\":\"PropertyValueSpecification\",\"valueRequired\":true,\"valueName\":\"search_term_string\"}}],\"inLanguage\":\"pt-BR\"},{\"@type\":\"Organization\",\"@id\":\"https:\\\/\\\/latamjournalismreview.org\\\/pt-br\\\/#organization\",\"name\":\"LatAm Journalism Review\",\"url\":\"https:\\\/\\\/latamjournalismreview.org\\\/pt-br\\\/\",\"logo\":{\"@type\":\"ImageObject\",\"inLanguage\":\"pt-BR\",\"@id\":\"https:\\\/\\\/latamjournalismreview.org\\\/pt-br\\\/#\\\/schema\\\/logo\\\/image\\\/\",\"url\":\"https:\\\/\\\/latamjournalismreview.org\\\/wp-content\\\/uploads\\\/2020\\\/05\\\/knight-latAm-review-logo.svg\",\"contentUrl\":\"https:\\\/\\\/latamjournalismreview.org\\\/wp-content\\\/uploads\\\/2020\\\/05\\\/knight-latAm-review-logo.svg\",\"width\":\"1024\",\"height\":\"1024\",\"caption\":\"LatAm Journalism Review\"},\"image\":{\"@id\":\"https:\\\/\\\/latamjournalismreview.org\\\/pt-br\\\/#\\\/schema\\\/logo\\\/image\\\/\"},\"sameAs\":[\"https:\\\/\\\/x.com\\\/LatAmJournalism\"]},{\"@type\":\"Person\",\"@id\":\"https:\\\/\\\/latamjournalismreview.org\\\/pt-br\\\/#\\\/schema\\\/person\\\/dcf6dcdd6226ac8d939e2796645d17c6\",\"name\":\"C\u00e9sar L\u00f3pez Linares\",\"description\":\"C\u00e9sar L\u00f3pez Linares began his career at the Mexican newspaper REFORMA as an entertainment and media co-editor. He has written for publications such as TODO Austin, Texas Music Magazine and The Austin Chronicle. C\u00e9sar has a Master's degree in Journalism from the University of Texas at Austin and a Bachelors degree in Communication from the National Autonomous University of Mexico. He previously wrote about innovation in journalism for the Gabo Foundation in Colombia and currently reports for the Knight Center's LatAmJournalism Review digital magazine. A native of Mexico City, C\u00e9sar has become a digital nomad combining content creation with his passion for travel. ________ C\u00e9sar L\u00f3pez Linares inici\u00f3 su carrera en el diario mexicano REFORMA como coeditor de entretenimiento y medios. Ha escrito para publicaciones como TODO Austin, Texas Music Magazine y The Austin Chronicle. C\u00e9sar tiene una Maestr\u00eda en Periodismo de la Universidad de Texas en Austin y una Licenciatura en Comunicaci\u00f3n de la Universidad Nacional Aut\u00f3noma de M\u00e9xico. Previamente escribi\u00f3 sobre innovaci\u00f3n en periodismo para la Fundaci\u00f3n Gabo en Colombia y actualmente escribe para la revista digital LatAmJournalism Review del Centro Knight. Originario de la Ciudad de M\u00e9xico, C\u00e9sar se ha convertido en un n\u00f3mada digital que combina la creaci\u00f3n de contenido con su pasi\u00f3n por viajar. _________ C\u00e9sar L\u00f3pez Linares come\u00e7ou sua carreira no jornal mexicano REFORMA como coeditor de entretenimento e m\u00eddia. Ele escreveu para publica\u00e7\u00f5es como TODO Austin, Texas Music Magazine e The Austin Chronicle. C\u00e9sar tem mestrado em jornalismo pela University of Texas em Austin e \u00e9 bacharel em comunica\u00e7\u00e3o pela Universidad Nacional Aut\u00f3noma de M\u00e9xico. Antes disso, ele escreveu sobre inova\u00e7\u00e3o no jornalismo para a Funda\u00e7\u00e3o Gabo na Col\u00f4mbia. Atualmente escreve para a revista digital LatAmJournalism Review do Centro Knight. Nascido na Cidade do M\u00e9xico, C\u00e9sar se tornou um n\u00f4made digital combinando a cria\u00e7\u00e3o de conte\u00fado com sua paix\u00e3o por viagens.\",\"sameAs\":[\"https:\\\/\\\/x.com\\\/cesarisch\"],\"url\":\"https:\\\/\\\/latamjournalismreview.org\\\/pt-br\\\/articles\\\/author\\\/cesar-lopez-linares\\\/\"}]}<\/script>\n<!-- \/ Yoast SEO Premium plugin. -->","yoast_head_json":{"title":"Am\u00e9rica Latina marca presen\u00e7a em iniciativas globais que vinculam a intelig\u00eancia artificial ao jornalismo - LatAm Journalism Review by the Knight Center","description":"Am\u00e9rica Latina marca presen\u00e7a em iniciativas globais que vinculam a intelig\u00eancia artificial ao jornalismo Inova\u00e7\u00e3o. Latin American Journalism Review by The Knight Center at The University of Texas at Austin.","robots":{"index":"index","follow":"follow","max-snippet":"max-snippet:-1","max-image-preview":"max-image-preview:large","max-video-preview":"max-video-preview:-1"},"canonical":"https:\/\/latamjournalismreview.org\/pt-br\/articles\/america-latina-marca-presenca-em-iniciativas-globais-que-vinculam-a-inteligencia-artificial-ao-jornalismo\/","og_locale":"pt_BR","og_type":"article","og_title":"Am\u00e9rica Latina marca presen\u00e7a em iniciativas globais que vinculam a intelig\u00eancia artificial ao jornalismo","og_description":"Am\u00e9rica Latina marca presen\u00e7a em iniciativas globais que vinculam a intelig\u00eancia artificial ao jornalismo Inova\u00e7\u00e3o. Latin American Journalism Review by The Knight Center at The University of Texas at Austin.","og_url":"https:\/\/latamjournalismreview.org\/pt-br\/articles\/america-latina-marca-presenca-em-iniciativas-globais-que-vinculam-a-inteligencia-artificial-ao-jornalismo\/","og_site_name":"LatAm Journalism Review by the Knight Center","article_published_time":"2022-07-07T00:58:48+00:00","og_image":[{"width":507,"height":340,"url":"https:\/\/latamjournalismreview.org\/wp-content\/uploads\/2022\/07\/Featured-AI-Initiatives.png","type":"image\/png"}],"author":"C\u00e9sar L\u00f3pez Linares","twitter_card":"summary_large_image","twitter_creator":"@cesarisch","twitter_site":"@LatAmJournalism","twitter_misc":{"Written by":"C\u00e9sar L\u00f3pez Linares","Est. reading time":"13 minutos"},"schema":{"@context":"https:\/\/schema.org","@graph":[{"@type":"Article","@id":"https:\/\/latamjournalismreview.org\/pt-br\/articles\/america-latina-marca-presenca-em-iniciativas-globais-que-vinculam-a-inteligencia-artificial-ao-jornalismo\/#article","isPartOf":{"@id":"https:\/\/latamjournalismreview.org\/pt-br\/articles\/america-latina-marca-presenca-em-iniciativas-globais-que-vinculam-a-inteligencia-artificial-ao-jornalismo\/"},"author":{"name":"C\u00e9sar L\u00f3pez Linares","@id":"https:\/\/latamjournalismreview.org\/pt-br\/#\/schema\/person\/dcf6dcdd6226ac8d939e2796645d17c6"},"headline":"Am\u00e9rica Latina marca presen\u00e7a em iniciativas globais que vinculam a intelig\u00eancia artificial ao jornalismo","datePublished":"2022-07-07T00:58:48+00:00","mainEntityOfPage":{"@id":"https:\/\/latamjournalismreview.org\/pt-br\/articles\/america-latina-marca-presenca-em-iniciativas-globais-que-vinculam-a-inteligencia-artificial-ao-jornalismo\/"},"wordCount":2595,"publisher":{"@id":"https:\/\/latamjournalismreview.org\/pt-br\/#organization"},"image":{"@id":"https:\/\/latamjournalismreview.org\/pt-br\/articles\/america-latina-marca-presenca-em-iniciativas-globais-que-vinculam-a-inteligencia-artificial-ao-jornalismo\/#primaryimage"},"thumbnailUrl":"https:\/\/latamjournalismreview.org\/wp-content\/uploads\/2022\/07\/Featured-AI-Initiatives.png","keywords":["Colabora\u00e7\u00e3o"],"articleSection":["Inova\u00e7\u00e3o"],"inLanguage":"pt-BR"},{"@type":"WebPage","@id":"https:\/\/latamjournalismreview.org\/pt-br\/articles\/america-latina-marca-presenca-em-iniciativas-globais-que-vinculam-a-inteligencia-artificial-ao-jornalismo\/","url":"https:\/\/latamjournalismreview.org\/pt-br\/articles\/america-latina-marca-presenca-em-iniciativas-globais-que-vinculam-a-inteligencia-artificial-ao-jornalismo\/","name":"Am\u00e9rica Latina marca presen\u00e7a em iniciativas globais que vinculam a intelig\u00eancia artificial ao jornalismo - LatAm Journalism Review by the Knight Center","isPartOf":{"@id":"https:\/\/latamjournalismreview.org\/pt-br\/#website"},"primaryImageOfPage":{"@id":"https:\/\/latamjournalismreview.org\/pt-br\/articles\/america-latina-marca-presenca-em-iniciativas-globais-que-vinculam-a-inteligencia-artificial-ao-jornalismo\/#primaryimage"},"image":{"@id":"https:\/\/latamjournalismreview.org\/pt-br\/articles\/america-latina-marca-presenca-em-iniciativas-globais-que-vinculam-a-inteligencia-artificial-ao-jornalismo\/#primaryimage"},"thumbnailUrl":"https:\/\/latamjournalismreview.org\/wp-content\/uploads\/2022\/07\/Featured-AI-Initiatives.png","datePublished":"2022-07-07T00:58:48+00:00","description":"Am\u00e9rica Latina marca presen\u00e7a em iniciativas globais que vinculam a intelig\u00eancia artificial ao jornalismo Inova\u00e7\u00e3o. Latin American Journalism Review by The Knight Center at The University of Texas at Austin.","breadcrumb":{"@id":"https:\/\/latamjournalismreview.org\/pt-br\/articles\/america-latina-marca-presenca-em-iniciativas-globais-que-vinculam-a-inteligencia-artificial-ao-jornalismo\/#breadcrumb"},"inLanguage":"pt-BR","potentialAction":[{"@type":"ReadAction","target":["https:\/\/latamjournalismreview.org\/pt-br\/articles\/america-latina-marca-presenca-em-iniciativas-globais-que-vinculam-a-inteligencia-artificial-ao-jornalismo\/"]}]},{"@type":"ImageObject","inLanguage":"pt-BR","@id":"https:\/\/latamjournalismreview.org\/pt-br\/articles\/america-latina-marca-presenca-em-iniciativas-globais-que-vinculam-a-inteligencia-artificial-ao-jornalismo\/#primaryimage","url":"https:\/\/latamjournalismreview.org\/wp-content\/uploads\/2022\/07\/Featured-AI-Initiatives.png","contentUrl":"https:\/\/latamjournalismreview.org\/wp-content\/uploads\/2022\/07\/Featured-AI-Initiatives.png","width":507,"height":340,"caption":"Artificial Intelligence and Collaboration art"},{"@type":"BreadcrumbList","@id":"https:\/\/latamjournalismreview.org\/pt-br\/articles\/america-latina-marca-presenca-em-iniciativas-globais-que-vinculam-a-inteligencia-artificial-ao-jornalismo\/#breadcrumb","itemListElement":[{"@type":"ListItem","position":1,"name":"Home","item":"https:\/\/latamjournalismreview.org\/pt-br\/"},{"@type":"ListItem","position":2,"name":"Am\u00e9rica Latina marca presen\u00e7a em iniciativas globais que vinculam a intelig\u00eancia artificial ao jornalismo"}]},{"@type":"WebSite","@id":"https:\/\/latamjournalismreview.org\/pt-br\/#website","url":"https:\/\/latamjournalismreview.org\/pt-br\/","name":"LatAm Journalism Review","description":"Digital magazine on journalism in Latin America","publisher":{"@id":"https:\/\/latamjournalismreview.org\/pt-br\/#organization"},"potentialAction":[{"@type":"SearchAction","target":{"@type":"EntryPoint","urlTemplate":"https:\/\/latamjournalismreview.org\/pt-br\/?s={search_term_string}"},"query-input":{"@type":"PropertyValueSpecification","valueRequired":true,"valueName":"search_term_string"}}],"inLanguage":"pt-BR"},{"@type":"Organization","@id":"https:\/\/latamjournalismreview.org\/pt-br\/#organization","name":"LatAm Journalism Review","url":"https:\/\/latamjournalismreview.org\/pt-br\/","logo":{"@type":"ImageObject","inLanguage":"pt-BR","@id":"https:\/\/latamjournalismreview.org\/pt-br\/#\/schema\/logo\/image\/","url":"https:\/\/latamjournalismreview.org\/wp-content\/uploads\/2020\/05\/knight-latAm-review-logo.svg","contentUrl":"https:\/\/latamjournalismreview.org\/wp-content\/uploads\/2020\/05\/knight-latAm-review-logo.svg","width":"1024","height":"1024","caption":"LatAm Journalism Review"},"image":{"@id":"https:\/\/latamjournalismreview.org\/pt-br\/#\/schema\/logo\/image\/"},"sameAs":["https:\/\/x.com\/LatAmJournalism"]},{"@type":"Person","@id":"https:\/\/latamjournalismreview.org\/pt-br\/#\/schema\/person\/dcf6dcdd6226ac8d939e2796645d17c6","name":"C\u00e9sar L\u00f3pez Linares","description":"C\u00e9sar L\u00f3pez Linares began his career at the Mexican newspaper REFORMA as an entertainment and media co-editor. He has written for publications such as TODO Austin, Texas Music Magazine and The Austin Chronicle. C\u00e9sar has a Master's degree in Journalism from the University of Texas at Austin and a Bachelors degree in Communication from the National Autonomous University of Mexico. He previously wrote about innovation in journalism for the Gabo Foundation in Colombia and currently reports for the Knight Center's LatAmJournalism Review digital magazine. A native of Mexico City, C\u00e9sar has become a digital nomad combining content creation with his passion for travel. ________ C\u00e9sar L\u00f3pez Linares inici\u00f3 su carrera en el diario mexicano REFORMA como coeditor de entretenimiento y medios. Ha escrito para publicaciones como TODO Austin, Texas Music Magazine y The Austin Chronicle. C\u00e9sar tiene una Maestr\u00eda en Periodismo de la Universidad de Texas en Austin y una Licenciatura en Comunicaci\u00f3n de la Universidad Nacional Aut\u00f3noma de M\u00e9xico. Previamente escribi\u00f3 sobre innovaci\u00f3n en periodismo para la Fundaci\u00f3n Gabo en Colombia y actualmente escribe para la revista digital LatAmJournalism Review del Centro Knight. Originario de la Ciudad de M\u00e9xico, C\u00e9sar se ha convertido en un n\u00f3mada digital que combina la creaci\u00f3n de contenido con su pasi\u00f3n por viajar. _________ C\u00e9sar L\u00f3pez Linares come\u00e7ou sua carreira no jornal mexicano REFORMA como coeditor de entretenimento e m\u00eddia. Ele escreveu para publica\u00e7\u00f5es como TODO Austin, Texas Music Magazine e The Austin Chronicle. C\u00e9sar tem mestrado em jornalismo pela University of Texas em Austin e \u00e9 bacharel em comunica\u00e7\u00e3o pela Universidad Nacional Aut\u00f3noma de M\u00e9xico. Antes disso, ele escreveu sobre inova\u00e7\u00e3o no jornalismo para a Funda\u00e7\u00e3o Gabo na Col\u00f4mbia. Atualmente escreve para a revista digital LatAmJournalism Review do Centro Knight. Nascido na Cidade do M\u00e9xico, C\u00e9sar se tornou um n\u00f4made digital combinando a cria\u00e7\u00e3o de conte\u00fado com sua paix\u00e3o por viagens.","sameAs":["https:\/\/x.com\/cesarisch"],"url":"https:\/\/latamjournalismreview.org\/pt-br\/articles\/author\/cesar-lopez-linares\/"}]}},"_links":{"self":[{"href":"https:\/\/latamjournalismreview.org\/pt-br\/wp-json\/wp\/v2\/posts\/60600","targetHints":{"allow":["GET"]}}],"collection":[{"href":"https:\/\/latamjournalismreview.org\/pt-br\/wp-json\/wp\/v2\/posts"}],"about":[{"href":"https:\/\/latamjournalismreview.org\/pt-br\/wp-json\/wp\/v2\/types\/post"}],"author":[{"embeddable":true,"href":"https:\/\/latamjournalismreview.org\/pt-br\/wp-json\/wp\/v2\/users\/19"}],"replies":[{"embeddable":true,"href":"https:\/\/latamjournalismreview.org\/pt-br\/wp-json\/wp\/v2\/comments?post=60600"}],"version-history":[{"count":1,"href":"https:\/\/latamjournalismreview.org\/pt-br\/wp-json\/wp\/v2\/posts\/60600\/revisions"}],"predecessor-version":[{"id":60601,"href":"https:\/\/latamjournalismreview.org\/pt-br\/wp-json\/wp\/v2\/posts\/60600\/revisions\/60601"}],"wp:featuredmedia":[{"embeddable":true,"href":"https:\/\/latamjournalismreview.org\/pt-br\/wp-json\/wp\/v2\/media\/60471"}],"wp:attachment":[{"href":"https:\/\/latamjournalismreview.org\/pt-br\/wp-json\/wp\/v2\/media?parent=60600"}],"wp:term":[{"taxonomy":"category","embeddable":true,"href":"https:\/\/latamjournalismreview.org\/pt-br\/wp-json\/wp\/v2\/categories?post=60600"},{"taxonomy":"post_tag","embeddable":true,"href":"https:\/\/latamjournalismreview.org\/pt-br\/wp-json\/wp\/v2\/tags?post=60600"},{"taxonomy":"author","embeddable":true,"href":"https:\/\/latamjournalismreview.org\/pt-br\/wp-json\/wp\/v2\/coauthors?post=60600"}],"curies":[{"name":"wp","href":"https:\/\/api.w.org\/{rel}","templated":true}]}}